{"id":12480,"date":"2016-03-02T22:38:02","date_gmt":"2016-03-02T21:38:02","guid":{"rendered":"http:\/\/www.mecerreyes.com\/mece\/?p=12480"},"modified":"2017-02-07T19:09:53","modified_gmt":"2017-02-07T18:09:53","slug":"noticias-febrero-2016","status":"publish","type":"post","link":"https:\/\/www.mecerreyes.com\/mece\/?p=12480","title":{"rendered":"Noticias Febrero 2016"},"content":{"rendered":"<h1><strong>Febrero 2016<\/strong><\/h1>\n<p>&nbsp;<\/p>\n<p style=\"text-align: justify\">Febrero no pasa sin m\u00e1s en Mecerreyes, queremos contaros c\u00f3mo y qu\u00e9 ha pasado en estos 29 d\u00edas. Deciros como introducci\u00f3n\u00a0 que \u00a0este mes es cuando m\u00e1s se habla del pueblo por todos los canales de comunicaci\u00f3n: prensa, radio, televisi\u00f3n, Festivales y redes, se hacen eco de nuestros carnavales y canto de Marzas.<\/p>\n<p style=\"text-align: justify\">Intentamos divulgar nuestras tradiciones por tantos medios como nos es posible, modernos y tradicionales, con entrevistas, acogiendo a grandes profesionales de renombre local y nacional como Daniel Angulo, Enrique del Rivero, Juan Rayos o Jos\u00e9 Mar\u00eda Moreno Garc\u00eda entre otros, sin olvidar los elaborados carteles obra de \u00c1lvaro Subi\u00f1as quien nos sorprende en cada edici\u00f3n.<\/p>\n<p style=\"text-align: justify\">El trabajo del artista Juan Rayos realizado la v\u00edspera del carnaval 2015\u00a0 con la ayuda de la Asociaci\u00f3n Cultural Mecerreyes, ya ha visto la luz, desde el \u00a0d\u00eda 29 \u00a0viaja por la red con el t\u00edtulo de <strong>Winter Masquerades, Mascaradas de Invierno<\/strong>, un corto que refleja brillantemente el esp\u00edritu\u00a0 ancestral y t\u00e9trico de las m\u00e1scaras de Mecerreyes.<\/p>\n<p><iframe loading=\"lazy\" width=\"1080\" height=\"608\" src=\"https:\/\/www.youtube.com\/embed\/aSVah8VOIv8?feature=oembed\" frameborder=\"0\" allowfullscreen><\/iframe><\/p>\n<h3 style=\"text-align: justify\"><\/h3>\n<p style=\"text-align: justify\"><span style=\"color: #000000\">Explicaci\u00f3n del v\u00eddeo. Por Juan Rayos:<\/span><\/p>\n<p>&nbsp;<\/p>\n<p style=\"text-align: justify\"><span style=\"color: #993366\"><em>Publicado el 29 feb. 2016<\/em><\/span><br \/>\n<span style=\"color: #993366\"> <em>El impulso de adoptar una m\u00e1scara ha sido algo inherente al ser humano desde su \u00e9poca m\u00e1s primitiva. El disfraz como medio para adquirir atributos m\u00e1gicos, como una forma de confundir a los malos esp\u00edritus encarn\u00e1ndose en otro ser, el disfraz para ocultarse en la caza\u2026 o como mera transgresi\u00f3n festiva dejando atr\u00e1s las convenciones sociales.<\/em><\/span><\/p>\n<p style=\"text-align: justify\"><span style=\"color: #993366\"><em>De una forma u otra, el hombre se transforma cambiando de piel y apariencia. La m\u00e1scara le ofrece protecci\u00f3n, la posibilidad de acercarse a lo extra\u00f1o, fundirse con lo ajeno convirti\u00e9ndose en algo distinto, nuevo y al mismo tiempo ancestral. Seres a medio camino entre las bestias y los dioses.<\/em><\/span><\/p>\n<p style=\"text-align: justify\"><span style=\"color: #993366\"><em>Las Mascaradas de invierno son un conjunto dispar de milenarias celebraciones paganas, predominantemente rurales, cuyo origen se remonta a ritos prerromanos de sociedades agr\u00edcolas y ganaderas. Con el fin del invierno llega el momento de la purificaci\u00f3n, de espantar a los malos esp\u00edritus y favorecer la fertilidad del campo y sus reba\u00f1os.Los hombres se disfrazan tomando elementos de la naturaleza y materiales de desecho que rodean su vida cotidiana. Pieles, sacos, telas, cuernos, paja, trapos, ramas, huesos, cuerdas, centeno\u2026 todo ello aderezado con distintas campanillas, cencerros o esquilas que resuenan por las calles alejando los males.<\/em><\/span><\/p>\n<p style=\"text-align: justify\"><span style=\"color: #993366\"><em>(Esta filmaci\u00f3n no hubiera sido posible sin la inestimable colaboraci\u00f3n del pueblo de Mecerreyes, Burgos. Gracias a Oscar, M\u00aaCarmen, Margarita, Juli\u00e1n\u2026 Y tambi\u00e9n a Marta, Jose y Catalina.)<\/em><\/span><\/p>\n<p style=\"text-align: justify\"><span style=\"color: #ffffff\">.<\/span><\/p>\n<ul>\n<li style=\"text-align: justify\">* * * *<\/li>\n<\/ul>\n<p style=\"text-align: justify\">Es hora de desempolvar las fotos guardadas con mimo desde hace 40 a\u00f1os, seguro que la morri\u00f1a le puede a <strong>Fernando Alonso<\/strong> y nos manda algunas m\u00e1s para celebrar este 40 cumplea\u00f1os de las tambi\u00e9n desempolvadas tradiciones del Gallo y Marzas.<\/p>\n<p style=\"text-align: justify\">\u00a1C\u00f3mo hemos cambiado! Pensar\u00e9is como yo, que a mejor.<\/p>\n<p style=\"text-align: justify\">Gracias por compartir este regalo tan bonito Fernando.<\/p>\n<div id=\"attachment_12508\" style=\"width: 710px\" class=\"wp-caption alignnone\"><img loading=\"lazy\" decoding=\"async\" aria-describedby=\"caption-attachment-12508\" class=\"wp-image-12508\" src=\"http:\/\/www.mecerreyes.com\/mece\/wp-content\/uploads\/2016\/03\/Corrida-del-Gallo-de-Carnaval-Mecerreyes-1986.-Foto-Fernando-Alonso.jpg\" alt=\"Corrida del Gallo de Carnaval, Mecerreyes 1986. Foto Fernando Alonso\" width=\"700\" height=\"466\" srcset=\"https:\/\/www.mecerreyes.com\/mece\/wp-content\/uploads\/2016\/03\/Corrida-del-Gallo-de-Carnaval-Mecerreyes-1986.-Foto-Fernando-Alonso.jpg 1600w, https:\/\/www.mecerreyes.com\/mece\/wp-content\/uploads\/2016\/03\/Corrida-del-Gallo-de-Carnaval-Mecerreyes-1986.-Foto-Fernando-Alonso-300x200.jpg 300w, https:\/\/www.mecerreyes.com\/mece\/wp-content\/uploads\/2016\/03\/Corrida-del-Gallo-de-Carnaval-Mecerreyes-1986.-Foto-Fernando-Alonso-768x512.jpg 768w, https:\/\/www.mecerreyes.com\/mece\/wp-content\/uploads\/2016\/03\/Corrida-del-Gallo-de-Carnaval-Mecerreyes-1986.-Foto-Fernando-Alonso-1024x682.jpg 1024w\" sizes=\"(max-width: 700px) 100vw, 700px\" \/><p id=\"caption-attachment-12508\" class=\"wp-caption-text\">Corrida del Gallo de Carnaval, Mecerreyes 1986. Foto Fernando Alonso<\/p><\/div>\n<p style=\"text-align: justify\">Treinta a\u00f1os han pasado desde que El Grupo Tradicional Gavilla vino a Mecerreyes, se empap\u00f3 de nuestras costumbres preciosas por antiguas y decidi\u00f3 representarlas en la capital, otra forma de asegurar que nunca cayeran en el olvido.<\/p>\n<p style=\"text-align: justify\">A\u00f1o tras a\u00f1o \u00a0el \u00faltimo d\u00eda del mes de febrero, se hacen las hogueras en la Plaza Mayor de Burgos y se cantan nuestras coplas, evento que recogen fot\u00f3grafos, prensa y radio, todo el p\u00fablico canta <a  href=\"https:\/\/www.mecerreyes.com\/mece\/?page_id=47\">Las Marzas<\/a> de Mecerreyes \u00a1Qu\u00e9 orgullo!<\/p>\n<p><iframe loading=\"lazy\" width=\"1080\" height=\"608\" src=\"https:\/\/www.youtube.com\/embed\/01B7Jbgjba8?feature=oembed\" frameborder=\"0\" allowfullscreen><\/iframe><\/p>\n<h1><strong>Efem\u00e9rides m\u00e1s destacadas de este mes:<\/strong><\/h1>\n<p>El\u00a0 4 D\u00eda Mundial contra el C\u00e1ncer.<\/p>\n<p><strong>El 7 Domingo Gordo en Mecerreyes<\/strong><\/p>\n<p>El\u00a0 14 D\u00eda del Amor y la Amistad.<\/p>\n<p>El\u00a0 15 D\u00eda Internacional del C\u00e1ncer infantil.<\/p>\n<p>El\u00a0 18 D\u00eda Internacional del Asperger.<\/p>\n<p>El\u00a0 20 D\u00eda de la Justicia Social.<\/p>\n<p>El\u00a0 22 D\u00eda del Agr\u00f3nomo\/a.<\/p>\n<p><strong>El 27 Canto de <a  href=\"https:\/\/www.mecerreyes.com\/mece\/?page_id=47\">las Marzas<\/a> en Mecerreyes.<\/strong><\/p>\n<p>El 29 D\u00eda mundial de las enfermedades raras. <strong>Canto de <a  href=\"https:\/\/www.mecerreyes.com\/mece\/?page_id=47\">las marzas<\/a> de Mecerreyes en la plaza mayor de Burgos<\/strong><\/p>\n<p style=\"text-align: justify\"><span style=\"color: #ffffff\">.<\/span><\/p>\n<ul>\n<li style=\"text-align: justify\">* * * *<\/li>\n<\/ul>\n<p>Pero ahora toca contaros los otros acontecimientos, los que informan de\u00a0 la rutina, las\u00a0 alegr\u00edas y penas de nuestros vecinos.<\/p>\n<h1><strong>Desmontando el Bel\u00e9n.<\/strong><\/h1>\n<p style=\"text-align: justify\">El d\u00eda 13 los amigos de la Asociaci\u00f3n Cultural pudieron por fin sacar un tiempo para recoger, no sin pena,\u00a0 el excelente trabajo del Bel\u00e9n tradicional. Miguel Gonz\u00e1lez Mambrillas, con su moderna retina, inmortaliza el proceso en un nuevo v\u00eddeo.<\/p>\n<p><iframe loading=\"lazy\" width=\"1080\" height=\"608\" src=\"https:\/\/www.youtube.com\/embed\/4XY-efsG6s0?feature=oembed\" frameborder=\"0\" allowfullscreen><\/iframe><\/p>\n<h1><strong>Bodas de Diamante.<\/strong><\/h1>\n<p style=\"text-align: justify\">El 14 de febrero, d\u00eda de los enamorados, Eugenio y Amparo renovaron sus votos matrimoniales acompa\u00f1ados de toda su familia, los achaques propios de la edad no impidieron pasar este d\u00eda de emociones, de brindis y de lucir guapos, felices como hace 60 a\u00f1os.<\/p>\n<p style=\"text-align: justify\">Una de sus nietas \u00a0nos manda estas palabras con las que expresa lo especial de ese d\u00eda inolvidable para ella, ya que por primera vez\u00a0 junto a sus hermanos,\u00a0 ameniz\u00f3 musicalmente\u00a0 la celebraci\u00f3n eucar\u00edstica.<\/p>\n<p style=\"text-align: justify\">Deseamos sigan as\u00ed de vitales y unidos unos cuantos a\u00f1os m\u00e1s. \u00a1FELICIDADES!<\/p>\n<p style=\"text-align: justify\"><span style=\"color: #0000ff\">\u00a1NUESTROS ABUELOS LLEVAN YA 60 A\u00d1OS CASADOS!<\/span><\/p>\n<p style=\"text-align: justify\"><span style=\"color: #0000ff\">\u00a0<\/span><\/p>\n<p style=\"text-align: justify\"><span style=\"color: #0000ff\"><strong><em>\u201c Partiendo de nuestra <a  href=\"https:\/\/www.mecerreyes.com\/mece\/?page_id=32\">historia<\/a>, seguiremos construyendo nuestro futuro.\u201d<\/em><\/strong><\/span><\/p>\n<p style=\"text-align: justify\"><span style=\"color: #0000ff\">\u00a0<\/span><\/p>\n<p style=\"text-align: justify\"><span style=\"color: #0000ff\">El pasado 14 de Febrero, mis abuelos Amparo y Eugenio celebraron sus bodas de diamante y esto se merec\u00eda una gran celebraci\u00f3n.\u00a0<\/span><\/p>\n<p style=\"text-align: justify\"><span style=\"color: #0000ff\">\u00a0<\/span><\/p>\n<p style=\"text-align: justify\"><span style=\"color: #0000ff\">No somos una familia a la que nos gusten los \u00a0grandes eventos ni celebraciones, somos de esas familias que el simple hecho de reunirnos, sentarnos a la mesa o jugar a las cartas nos es suficiente para estar contentos, y es que desde hace ya un tiempo juntarnos resulta dif\u00edcil, pero cada vez que lo hacemos, mis abuelos no pueden estar m\u00e1s contentos y orgullosos de nosotros.<\/span><\/p>\n<p style=\"text-align: justify\"><span style=\"color: #0000ff\">\u00a0<\/span><\/p>\n<p style=\"text-align: justify\"><span style=\"color: #0000ff\">Esta era una ocasi\u00f3n especial as\u00ed que no pod\u00eda ser menos y todos nos preocupamos para que fuera inolvidable.\u00a0Ellos muy presumidos se prepararon concienzudamente: el abuelo se puso una \u00a0corbata especial; la abuela, un vestido rojo que resaltaba toda la alegr\u00eda y vitalidad que tiene, y los dem\u00e1s hicimos lo que pudimos.<\/span><\/p>\n<p style=\"text-align: justify\"><span style=\"color: #0000ff\">\u00a0<\/span><\/p>\n<p style=\"text-align: justify\"><span style=\"color: #0000ff\">La misa fue lo m\u00e1s alegre que pod\u00eda ser,\u00a1 qu\u00e9 l\u00e1stima! que no se pudiese aplaudir, porque me dieron ganas en m\u00e1s de una ocasi\u00f3n, sobre todo al escuchar las voces titubeantes de los protagonistas ante la atenta mirada de sus hijas, m\u00e1s nerviosas que nunca.<\/span><\/p>\n<p style=\"text-align: justify\"><span style=\"color: #0000ff\">\u00a0<\/span><\/p>\n<p style=\"text-align: justify\"><span style=\"color: #0000ff\">Mis hermanos y yo \u00a0pusimos m\u00fasica al momento, esto tambi\u00e9n fue emotivo, ya que es la primera vez que lo hac\u00edamos, pero estamos seguros de que no va a ser la \u00faltima.\u00a0<\/span><\/p>\n<p style=\"text-align: justify\"><span style=\"color: #0000ff\">\u00a0<\/span><\/p>\n<p style=\"text-align: justify\"><span style=\"color: #0000ff\">Esta era una ocasi\u00f3n especial, as\u00ed que la abuela (una gran cocinera, para m\u00ed la mejor) se permiti\u00f3 el lujo de dejar los fogones y fuimos al Frutos a comer.<\/span><\/p>\n<p style=\"text-align: justify\"><span style=\"color: #0000ff\">Fue un d\u00eda muy especial sobre todo por ellos.<\/span><\/p>\n<p style=\"text-align: justify\"><span style=\"color: #0000ff\">\u00a0<\/span><\/p>\n<p style=\"text-align: justify\"><span style=\"color: #0000ff\">\u00a1FELICIDADES, PORQUE NO POD\u00c9IS SER MEJORES ABUELOS!<\/span><\/p>\n<p>&nbsp;<\/p>\n<div id=\"attachment_12519\" style=\"width: 710px\" class=\"wp-caption alignnone\"><img loading=\"lazy\" decoding=\"async\" aria-describedby=\"caption-attachment-12519\" class=\"wp-image-12519\" src=\"http:\/\/www.mecerreyes.com\/mece\/wp-content\/uploads\/2016\/03\/Bodas-de-Diamante-Amparo-y-Eugenio-Mecerreyes-14-02-2016.jpg\" alt=\"Bodas de Diamante, Amparo y Eugenio, Mecerreyes 14-02-2016\" width=\"700\" height=\"519\" srcset=\"https:\/\/www.mecerreyes.com\/mece\/wp-content\/uploads\/2016\/03\/Bodas-de-Diamante-Amparo-y-Eugenio-Mecerreyes-14-02-2016.jpg 3827w, https:\/\/www.mecerreyes.com\/mece\/wp-content\/uploads\/2016\/03\/Bodas-de-Diamante-Amparo-y-Eugenio-Mecerreyes-14-02-2016-300x222.jpg 300w, https:\/\/www.mecerreyes.com\/mece\/wp-content\/uploads\/2016\/03\/Bodas-de-Diamante-Amparo-y-Eugenio-Mecerreyes-14-02-2016-768x569.jpg 768w, https:\/\/www.mecerreyes.com\/mece\/wp-content\/uploads\/2016\/03\/Bodas-de-Diamante-Amparo-y-Eugenio-Mecerreyes-14-02-2016-1024x759.jpg 1024w\" sizes=\"(max-width: 700px) 100vw, 700px\" \/><p id=\"caption-attachment-12519\" class=\"wp-caption-text\">Bodas de Diamante, Amparo y Eugenio, Mecerreyes 14-02-2016<\/p><\/div>\n<p>&nbsp;<\/p>\n<h1><strong>Defunciones.<\/strong><\/h1>\n<p style=\"text-align: justify\">Estas son noticias de las que no nos gusta dar pero\u2026<\/p>\n<p style=\"text-align: justify\">El pasado 16 de febrero falleci\u00f3 en Alicante <strong>Carlos Arribas Alonso a los 76 a\u00f1os<\/strong> de edad, hijo de Felipe Arribas y Petra Alonso. Gran amante de Mecerreyes y orgulloso de ser guileto, difundi\u00f3 sus ra\u00edces y su saber por las numerosas provincias\u00a0 espa\u00f1olas por las que el trabajo le llev\u00f3.<\/p>\n<p style=\"text-align: justify\">El libro \u201cEl hablar y el hacer de las gentes de Mecerreyes\u201d, del que es autor, refleja el cari\u00f1o y morri\u00f1a que un ni\u00f1o de apenas 12 a\u00f1os puede atesorar en su coraz\u00f3n de por vida, aunque, como fue su caso, marchara fuera a estudiar a tan temprana edad.<\/p>\n<p style=\"text-align: justify\">Sus tres hijos y nietos saben que Mecerreyes les quiere y que en sus pr\u00f3ximas visitas estar\u00e1n acompa\u00f1ados por sus gentes.<\/p>\n<p style=\"text-align: justify\">Esta es la carta y fotos que su hijo Carlos ha querido compartir con todos nosotros.<\/p>\n<p>&nbsp;<\/p>\n<p>&nbsp;<\/p>\n<div style=\"text-align: justify\"><span style=\"color: #0000ff\"><em><span style=\"font-family: Calibri\">El pasado 16 de febrero en Alicante falleci\u00f3\u00a0Carlos Arribas Alonso, de 76 a\u00f1os, hijo de Felipe Arribas\u00a0y de Petra Alonso. Un guileto que siempre estuvo orgulloso de serlo y que llev\u00f3 el buen nombre de Mecerreyes y sus gentes por los lugares en los que residi\u00f3 y trabaj\u00f3 a lo largo de su vida. Lugares como Burgos, Areceniega, Tabuenca, Zaragoza, San Sebasti\u00e1n, Madrid y finalmente Alicante.<\/span><\/em><\/span><\/div>\n<div style=\"text-align: justify\"><span style=\"color: #0000ff\"><em>\u00a0<\/em><\/span><\/div>\n<div style=\"text-align: justify\"><span style=\"color: #0000ff\"><em><span style=\"font-family: Calibri\">Dedic\u00f3 su vida a formar y ayudar a los dem\u00e1s, primero como maestro, luego pedagogo y profesor y finalmente inspector de educaci\u00f3n. En cuanto a su vida familiar y aunque iba para hermano Marista, le lleg\u00f3 el amor cuando conoci\u00f3 a Yolanda, una riojana de San Asensio, con la que ha compartido toda su vida desde entonces y juntos educaron con el mejor de los ejemplos a sus 3 hijos (Carlos Jos\u00e9, Ang\u00e9lica y Roberto)\u00a0y 6 nietos.<\/span><\/em><\/span><\/div>\n<div style=\"text-align: justify\"><span style=\"color: #0000ff\"><em>\u00a0<\/em><\/span><\/div>\n<div style=\"text-align: justify\"><span style=\"color: #0000ff\"><em><span style=\"font-family: Calibri\">Autor de m\u00e1s de un centenar de libros, casi todos relacionados con la educaci\u00f3n y alguno dedicado a Mecerreyes (El hablar y el hacer de las gentes de Mecerreyes), dos meses antes de morir complet\u00f3 su \u00faltimo libro (De Cabecera. Est\u00edmulos y prop\u00f3sitos en el quehacer diario.), dedicado a dejar una serie de pensamientos y frases breves, fruto de toda una vida de trabajo y dedicaci\u00f3n,\u00a0para motivar, animar, estimular y superar los momentos dif\u00edciles. Precisamente de este libro os dejo unas palabras de la introducci\u00f3n:<\/span><\/em><\/span><\/div>\n<div style=\"text-align: justify\"><span style=\"color: #0000ff\"><em>\u00a0<\/em><\/span><\/div>\n<div style=\"text-align: justify\"><span style=\"color: #0000ff\"><em><span style=\"font-family: Calibri\">\u00abTodos podemos mejorar en nuestro comportamiento personal, profesional y emocional. Podemos llegar a ser tal como deseemos siempre que lo busquemos con tes\u00f3n, esfuerzo, constancia, disciplina y m\u00e9todo\u00bb<\/span><\/em><\/span><\/div>\n<div style=\"text-align: justify\"><span style=\"color: #0000ff\"><em>\u00a0<\/em><\/span><\/div>\n<div style=\"text-align: justify\"><span style=\"color: #0000ff\"><em><span style=\"font-family: Calibri\">El puso mucho de todo ello y lleg\u00f3 a ser como deseaba \u00e9l y su familia y amigos. Un ejemplo de guileto. Descanse en paz.<\/span><\/em><\/span><\/div>\n<div style=\"text-align: justify\"><span style=\"color: #0000ff\"><em>\u00a0<\/em><\/span><\/div>\n<div style=\"text-align: justify\"><span style=\"color: #0000ff\"><em><span style=\"font-family: Calibri\">Carlos Jos\u00e9 Arribas (hijo)<\/span><\/em><\/span><\/div>\n<p>&nbsp;<\/p>\n<div id=\"attachment_12498\" style=\"width: 810px\" class=\"wp-caption alignnone\"><img loading=\"lazy\" decoding=\"async\" aria-describedby=\"caption-attachment-12498\" class=\"wp-image-12498\" src=\"http:\/\/www.mecerreyes.com\/mece\/wp-content\/uploads\/2016\/03\/Carlos-Arribas-Alonso-natural-de-Mecerreyes-falleci\u00f3-el-16-02-2016-1024x394.jpg\" alt=\"Carlos Arribas Alonso (natural de Mecerreyes), falleci\u00f3 el 16-02-2016\" width=\"800\" height=\"308\" srcset=\"https:\/\/www.mecerreyes.com\/mece\/wp-content\/uploads\/2016\/03\/Carlos-Arribas-Alonso-natural-de-Mecerreyes-falleci\u00f3-el-16-02-2016-1024x394.jpg 1024w, https:\/\/www.mecerreyes.com\/mece\/wp-content\/uploads\/2016\/03\/Carlos-Arribas-Alonso-natural-de-Mecerreyes-falleci\u00f3-el-16-02-2016-300x115.jpg 300w, https:\/\/www.mecerreyes.com\/mece\/wp-content\/uploads\/2016\/03\/Carlos-Arribas-Alonso-natural-de-Mecerreyes-falleci\u00f3-el-16-02-2016-768x295.jpg 768w, https:\/\/www.mecerreyes.com\/mece\/wp-content\/uploads\/2016\/03\/Carlos-Arribas-Alonso-natural-de-Mecerreyes-falleci\u00f3-el-16-02-2016.jpg 1843w\" sizes=\"(max-width: 800px) 100vw, 800px\" \/><p id=\"caption-attachment-12498\" class=\"wp-caption-text\">Carlos Arribas Alonso (natural de Mecerreyes), falleci\u00f3 el 16-02-2016<\/p><\/div>\n<p>&nbsp;<\/p>\n<div id=\"attachment_12520\" style=\"width: 810px\" class=\"wp-caption alignnone\"><img loading=\"lazy\" decoding=\"async\" aria-describedby=\"caption-attachment-12520\" class=\"wp-image-12520\" src=\"http:\/\/www.mecerreyes.com\/mece\/wp-content\/uploads\/2016\/03\/Carlos-Arribas-Alonso-con-compa\u00f1eros-de-Mecerreyes-en-Arceniega.jpg\" alt=\"Carlos Arribas Alonso con compa\u00f1eros de Mecerreyes en Arceniega\" width=\"800\" height=\"540\" srcset=\"https:\/\/www.mecerreyes.com\/mece\/wp-content\/uploads\/2016\/03\/Carlos-Arribas-Alonso-con-compa\u00f1eros-de-Mecerreyes-en-Arceniega.jpg 1383w, https:\/\/www.mecerreyes.com\/mece\/wp-content\/uploads\/2016\/03\/Carlos-Arribas-Alonso-con-compa\u00f1eros-de-Mecerreyes-en-Arceniega-300x202.jpg 300w, https:\/\/www.mecerreyes.com\/mece\/wp-content\/uploads\/2016\/03\/Carlos-Arribas-Alonso-con-compa\u00f1eros-de-Mecerreyes-en-Arceniega-768x518.jpg 768w, https:\/\/www.mecerreyes.com\/mece\/wp-content\/uploads\/2016\/03\/Carlos-Arribas-Alonso-con-compa\u00f1eros-de-Mecerreyes-en-Arceniega-1024x691.jpg 1024w\" sizes=\"(max-width: 800px) 100vw, 800px\" \/><p id=\"caption-attachment-12520\" class=\"wp-caption-text\">Carlos Arribas Alonso con compa\u00f1eros de Mecerreyes en Arceniega<\/p><\/div>\n<p>&nbsp;<\/p>\n<p style=\"text-align: justify\">Tambi\u00e9n queremos acompa\u00f1ar en estos momentos de tristeza y dar nuestras\u00a0sentidas condolencias a la familia de <strong>Rosen Romero<\/strong>:<\/p>\n<div id=\"attachment_12523\" style=\"width: 810px\" class=\"wp-caption alignnone\"><img loading=\"lazy\" decoding=\"async\" aria-describedby=\"caption-attachment-12523\" class=\"wp-image-12523\" src=\"http:\/\/www.mecerreyes.com\/mece\/wp-content\/uploads\/2016\/03\/Esquela-Rosen-Romero-falleci\u00f3-el-19-de-febrero-de-2016-en-Bayona-Francia.jpg\" alt=\"Esquela Rosen Romero, falleci\u00f3 el 19 de febrero de 2016, en Bayona, Francia\" width=\"800\" height=\"363\" srcset=\"https:\/\/www.mecerreyes.com\/mece\/wp-content\/uploads\/2016\/03\/Esquela-Rosen-Romero-falleci\u00f3-el-19-de-febrero-de-2016-en-Bayona-Francia.jpg 3560w, https:\/\/www.mecerreyes.com\/mece\/wp-content\/uploads\/2016\/03\/Esquela-Rosen-Romero-falleci\u00f3-el-19-de-febrero-de-2016-en-Bayona-Francia-300x136.jpg 300w, https:\/\/www.mecerreyes.com\/mece\/wp-content\/uploads\/2016\/03\/Esquela-Rosen-Romero-falleci\u00f3-el-19-de-febrero-de-2016-en-Bayona-Francia-768x349.jpg 768w, https:\/\/www.mecerreyes.com\/mece\/wp-content\/uploads\/2016\/03\/Esquela-Rosen-Romero-falleci\u00f3-el-19-de-febrero-de-2016-en-Bayona-Francia-1024x465.jpg 1024w\" sizes=\"(max-width: 800px) 100vw, 800px\" \/><p id=\"caption-attachment-12523\" class=\"wp-caption-text\">Esquela Rosen Romero, falleci\u00f3 el 19 de febrero de 2016, en Bayona, Francia<\/p><\/div>\n<p>&nbsp;<\/p>\n<h1><strong>NIEVE y MARZAS<\/strong><\/h1>\n<p style=\"text-align: justify\"><strong>El s\u00e1bado 27<\/strong> el pueblo amaneci\u00f3 nevado, precioso el paisaje del trayecto hasta llegar a \u00e9l,\u00a0 como dice el refr\u00e1n, al invierno no se lo come el lobo, pues eso, aqu\u00ed est\u00e1 una estampa totalmente invernal, nieve esperada por unos y sufrida por otros.<\/p>\n\n\t\t<style type=\"text\/css\">\n\t\t\t#gallery-1 {\n\t\t\t\tmargin: auto;\n\t\t\t}\n\t\t\t#gallery-1 .gallery-item {\n\t\t\t\tfloat: left;\n\t\t\t\tmargin-top: 10px;\n\t\t\t\ttext-align: center;\n\t\t\t\twidth: 33%;\n\t\t\t}\n\t\t\t#gallery-1 img {\n\t\t\t\tborder: 2px solid #cfcfcf;\n\t\t\t}\n\t\t\t#gallery-1 .gallery-caption {\n\t\t\t\tmargin-left: 0;\n\t\t\t}\n\t\t\t\/* see gallery_shortcode() in wp-includes\/media.php *\/\n\t\t<\/style>\n\t\t<div id='gallery-1' class='gallery galleryid-12480 gallery-columns-3 gallery-size-thumbnail'><dl class='gallery-item'>\n\t\t\t<dt class='gallery-icon portrait'>\n\t\t\t\t<a  href=\"https:\/\/www.mecerreyes.com\/mece\/wp-content\/uploads\/2016\/03\/Mecerreyes-nevada-27-02-2016-8.jpg\" class=\"thickbox no_icon\" title=\"\"><img loading=\"lazy\" decoding=\"async\" width=\"150\" height=\"150\" src=\"https:\/\/www.mecerreyes.com\/mece\/wp-content\/uploads\/2016\/03\/Mecerreyes-nevada-27-02-2016-8-150x150.jpg\" class=\"attachment-thumbnail size-thumbnail\" alt=\"\" \/><\/a>\n\t\t\t<\/dt><\/dl><dl class='gallery-item'>\n\t\t\t<dt class='gallery-icon landscape'>\n\t\t\t\t<a  href=\"https:\/\/www.mecerreyes.com\/mece\/wp-content\/uploads\/2016\/03\/Mecerreyes-nevada-27-02-2016-6.jpg\" class=\"thickbox no_icon\" title=\"\"><img loading=\"lazy\" decoding=\"async\" width=\"150\" height=\"150\" src=\"https:\/\/www.mecerreyes.com\/mece\/wp-content\/uploads\/2016\/03\/Mecerreyes-nevada-27-02-2016-6-150x150.jpg\" class=\"attachment-thumbnail size-thumbnail\" alt=\"\" \/><\/a>\n\t\t\t<\/dt><\/dl><dl class='gallery-item'>\n\t\t\t<dt class='gallery-icon landscape'>\n\t\t\t\t<a  href=\"https:\/\/www.mecerreyes.com\/mece\/wp-content\/uploads\/2016\/03\/Mecerreyes-nevada-27-02-2016-7.jpg\" class=\"thickbox no_icon\" title=\"\"><img loading=\"lazy\" decoding=\"async\" width=\"150\" height=\"150\" src=\"https:\/\/www.mecerreyes.com\/mece\/wp-content\/uploads\/2016\/03\/Mecerreyes-nevada-27-02-2016-7-150x150.jpg\" class=\"attachment-thumbnail size-thumbnail\" alt=\"\" \/><\/a>\n\t\t\t<\/dt><\/dl><br style=\"clear: both\" \/><dl class='gallery-item'>\n\t\t\t<dt class='gallery-icon landscape'>\n\t\t\t\t<a  href=\"https:\/\/www.mecerreyes.com\/mece\/wp-content\/uploads\/2016\/03\/Mecerreyes-nevada-27-02-2016-4.jpg\" class=\"thickbox no_icon\" title=\"\"><img loading=\"lazy\" decoding=\"async\" width=\"150\" height=\"150\" src=\"https:\/\/www.mecerreyes.com\/mece\/wp-content\/uploads\/2016\/03\/Mecerreyes-nevada-27-02-2016-4-150x150.jpg\" class=\"attachment-thumbnail size-thumbnail\" alt=\"\" \/><\/a>\n\t\t\t<\/dt><\/dl><dl class='gallery-item'>\n\t\t\t<dt class='gallery-icon landscape'>\n\t\t\t\t<a  href=\"https:\/\/www.mecerreyes.com\/mece\/wp-content\/uploads\/2016\/03\/Ermita-Mecerreyes-27-02-2016-a.jpg\" class=\"thickbox no_icon\" title=\"\"><img loading=\"lazy\" decoding=\"async\" width=\"150\" height=\"150\" src=\"https:\/\/www.mecerreyes.com\/mece\/wp-content\/uploads\/2016\/03\/Ermita-Mecerreyes-27-02-2016-a-150x150.jpg\" class=\"attachment-thumbnail size-thumbnail\" alt=\"\" \/><\/a>\n\t\t\t<\/dt><\/dl><dl class='gallery-item'>\n\t\t\t<dt class='gallery-icon landscape'>\n\t\t\t\t<a  href=\"https:\/\/www.mecerreyes.com\/mece\/wp-content\/uploads\/2016\/03\/Ermita-Mecerreyes-27-02-2016.jpg\" class=\"thickbox no_icon\" title=\"\"><img loading=\"lazy\" decoding=\"async\" width=\"150\" height=\"150\" src=\"https:\/\/www.mecerreyes.com\/mece\/wp-content\/uploads\/2016\/03\/Ermita-Mecerreyes-27-02-2016-150x150.jpg\" class=\"attachment-thumbnail size-thumbnail\" alt=\"\" \/><\/a>\n\t\t\t<\/dt><\/dl><br style=\"clear: both\" \/>\n\t\t<\/div>\n\n<p style=\"text-align: justify\">La recogida de t\u00e1mbaras para las hogueras\u00a0 estando el monte nevado anim\u00f3 a los incondicionales, a los m\u00e1s comprometidos dispuestos a pasar fr\u00edo o lo que caiga. Las fotos reflejan el contento de los que se aventuraron ese mediod\u00eda, igual que lo muestran las fotos del recuerdo de Fernando. \u00a1Qu\u00e9 a\u00f1os! \u00a1Qu\u00e9 j\u00f3venes!<\/p>\n<div id=\"attachment_12540\" style=\"width: 710px\" class=\"wp-caption alignnone\"><img loading=\"lazy\" decoding=\"async\" aria-describedby=\"caption-attachment-12540\" class=\"wp-image-12540\" src=\"http:\/\/www.mecerreyes.com\/mece\/wp-content\/uploads\/2016\/03\/Mecerreyes-recogida-de-t\u00e1mbaras-a\u00f1o-1986.-Foto-Fernando-Alonso-1.jpg\" alt=\"Mecerreyes, recogida de t\u00e1mbaras, a\u00f1o 1986. Foto Fernando Alonso, 1\" width=\"700\" height=\"466\" srcset=\"https:\/\/www.mecerreyes.com\/mece\/wp-content\/uploads\/2016\/03\/Mecerreyes-recogida-de-t\u00e1mbaras-a\u00f1o-1986.-Foto-Fernando-Alonso-1.jpg 1600w, https:\/\/www.mecerreyes.com\/mece\/wp-content\/uploads\/2016\/03\/Mecerreyes-recogida-de-t\u00e1mbaras-a\u00f1o-1986.-Foto-Fernando-Alonso-1-300x200.jpg 300w, https:\/\/www.mecerreyes.com\/mece\/wp-content\/uploads\/2016\/03\/Mecerreyes-recogida-de-t\u00e1mbaras-a\u00f1o-1986.-Foto-Fernando-Alonso-1-768x512.jpg 768w, https:\/\/www.mecerreyes.com\/mece\/wp-content\/uploads\/2016\/03\/Mecerreyes-recogida-de-t\u00e1mbaras-a\u00f1o-1986.-Foto-Fernando-Alonso-1-1024x682.jpg 1024w\" sizes=\"(max-width: 700px) 100vw, 700px\" \/><p id=\"caption-attachment-12540\" class=\"wp-caption-text\">Mecerreyes, recogida de t\u00e1mbaras, a\u00f1o 1986. Foto Fernando Alonso, 1<\/p><\/div>\n<div id=\"attachment_12541\" style=\"width: 710px\" class=\"wp-caption alignnone\"><img loading=\"lazy\" decoding=\"async\" aria-describedby=\"caption-attachment-12541\" class=\"wp-image-12541\" src=\"http:\/\/www.mecerreyes.com\/mece\/wp-content\/uploads\/2016\/03\/Mecerreyes-recogida-de-t\u00e1mbaras-a\u00f1o-1986.-Foto-Fernando-Alonso-2.jpg\" alt=\"Mecerreyes, recogida de t\u00e1mbaras, a\u00f1o 1986. Foto Fernando Alonso, 2\" width=\"700\" height=\"466\" srcset=\"https:\/\/www.mecerreyes.com\/mece\/wp-content\/uploads\/2016\/03\/Mecerreyes-recogida-de-t\u00e1mbaras-a\u00f1o-1986.-Foto-Fernando-Alonso-2.jpg 1600w, https:\/\/www.mecerreyes.com\/mece\/wp-content\/uploads\/2016\/03\/Mecerreyes-recogida-de-t\u00e1mbaras-a\u00f1o-1986.-Foto-Fernando-Alonso-2-300x200.jpg 300w, https:\/\/www.mecerreyes.com\/mece\/wp-content\/uploads\/2016\/03\/Mecerreyes-recogida-de-t\u00e1mbaras-a\u00f1o-1986.-Foto-Fernando-Alonso-2-768x512.jpg 768w, https:\/\/www.mecerreyes.com\/mece\/wp-content\/uploads\/2016\/03\/Mecerreyes-recogida-de-t\u00e1mbaras-a\u00f1o-1986.-Foto-Fernando-Alonso-2-1024x682.jpg 1024w\" sizes=\"(max-width: 700px) 100vw, 700px\" \/><p id=\"caption-attachment-12541\" class=\"wp-caption-text\">Mecerreyes, recogida de t\u00e1mbaras, a\u00f1o 1986. Foto Fernando Alonso, 2<\/p><\/div>\n<p>&nbsp;<\/p>\n\n\t\t<style type=\"text\/css\">\n\t\t\t#gallery-2 {\n\t\t\t\tmargin: auto;\n\t\t\t}\n\t\t\t#gallery-2 .gallery-item {\n\t\t\t\tfloat: left;\n\t\t\t\tmargin-top: 10px;\n\t\t\t\ttext-align: center;\n\t\t\t\twidth: 33%;\n\t\t\t}\n\t\t\t#gallery-2 img {\n\t\t\t\tborder: 2px solid #cfcfcf;\n\t\t\t}\n\t\t\t#gallery-2 .gallery-caption {\n\t\t\t\tmargin-left: 0;\n\t\t\t}\n\t\t\t\/* see gallery_shortcode() in wp-includes\/media.php *\/\n\t\t<\/style>\n\t\t<div id='gallery-2' class='gallery galleryid-12480 gallery-columns-3 gallery-size-thumbnail'><dl class='gallery-item'>\n\t\t\t<dt class='gallery-icon landscape'>\n\t\t\t\t<a  href=\"https:\/\/www.mecerreyes.com\/mece\/wp-content\/uploads\/2016\/03\/Mecerreyes-recogida-de-t\u00e1mbaras.-Foto-Fernando-Alonso-1.jpg\" class=\"thickbox no_icon\" title=\"\"><img loading=\"lazy\" decoding=\"async\" width=\"150\" height=\"150\" src=\"https:\/\/www.mecerreyes.com\/mece\/wp-content\/uploads\/2016\/03\/Mecerreyes-recogida-de-t\u00e1mbaras.-Foto-Fernando-Alonso-1-150x150.jpg\" class=\"attachment-thumbnail size-thumbnail\" alt=\"\" \/><\/a>\n\t\t\t<\/dt><\/dl><dl class='gallery-item'>\n\t\t\t<dt class='gallery-icon landscape'>\n\t\t\t\t<a  href=\"https:\/\/www.mecerreyes.com\/mece\/wp-content\/uploads\/2016\/03\/Mecerreyes-recogida-de-t\u00e1mbaras.-Foto-Fernando-Alonso-2.jpg\" class=\"thickbox no_icon\" title=\"\"><img loading=\"lazy\" decoding=\"async\" width=\"150\" height=\"150\" src=\"https:\/\/www.mecerreyes.com\/mece\/wp-content\/uploads\/2016\/03\/Mecerreyes-recogida-de-t\u00e1mbaras.-Foto-Fernando-Alonso-2-150x150.jpg\" class=\"attachment-thumbnail size-thumbnail\" alt=\"\" \/><\/a>\n\t\t\t<\/dt><\/dl><dl class='gallery-item'>\n\t\t\t<dt class='gallery-icon landscape'>\n\t\t\t\t<a  href=\"https:\/\/www.mecerreyes.com\/mece\/wp-content\/uploads\/2016\/03\/Mecerreyes-recogida-de-t\u00e1mbaras.-Foto-Fernando-Alonso-3.jpg\" class=\"thickbox no_icon\" title=\"\"><img loading=\"lazy\" decoding=\"async\" width=\"150\" height=\"150\" src=\"https:\/\/www.mecerreyes.com\/mece\/wp-content\/uploads\/2016\/03\/Mecerreyes-recogida-de-t\u00e1mbaras.-Foto-Fernando-Alonso-3-150x150.jpg\" class=\"attachment-thumbnail size-thumbnail\" alt=\"\" \/><\/a>\n\t\t\t<\/dt><\/dl><br style=\"clear: both\" \/>\n\t\t<\/div>\n\n<p style=\"text-align: justify\">Con un rito purificador y en plena cuaresma decimos adi\u00f3s a este mes, cantamos a la naturaleza, a la juventud, al amor\u2026 y esperamos la llegada del mes de marzo entre los rescoldos de las hogueras y la compa\u00f1\u00eda de todos los vecinos y amigos.<\/p>\n<p style=\"text-align: justify\">Pero a las doce de la noche, el fr\u00edo y de nuevo \u00a0la nieve deslucieron\u00a0 el momento, esto no anim\u00f3 a salir de casa. En el primer emplazamiento de la carretera de Puentedura se cantaron dos veces, dando por finalizado el acto.<\/p>\n<p style=\"text-align: justify\">El Cirig\u00fce\u00f1o fue testigo de los efectos de la nieve, hubo que ir al rescate ya de madrugada\u00a0 de un coche cruzado en la carretera y evitar problemas en la circulaci\u00f3n.<\/p>\n<p style=\"text-align: justify\">La noche del 29 los m\u00e1s puristas de cantar en\u00a0 las hogueras el \u00faltimo d\u00eda del mes, caiga como caiga, no se encontraban en el pueblo por lo que no se repiti\u00f3 el ritual.<\/p>\n\n\t\t<style type=\"text\/css\">\n\t\t\t#gallery-3 {\n\t\t\t\tmargin: auto;\n\t\t\t}\n\t\t\t#gallery-3 .gallery-item {\n\t\t\t\tfloat: left;\n\t\t\t\tmargin-top: 10px;\n\t\t\t\ttext-align: center;\n\t\t\t\twidth: 33%;\n\t\t\t}\n\t\t\t#gallery-3 img {\n\t\t\t\tborder: 2px solid #cfcfcf;\n\t\t\t}\n\t\t\t#gallery-3 .gallery-caption {\n\t\t\t\tmargin-left: 0;\n\t\t\t}\n\t\t\t\/* see gallery_shortcode() in wp-includes\/media.php *\/\n\t\t<\/style>\n\t\t<div id='gallery-3' class='gallery galleryid-12480 gallery-columns-3 gallery-size-thumbnail'><dl class='gallery-item'>\n\t\t\t<dt class='gallery-icon landscape'>\n\t\t\t\t<a  href=\"https:\/\/www.mecerreyes.com\/mece\/wp-content\/uploads\/2016\/03\/Las-Marzas-Mecerreyes-27-02-2016-6.jpg\" class=\"thickbox no_icon\" title=\"\"><img loading=\"lazy\" decoding=\"async\" width=\"150\" height=\"150\" src=\"https:\/\/www.mecerreyes.com\/mece\/wp-content\/uploads\/2016\/03\/Las-Marzas-Mecerreyes-27-02-2016-6-150x150.jpg\" class=\"attachment-thumbnail size-thumbnail\" alt=\"\" \/><\/a>\n\t\t\t<\/dt><\/dl><dl class='gallery-item'>\n\t\t\t<dt class='gallery-icon landscape'>\n\t\t\t\t<a  href=\"https:\/\/www.mecerreyes.com\/mece\/wp-content\/uploads\/2016\/03\/Las-Marzas-Mecerreyes-27-02-2016-5.jpg\" class=\"thickbox no_icon\" title=\"\"><img loading=\"lazy\" decoding=\"async\" width=\"150\" height=\"150\" src=\"https:\/\/www.mecerreyes.com\/mece\/wp-content\/uploads\/2016\/03\/Las-Marzas-Mecerreyes-27-02-2016-5-150x150.jpg\" class=\"attachment-thumbnail size-thumbnail\" alt=\"\" \/><\/a>\n\t\t\t<\/dt><\/dl><dl class='gallery-item'>\n\t\t\t<dt class='gallery-icon landscape'>\n\t\t\t\t<a  href=\"https:\/\/www.mecerreyes.com\/mece\/wp-content\/uploads\/2016\/03\/Las-Marzas-Mecerreyes-27-02-2016-4.jpg\" class=\"thickbox no_icon\" title=\"\"><img loading=\"lazy\" decoding=\"async\" width=\"150\" height=\"150\" src=\"https:\/\/www.mecerreyes.com\/mece\/wp-content\/uploads\/2016\/03\/Las-Marzas-Mecerreyes-27-02-2016-4-150x150.jpg\" class=\"attachment-thumbnail size-thumbnail\" alt=\"\" \/><\/a>\n\t\t\t<\/dt><\/dl><br style=\"clear: both\" \/><dl class='gallery-item'>\n\t\t\t<dt class='gallery-icon landscape'>\n\t\t\t\t<a  href=\"https:\/\/www.mecerreyes.com\/mece\/wp-content\/uploads\/2016\/03\/Las-Marzas-Mecerreyes-27-02-2016-3.jpg\" class=\"thickbox no_icon\" title=\"\"><img loading=\"lazy\" decoding=\"async\" width=\"150\" height=\"150\" src=\"https:\/\/www.mecerreyes.com\/mece\/wp-content\/uploads\/2016\/03\/Las-Marzas-Mecerreyes-27-02-2016-3-150x150.jpg\" class=\"attachment-thumbnail size-thumbnail\" alt=\"\" \/><\/a>\n\t\t\t<\/dt><\/dl><dl class='gallery-item'>\n\t\t\t<dt class='gallery-icon landscape'>\n\t\t\t\t<a  href=\"https:\/\/www.mecerreyes.com\/mece\/wp-content\/uploads\/2016\/03\/Las-Marzas-Mecerreyes-27-02-2016-2.jpg\" class=\"thickbox no_icon\" title=\"\"><img loading=\"lazy\" decoding=\"async\" width=\"150\" height=\"150\" src=\"https:\/\/www.mecerreyes.com\/mece\/wp-content\/uploads\/2016\/03\/Las-Marzas-Mecerreyes-27-02-2016-2-150x150.jpg\" class=\"attachment-thumbnail size-thumbnail\" alt=\"\" \/><\/a>\n\t\t\t<\/dt><\/dl><dl class='gallery-item'>\n\t\t\t<dt class='gallery-icon landscape'>\n\t\t\t\t<a  href=\"https:\/\/www.mecerreyes.com\/mece\/wp-content\/uploads\/2016\/03\/Las-Marzas-Mecerreyes-27-02-2016-1.jpg\" class=\"thickbox no_icon\" title=\"\"><img loading=\"lazy\" decoding=\"async\" width=\"150\" height=\"150\" src=\"https:\/\/www.mecerreyes.com\/mece\/wp-content\/uploads\/2016\/03\/Las-Marzas-Mecerreyes-27-02-2016-1-150x150.jpg\" class=\"attachment-thumbnail size-thumbnail\" alt=\"\" \/><\/a>\n\t\t\t<\/dt><\/dl><br style=\"clear: both\" \/><dl class='gallery-item'>\n\t\t\t<dt class='gallery-icon landscape'>\n\t\t\t\t<a  href=\"https:\/\/www.mecerreyes.com\/mece\/wp-content\/uploads\/2016\/03\/Las-Marzas-Mecerreyes-27-02-2016-12.jpg\" class=\"thickbox no_icon\" title=\"\"><img loading=\"lazy\" decoding=\"async\" width=\"150\" height=\"150\" src=\"https:\/\/www.mecerreyes.com\/mece\/wp-content\/uploads\/2016\/03\/Las-Marzas-Mecerreyes-27-02-2016-12-150x150.jpg\" class=\"attachment-thumbnail size-thumbnail\" alt=\"\" \/><\/a>\n\t\t\t<\/dt><\/dl><dl class='gallery-item'>\n\t\t\t<dt class='gallery-icon landscape'>\n\t\t\t\t<a  href=\"https:\/\/www.mecerreyes.com\/mece\/wp-content\/uploads\/2016\/03\/Las-Marzas-Mecerreyes-27-02-2016-11.jpg\" class=\"thickbox no_icon\" title=\"\"><img loading=\"lazy\" decoding=\"async\" width=\"150\" height=\"150\" src=\"https:\/\/www.mecerreyes.com\/mece\/wp-content\/uploads\/2016\/03\/Las-Marzas-Mecerreyes-27-02-2016-11-150x150.jpg\" class=\"attachment-thumbnail size-thumbnail\" alt=\"\" \/><\/a>\n\t\t\t<\/dt><\/dl><dl class='gallery-item'>\n\t\t\t<dt class='gallery-icon landscape'>\n\t\t\t\t<a  href=\"https:\/\/www.mecerreyes.com\/mece\/wp-content\/uploads\/2016\/03\/Las-Marzas-Mecerreyes-27-02-2016-10.jpg\" class=\"thickbox no_icon\" title=\"\"><img loading=\"lazy\" decoding=\"async\" width=\"150\" height=\"150\" src=\"https:\/\/www.mecerreyes.com\/mece\/wp-content\/uploads\/2016\/03\/Las-Marzas-Mecerreyes-27-02-2016-10-150x150.jpg\" class=\"attachment-thumbnail size-thumbnail\" alt=\"\" \/><\/a>\n\t\t\t<\/dt><\/dl><br style=\"clear: both\" \/><dl class='gallery-item'>\n\t\t\t<dt class='gallery-icon portrait'>\n\t\t\t\t<a  href=\"https:\/\/www.mecerreyes.com\/mece\/wp-content\/uploads\/2016\/03\/Las-Marzas-Mecerreyes-27-02-2016-9.jpg\" class=\"thickbox no_icon\" title=\"\"><img loading=\"lazy\" decoding=\"async\" width=\"150\" height=\"150\" src=\"https:\/\/www.mecerreyes.com\/mece\/wp-content\/uploads\/2016\/03\/Las-Marzas-Mecerreyes-27-02-2016-9-150x150.jpg\" class=\"attachment-thumbnail size-thumbnail\" alt=\"\" \/><\/a>\n\t\t\t<\/dt><\/dl><dl class='gallery-item'>\n\t\t\t<dt class='gallery-icon landscape'>\n\t\t\t\t<a  href=\"https:\/\/www.mecerreyes.com\/mece\/wp-content\/uploads\/2016\/03\/Las-Marzas-Mecerreyes-27-02-2016-8.jpg\" class=\"thickbox no_icon\" title=\"\"><img loading=\"lazy\" decoding=\"async\" width=\"150\" height=\"150\" src=\"https:\/\/www.mecerreyes.com\/mece\/wp-content\/uploads\/2016\/03\/Las-Marzas-Mecerreyes-27-02-2016-8-150x150.jpg\" class=\"attachment-thumbnail size-thumbnail\" alt=\"\" \/><\/a>\n\t\t\t<\/dt><\/dl><dl class='gallery-item'>\n\t\t\t<dt class='gallery-icon landscape'>\n\t\t\t\t<a  href=\"https:\/\/www.mecerreyes.com\/mece\/wp-content\/uploads\/2016\/03\/Las-Marzas-Mecerreyes-27-02-2016-7.jpg\" class=\"thickbox no_icon\" title=\"\"><img loading=\"lazy\" decoding=\"async\" width=\"150\" height=\"150\" src=\"https:\/\/www.mecerreyes.com\/mece\/wp-content\/uploads\/2016\/03\/Las-Marzas-Mecerreyes-27-02-2016-7-150x150.jpg\" class=\"attachment-thumbnail size-thumbnail\" alt=\"\" \/><\/a>\n\t\t\t<\/dt><\/dl><br style=\"clear: both\" \/>\n\t\t<\/div>\n\n<h1><strong>Festival Marzas 2016.<\/strong><\/h1>\n<p>Muchos guiletos acudimos a esta cita anual\u00a0 que empieza como no pod\u00eda ser de otra manera, con el canto de <a  href=\"https:\/\/www.mecerreyes.com\/mece\/?page_id=47\">las Marzas<\/a> de Mecerreyes alrededor de una simulada hoguera en la pista del polideportivo municipal.<\/p>\n<p>Acto organizado por el Comit\u00e9 de Folclore Ciudad de Burgos. Una puesta en escena con nueve agrupaciones folcl\u00f3ricas, m\u00e1s de 300 danzantes y cien m\u00fasicos entre los que se encuentran varios guiletos. Un festival que apuesta por recordar nuestras tradiciones a trav\u00e9s de la danza, canto y m\u00fasica. Comenzar\u00e1 con el tradicional canto de Marzas de Mecerreyes, para seguidamente realizar un recorrido costumbrista por toda la provincia burgalesa.<\/p>\n<p>&nbsp;<\/p>\n<div id=\"attachment_12533\" style=\"width: 710px\" class=\"wp-caption alignnone\"><img loading=\"lazy\" decoding=\"async\" aria-describedby=\"caption-attachment-12533\" class=\"wp-image-12533\" src=\"http:\/\/www.mecerreyes.com\/mece\/wp-content\/uploads\/2016\/03\/Festival-de-Marzas-en-Burgos-2016.jpg\" alt=\"Festival de Marzas en Burgos, 2016\" width=\"700\" height=\"581\" srcset=\"https:\/\/www.mecerreyes.com\/mece\/wp-content\/uploads\/2016\/03\/Festival-de-Marzas-en-Burgos-2016.jpg 720w, https:\/\/www.mecerreyes.com\/mece\/wp-content\/uploads\/2016\/03\/Festival-de-Marzas-en-Burgos-2016-300x249.jpg 300w\" sizes=\"(max-width: 700px) 100vw, 700px\" \/><p id=\"caption-attachment-12533\" class=\"wp-caption-text\">Festival de Marzas en Burgos, 2016<\/p><\/div>\n<p>&nbsp;<\/p>\n<p>&nbsp;<\/p>\n<p>&nbsp;<\/p>\n<h1><strong>D\u00eda de la mujer trabajadora<\/strong><\/h1>\n<p>Con la cita de Confucio: \u201cEl alma de una mujer es la obra maestra de la creaci\u00f3n\u201d, se quiere homenajear a todas las mujeres trabajadoras\u00a0 el d\u00eda 12 de marzo. Una cena en el <a  href=\"https:\/\/www.mecerreyes.com\/mece\/?page_id=797\">mes\u00f3n de Frutos<\/a> a las 22:00 congregar\u00e1 a todas las que deseen pasar una noche agradable y merecida.<\/p>\n<p>\u00a1Ap\u00fantate ya!<\/p>\n<div id=\"attachment_12526\" style=\"width: 810px\" class=\"wp-caption alignnone\"><img loading=\"lazy\" decoding=\"async\" aria-describedby=\"caption-attachment-12526\" class=\"wp-image-12526\" src=\"http:\/\/www.mecerreyes.com\/mece\/wp-content\/uploads\/2016\/03\/Mecerreyes-2016-cena-d\u00eda-de-la-Mujer.jpg\" alt=\"Mecerreyes 2016, cena d\u00eda de la Mujer\" width=\"800\" height=\"1098\" srcset=\"https:\/\/www.mecerreyes.com\/mece\/wp-content\/uploads\/2016\/03\/Mecerreyes-2016-cena-d\u00eda-de-la-Mujer.jpg 2482w, https:\/\/www.mecerreyes.com\/mece\/wp-content\/uploads\/2016\/03\/Mecerreyes-2016-cena-d\u00eda-de-la-Mujer-218x300.jpg 218w, https:\/\/www.mecerreyes.com\/mece\/wp-content\/uploads\/2016\/03\/Mecerreyes-2016-cena-d\u00eda-de-la-Mujer-768x1055.jpg 768w, https:\/\/www.mecerreyes.com\/mece\/wp-content\/uploads\/2016\/03\/Mecerreyes-2016-cena-d\u00eda-de-la-Mujer-746x1024.jpg 746w\" sizes=\"(max-width: 800px) 100vw, 800px\" \/><p id=\"caption-attachment-12526\" class=\"wp-caption-text\">Mecerreyes 2016, cena d\u00eda de la Mujer<\/p><\/div>\n<p><strong>\u00a0<\/strong><\/p>\n<h1><strong>Refranero castellano.<\/strong><\/h1>\n<p><em>Febrero, febrer\u00edn, el m\u00e1s corto y el m\u00e1s ruin.<\/em><\/p>\n<p><em>Febrerillo el loco, tiene d\u00edas veintiocho; pero si bisiesto fuere, cu\u00e9ntale veintinueve.<\/em><\/p>\n<p><em>Febrero es un mes embustero.<\/em><\/p>\n<p><em>Febrerillo el orate, cada d\u00eda hace un disparate.<\/em><\/p>\n<p><em>Sol de febrero, rara vez dura un d\u00eda entero.<\/em><\/p>\n<p><em>Febrero, fr\u00edo o templado p\u00e1salo arropado.<\/em><\/p>\n<p><em>La lluvia de febrero es el mejor estercolero.<\/em><\/p>\n<p><em>Si febrero viene de aguas, habr\u00e1 pastos y habr\u00e1 parvas.<\/em><\/p>\n<p><em>Mal a\u00f1o espero si en febrero anda en mangas de camisa el jornalero.<\/em><\/p>\n<p><em>\u00c1rbol que podo en febrero, tendr\u00e1 fruto duradero.<\/em><\/p>\n<p>&nbsp;<\/p>\n<h1><span id=\"ctl00_cph2Columnas_lblTitulo\">Licencia para cantar las Marzas:<\/span><\/h1>\n<p><a  href=\"http:\/\/www.diariodeburgos.es\/noticia\/ZD5912454-EBB8-BD0F-AF8914252A8AD47F\/20150227\/licencia\/cantar\/marzas\" target=\"_blank\"><img loading=\"lazy\" decoding=\"async\" class=\"alignnone wp-image-4188 size-full\" src=\"http:\/\/www.mecerreyes.com\/mece\/wp-content\/uploads\/2012\/02\/logo-Diario-de-Burgos.jpg\" alt=\"logo-Diario-de-Burgos\" width=\"386\" height=\"65\" srcset=\"https:\/\/www.mecerreyes.com\/mece\/wp-content\/uploads\/2012\/02\/logo-Diario-de-Burgos.jpg 386w, https:\/\/www.mecerreyes.com\/mece\/wp-content\/uploads\/2012\/02\/logo-Diario-de-Burgos-300x50.jpg 300w\" sizes=\"(max-width: 386px) 100vw, 386px\" \/><\/a><\/p>\n<p>&nbsp;<\/p>\n<p>&nbsp;<\/p>\n<p>&nbsp;<\/p>","protected":false},"excerpt":{"rendered":"<p>Febrero 2016 &nbsp; Febrero no pasa sin m\u00e1s en Mecerreyes, queremos contaros c\u00f3mo y qu\u00e9 ha pasado en estos 29 d\u00edas. Deciros como introducci\u00f3n\u00a0 que \u00a0este mes es cuando m\u00e1s se habla del pueblo por todos los canales de comunicaci\u00f3n: prensa, radio, televisi\u00f3n, Festivales y redes, se hacen eco de nuestros carnavales y canto de [&hellip;]<\/p>\n","protected":false},"author":5,"featured_media":12513,"comment_status":"open","ping_status":"closed","sticky":false,"template":"","format":"standard","meta":{"_et_pb_use_builder":"","_et_pb_old_content":"","_et_gb_content_width":"","footnotes":""},"categories":[1],"tags":[21,36],"class_list":["post-12480","post","type-post","status-publish","format-standard","has-post-thumbnail","hentry","category-general","tag-guiletos","tag-marzas","et-has-post-format-content","et_post_format-et-post-format-standard"],"_links":{"self":[{"href":"https:\/\/www.mecerreyes.com\/mece\/index.php?rest_route=\/wp\/v2\/posts\/12480"}],"collection":[{"href":"https:\/\/www.mecerreyes.com\/mece\/index.php?rest_route=\/wp\/v2\/posts"}],"about":[{"href":"https:\/\/www.mecerreyes.com\/mece\/index.php?rest_route=\/wp\/v2\/types\/post"}],"author":[{"embeddable":true,"href":"https:\/\/www.mecerreyes.com\/mece\/index.php?rest_route=\/wp\/v2\/users\/5"}],"replies":[{"embeddable":true,"href":"https:\/\/www.mecerreyes.com\/mece\/index.php?rest_route=%2Fwp%2Fv2%2Fcomments&post=12480"}],"version-history":[{"count":1,"href":"https:\/\/www.mecerreyes.com\/mece\/index.php?rest_route=\/wp\/v2\/posts\/12480\/revisions"}],"predecessor-version":[{"id":14511,"href":"https:\/\/www.mecerreyes.com\/mece\/index.php?rest_route=\/wp\/v2\/posts\/12480\/revisions\/14511"}],"wp:featuredmedia":[{"embeddable":true,"href":"https:\/\/www.mecerreyes.com\/mece\/index.php?rest_route=\/wp\/v2\/media\/12513"}],"wp:attachment":[{"href":"https:\/\/www.mecerreyes.com\/mece\/index.php?rest_route=%2Fwp%2Fv2%2Fmedia&parent=12480"}],"wp:term":[{"taxonomy":"category","embeddable":true,"href":"https:\/\/www.mecerreyes.com\/mece\/index.php?rest_route=%2Fwp%2Fv2%2Fcategories&post=12480"},{"taxonomy":"post_tag","embeddable":true,"href":"https:\/\/www.mecerreyes.com\/mece\/index.php?rest_route=%2Fwp%2Fv2%2Ftags&post=12480"}],"curies":[{"name":"wp","href":"https:\/\/api.w.org\/{rel}","templated":true}]}}