{"id":12569,"date":"2016-04-02T02:34:41","date_gmt":"2016-04-02T01:34:41","guid":{"rendered":"http:\/\/www.mecerreyes.com\/mece\/?p=12569"},"modified":"2017-02-07T19:07:01","modified_gmt":"2017-02-07T18:07:01","slug":"noticias-marzo-2016-semana-santa","status":"publish","type":"post","link":"https:\/\/www.mecerreyes.com\/mece\/?p=12569","title":{"rendered":"Noticias Marzo 2016 &#8211; Semana Santa"},"content":{"rendered":"<h1 style=\"text-align: justify\"><strong>Marzo 2016<\/strong><\/h1>\n<p style=\"text-align: justify\">En este mes de\u00a0 marzo, con la licencia de Dios y la del se\u00f1or alcalde, con las bendiciones del \u00c1ngel de la Guarda que nos guarda y ampara las almas, y el Bendito San Rosendo defendi\u00e9ndonos de las penas del infierno, los labradores de Mecerreyes s\u00ed han redoblado sus afanosos trabajos.<\/p>\n<p style=\"text-align: justify\">Tard\u00eda la nieve pero seguro que efectiva, el paisaje se ti\u00f1\u00f3 de nuevo blanco los d\u00edas 9 y 10 sum\u00e1ndose en alg\u00fan\u00a0 sombr\u00edo a la ca\u00edda el 27 de febrero, y cuando nadie la esperaba, para rematar el mes, el d\u00eda 31 amanecimos con un peque\u00f1o manto. \u00a1A\u00f1o de bienes seguro!<\/p>\n<div id=\"attachment_12640\" style=\"width: 510px\" class=\"wp-caption alignright\"><a  href=\"http:\/\/www.mecerreyes.com\/mece\/wp-content\/uploads\/2016\/04\/Mecerreyes-nevada-31-03-2016.jpg\" rel=\"attachment wp-att-12640\" class=\"thickbox no_icon\" title=\"Mecerreyes, nevada 31-03-2016\"><img loading=\"lazy\" decoding=\"async\" aria-describedby=\"caption-attachment-12640\" class=\"wp-image-12640\" src=\"http:\/\/www.mecerreyes.com\/mece\/wp-content\/uploads\/2016\/04\/Mecerreyes-nevada-31-03-2016.jpg\" alt=\"Mecerreyes, nevada 31-03-2016\" width=\"500\" height=\"464\" srcset=\"https:\/\/www.mecerreyes.com\/mece\/wp-content\/uploads\/2016\/04\/Mecerreyes-nevada-31-03-2016.jpg 800w, https:\/\/www.mecerreyes.com\/mece\/wp-content\/uploads\/2016\/04\/Mecerreyes-nevada-31-03-2016-300x279.jpg 300w, https:\/\/www.mecerreyes.com\/mece\/wp-content\/uploads\/2016\/04\/Mecerreyes-nevada-31-03-2016-768x713.jpg 768w\" sizes=\"(max-width: 500px) 100vw, 500px\" \/><\/a><p id=\"caption-attachment-12640\" class=\"wp-caption-text\">Mecerreyes, nevada 31-03-2016<\/p><\/div>\n<p>&nbsp;<\/p>\n<h1 style=\"text-align: justify\"><\/h1>\n<h1 style=\"text-align: justify\"><\/h1>\n<h1 style=\"text-align: justify\"><strong>EFEM\u00c9RIDES DE MARZO:<\/strong><\/h1>\n<ul>\n<li style=\"text-align: justify\"><strong>El 8 D\u00eda de la mujer.<\/strong><\/li>\n<li><\/li>\n<li>El 10 D\u00eda del m\u00e9dico.<\/li>\n<li><\/li>\n<li>El 15 D\u00eda mundial del Consumidor.<\/li>\n<li><\/li>\n<li>El 3 D\u00eda Mundial de la Naturaleza.<\/li>\n<li><\/li>\n<li><strong>El 20 Domingo de Ramos<\/strong><\/li>\n<li><\/li>\n<li>El 21 D\u00eda mundial del S\u00edndrome de Down. Comienzo de la primavera<\/li>\n<li><\/li>\n<li>El 22 D\u00eda Mundial del agua.<\/li>\n<li><\/li>\n<li><strong>El 24-27 <a  href=\"https:\/\/www.mecerreyes.com\/mece\/?page_id=48\">Semana Santa<\/a><\/strong><\/li>\n<li><\/li>\n<li>El 25 D\u00eda del ni\u00f1o por nacer.<\/li>\n<\/ul>\n<h1 style=\"text-align: justify\"><strong>PRENSA<\/strong><\/h1>\n<p style=\"text-align: justify\">Es un orgullo que la prensa\u00a0 hable de Mecerreyes o de alguno de sus guiletos, as\u00ed ha sido este mes tambi\u00e9n.<\/p>\n<p style=\"text-align: justify\">-El d\u00eda 8 de marzo El Correo de Burgos publicaba una entrevista al Presidente de la <strong>Asociaci\u00f3n Cultural Mecerreyes<\/strong> (Benito Mambrillas Portal), en ella se pone en valor el trabajo realizado desde 1985, logros conseguidos, el compromiso con la cultura tradicional, habla orgulloso de c\u00f3mo todo el pueblo se presta a ayudar y colaborar en los m\u00faltiples actos que a lo largo del a\u00f1o organiza esta asociaci\u00f3n.<\/p>\n<p style=\"text-align: justify\">Esta entrevista es un buen balance-resumen de lo que somos los guiletos y lo que en 40 a\u00f1os hemos puesto en valor. \u00a1CULTURA! Gracias Benito.<\/p>\n<p style=\"text-align: justify\"><img loading=\"lazy\" decoding=\"async\" class=\"alignnone wp-image-4187\" src=\"http:\/\/www.mecerreyes.com\/mece\/wp-content\/uploads\/2012\/02\/logo-Correo-de-Burgos.jpg\" alt=\"logo-Correo-de-Burgos\" width=\"650\" height=\"65\" srcset=\"https:\/\/www.mecerreyes.com\/mece\/wp-content\/uploads\/2012\/02\/logo-Correo-de-Burgos.jpg 2170w, https:\/\/www.mecerreyes.com\/mece\/wp-content\/uploads\/2012\/02\/logo-Correo-de-Burgos-300x30.jpg 300w, https:\/\/www.mecerreyes.com\/mece\/wp-content\/uploads\/2012\/02\/logo-Correo-de-Burgos-1024x102.jpg 1024w\" sizes=\"(max-width: 650px) 100vw, 650px\" \/><\/p>\n<p><a  href=\"http:\/\/www.elcorreodeburgos.com\/noticias\/provincia\/memoria-pasado-presente-villa_118521.html\" target=\"_blank\">http:\/\/www.elcorreodeburgos.com\/noticias\/provincia\/memoria-pasado-presente-villa_118521.html<\/a><\/p>\n<div id=\"attachment_12594\" style=\"width: 810px\" class=\"wp-caption alignnone\"><a  href=\"http:\/\/www.mecerreyes.com\/mece\/wp-content\/uploads\/2016\/04\/Asociaci\u00f3n-Cultural-Mecerreyes-El-Correo-de-Burgos-El-Mundo-8-03-2016.jpg\" class=\"thickbox no_icon\" title=\"Asociaci\u00f3n Cultural Mecerreyes, El Correo de Burgos, El Mundo, 8-03-2016\"><img loading=\"lazy\" decoding=\"async\" aria-describedby=\"caption-attachment-12594\" class=\"wp-image-12594\" src=\"http:\/\/www.mecerreyes.com\/mece\/wp-content\/uploads\/2016\/04\/Asociaci\u00f3n-Cultural-Mecerreyes-El-Correo-de-Burgos-El-Mundo-8-03-2016.jpg\" alt=\"Asociaci\u00f3n Cultural Mecerreyes, El Correo de Burgos, El Mundo, 8-03-2016\" width=\"800\" height=\"1110\" srcset=\"https:\/\/www.mecerreyes.com\/mece\/wp-content\/uploads\/2016\/04\/Asociaci\u00f3n-Cultural-Mecerreyes-El-Correo-de-Burgos-El-Mundo-8-03-2016.jpg 2304w, https:\/\/www.mecerreyes.com\/mece\/wp-content\/uploads\/2016\/04\/Asociaci\u00f3n-Cultural-Mecerreyes-El-Correo-de-Burgos-El-Mundo-8-03-2016-216x300.jpg 216w, https:\/\/www.mecerreyes.com\/mece\/wp-content\/uploads\/2016\/04\/Asociaci\u00f3n-Cultural-Mecerreyes-El-Correo-de-Burgos-El-Mundo-8-03-2016-768x1065.jpg 768w, https:\/\/www.mecerreyes.com\/mece\/wp-content\/uploads\/2016\/04\/Asociaci\u00f3n-Cultural-Mecerreyes-El-Correo-de-Burgos-El-Mundo-8-03-2016-738x1024.jpg 738w\" sizes=\"(max-width: 800px) 100vw, 800px\" \/><\/a><p id=\"caption-attachment-12594\" class=\"wp-caption-text\">Asociaci\u00f3n Cultural Mecerreyes, El Correo de Burgos, El Mundo, 8-03-2016<\/p><\/div>\n<p style=\"text-align: justify\">-El 25 de marzo el <strong>Centro Regional Monta\u00f1\u00e9s<\/strong> disfrut\u00f3 y mucho del pueblo, prueba de ello es la rese\u00f1a que public\u00f3 en Diario de Burgos. Buen paseo por el monte y buenas viandas en el <a  href=\"https:\/\/www.mecerreyes.com\/mece\/?page_id=797\">Mes\u00f3n de Frutos<\/a>.<\/p>\n<div id=\"attachment_12602\" style=\"width: 760px\" class=\"wp-caption alignnone\"><a  href=\"http:\/\/www.mecerreyes.com\/mece\/wp-content\/uploads\/2016\/04\/Diario-de-Burgos-25-03-2016-La-Casa-de-Cantabria-de-Burgos-en-Mecerreyes.jpg\" class=\"thickbox no_icon\" title=\"Diario de Burgos, 25-03-2016 - La Casa de Cantabria de Burgos, en Mecerreyes\"><img loading=\"lazy\" decoding=\"async\" aria-describedby=\"caption-attachment-12602\" class=\"wp-image-12602\" src=\"http:\/\/www.mecerreyes.com\/mece\/wp-content\/uploads\/2016\/04\/Diario-de-Burgos-25-03-2016-La-Casa-de-Cantabria-de-Burgos-en-Mecerreyes.jpg\" alt=\"Diario de Burgos, 25-03-2016 - La Casa de Cantabria de Burgos, en Mecerreyes\" width=\"750\" height=\"473\" srcset=\"https:\/\/www.mecerreyes.com\/mece\/wp-content\/uploads\/2016\/04\/Diario-de-Burgos-25-03-2016-La-Casa-de-Cantabria-de-Burgos-en-Mecerreyes.jpg 2984w, https:\/\/www.mecerreyes.com\/mece\/wp-content\/uploads\/2016\/04\/Diario-de-Burgos-25-03-2016-La-Casa-de-Cantabria-de-Burgos-en-Mecerreyes-300x189.jpg 300w, https:\/\/www.mecerreyes.com\/mece\/wp-content\/uploads\/2016\/04\/Diario-de-Burgos-25-03-2016-La-Casa-de-Cantabria-de-Burgos-en-Mecerreyes-768x484.jpg 768w, https:\/\/www.mecerreyes.com\/mece\/wp-content\/uploads\/2016\/04\/Diario-de-Burgos-25-03-2016-La-Casa-de-Cantabria-de-Burgos-en-Mecerreyes-1024x645.jpg 1024w\" sizes=\"(max-width: 750px) 100vw, 750px\" \/><\/a><p id=\"caption-attachment-12602\" class=\"wp-caption-text\">Diario de Burgos, 25-03-2016 &#8211; La Casa de Cantabria de Burgos, en Mecerreyes<\/p><\/div>\n<h1 style=\"text-align: justify\"><strong>GUILETOS POR EL MUNDO<\/strong><\/h1>\n<p style=\"text-align: justify\">Podr\u00edamos abrir una secci\u00f3n de guiletos por el mundo, sois muchos y brillantes:<\/p>\n<ul style=\"text-align: justify\">\n<li>Grandes y galardonados empresarios.<\/li>\n<li>Grandes y valorados educadores.<\/li>\n<li>Grandes y reconocidos sanitarios.<\/li>\n<li>Grandes y buenos religiosos.<\/li>\n<li>Grandes y queridos m\u00fasicos.<\/li>\n<li>Grandes y buenos trabajadores.<\/li>\n<li>Grandes y brillantes estudiantes que seguro aportar\u00e1n mucho a la sociedad.<\/li>\n<\/ul>\n<p style=\"text-align: justify\">-Es el caso de <span style=\"text-decoration: underline\"><strong>LAURA MAESO ALONSO<\/strong><\/span>, (Nieta de Fonso Alonso y Ana Vargas, hija de Gelo Maeso y Merche Alonso). Este mes la prensa de Le\u00f3n publicaba sendos art\u00edculos en los que informaba que la Asociaci\u00f3n Espa\u00f1ola Contra el C\u00e1ncer de Le\u00f3n, le hac\u00eda merecedora de una beca de 60.000\u20ac para investigar en esa provincia la Angiog\u00e9nesis en los tumores (es decir el proceso de formaci\u00f3n de vasos sangu\u00edneos en los tumores). Se pone al frente de un equipo que la ayudar\u00e1 en su investigaci\u00f3n durante los pr\u00f3ximos tres a\u00f1os.<\/p>\n<p style=\"text-align: justify\">Su brillante e impecable expediente acad\u00e9mico ha\u00a0 tenido recompensa para esta joven que acaba de finalizar sus estudios de Biotecnolog\u00eda, orgullo para su familia, amigos y miembros de la pe\u00f1a N\u00e9mesis a quien represent\u00f3 como reina de fiestas de Mecerreyes en agosto de 2012. Felicidades Laura, ansiamos publicar todos tus logros cient\u00edficos.<\/p>\n<p><strong><a  href=\"http:\/\/www.elnortedecastilla.es\/leon\/201603\/12\/laura-maeso-cuando-encuentro-20160312162609.html\" target=\"_blank\">Art\u00edculo en: EL NORTE DE CASTILLA<\/a><\/strong><\/p>\n<p>&nbsp;<\/p>\n<p><strong><a  href=\"http:\/\/www.abc.es\/espana\/castilla-leon\/abci-ciencia-para-vencer-cancer-201603291029_noticia.html\" target=\"_blank\">Art\u00edculo en: ABC Castilla y Le\u00f3n<\/a><\/strong><\/p>\n<p>&nbsp;<\/p>\n<div id=\"attachment_12606\" style=\"width: 810px\" class=\"wp-caption alignnone\"><a  href=\"http:\/\/www.mecerreyes.com\/mece\/wp-content\/uploads\/2016\/04\/Laura-Maeso-Alonso-Mecerreyes.jpg\" class=\"thickbox no_icon\" title=\"Laura Maeso Alonso (Mecerreyes)\"><img loading=\"lazy\" decoding=\"async\" aria-describedby=\"caption-attachment-12606\" class=\"wp-image-12606\" src=\"http:\/\/www.mecerreyes.com\/mece\/wp-content\/uploads\/2016\/04\/Laura-Maeso-Alonso-Mecerreyes.jpg\" alt=\"Laura Maeso Alonso (Mecerreyes)\" width=\"800\" height=\"808\" srcset=\"https:\/\/www.mecerreyes.com\/mece\/wp-content\/uploads\/2016\/04\/Laura-Maeso-Alonso-Mecerreyes.jpg 3110w, https:\/\/www.mecerreyes.com\/mece\/wp-content\/uploads\/2016\/04\/Laura-Maeso-Alonso-Mecerreyes-297x300.jpg 297w, https:\/\/www.mecerreyes.com\/mece\/wp-content\/uploads\/2016\/04\/Laura-Maeso-Alonso-Mecerreyes-768x775.jpg 768w, https:\/\/www.mecerreyes.com\/mece\/wp-content\/uploads\/2016\/04\/Laura-Maeso-Alonso-Mecerreyes-1014x1024.jpg 1014w\" sizes=\"(max-width: 800px) 100vw, 800px\" \/><\/a><p id=\"caption-attachment-12606\" class=\"wp-caption-text\">Laura Maeso Alonso (Mecerreyes)<\/p><\/div>\n<p style=\"text-align: justify\">-Otro guileto, de profesi\u00f3n artista y tambi\u00e9n reconocida su trayectoria es <span style=\"text-decoration: underline\"><strong>\u00c1NGEL GIL CUEVAS<\/strong><\/span>, este mes una de sus obras ha formado parte de una exposici\u00f3n conjunta en el Monasterio de San Juan de Burgos.<\/p>\n<div id=\"attachment_12646\" style=\"width: 510px\" class=\"wp-caption aligncenter\"><a  href=\"http:\/\/www.mecerreyes.com\/mece\/wp-content\/uploads\/2016\/04\/Mecerreyes.-Obra-de-\u00c1ngel-Gil-expuesta-en-el-Monaster\u00edo-de-San-Juan-de-Burgos-Marzo-Abril-2016.jpg\" rel=\"attachment wp-att-12646\" class=\"thickbox no_icon\" title=\"Mecerreyes. Obra de \u00c1ngel Gil expuesta en el Monaster\u00edo de San Juan de Burgos, Marzo-Abril 2016\"><img loading=\"lazy\" decoding=\"async\" aria-describedby=\"caption-attachment-12646\" class=\"wp-image-12646\" src=\"http:\/\/www.mecerreyes.com\/mece\/wp-content\/uploads\/2016\/04\/Mecerreyes.-Obra-de-\u00c1ngel-Gil-expuesta-en-el-Monaster\u00edo-de-San-Juan-de-Burgos-Marzo-Abril-2016.jpg\" alt=\"Mecerreyes. Obra de \u00c1ngel Gil expuesta en el Monaster\u00edo de San Juan de Burgos, Marzo-Abril 2016\" width=\"500\" height=\"667\" srcset=\"https:\/\/www.mecerreyes.com\/mece\/wp-content\/uploads\/2016\/04\/Mecerreyes.-Obra-de-\u00c1ngel-Gil-expuesta-en-el-Monaster\u00edo-de-San-Juan-de-Burgos-Marzo-Abril-2016.jpg 1200w, https:\/\/www.mecerreyes.com\/mece\/wp-content\/uploads\/2016\/04\/Mecerreyes.-Obra-de-\u00c1ngel-Gil-expuesta-en-el-Monaster\u00edo-de-San-Juan-de-Burgos-Marzo-Abril-2016-225x300.jpg 225w, https:\/\/www.mecerreyes.com\/mece\/wp-content\/uploads\/2016\/04\/Mecerreyes.-Obra-de-\u00c1ngel-Gil-expuesta-en-el-Monaster\u00edo-de-San-Juan-de-Burgos-Marzo-Abril-2016-768x1024.jpg 768w\" sizes=\"(max-width: 500px) 100vw, 500px\" \/><\/a><p id=\"caption-attachment-12646\" class=\"wp-caption-text\">Mecerreyes. Obra de \u00c1ngel Gil expuesta en el Monaster\u00edo de San Juan de Burgos, Marzo-Abril 2016<\/p><\/div>\n<p style=\"text-align: justify\">&#8211;<span style=\"text-decoration: underline\"><strong>MANUEL \u00c1NGEL APARICIO BURGOS<\/strong><\/span>. Nacido en Tolba\u00f1os de Abajo (Burgos), vivido en Mecerreyes desde los diez a\u00f1os. Profesor en Sahara, B\u00e9lgica, Portugal, Marruecos, Brasil y Espa\u00f1a, viajero\u00a0 y gran conocedor de las culturas del mundo, ha publicado un nuevo libro que se suma a los m\u00e1s de la docena que lleva en su haber. Sus art\u00edculos aparecen en revistas\u00a0 y peri\u00f3dicos importantes, pero hoy aparece en nuestra WEB con su lado m\u00e1s sensible, el desgarro de perder a su madre (la se\u00f1ora Cira), le ha hecho plasmar sus recuerdos y sentimientos en un peque\u00f1o libro titulado \u201cAdios MAM\u00c1\u201d, fue editado en septiembre de 2015 y termina con estas bonitas palabras que llegar\u00e1n al coraz\u00f3n de todo el que ha perdido a una MADRE.<\/p>\n<p style=\"text-align: justify\">\u201cUn beso, mam\u00e1. Las palabras son tan poca cosa para lo que se siente: tal vez nos encontremos en el m\u00e1s all\u00e1. Me gustar\u00eda, pero debe ser tan extenso\u2026S\u00f3lo la br\u00fajula de la fe nos ayudar\u00e1 y nos salvar\u00e1.<\/p>\n<p style=\"text-align: justify\">Adios, mam\u00e1\u201d.<\/p>\n<div id=\"attachment_12607\" style=\"width: 810px\" class=\"wp-caption alignnone\"><a  href=\"http:\/\/www.mecerreyes.com\/mece\/wp-content\/uploads\/2016\/04\/Libro-Adi\u00f3s-Mam\u00e1-por-Manuel-Aparicio-Burgos-Mecerreyes.jpg\" class=\"thickbox no_icon\" title=\"Libro, Adi\u00f3s Mam\u00e1 por Manuel Aparicio Burgos (Mecerreyes)\"><img loading=\"lazy\" decoding=\"async\" aria-describedby=\"caption-attachment-12607\" class=\"wp-image-12607\" src=\"http:\/\/www.mecerreyes.com\/mece\/wp-content\/uploads\/2016\/04\/Libro-Adi\u00f3s-Mam\u00e1-por-Manuel-Aparicio-Burgos-Mecerreyes.jpg\" alt=\"Libro, Adi\u00f3s Mam\u00e1 por Manuel Aparicio Burgos (Mecerreyes)\" width=\"800\" height=\"467\" srcset=\"https:\/\/www.mecerreyes.com\/mece\/wp-content\/uploads\/2016\/04\/Libro-Adi\u00f3s-Mam\u00e1-por-Manuel-Aparicio-Burgos-Mecerreyes.jpg 5953w, https:\/\/www.mecerreyes.com\/mece\/wp-content\/uploads\/2016\/04\/Libro-Adi\u00f3s-Mam\u00e1-por-Manuel-Aparicio-Burgos-Mecerreyes-300x175.jpg 300w, https:\/\/www.mecerreyes.com\/mece\/wp-content\/uploads\/2016\/04\/Libro-Adi\u00f3s-Mam\u00e1-por-Manuel-Aparicio-Burgos-Mecerreyes-768x448.jpg 768w, https:\/\/www.mecerreyes.com\/mece\/wp-content\/uploads\/2016\/04\/Libro-Adi\u00f3s-Mam\u00e1-por-Manuel-Aparicio-Burgos-Mecerreyes-1024x597.jpg 1024w\" sizes=\"(max-width: 800px) 100vw, 800px\" \/><\/a><p id=\"caption-attachment-12607\" class=\"wp-caption-text\">Libro, Adi\u00f3s Mam\u00e1 por Manuel Aparicio Burgos (Mecerreyes)<\/p><\/div>\n<h1><strong>NACIMIENTO ALEC<\/strong><\/h1>\n<p style=\"text-align: justify\">\u201cOs escribo para comunicaros que con un poco de adelanto ha nacido <span style=\"text-decoration: underline\"><strong>ALEC<\/strong><\/span> (hijo de Rut y Julen, nieto de Carmen y Lorenzo).<\/p>\n<p style=\"text-align: justify\">Todos estamos encantados, en breve estar\u00e1 por Mecerreyes para conoceros.<br \/>\nUn saludo.\u201d<\/p>\n<p style=\"text-align: justify\">Felicitamos a la familia por el nuevo miembro y por querer compartirlo con nosotros, en pocos a\u00f1os le espera una Pe\u00f1a de amigos para disfrutar del pueblo. \u00a1Te esperamos peque\u00f1\u00edn!<\/p>\n<div id=\"attachment_12614\" style=\"width: 810px\" class=\"wp-caption alignnone\"><a  href=\"http:\/\/www.mecerreyes.com\/mece\/wp-content\/uploads\/2016\/04\/Alec-naci\u00f3-el-15-de-febrero-de-2016.jpg\" class=\"thickbox no_icon\" title=\"Alec, naci\u00f3 el 15 de febrero de 2016\"><img loading=\"lazy\" decoding=\"async\" aria-describedby=\"caption-attachment-12614\" class=\"wp-image-12614\" src=\"http:\/\/www.mecerreyes.com\/mece\/wp-content\/uploads\/2016\/04\/Alec-naci\u00f3-el-15-de-febrero-de-2016.jpg\" alt=\"Alec, naci\u00f3 el 15 de febrero de 2016\" width=\"800\" height=\"578\" srcset=\"https:\/\/www.mecerreyes.com\/mece\/wp-content\/uploads\/2016\/04\/Alec-naci\u00f3-el-15-de-febrero-de-2016.jpg 5102w, https:\/\/www.mecerreyes.com\/mece\/wp-content\/uploads\/2016\/04\/Alec-naci\u00f3-el-15-de-febrero-de-2016-300x217.jpg 300w, https:\/\/www.mecerreyes.com\/mece\/wp-content\/uploads\/2016\/04\/Alec-naci\u00f3-el-15-de-febrero-de-2016-768x555.jpg 768w, https:\/\/www.mecerreyes.com\/mece\/wp-content\/uploads\/2016\/04\/Alec-naci\u00f3-el-15-de-febrero-de-2016-1024x740.jpg 1024w\" sizes=\"(max-width: 800px) 100vw, 800px\" \/><\/a><p id=\"caption-attachment-12614\" class=\"wp-caption-text\">Alec, naci\u00f3 el 15 de febrero de 2016<\/p><\/div>\n<h1><strong>DEFUNCIONES<\/strong><\/h1>\n<p style=\"text-align: justify\">Estas son noticias que cuesta contar, el 13 de marzo dos de nuestros vecinos nos dijeron Adi\u00f3s, aunque forma parte de la ruta\u00a0 de la vida, ver que los amigos llegan a la meta es doloroso. Nos queda en el recuerdo su compromiso con el pueblo, su solidaridad, su disposici\u00f3n y su alegr\u00eda. Descansen en paz.<\/p>\n<div id=\"attachment_12615\" style=\"width: 810px\" class=\"wp-caption alignnone\"><a  href=\"http:\/\/www.mecerreyes.com\/mece\/wp-content\/uploads\/2016\/04\/Esquela-de-Rufi-Arribas-Burgos-falleci\u00f3-el-13-de-marzo-de-2016-a-los-78-a\u00f1os.jpg\" rel=\"attachment wp-att-12615\" class=\"thickbox no_icon\" title=\"Esquela de Rufi Arribas Burgos, falleci\u00f3 el 13 de marzo de 2016, a los 78 a\u00f1os\"><img loading=\"lazy\" decoding=\"async\" aria-describedby=\"caption-attachment-12615\" class=\"wp-image-12615\" src=\"http:\/\/www.mecerreyes.com\/mece\/wp-content\/uploads\/2016\/04\/Esquela-de-Rufi-Arribas-Burgos-falleci\u00f3-el-13-de-marzo-de-2016-a-los-78-a\u00f1os.jpg\" alt=\"Esquela de Rufi Arribas Burgos, falleci\u00f3 el 13 de marzo de 2016, a los 78 a\u00f1os\" width=\"800\" height=\"322\" srcset=\"https:\/\/www.mecerreyes.com\/mece\/wp-content\/uploads\/2016\/04\/Esquela-de-Rufi-Arribas-Burgos-falleci\u00f3-el-13-de-marzo-de-2016-a-los-78-a\u00f1os.jpg 1744w, https:\/\/www.mecerreyes.com\/mece\/wp-content\/uploads\/2016\/04\/Esquela-de-Rufi-Arribas-Burgos-falleci\u00f3-el-13-de-marzo-de-2016-a-los-78-a\u00f1os-300x121.jpg 300w, https:\/\/www.mecerreyes.com\/mece\/wp-content\/uploads\/2016\/04\/Esquela-de-Rufi-Arribas-Burgos-falleci\u00f3-el-13-de-marzo-de-2016-a-los-78-a\u00f1os-768x310.jpg 768w, https:\/\/www.mecerreyes.com\/mece\/wp-content\/uploads\/2016\/04\/Esquela-de-Rufi-Arribas-Burgos-falleci\u00f3-el-13-de-marzo-de-2016-a-los-78-a\u00f1os-1024x413.jpg 1024w\" sizes=\"(max-width: 800px) 100vw, 800px\" \/><\/a><p id=\"caption-attachment-12615\" class=\"wp-caption-text\">Esquela de Rufi Arribas Burgos, falleci\u00f3 el 13 de marzo de 2016, a los 78 a\u00f1os<\/p><\/div>\n<p>&nbsp;<\/p>\n<div id=\"attachment_12616\" style=\"width: 810px\" class=\"wp-caption alignnone\"><a  href=\"http:\/\/www.mecerreyes.com\/mece\/wp-content\/uploads\/2016\/04\/Esquela-de-Agust\u00edn-Santamar\u00eda-Burgos-falleci\u00f3-el-13-de-marzo-de-2016-a-los-72-a\u00f1os.jpg\" rel=\"attachment wp-att-12616\" class=\"thickbox no_icon\" title=\"Esquela de Agust\u00edn Santamar\u00eda Burgos, falleci\u00f3 el 13 de marzo de 2016, a los 72 a\u00f1os\"><img loading=\"lazy\" decoding=\"async\" aria-describedby=\"caption-attachment-12616\" class=\"wp-image-12616\" src=\"http:\/\/www.mecerreyes.com\/mece\/wp-content\/uploads\/2016\/04\/Esquela-de-Agust\u00edn-Santamar\u00eda-Burgos-falleci\u00f3-el-13-de-marzo-de-2016-a-los-72-a\u00f1os.jpg\" alt=\"Esquela de Agust\u00edn Santamar\u00eda Burgos, falleci\u00f3 el 13 de marzo de 2016, a los 72 a\u00f1os\" width=\"800\" height=\"432\" srcset=\"https:\/\/www.mecerreyes.com\/mece\/wp-content\/uploads\/2016\/04\/Esquela-de-Agust\u00edn-Santamar\u00eda-Burgos-falleci\u00f3-el-13-de-marzo-de-2016-a-los-72-a\u00f1os.jpg 1218w, https:\/\/www.mecerreyes.com\/mece\/wp-content\/uploads\/2016\/04\/Esquela-de-Agust\u00edn-Santamar\u00eda-Burgos-falleci\u00f3-el-13-de-marzo-de-2016-a-los-72-a\u00f1os-300x162.jpg 300w, https:\/\/www.mecerreyes.com\/mece\/wp-content\/uploads\/2016\/04\/Esquela-de-Agust\u00edn-Santamar\u00eda-Burgos-falleci\u00f3-el-13-de-marzo-de-2016-a-los-72-a\u00f1os-768x415.jpg 768w, https:\/\/www.mecerreyes.com\/mece\/wp-content\/uploads\/2016\/04\/Esquela-de-Agust\u00edn-Santamar\u00eda-Burgos-falleci\u00f3-el-13-de-marzo-de-2016-a-los-72-a\u00f1os-1024x553.jpg 1024w\" sizes=\"(max-width: 800px) 100vw, 800px\" \/><\/a><p id=\"caption-attachment-12616\" class=\"wp-caption-text\">Esquela de Agust\u00edn Santamar\u00eda Burgos, falleci\u00f3 el 13 de marzo de 2016, a los 72 a\u00f1os<\/p><\/div>\n<h1><strong>CA\u00d1ADA REAL BURGALESA<\/strong><\/h1>\n<p style=\"text-align: justify\">Se denominan\u00a0<strong>ca\u00f1adas reales<\/strong>\u00a0a aquellas\u00a0ca\u00f1adas\u00a0de uso tradicional en la\u00a0trashumancia en Espa\u00f1a, reguladas por edicto real de\u00a0Alfonso X el Sabio\u00a0en 1273. Si bien los caminos trazados por las ca\u00f1adas luego conocidas como\u00a0reales\u00a0eran recorridos usados desde el antiguo por el\u00a0pastoreo trashumante, el decreto de Alfonso X persegu\u00eda la regulaci\u00f3n, ordenaci\u00f3n y protecci\u00f3n de ciertos caminos que por su importancia, uso o ubicaci\u00f3n merec\u00edan ser preservados de posibles violaciones. Deb\u00eda tener una anchura de 90\u00a0varas castellanas\u00a0(72,22 metros) y ten\u00edan la caracter\u00edstica de ser trazados de muy largo recorrido (m\u00e1s de 500\u00a0km) y discurrir principalmente en direcci\u00f3n Norte\u2013Sur con las l\u00f3gicas limitaciones que impusiera la geograf\u00eda. Con la regulaci\u00f3n real, quedaba asimismo prohibido el recorte que realizaban com\u00fanmente los propietarios de fincas colindantes mediante el movimiento de mojones.<\/p>\n<p style=\"text-align: justify\">Desde 2007, est\u00e1n incluidas en la\u00a0lista indicativa\u00a0de la\u00a0Unesco, es decir la etapa preliminar a cualquier futura candidatura a\u00a0Patrimonio de la Humanidad, como: ca\u00f1adas reales (v\u00edas pecuarias de la Meseta)<\/p>\n<p style=\"text-align: justify\"><strong>La Ca\u00f1ada Real Burgalesa<\/strong>. Arranca de la\u00a0Sierra de la Demanda, al sureste de la ciudad de Burgos.<\/p>\n<p style=\"text-align: justify\"><strong>Recorrido por la provincia de Burgos<\/strong>:<\/p>\n<p style=\"text-align: justify\">Monterrubio de la Demanda, Huerta de Arriba, Valle de Valdelaguna, Barbadillo de Herreros, Vallejimeno, Barbadillo del Pez, Jaramillo de la Fuente, Vizcainos,\u00a0Jaramillo Quemado, Villaespasa, Campolara, Jurisdicci\u00f3n de Lara, Quintanilla de las Vi\u00f1as, <strong>Mecerreyes<\/strong>, El Bardal (Lerma), Quintanilla del Agua, Santa In\u00e9s, Quintanilla de la Mata,\u00a0Avellanosa de Mu\u00f1o,\u00a0Lerma, Iglesiarrubia, Villafruela, Torresandino, T\u00f3rtoles de Esgueva y se interna en la provincia de Palencia.<\/p>\n<p style=\"text-align: justify\">Dada como digo la importancia de la protecci\u00f3n de estos caminos, La Junta de Castilla y Le\u00f3n ha colocado un cartel se\u00f1alizador del tramo de la ruta entre Quintanilla del Agua \u2013 Mecerreyes \/ Mecerreyes- Campolara. Est\u00e1 situado en el Alto del Cirig\u00fce\u00f1o.<\/p>\n<div id=\"attachment_12617\" style=\"width: 810px\" class=\"wp-caption alignnone\"><a  href=\"http:\/\/www.mecerreyes.com\/mece\/wp-content\/uploads\/2016\/04\/Cartel-Ca\u00f1ada-Real-Burgalesa-Mecerreyes.jpg\" rel=\"attachment wp-att-12617\" class=\"thickbox no_icon\" title=\"Cartel, Ca\u00f1ada Real Burgalesa, Mecerreyes\"><img loading=\"lazy\" decoding=\"async\" aria-describedby=\"caption-attachment-12617\" class=\"wp-image-12617\" src=\"http:\/\/www.mecerreyes.com\/mece\/wp-content\/uploads\/2016\/04\/Cartel-Ca\u00f1ada-Real-Burgalesa-Mecerreyes.jpg\" alt=\"Cartel, Ca\u00f1ada Real Burgalesa, Mecerreyes\" width=\"800\" height=\"600\" srcset=\"https:\/\/www.mecerreyes.com\/mece\/wp-content\/uploads\/2016\/04\/Cartel-Ca\u00f1ada-Real-Burgalesa-Mecerreyes.jpg 3264w, https:\/\/www.mecerreyes.com\/mece\/wp-content\/uploads\/2016\/04\/Cartel-Ca\u00f1ada-Real-Burgalesa-Mecerreyes-300x225.jpg 300w, https:\/\/www.mecerreyes.com\/mece\/wp-content\/uploads\/2016\/04\/Cartel-Ca\u00f1ada-Real-Burgalesa-Mecerreyes-768x576.jpg 768w, https:\/\/www.mecerreyes.com\/mece\/wp-content\/uploads\/2016\/04\/Cartel-Ca\u00f1ada-Real-Burgalesa-Mecerreyes-1024x768.jpg 1024w\" sizes=\"(max-width: 800px) 100vw, 800px\" \/><\/a><p id=\"caption-attachment-12617\" class=\"wp-caption-text\">Cartel, Ca\u00f1ada Real Burgalesa, Mecerreyes<\/p><\/div>\n<div id=\"attachment_12618\" style=\"width: 810px\" class=\"wp-caption alignnone\"><a  href=\"http:\/\/www.mecerreyes.com\/mece\/wp-content\/uploads\/2016\/04\/Cartel-Ca\u00f1ada-Real-Burgalesa-Mecerreyes-1.jpg\" rel=\"attachment wp-att-12618\" class=\"thickbox no_icon\" title=\"Cartel, Ca\u00f1ada Real Burgalesa, Mecerreyes\"><img loading=\"lazy\" decoding=\"async\" aria-describedby=\"caption-attachment-12618\" class=\"wp-image-12618\" src=\"http:\/\/www.mecerreyes.com\/mece\/wp-content\/uploads\/2016\/04\/Cartel-Ca\u00f1ada-Real-Burgalesa-Mecerreyes-1.jpg\" alt=\"Cartel, Ca\u00f1ada Real Burgalesa, Mecerreyes\" width=\"800\" height=\"600\" srcset=\"https:\/\/www.mecerreyes.com\/mece\/wp-content\/uploads\/2016\/04\/Cartel-Ca\u00f1ada-Real-Burgalesa-Mecerreyes-1.jpg 3264w, https:\/\/www.mecerreyes.com\/mece\/wp-content\/uploads\/2016\/04\/Cartel-Ca\u00f1ada-Real-Burgalesa-Mecerreyes-1-300x225.jpg 300w, https:\/\/www.mecerreyes.com\/mece\/wp-content\/uploads\/2016\/04\/Cartel-Ca\u00f1ada-Real-Burgalesa-Mecerreyes-1-768x576.jpg 768w, https:\/\/www.mecerreyes.com\/mece\/wp-content\/uploads\/2016\/04\/Cartel-Ca\u00f1ada-Real-Burgalesa-Mecerreyes-1-1024x768.jpg 1024w\" sizes=\"(max-width: 800px) 100vw, 800px\" \/><\/a><p id=\"caption-attachment-12618\" class=\"wp-caption-text\">Cartel, Ca\u00f1ada Real Burgalesa, Mecerreyes<\/p><\/div>\n<h1><strong>D\u00cdA DE LA MUJER<\/strong><\/h1>\n<p style=\"text-align: justify\">El mes pasado con un cartel\u00a0 que por lema dec\u00eda: \u201cEl alma de una mujer es la obra<\/p>\n<div id=\"attachment_12526\" style=\"width: 280px\" class=\"wp-caption alignright\"><a  href=\"http:\/\/www.mecerreyes.com\/mece\/wp-content\/uploads\/2016\/03\/Mecerreyes-2016-cena-d\u00eda-de-la-Mujer.jpg\" rel=\"attachment wp-att-12526\" class=\"thickbox no_icon\" title=\"Mecerreyes 2016, cena d\u00eda de la Mujer\"><img loading=\"lazy\" decoding=\"async\" aria-describedby=\"caption-attachment-12526\" class=\"wp-image-12526\" src=\"http:\/\/www.mecerreyes.com\/mece\/wp-content\/uploads\/2016\/03\/Mecerreyes-2016-cena-d\u00eda-de-la-Mujer.jpg\" alt=\"Mecerreyes 2016, cena d\u00eda de la Mujer\" width=\"270\" height=\"371\" srcset=\"https:\/\/www.mecerreyes.com\/mece\/wp-content\/uploads\/2016\/03\/Mecerreyes-2016-cena-d\u00eda-de-la-Mujer.jpg 2482w, https:\/\/www.mecerreyes.com\/mece\/wp-content\/uploads\/2016\/03\/Mecerreyes-2016-cena-d\u00eda-de-la-Mujer-218x300.jpg 218w, https:\/\/www.mecerreyes.com\/mece\/wp-content\/uploads\/2016\/03\/Mecerreyes-2016-cena-d\u00eda-de-la-Mujer-768x1055.jpg 768w, https:\/\/www.mecerreyes.com\/mece\/wp-content\/uploads\/2016\/03\/Mecerreyes-2016-cena-d\u00eda-de-la-Mujer-746x1024.jpg 746w\" sizes=\"(max-width: 270px) 100vw, 270px\" \/><\/a><p id=\"caption-attachment-12526\" class=\"wp-caption-text\">Mecerreyes 2016, cena d\u00eda de la Mujer<\/p><\/div>\n<p style=\"text-align: justify\">maestra de la creaci\u00f3n\u201d (de Confucio), se invitaba a todas las mujeres trabajadoras a compartir mesa y mantel en el <a  href=\"https:\/\/www.mecerreyes.com\/mece\/?page_id=797\">Mes\u00f3n de Frutos<\/a>.<\/p>\n<p style=\"text-align: justify\">Aunque el d\u00eda\u00a0 oficial era el d\u00eda 8 de marzo,\u00a0 fue el d\u00eda 12 cuando cenaron 24 amigas\u00a0 en Mecerreyes, entre las comensales\u00a0 3 de Cubillo del Campo y 1 de Campolara. Lo pasaron divinamente.<\/p>\n<p style=\"text-align: justify\">Deseamos no decaiga esta iniciativa tan bonita y se sumen cada vez m\u00e1s mujeres a la celebraci\u00f3n.<\/p>\n<p style=\"text-align: justify\">Felicidades a todas por fomentar\u00a0 la vida en el mundo rural.<\/p>\n<h1><\/h1>\n<h1><strong>REFRANERO<\/strong><\/h1>\n<ul>\n<li style=\"text-align: justify\">Marzo, los almendros en flor\u00a0 los mozos en amor.<\/li>\n<li style=\"text-align: justify\">En marzo como marzadas: viento fr\u00edo y granizadas.<\/li>\n<li style=\"text-align: justify\">Marzo ventoso y abril lluvioso, hacen de mayo florido y hermoso.<\/li>\n<li style=\"text-align: justify\">Nieve en marzo vale un dinerazo.<\/li>\n<li style=\"text-align: justify\">Si en marzo truena, cosecha buena.<\/li>\n<li style=\"text-align: justify\">Si el cuco no canta por marzo o abril, o el cuco se ha muerto o el fin del mundo quiere venir.<\/li>\n<li style=\"text-align: justify\">Cuando marzo vuelve el rabo, todav\u00eda al invierno no se le ve el cabo.<\/li>\n<\/ul>\n<p>&nbsp;<\/p>\n<h1><strong><a  href=\"https:\/\/www.mecerreyes.com\/mece\/?page_id=48\">SEMANA SANTA<\/a><\/strong><\/h1>\n<div id=\"attachment_12648\" style=\"width: 810px\" class=\"wp-caption alignnone\"><a  href=\"http:\/\/www.mecerreyes.com\/mece\/wp-content\/uploads\/2016\/04\/Mecerreyes-Semana-Santa-2016-1.jpg\" rel=\"attachment wp-att-12648\" class=\"thickbox no_icon\" title=\"Mecerreyes, Semana Santa 2016\"><img loading=\"lazy\" decoding=\"async\" aria-describedby=\"caption-attachment-12648\" class=\"wp-image-12648\" src=\"http:\/\/www.mecerreyes.com\/mece\/wp-content\/uploads\/2016\/04\/Mecerreyes-Semana-Santa-2016-1.jpg\" alt=\"Mecerreyes, Semana Santa 2016\" width=\"800\" height=\"450\" srcset=\"https:\/\/www.mecerreyes.com\/mece\/wp-content\/uploads\/2016\/04\/Mecerreyes-Semana-Santa-2016-1.jpg 800w, https:\/\/www.mecerreyes.com\/mece\/wp-content\/uploads\/2016\/04\/Mecerreyes-Semana-Santa-2016-1-300x169.jpg 300w, https:\/\/www.mecerreyes.com\/mece\/wp-content\/uploads\/2016\/04\/Mecerreyes-Semana-Santa-2016-1-768x432.jpg 768w\" sizes=\"(max-width: 800px) 100vw, 800px\" \/><\/a><p id=\"caption-attachment-12648\" class=\"wp-caption-text\">Mecerreyes, <a  href=\"https:\/\/www.mecerreyes.com\/mece\/?page_id=48\">Semana Santa<\/a> 2016<\/p><\/div>\n<p style=\"text-align: justify\">Sirva este v\u00eddeo de la <a  href=\"https:\/\/www.mecerreyes.com\/mece\/?page_id=48\">Semana Santa<\/a> Burgalesa como introducci\u00f3n\u00a0 de lo que en Mecerreyes se vive estos d\u00edas tan importantes para los cristianos.<\/p>\n<p><iframe loading=\"lazy\" width=\"1080\" height=\"810\" src=\"https:\/\/www.youtube.com\/embed\/CbUGyG277_4?feature=oembed\" frameborder=\"0\" allowfullscreen><\/iframe><\/p>\n<p style=\"text-align: justify\">Tal y como orden\u00f3 Felipe II en 1575, en Mecerreyes se vive con un respeto y recogimiento especial esta fiesta religiosa.<\/p>\n<p style=\"text-align: justify\">El Domingo de Ramos \u00a0comenzaba con la bendici\u00f3n de los ramos en la plaza, \u00a0las palmas rodeando a la extraordinaria cruz de plata seguida por el pueblo con sus ramos, lucieron en procesi\u00f3n hasta la iglesia.<\/p>\n\n\t\t<style type=\"text\/css\">\n\t\t\t#gallery-1 {\n\t\t\t\tmargin: auto;\n\t\t\t}\n\t\t\t#gallery-1 .gallery-item {\n\t\t\t\tfloat: left;\n\t\t\t\tmargin-top: 10px;\n\t\t\t\ttext-align: center;\n\t\t\t\twidth: 33%;\n\t\t\t}\n\t\t\t#gallery-1 img {\n\t\t\t\tborder: 2px solid #cfcfcf;\n\t\t\t}\n\t\t\t#gallery-1 .gallery-caption {\n\t\t\t\tmargin-left: 0;\n\t\t\t}\n\t\t\t\/* see gallery_shortcode() in wp-includes\/media.php *\/\n\t\t<\/style>\n\t\t<div id='gallery-1' class='gallery galleryid-12569 gallery-columns-3 gallery-size-thumbnail'><dl class='gallery-item'>\n\t\t\t<dt class='gallery-icon landscape'>\n\t\t\t\t<a  href=\"https:\/\/www.mecerreyes.com\/mece\/wp-content\/uploads\/2016\/04\/Mecerreyes-Domingo-de-Ramos20-03-2016-0.jpg\" class=\"thickbox no_icon\" title=\"\"><img loading=\"lazy\" decoding=\"async\" width=\"150\" height=\"150\" src=\"https:\/\/www.mecerreyes.com\/mece\/wp-content\/uploads\/2016\/04\/Mecerreyes-Domingo-de-Ramos20-03-2016-0-150x150.jpg\" class=\"attachment-thumbnail size-thumbnail\" alt=\"\" \/><\/a>\n\t\t\t<\/dt><\/dl><dl class='gallery-item'>\n\t\t\t<dt class='gallery-icon landscape'>\n\t\t\t\t<a  href=\"https:\/\/www.mecerreyes.com\/mece\/wp-content\/uploads\/2016\/04\/Mecerreyes-Domingo-de-Ramos20-03-2016-1.jpg\" class=\"thickbox no_icon\" title=\"\"><img loading=\"lazy\" decoding=\"async\" width=\"150\" height=\"150\" src=\"https:\/\/www.mecerreyes.com\/mece\/wp-content\/uploads\/2016\/04\/Mecerreyes-Domingo-de-Ramos20-03-2016-1-150x150.jpg\" class=\"attachment-thumbnail size-thumbnail\" alt=\"\" \/><\/a>\n\t\t\t<\/dt><\/dl><dl class='gallery-item'>\n\t\t\t<dt class='gallery-icon landscape'>\n\t\t\t\t<a  href=\"https:\/\/www.mecerreyes.com\/mece\/wp-content\/uploads\/2016\/04\/Mecerreyes-Domingo-de-Ramos20-03-2016-2.jpg\" class=\"thickbox no_icon\" title=\"\"><img loading=\"lazy\" decoding=\"async\" width=\"150\" height=\"150\" src=\"https:\/\/www.mecerreyes.com\/mece\/wp-content\/uploads\/2016\/04\/Mecerreyes-Domingo-de-Ramos20-03-2016-2-150x150.jpg\" class=\"attachment-thumbnail size-thumbnail\" alt=\"\" \/><\/a>\n\t\t\t<\/dt><\/dl><br style=\"clear: both\" \/><dl class='gallery-item'>\n\t\t\t<dt class='gallery-icon landscape'>\n\t\t\t\t<a  href=\"https:\/\/www.mecerreyes.com\/mece\/wp-content\/uploads\/2016\/04\/Mecerreyes-Domingo-de-Ramos20-03-2016-3.jpg\" class=\"thickbox no_icon\" title=\"\"><img loading=\"lazy\" decoding=\"async\" width=\"150\" height=\"150\" src=\"https:\/\/www.mecerreyes.com\/mece\/wp-content\/uploads\/2016\/04\/Mecerreyes-Domingo-de-Ramos20-03-2016-3-150x150.jpg\" class=\"attachment-thumbnail size-thumbnail\" alt=\"\" \/><\/a>\n\t\t\t<\/dt><\/dl><dl class='gallery-item'>\n\t\t\t<dt class='gallery-icon landscape'>\n\t\t\t\t<a  href=\"https:\/\/www.mecerreyes.com\/mece\/wp-content\/uploads\/2016\/04\/Mecerreyes-Domingo-de-Ramos20-03-2016-4.jpg\" class=\"thickbox no_icon\" title=\"\"><img loading=\"lazy\" decoding=\"async\" width=\"150\" height=\"150\" src=\"https:\/\/www.mecerreyes.com\/mece\/wp-content\/uploads\/2016\/04\/Mecerreyes-Domingo-de-Ramos20-03-2016-4-150x150.jpg\" class=\"attachment-thumbnail size-thumbnail\" alt=\"\" \/><\/a>\n\t\t\t<\/dt><\/dl><dl class='gallery-item'>\n\t\t\t<dt class='gallery-icon landscape'>\n\t\t\t\t<a  href=\"https:\/\/www.mecerreyes.com\/mece\/wp-content\/uploads\/2016\/04\/Mecerreyes-Domingo-de-Ramos20-03-2016-5.jpg\" class=\"thickbox no_icon\" title=\"\"><img loading=\"lazy\" decoding=\"async\" width=\"150\" height=\"150\" src=\"https:\/\/www.mecerreyes.com\/mece\/wp-content\/uploads\/2016\/04\/Mecerreyes-Domingo-de-Ramos20-03-2016-5-150x150.jpg\" class=\"attachment-thumbnail size-thumbnail\" alt=\"\" \/><\/a>\n\t\t\t<\/dt><\/dl><br style=\"clear: both\" \/>\n\t\t<\/div>\n\n<p style=\"text-align: justify\">El jueves Santo como es costumbre, despu\u00e9s de la eucarist\u00eda se subastaron los cirineos en el <a  href=\"https:\/\/www.mecerreyes.com\/mece\/?page_id=24\">Ayuntamiento<\/a>, nuevamente un muchacho imbuido por los valores cristianos y un amor al pueblo indiscutible, se qued\u00f3 como responsable de llevar la cruz al d\u00eda siguiente.<\/p>\n<p style=\"text-align: justify\">Miguel Gonz\u00e1lez Mambrillas, acompa\u00f1ado de Paco realizaron el Viacrucis del Viernes Santo, el tiempo respet\u00f3 este momento tan emotivo. El pend\u00f3n abriendo camino, cruz, luminarias y estandarte, p\u00fablico en respetuoso\u00a0 silencio rodeando a los cirineos, Roberto narrando cada uno de los pasos, coro de mujeres afinado entonando canciones,\u00a0 mujeres organizadas en el relevo de llevar en hombros a la Virgen, \u00a1todo perfecto! incluso el canto de la Salve al final del trayecto.<\/p>\n<p style=\"text-align: justify\">Cada uno nos equipamos para el camino de la vida con enseres y una disposici\u00f3n<\/p>\n<div id=\"attachment_12651\" style=\"width: 260px\" class=\"wp-caption alignright\"><a  href=\"http:\/\/www.mecerreyes.com\/mece\/wp-content\/uploads\/2016\/04\/Mecerreyes-Viacrucis-Semana-Santa-2016.jpg\" rel=\"attachment wp-att-12651\" class=\"thickbox no_icon\" title=\"Mecerreyes, Viacrucis Semana Santa 2016\"><img loading=\"lazy\" decoding=\"async\" aria-describedby=\"caption-attachment-12651\" class=\"wp-image-12651\" src=\"http:\/\/www.mecerreyes.com\/mece\/wp-content\/uploads\/2016\/04\/Mecerreyes-Viacrucis-Semana-Santa-2016.jpg\" alt=\"Mecerreyes, Viacrucis Semana Santa 2016\" width=\"250\" height=\"167\" srcset=\"https:\/\/www.mecerreyes.com\/mece\/wp-content\/uploads\/2016\/04\/Mecerreyes-Viacrucis-Semana-Santa-2016.jpg 800w, https:\/\/www.mecerreyes.com\/mece\/wp-content\/uploads\/2016\/04\/Mecerreyes-Viacrucis-Semana-Santa-2016-300x201.jpg 300w, https:\/\/www.mecerreyes.com\/mece\/wp-content\/uploads\/2016\/04\/Mecerreyes-Viacrucis-Semana-Santa-2016-768x515.jpg 768w\" sizes=\"(max-width: 250px) 100vw, 250px\" \/><\/a><p id=\"caption-attachment-12651\" class=\"wp-caption-text\">Mecerreyes, Viacrucis <a  href=\"https:\/\/www.mecerreyes.com\/mece\/?page_id=48\">Semana Santa<\/a> 2016<\/p><\/div>\n<p style=\"text-align: justify\">diferente, cargamos nuestra cruz a veces con demasiados estorbos. En fechas como estas, uno se da cuenta que unas simples sandalias es lo que necesitamos para seguir a El Salvador.<\/p>\n<p style=\"text-align: justify\">Un Viacrucis sencillo pero que cala igual de hondo.<\/p>\n<p style=\"text-align: justify\">La Vigilia Pascual del s\u00e1bado noche sirvi\u00f3 de renovaci\u00f3n personal, periodo de 50 d\u00edas de Pascua para estar felices, para sentir que nuestra fe es una CERTEZA.<\/p>\n<p style=\"text-align: justify\">Sencilla y solemne la procesi\u00f3n del Encuentro, felices compartimos la eucarist\u00eda y la cantamos dirigidos por Lourdes Alonso.<\/p>\n<p style=\"text-align: justify\">Todos un a\u00f1o m\u00e1s mayores, algunas ausencias, pero con \u00e1nimos\u00a0 mientras se pueda,\u00a0 de compartir en el pueblo otra <a  href=\"https:\/\/www.mecerreyes.com\/mece\/?page_id=48\">Semana Santa<\/a> m\u00e1s.<\/p>\n<p style=\"text-align: justify\"><span style=\"text-decoration: underline\"><strong>VIACRUCIS &#8211; Viernes Santo<\/strong><\/span><\/p>\n<p>&nbsp;<\/p>\n\n\t\t<style type=\"text\/css\">\n\t\t\t#gallery-2 {\n\t\t\t\tmargin: auto;\n\t\t\t}\n\t\t\t#gallery-2 .gallery-item {\n\t\t\t\tfloat: left;\n\t\t\t\tmargin-top: 10px;\n\t\t\t\ttext-align: center;\n\t\t\t\twidth: 33%;\n\t\t\t}\n\t\t\t#gallery-2 img {\n\t\t\t\tborder: 2px solid #cfcfcf;\n\t\t\t}\n\t\t\t#gallery-2 .gallery-caption {\n\t\t\t\tmargin-left: 0;\n\t\t\t}\n\t\t\t\/* see gallery_shortcode() in wp-includes\/media.php *\/\n\t\t<\/style>\n\t\t<div id='gallery-2' class='gallery galleryid-12569 gallery-columns-3 gallery-size-thumbnail'><dl class='gallery-item'>\n\t\t\t<dt class='gallery-icon landscape'>\n\t\t\t\t<a  href=\"https:\/\/www.mecerreyes.com\/mece\/wp-content\/uploads\/2016\/04\/Mecerreyes-Viacrucis-25-03-Semana-Santa-2016-1.jpg\" class=\"thickbox no_icon\" title=\"\"><img loading=\"lazy\" decoding=\"async\" width=\"150\" height=\"150\" src=\"https:\/\/www.mecerreyes.com\/mece\/wp-content\/uploads\/2016\/04\/Mecerreyes-Viacrucis-25-03-Semana-Santa-2016-1-150x150.jpg\" class=\"attachment-thumbnail size-thumbnail\" alt=\"\" \/><\/a>\n\t\t\t<\/dt><\/dl><dl class='gallery-item'>\n\t\t\t<dt class='gallery-icon landscape'>\n\t\t\t\t<a  href=\"https:\/\/www.mecerreyes.com\/mece\/wp-content\/uploads\/2016\/04\/Mecerreyes-Viacrucis-25-03-Semana-Santa-2016-2.jpg\" class=\"thickbox no_icon\" title=\"\"><img loading=\"lazy\" decoding=\"async\" width=\"150\" height=\"150\" src=\"https:\/\/www.mecerreyes.com\/mece\/wp-content\/uploads\/2016\/04\/Mecerreyes-Viacrucis-25-03-Semana-Santa-2016-2-150x150.jpg\" class=\"attachment-thumbnail size-thumbnail\" alt=\"\" \/><\/a>\n\t\t\t<\/dt><\/dl><dl class='gallery-item'>\n\t\t\t<dt class='gallery-icon landscape'>\n\t\t\t\t<a  href=\"https:\/\/www.mecerreyes.com\/mece\/wp-content\/uploads\/2016\/04\/Mecerreyes-Viacrucis-25-03-Semana-Santa-2016-3.jpg\" class=\"thickbox no_icon\" title=\"\"><img loading=\"lazy\" decoding=\"async\" width=\"150\" height=\"150\" src=\"https:\/\/www.mecerreyes.com\/mece\/wp-content\/uploads\/2016\/04\/Mecerreyes-Viacrucis-25-03-Semana-Santa-2016-3-150x150.jpg\" class=\"attachment-thumbnail size-thumbnail\" alt=\"\" \/><\/a>\n\t\t\t<\/dt><\/dl><br style=\"clear: both\" \/><dl class='gallery-item'>\n\t\t\t<dt class='gallery-icon landscape'>\n\t\t\t\t<a  href=\"https:\/\/www.mecerreyes.com\/mece\/wp-content\/uploads\/2016\/04\/Mecerreyes-Viacrucis-25-03-Semana-Santa-2016-4.jpg\" class=\"thickbox no_icon\" title=\"\"><img loading=\"lazy\" decoding=\"async\" width=\"150\" height=\"150\" src=\"https:\/\/www.mecerreyes.com\/mece\/wp-content\/uploads\/2016\/04\/Mecerreyes-Viacrucis-25-03-Semana-Santa-2016-4-150x150.jpg\" class=\"attachment-thumbnail size-thumbnail\" alt=\"\" \/><\/a>\n\t\t\t<\/dt><\/dl><dl class='gallery-item'>\n\t\t\t<dt class='gallery-icon landscape'>\n\t\t\t\t<a  href=\"https:\/\/www.mecerreyes.com\/mece\/wp-content\/uploads\/2016\/04\/Mecerreyes-Viacrucis-25-03-Semana-Santa-2016-5.jpg\" class=\"thickbox no_icon\" title=\"\"><img loading=\"lazy\" decoding=\"async\" width=\"150\" height=\"150\" src=\"https:\/\/www.mecerreyes.com\/mece\/wp-content\/uploads\/2016\/04\/Mecerreyes-Viacrucis-25-03-Semana-Santa-2016-5-150x150.jpg\" class=\"attachment-thumbnail size-thumbnail\" alt=\"\" \/><\/a>\n\t\t\t<\/dt><\/dl><dl class='gallery-item'>\n\t\t\t<dt class='gallery-icon landscape'>\n\t\t\t\t<a  href=\"https:\/\/www.mecerreyes.com\/mece\/wp-content\/uploads\/2016\/04\/Mecerreyes-Viacrucis-25-03-Semana-Santa-2016-6.jpg\" class=\"thickbox no_icon\" title=\"\"><img loading=\"lazy\" decoding=\"async\" width=\"150\" height=\"150\" src=\"https:\/\/www.mecerreyes.com\/mece\/wp-content\/uploads\/2016\/04\/Mecerreyes-Viacrucis-25-03-Semana-Santa-2016-6-150x150.jpg\" class=\"attachment-thumbnail size-thumbnail\" alt=\"\" \/><\/a>\n\t\t\t<\/dt><\/dl><br style=\"clear: both\" \/><dl class='gallery-item'>\n\t\t\t<dt class='gallery-icon landscape'>\n\t\t\t\t<a  href=\"https:\/\/www.mecerreyes.com\/mece\/wp-content\/uploads\/2016\/04\/Mecerreyes-Viacrucis-25-03-Semana-Santa-2016-7.jpg\" class=\"thickbox no_icon\" title=\"\"><img loading=\"lazy\" decoding=\"async\" width=\"150\" height=\"150\" src=\"https:\/\/www.mecerreyes.com\/mece\/wp-content\/uploads\/2016\/04\/Mecerreyes-Viacrucis-25-03-Semana-Santa-2016-7-150x150.jpg\" class=\"attachment-thumbnail size-thumbnail\" alt=\"\" \/><\/a>\n\t\t\t<\/dt><\/dl><dl class='gallery-item'>\n\t\t\t<dt class='gallery-icon portrait'>\n\t\t\t\t<a  href=\"https:\/\/www.mecerreyes.com\/mece\/wp-content\/uploads\/2016\/04\/Mecerreyes-Viacrucis-25-03-Semana-Santa-2016-8.jpg\" class=\"thickbox no_icon\" title=\"\"><img loading=\"lazy\" decoding=\"async\" width=\"150\" height=\"150\" src=\"https:\/\/www.mecerreyes.com\/mece\/wp-content\/uploads\/2016\/04\/Mecerreyes-Viacrucis-25-03-Semana-Santa-2016-8-150x150.jpg\" class=\"attachment-thumbnail size-thumbnail\" alt=\"\" \/><\/a>\n\t\t\t<\/dt><\/dl><dl class='gallery-item'>\n\t\t\t<dt class='gallery-icon landscape'>\n\t\t\t\t<a  href=\"https:\/\/www.mecerreyes.com\/mece\/wp-content\/uploads\/2016\/04\/Mecerreyes-Viacrucis-25-03-Semana-Santa-2016-9.jpg\" class=\"thickbox no_icon\" title=\"\"><img loading=\"lazy\" decoding=\"async\" width=\"150\" height=\"150\" src=\"https:\/\/www.mecerreyes.com\/mece\/wp-content\/uploads\/2016\/04\/Mecerreyes-Viacrucis-25-03-Semana-Santa-2016-9-150x150.jpg\" class=\"attachment-thumbnail size-thumbnail\" alt=\"\" \/><\/a>\n\t\t\t<\/dt><\/dl><br style=\"clear: both\" \/><dl class='gallery-item'>\n\t\t\t<dt class='gallery-icon landscape'>\n\t\t\t\t<a  href=\"https:\/\/www.mecerreyes.com\/mece\/wp-content\/uploads\/2016\/04\/Mecerreyes-Viacrucis-25-03-Semana-Santa-2016-10.jpg\" class=\"thickbox no_icon\" title=\"\"><img loading=\"lazy\" decoding=\"async\" width=\"150\" height=\"150\" src=\"https:\/\/www.mecerreyes.com\/mece\/wp-content\/uploads\/2016\/04\/Mecerreyes-Viacrucis-25-03-Semana-Santa-2016-10-150x150.jpg\" class=\"attachment-thumbnail size-thumbnail\" alt=\"\" \/><\/a>\n\t\t\t<\/dt><\/dl><dl class='gallery-item'>\n\t\t\t<dt class='gallery-icon landscape'>\n\t\t\t\t<a  href=\"https:\/\/www.mecerreyes.com\/mece\/wp-content\/uploads\/2016\/04\/Mecerreyes-Viacrucis-25-03-Semana-Santa-2016-11.jpg\" class=\"thickbox no_icon\" title=\"\"><img loading=\"lazy\" decoding=\"async\" width=\"150\" height=\"150\" src=\"https:\/\/www.mecerreyes.com\/mece\/wp-content\/uploads\/2016\/04\/Mecerreyes-Viacrucis-25-03-Semana-Santa-2016-11-150x150.jpg\" class=\"attachment-thumbnail size-thumbnail\" alt=\"\" \/><\/a>\n\t\t\t<\/dt><\/dl><dl class='gallery-item'>\n\t\t\t<dt class='gallery-icon landscape'>\n\t\t\t\t<a  href=\"https:\/\/www.mecerreyes.com\/mece\/wp-content\/uploads\/2016\/04\/Mecerreyes-Viacrucis-25-03-Semana-Santa-2016-12.jpg\" class=\"thickbox no_icon\" title=\"\"><img loading=\"lazy\" decoding=\"async\" width=\"150\" height=\"150\" src=\"https:\/\/www.mecerreyes.com\/mece\/wp-content\/uploads\/2016\/04\/Mecerreyes-Viacrucis-25-03-Semana-Santa-2016-12-150x150.jpg\" class=\"attachment-thumbnail size-thumbnail\" alt=\"\" \/><\/a>\n\t\t\t<\/dt><\/dl><br style=\"clear: both\" \/><dl class='gallery-item'>\n\t\t\t<dt class='gallery-icon landscape'>\n\t\t\t\t<a  href=\"https:\/\/www.mecerreyes.com\/mece\/wp-content\/uploads\/2016\/04\/Mecerreyes-Viacrucis-25-03-Semana-Santa-2016-13.jpg\" class=\"thickbox no_icon\" title=\"\"><img loading=\"lazy\" decoding=\"async\" width=\"150\" height=\"150\" src=\"https:\/\/www.mecerreyes.com\/mece\/wp-content\/uploads\/2016\/04\/Mecerreyes-Viacrucis-25-03-Semana-Santa-2016-13-150x150.jpg\" class=\"attachment-thumbnail size-thumbnail\" alt=\"\" \/><\/a>\n\t\t\t<\/dt><\/dl><dl class='gallery-item'>\n\t\t\t<dt class='gallery-icon portrait'>\n\t\t\t\t<a  href=\"https:\/\/www.mecerreyes.com\/mece\/wp-content\/uploads\/2016\/04\/Mecerreyes-Viacrucis-25-03-Semana-Santa-2016-14.jpg\" class=\"thickbox no_icon\" title=\"\"><img loading=\"lazy\" decoding=\"async\" width=\"150\" height=\"150\" src=\"https:\/\/www.mecerreyes.com\/mece\/wp-content\/uploads\/2016\/04\/Mecerreyes-Viacrucis-25-03-Semana-Santa-2016-14-150x150.jpg\" class=\"attachment-thumbnail size-thumbnail\" alt=\"\" \/><\/a>\n\t\t\t<\/dt><\/dl><dl class='gallery-item'>\n\t\t\t<dt class='gallery-icon portrait'>\n\t\t\t\t<a  href=\"https:\/\/www.mecerreyes.com\/mece\/wp-content\/uploads\/2016\/04\/Mecerreyes-Viacrucis-25-03-Semana-Santa-2016-15.jpg\" class=\"thickbox no_icon\" title=\"\"><img loading=\"lazy\" decoding=\"async\" width=\"150\" height=\"150\" src=\"https:\/\/www.mecerreyes.com\/mece\/wp-content\/uploads\/2016\/04\/Mecerreyes-Viacrucis-25-03-Semana-Santa-2016-15-150x150.jpg\" class=\"attachment-thumbnail size-thumbnail\" alt=\"\" \/><\/a>\n\t\t\t<\/dt><\/dl><br style=\"clear: both\" \/><dl class='gallery-item'>\n\t\t\t<dt class='gallery-icon landscape'>\n\t\t\t\t<a  href=\"https:\/\/www.mecerreyes.com\/mece\/wp-content\/uploads\/2016\/04\/Mecerreyes-Viacrucis-25-03-Semana-Santa-2016-16.jpg\" class=\"thickbox no_icon\" title=\"\"><img loading=\"lazy\" decoding=\"async\" width=\"150\" height=\"150\" src=\"https:\/\/www.mecerreyes.com\/mece\/wp-content\/uploads\/2016\/04\/Mecerreyes-Viacrucis-25-03-Semana-Santa-2016-16-150x150.jpg\" class=\"attachment-thumbnail size-thumbnail\" alt=\"\" \/><\/a>\n\t\t\t<\/dt><\/dl><dl class='gallery-item'>\n\t\t\t<dt class='gallery-icon landscape'>\n\t\t\t\t<a  href=\"https:\/\/www.mecerreyes.com\/mece\/wp-content\/uploads\/2016\/04\/Mecerreyes-Viacrucis-25-03-Semana-Santa-2016-17.jpg\" class=\"thickbox no_icon\" title=\"\"><img loading=\"lazy\" decoding=\"async\" width=\"150\" height=\"150\" src=\"https:\/\/www.mecerreyes.com\/mece\/wp-content\/uploads\/2016\/04\/Mecerreyes-Viacrucis-25-03-Semana-Santa-2016-17-150x150.jpg\" class=\"attachment-thumbnail size-thumbnail\" alt=\"\" \/><\/a>\n\t\t\t<\/dt><\/dl><dl class='gallery-item'>\n\t\t\t<dt class='gallery-icon portrait'>\n\t\t\t\t<a  href=\"https:\/\/www.mecerreyes.com\/mece\/wp-content\/uploads\/2016\/04\/Mecerreyes-Viacrucis-25-03-Semana-Santa-2016-18.jpg\" class=\"thickbox no_icon\" title=\"\"><img loading=\"lazy\" decoding=\"async\" width=\"150\" height=\"150\" src=\"https:\/\/www.mecerreyes.com\/mece\/wp-content\/uploads\/2016\/04\/Mecerreyes-Viacrucis-25-03-Semana-Santa-2016-18-150x150.jpg\" class=\"attachment-thumbnail size-thumbnail\" alt=\"\" \/><\/a>\n\t\t\t<\/dt><\/dl><br style=\"clear: both\" \/><dl class='gallery-item'>\n\t\t\t<dt class='gallery-icon portrait'>\n\t\t\t\t<a  href=\"https:\/\/www.mecerreyes.com\/mece\/wp-content\/uploads\/2016\/04\/Mecerreyes-Viacrucis-25-03-Semana-Santa-2016-19.jpg\" class=\"thickbox no_icon\" title=\"\"><img loading=\"lazy\" decoding=\"async\" width=\"150\" height=\"150\" src=\"https:\/\/www.mecerreyes.com\/mece\/wp-content\/uploads\/2016\/04\/Mecerreyes-Viacrucis-25-03-Semana-Santa-2016-19-150x150.jpg\" class=\"attachment-thumbnail size-thumbnail\" alt=\"\" \/><\/a>\n\t\t\t<\/dt><\/dl><dl class='gallery-item'>\n\t\t\t<dt class='gallery-icon landscape'>\n\t\t\t\t<a  href=\"https:\/\/www.mecerreyes.com\/mece\/wp-content\/uploads\/2016\/04\/Mecerreyes-Viacrucis-25-03-Semana-Santa-2016-20.jpg\" class=\"thickbox no_icon\" title=\"\"><img loading=\"lazy\" decoding=\"async\" width=\"150\" height=\"150\" src=\"https:\/\/www.mecerreyes.com\/mece\/wp-content\/uploads\/2016\/04\/Mecerreyes-Viacrucis-25-03-Semana-Santa-2016-20-150x150.jpg\" class=\"attachment-thumbnail size-thumbnail\" alt=\"\" \/><\/a>\n\t\t\t<\/dt><\/dl><dl class='gallery-item'>\n\t\t\t<dt class='gallery-icon landscape'>\n\t\t\t\t<a  href=\"https:\/\/www.mecerreyes.com\/mece\/wp-content\/uploads\/2016\/04\/Mecerreyes-Viacrucis-25-03-Semana-Santa-2016-21.jpg\" class=\"thickbox no_icon\" title=\"\"><img loading=\"lazy\" decoding=\"async\" width=\"150\" height=\"150\" src=\"https:\/\/www.mecerreyes.com\/mece\/wp-content\/uploads\/2016\/04\/Mecerreyes-Viacrucis-25-03-Semana-Santa-2016-21-150x150.jpg\" class=\"attachment-thumbnail size-thumbnail\" alt=\"\" \/><\/a>\n\t\t\t<\/dt><\/dl><br style=\"clear: both\" \/>\n\t\t<\/div>\n\n<p>&nbsp;<\/p>\n<p><span style=\"text-decoration: underline\"><strong>DOMINGO DE PASCUA<\/strong><\/span><\/p>\n<p>&nbsp;<\/p>\n\n\t\t<style type=\"text\/css\">\n\t\t\t#gallery-3 {\n\t\t\t\tmargin: auto;\n\t\t\t}\n\t\t\t#gallery-3 .gallery-item {\n\t\t\t\tfloat: left;\n\t\t\t\tmargin-top: 10px;\n\t\t\t\ttext-align: center;\n\t\t\t\twidth: 33%;\n\t\t\t}\n\t\t\t#gallery-3 img {\n\t\t\t\tborder: 2px solid #cfcfcf;\n\t\t\t}\n\t\t\t#gallery-3 .gallery-caption {\n\t\t\t\tmargin-left: 0;\n\t\t\t}\n\t\t\t\/* see gallery_shortcode() in wp-includes\/media.php *\/\n\t\t<\/style>\n\t\t<div id='gallery-3' class='gallery galleryid-12569 gallery-columns-3 gallery-size-thumbnail'><dl class='gallery-item'>\n\t\t\t<dt class='gallery-icon portrait'>\n\t\t\t\t<a  href=\"https:\/\/www.mecerreyes.com\/mece\/wp-content\/uploads\/2016\/04\/Mecerreyes-Domingo-de-Pascua-27-03-Semana-Santa-2016-1.jpg\" class=\"thickbox no_icon\" title=\"\"><img loading=\"lazy\" decoding=\"async\" width=\"150\" height=\"150\" src=\"https:\/\/www.mecerreyes.com\/mece\/wp-content\/uploads\/2016\/04\/Mecerreyes-Domingo-de-Pascua-27-03-Semana-Santa-2016-1-150x150.jpg\" class=\"attachment-thumbnail size-thumbnail\" alt=\"\" \/><\/a>\n\t\t\t<\/dt><\/dl><dl class='gallery-item'>\n\t\t\t<dt class='gallery-icon landscape'>\n\t\t\t\t<a  href=\"https:\/\/www.mecerreyes.com\/mece\/wp-content\/uploads\/2016\/04\/Mecerreyes-Domingo-de-Pascua-27-03-Semana-Santa-2016-2.jpg\" class=\"thickbox no_icon\" title=\"\"><img loading=\"lazy\" decoding=\"async\" width=\"150\" height=\"150\" src=\"https:\/\/www.mecerreyes.com\/mece\/wp-content\/uploads\/2016\/04\/Mecerreyes-Domingo-de-Pascua-27-03-Semana-Santa-2016-2-150x150.jpg\" class=\"attachment-thumbnail size-thumbnail\" alt=\"\" \/><\/a>\n\t\t\t<\/dt><\/dl><dl class='gallery-item'>\n\t\t\t<dt class='gallery-icon landscape'>\n\t\t\t\t<a  href=\"https:\/\/www.mecerreyes.com\/mece\/wp-content\/uploads\/2016\/04\/Mecerreyes-Domingo-de-Pascua-27-03-Semana-Santa-2016-3.jpg\" class=\"thickbox no_icon\" title=\"\"><img loading=\"lazy\" decoding=\"async\" width=\"150\" height=\"150\" src=\"https:\/\/www.mecerreyes.com\/mece\/wp-content\/uploads\/2016\/04\/Mecerreyes-Domingo-de-Pascua-27-03-Semana-Santa-2016-3-150x150.jpg\" class=\"attachment-thumbnail size-thumbnail\" alt=\"\" \/><\/a>\n\t\t\t<\/dt><\/dl><br style=\"clear: both\" \/><dl class='gallery-item'>\n\t\t\t<dt class='gallery-icon portrait'>\n\t\t\t\t<a  href=\"https:\/\/www.mecerreyes.com\/mece\/wp-content\/uploads\/2016\/04\/Mecerreyes-Domingo-de-Pascua-27-03-Semana-Santa-2016-4.jpg\" class=\"thickbox no_icon\" title=\"\"><img loading=\"lazy\" decoding=\"async\" width=\"150\" height=\"150\" src=\"https:\/\/www.mecerreyes.com\/mece\/wp-content\/uploads\/2016\/04\/Mecerreyes-Domingo-de-Pascua-27-03-Semana-Santa-2016-4-150x150.jpg\" class=\"attachment-thumbnail size-thumbnail\" alt=\"\" \/><\/a>\n\t\t\t<\/dt><\/dl><dl class='gallery-item'>\n\t\t\t<dt class='gallery-icon landscape'>\n\t\t\t\t<a  href=\"https:\/\/www.mecerreyes.com\/mece\/wp-content\/uploads\/2016\/04\/Mecerreyes-Domingo-de-Pascua-27-03-Semana-Santa-2016-5.jpg\" class=\"thickbox no_icon\" title=\"\"><img loading=\"lazy\" decoding=\"async\" width=\"150\" height=\"150\" src=\"https:\/\/www.mecerreyes.com\/mece\/wp-content\/uploads\/2016\/04\/Mecerreyes-Domingo-de-Pascua-27-03-Semana-Santa-2016-5-150x150.jpg\" class=\"attachment-thumbnail size-thumbnail\" alt=\"\" \/><\/a>\n\t\t\t<\/dt><\/dl><dl class='gallery-item'>\n\t\t\t<dt class='gallery-icon portrait'>\n\t\t\t\t<a  href=\"https:\/\/www.mecerreyes.com\/mece\/wp-content\/uploads\/2016\/04\/Mecerreyes-Domingo-de-Pascua-27-03-Semana-Santa-2016-6.jpg\" class=\"thickbox no_icon\" title=\"\"><img loading=\"lazy\" decoding=\"async\" width=\"150\" height=\"150\" src=\"https:\/\/www.mecerreyes.com\/mece\/wp-content\/uploads\/2016\/04\/Mecerreyes-Domingo-de-Pascua-27-03-Semana-Santa-2016-6-150x150.jpg\" class=\"attachment-thumbnail size-thumbnail\" alt=\"\" \/><\/a>\n\t\t\t<\/dt><\/dl><br style=\"clear: both\" \/><dl class='gallery-item'>\n\t\t\t<dt class='gallery-icon landscape'>\n\t\t\t\t<a  href=\"https:\/\/www.mecerreyes.com\/mece\/wp-content\/uploads\/2016\/04\/Mecerreyes-Domingo-de-Pascua-27-03-Semana-Santa-2016-7.jpg\" class=\"thickbox no_icon\" title=\"\"><img loading=\"lazy\" decoding=\"async\" width=\"150\" height=\"150\" src=\"https:\/\/www.mecerreyes.com\/mece\/wp-content\/uploads\/2016\/04\/Mecerreyes-Domingo-de-Pascua-27-03-Semana-Santa-2016-7-150x150.jpg\" class=\"attachment-thumbnail size-thumbnail\" alt=\"\" \/><\/a>\n\t\t\t<\/dt><\/dl><dl class='gallery-item'>\n\t\t\t<dt class='gallery-icon landscape'>\n\t\t\t\t<a  href=\"https:\/\/www.mecerreyes.com\/mece\/wp-content\/uploads\/2016\/04\/Mecerreyes-Domingo-de-Pascua-27-03-Semana-Santa-2016-8.jpg\" class=\"thickbox no_icon\" title=\"\"><img loading=\"lazy\" decoding=\"async\" width=\"150\" height=\"150\" src=\"https:\/\/www.mecerreyes.com\/mece\/wp-content\/uploads\/2016\/04\/Mecerreyes-Domingo-de-Pascua-27-03-Semana-Santa-2016-8-150x150.jpg\" class=\"attachment-thumbnail size-thumbnail\" alt=\"\" \/><\/a>\n\t\t\t<\/dt><\/dl><dl class='gallery-item'>\n\t\t\t<dt class='gallery-icon landscape'>\n\t\t\t\t<a  href=\"https:\/\/www.mecerreyes.com\/mece\/wp-content\/uploads\/2016\/04\/Mecerreyes-Domingo-de-Pascua-27-03-Semana-Santa-2016-9.jpg\" class=\"thickbox no_icon\" title=\"\"><img loading=\"lazy\" decoding=\"async\" width=\"150\" height=\"150\" src=\"https:\/\/www.mecerreyes.com\/mece\/wp-content\/uploads\/2016\/04\/Mecerreyes-Domingo-de-Pascua-27-03-Semana-Santa-2016-9-150x150.jpg\" class=\"attachment-thumbnail size-thumbnail\" alt=\"\" \/><\/a>\n\t\t\t<\/dt><\/dl><br style=\"clear: both\" \/><dl class='gallery-item'>\n\t\t\t<dt class='gallery-icon landscape'>\n\t\t\t\t<a  href=\"https:\/\/www.mecerreyes.com\/mece\/wp-content\/uploads\/2016\/04\/Mecerreyes-Domingo-de-Pascua-27-03-Semana-Santa-2016-10.jpg\" class=\"thickbox no_icon\" title=\"\"><img loading=\"lazy\" decoding=\"async\" width=\"150\" height=\"150\" src=\"https:\/\/www.mecerreyes.com\/mece\/wp-content\/uploads\/2016\/04\/Mecerreyes-Domingo-de-Pascua-27-03-Semana-Santa-2016-10-150x150.jpg\" class=\"attachment-thumbnail size-thumbnail\" alt=\"\" \/><\/a>\n\t\t\t<\/dt><\/dl><dl class='gallery-item'>\n\t\t\t<dt class='gallery-icon landscape'>\n\t\t\t\t<a  href=\"https:\/\/www.mecerreyes.com\/mece\/wp-content\/uploads\/2016\/04\/Mecerreyes-Domingo-de-Pascua-27-03-Semana-Santa-2016-11.jpg\" class=\"thickbox no_icon\" title=\"\"><img loading=\"lazy\" decoding=\"async\" width=\"150\" height=\"150\" src=\"https:\/\/www.mecerreyes.com\/mece\/wp-content\/uploads\/2016\/04\/Mecerreyes-Domingo-de-Pascua-27-03-Semana-Santa-2016-11-150x150.jpg\" class=\"attachment-thumbnail size-thumbnail\" alt=\"\" \/><\/a>\n\t\t\t<\/dt><\/dl><dl class='gallery-item'>\n\t\t\t<dt class='gallery-icon landscape'>\n\t\t\t\t<a  href=\"https:\/\/www.mecerreyes.com\/mece\/wp-content\/uploads\/2016\/04\/Mecerreyes-Domingo-de-Pascua-27-03-Semana-Santa-2016-12.jpg\" class=\"thickbox no_icon\" title=\"\"><img loading=\"lazy\" decoding=\"async\" width=\"150\" height=\"150\" src=\"https:\/\/www.mecerreyes.com\/mece\/wp-content\/uploads\/2016\/04\/Mecerreyes-Domingo-de-Pascua-27-03-Semana-Santa-2016-12-150x150.jpg\" class=\"attachment-thumbnail size-thumbnail\" alt=\"\" \/><\/a>\n\t\t\t<\/dt><\/dl><br style=\"clear: both\" \/>\n\t\t<\/div>\n\n<p>&nbsp;<\/p>\n<div id=\"attachment_12592\" style=\"width: 806px\" class=\"wp-caption aligncenter\"><a  href=\"http:\/\/www.mecerreyes.com\/mece\/wp-content\/uploads\/2016\/04\/Imagenes-Noticias-Marzo-2016.jpg\" rel=\"attachment wp-att-12592\" class=\"thickbox no_icon\" title=\"Mecerreyes, Semana Santa 2016\"><img loading=\"lazy\" decoding=\"async\" aria-describedby=\"caption-attachment-12592\" class=\"wp-image-12592 size-full\" src=\"http:\/\/www.mecerreyes.com\/mece\/wp-content\/uploads\/2016\/04\/Imagenes-Noticias-Marzo-2016.jpg\" alt=\"Mecerreyes, Semana Santa 2016\" width=\"796\" height=\"250\" srcset=\"https:\/\/www.mecerreyes.com\/mece\/wp-content\/uploads\/2016\/04\/Imagenes-Noticias-Marzo-2016.jpg 796w, https:\/\/www.mecerreyes.com\/mece\/wp-content\/uploads\/2016\/04\/Imagenes-Noticias-Marzo-2016-300x94.jpg 300w, https:\/\/www.mecerreyes.com\/mece\/wp-content\/uploads\/2016\/04\/Imagenes-Noticias-Marzo-2016-768x241.jpg 768w\" sizes=\"(max-width: 796px) 100vw, 796px\" \/><\/a><p id=\"caption-attachment-12592\" class=\"wp-caption-text\">Mecerreyes, <a  href=\"https:\/\/www.mecerreyes.com\/mece\/?page_id=48\">Semana Santa<\/a> 2016<\/p><\/div>","protected":false},"excerpt":{"rendered":"<p>Marzo 2016 En este mes de\u00a0 marzo, con la licencia de Dios y la del se\u00f1or alcalde, con las bendiciones del \u00c1ngel de la Guarda que nos guarda y ampara las almas, y el Bendito San Rosendo defendi\u00e9ndonos de las penas del infierno, los labradores de Mecerreyes s\u00ed han redoblado sus afanosos trabajos. Tard\u00eda la [&hellip;]<\/p>\n","protected":false},"author":5,"featured_media":12592,"comment_status":"open","ping_status":"closed","sticky":false,"template":"","format":"standard","meta":{"_et_pb_use_builder":"","_et_pb_old_content":"","_et_gb_content_width":"","footnotes":""},"categories":[1],"tags":[56,21,44,11],"class_list":["post-12569","post","type-post","status-publish","format-standard","has-post-thumbnail","hentry","category-general","tag-escultor-angel-gil","tag-guiletos","tag-parroquia-mecerreyes","tag-semana-santa","et-has-post-format-content","et_post_format-et-post-format-standard"],"_links":{"self":[{"href":"https:\/\/www.mecerreyes.com\/mece\/index.php?rest_route=\/wp\/v2\/posts\/12569"}],"collection":[{"href":"https:\/\/www.mecerreyes.com\/mece\/index.php?rest_route=\/wp\/v2\/posts"}],"about":[{"href":"https:\/\/www.mecerreyes.com\/mece\/index.php?rest_route=\/wp\/v2\/types\/post"}],"author":[{"embeddable":true,"href":"https:\/\/www.mecerreyes.com\/mece\/index.php?rest_route=\/wp\/v2\/users\/5"}],"replies":[{"embeddable":true,"href":"https:\/\/www.mecerreyes.com\/mece\/index.php?rest_route=%2Fwp%2Fv2%2Fcomments&post=12569"}],"version-history":[{"count":1,"href":"https:\/\/www.mecerreyes.com\/mece\/index.php?rest_route=\/wp\/v2\/posts\/12569\/revisions"}],"predecessor-version":[{"id":14509,"href":"https:\/\/www.mecerreyes.com\/mece\/index.php?rest_route=\/wp\/v2\/posts\/12569\/revisions\/14509"}],"wp:featuredmedia":[{"embeddable":true,"href":"https:\/\/www.mecerreyes.com\/mece\/index.php?rest_route=\/wp\/v2\/media\/12592"}],"wp:attachment":[{"href":"https:\/\/www.mecerreyes.com\/mece\/index.php?rest_route=%2Fwp%2Fv2%2Fmedia&parent=12569"}],"wp:term":[{"taxonomy":"category","embeddable":true,"href":"https:\/\/www.mecerreyes.com\/mece\/index.php?rest_route=%2Fwp%2Fv2%2Fcategories&post=12569"},{"taxonomy":"post_tag","embeddable":true,"href":"https:\/\/www.mecerreyes.com\/mece\/index.php?rest_route=%2Fwp%2Fv2%2Ftags&post=12569"}],"curies":[{"name":"wp","href":"https:\/\/api.w.org\/{rel}","templated":true}]}}