{"id":13278,"date":"2016-09-17T12:48:22","date_gmt":"2016-09-17T11:48:22","guid":{"rendered":"http:\/\/www.mecerreyes.com\/mece\/?p=13278"},"modified":"2017-02-07T18:48:11","modified_gmt":"2017-02-07T17:48:11","slug":"noticias-agosto-2016","status":"publish","type":"post","link":"https:\/\/www.mecerreyes.com\/mece\/?p=13278","title":{"rendered":"Noticias Agosto 2016"},"content":{"rendered":"<p style=\"text-align: justify\"><strong>EL AGOSTO DE LOS SENTIDOS.<\/strong><\/p>\n<p style=\"text-align: justify\">Retomada ya normalidad y rutinas de este nuevo curso, con la morri\u00f1a y nostalgia todav\u00eda a flor de piel, se hace f\u00e1cil recordar lo vivido en este bonito mes estival en Mecerreyes.<\/p>\n<p style=\"text-align: justify\">Quiero titularlo \u201cAgosto de los sentidos\u201d pues seguro los hemos puesto a trabajar a todos, siendo \u00e9stos quienes han llenado nuestro cerebro de sensaciones, emociones y recuerdos imborrables.<\/p>\n<p style=\"text-align: justify\"><strong><em><u>Vista:<\/u><\/em><\/strong> que nos ha permitido disfrutar del paisaje, de los cambios en casas y calles del pueblo, de <strong>exposiciones<\/strong>: <em>La de\u00a0 <strong>fotograf\u00eda<\/strong> de Fernando Alonso, los <strong>pirograbados<\/strong> de Rafael Gonz\u00e1lez &#8211; <strong>barro<\/strong> de Jos\u00e9 Lorenzo Gonz\u00e1lez, y las <strong>esculturas<\/strong> de \u00c1ngel Gil, reclamo de muchos para darse un paseo por las calles del pueblo y hacerse una foto con el Cid, el abuelo, el Guileto, el toro, los ni\u00f1os o el burro.<\/em><\/p>\n<div id=\"attachment_13440\" style=\"width: 510px\" class=\"wp-caption aligncenter\"><a  href=\"http:\/\/www.mecerreyes.com\/mece\/wp-content\/uploads\/2016\/09\/Mecerreyes-burrito-escultor-\u00c1ngel-Gil-2016.jpg\" class=\"thickbox no_icon\" title=\"Mecerreyes, burrito, escultor \u00c1ngel Gil, 2016\"><img loading=\"lazy\" decoding=\"async\" aria-describedby=\"caption-attachment-13440\" class=\"wp-image-13440\" src=\"http:\/\/www.mecerreyes.com\/mece\/wp-content\/uploads\/2016\/09\/Mecerreyes-burrito-escultor-\u00c1ngel-Gil-2016.jpg\" alt=\"Mecerreyes, burrito, escultor \u00c1ngel Gil, 2016\" width=\"500\" height=\"375\" srcset=\"https:\/\/www.mecerreyes.com\/mece\/wp-content\/uploads\/2016\/09\/Mecerreyes-burrito-escultor-\u00c1ngel-Gil-2016.jpg 800w, https:\/\/www.mecerreyes.com\/mece\/wp-content\/uploads\/2016\/09\/Mecerreyes-burrito-escultor-\u00c1ngel-Gil-2016-300x225.jpg 300w, https:\/\/www.mecerreyes.com\/mece\/wp-content\/uploads\/2016\/09\/Mecerreyes-burrito-escultor-\u00c1ngel-Gil-2016-768x576.jpg 768w\" sizes=\"(max-width: 500px) 100vw, 500px\" \/><\/a><p id=\"caption-attachment-13440\" class=\"wp-caption-text\">Mecerreyes, burrito, escultor \u00c1ngel Gil, 2016<\/p><\/div>\n<p style=\"text-align: justify\">Sentido este de la vista que mantendr\u00e1 en nuestra retina la emocionante escena de ver a todas las <a  href=\"https:\/\/www.mecerreyes.com\/mece\/?page_id=268\">pe\u00f1as<\/a> juntas posando en una memorable <strong>foto para la <a  href=\"https:\/\/www.mecerreyes.com\/mece\/?page_id=32\">historia<\/a><\/strong>, color y m\u00e1s color de camisetas, blusas, petos\u2026, no estaban todos los que son, pero los m\u00e1s de 350 guiletos que participaron en ella son los que s\u00ed est\u00e1n.<\/p>\n<p style=\"text-align: justify\"><strong><em><u>O\u00eddo<\/u><\/em><\/strong>: con el que sentir la m\u00fasica de los conciertos ofrecidos por el Grupo Espliego y Fet\u00e9n &amp; Fet\u00e9n, ambos con un lleno total de la plaza, vecinos, y amigos de la m\u00fasica tradicional venidos de todas partes, fans de estos grandes m\u00fasicos que seguro se llevaron un gran recuerdo de Mecerreyes. Comentadas sus actuaciones en los d\u00edas posteriores. Sin duda un acierto de los organizadores de este verano cultural.<\/p>\n<p><iframe loading=\"lazy\" width=\"1080\" height=\"608\" src=\"https:\/\/www.youtube.com\/embed\/uuBt2mbGLrk?feature=oembed\" frameborder=\"0\" allowfullscreen><\/iframe><\/p>\n<p>&nbsp;<\/p>\n<p>&nbsp;<\/p>\n<p><iframe loading=\"lazy\" width=\"1080\" height=\"608\" src=\"https:\/\/www.youtube.com\/embed\/wxMGAwqa1GA?feature=oembed\" frameborder=\"0\" allowfullscreen><\/iframe><\/p>\n<div id=\"attachment_13414\" style=\"width: 860px\" class=\"wp-caption aligncenter\"><a  href=\"http:\/\/www.mecerreyes.com\/mece\/wp-content\/uploads\/2016\/09\/Feten-Feten-Mecerreyes-2016-a.jpg\" class=\"thickbox no_icon\" title=\"Feten Feten, Mecerreyes 2016\"><img loading=\"lazy\" decoding=\"async\" aria-describedby=\"caption-attachment-13414\" class=\"wp-image-13414\" src=\"http:\/\/www.mecerreyes.com\/mece\/wp-content\/uploads\/2016\/09\/Feten-Feten-Mecerreyes-2016-a.jpg\" alt=\"Feten Feten, Mecerreyes 2016\" width=\"850\" height=\"255\" srcset=\"https:\/\/www.mecerreyes.com\/mece\/wp-content\/uploads\/2016\/09\/Feten-Feten-Mecerreyes-2016-a.jpg 1500w, https:\/\/www.mecerreyes.com\/mece\/wp-content\/uploads\/2016\/09\/Feten-Feten-Mecerreyes-2016-a-300x90.jpg 300w, https:\/\/www.mecerreyes.com\/mece\/wp-content\/uploads\/2016\/09\/Feten-Feten-Mecerreyes-2016-a-768x230.jpg 768w, https:\/\/www.mecerreyes.com\/mece\/wp-content\/uploads\/2016\/09\/Feten-Feten-Mecerreyes-2016-a-1024x307.jpg 1024w\" sizes=\"(max-width: 850px) 100vw, 850px\" \/><\/a><p id=\"caption-attachment-13414\" class=\"wp-caption-text\">Feten Feten, Mecerreyes 2016<\/p><\/div>\n<p>&nbsp;<\/p>\n<p>&nbsp;<\/p>\n<p style=\"text-align: justify\">El sentir de las campanas, tambi\u00e9n fue aviso de los encuentros\u00a0 en los actos principales de este mes. \u00a1C\u00f3mo sonaban al llegar <a  href=\"https:\/\/www.mecerreyes.com\/mece\/?page_id=54\">la Virgen del Camino<\/a> a la Iglesia!<\/p>\n<p style=\"text-align: justify\">\u00a1Qu\u00e9 bien! este mes no han tocado para despedir a ning\u00fan guileto.<\/p>\n<p style=\"text-align: justify\">El sonido de la dulzaina y tambor en las dianas, de las charangas, orquestas, griter\u00edo de ni\u00f1os en el front\u00f3n\u2026 \u00a1Vida y m\u00e1s vida!<\/p>\n<p style=\"text-align: justify\"><strong><em><u>Gusto<\/u><\/em><\/strong>: qu\u00e9 decir de lo bien que saben las cosas en el pueblo, las que cocina la madre, la abuela, unas simples sopas de ajo saben a gloria, los productos de la huerta no tienen comparaci\u00f3n.<\/p>\n<p style=\"text-align: justify\"><strong>Los quintos del 63<\/strong> tuvieron el gusto de \u00a0darse un homenaje en el <a  href=\"https:\/\/www.mecerreyes.com\/mece\/?page_id=797\">Mes\u00f3n de Frutos<\/a> un a\u00f1o m\u00e1s, bonita velada la del d\u00eda 13 que sirvi\u00f3 para compartir alegr\u00edas, preocupaciones y logros de todo tipo.<\/p>\n<p style=\"text-align: justify\">Tambi\u00e9n <strong>la familia Moch\u00f3n <\/strong>degust\u00f3 ese d\u00eda del buen Yantar en el pueblo. Una numeros\u00edsima familia que re\u00fane a varias generaciones. Deseamos podamos verles a todos el pr\u00f3ximo verano en Mecerreyes, su ra\u00edz, su tierra.<\/p>\n<div id=\"attachment_13448\" style=\"width: 660px\" class=\"wp-caption aligncenter\"><a  href=\"http:\/\/www.mecerreyes.com\/mece\/wp-content\/uploads\/2016\/09\/Reuni\u00f3n-de-la-familia-Moch\u00f3n-Mecerreyes-13-08-2016.jpg\" class=\"thickbox no_icon\" title=\"Reuni\u00f3n de la familia Moch\u00f3n - Mecerreyes 13-08-2016 - Diario de Burgos\"><img loading=\"lazy\" decoding=\"async\" aria-describedby=\"caption-attachment-13448\" class=\"wp-image-13448\" src=\"http:\/\/www.mecerreyes.com\/mece\/wp-content\/uploads\/2016\/09\/Reuni\u00f3n-de-la-familia-Moch\u00f3n-Mecerreyes-13-08-2016.jpg\" alt=\"Reuni\u00f3n de la familia Moch\u00f3n - Mecerreyes 13-08-2016 - Diario de Burgos\" width=\"650\" height=\"585\" srcset=\"https:\/\/www.mecerreyes.com\/mece\/wp-content\/uploads\/2016\/09\/Reuni\u00f3n-de-la-familia-Moch\u00f3n-Mecerreyes-13-08-2016.jpg 800w, https:\/\/www.mecerreyes.com\/mece\/wp-content\/uploads\/2016\/09\/Reuni\u00f3n-de-la-familia-Moch\u00f3n-Mecerreyes-13-08-2016-300x270.jpg 300w, https:\/\/www.mecerreyes.com\/mece\/wp-content\/uploads\/2016\/09\/Reuni\u00f3n-de-la-familia-Moch\u00f3n-Mecerreyes-13-08-2016-768x691.jpg 768w\" sizes=\"(max-width: 650px) 100vw, 650px\" \/><\/a><p id=\"caption-attachment-13448\" class=\"wp-caption-text\">Reuni\u00f3n de la familia Moch\u00f3n &#8211; Mecerreyes 13-08-2016 &#8211; Diario de Burgos<\/p><\/div>\n<p style=\"text-align: justify\"><strong><em><u>Olfato<\/u><\/em><\/strong>: \u00a1C\u00f3mo huele en Mecerreyes en torno a la plaza cuando Javi y Goyi preparan sus chuletas!<\/p>\n<p style=\"text-align: justify\">\u00a1C\u00f3mo huele el espliego en los paseos al atardecer!<\/p>\n<p style=\"text-align: justify\">\u00a1C\u00f3mo huelen las casas llenas de ni\u00f1os!<\/p>\n<p style=\"text-align: justify\"><strong><em><u>Tacto<\/u><\/em><\/strong>: Saludos, apretones de manos, besos, abrazos, tambi\u00e9n lo mismo en la despedida. Sentido de los que curan penas, y demuestran la verdad de una amistad; de eso hemos tenido millones este verano, no falt\u00e9is el pr\u00f3ximo, es una dosis necesaria por prescripci\u00f3n m\u00e9dica.<\/p>\n<p style=\"text-align: justify\"><span style=\"color: #ffffff\">.<\/span><\/p>\n<h1 style=\"text-align: justify\"><strong>Efem\u00e9rides de Agosto.<\/strong><\/h1>\n<p style=\"text-align: justify\">El 9, d\u00eda Internacional de los Pueblos Ind\u00edgenas.<\/p>\n<p style=\"text-align: justify\">El 12, d\u00eda Internacional de la Juventud.<\/p>\n<p style=\"text-align: justify\">El 19, d\u00eda Mundial de la Asistencia Humanitaria.<\/p>\n<p style=\"text-align: justify\">El 29, d\u00eda Mundial del \u00c1rbol.<\/p>\n<p style=\"text-align: justify\">El 31, d\u00eda Internacional de la Solidaridad.<\/p>\n<h1 style=\"text-align: justify\"><strong><u>\u00a0<\/u><\/strong><\/h1>\n<h1 style=\"text-align: justify\"><strong><u>Campeonato de futbito de Quintanilla del Agua<\/u><\/strong><\/h1>\n<p style=\"text-align: justify\">Como todos los a\u00f1os a mediados de agosto, los equipos de Mecerreyes participan en el torneo de Futbito que organizan en Quintanilla del Agua.<\/p>\n<p style=\"text-align: justify\">Los peque\u00f1os (con equipaci\u00f3n de Embutidos Las Mamblas) se trajeron una medalla por su participaci\u00f3n y los mayores no pudieron estar entre los mejores clasificados pero estrenaron la equipaci\u00f3n que Vicente D\u00edez ha donado para ir todos uniformados. Gracias a los patrocinadores.<\/p>\n<div id=\"attachment_13442\" style=\"width: 810px\" class=\"wp-caption aligncenter\"><a  href=\"http:\/\/www.mecerreyes.com\/mece\/wp-content\/uploads\/2016\/09\/Equipo-de-futbito-Mecerreyes-Embutidos-Las-Mamblas-2016.jpg\" class=\"thickbox no_icon\" title=\"Equipo de futbito - Mecerreyes, Embutidos Las Mamblas 2016\"><img loading=\"lazy\" decoding=\"async\" aria-describedby=\"caption-attachment-13442\" class=\"wp-image-13442\" src=\"http:\/\/www.mecerreyes.com\/mece\/wp-content\/uploads\/2016\/09\/Equipo-de-futbito-Mecerreyes-Embutidos-Las-Mamblas-2016.jpg\" alt=\"Equipo de futbito - Mecerreyes, Embutidos Las Mamblas 2016\" width=\"800\" height=\"564\" srcset=\"https:\/\/www.mecerreyes.com\/mece\/wp-content\/uploads\/2016\/09\/Equipo-de-futbito-Mecerreyes-Embutidos-Las-Mamblas-2016.jpg 800w, https:\/\/www.mecerreyes.com\/mece\/wp-content\/uploads\/2016\/09\/Equipo-de-futbito-Mecerreyes-Embutidos-Las-Mamblas-2016-300x212.jpg 300w, https:\/\/www.mecerreyes.com\/mece\/wp-content\/uploads\/2016\/09\/Equipo-de-futbito-Mecerreyes-Embutidos-Las-Mamblas-2016-768x541.jpg 768w\" sizes=\"(max-width: 800px) 100vw, 800px\" \/><\/a><p id=\"caption-attachment-13442\" class=\"wp-caption-text\">Equipo de futbito &#8211; Mecerreyes, Embutidos Las Mamblas 2016<\/p><\/div>\n<p style=\"text-align: justify\"><strong><u>\u00a0<\/u><\/strong><\/p>\n<div id=\"attachment_13376\" style=\"width: 610px\" class=\"wp-caption aligncenter\"><a  href=\"http:\/\/www.mecerreyes.com\/mece\/wp-content\/uploads\/2016\/09\/Mecerreyes-Medallas-futbito-2016-ganada-en-Quintanilla-del-Agua.jpg\" class=\"thickbox no_icon\" title=\"Mecerreyes medallas de futbito 2016 ganada en Quintanilla del Agua\"><img loading=\"lazy\" decoding=\"async\" aria-describedby=\"caption-attachment-13376\" class=\"wp-image-13376\" src=\"http:\/\/www.mecerreyes.com\/mece\/wp-content\/uploads\/2016\/09\/Mecerreyes-Medallas-futbito-2016-ganada-en-Quintanilla-del-Agua.jpg\" alt=\"Mecerreyes medallas de futbito 2016 ganada en Quintanilla del Agua\" width=\"600\" height=\"338\" srcset=\"https:\/\/www.mecerreyes.com\/mece\/wp-content\/uploads\/2016\/09\/Mecerreyes-Medallas-futbito-2016-ganada-en-Quintanilla-del-Agua.jpg 4096w, https:\/\/www.mecerreyes.com\/mece\/wp-content\/uploads\/2016\/09\/Mecerreyes-Medallas-futbito-2016-ganada-en-Quintanilla-del-Agua-300x169.jpg 300w, https:\/\/www.mecerreyes.com\/mece\/wp-content\/uploads\/2016\/09\/Mecerreyes-Medallas-futbito-2016-ganada-en-Quintanilla-del-Agua-768x432.jpg 768w, https:\/\/www.mecerreyes.com\/mece\/wp-content\/uploads\/2016\/09\/Mecerreyes-Medallas-futbito-2016-ganada-en-Quintanilla-del-Agua-1024x576.jpg 1024w\" sizes=\"(max-width: 600px) 100vw, 600px\" \/><\/a><p id=\"caption-attachment-13376\" class=\"wp-caption-text\">Mecerreyes medallas de futbito 2016 ganada en Quintanilla del Agua<\/p><\/div>\n<p>&nbsp;<\/p>\n<div id=\"attachment_13405\" style=\"width: 860px\" class=\"wp-caption aligncenter\"><a  href=\"http:\/\/www.mecerreyes.com\/mece\/wp-content\/uploads\/2016\/09\/Equipo-de-futbito-Mecerreyes-Gondiplas-2016-a.jpg\" class=\"thickbox no_icon\" title=\"Equipo de futbito, Mecerreyes- Gondiplas 2016\"><img loading=\"lazy\" decoding=\"async\" aria-describedby=\"caption-attachment-13405\" class=\"wp-image-13405\" src=\"http:\/\/www.mecerreyes.com\/mece\/wp-content\/uploads\/2016\/09\/Equipo-de-futbito-Mecerreyes-Gondiplas-2016-a.jpg\" alt=\"Equipo de futbito, Mecerreyes- Gondiplas 2016\" width=\"850\" height=\"332\" srcset=\"https:\/\/www.mecerreyes.com\/mece\/wp-content\/uploads\/2016\/09\/Equipo-de-futbito-Mecerreyes-Gondiplas-2016-a.jpg 1984w, https:\/\/www.mecerreyes.com\/mece\/wp-content\/uploads\/2016\/09\/Equipo-de-futbito-Mecerreyes-Gondiplas-2016-a-300x117.jpg 300w, https:\/\/www.mecerreyes.com\/mece\/wp-content\/uploads\/2016\/09\/Equipo-de-futbito-Mecerreyes-Gondiplas-2016-a-768x300.jpg 768w, https:\/\/www.mecerreyes.com\/mece\/wp-content\/uploads\/2016\/09\/Equipo-de-futbito-Mecerreyes-Gondiplas-2016-a-1024x401.jpg 1024w\" sizes=\"(max-width: 850px) 100vw, 850px\" \/><\/a><p id=\"caption-attachment-13405\" class=\"wp-caption-text\">Equipo de futbito, Mecerreyes- Gondiplas 2016<\/p><\/div>\n<p style=\"text-align: justify\"><strong><u>\u00a0<\/u><\/strong><\/p>\n<h1 style=\"text-align: justify\"><strong><u>Celebraci\u00f3n Bodas de plata Adela (Hija de Poli) y Michel &#8211; 24-08-2016<\/u><\/strong><\/h1>\n<p style=\"text-align: justify\">Mecerreyes de nuevo centro de reuni\u00f3n de una familia,<br \/>\n\u00bfmotivo? Unas bodas de plata. Y ellos nos pasan esta nota:<\/p>\n<p style=\"text-align: justify\"><em>\u201cFue una celebraci\u00f3n preparada con mucha ilusi\u00f3n por todos los hermanos, sobrinos, amigos \u00a0y familia. No faltaron ricas viandas, alegr\u00eda, cari\u00f1o y buena m\u00fasica.\u00a0 Lo pasamos estupendamente y quedamos emplazados para las de oro. Muchas gracias y muchas Felicidades para Adela, Michel y su hijo Rodrigo.\u201d<\/em><\/p>\n<p style=\"text-align: justify\">Como veis pusieron a trabajar todos los sentidos. \u00a1Felicidades a los novios! que podamos contaros en este medio la celebraci\u00f3n de las de Oro.<\/p>\n<div id=\"attachment_13379\" style=\"width: 880px\" class=\"wp-caption aligncenter\"><a  href=\"http:\/\/www.mecerreyes.com\/mece\/wp-content\/uploads\/2016\/09\/ADELA-MICHEL-2-Bodas-de-plata-24-08-16-Mecerreyes.jpg\" class=\"thickbox no_icon\" title=\"ADELA-MICHEL-2 -Bodas de plata 24-08-16, Mecerreyes\"><img loading=\"lazy\" decoding=\"async\" aria-describedby=\"caption-attachment-13379\" class=\"wp-image-13379\" src=\"http:\/\/www.mecerreyes.com\/mece\/wp-content\/uploads\/2016\/09\/ADELA-MICHEL-2-Bodas-de-plata-24-08-16-Mecerreyes.jpg\" alt=\"ADELA-MICHEL-2 -Bodas de plata 24-08-16, Mecerreyes\" width=\"870\" height=\"313\" srcset=\"https:\/\/www.mecerreyes.com\/mece\/wp-content\/uploads\/2016\/09\/ADELA-MICHEL-2-Bodas-de-plata-24-08-16-Mecerreyes.jpg 9071w, https:\/\/www.mecerreyes.com\/mece\/wp-content\/uploads\/2016\/09\/ADELA-MICHEL-2-Bodas-de-plata-24-08-16-Mecerreyes-300x108.jpg 300w, https:\/\/www.mecerreyes.com\/mece\/wp-content\/uploads\/2016\/09\/ADELA-MICHEL-2-Bodas-de-plata-24-08-16-Mecerreyes-768x276.jpg 768w, https:\/\/www.mecerreyes.com\/mece\/wp-content\/uploads\/2016\/09\/ADELA-MICHEL-2-Bodas-de-plata-24-08-16-Mecerreyes-1024x368.jpg 1024w\" sizes=\"(max-width: 870px) 100vw, 870px\" \/><\/a><p id=\"caption-attachment-13379\" class=\"wp-caption-text\">ADELA-MICHEL-2 -Bodas de plata 24-08-16, Mecerreyes<\/p><\/div>\n<h1 style=\"text-align: justify\"><strong>Guiletos por el mundo<\/strong><\/h1>\n<p style=\"text-align: justify\"><strong><u>Alicia Alonso Alonso<\/u><\/strong> (hija de Pablo y Montse) Como gerente de Cines Van Golem nos habla en este art\u00edculo de Diario de Burgos de la recuperaci\u00f3n de espectadores que asisten a ver pel\u00edculas al estilo tradicional, en una sala de cine con palomitas incluidas. Felicidades por tu buen hacer.<\/p>\n<p style=\"text-align: justify\"><a  href=\"http:\/\/www.diariodeburgos.es\/Noticia\/Z5BD65962-B553-6932-2EFB17AB795A2A52\/100000-espectadores-recuperados\" target=\"_blank\">http:\/\/www.diariodeburgos.es\/Noticia\/Z5BD65962-B553-6932-2EFB17AB795A2A52\/100000-espectadores-recuperados<\/a><\/p>\n<div id=\"attachment_13384\" style=\"width: 607px\" class=\"wp-caption aligncenter\"><a  href=\"http:\/\/www.mecerreyes.com\/mece\/wp-content\/uploads\/2016\/09\/Diario-de-Burgos-29-08-16-Alicia-Alonso-Mecerreyes.jpg\" class=\"thickbox no_icon\" title=\"Diario de Burgos 29-08-16 - Alicia Alonso (Mecerreyes)\"><img loading=\"lazy\" decoding=\"async\" aria-describedby=\"caption-attachment-13384\" class=\"size-full wp-image-13384\" src=\"http:\/\/www.mecerreyes.com\/mece\/wp-content\/uploads\/2016\/09\/Diario-de-Burgos-29-08-16-Alicia-Alonso-Mecerreyes.jpg\" alt=\"Diario de Burgos 29-08-16 - Alicia Alonso (Mecerreyes)\" width=\"597\" height=\"667\" srcset=\"https:\/\/www.mecerreyes.com\/mece\/wp-content\/uploads\/2016\/09\/Diario-de-Burgos-29-08-16-Alicia-Alonso-Mecerreyes.jpg 597w, https:\/\/www.mecerreyes.com\/mece\/wp-content\/uploads\/2016\/09\/Diario-de-Burgos-29-08-16-Alicia-Alonso-Mecerreyes-269x300.jpg 269w\" sizes=\"(max-width: 597px) 100vw, 597px\" \/><\/a><p id=\"caption-attachment-13384\" class=\"wp-caption-text\">Diario de Burgos 29-08-16 &#8211; Alicia Alonso (Mecerreyes)<\/p><\/div>\n<p>&nbsp;<\/p>\n<h1><strong>Revista \u00abVive Arlanza\u00bb<\/strong><\/h1>\n<p style=\"text-align: justify\">La revista <strong>\u201cVive ARLANZA\u201d<\/strong>\u00a0 llena sus p\u00e1ginas con noticias de Mecerreyes, en su \u00faltimo n\u00famero, son noticia: <strong><u>el <a  href=\"https:\/\/www.mecerreyes.com\/mece\/?page_id=797\">Mes\u00f3n de Frutos<\/a><\/u><\/strong>, en el art\u00edculo titulado \u201cEl Buen Yantar\u201d.<\/p>\n<p style=\"text-align: justify\">Son muchas las ocasiones en las que le agradecemos a esta familia su buen hacer en la hosteler\u00eda, su generosidad y compromiso con el pueblo, y c\u00f3mo trasciende el nombre de Mecerreyes gracias a las reuniones que en sus comedores tienen lugar todas las semanas.<\/p>\n<div id=\"attachment_13385\" style=\"width: 860px\" class=\"wp-caption aligncenter\"><a  href=\"http:\/\/www.mecerreyes.com\/mece\/wp-content\/uploads\/2016\/09\/Revista-Vive-Arlanza-El-mes\u00f3n-de-Frutos-Mecerreyes.jpg\" class=\"thickbox no_icon\" title=\"Revista Vive Arlanza - El mes\u00f3n de Frutos, Mecerreyes\"><img loading=\"lazy\" decoding=\"async\" aria-describedby=\"caption-attachment-13385\" class=\"wp-image-13385\" src=\"http:\/\/www.mecerreyes.com\/mece\/wp-content\/uploads\/2016\/09\/Revista-Vive-Arlanza-El-mes\u00f3n-de-Frutos-Mecerreyes.jpg\" alt=\"Revista Vive Arlanza - El mes\u00f3n de Frutos, Mecerreyes\" width=\"850\" height=\"1172\" srcset=\"https:\/\/www.mecerreyes.com\/mece\/wp-content\/uploads\/2016\/09\/Revista-Vive-Arlanza-El-mes\u00f3n-de-Frutos-Mecerreyes.jpg 2544w, https:\/\/www.mecerreyes.com\/mece\/wp-content\/uploads\/2016\/09\/Revista-Vive-Arlanza-El-mes\u00f3n-de-Frutos-Mecerreyes-218x300.jpg 218w, https:\/\/www.mecerreyes.com\/mece\/wp-content\/uploads\/2016\/09\/Revista-Vive-Arlanza-El-mes\u00f3n-de-Frutos-Mecerreyes-768x1059.jpg 768w, https:\/\/www.mecerreyes.com\/mece\/wp-content\/uploads\/2016\/09\/Revista-Vive-Arlanza-El-mes\u00f3n-de-Frutos-Mecerreyes-743x1024.jpg 743w\" sizes=\"(max-width: 850px) 100vw, 850px\" \/><\/a><p id=\"caption-attachment-13385\" class=\"wp-caption-text\">Revista Vive Arlanza &#8211; El <a  href=\"https:\/\/www.mecerreyes.com\/mece\/?page_id=797\">mes\u00f3n de Frutos<\/a>, Mecerreyes<\/p><\/div>\n<p style=\"text-align: justify\"><strong>\u00a0Y <u>\u00c1ngel Gil<\/u><\/strong> en el art\u00edculo titulado \u201cProfeta en su tierra\u201d.<\/p>\n<p style=\"text-align: justify\">Tanto en la inauguraci\u00f3n de \u201cLos ni\u00f1os del Pil\u00f3n\u201d y la presentaci\u00f3n de \u201cEl Toro\u201d del 30 de julio, como\u00a0 la de \u201cEl Burro\u201d que tuvo lugar el 25 de agosto, \u00c1ngel se ha visto arropado por todo el pueblo, pueblo agradecido por su desinteresado trabajo, y as\u00ed en boca de nuestro alcalde Julian se le hizo saber.<\/p>\n<p style=\"text-align: justify\">Sin duda merecidos reconocimientos que trascienden fronteras. \u00a1Felicidades GUILETOS!<\/p>\n<div id=\"attachment_13399\" style=\"width: 860px\" class=\"wp-caption aligncenter\"><a  href=\"http:\/\/www.mecerreyes.com\/mece\/wp-content\/uploads\/2016\/09\/Revista-Vive-Arlanza-\u00c1ngel-Gil-Escultor-de-Mecerreyes-2016.jpg\" class=\"thickbox no_icon\" title=\"Revista Vive Arlanza - \u00c1ngel Gil, Escultor de Mecerreyes 2016\"><img loading=\"lazy\" decoding=\"async\" aria-describedby=\"caption-attachment-13399\" class=\"wp-image-13399\" src=\"http:\/\/www.mecerreyes.com\/mece\/wp-content\/uploads\/2016\/09\/Revista-Vive-Arlanza-\u00c1ngel-Gil-Escultor-de-Mecerreyes-2016.jpg\" alt=\"Revista Vive Arlanza - \u00c1ngel Gil, Escultor de Mecerreyes 2016\" width=\"850\" height=\"606\" srcset=\"https:\/\/www.mecerreyes.com\/mece\/wp-content\/uploads\/2016\/09\/Revista-Vive-Arlanza-\u00c1ngel-Gil-Escultor-de-Mecerreyes-2016.jpg 2442w, https:\/\/www.mecerreyes.com\/mece\/wp-content\/uploads\/2016\/09\/Revista-Vive-Arlanza-\u00c1ngel-Gil-Escultor-de-Mecerreyes-2016-300x214.jpg 300w, https:\/\/www.mecerreyes.com\/mece\/wp-content\/uploads\/2016\/09\/Revista-Vive-Arlanza-\u00c1ngel-Gil-Escultor-de-Mecerreyes-2016-768x547.jpg 768w, https:\/\/www.mecerreyes.com\/mece\/wp-content\/uploads\/2016\/09\/Revista-Vive-Arlanza-\u00c1ngel-Gil-Escultor-de-Mecerreyes-2016-1024x730.jpg 1024w\" sizes=\"(max-width: 850px) 100vw, 850px\" \/><\/a><p id=\"caption-attachment-13399\" class=\"wp-caption-text\">Revista Vive Arlanza &#8211; \u00c1ngel Gil, Escultor de Mecerreyes 2016<\/p><\/div>\n<p style=\"text-align: justify\"><strong>\u00a0<\/strong><\/p>\n<div id=\"attachment_13389\" style=\"width: 860px\" class=\"wp-caption aligncenter\"><a  href=\"http:\/\/www.mecerreyes.com\/mece\/wp-content\/uploads\/2016\/09\/Revista-Vive-Arlanza-\u00c1ngel-Gil-profeta-en-su-tierra-Mecerreyes.jpg\" class=\"thickbox no_icon\" title=\"Revista Vive Arlanza - \u00c1ngel Gil, Profeta en su tierra, Mecerreyes\"><img loading=\"lazy\" decoding=\"async\" aria-describedby=\"caption-attachment-13389\" class=\"wp-image-13389\" src=\"http:\/\/www.mecerreyes.com\/mece\/wp-content\/uploads\/2016\/09\/Revista-Vive-Arlanza-\u00c1ngel-Gil-profeta-en-su-tierra-Mecerreyes.jpg\" alt=\"Revista Vive Arlanza - \u00c1ngel Gil, Profeta en su tierra, Mecerreyes\" width=\"850\" height=\"1244\" srcset=\"https:\/\/www.mecerreyes.com\/mece\/wp-content\/uploads\/2016\/09\/Revista-Vive-Arlanza-\u00c1ngel-Gil-profeta-en-su-tierra-Mecerreyes.jpg 1000w, https:\/\/www.mecerreyes.com\/mece\/wp-content\/uploads\/2016\/09\/Revista-Vive-Arlanza-\u00c1ngel-Gil-profeta-en-su-tierra-Mecerreyes-205x300.jpg 205w, https:\/\/www.mecerreyes.com\/mece\/wp-content\/uploads\/2016\/09\/Revista-Vive-Arlanza-\u00c1ngel-Gil-profeta-en-su-tierra-Mecerreyes-768x1124.jpg 768w, https:\/\/www.mecerreyes.com\/mece\/wp-content\/uploads\/2016\/09\/Revista-Vive-Arlanza-\u00c1ngel-Gil-profeta-en-su-tierra-Mecerreyes-700x1024.jpg 700w\" sizes=\"(max-width: 850px) 100vw, 850px\" \/><\/a><p id=\"caption-attachment-13389\" class=\"wp-caption-text\">Revista Vive Arlanza &#8211; \u00c1ngel Gil, Profeta en su tierra, Mecerreyes<\/p><\/div>\n<h1 style=\"text-align: justify\"><strong>Foto <a  href=\"https:\/\/www.mecerreyes.com\/mece\/?page_id=268\">Pe\u00f1as<\/a><\/strong><\/h1>\n<p style=\"text-align: justify\">El administrador de esta p\u00e1gina WEB\u00a0 en breve tendr\u00e1 listo el enlace de <a  href=\"https:\/\/www.mecerreyes.com\/mece\/?page_id=2\">Municipio<\/a>\/Pe\u00f1as, en el que podr\u00e9is veros una y otra vez en la foto individual de cada una y la inolvidable foto de todas juntas.<\/p>\n<div id=\"attachment_13400\" style=\"width: 910px\" class=\"wp-caption aligncenter\"><a  href=\"http:\/\/www.mecerreyes.com\/mece\/wp-content\/uploads\/2016\/09\/Pe\u00f1as-de-Mecerreyes-2016.jpg\" class=\"thickbox no_icon\" title=\"Pe\u00f1as de Mecerreyes, 27-08-2016\"><img loading=\"lazy\" decoding=\"async\" aria-describedby=\"caption-attachment-13400\" class=\"wp-image-13400\" src=\"http:\/\/www.mecerreyes.com\/mece\/wp-content\/uploads\/2016\/09\/Pe\u00f1as-de-Mecerreyes-2016.jpg\" alt=\"Pe\u00f1as de Mecerreyes, 27-08-2016\" width=\"900\" height=\"499\" srcset=\"https:\/\/www.mecerreyes.com\/mece\/wp-content\/uploads\/2016\/09\/Pe\u00f1as-de-Mecerreyes-2016.jpg 1500w, https:\/\/www.mecerreyes.com\/mece\/wp-content\/uploads\/2016\/09\/Pe\u00f1as-de-Mecerreyes-2016-300x166.jpg 300w, https:\/\/www.mecerreyes.com\/mece\/wp-content\/uploads\/2016\/09\/Pe\u00f1as-de-Mecerreyes-2016-768x425.jpg 768w, https:\/\/www.mecerreyes.com\/mece\/wp-content\/uploads\/2016\/09\/Pe\u00f1as-de-Mecerreyes-2016-1024x567.jpg 1024w\" sizes=\"(max-width: 900px) 100vw, 900px\" \/><\/a><p id=\"caption-attachment-13400\" class=\"wp-caption-text\"><a  href=\"https:\/\/www.mecerreyes.com\/mece\/?page_id=268\">Pe\u00f1as<\/a> de Mecerreyes, 27-08-2016<\/p><\/div>\n<p style=\"text-align: justify\">Os invitamos a ver este peque\u00f1o v\u00eddeo, reflejo de una tarde inolvidable la del 27 de agosto de 2016.<\/p>\n<p style=\"text-align: justify\">A las 6.30 estaban citadas las 27 <a  href=\"https:\/\/www.mecerreyes.com\/mece\/?page_id=268\">pe\u00f1as<\/a>, fueron subiendo al lugar de la cita un tanto expectantes,\u00a0 se fueron colocando en orden todas juntas\u00a0 y en un momento Fernando Alonso\u00a0 transmiti\u00f3 con su objetivo lo divertido del momento.<\/p>\n<p style=\"text-align: justify\">De forma espont\u00e1nea al verse todos juntos, seguro les recorri\u00f3 el: <strong><em>\u201cles dir\u00e9 que soy guileto, con orgullo y con pasi\u00f3n\u2026\u201d<\/em><\/strong> y despu\u00e9s de varias olas con las palmas levantadas surgi\u00f3 el canto del <a  href=\"https:\/\/www.mecerreyes.com\/mece\/?page_id=19\">Himno<\/a> a Mecerreyes. \u00a1Ufff! Emocionante de verdad. (Colorido, m\u00fasica, <a  href=\"https:\/\/www.mecerreyes.com\/mece\/?page_id=99\">contacto<\/a> f\u00edsico, sabor\u00a0 y olor a pueblo por las venas) en fin, que esta foto resume el t\u00edtulo de la cr\u00f3nica del mes de agosto: AGOSTO DE LOS SENTIDOS.<\/p>\n<div style=\"width: 640px;\" class=\"wp-video\"><!--[if lt IE 9]><script>document.createElement('video');<\/script><![endif]-->\n<video class=\"wp-video-shortcode\" id=\"video-13278-1\" width=\"640\" height=\"352\" preload=\"metadata\" controls=\"controls\"><source type=\"video\/mp4\" src=\"http:\/\/www.mecerreyes.com\/mece\/wp-content\/uploads\/2016\/09\/Pe\u00f1as-de-Mecerreyes-27-08-2016.mp4?_=1\" \/><a  href=\"http:\/\/www.mecerreyes.com\/mece\/wp-content\/uploads\/2016\/09\/Pe\u00f1as-de-Mecerreyes-27-08-2016.mp4\">http:\/\/www.mecerreyes.com\/mece\/wp-content\/uploads\/2016\/09\/Pe\u00f1as-de-Mecerreyes-27-08-2016.mp4<\/a><\/video><\/div>\n<p style=\"text-align: justify\">La pe\u00f1a de los <strong>Cohetes<\/strong> y <strong>La Fuente<\/strong> no llegaron a tiempo a tan singular momento, pero se hicieron la foto al d\u00eda siguiente. No pod\u00edan faltar.<\/p>\n<div id=\"attachment_13394\" style=\"width: 860px\" class=\"wp-caption aligncenter\"><a  href=\"http:\/\/www.mecerreyes.com\/mece\/wp-content\/uploads\/2016\/09\/Pe\u00f1a-La-Fuente-Mecerreyes-2016.jpg\" class=\"thickbox no_icon\" title=\"Pe\u00f1a La Fuente, Mecerreyes 2016\"><img loading=\"lazy\" decoding=\"async\" aria-describedby=\"caption-attachment-13394\" class=\"wp-image-13394\" src=\"http:\/\/www.mecerreyes.com\/mece\/wp-content\/uploads\/2016\/09\/Pe\u00f1a-La-Fuente-Mecerreyes-2016.jpg\" alt=\"Pe\u00f1a La Fuente, Mecerreyes 2016\" width=\"850\" height=\"638\" srcset=\"https:\/\/www.mecerreyes.com\/mece\/wp-content\/uploads\/2016\/09\/Pe\u00f1a-La-Fuente-Mecerreyes-2016.jpg 3648w, https:\/\/www.mecerreyes.com\/mece\/wp-content\/uploads\/2016\/09\/Pe\u00f1a-La-Fuente-Mecerreyes-2016-300x225.jpg 300w, https:\/\/www.mecerreyes.com\/mece\/wp-content\/uploads\/2016\/09\/Pe\u00f1a-La-Fuente-Mecerreyes-2016-768x576.jpg 768w, https:\/\/www.mecerreyes.com\/mece\/wp-content\/uploads\/2016\/09\/Pe\u00f1a-La-Fuente-Mecerreyes-2016-1024x768.jpg 1024w\" sizes=\"(max-width: 850px) 100vw, 850px\" \/><\/a><p id=\"caption-attachment-13394\" class=\"wp-caption-text\">Pe\u00f1a La Fuente, Mecerreyes 2016<\/p><\/div>\n<p style=\"text-align: justify\">Fueron los Cohetes quienes hace 40 a\u00f1os encendieron la mecha del fen\u00f3meno \u201c<em><u><a  href=\"https:\/\/www.mecerreyes.com\/mece\/?page_id=268\">pe\u00f1as<\/a> de Mecerreyes<\/u><\/em>\u201d, recordareis su gran labor de innovaci\u00f3n en todas las fiestas, Reyes Magos, Reina y Mozo\u00a0 de Fiestas, carrozas, encierro\u2026, as\u00ed como en la\u00a0 recuperaci\u00f3n de tradiciones: Carnaval y Marzas. Le fueron siguiendo otras como La Fuente, activos a\u00fan, trabajando\u00a0 y dando vida a la Asociaci\u00f3n de Jubilados. Como digo, no pod\u00edan faltar, as\u00ed que a los 350 presentes en la foto, le sum\u00e1is las dos veteranas.<\/p>\n<div id=\"attachment_13395\" style=\"width: 860px\" class=\"wp-caption aligncenter\"><a  href=\"http:\/\/www.mecerreyes.com\/mece\/wp-content\/uploads\/2016\/09\/Pe\u00f1a-Los-Cohetes-Mecerreyes-2016.jpg\" class=\"thickbox no_icon\" title=\"Pe\u00f1a Los Cohetes - Mecerreyes 2016\"><img loading=\"lazy\" decoding=\"async\" aria-describedby=\"caption-attachment-13395\" class=\"wp-image-13395\" src=\"http:\/\/www.mecerreyes.com\/mece\/wp-content\/uploads\/2016\/09\/Pe\u00f1a-Los-Cohetes-Mecerreyes-2016.jpg\" alt=\"Pe\u00f1a Los Cohetes - Mecerreyes 2016\" width=\"850\" height=\"638\" srcset=\"https:\/\/www.mecerreyes.com\/mece\/wp-content\/uploads\/2016\/09\/Pe\u00f1a-Los-Cohetes-Mecerreyes-2016.jpg 1600w, https:\/\/www.mecerreyes.com\/mece\/wp-content\/uploads\/2016\/09\/Pe\u00f1a-Los-Cohetes-Mecerreyes-2016-300x225.jpg 300w, https:\/\/www.mecerreyes.com\/mece\/wp-content\/uploads\/2016\/09\/Pe\u00f1a-Los-Cohetes-Mecerreyes-2016-768x576.jpg 768w, https:\/\/www.mecerreyes.com\/mece\/wp-content\/uploads\/2016\/09\/Pe\u00f1a-Los-Cohetes-Mecerreyes-2016-1024x768.jpg 1024w\" sizes=\"(max-width: 850px) 100vw, 850px\" \/><\/a><p id=\"caption-attachment-13395\" class=\"wp-caption-text\">Pe\u00f1a Los Cohetes &#8211; Mecerreyes 2016<\/p><\/div>\n<p style=\"text-align: justify\">\u00a0\u00bfA QUE SOMOS DE VERDAD ORIGENIALES?<\/p>\n<p style=\"text-align: justify\">LA FUENTE + BARBIS + COHETES + FOGON GUILETO + ABONADOS + DALTON + REBUJITOS + ACIG\u00daEMBRES + CHISPAZO + TSUKIS + PE\u00d1A SIN + KARACHIS + CRASH + AITUTAKIS + KOLGAOS\u00a0 + NI FU NI FA + FUENTE CEPILLO + DESPE\u00d1ADOS\u00a0 + OKUPAS\u00a0 +\u00a0 KEISUNES\u00a0 +\u00a0 N\u00c9MESIS + TOKISKI +\u00a0 INCORDIO + GOLPAZO + HIKENUN + PERLA NEGRA + LOS DE AQU\u00cd +. \u00a0De reciente creaci\u00f3n: TXOLLO + LOS PRIMOS DE SHEILA + LOS PILONEROS = <span style=\"text-decoration: underline\"><span style=\"color: #000000\"><strong>30 PE\u00d1AS<\/strong><\/span><\/span><\/p>\n<p style=\"text-align: justify\">\u00a1\u00a1\u00a1Gracias a todos por vuestra paciencia y participaci\u00f3n!!!<\/p>\n<p style=\"text-align: justify\">\u00bfPodr\u00eda ser la tarde del s\u00e1bado de las fiestas venideras, un momento para repetir este encuentro?<\/p>\n<p style=\"text-align: justify\"><strong>\u00a0<\/strong><\/p>\n<div id=\"attachment_13407\" style=\"width: 860px\" class=\"wp-caption aligncenter\"><a  href=\"http:\/\/www.mecerreyes.com\/mece\/wp-content\/uploads\/2016\/09\/Pe\u00f1as-de-Mecerreyes-2016-a.jpg\" class=\"thickbox no_icon\" title=\"Pe\u00f1as de Mecerreyes 2016 \"><img loading=\"lazy\" decoding=\"async\" aria-describedby=\"caption-attachment-13407\" class=\"wp-image-13407\" src=\"http:\/\/www.mecerreyes.com\/mece\/wp-content\/uploads\/2016\/09\/Pe\u00f1as-de-Mecerreyes-2016-a.jpg\" alt=\"Pe\u00f1as de Mecerreyes 2016 \" width=\"850\" height=\"479\" srcset=\"https:\/\/www.mecerreyes.com\/mece\/wp-content\/uploads\/2016\/09\/Pe\u00f1as-de-Mecerreyes-2016-a.jpg 1500w, https:\/\/www.mecerreyes.com\/mece\/wp-content\/uploads\/2016\/09\/Pe\u00f1as-de-Mecerreyes-2016-a-300x169.jpg 300w, https:\/\/www.mecerreyes.com\/mece\/wp-content\/uploads\/2016\/09\/Pe\u00f1as-de-Mecerreyes-2016-a-768x433.jpg 768w, https:\/\/www.mecerreyes.com\/mece\/wp-content\/uploads\/2016\/09\/Pe\u00f1as-de-Mecerreyes-2016-a-1024x577.jpg 1024w\" sizes=\"(max-width: 850px) 100vw, 850px\" \/><\/a><p id=\"caption-attachment-13407\" class=\"wp-caption-text\"><a  href=\"https:\/\/www.mecerreyes.com\/mece\/?page_id=268\">Pe\u00f1as<\/a> de Mecerreyes 2016<\/p><\/div>\n<p style=\"text-align: justify\"><strong>\u00a0<\/strong><\/p>\n<p style=\"text-align: justify\"><strong>\u00a0<\/strong><\/p>\n<p style=\"text-align: justify\"><strong>\u00a0<\/strong><\/p>\n<h1 style=\"text-align: justify\"><strong>Fiestas 2016<\/strong><\/h1>\n<p style=\"text-align: justify\">La pe\u00f1a Tokisky encargada de organizar las fiestas en esta edici\u00f3n, tiene ya preparada una presentaci\u00f3n resumen de las fiestas. En breve, relataremos c\u00f3mo han transcurrido y subiremos fotograf\u00edas de todos los momentos m\u00e1s destacables.<\/p>\n<div id=\"attachment_13408\" style=\"width: 860px\" class=\"wp-caption aligncenter\"><a  href=\"http:\/\/www.mecerreyes.com\/mece\/wp-content\/uploads\/2016\/09\/Mecerreyes-Fiestas-de-Acci\u00f3n-de-Gracias-2016.jpg\" class=\"thickbox no_icon\" title=\"Mecerreyes, Fiestas de Acci\u00f3n de Gracias 2016\"><img loading=\"lazy\" decoding=\"async\" aria-describedby=\"caption-attachment-13408\" class=\"wp-image-13408\" src=\"http:\/\/www.mecerreyes.com\/mece\/wp-content\/uploads\/2016\/09\/Mecerreyes-Fiestas-de-Acci\u00f3n-de-Gracias-2016.jpg\" alt=\"Mecerreyes, Fiestas de Acci\u00f3n de Gracias 2016\" width=\"850\" height=\"1333\" srcset=\"https:\/\/www.mecerreyes.com\/mece\/wp-content\/uploads\/2016\/09\/Mecerreyes-Fiestas-de-Acci\u00f3n-de-Gracias-2016.jpg 1020w, https:\/\/www.mecerreyes.com\/mece\/wp-content\/uploads\/2016\/09\/Mecerreyes-Fiestas-de-Acci\u00f3n-de-Gracias-2016-191x300.jpg 191w, https:\/\/www.mecerreyes.com\/mece\/wp-content\/uploads\/2016\/09\/Mecerreyes-Fiestas-de-Acci\u00f3n-de-Gracias-2016-768x1205.jpg 768w, https:\/\/www.mecerreyes.com\/mece\/wp-content\/uploads\/2016\/09\/Mecerreyes-Fiestas-de-Acci\u00f3n-de-Gracias-2016-653x1024.jpg 653w\" sizes=\"(max-width: 850px) 100vw, 850px\" \/><\/a><p id=\"caption-attachment-13408\" class=\"wp-caption-text\">Mecerreyes, Fiestas de <a  href=\"https:\/\/www.mecerreyes.com\/mece\/?page_id=60\">Acci\u00f3n de Gracias<\/a> 2016<\/p><\/div>\n<p>&nbsp;<\/p>\n<h1><strong>Refranero<\/strong><\/h1>\n<p><em>En agosto y en enero no tomes el sol sin sombrero.<\/em><\/p>\n<p><em>En las madrugadas de agosto, tiene fr\u00edo el viejo y el mozo.<\/em><\/p>\n<p><em>Lo que agosto madura, septiembre lo asegura.<\/em><\/p>\n<p><em>Agosto hace el mosto.<\/em><\/p>\n<p><em>Quien en agosto ara, despensa prepara.<\/em><\/p>\n<p><em>Lluvias de agosto, miel y mosto.<\/em><\/p>\n<p>&nbsp;<\/p>\n<p>&nbsp;<\/p>\n<div id=\"attachment_13409\" style=\"width: 747px\" class=\"wp-caption aligncenter\"><a  href=\"http:\/\/www.mecerreyes.com\/mece\/wp-content\/uploads\/2016\/09\/Imagenes-Agosto-2016.jpg\" class=\"thickbox no_icon\" title=\"Mecerreyes, Agosto 2016\"><img loading=\"lazy\" decoding=\"async\" aria-describedby=\"caption-attachment-13409\" class=\"wp-image-13409\" src=\"http:\/\/www.mecerreyes.com\/mece\/wp-content\/uploads\/2016\/09\/Imagenes-Agosto-2016.jpg\" alt=\"Mecerreyes, Agosto 2016\" width=\"737\" height=\"227\" srcset=\"https:\/\/www.mecerreyes.com\/mece\/wp-content\/uploads\/2016\/09\/Imagenes-Agosto-2016.jpg 737w, https:\/\/www.mecerreyes.com\/mece\/wp-content\/uploads\/2016\/09\/Imagenes-Agosto-2016-300x92.jpg 300w\" sizes=\"(max-width: 737px) 100vw, 737px\" \/><\/a><p id=\"caption-attachment-13409\" class=\"wp-caption-text\">Mecerreyes, Agosto 2016<\/p><\/div>\n<h1><span style=\"text-decoration: underline\"><strong>PIROGRABADOS DE RAFA GONZ\u00c1LEZ &#8211; Exposici\u00f3n en Mecerreyes, Agosto 2016<\/strong><\/span><\/h1>\n\n\t\t<style type=\"text\/css\">\n\t\t\t#gallery-1 {\n\t\t\t\tmargin: auto;\n\t\t\t}\n\t\t\t#gallery-1 .gallery-item {\n\t\t\t\tfloat: left;\n\t\t\t\tmargin-top: 10px;\n\t\t\t\ttext-align: center;\n\t\t\t\twidth: 33%;\n\t\t\t}\n\t\t\t#gallery-1 img {\n\t\t\t\tborder: 2px solid #cfcfcf;\n\t\t\t}\n\t\t\t#gallery-1 .gallery-caption {\n\t\t\t\tmargin-left: 0;\n\t\t\t}\n\t\t\t\/* see gallery_shortcode() in wp-includes\/media.php *\/\n\t\t<\/style>\n\t\t<div id='gallery-1' class='gallery galleryid-13278 gallery-columns-3 gallery-size-thumbnail'><dl class='gallery-item'>\n\t\t\t<dt class='gallery-icon landscape'>\n\t\t\t\t<a  href=\"https:\/\/www.mecerreyes.com\/mece\/wp-content\/uploads\/2016\/09\/Pirograbados-de-Rafa-Gonz\u00e1lez-Exposici\u00f3n-en-Mecerreyes-2016-2.jpg\" class=\"thickbox no_icon\" title=\"\"><img loading=\"lazy\" decoding=\"async\" width=\"150\" height=\"150\" src=\"https:\/\/www.mecerreyes.com\/mece\/wp-content\/uploads\/2016\/09\/Pirograbados-de-Rafa-Gonz\u00e1lez-Exposici\u00f3n-en-Mecerreyes-2016-2-150x150.jpg\" class=\"attachment-thumbnail size-thumbnail\" alt=\"\" \/><\/a>\n\t\t\t<\/dt><\/dl><dl class='gallery-item'>\n\t\t\t<dt class='gallery-icon portrait'>\n\t\t\t\t<a  href=\"https:\/\/www.mecerreyes.com\/mece\/wp-content\/uploads\/2016\/09\/Pirograbados-de-Rafa-Gonz\u00e1lez-Exposici\u00f3n-en-Mecerreyes-2016-3.jpg\" class=\"thickbox no_icon\" title=\"\"><img loading=\"lazy\" decoding=\"async\" width=\"150\" height=\"150\" src=\"https:\/\/www.mecerreyes.com\/mece\/wp-content\/uploads\/2016\/09\/Pirograbados-de-Rafa-Gonz\u00e1lez-Exposici\u00f3n-en-Mecerreyes-2016-3-150x150.jpg\" class=\"attachment-thumbnail size-thumbnail\" alt=\"\" \/><\/a>\n\t\t\t<\/dt><\/dl><dl class='gallery-item'>\n\t\t\t<dt class='gallery-icon portrait'>\n\t\t\t\t<a  href=\"https:\/\/www.mecerreyes.com\/mece\/wp-content\/uploads\/2016\/09\/Pirograbados-de-Rafa-Gonz\u00e1lez-Exposici\u00f3n-en-Mecerreyes-2016-4.jpg\" class=\"thickbox no_icon\" title=\"\"><img loading=\"lazy\" decoding=\"async\" width=\"150\" height=\"150\" src=\"https:\/\/www.mecerreyes.com\/mece\/wp-content\/uploads\/2016\/09\/Pirograbados-de-Rafa-Gonz\u00e1lez-Exposici\u00f3n-en-Mecerreyes-2016-4-150x150.jpg\" class=\"attachment-thumbnail size-thumbnail\" alt=\"\" \/><\/a>\n\t\t\t<\/dt><\/dl><br style=\"clear: both\" \/><dl class='gallery-item'>\n\t\t\t<dt class='gallery-icon landscape'>\n\t\t\t\t<a  href=\"https:\/\/www.mecerreyes.com\/mece\/wp-content\/uploads\/2016\/09\/Pirograbados-de-Rafa-Gonz\u00e1lez-Exposici\u00f3n-en-Mecerreyes-2016-5.jpg\" class=\"thickbox no_icon\" title=\"\"><img loading=\"lazy\" decoding=\"async\" width=\"150\" height=\"150\" src=\"https:\/\/www.mecerreyes.com\/mece\/wp-content\/uploads\/2016\/09\/Pirograbados-de-Rafa-Gonz\u00e1lez-Exposici\u00f3n-en-Mecerreyes-2016-5-150x150.jpg\" class=\"attachment-thumbnail size-thumbnail\" alt=\"\" \/><\/a>\n\t\t\t<\/dt><\/dl><dl class='gallery-item'>\n\t\t\t<dt class='gallery-icon portrait'>\n\t\t\t\t<a  href=\"https:\/\/www.mecerreyes.com\/mece\/wp-content\/uploads\/2016\/09\/Pirograbados-de-Rafa-Gonz\u00e1lez-Exposici\u00f3n-en-Mecerreyes-2016-6.jpg\" class=\"thickbox no_icon\" title=\"\"><img loading=\"lazy\" decoding=\"async\" width=\"150\" height=\"150\" src=\"https:\/\/www.mecerreyes.com\/mece\/wp-content\/uploads\/2016\/09\/Pirograbados-de-Rafa-Gonz\u00e1lez-Exposici\u00f3n-en-Mecerreyes-2016-6-150x150.jpg\" class=\"attachment-thumbnail size-thumbnail\" alt=\"\" \/><\/a>\n\t\t\t<\/dt><\/dl><dl class='gallery-item'>\n\t\t\t<dt class='gallery-icon portrait'>\n\t\t\t\t<a  href=\"https:\/\/www.mecerreyes.com\/mece\/wp-content\/uploads\/2016\/09\/Pirograbados-de-Rafa-Gonz\u00e1lez-Exposici\u00f3n-en-Mecerreyes-2016-7.jpg\" class=\"thickbox no_icon\" title=\"\"><img loading=\"lazy\" decoding=\"async\" width=\"150\" height=\"150\" src=\"https:\/\/www.mecerreyes.com\/mece\/wp-content\/uploads\/2016\/09\/Pirograbados-de-Rafa-Gonz\u00e1lez-Exposici\u00f3n-en-Mecerreyes-2016-7-150x150.jpg\" class=\"attachment-thumbnail size-thumbnail\" alt=\"\" \/><\/a>\n\t\t\t<\/dt><\/dl><br style=\"clear: both\" \/><dl class='gallery-item'>\n\t\t\t<dt class='gallery-icon landscape'>\n\t\t\t\t<a  href=\"https:\/\/www.mecerreyes.com\/mece\/wp-content\/uploads\/2016\/09\/Pirograbados-de-Rafa-Gonz\u00e1lez-Exposici\u00f3n-en-Mecerreyes-2016-1.jpg\" class=\"thickbox no_icon\" title=\"\"><img loading=\"lazy\" decoding=\"async\" width=\"150\" height=\"150\" src=\"https:\/\/www.mecerreyes.com\/mece\/wp-content\/uploads\/2016\/09\/Pirograbados-de-Rafa-Gonz\u00e1lez-Exposici\u00f3n-en-Mecerreyes-2016-1-150x150.jpg\" class=\"attachment-thumbnail size-thumbnail\" alt=\"\" \/><\/a>\n\t\t\t<\/dt><\/dl>\n\t\t\t<br style='clear: both' \/>\n\t\t<\/div>\n\n<p>&nbsp;<\/p>\n<h1><span style=\"text-decoration: underline\"><strong>FACHADAS DE BARRO DE JOSE LORENZO GONZ\u00c1LEZ &#8211; Exposici\u00f3n en Mecerreyes, Agosto 2016<\/strong><\/span><\/h1>\n\n\t\t<style type=\"text\/css\">\n\t\t\t#gallery-2 {\n\t\t\t\tmargin: auto;\n\t\t\t}\n\t\t\t#gallery-2 .gallery-item {\n\t\t\t\tfloat: left;\n\t\t\t\tmargin-top: 10px;\n\t\t\t\ttext-align: center;\n\t\t\t\twidth: 33%;\n\t\t\t}\n\t\t\t#gallery-2 img {\n\t\t\t\tborder: 2px solid #cfcfcf;\n\t\t\t}\n\t\t\t#gallery-2 .gallery-caption {\n\t\t\t\tmargin-left: 0;\n\t\t\t}\n\t\t\t\/* see gallery_shortcode() in wp-includes\/media.php *\/\n\t\t<\/style>\n\t\t<div id='gallery-2' class='gallery galleryid-13278 gallery-columns-3 gallery-size-thumbnail'><dl class='gallery-item'>\n\t\t\t<dt class='gallery-icon landscape'>\n\t\t\t\t<a  href=\"https:\/\/www.mecerreyes.com\/mece\/wp-content\/uploads\/2016\/09\/Casas-de-Barro-de-Jose-Lorenzo-Gonz\u00e1lezExposici\u00f3n-en-Mecerreyes-2016-5.jpg\" class=\"thickbox no_icon\" title=\"\"><img loading=\"lazy\" decoding=\"async\" width=\"150\" height=\"150\" src=\"https:\/\/www.mecerreyes.com\/mece\/wp-content\/uploads\/2016\/09\/Casas-de-Barro-de-Jose-Lorenzo-Gonz\u00e1lezExposici\u00f3n-en-Mecerreyes-2016-5-150x150.jpg\" class=\"attachment-thumbnail size-thumbnail\" alt=\"\" \/><\/a>\n\t\t\t<\/dt><\/dl><dl class='gallery-item'>\n\t\t\t<dt class='gallery-icon portrait'>\n\t\t\t\t<a  href=\"https:\/\/www.mecerreyes.com\/mece\/wp-content\/uploads\/2016\/09\/Casas-de-Barro-de-Jose-Lorenzo-Gonz\u00e1lezExposici\u00f3n-en-Mecerreyes-2016-6.jpg\" class=\"thickbox no_icon\" title=\"\"><img loading=\"lazy\" decoding=\"async\" width=\"150\" height=\"150\" src=\"https:\/\/www.mecerreyes.com\/mece\/wp-content\/uploads\/2016\/09\/Casas-de-Barro-de-Jose-Lorenzo-Gonz\u00e1lezExposici\u00f3n-en-Mecerreyes-2016-6-150x150.jpg\" class=\"attachment-thumbnail size-thumbnail\" alt=\"\" \/><\/a>\n\t\t\t<\/dt><\/dl><dl class='gallery-item'>\n\t\t\t<dt class='gallery-icon landscape'>\n\t\t\t\t<a  href=\"https:\/\/www.mecerreyes.com\/mece\/wp-content\/uploads\/2016\/09\/Casas-de-Barro-de-Jose-Lorenzo-Gonz\u00e1lezExposici\u00f3n-en-Mecerreyes-2016-7.jpg\" class=\"thickbox no_icon\" title=\"\"><img loading=\"lazy\" decoding=\"async\" width=\"150\" height=\"150\" src=\"https:\/\/www.mecerreyes.com\/mece\/wp-content\/uploads\/2016\/09\/Casas-de-Barro-de-Jose-Lorenzo-Gonz\u00e1lezExposici\u00f3n-en-Mecerreyes-2016-7-150x150.jpg\" class=\"attachment-thumbnail size-thumbnail\" alt=\"\" \/><\/a>\n\t\t\t<\/dt><\/dl><br style=\"clear: both\" \/><dl class='gallery-item'>\n\t\t\t<dt class='gallery-icon landscape'>\n\t\t\t\t<a  href=\"https:\/\/www.mecerreyes.com\/mece\/wp-content\/uploads\/2016\/09\/Casas-de-Barro-de-Jose-Lorenzo-Gonz\u00e1lezExposici\u00f3n-en-Mecerreyes-2016-1.jpg\" class=\"thickbox no_icon\" title=\"\"><img loading=\"lazy\" decoding=\"async\" width=\"150\" height=\"150\" src=\"https:\/\/www.mecerreyes.com\/mece\/wp-content\/uploads\/2016\/09\/Casas-de-Barro-de-Jose-Lorenzo-Gonz\u00e1lezExposici\u00f3n-en-Mecerreyes-2016-1-150x150.jpg\" class=\"attachment-thumbnail size-thumbnail\" alt=\"\" \/><\/a>\n\t\t\t<\/dt><\/dl><dl class='gallery-item'>\n\t\t\t<dt class='gallery-icon portrait'>\n\t\t\t\t<a  href=\"https:\/\/www.mecerreyes.com\/mece\/wp-content\/uploads\/2016\/09\/Casas-de-Barro-de-Jose-Lorenzo-Gonz\u00e1lezExposici\u00f3n-en-Mecerreyes-2016-2.jpg\" class=\"thickbox no_icon\" title=\"\"><img loading=\"lazy\" decoding=\"async\" width=\"150\" height=\"150\" src=\"https:\/\/www.mecerreyes.com\/mece\/wp-content\/uploads\/2016\/09\/Casas-de-Barro-de-Jose-Lorenzo-Gonz\u00e1lezExposici\u00f3n-en-Mecerreyes-2016-2-150x150.jpg\" class=\"attachment-thumbnail size-thumbnail\" alt=\"\" \/><\/a>\n\t\t\t<\/dt><\/dl><dl class='gallery-item'>\n\t\t\t<dt class='gallery-icon landscape'>\n\t\t\t\t<a  href=\"https:\/\/www.mecerreyes.com\/mece\/wp-content\/uploads\/2016\/09\/Casas-de-Barro-de-Jose-Lorenzo-Gonz\u00e1lezExposici\u00f3n-en-Mecerreyes-2016-3.jpg\" class=\"thickbox no_icon\" title=\"\"><img loading=\"lazy\" decoding=\"async\" width=\"150\" height=\"150\" src=\"https:\/\/www.mecerreyes.com\/mece\/wp-content\/uploads\/2016\/09\/Casas-de-Barro-de-Jose-Lorenzo-Gonz\u00e1lezExposici\u00f3n-en-Mecerreyes-2016-3-150x150.jpg\" class=\"attachment-thumbnail size-thumbnail\" alt=\"\" \/><\/a>\n\t\t\t<\/dt><\/dl><br style=\"clear: both\" \/><dl class='gallery-item'>\n\t\t\t<dt class='gallery-icon landscape'>\n\t\t\t\t<a  href=\"https:\/\/www.mecerreyes.com\/mece\/wp-content\/uploads\/2016\/09\/Casas-de-Barro-de-Jose-Lorenzo-Gonz\u00e1lezExposici\u00f3n-en-Mecerreyes-2016-4.jpg\" class=\"thickbox no_icon\" title=\"\"><img loading=\"lazy\" decoding=\"async\" width=\"150\" height=\"150\" src=\"https:\/\/www.mecerreyes.com\/mece\/wp-content\/uploads\/2016\/09\/Casas-de-Barro-de-Jose-Lorenzo-Gonz\u00e1lezExposici\u00f3n-en-Mecerreyes-2016-4-150x150.jpg\" class=\"attachment-thumbnail size-thumbnail\" alt=\"\" \/><\/a>\n\t\t\t<\/dt><\/dl>\n\t\t\t<br style='clear: both' \/>\n\t\t<\/div>","protected":false},"excerpt":{"rendered":"<p>EL AGOSTO DE LOS SENTIDOS. Retomada ya normalidad y rutinas de este nuevo curso, con la morri\u00f1a y nostalgia todav\u00eda a flor de piel, se hace f\u00e1cil recordar lo vivido en este bonito mes estival en Mecerreyes. Quiero titularlo \u201cAgosto de los sentidos\u201d pues seguro los hemos puesto a trabajar a todos, siendo \u00e9stos quienes [&hellip;]<\/p>\n","protected":false},"author":5,"featured_media":13413,"comment_status":"open","ping_status":"closed","sticky":false,"template":"","format":"standard","meta":{"_et_pb_use_builder":"off","_et_pb_old_content":"<p style=\"text-align: justify;\"><strong>EL AGOSTO DE LOS SENTIDOS.<\/strong><\/p><p style=\"text-align: justify;\">Retomada ya normalidad y rutinas de este nuevo curso, con la morri\u00f1a y nostalgia todav\u00eda a flor de piel, se hace f\u00e1cil recordar lo vivido en este bonito mes estival en Mecerreyes.<\/p><p style=\"text-align: justify;\">Quiero titularlo \u201cAgosto de los sentidos\u201d pues seguro los hemos puesto a trabajar a todos, siendo \u00e9stos quienes han llenado nuestro cerebro de sensaciones, emociones y recuerdos imborrables.<\/p><p style=\"text-align: justify;\"><strong><em><u>Vista:<\/u><\/em><\/strong> que nos ha permitido disfrutar del paisaje, de los cambios en casas y calles del pueblo, de <strong>exposiciones<\/strong>: <em>La de\u00a0 <strong>fotograf\u00eda<\/strong> de Fernando Alonso, los <strong>pirograbados<\/strong> de Rafael Gonz\u00e1lez - <strong>barro<\/strong> de Jos\u00e9 Lorenzo Gonz\u00e1lez, y las <strong>esculturas<\/strong> de \u00c1ngel Gil, reclamo de muchos para darse un paseo por las calles del pueblo y hacerse una foto con el Cid, el abuelo, el Guileto, el toro, los ni\u00f1os o el burro.<\/em><\/p><p style=\"text-align: justify;\">Sentido este de la vista que mantendr\u00e1 en nuestra retina la emocionante escena de ver a todas las pe\u00f1as juntas posando en una memorable <strong>foto para la historia<\/strong>, color y m\u00e1s color de camisetas, blusas, petos\u2026, no estaban todos los que son, pero los m\u00e1s de 350 guiletos que participaron en ella son los que s\u00ed est\u00e1n.<\/p><p style=\"text-align: justify;\"><strong><em><u>O\u00eddo<\/u><\/em><\/strong>: con el que sentir la m\u00fasica de los conciertos ofrecidos por el Grupo Espliego y Fet\u00e9n & Fet\u00e9n, ambos con un lleno total de la plaza, vecinos, y amigos de la m\u00fasica tradicional venidos de todas partes, fans de estos grandes m\u00fasicos que seguro se llevaron un gran recuerdo de Mecerreyes. Comentadas sus actuaciones en los d\u00edas posteriores. Sin duda un acierto de los organizadores de este verano cultural.<\/p><p style=\"text-align: justify;\">El sentir de las campanas, tambi\u00e9n fue aviso de los encuentros\u00a0 en los actos principales de este mes. \u00a1C\u00f3mo sonaban al llegar la Virgen del Camino a la Iglesia!<\/p><p style=\"text-align: justify;\">\u00a1Qu\u00e9 bien! este mes no han tocado para despedir a ning\u00fan guileto.<\/p><p style=\"text-align: justify;\">El sonido de la dulzaina y tambor en las dianas, de las charangas, orquestas, griter\u00edo de ni\u00f1os en el front\u00f3n\u2026 \u00a1Vida y m\u00e1s vida!<\/p><p style=\"text-align: justify;\"><strong><em><u>Gusto<\/u><\/em><\/strong>: qu\u00e9 decir de lo bien que saben las cosas en el pueblo, las que cocina la madre, la abuela, unas simples sopas de ajo saben a gloria, los productos de la huerta no tienen comparaci\u00f3n.<\/p><p style=\"text-align: justify;\"><strong>Los quintos del 63<\/strong> tuvieron el gusto de \u00a0darse un homenaje en el Mes\u00f3n de Frutos un a\u00f1o m\u00e1s, bonita velada la del d\u00eda 13 que sirvi\u00f3 para compartir alegr\u00edas, preocupaciones y logros de todo tipo.<\/p><p style=\"text-align: justify;\">Tambi\u00e9n <strong>la familia Moch\u00f3n <\/strong>degust\u00f3 ese d\u00eda del buen Yantar en el pueblo. Una numeros\u00edsima familia que re\u00fane a varias generaciones. Deseamos podamos verles a todos el pr\u00f3ximo verano en Mecerreyes, su ra\u00edz, su tierra.<\/p><p style=\"text-align: justify;\"><strong><em><u>Olfato<\/u><\/em><\/strong>: \u00a1C\u00f3mo huele en Mecerreyes en torno a la plaza cuando Javier y Goyi preparan sus chuletas!<\/p><p style=\"text-align: justify;\">\u00a1C\u00f3mo huele el espliego en los paseos al atardecer!<\/p><p style=\"text-align: justify;\">\u00a1C\u00f3mo huelen las casas llenas de ni\u00f1os!<\/p><p style=\"text-align: justify;\"><strong><em><u>Tacto<\/u><\/em><\/strong>: Saludos, apretones de manos, besos, abrazos, tambi\u00e9n lo mismo en la despedida. Sentido de los que curan penas, y demuestran la verdad de una amistad; de eso hemos tenido millones este verano, no falt\u00e9is el pr\u00f3ximo, es una dosis necesaria por prescripci\u00f3n m\u00e9dica.<\/p><p style=\"text-align: justify;\"><strong>Efem\u00e9rides de Agosto.<\/strong><\/p><p style=\"text-align: justify;\">El 9, d\u00eda Internacional de los Pueblos Ind\u00edgenas.<\/p><p style=\"text-align: justify;\">El 12, d\u00eda Internacional de la Juventud.<\/p><p style=\"text-align: justify;\">El 19, d\u00eda Mundial de la Asistencia Humanitaria.<\/p><p style=\"text-align: justify;\">El 29, d\u00eda Mundial del \u00c1rbol.<\/p><p style=\"text-align: justify;\">El 31, d\u00eda Internacional de la Solidaridad.<\/p><p style=\"text-align: justify;\"><strong><u>\u00a0<\/u><\/strong><\/p><p style=\"text-align: justify;\"><strong><u>Campeonato de futbito de Quintanilla del Agua<\/u><\/strong>,<\/p><p style=\"text-align: justify;\">Como todos los a\u00f1os a mediados de agosto, los equipos de Mecerreyes participan en el torneo de Futbito que organizan en Quintanilla del Agua.<\/p><p style=\"text-align: justify;\">Los peque\u00f1os (con equipaci\u00f3n de Embutidos Las Mamblas) se trajeron una medalla por su participaci\u00f3n y los mayores no pudieron estar entre los mejores clasificados pero estrenaron la equipaci\u00f3n que Vicente D\u00edez ha donado para ir todos uniformados. Gracias a los patrocinadores.<\/p><p style=\"text-align: justify;\"><strong><u>\u00a0<\/u><\/strong><\/p>[caption id=\"attachment_13376\" align=\"aligncenter\" width=\"600\"]<a href=\"http:\/\/www.mecerreyes.com\/mece\/wp-content\/uploads\/2016\/09\/Mecerreyes-Medallas-futbito-2016-ganada-en-Quintanilla-del-Agua.jpg\"><img class=\"wp-image-13376\" src=\"http:\/\/www.mecerreyes.com\/mece\/wp-content\/uploads\/2016\/09\/Mecerreyes-Medallas-futbito-2016-ganada-en-Quintanilla-del-Agua.jpg\" alt=\"Mecerreyes medallas de futbito 2016 ganada en Quintanilla del Agua\" width=\"600\" height=\"338\" \/><\/a> Mecerreyes medallas de futbito 2016 ganada en Quintanilla del Agua[\/caption]<p style=\"text-align: justify;\"><strong><u>\u00a0<\/u><\/strong><\/p><p style=\"text-align: justify;\"><strong><u>Celebraci\u00f3n Bodas de plata Adela (Hija de Poli) y Michel - 24-08-2016<\/u><\/strong><\/p><p style=\"text-align: justify;\">Mecerreyes de nuevo centro de reuni\u00f3n de una familia,<br \/> \u00bfmotivo? Unas bodas de plata. Y ellos nos pasan esta nota:<\/p><p style=\"text-align: justify;\"><em>\u201cFue una celebraci\u00f3n preparada con mucha ilusi\u00f3n por todos los hermanos, sobrinos, amigos \u00a0y familia. No faltaron ricas viandas, alegr\u00eda, cari\u00f1o y buena m\u00fasica.\u00a0 Lo pasamos estupendamente y quedamos emplazados para las de oro. Muchas gracias y muchas Felicidades para Adela, Michel y su hijo Rodrigo.\u201d<\/em><\/p><p style=\"text-align: justify;\"><em>\u00a0<\/em><\/p><p style=\"text-align: justify;\">Como veis pusieron a trabajar todos los sentidos. \u00a1Felicidades a los novios! que podamos contaros en este medio la celebraci\u00f3n de las de Oro.<\/p><p style=\"text-align: justify;\"><strong>Guiletos por el mundo<\/strong><\/p><p style=\"text-align: justify;\"><strong><u>Alicia Alonso Alonso<\/u><\/strong> (hija de Pablo y Montse) Como gerente de Cines Van Golem nos habla en este art\u00edculo de Diario de Burgos de la recuperaci\u00f3n de espectadores que asisten a ver pel\u00edculas al estilo tradicional, en una sala de cine con palomitas incluidas. Felicidades por tu buen hacer.<\/p><p style=\"text-align: justify;\"><a href=\"http:\/\/www.diariodeburgos.es\/Noticia\/Z5BD65962-B553-6932-2EFB17AB795A2A52\/100000-espectadores-recuperados\">http:\/\/www.diariodeburgos.es\/Noticia\/Z5BD65962-B553-6932-2EFB17AB795A2A52\/100000-espectadores-recuperados<\/a><\/p><p style=\"text-align: justify;\">La revista \u201cVive ARLANZA\u201d\u00a0 llena sus p\u00e1ginas con noticias de Mecerreyes, en su \u00faltimo n\u00famero, son noticia: <strong><u>el Mes\u00f3n de Frutos<\/u><\/strong>, en el art\u00edculo titulado \u201cEl Buen Yantar\u201d.<\/p><p style=\"text-align: justify;\">Son muchas las ocasiones en las que le agradecemos a esta familia su buen hacer en la hosteler\u00eda, su generosidad y compromiso con el pueblo, y c\u00f3mo trasciende el nombre de Mecerreyes gracias a las reuniones que en sus comedores tienen lugar todas las semanas.<\/p><p style=\"text-align: justify;\"><strong>\u00a0Y <u>\u00c1ngel Gil<\/u><\/strong> en el art\u00edculo titulado \u201cProfeta en su tierra\u201d.<\/p><p style=\"text-align: justify;\">Tanto en la inauguraci\u00f3n de \u201cLos ni\u00f1os del Pil\u00f3n\u201d y \u201cEl Toro\u201d del 30 de julio, como\u00a0 la de \u201cEl Burro\u201d que tuvo lugar el 25 de agosto, \u00c1ngel se ha visto arropado por todo el pueblo, pueblo agradecido por su desinteresado trabajo, y as\u00ed en boca de nuestro alcalde Julian se le hizo saber.<\/p><p style=\"text-align: justify;\">Sin duda merecidos reconocimientos que trascienden fronteras. \u00a1Felicidades GUILETOS!<\/p><p style=\"text-align: justify;\"><strong>\u00a0<\/strong><\/p><p style=\"text-align: justify;\"><strong>Foto Pe\u00f1as<\/strong><\/p><p style=\"text-align: justify;\">El administrador de esta p\u00e1gina WEB\u00a0 en breve tendr\u00e1 listo el enlace de Municipio\/Pe\u00f1as, en el que podr\u00e9is veros una y otra vez en la foto individual de cada una y la inolvidable foto de todas juntas.<\/p><p style=\"text-align: justify;\">Os invitamos a ver este peque\u00f1o v\u00eddeo, reflejo de una tarde inolvidable la del 27 de agosto de 2016.<\/p><p style=\"text-align: justify;\">A las 6.30 estaban citadas las 27 pe\u00f1as, fueron subiendo al lugar de la cita un tanto expectantes,\u00a0 se fueron colocando en orden todas juntas\u00a0 y en un momento Fernando Alonso\u00a0 transmiti\u00f3 con su objetivo lo divertido del momento.<\/p><p style=\"text-align: justify;\">De forma espont\u00e1nea al verse todos juntos, seguro les recorri\u00f3 el: <strong><em>\u201cles dir\u00e9 que soy guileto, con orgullo y con pasi\u00f3n\u2026\u201d<\/em><\/strong> y despu\u00e9s de varias olas con las palmas levantadas surgi\u00f3 el canto del Himno a Mecerreyes. \u00a1Ufff! Emocionante de verdad. (Colorido, m\u00fasica, contacto f\u00edsico, sabor\u00a0 y olor a pueblo por las venas) en fin, que esta foto resume el t\u00edtulo de la cr\u00f3nica del mes de agosto: AGOSTO DE LOS SENTIDOS.<\/p><p style=\"text-align: justify;\">La pe\u00f1a de los <strong>Cohetes<\/strong> y <strong>La Fuente<\/strong> no llegaron a tiempo a tan singular momento, pero se hicieron la foto al d\u00eda siguiente. No pod\u00edan faltar.<\/p><p style=\"text-align: justify;\">Fueron los Cohetes quienes hace 40 a\u00f1os encendieron la mecha del fen\u00f3meno \u201c<em><u>pe\u00f1as de Mecerreyes<\/u><\/em>\u201d, recordareis su gran labor de innovaci\u00f3n en todas las fiestas, Reyes Magos, Reina y Mozo\u00a0 de Fiestas, carrozas, encierro\u2026, as\u00ed como en la\u00a0 recuperaci\u00f3n de tradiciones: Carnaval y Marzas. Le fueron siguiendo otras como La Fuente, activos a\u00fan, trabajando\u00a0 y dando vida a la Asociaci\u00f3n de Jubilados. Como digo, no pod\u00edan faltar, as\u00ed que a los 350 presentes en la foto, le sum\u00e1is las dos veteranas.<\/p><p style=\"text-align: justify;\">\u00a0\u00bfA QUE SOMOS DE VERDAD ORIGENIALES?<\/p><p style=\"text-align: justify;\">LA FUENTE + BARBIS + COHETES + FOGON GUILETO + ABONADOS + DALTON + REBUJITOS + ACIG\u00daEMBRES + CHISPAZO + TSUKIS + PE\u00d1A SIN + KARACHIS + CRASH + AITUTAKIS + KOLGAOS\u00a0 + NI FU NI FA + FUENTE CEPILLO + DESPE\u00d1ADOS\u00a0 + OKUPAS\u00a0 +\u00a0 KEISUNES\u00a0 +\u00a0 N\u00c9MESIS + TOKISKI +\u00a0 INCORDIO + GOLPAZO + HIKENUN + PERLA NEGRA + LOS DE AQU\u00cd +. \u00a0De reciente creaci\u00f3n: TXOLLO + LOS PRIMOS DE SHEILA + LOS PILONEROS = 30<\/p><p style=\"text-align: justify;\">\u00a1\u00a1\u00a1Gracias a todos por vuestra paciencia y participaci\u00f3n!!!<\/p><p style=\"text-align: justify;\">\u00bfPodr\u00eda ser la tarde del s\u00e1bado de las fiestas venideras, un momento para repetir este encuentro?<\/p><p style=\"text-align: justify;\"><strong>\u00a0<\/strong><\/p><p style=\"text-align: justify;\"><strong>\u00a0<\/strong><\/p><p style=\"text-align: justify;\"><strong>\u00a0<\/strong><\/p><p style=\"text-align: justify;\"><strong>\u00a0<\/strong><\/p><p style=\"text-align: justify;\"><strong>Fiestas 2016<\/strong><\/p><p style=\"text-align: justify;\">La pe\u00f1a Tokisky encargada de organizar las fiestas en esta edici\u00f3n, tiene ya preparada una presentaci\u00f3n resumen de las fiestas. En breve, relataremos c\u00f3mo han transcurrido y subiremos fotograf\u00edas de todos los momentos m\u00e1s destacables.<\/p><p>\u00a0<\/p><p><strong>Refranero<\/strong><\/p><p><em>En agosto y en enero no tomes el sol sin sombrero.<\/em><\/p><p><em>En las madrugadas de agosto, tiene fr\u00edo el viejo y el mozo.<\/em><\/p><p><em>Lo que agosto madura, septiembre lo asegura.<\/em><\/p><p><em>Agosto hace el mosto.<\/em><\/p><p><em>Quien en agosto ara, despensa prepara.<\/em><\/p><p><em>Lluvias de agosto, miel y mosto.<\/em><\/p><p>\u00a0<\/p><p>\u00a0<\/p><p>\u00a0<\/p><p>\u00a0<\/p><ul><li>* * * * **************<\/li><\/ul><p>Tarde de toros<\/p><p>Art\u00edculo Alicia, Diario de Burgos 29-08-2016<\/p><p>Alicia Alonso Alonso, gerente de Van Golem, en el vest\u00edbulo del multicine de la avenida del Arlanz\u00f3n.<\/p><p>http:\/\/www.diariodeburgos.es\/Noticia\/Z5BD65962-B553-6932-2EFB17AB795A2A52\/100000-espectadores-recuperados<\/p><p>Celebraci\u00f3n Bodas de plata Adela y Michel - 24-08-2016<\/p><div><div><i>Adjunto estas fotograf\u00edas de la celebraci\u00f3n \u00a0de las bodas de plata \u00a0de Adela (hija de Poli) \u00a0y Michel, \u00a0el mi\u00e9rcoles 24 de agosto de 2016, en \u00a0Mecerreyes, \u00a0en \u00a0la semana de fiestas .<\/i><\/div><div><i>\u00a0<\/i><\/div><div><i>Fue una celebraci\u00f3n preparada con mucha ilusi\u00f3n por todos los hermanos, sobrinos, amigos \u00a0y familia. No faltaron ricas viandas, alegr\u00eda, cari\u00f1o \u00a0 y buena m\u00fasica.\u00a0 Lo pasamos estupendamente y quedamos emplazados para las de oro. Muchas gracias y muchas Felicidades para Adela, Michel y su hijo Rodrigo..<\/i><\/div><\/div><div>\u00a0<\/div><p>13-08-16 Comida familiar mochones (tenemos foto de Diario de Burgos)<\/p><p>Exposiciones<\/p><p>Campeonato de futbito de Quintanilla del Agua,<\/p><p>Los peque\u00f1os (con equipaci\u00f3n de Embutidos Las Mamblas) se trajeron una medalla por su participaci\u00f3n y los mayores no pudieron estar entre los mejores clasificados pero estrenaron la equipaci\u00f3n que Vicente ha donado para ir todos uniformados. Gracias a los patrocinadores<\/p><p>\u00a0<\/p><p>Foto Pe\u00f1as<\/p><p>Fiestas 2016<\/p>","_et_gb_content_width":"","footnotes":""},"categories":[1],"tags":[34,21,60],"class_list":["post-13278","post","type-post","status-publish","format-standard","has-post-thumbnail","hentry","category-general","tag-exposiciones","tag-guiletos","tag-penas","et-has-post-format-content","et_post_format-et-post-format-standard"],"_links":{"self":[{"href":"https:\/\/www.mecerreyes.com\/mece\/index.php?rest_route=\/wp\/v2\/posts\/13278"}],"collection":[{"href":"https:\/\/www.mecerreyes.com\/mece\/index.php?rest_route=\/wp\/v2\/posts"}],"about":[{"href":"https:\/\/www.mecerreyes.com\/mece\/index.php?rest_route=\/wp\/v2\/types\/post"}],"author":[{"embeddable":true,"href":"https:\/\/www.mecerreyes.com\/mece\/index.php?rest_route=\/wp\/v2\/users\/5"}],"replies":[{"embeddable":true,"href":"https:\/\/www.mecerreyes.com\/mece\/index.php?rest_route=%2Fwp%2Fv2%2Fcomments&post=13278"}],"version-history":[{"count":1,"href":"https:\/\/www.mecerreyes.com\/mece\/index.php?rest_route=\/wp\/v2\/posts\/13278\/revisions"}],"predecessor-version":[{"id":14499,"href":"https:\/\/www.mecerreyes.com\/mece\/index.php?rest_route=\/wp\/v2\/posts\/13278\/revisions\/14499"}],"wp:featuredmedia":[{"embeddable":true,"href":"https:\/\/www.mecerreyes.com\/mece\/index.php?rest_route=\/wp\/v2\/media\/13413"}],"wp:attachment":[{"href":"https:\/\/www.mecerreyes.com\/mece\/index.php?rest_route=%2Fwp%2Fv2%2Fmedia&parent=13278"}],"wp:term":[{"taxonomy":"category","embeddable":true,"href":"https:\/\/www.mecerreyes.com\/mece\/index.php?rest_route=%2Fwp%2Fv2%2Fcategories&post=13278"},{"taxonomy":"post_tag","embeddable":true,"href":"https:\/\/www.mecerreyes.com\/mece\/index.php?rest_route=%2Fwp%2Fv2%2Ftags&post=13278"}],"curies":[{"name":"wp","href":"https:\/\/api.w.org\/{rel}","templated":true}]}}