{"id":14948,"date":"2017-04-12T15:06:45","date_gmt":"2017-04-12T14:06:45","guid":{"rendered":"http:\/\/www.mecerreyes.com\/mece\/?p=14948"},"modified":"2017-05-04T08:11:39","modified_gmt":"2017-05-04T07:11:39","slug":"semana-santa-en-mecerreyes-2017","status":"publish","type":"post","link":"https:\/\/www.mecerreyes.com\/mece\/?p=14948","title":{"rendered":"Horarios. Semana Santa en Mecerreyes 2017"},"content":{"rendered":"<h2 style=\"text-align: justify;\"><a  href=\"https:\/\/www.mecerreyes.com\/mece\/?page_id=48\">Semana Santa<\/a> en Mecerreyes<\/h2>\n<p style=\"text-align: justify;\">Quedan muy pocos d\u00edas para volvernos a ver, muchos os acercareis a Mecerreyes para vivir esta semana con un especial recogimiento, festividades religiosas que forman parte tambi\u00e9n de nuestra esencia.<\/p>\n<p style=\"text-align: justify;\">Cumpliremos con la tradici\u00f3n de los Cirineos el Jueves Santo, les acompa\u00f1aremos en el recio y sentido viacrucis del Viernes Santo, pasearemos las im\u00e1genes en la precesi\u00f3n del encuentro el Domingo de Resurrecci\u00f3n.<\/p>\n<p style=\"text-align: justify;\">S\u00ed, todo esto sin olvidarnos de lo humano,\u00a0 nuestras abuelas estar\u00e1n abriendo ventanas, calentando la casa, preparando el potaje de garbanzos con bacalao y las ricas torrijas.<\/p>\n<p style=\"text-align: justify;\">Aqu\u00ed os dejamos el horario que desde la <a  href=\"https:\/\/www.mecerreyes.com\/mece\/?page_id=35\">Parroquia<\/a> nos han proporcionado.<\/p>\n<p style=\"text-align: justify;\">Os esperamos a todos, seguro que el buen tiempo os anima.<\/p>\n<div id=\"attachment_14951\" style=\"width: 3518px\" class=\"wp-caption aligncenter\"><a  href=\"http:\/\/www.mecerreyes.com\/mece\/wp-content\/uploads\/2017\/04\/Cartel-Semana-Santa-Mecerreyes-2017.jpg\" class=\"thickbox no_icon\" title=\"\"><img loading=\"lazy\" decoding=\"async\" aria-describedby=\"caption-attachment-14951\" class=\"size-full wp-image-14951\" src=\"http:\/\/www.mecerreyes.com\/mece\/wp-content\/uploads\/2017\/04\/Cartel-Semana-Santa-Mecerreyes-2017.jpg\" alt=\"\" width=\"3508\" height=\"4961\" srcset=\"https:\/\/www.mecerreyes.com\/mece\/wp-content\/uploads\/2017\/04\/Cartel-Semana-Santa-Mecerreyes-2017.jpg 3508w, https:\/\/www.mecerreyes.com\/mece\/wp-content\/uploads\/2017\/04\/Cartel-Semana-Santa-Mecerreyes-2017-212x300.jpg 212w, https:\/\/www.mecerreyes.com\/mece\/wp-content\/uploads\/2017\/04\/Cartel-Semana-Santa-Mecerreyes-2017-768x1086.jpg 768w, https:\/\/www.mecerreyes.com\/mece\/wp-content\/uploads\/2017\/04\/Cartel-Semana-Santa-Mecerreyes-2017-724x1024.jpg 724w, https:\/\/www.mecerreyes.com\/mece\/wp-content\/uploads\/2017\/04\/Cartel-Semana-Santa-Mecerreyes-2017-1080x1527.jpg 1080w\" sizes=\"(max-width: 3508px) 100vw, 3508px\" \/><\/a><p id=\"caption-attachment-14951\" class=\"wp-caption-text\">Cartel <a  href=\"https:\/\/www.mecerreyes.com\/mece\/?page_id=48\">Semana Santa<\/a> Mecerreyes 2017<\/p><\/div>","protected":false},"excerpt":{"rendered":"<p>Semana Santa en Mecerreyes Quedan muy pocos d\u00edas para volvernos a ver, muchos os acercareis a Mecerreyes para vivir esta semana con un especial recogimiento, festividades religiosas que forman parte tambi\u00e9n de nuestra esencia. Cumpliremos con la tradici\u00f3n de los Cirineos el Jueves Santo, les acompa\u00f1aremos en el recio y sentido viacrucis del Viernes Santo, [&hellip;]<\/p>\n","protected":false},"author":5,"featured_media":14951,"comment_status":"open","ping_status":"closed","sticky":false,"template":"","format":"standard","meta":{"_et_pb_use_builder":"","_et_pb_old_content":"","_et_gb_content_width":"","footnotes":""},"categories":[1],"tags":[11],"class_list":["post-14948","post","type-post","status-publish","format-standard","has-post-thumbnail","hentry","category-general","tag-semana-santa","et_post_format-et-post-format-gallery","et-has-post-format-content"],"_links":{"self":[{"href":"https:\/\/www.mecerreyes.com\/mece\/index.php?rest_route=\/wp\/v2\/posts\/14948"}],"collection":[{"href":"https:\/\/www.mecerreyes.com\/mece\/index.php?rest_route=\/wp\/v2\/posts"}],"about":[{"href":"https:\/\/www.mecerreyes.com\/mece\/index.php?rest_route=\/wp\/v2\/types\/post"}],"author":[{"embeddable":true,"href":"https:\/\/www.mecerreyes.com\/mece\/index.php?rest_route=\/wp\/v2\/users\/5"}],"replies":[{"embeddable":true,"href":"https:\/\/www.mecerreyes.com\/mece\/index.php?rest_route=%2Fwp%2Fv2%2Fcomments&post=14948"}],"version-history":[{"count":5,"href":"https:\/\/www.mecerreyes.com\/mece\/index.php?rest_route=\/wp\/v2\/posts\/14948\/revisions"}],"predecessor-version":[{"id":15105,"href":"https:\/\/www.mecerreyes.com\/mece\/index.php?rest_route=\/wp\/v2\/posts\/14948\/revisions\/15105"}],"wp:featuredmedia":[{"embeddable":true,"href":"https:\/\/www.mecerreyes.com\/mece\/index.php?rest_route=\/wp\/v2\/media\/14951"}],"wp:attachment":[{"href":"https:\/\/www.mecerreyes.com\/mece\/index.php?rest_route=%2Fwp%2Fv2%2Fmedia&parent=14948"}],"wp:term":[{"taxonomy":"category","embeddable":true,"href":"https:\/\/www.mecerreyes.com\/mece\/index.php?rest_route=%2Fwp%2Fv2%2Fcategories&post=14948"},{"taxonomy":"post_tag","embeddable":true,"href":"https:\/\/www.mecerreyes.com\/mece\/index.php?rest_route=%2Fwp%2Fv2%2Ftags&post=14948"}],"curies":[{"name":"wp","href":"https:\/\/api.w.org\/{rel}","templated":true}]}}