{"id":15127,"date":"2017-06-06T00:41:22","date_gmt":"2017-06-05T23:41:22","guid":{"rendered":"http:\/\/www.mecerreyes.com\/mece\/?p=15127"},"modified":"2017-06-11T21:27:01","modified_gmt":"2017-06-11T20:27:01","slug":"noticias-mayo-2017-y-romeria","status":"publish","type":"post","link":"https:\/\/www.mecerreyes.com\/mece\/?p=15127","title":{"rendered":"Noticias Mayo 2017 y Romer\u00eda"},"content":{"rendered":"<h1><strong>Mayo 2017<\/strong><\/h1>\n<p style=\"text-align: justify;\">Bonito mes este de mayo que a\u00fana conmemoraciones como la del Trabajo, <a  href=\"https:\/\/www.mecerreyes.com\/mece\/?page_id=56\">San Isidro<\/a>, familia, D\u00eda de la Madre y Romer\u00eda de <a  href=\"https:\/\/www.mecerreyes.com\/mece\/?page_id=54\">la Virgen del Camino<\/a>. Aunque la climatolog\u00eda ha sido adversa y ha destrozado las expectativas de nuestros labradores, hemos tenido otros motivos por los que contentarnos y celebrar.<\/p>\n<p style=\"text-align: justify;\">Alegr\u00eda de:<\/p>\n<ul>\n<li style=\"text-align: justify;\">No despedir a ning\u00fan vecino este mes.<\/li>\n<li style=\"text-align: justify;\">De ver que cada domingo cerca de 20 ni\u00f1os participan de catequesis y eucarist\u00eda, de que aunque nos hacemos mayores y nuestros mayores ya no pueden participar de procesiones y largas celebraciones, sembraron en nosotros el cari\u00f1o a Mecerreyes, y han pasado el testigo a las j\u00f3venes familias que gustan de pasar el fin de semana en el pueblo participando en todo con sus hijos.<\/li>\n<li style=\"text-align: justify;\">Madres acompa\u00f1adas y felices el domingo d\u00eda 7,<\/li>\n<li style=\"text-align: justify;\">Bonita celebraci\u00f3n la de las primeras comuniones.<\/li>\n<li style=\"text-align: justify;\">Romer\u00eda alegre y muy familiar la del s\u00e1bado 27.<\/li>\n<li style=\"text-align: justify;\">Alegr\u00eda y orgullo tambi\u00e9n de ver que nuestros guiletos por el mundo son solidarios, reconocidos y aplaudidos.<\/li>\n<\/ul>\n<h2><strong>EFEM\u00c9RIDES MES DE MAYO<\/strong><\/h2>\n<ul>\n<li>El 1, D\u00eda Internacional del Trabajo.<\/li>\n<li>El 3, D\u00eda Mundial de la Libertad de Prensa.<\/li>\n<li>El 7, D\u00eda de la Madre.<\/li>\n<li>El 8, D\u00eda Internacional de la Cruz Roja<\/li>\n<li>El 12,\u00a0 D\u00eda Internacional de la Enfermera<\/li>\n<li><strong>El 15, D\u00eda de la Familia. Fiesta de <\/strong><a  href=\"http:\/\/www.mecerreyes.com\/mece\/?page_id=56\"><strong><a href=\"https:\/\/www.mecerreyes.com\/mece\/?page_id=56\">San Isidro<\/a><\/strong><\/a><\/li>\n<li>El 17, D\u00eda Internacional de Internet.<\/li>\n<li><strong>El 21 Primeras Comuniones en Mecerreyes<\/strong><\/li>\n<li>El 22, D\u00eda Mundial de la Biodiversidad.<\/li>\n<li><strong>El 27, Romer\u00eda Virgen del Camino en Mecerreyes.<\/strong><\/li>\n<li>El 31, D\u00eda Mundial sin Tabaco. D\u00eda Mundial Esclerosis M\u00faltiple<\/li>\n<\/ul>\n<p>&nbsp;<\/p>\n<h2 style=\"text-align: justify;\"><strong><a  href=\"https:\/\/www.mecerreyes.com\/mece\/?page_id=56\">SAN ISIDRO<\/a><\/strong><\/h2>\n<p style=\"text-align: justify;\">En los \u00faltimos d\u00edas de abril se hizo necesaria la intercesi\u00f3n divina pidiendo que lloviera para paliar el mal estado del campo, pidieron lluvia en la misa de las 10 y por la tarde ya llov\u00eda, hasta en los telediarios se ve\u00edan las rogativas y rezos en distintos puntos de la geograf\u00eda espa\u00f1ola.<\/p>\n<p style=\"text-align: justify;\">Lleg\u00f3 <a  href=\"https:\/\/www.mecerreyes.com\/mece\/?page_id=56\">San Isidro<\/a> y los labradores\u00a0 pidieron arregle en lo posible la situaci\u00f3n, como cada a\u00f1o le sacaron en procesi\u00f3n y se bendijeron los campos, tambi\u00e9n cantaron las letan\u00edas de los Santos.<\/p>\n<p style=\"text-align: justify;\">Vamos a necesitar la ayuda de todos juntos para que este campo castellano mejore los resultados.<\/p>\n<p><a  href=\"http:\/\/www.mecerreyes.com\/mece\/wp-content\/uploads\/2017\/06\/San-Isidro-2017-Mecerreyes.jpg\" class=\"thickbox no_icon\" title=\"\"><img loading=\"lazy\" decoding=\"async\" class=\"aligncenter size-full wp-image-15140\" src=\"http:\/\/www.mecerreyes.com\/mece\/wp-content\/uploads\/2017\/06\/San-Isidro-2017-Mecerreyes.jpg\" alt=\"\" width=\"1219\" height=\"1417\" srcset=\"https:\/\/www.mecerreyes.com\/mece\/wp-content\/uploads\/2017\/06\/San-Isidro-2017-Mecerreyes.jpg 1219w, https:\/\/www.mecerreyes.com\/mece\/wp-content\/uploads\/2017\/06\/San-Isidro-2017-Mecerreyes-258x300.jpg 258w, https:\/\/www.mecerreyes.com\/mece\/wp-content\/uploads\/2017\/06\/San-Isidro-2017-Mecerreyes-768x893.jpg 768w, https:\/\/www.mecerreyes.com\/mece\/wp-content\/uploads\/2017\/06\/San-Isidro-2017-Mecerreyes-881x1024.jpg 881w, https:\/\/www.mecerreyes.com\/mece\/wp-content\/uploads\/2017\/06\/San-Isidro-2017-Mecerreyes-1080x1255.jpg 1080w\" sizes=\"(max-width: 1219px) 100vw, 1219px\" \/><\/a><\/p>\n<h2><strong>COMUNIONES<\/strong><\/h2>\n<p style=\"text-align: justify;\">El d\u00eda 21 de mayo con la iglesia engalanada y vecinos y familiares ya en ella, Roberto sal\u00eda al encuentro de Silvia y \u00c1lvaro.<\/p>\n<p style=\"text-align: justify;\">Recorrieron la alfombra emocionados para recibir su primera comuni\u00f3n, padres, padrinos, hermanos y todos los ni\u00f1os del pueblo participaron de esta entra\u00f1able eucarist\u00eda, las dos familias celebraron el estupendo d\u00eda en el <a  href=\"https:\/\/www.mecerreyes.com\/mece\/?page_id=797\">Mes\u00f3n de Frutos<\/a>.<\/p>\n<p style=\"text-align: justify;\">Felicidades chicos. Seguro os quedar\u00e1 un bonito recuerdo de este sacramento\u00a0 tan especial.<\/p>\n<p style=\"text-align: justify;\"><a  href=\"http:\/\/www.mecerreyes.com\/mece\/wp-content\/uploads\/2017\/06\/1\u00aaComuni\u00f3n-Silvia-y-\u00c1lvaro-Mecerreyes-21-05-2017.jpg\" class=\"thickbox no_icon\" title=\"\"><img loading=\"lazy\" decoding=\"async\" class=\"aligncenter size-full wp-image-15142\" src=\"http:\/\/www.mecerreyes.com\/mece\/wp-content\/uploads\/2017\/06\/1\u00aaComuni\u00f3n-Silvia-y-\u00c1lvaro-Mecerreyes-21-05-2017.jpg\" alt=\"\" width=\"1280\" height=\"1476\" srcset=\"https:\/\/www.mecerreyes.com\/mece\/wp-content\/uploads\/2017\/06\/1\u00aaComuni\u00f3n-Silvia-y-\u00c1lvaro-Mecerreyes-21-05-2017.jpg 1280w, https:\/\/www.mecerreyes.com\/mece\/wp-content\/uploads\/2017\/06\/1\u00aaComuni\u00f3n-Silvia-y-\u00c1lvaro-Mecerreyes-21-05-2017-260x300.jpg 260w, https:\/\/www.mecerreyes.com\/mece\/wp-content\/uploads\/2017\/06\/1\u00aaComuni\u00f3n-Silvia-y-\u00c1lvaro-Mecerreyes-21-05-2017-768x886.jpg 768w, https:\/\/www.mecerreyes.com\/mece\/wp-content\/uploads\/2017\/06\/1\u00aaComuni\u00f3n-Silvia-y-\u00c1lvaro-Mecerreyes-21-05-2017-888x1024.jpg 888w, https:\/\/www.mecerreyes.com\/mece\/wp-content\/uploads\/2017\/06\/1\u00aaComuni\u00f3n-Silvia-y-\u00c1lvaro-Mecerreyes-21-05-2017-1080x1245.jpg 1080w\" sizes=\"(max-width: 1280px) 100vw, 1280px\" \/><\/a><\/p>\n<h2><strong>GUILETOS POR EL MUNDO. RECORTES DE PRENSA<\/strong><\/h2>\n<h2 style=\"text-align: justify;\"><strong>\u00c1ngel Gil<\/strong>.<\/h2>\n<p style=\"text-align: justify;\">De nuevo la prensa se hace eco de su obra inaugurada este mes en la Villa de Lerma, completando as\u00ed el homenaje a Zorrilla, podemos disfrutarla\u00a0 en la Colegiata de San Pedro.<\/p>\n<h3 style=\"text-align: justify;\"><a  href=\"http:\/\/burgosconecta.es\/2017\/05\/13\/lerma-completa-su-homenaje-a-zorrilla-con-una-escultura-en-la-colegiata-de-san-pedro\/\" target=\"_blank\" rel=\"noopener noreferrer\">http:\/\/burgosconecta.es\/2017\/05\/13\/lerma-completa-su-homenaje-a-zorrilla-con-una-escultura-en-la-colegiata-de-san-pedro\/<\/a><\/h3>\n<p style=\"text-align: justify;\"><a  href=\"http:\/\/www.mecerreyes.com\/mece\/wp-content\/uploads\/2017\/06\/Diario-de-Burgos-13-05-2017-Angel-Gil-escultura-de-Zorrilla.jpg\" class=\"thickbox no_icon\" title=\"\"><img loading=\"lazy\" decoding=\"async\" class=\"aligncenter size-full wp-image-15145\" src=\"http:\/\/www.mecerreyes.com\/mece\/wp-content\/uploads\/2017\/06\/Diario-de-Burgos-13-05-2017-Angel-Gil-escultura-de-Zorrilla.jpg\" alt=\"\" width=\"1120\" height=\"604\" srcset=\"https:\/\/www.mecerreyes.com\/mece\/wp-content\/uploads\/2017\/06\/Diario-de-Burgos-13-05-2017-Angel-Gil-escultura-de-Zorrilla.jpg 1120w, https:\/\/www.mecerreyes.com\/mece\/wp-content\/uploads\/2017\/06\/Diario-de-Burgos-13-05-2017-Angel-Gil-escultura-de-Zorrilla-300x162.jpg 300w, https:\/\/www.mecerreyes.com\/mece\/wp-content\/uploads\/2017\/06\/Diario-de-Burgos-13-05-2017-Angel-Gil-escultura-de-Zorrilla-768x414.jpg 768w, https:\/\/www.mecerreyes.com\/mece\/wp-content\/uploads\/2017\/06\/Diario-de-Burgos-13-05-2017-Angel-Gil-escultura-de-Zorrilla-1024x552.jpg 1024w, https:\/\/www.mecerreyes.com\/mece\/wp-content\/uploads\/2017\/06\/Diario-de-Burgos-13-05-2017-Angel-Gil-escultura-de-Zorrilla-1080x582.jpg 1080w\" sizes=\"(max-width: 1120px) 100vw, 1120px\" \/><\/a><\/p>\n<h2 style=\"text-align: justify;\"><a  href=\"http:\/\/www.mecerreyes.com\/mece\/wp-content\/uploads\/2017\/06\/Jos\u00e9-Zorrilla-escultura-de-\u00c1ngel-Gil-Lerma-mayo-2017.jpg\" class=\"thickbox no_icon\" title=\"\"><img loading=\"lazy\" decoding=\"async\" class=\"aligncenter size-full wp-image-15202\" src=\"http:\/\/www.mecerreyes.com\/mece\/wp-content\/uploads\/2017\/06\/Jos\u00e9-Zorrilla-escultura-de-\u00c1ngel-Gil-Lerma-mayo-2017.jpg\" alt=\"\" width=\"1280\" height=\"1969\" srcset=\"https:\/\/www.mecerreyes.com\/mece\/wp-content\/uploads\/2017\/06\/Jos\u00e9-Zorrilla-escultura-de-\u00c1ngel-Gil-Lerma-mayo-2017.jpg 1280w, https:\/\/www.mecerreyes.com\/mece\/wp-content\/uploads\/2017\/06\/Jos\u00e9-Zorrilla-escultura-de-\u00c1ngel-Gil-Lerma-mayo-2017-195x300.jpg 195w, https:\/\/www.mecerreyes.com\/mece\/wp-content\/uploads\/2017\/06\/Jos\u00e9-Zorrilla-escultura-de-\u00c1ngel-Gil-Lerma-mayo-2017-768x1181.jpg 768w, https:\/\/www.mecerreyes.com\/mece\/wp-content\/uploads\/2017\/06\/Jos\u00e9-Zorrilla-escultura-de-\u00c1ngel-Gil-Lerma-mayo-2017-666x1024.jpg 666w, https:\/\/www.mecerreyes.com\/mece\/wp-content\/uploads\/2017\/06\/Jos\u00e9-Zorrilla-escultura-de-\u00c1ngel-Gil-Lerma-mayo-2017-1080x1661.jpg 1080w\" sizes=\"(max-width: 1280px) 100vw, 1280px\" \/><\/a><\/h2>\n<h2 style=\"text-align: justify;\"><\/h2>\n<h2 style=\"text-align: justify;\"><strong>Manuel Aparicio<\/strong><\/h2>\n<p style=\"text-align: justify;\">Tambi\u00e9n ha ocupado su espacio en\u00a0 prensa dando a conocer su libro titulado <strong>M\u00e1ximo Cu\u00f1ado Alonso N\u00ba1<\/strong>, en sus 70 p\u00e1ginas Manuel, ensalza la figura de M\u00e1ximo, gusta recordar an\u00e9cdotas, momentos de una sincera amistad y admiraci\u00f3n por este otro brillante guileto. Escenas de esa gran amistad que al escribirlas han servido como sentido homenaje de despedida a M\u00e1ximo Cu\u00f1ado.<\/p>\n<p style=\"text-align: justify;\"><a  href=\"http:\/\/www.mecerreyes.com\/mece\/wp-content\/uploads\/2017\/06\/Diario-de-Burgos-3-de-mayo-de-2017-Libro-de-Manuel-Aparicio-M\u00e1ximo-Cu\u00f1ado-Alono-N\u00ba1.jpg\" class=\"thickbox no_icon\" title=\"\"><img loading=\"lazy\" decoding=\"async\" class=\"aligncenter size-full wp-image-15148\" src=\"http:\/\/www.mecerreyes.com\/mece\/wp-content\/uploads\/2017\/06\/Diario-de-Burgos-3-de-mayo-de-2017-Libro-de-Manuel-Aparicio-M\u00e1ximo-Cu\u00f1ado-Alono-N\u00ba1.jpg\" alt=\"\" width=\"1211\" height=\"630\" srcset=\"https:\/\/www.mecerreyes.com\/mece\/wp-content\/uploads\/2017\/06\/Diario-de-Burgos-3-de-mayo-de-2017-Libro-de-Manuel-Aparicio-M\u00e1ximo-Cu\u00f1ado-Alono-N\u00ba1.jpg 1211w, https:\/\/www.mecerreyes.com\/mece\/wp-content\/uploads\/2017\/06\/Diario-de-Burgos-3-de-mayo-de-2017-Libro-de-Manuel-Aparicio-M\u00e1ximo-Cu\u00f1ado-Alono-N\u00ba1-300x156.jpg 300w, https:\/\/www.mecerreyes.com\/mece\/wp-content\/uploads\/2017\/06\/Diario-de-Burgos-3-de-mayo-de-2017-Libro-de-Manuel-Aparicio-M\u00e1ximo-Cu\u00f1ado-Alono-N\u00ba1-768x400.jpg 768w, https:\/\/www.mecerreyes.com\/mece\/wp-content\/uploads\/2017\/06\/Diario-de-Burgos-3-de-mayo-de-2017-Libro-de-Manuel-Aparicio-M\u00e1ximo-Cu\u00f1ado-Alono-N\u00ba1-1024x533.jpg 1024w, https:\/\/www.mecerreyes.com\/mece\/wp-content\/uploads\/2017\/06\/Diario-de-Burgos-3-de-mayo-de-2017-Libro-de-Manuel-Aparicio-M\u00e1ximo-Cu\u00f1ado-Alono-N\u00ba1-1080x562.jpg 1080w\" sizes=\"(max-width: 1211px) 100vw, 1211px\" \/><\/a><\/p>\n<h2 style=\"text-align: justify;\"><\/h2>\n<h2 style=\"text-align: justify;\"><\/h2>\n<h2 style=\"text-align: justify;\"><strong>D\u00eda Mundial de la Esclerosis M\u00faltiple<\/strong><\/h2>\n<h2 style=\"text-align: justify;\"><strong>Blanca Altable. <\/strong><\/h2>\n<p style=\"text-align: justify;\">Diario de Burgos publicaba el d\u00eda 13 de mayo el concierto que con motivo del D\u00eda Mundial de la Esclerosis M\u00faltiple hab\u00eda tenido lugar en el Foro Solidario. <em>D\u00fao Olalla<\/em> formado por Blanca y Jag Stone, participaron en el ciclo de \u201cM\u00fasicos con Valor\u201d.<\/p>\n<p>&nbsp;<\/p>\n<blockquote data-secret=\"QXaFynorb0\" class=\"wp-embedded-content\"><p><a  href=\"http:\/\/burgosconecta.es\/2017\/05\/11\/el-duo-olalla-manana-en-el-foro-solidario-dentro-del-ciclo-musicos-con-valor\/\">El d\u00fao Olalla, ma\u00f1ana en el Foro Solidario dentro del ciclo \u2018M\u00fasicos con Valor\u2019<\/a><\/p><\/blockquote>\n<p><iframe loading=\"lazy\" class=\"wp-embedded-content\" sandbox=\"allow-scripts\" security=\"restricted\" style=\"position: absolute; clip: rect(1px, 1px, 1px, 1px);\" src=\"http:\/\/burgosconecta.es\/2017\/05\/11\/el-duo-olalla-manana-en-el-foro-solidario-dentro-del-ciclo-musicos-con-valor\/embed\/#?secret=QXaFynorb0\" data-secret=\"QXaFynorb0\" width=\"600\" height=\"338\" title=\"&#8220;El d\u00fao Olalla, ma\u00f1ana en el Foro Solidario dentro del ciclo \u2018M\u00fasicos con Valor\u2019&#8221; &#8212; Las noticias de Burgos seg\u00fan suceden | BurgosConecta.es\" frameborder=\"0\" marginwidth=\"0\" marginheight=\"0\" scrolling=\"no\"><\/iframe><\/p>\n<p><a  href=\"http:\/\/www.mecerreyes.com\/mece\/wp-content\/uploads\/2017\/06\/Blanca-y-Jag-Stone-participaron-en-el-ciclo-de-\u201cM\u00fasicos-con-Valor\u201d-a.jpg\" class=\"thickbox no_icon\" title=\"\"><img loading=\"lazy\" decoding=\"async\" class=\"aligncenter size-full wp-image-15152\" src=\"http:\/\/www.mecerreyes.com\/mece\/wp-content\/uploads\/2017\/06\/Blanca-y-Jag-Stone-participaron-en-el-ciclo-de-\u201cM\u00fasicos-con-Valor\u201d-a.jpg\" alt=\"\" width=\"1133\" height=\"790\" srcset=\"https:\/\/www.mecerreyes.com\/mece\/wp-content\/uploads\/2017\/06\/Blanca-y-Jag-Stone-participaron-en-el-ciclo-de-\u201cM\u00fasicos-con-Valor\u201d-a.jpg 1133w, https:\/\/www.mecerreyes.com\/mece\/wp-content\/uploads\/2017\/06\/Blanca-y-Jag-Stone-participaron-en-el-ciclo-de-\u201cM\u00fasicos-con-Valor\u201d-a-300x209.jpg 300w, https:\/\/www.mecerreyes.com\/mece\/wp-content\/uploads\/2017\/06\/Blanca-y-Jag-Stone-participaron-en-el-ciclo-de-\u201cM\u00fasicos-con-Valor\u201d-a-768x535.jpg 768w, https:\/\/www.mecerreyes.com\/mece\/wp-content\/uploads\/2017\/06\/Blanca-y-Jag-Stone-participaron-en-el-ciclo-de-\u201cM\u00fasicos-con-Valor\u201d-a-1024x714.jpg 1024w, https:\/\/www.mecerreyes.com\/mece\/wp-content\/uploads\/2017\/06\/Blanca-y-Jag-Stone-participaron-en-el-ciclo-de-\u201cM\u00fasicos-con-Valor\u201d-a-1080x753.jpg 1080w\" sizes=\"(max-width: 1133px) 100vw, 1133px\" \/><\/a><\/p>\n<h2 style=\"text-align: justify;\"><strong>Carmen Rosa Alonso Marijuan<\/strong><\/h2>\n<p style=\"text-align: justify;\"><strong> Vocal de AFAEM BURGOS<\/strong>. Nos presentaba el cartel de\u00a0 la segunda edici\u00f3n de CAM\u00cdNATE. Marcha solidaria en Hornillos del Camino a favor de los familiares y afectados del Esclerosis M\u00faltiple de Burgos, se celebr\u00f3 el d\u00eda 27\u00a0 de mayo, m\u00e1s de 100 participantes tomaron la salida a las 10:00 de la ma\u00f1ana. En esta carrera colaboran con Hornillos del Camino la Diputaci\u00f3n de Burgos, la Junta de Castilla y Le\u00f3n y varias empresas.<\/p>\n<blockquote data-secret=\"tAzfeNQ8KH\" class=\"wp-embedded-content\"><p><a  href=\"http:\/\/burgosconecta.es\/2017\/05\/16\/el-dia-mundial-de-la-esclerosis-multiple-se-celebra-caminando\/\">El D\u00eda Mundial de la Escler\u00f3sis M\u00faltiple se celebra caminando<\/a><\/p><\/blockquote>\n<p><iframe loading=\"lazy\" class=\"wp-embedded-content\" sandbox=\"allow-scripts\" security=\"restricted\" style=\"position: absolute; clip: rect(1px, 1px, 1px, 1px);\" src=\"http:\/\/burgosconecta.es\/2017\/05\/16\/el-dia-mundial-de-la-esclerosis-multiple-se-celebra-caminando\/embed\/#?secret=tAzfeNQ8KH\" data-secret=\"tAzfeNQ8KH\" width=\"600\" height=\"338\" title=\"&#8220;El D\u00eda Mundial de la Escler\u00f3sis M\u00faltiple se celebra caminando&#8221; &#8212; Las noticias de Burgos seg\u00fan suceden | BurgosConecta.es\" frameborder=\"0\" marginwidth=\"0\" marginheight=\"0\" scrolling=\"no\"><\/iframe><\/p>\n<p><iframe loading=\"lazy\" width=\"1080\" height=\"608\" src=\"https:\/\/www.youtube.com\/embed\/9lYSsVw9rX8?feature=oembed\" frameborder=\"0\" allowfullscreen><\/iframe><\/p>\n<p>&nbsp;<\/p>\n<h2 style=\"text-align: justify;\"><strong>V\u00edctor Mart\u00ednez.<\/strong><\/h2>\n<p style=\"text-align: justify;\"><strong>Salerm Cosmetics. \u201c<em>Saca partido a tu belleza natural<\/em>\u201d. <\/strong><\/p>\n<p style=\"text-align: justify;\">Empresa \u00a0de amplia presencia internacional, referente en la creaci\u00f3n, producci\u00f3n y distribuci\u00f3n de productos de cosm\u00e9tica, de la que es propietario <strong>V\u00edctor Mart\u00ednez<\/strong> al que vemos y escuchamos en este v\u00eddeo. Con su fundaci\u00f3n VMV Cosmetic Group, ayuda mediante el sistema de becas, a la formaci\u00f3n de personas con dificultades econ\u00f3micas, colabora con entidades como C\u00e1ritas, y apoya a las mujeres emprendedoras.<\/p>\n<p style=\"text-align: justify;\">Todos recordamos el impulso que dio a Mecerreyes su taller de pelucas en los a\u00f1os 70 y la humildad con la que recuerda sus comienzos empresariales en los innumerables actos a los que su cargo le obliga.<\/p>\n<p>&nbsp;<\/p>\n<p>&nbsp;<\/p>\n<p><iframe loading=\"lazy\" width=\"1080\" height=\"608\" src=\"https:\/\/www.youtube.com\/embed\/EL-5XAS3gGw?feature=oembed\" frameborder=\"0\" allowfullscreen><\/iframe><\/p>\n<h2 style=\"text-align: justify;\"><strong>Teresa Gonz\u00e1lez Aus\u00edn<\/strong><\/h2>\n<p style=\"text-align: justify;\">Mujer implicada al m\u00e1ximo con los problemas de la mujer, desde su concejal\u00eda de Igualdad en Coslada \u2013 Madrid, recib\u00eda el agradecimiento de EndoMadrid por su trabajo, apoyo y sensibilizaci\u00f3n con las afectadas de endometriosis.<\/p>\n<p style=\"text-align: justify;\"><span style=\"color: #000080;\"><em>Gracias a concejalas\/es de <span class=\"_5afx\"><span class=\"_58cm\">Coslada<\/span><\/span> por su apoyo. Hoy estuvimos en el Pleno para o\u00edr la lectura de la declaraci\u00f3n institucional sobre <span class=\"_5afx\"><span class=\"_58cm\">endometriosis<\/span><\/span> elaborada <span class=\"text_exposed_show\">por EndoMadrid y que ha tenido el apoyo de toda la corporaci\u00f3n local. Gracias a la concejala de igualdad, <strong>Teresa Gonz\u00e1lez Aus\u00edn<\/strong> del PSOE, por haber recogido y registrado nuestra moci\u00f3n as\u00ed como por haber conseguido el acuerdo y apoyo de todos los grupos municipales. La moci\u00f3n pide compromisos a la Comunidad de Madrid con las afectadas en el \u00e1mbito de sus competencias, as\u00ed como acciones de sensibilizaci\u00f3n e informaci\u00f3n al <a  href=\"https:\/\/www.mecerreyes.com\/mece\/?page_id=24\">Ayuntamiento<\/a> de Coslada.<\/span><\/em><\/span><\/p>\n<p style=\"text-align: justify;\"><a  href=\"http:\/\/www.mecerreyes.com\/mece\/wp-content\/uploads\/2017\/06\/Teresa-Gonz\u00e1lez-Aus\u00edn-apoyo-y-sensibilizaci\u00f3n-con-las-afectadas-de-endometriosis.jpg\" class=\"thickbox no_icon\" title=\"\"><img loading=\"lazy\" decoding=\"async\" class=\"aligncenter size-full wp-image-15153\" src=\"http:\/\/www.mecerreyes.com\/mece\/wp-content\/uploads\/2017\/06\/Teresa-Gonz\u00e1lez-Aus\u00edn-apoyo-y-sensibilizaci\u00f3n-con-las-afectadas-de-endometriosis.jpg\" alt=\"\" width=\"960\" height=\"538\" srcset=\"https:\/\/www.mecerreyes.com\/mece\/wp-content\/uploads\/2017\/06\/Teresa-Gonz\u00e1lez-Aus\u00edn-apoyo-y-sensibilizaci\u00f3n-con-las-afectadas-de-endometriosis.jpg 960w, https:\/\/www.mecerreyes.com\/mece\/wp-content\/uploads\/2017\/06\/Teresa-Gonz\u00e1lez-Aus\u00edn-apoyo-y-sensibilizaci\u00f3n-con-las-afectadas-de-endometriosis-300x168.jpg 300w, https:\/\/www.mecerreyes.com\/mece\/wp-content\/uploads\/2017\/06\/Teresa-Gonz\u00e1lez-Aus\u00edn-apoyo-y-sensibilizaci\u00f3n-con-las-afectadas-de-endometriosis-768x430.jpg 768w\" sizes=\"(max-width: 960px) 100vw, 960px\" \/><\/a><\/p>\n<h2 style=\"text-align: justify;\"><\/h2>\n<h2 style=\"text-align: justify;\"><strong>ROMER\u00cdA<\/strong><\/h2>\n<p style=\"text-align: justify;\">Los d\u00edas previos al s\u00e1bado 27 las tormentas nos hac\u00edan dudar si podr\u00edamos disfrutar de la romer\u00eda 2017 alrededor de la ermita, el a\u00f1o pasado 2016, no pudimos por la lluvia, pero s\u00ed, el tiempo respet\u00f3 todo el d\u00eda, como os dec\u00eda en la introducci\u00f3n los mayores ya no pueden subir andando y el acompa\u00f1amiento se vio resentido por sus ausencias, eran muchos los que ya estaban en la ermita a la llegada de la Virgen. Salieron al escuchar la m\u00fasica para bailar y acompa\u00f1ar mientras se met\u00eda\u00a0 la talla que presidir\u00eda la eucarist\u00eda.<\/p>\n<p style=\"text-align: justify;\">Echamos de menos la barra del Bar a la hora del vermut, las familias fueron colocando las mesas bajo las encinas, entre m\u00fasica y ni\u00f1os jugando puntualmente se repartieron 220 raciones de la paella, la pe\u00f1a Tsukis y Acig\u00fcembres repartieron el caf\u00e9, bonita sobremesa, animado el paseo al museo, v\u00edsperas a las 18:30 y en un momento ya sab\u00edamos que Jos\u00e9 Lorenzo Gonz\u00e1lez se llevaba el jam\u00f3n serrano <strong>obsequio de Embutidos Mamblas<\/strong>, era el poseedor del n\u00famero 0631 en la rifa.<\/p>\n<p style=\"text-align: justify;\">Con un buen rato de baile, m\u00fasicos espont\u00e1neos demostrando su destreza en la percusi\u00f3n y el chocolate caliente, fuimos terminando este d\u00eda en un entorno inmejorable bajo los cuidados de <a  href=\"https:\/\/www.mecerreyes.com\/mece\/?page_id=54\">la Virgen del Camino<\/a>. Os esperamos a todos el pr\u00f3ximo a\u00f1o.<\/p>\n<p>&nbsp;<\/p>\n\n\t\t<style type=\"text\/css\">\n\t\t\t#gallery-1 {\n\t\t\t\tmargin: auto;\n\t\t\t}\n\t\t\t#gallery-1 .gallery-item {\n\t\t\t\tfloat: left;\n\t\t\t\tmargin-top: 10px;\n\t\t\t\ttext-align: center;\n\t\t\t\twidth: 33%;\n\t\t\t}\n\t\t\t#gallery-1 img {\n\t\t\t\tborder: 2px solid #cfcfcf;\n\t\t\t}\n\t\t\t#gallery-1 .gallery-caption {\n\t\t\t\tmargin-left: 0;\n\t\t\t}\n\t\t\t\/* see gallery_shortcode() in wp-includes\/media.php *\/\n\t\t<\/style>\n\t\t<div id='gallery-1' class='gallery galleryid-15127 gallery-columns-3 gallery-size-thumbnail'><dl class='gallery-item'>\n\t\t\t<dt class='gallery-icon landscape'>\n\t\t\t\t<a  href=\"https:\/\/www.mecerreyes.com\/mece\/wp-content\/uploads\/2017\/06\/Mecerreyes-Romer\u00eda-Virgen-del-Camino-27-05-2017-1.jpg\" class=\"thickbox no_icon\" title=\"\"><img loading=\"lazy\" decoding=\"async\" width=\"150\" height=\"150\" src=\"https:\/\/www.mecerreyes.com\/mece\/wp-content\/uploads\/2017\/06\/Mecerreyes-Romer\u00eda-Virgen-del-Camino-27-05-2017-1-150x150.jpg\" class=\"attachment-thumbnail size-thumbnail\" alt=\"\" srcset=\"https:\/\/www.mecerreyes.com\/mece\/wp-content\/uploads\/2017\/06\/Mecerreyes-Romer\u00eda-Virgen-del-Camino-27-05-2017-1-150x150.jpg 150w, https:\/\/www.mecerreyes.com\/mece\/wp-content\/uploads\/2017\/06\/Mecerreyes-Romer\u00eda-Virgen-del-Camino-27-05-2017-1-440x440.jpg 440w\" sizes=\"(max-width: 150px) 100vw, 150px\" \/><\/a>\n\t\t\t<\/dt><\/dl><dl class='gallery-item'>\n\t\t\t<dt class='gallery-icon landscape'>\n\t\t\t\t<a  href=\"https:\/\/www.mecerreyes.com\/mece\/wp-content\/uploads\/2017\/06\/Mecerreyes-Romer\u00eda-Virgen-del-Camino-27-05-2017-2.jpg\" class=\"thickbox no_icon\" title=\"\"><img loading=\"lazy\" decoding=\"async\" width=\"150\" height=\"150\" src=\"https:\/\/www.mecerreyes.com\/mece\/wp-content\/uploads\/2017\/06\/Mecerreyes-Romer\u00eda-Virgen-del-Camino-27-05-2017-2-150x150.jpg\" class=\"attachment-thumbnail size-thumbnail\" alt=\"\" srcset=\"https:\/\/www.mecerreyes.com\/mece\/wp-content\/uploads\/2017\/06\/Mecerreyes-Romer\u00eda-Virgen-del-Camino-27-05-2017-2-150x150.jpg 150w, https:\/\/www.mecerreyes.com\/mece\/wp-content\/uploads\/2017\/06\/Mecerreyes-Romer\u00eda-Virgen-del-Camino-27-05-2017-2-440x440.jpg 440w\" sizes=\"(max-width: 150px) 100vw, 150px\" \/><\/a>\n\t\t\t<\/dt><\/dl><dl class='gallery-item'>\n\t\t\t<dt class='gallery-icon landscape'>\n\t\t\t\t<a  href=\"https:\/\/www.mecerreyes.com\/mece\/wp-content\/uploads\/2017\/06\/Mecerreyes-Romer\u00eda-Virgen-del-Camino-27-05-2017-3.jpg\" class=\"thickbox no_icon\" title=\"\"><img loading=\"lazy\" decoding=\"async\" width=\"150\" height=\"150\" src=\"https:\/\/www.mecerreyes.com\/mece\/wp-content\/uploads\/2017\/06\/Mecerreyes-Romer\u00eda-Virgen-del-Camino-27-05-2017-3-150x150.jpg\" class=\"attachment-thumbnail size-thumbnail\" alt=\"\" srcset=\"https:\/\/www.mecerreyes.com\/mece\/wp-content\/uploads\/2017\/06\/Mecerreyes-Romer\u00eda-Virgen-del-Camino-27-05-2017-3-150x150.jpg 150w, https:\/\/www.mecerreyes.com\/mece\/wp-content\/uploads\/2017\/06\/Mecerreyes-Romer\u00eda-Virgen-del-Camino-27-05-2017-3-440x440.jpg 440w\" sizes=\"(max-width: 150px) 100vw, 150px\" \/><\/a>\n\t\t\t<\/dt><\/dl><br style=\"clear: both\" \/><dl class='gallery-item'>\n\t\t\t<dt class='gallery-icon landscape'>\n\t\t\t\t<a  href=\"https:\/\/www.mecerreyes.com\/mece\/wp-content\/uploads\/2017\/06\/Mecerreyes-Romer\u00eda-Virgen-del-Camino-27-05-2017-5.jpg\" class=\"thickbox no_icon\" title=\"\"><img loading=\"lazy\" decoding=\"async\" width=\"150\" height=\"150\" src=\"https:\/\/www.mecerreyes.com\/mece\/wp-content\/uploads\/2017\/06\/Mecerreyes-Romer\u00eda-Virgen-del-Camino-27-05-2017-5-150x150.jpg\" class=\"attachment-thumbnail size-thumbnail\" alt=\"\" srcset=\"https:\/\/www.mecerreyes.com\/mece\/wp-content\/uploads\/2017\/06\/Mecerreyes-Romer\u00eda-Virgen-del-Camino-27-05-2017-5-150x150.jpg 150w, https:\/\/www.mecerreyes.com\/mece\/wp-content\/uploads\/2017\/06\/Mecerreyes-Romer\u00eda-Virgen-del-Camino-27-05-2017-5-440x440.jpg 440w\" sizes=\"(max-width: 150px) 100vw, 150px\" \/><\/a>\n\t\t\t<\/dt><\/dl><dl class='gallery-item'>\n\t\t\t<dt class='gallery-icon landscape'>\n\t\t\t\t<a  href=\"https:\/\/www.mecerreyes.com\/mece\/wp-content\/uploads\/2017\/06\/Mecerreyes-Romer\u00eda-Virgen-del-Camino-27-05-2017-4.jpg\" class=\"thickbox no_icon\" title=\"\"><img loading=\"lazy\" decoding=\"async\" width=\"150\" height=\"150\" src=\"https:\/\/www.mecerreyes.com\/mece\/wp-content\/uploads\/2017\/06\/Mecerreyes-Romer\u00eda-Virgen-del-Camino-27-05-2017-4-150x150.jpg\" class=\"attachment-thumbnail size-thumbnail\" alt=\"\" srcset=\"https:\/\/www.mecerreyes.com\/mece\/wp-content\/uploads\/2017\/06\/Mecerreyes-Romer\u00eda-Virgen-del-Camino-27-05-2017-4-150x150.jpg 150w, https:\/\/www.mecerreyes.com\/mece\/wp-content\/uploads\/2017\/06\/Mecerreyes-Romer\u00eda-Virgen-del-Camino-27-05-2017-4-440x440.jpg 440w\" sizes=\"(max-width: 150px) 100vw, 150px\" \/><\/a>\n\t\t\t<\/dt><\/dl><dl class='gallery-item'>\n\t\t\t<dt class='gallery-icon landscape'>\n\t\t\t\t<a  href=\"https:\/\/www.mecerreyes.com\/mece\/wp-content\/uploads\/2017\/06\/Mecerreyes-Romer\u00eda-Virgen-del-Camino-27-05-2017-6.jpg\" class=\"thickbox no_icon\" title=\"\"><img loading=\"lazy\" decoding=\"async\" width=\"150\" height=\"150\" src=\"https:\/\/www.mecerreyes.com\/mece\/wp-content\/uploads\/2017\/06\/Mecerreyes-Romer\u00eda-Virgen-del-Camino-27-05-2017-6-150x150.jpg\" class=\"attachment-thumbnail size-thumbnail\" alt=\"\" srcset=\"https:\/\/www.mecerreyes.com\/mece\/wp-content\/uploads\/2017\/06\/Mecerreyes-Romer\u00eda-Virgen-del-Camino-27-05-2017-6-150x150.jpg 150w, https:\/\/www.mecerreyes.com\/mece\/wp-content\/uploads\/2017\/06\/Mecerreyes-Romer\u00eda-Virgen-del-Camino-27-05-2017-6-440x440.jpg 440w\" sizes=\"(max-width: 150px) 100vw, 150px\" \/><\/a>\n\t\t\t<\/dt><\/dl><br style=\"clear: both\" \/><dl class='gallery-item'>\n\t\t\t<dt class='gallery-icon landscape'>\n\t\t\t\t<a  href=\"https:\/\/www.mecerreyes.com\/mece\/wp-content\/uploads\/2017\/06\/Mecerreyes-Romer\u00eda-Virgen-del-Camino-27-05-2017-7.jpg\" class=\"thickbox no_icon\" title=\"\"><img loading=\"lazy\" decoding=\"async\" width=\"150\" height=\"150\" src=\"https:\/\/www.mecerreyes.com\/mece\/wp-content\/uploads\/2017\/06\/Mecerreyes-Romer\u00eda-Virgen-del-Camino-27-05-2017-7-150x150.jpg\" class=\"attachment-thumbnail size-thumbnail\" alt=\"\" srcset=\"https:\/\/www.mecerreyes.com\/mece\/wp-content\/uploads\/2017\/06\/Mecerreyes-Romer\u00eda-Virgen-del-Camino-27-05-2017-7-150x150.jpg 150w, https:\/\/www.mecerreyes.com\/mece\/wp-content\/uploads\/2017\/06\/Mecerreyes-Romer\u00eda-Virgen-del-Camino-27-05-2017-7-440x440.jpg 440w\" sizes=\"(max-width: 150px) 100vw, 150px\" \/><\/a>\n\t\t\t<\/dt><\/dl><dl class='gallery-item'>\n\t\t\t<dt class='gallery-icon landscape'>\n\t\t\t\t<a  href=\"https:\/\/www.mecerreyes.com\/mece\/wp-content\/uploads\/2017\/06\/Mecerreyes-Romer\u00eda-Virgen-del-Camino-27-05-2017-8.jpg\" class=\"thickbox no_icon\" title=\"\"><img loading=\"lazy\" decoding=\"async\" width=\"150\" height=\"150\" src=\"https:\/\/www.mecerreyes.com\/mece\/wp-content\/uploads\/2017\/06\/Mecerreyes-Romer\u00eda-Virgen-del-Camino-27-05-2017-8-150x150.jpg\" class=\"attachment-thumbnail size-thumbnail\" alt=\"\" srcset=\"https:\/\/www.mecerreyes.com\/mece\/wp-content\/uploads\/2017\/06\/Mecerreyes-Romer\u00eda-Virgen-del-Camino-27-05-2017-8-150x150.jpg 150w, https:\/\/www.mecerreyes.com\/mece\/wp-content\/uploads\/2017\/06\/Mecerreyes-Romer\u00eda-Virgen-del-Camino-27-05-2017-8-440x440.jpg 440w\" sizes=\"(max-width: 150px) 100vw, 150px\" \/><\/a>\n\t\t\t<\/dt><\/dl><dl class='gallery-item'>\n\t\t\t<dt class='gallery-icon landscape'>\n\t\t\t\t<a  href=\"https:\/\/www.mecerreyes.com\/mece\/wp-content\/uploads\/2017\/06\/Mecerreyes-Romer\u00eda-Virgen-del-Camino-27-05-2017-9.jpg\" class=\"thickbox no_icon\" title=\"\"><img loading=\"lazy\" decoding=\"async\" width=\"150\" height=\"150\" src=\"https:\/\/www.mecerreyes.com\/mece\/wp-content\/uploads\/2017\/06\/Mecerreyes-Romer\u00eda-Virgen-del-Camino-27-05-2017-9-150x150.jpg\" class=\"attachment-thumbnail size-thumbnail\" alt=\"\" srcset=\"https:\/\/www.mecerreyes.com\/mece\/wp-content\/uploads\/2017\/06\/Mecerreyes-Romer\u00eda-Virgen-del-Camino-27-05-2017-9-150x150.jpg 150w, https:\/\/www.mecerreyes.com\/mece\/wp-content\/uploads\/2017\/06\/Mecerreyes-Romer\u00eda-Virgen-del-Camino-27-05-2017-9-440x440.jpg 440w\" sizes=\"(max-width: 150px) 100vw, 150px\" \/><\/a>\n\t\t\t<\/dt><\/dl><br style=\"clear: both\" \/><dl class='gallery-item'>\n\t\t\t<dt class='gallery-icon landscape'>\n\t\t\t\t<a  href=\"https:\/\/www.mecerreyes.com\/mece\/wp-content\/uploads\/2017\/06\/Mecerreyes-Romer\u00eda-Virgen-del-Camino-27-05-2017-10.jpg\" class=\"thickbox no_icon\" title=\"\"><img loading=\"lazy\" decoding=\"async\" width=\"150\" height=\"150\" src=\"https:\/\/www.mecerreyes.com\/mece\/wp-content\/uploads\/2017\/06\/Mecerreyes-Romer\u00eda-Virgen-del-Camino-27-05-2017-10-150x150.jpg\" class=\"attachment-thumbnail size-thumbnail\" alt=\"\" \/><\/a>\n\t\t\t<\/dt><\/dl><dl class='gallery-item'>\n\t\t\t<dt class='gallery-icon landscape'>\n\t\t\t\t<a  href=\"https:\/\/www.mecerreyes.com\/mece\/wp-content\/uploads\/2017\/06\/Mecerreyes-Romer\u00eda-Virgen-del-Camino-27-05-2017-11.jpg\" class=\"thickbox no_icon\" title=\"\"><img loading=\"lazy\" decoding=\"async\" width=\"150\" height=\"150\" src=\"https:\/\/www.mecerreyes.com\/mece\/wp-content\/uploads\/2017\/06\/Mecerreyes-Romer\u00eda-Virgen-del-Camino-27-05-2017-11-150x150.jpg\" class=\"attachment-thumbnail size-thumbnail\" alt=\"\" srcset=\"https:\/\/www.mecerreyes.com\/mece\/wp-content\/uploads\/2017\/06\/Mecerreyes-Romer\u00eda-Virgen-del-Camino-27-05-2017-11-150x150.jpg 150w, https:\/\/www.mecerreyes.com\/mece\/wp-content\/uploads\/2017\/06\/Mecerreyes-Romer\u00eda-Virgen-del-Camino-27-05-2017-11-440x440.jpg 440w\" sizes=\"(max-width: 150px) 100vw, 150px\" \/><\/a>\n\t\t\t<\/dt><\/dl><dl class='gallery-item'>\n\t\t\t<dt class='gallery-icon landscape'>\n\t\t\t\t<a  href=\"https:\/\/www.mecerreyes.com\/mece\/wp-content\/uploads\/2017\/06\/Mecerreyes-Romer\u00eda-Virgen-del-Camino-27-05-2017-13.jpg\" class=\"thickbox no_icon\" title=\"\"><img loading=\"lazy\" decoding=\"async\" width=\"150\" height=\"150\" src=\"https:\/\/www.mecerreyes.com\/mece\/wp-content\/uploads\/2017\/06\/Mecerreyes-Romer\u00eda-Virgen-del-Camino-27-05-2017-13-150x150.jpg\" class=\"attachment-thumbnail size-thumbnail\" alt=\"\" srcset=\"https:\/\/www.mecerreyes.com\/mece\/wp-content\/uploads\/2017\/06\/Mecerreyes-Romer\u00eda-Virgen-del-Camino-27-05-2017-13-150x150.jpg 150w, https:\/\/www.mecerreyes.com\/mece\/wp-content\/uploads\/2017\/06\/Mecerreyes-Romer\u00eda-Virgen-del-Camino-27-05-2017-13-440x440.jpg 440w\" sizes=\"(max-width: 150px) 100vw, 150px\" \/><\/a>\n\t\t\t<\/dt><\/dl><br style=\"clear: both\" \/><dl class='gallery-item'>\n\t\t\t<dt class='gallery-icon landscape'>\n\t\t\t\t<a  href=\"https:\/\/www.mecerreyes.com\/mece\/wp-content\/uploads\/2017\/06\/Mecerreyes-Romer\u00eda-Virgen-del-Camino-27-05-2017-14.jpg\" class=\"thickbox no_icon\" title=\"\"><img loading=\"lazy\" decoding=\"async\" width=\"150\" height=\"150\" src=\"https:\/\/www.mecerreyes.com\/mece\/wp-content\/uploads\/2017\/06\/Mecerreyes-Romer\u00eda-Virgen-del-Camino-27-05-2017-14-150x150.jpg\" class=\"attachment-thumbnail size-thumbnail\" alt=\"\" srcset=\"https:\/\/www.mecerreyes.com\/mece\/wp-content\/uploads\/2017\/06\/Mecerreyes-Romer\u00eda-Virgen-del-Camino-27-05-2017-14-150x150.jpg 150w, https:\/\/www.mecerreyes.com\/mece\/wp-content\/uploads\/2017\/06\/Mecerreyes-Romer\u00eda-Virgen-del-Camino-27-05-2017-14-440x440.jpg 440w\" sizes=\"(max-width: 150px) 100vw, 150px\" \/><\/a>\n\t\t\t<\/dt><\/dl><dl class='gallery-item'>\n\t\t\t<dt class='gallery-icon landscape'>\n\t\t\t\t<a  href=\"https:\/\/www.mecerreyes.com\/mece\/wp-content\/uploads\/2017\/06\/Mecerreyes-Romer\u00eda-Virgen-del-Camino-27-05-2017-12.jpg\" class=\"thickbox no_icon\" title=\"\"><img loading=\"lazy\" decoding=\"async\" width=\"150\" height=\"150\" src=\"https:\/\/www.mecerreyes.com\/mece\/wp-content\/uploads\/2017\/06\/Mecerreyes-Romer\u00eda-Virgen-del-Camino-27-05-2017-12-150x150.jpg\" class=\"attachment-thumbnail size-thumbnail\" alt=\"\" srcset=\"https:\/\/www.mecerreyes.com\/mece\/wp-content\/uploads\/2017\/06\/Mecerreyes-Romer\u00eda-Virgen-del-Camino-27-05-2017-12-150x150.jpg 150w, https:\/\/www.mecerreyes.com\/mece\/wp-content\/uploads\/2017\/06\/Mecerreyes-Romer\u00eda-Virgen-del-Camino-27-05-2017-12-440x440.jpg 440w\" sizes=\"(max-width: 150px) 100vw, 150px\" \/><\/a>\n\t\t\t<\/dt><\/dl><dl class='gallery-item'>\n\t\t\t<dt class='gallery-icon landscape'>\n\t\t\t\t<a  href=\"https:\/\/www.mecerreyes.com\/mece\/wp-content\/uploads\/2017\/06\/Mecerreyes-Romer\u00eda-Virgen-del-Camino-27-05-2017-16.jpg\" class=\"thickbox no_icon\" title=\"\"><img loading=\"lazy\" decoding=\"async\" width=\"150\" height=\"150\" src=\"https:\/\/www.mecerreyes.com\/mece\/wp-content\/uploads\/2017\/06\/Mecerreyes-Romer\u00eda-Virgen-del-Camino-27-05-2017-16-150x150.jpg\" class=\"attachment-thumbnail size-thumbnail\" alt=\"\" srcset=\"https:\/\/www.mecerreyes.com\/mece\/wp-content\/uploads\/2017\/06\/Mecerreyes-Romer\u00eda-Virgen-del-Camino-27-05-2017-16-150x150.jpg 150w, https:\/\/www.mecerreyes.com\/mece\/wp-content\/uploads\/2017\/06\/Mecerreyes-Romer\u00eda-Virgen-del-Camino-27-05-2017-16-440x440.jpg 440w\" sizes=\"(max-width: 150px) 100vw, 150px\" \/><\/a>\n\t\t\t<\/dt><\/dl><br style=\"clear: both\" \/><dl class='gallery-item'>\n\t\t\t<dt class='gallery-icon landscape'>\n\t\t\t\t<a  href=\"https:\/\/www.mecerreyes.com\/mece\/wp-content\/uploads\/2017\/06\/Mecerreyes-Romer\u00eda-Virgen-del-Camino-27-05-2017-17.jpg\" class=\"thickbox no_icon\" title=\"\"><img loading=\"lazy\" decoding=\"async\" width=\"150\" height=\"150\" src=\"https:\/\/www.mecerreyes.com\/mece\/wp-content\/uploads\/2017\/06\/Mecerreyes-Romer\u00eda-Virgen-del-Camino-27-05-2017-17-150x150.jpg\" class=\"attachment-thumbnail size-thumbnail\" alt=\"\" srcset=\"https:\/\/www.mecerreyes.com\/mece\/wp-content\/uploads\/2017\/06\/Mecerreyes-Romer\u00eda-Virgen-del-Camino-27-05-2017-17-150x150.jpg 150w, https:\/\/www.mecerreyes.com\/mece\/wp-content\/uploads\/2017\/06\/Mecerreyes-Romer\u00eda-Virgen-del-Camino-27-05-2017-17-440x440.jpg 440w\" sizes=\"(max-width: 150px) 100vw, 150px\" \/><\/a>\n\t\t\t<\/dt><\/dl><dl class='gallery-item'>\n\t\t\t<dt class='gallery-icon landscape'>\n\t\t\t\t<a  href=\"https:\/\/www.mecerreyes.com\/mece\/wp-content\/uploads\/2017\/06\/Mecerreyes-Romer\u00eda-Virgen-del-Camino-27-05-2017-27.jpg\" class=\"thickbox no_icon\" title=\"\"><img loading=\"lazy\" decoding=\"async\" width=\"150\" height=\"150\" src=\"https:\/\/www.mecerreyes.com\/mece\/wp-content\/uploads\/2017\/06\/Mecerreyes-Romer\u00eda-Virgen-del-Camino-27-05-2017-27-150x150.jpg\" class=\"attachment-thumbnail size-thumbnail\" alt=\"\" srcset=\"https:\/\/www.mecerreyes.com\/mece\/wp-content\/uploads\/2017\/06\/Mecerreyes-Romer\u00eda-Virgen-del-Camino-27-05-2017-27-150x150.jpg 150w, https:\/\/www.mecerreyes.com\/mece\/wp-content\/uploads\/2017\/06\/Mecerreyes-Romer\u00eda-Virgen-del-Camino-27-05-2017-27-440x440.jpg 440w\" sizes=\"(max-width: 150px) 100vw, 150px\" \/><\/a>\n\t\t\t<\/dt><\/dl><dl class='gallery-item'>\n\t\t\t<dt class='gallery-icon landscape'>\n\t\t\t\t<a  href=\"https:\/\/www.mecerreyes.com\/mece\/wp-content\/uploads\/2017\/06\/Mecerreyes-Romer\u00eda-Virgen-del-Camino-27-05-2017-29.jpg\" class=\"thickbox no_icon\" title=\"\"><img loading=\"lazy\" decoding=\"async\" width=\"150\" height=\"150\" src=\"https:\/\/www.mecerreyes.com\/mece\/wp-content\/uploads\/2017\/06\/Mecerreyes-Romer\u00eda-Virgen-del-Camino-27-05-2017-29-150x150.jpg\" class=\"attachment-thumbnail size-thumbnail\" alt=\"\" srcset=\"https:\/\/www.mecerreyes.com\/mece\/wp-content\/uploads\/2017\/06\/Mecerreyes-Romer\u00eda-Virgen-del-Camino-27-05-2017-29-150x150.jpg 150w, https:\/\/www.mecerreyes.com\/mece\/wp-content\/uploads\/2017\/06\/Mecerreyes-Romer\u00eda-Virgen-del-Camino-27-05-2017-29-440x440.jpg 440w\" sizes=\"(max-width: 150px) 100vw, 150px\" \/><\/a>\n\t\t\t<\/dt><\/dl><br style=\"clear: both\" \/><dl class='gallery-item'>\n\t\t\t<dt class='gallery-icon landscape'>\n\t\t\t\t<a  href=\"https:\/\/www.mecerreyes.com\/mece\/wp-content\/uploads\/2017\/06\/Mecerreyes-Romer\u00eda-Virgen-del-Camino-27-05-2017-30.jpg\" class=\"thickbox no_icon\" title=\"\"><img loading=\"lazy\" decoding=\"async\" width=\"150\" height=\"150\" src=\"https:\/\/www.mecerreyes.com\/mece\/wp-content\/uploads\/2017\/06\/Mecerreyes-Romer\u00eda-Virgen-del-Camino-27-05-2017-30-150x150.jpg\" class=\"attachment-thumbnail size-thumbnail\" alt=\"\" srcset=\"https:\/\/www.mecerreyes.com\/mece\/wp-content\/uploads\/2017\/06\/Mecerreyes-Romer\u00eda-Virgen-del-Camino-27-05-2017-30-150x150.jpg 150w, https:\/\/www.mecerreyes.com\/mece\/wp-content\/uploads\/2017\/06\/Mecerreyes-Romer\u00eda-Virgen-del-Camino-27-05-2017-30-440x440.jpg 440w\" sizes=\"(max-width: 150px) 100vw, 150px\" \/><\/a>\n\t\t\t<\/dt><\/dl><dl class='gallery-item'>\n\t\t\t<dt class='gallery-icon landscape'>\n\t\t\t\t<a  href=\"https:\/\/www.mecerreyes.com\/mece\/wp-content\/uploads\/2017\/06\/Mecerreyes-Romer\u00eda-Virgen-del-Camino-27-05-2017-31.jpg\" class=\"thickbox no_icon\" title=\"\"><img loading=\"lazy\" decoding=\"async\" width=\"150\" height=\"150\" src=\"https:\/\/www.mecerreyes.com\/mece\/wp-content\/uploads\/2017\/06\/Mecerreyes-Romer\u00eda-Virgen-del-Camino-27-05-2017-31-150x150.jpg\" class=\"attachment-thumbnail size-thumbnail\" alt=\"\" srcset=\"https:\/\/www.mecerreyes.com\/mece\/wp-content\/uploads\/2017\/06\/Mecerreyes-Romer\u00eda-Virgen-del-Camino-27-05-2017-31-150x150.jpg 150w, https:\/\/www.mecerreyes.com\/mece\/wp-content\/uploads\/2017\/06\/Mecerreyes-Romer\u00eda-Virgen-del-Camino-27-05-2017-31-440x440.jpg 440w\" sizes=\"(max-width: 150px) 100vw, 150px\" \/><\/a>\n\t\t\t<\/dt><\/dl><dl class='gallery-item'>\n\t\t\t<dt class='gallery-icon landscape'>\n\t\t\t\t<a  href=\"https:\/\/www.mecerreyes.com\/mece\/wp-content\/uploads\/2017\/06\/Mecerreyes-Romer\u00eda-Virgen-del-Camino-27-05-2017-32.jpg\" class=\"thickbox no_icon\" title=\"\"><img loading=\"lazy\" decoding=\"async\" width=\"150\" height=\"150\" src=\"https:\/\/www.mecerreyes.com\/mece\/wp-content\/uploads\/2017\/06\/Mecerreyes-Romer\u00eda-Virgen-del-Camino-27-05-2017-32-150x150.jpg\" class=\"attachment-thumbnail size-thumbnail\" alt=\"\" srcset=\"https:\/\/www.mecerreyes.com\/mece\/wp-content\/uploads\/2017\/06\/Mecerreyes-Romer\u00eda-Virgen-del-Camino-27-05-2017-32-150x150.jpg 150w, https:\/\/www.mecerreyes.com\/mece\/wp-content\/uploads\/2017\/06\/Mecerreyes-Romer\u00eda-Virgen-del-Camino-27-05-2017-32-440x440.jpg 440w\" sizes=\"(max-width: 150px) 100vw, 150px\" \/><\/a>\n\t\t\t<\/dt><\/dl><br style=\"clear: both\" \/><dl class='gallery-item'>\n\t\t\t<dt class='gallery-icon landscape'>\n\t\t\t\t<a  href=\"https:\/\/www.mecerreyes.com\/mece\/wp-content\/uploads\/2017\/06\/Mecerreyes-Romer\u00eda-Virgen-del-Camino-27-05-2017-28.jpg\" class=\"thickbox no_icon\" title=\"\"><img loading=\"lazy\" decoding=\"async\" width=\"150\" height=\"150\" src=\"https:\/\/www.mecerreyes.com\/mece\/wp-content\/uploads\/2017\/06\/Mecerreyes-Romer\u00eda-Virgen-del-Camino-27-05-2017-28-150x150.jpg\" class=\"attachment-thumbnail size-thumbnail\" alt=\"\" srcset=\"https:\/\/www.mecerreyes.com\/mece\/wp-content\/uploads\/2017\/06\/Mecerreyes-Romer\u00eda-Virgen-del-Camino-27-05-2017-28-150x150.jpg 150w, https:\/\/www.mecerreyes.com\/mece\/wp-content\/uploads\/2017\/06\/Mecerreyes-Romer\u00eda-Virgen-del-Camino-27-05-2017-28-440x440.jpg 440w\" sizes=\"(max-width: 150px) 100vw, 150px\" \/><\/a>\n\t\t\t<\/dt><\/dl><dl class='gallery-item'>\n\t\t\t<dt class='gallery-icon landscape'>\n\t\t\t\t<a  href=\"https:\/\/www.mecerreyes.com\/mece\/wp-content\/uploads\/2017\/06\/Mecerreyes-Romer\u00eda-Virgen-del-Camino-27-05-2017-33.jpg\" class=\"thickbox no_icon\" title=\"\"><img loading=\"lazy\" decoding=\"async\" width=\"150\" height=\"150\" src=\"https:\/\/www.mecerreyes.com\/mece\/wp-content\/uploads\/2017\/06\/Mecerreyes-Romer\u00eda-Virgen-del-Camino-27-05-2017-33-150x150.jpg\" class=\"attachment-thumbnail size-thumbnail\" alt=\"\" srcset=\"https:\/\/www.mecerreyes.com\/mece\/wp-content\/uploads\/2017\/06\/Mecerreyes-Romer\u00eda-Virgen-del-Camino-27-05-2017-33-150x150.jpg 150w, https:\/\/www.mecerreyes.com\/mece\/wp-content\/uploads\/2017\/06\/Mecerreyes-Romer\u00eda-Virgen-del-Camino-27-05-2017-33-440x440.jpg 440w\" sizes=\"(max-width: 150px) 100vw, 150px\" \/><\/a>\n\t\t\t<\/dt><\/dl><dl class='gallery-item'>\n\t\t\t<dt class='gallery-icon landscape'>\n\t\t\t\t<a  href=\"https:\/\/www.mecerreyes.com\/mece\/wp-content\/uploads\/2017\/06\/Mecerreyes-Romer\u00eda-Virgen-del-Camino-27-05-2017-34.jpg\" class=\"thickbox no_icon\" title=\"\"><img loading=\"lazy\" decoding=\"async\" width=\"150\" height=\"150\" src=\"https:\/\/www.mecerreyes.com\/mece\/wp-content\/uploads\/2017\/06\/Mecerreyes-Romer\u00eda-Virgen-del-Camino-27-05-2017-34-150x150.jpg\" class=\"attachment-thumbnail size-thumbnail\" alt=\"\" srcset=\"https:\/\/www.mecerreyes.com\/mece\/wp-content\/uploads\/2017\/06\/Mecerreyes-Romer\u00eda-Virgen-del-Camino-27-05-2017-34-150x150.jpg 150w, https:\/\/www.mecerreyes.com\/mece\/wp-content\/uploads\/2017\/06\/Mecerreyes-Romer\u00eda-Virgen-del-Camino-27-05-2017-34-440x440.jpg 440w\" sizes=\"(max-width: 150px) 100vw, 150px\" \/><\/a>\n\t\t\t<\/dt><\/dl><br style=\"clear: both\" \/><dl class='gallery-item'>\n\t\t\t<dt class='gallery-icon landscape'>\n\t\t\t\t<a  href=\"https:\/\/www.mecerreyes.com\/mece\/wp-content\/uploads\/2017\/06\/Mecerreyes-Romer\u00eda-Virgen-del-Camino-27-05-2017-35.jpg\" class=\"thickbox no_icon\" title=\"\"><img loading=\"lazy\" decoding=\"async\" width=\"150\" height=\"150\" src=\"https:\/\/www.mecerreyes.com\/mece\/wp-content\/uploads\/2017\/06\/Mecerreyes-Romer\u00eda-Virgen-del-Camino-27-05-2017-35-150x150.jpg\" class=\"attachment-thumbnail size-thumbnail\" alt=\"\" srcset=\"https:\/\/www.mecerreyes.com\/mece\/wp-content\/uploads\/2017\/06\/Mecerreyes-Romer\u00eda-Virgen-del-Camino-27-05-2017-35-150x150.jpg 150w, https:\/\/www.mecerreyes.com\/mece\/wp-content\/uploads\/2017\/06\/Mecerreyes-Romer\u00eda-Virgen-del-Camino-27-05-2017-35-440x440.jpg 440w\" sizes=\"(max-width: 150px) 100vw, 150px\" \/><\/a>\n\t\t\t<\/dt><\/dl><dl class='gallery-item'>\n\t\t\t<dt class='gallery-icon landscape'>\n\t\t\t\t<a  href=\"https:\/\/www.mecerreyes.com\/mece\/wp-content\/uploads\/2017\/06\/Mecerreyes-Romer\u00eda-Virgen-del-Camino-27-05-2017-15.jpg\" class=\"thickbox no_icon\" title=\"\"><img loading=\"lazy\" decoding=\"async\" width=\"150\" height=\"150\" src=\"https:\/\/www.mecerreyes.com\/mece\/wp-content\/uploads\/2017\/06\/Mecerreyes-Romer\u00eda-Virgen-del-Camino-27-05-2017-15-150x150.jpg\" class=\"attachment-thumbnail size-thumbnail\" alt=\"\" srcset=\"https:\/\/www.mecerreyes.com\/mece\/wp-content\/uploads\/2017\/06\/Mecerreyes-Romer\u00eda-Virgen-del-Camino-27-05-2017-15-150x150.jpg 150w, https:\/\/www.mecerreyes.com\/mece\/wp-content\/uploads\/2017\/06\/Mecerreyes-Romer\u00eda-Virgen-del-Camino-27-05-2017-15-440x440.jpg 440w\" sizes=\"(max-width: 150px) 100vw, 150px\" \/><\/a>\n\t\t\t<\/dt><\/dl><dl class='gallery-item'>\n\t\t\t<dt class='gallery-icon landscape'>\n\t\t\t\t<a  href=\"https:\/\/www.mecerreyes.com\/mece\/wp-content\/uploads\/2017\/06\/Mecerreyes-Romer\u00eda-Virgen-del-Camino-27-05-2017-39.jpg\" class=\"thickbox no_icon\" title=\"\"><img loading=\"lazy\" decoding=\"async\" width=\"150\" height=\"150\" src=\"https:\/\/www.mecerreyes.com\/mece\/wp-content\/uploads\/2017\/06\/Mecerreyes-Romer\u00eda-Virgen-del-Camino-27-05-2017-39-150x150.jpg\" class=\"attachment-thumbnail size-thumbnail\" alt=\"\" srcset=\"https:\/\/www.mecerreyes.com\/mece\/wp-content\/uploads\/2017\/06\/Mecerreyes-Romer\u00eda-Virgen-del-Camino-27-05-2017-39-150x150.jpg 150w, https:\/\/www.mecerreyes.com\/mece\/wp-content\/uploads\/2017\/06\/Mecerreyes-Romer\u00eda-Virgen-del-Camino-27-05-2017-39-440x440.jpg 440w\" sizes=\"(max-width: 150px) 100vw, 150px\" \/><\/a>\n\t\t\t<\/dt><\/dl><br style=\"clear: both\" \/><dl class='gallery-item'>\n\t\t\t<dt class='gallery-icon landscape'>\n\t\t\t\t<a  href=\"https:\/\/www.mecerreyes.com\/mece\/wp-content\/uploads\/2017\/06\/Mecerreyes-Romer\u00eda-Virgen-del-Camino-27-05-2017-40.jpg\" class=\"thickbox no_icon\" title=\"\"><img loading=\"lazy\" decoding=\"async\" width=\"150\" height=\"150\" src=\"https:\/\/www.mecerreyes.com\/mece\/wp-content\/uploads\/2017\/06\/Mecerreyes-Romer\u00eda-Virgen-del-Camino-27-05-2017-40-150x150.jpg\" class=\"attachment-thumbnail size-thumbnail\" alt=\"\" srcset=\"https:\/\/www.mecerreyes.com\/mece\/wp-content\/uploads\/2017\/06\/Mecerreyes-Romer\u00eda-Virgen-del-Camino-27-05-2017-40-150x150.jpg 150w, https:\/\/www.mecerreyes.com\/mece\/wp-content\/uploads\/2017\/06\/Mecerreyes-Romer\u00eda-Virgen-del-Camino-27-05-2017-40-440x440.jpg 440w\" sizes=\"(max-width: 150px) 100vw, 150px\" \/><\/a>\n\t\t\t<\/dt><\/dl><dl class='gallery-item'>\n\t\t\t<dt class='gallery-icon landscape'>\n\t\t\t\t<a  href=\"https:\/\/www.mecerreyes.com\/mece\/wp-content\/uploads\/2017\/06\/Mecerreyes-Romer\u00eda-Virgen-del-Camino-27-05-2017-18.jpg\" class=\"thickbox no_icon\" title=\"\"><img loading=\"lazy\" decoding=\"async\" width=\"150\" height=\"150\" src=\"https:\/\/www.mecerreyes.com\/mece\/wp-content\/uploads\/2017\/06\/Mecerreyes-Romer\u00eda-Virgen-del-Camino-27-05-2017-18-150x150.jpg\" class=\"attachment-thumbnail size-thumbnail\" alt=\"\" srcset=\"https:\/\/www.mecerreyes.com\/mece\/wp-content\/uploads\/2017\/06\/Mecerreyes-Romer\u00eda-Virgen-del-Camino-27-05-2017-18-150x150.jpg 150w, https:\/\/www.mecerreyes.com\/mece\/wp-content\/uploads\/2017\/06\/Mecerreyes-Romer\u00eda-Virgen-del-Camino-27-05-2017-18-440x440.jpg 440w\" sizes=\"(max-width: 150px) 100vw, 150px\" \/><\/a>\n\t\t\t<\/dt><\/dl><dl class='gallery-item'>\n\t\t\t<dt class='gallery-icon landscape'>\n\t\t\t\t<a  href=\"https:\/\/www.mecerreyes.com\/mece\/wp-content\/uploads\/2017\/06\/Mecerreyes-Romer\u00eda-Virgen-del-Camino-27-05-2017-42.jpg\" class=\"thickbox no_icon\" title=\"\"><img loading=\"lazy\" decoding=\"async\" width=\"150\" height=\"150\" src=\"https:\/\/www.mecerreyes.com\/mece\/wp-content\/uploads\/2017\/06\/Mecerreyes-Romer\u00eda-Virgen-del-Camino-27-05-2017-42-150x150.jpg\" class=\"attachment-thumbnail size-thumbnail\" alt=\"\" srcset=\"https:\/\/www.mecerreyes.com\/mece\/wp-content\/uploads\/2017\/06\/Mecerreyes-Romer\u00eda-Virgen-del-Camino-27-05-2017-42-150x150.jpg 150w, https:\/\/www.mecerreyes.com\/mece\/wp-content\/uploads\/2017\/06\/Mecerreyes-Romer\u00eda-Virgen-del-Camino-27-05-2017-42-440x440.jpg 440w\" sizes=\"(max-width: 150px) 100vw, 150px\" \/><\/a>\n\t\t\t<\/dt><\/dl><br style=\"clear: both\" \/><dl class='gallery-item'>\n\t\t\t<dt class='gallery-icon landscape'>\n\t\t\t\t<a  href=\"https:\/\/www.mecerreyes.com\/mece\/wp-content\/uploads\/2017\/06\/Mecerreyes-Romer\u00eda-Virgen-del-Camino-27-05-2017-43.jpg\" class=\"thickbox no_icon\" title=\"\"><img loading=\"lazy\" decoding=\"async\" width=\"150\" height=\"150\" src=\"https:\/\/www.mecerreyes.com\/mece\/wp-content\/uploads\/2017\/06\/Mecerreyes-Romer\u00eda-Virgen-del-Camino-27-05-2017-43-150x150.jpg\" class=\"attachment-thumbnail size-thumbnail\" alt=\"\" srcset=\"https:\/\/www.mecerreyes.com\/mece\/wp-content\/uploads\/2017\/06\/Mecerreyes-Romer\u00eda-Virgen-del-Camino-27-05-2017-43-150x150.jpg 150w, https:\/\/www.mecerreyes.com\/mece\/wp-content\/uploads\/2017\/06\/Mecerreyes-Romer\u00eda-Virgen-del-Camino-27-05-2017-43-440x440.jpg 440w\" sizes=\"(max-width: 150px) 100vw, 150px\" \/><\/a>\n\t\t\t<\/dt><\/dl><dl class='gallery-item'>\n\t\t\t<dt class='gallery-icon landscape'>\n\t\t\t\t<a  href=\"https:\/\/www.mecerreyes.com\/mece\/wp-content\/uploads\/2017\/06\/Mecerreyes-Romer\u00eda-Virgen-del-Camino-27-05-2017-19.jpg\" class=\"thickbox no_icon\" title=\"\"><img loading=\"lazy\" decoding=\"async\" width=\"150\" height=\"150\" src=\"https:\/\/www.mecerreyes.com\/mece\/wp-content\/uploads\/2017\/06\/Mecerreyes-Romer\u00eda-Virgen-del-Camino-27-05-2017-19-150x150.jpg\" class=\"attachment-thumbnail size-thumbnail\" alt=\"\" srcset=\"https:\/\/www.mecerreyes.com\/mece\/wp-content\/uploads\/2017\/06\/Mecerreyes-Romer\u00eda-Virgen-del-Camino-27-05-2017-19-150x150.jpg 150w, https:\/\/www.mecerreyes.com\/mece\/wp-content\/uploads\/2017\/06\/Mecerreyes-Romer\u00eda-Virgen-del-Camino-27-05-2017-19-440x440.jpg 440w\" sizes=\"(max-width: 150px) 100vw, 150px\" \/><\/a>\n\t\t\t<\/dt><\/dl><dl class='gallery-item'>\n\t\t\t<dt class='gallery-icon landscape'>\n\t\t\t\t<a  href=\"https:\/\/www.mecerreyes.com\/mece\/wp-content\/uploads\/2017\/06\/Mecerreyes-Romer\u00eda-Virgen-del-Camino-27-05-2017-20.jpg\" class=\"thickbox no_icon\" title=\"\"><img loading=\"lazy\" decoding=\"async\" width=\"150\" height=\"150\" src=\"https:\/\/www.mecerreyes.com\/mece\/wp-content\/uploads\/2017\/06\/Mecerreyes-Romer\u00eda-Virgen-del-Camino-27-05-2017-20-150x150.jpg\" class=\"attachment-thumbnail size-thumbnail\" alt=\"\" srcset=\"https:\/\/www.mecerreyes.com\/mece\/wp-content\/uploads\/2017\/06\/Mecerreyes-Romer\u00eda-Virgen-del-Camino-27-05-2017-20-150x150.jpg 150w, https:\/\/www.mecerreyes.com\/mece\/wp-content\/uploads\/2017\/06\/Mecerreyes-Romer\u00eda-Virgen-del-Camino-27-05-2017-20-440x440.jpg 440w\" sizes=\"(max-width: 150px) 100vw, 150px\" \/><\/a>\n\t\t\t<\/dt><\/dl><br style=\"clear: both\" \/><dl class='gallery-item'>\n\t\t\t<dt class='gallery-icon landscape'>\n\t\t\t\t<a  href=\"https:\/\/www.mecerreyes.com\/mece\/wp-content\/uploads\/2017\/06\/Mecerreyes-Romer\u00eda-Virgen-del-Camino-27-05-2017-21.jpg\" class=\"thickbox no_icon\" title=\"\"><img loading=\"lazy\" decoding=\"async\" width=\"150\" height=\"150\" src=\"https:\/\/www.mecerreyes.com\/mece\/wp-content\/uploads\/2017\/06\/Mecerreyes-Romer\u00eda-Virgen-del-Camino-27-05-2017-21-150x150.jpg\" class=\"attachment-thumbnail size-thumbnail\" alt=\"\" srcset=\"https:\/\/www.mecerreyes.com\/mece\/wp-content\/uploads\/2017\/06\/Mecerreyes-Romer\u00eda-Virgen-del-Camino-27-05-2017-21-150x150.jpg 150w, https:\/\/www.mecerreyes.com\/mece\/wp-content\/uploads\/2017\/06\/Mecerreyes-Romer\u00eda-Virgen-del-Camino-27-05-2017-21-440x440.jpg 440w\" sizes=\"(max-width: 150px) 100vw, 150px\" \/><\/a>\n\t\t\t<\/dt><\/dl><dl class='gallery-item'>\n\t\t\t<dt class='gallery-icon landscape'>\n\t\t\t\t<a  href=\"https:\/\/www.mecerreyes.com\/mece\/wp-content\/uploads\/2017\/06\/Mecerreyes-Romer\u00eda-Virgen-del-Camino-27-05-2017-22.jpg\" class=\"thickbox no_icon\" title=\"\"><img loading=\"lazy\" decoding=\"async\" width=\"150\" height=\"150\" src=\"https:\/\/www.mecerreyes.com\/mece\/wp-content\/uploads\/2017\/06\/Mecerreyes-Romer\u00eda-Virgen-del-Camino-27-05-2017-22-150x150.jpg\" class=\"attachment-thumbnail size-thumbnail\" alt=\"\" srcset=\"https:\/\/www.mecerreyes.com\/mece\/wp-content\/uploads\/2017\/06\/Mecerreyes-Romer\u00eda-Virgen-del-Camino-27-05-2017-22-150x150.jpg 150w, https:\/\/www.mecerreyes.com\/mece\/wp-content\/uploads\/2017\/06\/Mecerreyes-Romer\u00eda-Virgen-del-Camino-27-05-2017-22-440x440.jpg 440w\" sizes=\"(max-width: 150px) 100vw, 150px\" \/><\/a>\n\t\t\t<\/dt><\/dl><dl class='gallery-item'>\n\t\t\t<dt class='gallery-icon landscape'>\n\t\t\t\t<a  href=\"https:\/\/www.mecerreyes.com\/mece\/wp-content\/uploads\/2017\/06\/Mecerreyes-Romer\u00eda-Virgen-del-Camino-27-05-2017-23.jpg\" class=\"thickbox no_icon\" title=\"\"><img loading=\"lazy\" decoding=\"async\" width=\"150\" height=\"150\" src=\"https:\/\/www.mecerreyes.com\/mece\/wp-content\/uploads\/2017\/06\/Mecerreyes-Romer\u00eda-Virgen-del-Camino-27-05-2017-23-150x150.jpg\" class=\"attachment-thumbnail size-thumbnail\" alt=\"\" srcset=\"https:\/\/www.mecerreyes.com\/mece\/wp-content\/uploads\/2017\/06\/Mecerreyes-Romer\u00eda-Virgen-del-Camino-27-05-2017-23-150x150.jpg 150w, https:\/\/www.mecerreyes.com\/mece\/wp-content\/uploads\/2017\/06\/Mecerreyes-Romer\u00eda-Virgen-del-Camino-27-05-2017-23-440x440.jpg 440w\" sizes=\"(max-width: 150px) 100vw, 150px\" \/><\/a>\n\t\t\t<\/dt><\/dl><br style=\"clear: both\" \/><dl class='gallery-item'>\n\t\t\t<dt class='gallery-icon landscape'>\n\t\t\t\t<a  href=\"https:\/\/www.mecerreyes.com\/mece\/wp-content\/uploads\/2017\/06\/Mecerreyes-Romer\u00eda-Virgen-del-Camino-27-05-2017-24.jpg\" class=\"thickbox no_icon\" title=\"\"><img loading=\"lazy\" decoding=\"async\" width=\"150\" height=\"150\" src=\"https:\/\/www.mecerreyes.com\/mece\/wp-content\/uploads\/2017\/06\/Mecerreyes-Romer\u00eda-Virgen-del-Camino-27-05-2017-24-150x150.jpg\" class=\"attachment-thumbnail size-thumbnail\" alt=\"\" srcset=\"https:\/\/www.mecerreyes.com\/mece\/wp-content\/uploads\/2017\/06\/Mecerreyes-Romer\u00eda-Virgen-del-Camino-27-05-2017-24-150x150.jpg 150w, https:\/\/www.mecerreyes.com\/mece\/wp-content\/uploads\/2017\/06\/Mecerreyes-Romer\u00eda-Virgen-del-Camino-27-05-2017-24-440x440.jpg 440w\" sizes=\"(max-width: 150px) 100vw, 150px\" \/><\/a>\n\t\t\t<\/dt><\/dl><dl class='gallery-item'>\n\t\t\t<dt class='gallery-icon landscape'>\n\t\t\t\t<a  href=\"https:\/\/www.mecerreyes.com\/mece\/wp-content\/uploads\/2017\/06\/Mecerreyes-Romer\u00eda-Virgen-del-Camino-27-05-2017-25.jpg\" class=\"thickbox no_icon\" title=\"\"><img loading=\"lazy\" decoding=\"async\" width=\"150\" height=\"150\" src=\"https:\/\/www.mecerreyes.com\/mece\/wp-content\/uploads\/2017\/06\/Mecerreyes-Romer\u00eda-Virgen-del-Camino-27-05-2017-25-150x150.jpg\" class=\"attachment-thumbnail size-thumbnail\" alt=\"\" srcset=\"https:\/\/www.mecerreyes.com\/mece\/wp-content\/uploads\/2017\/06\/Mecerreyes-Romer\u00eda-Virgen-del-Camino-27-05-2017-25-150x150.jpg 150w, https:\/\/www.mecerreyes.com\/mece\/wp-content\/uploads\/2017\/06\/Mecerreyes-Romer\u00eda-Virgen-del-Camino-27-05-2017-25-440x440.jpg 440w\" sizes=\"(max-width: 150px) 100vw, 150px\" \/><\/a>\n\t\t\t<\/dt><\/dl><dl class='gallery-item'>\n\t\t\t<dt class='gallery-icon landscape'>\n\t\t\t\t<a  href=\"https:\/\/www.mecerreyes.com\/mece\/wp-content\/uploads\/2017\/06\/Mecerreyes-Romer\u00eda-Virgen-del-Camino-27-05-2017-26.jpg\" class=\"thickbox no_icon\" title=\"\"><img loading=\"lazy\" decoding=\"async\" width=\"150\" height=\"150\" src=\"https:\/\/www.mecerreyes.com\/mece\/wp-content\/uploads\/2017\/06\/Mecerreyes-Romer\u00eda-Virgen-del-Camino-27-05-2017-26-150x150.jpg\" class=\"attachment-thumbnail size-thumbnail\" alt=\"\" srcset=\"https:\/\/www.mecerreyes.com\/mece\/wp-content\/uploads\/2017\/06\/Mecerreyes-Romer\u00eda-Virgen-del-Camino-27-05-2017-26-150x150.jpg 150w, https:\/\/www.mecerreyes.com\/mece\/wp-content\/uploads\/2017\/06\/Mecerreyes-Romer\u00eda-Virgen-del-Camino-27-05-2017-26-440x440.jpg 440w\" sizes=\"(max-width: 150px) 100vw, 150px\" \/><\/a>\n\t\t\t<\/dt><\/dl><br style=\"clear: both\" \/><dl class='gallery-item'>\n\t\t\t<dt class='gallery-icon landscape'>\n\t\t\t\t<a  href=\"https:\/\/www.mecerreyes.com\/mece\/wp-content\/uploads\/2017\/06\/Mecerreyes-Romer\u00eda-Virgen-del-Camino-27-05-2017-44.jpg\" class=\"thickbox no_icon\" title=\"\"><img loading=\"lazy\" decoding=\"async\" width=\"150\" height=\"150\" src=\"https:\/\/www.mecerreyes.com\/mece\/wp-content\/uploads\/2017\/06\/Mecerreyes-Romer\u00eda-Virgen-del-Camino-27-05-2017-44-150x150.jpg\" class=\"attachment-thumbnail size-thumbnail\" alt=\"\" srcset=\"https:\/\/www.mecerreyes.com\/mece\/wp-content\/uploads\/2017\/06\/Mecerreyes-Romer\u00eda-Virgen-del-Camino-27-05-2017-44-150x150.jpg 150w, https:\/\/www.mecerreyes.com\/mece\/wp-content\/uploads\/2017\/06\/Mecerreyes-Romer\u00eda-Virgen-del-Camino-27-05-2017-44-440x440.jpg 440w\" sizes=\"(max-width: 150px) 100vw, 150px\" \/><\/a>\n\t\t\t<\/dt><\/dl><dl class='gallery-item'>\n\t\t\t<dt class='gallery-icon landscape'>\n\t\t\t\t<a  href=\"https:\/\/www.mecerreyes.com\/mece\/wp-content\/uploads\/2017\/06\/Mecerreyes-Romer\u00eda-Virgen-del-Camino-27-05-2017-45.jpg\" class=\"thickbox no_icon\" title=\"\"><img loading=\"lazy\" decoding=\"async\" width=\"150\" height=\"150\" src=\"https:\/\/www.mecerreyes.com\/mece\/wp-content\/uploads\/2017\/06\/Mecerreyes-Romer\u00eda-Virgen-del-Camino-27-05-2017-45-150x150.jpg\" class=\"attachment-thumbnail size-thumbnail\" alt=\"\" srcset=\"https:\/\/www.mecerreyes.com\/mece\/wp-content\/uploads\/2017\/06\/Mecerreyes-Romer\u00eda-Virgen-del-Camino-27-05-2017-45-150x150.jpg 150w, https:\/\/www.mecerreyes.com\/mece\/wp-content\/uploads\/2017\/06\/Mecerreyes-Romer\u00eda-Virgen-del-Camino-27-05-2017-45-440x440.jpg 440w\" sizes=\"(max-width: 150px) 100vw, 150px\" \/><\/a>\n\t\t\t<\/dt><\/dl><dl class='gallery-item'>\n\t\t\t<dt class='gallery-icon landscape'>\n\t\t\t\t<a  href=\"https:\/\/www.mecerreyes.com\/mece\/wp-content\/uploads\/2017\/06\/Mecerreyes-Romer\u00eda-Virgen-del-Camino-27-05-2017-paseo-Museo-del-Carb\u00f3n-38.jpg\" class=\"thickbox no_icon\" title=\"\"><img loading=\"lazy\" decoding=\"async\" width=\"150\" height=\"150\" src=\"https:\/\/www.mecerreyes.com\/mece\/wp-content\/uploads\/2017\/06\/Mecerreyes-Romer\u00eda-Virgen-del-Camino-27-05-2017-paseo-Museo-del-Carb\u00f3n-38-150x150.jpg\" class=\"attachment-thumbnail size-thumbnail\" alt=\"\" srcset=\"https:\/\/www.mecerreyes.com\/mece\/wp-content\/uploads\/2017\/06\/Mecerreyes-Romer\u00eda-Virgen-del-Camino-27-05-2017-paseo-Museo-del-Carb\u00f3n-38-150x150.jpg 150w, https:\/\/www.mecerreyes.com\/mece\/wp-content\/uploads\/2017\/06\/Mecerreyes-Romer\u00eda-Virgen-del-Camino-27-05-2017-paseo-Museo-del-Carb\u00f3n-38-440x440.jpg 440w\" sizes=\"(max-width: 150px) 100vw, 150px\" \/><\/a>\n\t\t\t<\/dt><\/dl><br style=\"clear: both\" \/><dl class='gallery-item'>\n\t\t\t<dt class='gallery-icon landscape'>\n\t\t\t\t<a  href=\"https:\/\/www.mecerreyes.com\/mece\/wp-content\/uploads\/2017\/06\/Mecerreyes-Romer\u00eda-Virgen-del-Camino-27-05-2017-paseo-Museo-del-Carb\u00f3n-36.jpg\" class=\"thickbox no_icon\" title=\"\"><img loading=\"lazy\" decoding=\"async\" width=\"150\" height=\"150\" src=\"https:\/\/www.mecerreyes.com\/mece\/wp-content\/uploads\/2017\/06\/Mecerreyes-Romer\u00eda-Virgen-del-Camino-27-05-2017-paseo-Museo-del-Carb\u00f3n-36-150x150.jpg\" class=\"attachment-thumbnail size-thumbnail\" alt=\"\" srcset=\"https:\/\/www.mecerreyes.com\/mece\/wp-content\/uploads\/2017\/06\/Mecerreyes-Romer\u00eda-Virgen-del-Camino-27-05-2017-paseo-Museo-del-Carb\u00f3n-36-150x150.jpg 150w, https:\/\/www.mecerreyes.com\/mece\/wp-content\/uploads\/2017\/06\/Mecerreyes-Romer\u00eda-Virgen-del-Camino-27-05-2017-paseo-Museo-del-Carb\u00f3n-36-440x440.jpg 440w\" sizes=\"(max-width: 150px) 100vw, 150px\" \/><\/a>\n\t\t\t<\/dt><\/dl><dl class='gallery-item'>\n\t\t\t<dt class='gallery-icon landscape'>\n\t\t\t\t<a  href=\"https:\/\/www.mecerreyes.com\/mece\/wp-content\/uploads\/2017\/06\/Mecerreyes-Romer\u00eda-Virgen-del-Camino-27-05-2017-paseo-Museo-del-Carb\u00f3n-37.jpg\" class=\"thickbox no_icon\" title=\"\"><img loading=\"lazy\" decoding=\"async\" width=\"150\" height=\"150\" src=\"https:\/\/www.mecerreyes.com\/mece\/wp-content\/uploads\/2017\/06\/Mecerreyes-Romer\u00eda-Virgen-del-Camino-27-05-2017-paseo-Museo-del-Carb\u00f3n-37-150x150.jpg\" class=\"attachment-thumbnail size-thumbnail\" alt=\"\" srcset=\"https:\/\/www.mecerreyes.com\/mece\/wp-content\/uploads\/2017\/06\/Mecerreyes-Romer\u00eda-Virgen-del-Camino-27-05-2017-paseo-Museo-del-Carb\u00f3n-37-150x150.jpg 150w, https:\/\/www.mecerreyes.com\/mece\/wp-content\/uploads\/2017\/06\/Mecerreyes-Romer\u00eda-Virgen-del-Camino-27-05-2017-paseo-Museo-del-Carb\u00f3n-37-440x440.jpg 440w\" sizes=\"(max-width: 150px) 100vw, 150px\" \/><\/a>\n\t\t\t<\/dt><\/dl>\n\t\t\t<br style='clear: both' \/>\n\t\t<\/div>\n\n<h2><strong>REFRANERO CASTELLANO<\/strong><\/h2>\n<ul>\n<li><em>La bellota que no se ve en mayo no se ve en todo el a\u00f1o.<\/em><\/li>\n<li><em>Mayo florido, en flor el olivo y granados los trigos.<\/em><\/li>\n<li><em>Cuando mayo va a mediar, debe el invierno acabar.<\/em><\/li>\n<li><em>Abril y Mayo dan agua para todo el a\u00f1o.<\/em><\/li>\n<li><em>Agua de por mayo, pan para todo el a\u00f1o.<\/em><\/li>\n<li><em>Siembra perejil en mayo, y lo tendr\u00e1s todo el a\u00f1o.<\/em><\/li>\n<li><em>Si en mayo no ves lodo, dalo por perdido todo.<\/em><\/li>\n<li><em>Truenos en mayo anuncian mal a\u00f1o.<\/em><\/li>\n<li><em>Hielos en la cruz de mayo siempre hacen da\u00f1o.<\/em><\/li>\n<li><em>Mayo seco y junio aguado, todo vendr\u00e1 trastornado.<\/em><\/li>\n<\/ul>\n<p>&nbsp;<\/p>","protected":false},"excerpt":{"rendered":"<p>Mayo 2017 Bonito mes este de mayo que a\u00fana conmemoraciones como la del Trabajo, San Isidro, familia, D\u00eda de la Madre y Romer\u00eda de la Virgen del Camino. Aunque la climatolog\u00eda ha sido adversa y ha destrozado las expectativas de nuestros labradores, hemos tenido otros motivos por los que contentarnos y celebrar. Alegr\u00eda de: No [&hellip;]<\/p>\n","protected":false},"author":5,"featured_media":15207,"comment_status":"open","ping_status":"closed","sticky":false,"template":"","format":"standard","meta":{"_et_pb_use_builder":"","_et_pb_old_content":"","_et_gb_content_width":"","footnotes":""},"categories":[1],"tags":[16,56,21,47],"class_list":["post-15127","post","type-post","status-publish","format-standard","has-post-thumbnail","hentry","category-general","tag-cofradia-virgen-del-camino","tag-escultor-angel-gil","tag-guiletos","tag-romeria","et_post_format-et-post-format-gallery","et-has-post-format-content"],"_links":{"self":[{"href":"https:\/\/www.mecerreyes.com\/mece\/index.php?rest_route=\/wp\/v2\/posts\/15127"}],"collection":[{"href":"https:\/\/www.mecerreyes.com\/mece\/index.php?rest_route=\/wp\/v2\/posts"}],"about":[{"href":"https:\/\/www.mecerreyes.com\/mece\/index.php?rest_route=\/wp\/v2\/types\/post"}],"author":[{"embeddable":true,"href":"https:\/\/www.mecerreyes.com\/mece\/index.php?rest_route=\/wp\/v2\/users\/5"}],"replies":[{"embeddable":true,"href":"https:\/\/www.mecerreyes.com\/mece\/index.php?rest_route=%2Fwp%2Fv2%2Fcomments&post=15127"}],"version-history":[{"count":27,"href":"https:\/\/www.mecerreyes.com\/mece\/index.php?rest_route=\/wp\/v2\/posts\/15127\/revisions"}],"predecessor-version":[{"id":15214,"href":"https:\/\/www.mecerreyes.com\/mece\/index.php?rest_route=\/wp\/v2\/posts\/15127\/revisions\/15214"}],"wp:featuredmedia":[{"embeddable":true,"href":"https:\/\/www.mecerreyes.com\/mece\/index.php?rest_route=\/wp\/v2\/media\/15207"}],"wp:attachment":[{"href":"https:\/\/www.mecerreyes.com\/mece\/index.php?rest_route=%2Fwp%2Fv2%2Fmedia&parent=15127"}],"wp:term":[{"taxonomy":"category","embeddable":true,"href":"https:\/\/www.mecerreyes.com\/mece\/index.php?rest_route=%2Fwp%2Fv2%2Fcategories&post=15127"},{"taxonomy":"post_tag","embeddable":true,"href":"https:\/\/www.mecerreyes.com\/mece\/index.php?rest_route=%2Fwp%2Fv2%2Ftags&post=15127"}],"curies":[{"name":"wp","href":"https:\/\/api.w.org\/{rel}","templated":true}]}}