{"id":15216,"date":"2017-07-04T22:16:56","date_gmt":"2017-07-04T21:16:56","guid":{"rendered":"http:\/\/www.mecerreyes.com\/mece\/?p=15216"},"modified":"2017-07-27T00:09:49","modified_gmt":"2017-07-26T23:09:49","slug":"noticias-junio-2017","status":"publish","type":"post","link":"https:\/\/www.mecerreyes.com\/mece\/?p=15216","title":{"rendered":"Noticias Junio 2017"},"content":{"rendered":"<h2 style=\"text-align: justify;\"><span style=\"color: #0000ff;\"><strong>JUNIO 2017<\/strong><\/span><\/h2>\n<p style=\"text-align: justify;\"><span style=\"color: #0000ff;\"><strong>Bien venido junio, el mes de los d\u00edas m\u00e1s largos, d\u00edas de \u00a0m\u00e1s horas\u00a0 de luz que bien han aprovechado los peque\u00f1os para jugar en el front\u00f3n, recorrer las calles con las bicicletas, descubrir\u00a0 callejas y rincones donde jugar o hacer un sitio especial de reuni\u00f3n y olvidarse de m\u00f3viles y redes sociales.\u00a0<\/strong><\/span><\/p>\n<p style=\"text-align: justify;\"><a  href=\"http:\/\/www.mecerreyes.com\/mece\/wp-content\/uploads\/2017\/07\/Ni\u00f1as-junio-2017-Mecerreyes.jpg\" class=\"thickbox no_icon\" title=\"\"><img loading=\"lazy\" decoding=\"async\" class=\"aligncenter size-full wp-image-15217\" src=\"http:\/\/www.mecerreyes.com\/mece\/wp-content\/uploads\/2017\/07\/Ni\u00f1as-junio-2017-Mecerreyes.jpg\" alt=\"\" width=\"2551\" height=\"901\" srcset=\"https:\/\/www.mecerreyes.com\/mece\/wp-content\/uploads\/2017\/07\/Ni\u00f1as-junio-2017-Mecerreyes.jpg 2551w, https:\/\/www.mecerreyes.com\/mece\/wp-content\/uploads\/2017\/07\/Ni\u00f1as-junio-2017-Mecerreyes-300x106.jpg 300w, https:\/\/www.mecerreyes.com\/mece\/wp-content\/uploads\/2017\/07\/Ni\u00f1as-junio-2017-Mecerreyes-768x271.jpg 768w, https:\/\/www.mecerreyes.com\/mece\/wp-content\/uploads\/2017\/07\/Ni\u00f1as-junio-2017-Mecerreyes-1024x362.jpg 1024w, https:\/\/www.mecerreyes.com\/mece\/wp-content\/uploads\/2017\/07\/Ni\u00f1as-junio-2017-Mecerreyes-1080x381.jpg 1080w\" sizes=\"(max-width: 2551px) 100vw, 2551px\" \/><\/a><\/p>\n<p style=\"text-align: justify;\"><span style=\"color: #0000ff;\"><strong>Excepto la \u00faltima semana, ha sido un mes muy caluroso,\u00a0 obligando a las mujeres a retrasar la hora del paseo hasta que bajara el sol, las noches tan agradables han reunido a vecinos en largas \u00a0tertulias a la fresca. \u00a0Los arroyos muy mermados y los hortelanos preocupados por no poder regar las huertas.<\/strong><\/span><\/p>\n<p style=\"text-align: justify;\"><span style=\"color: #0000ff;\"><strong>Esperamos se vayan abriendo puertas y los abuelos que han pasado el invierno con los hijos puedan disfrutar de su casita, de los vecinos y de sus ra\u00edces.<\/strong><\/span><\/p>\n<p style=\"text-align: justify;\"><span style=\"color: #0000ff;\"><strong>Nosotros ya estamos preparando actividades y eventos culturales para dinamizar e intercalar con la tranquilidad y la paz que se respira en Mecerreyes.<\/strong><\/span><\/p>\n<p><strong>\u00a0<\/strong><\/p>\n<h2><strong>EFEMERIDES JUNIO <\/strong><\/h2>\n<ul>\n<li>El 1, d\u00eda Mundial de la Infancia.<\/li>\n<li>El 4, d\u00eda Internacional de los Ni\u00f1os V\u00edctimas Inocentes de Agresi\u00f3n.<\/li>\n<li>El 5, d\u00eda Mundial del Medio Ambiente.<\/li>\n<li>El 7, d\u00eda de la Libertad de Expresi\u00f3n y de Prensa.<\/li>\n<li>El 8, d\u00eda Mundial de los Oc\u00e9anos.<\/li>\n<li>El 12, d\u00eda Mundial contra el Trabajo Infantil.<\/li>\n<li>El 14, d\u00eda Mundial del Donante de Sangre.<\/li>\n<li><strong>El 15, d\u00eda del Corpus Cristi<\/strong><\/li>\n<li>El 26, d\u00eda Internacional de la lucha contra el uso indebido y el tr\u00e1fico il\u00edcito de drogas.<\/li>\n<li>El 28, d\u00eda Internacional del \u00e1rbol.<\/li>\n<\/ul>\n<p><strong>\u00a0<\/strong><\/p>\n<h2 style=\"text-align: justify;\"><strong>CATEQUESIS<\/strong><\/h2>\n<p style=\"text-align: justify;\">Empezaba junio y se daba por finalizado el curso de catequesis que se ven\u00eda impartiendo los domingos antes de misa en Mecerreyes, ni\u00f1os, pap\u00e1s, catequistas, todos compartieron la tarde y la merienda. Felicidades a todos por este compromiso que os hace acercaros al pueblo cada fin de semana.<\/p>\n<p style=\"text-align: justify;\"><a  href=\"http:\/\/www.mecerreyes.com\/mece\/wp-content\/uploads\/2017\/07\/Mecerreyes-clausura-catequesis-junio-2016.jpg\" class=\"thickbox no_icon\" title=\"\"><img loading=\"lazy\" decoding=\"async\" class=\"aligncenter size-full wp-image-15222\" src=\"http:\/\/www.mecerreyes.com\/mece\/wp-content\/uploads\/2017\/07\/Mecerreyes-clausura-catequesis-junio-2016.jpg\" alt=\"\" width=\"1600\" height=\"1200\" srcset=\"https:\/\/www.mecerreyes.com\/mece\/wp-content\/uploads\/2017\/07\/Mecerreyes-clausura-catequesis-junio-2016.jpg 1600w, https:\/\/www.mecerreyes.com\/mece\/wp-content\/uploads\/2017\/07\/Mecerreyes-clausura-catequesis-junio-2016-300x225.jpg 300w, https:\/\/www.mecerreyes.com\/mece\/wp-content\/uploads\/2017\/07\/Mecerreyes-clausura-catequesis-junio-2016-768x576.jpg 768w, https:\/\/www.mecerreyes.com\/mece\/wp-content\/uploads\/2017\/07\/Mecerreyes-clausura-catequesis-junio-2016-1024x768.jpg 1024w, https:\/\/www.mecerreyes.com\/mece\/wp-content\/uploads\/2017\/07\/Mecerreyes-clausura-catequesis-junio-2016-1080x810.jpg 1080w\" sizes=\"(max-width: 1600px) 100vw, 1600px\" \/><\/a><\/p>\n<h2 style=\"text-align: justify;\"><strong>DEFUNCIONES<\/strong><\/h2>\n<p style=\"text-align: justify;\">Este mes tambi\u00e9n tenemos noticias de las que no nos gusta dar. Despedimos a dos guiletos amantes de pasar el verano en el pueblo y queridos por los vecinos.<\/p>\n<p style=\"text-align: justify;\">Nuestro p\u00e9same a las dos familias, Descansen en paz Jes\u00fas y Rosario.<\/p>\n<p style=\"text-align: justify;\"><strong>JES\u00daS ARRIBAS D\u00cdEZ<\/strong>, falleci\u00f3 el 6 de junio de 2016 a los 66 a\u00f1os de edad en Burgos.<\/p>\n<p style=\"text-align: justify;\"><a  href=\"http:\/\/www.mecerreyes.com\/mece\/wp-content\/uploads\/2017\/07\/Esquela-de-Jes\u00fas-Arribas-D\u00edez.jpg\" class=\"thickbox no_icon\" title=\"\"><img loading=\"lazy\" decoding=\"async\" class=\"aligncenter size-full wp-image-15221\" src=\"http:\/\/www.mecerreyes.com\/mece\/wp-content\/uploads\/2017\/07\/Esquela-de-Jes\u00fas-Arribas-D\u00edez.jpg\" alt=\"\" width=\"3040\" height=\"1764\" srcset=\"https:\/\/www.mecerreyes.com\/mece\/wp-content\/uploads\/2017\/07\/Esquela-de-Jes\u00fas-Arribas-D\u00edez.jpg 3040w, https:\/\/www.mecerreyes.com\/mece\/wp-content\/uploads\/2017\/07\/Esquela-de-Jes\u00fas-Arribas-D\u00edez-300x174.jpg 300w, https:\/\/www.mecerreyes.com\/mece\/wp-content\/uploads\/2017\/07\/Esquela-de-Jes\u00fas-Arribas-D\u00edez-768x446.jpg 768w, https:\/\/www.mecerreyes.com\/mece\/wp-content\/uploads\/2017\/07\/Esquela-de-Jes\u00fas-Arribas-D\u00edez-1024x594.jpg 1024w, https:\/\/www.mecerreyes.com\/mece\/wp-content\/uploads\/2017\/07\/Esquela-de-Jes\u00fas-Arribas-D\u00edez-1080x627.jpg 1080w\" sizes=\"(max-width: 3040px) 100vw, 3040px\" \/><\/a><\/p>\n<p style=\"text-align: justify;\"><strong>ROSARIO ARRIBAS PORTAL<\/strong>, falleci\u00f3 el 25 de junio de 2017, a los 92 a\u00f1os de edad en Santurce.<\/p>\n<p style=\"text-align: justify;\"><a  href=\"http:\/\/www.mecerreyes.com\/mece\/wp-content\/uploads\/2017\/07\/Esquela-Rosario-Arribas-Portal-1.jpg\" class=\"thickbox no_icon\" title=\"\"><img loading=\"lazy\" decoding=\"async\" class=\"aligncenter size-full wp-image-15267\" src=\"http:\/\/www.mecerreyes.com\/mece\/wp-content\/uploads\/2017\/07\/Esquela-Rosario-Arribas-Portal-1.jpg\" alt=\"\" width=\"833\" height=\"781\" srcset=\"https:\/\/www.mecerreyes.com\/mece\/wp-content\/uploads\/2017\/07\/Esquela-Rosario-Arribas-Portal-1.jpg 833w, https:\/\/www.mecerreyes.com\/mece\/wp-content\/uploads\/2017\/07\/Esquela-Rosario-Arribas-Portal-1-300x281.jpg 300w, https:\/\/www.mecerreyes.com\/mece\/wp-content\/uploads\/2017\/07\/Esquela-Rosario-Arribas-Portal-1-768x720.jpg 768w\" sizes=\"(max-width: 833px) 100vw, 833px\" \/><\/a><\/p>\n<h2 style=\"text-align: justify;\"><strong>CORPUS CRISTI <\/strong><\/h2>\n<p style=\"text-align: justify;\">El d\u00eda 15 con un sol radiante, procesionamos la custodia por las calles del pueblo despu\u00e9s de la bonita misa oficiada por Jota Llorente del R\u00edo.\u00a0 Cuatro bonitos altares esperaban su llegada bajo palio y la oraci\u00f3n sincera de los presentes.<\/p>\n<p style=\"text-align: justify;\">Silvia y \u00c1lvaro volvieron a lucir sus trajes de comuni\u00f3n e hicieron el tradicional camino de p\u00e9talos de flores para que pasara el Se\u00f1or.<\/p>\n\n\t\t<style type=\"text\/css\">\n\t\t\t#gallery-1 {\n\t\t\t\tmargin: auto;\n\t\t\t}\n\t\t\t#gallery-1 .gallery-item {\n\t\t\t\tfloat: left;\n\t\t\t\tmargin-top: 10px;\n\t\t\t\ttext-align: center;\n\t\t\t\twidth: 33%;\n\t\t\t}\n\t\t\t#gallery-1 img {\n\t\t\t\tborder: 2px solid #cfcfcf;\n\t\t\t}\n\t\t\t#gallery-1 .gallery-caption {\n\t\t\t\tmargin-left: 0;\n\t\t\t}\n\t\t\t\/* see gallery_shortcode() in wp-includes\/media.php *\/\n\t\t<\/style>\n\t\t<div id='gallery-1' class='gallery galleryid-15216 gallery-columns-3 gallery-size-thumbnail'><dl class='gallery-item'>\n\t\t\t<dt class='gallery-icon landscape'>\n\t\t\t\t<a  href=\"https:\/\/www.mecerreyes.com\/mece\/wp-content\/uploads\/2017\/07\/Mecerreyes-Corpus-18-06-2017-1.jpg\" class=\"thickbox no_icon\" title=\"\"><img loading=\"lazy\" decoding=\"async\" width=\"150\" height=\"150\" src=\"https:\/\/www.mecerreyes.com\/mece\/wp-content\/uploads\/2017\/07\/Mecerreyes-Corpus-18-06-2017-1-150x150.jpg\" class=\"attachment-thumbnail size-thumbnail\" alt=\"\" srcset=\"https:\/\/www.mecerreyes.com\/mece\/wp-content\/uploads\/2017\/07\/Mecerreyes-Corpus-18-06-2017-1-150x150.jpg 150w, https:\/\/www.mecerreyes.com\/mece\/wp-content\/uploads\/2017\/07\/Mecerreyes-Corpus-18-06-2017-1-440x440.jpg 440w\" sizes=\"(max-width: 150px) 100vw, 150px\" \/><\/a>\n\t\t\t<\/dt><\/dl><dl class='gallery-item'>\n\t\t\t<dt class='gallery-icon landscape'>\n\t\t\t\t<a  href=\"https:\/\/www.mecerreyes.com\/mece\/wp-content\/uploads\/2017\/07\/Mecerreyes-Corpus-18-06-2017-2.jpg\" class=\"thickbox no_icon\" title=\"\"><img loading=\"lazy\" decoding=\"async\" width=\"150\" height=\"150\" src=\"https:\/\/www.mecerreyes.com\/mece\/wp-content\/uploads\/2017\/07\/Mecerreyes-Corpus-18-06-2017-2-150x150.jpg\" class=\"attachment-thumbnail size-thumbnail\" alt=\"\" srcset=\"https:\/\/www.mecerreyes.com\/mece\/wp-content\/uploads\/2017\/07\/Mecerreyes-Corpus-18-06-2017-2-150x150.jpg 150w, https:\/\/www.mecerreyes.com\/mece\/wp-content\/uploads\/2017\/07\/Mecerreyes-Corpus-18-06-2017-2-440x440.jpg 440w\" sizes=\"(max-width: 150px) 100vw, 150px\" \/><\/a>\n\t\t\t<\/dt><\/dl><dl class='gallery-item'>\n\t\t\t<dt class='gallery-icon landscape'>\n\t\t\t\t<a  href=\"https:\/\/www.mecerreyes.com\/mece\/wp-content\/uploads\/2017\/07\/Mecerreyes-Corpus-18-06-2017-3.jpg\" class=\"thickbox no_icon\" title=\"\"><img loading=\"lazy\" decoding=\"async\" width=\"150\" height=\"150\" src=\"https:\/\/www.mecerreyes.com\/mece\/wp-content\/uploads\/2017\/07\/Mecerreyes-Corpus-18-06-2017-3-150x150.jpg\" class=\"attachment-thumbnail size-thumbnail\" alt=\"\" srcset=\"https:\/\/www.mecerreyes.com\/mece\/wp-content\/uploads\/2017\/07\/Mecerreyes-Corpus-18-06-2017-3-150x150.jpg 150w, https:\/\/www.mecerreyes.com\/mece\/wp-content\/uploads\/2017\/07\/Mecerreyes-Corpus-18-06-2017-3-440x440.jpg 440w\" sizes=\"(max-width: 150px) 100vw, 150px\" \/><\/a>\n\t\t\t<\/dt><\/dl><br style=\"clear: both\" \/><dl class='gallery-item'>\n\t\t\t<dt class='gallery-icon landscape'>\n\t\t\t\t<a  href=\"https:\/\/www.mecerreyes.com\/mece\/wp-content\/uploads\/2017\/07\/Mecerreyes-Corpus-18-06-2017-4.jpg\" class=\"thickbox no_icon\" title=\"\"><img loading=\"lazy\" decoding=\"async\" width=\"150\" height=\"150\" src=\"https:\/\/www.mecerreyes.com\/mece\/wp-content\/uploads\/2017\/07\/Mecerreyes-Corpus-18-06-2017-4-150x150.jpg\" class=\"attachment-thumbnail size-thumbnail\" alt=\"\" srcset=\"https:\/\/www.mecerreyes.com\/mece\/wp-content\/uploads\/2017\/07\/Mecerreyes-Corpus-18-06-2017-4-150x150.jpg 150w, https:\/\/www.mecerreyes.com\/mece\/wp-content\/uploads\/2017\/07\/Mecerreyes-Corpus-18-06-2017-4-440x440.jpg 440w\" sizes=\"(max-width: 150px) 100vw, 150px\" \/><\/a>\n\t\t\t<\/dt><\/dl><dl class='gallery-item'>\n\t\t\t<dt class='gallery-icon landscape'>\n\t\t\t\t<a  href=\"https:\/\/www.mecerreyes.com\/mece\/wp-content\/uploads\/2017\/07\/Mecerreyes-Corpus-18-06-2017-5.jpg\" class=\"thickbox no_icon\" title=\"\"><img loading=\"lazy\" decoding=\"async\" width=\"150\" height=\"150\" src=\"https:\/\/www.mecerreyes.com\/mece\/wp-content\/uploads\/2017\/07\/Mecerreyes-Corpus-18-06-2017-5-150x150.jpg\" class=\"attachment-thumbnail size-thumbnail\" alt=\"\" srcset=\"https:\/\/www.mecerreyes.com\/mece\/wp-content\/uploads\/2017\/07\/Mecerreyes-Corpus-18-06-2017-5-150x150.jpg 150w, https:\/\/www.mecerreyes.com\/mece\/wp-content\/uploads\/2017\/07\/Mecerreyes-Corpus-18-06-2017-5-440x440.jpg 440w\" sizes=\"(max-width: 150px) 100vw, 150px\" \/><\/a>\n\t\t\t<\/dt><\/dl><dl class='gallery-item'>\n\t\t\t<dt class='gallery-icon landscape'>\n\t\t\t\t<a  href=\"https:\/\/www.mecerreyes.com\/mece\/wp-content\/uploads\/2017\/07\/Mecerreyes-Corpus-18-06-2017-6.jpg\" class=\"thickbox no_icon\" title=\"\"><img loading=\"lazy\" decoding=\"async\" width=\"150\" height=\"150\" src=\"https:\/\/www.mecerreyes.com\/mece\/wp-content\/uploads\/2017\/07\/Mecerreyes-Corpus-18-06-2017-6-150x150.jpg\" class=\"attachment-thumbnail size-thumbnail\" alt=\"\" srcset=\"https:\/\/www.mecerreyes.com\/mece\/wp-content\/uploads\/2017\/07\/Mecerreyes-Corpus-18-06-2017-6-150x150.jpg 150w, https:\/\/www.mecerreyes.com\/mece\/wp-content\/uploads\/2017\/07\/Mecerreyes-Corpus-18-06-2017-6-440x440.jpg 440w\" sizes=\"(max-width: 150px) 100vw, 150px\" \/><\/a>\n\t\t\t<\/dt><\/dl><br style=\"clear: both\" \/><dl class='gallery-item'>\n\t\t\t<dt class='gallery-icon landscape'>\n\t\t\t\t<a  href=\"https:\/\/www.mecerreyes.com\/mece\/wp-content\/uploads\/2017\/07\/Mecerreyes-Corpus-18-06-2017-7.jpg\" class=\"thickbox no_icon\" title=\"\"><img loading=\"lazy\" decoding=\"async\" width=\"150\" height=\"150\" src=\"https:\/\/www.mecerreyes.com\/mece\/wp-content\/uploads\/2017\/07\/Mecerreyes-Corpus-18-06-2017-7-150x150.jpg\" class=\"attachment-thumbnail size-thumbnail\" alt=\"\" srcset=\"https:\/\/www.mecerreyes.com\/mece\/wp-content\/uploads\/2017\/07\/Mecerreyes-Corpus-18-06-2017-7-150x150.jpg 150w, https:\/\/www.mecerreyes.com\/mece\/wp-content\/uploads\/2017\/07\/Mecerreyes-Corpus-18-06-2017-7-440x440.jpg 440w\" sizes=\"(max-width: 150px) 100vw, 150px\" \/><\/a>\n\t\t\t<\/dt><\/dl><dl class='gallery-item'>\n\t\t\t<dt class='gallery-icon landscape'>\n\t\t\t\t<a  href=\"https:\/\/www.mecerreyes.com\/mece\/wp-content\/uploads\/2017\/07\/Mecerreyes-Corpus-18-06-2017-8.jpg\" class=\"thickbox no_icon\" title=\"\"><img loading=\"lazy\" decoding=\"async\" width=\"150\" height=\"150\" src=\"https:\/\/www.mecerreyes.com\/mece\/wp-content\/uploads\/2017\/07\/Mecerreyes-Corpus-18-06-2017-8-150x150.jpg\" class=\"attachment-thumbnail size-thumbnail\" alt=\"\" srcset=\"https:\/\/www.mecerreyes.com\/mece\/wp-content\/uploads\/2017\/07\/Mecerreyes-Corpus-18-06-2017-8-150x150.jpg 150w, https:\/\/www.mecerreyes.com\/mece\/wp-content\/uploads\/2017\/07\/Mecerreyes-Corpus-18-06-2017-8-440x440.jpg 440w\" sizes=\"(max-width: 150px) 100vw, 150px\" \/><\/a>\n\t\t\t<\/dt><\/dl><dl class='gallery-item'>\n\t\t\t<dt class='gallery-icon landscape'>\n\t\t\t\t<a  href=\"https:\/\/www.mecerreyes.com\/mece\/wp-content\/uploads\/2017\/07\/Mecerreyes-Corpus-18-06-2017-9.jpg\" class=\"thickbox no_icon\" title=\"\"><img loading=\"lazy\" decoding=\"async\" width=\"150\" height=\"150\" src=\"https:\/\/www.mecerreyes.com\/mece\/wp-content\/uploads\/2017\/07\/Mecerreyes-Corpus-18-06-2017-9-150x150.jpg\" class=\"attachment-thumbnail size-thumbnail\" alt=\"\" srcset=\"https:\/\/www.mecerreyes.com\/mece\/wp-content\/uploads\/2017\/07\/Mecerreyes-Corpus-18-06-2017-9-150x150.jpg 150w, https:\/\/www.mecerreyes.com\/mece\/wp-content\/uploads\/2017\/07\/Mecerreyes-Corpus-18-06-2017-9-440x440.jpg 440w\" sizes=\"(max-width: 150px) 100vw, 150px\" \/><\/a>\n\t\t\t<\/dt><\/dl><br style=\"clear: both\" \/><dl class='gallery-item'>\n\t\t\t<dt class='gallery-icon landscape'>\n\t\t\t\t<a  href=\"https:\/\/www.mecerreyes.com\/mece\/wp-content\/uploads\/2017\/07\/Mecerreyes-Corpus-18-06-2017-11.jpg\" class=\"thickbox no_icon\" title=\"\"><img loading=\"lazy\" decoding=\"async\" width=\"150\" height=\"150\" src=\"https:\/\/www.mecerreyes.com\/mece\/wp-content\/uploads\/2017\/07\/Mecerreyes-Corpus-18-06-2017-11-150x150.jpg\" class=\"attachment-thumbnail size-thumbnail\" alt=\"\" srcset=\"https:\/\/www.mecerreyes.com\/mece\/wp-content\/uploads\/2017\/07\/Mecerreyes-Corpus-18-06-2017-11-150x150.jpg 150w, https:\/\/www.mecerreyes.com\/mece\/wp-content\/uploads\/2017\/07\/Mecerreyes-Corpus-18-06-2017-11-440x440.jpg 440w\" sizes=\"(max-width: 150px) 100vw, 150px\" \/><\/a>\n\t\t\t<\/dt><\/dl><dl class='gallery-item'>\n\t\t\t<dt class='gallery-icon landscape'>\n\t\t\t\t<a  href=\"https:\/\/www.mecerreyes.com\/mece\/wp-content\/uploads\/2017\/07\/Mecerreyes-Corpus-18-06-2017-10.jpg\" class=\"thickbox no_icon\" title=\"\"><img loading=\"lazy\" decoding=\"async\" width=\"150\" height=\"150\" src=\"https:\/\/www.mecerreyes.com\/mece\/wp-content\/uploads\/2017\/07\/Mecerreyes-Corpus-18-06-2017-10-150x150.jpg\" class=\"attachment-thumbnail size-thumbnail\" alt=\"\" srcset=\"https:\/\/www.mecerreyes.com\/mece\/wp-content\/uploads\/2017\/07\/Mecerreyes-Corpus-18-06-2017-10-150x150.jpg 150w, https:\/\/www.mecerreyes.com\/mece\/wp-content\/uploads\/2017\/07\/Mecerreyes-Corpus-18-06-2017-10-440x440.jpg 440w\" sizes=\"(max-width: 150px) 100vw, 150px\" \/><\/a>\n\t\t\t<\/dt><\/dl><dl class='gallery-item'>\n\t\t\t<dt class='gallery-icon portrait'>\n\t\t\t\t<a  href=\"https:\/\/www.mecerreyes.com\/mece\/wp-content\/uploads\/2017\/07\/Mecerreyes-Corpus-18-06-2017-12.jpg\" class=\"thickbox no_icon\" title=\"\"><img loading=\"lazy\" decoding=\"async\" width=\"150\" height=\"150\" src=\"https:\/\/www.mecerreyes.com\/mece\/wp-content\/uploads\/2017\/07\/Mecerreyes-Corpus-18-06-2017-12-150x150.jpg\" class=\"attachment-thumbnail size-thumbnail\" alt=\"\" srcset=\"https:\/\/www.mecerreyes.com\/mece\/wp-content\/uploads\/2017\/07\/Mecerreyes-Corpus-18-06-2017-12-150x150.jpg 150w, https:\/\/www.mecerreyes.com\/mece\/wp-content\/uploads\/2017\/07\/Mecerreyes-Corpus-18-06-2017-12-440x440.jpg 440w\" sizes=\"(max-width: 150px) 100vw, 150px\" \/><\/a>\n\t\t\t<\/dt><\/dl><br style=\"clear: both\" \/><dl class='gallery-item'>\n\t\t\t<dt class='gallery-icon landscape'>\n\t\t\t\t<a  href=\"https:\/\/www.mecerreyes.com\/mece\/wp-content\/uploads\/2017\/07\/Mecerreyes-Corpus-18-06-2017-13.jpg\" class=\"thickbox no_icon\" title=\"\"><img loading=\"lazy\" decoding=\"async\" width=\"150\" height=\"150\" src=\"https:\/\/www.mecerreyes.com\/mece\/wp-content\/uploads\/2017\/07\/Mecerreyes-Corpus-18-06-2017-13-150x150.jpg\" class=\"attachment-thumbnail size-thumbnail\" alt=\"\" srcset=\"https:\/\/www.mecerreyes.com\/mece\/wp-content\/uploads\/2017\/07\/Mecerreyes-Corpus-18-06-2017-13-150x150.jpg 150w, https:\/\/www.mecerreyes.com\/mece\/wp-content\/uploads\/2017\/07\/Mecerreyes-Corpus-18-06-2017-13-440x440.jpg 440w\" sizes=\"(max-width: 150px) 100vw, 150px\" \/><\/a>\n\t\t\t<\/dt><\/dl><dl class='gallery-item'>\n\t\t\t<dt class='gallery-icon landscape'>\n\t\t\t\t<a  href=\"https:\/\/www.mecerreyes.com\/mece\/wp-content\/uploads\/2017\/07\/Mecerreyes-Corpus-18-06-2017-15.jpg\" class=\"thickbox no_icon\" title=\"\"><img loading=\"lazy\" decoding=\"async\" width=\"150\" height=\"150\" src=\"https:\/\/www.mecerreyes.com\/mece\/wp-content\/uploads\/2017\/07\/Mecerreyes-Corpus-18-06-2017-15-150x150.jpg\" class=\"attachment-thumbnail size-thumbnail\" alt=\"\" srcset=\"https:\/\/www.mecerreyes.com\/mece\/wp-content\/uploads\/2017\/07\/Mecerreyes-Corpus-18-06-2017-15-150x150.jpg 150w, https:\/\/www.mecerreyes.com\/mece\/wp-content\/uploads\/2017\/07\/Mecerreyes-Corpus-18-06-2017-15-440x440.jpg 440w\" sizes=\"(max-width: 150px) 100vw, 150px\" \/><\/a>\n\t\t\t<\/dt><\/dl><dl class='gallery-item'>\n\t\t\t<dt class='gallery-icon landscape'>\n\t\t\t\t<a  href=\"https:\/\/www.mecerreyes.com\/mece\/wp-content\/uploads\/2017\/07\/Mecerreyes-Corpus-18-06-2017-14.jpg\" class=\"thickbox no_icon\" title=\"\"><img loading=\"lazy\" decoding=\"async\" width=\"150\" height=\"150\" src=\"https:\/\/www.mecerreyes.com\/mece\/wp-content\/uploads\/2017\/07\/Mecerreyes-Corpus-18-06-2017-14-150x150.jpg\" class=\"attachment-thumbnail size-thumbnail\" alt=\"\" srcset=\"https:\/\/www.mecerreyes.com\/mece\/wp-content\/uploads\/2017\/07\/Mecerreyes-Corpus-18-06-2017-14-150x150.jpg 150w, https:\/\/www.mecerreyes.com\/mece\/wp-content\/uploads\/2017\/07\/Mecerreyes-Corpus-18-06-2017-14-440x440.jpg 440w\" sizes=\"(max-width: 150px) 100vw, 150px\" \/><\/a>\n\t\t\t<\/dt><\/dl><br style=\"clear: both\" \/><dl class='gallery-item'>\n\t\t\t<dt class='gallery-icon landscape'>\n\t\t\t\t<a  href=\"https:\/\/www.mecerreyes.com\/mece\/wp-content\/uploads\/2017\/07\/Mecerreyes-Corpus-18-06-2017-16.jpg\" class=\"thickbox no_icon\" title=\"\"><img loading=\"lazy\" decoding=\"async\" width=\"150\" height=\"150\" src=\"https:\/\/www.mecerreyes.com\/mece\/wp-content\/uploads\/2017\/07\/Mecerreyes-Corpus-18-06-2017-16-150x150.jpg\" class=\"attachment-thumbnail size-thumbnail\" alt=\"\" srcset=\"https:\/\/www.mecerreyes.com\/mece\/wp-content\/uploads\/2017\/07\/Mecerreyes-Corpus-18-06-2017-16-150x150.jpg 150w, https:\/\/www.mecerreyes.com\/mece\/wp-content\/uploads\/2017\/07\/Mecerreyes-Corpus-18-06-2017-16-440x440.jpg 440w\" sizes=\"(max-width: 150px) 100vw, 150px\" \/><\/a>\n\t\t\t<\/dt><\/dl><dl class='gallery-item'>\n\t\t\t<dt class='gallery-icon landscape'>\n\t\t\t\t<a  href=\"https:\/\/www.mecerreyes.com\/mece\/wp-content\/uploads\/2017\/07\/Mecerreyes-Corpus-18-06-2017-17.jpg\" class=\"thickbox no_icon\" title=\"\"><img loading=\"lazy\" decoding=\"async\" width=\"150\" height=\"150\" src=\"https:\/\/www.mecerreyes.com\/mece\/wp-content\/uploads\/2017\/07\/Mecerreyes-Corpus-18-06-2017-17-150x150.jpg\" class=\"attachment-thumbnail size-thumbnail\" alt=\"\" srcset=\"https:\/\/www.mecerreyes.com\/mece\/wp-content\/uploads\/2017\/07\/Mecerreyes-Corpus-18-06-2017-17-150x150.jpg 150w, https:\/\/www.mecerreyes.com\/mece\/wp-content\/uploads\/2017\/07\/Mecerreyes-Corpus-18-06-2017-17-440x440.jpg 440w\" sizes=\"(max-width: 150px) 100vw, 150px\" \/><\/a>\n\t\t\t<\/dt><\/dl>\n\t\t\t<br style='clear: both' \/>\n\t\t<\/div>\n\n<h2 style=\"text-align: justify;\"><strong>CURIOSIDADES 10 de junio \u00a0de 1974<\/strong><\/h2>\n<p style=\"text-align: justify;\">El d\u00eda 19, Diario de Burgos recordaba en este\u00a0 recorte de prensa las aventuras de estas tres vacas y el disfrute de los 30 cazadores que las abatieron.<\/p>\n<p style=\"text-align: justify;\">Alguno tambi\u00e9n recordar\u00e1 la suculenta caldereta y lo bien que lo pasamos hace 43 a\u00f1os degust\u00e1ndola.<\/p>\n<p style=\"text-align: justify;\"><a  href=\"http:\/\/www.mecerreyes.com\/mece\/wp-content\/uploads\/2017\/07\/Diario-de-Burgos-junio-2017.jpg\" class=\"thickbox no_icon\" title=\"\"><img loading=\"lazy\" decoding=\"async\" class=\"aligncenter size-full wp-image-15242\" src=\"http:\/\/www.mecerreyes.com\/mece\/wp-content\/uploads\/2017\/07\/Diario-de-Burgos-junio-2017.jpg\" alt=\"\" width=\"606\" height=\"296\" srcset=\"https:\/\/www.mecerreyes.com\/mece\/wp-content\/uploads\/2017\/07\/Diario-de-Burgos-junio-2017.jpg 606w, https:\/\/www.mecerreyes.com\/mece\/wp-content\/uploads\/2017\/07\/Diario-de-Burgos-junio-2017-300x147.jpg 300w\" sizes=\"(max-width: 606px) 100vw, 606px\" \/><\/a><\/p>\n<h2 style=\"text-align: justify;\"><strong>GUILETOS POR EL MUNDO<\/strong><\/h2>\n<p style=\"text-align: justify;\"><strong>Elena Fern\u00e1ndez<\/strong> <strong>Alonso (<\/strong>hija de Ele y \u00c1ngel<strong>)<\/strong> present\u00f3 hace unos meses en el Teatro Antzokia de Baracaldo su primera novela titulada \u201cCerezas Amargas\u201d. Est\u00e1 basada en una <a  href=\"https:\/\/www.mecerreyes.com\/mece\/?page_id=32\">historia<\/a> real ocurrida en Baracaldo en 1712 . La concejala de cultura de esta localidad, hizo los honores en la presentaci\u00f3n de la autora baracaldesa y guileta. Esperamos sea el principio de una brillante carrera como escritora y su pluma sea conocida a nivel nacional.<\/p>\n<p><iframe loading=\"lazy\" width=\"1080\" height=\"608\" src=\"https:\/\/www.youtube.com\/embed\/RZKSSISv2M4?feature=oembed\" frameborder=\"0\" allowfullscreen><\/iframe><\/p>\n<p><strong><br \/>\n<\/strong><\/p>\n<p style=\"text-align: justify;\"><strong>Rotary Club de Burgos<\/strong><\/p>\n<p style=\"text-align: justify;\"><strong>Jos\u00e9 Manuel Gonz\u00e1lez (Florister\u00eda Castilla )<\/strong>, forma parte del Rotary Club de Burgos<strong>, Fundaci\u00f3n Privada Humanitaria sin \u00e1nimo de lucro<\/strong>. Los Rotarios \u00a0llevan muchos a\u00f1os dedicando su tiempo y su saber a este prestigioso club extendido por todo el mundo desde su creaci\u00f3n en 1905.<\/p>\n<p style=\"text-align: justify;\"><a  href=\"http:\/\/www.mecerreyes.com\/mece\/wp-content\/uploads\/2017\/07\/Rotary-Club-de-Burgos-4.jpg\" class=\"thickbox no_icon\" title=\"\"><img loading=\"lazy\" decoding=\"async\" class=\"aligncenter size-full wp-image-15259\" src=\"http:\/\/www.mecerreyes.com\/mece\/wp-content\/uploads\/2017\/07\/Rotary-Club-de-Burgos-4.jpg\" alt=\"\" width=\"960\" height=\"720\" srcset=\"https:\/\/www.mecerreyes.com\/mece\/wp-content\/uploads\/2017\/07\/Rotary-Club-de-Burgos-4.jpg 960w, https:\/\/www.mecerreyes.com\/mece\/wp-content\/uploads\/2017\/07\/Rotary-Club-de-Burgos-4-300x225.jpg 300w, https:\/\/www.mecerreyes.com\/mece\/wp-content\/uploads\/2017\/07\/Rotary-Club-de-Burgos-4-768x576.jpg 768w\" sizes=\"(max-width: 960px) 100vw, 960px\" \/><\/a><\/p>\n<p style=\"text-align: justify;\"><strong>Su finalidad es <\/strong><strong>alentar la pr\u00e1ctica de elevadas normas de \u00e9tica en todas las ocupaciones, combatir el hambre, mitigar la pobreza, mejorar la salud y la sanidad, promover y fomentar la educaci\u00f3n y contribuir al desarrollo de la buena voluntad y la paz en todo el mundo bajo el lema \u201cDar de S\u00ed antes de Pensar en S\u00ed\u201d. <\/strong><\/p>\n<p style=\"text-align: justify;\">Este Club junto con fundaciones como Bill y Melinda Gates, Unicef, Dalio Foundation entre otras recaudan fondos e infraestructuras para erradicar enfermedades en el mundo, concretamente la Polio.<\/p>\n<p><iframe loading=\"lazy\" width=\"1080\" height=\"608\" src=\"https:\/\/www.youtube.com\/embed\/b1I3oiV2aEM?feature=oembed\" frameborder=\"0\" allowfullscreen><\/iframe><\/p>\n<p style=\"text-align: justify;\">Ayudan con becas a alumnos de pa\u00edses desfavorecidos, tiene convenios de colaboraci\u00f3n con la UBU permitiendo que ingenieros burgaleses ayuden en infraestructuras de pa\u00edses en desarrollo. Ha promovido la creaci\u00f3n de AFABUR (Asociaci\u00f3n de Familiares de Enfermos de Alzheimer de Burgos). En el mes de marzo de este a\u00f1o 240 rotarios se reunieron en Bruselas en un evento especial que explor\u00f3 c\u00f3mo Rotary y la UE pueden trabajar juntos para lograr la paz. Todo \u201c<strong>por un mundo mejor<\/strong>\u201d, <a  href=\"https:\/\/www.rotaryburgos.org\/nosotros.cfm\" target=\"_blank\" rel=\"noopener noreferrer\">https:\/\/www.rotaryburgos.org\/nosotros.cfm<\/a><\/p>\n<p style=\"text-align: justify;\"><a  href=\"http:\/\/www.mecerreyes.com\/mece\/wp-content\/uploads\/2017\/07\/Rotary-Club-de-Burgos-7.jpg\" class=\"thickbox no_icon\" title=\"\"><img loading=\"lazy\" decoding=\"async\" class=\"aligncenter size-full wp-image-15260\" src=\"http:\/\/www.mecerreyes.com\/mece\/wp-content\/uploads\/2017\/07\/Rotary-Club-de-Burgos-7.jpg\" alt=\"\" width=\"960\" height=\"720\" srcset=\"https:\/\/www.mecerreyes.com\/mece\/wp-content\/uploads\/2017\/07\/Rotary-Club-de-Burgos-7.jpg 960w, https:\/\/www.mecerreyes.com\/mece\/wp-content\/uploads\/2017\/07\/Rotary-Club-de-Burgos-7-300x225.jpg 300w, https:\/\/www.mecerreyes.com\/mece\/wp-content\/uploads\/2017\/07\/Rotary-Club-de-Burgos-7-768x576.jpg 768w\" sizes=\"(max-width: 960px) 100vw, 960px\" \/><\/a><\/p>\n<p style=\"text-align: justify;\">Jos\u00e9 Manuel participa de forma muy activa en el Club Rotario de Burgos, en el que ha desempe\u00f1ado diversos cargos, el pasado mes de abril, defendi\u00f3 la ponencia titulada Rotary Siglo XXI\u00a0 \u201cCuadro Social y Expansi\u00f3n\u201d<\/p>\n<p style=\"text-align: justify;\">Entrega de un cheque de 5.000\u20ac a la Residencia de las hnas. de las Esclavas de la recaudaci\u00f3n de cena ben\u00e9fica del Rotary club de Burgos.<\/p>\n<p style=\"text-align: justify;\"><a  href=\"http:\/\/www.mecerreyes.com\/mece\/wp-content\/uploads\/2017\/07\/Rotary-Club-de-Burgos-10.jpg\" class=\"thickbox no_icon\" title=\"\"><img loading=\"lazy\" decoding=\"async\" class=\"aligncenter size-full wp-image-15264\" src=\"http:\/\/www.mecerreyes.com\/mece\/wp-content\/uploads\/2017\/07\/Rotary-Club-de-Burgos-10.jpg\" alt=\"\" width=\"1701\" height=\"1701\" srcset=\"https:\/\/www.mecerreyes.com\/mece\/wp-content\/uploads\/2017\/07\/Rotary-Club-de-Burgos-10.jpg 1701w, https:\/\/www.mecerreyes.com\/mece\/wp-content\/uploads\/2017\/07\/Rotary-Club-de-Burgos-10-150x150.jpg 150w, https:\/\/www.mecerreyes.com\/mece\/wp-content\/uploads\/2017\/07\/Rotary-Club-de-Burgos-10-300x300.jpg 300w, https:\/\/www.mecerreyes.com\/mece\/wp-content\/uploads\/2017\/07\/Rotary-Club-de-Burgos-10-768x768.jpg 768w, https:\/\/www.mecerreyes.com\/mece\/wp-content\/uploads\/2017\/07\/Rotary-Club-de-Burgos-10-1024x1024.jpg 1024w, https:\/\/www.mecerreyes.com\/mece\/wp-content\/uploads\/2017\/07\/Rotary-Club-de-Burgos-10-1080x1080.jpg 1080w, https:\/\/www.mecerreyes.com\/mece\/wp-content\/uploads\/2017\/07\/Rotary-Club-de-Burgos-10-440x440.jpg 440w\" sizes=\"(max-width: 1701px) 100vw, 1701px\" \/><\/a><\/p>\n<p style=\"text-align: justify;\">Esta singular forma de dar a la sociedad, le lleva a viajar constantemente dando a conocer los proyectos rotarios y ayudando a recaudar fondos. Ya son\u00a0 10 a\u00f1os congregando a un buen n\u00famero de rotarios en su terreno, en su pueblo guileto.<\/p>\n<p style=\"text-align: justify;\">El pasado 13 de junio tuvieron la Confraternizaci\u00f3n Rotaria 10\u00ba Aniversario en su bodega de Mecerreyes, Jos\u00e9 Manuel tiene fama de hacer unas sopas de ajo estupendas y me consta que su sopa form\u00f3 parte del men\u00fa.<\/p>\n<p><a  href=\"http:\/\/www.mecerreyes.com\/mece\/wp-content\/uploads\/2017\/07\/Rotary-Club-de-Burgos-2.jpg\" class=\"thickbox no_icon\" title=\"\"><img loading=\"lazy\" decoding=\"async\" class=\"aligncenter size-full wp-image-15255\" src=\"http:\/\/www.mecerreyes.com\/mece\/wp-content\/uploads\/2017\/07\/Rotary-Club-de-Burgos-2.jpg\" alt=\"\" width=\"1600\" height=\"1200\" srcset=\"https:\/\/www.mecerreyes.com\/mece\/wp-content\/uploads\/2017\/07\/Rotary-Club-de-Burgos-2.jpg 1600w, https:\/\/www.mecerreyes.com\/mece\/wp-content\/uploads\/2017\/07\/Rotary-Club-de-Burgos-2-300x225.jpg 300w, https:\/\/www.mecerreyes.com\/mece\/wp-content\/uploads\/2017\/07\/Rotary-Club-de-Burgos-2-768x576.jpg 768w, https:\/\/www.mecerreyes.com\/mece\/wp-content\/uploads\/2017\/07\/Rotary-Club-de-Burgos-2-1024x768.jpg 1024w, https:\/\/www.mecerreyes.com\/mece\/wp-content\/uploads\/2017\/07\/Rotary-Club-de-Burgos-2-1080x810.jpg 1080w\" sizes=\"(max-width: 1600px) 100vw, 1600px\" \/><\/a><\/p>\n<p>&nbsp;<\/p>\n<p>&nbsp;<\/p>\n<p>&nbsp;<\/p>\n<p><a  href=\"http:\/\/www.mecerreyes.com\/mece\/wp-content\/uploads\/2017\/07\/Rotary-Club-de-Burgos-9.jpg\" class=\"thickbox no_icon\" title=\"\"><img loading=\"lazy\" decoding=\"async\" class=\"aligncenter size-full wp-image-15262\" src=\"http:\/\/www.mecerreyes.com\/mece\/wp-content\/uploads\/2017\/07\/Rotary-Club-de-Burgos-9.jpg\" alt=\"\" width=\"1280\" height=\"237\" srcset=\"https:\/\/www.mecerreyes.com\/mece\/wp-content\/uploads\/2017\/07\/Rotary-Club-de-Burgos-9.jpg 1280w, https:\/\/www.mecerreyes.com\/mece\/wp-content\/uploads\/2017\/07\/Rotary-Club-de-Burgos-9-300x56.jpg 300w, https:\/\/www.mecerreyes.com\/mece\/wp-content\/uploads\/2017\/07\/Rotary-Club-de-Burgos-9-768x142.jpg 768w, https:\/\/www.mecerreyes.com\/mece\/wp-content\/uploads\/2017\/07\/Rotary-Club-de-Burgos-9-1024x190.jpg 1024w, https:\/\/www.mecerreyes.com\/mece\/wp-content\/uploads\/2017\/07\/Rotary-Club-de-Burgos-9-1080x200.jpg 1080w\" sizes=\"(max-width: 1280px) 100vw, 1280px\" \/><\/a><\/p>\n<h2 style=\"text-align: justify;\"><strong>VERANO CULTURAL<\/strong><\/h2>\n<p style=\"text-align: justify;\"><strong>Mecerreyes<\/strong> ya tiene pensado c\u00f3mo y con qu\u00e9 alegrarnos las vacaciones este verano. Vaya un adelanto.<\/p>\n<h2 style=\"text-align: justify;\"><span style=\"color: #0000ff;\"><strong>Campamento de Ingl\u00e9s:<\/strong><\/span><\/h2>\n<p style=\"text-align: justify;\">(julio y agosto) impartido por The Red Castle.<\/p>\n<p style=\"text-align: justify;\"><a  href=\"http:\/\/www.mecerreyes.com\/mece\/wp-content\/uploads\/2017\/07\/Mecerreyes-Campamentos-de-ingl\u00e9s-2017-1.png\" class=\"thickbox no_icon\" title=\"\"><img loading=\"lazy\" decoding=\"async\" class=\"aligncenter size-full wp-image-15244\" src=\"http:\/\/www.mecerreyes.com\/mece\/wp-content\/uploads\/2017\/07\/Mecerreyes-Campamentos-de-ingl\u00e9s-2017-1.png\" alt=\"\" width=\"720\" height=\"512\" srcset=\"https:\/\/www.mecerreyes.com\/mece\/wp-content\/uploads\/2017\/07\/Mecerreyes-Campamentos-de-ingl\u00e9s-2017-1.png 720w, https:\/\/www.mecerreyes.com\/mece\/wp-content\/uploads\/2017\/07\/Mecerreyes-Campamentos-de-ingl\u00e9s-2017-1-300x213.png 300w, https:\/\/www.mecerreyes.com\/mece\/wp-content\/uploads\/2017\/07\/Mecerreyes-Campamentos-de-ingl\u00e9s-2017-1-400x284.png 400w\" sizes=\"(max-width: 720px) 100vw, 720px\" \/><\/a> <a  href=\"http:\/\/www.mecerreyes.com\/mece\/wp-content\/uploads\/2017\/07\/Mecerreyes-Campamentos-de-ingl\u00e9s-2017-2.png\" class=\"thickbox no_icon\" title=\"\"><img loading=\"lazy\" decoding=\"async\" class=\"aligncenter size-full wp-image-15245\" src=\"http:\/\/www.mecerreyes.com\/mece\/wp-content\/uploads\/2017\/07\/Mecerreyes-Campamentos-de-ingl\u00e9s-2017-2.png\" alt=\"\" width=\"720\" height=\"971\" srcset=\"https:\/\/www.mecerreyes.com\/mece\/wp-content\/uploads\/2017\/07\/Mecerreyes-Campamentos-de-ingl\u00e9s-2017-2.png 720w, https:\/\/www.mecerreyes.com\/mece\/wp-content\/uploads\/2017\/07\/Mecerreyes-Campamentos-de-ingl\u00e9s-2017-2-222x300.png 222w\" sizes=\"(max-width: 720px) 100vw, 720px\" \/><\/a><\/p>\n<h2 style=\"text-align: justify;\"><span style=\"color: #800000;\"><strong>Gimnasia:<\/strong><\/span><\/h2>\n<p style=\"text-align: justify;\">(julio y agosto) todas las tardes en el sal\u00f3n de las escuelas.<\/p>\n<p style=\"text-align: justify;\"><a  href=\"http:\/\/www.mecerreyes.com\/mece\/wp-content\/uploads\/2017\/07\/Gimnasia-Verano-2017.jpg\" class=\"thickbox no_icon\" title=\"\"><img loading=\"lazy\" decoding=\"async\" class=\"aligncenter size-full wp-image-15246\" src=\"http:\/\/www.mecerreyes.com\/mece\/wp-content\/uploads\/2017\/07\/Gimnasia-Verano-2017.jpg\" alt=\"\" width=\"1000\" height=\"1415\" srcset=\"https:\/\/www.mecerreyes.com\/mece\/wp-content\/uploads\/2017\/07\/Gimnasia-Verano-2017.jpg 1000w, https:\/\/www.mecerreyes.com\/mece\/wp-content\/uploads\/2017\/07\/Gimnasia-Verano-2017-212x300.jpg 212w, https:\/\/www.mecerreyes.com\/mece\/wp-content\/uploads\/2017\/07\/Gimnasia-Verano-2017-768x1087.jpg 768w, https:\/\/www.mecerreyes.com\/mece\/wp-content\/uploads\/2017\/07\/Gimnasia-Verano-2017-724x1024.jpg 724w\" sizes=\"(max-width: 1000px) 100vw, 1000px\" \/><\/a><\/p>\n<ul>\n<li style=\"text-align: justify;\">\n<h2><span style=\"color: #0000ff;\"><strong>Muestra de Dulzaina<\/strong> el s\u00e1bado 29 de julio.<\/span><\/h2>\n<\/li>\n<\/ul>\n<p><a  href=\"http:\/\/www.mecerreyes.com\/mece\/wp-content\/uploads\/2017\/07\/Mecerreyes-Cartel-dulzainas-2017.jpg\" class=\"thickbox no_icon\" title=\"\"><img loading=\"lazy\" decoding=\"async\" class=\"aligncenter size-full wp-image-15271\" src=\"http:\/\/www.mecerreyes.com\/mece\/wp-content\/uploads\/2017\/07\/Mecerreyes-Cartel-dulzainas-2017.jpg\" alt=\"\" width=\"1500\" height=\"2121\" srcset=\"https:\/\/www.mecerreyes.com\/mece\/wp-content\/uploads\/2017\/07\/Mecerreyes-Cartel-dulzainas-2017.jpg 1500w, https:\/\/www.mecerreyes.com\/mece\/wp-content\/uploads\/2017\/07\/Mecerreyes-Cartel-dulzainas-2017-212x300.jpg 212w, https:\/\/www.mecerreyes.com\/mece\/wp-content\/uploads\/2017\/07\/Mecerreyes-Cartel-dulzainas-2017-768x1086.jpg 768w, https:\/\/www.mecerreyes.com\/mece\/wp-content\/uploads\/2017\/07\/Mecerreyes-Cartel-dulzainas-2017-724x1024.jpg 724w, https:\/\/www.mecerreyes.com\/mece\/wp-content\/uploads\/2017\/07\/Mecerreyes-Cartel-dulzainas-2017-1080x1527.jpg 1080w\" sizes=\"(max-width: 1500px) 100vw, 1500px\" \/><\/a><\/p>\n<ul>\n<li style=\"text-align: justify;\">\n<h2><span style=\"color: #800000;\"><strong>Nuevos Aires &#8211; Caput Castellae<\/strong> el s\u00e1bado 5 de agosto 19:30 h.<\/span><\/h2>\n<\/li>\n<li style=\"text-align: justify;\">\n<h2><span style=\"color: #008000;\">Taller infantil \u00abTriangulando Mecerreyes\u00bb. Imparte: AJO Taller de Arquitectura &#8211; Para ni\u00f1os a partir de 5 a\u00f1os. Jueves 17 de agosto 18:00 h.<\/span><\/h2>\n<\/li>\n<li style=\"text-align: justify;\">\n<h2><span style=\"color: #0000ff;\"><strong>Vanesa Muela<\/strong>, domingo 20 de agosto 19:30 h.<\/span><\/h2>\n<\/li>\n<li>\n<h2><span style=\"color: #800000;\">Fiestas de Acci\u00f3n de Gracias: del 23 al 27 de Agosto.\u00a0<\/span><\/h2>\n<\/li>\n<\/ul>\n<h2><strong>Aviso:<\/strong><\/h2>\n<p style=\"text-align: justify;\">La Uni\u00f3n de <a  href=\"https:\/\/www.mecerreyes.com\/mece\/?page_id=265\">Asociaciones<\/a> de Personas Mayores \u201cArlanza y Monte\u201d de Lerma y su comarca,\u00a0 nos pasa la lista de los n\u00fameros premiados en la rifa del d\u00eda 17 de junio.<\/p>\n<h2><a  href=\"http:\/\/www.mecerreyes.com\/mece\/wp-content\/uploads\/2017\/07\/N\u00fameros-premiados-en-la-Rifa-Asociaci\u00f3n-de-Personas-Mayores-2017.jpg\" class=\"thickbox no_icon\" title=\"\"><img loading=\"lazy\" decoding=\"async\" class=\"aligncenter size-full wp-image-15252\" src=\"http:\/\/www.mecerreyes.com\/mece\/wp-content\/uploads\/2017\/07\/N\u00fameros-premiados-en-la-Rifa-Asociaci\u00f3n-de-Personas-Mayores-2017.jpg\" alt=\"\" width=\"2145\" height=\"3084\" srcset=\"https:\/\/www.mecerreyes.com\/mece\/wp-content\/uploads\/2017\/07\/N\u00fameros-premiados-en-la-Rifa-Asociaci\u00f3n-de-Personas-Mayores-2017.jpg 2145w, https:\/\/www.mecerreyes.com\/mece\/wp-content\/uploads\/2017\/07\/N\u00fameros-premiados-en-la-Rifa-Asociaci\u00f3n-de-Personas-Mayores-2017-209x300.jpg 209w, https:\/\/www.mecerreyes.com\/mece\/wp-content\/uploads\/2017\/07\/N\u00fameros-premiados-en-la-Rifa-Asociaci\u00f3n-de-Personas-Mayores-2017-768x1104.jpg 768w, https:\/\/www.mecerreyes.com\/mece\/wp-content\/uploads\/2017\/07\/N\u00fameros-premiados-en-la-Rifa-Asociaci\u00f3n-de-Personas-Mayores-2017-712x1024.jpg 712w, https:\/\/www.mecerreyes.com\/mece\/wp-content\/uploads\/2017\/07\/N\u00fameros-premiados-en-la-Rifa-Asociaci\u00f3n-de-Personas-Mayores-2017-1080x1553.jpg 1080w\" sizes=\"(max-width: 2145px) 100vw, 2145px\" \/><\/a><\/h2>\n<h2><strong>REFRANERO.<\/strong><\/h2>\n<ul>\n<li><em>El agua de San Juan (24 de Junio) quita aceite, vino y pan.<\/em><\/li>\n<li><em>San Pedro lluvioso (29 de junio) 30 d\u00edas peligroso.<\/em><\/li>\n<li><em>Ni verano hasta San Juan (24 de junio), ni invierno hasta <a  href=\"https:\/\/www.mecerreyes.com\/mece\/?page_id=62\">Navidad<\/a><\/em><\/li>\n<li><em>Caracoles de abril para m\u00ed, los de mayo para mi hermano y los de junio para ninguno.<\/em><\/li>\n<li><em>Junio soleado y brillante, te pone de buen talante.<\/em><\/li>\n<li><em>Si a tu marido quieres bien, dale coles por San Andr\u00e9s (30 de noviembre) ; y si lo quieres mal, d\u00e1selas por San Juan (24 de junio).<\/em><\/li>\n<\/ul>","protected":false},"excerpt":{"rendered":"<p>JUNIO 2017 Bien venido junio, el mes de los d\u00edas m\u00e1s largos, d\u00edas de \u00a0m\u00e1s horas\u00a0 de luz que bien han aprovechado los peque\u00f1os para jugar en el front\u00f3n, recorrer las calles con las bicicletas, descubrir\u00a0 callejas y rincones donde jugar o hacer un sitio especial de reuni\u00f3n y olvidarse de m\u00f3viles y redes sociales.\u00a0 [&hellip;]<\/p>\n","protected":false},"author":5,"featured_media":15219,"comment_status":"open","ping_status":"closed","sticky":false,"template":"","format":"standard","meta":{"_et_pb_use_builder":"","_et_pb_old_content":"","_et_gb_content_width":"","footnotes":""},"categories":[1],"tags":[40,21],"class_list":["post-15216","post","type-post","status-publish","format-standard","has-post-thumbnail","hentry","category-general","tag-corpus-christi","tag-guiletos","et-has-post-format-content","et_post_format-et-post-format-standard"],"_links":{"self":[{"href":"https:\/\/www.mecerreyes.com\/mece\/index.php?rest_route=\/wp\/v2\/posts\/15216"}],"collection":[{"href":"https:\/\/www.mecerreyes.com\/mece\/index.php?rest_route=\/wp\/v2\/posts"}],"about":[{"href":"https:\/\/www.mecerreyes.com\/mece\/index.php?rest_route=\/wp\/v2\/types\/post"}],"author":[{"embeddable":true,"href":"https:\/\/www.mecerreyes.com\/mece\/index.php?rest_route=\/wp\/v2\/users\/5"}],"replies":[{"embeddable":true,"href":"https:\/\/www.mecerreyes.com\/mece\/index.php?rest_route=%2Fwp%2Fv2%2Fcomments&post=15216"}],"version-history":[{"count":19,"href":"https:\/\/www.mecerreyes.com\/mece\/index.php?rest_route=\/wp\/v2\/posts\/15216\/revisions"}],"predecessor-version":[{"id":15275,"href":"https:\/\/www.mecerreyes.com\/mece\/index.php?rest_route=\/wp\/v2\/posts\/15216\/revisions\/15275"}],"wp:featuredmedia":[{"embeddable":true,"href":"https:\/\/www.mecerreyes.com\/mece\/index.php?rest_route=\/wp\/v2\/media\/15219"}],"wp:attachment":[{"href":"https:\/\/www.mecerreyes.com\/mece\/index.php?rest_route=%2Fwp%2Fv2%2Fmedia&parent=15216"}],"wp:term":[{"taxonomy":"category","embeddable":true,"href":"https:\/\/www.mecerreyes.com\/mece\/index.php?rest_route=%2Fwp%2Fv2%2Fcategories&post=15216"},{"taxonomy":"post_tag","embeddable":true,"href":"https:\/\/www.mecerreyes.com\/mece\/index.php?rest_route=%2Fwp%2Fv2%2Ftags&post=15216"}],"curies":[{"name":"wp","href":"https:\/\/api.w.org\/{rel}","templated":true}]}}