{"id":15396,"date":"2017-09-06T01:28:26","date_gmt":"2017-09-06T00:28:26","guid":{"rendered":"http:\/\/www.mecerreyes.com\/mece\/?p=15396"},"modified":"2017-09-16T17:02:24","modified_gmt":"2017-09-16T16:02:24","slug":"noticias-agosto-2017","status":"publish","type":"post","link":"https:\/\/www.mecerreyes.com\/mece\/?p=15396","title":{"rendered":"Noticias Agosto 2017"},"content":{"rendered":"<h2><strong>AGOSTO 2017<\/strong><\/h2>\n<p style=\"text-align: justify;\">Si hay un mes en el que en Mecerreyes se fusionan los colores, los sentidos, los sentimientos de patria, el orgullo de ser guileto, la hospitalidad, la generosidad, el disfrute de las noches, de los chamizos, del front\u00f3n, del pil\u00f3n\u2026etc., es este, el mes de AGOSTO.<\/p>\n<p style=\"text-align: justify;\">Da igual de qu\u00e9 quinta seas, todas acumulan recuerdos, de lo que fuimos e hicimos hace 40 a\u00f1os, hace 20 o el a\u00f1o pasado en los veranos en el pueblo.<\/p>\n<p style=\"text-align: justify;\">La cantidad de puertas abiertas, de bicicletas por las calles, de ni\u00f1os haciendo turnos en el front\u00f3n, contrastan con la tristeza del duro invierno rural, y hacen a\u00f1orar a nuestros mayores tiempos en los que la demograf\u00eda en Mecerreyes era mayor, repiten apenados, <em>\u201c\u00a1Veras cuando acabe septiembre, no queda ni Rita!\u201d<\/em><\/p>\n<h2><strong>EFEM\u00c9RIDES<\/strong><\/h2>\n<ul>\n<li>El 9, D\u00eda Internacional de los Pueblos Ind\u00edgenas.<\/li>\n<li>El 12, D\u00eda internacional de la Juventud.<\/li>\n<li>El 19, D\u00eda Mundial de la Asistencia Humanitaria.<\/li>\n<li>El 22, D\u00eda Mundial del Folclore.<\/li>\n<li>El 29, d\u00eda Mundial del \u00c1rbol.<\/li>\n<li>El 31, d\u00eda Internacional de la Solidaridad.<\/li>\n<\/ul>\n<p>&nbsp;<\/p>\n<h2 style=\"text-align: justify;\"><strong>QUINTOS 1977<\/strong><\/h2>\n<p style=\"text-align: justify;\">El s\u00e1bado 12 de agosto qu\u00e9 bien se lo pasaron los quintos del 77, no estaban todos los que son, pero los que estaban disfrutaron junto a sus parejas e hijos de una tarde de verano estupenda, fotocol juegos populares, y para celebrar que cumplir 40 es una gran alegr\u00eda los 13 cenaron en el <a  href=\"https:\/\/www.mecerreyes.com\/mece\/?page_id=797\">Mes\u00f3n de Frutos<\/a>.<span style=\"color: #ff0000;\">\u00a0<\/span><\/p>\n\n\t\t<style type=\"text\/css\">\n\t\t\t#gallery-1 {\n\t\t\t\tmargin: auto;\n\t\t\t}\n\t\t\t#gallery-1 .gallery-item {\n\t\t\t\tfloat: left;\n\t\t\t\tmargin-top: 10px;\n\t\t\t\ttext-align: center;\n\t\t\t\twidth: 33%;\n\t\t\t}\n\t\t\t#gallery-1 img {\n\t\t\t\tborder: 2px solid #cfcfcf;\n\t\t\t}\n\t\t\t#gallery-1 .gallery-caption {\n\t\t\t\tmargin-left: 0;\n\t\t\t}\n\t\t\t\/* see gallery_shortcode() in wp-includes\/media.php *\/\n\t\t<\/style>\n\t\t<div id='gallery-1' class='gallery galleryid-15396 gallery-columns-3 gallery-size-thumbnail'><dl class='gallery-item'>\n\t\t\t<dt class='gallery-icon landscape'>\n\t\t\t\t<a  href=\"https:\/\/www.mecerreyes.com\/mece\/wp-content\/uploads\/2017\/09\/Mecerreyes-Quintos-del-77-12-08-2017-3.jpg\" class=\"thickbox no_icon\" title=\"\"><img loading=\"lazy\" decoding=\"async\" width=\"150\" height=\"150\" src=\"https:\/\/www.mecerreyes.com\/mece\/wp-content\/uploads\/2017\/09\/Mecerreyes-Quintos-del-77-12-08-2017-3-150x150.jpg\" class=\"attachment-thumbnail size-thumbnail\" alt=\"\" srcset=\"https:\/\/www.mecerreyes.com\/mece\/wp-content\/uploads\/2017\/09\/Mecerreyes-Quintos-del-77-12-08-2017-3-150x150.jpg 150w, https:\/\/www.mecerreyes.com\/mece\/wp-content\/uploads\/2017\/09\/Mecerreyes-Quintos-del-77-12-08-2017-3-440x440.jpg 440w\" sizes=\"(max-width: 150px) 100vw, 150px\" \/><\/a>\n\t\t\t<\/dt><\/dl><dl class='gallery-item'>\n\t\t\t<dt class='gallery-icon landscape'>\n\t\t\t\t<a  href=\"https:\/\/www.mecerreyes.com\/mece\/wp-content\/uploads\/2017\/09\/Mecerreyes-Quintos-del-77-12-08-2017-1.jpg\" class=\"thickbox no_icon\" title=\"\"><img loading=\"lazy\" decoding=\"async\" width=\"150\" height=\"150\" src=\"https:\/\/www.mecerreyes.com\/mece\/wp-content\/uploads\/2017\/09\/Mecerreyes-Quintos-del-77-12-08-2017-1-150x150.jpg\" class=\"attachment-thumbnail size-thumbnail\" alt=\"\" srcset=\"https:\/\/www.mecerreyes.com\/mece\/wp-content\/uploads\/2017\/09\/Mecerreyes-Quintos-del-77-12-08-2017-1-150x150.jpg 150w, https:\/\/www.mecerreyes.com\/mece\/wp-content\/uploads\/2017\/09\/Mecerreyes-Quintos-del-77-12-08-2017-1-440x440.jpg 440w\" sizes=\"(max-width: 150px) 100vw, 150px\" \/><\/a>\n\t\t\t<\/dt><\/dl><dl class='gallery-item'>\n\t\t\t<dt class='gallery-icon landscape'>\n\t\t\t\t<a  href=\"https:\/\/www.mecerreyes.com\/mece\/wp-content\/uploads\/2017\/09\/Mecerreyes-Quintos-del-77-12-08-2017-2.jpg\" class=\"thickbox no_icon\" title=\"\"><img loading=\"lazy\" decoding=\"async\" width=\"150\" height=\"150\" src=\"https:\/\/www.mecerreyes.com\/mece\/wp-content\/uploads\/2017\/09\/Mecerreyes-Quintos-del-77-12-08-2017-2-150x150.jpg\" class=\"attachment-thumbnail size-thumbnail\" alt=\"\" srcset=\"https:\/\/www.mecerreyes.com\/mece\/wp-content\/uploads\/2017\/09\/Mecerreyes-Quintos-del-77-12-08-2017-2-150x150.jpg 150w, https:\/\/www.mecerreyes.com\/mece\/wp-content\/uploads\/2017\/09\/Mecerreyes-Quintos-del-77-12-08-2017-2-440x440.jpg 440w\" sizes=\"(max-width: 150px) 100vw, 150px\" \/><\/a>\n\t\t\t<\/dt><\/dl><br style=\"clear: both\" \/>\n\t\t<\/div>\n\n<h2 style=\"text-align: justify;\"><strong>QUINTOS DE 1953<\/strong><\/h2>\n<p style=\"text-align: justify;\">Estos quintos y amigos que se unen a su fiesta, llevan 14 a\u00f1os reuni\u00e9ndose la noche del jueves de fiestas, cenando y cantando las canciones de su juventud. Tambi\u00e9n este a\u00f1o eligieron para su celebraci\u00f3n el <a  href=\"https:\/\/www.mecerreyes.com\/mece\/?page_id=797\">Mes\u00f3n de Frutos<\/a> y alrededor de unas exquisitas viandas, se aseguraron una bonita velada.<\/p>\n<p style=\"text-align: justify;\"><a  href=\"http:\/\/www.mecerreyes.com\/mece\/wp-content\/uploads\/2017\/09\/Mecerreyes-Quintos-del-53.jpg\" class=\"thickbox no_icon\" title=\"\"><img loading=\"lazy\" decoding=\"async\" class=\"aligncenter size-full wp-image-15402\" src=\"http:\/\/www.mecerreyes.com\/mece\/wp-content\/uploads\/2017\/09\/Mecerreyes-Quintos-del-53.jpg\" alt=\"\" width=\"2000\" height=\"1344\" srcset=\"https:\/\/www.mecerreyes.com\/mece\/wp-content\/uploads\/2017\/09\/Mecerreyes-Quintos-del-53.jpg 2000w, https:\/\/www.mecerreyes.com\/mece\/wp-content\/uploads\/2017\/09\/Mecerreyes-Quintos-del-53-300x202.jpg 300w, https:\/\/www.mecerreyes.com\/mece\/wp-content\/uploads\/2017\/09\/Mecerreyes-Quintos-del-53-768x516.jpg 768w, https:\/\/www.mecerreyes.com\/mece\/wp-content\/uploads\/2017\/09\/Mecerreyes-Quintos-del-53-1024x688.jpg 1024w, https:\/\/www.mecerreyes.com\/mece\/wp-content\/uploads\/2017\/09\/Mecerreyes-Quintos-del-53-1080x726.jpg 1080w\" sizes=\"(max-width: 2000px) 100vw, 2000px\" \/><\/a><\/p>\n<h2 style=\"text-align: justify;\"><strong>GIMNASIA &#8211; MERIENDA <\/strong><\/h2>\n<p style=\"text-align: justify;\">Despu\u00e9s de la excelente acogida de hacer gimnasia todas las tardes del mes de julio y agosto, de la constancia de estas amigas y ante la llegada de las Fiestas de <a  href=\"https:\/\/www.mecerreyes.com\/mece\/?page_id=60\">Acci\u00f3n de Gracias<\/a>, se propuso hacer una merienda que pusiera broche festivo a este evento veraniego. Dicho y hecho, con estas fotos ver\u00e9is los bien que lo pasaron.<\/p>\n\n\t\t<style type=\"text\/css\">\n\t\t\t#gallery-2 {\n\t\t\t\tmargin: auto;\n\t\t\t}\n\t\t\t#gallery-2 .gallery-item {\n\t\t\t\tfloat: left;\n\t\t\t\tmargin-top: 10px;\n\t\t\t\ttext-align: center;\n\t\t\t\twidth: 33%;\n\t\t\t}\n\t\t\t#gallery-2 img {\n\t\t\t\tborder: 2px solid #cfcfcf;\n\t\t\t}\n\t\t\t#gallery-2 .gallery-caption {\n\t\t\t\tmargin-left: 0;\n\t\t\t}\n\t\t\t\/* see gallery_shortcode() in wp-includes\/media.php *\/\n\t\t<\/style>\n\t\t<div id='gallery-2' class='gallery galleryid-15396 gallery-columns-3 gallery-size-thumbnail'><dl class='gallery-item'>\n\t\t\t<dt class='gallery-icon landscape'>\n\t\t\t\t<a  href=\"https:\/\/www.mecerreyes.com\/mece\/wp-content\/uploads\/2017\/09\/Mecerreyes-clausura-Gimnasia-verano-2017-2.jpg\" class=\"thickbox no_icon\" title=\"\"><img loading=\"lazy\" decoding=\"async\" width=\"150\" height=\"150\" src=\"https:\/\/www.mecerreyes.com\/mece\/wp-content\/uploads\/2017\/09\/Mecerreyes-clausura-Gimnasia-verano-2017-2-150x150.jpg\" class=\"attachment-thumbnail size-thumbnail\" alt=\"\" srcset=\"https:\/\/www.mecerreyes.com\/mece\/wp-content\/uploads\/2017\/09\/Mecerreyes-clausura-Gimnasia-verano-2017-2-150x150.jpg 150w, https:\/\/www.mecerreyes.com\/mece\/wp-content\/uploads\/2017\/09\/Mecerreyes-clausura-Gimnasia-verano-2017-2-440x440.jpg 440w\" sizes=\"(max-width: 150px) 100vw, 150px\" \/><\/a>\n\t\t\t<\/dt><\/dl><dl class='gallery-item'>\n\t\t\t<dt class='gallery-icon landscape'>\n\t\t\t\t<a  href=\"https:\/\/www.mecerreyes.com\/mece\/wp-content\/uploads\/2017\/09\/Mecerreyes-clausura-Gimnasia-verano-2017-1.jpg\" class=\"thickbox no_icon\" title=\"\"><img loading=\"lazy\" decoding=\"async\" width=\"150\" height=\"150\" src=\"https:\/\/www.mecerreyes.com\/mece\/wp-content\/uploads\/2017\/09\/Mecerreyes-clausura-Gimnasia-verano-2017-1-150x150.jpg\" class=\"attachment-thumbnail size-thumbnail\" alt=\"\" srcset=\"https:\/\/www.mecerreyes.com\/mece\/wp-content\/uploads\/2017\/09\/Mecerreyes-clausura-Gimnasia-verano-2017-1-150x150.jpg 150w, https:\/\/www.mecerreyes.com\/mece\/wp-content\/uploads\/2017\/09\/Mecerreyes-clausura-Gimnasia-verano-2017-1-440x440.jpg 440w\" sizes=\"(max-width: 150px) 100vw, 150px\" \/><\/a>\n\t\t\t<\/dt><\/dl><dl class='gallery-item'>\n\t\t\t<dt class='gallery-icon landscape'>\n\t\t\t\t<a  href=\"https:\/\/www.mecerreyes.com\/mece\/wp-content\/uploads\/2017\/09\/Mecerreyes-clausura-Gimnasia-verano-2017-3.jpg\" class=\"thickbox no_icon\" title=\"\"><img loading=\"lazy\" decoding=\"async\" width=\"150\" height=\"150\" src=\"https:\/\/www.mecerreyes.com\/mece\/wp-content\/uploads\/2017\/09\/Mecerreyes-clausura-Gimnasia-verano-2017-3-150x150.jpg\" class=\"attachment-thumbnail size-thumbnail\" alt=\"\" srcset=\"https:\/\/www.mecerreyes.com\/mece\/wp-content\/uploads\/2017\/09\/Mecerreyes-clausura-Gimnasia-verano-2017-3-150x150.jpg 150w, https:\/\/www.mecerreyes.com\/mece\/wp-content\/uploads\/2017\/09\/Mecerreyes-clausura-Gimnasia-verano-2017-3-440x440.jpg 440w\" sizes=\"(max-width: 150px) 100vw, 150px\" \/><\/a>\n\t\t\t<\/dt><\/dl><br style=\"clear: both\" \/>\n\t\t<\/div>\n\n<h2 style=\"text-align: justify;\"><b>F\u00daTBOL<\/b><strong>\u00a0INFANTIL.<\/strong><\/h2>\n<p style=\"text-align: justify;\">Nuestros ni\u00f1os y j\u00f3venes han jugado los torneos de futbito de Covarrubias y Quintanilla del Agua; despu\u00e9s de varios partidos, incluso dos el mismo d\u00eda, su logro ha sido pasar a cuartos de final tras ganar a los muchachos de Lerma 5-3, no pudiendo seguir en el campeonato al perder contra el equipo de Quintanilla del Agua.<\/p>\n<p style=\"text-align: justify;\">Felicidades chicos. Lo importante es participar.<\/p>\n<p style=\"text-align: justify;\"><a  href=\"http:\/\/www.mecerreyes.com\/mece\/wp-content\/uploads\/2017\/09\/Mecerreyes-Futbol-verano-2017.jpg\" class=\"thickbox no_icon\" title=\"\"><img loading=\"lazy\" decoding=\"async\" class=\"aligncenter size-full wp-image-15406\" src=\"http:\/\/www.mecerreyes.com\/mece\/wp-content\/uploads\/2017\/09\/Mecerreyes-Futbol-verano-2017.jpg\" alt=\"\" width=\"1599\" height=\"1066\" srcset=\"https:\/\/www.mecerreyes.com\/mece\/wp-content\/uploads\/2017\/09\/Mecerreyes-Futbol-verano-2017.jpg 1599w, https:\/\/www.mecerreyes.com\/mece\/wp-content\/uploads\/2017\/09\/Mecerreyes-Futbol-verano-2017-300x200.jpg 300w, https:\/\/www.mecerreyes.com\/mece\/wp-content\/uploads\/2017\/09\/Mecerreyes-Futbol-verano-2017-768x512.jpg 768w, https:\/\/www.mecerreyes.com\/mece\/wp-content\/uploads\/2017\/09\/Mecerreyes-Futbol-verano-2017-1024x683.jpg 1024w, https:\/\/www.mecerreyes.com\/mece\/wp-content\/uploads\/2017\/09\/Mecerreyes-Futbol-verano-2017-1080x720.jpg 1080w\" sizes=\"(max-width: 1599px) 100vw, 1599px\" \/><\/a><\/p>\n<h2 style=\"text-align: justify;\"><strong>FUTBOL EN LA PLAZA<\/strong><\/h2>\n<p style=\"text-align: justify;\">Los dos encuentros de futbol que m\u00e1s expectaci\u00f3n suscitan pudieron verse en la Plaza de Mecerreyes, una\u00a0 gran pantalla, un mont\u00f3n de sillas y la buena temperatura, reunieron a los aficionados a este deporte, sufrieron los aficionados del Barcelona al ver c\u00f3mo levantaba la copa su eterno rival, el Real Madrid.<\/p>\n<p style=\"text-align: justify;\">Todos coincidieron en que reunirse a la fresca en la plaza, fue una idea estupenda.<\/p>\n<p style=\"text-align: justify;\"><a  href=\"http:\/\/www.mecerreyes.com\/mece\/wp-content\/uploads\/2017\/09\/Mecerreyes-verano-2017.jpg\" class=\"thickbox no_icon\" title=\"\"><img loading=\"lazy\" decoding=\"async\" class=\"aligncenter size-full wp-image-15411\" src=\"http:\/\/www.mecerreyes.com\/mece\/wp-content\/uploads\/2017\/09\/Mecerreyes-verano-2017.jpg\" alt=\"\" width=\"1600\" height=\"750\" srcset=\"https:\/\/www.mecerreyes.com\/mece\/wp-content\/uploads\/2017\/09\/Mecerreyes-verano-2017.jpg 1600w, https:\/\/www.mecerreyes.com\/mece\/wp-content\/uploads\/2017\/09\/Mecerreyes-verano-2017-300x141.jpg 300w, https:\/\/www.mecerreyes.com\/mece\/wp-content\/uploads\/2017\/09\/Mecerreyes-verano-2017-768x360.jpg 768w, https:\/\/www.mecerreyes.com\/mece\/wp-content\/uploads\/2017\/09\/Mecerreyes-verano-2017-1024x480.jpg 1024w, https:\/\/www.mecerreyes.com\/mece\/wp-content\/uploads\/2017\/09\/Mecerreyes-verano-2017-1080x506.jpg 1080w\" sizes=\"(max-width: 1600px) 100vw, 1600px\" \/><\/a><\/p>\n<h2 style=\"text-align: justify;\"><strong>VERANO CULTURAL 2017<\/strong><\/h2>\n<p style=\"text-align: justify;\">Una vez m\u00e1s la Asociaci\u00f3n Cultural ha puesto el list\u00f3n muy alto, ofertando espect\u00e1culos para todos los p\u00fablicos, <strong>CAPUT CASTELLAE &#8211; Nuevos Aires,<\/strong> con sus voces de trovador amenizaron la tarde del d\u00eda 5 de agosto, el fuerte viento, m\u00e1s bien fresquito, desluci\u00f3 el concierto, ya que el p\u00fablico que m\u00e1s disfrutaba de sus temas desaloj\u00f3 la plaza ante el temor de coger un constipado.<\/p>\n<p style=\"text-align: justify;\"><a  href=\"http:\/\/www.mecerreyes.com\/mece\/wp-content\/uploads\/2017\/09\/CAPUT-CASTELLAE-Nuevos-Aires-Mecerreyes-5-08-2017.jpg\" class=\"thickbox no_icon\" title=\"\"><img loading=\"lazy\" decoding=\"async\" class=\"aligncenter size-full wp-image-15412\" src=\"http:\/\/www.mecerreyes.com\/mece\/wp-content\/uploads\/2017\/09\/CAPUT-CASTELLAE-Nuevos-Aires-Mecerreyes-5-08-2017.jpg\" alt=\"\" width=\"2362\" height=\"1466\" srcset=\"https:\/\/www.mecerreyes.com\/mece\/wp-content\/uploads\/2017\/09\/CAPUT-CASTELLAE-Nuevos-Aires-Mecerreyes-5-08-2017.jpg 2362w, https:\/\/www.mecerreyes.com\/mece\/wp-content\/uploads\/2017\/09\/CAPUT-CASTELLAE-Nuevos-Aires-Mecerreyes-5-08-2017-300x186.jpg 300w, https:\/\/www.mecerreyes.com\/mece\/wp-content\/uploads\/2017\/09\/CAPUT-CASTELLAE-Nuevos-Aires-Mecerreyes-5-08-2017-768x477.jpg 768w, https:\/\/www.mecerreyes.com\/mece\/wp-content\/uploads\/2017\/09\/CAPUT-CASTELLAE-Nuevos-Aires-Mecerreyes-5-08-2017-1024x636.jpg 1024w, https:\/\/www.mecerreyes.com\/mece\/wp-content\/uploads\/2017\/09\/CAPUT-CASTELLAE-Nuevos-Aires-Mecerreyes-5-08-2017-1080x670.jpg 1080w\" sizes=\"(max-width: 2362px) 100vw, 2362px\" \/><\/a><\/p>\n<p style=\"text-align: justify;\">El d\u00eda 17, ten\u00edamos ofertado un <strong>TALLER INFANTIL<\/strong> a cargo de AJO, unos j\u00f3venes arquitectos que emprenden esta aventura de ocio para ni\u00f1os, tantos fueron, que hubo que ofertar dos turnos para satisfacer a todos los que se hab\u00edan apuntado.<\/p>\n\n\t\t<style type=\"text\/css\">\n\t\t\t#gallery-3 {\n\t\t\t\tmargin: auto;\n\t\t\t}\n\t\t\t#gallery-3 .gallery-item {\n\t\t\t\tfloat: left;\n\t\t\t\tmargin-top: 10px;\n\t\t\t\ttext-align: center;\n\t\t\t\twidth: 33%;\n\t\t\t}\n\t\t\t#gallery-3 img {\n\t\t\t\tborder: 2px solid #cfcfcf;\n\t\t\t}\n\t\t\t#gallery-3 .gallery-caption {\n\t\t\t\tmargin-left: 0;\n\t\t\t}\n\t\t\t\/* see gallery_shortcode() in wp-includes\/media.php *\/\n\t\t<\/style>\n\t\t<div id='gallery-3' class='gallery galleryid-15396 gallery-columns-3 gallery-size-thumbnail'><dl class='gallery-item'>\n\t\t\t<dt class='gallery-icon landscape'>\n\t\t\t\t<a  href=\"https:\/\/www.mecerreyes.com\/mece\/wp-content\/uploads\/2017\/09\/Taller-AJOTriangulando-Mecerreyes-17-08-17-1.jpg\" class=\"thickbox no_icon\" title=\"\"><img loading=\"lazy\" decoding=\"async\" width=\"150\" height=\"150\" src=\"https:\/\/www.mecerreyes.com\/mece\/wp-content\/uploads\/2017\/09\/Taller-AJOTriangulando-Mecerreyes-17-08-17-1-150x150.jpg\" class=\"attachment-thumbnail size-thumbnail\" alt=\"\" srcset=\"https:\/\/www.mecerreyes.com\/mece\/wp-content\/uploads\/2017\/09\/Taller-AJOTriangulando-Mecerreyes-17-08-17-1-150x150.jpg 150w, https:\/\/www.mecerreyes.com\/mece\/wp-content\/uploads\/2017\/09\/Taller-AJOTriangulando-Mecerreyes-17-08-17-1-440x440.jpg 440w\" sizes=\"(max-width: 150px) 100vw, 150px\" \/><\/a>\n\t\t\t<\/dt><\/dl><dl class='gallery-item'>\n\t\t\t<dt class='gallery-icon landscape'>\n\t\t\t\t<a  href=\"https:\/\/www.mecerreyes.com\/mece\/wp-content\/uploads\/2017\/09\/Taller-AJOTriangulando-Mecerreyes-17-08-17-2.jpg\" class=\"thickbox no_icon\" title=\"\"><img loading=\"lazy\" decoding=\"async\" width=\"150\" height=\"150\" src=\"https:\/\/www.mecerreyes.com\/mece\/wp-content\/uploads\/2017\/09\/Taller-AJOTriangulando-Mecerreyes-17-08-17-2-150x150.jpg\" class=\"attachment-thumbnail size-thumbnail\" alt=\"\" srcset=\"https:\/\/www.mecerreyes.com\/mece\/wp-content\/uploads\/2017\/09\/Taller-AJOTriangulando-Mecerreyes-17-08-17-2-150x150.jpg 150w, https:\/\/www.mecerreyes.com\/mece\/wp-content\/uploads\/2017\/09\/Taller-AJOTriangulando-Mecerreyes-17-08-17-2-440x440.jpg 440w\" sizes=\"(max-width: 150px) 100vw, 150px\" \/><\/a>\n\t\t\t<\/dt><\/dl><dl class='gallery-item'>\n\t\t\t<dt class='gallery-icon landscape'>\n\t\t\t\t<a  href=\"https:\/\/www.mecerreyes.com\/mece\/wp-content\/uploads\/2017\/09\/Taller-AJOTriangulando-Mecerreyes-17-08-17-3.jpg\" class=\"thickbox no_icon\" title=\"\"><img loading=\"lazy\" decoding=\"async\" width=\"150\" height=\"150\" src=\"https:\/\/www.mecerreyes.com\/mece\/wp-content\/uploads\/2017\/09\/Taller-AJOTriangulando-Mecerreyes-17-08-17-3-150x150.jpg\" class=\"attachment-thumbnail size-thumbnail\" alt=\"\" srcset=\"https:\/\/www.mecerreyes.com\/mece\/wp-content\/uploads\/2017\/09\/Taller-AJOTriangulando-Mecerreyes-17-08-17-3-150x150.jpg 150w, https:\/\/www.mecerreyes.com\/mece\/wp-content\/uploads\/2017\/09\/Taller-AJOTriangulando-Mecerreyes-17-08-17-3-440x440.jpg 440w\" sizes=\"(max-width: 150px) 100vw, 150px\" \/><\/a>\n\t\t\t<\/dt><\/dl><br style=\"clear: both\" \/><dl class='gallery-item'>\n\t\t\t<dt class='gallery-icon landscape'>\n\t\t\t\t<a  href=\"https:\/\/www.mecerreyes.com\/mece\/wp-content\/uploads\/2017\/09\/Taller-AJOTriangulando-Mecerreyes-17-08-17-4.jpg\" class=\"thickbox no_icon\" title=\"\"><img loading=\"lazy\" decoding=\"async\" width=\"150\" height=\"150\" src=\"https:\/\/www.mecerreyes.com\/mece\/wp-content\/uploads\/2017\/09\/Taller-AJOTriangulando-Mecerreyes-17-08-17-4-150x150.jpg\" class=\"attachment-thumbnail size-thumbnail\" alt=\"\" srcset=\"https:\/\/www.mecerreyes.com\/mece\/wp-content\/uploads\/2017\/09\/Taller-AJOTriangulando-Mecerreyes-17-08-17-4-150x150.jpg 150w, https:\/\/www.mecerreyes.com\/mece\/wp-content\/uploads\/2017\/09\/Taller-AJOTriangulando-Mecerreyes-17-08-17-4-440x440.jpg 440w\" sizes=\"(max-width: 150px) 100vw, 150px\" \/><\/a>\n\t\t\t<\/dt><\/dl><dl class='gallery-item'>\n\t\t\t<dt class='gallery-icon landscape'>\n\t\t\t\t<a  href=\"https:\/\/www.mecerreyes.com\/mece\/wp-content\/uploads\/2017\/09\/Taller-AJOTriangulando-Mecerreyes-17-08-17-5.jpg\" class=\"thickbox no_icon\" title=\"\"><img loading=\"lazy\" decoding=\"async\" width=\"150\" height=\"150\" src=\"https:\/\/www.mecerreyes.com\/mece\/wp-content\/uploads\/2017\/09\/Taller-AJOTriangulando-Mecerreyes-17-08-17-5-150x150.jpg\" class=\"attachment-thumbnail size-thumbnail\" alt=\"\" srcset=\"https:\/\/www.mecerreyes.com\/mece\/wp-content\/uploads\/2017\/09\/Taller-AJOTriangulando-Mecerreyes-17-08-17-5-150x150.jpg 150w, https:\/\/www.mecerreyes.com\/mece\/wp-content\/uploads\/2017\/09\/Taller-AJOTriangulando-Mecerreyes-17-08-17-5-440x440.jpg 440w\" sizes=\"(max-width: 150px) 100vw, 150px\" \/><\/a>\n\t\t\t<\/dt><\/dl><dl class='gallery-item'>\n\t\t\t<dt class='gallery-icon landscape'>\n\t\t\t\t<a  href=\"https:\/\/www.mecerreyes.com\/mece\/wp-content\/uploads\/2017\/09\/Taller-AJOTriangulando-Mecerreyes-17-08-17-6.jpg\" class=\"thickbox no_icon\" title=\"\"><img loading=\"lazy\" decoding=\"async\" width=\"150\" height=\"150\" src=\"https:\/\/www.mecerreyes.com\/mece\/wp-content\/uploads\/2017\/09\/Taller-AJOTriangulando-Mecerreyes-17-08-17-6-150x150.jpg\" class=\"attachment-thumbnail size-thumbnail\" alt=\"\" srcset=\"https:\/\/www.mecerreyes.com\/mece\/wp-content\/uploads\/2017\/09\/Taller-AJOTriangulando-Mecerreyes-17-08-17-6-150x150.jpg 150w, https:\/\/www.mecerreyes.com\/mece\/wp-content\/uploads\/2017\/09\/Taller-AJOTriangulando-Mecerreyes-17-08-17-6-440x440.jpg 440w\" sizes=\"(max-width: 150px) 100vw, 150px\" \/><\/a>\n\t\t\t<\/dt><\/dl><br style=\"clear: both\" \/>\n\t\t<\/div>\n\n<h2 style=\"text-align: justify;\"><strong>ACAMPADA DE NI\u00d1OS EN LA ERMITA<\/strong><\/h2>\n<p style=\"text-align: justify;\">Otra iniciativa que encant\u00f3 a los ni\u00f1os entre 6-10 a\u00f1os fue la organizada por los catequistas de Mecerreyes. La noche del s\u00e1bado 19 de agosto acamparon a los pies de la ermita, disfrutaron de juegos, canciones, de las estrellas, y de saberse arropados por la Virgen. Gracias a los pap\u00e1s, a los catequistas y c\u00f3mo no a los atrevidos ni\u00f1os. Seguro repetir\u00e1n la experiencia.<\/p>\n\n\t\t<style type=\"text\/css\">\n\t\t\t#gallery-4 {\n\t\t\t\tmargin: auto;\n\t\t\t}\n\t\t\t#gallery-4 .gallery-item {\n\t\t\t\tfloat: left;\n\t\t\t\tmargin-top: 10px;\n\t\t\t\ttext-align: center;\n\t\t\t\twidth: 33%;\n\t\t\t}\n\t\t\t#gallery-4 img {\n\t\t\t\tborder: 2px solid #cfcfcf;\n\t\t\t}\n\t\t\t#gallery-4 .gallery-caption {\n\t\t\t\tmargin-left: 0;\n\t\t\t}\n\t\t\t\/* see gallery_shortcode() in wp-includes\/media.php *\/\n\t\t<\/style>\n\t\t<div id='gallery-4' class='gallery galleryid-15396 gallery-columns-3 gallery-size-thumbnail'><dl class='gallery-item'>\n\t\t\t<dt class='gallery-icon landscape'>\n\t\t\t\t<a  href=\"https:\/\/www.mecerreyes.com\/mece\/wp-content\/uploads\/2017\/09\/Acampada-ni\u00f1os-catequesis-Mecerreyes-19-08-2017-10.jpg\" class=\"thickbox no_icon\" title=\"\"><img loading=\"lazy\" decoding=\"async\" width=\"150\" height=\"150\" src=\"https:\/\/www.mecerreyes.com\/mece\/wp-content\/uploads\/2017\/09\/Acampada-ni\u00f1os-catequesis-Mecerreyes-19-08-2017-10-150x150.jpg\" class=\"attachment-thumbnail size-thumbnail\" alt=\"\" srcset=\"https:\/\/www.mecerreyes.com\/mece\/wp-content\/uploads\/2017\/09\/Acampada-ni\u00f1os-catequesis-Mecerreyes-19-08-2017-10-150x150.jpg 150w, https:\/\/www.mecerreyes.com\/mece\/wp-content\/uploads\/2017\/09\/Acampada-ni\u00f1os-catequesis-Mecerreyes-19-08-2017-10-440x440.jpg 440w\" sizes=\"(max-width: 150px) 100vw, 150px\" \/><\/a>\n\t\t\t<\/dt><\/dl><dl class='gallery-item'>\n\t\t\t<dt class='gallery-icon landscape'>\n\t\t\t\t<a  href=\"https:\/\/www.mecerreyes.com\/mece\/wp-content\/uploads\/2017\/09\/Acampada-ni\u00f1os-catequesis-Mecerreyes-19-08-2017-9.jpg\" class=\"thickbox no_icon\" title=\"\"><img loading=\"lazy\" decoding=\"async\" width=\"150\" height=\"150\" src=\"https:\/\/www.mecerreyes.com\/mece\/wp-content\/uploads\/2017\/09\/Acampada-ni\u00f1os-catequesis-Mecerreyes-19-08-2017-9-150x150.jpg\" class=\"attachment-thumbnail size-thumbnail\" alt=\"\" srcset=\"https:\/\/www.mecerreyes.com\/mece\/wp-content\/uploads\/2017\/09\/Acampada-ni\u00f1os-catequesis-Mecerreyes-19-08-2017-9-150x150.jpg 150w, https:\/\/www.mecerreyes.com\/mece\/wp-content\/uploads\/2017\/09\/Acampada-ni\u00f1os-catequesis-Mecerreyes-19-08-2017-9-440x440.jpg 440w\" sizes=\"(max-width: 150px) 100vw, 150px\" \/><\/a>\n\t\t\t<\/dt><\/dl><dl class='gallery-item'>\n\t\t\t<dt class='gallery-icon landscape'>\n\t\t\t\t<a  href=\"https:\/\/www.mecerreyes.com\/mece\/wp-content\/uploads\/2017\/09\/Acampada-ni\u00f1os-catequesis-Mecerreyes-19-08-2017-8.jpg\" class=\"thickbox no_icon\" title=\"\"><img loading=\"lazy\" decoding=\"async\" width=\"150\" height=\"150\" src=\"https:\/\/www.mecerreyes.com\/mece\/wp-content\/uploads\/2017\/09\/Acampada-ni\u00f1os-catequesis-Mecerreyes-19-08-2017-8-150x150.jpg\" class=\"attachment-thumbnail size-thumbnail\" alt=\"\" srcset=\"https:\/\/www.mecerreyes.com\/mece\/wp-content\/uploads\/2017\/09\/Acampada-ni\u00f1os-catequesis-Mecerreyes-19-08-2017-8-150x150.jpg 150w, https:\/\/www.mecerreyes.com\/mece\/wp-content\/uploads\/2017\/09\/Acampada-ni\u00f1os-catequesis-Mecerreyes-19-08-2017-8-440x440.jpg 440w\" sizes=\"(max-width: 150px) 100vw, 150px\" \/><\/a>\n\t\t\t<\/dt><\/dl><br style=\"clear: both\" \/><dl class='gallery-item'>\n\t\t\t<dt class='gallery-icon landscape'>\n\t\t\t\t<a  href=\"https:\/\/www.mecerreyes.com\/mece\/wp-content\/uploads\/2017\/09\/Acampada-ni\u00f1os-catequesis-Mecerreyes-19-08-2017-7.jpg\" class=\"thickbox no_icon\" title=\"\"><img loading=\"lazy\" decoding=\"async\" width=\"150\" height=\"150\" src=\"https:\/\/www.mecerreyes.com\/mece\/wp-content\/uploads\/2017\/09\/Acampada-ni\u00f1os-catequesis-Mecerreyes-19-08-2017-7-150x150.jpg\" class=\"attachment-thumbnail size-thumbnail\" alt=\"\" srcset=\"https:\/\/www.mecerreyes.com\/mece\/wp-content\/uploads\/2017\/09\/Acampada-ni\u00f1os-catequesis-Mecerreyes-19-08-2017-7-150x150.jpg 150w, https:\/\/www.mecerreyes.com\/mece\/wp-content\/uploads\/2017\/09\/Acampada-ni\u00f1os-catequesis-Mecerreyes-19-08-2017-7-440x440.jpg 440w\" sizes=\"(max-width: 150px) 100vw, 150px\" \/><\/a>\n\t\t\t<\/dt><\/dl><dl class='gallery-item'>\n\t\t\t<dt class='gallery-icon landscape'>\n\t\t\t\t<a  href=\"https:\/\/www.mecerreyes.com\/mece\/wp-content\/uploads\/2017\/09\/Acampada-ni\u00f1os-catequesis-Mecerreyes-19-08-2017-5.jpg\" class=\"thickbox no_icon\" title=\"\"><img loading=\"lazy\" decoding=\"async\" width=\"150\" height=\"150\" src=\"https:\/\/www.mecerreyes.com\/mece\/wp-content\/uploads\/2017\/09\/Acampada-ni\u00f1os-catequesis-Mecerreyes-19-08-2017-5-150x150.jpg\" class=\"attachment-thumbnail size-thumbnail\" alt=\"\" srcset=\"https:\/\/www.mecerreyes.com\/mece\/wp-content\/uploads\/2017\/09\/Acampada-ni\u00f1os-catequesis-Mecerreyes-19-08-2017-5-150x150.jpg 150w, https:\/\/www.mecerreyes.com\/mece\/wp-content\/uploads\/2017\/09\/Acampada-ni\u00f1os-catequesis-Mecerreyes-19-08-2017-5-440x440.jpg 440w\" sizes=\"(max-width: 150px) 100vw, 150px\" \/><\/a>\n\t\t\t<\/dt><\/dl><dl class='gallery-item'>\n\t\t\t<dt class='gallery-icon landscape'>\n\t\t\t\t<a  href=\"https:\/\/www.mecerreyes.com\/mece\/wp-content\/uploads\/2017\/09\/Acampada-ni\u00f1os-catequesis-Mecerreyes-19-08-2017-4.jpg\" class=\"thickbox no_icon\" title=\"\"><img loading=\"lazy\" decoding=\"async\" width=\"150\" height=\"150\" src=\"https:\/\/www.mecerreyes.com\/mece\/wp-content\/uploads\/2017\/09\/Acampada-ni\u00f1os-catequesis-Mecerreyes-19-08-2017-4-150x150.jpg\" class=\"attachment-thumbnail size-thumbnail\" alt=\"\" srcset=\"https:\/\/www.mecerreyes.com\/mece\/wp-content\/uploads\/2017\/09\/Acampada-ni\u00f1os-catequesis-Mecerreyes-19-08-2017-4-150x150.jpg 150w, https:\/\/www.mecerreyes.com\/mece\/wp-content\/uploads\/2017\/09\/Acampada-ni\u00f1os-catequesis-Mecerreyes-19-08-2017-4-440x440.jpg 440w\" sizes=\"(max-width: 150px) 100vw, 150px\" \/><\/a>\n\t\t\t<\/dt><\/dl><br style=\"clear: both\" \/><dl class='gallery-item'>\n\t\t\t<dt class='gallery-icon landscape'>\n\t\t\t\t<a  href=\"https:\/\/www.mecerreyes.com\/mece\/wp-content\/uploads\/2017\/09\/Acampada-ni\u00f1os-catequesis-Mecerreyes-19-08-2017-3.jpg\" class=\"thickbox no_icon\" title=\"\"><img loading=\"lazy\" decoding=\"async\" width=\"150\" height=\"150\" src=\"https:\/\/www.mecerreyes.com\/mece\/wp-content\/uploads\/2017\/09\/Acampada-ni\u00f1os-catequesis-Mecerreyes-19-08-2017-3-150x150.jpg\" class=\"attachment-thumbnail size-thumbnail\" alt=\"\" srcset=\"https:\/\/www.mecerreyes.com\/mece\/wp-content\/uploads\/2017\/09\/Acampada-ni\u00f1os-catequesis-Mecerreyes-19-08-2017-3-150x150.jpg 150w, https:\/\/www.mecerreyes.com\/mece\/wp-content\/uploads\/2017\/09\/Acampada-ni\u00f1os-catequesis-Mecerreyes-19-08-2017-3-440x440.jpg 440w\" sizes=\"(max-width: 150px) 100vw, 150px\" \/><\/a>\n\t\t\t<\/dt><\/dl><dl class='gallery-item'>\n\t\t\t<dt class='gallery-icon landscape'>\n\t\t\t\t<a  href=\"https:\/\/www.mecerreyes.com\/mece\/wp-content\/uploads\/2017\/09\/Acampada-ni\u00f1os-catequesis-Mecerreyes-19-08-2017-2.jpg\" class=\"thickbox no_icon\" title=\"\"><img loading=\"lazy\" decoding=\"async\" width=\"150\" height=\"150\" src=\"https:\/\/www.mecerreyes.com\/mece\/wp-content\/uploads\/2017\/09\/Acampada-ni\u00f1os-catequesis-Mecerreyes-19-08-2017-2-150x150.jpg\" class=\"attachment-thumbnail size-thumbnail\" alt=\"\" srcset=\"https:\/\/www.mecerreyes.com\/mece\/wp-content\/uploads\/2017\/09\/Acampada-ni\u00f1os-catequesis-Mecerreyes-19-08-2017-2-150x150.jpg 150w, https:\/\/www.mecerreyes.com\/mece\/wp-content\/uploads\/2017\/09\/Acampada-ni\u00f1os-catequesis-Mecerreyes-19-08-2017-2-440x440.jpg 440w\" sizes=\"(max-width: 150px) 100vw, 150px\" \/><\/a>\n\t\t\t<\/dt><\/dl><dl class='gallery-item'>\n\t\t\t<dt class='gallery-icon landscape'>\n\t\t\t\t<a  href=\"https:\/\/www.mecerreyes.com\/mece\/wp-content\/uploads\/2017\/09\/Acampada-ni\u00f1os-catequesis-Mecerreyes-19-08-2017-1.jpg\" class=\"thickbox no_icon\" title=\"\"><img loading=\"lazy\" decoding=\"async\" width=\"150\" height=\"150\" src=\"https:\/\/www.mecerreyes.com\/mece\/wp-content\/uploads\/2017\/09\/Acampada-ni\u00f1os-catequesis-Mecerreyes-19-08-2017-1-150x150.jpg\" class=\"attachment-thumbnail size-thumbnail\" alt=\"\" srcset=\"https:\/\/www.mecerreyes.com\/mece\/wp-content\/uploads\/2017\/09\/Acampada-ni\u00f1os-catequesis-Mecerreyes-19-08-2017-1-150x150.jpg 150w, https:\/\/www.mecerreyes.com\/mece\/wp-content\/uploads\/2017\/09\/Acampada-ni\u00f1os-catequesis-Mecerreyes-19-08-2017-1-440x440.jpg 440w\" sizes=\"(max-width: 150px) 100vw, 150px\" \/><\/a>\n\t\t\t<\/dt><\/dl><br style=\"clear: both\" \/>\n\t\t<\/div>\n\n<h2 style=\"text-align: justify;\"><strong>BAJADA DE LA VIRGEN<\/strong><\/h2>\n<p style=\"text-align: justify;\">El domingo 20 estuvo completito, por la ma\u00f1ana subimos a la ermita, participamos de la eucarist\u00eda un buen n\u00famero de guiletos, estuvimos acompa\u00f1ados por muchos ni\u00f1os, los que hab\u00edan pasado la noche acampados esperando este momento.<\/p>\n<p style=\"text-align: justify;\">Terminada la misa bajamos a la Virgen rezando el Rosario, A la llegada a la iglesia voltearon las campanas alegremente para recibir en la Iglesia a <a  href=\"https:\/\/www.mecerreyes.com\/mece\/?page_id=54\">la Virgen del Camino<\/a>, antes de entrarla en la iglesia cantamos la Salve. La talla estar\u00e1 arropada por los vecinos hasta el \u00faltimo s\u00e1bado de mayo en que volveremos a subirla a la ermita en romer\u00eda.<\/p>\n\n\t\t<style type=\"text\/css\">\n\t\t\t#gallery-5 {\n\t\t\t\tmargin: auto;\n\t\t\t}\n\t\t\t#gallery-5 .gallery-item {\n\t\t\t\tfloat: left;\n\t\t\t\tmargin-top: 10px;\n\t\t\t\ttext-align: center;\n\t\t\t\twidth: 33%;\n\t\t\t}\n\t\t\t#gallery-5 img {\n\t\t\t\tborder: 2px solid #cfcfcf;\n\t\t\t}\n\t\t\t#gallery-5 .gallery-caption {\n\t\t\t\tmargin-left: 0;\n\t\t\t}\n\t\t\t\/* see gallery_shortcode() in wp-includes\/media.php *\/\n\t\t<\/style>\n\t\t<div id='gallery-5' class='gallery galleryid-15396 gallery-columns-3 gallery-size-thumbnail'><dl class='gallery-item'>\n\t\t\t<dt class='gallery-icon landscape'>\n\t\t\t\t<a  href=\"https:\/\/www.mecerreyes.com\/mece\/wp-content\/uploads\/2017\/09\/Bajada-de-la-Virgen-a-la-Iglesia-Mecerreyes-20-08-2017-1.jpg\" class=\"thickbox no_icon\" title=\"\"><img loading=\"lazy\" decoding=\"async\" width=\"150\" height=\"150\" src=\"https:\/\/www.mecerreyes.com\/mece\/wp-content\/uploads\/2017\/09\/Bajada-de-la-Virgen-a-la-Iglesia-Mecerreyes-20-08-2017-1-150x150.jpg\" class=\"attachment-thumbnail size-thumbnail\" alt=\"\" srcset=\"https:\/\/www.mecerreyes.com\/mece\/wp-content\/uploads\/2017\/09\/Bajada-de-la-Virgen-a-la-Iglesia-Mecerreyes-20-08-2017-1-150x150.jpg 150w, https:\/\/www.mecerreyes.com\/mece\/wp-content\/uploads\/2017\/09\/Bajada-de-la-Virgen-a-la-Iglesia-Mecerreyes-20-08-2017-1-440x440.jpg 440w\" sizes=\"(max-width: 150px) 100vw, 150px\" \/><\/a>\n\t\t\t<\/dt><\/dl><dl class='gallery-item'>\n\t\t\t<dt class='gallery-icon landscape'>\n\t\t\t\t<a  href=\"https:\/\/www.mecerreyes.com\/mece\/wp-content\/uploads\/2017\/09\/Bajada-de-la-Virgen-a-la-Iglesia-Mecerreyes-20-08-2017-2.jpg\" class=\"thickbox no_icon\" title=\"\"><img loading=\"lazy\" decoding=\"async\" width=\"150\" height=\"150\" src=\"https:\/\/www.mecerreyes.com\/mece\/wp-content\/uploads\/2017\/09\/Bajada-de-la-Virgen-a-la-Iglesia-Mecerreyes-20-08-2017-2-150x150.jpg\" class=\"attachment-thumbnail size-thumbnail\" alt=\"\" srcset=\"https:\/\/www.mecerreyes.com\/mece\/wp-content\/uploads\/2017\/09\/Bajada-de-la-Virgen-a-la-Iglesia-Mecerreyes-20-08-2017-2-150x150.jpg 150w, https:\/\/www.mecerreyes.com\/mece\/wp-content\/uploads\/2017\/09\/Bajada-de-la-Virgen-a-la-Iglesia-Mecerreyes-20-08-2017-2-440x440.jpg 440w\" sizes=\"(max-width: 150px) 100vw, 150px\" \/><\/a>\n\t\t\t<\/dt><\/dl><dl class='gallery-item'>\n\t\t\t<dt class='gallery-icon landscape'>\n\t\t\t\t<a  href=\"https:\/\/www.mecerreyes.com\/mece\/wp-content\/uploads\/2017\/09\/Bajada-de-la-Virgen-a-la-Iglesia-Mecerreyes-20-08-2017-3.jpg\" class=\"thickbox no_icon\" title=\"\"><img loading=\"lazy\" decoding=\"async\" width=\"150\" height=\"150\" src=\"https:\/\/www.mecerreyes.com\/mece\/wp-content\/uploads\/2017\/09\/Bajada-de-la-Virgen-a-la-Iglesia-Mecerreyes-20-08-2017-3-150x150.jpg\" class=\"attachment-thumbnail size-thumbnail\" alt=\"\" srcset=\"https:\/\/www.mecerreyes.com\/mece\/wp-content\/uploads\/2017\/09\/Bajada-de-la-Virgen-a-la-Iglesia-Mecerreyes-20-08-2017-3-150x150.jpg 150w, https:\/\/www.mecerreyes.com\/mece\/wp-content\/uploads\/2017\/09\/Bajada-de-la-Virgen-a-la-Iglesia-Mecerreyes-20-08-2017-3-440x440.jpg 440w\" sizes=\"(max-width: 150px) 100vw, 150px\" \/><\/a>\n\t\t\t<\/dt><\/dl><br style=\"clear: both\" \/><dl class='gallery-item'>\n\t\t\t<dt class='gallery-icon landscape'>\n\t\t\t\t<a  href=\"https:\/\/www.mecerreyes.com\/mece\/wp-content\/uploads\/2017\/09\/Bajada-de-la-Virgen-a-la-Iglesia-Mecerreyes-20-08-2017-4.jpg\" class=\"thickbox no_icon\" title=\"\"><img loading=\"lazy\" decoding=\"async\" width=\"150\" height=\"150\" src=\"https:\/\/www.mecerreyes.com\/mece\/wp-content\/uploads\/2017\/09\/Bajada-de-la-Virgen-a-la-Iglesia-Mecerreyes-20-08-2017-4-150x150.jpg\" class=\"attachment-thumbnail size-thumbnail\" alt=\"\" srcset=\"https:\/\/www.mecerreyes.com\/mece\/wp-content\/uploads\/2017\/09\/Bajada-de-la-Virgen-a-la-Iglesia-Mecerreyes-20-08-2017-4-150x150.jpg 150w, https:\/\/www.mecerreyes.com\/mece\/wp-content\/uploads\/2017\/09\/Bajada-de-la-Virgen-a-la-Iglesia-Mecerreyes-20-08-2017-4-440x440.jpg 440w\" sizes=\"(max-width: 150px) 100vw, 150px\" \/><\/a>\n\t\t\t<\/dt><\/dl><dl class='gallery-item'>\n\t\t\t<dt class='gallery-icon landscape'>\n\t\t\t\t<a  href=\"https:\/\/www.mecerreyes.com\/mece\/wp-content\/uploads\/2017\/09\/Bajada-de-la-Virgen-a-la-Iglesia-Mecerreyes-20-08-2017-5.jpg\" class=\"thickbox no_icon\" title=\"\"><img loading=\"lazy\" decoding=\"async\" width=\"150\" height=\"150\" src=\"https:\/\/www.mecerreyes.com\/mece\/wp-content\/uploads\/2017\/09\/Bajada-de-la-Virgen-a-la-Iglesia-Mecerreyes-20-08-2017-5-150x150.jpg\" class=\"attachment-thumbnail size-thumbnail\" alt=\"\" srcset=\"https:\/\/www.mecerreyes.com\/mece\/wp-content\/uploads\/2017\/09\/Bajada-de-la-Virgen-a-la-Iglesia-Mecerreyes-20-08-2017-5-150x150.jpg 150w, https:\/\/www.mecerreyes.com\/mece\/wp-content\/uploads\/2017\/09\/Bajada-de-la-Virgen-a-la-Iglesia-Mecerreyes-20-08-2017-5-440x440.jpg 440w\" sizes=\"(max-width: 150px) 100vw, 150px\" \/><\/a>\n\t\t\t<\/dt><\/dl><dl class='gallery-item'>\n\t\t\t<dt class='gallery-icon landscape'>\n\t\t\t\t<a  href=\"https:\/\/www.mecerreyes.com\/mece\/wp-content\/uploads\/2017\/09\/Bajada-de-la-Virgen-a-la-Iglesia-Mecerreyes-20-08-2017-6.jpg\" class=\"thickbox no_icon\" title=\"\"><img loading=\"lazy\" decoding=\"async\" width=\"150\" height=\"150\" src=\"https:\/\/www.mecerreyes.com\/mece\/wp-content\/uploads\/2017\/09\/Bajada-de-la-Virgen-a-la-Iglesia-Mecerreyes-20-08-2017-6-150x150.jpg\" class=\"attachment-thumbnail size-thumbnail\" alt=\"\" srcset=\"https:\/\/www.mecerreyes.com\/mece\/wp-content\/uploads\/2017\/09\/Bajada-de-la-Virgen-a-la-Iglesia-Mecerreyes-20-08-2017-6-150x150.jpg 150w, https:\/\/www.mecerreyes.com\/mece\/wp-content\/uploads\/2017\/09\/Bajada-de-la-Virgen-a-la-Iglesia-Mecerreyes-20-08-2017-6-440x440.jpg 440w\" sizes=\"(max-width: 150px) 100vw, 150px\" \/><\/a>\n\t\t\t<\/dt><\/dl><br style=\"clear: both\" \/><dl class='gallery-item'>\n\t\t\t<dt class='gallery-icon landscape'>\n\t\t\t\t<a  href=\"https:\/\/www.mecerreyes.com\/mece\/wp-content\/uploads\/2017\/09\/Bajada-de-la-Virgen-a-la-Iglesia-Mecerreyes-20-08-2017-8-1.jpg\" class=\"thickbox no_icon\" title=\"\"><img loading=\"lazy\" decoding=\"async\" width=\"150\" height=\"150\" src=\"https:\/\/www.mecerreyes.com\/mece\/wp-content\/uploads\/2017\/09\/Bajada-de-la-Virgen-a-la-Iglesia-Mecerreyes-20-08-2017-8-1-150x150.jpg\" class=\"attachment-thumbnail size-thumbnail\" alt=\"\" srcset=\"https:\/\/www.mecerreyes.com\/mece\/wp-content\/uploads\/2017\/09\/Bajada-de-la-Virgen-a-la-Iglesia-Mecerreyes-20-08-2017-8-1-150x150.jpg 150w, https:\/\/www.mecerreyes.com\/mece\/wp-content\/uploads\/2017\/09\/Bajada-de-la-Virgen-a-la-Iglesia-Mecerreyes-20-08-2017-8-1-440x440.jpg 440w\" sizes=\"(max-width: 150px) 100vw, 150px\" \/><\/a>\n\t\t\t<\/dt><\/dl><dl class='gallery-item'>\n\t\t\t<dt class='gallery-icon landscape'>\n\t\t\t\t<a  href=\"https:\/\/www.mecerreyes.com\/mece\/wp-content\/uploads\/2017\/09\/Bajada-de-la-Virgen-a-la-Iglesia-Mecerreyes-20-08-2017-7-1.jpg\" class=\"thickbox no_icon\" title=\"\"><img loading=\"lazy\" decoding=\"async\" width=\"150\" height=\"150\" src=\"https:\/\/www.mecerreyes.com\/mece\/wp-content\/uploads\/2017\/09\/Bajada-de-la-Virgen-a-la-Iglesia-Mecerreyes-20-08-2017-7-1-150x150.jpg\" class=\"attachment-thumbnail size-thumbnail\" alt=\"\" srcset=\"https:\/\/www.mecerreyes.com\/mece\/wp-content\/uploads\/2017\/09\/Bajada-de-la-Virgen-a-la-Iglesia-Mecerreyes-20-08-2017-7-1-150x150.jpg 150w, https:\/\/www.mecerreyes.com\/mece\/wp-content\/uploads\/2017\/09\/Bajada-de-la-Virgen-a-la-Iglesia-Mecerreyes-20-08-2017-7-1-440x440.jpg 440w\" sizes=\"(max-width: 150px) 100vw, 150px\" \/><\/a>\n\t\t\t<\/dt><\/dl><dl class='gallery-item'>\n\t\t\t<dt class='gallery-icon landscape'>\n\t\t\t\t<a  href=\"https:\/\/www.mecerreyes.com\/mece\/wp-content\/uploads\/2017\/09\/Bajada-de-la-Virgen-a-la-Iglesia-Mecerreyes-20-08-2017-9.jpg\" class=\"thickbox no_icon\" title=\"\"><img loading=\"lazy\" decoding=\"async\" width=\"150\" height=\"150\" src=\"https:\/\/www.mecerreyes.com\/mece\/wp-content\/uploads\/2017\/09\/Bajada-de-la-Virgen-a-la-Iglesia-Mecerreyes-20-08-2017-9-150x150.jpg\" class=\"attachment-thumbnail size-thumbnail\" alt=\"\" srcset=\"https:\/\/www.mecerreyes.com\/mece\/wp-content\/uploads\/2017\/09\/Bajada-de-la-Virgen-a-la-Iglesia-Mecerreyes-20-08-2017-9-150x150.jpg 150w, https:\/\/www.mecerreyes.com\/mece\/wp-content\/uploads\/2017\/09\/Bajada-de-la-Virgen-a-la-Iglesia-Mecerreyes-20-08-2017-9-440x440.jpg 440w\" sizes=\"(max-width: 150px) 100vw, 150px\" \/><\/a>\n\t\t\t<\/dt><\/dl><br style=\"clear: both\" \/>\n\t\t<\/div>\n\n<h2 style=\"text-align: justify;\"><strong>VANESA MUELA<\/strong><\/h2>\n<p style=\"text-align: justify;\">Este mismo d\u00eda 20 por la tarde\u00a0 tuvimos\u00a0 otra cita con la m\u00fasica tradicional, esta vez a cargo de una entregada Vanessa Muela, amiga ya de Mecerreyes, mucho p\u00fablico y buena temperatura permitieron resistir hasta el final, donde despedimos a Vanessa y sus chascarrillos bailando una bonita jota.<\/p>\n\n\t\t<style type=\"text\/css\">\n\t\t\t#gallery-6 {\n\t\t\t\tmargin: auto;\n\t\t\t}\n\t\t\t#gallery-6 .gallery-item {\n\t\t\t\tfloat: left;\n\t\t\t\tmargin-top: 10px;\n\t\t\t\ttext-align: center;\n\t\t\t\twidth: 33%;\n\t\t\t}\n\t\t\t#gallery-6 img {\n\t\t\t\tborder: 2px solid #cfcfcf;\n\t\t\t}\n\t\t\t#gallery-6 .gallery-caption {\n\t\t\t\tmargin-left: 0;\n\t\t\t}\n\t\t\t\/* see gallery_shortcode() in wp-includes\/media.php *\/\n\t\t<\/style>\n\t\t<div id='gallery-6' class='gallery galleryid-15396 gallery-columns-3 gallery-size-thumbnail'><dl class='gallery-item'>\n\t\t\t<dt class='gallery-icon landscape'>\n\t\t\t\t<a  href=\"https:\/\/www.mecerreyes.com\/mece\/wp-content\/uploads\/2017\/09\/Vanesa-Muela-Mecerreyes-20-08-17-9.jpg\" class=\"thickbox no_icon\" title=\"\"><img loading=\"lazy\" decoding=\"async\" width=\"150\" height=\"150\" src=\"https:\/\/www.mecerreyes.com\/mece\/wp-content\/uploads\/2017\/09\/Vanesa-Muela-Mecerreyes-20-08-17-9-150x150.jpg\" class=\"attachment-thumbnail size-thumbnail\" alt=\"\" srcset=\"https:\/\/www.mecerreyes.com\/mece\/wp-content\/uploads\/2017\/09\/Vanesa-Muela-Mecerreyes-20-08-17-9-150x150.jpg 150w, https:\/\/www.mecerreyes.com\/mece\/wp-content\/uploads\/2017\/09\/Vanesa-Muela-Mecerreyes-20-08-17-9-440x440.jpg 440w\" sizes=\"(max-width: 150px) 100vw, 150px\" \/><\/a>\n\t\t\t<\/dt><\/dl><dl class='gallery-item'>\n\t\t\t<dt class='gallery-icon landscape'>\n\t\t\t\t<a  href=\"https:\/\/www.mecerreyes.com\/mece\/wp-content\/uploads\/2017\/09\/Vanesa-Muela-Mecerreyes-20-08-17-8.jpg\" class=\"thickbox no_icon\" title=\"\"><img loading=\"lazy\" decoding=\"async\" width=\"150\" height=\"150\" src=\"https:\/\/www.mecerreyes.com\/mece\/wp-content\/uploads\/2017\/09\/Vanesa-Muela-Mecerreyes-20-08-17-8-150x150.jpg\" class=\"attachment-thumbnail size-thumbnail\" alt=\"\" srcset=\"https:\/\/www.mecerreyes.com\/mece\/wp-content\/uploads\/2017\/09\/Vanesa-Muela-Mecerreyes-20-08-17-8-150x150.jpg 150w, https:\/\/www.mecerreyes.com\/mece\/wp-content\/uploads\/2017\/09\/Vanesa-Muela-Mecerreyes-20-08-17-8-440x440.jpg 440w\" sizes=\"(max-width: 150px) 100vw, 150px\" \/><\/a>\n\t\t\t<\/dt><\/dl><dl class='gallery-item'>\n\t\t\t<dt class='gallery-icon landscape'>\n\t\t\t\t<a  href=\"https:\/\/www.mecerreyes.com\/mece\/wp-content\/uploads\/2017\/09\/Vanesa-Muela-Mecerreyes-20-08-17-7.jpg\" class=\"thickbox no_icon\" title=\"\"><img loading=\"lazy\" decoding=\"async\" width=\"150\" height=\"150\" src=\"https:\/\/www.mecerreyes.com\/mece\/wp-content\/uploads\/2017\/09\/Vanesa-Muela-Mecerreyes-20-08-17-7-150x150.jpg\" class=\"attachment-thumbnail size-thumbnail\" alt=\"\" srcset=\"https:\/\/www.mecerreyes.com\/mece\/wp-content\/uploads\/2017\/09\/Vanesa-Muela-Mecerreyes-20-08-17-7-150x150.jpg 150w, https:\/\/www.mecerreyes.com\/mece\/wp-content\/uploads\/2017\/09\/Vanesa-Muela-Mecerreyes-20-08-17-7-440x440.jpg 440w\" sizes=\"(max-width: 150px) 100vw, 150px\" \/><\/a>\n\t\t\t<\/dt><\/dl><br style=\"clear: both\" \/><dl class='gallery-item'>\n\t\t\t<dt class='gallery-icon portrait'>\n\t\t\t\t<a  href=\"https:\/\/www.mecerreyes.com\/mece\/wp-content\/uploads\/2017\/09\/Vanesa-Muela-Mecerreyes-20-08-17-6.jpg\" class=\"thickbox no_icon\" title=\"\"><img loading=\"lazy\" decoding=\"async\" width=\"150\" height=\"150\" src=\"https:\/\/www.mecerreyes.com\/mece\/wp-content\/uploads\/2017\/09\/Vanesa-Muela-Mecerreyes-20-08-17-6-150x150.jpg\" class=\"attachment-thumbnail size-thumbnail\" alt=\"\" srcset=\"https:\/\/www.mecerreyes.com\/mece\/wp-content\/uploads\/2017\/09\/Vanesa-Muela-Mecerreyes-20-08-17-6-150x150.jpg 150w, https:\/\/www.mecerreyes.com\/mece\/wp-content\/uploads\/2017\/09\/Vanesa-Muela-Mecerreyes-20-08-17-6-440x440.jpg 440w\" sizes=\"(max-width: 150px) 100vw, 150px\" \/><\/a>\n\t\t\t<\/dt><\/dl><dl class='gallery-item'>\n\t\t\t<dt class='gallery-icon landscape'>\n\t\t\t\t<a  href=\"https:\/\/www.mecerreyes.com\/mece\/wp-content\/uploads\/2017\/09\/Vanesa-Muela-Mecerreyes-20-08-17-5.jpg\" class=\"thickbox no_icon\" title=\"\"><img loading=\"lazy\" decoding=\"async\" width=\"150\" height=\"150\" src=\"https:\/\/www.mecerreyes.com\/mece\/wp-content\/uploads\/2017\/09\/Vanesa-Muela-Mecerreyes-20-08-17-5-150x150.jpg\" class=\"attachment-thumbnail size-thumbnail\" alt=\"\" srcset=\"https:\/\/www.mecerreyes.com\/mece\/wp-content\/uploads\/2017\/09\/Vanesa-Muela-Mecerreyes-20-08-17-5-150x150.jpg 150w, https:\/\/www.mecerreyes.com\/mece\/wp-content\/uploads\/2017\/09\/Vanesa-Muela-Mecerreyes-20-08-17-5-440x440.jpg 440w\" sizes=\"(max-width: 150px) 100vw, 150px\" \/><\/a>\n\t\t\t<\/dt><\/dl><dl class='gallery-item'>\n\t\t\t<dt class='gallery-icon landscape'>\n\t\t\t\t<a  href=\"https:\/\/www.mecerreyes.com\/mece\/wp-content\/uploads\/2017\/09\/Vanesa-Muela-Mecerreyes-20-08-17-4.jpg\" class=\"thickbox no_icon\" title=\"\"><img loading=\"lazy\" decoding=\"async\" width=\"150\" height=\"150\" src=\"https:\/\/www.mecerreyes.com\/mece\/wp-content\/uploads\/2017\/09\/Vanesa-Muela-Mecerreyes-20-08-17-4-150x150.jpg\" class=\"attachment-thumbnail size-thumbnail\" alt=\"\" srcset=\"https:\/\/www.mecerreyes.com\/mece\/wp-content\/uploads\/2017\/09\/Vanesa-Muela-Mecerreyes-20-08-17-4-150x150.jpg 150w, https:\/\/www.mecerreyes.com\/mece\/wp-content\/uploads\/2017\/09\/Vanesa-Muela-Mecerreyes-20-08-17-4-440x440.jpg 440w\" sizes=\"(max-width: 150px) 100vw, 150px\" \/><\/a>\n\t\t\t<\/dt><\/dl><br style=\"clear: both\" \/><dl class='gallery-item'>\n\t\t\t<dt class='gallery-icon portrait'>\n\t\t\t\t<a  href=\"https:\/\/www.mecerreyes.com\/mece\/wp-content\/uploads\/2017\/09\/Vanesa-Muela-Mecerreyes-20-08-17-3.jpg\" class=\"thickbox no_icon\" title=\"\"><img loading=\"lazy\" decoding=\"async\" width=\"150\" height=\"150\" src=\"https:\/\/www.mecerreyes.com\/mece\/wp-content\/uploads\/2017\/09\/Vanesa-Muela-Mecerreyes-20-08-17-3-150x150.jpg\" class=\"attachment-thumbnail size-thumbnail\" alt=\"\" srcset=\"https:\/\/www.mecerreyes.com\/mece\/wp-content\/uploads\/2017\/09\/Vanesa-Muela-Mecerreyes-20-08-17-3-150x150.jpg 150w, https:\/\/www.mecerreyes.com\/mece\/wp-content\/uploads\/2017\/09\/Vanesa-Muela-Mecerreyes-20-08-17-3-440x440.jpg 440w\" sizes=\"(max-width: 150px) 100vw, 150px\" \/><\/a>\n\t\t\t<\/dt><\/dl><dl class='gallery-item'>\n\t\t\t<dt class='gallery-icon landscape'>\n\t\t\t\t<a  href=\"https:\/\/www.mecerreyes.com\/mece\/wp-content\/uploads\/2017\/09\/Vanesa-Muela-Mecerreyes-20-08-17-2.jpg\" class=\"thickbox no_icon\" title=\"\"><img loading=\"lazy\" decoding=\"async\" width=\"150\" height=\"150\" src=\"https:\/\/www.mecerreyes.com\/mece\/wp-content\/uploads\/2017\/09\/Vanesa-Muela-Mecerreyes-20-08-17-2-150x150.jpg\" class=\"attachment-thumbnail size-thumbnail\" alt=\"\" srcset=\"https:\/\/www.mecerreyes.com\/mece\/wp-content\/uploads\/2017\/09\/Vanesa-Muela-Mecerreyes-20-08-17-2-150x150.jpg 150w, https:\/\/www.mecerreyes.com\/mece\/wp-content\/uploads\/2017\/09\/Vanesa-Muela-Mecerreyes-20-08-17-2-440x440.jpg 440w\" sizes=\"(max-width: 150px) 100vw, 150px\" \/><\/a>\n\t\t\t<\/dt><\/dl><dl class='gallery-item'>\n\t\t\t<dt class='gallery-icon portrait'>\n\t\t\t\t<a  href=\"https:\/\/www.mecerreyes.com\/mece\/wp-content\/uploads\/2017\/09\/Vanesa-Muela-Mecerreyes-20-08-17-1.jpg\" class=\"thickbox no_icon\" title=\"\"><img loading=\"lazy\" decoding=\"async\" width=\"150\" height=\"150\" src=\"https:\/\/www.mecerreyes.com\/mece\/wp-content\/uploads\/2017\/09\/Vanesa-Muela-Mecerreyes-20-08-17-1-150x150.jpg\" class=\"attachment-thumbnail size-thumbnail\" alt=\"\" srcset=\"https:\/\/www.mecerreyes.com\/mece\/wp-content\/uploads\/2017\/09\/Vanesa-Muela-Mecerreyes-20-08-17-1-150x150.jpg 150w, https:\/\/www.mecerreyes.com\/mece\/wp-content\/uploads\/2017\/09\/Vanesa-Muela-Mecerreyes-20-08-17-1-440x440.jpg 440w\" sizes=\"(max-width: 150px) 100vw, 150px\" \/><\/a>\n\t\t\t<\/dt><\/dl><br style=\"clear: both\" \/>\n\t\t<\/div>\n\n<h2 style=\"text-align: justify;\"><strong>FUNERAL NICOMEDES<\/strong><\/h2>\n<p style=\"text-align: justify;\">Triste noticia saber que <strong>NICOMEDES DIEZ ALONSO<\/strong> hab\u00eda fallecido, apenas unos d\u00edas antes estuvo en Mecerreyes despidi\u00e9ndose de su gente. 71 a\u00f1os tan solo, y los \u00faltimos 14 librando una dura batalla contra la enfermedad.<\/p>\n<p style=\"text-align: justify;\">Sus cenizas fueron despedidas en la Iglesia Parroquial de Mecerreyes el d\u00eda 27 a la 6 de la tarde y depositadas en el cementerio local.<\/p>\n<p style=\"text-align: justify;\">Descanse en Paz.<\/p>\n<p style=\"text-align: justify;\"><a  href=\"http:\/\/www.mecerreyes.com\/mece\/wp-content\/uploads\/2017\/09\/Esquela-Nicomedes-Diez-Alonso-falleci\u00f3-el-25-de-agosto-a-los-71-a\u00f1os.jpg\" class=\"thickbox no_icon\" title=\"\"><img loading=\"lazy\" decoding=\"async\" class=\"aligncenter size-full wp-image-15410\" src=\"http:\/\/www.mecerreyes.com\/mece\/wp-content\/uploads\/2017\/09\/Esquela-Nicomedes-Diez-Alonso-falleci\u00f3-el-25-de-agosto-a-los-71-a\u00f1os.jpg\" alt=\"\" width=\"1073\" height=\"576\" srcset=\"https:\/\/www.mecerreyes.com\/mece\/wp-content\/uploads\/2017\/09\/Esquela-Nicomedes-Diez-Alonso-falleci\u00f3-el-25-de-agosto-a-los-71-a\u00f1os.jpg 1073w, https:\/\/www.mecerreyes.com\/mece\/wp-content\/uploads\/2017\/09\/Esquela-Nicomedes-Diez-Alonso-falleci\u00f3-el-25-de-agosto-a-los-71-a\u00f1os-300x161.jpg 300w, https:\/\/www.mecerreyes.com\/mece\/wp-content\/uploads\/2017\/09\/Esquela-Nicomedes-Diez-Alonso-falleci\u00f3-el-25-de-agosto-a-los-71-a\u00f1os-768x412.jpg 768w, https:\/\/www.mecerreyes.com\/mece\/wp-content\/uploads\/2017\/09\/Esquela-Nicomedes-Diez-Alonso-falleci\u00f3-el-25-de-agosto-a-los-71-a\u00f1os-1024x550.jpg 1024w\" sizes=\"(max-width: 1073px) 100vw, 1073px\" \/><\/a><\/p>\n<h2 style=\"text-align: justify;\"><strong>RECORTES DE PRENSA<\/strong><\/h2>\n<p style=\"text-align: justify;\">Diario de Burgos\u00a0 recoge este mes dos recortes\u00a0 en los que de alguna manera Mecerreyes es protagonista.<\/p>\n<p style=\"text-align: justify;\"><strong>CATA DE VINOS EN EL FOG\u00d3N<\/strong><\/p>\n<p style=\"text-align: justify;\">El pasado 25 de agosto y en un entorno festivo, se celebr\u00f3 una cata de buenos caldos en la sede del <strong>\u201cEl Fog\u00f3n Guileto\u201d<\/strong>. Expertos y aficionados disfrutaron de la\u00a0 degustaci\u00f3n y de la iniciativa de esta pe\u00f1a de amigos.<\/p>\n<p style=\"text-align: justify;\"><strong>INCENDIO EN MECERREYES A\u00d1O 2014<\/strong><\/p>\n<p style=\"text-align: justify;\">Con esta noticia publicada el d\u00eda 30 de agosto, nos vuelve a la memoria los intensos y desafortunados hechos ocurridos hace tres a\u00f1os, el 1 de septiembre de 2014 vimos como quedaban calcinadas 700 hect\u00e1reas, mor\u00edan y\/o hu\u00edan todas las especies que en ellas viv\u00edan y quedaba devastado por las llamas un bonito paraje que afect\u00f3 a Mecerreyes, Puentedura y Quintanilla del Agua.<\/p>\n<p style=\"text-align: justify;\">Los efectivos de los cuerpos de seguridad del estado, no han cesado en el empe\u00f1o de esclarecer qu\u00e9 caus\u00f3 tal desastre. Y tres a\u00f1os m\u00e1s tarde la Guarda Civil ha imputado la autor\u00eda \u00a0del incendio a un vecino de la comarca de 42 a\u00f1os que responde a las iniciales M.D.A.M. , al coincidir su ADN con el de la colilla encontrada en el lugar del <a  href=\"https:\/\/www.mecerreyes.com\/mece\/\">inicio<\/a> del fuego.<\/p>\n<h3><a  href=\"http:\/\/www.diariodeburgos.es\/Noticia\/ZFE930643-D43B-04FE-F66F6F264A75A9CC\/El-ADN-delata-al-autor-del-incendio\" target=\"_blank\" rel=\"noopener noreferrer\">Noticia en Diario de Burgos.es<\/a><\/h3>\n<h3><a  href=\"http:\/\/www.elcorreodeburgos.com\/noticias\/provincia\/identifican-presunto-autor-incendio-mecerreyes-2014_157232.html\" target=\"_blank\" rel=\"noopener noreferrer\">Noticia en El Correo de Burgos.com<\/a><\/h3>\n<p style=\"text-align: justify;\"><strong>\u00a0<\/strong><\/p>\n<h2 style=\"text-align: justify;\"><strong>GUILETOS POR EL MUNDO<\/strong><\/h2>\n<p style=\"text-align: justify;\">\u00a0\u00a0\u00a0\u00a0\u00a0\u00a0\u00a0\u00a0\u00a0\u00a0\u00a0 Nos encanta mostrar\u00a0 en esta secci\u00f3n, los diversos perfiles profesionales, musicales, deportivos, acad\u00e9micos etc., y los\u00a0 logros reconocidos\u00a0 a\u00a0 los\u00a0 guiletos,\u00a0 all\u00e1 por el ancho mundo.<\/p>\n<p style=\"text-align: justify;\"><strong>JUAN CARLOS BENITO (Juanqui)<\/strong><\/p>\n<p style=\"text-align: justify;\">Desde Inglaterra nos llega este v\u00eddeo, en el que podemos reconocer a Juan Carlos Benito (Bisnieto de la Sra. Cisella). Sus manos, su arte con la aguja, su presencia, le han hecho llegar al p\u00f3dium de los sastres en Inglaterra, la firma para la que trabaja como creador y encargado del departamento de sastrer\u00eda desde hace 4 a\u00f1os\u00a0 en la prestigiosa sastrer\u00eda Oliver Brown, le hace codearse con la nobleza inglesa, encantada con su estilo y saber hacer. De casta le viene al galgo, ya que ha heredado el oficio de buen alfayate, de su padre Ram\u00f3n Benito Santamar\u00eda quien regenta la sastrer\u00eda Montelys en Madrid, con \u00e9l empez\u00f3 de muy jovencito, despu\u00e9s, seis a\u00f1os en la sastrer\u00eda de El Corte Ingl\u00e9s, otro periodo como sastre especialista en Tommy Hilfiger le han llevado a ser un profesional deseado por las firmas de m\u00e1s nivel en Inglaterra.<\/p>\n<p style=\"text-align: justify;\">Felicidades Juanqui, a\u00f1oramos tus veranos en Mecerreyes con la Abuela Concha.<\/p>\n\n\t\t<style type=\"text\/css\">\n\t\t\t#gallery-7 {\n\t\t\t\tmargin: auto;\n\t\t\t}\n\t\t\t#gallery-7 .gallery-item {\n\t\t\t\tfloat: left;\n\t\t\t\tmargin-top: 10px;\n\t\t\t\ttext-align: center;\n\t\t\t\twidth: 33%;\n\t\t\t}\n\t\t\t#gallery-7 img {\n\t\t\t\tborder: 2px solid #cfcfcf;\n\t\t\t}\n\t\t\t#gallery-7 .gallery-caption {\n\t\t\t\tmargin-left: 0;\n\t\t\t}\n\t\t\t\/* see gallery_shortcode() in wp-includes\/media.php *\/\n\t\t<\/style>\n\t\t<div id='gallery-7' class='gallery galleryid-15396 gallery-columns-3 gallery-size-thumbnail'><dl class='gallery-item'>\n\t\t\t<dt class='gallery-icon portrait'>\n\t\t\t\t<a  href=\"https:\/\/www.mecerreyes.com\/mece\/wp-content\/uploads\/2017\/09\/Juan-Carlos-Benito-sastre-1.jpg\" class=\"thickbox no_icon\" title=\"\"><img loading=\"lazy\" decoding=\"async\" width=\"150\" height=\"150\" src=\"https:\/\/www.mecerreyes.com\/mece\/wp-content\/uploads\/2017\/09\/Juan-Carlos-Benito-sastre-1-150x150.jpg\" class=\"attachment-thumbnail size-thumbnail\" alt=\"\" srcset=\"https:\/\/www.mecerreyes.com\/mece\/wp-content\/uploads\/2017\/09\/Juan-Carlos-Benito-sastre-1-150x150.jpg 150w, https:\/\/www.mecerreyes.com\/mece\/wp-content\/uploads\/2017\/09\/Juan-Carlos-Benito-sastre-1-640x640.jpg 640w, https:\/\/www.mecerreyes.com\/mece\/wp-content\/uploads\/2017\/09\/Juan-Carlos-Benito-sastre-1-440x440.jpg 440w\" sizes=\"(max-width: 150px) 100vw, 150px\" \/><\/a>\n\t\t\t<\/dt><\/dl><dl class='gallery-item'>\n\t\t\t<dt class='gallery-icon portrait'>\n\t\t\t\t<a  href=\"https:\/\/www.mecerreyes.com\/mece\/wp-content\/uploads\/2017\/09\/Juan-Carlos-Benito-sastre-5.jpg\" class=\"thickbox no_icon\" title=\"\"><img loading=\"lazy\" decoding=\"async\" width=\"150\" height=\"150\" src=\"https:\/\/www.mecerreyes.com\/mece\/wp-content\/uploads\/2017\/09\/Juan-Carlos-Benito-sastre-5-150x150.jpg\" class=\"attachment-thumbnail size-thumbnail\" alt=\"\" srcset=\"https:\/\/www.mecerreyes.com\/mece\/wp-content\/uploads\/2017\/09\/Juan-Carlos-Benito-sastre-5-150x150.jpg 150w, https:\/\/www.mecerreyes.com\/mece\/wp-content\/uploads\/2017\/09\/Juan-Carlos-Benito-sastre-5-440x440.jpg 440w\" sizes=\"(max-width: 150px) 100vw, 150px\" \/><\/a>\n\t\t\t<\/dt><\/dl><dl class='gallery-item'>\n\t\t\t<dt class='gallery-icon portrait'>\n\t\t\t\t<a  href=\"https:\/\/www.mecerreyes.com\/mece\/wp-content\/uploads\/2017\/09\/Juan-Carlos-Benito-sastre-3.jpg\" class=\"thickbox no_icon\" title=\"\"><img loading=\"lazy\" decoding=\"async\" width=\"150\" height=\"150\" src=\"https:\/\/www.mecerreyes.com\/mece\/wp-content\/uploads\/2017\/09\/Juan-Carlos-Benito-sastre-3-150x150.jpg\" class=\"attachment-thumbnail size-thumbnail\" alt=\"\" srcset=\"https:\/\/www.mecerreyes.com\/mece\/wp-content\/uploads\/2017\/09\/Juan-Carlos-Benito-sastre-3-150x150.jpg 150w, https:\/\/www.mecerreyes.com\/mece\/wp-content\/uploads\/2017\/09\/Juan-Carlos-Benito-sastre-3-440x440.jpg 440w\" sizes=\"(max-width: 150px) 100vw, 150px\" \/><\/a>\n\t\t\t<\/dt><\/dl><br style=\"clear: both\" \/><dl class='gallery-item'>\n\t\t\t<dt class='gallery-icon portrait'>\n\t\t\t\t<a  href=\"https:\/\/www.mecerreyes.com\/mece\/wp-content\/uploads\/2017\/09\/Juan-Carlos-Benito-sastre-4.jpg\" class=\"thickbox no_icon\" title=\"\"><img loading=\"lazy\" decoding=\"async\" width=\"150\" height=\"150\" src=\"https:\/\/www.mecerreyes.com\/mece\/wp-content\/uploads\/2017\/09\/Juan-Carlos-Benito-sastre-4-150x150.jpg\" class=\"attachment-thumbnail size-thumbnail\" alt=\"\" srcset=\"https:\/\/www.mecerreyes.com\/mece\/wp-content\/uploads\/2017\/09\/Juan-Carlos-Benito-sastre-4-150x150.jpg 150w, https:\/\/www.mecerreyes.com\/mece\/wp-content\/uploads\/2017\/09\/Juan-Carlos-Benito-sastre-4-440x440.jpg 440w\" sizes=\"(max-width: 150px) 100vw, 150px\" \/><\/a>\n\t\t\t<\/dt><\/dl><dl class='gallery-item'>\n\t\t\t<dt class='gallery-icon landscape'>\n\t\t\t\t<a  href=\"https:\/\/www.mecerreyes.com\/mece\/wp-content\/uploads\/2017\/09\/Juan-Carlos-Benito-sastre-2.jpg\" class=\"thickbox no_icon\" title=\"\"><img loading=\"lazy\" decoding=\"async\" width=\"150\" height=\"150\" src=\"https:\/\/www.mecerreyes.com\/mece\/wp-content\/uploads\/2017\/09\/Juan-Carlos-Benito-sastre-2-150x150.jpg\" class=\"attachment-thumbnail size-thumbnail\" alt=\"\" srcset=\"https:\/\/www.mecerreyes.com\/mece\/wp-content\/uploads\/2017\/09\/Juan-Carlos-Benito-sastre-2-150x150.jpg 150w, https:\/\/www.mecerreyes.com\/mece\/wp-content\/uploads\/2017\/09\/Juan-Carlos-Benito-sastre-2-440x440.jpg 440w\" sizes=\"(max-width: 150px) 100vw, 150px\" \/><\/a>\n\t\t\t<\/dt><\/dl>\n\t\t\t<br style='clear: both' \/>\n\t\t<\/div>\n\n<h3><a  href=\"https:\/\/www.dropbox.com\/s\/y4z3pav45qs11l5\/H0637B_Ascot_Opener_1%20%281%29.mp4?dl=0\" target=\"_blank\" rel=\"noopener noreferrer\">V\u00eddeo Ascot Opener<\/a><\/h3>\n<p style=\"text-align: justify;\"><strong>\u00a0<\/strong><\/p>\n<p style=\"text-align: justify;\"><strong>VUELTA CICLISTA A BURGOS.<\/strong><\/p>\n<p style=\"text-align: justify;\">Una vez m\u00e1s, Jos\u00e9 Manuel Gonz\u00e1lez, es protagonista con el patrocinio de su empresa Florister\u00eda Castilla, en un evento de relevancia en Burgos como es la Vuelta ciclista. Su publicidad, sus flores, su presencia en las etapas, muestran otra faceta m\u00e1s de este singular guileto.<\/p>\n<h3><a  href=\"https:\/\/www.dropbox.com\/s\/ahtw0131idunk5y\/Vuelta%20a%20Burgos%202017-Floristeria%20Castilla.mp4?dl=0\" target=\"_blank\" rel=\"noopener noreferrer\">V\u00eddeo Vuelta Ciclista a Burgos 2017 &#8211; Florister\u00eda Castilla<\/a><\/h3>\n\n\t\t<style type=\"text\/css\">\n\t\t\t#gallery-8 {\n\t\t\t\tmargin: auto;\n\t\t\t}\n\t\t\t#gallery-8 .gallery-item {\n\t\t\t\tfloat: left;\n\t\t\t\tmargin-top: 10px;\n\t\t\t\ttext-align: center;\n\t\t\t\twidth: 33%;\n\t\t\t}\n\t\t\t#gallery-8 img {\n\t\t\t\tborder: 2px solid #cfcfcf;\n\t\t\t}\n\t\t\t#gallery-8 .gallery-caption {\n\t\t\t\tmargin-left: 0;\n\t\t\t}\n\t\t\t\/* see gallery_shortcode() in wp-includes\/media.php *\/\n\t\t<\/style>\n\t\t<div id='gallery-8' class='gallery galleryid-15396 gallery-columns-3 gallery-size-thumbnail'><dl class='gallery-item'>\n\t\t\t<dt class='gallery-icon landscape'>\n\t\t\t\t<a  href=\"https:\/\/www.mecerreyes.com\/mece\/wp-content\/uploads\/2017\/09\/Vuelta-Ciclista-a-Burgos-2017-2.jpg\" class=\"thickbox no_icon\" title=\"\"><img loading=\"lazy\" decoding=\"async\" width=\"150\" height=\"150\" src=\"https:\/\/www.mecerreyes.com\/mece\/wp-content\/uploads\/2017\/09\/Vuelta-Ciclista-a-Burgos-2017-2-150x150.jpg\" class=\"attachment-thumbnail size-thumbnail\" alt=\"\" srcset=\"https:\/\/www.mecerreyes.com\/mece\/wp-content\/uploads\/2017\/09\/Vuelta-Ciclista-a-Burgos-2017-2-150x150.jpg 150w, https:\/\/www.mecerreyes.com\/mece\/wp-content\/uploads\/2017\/09\/Vuelta-Ciclista-a-Burgos-2017-2-440x440.jpg 440w\" sizes=\"(max-width: 150px) 100vw, 150px\" \/><\/a>\n\t\t\t<\/dt><\/dl><dl class='gallery-item'>\n\t\t\t<dt class='gallery-icon portrait'>\n\t\t\t\t<a  href=\"https:\/\/www.mecerreyes.com\/mece\/wp-content\/uploads\/2017\/09\/Vuelta-Ciclista-a-Burgos-2017-3.jpg\" class=\"thickbox no_icon\" title=\"\"><img loading=\"lazy\" decoding=\"async\" width=\"150\" height=\"150\" src=\"https:\/\/www.mecerreyes.com\/mece\/wp-content\/uploads\/2017\/09\/Vuelta-Ciclista-a-Burgos-2017-3-150x150.jpg\" class=\"attachment-thumbnail size-thumbnail\" alt=\"\" srcset=\"https:\/\/www.mecerreyes.com\/mece\/wp-content\/uploads\/2017\/09\/Vuelta-Ciclista-a-Burgos-2017-3-150x150.jpg 150w, https:\/\/www.mecerreyes.com\/mece\/wp-content\/uploads\/2017\/09\/Vuelta-Ciclista-a-Burgos-2017-3-440x440.jpg 440w\" sizes=\"(max-width: 150px) 100vw, 150px\" \/><\/a>\n\t\t\t<\/dt><\/dl><dl class='gallery-item'>\n\t\t\t<dt class='gallery-icon landscape'>\n\t\t\t\t<a  href=\"https:\/\/www.mecerreyes.com\/mece\/wp-content\/uploads\/2017\/09\/Vuelta-Ciclista-a-Burgos-2017-1.jpg\" class=\"thickbox no_icon\" title=\"\"><img loading=\"lazy\" decoding=\"async\" width=\"150\" height=\"150\" src=\"https:\/\/www.mecerreyes.com\/mece\/wp-content\/uploads\/2017\/09\/Vuelta-Ciclista-a-Burgos-2017-1-150x150.jpg\" class=\"attachment-thumbnail size-thumbnail\" alt=\"\" srcset=\"https:\/\/www.mecerreyes.com\/mece\/wp-content\/uploads\/2017\/09\/Vuelta-Ciclista-a-Burgos-2017-1-150x150.jpg 150w, https:\/\/www.mecerreyes.com\/mece\/wp-content\/uploads\/2017\/09\/Vuelta-Ciclista-a-Burgos-2017-1-440x440.jpg 440w\" sizes=\"(max-width: 150px) 100vw, 150px\" \/><\/a>\n\t\t\t<\/dt><\/dl><br style=\"clear: both\" \/>\n\t\t<\/div>\n\n<h2 style=\"text-align: justify;\"><strong>CORTOMETRAJE<\/strong><\/h2>\n<p style=\"text-align: justify;\"><strong><sub>\u00a0<\/sub><\/strong><strong><sub>M\u00e1rtir, un cortometraje con vinculaci\u00f3n guileta\u201d<\/sub><\/strong><\/p>\n<p style=\"text-align: justify;\"><sub>\u00a0<\/sub><\/p>\n<p style=\"text-align: justify;\"><sub>A mediados de noviembre de 2016 un grupo de estudiantes de Comunicaci\u00f3n Audiovisual de la Universidad de Burgos eligieron nuestro pueblo para rodar algunas im\u00e1genes para su proyecto audiovisual. Concretamente dan las gracias a la familia Molinero-Alonso por cederles su morada. En el film ambientado en los a\u00f1os 80 tambi\u00e9n se pueden apreciar algunas calles guiletas.\u00a0<\/sub><\/p>\n<p style=\"text-align: justify;\"><sub>\u00a0<\/sub><\/p>\n<p style=\"text-align: justify;\"><sub>Este cortometraje contaba con la producci\u00f3n de Rodrigo Arn\u00e1iz Alonso, el cual est\u00e1 vinculado con el pueblo ya que es neto de jorocho y gayuba. Nos cuenta que en la pel\u00edcula han participado unos 80 actores\u00a0 y ha sido grabada en localizaciones como Territorio Artlanza de Quitanilla del Agua y los barrios de La Ventilla, Villatoro y Villimar.<\/sub><\/p>\n<p style=\"text-align: justify;\"><sub>\u00a0<\/sub><\/p>\n<p style=\"text-align: justify;\"><sub>\u201cEl M\u00e1rtir\u201d fue estrenado el viernes 3 de febrero de 2017 ante m\u00e1s de 300 personas en el Auditorio del Conservatorio Profesional De M\u00fasica \u00abRafael Fr\u00fchbeck de Burgos\u201d. De este evento se hicieron eco medios de comunicaci\u00f3n burgaleses como el \u201cDiario de Burgos\u201d, \u201cEl Correo de Burgos\u201d, \u201cCastilla y Le\u00f3n Televisi\u00f3n 8\u201d, \u201cRadio Evoluci\u00f3n\u201d y gu\u00edas de ocio de la ciudad.\u00a0<\/sub><\/p>\n<p style=\"text-align: justify;\"><sub>\u00a0<\/sub><\/p>\n<p style=\"text-align: justify;\"><sub>El cortometraje basado en las novela \u201cEl guardi\u00e1n de su hermano\u201d de Dashiell Hammet ha sido presentado a numerosos concursos, siendo invitado de honor en el \u201cV Festival de Cortos N\u00f3veles de O\u00f1a\u00bb y ganando el \u201cXI Festival Creando\u201d.<\/sub><\/p>\n<p><sub>\u00a0<\/sub><\/p>\n<p><sub>CORTOMETRAJE:<\/sub><\/p>\n<p><iframe loading=\"lazy\" width=\"1080\" height=\"608\" src=\"https:\/\/www.youtube.com\/embed\/oA06Ih0yPZ4?feature=oembed\" frameborder=\"0\" allowfullscreen><\/iframe><\/p>\n<p>&nbsp;<\/p>\n<h2><strong>REFRANERO<\/strong><\/h2>\n<ul>\n<li><em>Por la Virgen de las Nieves (<strong>5 de agosto<\/strong>), el sol empieza a ser m\u00e1s leve.<\/em><\/li>\n<li><em>San Lorenzo (<strong>10 de<\/strong> <strong>agosto<\/strong>) calura, San Vicente friura, uno y otro poco dura.<\/em><\/li>\n<li><em>Hasta la Ascensi\u00f3n (<strong>15 de agosto<\/strong>), no te quites el rop\u00f3n, y despu\u00e9s, quita y pon.<\/em><\/li>\n<li><em>Cuando San Roque vuelve la espalda (<strong>16 de agosto<\/strong>), el tiempo cambia.<\/em><\/li>\n<li><em>El buen oto\u00f1o, las primeras aguas por San Bartolo (<strong>24 de agosto<\/strong>).<\/em><\/li>\n<li><em>Si San Gin\u00e9s (<strong>25 de agosto<\/strong>) se pone montera, ha de llover aunque no quiera.<\/em><\/li>\n<li><em>En las madrugadas de agosto, pasan fr\u00edo el viejo y el mozo.<\/em><\/li>\n<\/ul>","protected":false},"excerpt":{"rendered":"<p>AGOSTO 2017 Si hay un mes en el que en Mecerreyes se fusionan los colores, los sentidos, los sentimientos de patria, el orgullo de ser guileto, la hospitalidad, la generosidad, el disfrute de las noches, de los chamizos, del front\u00f3n, del pil\u00f3n\u2026etc., es este, el mes de AGOSTO. Da igual de qu\u00e9 quinta seas, todas [&hellip;]<\/p>\n","protected":false},"author":5,"featured_media":15435,"comment_status":"open","ping_status":"closed","sticky":false,"template":"","format":"standard","meta":{"_et_pb_use_builder":"","_et_pb_old_content":"","_et_gb_content_width":"","footnotes":""},"categories":[1],"tags":[16,21,28],"class_list":["post-15396","post","type-post","status-publish","format-standard","has-post-thumbnail","hentry","category-general","tag-cofradia-virgen-del-camino","tag-guiletos","tag-vanesa-muela","et_post_format-et-post-format-gallery","et-has-post-format-content"],"_links":{"self":[{"href":"https:\/\/www.mecerreyes.com\/mece\/index.php?rest_route=\/wp\/v2\/posts\/15396"}],"collection":[{"href":"https:\/\/www.mecerreyes.com\/mece\/index.php?rest_route=\/wp\/v2\/posts"}],"about":[{"href":"https:\/\/www.mecerreyes.com\/mece\/index.php?rest_route=\/wp\/v2\/types\/post"}],"author":[{"embeddable":true,"href":"https:\/\/www.mecerreyes.com\/mece\/index.php?rest_route=\/wp\/v2\/users\/5"}],"replies":[{"embeddable":true,"href":"https:\/\/www.mecerreyes.com\/mece\/index.php?rest_route=%2Fwp%2Fv2%2Fcomments&post=15396"}],"version-history":[{"count":15,"href":"https:\/\/www.mecerreyes.com\/mece\/index.php?rest_route=\/wp\/v2\/posts\/15396\/revisions"}],"predecessor-version":[{"id":15467,"href":"https:\/\/www.mecerreyes.com\/mece\/index.php?rest_route=\/wp\/v2\/posts\/15396\/revisions\/15467"}],"wp:featuredmedia":[{"embeddable":true,"href":"https:\/\/www.mecerreyes.com\/mece\/index.php?rest_route=\/wp\/v2\/media\/15435"}],"wp:attachment":[{"href":"https:\/\/www.mecerreyes.com\/mece\/index.php?rest_route=%2Fwp%2Fv2%2Fmedia&parent=15396"}],"wp:term":[{"taxonomy":"category","embeddable":true,"href":"https:\/\/www.mecerreyes.com\/mece\/index.php?rest_route=%2Fwp%2Fv2%2Fcategories&post=15396"},{"taxonomy":"post_tag","embeddable":true,"href":"https:\/\/www.mecerreyes.com\/mece\/index.php?rest_route=%2Fwp%2Fv2%2Ftags&post=15396"}],"curies":[{"name":"wp","href":"https:\/\/api.w.org\/{rel}","templated":true}]}}