{"id":16151,"date":"2018-01-10T01:24:10","date_gmt":"2018-01-10T00:24:10","guid":{"rendered":"http:\/\/www.mecerreyes.com\/mece\/?p=16151"},"modified":"2018-01-12T18:10:59","modified_gmt":"2018-01-12T17:10:59","slug":"noticias-diciembre-2017","status":"publish","type":"post","link":"https:\/\/www.mecerreyes.com\/mece\/?p=16151","title":{"rendered":"Noticias Diciembre 2017"},"content":{"rendered":"<h2><strong>DICIEMBRE 2017<\/strong><\/h2>\n<ul>\n<li><strong><em><span style=\"color: #0000ff;\">La cr\u00f3nica y fotos de <a  href=\"https:\/\/www.mecerreyes.com\/mece\/?page_id=62\">Navidad<\/a> se publicar\u00e1 en los pr\u00f3ximos d\u00edas.<\/span><\/em><\/strong><\/li>\n<\/ul>\n<p style=\"text-align: justify;\">Diciembre, mes de balances, de prisas por cuadrar estadillos en empresas, de pensar si los objetivos y sue\u00f1os\u00a0 personales que nos propusimos en enero se han realizado.<\/p>\n<p style=\"text-align: justify;\">Pensar en c\u00f3mo repartirnos con la familia en las fechas navide\u00f1as que est\u00e1n a punto de llegar.<\/p>\n<p style=\"text-align: justify;\">Pensar en la manera de vivir la <a  href=\"https:\/\/www.mecerreyes.com\/mece\/?page_id=62\">Navidad<\/a> con los vecinos de Mecerreyes, de ilusionar a los peque\u00f1os, de disfrutar en familia y hacer que lo hag\u00e1is leyendo nuestras cr\u00f3nicas a los que est\u00e9is lejos.<\/p>\n<p style=\"text-align: justify;\">Sabemos que os gusta la secci\u00f3n de \u00abRecuerdos del ayer\u00bb,\u00a0 adivinar entre sus fotos qui\u00e9n es qui\u00e9n, seguid mandando vuestras fotos a:\u00a0 \u00a0acmecerreyes@gmail.com<\/p>\n<p style=\"text-align: justify;\">Pod\u00e9is acceder ya al enlace de <a  href=\"https:\/\/www.mecerreyes.com\/mece\/?page_id=268\">pe\u00f1as<\/a> de la web (<a  href=\"https:\/\/www.mecerreyes.com\/mece\/?page_id=2\">MUNICIPIO<\/a>&#8211;PE\u00d1AS), y recordar lo bien que lo pasamos todos la tarde del s\u00e1bado de fiestas 2016.<\/p>\n<p style=\"text-align: justify;\">En este mes hemos mostrado fotos de Mecerreyes a la red social Facebook, es un grupo muy numeroso y activo \u00ab<strong>tu no eres de burgos si no<\/strong>&#8230;\u00bb, tambi\u00e9n aqu\u00ed los guiletos nos encontramos, muchos comentarios y <em>me gusta. <\/em>otra forma de poner a Mecerreyes en curso.<\/p>\n\n\t\t<style type=\"text\/css\">\n\t\t\t#gallery-1 {\n\t\t\t\tmargin: auto;\n\t\t\t}\n\t\t\t#gallery-1 .gallery-item {\n\t\t\t\tfloat: left;\n\t\t\t\tmargin-top: 10px;\n\t\t\t\ttext-align: center;\n\t\t\t\twidth: 33%;\n\t\t\t}\n\t\t\t#gallery-1 img {\n\t\t\t\tborder: 2px solid #cfcfcf;\n\t\t\t}\n\t\t\t#gallery-1 .gallery-caption {\n\t\t\t\tmargin-left: 0;\n\t\t\t}\n\t\t\t\/* see gallery_shortcode() in wp-includes\/media.php *\/\n\t\t<\/style>\n\t\t<div id='gallery-1' class='gallery galleryid-16151 gallery-columns-3 gallery-size-thumbnail'><dl class='gallery-item'>\n\t\t\t<dt class='gallery-icon portrait'>\n\t\t\t\t<a  href=\"https:\/\/www.mecerreyes.com\/mece\/wp-content\/uploads\/2018\/01\/Facebook-tu-no-eres-de-Burgos-si-5.jpg\" class=\"thickbox no_icon\" title=\"\"><img loading=\"lazy\" decoding=\"async\" width=\"150\" height=\"150\" src=\"https:\/\/www.mecerreyes.com\/mece\/wp-content\/uploads\/2018\/01\/Facebook-tu-no-eres-de-Burgos-si-5-150x150.jpg\" class=\"attachment-thumbnail size-thumbnail\" alt=\"\" srcset=\"https:\/\/www.mecerreyes.com\/mece\/wp-content\/uploads\/2018\/01\/Facebook-tu-no-eres-de-Burgos-si-5-150x150.jpg 150w, https:\/\/www.mecerreyes.com\/mece\/wp-content\/uploads\/2018\/01\/Facebook-tu-no-eres-de-Burgos-si-5-440x440.jpg 440w\" sizes=\"(max-width: 150px) 100vw, 150px\" \/><\/a>\n\t\t\t<\/dt><\/dl><dl class='gallery-item'>\n\t\t\t<dt class='gallery-icon portrait'>\n\t\t\t\t<a  href=\"https:\/\/www.mecerreyes.com\/mece\/wp-content\/uploads\/2018\/01\/Facebook-tu-no-eres-de-Burgos-si-1.jpg\" class=\"thickbox no_icon\" title=\"\"><img loading=\"lazy\" decoding=\"async\" width=\"150\" height=\"150\" src=\"https:\/\/www.mecerreyes.com\/mece\/wp-content\/uploads\/2018\/01\/Facebook-tu-no-eres-de-Burgos-si-1-150x150.jpg\" class=\"attachment-thumbnail size-thumbnail\" alt=\"\" srcset=\"https:\/\/www.mecerreyes.com\/mece\/wp-content\/uploads\/2018\/01\/Facebook-tu-no-eres-de-Burgos-si-1-150x150.jpg 150w, https:\/\/www.mecerreyes.com\/mece\/wp-content\/uploads\/2018\/01\/Facebook-tu-no-eres-de-Burgos-si-1-440x440.jpg 440w\" sizes=\"(max-width: 150px) 100vw, 150px\" \/><\/a>\n\t\t\t<\/dt><\/dl><dl class='gallery-item'>\n\t\t\t<dt class='gallery-icon portrait'>\n\t\t\t\t<a  href=\"https:\/\/www.mecerreyes.com\/mece\/wp-content\/uploads\/2018\/01\/Facebook-tu-no-eres-de-Burgos-si-2.jpg\" class=\"thickbox no_icon\" title=\"\"><img loading=\"lazy\" decoding=\"async\" width=\"150\" height=\"150\" src=\"https:\/\/www.mecerreyes.com\/mece\/wp-content\/uploads\/2018\/01\/Facebook-tu-no-eres-de-Burgos-si-2-150x150.jpg\" class=\"attachment-thumbnail size-thumbnail\" alt=\"\" srcset=\"https:\/\/www.mecerreyes.com\/mece\/wp-content\/uploads\/2018\/01\/Facebook-tu-no-eres-de-Burgos-si-2-150x150.jpg 150w, https:\/\/www.mecerreyes.com\/mece\/wp-content\/uploads\/2018\/01\/Facebook-tu-no-eres-de-Burgos-si-2-298x300.jpg 298w, https:\/\/www.mecerreyes.com\/mece\/wp-content\/uploads\/2018\/01\/Facebook-tu-no-eres-de-Burgos-si-2-768x774.jpg 768w, https:\/\/www.mecerreyes.com\/mece\/wp-content\/uploads\/2018\/01\/Facebook-tu-no-eres-de-Burgos-si-2-1016x1024.jpg 1016w, https:\/\/www.mecerreyes.com\/mece\/wp-content\/uploads\/2018\/01\/Facebook-tu-no-eres-de-Burgos-si-2-1080x1088.jpg 1080w, https:\/\/www.mecerreyes.com\/mece\/wp-content\/uploads\/2018\/01\/Facebook-tu-no-eres-de-Burgos-si-2-440x440.jpg 440w, https:\/\/www.mecerreyes.com\/mece\/wp-content\/uploads\/2018\/01\/Facebook-tu-no-eres-de-Burgos-si-2.jpg 1588w\" sizes=\"(max-width: 150px) 100vw, 150px\" \/><\/a>\n\t\t\t<\/dt><\/dl><br style=\"clear: both\" \/><dl class='gallery-item'>\n\t\t\t<dt class='gallery-icon portrait'>\n\t\t\t\t<a  href=\"https:\/\/www.mecerreyes.com\/mece\/wp-content\/uploads\/2018\/01\/Facebook-tu-no-eres-de-Burgos-si-3.jpg\" class=\"thickbox no_icon\" title=\"\"><img loading=\"lazy\" decoding=\"async\" width=\"150\" height=\"150\" src=\"https:\/\/www.mecerreyes.com\/mece\/wp-content\/uploads\/2018\/01\/Facebook-tu-no-eres-de-Burgos-si-3-150x150.jpg\" class=\"attachment-thumbnail size-thumbnail\" alt=\"\" srcset=\"https:\/\/www.mecerreyes.com\/mece\/wp-content\/uploads\/2018\/01\/Facebook-tu-no-eres-de-Burgos-si-3-150x150.jpg 150w, https:\/\/www.mecerreyes.com\/mece\/wp-content\/uploads\/2018\/01\/Facebook-tu-no-eres-de-Burgos-si-3-440x440.jpg 440w\" sizes=\"(max-width: 150px) 100vw, 150px\" \/><\/a>\n\t\t\t<\/dt><\/dl><dl class='gallery-item'>\n\t\t\t<dt class='gallery-icon portrait'>\n\t\t\t\t<a  href=\"https:\/\/www.mecerreyes.com\/mece\/wp-content\/uploads\/2018\/01\/Facebook-tu-no-eres-de-Burgos-si-4.jpg\" class=\"thickbox no_icon\" title=\"\"><img loading=\"lazy\" decoding=\"async\" width=\"150\" height=\"150\" src=\"https:\/\/www.mecerreyes.com\/mece\/wp-content\/uploads\/2018\/01\/Facebook-tu-no-eres-de-Burgos-si-4-150x150.jpg\" class=\"attachment-thumbnail size-thumbnail\" alt=\"\" srcset=\"https:\/\/www.mecerreyes.com\/mece\/wp-content\/uploads\/2018\/01\/Facebook-tu-no-eres-de-Burgos-si-4-150x150.jpg 150w, https:\/\/www.mecerreyes.com\/mece\/wp-content\/uploads\/2018\/01\/Facebook-tu-no-eres-de-Burgos-si-4-440x440.jpg 440w\" sizes=\"(max-width: 150px) 100vw, 150px\" \/><\/a>\n\t\t\t<\/dt><\/dl>\n\t\t\t<br style='clear: both' \/>\n\t\t<\/div>\n\n<p style=\"text-align: justify;\"><strong>En fin, estudiando el balance del a\u00f1o que finaliza, creemos haber cumplido con los objetivos que la web de Mecerreyes tiene marcados. UNIR A LOS GUILETOS, ACERCAR EL PUEBLO A LOS QUE EST\u00c1N EN LA DISTANCIA, INFORMAR, PRESUMIR E ILUSIONAR.<\/strong><\/p>\n<p style=\"text-align: justify;\"><strong>\u00a0<\/strong><\/p>\n<h2 style=\"text-align: justify;\"><strong>EFEM\u00c9RIDES<\/strong><\/h2>\n<p style=\"text-align: justify;\"><em>\u00a0<\/em><\/p>\n<ul>\n<li style=\"text-align: justify;\"><em>El 1 de diciembre es el D\u00eda Mundial de la Lucha contra el Sida<\/em><\/li>\n<li style=\"text-align: justify;\"><em>El 2 de diciembre es el D\u00eda Internacional para la Abolici\u00f3n de la Esclavitud.<\/em><\/li>\n<li style=\"text-align: justify;\"><em>El 3 de diciembre se celebra el D\u00eda Internacional del M\u00e9dico y D\u00eda mundial de las personas con discapacidad.<\/em><\/li>\n<li style=\"text-align: justify;\"><em>El 8 de diciembre los cat\u00f3licos del mundo celebran la fiesta de la Inmaculada Concepci\u00f3n de la Virgen Mar\u00eda.<\/em><\/li>\n<li style=\"text-align: justify;\"><em>El 18 de diciembre es el D\u00eda Internacional del Migrante.<\/em><\/li>\n<li style=\"text-align: justify;\"><strong><em>El 23 de diciembre se pregona la <a  href=\"https:\/\/www.mecerreyes.com\/mece\/?page_id=62\">Navidad<\/a> e inaugura el Bel\u00e9n en Mecerreyes<\/em><\/strong><\/li>\n<li style=\"text-align: justify;\"><strong><em>El 24 de diciembre Nochebuena Encendido del \u00c1rbol en la Plaza de Mecerreyes. <a  href=\"https:\/\/www.mecerreyes.com\/mece\/\">Inicio<\/a> operaci\u00f3n Kilo. Misa del Gallo.<\/em><\/strong><\/li>\n<li style=\"text-align: justify;\"><em>El 25 de diciembre los cristianos celebran la Natividad del Se\u00f1or.<\/em><\/li>\n<\/ul>\n<p style=\"text-align: justify;\"><strong>\u00a0<\/strong><\/p>\n<p style=\"text-align: justify;\"><strong>\u00a0<\/strong><\/p>\n<h2 style=\"text-align: justify;\"><strong>DEFUNCIONES<\/strong><\/h2>\n<p style=\"text-align: justify;\">Finaliza el a\u00f1o y tambi\u00e9n la vida de dos de los nuestros cumplida su misi\u00f3n aqu\u00ed en la tierra, dejando dolor en hijos y familiares, y un gran legado de experiencias vividas.<\/p>\n<p style=\"text-align: justify;\">Do\u00f1a <strong>Est\u00e9fana Marijuan Gonz\u00e1lez<\/strong> falleci\u00f3 a los 89 a\u00f1os, sus restos fueron despedidos la ma\u00f1ana del domingo 10 de diciembre por sus familiares, amigos y vecinos en Mecerreyes donde descansa en paz.<\/p>\n<p style=\"text-align: justify;\"><a  href=\"http:\/\/www.mecerreyes.com\/mece\/wp-content\/uploads\/2018\/01\/Esquela-Est\u00e9fana-Marijuan-Gonz\u00e1lez-falleci\u00f3-el-9-de-diciembre-a-los-89-a\u00f1os.jpg\" class=\"thickbox no_icon\" title=\"\"><img loading=\"lazy\" decoding=\"async\" class=\"aligncenter size-full wp-image-16159\" src=\"http:\/\/www.mecerreyes.com\/mece\/wp-content\/uploads\/2018\/01\/Esquela-Est\u00e9fana-Marijuan-Gonz\u00e1lez-falleci\u00f3-el-9-de-diciembre-a-los-89-a\u00f1os.jpg\" alt=\"\" width=\"3969\" height=\"2464\" srcset=\"https:\/\/www.mecerreyes.com\/mece\/wp-content\/uploads\/2018\/01\/Esquela-Est\u00e9fana-Marijuan-Gonz\u00e1lez-falleci\u00f3-el-9-de-diciembre-a-los-89-a\u00f1os.jpg 3969w, https:\/\/www.mecerreyes.com\/mece\/wp-content\/uploads\/2018\/01\/Esquela-Est\u00e9fana-Marijuan-Gonz\u00e1lez-falleci\u00f3-el-9-de-diciembre-a-los-89-a\u00f1os-300x186.jpg 300w, https:\/\/www.mecerreyes.com\/mece\/wp-content\/uploads\/2018\/01\/Esquela-Est\u00e9fana-Marijuan-Gonz\u00e1lez-falleci\u00f3-el-9-de-diciembre-a-los-89-a\u00f1os-768x477.jpg 768w, https:\/\/www.mecerreyes.com\/mece\/wp-content\/uploads\/2018\/01\/Esquela-Est\u00e9fana-Marijuan-Gonz\u00e1lez-falleci\u00f3-el-9-de-diciembre-a-los-89-a\u00f1os-1024x636.jpg 1024w, https:\/\/www.mecerreyes.com\/mece\/wp-content\/uploads\/2018\/01\/Esquela-Est\u00e9fana-Marijuan-Gonz\u00e1lez-falleci\u00f3-el-9-de-diciembre-a-los-89-a\u00f1os-1080x670.jpg 1080w\" sizes=\"(max-width: 3969px) 100vw, 3969px\" \/><\/a><\/p>\n<p style=\"text-align: justify;\">La tarde del domingo 10 de diciembre de nuevo nos reunimos en la iglesia para celebrar una misa funeral y celebrar la vida que <strong>Cl\u00e9men Santamar\u00eda<\/strong> disfrut\u00f3 junto a su familia, se depositaron sus cenizas en el cementerio local, (muri\u00f3 en Madrid el 12 de noviembre a los 87 a\u00f1os de edad).<\/p>\n<p style=\"text-align: justify;\">El 20 de diciembre despedimos en la <a  href=\"https:\/\/www.mecerreyes.com\/mece\/?page_id=35\">parroquia<\/a> de la Anunciaci\u00f3n de\u00a0 Burgos a un hijo de la Sra. Cisella.\u00a0<strong>Alejandro Santamar\u00eda Ib\u00e1\u00f1ez<\/strong>, familiares y amigos arroparon a sus hijos y nietos en esos duros momentos.<\/p>\n<p style=\"text-align: justify;\"><a  href=\"http:\/\/www.mecerreyes.com\/mece\/wp-content\/uploads\/2018\/01\/Esquela-de-Alejandro-Santamar\u00eda-Iba\u00f1ez-falleci\u00f3-en-Burgos-el-19-de-diciembre-de-2017-a-los-92-a\u00f1os.jpg\" class=\"thickbox no_icon\" title=\"\"><img loading=\"lazy\" decoding=\"async\" class=\"aligncenter size-full wp-image-16160\" src=\"http:\/\/www.mecerreyes.com\/mece\/wp-content\/uploads\/2018\/01\/Esquela-de-Alejandro-Santamar\u00eda-Iba\u00f1ez-falleci\u00f3-en-Burgos-el-19-de-diciembre-de-2017-a-los-92-a\u00f1os.jpg\" alt=\"\" width=\"2835\" height=\"1560\" srcset=\"https:\/\/www.mecerreyes.com\/mece\/wp-content\/uploads\/2018\/01\/Esquela-de-Alejandro-Santamar\u00eda-Iba\u00f1ez-falleci\u00f3-en-Burgos-el-19-de-diciembre-de-2017-a-los-92-a\u00f1os.jpg 2835w, https:\/\/www.mecerreyes.com\/mece\/wp-content\/uploads\/2018\/01\/Esquela-de-Alejandro-Santamar\u00eda-Iba\u00f1ez-falleci\u00f3-en-Burgos-el-19-de-diciembre-de-2017-a-los-92-a\u00f1os-300x165.jpg 300w, https:\/\/www.mecerreyes.com\/mece\/wp-content\/uploads\/2018\/01\/Esquela-de-Alejandro-Santamar\u00eda-Iba\u00f1ez-falleci\u00f3-en-Burgos-el-19-de-diciembre-de-2017-a-los-92-a\u00f1os-768x423.jpg 768w, https:\/\/www.mecerreyes.com\/mece\/wp-content\/uploads\/2018\/01\/Esquela-de-Alejandro-Santamar\u00eda-Iba\u00f1ez-falleci\u00f3-en-Burgos-el-19-de-diciembre-de-2017-a-los-92-a\u00f1os-1024x563.jpg 1024w, https:\/\/www.mecerreyes.com\/mece\/wp-content\/uploads\/2018\/01\/Esquela-de-Alejandro-Santamar\u00eda-Iba\u00f1ez-falleci\u00f3-en-Burgos-el-19-de-diciembre-de-2017-a-los-92-a\u00f1os-1080x594.jpg 1080w\" sizes=\"(max-width: 2835px) 100vw, 2835px\" \/><\/a><\/p>\n<p style=\"text-align: justify;\">DESCANSEN EN PAZ.<\/p>\n<h2 style=\"text-align: justify;\"><strong>BODAS DE ORO<\/strong><\/h2>\n<p style=\"text-align: justify;\">El pasado 23 de diciembre, renovaron sus votos matrimoniales F\u00e9lix y Tere en el altar mayor de de la iglesia de Mecerreyes, acompa\u00f1ados por sus hijos y nietos y por la m\u00fasica que estos interpretaron para ellos, celebraron los 50 a\u00f1os que llevan juntos.<\/p>\n<p style=\"text-align: justify;\">Muy guapos y emocionados los novios, compartieron su alegr\u00eda con los vecinos y amigos que les dieron la enhorabuena. Salud para seguir juntos muchos a\u00f1os m\u00e1s. MUCHAS FELICIDADES<\/p>\n\n\t\t<style type=\"text\/css\">\n\t\t\t#gallery-2 {\n\t\t\t\tmargin: auto;\n\t\t\t}\n\t\t\t#gallery-2 .gallery-item {\n\t\t\t\tfloat: left;\n\t\t\t\tmargin-top: 10px;\n\t\t\t\ttext-align: center;\n\t\t\t\twidth: 33%;\n\t\t\t}\n\t\t\t#gallery-2 img {\n\t\t\t\tborder: 2px solid #cfcfcf;\n\t\t\t}\n\t\t\t#gallery-2 .gallery-caption {\n\t\t\t\tmargin-left: 0;\n\t\t\t}\n\t\t\t\/* see gallery_shortcode() in wp-includes\/media.php *\/\n\t\t<\/style>\n\t\t<div id='gallery-2' class='gallery galleryid-16151 gallery-columns-3 gallery-size-thumbnail'><dl class='gallery-item'>\n\t\t\t<dt class='gallery-icon landscape'>\n\t\t\t\t<a  href=\"https:\/\/www.mecerreyes.com\/mece\/wp-content\/uploads\/2018\/01\/Bodas-de-Oro-Felix-y-Tere-23-12-2017-1.jpg\" class=\"thickbox no_icon\" title=\"\"><img loading=\"lazy\" decoding=\"async\" width=\"150\" height=\"150\" src=\"https:\/\/www.mecerreyes.com\/mece\/wp-content\/uploads\/2018\/01\/Bodas-de-Oro-Felix-y-Tere-23-12-2017-1-150x150.jpg\" class=\"attachment-thumbnail size-thumbnail\" alt=\"\" srcset=\"https:\/\/www.mecerreyes.com\/mece\/wp-content\/uploads\/2018\/01\/Bodas-de-Oro-Felix-y-Tere-23-12-2017-1-150x150.jpg 150w, https:\/\/www.mecerreyes.com\/mece\/wp-content\/uploads\/2018\/01\/Bodas-de-Oro-Felix-y-Tere-23-12-2017-1-440x440.jpg 440w\" sizes=\"(max-width: 150px) 100vw, 150px\" \/><\/a>\n\t\t\t<\/dt><\/dl><dl class='gallery-item'>\n\t\t\t<dt class='gallery-icon landscape'>\n\t\t\t\t<a  href=\"https:\/\/www.mecerreyes.com\/mece\/wp-content\/uploads\/2018\/01\/Bodas-de-Oro-Felix-y-Tere-23-12-2017-2.jpg\" class=\"thickbox no_icon\" title=\"\"><img loading=\"lazy\" decoding=\"async\" width=\"150\" height=\"150\" src=\"https:\/\/www.mecerreyes.com\/mece\/wp-content\/uploads\/2018\/01\/Bodas-de-Oro-Felix-y-Tere-23-12-2017-2-150x150.jpg\" class=\"attachment-thumbnail size-thumbnail\" alt=\"\" srcset=\"https:\/\/www.mecerreyes.com\/mece\/wp-content\/uploads\/2018\/01\/Bodas-de-Oro-Felix-y-Tere-23-12-2017-2-150x150.jpg 150w, https:\/\/www.mecerreyes.com\/mece\/wp-content\/uploads\/2018\/01\/Bodas-de-Oro-Felix-y-Tere-23-12-2017-2-440x440.jpg 440w\" sizes=\"(max-width: 150px) 100vw, 150px\" \/><\/a>\n\t\t\t<\/dt><\/dl><dl class='gallery-item'>\n\t\t\t<dt class='gallery-icon landscape'>\n\t\t\t\t<a  href=\"https:\/\/www.mecerreyes.com\/mece\/wp-content\/uploads\/2018\/01\/Bodas-de-Oro-Felix-y-Tere-23-12-2017-3.jpg\" class=\"thickbox no_icon\" title=\"\"><img loading=\"lazy\" decoding=\"async\" width=\"150\" height=\"150\" src=\"https:\/\/www.mecerreyes.com\/mece\/wp-content\/uploads\/2018\/01\/Bodas-de-Oro-Felix-y-Tere-23-12-2017-3-150x150.jpg\" class=\"attachment-thumbnail size-thumbnail\" alt=\"\" srcset=\"https:\/\/www.mecerreyes.com\/mece\/wp-content\/uploads\/2018\/01\/Bodas-de-Oro-Felix-y-Tere-23-12-2017-3-150x150.jpg 150w, https:\/\/www.mecerreyes.com\/mece\/wp-content\/uploads\/2018\/01\/Bodas-de-Oro-Felix-y-Tere-23-12-2017-3-440x440.jpg 440w\" sizes=\"(max-width: 150px) 100vw, 150px\" \/><\/a>\n\t\t\t<\/dt><\/dl><br style=\"clear: both\" \/><dl class='gallery-item'>\n\t\t\t<dt class='gallery-icon landscape'>\n\t\t\t\t<a  href=\"https:\/\/www.mecerreyes.com\/mece\/wp-content\/uploads\/2018\/01\/Bodas-de-Oro-Felix-y-Tere-23-12-2017-4.jpg\" class=\"thickbox no_icon\" title=\"\"><img loading=\"lazy\" decoding=\"async\" width=\"150\" height=\"150\" src=\"https:\/\/www.mecerreyes.com\/mece\/wp-content\/uploads\/2018\/01\/Bodas-de-Oro-Felix-y-Tere-23-12-2017-4-150x150.jpg\" class=\"attachment-thumbnail size-thumbnail\" alt=\"\" srcset=\"https:\/\/www.mecerreyes.com\/mece\/wp-content\/uploads\/2018\/01\/Bodas-de-Oro-Felix-y-Tere-23-12-2017-4-150x150.jpg 150w, https:\/\/www.mecerreyes.com\/mece\/wp-content\/uploads\/2018\/01\/Bodas-de-Oro-Felix-y-Tere-23-12-2017-4-440x440.jpg 440w\" sizes=\"(max-width: 150px) 100vw, 150px\" \/><\/a>\n\t\t\t<\/dt><\/dl><dl class='gallery-item'>\n\t\t\t<dt class='gallery-icon landscape'>\n\t\t\t\t<a  href=\"https:\/\/www.mecerreyes.com\/mece\/wp-content\/uploads\/2018\/01\/Bodas-de-Oro-Felix-y-Tere-23-12-2017-5.jpg\" class=\"thickbox no_icon\" title=\"\"><img loading=\"lazy\" decoding=\"async\" width=\"150\" height=\"150\" src=\"https:\/\/www.mecerreyes.com\/mece\/wp-content\/uploads\/2018\/01\/Bodas-de-Oro-Felix-y-Tere-23-12-2017-5-150x150.jpg\" class=\"attachment-thumbnail size-thumbnail\" alt=\"\" srcset=\"https:\/\/www.mecerreyes.com\/mece\/wp-content\/uploads\/2018\/01\/Bodas-de-Oro-Felix-y-Tere-23-12-2017-5-150x150.jpg 150w, https:\/\/www.mecerreyes.com\/mece\/wp-content\/uploads\/2018\/01\/Bodas-de-Oro-Felix-y-Tere-23-12-2017-5-440x440.jpg 440w\" sizes=\"(max-width: 150px) 100vw, 150px\" \/><\/a>\n\t\t\t<\/dt><\/dl><dl class='gallery-item'>\n\t\t\t<dt class='gallery-icon landscape'>\n\t\t\t\t<a  href=\"https:\/\/www.mecerreyes.com\/mece\/wp-content\/uploads\/2018\/01\/Bodas-de-Oro-Felix-y-Tere-23-12-2017-6.jpg\" class=\"thickbox no_icon\" title=\"\"><img loading=\"lazy\" decoding=\"async\" width=\"150\" height=\"150\" src=\"https:\/\/www.mecerreyes.com\/mece\/wp-content\/uploads\/2018\/01\/Bodas-de-Oro-Felix-y-Tere-23-12-2017-6-150x150.jpg\" class=\"attachment-thumbnail size-thumbnail\" alt=\"\" srcset=\"https:\/\/www.mecerreyes.com\/mece\/wp-content\/uploads\/2018\/01\/Bodas-de-Oro-Felix-y-Tere-23-12-2017-6-150x150.jpg 150w, https:\/\/www.mecerreyes.com\/mece\/wp-content\/uploads\/2018\/01\/Bodas-de-Oro-Felix-y-Tere-23-12-2017-6-440x440.jpg 440w\" sizes=\"(max-width: 150px) 100vw, 150px\" \/><\/a>\n\t\t\t<\/dt><\/dl><br style=\"clear: both\" \/>\n\t\t<\/div>\n\n<h2 style=\"text-align: justify;\"><strong>PRIMERA NEVADA<\/strong><\/h2>\n<p style=\"text-align: justify;\">Bien venidas las primeras nieves, paisaje precioso han dejado en el pueblo, esperemos que no sean las \u00fanicas del invierno y puedan nutrir tierras, y arroyos tan sedientos de agua.<\/p>\n\n\t\t<style type=\"text\/css\">\n\t\t\t#gallery-3 {\n\t\t\t\tmargin: auto;\n\t\t\t}\n\t\t\t#gallery-3 .gallery-item {\n\t\t\t\tfloat: left;\n\t\t\t\tmargin-top: 10px;\n\t\t\t\ttext-align: center;\n\t\t\t\twidth: 33%;\n\t\t\t}\n\t\t\t#gallery-3 img {\n\t\t\t\tborder: 2px solid #cfcfcf;\n\t\t\t}\n\t\t\t#gallery-3 .gallery-caption {\n\t\t\t\tmargin-left: 0;\n\t\t\t}\n\t\t\t\/* see gallery_shortcode() in wp-includes\/media.php *\/\n\t\t<\/style>\n\t\t<div id='gallery-3' class='gallery galleryid-16151 gallery-columns-3 gallery-size-thumbnail'><dl class='gallery-item'>\n\t\t\t<dt class='gallery-icon landscape'>\n\t\t\t\t<a  href=\"https:\/\/www.mecerreyes.com\/mece\/wp-content\/uploads\/2018\/01\/Mecerreyes-nevada-diciembre-2017-1.jpg\" class=\"thickbox no_icon\" title=\"\"><img loading=\"lazy\" decoding=\"async\" width=\"150\" height=\"150\" src=\"https:\/\/www.mecerreyes.com\/mece\/wp-content\/uploads\/2018\/01\/Mecerreyes-nevada-diciembre-2017-1-150x150.jpg\" class=\"attachment-thumbnail size-thumbnail\" alt=\"\" srcset=\"https:\/\/www.mecerreyes.com\/mece\/wp-content\/uploads\/2018\/01\/Mecerreyes-nevada-diciembre-2017-1-150x150.jpg 150w, https:\/\/www.mecerreyes.com\/mece\/wp-content\/uploads\/2018\/01\/Mecerreyes-nevada-diciembre-2017-1-440x440.jpg 440w\" sizes=\"(max-width: 150px) 100vw, 150px\" \/><\/a>\n\t\t\t<\/dt><\/dl><dl class='gallery-item'>\n\t\t\t<dt class='gallery-icon landscape'>\n\t\t\t\t<a  href=\"https:\/\/www.mecerreyes.com\/mece\/wp-content\/uploads\/2018\/01\/Mecerreyes-nevada-diciembre-2017-2.jpg\" class=\"thickbox no_icon\" title=\"\"><img loading=\"lazy\" decoding=\"async\" width=\"150\" height=\"150\" src=\"https:\/\/www.mecerreyes.com\/mece\/wp-content\/uploads\/2018\/01\/Mecerreyes-nevada-diciembre-2017-2-150x150.jpg\" class=\"attachment-thumbnail size-thumbnail\" alt=\"\" srcset=\"https:\/\/www.mecerreyes.com\/mece\/wp-content\/uploads\/2018\/01\/Mecerreyes-nevada-diciembre-2017-2-150x150.jpg 150w, https:\/\/www.mecerreyes.com\/mece\/wp-content\/uploads\/2018\/01\/Mecerreyes-nevada-diciembre-2017-2-440x440.jpg 440w\" sizes=\"(max-width: 150px) 100vw, 150px\" \/><\/a>\n\t\t\t<\/dt><\/dl><dl class='gallery-item'>\n\t\t\t<dt class='gallery-icon landscape'>\n\t\t\t\t<a  href=\"https:\/\/www.mecerreyes.com\/mece\/wp-content\/uploads\/2018\/01\/Mecerreyes-nevada-diciembre-2017-3.jpg\" class=\"thickbox no_icon\" title=\"\"><img loading=\"lazy\" decoding=\"async\" width=\"150\" height=\"150\" src=\"https:\/\/www.mecerreyes.com\/mece\/wp-content\/uploads\/2018\/01\/Mecerreyes-nevada-diciembre-2017-3-150x150.jpg\" class=\"attachment-thumbnail size-thumbnail\" alt=\"\" srcset=\"https:\/\/www.mecerreyes.com\/mece\/wp-content\/uploads\/2018\/01\/Mecerreyes-nevada-diciembre-2017-3-150x150.jpg 150w, https:\/\/www.mecerreyes.com\/mece\/wp-content\/uploads\/2018\/01\/Mecerreyes-nevada-diciembre-2017-3-440x440.jpg 440w\" sizes=\"(max-width: 150px) 100vw, 150px\" \/><\/a>\n\t\t\t<\/dt><\/dl><br style=\"clear: both\" \/><dl class='gallery-item'>\n\t\t\t<dt class='gallery-icon landscape'>\n\t\t\t\t<a  href=\"https:\/\/www.mecerreyes.com\/mece\/wp-content\/uploads\/2018\/01\/Mecerreyes-nevada-diciembre-2017-4.jpg\" class=\"thickbox no_icon\" title=\"\"><img loading=\"lazy\" decoding=\"async\" width=\"150\" height=\"150\" src=\"https:\/\/www.mecerreyes.com\/mece\/wp-content\/uploads\/2018\/01\/Mecerreyes-nevada-diciembre-2017-4-150x150.jpg\" class=\"attachment-thumbnail size-thumbnail\" alt=\"\" srcset=\"https:\/\/www.mecerreyes.com\/mece\/wp-content\/uploads\/2018\/01\/Mecerreyes-nevada-diciembre-2017-4-150x150.jpg 150w, https:\/\/www.mecerreyes.com\/mece\/wp-content\/uploads\/2018\/01\/Mecerreyes-nevada-diciembre-2017-4-440x440.jpg 440w\" sizes=\"(max-width: 150px) 100vw, 150px\" \/><\/a>\n\t\t\t<\/dt><\/dl><dl class='gallery-item'>\n\t\t\t<dt class='gallery-icon landscape'>\n\t\t\t\t<a  href=\"https:\/\/www.mecerreyes.com\/mece\/wp-content\/uploads\/2018\/01\/Mecerreyes-nevada-diciembre-2017-5.jpg\" class=\"thickbox no_icon\" title=\"\"><img loading=\"lazy\" decoding=\"async\" width=\"150\" height=\"150\" src=\"https:\/\/www.mecerreyes.com\/mece\/wp-content\/uploads\/2018\/01\/Mecerreyes-nevada-diciembre-2017-5-150x150.jpg\" class=\"attachment-thumbnail size-thumbnail\" alt=\"\" srcset=\"https:\/\/www.mecerreyes.com\/mece\/wp-content\/uploads\/2018\/01\/Mecerreyes-nevada-diciembre-2017-5-150x150.jpg 150w, https:\/\/www.mecerreyes.com\/mece\/wp-content\/uploads\/2018\/01\/Mecerreyes-nevada-diciembre-2017-5-440x440.jpg 440w\" sizes=\"(max-width: 150px) 100vw, 150px\" \/><\/a>\n\t\t\t<\/dt><\/dl><dl class='gallery-item'>\n\t\t\t<dt class='gallery-icon landscape'>\n\t\t\t\t<a  href=\"https:\/\/www.mecerreyes.com\/mece\/wp-content\/uploads\/2018\/01\/Mecerreyes-nevada-diciembre-2017-6.jpg\" class=\"thickbox no_icon\" title=\"\"><img loading=\"lazy\" decoding=\"async\" width=\"150\" height=\"150\" src=\"https:\/\/www.mecerreyes.com\/mece\/wp-content\/uploads\/2018\/01\/Mecerreyes-nevada-diciembre-2017-6-150x150.jpg\" class=\"attachment-thumbnail size-thumbnail\" alt=\"\" srcset=\"https:\/\/www.mecerreyes.com\/mece\/wp-content\/uploads\/2018\/01\/Mecerreyes-nevada-diciembre-2017-6-150x150.jpg 150w, https:\/\/www.mecerreyes.com\/mece\/wp-content\/uploads\/2018\/01\/Mecerreyes-nevada-diciembre-2017-6-440x440.jpg 440w\" sizes=\"(max-width: 150px) 100vw, 150px\" \/><\/a>\n\t\t\t<\/dt><\/dl><br style=\"clear: both\" \/>\n\t\t<\/div>\n\n<h2 style=\"text-align: justify;\"><strong>RECORTES DE PRENSA<\/strong><\/h2>\n<p style=\"text-align: justify;\">Nos gusta ver que las aptitudes de los nuestros son reconocidas o noticia de de alguna forma.<\/p>\n<p style=\"text-align: justify;\">La prensa este mes anunciaba la charla que la guileta <strong>CHARO ALTABLE<\/strong>, (Una de las fundadoras de la Red Internacional de Mujeres Feministas <strong>Mujeres de Negro <\/strong>en Valencia. Hija de Sim\u00f3n Altable) dar\u00eda en el Museo de la Evoluci\u00f3n Humana de Burgos el d\u00eda 20 de diciembre. Tema: \u00ab<strong>La paz que proponen las mujeres de negro<\/strong>\u00ab.<span style=\"color: #ff0000;\">\u00a0<\/span><\/p>\n<p style=\"text-align: justify;\"><strong>\u00a0<a  href=\"http:\/\/www.mecerreyes.com\/mece\/wp-content\/uploads\/2018\/01\/Diario-de-Burgos-20-12-2017-Charo-Altable-Mecerreyes.jpg\" class=\"thickbox no_icon\" title=\"\"><img loading=\"lazy\" decoding=\"async\" class=\"aligncenter size-full wp-image-16180\" src=\"http:\/\/www.mecerreyes.com\/mece\/wp-content\/uploads\/2018\/01\/Diario-de-Burgos-20-12-2017-Charo-Altable-Mecerreyes.jpg\" alt=\"\" width=\"1200\" height=\"2517\" srcset=\"https:\/\/www.mecerreyes.com\/mece\/wp-content\/uploads\/2018\/01\/Diario-de-Burgos-20-12-2017-Charo-Altable-Mecerreyes.jpg 1200w, https:\/\/www.mecerreyes.com\/mece\/wp-content\/uploads\/2018\/01\/Diario-de-Burgos-20-12-2017-Charo-Altable-Mecerreyes-143x300.jpg 143w, https:\/\/www.mecerreyes.com\/mece\/wp-content\/uploads\/2018\/01\/Diario-de-Burgos-20-12-2017-Charo-Altable-Mecerreyes-768x1611.jpg 768w, https:\/\/www.mecerreyes.com\/mece\/wp-content\/uploads\/2018\/01\/Diario-de-Burgos-20-12-2017-Charo-Altable-Mecerreyes-488x1024.jpg 488w, https:\/\/www.mecerreyes.com\/mece\/wp-content\/uploads\/2018\/01\/Diario-de-Burgos-20-12-2017-Charo-Altable-Mecerreyes-1080x2265.jpg 1080w\" sizes=\"(max-width: 1200px) 100vw, 1200px\" \/><\/a><\/strong><\/p>\n<p style=\"text-align: justify;\"><strong>Encuentro de amigos de la m\u00fasica tradicional. Justo del R\u00edo- Nuevo Mester<\/strong><\/p>\n<p style=\"text-align: justify;\">La calidad de las viandas del Mes\u00f3n Frutos, son el reclamo de muchos, colectivos que tienen a bien cerrar sus rutas viniendo a Mecerreyes, su satisfaci\u00f3n la refleja este v\u00eddeo y recorte que no dudan en incluir\u00a0 entre los planes del d\u00eda sellar la amistad comiendo bien.<\/p>\n<p style=\"text-align: justify;\"><a  href=\"http:\/\/www.mecerreyes.com\/mece\/wp-content\/uploads\/2018\/01\/Diario-de-Burgos-27-12-17-Justo-del-Rio-y-Nuevo-Mester-de-Juglar\u00eda-en-Mecerreyes.jpg\" class=\"thickbox no_icon\" title=\"\"><img loading=\"lazy\" decoding=\"async\" class=\"aligncenter size-full wp-image-16183\" src=\"http:\/\/www.mecerreyes.com\/mece\/wp-content\/uploads\/2018\/01\/Diario-de-Burgos-27-12-17-Justo-del-Rio-y-Nuevo-Mester-de-Juglar\u00eda-en-Mecerreyes.jpg\" alt=\"\" width=\"790\" height=\"735\" srcset=\"https:\/\/www.mecerreyes.com\/mece\/wp-content\/uploads\/2018\/01\/Diario-de-Burgos-27-12-17-Justo-del-Rio-y-Nuevo-Mester-de-Juglar\u00eda-en-Mecerreyes.jpg 790w, https:\/\/www.mecerreyes.com\/mece\/wp-content\/uploads\/2018\/01\/Diario-de-Burgos-27-12-17-Justo-del-Rio-y-Nuevo-Mester-de-Juglar\u00eda-en-Mecerreyes-300x279.jpg 300w, https:\/\/www.mecerreyes.com\/mece\/wp-content\/uploads\/2018\/01\/Diario-de-Burgos-27-12-17-Justo-del-Rio-y-Nuevo-Mester-de-Juglar\u00eda-en-Mecerreyes-768x715.jpg 768w\" sizes=\"(max-width: 790px) 100vw, 790px\" \/><\/a><\/p>\n<p style=\"text-align: justify;\"><strong>Vive Arlanza<\/strong> revista comarcal, tambi\u00e9n nos ha tenido en cuenta en el \u00faltimo n\u00famero de 2017, rememorando la fiesta de <a  href=\"https:\/\/www.mecerreyes.com\/mece\/?page_id=58\">San Mart\u00edn<\/a> y\u00a0 destacando las actividades infantiles de la <a  href=\"https:\/\/www.mecerreyes.com\/mece\/?page_id=62\">Navidad<\/a> guileta.<\/p>\n<p style=\"text-align: justify;\"><a  href=\"http:\/\/www.mecerreyes.com\/mece\/wp-content\/uploads\/2018\/01\/Vive-Arlanza-Mecerreyes-Diciembre-17-Enero-2018-1.jpg\" class=\"thickbox no_icon\" title=\"\"><img loading=\"lazy\" decoding=\"async\" class=\"aligncenter wp-image-16184 size-full\" src=\"http:\/\/www.mecerreyes.com\/mece\/wp-content\/uploads\/2018\/01\/Vive-Arlanza-Mecerreyes-Diciembre-17-Enero-2018-1-e1515541634556.jpg\" alt=\"\" width=\"3120\" height=\"4160\" srcset=\"https:\/\/www.mecerreyes.com\/mece\/wp-content\/uploads\/2018\/01\/Vive-Arlanza-Mecerreyes-Diciembre-17-Enero-2018-1-e1515541634556.jpg 3120w, https:\/\/www.mecerreyes.com\/mece\/wp-content\/uploads\/2018\/01\/Vive-Arlanza-Mecerreyes-Diciembre-17-Enero-2018-1-e1515541634556-225x300.jpg 225w, https:\/\/www.mecerreyes.com\/mece\/wp-content\/uploads\/2018\/01\/Vive-Arlanza-Mecerreyes-Diciembre-17-Enero-2018-1-e1515541634556-768x1024.jpg 768w, https:\/\/www.mecerreyes.com\/mece\/wp-content\/uploads\/2018\/01\/Vive-Arlanza-Mecerreyes-Diciembre-17-Enero-2018-1-e1515541634556-1080x1440.jpg 1080w\" sizes=\"(max-width: 3120px) 100vw, 3120px\" \/><\/a><\/p>\n<p style=\"text-align: justify;\"><a  href=\"http:\/\/www.mecerreyes.com\/mece\/wp-content\/uploads\/2018\/01\/Vive-Arlanza-Mecerreyes-Diciembre-17-Enero-2018-2.jpg\" class=\"thickbox no_icon\" title=\"\"><img loading=\"lazy\" decoding=\"async\" class=\"aligncenter size-full wp-image-16185\" src=\"http:\/\/www.mecerreyes.com\/mece\/wp-content\/uploads\/2018\/01\/Vive-Arlanza-Mecerreyes-Diciembre-17-Enero-2018-2.jpg\" alt=\"\" width=\"3824\" height=\"1932\" srcset=\"https:\/\/www.mecerreyes.com\/mece\/wp-content\/uploads\/2018\/01\/Vive-Arlanza-Mecerreyes-Diciembre-17-Enero-2018-2.jpg 3824w, https:\/\/www.mecerreyes.com\/mece\/wp-content\/uploads\/2018\/01\/Vive-Arlanza-Mecerreyes-Diciembre-17-Enero-2018-2-300x152.jpg 300w, https:\/\/www.mecerreyes.com\/mece\/wp-content\/uploads\/2018\/01\/Vive-Arlanza-Mecerreyes-Diciembre-17-Enero-2018-2-768x388.jpg 768w, https:\/\/www.mecerreyes.com\/mece\/wp-content\/uploads\/2018\/01\/Vive-Arlanza-Mecerreyes-Diciembre-17-Enero-2018-2-1024x517.jpg 1024w, https:\/\/www.mecerreyes.com\/mece\/wp-content\/uploads\/2018\/01\/Vive-Arlanza-Mecerreyes-Diciembre-17-Enero-2018-2-1080x546.jpg 1080w\" sizes=\"(max-width: 3824px) 100vw, 3824px\" \/><\/a><\/p>\n<p style=\"text-align: justify;\">En YouTube, se subi\u00f3 en el mes de diciembre un v\u00eddeo muy bonito que muestra, el paisaje y foresta desde <strong>Hortig\u00fcela a Mecerreyes<\/strong>.<\/p>\n<p><iframe loading=\"lazy\" width=\"1080\" height=\"608\" src=\"https:\/\/www.youtube.com\/embed\/ed8WrLRTrSE?feature=oembed\" frameborder=\"0\" allow=\"autoplay; encrypted-media\" allowfullscreen><\/iframe><\/p>\n<h2 style=\"text-align: justify;\"><strong>RUTA CAMINO DEL CID<\/strong><\/h2>\n<p style=\"text-align: justify;\">La imponente estatua de \u00b7El Cid, recuerda a vecinos y visitantes que Mecerreyes se encuentra en el camino que tom\u00f3 Rodrigo D\u00edaz en su destierro hacia Valencia. los amantes del senderismo, y de esta ruta cidiana, cuentan en Mecerreyes con\u00a0 un estrat\u00e9gico albergue llamado <strong>La Corneja<\/strong>, instalaciones de primer nivel que reconfortan al viajero. es un honor para Mecerreyes pertenecer a esta ruta que en su totalidad cuenta con 3000 recursos patrimoniales y tur\u00edsticos.<\/p>\n<p><a  href=\"http:\/\/www.caminodelcid.org\/localidades\/mecerreyes-564922\/\" target=\"_blank\" rel=\"noopener noreferrer\">Camino del Cid &#8211; Mecerreyes<\/a><\/p>\n<p><a  href=\"http:\/\/www.caminodelcid.org\/servicios\/albergue-municipal-la-corneja-703123\/\" target=\"_blank\" rel=\"noopener noreferrer\">Albergue Municipal La Corneja &#8211; Mecerreyes<\/a><\/p>\n<p style=\"text-align: justify;\"><a  href=\"http:\/\/www.mecerreyes.com\/mece\/wp-content\/uploads\/2018\/01\/Diario-de-Burgos-Ruta-del-Camino-del-Cid-Mecerreyes-12-2017.jpg\" class=\"thickbox no_icon\" title=\"\"><img loading=\"lazy\" decoding=\"async\" class=\"aligncenter size-full wp-image-16188\" src=\"http:\/\/www.mecerreyes.com\/mece\/wp-content\/uploads\/2018\/01\/Diario-de-Burgos-Ruta-del-Camino-del-Cid-Mecerreyes-12-2017.jpg\" alt=\"\" width=\"880\" height=\"512\" srcset=\"https:\/\/www.mecerreyes.com\/mece\/wp-content\/uploads\/2018\/01\/Diario-de-Burgos-Ruta-del-Camino-del-Cid-Mecerreyes-12-2017.jpg 880w, https:\/\/www.mecerreyes.com\/mece\/wp-content\/uploads\/2018\/01\/Diario-de-Burgos-Ruta-del-Camino-del-Cid-Mecerreyes-12-2017-300x175.jpg 300w, https:\/\/www.mecerreyes.com\/mece\/wp-content\/uploads\/2018\/01\/Diario-de-Burgos-Ruta-del-Camino-del-Cid-Mecerreyes-12-2017-768x447.jpg 768w\" sizes=\"(max-width: 880px) 100vw, 880px\" \/><\/a><\/p>\n<h2 style=\"text-align: justify;\"><\/h2>\n<p style=\"text-align: justify;\"><strong>\u00a0<\/strong><\/p>\n<h2 style=\"text-align: justify;\"><strong>MEDIADORES DEL AMOR DE DIOS<\/strong><\/h2>\n<p style=\"text-align: justify;\"><a  href=\"http:\/\/www.archiburgos.es\" target=\"_blank\" rel=\"noopener noreferrer\">www.archiburgos.es<\/a> public\u00f3 el d\u00eda 8 de diciembre, el rito de admisi\u00f3n al diaconado y presbiteriado, oficiado por el Sr. Arzobispo de Burgos D. Fidel Herr\u00e1ez, concelebrado por varios sacerdotes, entre los que se encontraba el Director espiritual de los seminaristas que dieron este importante paso, Roberto Santamar\u00eda Alonso. El acto tubo lugar en la capilla del Seminario San Jos\u00e9 en el marco de una celebraci\u00f3n eucar\u00edstica. Agradecimiento a estos seminaristas por hacer posible que en Mecerreyes lleguen los Reyes Magos de Oriente<\/p>\n<p style=\"text-align: justify;\"><a  href=\"http:\/\/www.mecerreyes.com\/mece\/wp-content\/uploads\/2018\/01\/Burgos-diciembre-2017-2.jpg\" class=\"thickbox no_icon\" title=\"\"><img loading=\"lazy\" decoding=\"async\" class=\"aligncenter size-full wp-image-16192\" src=\"http:\/\/www.mecerreyes.com\/mece\/wp-content\/uploads\/2018\/01\/Burgos-diciembre-2017-2.jpg\" alt=\"\" width=\"1080\" height=\"829\" srcset=\"https:\/\/www.mecerreyes.com\/mece\/wp-content\/uploads\/2018\/01\/Burgos-diciembre-2017-2.jpg 1080w, https:\/\/www.mecerreyes.com\/mece\/wp-content\/uploads\/2018\/01\/Burgos-diciembre-2017-2-300x230.jpg 300w, https:\/\/www.mecerreyes.com\/mece\/wp-content\/uploads\/2018\/01\/Burgos-diciembre-2017-2-768x590.jpg 768w, https:\/\/www.mecerreyes.com\/mece\/wp-content\/uploads\/2018\/01\/Burgos-diciembre-2017-2-1024x786.jpg 1024w\" sizes=\"(max-width: 1080px) 100vw, 1080px\" \/><\/a><\/p>\n<p style=\"text-align: justify;\"><a  href=\"http:\/\/www.mecerreyes.com\/mece\/wp-content\/uploads\/2018\/01\/Burgos-diciembre-2017-1.jpg\" class=\"thickbox no_icon\" title=\"\"><img loading=\"lazy\" decoding=\"async\" class=\"aligncenter size-full wp-image-16193\" src=\"http:\/\/www.mecerreyes.com\/mece\/wp-content\/uploads\/2018\/01\/Burgos-diciembre-2017-1.jpg\" alt=\"\" width=\"983\" height=\"666\" srcset=\"https:\/\/www.mecerreyes.com\/mece\/wp-content\/uploads\/2018\/01\/Burgos-diciembre-2017-1.jpg 983w, https:\/\/www.mecerreyes.com\/mece\/wp-content\/uploads\/2018\/01\/Burgos-diciembre-2017-1-300x203.jpg 300w, https:\/\/www.mecerreyes.com\/mece\/wp-content\/uploads\/2018\/01\/Burgos-diciembre-2017-1-768x520.jpg 768w\" sizes=\"(max-width: 983px) 100vw, 983px\" \/><\/a><\/p>\n<h2 style=\"text-align: justify;\"><strong>RECUERDOS DEL AYER<\/strong><\/h2>\n<p style=\"text-align: justify;\">Cu\u00e1nto tiempo ha pasado desde que se tomaron estas fotos, qu\u00e9 recuerdos os evocan, estamos todos los que est\u00e1n en ellas&#8230;?<\/p>\n<p style=\"text-align: justify;\">Os dejamos unas cuantas para vuestro disfrute.<\/p>\n\n\t\t<style type=\"text\/css\">\n\t\t\t#gallery-4 {\n\t\t\t\tmargin: auto;\n\t\t\t}\n\t\t\t#gallery-4 .gallery-item {\n\t\t\t\tfloat: left;\n\t\t\t\tmargin-top: 10px;\n\t\t\t\ttext-align: center;\n\t\t\t\twidth: 33%;\n\t\t\t}\n\t\t\t#gallery-4 img {\n\t\t\t\tborder: 2px solid #cfcfcf;\n\t\t\t}\n\t\t\t#gallery-4 .gallery-caption {\n\t\t\t\tmargin-left: 0;\n\t\t\t}\n\t\t\t\/* see gallery_shortcode() in wp-includes\/media.php *\/\n\t\t<\/style>\n\t\t<div id='gallery-4' class='gallery galleryid-16151 gallery-columns-3 gallery-size-thumbnail'><dl class='gallery-item'>\n\t\t\t<dt class='gallery-icon landscape'>\n\t\t\t\t<a  href=\"https:\/\/www.mecerreyes.com\/mece\/wp-content\/uploads\/2018\/01\/Los-cohetesfleta.jpg\" class=\"thickbox no_icon\" title=\"\"><img loading=\"lazy\" decoding=\"async\" width=\"150\" height=\"150\" src=\"https:\/\/www.mecerreyes.com\/mece\/wp-content\/uploads\/2018\/01\/Los-cohetesfleta-150x150.jpg\" class=\"attachment-thumbnail size-thumbnail\" alt=\"\" srcset=\"https:\/\/www.mecerreyes.com\/mece\/wp-content\/uploads\/2018\/01\/Los-cohetesfleta-150x150.jpg 150w, https:\/\/www.mecerreyes.com\/mece\/wp-content\/uploads\/2018\/01\/Los-cohetesfleta-440x440.jpg 440w\" sizes=\"(max-width: 150px) 100vw, 150px\" \/><\/a>\n\t\t\t<\/dt><\/dl><dl class='gallery-item'>\n\t\t\t<dt class='gallery-icon landscape'>\n\t\t\t\t<a  href=\"https:\/\/www.mecerreyes.com\/mece\/wp-content\/uploads\/2018\/01\/IMG_0001.jpg\" class=\"thickbox no_icon\" title=\"\"><img loading=\"lazy\" decoding=\"async\" width=\"150\" height=\"150\" src=\"https:\/\/www.mecerreyes.com\/mece\/wp-content\/uploads\/2018\/01\/IMG_0001-150x150.jpg\" class=\"attachment-thumbnail size-thumbnail\" alt=\"\" srcset=\"https:\/\/www.mecerreyes.com\/mece\/wp-content\/uploads\/2018\/01\/IMG_0001-150x150.jpg 150w, https:\/\/www.mecerreyes.com\/mece\/wp-content\/uploads\/2018\/01\/IMG_0001-440x440.jpg 440w\" sizes=\"(max-width: 150px) 100vw, 150px\" \/><\/a>\n\t\t\t<\/dt><\/dl><dl class='gallery-item'>\n\t\t\t<dt class='gallery-icon landscape'>\n\t\t\t\t<a  href=\"https:\/\/www.mecerreyes.com\/mece\/wp-content\/uploads\/2018\/01\/IMG_0002.jpg\" class=\"thickbox no_icon\" title=\"\"><img loading=\"lazy\" decoding=\"async\" width=\"150\" height=\"150\" src=\"https:\/\/www.mecerreyes.com\/mece\/wp-content\/uploads\/2018\/01\/IMG_0002-150x150.jpg\" class=\"attachment-thumbnail size-thumbnail\" alt=\"\" srcset=\"https:\/\/www.mecerreyes.com\/mece\/wp-content\/uploads\/2018\/01\/IMG_0002-150x150.jpg 150w, https:\/\/www.mecerreyes.com\/mece\/wp-content\/uploads\/2018\/01\/IMG_0002-440x440.jpg 440w\" sizes=\"(max-width: 150px) 100vw, 150px\" \/><\/a>\n\t\t\t<\/dt><\/dl><br style=\"clear: both\" \/><dl class='gallery-item'>\n\t\t\t<dt class='gallery-icon landscape'>\n\t\t\t\t<a  href=\"https:\/\/www.mecerreyes.com\/mece\/wp-content\/uploads\/2018\/01\/IMG_0003.jpg\" class=\"thickbox no_icon\" title=\"\"><img loading=\"lazy\" decoding=\"async\" width=\"150\" height=\"150\" src=\"https:\/\/www.mecerreyes.com\/mece\/wp-content\/uploads\/2018\/01\/IMG_0003-150x150.jpg\" class=\"attachment-thumbnail size-thumbnail\" alt=\"\" srcset=\"https:\/\/www.mecerreyes.com\/mece\/wp-content\/uploads\/2018\/01\/IMG_0003-150x150.jpg 150w, https:\/\/www.mecerreyes.com\/mece\/wp-content\/uploads\/2018\/01\/IMG_0003-440x440.jpg 440w\" sizes=\"(max-width: 150px) 100vw, 150px\" \/><\/a>\n\t\t\t<\/dt><\/dl><dl class='gallery-item'>\n\t\t\t<dt class='gallery-icon landscape'>\n\t\t\t\t<a  href=\"https:\/\/www.mecerreyes.com\/mece\/wp-content\/uploads\/2018\/01\/IMG_0005.jpg\" class=\"thickbox no_icon\" title=\"\"><img loading=\"lazy\" decoding=\"async\" width=\"150\" height=\"150\" src=\"https:\/\/www.mecerreyes.com\/mece\/wp-content\/uploads\/2018\/01\/IMG_0005-150x150.jpg\" class=\"attachment-thumbnail size-thumbnail\" alt=\"\" srcset=\"https:\/\/www.mecerreyes.com\/mece\/wp-content\/uploads\/2018\/01\/IMG_0005-150x150.jpg 150w, https:\/\/www.mecerreyes.com\/mece\/wp-content\/uploads\/2018\/01\/IMG_0005-440x440.jpg 440w\" sizes=\"(max-width: 150px) 100vw, 150px\" \/><\/a>\n\t\t\t<\/dt><\/dl><dl class='gallery-item'>\n\t\t\t<dt class='gallery-icon landscape'>\n\t\t\t\t<a  href=\"https:\/\/www.mecerreyes.com\/mece\/wp-content\/uploads\/2018\/01\/IMG_0006.jpg\" class=\"thickbox no_icon\" title=\"\"><img loading=\"lazy\" decoding=\"async\" width=\"150\" height=\"150\" src=\"https:\/\/www.mecerreyes.com\/mece\/wp-content\/uploads\/2018\/01\/IMG_0006-150x150.jpg\" class=\"attachment-thumbnail size-thumbnail\" alt=\"\" srcset=\"https:\/\/www.mecerreyes.com\/mece\/wp-content\/uploads\/2018\/01\/IMG_0006-150x150.jpg 150w, https:\/\/www.mecerreyes.com\/mece\/wp-content\/uploads\/2018\/01\/IMG_0006-440x440.jpg 440w\" sizes=\"(max-width: 150px) 100vw, 150px\" \/><\/a>\n\t\t\t<\/dt><\/dl><br style=\"clear: both\" \/><dl class='gallery-item'>\n\t\t\t<dt class='gallery-icon landscape'>\n\t\t\t\t<a  href=\"https:\/\/www.mecerreyes.com\/mece\/wp-content\/uploads\/2018\/01\/Colonias-1969.jpg\" class=\"thickbox no_icon\" title=\"\"><img loading=\"lazy\" decoding=\"async\" width=\"150\" height=\"150\" src=\"https:\/\/www.mecerreyes.com\/mece\/wp-content\/uploads\/2018\/01\/Colonias-1969-150x150.jpg\" class=\"attachment-thumbnail size-thumbnail\" alt=\"\" srcset=\"https:\/\/www.mecerreyes.com\/mece\/wp-content\/uploads\/2018\/01\/Colonias-1969-150x150.jpg 150w, https:\/\/www.mecerreyes.com\/mece\/wp-content\/uploads\/2018\/01\/Colonias-1969-440x440.jpg 440w\" sizes=\"(max-width: 150px) 100vw, 150px\" \/><\/a>\n\t\t\t<\/dt><\/dl><dl class='gallery-item'>\n\t\t\t<dt class='gallery-icon landscape'>\n\t\t\t\t<a  href=\"https:\/\/www.mecerreyes.com\/mece\/wp-content\/uploads\/2018\/01\/Mece.jpg\" class=\"thickbox no_icon\" title=\"\"><img loading=\"lazy\" decoding=\"async\" width=\"150\" height=\"150\" src=\"https:\/\/www.mecerreyes.com\/mece\/wp-content\/uploads\/2018\/01\/Mece-150x150.jpg\" class=\"attachment-thumbnail size-thumbnail\" alt=\"\" srcset=\"https:\/\/www.mecerreyes.com\/mece\/wp-content\/uploads\/2018\/01\/Mece-150x150.jpg 150w, https:\/\/www.mecerreyes.com\/mece\/wp-content\/uploads\/2018\/01\/Mece-440x440.jpg 440w\" sizes=\"(max-width: 150px) 100vw, 150px\" \/><\/a>\n\t\t\t<\/dt><\/dl><dl class='gallery-item'>\n\t\t\t<dt class='gallery-icon landscape'>\n\t\t\t\t<a  href=\"https:\/\/www.mecerreyes.com\/mece\/wp-content\/uploads\/2018\/01\/Mece-1.jpg\" class=\"thickbox no_icon\" title=\"\"><img loading=\"lazy\" decoding=\"async\" width=\"150\" height=\"150\" src=\"https:\/\/www.mecerreyes.com\/mece\/wp-content\/uploads\/2018\/01\/Mece-1-150x150.jpg\" class=\"attachment-thumbnail size-thumbnail\" alt=\"\" srcset=\"https:\/\/www.mecerreyes.com\/mece\/wp-content\/uploads\/2018\/01\/Mece-1-150x150.jpg 150w, https:\/\/www.mecerreyes.com\/mece\/wp-content\/uploads\/2018\/01\/Mece-1-300x298.jpg 300w, https:\/\/www.mecerreyes.com\/mece\/wp-content\/uploads\/2018\/01\/Mece-1-768x762.jpg 768w, https:\/\/www.mecerreyes.com\/mece\/wp-content\/uploads\/2018\/01\/Mece-1-1024x1016.jpg 1024w, https:\/\/www.mecerreyes.com\/mece\/wp-content\/uploads\/2018\/01\/Mece-1-1080x1072.jpg 1080w, https:\/\/www.mecerreyes.com\/mece\/wp-content\/uploads\/2018\/01\/Mece-1-440x440.jpg 440w\" sizes=\"(max-width: 150px) 100vw, 150px\" \/><\/a>\n\t\t\t<\/dt><\/dl><br style=\"clear: both\" \/><dl class='gallery-item'>\n\t\t\t<dt class='gallery-icon portrait'>\n\t\t\t\t<a  href=\"https:\/\/www.mecerreyes.com\/mece\/wp-content\/uploads\/2018\/01\/Mece-3.jpg\" class=\"thickbox no_icon\" title=\"\"><img loading=\"lazy\" decoding=\"async\" width=\"150\" height=\"150\" src=\"https:\/\/www.mecerreyes.com\/mece\/wp-content\/uploads\/2018\/01\/Mece-3-150x150.jpg\" class=\"attachment-thumbnail size-thumbnail\" alt=\"\" srcset=\"https:\/\/www.mecerreyes.com\/mece\/wp-content\/uploads\/2018\/01\/Mece-3-150x150.jpg 150w, https:\/\/www.mecerreyes.com\/mece\/wp-content\/uploads\/2018\/01\/Mece-3-440x440.jpg 440w\" sizes=\"(max-width: 150px) 100vw, 150px\" \/><\/a>\n\t\t\t<\/dt><\/dl><dl class='gallery-item'>\n\t\t\t<dt class='gallery-icon landscape'>\n\t\t\t\t<a  href=\"https:\/\/www.mecerreyes.com\/mece\/wp-content\/uploads\/2018\/01\/CAMEL-1.jpg\" class=\"thickbox no_icon\" title=\"\"><img loading=\"lazy\" decoding=\"async\" width=\"150\" height=\"150\" src=\"https:\/\/www.mecerreyes.com\/mece\/wp-content\/uploads\/2018\/01\/CAMEL-1-150x150.jpg\" class=\"attachment-thumbnail size-thumbnail\" alt=\"\" srcset=\"https:\/\/www.mecerreyes.com\/mece\/wp-content\/uploads\/2018\/01\/CAMEL-1-150x150.jpg 150w, https:\/\/www.mecerreyes.com\/mece\/wp-content\/uploads\/2018\/01\/CAMEL-1-440x440.jpg 440w\" sizes=\"(max-width: 150px) 100vw, 150px\" \/><\/a>\n\t\t\t<\/dt><\/dl><dl class='gallery-item'>\n\t\t\t<dt class='gallery-icon landscape'>\n\t\t\t\t<a  href=\"https:\/\/www.mecerreyes.com\/mece\/wp-content\/uploads\/2018\/01\/CAMEL-2.jpg\" class=\"thickbox no_icon\" title=\"\"><img loading=\"lazy\" decoding=\"async\" width=\"150\" height=\"150\" src=\"https:\/\/www.mecerreyes.com\/mece\/wp-content\/uploads\/2018\/01\/CAMEL-2-150x150.jpg\" class=\"attachment-thumbnail size-thumbnail\" alt=\"\" srcset=\"https:\/\/www.mecerreyes.com\/mece\/wp-content\/uploads\/2018\/01\/CAMEL-2-150x150.jpg 150w, https:\/\/www.mecerreyes.com\/mece\/wp-content\/uploads\/2018\/01\/CAMEL-2-440x440.jpg 440w\" sizes=\"(max-width: 150px) 100vw, 150px\" \/><\/a>\n\t\t\t<\/dt><\/dl><br style=\"clear: both\" \/><dl class='gallery-item'>\n\t\t\t<dt class='gallery-icon landscape'>\n\t\t\t\t<a  href=\"https:\/\/www.mecerreyes.com\/mece\/wp-content\/uploads\/2018\/01\/MECE-28.jpg\" class=\"thickbox no_icon\" title=\"\"><img loading=\"lazy\" decoding=\"async\" width=\"150\" height=\"150\" src=\"https:\/\/www.mecerreyes.com\/mece\/wp-content\/uploads\/2018\/01\/MECE-28-150x150.jpg\" class=\"attachment-thumbnail size-thumbnail\" alt=\"\" srcset=\"https:\/\/www.mecerreyes.com\/mece\/wp-content\/uploads\/2018\/01\/MECE-28-150x150.jpg 150w, https:\/\/www.mecerreyes.com\/mece\/wp-content\/uploads\/2018\/01\/MECE-28-440x440.jpg 440w\" sizes=\"(max-width: 150px) 100vw, 150px\" \/><\/a>\n\t\t\t<\/dt><\/dl><dl class='gallery-item'>\n\t\t\t<dt class='gallery-icon portrait'>\n\t\t\t\t<a  href=\"https:\/\/www.mecerreyes.com\/mece\/wp-content\/uploads\/2018\/01\/GALLO-4-B.jpg\" class=\"thickbox no_icon\" title=\"\"><img loading=\"lazy\" decoding=\"async\" width=\"150\" height=\"150\" src=\"https:\/\/www.mecerreyes.com\/mece\/wp-content\/uploads\/2018\/01\/GALLO-4-B-150x150.jpg\" class=\"attachment-thumbnail size-thumbnail\" alt=\"\" srcset=\"https:\/\/www.mecerreyes.com\/mece\/wp-content\/uploads\/2018\/01\/GALLO-4-B-150x150.jpg 150w, https:\/\/www.mecerreyes.com\/mece\/wp-content\/uploads\/2018\/01\/GALLO-4-B-440x440.jpg 440w\" sizes=\"(max-width: 150px) 100vw, 150px\" \/><\/a>\n\t\t\t<\/dt><\/dl><dl class='gallery-item'>\n\t\t\t<dt class='gallery-icon landscape'>\n\t\t\t\t<a  href=\"https:\/\/www.mecerreyes.com\/mece\/wp-content\/uploads\/2018\/01\/MECE-21.jpg\" class=\"thickbox no_icon\" title=\"\"><img loading=\"lazy\" decoding=\"async\" width=\"150\" height=\"150\" src=\"https:\/\/www.mecerreyes.com\/mece\/wp-content\/uploads\/2018\/01\/MECE-21-150x150.jpg\" class=\"attachment-thumbnail size-thumbnail\" alt=\"\" srcset=\"https:\/\/www.mecerreyes.com\/mece\/wp-content\/uploads\/2018\/01\/MECE-21-150x150.jpg 150w, https:\/\/www.mecerreyes.com\/mece\/wp-content\/uploads\/2018\/01\/MECE-21-440x440.jpg 440w\" sizes=\"(max-width: 150px) 100vw, 150px\" \/><\/a>\n\t\t\t<\/dt><\/dl><br style=\"clear: both\" \/><dl class='gallery-item'>\n\t\t\t<dt class='gallery-icon landscape'>\n\t\t\t\t<a  href=\"https:\/\/www.mecerreyes.com\/mece\/wp-content\/uploads\/2018\/01\/Los-cohetesfleta-con-nombres.jpg\" class=\"thickbox no_icon\" title=\"\"><img loading=\"lazy\" decoding=\"async\" width=\"150\" height=\"150\" src=\"https:\/\/www.mecerreyes.com\/mece\/wp-content\/uploads\/2018\/01\/Los-cohetesfleta-con-nombres-150x150.jpg\" class=\"attachment-thumbnail size-thumbnail\" alt=\"\" srcset=\"https:\/\/www.mecerreyes.com\/mece\/wp-content\/uploads\/2018\/01\/Los-cohetesfleta-con-nombres-150x150.jpg 150w, https:\/\/www.mecerreyes.com\/mece\/wp-content\/uploads\/2018\/01\/Los-cohetesfleta-con-nombres-440x440.jpg 440w\" sizes=\"(max-width: 150px) 100vw, 150px\" \/><\/a>\n\t\t\t<\/dt><\/dl>\n\t\t\t<br style='clear: both' \/>\n\t\t<\/div>\n\n<h2 style=\"text-align: justify;\"><strong>REFRANERO<\/strong><\/h2>\n<ul>\n<li style=\"text-align: justify;\"><em>En las fr\u00edas noches de diciembre, si ves lucir la luna blanca, echa en la cama cobertor y manta.<\/em><\/li>\n<li style=\"text-align: justify;\"><em>D\u00edas de diciembre, d\u00edas de amargura: apenas amanece, ya es noche oscura.<\/em><\/li>\n<li style=\"text-align: justify;\"><em>Ni en agosto caminar, ni en diciembre navegar.<\/em><\/li>\n<li style=\"text-align: justify;\"><em>Diciembre mojado, enero bien helado.<\/em><\/li>\n<\/ul>\n<p>&nbsp;<\/p>\n<p>&nbsp;<\/p>","protected":false},"excerpt":{"rendered":"<p>DICIEMBRE 2017 La cr\u00f3nica y fotos de Navidad se publicar\u00e1 en los pr\u00f3ximos d\u00edas. Diciembre, mes de balances, de prisas por cuadrar estadillos en empresas, de pensar si los objetivos y sue\u00f1os\u00a0 personales que nos propusimos en enero se han realizado. Pensar en c\u00f3mo repartirnos con la familia en las fechas navide\u00f1as que est\u00e1n a [&hellip;]<\/p>\n","protected":false},"author":5,"featured_media":16174,"comment_status":"open","ping_status":"closed","sticky":false,"template":"","format":"standard","meta":{"_et_pb_use_builder":"","_et_pb_old_content":"","_et_gb_content_width":"","footnotes":""},"categories":[1],"tags":[21],"class_list":["post-16151","post","type-post","status-publish","format-standard","has-post-thumbnail","hentry","category-general","tag-guiletos","et-has-post-format-content","et_post_format-et-post-format-standard"],"_links":{"self":[{"href":"https:\/\/www.mecerreyes.com\/mece\/index.php?rest_route=\/wp\/v2\/posts\/16151"}],"collection":[{"href":"https:\/\/www.mecerreyes.com\/mece\/index.php?rest_route=\/wp\/v2\/posts"}],"about":[{"href":"https:\/\/www.mecerreyes.com\/mece\/index.php?rest_route=\/wp\/v2\/types\/post"}],"author":[{"embeddable":true,"href":"https:\/\/www.mecerreyes.com\/mece\/index.php?rest_route=\/wp\/v2\/users\/5"}],"replies":[{"embeddable":true,"href":"https:\/\/www.mecerreyes.com\/mece\/index.php?rest_route=%2Fwp%2Fv2%2Fcomments&post=16151"}],"version-history":[{"count":19,"href":"https:\/\/www.mecerreyes.com\/mece\/index.php?rest_route=\/wp\/v2\/posts\/16151\/revisions"}],"predecessor-version":[{"id":16214,"href":"https:\/\/www.mecerreyes.com\/mece\/index.php?rest_route=\/wp\/v2\/posts\/16151\/revisions\/16214"}],"wp:featuredmedia":[{"embeddable":true,"href":"https:\/\/www.mecerreyes.com\/mece\/index.php?rest_route=\/wp\/v2\/media\/16174"}],"wp:attachment":[{"href":"https:\/\/www.mecerreyes.com\/mece\/index.php?rest_route=%2Fwp%2Fv2%2Fmedia&parent=16151"}],"wp:term":[{"taxonomy":"category","embeddable":true,"href":"https:\/\/www.mecerreyes.com\/mece\/index.php?rest_route=%2Fwp%2Fv2%2Fcategories&post=16151"},{"taxonomy":"post_tag","embeddable":true,"href":"https:\/\/www.mecerreyes.com\/mece\/index.php?rest_route=%2Fwp%2Fv2%2Ftags&post=16151"}],"curies":[{"name":"wp","href":"https:\/\/api.w.org\/{rel}","templated":true}]}}