{"id":1636,"date":"2010-06-29T16:59:41","date_gmt":"2010-06-29T15:59:41","guid":{"rendered":"http:\/\/www.mecerreyes.com\/mece\/?p=1636"},"modified":"2010-06-29T18:36:24","modified_gmt":"2010-06-29T17:36:24","slug":"albergue-la-corneja","status":"publish","type":"post","link":"https:\/\/www.mecerreyes.com\/mece\/?p=1636","title":{"rendered":"Albergue \u00abLa Corneja\u00bb"},"content":{"rendered":"<p style=\"text-align: justify\">Ya se han terminado las obras del albergue, est\u00e1 equipado y preparado para empezar a utilizarse. Pero antes de todo eso hay que inaugurarlo como se merece, dando valor al esfuerzo que el <a  href=\"https:\/\/www.mecerreyes.com\/mece\/?page_id=24\">Ayuntamiento<\/a> ha hecho para que el primer albergue del Camino del Destierro abra sus puertas. De este modo se pone de manifiesto el compromiso de Mecerreyes con esta ruta.<\/p>\n<p style=\"text-align: justify\">El s\u00e1bado 26 ya lo pudieron contemplar todos los que quisieron acercarse y verlo con todo lujo de detalle. <strong><span style=\"text-decoration: underline\">La inauguraci\u00f3n oficial tendr\u00e1 lugar el 3 de Julio a las 18:00 horas a la que estamos todos invitados.<\/span><\/strong><\/p>\n<p style=\"text-align: justify\">El albergue \u201cLa Corneja\u201d consta de tres amplias habitaciones con 21 camas, amplios ba\u00f1os, cocina funcional y lugares de descanso y reposo.<\/p>\n<p style=\"text-align: justify\">En la rehabilitaci\u00f3n de la antigua casa del tel\u00e9fono se han cuidado especialmente los detalles. Se mezclan lo r\u00fastico y lo moderno, los ambientes c\u00e1lidos y los funcionales. Destacan los techos de madera, la decoraci\u00f3n r\u00fastica y la conservaci\u00f3n-rehabilitaci\u00f3n de la antigua cocina de ahumar, aspectos que le dan una personalidad \u00fanica y propia dentro de un pueblo con sabor a\u00f1ejo y moderno a la vez.<\/p>\n<p style=\"text-align: justify\">Todos los que hagan el Camino del Destierro pueden sellar su salvoconducto tanto en el <a  href=\"https:\/\/www.mecerreyes.com\/mece\/?page_id=24\">Ayuntamiento<\/a> (Lunes, Mi\u00e9rcoles y Viernes de 9:00 a 15:00 horas) como en el Bar de la Villa en el horario en que permanezca abierto. Los que hagan el Camino de Santiago y quieran sellar su credencial deber\u00e1n hacerlo en la Casa parroquial.<\/p>\n<p style=\"text-align: justify\">Para ampliar esta informaci\u00f3n o solicitar cualquier aclaraci\u00f3n se puede consultar la p\u00e1gina oficial del Camino del Cid (<a  href=\"http:\/\/www.caminodelcid.org\/\" target=\"_blank\">http:\/\/www.caminodelcid.org\/<\/a>), en <a  href=\"http:\/\/www.caminodelcid.org\/Poblacion_Mecerreyes.aspx\" target=\"_blank\">http:\/\/www.caminodelcid.org\/Poblacion_Mecerreyes.aspx<\/a>, en el tel\u00e9fono del <a  href=\"https:\/\/www.mecerreyes.com\/mece\/?page_id=24\">Ayuntamiento<\/a> (947 40 30 01) o visitando el blog que pr\u00f3ximamente inauguraremos y en el que se explicar\u00e1n todos los detalles y se podr\u00e1n comentar diferentes experiencias del Camino.<\/p>\n<p style=\"text-align: justify\">************************<\/p>\n\n\t\t<style type=\"text\/css\">\n\t\t\t#gallery-1 {\n\t\t\t\tmargin: auto;\n\t\t\t}\n\t\t\t#gallery-1 .gallery-item {\n\t\t\t\tfloat: left;\n\t\t\t\tmargin-top: 10px;\n\t\t\t\ttext-align: center;\n\t\t\t\twidth: 33%;\n\t\t\t}\n\t\t\t#gallery-1 img {\n\t\t\t\tborder: 2px solid #cfcfcf;\n\t\t\t}\n\t\t\t#gallery-1 .gallery-caption {\n\t\t\t\tmargin-left: 0;\n\t\t\t}\n\t\t\t\/* see gallery_shortcode() in wp-includes\/media.php *\/\n\t\t<\/style>\n\t\t<div id='gallery-1' class='gallery galleryid-1636 gallery-columns-3 gallery-size-thumbnail'><dl class='gallery-item'>\n\t\t\t<dt class='gallery-icon landscape'>\n\t\t\t\t<a  href=\"https:\/\/www.mecerreyes.com\/mece\/wp-content\/uploads\/2010\/06\/Imagenes-Albergue-2010.jpg\" class=\"thickbox no_icon\" title=\"\"><img loading=\"lazy\" decoding=\"async\" width=\"150\" height=\"150\" src=\"https:\/\/www.mecerreyes.com\/mece\/wp-content\/uploads\/2010\/06\/Imagenes-Albergue-2010-150x150.jpg\" class=\"attachment-thumbnail size-thumbnail\" alt=\"\" \/><\/a>\n\t\t\t<\/dt><\/dl><dl class='gallery-item'>\n\t\t\t<dt class='gallery-icon landscape'>\n\t\t\t\t<a  href=\"https:\/\/www.mecerreyes.com\/mece\/wp-content\/uploads\/2010\/06\/Sello-Mecerreyes-para-web.jpg\" class=\"thickbox no_icon\" title=\"\"><img loading=\"lazy\" decoding=\"async\" width=\"150\" height=\"150\" src=\"https:\/\/www.mecerreyes.com\/mece\/wp-content\/uploads\/2010\/06\/Sello-Mecerreyes-para-web-150x150.jpg\" class=\"attachment-thumbnail size-thumbnail\" alt=\"\" \/><\/a>\n\t\t\t<\/dt><\/dl><dl class='gallery-item'>\n\t\t\t<dt class='gallery-icon landscape'>\n\t\t\t\t<a  href=\"https:\/\/www.mecerreyes.com\/mece\/wp-content\/uploads\/2010\/06\/Mecerreyes-albergue-Salon-comedor.jpg\" class=\"thickbox no_icon\" title=\"\"><img loading=\"lazy\" decoding=\"async\" width=\"150\" height=\"150\" src=\"https:\/\/www.mecerreyes.com\/mece\/wp-content\/uploads\/2010\/06\/Mecerreyes-albergue-Salon-comedor-150x150.jpg\" class=\"attachment-thumbnail size-thumbnail\" alt=\"\" \/><\/a>\n\t\t\t<\/dt><\/dl><br style=\"clear: both\" \/><dl class='gallery-item'>\n\t\t\t<dt class='gallery-icon portrait'>\n\t\t\t\t<a  href=\"https:\/\/www.mecerreyes.com\/mece\/wp-content\/uploads\/2010\/06\/Mecerreyes-albergue-Ba\u00f1o.jpg\" class=\"thickbox no_icon\" title=\"\"><img loading=\"lazy\" decoding=\"async\" width=\"150\" height=\"150\" src=\"https:\/\/www.mecerreyes.com\/mece\/wp-content\/uploads\/2010\/06\/Mecerreyes-albergue-Ba\u00f1o-150x150.jpg\" class=\"attachment-thumbnail size-thumbnail\" alt=\"\" \/><\/a>\n\t\t\t<\/dt><\/dl><dl class='gallery-item'>\n\t\t\t<dt class='gallery-icon landscape'>\n\t\t\t\t<a  href=\"https:\/\/www.mecerreyes.com\/mece\/wp-content\/uploads\/2010\/06\/Mecerreyes-albergue-Fachada-delantera.jpg\" class=\"thickbox no_icon\" title=\"\"><img loading=\"lazy\" decoding=\"async\" width=\"150\" height=\"150\" src=\"https:\/\/www.mecerreyes.com\/mece\/wp-content\/uploads\/2010\/06\/Mecerreyes-albergue-Fachada-delantera-150x150.jpg\" class=\"attachment-thumbnail size-thumbnail\" alt=\"\" \/><\/a>\n\t\t\t<\/dt><\/dl><dl class='gallery-item'>\n\t\t\t<dt class='gallery-icon landscape'>\n\t\t\t\t<a  href=\"https:\/\/www.mecerreyes.com\/mece\/wp-content\/uploads\/2010\/06\/Mecerreyes-albergue-Habitacion-abuhardillada.jpg\" class=\"thickbox no_icon\" title=\"\"><img loading=\"lazy\" decoding=\"async\" width=\"150\" height=\"150\" src=\"https:\/\/www.mecerreyes.com\/mece\/wp-content\/uploads\/2010\/06\/Mecerreyes-albergue-Habitacion-abuhardillada-150x150.jpg\" class=\"attachment-thumbnail size-thumbnail\" alt=\"\" \/><\/a>\n\t\t\t<\/dt><\/dl><br style=\"clear: both\" \/><dl class='gallery-item'>\n\t\t\t<dt class='gallery-icon landscape'>\n\t\t\t\t<a  href=\"https:\/\/www.mecerreyes.com\/mece\/wp-content\/uploads\/2010\/06\/Mecerreyes-albergue-habitacion.jpg\" class=\"thickbox no_icon\" title=\"\"><img loading=\"lazy\" decoding=\"async\" width=\"150\" height=\"150\" src=\"https:\/\/www.mecerreyes.com\/mece\/wp-content\/uploads\/2010\/06\/Mecerreyes-albergue-habitacion-150x150.jpg\" class=\"attachment-thumbnail size-thumbnail\" alt=\"\" \/><\/a>\n\t\t\t<\/dt><\/dl>\n\t\t\t<br style='clear: both' \/>\n\t\t<\/div>\n\n<p style=\"text-align: justify\">************************<\/p>\n<p style=\"text-align: justify\">Noticia publicada en <strong>DIARIO DE BURGOS<\/strong>, martes 29 de junio de 2010<\/p>\n<h2 style=\"text-align: justify\">La localidad abrir\u00e1 el fin de semana un albergue cidiano<\/h2>\n<p style=\"text-align: justify\"><strong>Cuenta con 21 habitaciones, tres ba\u00f1os, sal\u00f3n, cocina y asador. La obra la ha ejecutado el <a  href=\"https:\/\/www.mecerreyes.com\/mece\/?page_id=24\">Ayuntamiento<\/a> y se cobrar\u00e1 5 euros por noche.<\/strong><\/p>\n<p style=\"text-align: justify\">DB\/BURGOS.<\/p>\n<p style=\"text-align: justify\"><em>Mecerreyes inaugura el pr\u00f3ximo s\u00e1bado un albergue de peregrinos destinado a los viajeros que recorran el Camino del Cid. De esta forma, el <a  href=\"https:\/\/www.mecerreyes.com\/mece\/?page_id=24\">ayuntamiento<\/a> de la localidad da respuesta a una demanda de las personas que hac\u00edan este itinerario y que, hasta la fecha, no dispon\u00edan de las instalaciones necesarias para pernoctar en este <a  href=\"https:\/\/www.mecerreyes.com\/mece\/?page_id=2\">municipio<\/a> burgal\u00e9s aunque s\u00ed se les ced\u00eda el uso de una sala municipal.<\/em><\/p>\n<p style=\"text-align: justify\"><em>A partir del fin de semana, con este nuevo servicio, los viajeros tendr\u00e1n un punto de parada obligatoria en su ruta para seguir las huellas de Rodrigo D\u00edaz, el Cid Campeador en su camino al destierro a tierras valencianas.<\/em><\/p>\n<p style=\"text-align: justify\"><em>La Corporaci\u00f3n de Mecerreyes ha invertido 158.000 euros en la nueva infraestructura de los cuales 128.000 se han destinado a la rehabilitaci\u00f3n del inmueble y 30.000 a la adquisici\u00f3n del mobiliario. La financiaci\u00f3n ha corrido a cargo del propio <a  href=\"https:\/\/www.mecerreyes.com\/mece\/?page_id=24\">ayuntamiento<\/a> guileto que, a su vez, ha contado con el respaldo econ\u00f3mico de Caja de Burgos y del programa de desarrollo rural Leadercal comarcal.<br \/>\nCon el nombre \u201cLa Corneja\u201d, el albergue\u00a0 tiene una superficie de 192 metros cuadrados. Cuenta con tres plantas y un total de 21 camas. Dispone de tres ba\u00f1os &#8211; dos de ellos con ducha- sal\u00f3n, cocina y asador. Aquellas personas que quieran pasar la noche en la localidad deben abonar una cantidad simb\u00f3lica de cinco euros.<\/em><\/p>\n<p style=\"text-align: justify\"><em>Las primeras noticias escritas de la existencia de \u00abMezerese\u00bb, son del siglo X, en el documento fundacional del Infantazgo de Covarrubias del a\u00f1o 978, como perteneciente al condado de Lara. Su enclave explica una parte de la <a  href=\"https:\/\/www.mecerreyes.com\/mece\/?page_id=32\">historia<\/a> fundacional de Castilla ya que la tradici\u00f3n ubica en esta localidad el nacimiento de Fern\u00e1n Gonz\u00e1lez, primer conde de Castilla. Mecerreyes suma otros puntos de inter\u00e9s tur\u00edstico puesto que por la localidad pasan el Camino de Santiago y la Ruta de la Lana<\/em><\/p>","protected":false},"excerpt":{"rendered":"<p>Ya se han terminado las obras del albergue, est\u00e1 equipado y preparado para empezar a utilizarse. Pero antes de todo eso hay que inaugurarlo como se merece, dando valor al esfuerzo que el Ayuntamiento ha hecho para que el primer albergue del Camino del Destierro abra sus puertas. De este modo se pone de manifiesto [&hellip;]<\/p>\n","protected":false},"author":5,"featured_media":0,"comment_status":"open","ping_status":"closed","sticky":false,"template":"","format":"standard","meta":{"_et_pb_use_builder":"","_et_pb_old_content":"","_et_gb_content_width":"","footnotes":""},"categories":[1],"tags":[41],"class_list":["post-1636","post","type-post","status-publish","format-standard","hentry","category-general","tag-albergue-la-corneja","et-doesnt-have-format-content","et_post_format-et-post-format-standard"],"_links":{"self":[{"href":"https:\/\/www.mecerreyes.com\/mece\/index.php?rest_route=\/wp\/v2\/posts\/1636"}],"collection":[{"href":"https:\/\/www.mecerreyes.com\/mece\/index.php?rest_route=\/wp\/v2\/posts"}],"about":[{"href":"https:\/\/www.mecerreyes.com\/mece\/index.php?rest_route=\/wp\/v2\/types\/post"}],"author":[{"embeddable":true,"href":"https:\/\/www.mecerreyes.com\/mece\/index.php?rest_route=\/wp\/v2\/users\/5"}],"replies":[{"embeddable":true,"href":"https:\/\/www.mecerreyes.com\/mece\/index.php?rest_route=%2Fwp%2Fv2%2Fcomments&post=1636"}],"version-history":[{"count":0,"href":"https:\/\/www.mecerreyes.com\/mece\/index.php?rest_route=\/wp\/v2\/posts\/1636\/revisions"}],"wp:attachment":[{"href":"https:\/\/www.mecerreyes.com\/mece\/index.php?rest_route=%2Fwp%2Fv2%2Fmedia&parent=1636"}],"wp:term":[{"taxonomy":"category","embeddable":true,"href":"https:\/\/www.mecerreyes.com\/mece\/index.php?rest_route=%2Fwp%2Fv2%2Fcategories&post=1636"},{"taxonomy":"post_tag","embeddable":true,"href":"https:\/\/www.mecerreyes.com\/mece\/index.php?rest_route=%2Fwp%2Fv2%2Ftags&post=1636"}],"curies":[{"name":"wp","href":"https:\/\/api.w.org\/{rel}","templated":true}]}}