{"id":16441,"date":"2018-02-28T18:21:05","date_gmt":"2018-02-28T17:21:05","guid":{"rendered":"http:\/\/www.mecerreyes.com\/mece\/?p=16441"},"modified":"2018-02-28T18:21:05","modified_gmt":"2018-02-28T17:21:05","slug":"las-marzas","status":"publish","type":"post","link":"https:\/\/www.mecerreyes.com\/mece\/?p=16441","title":{"rendered":"LAS MARZAS"},"content":{"rendered":"<p style=\"text-align: justify;\"><a  href=\"http:\/\/www.mecerreyes.com\/mece\/wp-content\/uploads\/2017\/03\/Las-Marzas-Mecerreyes-2017-5.jpg\" class=\"thickbox no_icon\" title=\"\"><img loading=\"lazy\" decoding=\"async\" class=\"aligncenter size-full wp-image-14883\" src=\"http:\/\/www.mecerreyes.com\/mece\/wp-content\/uploads\/2017\/03\/Las-Marzas-Mecerreyes-2017-5.jpg\" alt=\"\" width=\"1000\" height=\"393\" srcset=\"https:\/\/www.mecerreyes.com\/mece\/wp-content\/uploads\/2017\/03\/Las-Marzas-Mecerreyes-2017-5.jpg 1000w, https:\/\/www.mecerreyes.com\/mece\/wp-content\/uploads\/2017\/03\/Las-Marzas-Mecerreyes-2017-5-300x118.jpg 300w, https:\/\/www.mecerreyes.com\/mece\/wp-content\/uploads\/2017\/03\/Las-Marzas-Mecerreyes-2017-5-768x302.jpg 768w\" sizes=\"(max-width: 1000px) 100vw, 1000px\" \/><\/a><\/p>\n<p style=\"text-align: justify;\">Una de las Costumbres que mejor se han conservado y que m\u00e1s arraigo tiene en Mecerreyes, es la del Canto de\u00a0<a  href=\"http:\/\/www.mecerreyes.com\/mece\/?page_id=47\"><a href=\"https:\/\/www.mecerreyes.com\/mece\/?page_id=47\">Las Marzas<\/a><\/a>, tradici\u00f3n muy extendida por la pr\u00e1ctica totalidad de la geograf\u00eda burgalesa, al igual que en Cantabria, Norte de Palencia y pueblos de Soria lim\u00edtrofes con Burgos.<\/p>\n<p style=\"text-align: justify;\">El origen de\u00a0<a  href=\"http:\/\/www.mecerreyes.com\/mece\/?page_id=47\"><a href=\"https:\/\/www.mecerreyes.com\/mece\/?page_id=47\">las Marzas<\/a><\/a>, puede guardar relaci\u00f3n con el comienzo del a\u00f1o Romano,<\/p>\n<p style=\"text-align: justify;\"><em>Para el investigador Caro Baroja\u00a0 \u201clos mozos son los descendientes de los que en otra \u00e9poca salieron con motivo del comienzo del a\u00f1o o \u201cKalendae\u00a0Martiae\u201d cantando las llamadas \u201cmartiae\u201d, que anunciaban la venida del primer mes del a\u00f1o dedicado a un dios de la agricultura, despu\u00e9s de los meses purificatorios\u201d.<\/em><\/p>\n<p style=\"text-align: justify;\">Con el paso de los a\u00f1os,\u00a0<a  href=\"http:\/\/www.mecerreyes.com\/mece\/?page_id=47\"><a href=\"https:\/\/www.mecerreyes.com\/mece\/?page_id=47\">Las Marzas<\/a><\/a>\u00a0se convirtieron en cantos de ronda en la que los j\u00f3venes del pueblo, sal\u00edan a las 12 h. de la noche, en el paso de Febrero a Marzo, a recorrer las calles, formando dos grupos y cantando al calor de las hogueras, mientras recorr\u00edan las calles de la localidad y las mujeres escuchaban desde los balcones.<\/p>\n<p style=\"text-align: justify;\"><a  href=\"http:\/\/www.mecerreyes.com\/mece\/wp-content\/uploads\/2018\/01\/Mecerreyes-Marzas-2018.jpg\" class=\"thickbox no_icon\" title=\"\"><img loading=\"lazy\" decoding=\"async\" class=\"aligncenter size-full wp-image-16354\" src=\"http:\/\/www.mecerreyes.com\/mece\/wp-content\/uploads\/2018\/01\/Mecerreyes-Marzas-2018.jpg\" alt=\"\" width=\"1500\" height=\"642\" srcset=\"https:\/\/www.mecerreyes.com\/mece\/wp-content\/uploads\/2018\/01\/Mecerreyes-Marzas-2018.jpg 1500w, https:\/\/www.mecerreyes.com\/mece\/wp-content\/uploads\/2018\/01\/Mecerreyes-Marzas-2018-300x128.jpg 300w, https:\/\/www.mecerreyes.com\/mece\/wp-content\/uploads\/2018\/01\/Mecerreyes-Marzas-2018-768x329.jpg 768w, https:\/\/www.mecerreyes.com\/mece\/wp-content\/uploads\/2018\/01\/Mecerreyes-Marzas-2018-1024x438.jpg 1024w, https:\/\/www.mecerreyes.com\/mece\/wp-content\/uploads\/2018\/01\/Mecerreyes-Marzas-2018-1080x462.jpg 1080w\" sizes=\"(max-width: 1500px) 100vw, 1500px\" \/><\/a><\/p>\n<p style=\"text-align: justify;\">En la actualidad, adem\u00e1s de cumplir con la tradici\u00f3n y mantener el legado que nos dejaron nuestros mayores, es una de las fechas\u00a0<em>obligadas,\u00a0<\/em>en que los guiletos acuden a su pueblo.<\/p>\n<p style=\"text-align: justify;\">Por la ma\u00f1ana se re\u00fanen los j\u00f3venes para ir al monte a por t\u00e1mbaras, para forman las hogueras alrededor de las cuales se cantar\u00e1n\u00a0<a  href=\"http:\/\/www.mecerreyes.com\/mece\/?page_id=47\"><a href=\"https:\/\/www.mecerreyes.com\/mece\/?page_id=47\">las Marzas<\/a><\/a>.<\/p>\n<p style=\"text-align: justify;\">Al\u00a0 dar las 12 h. en el reloj, todo el pueblo (chicos, chicas, ni\u00f1os y mayores) salen a la calle para cantar. Formando dos grupos, uno a cada extremo de la calle, dan comienzo\u00a0<a  href=\"http:\/\/www.mecerreyes.com\/mece\/?page_id=47\"><a href=\"https:\/\/www.mecerreyes.com\/mece\/?page_id=47\">Las Marzas<\/a><\/a>, empezando uno de ellos y contestando el otro, as\u00ed hasta completar\u00a0<a  href=\"http:\/\/www.mecerreyes.com\/mece\/?page_id=176\">las 64 Coplas<\/a>\u00a0.<\/p>\n<p><span style=\"color: #0000ff;\"><em>Gracias a \u00c1lvaro Subi\u00f1as por el dise\u00f1o del cartel:<\/em><\/span><\/p>\n<p style=\"text-align: justify;\"><a  href=\"http:\/\/www.mecerreyes.com\/mece\/wp-content\/uploads\/2018\/01\/Mecerreyes-Cartel-Marzas-2018-autor-\u00c1lvaro-Subi\u00f1as-Arribas.jpg\" class=\"thickbox no_icon\" title=\"\"><img loading=\"lazy\" decoding=\"async\" class=\"aligncenter size-full wp-image-16349\" src=\"http:\/\/www.mecerreyes.com\/mece\/wp-content\/uploads\/2018\/01\/Mecerreyes-Cartel-Marzas-2018-autor-\u00c1lvaro-Subi\u00f1as-Arribas.jpg\" alt=\"\" width=\"1500\" height=\"2088\" srcset=\"https:\/\/www.mecerreyes.com\/mece\/wp-content\/uploads\/2018\/01\/Mecerreyes-Cartel-Marzas-2018-autor-\u00c1lvaro-Subi\u00f1as-Arribas.jpg 1500w, https:\/\/www.mecerreyes.com\/mece\/wp-content\/uploads\/2018\/01\/Mecerreyes-Cartel-Marzas-2018-autor-\u00c1lvaro-Subi\u00f1as-Arribas-216x300.jpg 216w, https:\/\/www.mecerreyes.com\/mece\/wp-content\/uploads\/2018\/01\/Mecerreyes-Cartel-Marzas-2018-autor-\u00c1lvaro-Subi\u00f1as-Arribas-768x1069.jpg 768w, https:\/\/www.mecerreyes.com\/mece\/wp-content\/uploads\/2018\/01\/Mecerreyes-Cartel-Marzas-2018-autor-\u00c1lvaro-Subi\u00f1as-Arribas-736x1024.jpg 736w, https:\/\/www.mecerreyes.com\/mece\/wp-content\/uploads\/2018\/01\/Mecerreyes-Cartel-Marzas-2018-autor-\u00c1lvaro-Subi\u00f1as-Arribas-1080x1503.jpg 1080w\" sizes=\"(max-width: 1500px) 100vw, 1500px\" \/><\/a><\/p>\n<p style=\"text-align: justify;\"><a  href=\"http:\/\/www.mecerreyes.com\/mece\/wp-content\/uploads\/2017\/03\/Las-Marzas-Mecerreyes-2017-3.jpg\" class=\"thickbox no_icon\" title=\"\"><img loading=\"lazy\" decoding=\"async\" class=\"aligncenter size-full wp-image-14881\" src=\"http:\/\/www.mecerreyes.com\/mece\/wp-content\/uploads\/2017\/03\/Las-Marzas-Mecerreyes-2017-3.jpg\" alt=\"\" width=\"1000\" height=\"696\" srcset=\"https:\/\/www.mecerreyes.com\/mece\/wp-content\/uploads\/2017\/03\/Las-Marzas-Mecerreyes-2017-3.jpg 1000w, https:\/\/www.mecerreyes.com\/mece\/wp-content\/uploads\/2017\/03\/Las-Marzas-Mecerreyes-2017-3-300x209.jpg 300w, https:\/\/www.mecerreyes.com\/mece\/wp-content\/uploads\/2017\/03\/Las-Marzas-Mecerreyes-2017-3-768x535.jpg 768w\" sizes=\"(max-width: 1000px) 100vw, 1000px\" \/><\/a><\/p>","protected":false},"excerpt":{"rendered":"<p>Una de las Costumbres que mejor se han conservado y que m\u00e1s arraigo tiene en Mecerreyes, es la del Canto de\u00a0Las Marzas, tradici\u00f3n muy extendida por la pr\u00e1ctica totalidad de la geograf\u00eda burgalesa, al igual que en Cantabria, Norte de Palencia y pueblos de Soria lim\u00edtrofes con Burgos. El origen de\u00a0las Marzas, puede guardar relaci\u00f3n [&hellip;]<\/p>\n","protected":false},"author":5,"featured_media":16354,"comment_status":"open","ping_status":"closed","sticky":false,"template":"","format":"standard","meta":{"_et_pb_use_builder":"","_et_pb_old_content":"","_et_gb_content_width":"","footnotes":""},"categories":[1],"tags":[36],"class_list":["post-16441","post","type-post","status-publish","format-standard","has-post-thumbnail","hentry","category-general","tag-marzas","et-has-post-format-content","et_post_format-et-post-format-standard"],"_links":{"self":[{"href":"https:\/\/www.mecerreyes.com\/mece\/index.php?rest_route=\/wp\/v2\/posts\/16441"}],"collection":[{"href":"https:\/\/www.mecerreyes.com\/mece\/index.php?rest_route=\/wp\/v2\/posts"}],"about":[{"href":"https:\/\/www.mecerreyes.com\/mece\/index.php?rest_route=\/wp\/v2\/types\/post"}],"author":[{"embeddable":true,"href":"https:\/\/www.mecerreyes.com\/mece\/index.php?rest_route=\/wp\/v2\/users\/5"}],"replies":[{"embeddable":true,"href":"https:\/\/www.mecerreyes.com\/mece\/index.php?rest_route=%2Fwp%2Fv2%2Fcomments&post=16441"}],"version-history":[{"count":10,"href":"https:\/\/www.mecerreyes.com\/mece\/index.php?rest_route=\/wp\/v2\/posts\/16441\/revisions"}],"predecessor-version":[{"id":16451,"href":"https:\/\/www.mecerreyes.com\/mece\/index.php?rest_route=\/wp\/v2\/posts\/16441\/revisions\/16451"}],"wp:featuredmedia":[{"embeddable":true,"href":"https:\/\/www.mecerreyes.com\/mece\/index.php?rest_route=\/wp\/v2\/media\/16354"}],"wp:attachment":[{"href":"https:\/\/www.mecerreyes.com\/mece\/index.php?rest_route=%2Fwp%2Fv2%2Fmedia&parent=16441"}],"wp:term":[{"taxonomy":"category","embeddable":true,"href":"https:\/\/www.mecerreyes.com\/mece\/index.php?rest_route=%2Fwp%2Fv2%2Fcategories&post=16441"},{"taxonomy":"post_tag","embeddable":true,"href":"https:\/\/www.mecerreyes.com\/mece\/index.php?rest_route=%2Fwp%2Fv2%2Ftags&post=16441"}],"curies":[{"name":"wp","href":"https:\/\/api.w.org\/{rel}","templated":true}]}}