{"id":16452,"date":"2018-03-06T17:00:51","date_gmt":"2018-03-06T16:00:51","guid":{"rendered":"http:\/\/www.mecerreyes.com\/mece\/?p=16452"},"modified":"2018-03-07T20:38:24","modified_gmt":"2018-03-07T19:38:24","slug":"noticias-febrero-2018-gallo-de-carnaval-y-marzas","status":"publish","type":"post","link":"https:\/\/www.mecerreyes.com\/mece\/?p=16452","title":{"rendered":"Noticias febrero 2018-Gallo de Carnaval y Marzas"},"content":{"rendered":"<p style=\"text-align: justify;\"><strong>LAS FIESTAS DE INVIERNO<\/strong> marcan indudablemente el mes de febrero en Mecerreyes, mes corto pero intenso, preparar nuevos trajes, recomponer los existentes, divulgar por doquier el evento, detalles y m\u00e1s detalles tienen ocupados a los miembros de la Asociaci\u00f3n Cultural que cuenta siempre con el apoyo del <a  href=\"https:\/\/www.mecerreyes.com\/mece\/?page_id=24\">Ayuntamiento<\/a>.<\/p>\n<p style=\"text-align: justify;\">El inter\u00e9s suscitado en los j\u00f3venes es cada vez mayor, faltan trajes para tanto voluntario como quiere participar en las carnavaladas. M\u00e1s de 40 personajes hacen correr y gritar, mojan, manchan, asustan e incluso aterrorizan con v\u00edsceras, cardos, cuerdas y animales en mano. \u00a1Un deleite para los fot\u00f3grafos!<\/p>\n<p style=\"text-align: justify;\">Aunque las previsiones de lluvia eran evidentes, nadie se ech\u00f3 atr\u00e1s para disfrutar de la fr\u00eda tarde, y aun teniendo que hacer m\u00e1s breve el recorrido, se subast\u00f3 el gallo en 60 \u20ac y se dio buena cuenta de los dulces t\u00edpicos. Los paraguas no impidieron disfrutar del momento, de la decisi\u00f3n de los m\u00e1s peque\u00f1os y del baile de rueda final.<\/p>\n<p style=\"text-align: justify;\"><a  href=\"http:\/\/www.mecerreyes.com\/mece\/wp-content\/uploads\/2018\/03\/Mecerreyes-Gallo-de-Carnaval-2018.jpg\" class=\"thickbox no_icon\" title=\"\"><img loading=\"lazy\" decoding=\"async\" class=\"aligncenter size-full wp-image-16515\" src=\"http:\/\/www.mecerreyes.com\/mece\/wp-content\/uploads\/2018\/03\/Mecerreyes-Gallo-de-Carnaval-2018.jpg\" alt=\"\" width=\"1200\" height=\"1600\" srcset=\"https:\/\/www.mecerreyes.com\/mece\/wp-content\/uploads\/2018\/03\/Mecerreyes-Gallo-de-Carnaval-2018.jpg 1200w, https:\/\/www.mecerreyes.com\/mece\/wp-content\/uploads\/2018\/03\/Mecerreyes-Gallo-de-Carnaval-2018-225x300.jpg 225w, https:\/\/www.mecerreyes.com\/mece\/wp-content\/uploads\/2018\/03\/Mecerreyes-Gallo-de-Carnaval-2018-768x1024.jpg 768w, https:\/\/www.mecerreyes.com\/mece\/wp-content\/uploads\/2018\/03\/Mecerreyes-Gallo-de-Carnaval-2018-1080x1440.jpg 1080w\" sizes=\"(max-width: 1200px) 100vw, 1200px\" \/><\/a><\/p>\n<p style=\"text-align: justify;\">Ver que los de fuera valoran lo nuestro, hace dejar en segundo plano la timidez y la indecisi\u00f3n<strong>. Nuestro carnaval goza de muy buena salud.<\/strong><\/p>\n<p><iframe loading=\"lazy\" width=\"1080\" height=\"608\" src=\"https:\/\/www.youtube.com\/embed\/aVR3M2OGIAk?feature=oembed\" frameborder=\"0\" allow=\"autoplay; encrypted-media\" allowfullscreen><\/iframe><\/p>\n<p style=\"text-align: justify;\">Gustan las tradiciones populares al amable p\u00fablico, que a\u00f1o tras a\u00f1o repite su visita a Mecerreyes para celebrar el Domingo Gordo.<span style=\"color: #ff0000;\">\u00a0<\/span><\/p>\n<p style=\"text-align: justify;\"><a  href=\"http:\/\/www.mecerreyes.com\/mece\/wp-content\/uploads\/2018\/03\/Mecerreyes-Carnavaladas-2018.jpg\" class=\"thickbox no_icon\" title=\"\"><img loading=\"lazy\" decoding=\"async\" class=\"aligncenter size-full wp-image-16487\" src=\"http:\/\/www.mecerreyes.com\/mece\/wp-content\/uploads\/2018\/03\/Mecerreyes-Carnavaladas-2018.jpg\" alt=\"\" width=\"4032\" height=\"1488\" srcset=\"https:\/\/www.mecerreyes.com\/mece\/wp-content\/uploads\/2018\/03\/Mecerreyes-Carnavaladas-2018.jpg 4032w, https:\/\/www.mecerreyes.com\/mece\/wp-content\/uploads\/2018\/03\/Mecerreyes-Carnavaladas-2018-300x111.jpg 300w, https:\/\/www.mecerreyes.com\/mece\/wp-content\/uploads\/2018\/03\/Mecerreyes-Carnavaladas-2018-768x283.jpg 768w, https:\/\/www.mecerreyes.com\/mece\/wp-content\/uploads\/2018\/03\/Mecerreyes-Carnavaladas-2018-1024x378.jpg 1024w, https:\/\/www.mecerreyes.com\/mece\/wp-content\/uploads\/2018\/03\/Mecerreyes-Carnavaladas-2018-1080x399.jpg 1080w\" sizes=\"(max-width: 4032px) 100vw, 4032px\" \/><\/a><\/p>\n<p style=\"text-align: justify;\"><a  href=\"http:\/\/www.mecerreyes.com\/mece\/wp-content\/uploads\/2018\/03\/Mecerreyes-Carnavaladas-2018-a.jpg\" class=\"thickbox no_icon\" title=\"\"><img loading=\"lazy\" decoding=\"async\" class=\"aligncenter size-full wp-image-16490\" src=\"http:\/\/www.mecerreyes.com\/mece\/wp-content\/uploads\/2018\/03\/Mecerreyes-Carnavaladas-2018-a.jpg\" alt=\"\" width=\"720\" height=\"405\" srcset=\"https:\/\/www.mecerreyes.com\/mece\/wp-content\/uploads\/2018\/03\/Mecerreyes-Carnavaladas-2018-a.jpg 720w, https:\/\/www.mecerreyes.com\/mece\/wp-content\/uploads\/2018\/03\/Mecerreyes-Carnavaladas-2018-a-300x169.jpg 300w\" sizes=\"(max-width: 720px) 100vw, 720px\" \/><\/a><\/p>\n<p style=\"text-align: justify;\">Como en ediciones anteriores, la difusi\u00f3n por radio, prensa, redes y transmisi\u00f3n oral, ha puesto a Mecerreyes en primera l\u00ednea de parrilla como oferta cultural de gran inter\u00e9s en la provincia.<\/p>\n<p style=\"text-align: justify;\"><a  href=\"http:\/\/www.mecerreyes.com\/mece\/wp-content\/uploads\/2018\/03\/Logo-ONDA-CERO.jpg\" class=\"thickbox no_icon\" title=\"\"><img loading=\"lazy\" decoding=\"async\" class=\"size-full wp-image-16585 alignleft\" src=\"http:\/\/www.mecerreyes.com\/mece\/wp-content\/uploads\/2018\/03\/Logo-ONDA-CERO.jpg\" alt=\"\" width=\"92\" height=\"72\" \/><\/a>Entrevista sobre el Carnaval de Mecerreyes en Onda Cero, 9-02-2018:<\/p>\n<!--[if lt IE 9]><script>document.createElement('audio');<\/script><![endif]-->\n<audio class=\"wp-audio-shortcode\" id=\"audio-16452-1\" preload=\"none\" style=\"width: 100%;\" controls=\"controls\"><source type=\"audio\/mpeg\" src=\"http:\/\/www.mecerreyes.com\/mece\/wp-content\/uploads\/2018\/03\/FMRecording-1871067027.mp3?_=1\" \/><a  href=\"http:\/\/www.mecerreyes.com\/mece\/wp-content\/uploads\/2018\/03\/FMRecording-1871067027.mp3\">http:\/\/www.mecerreyes.com\/mece\/wp-content\/uploads\/2018\/03\/FMRecording-1871067027.mp3<\/a><\/audio>\n<p>&nbsp;<\/p>\n<div id=\"attachment_16493\" style=\"width: 1610px\" class=\"wp-caption aligncenter\"><a  href=\"http:\/\/www.mecerreyes.com\/mece\/wp-content\/uploads\/2018\/03\/Diario-de-Burgos-9-02-2018-Domingo-Gordo.jpg\" class=\"thickbox no_icon\" title=\"\"><img loading=\"lazy\" decoding=\"async\" aria-describedby=\"caption-attachment-16493\" class=\"wp-image-16493 size-full\" src=\"http:\/\/www.mecerreyes.com\/mece\/wp-content\/uploads\/2018\/03\/Diario-de-Burgos-9-02-2018-Domingo-Gordo.jpg\" alt=\"\" width=\"1600\" height=\"1510\" srcset=\"https:\/\/www.mecerreyes.com\/mece\/wp-content\/uploads\/2018\/03\/Diario-de-Burgos-9-02-2018-Domingo-Gordo.jpg 1600w, https:\/\/www.mecerreyes.com\/mece\/wp-content\/uploads\/2018\/03\/Diario-de-Burgos-9-02-2018-Domingo-Gordo-300x283.jpg 300w, https:\/\/www.mecerreyes.com\/mece\/wp-content\/uploads\/2018\/03\/Diario-de-Burgos-9-02-2018-Domingo-Gordo-768x725.jpg 768w, https:\/\/www.mecerreyes.com\/mece\/wp-content\/uploads\/2018\/03\/Diario-de-Burgos-9-02-2018-Domingo-Gordo-1024x966.jpg 1024w, https:\/\/www.mecerreyes.com\/mece\/wp-content\/uploads\/2018\/03\/Diario-de-Burgos-9-02-2018-Domingo-Gordo-1080x1019.jpg 1080w\" sizes=\"(max-width: 1600px) 100vw, 1600px\" \/><\/a><p id=\"caption-attachment-16493\" class=\"wp-caption-text\">Diario de Burgos, 9-02-2018, Domingo Gordo<\/p><\/div>\n<div id=\"attachment_16491\" style=\"width: 1166px\" class=\"wp-caption aligncenter\"><a  href=\"http:\/\/www.mecerreyes.com\/mece\/wp-content\/uploads\/2018\/03\/Diario-de-Burgos-12-02-2018-Mecerreyes-Domingo-Gordo.jpg\" class=\"thickbox no_icon\" title=\"\"><img loading=\"lazy\" decoding=\"async\" aria-describedby=\"caption-attachment-16491\" class=\"wp-image-16491 size-full\" src=\"http:\/\/www.mecerreyes.com\/mece\/wp-content\/uploads\/2018\/03\/Diario-de-Burgos-12-02-2018-Mecerreyes-Domingo-Gordo.jpg\" alt=\"\" width=\"1156\" height=\"1123\" srcset=\"https:\/\/www.mecerreyes.com\/mece\/wp-content\/uploads\/2018\/03\/Diario-de-Burgos-12-02-2018-Mecerreyes-Domingo-Gordo.jpg 1156w, https:\/\/www.mecerreyes.com\/mece\/wp-content\/uploads\/2018\/03\/Diario-de-Burgos-12-02-2018-Mecerreyes-Domingo-Gordo-300x291.jpg 300w, https:\/\/www.mecerreyes.com\/mece\/wp-content\/uploads\/2018\/03\/Diario-de-Burgos-12-02-2018-Mecerreyes-Domingo-Gordo-768x746.jpg 768w, https:\/\/www.mecerreyes.com\/mece\/wp-content\/uploads\/2018\/03\/Diario-de-Burgos-12-02-2018-Mecerreyes-Domingo-Gordo-1024x995.jpg 1024w, https:\/\/www.mecerreyes.com\/mece\/wp-content\/uploads\/2018\/03\/Diario-de-Burgos-12-02-2018-Mecerreyes-Domingo-Gordo-1080x1049.jpg 1080w\" sizes=\"(max-width: 1156px) 100vw, 1156px\" \/><\/a><p id=\"caption-attachment-16491\" class=\"wp-caption-text\">Diario de Burgos, 12-02-2018, Mecerreyes Domingo Gordo<\/p><\/div>\n<p style=\"text-align: justify;\">Los grupos de danzas que componen el Comit\u00e9 de Folclore Ciudad de Burgos, copian nuestras mascaradas y personajes: zarramacos, rey y Gallo, tambi\u00e9n los m\u00edticos de otros pueblos de la provincia.\u00a0 Hacen animaci\u00f3n de calle por el centro de Burgos intentando preservar en unos casos y acercar al pueblo la cultura del pueblo.<\/p>\n<div id=\"attachment_16610\" style=\"width: 1371px\" class=\"wp-caption aligncenter\"><a  href=\"http:\/\/www.mecerreyes.com\/mece\/wp-content\/uploads\/2018\/03\/Carnaval-de-Burgos-2018-disfraces-y-rey.jpg\" class=\"thickbox no_icon\" title=\"\"><img loading=\"lazy\" decoding=\"async\" aria-describedby=\"caption-attachment-16610\" class=\"size-full wp-image-16610\" src=\"http:\/\/www.mecerreyes.com\/mece\/wp-content\/uploads\/2018\/03\/Carnaval-de-Burgos-2018-disfraces-y-rey.jpg\" alt=\"\" width=\"1361\" height=\"960\" srcset=\"https:\/\/www.mecerreyes.com\/mece\/wp-content\/uploads\/2018\/03\/Carnaval-de-Burgos-2018-disfraces-y-rey.jpg 1361w, https:\/\/www.mecerreyes.com\/mece\/wp-content\/uploads\/2018\/03\/Carnaval-de-Burgos-2018-disfraces-y-rey-300x212.jpg 300w, https:\/\/www.mecerreyes.com\/mece\/wp-content\/uploads\/2018\/03\/Carnaval-de-Burgos-2018-disfraces-y-rey-768x542.jpg 768w, https:\/\/www.mecerreyes.com\/mece\/wp-content\/uploads\/2018\/03\/Carnaval-de-Burgos-2018-disfraces-y-rey-1024x722.jpg 1024w, https:\/\/www.mecerreyes.com\/mece\/wp-content\/uploads\/2018\/03\/Carnaval-de-Burgos-2018-disfraces-y-rey-1080x762.jpg 1080w\" sizes=\"(max-width: 1361px) 100vw, 1361px\" \/><\/a><p id=\"caption-attachment-16610\" class=\"wp-caption-text\">Carnaval de Burgos 2018, disfraces y rey<\/p><\/div>\n<p style=\"text-align: justify;\"><span style=\"color: #0000ff;\"><strong><em>En el pasado, el JUEVES LARDERO O JUEVES DE TODOS.<\/em><\/strong><\/span><\/p>\n<p style=\"text-align: justify;\"><span style=\"color: #0000ff;\"><strong><em>Los ni\u00f1os en edad escolar celebraban todos los a\u00f1os una fiesta conocida popularmente como \u00abJueves de Todos\u00bb, \u00abJueves Lardero\u00bb, que ten\u00eda lugar el jueves anterior al Mi\u00e9rcoles de Ceniza, por lo tanto anterior a los Carnavales, que celebraban los mozos y adultos, es decir, en la antesala de la Cuaresma.<\/em><\/strong><\/span><\/p>\n<p style=\"text-align: justify;\"><span style=\"color: #0000ff;\"><strong><em>Antiguamente en las escuelas hab\u00eda vacaci\u00f3n los jueves por la tarde y en este d\u00eda los maestros daban a los ni\u00f1os vacaci\u00f3n desde por la ma\u00f1ana.\u00a0A la hora en que otros d\u00edas comenzaban la clase se reun\u00edan los ni\u00f1os y ni\u00f1as como para asistir a la escuela y entonces comenzaba el acto central de aquella fiesta que era la postulaci\u00f3n por las casas de todo el pueblo.<\/em><\/strong><\/span><\/p>\n<p style=\"text-align: justify;\"><span style=\"color: #0000ff;\"><strong><em>Como a los ni\u00f1os les interesaba recoger todo tipo de cosas de comer, especialmente, huevos, chorizo, tocino, patatas, etc. eso era lo que les daban las amas de casa, adem\u00e1s de dinero con el que poder comprar otras cosas que complementasen la merienda que con lo recogido se celebraba por la tarde.<\/em><\/strong><\/span><\/p>\n<p style=\"text-align: justify;\"><span style=\"color: #0000ff;\"><strong><em>Durante la postulaci\u00f3n, todos los ni\u00f1os y ni\u00f1as cantaban en cada casa la tradicional cancioncilla que junto a la ingenuidad normal encierra cierta confianza en la generosidad de las vecinas:<\/em><\/strong><strong><em>\u00a0<\/em><\/strong><\/span><\/p>\n<p style=\"text-align: center;\"><span style=\"color: #0000ff;\"><strong>\u00c1ngeles somos,<\/strong><\/span><\/p>\n<p style=\"text-align: center;\"><span style=\"color: #0000ff;\"><strong>del cielo venimos,<\/strong><\/span><\/p>\n<p style=\"text-align: center;\"><span style=\"color: #0000ff;\"><strong>cestas traemos,<\/strong><\/span><\/p>\n<p style=\"text-align: center;\"><span style=\"color: #0000ff;\"><strong>huevos pedimos<\/strong><\/span><\/p>\n<p style=\"text-align: center;\"><span style=\"color: #0000ff;\"><strong>para Jesucristo<\/strong><\/span><\/p>\n<p style=\"text-align: center;\"><span style=\"color: #0000ff;\"><strong>que viene de camino<\/strong><\/span><\/p>\n<p style=\"text-align: center;\"><span style=\"color: #0000ff;\"><strong>y Nuestra Se\u00f1ora<\/strong><\/span><\/p>\n<p style=\"text-align: center;\"><span style=\"color: #0000ff;\"><strong>que viene sentada<\/strong><\/span><\/p>\n<p style=\"text-align: center;\"><span style=\"color: #0000ff;\"><strong>en la silla dorada<\/strong><\/span><\/p>\n<p style=\"text-align: center;\"><span style=\"color: #0000ff;\"><strong>lavando los pa\u00f1os<\/strong><\/span><\/p>\n<p style=\"text-align: center;\"><span style=\"color: #0000ff;\"><strong>en agua rosada<\/strong><\/span><\/p>\n<p style=\"text-align: center;\"><span style=\"color: #0000ff;\"><strong>\u00a0<\/strong><\/span><\/p>\n<p style=\"text-align: center;\"><span style=\"color: #0000ff;\"><strong>Jueves en la cena,<\/strong><\/span><\/p>\n<p style=\"text-align: center;\"><span style=\"color: #0000ff;\"><strong>Viernes en la Cruz,<\/strong><\/span><\/p>\n<p style=\"text-align: center;\"><span style=\"color: #0000ff;\"><strong>S\u00e1bado de Pascua<\/strong><\/span><\/p>\n<p style=\"text-align: center;\"><span style=\"color: #0000ff;\"><strong>resucit\u00f3 el Ni\u00f1o Jes\u00fas.<\/strong><\/span><\/p>\n<p style=\"text-align: center;\"><span style=\"color: #0000ff;\"><strong>Darnos una limosna<\/strong><\/span><\/p>\n<p style=\"text-align: center;\"><span style=\"color: #0000ff;\"><strong>que por ella se alcanza<\/strong><\/span><\/p>\n<p style=\"text-align: center;\"><span style=\"color: #0000ff;\"><strong>de Jes\u00fas y de\u00a0Mar\u00eda<\/strong><\/span><\/p>\n<p style=\"text-align: center;\"><span style=\"color: #0000ff;\"><strong>la buena venturanza.<\/strong><\/span><\/p>\n<p style=\"text-align: justify;\">Esta tradici\u00f3n de JUEVES DE TODOS,\u00a0 se traslada en la actualidad a fin de semana. El s\u00e1bado por la noche celebramos la merienda de carnaval, despu\u00e9s de dar por finalizados los preparativos del domingo, y hacer los dulces que se repartir\u00e1n despu\u00e9s de la Corrida del Gallo.<\/p>\n<p style=\"text-align: justify;\">En Mecerreyes, desde las 9 de la ma\u00f1ana del domingo, se recorren las casas al son de dulzaina y tambor, escoltados los m\u00fasicos por los zarramacos y varones con capa, pidiendo los aguinaldos, (lo que anta\u00f1o hac\u00edan los ni\u00f1os el jueves de todos).<\/p>\n<p style=\"text-align: justify;\"><a  href=\"http:\/\/www.mecerreyes.com\/mece\/wp-content\/uploads\/2018\/03\/Mecerreyes-aguinaldos-2018.jpg\" class=\"thickbox no_icon\" title=\"\"><img loading=\"lazy\" decoding=\"async\" class=\"aligncenter size-full wp-image-16496\" src=\"http:\/\/www.mecerreyes.com\/mece\/wp-content\/uploads\/2018\/03\/Mecerreyes-aguinaldos-2018.jpg\" alt=\"\" width=\"1600\" height=\"900\" srcset=\"https:\/\/www.mecerreyes.com\/mece\/wp-content\/uploads\/2018\/03\/Mecerreyes-aguinaldos-2018.jpg 1600w, https:\/\/www.mecerreyes.com\/mece\/wp-content\/uploads\/2018\/03\/Mecerreyes-aguinaldos-2018-300x169.jpg 300w, https:\/\/www.mecerreyes.com\/mece\/wp-content\/uploads\/2018\/03\/Mecerreyes-aguinaldos-2018-768x432.jpg 768w, https:\/\/www.mecerreyes.com\/mece\/wp-content\/uploads\/2018\/03\/Mecerreyes-aguinaldos-2018-1024x576.jpg 1024w, https:\/\/www.mecerreyes.com\/mece\/wp-content\/uploads\/2018\/03\/Mecerreyes-aguinaldos-2018-1080x608.jpg 1080w\" sizes=\"(max-width: 1600px) 100vw, 1600px\" \/><\/a><\/p>\n<p style=\"text-align: justify;\"><a  href=\"http:\/\/www.mecerreyes.com\/mece\/wp-content\/uploads\/2018\/03\/Mecerreyes-aguinaldos-del-domingo-gordo-11-02-18.jpg\" class=\"thickbox no_icon\" title=\"\"><img loading=\"lazy\" decoding=\"async\" class=\"aligncenter size-full wp-image-16525\" src=\"http:\/\/www.mecerreyes.com\/mece\/wp-content\/uploads\/2018\/03\/Mecerreyes-aguinaldos-del-domingo-gordo-11-02-18.jpg\" alt=\"\" width=\"1000\" height=\"750\" srcset=\"https:\/\/www.mecerreyes.com\/mece\/wp-content\/uploads\/2018\/03\/Mecerreyes-aguinaldos-del-domingo-gordo-11-02-18.jpg 1000w, https:\/\/www.mecerreyes.com\/mece\/wp-content\/uploads\/2018\/03\/Mecerreyes-aguinaldos-del-domingo-gordo-11-02-18-300x225.jpg 300w, https:\/\/www.mecerreyes.com\/mece\/wp-content\/uploads\/2018\/03\/Mecerreyes-aguinaldos-del-domingo-gordo-11-02-18-768x576.jpg 768w\" sizes=\"(max-width: 1000px) 100vw, 1000px\" \/><\/a><\/p>\n<h2 style=\"text-align: justify;\"><a  href=\"https:\/\/www.mecerreyes.com\/mece\/?page_id=47\">LAS MARZAS<\/a><\/h2>\n<p style=\"text-align: justify;\">Un honor escuchar <a  href=\"https:\/\/www.mecerreyes.com\/mece\/?page_id=47\">las marzas<\/a> de Mecerreyes en la plaza mayor de Burgos la noche del 28 \u00a1Ni la gran nevada hizo suspender el acto! El Grupo Tradicional Gavilla las recogi\u00f3 all\u00e1 por los 80 y viene dando la bienvenida a la primavera desde entonces en la capital con nuestras coplas.<\/p>\n<p style=\"text-align: justify;\">Tambi\u00e9n, muchos a\u00f1os, son las elegidas para abrir el Festival de Marzas que se celebra en el Polideportivo Municipal del Plant\u00edo de Burgos ante 2500 personas.<\/p>\n<p style=\"text-align: justify;\">Son muchos los pueblos que conservan esta ancestral tradici\u00f3n, pero los hechos que he mencionado anteriormente hacen que nuestras coplas sean las m\u00e1s conocidas. Y si se diera el caso de dejar de cantarlas en el pueblo, no quedar\u00edan en el olvido gracias al Comit\u00e9 de Folclore Ciudad de Burgos.<\/p>\n<p style=\"text-align: justify;\"><a  href=\"http:\/\/www.mecerreyes.com\/mece\/wp-content\/uploads\/2018\/03\/Mapa-Las-Marzas-en-la-Provincia-de-Burgos.jpg\" class=\"thickbox no_icon\" title=\"\"><img loading=\"lazy\" decoding=\"async\" class=\"aligncenter size-full wp-image-16499\" src=\"http:\/\/www.mecerreyes.com\/mece\/wp-content\/uploads\/2018\/03\/Mapa-Las-Marzas-en-la-Provincia-de-Burgos.jpg\" alt=\"\" width=\"908\" height=\"1368\" srcset=\"https:\/\/www.mecerreyes.com\/mece\/wp-content\/uploads\/2018\/03\/Mapa-Las-Marzas-en-la-Provincia-de-Burgos.jpg 908w, https:\/\/www.mecerreyes.com\/mece\/wp-content\/uploads\/2018\/03\/Mapa-Las-Marzas-en-la-Provincia-de-Burgos-199x300.jpg 199w, https:\/\/www.mecerreyes.com\/mece\/wp-content\/uploads\/2018\/03\/Mapa-Las-Marzas-en-la-Provincia-de-Burgos-768x1157.jpg 768w, https:\/\/www.mecerreyes.com\/mece\/wp-content\/uploads\/2018\/03\/Mapa-Las-Marzas-en-la-Provincia-de-Burgos-680x1024.jpg 680w\" sizes=\"(max-width: 908px) 100vw, 908px\" \/><\/a><\/p>\n<p style=\"text-align: justify;\">Despu\u00e9s de un d\u00eda de lluvia, la noche del 3 de marzo, volvi\u00f3 a reunir a los amantes del pueblo y miembros de distintas <a  href=\"https:\/\/www.mecerreyes.com\/mece\/?page_id=268\">pe\u00f1as<\/a> para cantar alrededor del fuego purificador. Entra\u00f1able encuentro de guiletos, que terminan su fiesta en chamizos, sedes o\u00a0 bodegas, y amanecen con la sensaci\u00f3n de que \u201c<strong>la fiesta en el pueblo es lo mejor<\/strong>\u201d.<\/p>\n<p style=\"text-align: justify;\">Este a\u00f1o ayud\u00f3 a calentar el cuerpo las exquisitas <strong>sopas de ajo<\/strong> que ofrecieron las amas de casa al finalizar el canto de <a  href=\"https:\/\/www.mecerreyes.com\/mece\/?page_id=47\">Las Marzas<\/a> y que tambi\u00e9n pudimos degustar el domingo. Gracias.<\/p>\n\n\t\t<style type=\"text\/css\">\n\t\t\t#gallery-1 {\n\t\t\t\tmargin: auto;\n\t\t\t}\n\t\t\t#gallery-1 .gallery-item {\n\t\t\t\tfloat: left;\n\t\t\t\tmargin-top: 10px;\n\t\t\t\ttext-align: center;\n\t\t\t\twidth: 33%;\n\t\t\t}\n\t\t\t#gallery-1 img {\n\t\t\t\tborder: 2px solid #cfcfcf;\n\t\t\t}\n\t\t\t#gallery-1 .gallery-caption {\n\t\t\t\tmargin-left: 0;\n\t\t\t}\n\t\t\t\/* see gallery_shortcode() in wp-includes\/media.php *\/\n\t\t<\/style>\n\t\t<div id='gallery-1' class='gallery galleryid-16452 gallery-columns-3 gallery-size-thumbnail'><dl class='gallery-item'>\n\t\t\t<dt class='gallery-icon landscape'>\n\t\t\t\t<a  href=\"https:\/\/www.mecerreyes.com\/mece\/wp-content\/uploads\/2018\/03\/Mecerreyes-Marzas-2018-5.jpg\" class=\"thickbox no_icon\" title=\"\"><img loading=\"lazy\" decoding=\"async\" width=\"150\" height=\"150\" src=\"https:\/\/www.mecerreyes.com\/mece\/wp-content\/uploads\/2018\/03\/Mecerreyes-Marzas-2018-5-150x150.jpg\" class=\"attachment-thumbnail size-thumbnail\" alt=\"\" srcset=\"https:\/\/www.mecerreyes.com\/mece\/wp-content\/uploads\/2018\/03\/Mecerreyes-Marzas-2018-5-150x150.jpg 150w, https:\/\/www.mecerreyes.com\/mece\/wp-content\/uploads\/2018\/03\/Mecerreyes-Marzas-2018-5-440x440.jpg 440w\" sizes=\"(max-width: 150px) 100vw, 150px\" \/><\/a>\n\t\t\t<\/dt><\/dl><dl class='gallery-item'>\n\t\t\t<dt class='gallery-icon landscape'>\n\t\t\t\t<a  href=\"https:\/\/www.mecerreyes.com\/mece\/wp-content\/uploads\/2018\/03\/Mecerreyes-Marzas-2018.jpg\" class=\"thickbox no_icon\" title=\"\"><img loading=\"lazy\" decoding=\"async\" width=\"150\" height=\"150\" src=\"https:\/\/www.mecerreyes.com\/mece\/wp-content\/uploads\/2018\/03\/Mecerreyes-Marzas-2018-150x150.jpg\" class=\"attachment-thumbnail size-thumbnail\" alt=\"\" srcset=\"https:\/\/www.mecerreyes.com\/mece\/wp-content\/uploads\/2018\/03\/Mecerreyes-Marzas-2018-150x150.jpg 150w, https:\/\/www.mecerreyes.com\/mece\/wp-content\/uploads\/2018\/03\/Mecerreyes-Marzas-2018-440x440.jpg 440w\" sizes=\"(max-width: 150px) 100vw, 150px\" \/><\/a>\n\t\t\t<\/dt><\/dl><dl class='gallery-item'>\n\t\t\t<dt class='gallery-icon landscape'>\n\t\t\t\t<a  href=\"https:\/\/www.mecerreyes.com\/mece\/wp-content\/uploads\/2018\/03\/Mecerreyes-Marzas-2018-1.jpg\" class=\"thickbox no_icon\" title=\"\"><img loading=\"lazy\" decoding=\"async\" width=\"150\" height=\"150\" src=\"https:\/\/www.mecerreyes.com\/mece\/wp-content\/uploads\/2018\/03\/Mecerreyes-Marzas-2018-1-150x150.jpg\" class=\"attachment-thumbnail size-thumbnail\" alt=\"\" srcset=\"https:\/\/www.mecerreyes.com\/mece\/wp-content\/uploads\/2018\/03\/Mecerreyes-Marzas-2018-1-150x150.jpg 150w, https:\/\/www.mecerreyes.com\/mece\/wp-content\/uploads\/2018\/03\/Mecerreyes-Marzas-2018-1-440x440.jpg 440w\" sizes=\"(max-width: 150px) 100vw, 150px\" \/><\/a>\n\t\t\t<\/dt><\/dl><br style=\"clear: both\" \/><dl class='gallery-item'>\n\t\t\t<dt class='gallery-icon landscape'>\n\t\t\t\t<a  href=\"https:\/\/www.mecerreyes.com\/mece\/wp-content\/uploads\/2018\/03\/Mecerreyes-Marzas-2018-2.jpg\" class=\"thickbox no_icon\" title=\"\"><img loading=\"lazy\" decoding=\"async\" width=\"150\" height=\"150\" src=\"https:\/\/www.mecerreyes.com\/mece\/wp-content\/uploads\/2018\/03\/Mecerreyes-Marzas-2018-2-150x150.jpg\" class=\"attachment-thumbnail size-thumbnail\" alt=\"\" srcset=\"https:\/\/www.mecerreyes.com\/mece\/wp-content\/uploads\/2018\/03\/Mecerreyes-Marzas-2018-2-150x150.jpg 150w, https:\/\/www.mecerreyes.com\/mece\/wp-content\/uploads\/2018\/03\/Mecerreyes-Marzas-2018-2-440x440.jpg 440w\" sizes=\"(max-width: 150px) 100vw, 150px\" \/><\/a>\n\t\t\t<\/dt><\/dl><dl class='gallery-item'>\n\t\t\t<dt class='gallery-icon portrait'>\n\t\t\t\t<a  href=\"https:\/\/www.mecerreyes.com\/mece\/wp-content\/uploads\/2018\/03\/Mecerreyes-Marzas-2018-3.jpg\" class=\"thickbox no_icon\" title=\"\"><img loading=\"lazy\" decoding=\"async\" width=\"150\" height=\"150\" src=\"https:\/\/www.mecerreyes.com\/mece\/wp-content\/uploads\/2018\/03\/Mecerreyes-Marzas-2018-3-150x150.jpg\" class=\"attachment-thumbnail size-thumbnail\" alt=\"\" srcset=\"https:\/\/www.mecerreyes.com\/mece\/wp-content\/uploads\/2018\/03\/Mecerreyes-Marzas-2018-3-150x150.jpg 150w, https:\/\/www.mecerreyes.com\/mece\/wp-content\/uploads\/2018\/03\/Mecerreyes-Marzas-2018-3-440x440.jpg 440w\" sizes=\"(max-width: 150px) 100vw, 150px\" \/><\/a>\n\t\t\t<\/dt><\/dl><dl class='gallery-item'>\n\t\t\t<dt class='gallery-icon landscape'>\n\t\t\t\t<a  href=\"https:\/\/www.mecerreyes.com\/mece\/wp-content\/uploads\/2018\/03\/Mecerreyes-Marzas-2018-4.jpg\" class=\"thickbox no_icon\" title=\"\"><img loading=\"lazy\" decoding=\"async\" width=\"150\" height=\"150\" src=\"https:\/\/www.mecerreyes.com\/mece\/wp-content\/uploads\/2018\/03\/Mecerreyes-Marzas-2018-4-150x150.jpg\" class=\"attachment-thumbnail size-thumbnail\" alt=\"\" srcset=\"https:\/\/www.mecerreyes.com\/mece\/wp-content\/uploads\/2018\/03\/Mecerreyes-Marzas-2018-4-150x150.jpg 150w, https:\/\/www.mecerreyes.com\/mece\/wp-content\/uploads\/2018\/03\/Mecerreyes-Marzas-2018-4-440x440.jpg 440w\" sizes=\"(max-width: 150px) 100vw, 150px\" \/><\/a>\n\t\t\t<\/dt><\/dl><br style=\"clear: both\" \/>\n\t\t<\/div>\n\n<p style=\"text-align: justify;\">Fiestas de invierno decimos pues \u00e9ste sigue dando coletazos, nieve, hielo, fr\u00edo de verdad, hasta -8 grados, temperatura adecuada para por capricho y no por necesidad, hacer las labores propias de la matanza, a\u00f1orar m\u00e9todos y sabores de anta\u00f1o. Como ocurre con el folclore, tambi\u00e9n los chorizos, adobos y morcillas, tienen un toque distinto de un pueblo a otro, de una casa a otra, y sus t\u00e9cnicas, pasan oralmente de manos de nuestros mayores.<\/p>\n<p style=\"text-align: justify;\"><a  href=\"http:\/\/www.mecerreyes.com\/mece\/wp-content\/uploads\/2018\/03\/Mecerreyes-chorizos-febrero-2018.jpg\" class=\"thickbox no_icon\" title=\"\"><img loading=\"lazy\" decoding=\"async\" class=\"aligncenter size-full wp-image-16506\" src=\"http:\/\/www.mecerreyes.com\/mece\/wp-content\/uploads\/2018\/03\/Mecerreyes-chorizos-febrero-2018.jpg\" alt=\"\" width=\"3260\" height=\"1200\" srcset=\"https:\/\/www.mecerreyes.com\/mece\/wp-content\/uploads\/2018\/03\/Mecerreyes-chorizos-febrero-2018.jpg 3260w, https:\/\/www.mecerreyes.com\/mece\/wp-content\/uploads\/2018\/03\/Mecerreyes-chorizos-febrero-2018-300x110.jpg 300w, https:\/\/www.mecerreyes.com\/mece\/wp-content\/uploads\/2018\/03\/Mecerreyes-chorizos-febrero-2018-768x283.jpg 768w, https:\/\/www.mecerreyes.com\/mece\/wp-content\/uploads\/2018\/03\/Mecerreyes-chorizos-febrero-2018-1024x377.jpg 1024w, https:\/\/www.mecerreyes.com\/mece\/wp-content\/uploads\/2018\/03\/Mecerreyes-chorizos-febrero-2018-1080x398.jpg 1080w\" sizes=\"(max-width: 3260px) 100vw, 3260px\" \/><\/a><\/p>\n<p style=\"text-align: justify;\">Las precipitaciones en forma de nieve de este mes son alentadoras, recargan acu\u00edferos, aseguran cosechas, y el impacto medioambiental es extraordinario.<\/p>\n\n\t\t<style type=\"text\/css\">\n\t\t\t#gallery-2 {\n\t\t\t\tmargin: auto;\n\t\t\t}\n\t\t\t#gallery-2 .gallery-item {\n\t\t\t\tfloat: left;\n\t\t\t\tmargin-top: 10px;\n\t\t\t\ttext-align: center;\n\t\t\t\twidth: 33%;\n\t\t\t}\n\t\t\t#gallery-2 img {\n\t\t\t\tborder: 2px solid #cfcfcf;\n\t\t\t}\n\t\t\t#gallery-2 .gallery-caption {\n\t\t\t\tmargin-left: 0;\n\t\t\t}\n\t\t\t\/* see gallery_shortcode() in wp-includes\/media.php *\/\n\t\t<\/style>\n\t\t<div id='gallery-2' class='gallery galleryid-16452 gallery-columns-3 gallery-size-thumbnail'><dl class='gallery-item'>\n\t\t\t<dt class='gallery-icon landscape'>\n\t\t\t\t<a  href=\"https:\/\/www.mecerreyes.com\/mece\/wp-content\/uploads\/2018\/03\/Mecerreyes-nevada-4-02-2018-2.jpg\" class=\"thickbox no_icon\" title=\"\"><img loading=\"lazy\" decoding=\"async\" width=\"150\" height=\"150\" src=\"https:\/\/www.mecerreyes.com\/mece\/wp-content\/uploads\/2018\/03\/Mecerreyes-nevada-4-02-2018-2-150x150.jpg\" class=\"attachment-thumbnail size-thumbnail\" alt=\"\" srcset=\"https:\/\/www.mecerreyes.com\/mece\/wp-content\/uploads\/2018\/03\/Mecerreyes-nevada-4-02-2018-2-150x150.jpg 150w, https:\/\/www.mecerreyes.com\/mece\/wp-content\/uploads\/2018\/03\/Mecerreyes-nevada-4-02-2018-2-440x440.jpg 440w\" sizes=\"(max-width: 150px) 100vw, 150px\" \/><\/a>\n\t\t\t<\/dt><\/dl><dl class='gallery-item'>\n\t\t\t<dt class='gallery-icon portrait'>\n\t\t\t\t<a  href=\"https:\/\/www.mecerreyes.com\/mece\/wp-content\/uploads\/2018\/03\/Mecerreyes-nevada-4-02-2018-1.jpg\" class=\"thickbox no_icon\" title=\"\"><img loading=\"lazy\" decoding=\"async\" width=\"150\" height=\"150\" src=\"https:\/\/www.mecerreyes.com\/mece\/wp-content\/uploads\/2018\/03\/Mecerreyes-nevada-4-02-2018-1-150x150.jpg\" class=\"attachment-thumbnail size-thumbnail\" alt=\"\" srcset=\"https:\/\/www.mecerreyes.com\/mece\/wp-content\/uploads\/2018\/03\/Mecerreyes-nevada-4-02-2018-1-150x150.jpg 150w, https:\/\/www.mecerreyes.com\/mece\/wp-content\/uploads\/2018\/03\/Mecerreyes-nevada-4-02-2018-1-440x440.jpg 440w\" sizes=\"(max-width: 150px) 100vw, 150px\" \/><\/a>\n\t\t\t<\/dt><\/dl><dl class='gallery-item'>\n\t\t\t<dt class='gallery-icon landscape'>\n\t\t\t\t<a  href=\"https:\/\/www.mecerreyes.com\/mece\/wp-content\/uploads\/2018\/03\/Mecerreyes-nevada-4-02-2018-4.jpg\" class=\"thickbox no_icon\" title=\"\"><img loading=\"lazy\" decoding=\"async\" width=\"150\" height=\"150\" src=\"https:\/\/www.mecerreyes.com\/mece\/wp-content\/uploads\/2018\/03\/Mecerreyes-nevada-4-02-2018-4-150x150.jpg\" class=\"attachment-thumbnail size-thumbnail\" alt=\"\" srcset=\"https:\/\/www.mecerreyes.com\/mece\/wp-content\/uploads\/2018\/03\/Mecerreyes-nevada-4-02-2018-4-150x150.jpg 150w, https:\/\/www.mecerreyes.com\/mece\/wp-content\/uploads\/2018\/03\/Mecerreyes-nevada-4-02-2018-4-440x440.jpg 440w\" sizes=\"(max-width: 150px) 100vw, 150px\" \/><\/a>\n\t\t\t<\/dt><\/dl><br style=\"clear: both\" \/><dl class='gallery-item'>\n\t\t\t<dt class='gallery-icon landscape'>\n\t\t\t\t<a  href=\"https:\/\/www.mecerreyes.com\/mece\/wp-content\/uploads\/2018\/03\/Mecerreyes-nevada-4-02-2018-3.jpg\" class=\"thickbox no_icon\" title=\"\"><img loading=\"lazy\" decoding=\"async\" width=\"150\" height=\"150\" src=\"https:\/\/www.mecerreyes.com\/mece\/wp-content\/uploads\/2018\/03\/Mecerreyes-nevada-4-02-2018-3-150x150.jpg\" class=\"attachment-thumbnail size-thumbnail\" alt=\"\" srcset=\"https:\/\/www.mecerreyes.com\/mece\/wp-content\/uploads\/2018\/03\/Mecerreyes-nevada-4-02-2018-3-150x150.jpg 150w, https:\/\/www.mecerreyes.com\/mece\/wp-content\/uploads\/2018\/03\/Mecerreyes-nevada-4-02-2018-3-440x440.jpg 440w\" sizes=\"(max-width: 150px) 100vw, 150px\" \/><\/a>\n\t\t\t<\/dt><\/dl><dl class='gallery-item'>\n\t\t\t<dt class='gallery-icon landscape'>\n\t\t\t\t<a  href=\"https:\/\/www.mecerreyes.com\/mece\/wp-content\/uploads\/2018\/03\/Mecerreyes-nevada-4-02-2018-6.jpg\" class=\"thickbox no_icon\" title=\"\"><img loading=\"lazy\" decoding=\"async\" width=\"150\" height=\"150\" src=\"https:\/\/www.mecerreyes.com\/mece\/wp-content\/uploads\/2018\/03\/Mecerreyes-nevada-4-02-2018-6-150x150.jpg\" class=\"attachment-thumbnail size-thumbnail\" alt=\"\" srcset=\"https:\/\/www.mecerreyes.com\/mece\/wp-content\/uploads\/2018\/03\/Mecerreyes-nevada-4-02-2018-6-150x150.jpg 150w, https:\/\/www.mecerreyes.com\/mece\/wp-content\/uploads\/2018\/03\/Mecerreyes-nevada-4-02-2018-6-440x440.jpg 440w\" sizes=\"(max-width: 150px) 100vw, 150px\" \/><\/a>\n\t\t\t<\/dt><\/dl><dl class='gallery-item'>\n\t\t\t<dt class='gallery-icon landscape'>\n\t\t\t\t<a  href=\"https:\/\/www.mecerreyes.com\/mece\/wp-content\/uploads\/2018\/03\/Mecerreyes-nevada-4-02-2018-5.jpg\" class=\"thickbox no_icon\" title=\"\"><img loading=\"lazy\" decoding=\"async\" width=\"150\" height=\"150\" src=\"https:\/\/www.mecerreyes.com\/mece\/wp-content\/uploads\/2018\/03\/Mecerreyes-nevada-4-02-2018-5-150x150.jpg\" class=\"attachment-thumbnail size-thumbnail\" alt=\"\" srcset=\"https:\/\/www.mecerreyes.com\/mece\/wp-content\/uploads\/2018\/03\/Mecerreyes-nevada-4-02-2018-5-150x150.jpg 150w, https:\/\/www.mecerreyes.com\/mece\/wp-content\/uploads\/2018\/03\/Mecerreyes-nevada-4-02-2018-5-440x440.jpg 440w\" sizes=\"(max-width: 150px) 100vw, 150px\" \/><\/a>\n\t\t\t<\/dt><\/dl><br style=\"clear: both\" \/>\n\t\t<\/div>\n\n<p style=\"text-align: justify;\">El r\u00edo Arlanz\u00f3n y el Arlanza bajan con buen caudal.<\/p>\n<p style=\"text-align: justify;\">Deseando ya que la foresta cambie de color, pues habremos entrado en la ansiada primavera que permita pasear y disfrutar de m\u00e1s horas de luz.<\/p>\n<h2 style=\"text-align: justify;\"><strong>EFEMERIDES<\/strong><\/h2>\n<ul>\n<li style=\"text-align: justify;\">El\u00a0 4 D\u00eda Mundial contra el C\u00e1ncer.<\/li>\n<li style=\"text-align: justify;\"><strong>El 11 Domingo Gordo en Mecerreyes.<\/strong><\/li>\n<li style=\"text-align: justify;\">El\u00a0 14 D\u00eda del Amor y la Amistad.<\/li>\n<li style=\"text-align: justify;\">El\u00a0 15 D\u00eda Internacional del C\u00e1ncer Infantil.<\/li>\n<li style=\"text-align: justify;\">El\u00a0 18 D\u00eda Internacional del Asperger.<\/li>\n<li style=\"text-align: justify;\">El\u00a0 20 D\u00eda de la Justicia Social.<\/li>\n<li style=\"text-align: justify;\">El\u00a0 22 D\u00eda del Agr\u00f3nomo\/a.<\/li>\n<li style=\"text-align: justify;\">El 28 D\u00eda Mundial de las Enfermedades Raras.<\/li>\n<li style=\"text-align: justify;\"><strong>Canto de\u00a0<\/strong><a  href=\"http:\/\/www.mecerreyes.com\/mece\/?page_id=47\"><strong><a href=\"https:\/\/www.mecerreyes.com\/mece\/?page_id=47\">las marzas<\/a><\/strong><\/a><strong>\u00a0de\u00a0Mecerreyes en la Plaza Mayor de Burgos.<\/strong><\/li>\n<\/ul>\n<h2 style=\"text-align: justify;\">\u00a1Qu\u00e9 curiosidad!<\/h2>\n<p style=\"text-align: justify;\">Por si fueran pocas las veces que este mes Mecerreyes aparec\u00eda en prensa, nos encontramos con este recorte en Diario de Burgos, los hechos que cuenta ocurrieron el 9 de febrero de 1893.<\/p>\n<p style=\"text-align: justify;\"><a  href=\"http:\/\/www.mecerreyes.com\/mece\/wp-content\/uploads\/2018\/03\/Diario-de-Burgos-9-02-2018-hace-125-a\u00f1os.jpg\" class=\"thickbox no_icon\" title=\"\"><img loading=\"lazy\" decoding=\"async\" class=\"aligncenter size-full wp-image-16500\" src=\"http:\/\/www.mecerreyes.com\/mece\/wp-content\/uploads\/2018\/03\/Diario-de-Burgos-9-02-2018-hace-125-a\u00f1os.jpg\" alt=\"\" width=\"1200\" height=\"1600\" srcset=\"https:\/\/www.mecerreyes.com\/mece\/wp-content\/uploads\/2018\/03\/Diario-de-Burgos-9-02-2018-hace-125-a\u00f1os.jpg 1200w, https:\/\/www.mecerreyes.com\/mece\/wp-content\/uploads\/2018\/03\/Diario-de-Burgos-9-02-2018-hace-125-a\u00f1os-225x300.jpg 225w, https:\/\/www.mecerreyes.com\/mece\/wp-content\/uploads\/2018\/03\/Diario-de-Burgos-9-02-2018-hace-125-a\u00f1os-768x1024.jpg 768w, https:\/\/www.mecerreyes.com\/mece\/wp-content\/uploads\/2018\/03\/Diario-de-Burgos-9-02-2018-hace-125-a\u00f1os-1080x1440.jpg 1080w\" sizes=\"(max-width: 1200px) 100vw, 1200px\" \/><\/a><\/p>\n<h2 style=\"text-align: justify;\"><strong>GUILETOS POR EL MUNDO<\/strong><\/h2>\n<p style=\"text-align: justify;\">En alguna ocasi\u00f3n m\u00e1s os hemos remitido al trabajo que <strong>DAVID BOTAS ROMERO<\/strong>\u00a0lleva realizando desde hace 10 a\u00f1os en sus m\u00faltiples viajes por Asia.<\/p>\n<p style=\"text-align: justify;\">La calidad de sus reportajes, sus fotograf\u00edas, libros y experiencias, no dejan indiferente. La riqueza personal que David atesora en cada uno de sus viajes, la comparte en la red, y ahora con nosotros.<\/p>\n<h5 style=\"text-align: justify;\"><em>enlace sacado de su facebook:<\/em><\/h5>\n<p style=\"text-align: justify;\">\u00a0<a  href=\"https:\/\/botitasenasia.blogspot.com.es\/2018\/02\/india-60.html?spref=fb\" target=\"_blank\" rel=\"noopener noreferrer\">https:\/\/botitasenasia.blogspot.com.es\/2018\/02\/india-60.html?spref=fb<\/a><\/p>\n<h3 style=\"text-align: justify;\">Entrevista a nuestro paisano ISAAC ALONSO &#8211; Radio COPE<\/h3>\n<p style=\"text-align: justify;\"><strong>ISAAC ALONSO<\/strong> 78 a\u00f1os, (hijo de la Sra. Adriana), toda una vida de servicio. Una vida para gastarla por los dem\u00e1s. Sali\u00f3 de Mecerreyes con 12 a\u00f1os como otros muchos, marista desde entonces, vida itinerante dedicada a la docencia, y en la recta final de su etapa activa, est\u00e1 <strong>destinado en L\u00edbano<\/strong> junto a otros 5 compa\u00f1eros, la intervenci\u00f3n que los maristas llevan a cabo con m\u00e1s de 200 j\u00f3venes refugiados sirios y sus familias, tiende puentes y rompe con los posibles prejuicios que supone el que sean musulmanes. Hace unos meses, Isaac mostraba su labor a las c\u00e1maras de TV. Os ponemos tambi\u00e9n un audio de su intervenci\u00f3n en radio.<\/p>\n<p>.<\/p>\n<p><a  href=\"http:\/\/www.mecerreyes.com\/mece\/wp-content\/uploads\/2018\/03\/ISAAC-ALONSO-Telediario-TV1.jpg\" class=\"thickbox no_icon\" title=\"\"><img loading=\"lazy\" decoding=\"async\" class=\"aligncenter wp-image-16605 size-full\" src=\"http:\/\/www.mecerreyes.com\/mece\/wp-content\/uploads\/2018\/03\/ISAAC-ALONSO-Telediario-TV1-e1520366281434.jpg\" alt=\"\" width=\"1600\" height=\"900\" srcset=\"https:\/\/www.mecerreyes.com\/mece\/wp-content\/uploads\/2018\/03\/ISAAC-ALONSO-Telediario-TV1-e1520366281434.jpg 1600w, https:\/\/www.mecerreyes.com\/mece\/wp-content\/uploads\/2018\/03\/ISAAC-ALONSO-Telediario-TV1-e1520366281434-300x169.jpg 300w, https:\/\/www.mecerreyes.com\/mece\/wp-content\/uploads\/2018\/03\/ISAAC-ALONSO-Telediario-TV1-e1520366281434-768x432.jpg 768w, https:\/\/www.mecerreyes.com\/mece\/wp-content\/uploads\/2018\/03\/ISAAC-ALONSO-Telediario-TV1-e1520366281434-1024x576.jpg 1024w, https:\/\/www.mecerreyes.com\/mece\/wp-content\/uploads\/2018\/03\/ISAAC-ALONSO-Telediario-TV1-e1520366281434-1080x608.jpg 1080w\" sizes=\"(max-width: 1600px) 100vw, 1600px\" \/><\/a><\/p>\n<audio class=\"wp-audio-shortcode\" id=\"audio-16452-2\" preload=\"none\" style=\"width: 100%;\" controls=\"controls\"><source type=\"audio\/mpeg\" src=\"http:\/\/www.mecerreyes.com\/mece\/wp-content\/uploads\/2018\/03\/AUD-20180218-WA0007.mp3?_=2\" \/><a  href=\"http:\/\/www.mecerreyes.com\/mece\/wp-content\/uploads\/2018\/03\/AUD-20180218-WA0007.mp3\">http:\/\/www.mecerreyes.com\/mece\/wp-content\/uploads\/2018\/03\/AUD-20180218-WA0007.mp3<\/a><\/audio>\n<p>&nbsp;<\/p>\n<p>&nbsp;<\/p>\n<h2 style=\"text-align: justify;\">D\u00cdA<strong>\u00a0DE LA MUJER<\/strong><\/h2>\n<p style=\"text-align: justify;\">Bajo el lema <strong>\u201cJuntas avanzamos\u201d <\/strong>todas las mujeres que lo deseen\u00a0 podr\u00e1n compartir mesa y devenires\u00a0 del d\u00eda a d\u00eda en el <a  href=\"https:\/\/www.mecerreyes.com\/mece\/?page_id=797\">Mes\u00f3n de Frutos<\/a>.<\/p>\n<p style=\"text-align: justify;\">La cita ser\u00e1 a las 22:00h del s\u00e1bado 10 de marzo.<\/p>\n<p style=\"text-align: justify;\">Las interesadas, deber\u00e1n apuntarse con antelaci\u00f3n.<\/p>\n<p style=\"text-align: justify;\">Esta reuni\u00f3n ya es un cl\u00e1sico en Mecerreyes, para celebrar el <strong>D\u00eda de la Mujer, <\/strong>trabajadoras todas sin duda<strong>.\u00a0<\/strong><\/p>\n<p style=\"text-align: justify;\"><a  href=\"http:\/\/www.mecerreyes.com\/mece\/wp-content\/uploads\/2018\/03\/D\u00eda-de-la-mujer-2018-Mecerreyes.jpg\" class=\"thickbox no_icon\" title=\"\"><img loading=\"lazy\" decoding=\"async\" class=\"aligncenter size-full wp-image-16479\" src=\"http:\/\/www.mecerreyes.com\/mece\/wp-content\/uploads\/2018\/03\/D\u00eda-de-la-mujer-2018-Mecerreyes.jpg\" alt=\"\" width=\"2480\" height=\"3508\" srcset=\"https:\/\/www.mecerreyes.com\/mece\/wp-content\/uploads\/2018\/03\/D\u00eda-de-la-mujer-2018-Mecerreyes.jpg 2480w, https:\/\/www.mecerreyes.com\/mece\/wp-content\/uploads\/2018\/03\/D\u00eda-de-la-mujer-2018-Mecerreyes-212x300.jpg 212w, https:\/\/www.mecerreyes.com\/mece\/wp-content\/uploads\/2018\/03\/D\u00eda-de-la-mujer-2018-Mecerreyes-768x1086.jpg 768w, https:\/\/www.mecerreyes.com\/mece\/wp-content\/uploads\/2018\/03\/D\u00eda-de-la-mujer-2018-Mecerreyes-724x1024.jpg 724w, https:\/\/www.mecerreyes.com\/mece\/wp-content\/uploads\/2018\/03\/D\u00eda-de-la-mujer-2018-Mecerreyes-1080x1528.jpg 1080w\" sizes=\"(max-width: 2480px) 100vw, 2480px\" \/><\/a><\/p>\n<h2 style=\"text-align: justify;\"><strong>RECUERDOS DEL AYER<\/strong><\/h2>\n<p style=\"text-align: justify;\">Nueva remesa de fotos para el recuerdo, os agradecemos que compart\u00e1is estos tesoros con todos nosotros. Esta galer\u00eda, da fe de vivencias \u00fanicas en Mecerreyes.<\/p>\n\n\t\t<style type=\"text\/css\">\n\t\t\t#gallery-3 {\n\t\t\t\tmargin: auto;\n\t\t\t}\n\t\t\t#gallery-3 .gallery-item {\n\t\t\t\tfloat: left;\n\t\t\t\tmargin-top: 10px;\n\t\t\t\ttext-align: center;\n\t\t\t\twidth: 33%;\n\t\t\t}\n\t\t\t#gallery-3 img {\n\t\t\t\tborder: 2px solid #cfcfcf;\n\t\t\t}\n\t\t\t#gallery-3 .gallery-caption {\n\t\t\t\tmargin-left: 0;\n\t\t\t}\n\t\t\t\/* see gallery_shortcode() in wp-includes\/media.php *\/\n\t\t<\/style>\n\t\t<div id='gallery-3' class='gallery galleryid-16452 gallery-columns-3 gallery-size-thumbnail'><dl class='gallery-item'>\n\t\t\t<dt class='gallery-icon landscape'>\n\t\t\t\t<a  href=\"https:\/\/www.mecerreyes.com\/mece\/wp-content\/uploads\/2018\/03\/Un-d\u00eda-de-caza-1986-01.jpg\" class=\"thickbox no_icon\" title=\"\"><img loading=\"lazy\" decoding=\"async\" width=\"150\" height=\"150\" src=\"https:\/\/www.mecerreyes.com\/mece\/wp-content\/uploads\/2018\/03\/Un-d\u00eda-de-caza-1986-01-150x150.jpg\" class=\"attachment-thumbnail size-thumbnail\" alt=\"\" srcset=\"https:\/\/www.mecerreyes.com\/mece\/wp-content\/uploads\/2018\/03\/Un-d\u00eda-de-caza-1986-01-150x150.jpg 150w, https:\/\/www.mecerreyes.com\/mece\/wp-content\/uploads\/2018\/03\/Un-d\u00eda-de-caza-1986-01-440x440.jpg 440w\" sizes=\"(max-width: 150px) 100vw, 150px\" \/><\/a>\n\t\t\t<\/dt><\/dl><dl class='gallery-item'>\n\t\t\t<dt class='gallery-icon portrait'>\n\t\t\t\t<a  href=\"https:\/\/www.mecerreyes.com\/mece\/wp-content\/uploads\/2018\/03\/Un-d\u00eda-de-caza-1986-02.jpg\" class=\"thickbox no_icon\" title=\"\"><img loading=\"lazy\" decoding=\"async\" width=\"150\" height=\"150\" src=\"https:\/\/www.mecerreyes.com\/mece\/wp-content\/uploads\/2018\/03\/Un-d\u00eda-de-caza-1986-02-150x150.jpg\" class=\"attachment-thumbnail size-thumbnail\" alt=\"\" srcset=\"https:\/\/www.mecerreyes.com\/mece\/wp-content\/uploads\/2018\/03\/Un-d\u00eda-de-caza-1986-02-150x150.jpg 150w, https:\/\/www.mecerreyes.com\/mece\/wp-content\/uploads\/2018\/03\/Un-d\u00eda-de-caza-1986-02-440x440.jpg 440w\" sizes=\"(max-width: 150px) 100vw, 150px\" \/><\/a>\n\t\t\t<\/dt><\/dl><dl class='gallery-item'>\n\t\t\t<dt class='gallery-icon landscape'>\n\t\t\t\t<a  href=\"https:\/\/www.mecerreyes.com\/mece\/wp-content\/uploads\/2018\/03\/Un-d\u00eda-de-caza-1986-03.jpg\" class=\"thickbox no_icon\" title=\"\"><img loading=\"lazy\" decoding=\"async\" width=\"150\" height=\"150\" src=\"https:\/\/www.mecerreyes.com\/mece\/wp-content\/uploads\/2018\/03\/Un-d\u00eda-de-caza-1986-03-150x150.jpg\" class=\"attachment-thumbnail size-thumbnail\" alt=\"\" srcset=\"https:\/\/www.mecerreyes.com\/mece\/wp-content\/uploads\/2018\/03\/Un-d\u00eda-de-caza-1986-03-150x150.jpg 150w, https:\/\/www.mecerreyes.com\/mece\/wp-content\/uploads\/2018\/03\/Un-d\u00eda-de-caza-1986-03-440x440.jpg 440w\" sizes=\"(max-width: 150px) 100vw, 150px\" \/><\/a>\n\t\t\t<\/dt><\/dl><br style=\"clear: both\" \/><dl class='gallery-item'>\n\t\t\t<dt class='gallery-icon landscape'>\n\t\t\t\t<a  href=\"https:\/\/www.mecerreyes.com\/mece\/wp-content\/uploads\/2018\/03\/Un-d\u00eda-de-caza-1986-04.jpg\" class=\"thickbox no_icon\" title=\"\"><img loading=\"lazy\" decoding=\"async\" width=\"150\" height=\"150\" src=\"https:\/\/www.mecerreyes.com\/mece\/wp-content\/uploads\/2018\/03\/Un-d\u00eda-de-caza-1986-04-150x150.jpg\" class=\"attachment-thumbnail size-thumbnail\" alt=\"\" srcset=\"https:\/\/www.mecerreyes.com\/mece\/wp-content\/uploads\/2018\/03\/Un-d\u00eda-de-caza-1986-04-150x150.jpg 150w, https:\/\/www.mecerreyes.com\/mece\/wp-content\/uploads\/2018\/03\/Un-d\u00eda-de-caza-1986-04-440x440.jpg 440w\" sizes=\"(max-width: 150px) 100vw, 150px\" \/><\/a>\n\t\t\t<\/dt><\/dl><dl class='gallery-item'>\n\t\t\t<dt class='gallery-icon landscape'>\n\t\t\t\t<a  href=\"https:\/\/www.mecerreyes.com\/mece\/wp-content\/uploads\/2018\/03\/Un-d\u00eda-de-caza-1986-05.jpg\" class=\"thickbox no_icon\" title=\"\"><img loading=\"lazy\" decoding=\"async\" width=\"150\" height=\"150\" src=\"https:\/\/www.mecerreyes.com\/mece\/wp-content\/uploads\/2018\/03\/Un-d\u00eda-de-caza-1986-05-150x150.jpg\" class=\"attachment-thumbnail size-thumbnail\" alt=\"\" srcset=\"https:\/\/www.mecerreyes.com\/mece\/wp-content\/uploads\/2018\/03\/Un-d\u00eda-de-caza-1986-05-150x150.jpg 150w, https:\/\/www.mecerreyes.com\/mece\/wp-content\/uploads\/2018\/03\/Un-d\u00eda-de-caza-1986-05-440x440.jpg 440w\" sizes=\"(max-width: 150px) 100vw, 150px\" \/><\/a>\n\t\t\t<\/dt><\/dl><dl class='gallery-item'>\n\t\t\t<dt class='gallery-icon landscape'>\n\t\t\t\t<a  href=\"https:\/\/www.mecerreyes.com\/mece\/wp-content\/uploads\/2018\/03\/Un-d\u00eda-de-caza-1986-06.jpg\" class=\"thickbox no_icon\" title=\"\"><img loading=\"lazy\" decoding=\"async\" width=\"150\" height=\"150\" src=\"https:\/\/www.mecerreyes.com\/mece\/wp-content\/uploads\/2018\/03\/Un-d\u00eda-de-caza-1986-06-150x150.jpg\" class=\"attachment-thumbnail size-thumbnail\" alt=\"\" srcset=\"https:\/\/www.mecerreyes.com\/mece\/wp-content\/uploads\/2018\/03\/Un-d\u00eda-de-caza-1986-06-150x150.jpg 150w, https:\/\/www.mecerreyes.com\/mece\/wp-content\/uploads\/2018\/03\/Un-d\u00eda-de-caza-1986-06-440x440.jpg 440w\" sizes=\"(max-width: 150px) 100vw, 150px\" \/><\/a>\n\t\t\t<\/dt><\/dl><br style=\"clear: both\" \/><dl class='gallery-item'>\n\t\t\t<dt class='gallery-icon landscape'>\n\t\t\t\t<a  href=\"https:\/\/www.mecerreyes.com\/mece\/wp-content\/uploads\/2018\/03\/Un-d\u00eda-de-caza-1986-07.jpg\" class=\"thickbox no_icon\" title=\"\"><img loading=\"lazy\" decoding=\"async\" width=\"150\" height=\"150\" src=\"https:\/\/www.mecerreyes.com\/mece\/wp-content\/uploads\/2018\/03\/Un-d\u00eda-de-caza-1986-07-150x150.jpg\" class=\"attachment-thumbnail size-thumbnail\" alt=\"\" srcset=\"https:\/\/www.mecerreyes.com\/mece\/wp-content\/uploads\/2018\/03\/Un-d\u00eda-de-caza-1986-07-150x150.jpg 150w, https:\/\/www.mecerreyes.com\/mece\/wp-content\/uploads\/2018\/03\/Un-d\u00eda-de-caza-1986-07-440x440.jpg 440w\" sizes=\"(max-width: 150px) 100vw, 150px\" \/><\/a>\n\t\t\t<\/dt><\/dl><dl class='gallery-item'>\n\t\t\t<dt class='gallery-icon portrait'>\n\t\t\t\t<a  href=\"https:\/\/www.mecerreyes.com\/mece\/wp-content\/uploads\/2018\/03\/Un-d\u00eda-de-caza-1986-08.jpg\" class=\"thickbox no_icon\" title=\"\"><img loading=\"lazy\" decoding=\"async\" width=\"150\" height=\"150\" src=\"https:\/\/www.mecerreyes.com\/mece\/wp-content\/uploads\/2018\/03\/Un-d\u00eda-de-caza-1986-08-150x150.jpg\" class=\"attachment-thumbnail size-thumbnail\" alt=\"\" srcset=\"https:\/\/www.mecerreyes.com\/mece\/wp-content\/uploads\/2018\/03\/Un-d\u00eda-de-caza-1986-08-150x150.jpg 150w, https:\/\/www.mecerreyes.com\/mece\/wp-content\/uploads\/2018\/03\/Un-d\u00eda-de-caza-1986-08-440x440.jpg 440w\" sizes=\"(max-width: 150px) 100vw, 150px\" \/><\/a>\n\t\t\t<\/dt><\/dl><dl class='gallery-item'>\n\t\t\t<dt class='gallery-icon portrait'>\n\t\t\t\t<a  href=\"https:\/\/www.mecerreyes.com\/mece\/wp-content\/uploads\/2018\/03\/Un-d\u00eda-de-caza-1986-09.jpg\" class=\"thickbox no_icon\" title=\"\"><img loading=\"lazy\" decoding=\"async\" width=\"150\" height=\"150\" src=\"https:\/\/www.mecerreyes.com\/mece\/wp-content\/uploads\/2018\/03\/Un-d\u00eda-de-caza-1986-09-150x150.jpg\" class=\"attachment-thumbnail size-thumbnail\" alt=\"\" srcset=\"https:\/\/www.mecerreyes.com\/mece\/wp-content\/uploads\/2018\/03\/Un-d\u00eda-de-caza-1986-09-150x150.jpg 150w, https:\/\/www.mecerreyes.com\/mece\/wp-content\/uploads\/2018\/03\/Un-d\u00eda-de-caza-1986-09-440x440.jpg 440w\" sizes=\"(max-width: 150px) 100vw, 150px\" \/><\/a>\n\t\t\t<\/dt><\/dl><br style=\"clear: both\" \/><dl class='gallery-item'>\n\t\t\t<dt class='gallery-icon portrait'>\n\t\t\t\t<a  href=\"https:\/\/www.mecerreyes.com\/mece\/wp-content\/uploads\/2018\/03\/Un-d\u00eda-de-caza-1986-11.jpg\" class=\"thickbox no_icon\" title=\"\"><img loading=\"lazy\" decoding=\"async\" width=\"150\" height=\"150\" src=\"https:\/\/www.mecerreyes.com\/mece\/wp-content\/uploads\/2018\/03\/Un-d\u00eda-de-caza-1986-11-150x150.jpg\" class=\"attachment-thumbnail size-thumbnail\" alt=\"\" srcset=\"https:\/\/www.mecerreyes.com\/mece\/wp-content\/uploads\/2018\/03\/Un-d\u00eda-de-caza-1986-11-150x150.jpg 150w, https:\/\/www.mecerreyes.com\/mece\/wp-content\/uploads\/2018\/03\/Un-d\u00eda-de-caza-1986-11-440x440.jpg 440w\" sizes=\"(max-width: 150px) 100vw, 150px\" \/><\/a>\n\t\t\t<\/dt><\/dl><dl class='gallery-item'>\n\t\t\t<dt class='gallery-icon landscape'>\n\t\t\t\t<a  href=\"https:\/\/www.mecerreyes.com\/mece\/wp-content\/uploads\/2018\/03\/Un-d\u00eda-de-caza-1986-12.jpg\" class=\"thickbox no_icon\" title=\"\"><img loading=\"lazy\" decoding=\"async\" width=\"150\" height=\"150\" src=\"https:\/\/www.mecerreyes.com\/mece\/wp-content\/uploads\/2018\/03\/Un-d\u00eda-de-caza-1986-12-150x150.jpg\" class=\"attachment-thumbnail size-thumbnail\" alt=\"\" srcset=\"https:\/\/www.mecerreyes.com\/mece\/wp-content\/uploads\/2018\/03\/Un-d\u00eda-de-caza-1986-12-150x150.jpg 150w, https:\/\/www.mecerreyes.com\/mece\/wp-content\/uploads\/2018\/03\/Un-d\u00eda-de-caza-1986-12-440x440.jpg 440w\" sizes=\"(max-width: 150px) 100vw, 150px\" \/><\/a>\n\t\t\t<\/dt><\/dl><dl class='gallery-item'>\n\t\t\t<dt class='gallery-icon portrait'>\n\t\t\t\t<a  href=\"https:\/\/www.mecerreyes.com\/mece\/wp-content\/uploads\/2018\/03\/Un-d\u00eda-de-caza-1986-13.jpg\" class=\"thickbox no_icon\" title=\"\"><img loading=\"lazy\" decoding=\"async\" width=\"150\" height=\"150\" src=\"https:\/\/www.mecerreyes.com\/mece\/wp-content\/uploads\/2018\/03\/Un-d\u00eda-de-caza-1986-13-150x150.jpg\" class=\"attachment-thumbnail size-thumbnail\" alt=\"\" srcset=\"https:\/\/www.mecerreyes.com\/mece\/wp-content\/uploads\/2018\/03\/Un-d\u00eda-de-caza-1986-13-150x150.jpg 150w, https:\/\/www.mecerreyes.com\/mece\/wp-content\/uploads\/2018\/03\/Un-d\u00eda-de-caza-1986-13-440x440.jpg 440w\" sizes=\"(max-width: 150px) 100vw, 150px\" \/><\/a>\n\t\t\t<\/dt><\/dl><br style=\"clear: both\" \/><dl class='gallery-item'>\n\t\t\t<dt class='gallery-icon portrait'>\n\t\t\t\t<a  href=\"https:\/\/www.mecerreyes.com\/mece\/wp-content\/uploads\/2018\/03\/Un-d\u00eda-de-caza-1986-14.jpg\" class=\"thickbox no_icon\" title=\"\"><img loading=\"lazy\" decoding=\"async\" width=\"150\" height=\"150\" src=\"https:\/\/www.mecerreyes.com\/mece\/wp-content\/uploads\/2018\/03\/Un-d\u00eda-de-caza-1986-14-150x150.jpg\" class=\"attachment-thumbnail size-thumbnail\" alt=\"\" srcset=\"https:\/\/www.mecerreyes.com\/mece\/wp-content\/uploads\/2018\/03\/Un-d\u00eda-de-caza-1986-14-150x150.jpg 150w, https:\/\/www.mecerreyes.com\/mece\/wp-content\/uploads\/2018\/03\/Un-d\u00eda-de-caza-1986-14-440x440.jpg 440w\" sizes=\"(max-width: 150px) 100vw, 150px\" \/><\/a>\n\t\t\t<\/dt><\/dl><dl class='gallery-item'>\n\t\t\t<dt class='gallery-icon landscape'>\n\t\t\t\t<a  href=\"https:\/\/www.mecerreyes.com\/mece\/wp-content\/uploads\/2018\/03\/Un-d\u00eda-de-caza-1986-19.jpg\" class=\"thickbox no_icon\" title=\"\"><img loading=\"lazy\" decoding=\"async\" width=\"150\" height=\"150\" src=\"https:\/\/www.mecerreyes.com\/mece\/wp-content\/uploads\/2018\/03\/Un-d\u00eda-de-caza-1986-19-150x150.jpg\" class=\"attachment-thumbnail size-thumbnail\" alt=\"\" srcset=\"https:\/\/www.mecerreyes.com\/mece\/wp-content\/uploads\/2018\/03\/Un-d\u00eda-de-caza-1986-19-150x150.jpg 150w, https:\/\/www.mecerreyes.com\/mece\/wp-content\/uploads\/2018\/03\/Un-d\u00eda-de-caza-1986-19-440x440.jpg 440w\" sizes=\"(max-width: 150px) 100vw, 150px\" \/><\/a>\n\t\t\t<\/dt><\/dl><dl class='gallery-item'>\n\t\t\t<dt class='gallery-icon portrait'>\n\t\t\t\t<a  href=\"https:\/\/www.mecerreyes.com\/mece\/wp-content\/uploads\/2018\/03\/Un-d\u00eda-de-caza-1986-15.jpg\" class=\"thickbox no_icon\" title=\"\"><img loading=\"lazy\" decoding=\"async\" width=\"150\" height=\"150\" src=\"https:\/\/www.mecerreyes.com\/mece\/wp-content\/uploads\/2018\/03\/Un-d\u00eda-de-caza-1986-15-150x150.jpg\" class=\"attachment-thumbnail size-thumbnail\" alt=\"\" srcset=\"https:\/\/www.mecerreyes.com\/mece\/wp-content\/uploads\/2018\/03\/Un-d\u00eda-de-caza-1986-15-150x150.jpg 150w, https:\/\/www.mecerreyes.com\/mece\/wp-content\/uploads\/2018\/03\/Un-d\u00eda-de-caza-1986-15-440x440.jpg 440w\" sizes=\"(max-width: 150px) 100vw, 150px\" \/><\/a>\n\t\t\t<\/dt><\/dl><br style=\"clear: both\" \/><dl class='gallery-item'>\n\t\t\t<dt class='gallery-icon portrait'>\n\t\t\t\t<a  href=\"https:\/\/www.mecerreyes.com\/mece\/wp-content\/uploads\/2018\/03\/Un-d\u00eda-de-caza-1986-16.jpg\" class=\"thickbox no_icon\" title=\"\"><img loading=\"lazy\" decoding=\"async\" width=\"150\" height=\"150\" src=\"https:\/\/www.mecerreyes.com\/mece\/wp-content\/uploads\/2018\/03\/Un-d\u00eda-de-caza-1986-16-150x150.jpg\" class=\"attachment-thumbnail size-thumbnail\" alt=\"\" srcset=\"https:\/\/www.mecerreyes.com\/mece\/wp-content\/uploads\/2018\/03\/Un-d\u00eda-de-caza-1986-16-150x150.jpg 150w, https:\/\/www.mecerreyes.com\/mece\/wp-content\/uploads\/2018\/03\/Un-d\u00eda-de-caza-1986-16-440x440.jpg 440w\" sizes=\"(max-width: 150px) 100vw, 150px\" \/><\/a>\n\t\t\t<\/dt><\/dl><dl class='gallery-item'>\n\t\t\t<dt class='gallery-icon landscape'>\n\t\t\t\t<a  href=\"https:\/\/www.mecerreyes.com\/mece\/wp-content\/uploads\/2018\/03\/Un-d\u00eda-de-caza-1986-18.jpg\" class=\"thickbox no_icon\" title=\"\"><img loading=\"lazy\" decoding=\"async\" width=\"150\" height=\"150\" src=\"https:\/\/www.mecerreyes.com\/mece\/wp-content\/uploads\/2018\/03\/Un-d\u00eda-de-caza-1986-18-150x150.jpg\" class=\"attachment-thumbnail size-thumbnail\" alt=\"\" srcset=\"https:\/\/www.mecerreyes.com\/mece\/wp-content\/uploads\/2018\/03\/Un-d\u00eda-de-caza-1986-18-150x150.jpg 150w, https:\/\/www.mecerreyes.com\/mece\/wp-content\/uploads\/2018\/03\/Un-d\u00eda-de-caza-1986-18-440x440.jpg 440w\" sizes=\"(max-width: 150px) 100vw, 150px\" \/><\/a>\n\t\t\t<\/dt><\/dl><dl class='gallery-item'>\n\t\t\t<dt class='gallery-icon landscape'>\n\t\t\t\t<a  href=\"https:\/\/www.mecerreyes.com\/mece\/wp-content\/uploads\/2018\/03\/Un-d\u00eda-de-caza-1986-17.jpg\" class=\"thickbox no_icon\" title=\"\"><img loading=\"lazy\" decoding=\"async\" width=\"150\" height=\"150\" src=\"https:\/\/www.mecerreyes.com\/mece\/wp-content\/uploads\/2018\/03\/Un-d\u00eda-de-caza-1986-17-150x150.jpg\" class=\"attachment-thumbnail size-thumbnail\" alt=\"\" srcset=\"https:\/\/www.mecerreyes.com\/mece\/wp-content\/uploads\/2018\/03\/Un-d\u00eda-de-caza-1986-17-150x150.jpg 150w, https:\/\/www.mecerreyes.com\/mece\/wp-content\/uploads\/2018\/03\/Un-d\u00eda-de-caza-1986-17-440x440.jpg 440w\" sizes=\"(max-width: 150px) 100vw, 150px\" \/><\/a>\n\t\t\t<\/dt><\/dl><br style=\"clear: both\" \/><dl class='gallery-item'>\n\t\t\t<dt class='gallery-icon landscape'>\n\t\t\t\t<a  href=\"https:\/\/www.mecerreyes.com\/mece\/wp-content\/uploads\/2018\/03\/Un-d\u00eda-de-caza-1986-20.jpg\" class=\"thickbox no_icon\" title=\"\"><img loading=\"lazy\" decoding=\"async\" width=\"150\" height=\"150\" src=\"https:\/\/www.mecerreyes.com\/mece\/wp-content\/uploads\/2018\/03\/Un-d\u00eda-de-caza-1986-20-150x150.jpg\" class=\"attachment-thumbnail size-thumbnail\" alt=\"\" srcset=\"https:\/\/www.mecerreyes.com\/mece\/wp-content\/uploads\/2018\/03\/Un-d\u00eda-de-caza-1986-20-150x150.jpg 150w, https:\/\/www.mecerreyes.com\/mece\/wp-content\/uploads\/2018\/03\/Un-d\u00eda-de-caza-1986-20-440x440.jpg 440w\" sizes=\"(max-width: 150px) 100vw, 150px\" \/><\/a>\n\t\t\t<\/dt><\/dl>\n\t\t\t<br style='clear: both' \/>\n\t\t<\/div>\n\n<p style=\"text-align: justify;\"><a  href=\"http:\/\/www.mecerreyes.com\/mece\/wp-content\/uploads\/2018\/02\/e-mail-ACMecerreyes.jpg\" class=\"thickbox no_icon\" title=\"\"><img loading=\"lazy\" decoding=\"async\" class=\"aligncenter size-full wp-image-16433\" src=\"http:\/\/www.mecerreyes.com\/mece\/wp-content\/uploads\/2018\/02\/e-mail-ACMecerreyes.jpg\" alt=\"\" width=\"650\" height=\"180\" srcset=\"https:\/\/www.mecerreyes.com\/mece\/wp-content\/uploads\/2018\/02\/e-mail-ACMecerreyes.jpg 650w, https:\/\/www.mecerreyes.com\/mece\/wp-content\/uploads\/2018\/02\/e-mail-ACMecerreyes-300x83.jpg 300w\" sizes=\"(max-width: 650px) 100vw, 650px\" \/><\/a><\/p>\n<h2 style=\"text-align: justify;\"><strong>REFRANERO<\/strong><\/h2>\n<ul>\n<li style=\"text-align: justify;\"><em>Los febreros y los abriles los m\u00e1s viles.<\/em><\/li>\n<li style=\"text-align: justify;\"><em>Febrero y las mujeres tienen en un d\u00eda diez pareceres<\/em><\/li>\n<li style=\"text-align: justify;\"><em>Febrero, fr\u00edo o templado p\u00e1salo arropado\u00a0<\/em><\/li>\n<li style=\"text-align: justify;\"><em>Por San Blas (3 de febrero), tus ajos sembraras<\/em><\/li>\n<li style=\"text-align: justify;\"><em>Por San Mat\u00edas (24 de febrero) se igualan las noches y los d\u00edas.<\/em><\/li>\n<\/ul>\n<h2>M\u00c1S FOTOS Y OTROS ENLACES<\/h2>\n<p>&nbsp;<\/p>\n<p><a  href=\"http:\/\/www.mecerreyes.com\/mece\/wp-content\/uploads\/2018\/03\/Tierras-de-Burgos-El-carnaval-tradicional-de-Mecerreyes-febrero-2018.jpg\" class=\"thickbox no_icon\" title=\"\"><img loading=\"lazy\" decoding=\"async\" class=\"aligncenter size-full wp-image-16503\" src=\"http:\/\/www.mecerreyes.com\/mece\/wp-content\/uploads\/2018\/03\/Tierras-de-Burgos-El-carnaval-tradicional-de-Mecerreyes-febrero-2018.jpg\" alt=\"\" width=\"1112\" height=\"847\" srcset=\"https:\/\/www.mecerreyes.com\/mece\/wp-content\/uploads\/2018\/03\/Tierras-de-Burgos-El-carnaval-tradicional-de-Mecerreyes-febrero-2018.jpg 1112w, https:\/\/www.mecerreyes.com\/mece\/wp-content\/uploads\/2018\/03\/Tierras-de-Burgos-El-carnaval-tradicional-de-Mecerreyes-febrero-2018-300x229.jpg 300w, https:\/\/www.mecerreyes.com\/mece\/wp-content\/uploads\/2018\/03\/Tierras-de-Burgos-El-carnaval-tradicional-de-Mecerreyes-febrero-2018-768x585.jpg 768w, https:\/\/www.mecerreyes.com\/mece\/wp-content\/uploads\/2018\/03\/Tierras-de-Burgos-El-carnaval-tradicional-de-Mecerreyes-febrero-2018-1024x780.jpg 1024w, https:\/\/www.mecerreyes.com\/mece\/wp-content\/uploads\/2018\/03\/Tierras-de-Burgos-El-carnaval-tradicional-de-Mecerreyes-febrero-2018-1080x823.jpg 1080w\" sizes=\"(max-width: 1112px) 100vw, 1112px\" \/><\/a><\/p>\n<h3><a  href=\"http:\/\/tierrasdeburgos.blogspot.com.es\/2018\/02\/el-carnaval-tradicional-de-mecerreyes.html\" target=\"_blank\" rel=\"noopener noreferrer\">http:\/\/tierrasdeburgos.blogspot.com.es\/2018\/02\/el-carnaval-tradicional-de-mecerreyes.html<\/a><\/h3>\n<p>&nbsp;<\/p>\n<p><a  href=\"http:\/\/www.mecerreyes.com\/mece\/wp-content\/uploads\/2018\/03\/Radio-Castilla-Cadena-Ser-Carnavales-y-corrida-del-gallo-Mecerreyes-2018.jpg\" class=\"thickbox no_icon\" title=\"\"><img loading=\"lazy\" decoding=\"async\" class=\"aligncenter size-full wp-image-16597\" src=\"http:\/\/www.mecerreyes.com\/mece\/wp-content\/uploads\/2018\/03\/Radio-Castilla-Cadena-Ser-Carnavales-y-corrida-del-gallo-Mecerreyes-2018.jpg\" alt=\"\" width=\"1082\" height=\"813\" srcset=\"https:\/\/www.mecerreyes.com\/mece\/wp-content\/uploads\/2018\/03\/Radio-Castilla-Cadena-Ser-Carnavales-y-corrida-del-gallo-Mecerreyes-2018.jpg 1082w, https:\/\/www.mecerreyes.com\/mece\/wp-content\/uploads\/2018\/03\/Radio-Castilla-Cadena-Ser-Carnavales-y-corrida-del-gallo-Mecerreyes-2018-300x225.jpg 300w, https:\/\/www.mecerreyes.com\/mece\/wp-content\/uploads\/2018\/03\/Radio-Castilla-Cadena-Ser-Carnavales-y-corrida-del-gallo-Mecerreyes-2018-768x577.jpg 768w, https:\/\/www.mecerreyes.com\/mece\/wp-content\/uploads\/2018\/03\/Radio-Castilla-Cadena-Ser-Carnavales-y-corrida-del-gallo-Mecerreyes-2018-1024x769.jpg 1024w, https:\/\/www.mecerreyes.com\/mece\/wp-content\/uploads\/2018\/03\/Radio-Castilla-Cadena-Ser-Carnavales-y-corrida-del-gallo-Mecerreyes-2018-1080x811.jpg 1080w\" sizes=\"(max-width: 1082px) 100vw, 1082px\" \/><\/a><\/p>\n<p>Entrevista a Enrique del Rivero &#8211; Carnavaladas y Corrida del Gallo Mecerreyes (Audio del minuto 2 al 5):<\/p>\n<h3><a  href=\"http:\/\/cadenaser.com\/emisora\/2018\/02\/08\/radio_castilla\/1518082853_687363.html\" target=\"_blank\" rel=\"noopener noreferrer\">http:\/\/cadenaser.com\/emisora\/2018\/02\/08\/radio_castilla\/1518082853_687363.html<\/a><\/h3>\n<p>&nbsp;<\/p>\n<p><a  href=\"http:\/\/www.mecerreyes.com\/mece\/wp-content\/uploads\/2018\/03\/Logo-Lonely-Planet.jpg\" class=\"thickbox no_icon\" title=\"\"><img loading=\"lazy\" decoding=\"async\" class=\"aligncenter size-full wp-image-16601\" src=\"http:\/\/www.mecerreyes.com\/mece\/wp-content\/uploads\/2018\/03\/Logo-Lonely-Planet.jpg\" alt=\"\" width=\"567\" height=\"147\" srcset=\"https:\/\/www.mecerreyes.com\/mece\/wp-content\/uploads\/2018\/03\/Logo-Lonely-Planet.jpg 567w, https:\/\/www.mecerreyes.com\/mece\/wp-content\/uploads\/2018\/03\/Logo-Lonely-Planet-300x78.jpg 300w\" sizes=\"(max-width: 567px) 100vw, 567px\" \/><\/a><\/p>\n<h3><a  href=\"https:\/\/www.lonelyplanet.com\/news\/gallery\/2018\/02\/12\/carnival-spain-mecerreyes\/\" target=\"_blank\" rel=\"noopener noreferrer\">https:\/\/www.lonelyplanet.com\/news\/gallery\/2018\/02\/12\/carnival-spain-mecerreyes\/<\/a><\/h3>\n<p>&nbsp;<\/p>\n<p><a  href=\"http:\/\/www.mecerreyes.com\/mece\/wp-content\/uploads\/2012\/02\/logo-Correo-de-Burgos.jpg\" class=\"thickbox no_icon\" title=\"\"><img loading=\"lazy\" decoding=\"async\" class=\"aligncenter size-full wp-image-4187\" src=\"http:\/\/www.mecerreyes.com\/mece\/wp-content\/uploads\/2012\/02\/logo-Correo-de-Burgos.jpg\" alt=\"\" width=\"2170\" height=\"217\" srcset=\"https:\/\/www.mecerreyes.com\/mece\/wp-content\/uploads\/2012\/02\/logo-Correo-de-Burgos.jpg 2170w, https:\/\/www.mecerreyes.com\/mece\/wp-content\/uploads\/2012\/02\/logo-Correo-de-Burgos-300x30.jpg 300w, https:\/\/www.mecerreyes.com\/mece\/wp-content\/uploads\/2012\/02\/logo-Correo-de-Burgos-1024x102.jpg 1024w\" sizes=\"(max-width: 2170px) 100vw, 2170px\" \/><\/a><\/p>\n<h3><a  href=\"http:\/\/www.elcorreodeburgos.com\/noticias\/provincia\/gallo-mecerreyes-consagra-icono-carnaval-provincial_167413.html\" target=\"_blank\" rel=\"noopener noreferrer\">http:\/\/www.elcorreodeburgos.com\/noticias\/provincia\/gallo-mecerreyes-consagra-icono-carnaval-provincial_167413.html<\/a><\/h3>\n<p><a  href=\"http:\/\/www.mecerreyes.com\/mece\/wp-content\/uploads\/2018\/03\/El-Correo-de-Burgos-12-02-2018-Gallo-de-Mecerreyes.jpg\" class=\"thickbox no_icon\" title=\"\"><img loading=\"lazy\" decoding=\"async\" class=\"aligncenter size-full wp-image-16492\" src=\"http:\/\/www.mecerreyes.com\/mece\/wp-content\/uploads\/2018\/03\/El-Correo-de-Burgos-12-02-2018-Gallo-de-Mecerreyes.jpg\" alt=\"\" width=\"1600\" height=\"876\" srcset=\"https:\/\/www.mecerreyes.com\/mece\/wp-content\/uploads\/2018\/03\/El-Correo-de-Burgos-12-02-2018-Gallo-de-Mecerreyes.jpg 1600w, https:\/\/www.mecerreyes.com\/mece\/wp-content\/uploads\/2018\/03\/El-Correo-de-Burgos-12-02-2018-Gallo-de-Mecerreyes-300x164.jpg 300w, https:\/\/www.mecerreyes.com\/mece\/wp-content\/uploads\/2018\/03\/El-Correo-de-Burgos-12-02-2018-Gallo-de-Mecerreyes-768x420.jpg 768w, https:\/\/www.mecerreyes.com\/mece\/wp-content\/uploads\/2018\/03\/El-Correo-de-Burgos-12-02-2018-Gallo-de-Mecerreyes-1024x561.jpg 1024w, https:\/\/www.mecerreyes.com\/mece\/wp-content\/uploads\/2018\/03\/El-Correo-de-Burgos-12-02-2018-Gallo-de-Mecerreyes-1080x591.jpg 1080w\" sizes=\"(max-width: 1600px) 100vw, 1600px\" \/><\/a><\/p>\n<p>&nbsp;<\/p>\n<p><iframe loading=\"lazy\" width=\"1080\" height=\"608\" src=\"https:\/\/www.youtube.com\/embed\/kaGoWqMsTdg?feature=oembed\" frameborder=\"0\" allow=\"autoplay; encrypted-media\" allowfullscreen><\/iframe><\/p>\n<p>&nbsp;<\/p>\n<p>&nbsp;<\/p>\n<p>&nbsp;<\/p>\n<p><a  href=\"http:\/\/www.mecerreyes.com\/mece\/wp-content\/uploads\/2018\/03\/Vive-Arlanza-febrero-2018-Carnaval-Mecerreyes-1.jpg\" class=\"thickbox no_icon\" title=\"\"><img loading=\"lazy\" decoding=\"async\" class=\"aligncenter size-full wp-image-16489\" src=\"http:\/\/www.mecerreyes.com\/mece\/wp-content\/uploads\/2018\/03\/Vive-Arlanza-febrero-2018-Carnaval-Mecerreyes-1.jpg\" alt=\"\" width=\"2372\" height=\"3664\" srcset=\"https:\/\/www.mecerreyes.com\/mece\/wp-content\/uploads\/2018\/03\/Vive-Arlanza-febrero-2018-Carnaval-Mecerreyes-1.jpg 2372w, https:\/\/www.mecerreyes.com\/mece\/wp-content\/uploads\/2018\/03\/Vive-Arlanza-febrero-2018-Carnaval-Mecerreyes-1-194x300.jpg 194w, https:\/\/www.mecerreyes.com\/mece\/wp-content\/uploads\/2018\/03\/Vive-Arlanza-febrero-2018-Carnaval-Mecerreyes-1-768x1186.jpg 768w, https:\/\/www.mecerreyes.com\/mece\/wp-content\/uploads\/2018\/03\/Vive-Arlanza-febrero-2018-Carnaval-Mecerreyes-1-663x1024.jpg 663w, https:\/\/www.mecerreyes.com\/mece\/wp-content\/uploads\/2018\/03\/Vive-Arlanza-febrero-2018-Carnaval-Mecerreyes-1-1080x1668.jpg 1080w\" sizes=\"(max-width: 2372px) 100vw, 2372px\" \/><\/a><\/p>\n<p>&nbsp;<\/p>\n<p><a  href=\"http:\/\/www.mecerreyes.com\/mece\/wp-content\/uploads\/2018\/03\/Vive-Arlanza-febrero-2018-Carnaval-Mecerreyes-2.jpg\" class=\"thickbox no_icon\" title=\"\"><img loading=\"lazy\" decoding=\"async\" class=\"aligncenter size-full wp-image-16488\" src=\"http:\/\/www.mecerreyes.com\/mece\/wp-content\/uploads\/2018\/03\/Vive-Arlanza-febrero-2018-Carnaval-Mecerreyes-2.jpg\" alt=\"\" width=\"2232\" height=\"3196\" srcset=\"https:\/\/www.mecerreyes.com\/mece\/wp-content\/uploads\/2018\/03\/Vive-Arlanza-febrero-2018-Carnaval-Mecerreyes-2.jpg 2232w, https:\/\/www.mecerreyes.com\/mece\/wp-content\/uploads\/2018\/03\/Vive-Arlanza-febrero-2018-Carnaval-Mecerreyes-2-210x300.jpg 210w, https:\/\/www.mecerreyes.com\/mece\/wp-content\/uploads\/2018\/03\/Vive-Arlanza-febrero-2018-Carnaval-Mecerreyes-2-768x1100.jpg 768w, https:\/\/www.mecerreyes.com\/mece\/wp-content\/uploads\/2018\/03\/Vive-Arlanza-febrero-2018-Carnaval-Mecerreyes-2-715x1024.jpg 715w, https:\/\/www.mecerreyes.com\/mece\/wp-content\/uploads\/2018\/03\/Vive-Arlanza-febrero-2018-Carnaval-Mecerreyes-2-1080x1546.jpg 1080w\" sizes=\"(max-width: 2232px) 100vw, 2232px\" \/><\/a><\/p>\n<p>&nbsp;<\/p>\n<p><a  href=\"http:\/\/www.mecerreyes.com\/mece\/wp-content\/uploads\/2018\/03\/Vipavi-Domingo-de-Carnaval-en-Mecerreyes.jpg\" class=\"thickbox no_icon\" title=\"\"><img loading=\"lazy\" decoding=\"async\" class=\"aligncenter size-full wp-image-16595\" src=\"http:\/\/www.mecerreyes.com\/mece\/wp-content\/uploads\/2018\/03\/Vipavi-Domingo-de-Carnaval-en-Mecerreyes.jpg\" alt=\"\" width=\"1220\" height=\"879\" srcset=\"https:\/\/www.mecerreyes.com\/mece\/wp-content\/uploads\/2018\/03\/Vipavi-Domingo-de-Carnaval-en-Mecerreyes.jpg 1220w, https:\/\/www.mecerreyes.com\/mece\/wp-content\/uploads\/2018\/03\/Vipavi-Domingo-de-Carnaval-en-Mecerreyes-300x216.jpg 300w, https:\/\/www.mecerreyes.com\/mece\/wp-content\/uploads\/2018\/03\/Vipavi-Domingo-de-Carnaval-en-Mecerreyes-768x553.jpg 768w, https:\/\/www.mecerreyes.com\/mece\/wp-content\/uploads\/2018\/03\/Vipavi-Domingo-de-Carnaval-en-Mecerreyes-1024x738.jpg 1024w, https:\/\/www.mecerreyes.com\/mece\/wp-content\/uploads\/2018\/03\/Vipavi-Domingo-de-Carnaval-en-Mecerreyes-1080x778.jpg 1080w\" sizes=\"(max-width: 1220px) 100vw, 1220px\" \/><\/a><\/p>\n<h3><a  href=\"https:\/\/www.vipavi.es\/gallo-carnaval-zarramacadas-mecerreyes\/\" target=\"_blank\" rel=\"noopener noreferrer\">https:\/\/www.vipavi.es\/gallo-carnaval-zarramacadas-mecerreyes\/<\/a><\/h3>\n<h2>CARNAVALADAS<\/h2>\n\n\t\t<style type=\"text\/css\">\n\t\t\t#gallery-4 {\n\t\t\t\tmargin: auto;\n\t\t\t}\n\t\t\t#gallery-4 .gallery-item {\n\t\t\t\tfloat: left;\n\t\t\t\tmargin-top: 10px;\n\t\t\t\ttext-align: center;\n\t\t\t\twidth: 33%;\n\t\t\t}\n\t\t\t#gallery-4 img {\n\t\t\t\tborder: 2px solid #cfcfcf;\n\t\t\t}\n\t\t\t#gallery-4 .gallery-caption {\n\t\t\t\tmargin-left: 0;\n\t\t\t}\n\t\t\t\/* see gallery_shortcode() in wp-includes\/media.php *\/\n\t\t<\/style>\n\t\t<div id='gallery-4' class='gallery galleryid-16452 gallery-columns-3 gallery-size-thumbnail'><dl class='gallery-item'>\n\t\t\t<dt class='gallery-icon landscape'>\n\t\t\t\t<a  href=\"https:\/\/www.mecerreyes.com\/mece\/wp-content\/uploads\/2018\/03\/Mecerreyes-Carnavaladas-2018-1.jpg\" class=\"thickbox no_icon\" title=\"\"><img loading=\"lazy\" decoding=\"async\" width=\"150\" height=\"150\" src=\"https:\/\/www.mecerreyes.com\/mece\/wp-content\/uploads\/2018\/03\/Mecerreyes-Carnavaladas-2018-1-150x150.jpg\" class=\"attachment-thumbnail size-thumbnail\" alt=\"\" srcset=\"https:\/\/www.mecerreyes.com\/mece\/wp-content\/uploads\/2018\/03\/Mecerreyes-Carnavaladas-2018-1-150x150.jpg 150w, https:\/\/www.mecerreyes.com\/mece\/wp-content\/uploads\/2018\/03\/Mecerreyes-Carnavaladas-2018-1-440x440.jpg 440w\" sizes=\"(max-width: 150px) 100vw, 150px\" \/><\/a>\n\t\t\t<\/dt><\/dl><dl class='gallery-item'>\n\t\t\t<dt class='gallery-icon portrait'>\n\t\t\t\t<a  href=\"https:\/\/www.mecerreyes.com\/mece\/wp-content\/uploads\/2018\/03\/Mecerreyes-Carnavaladas-2018-2.jpg\" class=\"thickbox no_icon\" title=\"\"><img loading=\"lazy\" decoding=\"async\" width=\"150\" height=\"150\" src=\"https:\/\/www.mecerreyes.com\/mece\/wp-content\/uploads\/2018\/03\/Mecerreyes-Carnavaladas-2018-2-150x150.jpg\" class=\"attachment-thumbnail size-thumbnail\" alt=\"\" srcset=\"https:\/\/www.mecerreyes.com\/mece\/wp-content\/uploads\/2018\/03\/Mecerreyes-Carnavaladas-2018-2-150x150.jpg 150w, https:\/\/www.mecerreyes.com\/mece\/wp-content\/uploads\/2018\/03\/Mecerreyes-Carnavaladas-2018-2-440x440.jpg 440w\" sizes=\"(max-width: 150px) 100vw, 150px\" \/><\/a>\n\t\t\t<\/dt><\/dl><dl class='gallery-item'>\n\t\t\t<dt class='gallery-icon portrait'>\n\t\t\t\t<a  href=\"https:\/\/www.mecerreyes.com\/mece\/wp-content\/uploads\/2018\/03\/Mecerreyes-Carnavaladas-2018-3.jpg\" class=\"thickbox no_icon\" title=\"\"><img loading=\"lazy\" decoding=\"async\" width=\"150\" height=\"150\" src=\"https:\/\/www.mecerreyes.com\/mece\/wp-content\/uploads\/2018\/03\/Mecerreyes-Carnavaladas-2018-3-150x150.jpg\" class=\"attachment-thumbnail size-thumbnail\" alt=\"\" srcset=\"https:\/\/www.mecerreyes.com\/mece\/wp-content\/uploads\/2018\/03\/Mecerreyes-Carnavaladas-2018-3-150x150.jpg 150w, https:\/\/www.mecerreyes.com\/mece\/wp-content\/uploads\/2018\/03\/Mecerreyes-Carnavaladas-2018-3-440x440.jpg 440w\" sizes=\"(max-width: 150px) 100vw, 150px\" \/><\/a>\n\t\t\t<\/dt><\/dl><br style=\"clear: both\" \/><dl class='gallery-item'>\n\t\t\t<dt class='gallery-icon portrait'>\n\t\t\t\t<a  href=\"https:\/\/www.mecerreyes.com\/mece\/wp-content\/uploads\/2018\/03\/Mecerreyes-Carnavaladas-2018-4.jpg\" class=\"thickbox no_icon\" title=\"\"><img loading=\"lazy\" decoding=\"async\" width=\"150\" height=\"150\" src=\"https:\/\/www.mecerreyes.com\/mece\/wp-content\/uploads\/2018\/03\/Mecerreyes-Carnavaladas-2018-4-150x150.jpg\" class=\"attachment-thumbnail size-thumbnail\" alt=\"\" srcset=\"https:\/\/www.mecerreyes.com\/mece\/wp-content\/uploads\/2018\/03\/Mecerreyes-Carnavaladas-2018-4-150x150.jpg 150w, https:\/\/www.mecerreyes.com\/mece\/wp-content\/uploads\/2018\/03\/Mecerreyes-Carnavaladas-2018-4-440x440.jpg 440w\" sizes=\"(max-width: 150px) 100vw, 150px\" \/><\/a>\n\t\t\t<\/dt><\/dl><dl class='gallery-item'>\n\t\t\t<dt class='gallery-icon portrait'>\n\t\t\t\t<a  href=\"https:\/\/www.mecerreyes.com\/mece\/wp-content\/uploads\/2018\/03\/Mecerreyes-Carnavaladas-2018-42.jpg\" class=\"thickbox no_icon\" title=\"\"><img loading=\"lazy\" decoding=\"async\" width=\"150\" height=\"150\" src=\"https:\/\/www.mecerreyes.com\/mece\/wp-content\/uploads\/2018\/03\/Mecerreyes-Carnavaladas-2018-42-150x150.jpg\" class=\"attachment-thumbnail size-thumbnail\" alt=\"\" srcset=\"https:\/\/www.mecerreyes.com\/mece\/wp-content\/uploads\/2018\/03\/Mecerreyes-Carnavaladas-2018-42-150x150.jpg 150w, https:\/\/www.mecerreyes.com\/mece\/wp-content\/uploads\/2018\/03\/Mecerreyes-Carnavaladas-2018-42-440x440.jpg 440w\" sizes=\"(max-width: 150px) 100vw, 150px\" \/><\/a>\n\t\t\t<\/dt><\/dl><dl class='gallery-item'>\n\t\t\t<dt class='gallery-icon landscape'>\n\t\t\t\t<a  href=\"https:\/\/www.mecerreyes.com\/mece\/wp-content\/uploads\/2018\/03\/Mecerreyes-Carnavaladas-2018-6.jpg\" class=\"thickbox no_icon\" title=\"\"><img loading=\"lazy\" decoding=\"async\" width=\"150\" height=\"150\" src=\"https:\/\/www.mecerreyes.com\/mece\/wp-content\/uploads\/2018\/03\/Mecerreyes-Carnavaladas-2018-6-150x150.jpg\" class=\"attachment-thumbnail size-thumbnail\" alt=\"\" srcset=\"https:\/\/www.mecerreyes.com\/mece\/wp-content\/uploads\/2018\/03\/Mecerreyes-Carnavaladas-2018-6-150x150.jpg 150w, https:\/\/www.mecerreyes.com\/mece\/wp-content\/uploads\/2018\/03\/Mecerreyes-Carnavaladas-2018-6-440x440.jpg 440w\" sizes=\"(max-width: 150px) 100vw, 150px\" \/><\/a>\n\t\t\t<\/dt><\/dl><br style=\"clear: both\" \/><dl class='gallery-item'>\n\t\t\t<dt class='gallery-icon portrait'>\n\t\t\t\t<a  href=\"https:\/\/www.mecerreyes.com\/mece\/wp-content\/uploads\/2018\/03\/Mecerreyes-Carnavaladas-2018-7.jpg\" class=\"thickbox no_icon\" title=\"\"><img loading=\"lazy\" decoding=\"async\" width=\"150\" height=\"150\" src=\"https:\/\/www.mecerreyes.com\/mece\/wp-content\/uploads\/2018\/03\/Mecerreyes-Carnavaladas-2018-7-150x150.jpg\" class=\"attachment-thumbnail size-thumbnail\" alt=\"\" srcset=\"https:\/\/www.mecerreyes.com\/mece\/wp-content\/uploads\/2018\/03\/Mecerreyes-Carnavaladas-2018-7-150x150.jpg 150w, https:\/\/www.mecerreyes.com\/mece\/wp-content\/uploads\/2018\/03\/Mecerreyes-Carnavaladas-2018-7-440x440.jpg 440w\" sizes=\"(max-width: 150px) 100vw, 150px\" \/><\/a>\n\t\t\t<\/dt><\/dl><dl class='gallery-item'>\n\t\t\t<dt class='gallery-icon portrait'>\n\t\t\t\t<a  href=\"https:\/\/www.mecerreyes.com\/mece\/wp-content\/uploads\/2018\/03\/Mecerreyes-Carnavaladas-2018-8.jpg\" class=\"thickbox no_icon\" title=\"\"><img loading=\"lazy\" decoding=\"async\" width=\"150\" height=\"150\" src=\"https:\/\/www.mecerreyes.com\/mece\/wp-content\/uploads\/2018\/03\/Mecerreyes-Carnavaladas-2018-8-150x150.jpg\" class=\"attachment-thumbnail size-thumbnail\" alt=\"\" srcset=\"https:\/\/www.mecerreyes.com\/mece\/wp-content\/uploads\/2018\/03\/Mecerreyes-Carnavaladas-2018-8-150x150.jpg 150w, https:\/\/www.mecerreyes.com\/mece\/wp-content\/uploads\/2018\/03\/Mecerreyes-Carnavaladas-2018-8-440x440.jpg 440w\" sizes=\"(max-width: 150px) 100vw, 150px\" \/><\/a>\n\t\t\t<\/dt><\/dl><dl class='gallery-item'>\n\t\t\t<dt class='gallery-icon portrait'>\n\t\t\t\t<a  href=\"https:\/\/www.mecerreyes.com\/mece\/wp-content\/uploads\/2018\/03\/Mecerreyes-Carnavaladas-2018-9.jpg\" class=\"thickbox no_icon\" title=\"\"><img loading=\"lazy\" decoding=\"async\" width=\"150\" height=\"150\" src=\"https:\/\/www.mecerreyes.com\/mece\/wp-content\/uploads\/2018\/03\/Mecerreyes-Carnavaladas-2018-9-150x150.jpg\" class=\"attachment-thumbnail size-thumbnail\" alt=\"\" srcset=\"https:\/\/www.mecerreyes.com\/mece\/wp-content\/uploads\/2018\/03\/Mecerreyes-Carnavaladas-2018-9-150x150.jpg 150w, https:\/\/www.mecerreyes.com\/mece\/wp-content\/uploads\/2018\/03\/Mecerreyes-Carnavaladas-2018-9-440x440.jpg 440w\" sizes=\"(max-width: 150px) 100vw, 150px\" \/><\/a>\n\t\t\t<\/dt><\/dl><br style=\"clear: both\" \/><dl class='gallery-item'>\n\t\t\t<dt class='gallery-icon landscape'>\n\t\t\t\t<a  href=\"https:\/\/www.mecerreyes.com\/mece\/wp-content\/uploads\/2018\/03\/Mecerreyes-Carnavaladas-2018-10.jpg\" class=\"thickbox no_icon\" title=\"\"><img loading=\"lazy\" decoding=\"async\" width=\"150\" height=\"150\" src=\"https:\/\/www.mecerreyes.com\/mece\/wp-content\/uploads\/2018\/03\/Mecerreyes-Carnavaladas-2018-10-150x150.jpg\" class=\"attachment-thumbnail size-thumbnail\" alt=\"\" srcset=\"https:\/\/www.mecerreyes.com\/mece\/wp-content\/uploads\/2018\/03\/Mecerreyes-Carnavaladas-2018-10-150x150.jpg 150w, https:\/\/www.mecerreyes.com\/mece\/wp-content\/uploads\/2018\/03\/Mecerreyes-Carnavaladas-2018-10-440x440.jpg 440w\" sizes=\"(max-width: 150px) 100vw, 150px\" \/><\/a>\n\t\t\t<\/dt><\/dl><dl class='gallery-item'>\n\t\t\t<dt class='gallery-icon portrait'>\n\t\t\t\t<a  href=\"https:\/\/www.mecerreyes.com\/mece\/wp-content\/uploads\/2018\/03\/Mecerreyes-Carnavaladas-2018-11.jpg\" class=\"thickbox no_icon\" title=\"\"><img loading=\"lazy\" decoding=\"async\" width=\"150\" height=\"150\" src=\"https:\/\/www.mecerreyes.com\/mece\/wp-content\/uploads\/2018\/03\/Mecerreyes-Carnavaladas-2018-11-150x150.jpg\" class=\"attachment-thumbnail size-thumbnail\" alt=\"\" srcset=\"https:\/\/www.mecerreyes.com\/mece\/wp-content\/uploads\/2018\/03\/Mecerreyes-Carnavaladas-2018-11-150x150.jpg 150w, https:\/\/www.mecerreyes.com\/mece\/wp-content\/uploads\/2018\/03\/Mecerreyes-Carnavaladas-2018-11-440x440.jpg 440w\" sizes=\"(max-width: 150px) 100vw, 150px\" \/><\/a>\n\t\t\t<\/dt><\/dl><dl class='gallery-item'>\n\t\t\t<dt class='gallery-icon portrait'>\n\t\t\t\t<a  href=\"https:\/\/www.mecerreyes.com\/mece\/wp-content\/uploads\/2018\/03\/Mecerreyes-Carnavaladas-2018-13.jpg\" class=\"thickbox no_icon\" title=\"\"><img loading=\"lazy\" decoding=\"async\" width=\"150\" height=\"150\" src=\"https:\/\/www.mecerreyes.com\/mece\/wp-content\/uploads\/2018\/03\/Mecerreyes-Carnavaladas-2018-13-150x150.jpg\" class=\"attachment-thumbnail size-thumbnail\" alt=\"\" srcset=\"https:\/\/www.mecerreyes.com\/mece\/wp-content\/uploads\/2018\/03\/Mecerreyes-Carnavaladas-2018-13-150x150.jpg 150w, https:\/\/www.mecerreyes.com\/mece\/wp-content\/uploads\/2018\/03\/Mecerreyes-Carnavaladas-2018-13-440x440.jpg 440w\" sizes=\"(max-width: 150px) 100vw, 150px\" \/><\/a>\n\t\t\t<\/dt><\/dl><br style=\"clear: both\" \/><dl class='gallery-item'>\n\t\t\t<dt class='gallery-icon landscape'>\n\t\t\t\t<a  href=\"https:\/\/www.mecerreyes.com\/mece\/wp-content\/uploads\/2018\/03\/Mecerreyes-Carnavaladas-2018-14.jpg\" class=\"thickbox no_icon\" title=\"\"><img loading=\"lazy\" decoding=\"async\" width=\"150\" height=\"150\" src=\"https:\/\/www.mecerreyes.com\/mece\/wp-content\/uploads\/2018\/03\/Mecerreyes-Carnavaladas-2018-14-150x150.jpg\" class=\"attachment-thumbnail size-thumbnail\" alt=\"\" srcset=\"https:\/\/www.mecerreyes.com\/mece\/wp-content\/uploads\/2018\/03\/Mecerreyes-Carnavaladas-2018-14-150x150.jpg 150w, https:\/\/www.mecerreyes.com\/mece\/wp-content\/uploads\/2018\/03\/Mecerreyes-Carnavaladas-2018-14-440x440.jpg 440w\" sizes=\"(max-width: 150px) 100vw, 150px\" \/><\/a>\n\t\t\t<\/dt><\/dl><dl class='gallery-item'>\n\t\t\t<dt class='gallery-icon portrait'>\n\t\t\t\t<a  href=\"https:\/\/www.mecerreyes.com\/mece\/wp-content\/uploads\/2018\/03\/Mecerreyes-Carnavaladas-2018-15.jpg\" class=\"thickbox no_icon\" title=\"\"><img loading=\"lazy\" decoding=\"async\" width=\"150\" height=\"150\" src=\"https:\/\/www.mecerreyes.com\/mece\/wp-content\/uploads\/2018\/03\/Mecerreyes-Carnavaladas-2018-15-150x150.jpg\" class=\"attachment-thumbnail size-thumbnail\" alt=\"\" srcset=\"https:\/\/www.mecerreyes.com\/mece\/wp-content\/uploads\/2018\/03\/Mecerreyes-Carnavaladas-2018-15-150x150.jpg 150w, https:\/\/www.mecerreyes.com\/mece\/wp-content\/uploads\/2018\/03\/Mecerreyes-Carnavaladas-2018-15-440x440.jpg 440w\" sizes=\"(max-width: 150px) 100vw, 150px\" \/><\/a>\n\t\t\t<\/dt><\/dl><dl class='gallery-item'>\n\t\t\t<dt class='gallery-icon portrait'>\n\t\t\t\t<a  href=\"https:\/\/www.mecerreyes.com\/mece\/wp-content\/uploads\/2018\/03\/Mecerreyes-Carnavaladas-2018-16.jpg\" class=\"thickbox no_icon\" title=\"\"><img loading=\"lazy\" decoding=\"async\" width=\"150\" height=\"150\" src=\"https:\/\/www.mecerreyes.com\/mece\/wp-content\/uploads\/2018\/03\/Mecerreyes-Carnavaladas-2018-16-150x150.jpg\" class=\"attachment-thumbnail size-thumbnail\" alt=\"\" srcset=\"https:\/\/www.mecerreyes.com\/mece\/wp-content\/uploads\/2018\/03\/Mecerreyes-Carnavaladas-2018-16-150x150.jpg 150w, https:\/\/www.mecerreyes.com\/mece\/wp-content\/uploads\/2018\/03\/Mecerreyes-Carnavaladas-2018-16-440x440.jpg 440w\" sizes=\"(max-width: 150px) 100vw, 150px\" \/><\/a>\n\t\t\t<\/dt><\/dl><br style=\"clear: both\" \/><dl class='gallery-item'>\n\t\t\t<dt class='gallery-icon portrait'>\n\t\t\t\t<a  href=\"https:\/\/www.mecerreyes.com\/mece\/wp-content\/uploads\/2018\/03\/Mecerreyes-Carnavaladas-2018-17.jpg\" class=\"thickbox no_icon\" title=\"\"><img loading=\"lazy\" decoding=\"async\" width=\"150\" height=\"150\" src=\"https:\/\/www.mecerreyes.com\/mece\/wp-content\/uploads\/2018\/03\/Mecerreyes-Carnavaladas-2018-17-150x150.jpg\" class=\"attachment-thumbnail size-thumbnail\" alt=\"\" srcset=\"https:\/\/www.mecerreyes.com\/mece\/wp-content\/uploads\/2018\/03\/Mecerreyes-Carnavaladas-2018-17-150x150.jpg 150w, https:\/\/www.mecerreyes.com\/mece\/wp-content\/uploads\/2018\/03\/Mecerreyes-Carnavaladas-2018-17-440x440.jpg 440w\" sizes=\"(max-width: 150px) 100vw, 150px\" \/><\/a>\n\t\t\t<\/dt><\/dl><dl class='gallery-item'>\n\t\t\t<dt class='gallery-icon portrait'>\n\t\t\t\t<a  href=\"https:\/\/www.mecerreyes.com\/mece\/wp-content\/uploads\/2018\/03\/Mecerreyes-Carnavaladas-2018-18.jpg\" class=\"thickbox no_icon\" title=\"\"><img loading=\"lazy\" decoding=\"async\" width=\"150\" height=\"150\" src=\"https:\/\/www.mecerreyes.com\/mece\/wp-content\/uploads\/2018\/03\/Mecerreyes-Carnavaladas-2018-18-150x150.jpg\" class=\"attachment-thumbnail size-thumbnail\" alt=\"\" srcset=\"https:\/\/www.mecerreyes.com\/mece\/wp-content\/uploads\/2018\/03\/Mecerreyes-Carnavaladas-2018-18-150x150.jpg 150w, https:\/\/www.mecerreyes.com\/mece\/wp-content\/uploads\/2018\/03\/Mecerreyes-Carnavaladas-2018-18-440x440.jpg 440w\" sizes=\"(max-width: 150px) 100vw, 150px\" \/><\/a>\n\t\t\t<\/dt><\/dl><dl class='gallery-item'>\n\t\t\t<dt class='gallery-icon portrait'>\n\t\t\t\t<a  href=\"https:\/\/www.mecerreyes.com\/mece\/wp-content\/uploads\/2018\/03\/Mecerreyes-Carnavaladas-2018-19.jpg\" class=\"thickbox no_icon\" title=\"\"><img loading=\"lazy\" decoding=\"async\" width=\"150\" height=\"150\" src=\"https:\/\/www.mecerreyes.com\/mece\/wp-content\/uploads\/2018\/03\/Mecerreyes-Carnavaladas-2018-19-150x150.jpg\" class=\"attachment-thumbnail size-thumbnail\" alt=\"\" srcset=\"https:\/\/www.mecerreyes.com\/mece\/wp-content\/uploads\/2018\/03\/Mecerreyes-Carnavaladas-2018-19-150x150.jpg 150w, https:\/\/www.mecerreyes.com\/mece\/wp-content\/uploads\/2018\/03\/Mecerreyes-Carnavaladas-2018-19-440x440.jpg 440w\" sizes=\"(max-width: 150px) 100vw, 150px\" \/><\/a>\n\t\t\t<\/dt><\/dl><br style=\"clear: both\" \/><dl class='gallery-item'>\n\t\t\t<dt class='gallery-icon portrait'>\n\t\t\t\t<a  href=\"https:\/\/www.mecerreyes.com\/mece\/wp-content\/uploads\/2018\/03\/Mecerreyes-Carnavaladas-2018-20.jpg\" class=\"thickbox no_icon\" title=\"\"><img loading=\"lazy\" decoding=\"async\" width=\"150\" height=\"150\" src=\"https:\/\/www.mecerreyes.com\/mece\/wp-content\/uploads\/2018\/03\/Mecerreyes-Carnavaladas-2018-20-150x150.jpg\" class=\"attachment-thumbnail size-thumbnail\" alt=\"\" srcset=\"https:\/\/www.mecerreyes.com\/mece\/wp-content\/uploads\/2018\/03\/Mecerreyes-Carnavaladas-2018-20-150x150.jpg 150w, https:\/\/www.mecerreyes.com\/mece\/wp-content\/uploads\/2018\/03\/Mecerreyes-Carnavaladas-2018-20-440x440.jpg 440w\" sizes=\"(max-width: 150px) 100vw, 150px\" \/><\/a>\n\t\t\t<\/dt><\/dl><dl class='gallery-item'>\n\t\t\t<dt class='gallery-icon landscape'>\n\t\t\t\t<a  href=\"https:\/\/www.mecerreyes.com\/mece\/wp-content\/uploads\/2018\/03\/Mecerreyes-Carnavaladas-2018-21.jpg\" class=\"thickbox no_icon\" title=\"\"><img loading=\"lazy\" decoding=\"async\" width=\"150\" height=\"150\" src=\"https:\/\/www.mecerreyes.com\/mece\/wp-content\/uploads\/2018\/03\/Mecerreyes-Carnavaladas-2018-21-150x150.jpg\" class=\"attachment-thumbnail size-thumbnail\" alt=\"\" srcset=\"https:\/\/www.mecerreyes.com\/mece\/wp-content\/uploads\/2018\/03\/Mecerreyes-Carnavaladas-2018-21-150x150.jpg 150w, https:\/\/www.mecerreyes.com\/mece\/wp-content\/uploads\/2018\/03\/Mecerreyes-Carnavaladas-2018-21-440x440.jpg 440w\" sizes=\"(max-width: 150px) 100vw, 150px\" \/><\/a>\n\t\t\t<\/dt><\/dl><dl class='gallery-item'>\n\t\t\t<dt class='gallery-icon portrait'>\n\t\t\t\t<a  href=\"https:\/\/www.mecerreyes.com\/mece\/wp-content\/uploads\/2018\/03\/Mecerreyes-Carnavaladas-2018-22.jpg\" class=\"thickbox no_icon\" title=\"\"><img loading=\"lazy\" decoding=\"async\" width=\"150\" height=\"150\" src=\"https:\/\/www.mecerreyes.com\/mece\/wp-content\/uploads\/2018\/03\/Mecerreyes-Carnavaladas-2018-22-150x150.jpg\" class=\"attachment-thumbnail size-thumbnail\" alt=\"\" srcset=\"https:\/\/www.mecerreyes.com\/mece\/wp-content\/uploads\/2018\/03\/Mecerreyes-Carnavaladas-2018-22-150x150.jpg 150w, https:\/\/www.mecerreyes.com\/mece\/wp-content\/uploads\/2018\/03\/Mecerreyes-Carnavaladas-2018-22-440x440.jpg 440w\" sizes=\"(max-width: 150px) 100vw, 150px\" \/><\/a>\n\t\t\t<\/dt><\/dl><br style=\"clear: both\" \/><dl class='gallery-item'>\n\t\t\t<dt class='gallery-icon portrait'>\n\t\t\t\t<a  href=\"https:\/\/www.mecerreyes.com\/mece\/wp-content\/uploads\/2018\/03\/Mecerreyes-Carnavaladas-2018-23.jpg\" class=\"thickbox no_icon\" title=\"\"><img loading=\"lazy\" decoding=\"async\" width=\"150\" height=\"150\" src=\"https:\/\/www.mecerreyes.com\/mece\/wp-content\/uploads\/2018\/03\/Mecerreyes-Carnavaladas-2018-23-150x150.jpg\" class=\"attachment-thumbnail size-thumbnail\" alt=\"\" srcset=\"https:\/\/www.mecerreyes.com\/mece\/wp-content\/uploads\/2018\/03\/Mecerreyes-Carnavaladas-2018-23-150x150.jpg 150w, https:\/\/www.mecerreyes.com\/mece\/wp-content\/uploads\/2018\/03\/Mecerreyes-Carnavaladas-2018-23-440x440.jpg 440w\" sizes=\"(max-width: 150px) 100vw, 150px\" \/><\/a>\n\t\t\t<\/dt><\/dl><dl class='gallery-item'>\n\t\t\t<dt class='gallery-icon portrait'>\n\t\t\t\t<a  href=\"https:\/\/www.mecerreyes.com\/mece\/wp-content\/uploads\/2018\/03\/Mecerreyes-Carnavaladas-2018-24.jpg\" class=\"thickbox no_icon\" title=\"\"><img loading=\"lazy\" decoding=\"async\" width=\"150\" height=\"150\" src=\"https:\/\/www.mecerreyes.com\/mece\/wp-content\/uploads\/2018\/03\/Mecerreyes-Carnavaladas-2018-24-150x150.jpg\" class=\"attachment-thumbnail size-thumbnail\" alt=\"\" srcset=\"https:\/\/www.mecerreyes.com\/mece\/wp-content\/uploads\/2018\/03\/Mecerreyes-Carnavaladas-2018-24-150x150.jpg 150w, https:\/\/www.mecerreyes.com\/mece\/wp-content\/uploads\/2018\/03\/Mecerreyes-Carnavaladas-2018-24-440x440.jpg 440w\" sizes=\"(max-width: 150px) 100vw, 150px\" \/><\/a>\n\t\t\t<\/dt><\/dl><dl class='gallery-item'>\n\t\t\t<dt class='gallery-icon landscape'>\n\t\t\t\t<a  href=\"https:\/\/www.mecerreyes.com\/mece\/wp-content\/uploads\/2018\/03\/Mecerreyes-Carnavaladas-2018-27.jpg\" class=\"thickbox no_icon\" title=\"\"><img loading=\"lazy\" decoding=\"async\" width=\"150\" height=\"150\" src=\"https:\/\/www.mecerreyes.com\/mece\/wp-content\/uploads\/2018\/03\/Mecerreyes-Carnavaladas-2018-27-150x150.jpg\" class=\"attachment-thumbnail size-thumbnail\" alt=\"\" srcset=\"https:\/\/www.mecerreyes.com\/mece\/wp-content\/uploads\/2018\/03\/Mecerreyes-Carnavaladas-2018-27-150x150.jpg 150w, https:\/\/www.mecerreyes.com\/mece\/wp-content\/uploads\/2018\/03\/Mecerreyes-Carnavaladas-2018-27-440x440.jpg 440w\" sizes=\"(max-width: 150px) 100vw, 150px\" \/><\/a>\n\t\t\t<\/dt><\/dl><br style=\"clear: both\" \/><dl class='gallery-item'>\n\t\t\t<dt class='gallery-icon landscape'>\n\t\t\t\t<a  href=\"https:\/\/www.mecerreyes.com\/mece\/wp-content\/uploads\/2018\/03\/Mecerreyes-Carnavaladas-2018-28.jpg\" class=\"thickbox no_icon\" title=\"\"><img loading=\"lazy\" decoding=\"async\" width=\"150\" height=\"150\" src=\"https:\/\/www.mecerreyes.com\/mece\/wp-content\/uploads\/2018\/03\/Mecerreyes-Carnavaladas-2018-28-150x150.jpg\" class=\"attachment-thumbnail size-thumbnail\" alt=\"\" srcset=\"https:\/\/www.mecerreyes.com\/mece\/wp-content\/uploads\/2018\/03\/Mecerreyes-Carnavaladas-2018-28-150x150.jpg 150w, https:\/\/www.mecerreyes.com\/mece\/wp-content\/uploads\/2018\/03\/Mecerreyes-Carnavaladas-2018-28-440x440.jpg 440w\" sizes=\"(max-width: 150px) 100vw, 150px\" \/><\/a>\n\t\t\t<\/dt><\/dl><dl class='gallery-item'>\n\t\t\t<dt class='gallery-icon portrait'>\n\t\t\t\t<a  href=\"https:\/\/www.mecerreyes.com\/mece\/wp-content\/uploads\/2018\/03\/Mecerreyes-Carnavaladas-2018-30.jpg\" class=\"thickbox no_icon\" title=\"\"><img loading=\"lazy\" decoding=\"async\" width=\"150\" height=\"150\" src=\"https:\/\/www.mecerreyes.com\/mece\/wp-content\/uploads\/2018\/03\/Mecerreyes-Carnavaladas-2018-30-150x150.jpg\" class=\"attachment-thumbnail size-thumbnail\" alt=\"\" srcset=\"https:\/\/www.mecerreyes.com\/mece\/wp-content\/uploads\/2018\/03\/Mecerreyes-Carnavaladas-2018-30-150x150.jpg 150w, https:\/\/www.mecerreyes.com\/mece\/wp-content\/uploads\/2018\/03\/Mecerreyes-Carnavaladas-2018-30-440x440.jpg 440w\" sizes=\"(max-width: 150px) 100vw, 150px\" \/><\/a>\n\t\t\t<\/dt><\/dl><dl class='gallery-item'>\n\t\t\t<dt class='gallery-icon landscape'>\n\t\t\t\t<a  href=\"https:\/\/www.mecerreyes.com\/mece\/wp-content\/uploads\/2018\/03\/Mecerreyes-Carnavaladas-2018-31.jpg\" class=\"thickbox no_icon\" title=\"\"><img loading=\"lazy\" decoding=\"async\" width=\"150\" height=\"150\" src=\"https:\/\/www.mecerreyes.com\/mece\/wp-content\/uploads\/2018\/03\/Mecerreyes-Carnavaladas-2018-31-150x150.jpg\" class=\"attachment-thumbnail size-thumbnail\" alt=\"\" srcset=\"https:\/\/www.mecerreyes.com\/mece\/wp-content\/uploads\/2018\/03\/Mecerreyes-Carnavaladas-2018-31-150x150.jpg 150w, https:\/\/www.mecerreyes.com\/mece\/wp-content\/uploads\/2018\/03\/Mecerreyes-Carnavaladas-2018-31-440x440.jpg 440w\" sizes=\"(max-width: 150px) 100vw, 150px\" \/><\/a>\n\t\t\t<\/dt><\/dl><br style=\"clear: both\" \/><dl class='gallery-item'>\n\t\t\t<dt class='gallery-icon landscape'>\n\t\t\t\t<a  href=\"https:\/\/www.mecerreyes.com\/mece\/wp-content\/uploads\/2018\/03\/Mecerreyes-Carnavaladas-2018-32.jpg\" class=\"thickbox no_icon\" title=\"\"><img loading=\"lazy\" decoding=\"async\" width=\"150\" height=\"150\" src=\"https:\/\/www.mecerreyes.com\/mece\/wp-content\/uploads\/2018\/03\/Mecerreyes-Carnavaladas-2018-32-150x150.jpg\" class=\"attachment-thumbnail size-thumbnail\" alt=\"\" srcset=\"https:\/\/www.mecerreyes.com\/mece\/wp-content\/uploads\/2018\/03\/Mecerreyes-Carnavaladas-2018-32-150x150.jpg 150w, https:\/\/www.mecerreyes.com\/mece\/wp-content\/uploads\/2018\/03\/Mecerreyes-Carnavaladas-2018-32-440x440.jpg 440w\" sizes=\"(max-width: 150px) 100vw, 150px\" \/><\/a>\n\t\t\t<\/dt><\/dl><dl class='gallery-item'>\n\t\t\t<dt class='gallery-icon portrait'>\n\t\t\t\t<a  href=\"https:\/\/www.mecerreyes.com\/mece\/wp-content\/uploads\/2018\/03\/Mecerreyes-Carnavaladas-2018-33.jpg\" class=\"thickbox no_icon\" title=\"\"><img loading=\"lazy\" decoding=\"async\" width=\"150\" height=\"150\" src=\"https:\/\/www.mecerreyes.com\/mece\/wp-content\/uploads\/2018\/03\/Mecerreyes-Carnavaladas-2018-33-150x150.jpg\" class=\"attachment-thumbnail size-thumbnail\" alt=\"\" srcset=\"https:\/\/www.mecerreyes.com\/mece\/wp-content\/uploads\/2018\/03\/Mecerreyes-Carnavaladas-2018-33-150x150.jpg 150w, https:\/\/www.mecerreyes.com\/mece\/wp-content\/uploads\/2018\/03\/Mecerreyes-Carnavaladas-2018-33-440x440.jpg 440w\" sizes=\"(max-width: 150px) 100vw, 150px\" \/><\/a>\n\t\t\t<\/dt><\/dl><dl class='gallery-item'>\n\t\t\t<dt class='gallery-icon landscape'>\n\t\t\t\t<a  href=\"https:\/\/www.mecerreyes.com\/mece\/wp-content\/uploads\/2018\/03\/Mecerreyes-Carnavaladas-2018-34.jpg\" class=\"thickbox no_icon\" title=\"\"><img loading=\"lazy\" decoding=\"async\" width=\"150\" height=\"150\" src=\"https:\/\/www.mecerreyes.com\/mece\/wp-content\/uploads\/2018\/03\/Mecerreyes-Carnavaladas-2018-34-150x150.jpg\" class=\"attachment-thumbnail size-thumbnail\" alt=\"\" srcset=\"https:\/\/www.mecerreyes.com\/mece\/wp-content\/uploads\/2018\/03\/Mecerreyes-Carnavaladas-2018-34-150x150.jpg 150w, https:\/\/www.mecerreyes.com\/mece\/wp-content\/uploads\/2018\/03\/Mecerreyes-Carnavaladas-2018-34-440x440.jpg 440w\" sizes=\"(max-width: 150px) 100vw, 150px\" \/><\/a>\n\t\t\t<\/dt><\/dl><br style=\"clear: both\" \/><dl class='gallery-item'>\n\t\t\t<dt class='gallery-icon landscape'>\n\t\t\t\t<a  href=\"https:\/\/www.mecerreyes.com\/mece\/wp-content\/uploads\/2018\/03\/Mecerreyes-Carnavaladas-2018-35.jpg\" class=\"thickbox no_icon\" title=\"\"><img loading=\"lazy\" decoding=\"async\" width=\"150\" height=\"150\" src=\"https:\/\/www.mecerreyes.com\/mece\/wp-content\/uploads\/2018\/03\/Mecerreyes-Carnavaladas-2018-35-150x150.jpg\" class=\"attachment-thumbnail size-thumbnail\" alt=\"\" srcset=\"https:\/\/www.mecerreyes.com\/mece\/wp-content\/uploads\/2018\/03\/Mecerreyes-Carnavaladas-2018-35-150x150.jpg 150w, https:\/\/www.mecerreyes.com\/mece\/wp-content\/uploads\/2018\/03\/Mecerreyes-Carnavaladas-2018-35-440x440.jpg 440w\" sizes=\"(max-width: 150px) 100vw, 150px\" \/><\/a>\n\t\t\t<\/dt><\/dl><dl class='gallery-item'>\n\t\t\t<dt class='gallery-icon landscape'>\n\t\t\t\t<a  href=\"https:\/\/www.mecerreyes.com\/mece\/wp-content\/uploads\/2018\/03\/Mecerreyes-Carnavaladas-2018-36.jpg\" class=\"thickbox no_icon\" title=\"\"><img loading=\"lazy\" decoding=\"async\" width=\"150\" height=\"150\" src=\"https:\/\/www.mecerreyes.com\/mece\/wp-content\/uploads\/2018\/03\/Mecerreyes-Carnavaladas-2018-36-150x150.jpg\" class=\"attachment-thumbnail size-thumbnail\" alt=\"\" srcset=\"https:\/\/www.mecerreyes.com\/mece\/wp-content\/uploads\/2018\/03\/Mecerreyes-Carnavaladas-2018-36-150x150.jpg 150w, https:\/\/www.mecerreyes.com\/mece\/wp-content\/uploads\/2018\/03\/Mecerreyes-Carnavaladas-2018-36-440x440.jpg 440w\" sizes=\"(max-width: 150px) 100vw, 150px\" \/><\/a>\n\t\t\t<\/dt><\/dl><dl class='gallery-item'>\n\t\t\t<dt class='gallery-icon portrait'>\n\t\t\t\t<a  href=\"https:\/\/www.mecerreyes.com\/mece\/wp-content\/uploads\/2018\/03\/Mecerreyes-Carnavaladas-2018-38.jpg\" class=\"thickbox no_icon\" title=\"\"><img loading=\"lazy\" decoding=\"async\" width=\"150\" height=\"150\" src=\"https:\/\/www.mecerreyes.com\/mece\/wp-content\/uploads\/2018\/03\/Mecerreyes-Carnavaladas-2018-38-150x150.jpg\" class=\"attachment-thumbnail size-thumbnail\" alt=\"\" srcset=\"https:\/\/www.mecerreyes.com\/mece\/wp-content\/uploads\/2018\/03\/Mecerreyes-Carnavaladas-2018-38-150x150.jpg 150w, https:\/\/www.mecerreyes.com\/mece\/wp-content\/uploads\/2018\/03\/Mecerreyes-Carnavaladas-2018-38-440x440.jpg 440w\" sizes=\"(max-width: 150px) 100vw, 150px\" \/><\/a>\n\t\t\t<\/dt><\/dl><br style=\"clear: both\" \/><dl class='gallery-item'>\n\t\t\t<dt class='gallery-icon landscape'>\n\t\t\t\t<a  href=\"https:\/\/www.mecerreyes.com\/mece\/wp-content\/uploads\/2018\/03\/Mecerreyes-Carnavaladas-2018-39.jpg\" class=\"thickbox no_icon\" title=\"\"><img loading=\"lazy\" decoding=\"async\" width=\"150\" height=\"150\" src=\"https:\/\/www.mecerreyes.com\/mece\/wp-content\/uploads\/2018\/03\/Mecerreyes-Carnavaladas-2018-39-150x150.jpg\" class=\"attachment-thumbnail size-thumbnail\" alt=\"\" srcset=\"https:\/\/www.mecerreyes.com\/mece\/wp-content\/uploads\/2018\/03\/Mecerreyes-Carnavaladas-2018-39-150x150.jpg 150w, https:\/\/www.mecerreyes.com\/mece\/wp-content\/uploads\/2018\/03\/Mecerreyes-Carnavaladas-2018-39-440x440.jpg 440w\" sizes=\"(max-width: 150px) 100vw, 150px\" \/><\/a>\n\t\t\t<\/dt><\/dl><dl class='gallery-item'>\n\t\t\t<dt class='gallery-icon landscape'>\n\t\t\t\t<a  href=\"https:\/\/www.mecerreyes.com\/mece\/wp-content\/uploads\/2018\/03\/Mecerreyes-Carnavaladas-2018-40.jpg\" class=\"thickbox no_icon\" title=\"\"><img loading=\"lazy\" decoding=\"async\" width=\"150\" height=\"150\" src=\"https:\/\/www.mecerreyes.com\/mece\/wp-content\/uploads\/2018\/03\/Mecerreyes-Carnavaladas-2018-40-150x150.jpg\" class=\"attachment-thumbnail size-thumbnail\" alt=\"\" srcset=\"https:\/\/www.mecerreyes.com\/mece\/wp-content\/uploads\/2018\/03\/Mecerreyes-Carnavaladas-2018-40-150x150.jpg 150w, https:\/\/www.mecerreyes.com\/mece\/wp-content\/uploads\/2018\/03\/Mecerreyes-Carnavaladas-2018-40-440x440.jpg 440w\" sizes=\"(max-width: 150px) 100vw, 150px\" \/><\/a>\n\t\t\t<\/dt><\/dl><dl class='gallery-item'>\n\t\t\t<dt class='gallery-icon landscape'>\n\t\t\t\t<a  href=\"https:\/\/www.mecerreyes.com\/mece\/wp-content\/uploads\/2018\/03\/Mecerreyes-Carnavaladas-2018-41.jpg\" class=\"thickbox no_icon\" title=\"\"><img loading=\"lazy\" decoding=\"async\" width=\"150\" height=\"150\" src=\"https:\/\/www.mecerreyes.com\/mece\/wp-content\/uploads\/2018\/03\/Mecerreyes-Carnavaladas-2018-41-150x150.jpg\" class=\"attachment-thumbnail size-thumbnail\" alt=\"\" srcset=\"https:\/\/www.mecerreyes.com\/mece\/wp-content\/uploads\/2018\/03\/Mecerreyes-Carnavaladas-2018-41-150x150.jpg 150w, https:\/\/www.mecerreyes.com\/mece\/wp-content\/uploads\/2018\/03\/Mecerreyes-Carnavaladas-2018-41-440x440.jpg 440w\" sizes=\"(max-width: 150px) 100vw, 150px\" \/><\/a>\n\t\t\t<\/dt><\/dl><br style=\"clear: both\" \/>\n\t\t<\/div>\n\n<h2>GALLO DE CARNAVAL<\/h2>\n\n\t\t<style type=\"text\/css\">\n\t\t\t#gallery-5 {\n\t\t\t\tmargin: auto;\n\t\t\t}\n\t\t\t#gallery-5 .gallery-item {\n\t\t\t\tfloat: left;\n\t\t\t\tmargin-top: 10px;\n\t\t\t\ttext-align: center;\n\t\t\t\twidth: 33%;\n\t\t\t}\n\t\t\t#gallery-5 img {\n\t\t\t\tborder: 2px solid #cfcfcf;\n\t\t\t}\n\t\t\t#gallery-5 .gallery-caption {\n\t\t\t\tmargin-left: 0;\n\t\t\t}\n\t\t\t\/* see gallery_shortcode() in wp-includes\/media.php *\/\n\t\t<\/style>\n\t\t<div id='gallery-5' class='gallery galleryid-16452 gallery-columns-3 gallery-size-thumbnail'><dl class='gallery-item'>\n\t\t\t<dt class='gallery-icon landscape'>\n\t\t\t\t<a  href=\"https:\/\/www.mecerreyes.com\/mece\/wp-content\/uploads\/2018\/03\/Mecerreyes-Corrida-del-Gallo-de-Carnaval-11-02-2018-1.jpg\" class=\"thickbox no_icon\" title=\"\"><img loading=\"lazy\" decoding=\"async\" width=\"150\" height=\"150\" src=\"https:\/\/www.mecerreyes.com\/mece\/wp-content\/uploads\/2018\/03\/Mecerreyes-Corrida-del-Gallo-de-Carnaval-11-02-2018-1-150x150.jpg\" class=\"attachment-thumbnail size-thumbnail\" alt=\"\" srcset=\"https:\/\/www.mecerreyes.com\/mece\/wp-content\/uploads\/2018\/03\/Mecerreyes-Corrida-del-Gallo-de-Carnaval-11-02-2018-1-150x150.jpg 150w, https:\/\/www.mecerreyes.com\/mece\/wp-content\/uploads\/2018\/03\/Mecerreyes-Corrida-del-Gallo-de-Carnaval-11-02-2018-1-440x440.jpg 440w\" sizes=\"(max-width: 150px) 100vw, 150px\" \/><\/a>\n\t\t\t<\/dt><\/dl><dl class='gallery-item'>\n\t\t\t<dt class='gallery-icon landscape'>\n\t\t\t\t<a  href=\"https:\/\/www.mecerreyes.com\/mece\/wp-content\/uploads\/2018\/03\/Mecerreyes-Corrida-del-Gallo-de-Carnaval-11-02-2018-2.jpg\" class=\"thickbox no_icon\" title=\"\"><img loading=\"lazy\" decoding=\"async\" width=\"150\" height=\"150\" src=\"https:\/\/www.mecerreyes.com\/mece\/wp-content\/uploads\/2018\/03\/Mecerreyes-Corrida-del-Gallo-de-Carnaval-11-02-2018-2-150x150.jpg\" class=\"attachment-thumbnail size-thumbnail\" alt=\"\" srcset=\"https:\/\/www.mecerreyes.com\/mece\/wp-content\/uploads\/2018\/03\/Mecerreyes-Corrida-del-Gallo-de-Carnaval-11-02-2018-2-150x150.jpg 150w, https:\/\/www.mecerreyes.com\/mece\/wp-content\/uploads\/2018\/03\/Mecerreyes-Corrida-del-Gallo-de-Carnaval-11-02-2018-2-440x440.jpg 440w\" sizes=\"(max-width: 150px) 100vw, 150px\" \/><\/a>\n\t\t\t<\/dt><\/dl><dl class='gallery-item'>\n\t\t\t<dt class='gallery-icon landscape'>\n\t\t\t\t<a  href=\"https:\/\/www.mecerreyes.com\/mece\/wp-content\/uploads\/2018\/03\/Mecerreyes-Corrida-del-Gallo-de-Carnaval-11-02-2018-3.jpg\" class=\"thickbox no_icon\" title=\"\"><img loading=\"lazy\" decoding=\"async\" width=\"150\" height=\"150\" src=\"https:\/\/www.mecerreyes.com\/mece\/wp-content\/uploads\/2018\/03\/Mecerreyes-Corrida-del-Gallo-de-Carnaval-11-02-2018-3-150x150.jpg\" class=\"attachment-thumbnail size-thumbnail\" alt=\"\" srcset=\"https:\/\/www.mecerreyes.com\/mece\/wp-content\/uploads\/2018\/03\/Mecerreyes-Corrida-del-Gallo-de-Carnaval-11-02-2018-3-150x150.jpg 150w, https:\/\/www.mecerreyes.com\/mece\/wp-content\/uploads\/2018\/03\/Mecerreyes-Corrida-del-Gallo-de-Carnaval-11-02-2018-3-440x440.jpg 440w\" sizes=\"(max-width: 150px) 100vw, 150px\" \/><\/a>\n\t\t\t<\/dt><\/dl><br style=\"clear: both\" \/><dl class='gallery-item'>\n\t\t\t<dt class='gallery-icon landscape'>\n\t\t\t\t<a  href=\"https:\/\/www.mecerreyes.com\/mece\/wp-content\/uploads\/2018\/03\/Mecerreyes-Corrida-del-Gallo-de-Carnaval-11-02-2018-4.jpg\" class=\"thickbox no_icon\" title=\"\"><img loading=\"lazy\" decoding=\"async\" width=\"150\" height=\"150\" src=\"https:\/\/www.mecerreyes.com\/mece\/wp-content\/uploads\/2018\/03\/Mecerreyes-Corrida-del-Gallo-de-Carnaval-11-02-2018-4-150x150.jpg\" class=\"attachment-thumbnail size-thumbnail\" alt=\"\" srcset=\"https:\/\/www.mecerreyes.com\/mece\/wp-content\/uploads\/2018\/03\/Mecerreyes-Corrida-del-Gallo-de-Carnaval-11-02-2018-4-150x150.jpg 150w, https:\/\/www.mecerreyes.com\/mece\/wp-content\/uploads\/2018\/03\/Mecerreyes-Corrida-del-Gallo-de-Carnaval-11-02-2018-4-440x440.jpg 440w\" sizes=\"(max-width: 150px) 100vw, 150px\" \/><\/a>\n\t\t\t<\/dt><\/dl><dl class='gallery-item'>\n\t\t\t<dt class='gallery-icon landscape'>\n\t\t\t\t<a  href=\"https:\/\/www.mecerreyes.com\/mece\/wp-content\/uploads\/2018\/03\/Mecerreyes-Corrida-del-Gallo-de-Carnaval-11-02-2018-5.jpg\" class=\"thickbox no_icon\" title=\"\"><img loading=\"lazy\" decoding=\"async\" width=\"150\" height=\"150\" src=\"https:\/\/www.mecerreyes.com\/mece\/wp-content\/uploads\/2018\/03\/Mecerreyes-Corrida-del-Gallo-de-Carnaval-11-02-2018-5-150x150.jpg\" class=\"attachment-thumbnail size-thumbnail\" alt=\"\" srcset=\"https:\/\/www.mecerreyes.com\/mece\/wp-content\/uploads\/2018\/03\/Mecerreyes-Corrida-del-Gallo-de-Carnaval-11-02-2018-5-150x150.jpg 150w, https:\/\/www.mecerreyes.com\/mece\/wp-content\/uploads\/2018\/03\/Mecerreyes-Corrida-del-Gallo-de-Carnaval-11-02-2018-5-440x440.jpg 440w\" sizes=\"(max-width: 150px) 100vw, 150px\" \/><\/a>\n\t\t\t<\/dt><\/dl><dl class='gallery-item'>\n\t\t\t<dt class='gallery-icon landscape'>\n\t\t\t\t<a  href=\"https:\/\/www.mecerreyes.com\/mece\/wp-content\/uploads\/2018\/03\/Mecerreyes-Corrida-del-Gallo-de-Carnaval-11-02-2018-6.jpg\" class=\"thickbox no_icon\" title=\"\"><img loading=\"lazy\" decoding=\"async\" width=\"150\" height=\"150\" src=\"https:\/\/www.mecerreyes.com\/mece\/wp-content\/uploads\/2018\/03\/Mecerreyes-Corrida-del-Gallo-de-Carnaval-11-02-2018-6-150x150.jpg\" class=\"attachment-thumbnail size-thumbnail\" alt=\"\" srcset=\"https:\/\/www.mecerreyes.com\/mece\/wp-content\/uploads\/2018\/03\/Mecerreyes-Corrida-del-Gallo-de-Carnaval-11-02-2018-6-150x150.jpg 150w, https:\/\/www.mecerreyes.com\/mece\/wp-content\/uploads\/2018\/03\/Mecerreyes-Corrida-del-Gallo-de-Carnaval-11-02-2018-6-440x440.jpg 440w\" sizes=\"(max-width: 150px) 100vw, 150px\" \/><\/a>\n\t\t\t<\/dt><\/dl><br style=\"clear: both\" \/><dl class='gallery-item'>\n\t\t\t<dt class='gallery-icon landscape'>\n\t\t\t\t<a  href=\"https:\/\/www.mecerreyes.com\/mece\/wp-content\/uploads\/2018\/03\/Mecerreyes-Corrida-del-Gallo-de-Carnaval-11-02-2018-7.jpg\" class=\"thickbox no_icon\" title=\"\"><img loading=\"lazy\" decoding=\"async\" width=\"150\" height=\"150\" src=\"https:\/\/www.mecerreyes.com\/mece\/wp-content\/uploads\/2018\/03\/Mecerreyes-Corrida-del-Gallo-de-Carnaval-11-02-2018-7-150x150.jpg\" class=\"attachment-thumbnail size-thumbnail\" alt=\"\" srcset=\"https:\/\/www.mecerreyes.com\/mece\/wp-content\/uploads\/2018\/03\/Mecerreyes-Corrida-del-Gallo-de-Carnaval-11-02-2018-7-150x150.jpg 150w, https:\/\/www.mecerreyes.com\/mece\/wp-content\/uploads\/2018\/03\/Mecerreyes-Corrida-del-Gallo-de-Carnaval-11-02-2018-7-440x440.jpg 440w\" sizes=\"(max-width: 150px) 100vw, 150px\" \/><\/a>\n\t\t\t<\/dt><\/dl><dl class='gallery-item'>\n\t\t\t<dt class='gallery-icon portrait'>\n\t\t\t\t<a  href=\"https:\/\/www.mecerreyes.com\/mece\/wp-content\/uploads\/2018\/03\/Mecerreyes-Corrida-del-Gallo-de-Carnaval-11-02-2018-8.jpg\" class=\"thickbox no_icon\" title=\"\"><img loading=\"lazy\" decoding=\"async\" width=\"150\" height=\"150\" src=\"https:\/\/www.mecerreyes.com\/mece\/wp-content\/uploads\/2018\/03\/Mecerreyes-Corrida-del-Gallo-de-Carnaval-11-02-2018-8-150x150.jpg\" class=\"attachment-thumbnail size-thumbnail\" alt=\"\" srcset=\"https:\/\/www.mecerreyes.com\/mece\/wp-content\/uploads\/2018\/03\/Mecerreyes-Corrida-del-Gallo-de-Carnaval-11-02-2018-8-150x150.jpg 150w, https:\/\/www.mecerreyes.com\/mece\/wp-content\/uploads\/2018\/03\/Mecerreyes-Corrida-del-Gallo-de-Carnaval-11-02-2018-8-440x440.jpg 440w\" sizes=\"(max-width: 150px) 100vw, 150px\" \/><\/a>\n\t\t\t<\/dt><\/dl><dl class='gallery-item'>\n\t\t\t<dt class='gallery-icon landscape'>\n\t\t\t\t<a  href=\"https:\/\/www.mecerreyes.com\/mece\/wp-content\/uploads\/2018\/03\/Mecerreyes-Corrida-del-Gallo-de-Carnaval-11-02-2018-14.jpg\" class=\"thickbox no_icon\" title=\"\"><img loading=\"lazy\" decoding=\"async\" width=\"150\" height=\"150\" src=\"https:\/\/www.mecerreyes.com\/mece\/wp-content\/uploads\/2018\/03\/Mecerreyes-Corrida-del-Gallo-de-Carnaval-11-02-2018-14-150x150.jpg\" class=\"attachment-thumbnail size-thumbnail\" alt=\"\" srcset=\"https:\/\/www.mecerreyes.com\/mece\/wp-content\/uploads\/2018\/03\/Mecerreyes-Corrida-del-Gallo-de-Carnaval-11-02-2018-14-150x150.jpg 150w, https:\/\/www.mecerreyes.com\/mece\/wp-content\/uploads\/2018\/03\/Mecerreyes-Corrida-del-Gallo-de-Carnaval-11-02-2018-14-440x440.jpg 440w\" sizes=\"(max-width: 150px) 100vw, 150px\" \/><\/a>\n\t\t\t<\/dt><\/dl><br style=\"clear: both\" \/><dl class='gallery-item'>\n\t\t\t<dt class='gallery-icon landscape'>\n\t\t\t\t<a  href=\"https:\/\/www.mecerreyes.com\/mece\/wp-content\/uploads\/2018\/03\/Mecerreyes-Corrida-del-Gallo-de-Carnaval-11-02-2018-9.jpg\" class=\"thickbox no_icon\" title=\"\"><img loading=\"lazy\" decoding=\"async\" width=\"150\" height=\"150\" src=\"https:\/\/www.mecerreyes.com\/mece\/wp-content\/uploads\/2018\/03\/Mecerreyes-Corrida-del-Gallo-de-Carnaval-11-02-2018-9-150x150.jpg\" class=\"attachment-thumbnail size-thumbnail\" alt=\"\" srcset=\"https:\/\/www.mecerreyes.com\/mece\/wp-content\/uploads\/2018\/03\/Mecerreyes-Corrida-del-Gallo-de-Carnaval-11-02-2018-9-150x150.jpg 150w, https:\/\/www.mecerreyes.com\/mece\/wp-content\/uploads\/2018\/03\/Mecerreyes-Corrida-del-Gallo-de-Carnaval-11-02-2018-9-440x440.jpg 440w\" sizes=\"(max-width: 150px) 100vw, 150px\" \/><\/a>\n\t\t\t<\/dt><\/dl><dl class='gallery-item'>\n\t\t\t<dt class='gallery-icon landscape'>\n\t\t\t\t<a  href=\"https:\/\/www.mecerreyes.com\/mece\/wp-content\/uploads\/2018\/03\/Mecerreyes-Corrida-del-Gallo-de-Carnaval-11-02-2018-16.jpg\" class=\"thickbox no_icon\" title=\"\"><img loading=\"lazy\" decoding=\"async\" width=\"150\" height=\"150\" src=\"https:\/\/www.mecerreyes.com\/mece\/wp-content\/uploads\/2018\/03\/Mecerreyes-Corrida-del-Gallo-de-Carnaval-11-02-2018-16-150x150.jpg\" class=\"attachment-thumbnail size-thumbnail\" alt=\"\" srcset=\"https:\/\/www.mecerreyes.com\/mece\/wp-content\/uploads\/2018\/03\/Mecerreyes-Corrida-del-Gallo-de-Carnaval-11-02-2018-16-150x150.jpg 150w, https:\/\/www.mecerreyes.com\/mece\/wp-content\/uploads\/2018\/03\/Mecerreyes-Corrida-del-Gallo-de-Carnaval-11-02-2018-16-440x440.jpg 440w\" sizes=\"(max-width: 150px) 100vw, 150px\" \/><\/a>\n\t\t\t<\/dt><\/dl><dl class='gallery-item'>\n\t\t\t<dt class='gallery-icon landscape'>\n\t\t\t\t<a  href=\"https:\/\/www.mecerreyes.com\/mece\/wp-content\/uploads\/2018\/03\/Mecerreyes-Corrida-del-Gallo-de-Carnaval-11-02-2018-10.jpg\" class=\"thickbox no_icon\" title=\"\"><img loading=\"lazy\" decoding=\"async\" width=\"150\" height=\"150\" src=\"https:\/\/www.mecerreyes.com\/mece\/wp-content\/uploads\/2018\/03\/Mecerreyes-Corrida-del-Gallo-de-Carnaval-11-02-2018-10-150x150.jpg\" class=\"attachment-thumbnail size-thumbnail\" alt=\"\" srcset=\"https:\/\/www.mecerreyes.com\/mece\/wp-content\/uploads\/2018\/03\/Mecerreyes-Corrida-del-Gallo-de-Carnaval-11-02-2018-10-150x150.jpg 150w, https:\/\/www.mecerreyes.com\/mece\/wp-content\/uploads\/2018\/03\/Mecerreyes-Corrida-del-Gallo-de-Carnaval-11-02-2018-10-440x440.jpg 440w\" sizes=\"(max-width: 150px) 100vw, 150px\" \/><\/a>\n\t\t\t<\/dt><\/dl><br style=\"clear: both\" \/><dl class='gallery-item'>\n\t\t\t<dt class='gallery-icon portrait'>\n\t\t\t\t<a  href=\"https:\/\/www.mecerreyes.com\/mece\/wp-content\/uploads\/2018\/03\/Mecerreyes-Corrida-del-Gallo-de-Carnaval-11-02-2018-11.jpg\" class=\"thickbox no_icon\" title=\"\"><img loading=\"lazy\" decoding=\"async\" width=\"150\" height=\"150\" src=\"https:\/\/www.mecerreyes.com\/mece\/wp-content\/uploads\/2018\/03\/Mecerreyes-Corrida-del-Gallo-de-Carnaval-11-02-2018-11-150x150.jpg\" class=\"attachment-thumbnail size-thumbnail\" alt=\"\" srcset=\"https:\/\/www.mecerreyes.com\/mece\/wp-content\/uploads\/2018\/03\/Mecerreyes-Corrida-del-Gallo-de-Carnaval-11-02-2018-11-150x150.jpg 150w, https:\/\/www.mecerreyes.com\/mece\/wp-content\/uploads\/2018\/03\/Mecerreyes-Corrida-del-Gallo-de-Carnaval-11-02-2018-11-440x440.jpg 440w\" sizes=\"(max-width: 150px) 100vw, 150px\" \/><\/a>\n\t\t\t<\/dt><\/dl><dl class='gallery-item'>\n\t\t\t<dt class='gallery-icon landscape'>\n\t\t\t\t<a  href=\"https:\/\/www.mecerreyes.com\/mece\/wp-content\/uploads\/2018\/03\/Mecerreyes-Corrida-del-Gallo-de-Carnaval-11-02-2018-15.jpg\" class=\"thickbox no_icon\" title=\"\"><img loading=\"lazy\" decoding=\"async\" width=\"150\" height=\"150\" src=\"https:\/\/www.mecerreyes.com\/mece\/wp-content\/uploads\/2018\/03\/Mecerreyes-Corrida-del-Gallo-de-Carnaval-11-02-2018-15-150x150.jpg\" class=\"attachment-thumbnail size-thumbnail\" alt=\"\" srcset=\"https:\/\/www.mecerreyes.com\/mece\/wp-content\/uploads\/2018\/03\/Mecerreyes-Corrida-del-Gallo-de-Carnaval-11-02-2018-15-150x150.jpg 150w, https:\/\/www.mecerreyes.com\/mece\/wp-content\/uploads\/2018\/03\/Mecerreyes-Corrida-del-Gallo-de-Carnaval-11-02-2018-15-440x440.jpg 440w\" sizes=\"(max-width: 150px) 100vw, 150px\" \/><\/a>\n\t\t\t<\/dt><\/dl><dl class='gallery-item'>\n\t\t\t<dt class='gallery-icon landscape'>\n\t\t\t\t<a  href=\"https:\/\/www.mecerreyes.com\/mece\/wp-content\/uploads\/2018\/03\/Mecerreyes-Corrida-del-Gallo-de-Carnaval-11-02-2018-12.jpg\" class=\"thickbox no_icon\" title=\"\"><img loading=\"lazy\" decoding=\"async\" width=\"150\" height=\"150\" src=\"https:\/\/www.mecerreyes.com\/mece\/wp-content\/uploads\/2018\/03\/Mecerreyes-Corrida-del-Gallo-de-Carnaval-11-02-2018-12-150x150.jpg\" class=\"attachment-thumbnail size-thumbnail\" alt=\"\" srcset=\"https:\/\/www.mecerreyes.com\/mece\/wp-content\/uploads\/2018\/03\/Mecerreyes-Corrida-del-Gallo-de-Carnaval-11-02-2018-12-150x150.jpg 150w, https:\/\/www.mecerreyes.com\/mece\/wp-content\/uploads\/2018\/03\/Mecerreyes-Corrida-del-Gallo-de-Carnaval-11-02-2018-12-440x440.jpg 440w\" sizes=\"(max-width: 150px) 100vw, 150px\" \/><\/a>\n\t\t\t<\/dt><\/dl><br style=\"clear: both\" \/><dl class='gallery-item'>\n\t\t\t<dt class='gallery-icon portrait'>\n\t\t\t\t<a  href=\"https:\/\/www.mecerreyes.com\/mece\/wp-content\/uploads\/2018\/03\/Mecerreyes-Corrida-del-Gallo-de-Carnaval-11-02-2018-13.jpg\" class=\"thickbox no_icon\" title=\"\"><img loading=\"lazy\" decoding=\"async\" width=\"150\" height=\"150\" src=\"https:\/\/www.mecerreyes.com\/mece\/wp-content\/uploads\/2018\/03\/Mecerreyes-Corrida-del-Gallo-de-Carnaval-11-02-2018-13-150x150.jpg\" class=\"attachment-thumbnail size-thumbnail\" alt=\"\" srcset=\"https:\/\/www.mecerreyes.com\/mece\/wp-content\/uploads\/2018\/03\/Mecerreyes-Corrida-del-Gallo-de-Carnaval-11-02-2018-13-150x150.jpg 150w, https:\/\/www.mecerreyes.com\/mece\/wp-content\/uploads\/2018\/03\/Mecerreyes-Corrida-del-Gallo-de-Carnaval-11-02-2018-13-440x440.jpg 440w\" sizes=\"(max-width: 150px) 100vw, 150px\" \/><\/a>\n\t\t\t<\/dt><\/dl>\n\t\t\t<br style='clear: both' \/>\n\t\t<\/div>\n\n<p><a  href=\"http:\/\/www.mecerreyes.com\/mece\/wp-content\/uploads\/2018\/03\/Mundo-Camino-viajes-por-tierras-ib\u00e9ricas-11-02-2018-Mecerreyes-1.jpg\" class=\"thickbox no_icon\" title=\"\"><img loading=\"lazy\" decoding=\"async\" class=\"aligncenter size-full wp-image-16591\" src=\"http:\/\/www.mecerreyes.com\/mece\/wp-content\/uploads\/2018\/03\/Mundo-Camino-viajes-por-tierras-ib\u00e9ricas-11-02-2018-Mecerreyes-1.jpg\" alt=\"\" width=\"720\" height=\"1010\" srcset=\"https:\/\/www.mecerreyes.com\/mece\/wp-content\/uploads\/2018\/03\/Mundo-Camino-viajes-por-tierras-ib\u00e9ricas-11-02-2018-Mecerreyes-1.jpg 720w, https:\/\/www.mecerreyes.com\/mece\/wp-content\/uploads\/2018\/03\/Mundo-Camino-viajes-por-tierras-ib\u00e9ricas-11-02-2018-Mecerreyes-1-214x300.jpg 214w\" sizes=\"(max-width: 720px) 100vw, 720px\" \/><\/a><\/p>","protected":false},"excerpt":{"rendered":"<p>LAS FIESTAS DE INVIERNO marcan indudablemente el mes de febrero en Mecerreyes, mes corto pero intenso, preparar nuevos trajes, recomponer los existentes, divulgar por doquier el evento, detalles y m\u00e1s detalles tienen ocupados a los miembros de la Asociaci\u00f3n Cultural que cuenta siempre con el apoyo del Ayuntamiento. El inter\u00e9s suscitado en los j\u00f3venes es [&hellip;]<\/p>\n","protected":false},"author":5,"featured_media":16490,"comment_status":"open","ping_status":"closed","sticky":false,"template":"","format":"standard","meta":{"_et_pb_use_builder":"","_et_pb_old_content":"","_et_gb_content_width":"","footnotes":""},"categories":[1],"tags":[37,21,36],"class_list":["post-16452","post","type-post","status-publish","format-standard","has-post-thumbnail","hentry","category-general","tag-gallo-de-carnaval","tag-guiletos","tag-marzas","et_post_format-et-post-format-gallery","et-has-post-format-content"],"_links":{"self":[{"href":"https:\/\/www.mecerreyes.com\/mece\/index.php?rest_route=\/wp\/v2\/posts\/16452"}],"collection":[{"href":"https:\/\/www.mecerreyes.com\/mece\/index.php?rest_route=\/wp\/v2\/posts"}],"about":[{"href":"https:\/\/www.mecerreyes.com\/mece\/index.php?rest_route=\/wp\/v2\/types\/post"}],"author":[{"embeddable":true,"href":"https:\/\/www.mecerreyes.com\/mece\/index.php?rest_route=\/wp\/v2\/users\/5"}],"replies":[{"embeddable":true,"href":"https:\/\/www.mecerreyes.com\/mece\/index.php?rest_route=%2Fwp%2Fv2%2Fcomments&post=16452"}],"version-history":[{"count":35,"href":"https:\/\/www.mecerreyes.com\/mece\/index.php?rest_route=\/wp\/v2\/posts\/16452\/revisions"}],"predecessor-version":[{"id":16612,"href":"https:\/\/www.mecerreyes.com\/mece\/index.php?rest_route=\/wp\/v2\/posts\/16452\/revisions\/16612"}],"wp:featuredmedia":[{"embeddable":true,"href":"https:\/\/www.mecerreyes.com\/mece\/index.php?rest_route=\/wp\/v2\/media\/16490"}],"wp:attachment":[{"href":"https:\/\/www.mecerreyes.com\/mece\/index.php?rest_route=%2Fwp%2Fv2%2Fmedia&parent=16452"}],"wp:term":[{"taxonomy":"category","embeddable":true,"href":"https:\/\/www.mecerreyes.com\/mece\/index.php?rest_route=%2Fwp%2Fv2%2Fcategories&post=16452"},{"taxonomy":"post_tag","embeddable":true,"href":"https:\/\/www.mecerreyes.com\/mece\/index.php?rest_route=%2Fwp%2Fv2%2Ftags&post=16452"}],"curies":[{"name":"wp","href":"https:\/\/api.w.org\/{rel}","templated":true}]}}