{"id":16632,"date":"2018-05-04T01:21:16","date_gmt":"2018-05-04T00:21:16","guid":{"rendered":"http:\/\/www.mecerreyes.com\/mece\/?p=16632"},"modified":"2018-05-04T14:17:37","modified_gmt":"2018-05-04T13:17:37","slug":"noticias-abril-2018","status":"publish","type":"post","link":"https:\/\/www.mecerreyes.com\/mece\/?p=16632","title":{"rendered":"Noticias Abril 2018"},"content":{"rendered":"<p style=\"text-align: justify;\"><strong>ABRIL 2018<\/strong><\/p>\n<p style=\"text-align: justify;\">Pasa la vida, la vida pasa, sin prisa ni pausa, termina un abril invernal que empez\u00f3 con el domingo de Resurrecci\u00f3n, y termin\u00f3 un lunes 30 en medio de un puente largo perfecto para el descanso.<\/p>\n<p style=\"text-align: justify;\">Preparativos en catequesis para las inminentes comuniones acercan los domingos a las familias al pueblo, dando calor a la eucarist\u00eda.<\/p>\n<p style=\"text-align: justify;\">Al coincidir tambi\u00e9n en lunes la celebraci\u00f3n del d\u00eda de la Comunidad de Castilla y Le\u00f3n, hemos tenido dos fines de semana largos, y ha merecido la pena ir al pueblo, ventilar y calentar las casas.<\/p>\n<p style=\"text-align: justify;\">El paisaje est\u00e1 precioso, invita al paseo, a la recolecta de las preciadas colmenillas(cagarrias), aunque tarde, la primavera se asoma en la foresta, hortelanos a la espera de que sequen las huertas el exceso de agua.<\/p>\n<p style=\"text-align: justify;\"><img loading=\"lazy\" decoding=\"async\" class=\"aligncenter size-full wp-image-16734\" src=\"http:\/\/www.mecerreyes.com\/mece\/wp-content\/uploads\/2018\/05\/Mecerreyes-abril-2018.jpg\" alt=\"\" width=\"8220\" height=\"3120\" srcset=\"https:\/\/www.mecerreyes.com\/mece\/wp-content\/uploads\/2018\/05\/Mecerreyes-abril-2018.jpg 8220w, https:\/\/www.mecerreyes.com\/mece\/wp-content\/uploads\/2018\/05\/Mecerreyes-abril-2018-300x114.jpg 300w, https:\/\/www.mecerreyes.com\/mece\/wp-content\/uploads\/2018\/05\/Mecerreyes-abril-2018-768x292.jpg 768w, https:\/\/www.mecerreyes.com\/mece\/wp-content\/uploads\/2018\/05\/Mecerreyes-abril-2018-1024x389.jpg 1024w, https:\/\/www.mecerreyes.com\/mece\/wp-content\/uploads\/2018\/05\/Mecerreyes-abril-2018-1080x410.jpg 1080w\" sizes=\"(max-width: 8220px) 100vw, 8220px\" \/><\/p>\n<p style=\"text-align: justify;\"><strong>EFEM\u00c9RIDES <\/strong><\/p>\n<ul style=\"text-align: justify;\">\n<li><strong>El 1, Domingo de Resurrecci\u00f3n. <\/strong><\/li>\n<li>El 7, D\u00eda Mundial de la Concienciaci\u00f3n del Autismo. D\u00eda mundial de la Salud.<\/li>\n<li>El 21, D\u00eda de la Educadora.<\/li>\n<li>El 22, D\u00eda Internacional de la Madre Tierra.<\/li>\n<li>El 23, D\u00eda Mundial del Libro. Fiesta Comunidad Castilla y Le\u00f3n.<\/li>\n<li>El 25, Herminio Betete cumpli\u00f3 100 a\u00f1os<\/li>\n<li>El 28, D\u00eda Mundial de la Seguridad y la Salud en el Trabajo.<\/li>\n<\/ul>\n<p style=\"text-align: justify;\"><strong>\u00a0<\/strong><\/p>\n<p style=\"text-align: justify;\"><strong>La <a  href=\"https:\/\/www.mecerreyes.com\/mece\/?page_id=48\">Semana Santa<\/a> <\/strong>guileta queda recogida en el numero 44 de la revista comarcal Vive Arlanza con este reportaje fotogr\u00e1fico y peque\u00f1a cr\u00f3nica que resume la esencia de esta celebraci\u00f3n cristiana.<\/p>\n<p style=\"text-align: justify;\"><strong>\u00a0<\/strong><\/p>\n<div id=\"attachment_16714\" style=\"width: 2638px\" class=\"wp-caption aligncenter\"><img loading=\"lazy\" decoding=\"async\" aria-describedby=\"caption-attachment-16714\" class=\"wp-image-16714 size-full\" src=\"http:\/\/www.mecerreyes.com\/mece\/wp-content\/uploads\/2018\/04\/Mecerreyes-Vive-Arlanza-Marzo-2018.jpg\" alt=\"\" width=\"2628\" height=\"3800\" srcset=\"https:\/\/www.mecerreyes.com\/mece\/wp-content\/uploads\/2018\/04\/Mecerreyes-Vive-Arlanza-Marzo-2018.jpg 2628w, https:\/\/www.mecerreyes.com\/mece\/wp-content\/uploads\/2018\/04\/Mecerreyes-Vive-Arlanza-Marzo-2018-207x300.jpg 207w, https:\/\/www.mecerreyes.com\/mece\/wp-content\/uploads\/2018\/04\/Mecerreyes-Vive-Arlanza-Marzo-2018-768x1111.jpg 768w, https:\/\/www.mecerreyes.com\/mece\/wp-content\/uploads\/2018\/04\/Mecerreyes-Vive-Arlanza-Marzo-2018-708x1024.jpg 708w, https:\/\/www.mecerreyes.com\/mece\/wp-content\/uploads\/2018\/04\/Mecerreyes-Vive-Arlanza-Marzo-2018-1080x1562.jpg 1080w\" sizes=\"(max-width: 2628px) 100vw, 2628px\" \/><p id=\"caption-attachment-16714\" class=\"wp-caption-text\">Mecerreyes, Vive Arlanza, Abril 2018<\/p><\/div>\n<h2 style=\"text-align: justify;\"><strong>GUILETOS POR EL MUNDO<\/strong><\/h2>\n<p style=\"text-align: justify;\"><strong>BLANCA ALTABLE. <\/strong><\/p>\n<p style=\"text-align: justify;\">El peri\u00f3dico El Pa\u00eds publicaba el mes pasado con motivo de las celebraciones del d\u00eda de la mujer, la oferta cultural dedicada al flamenco, soul, y folk en Madrid.<\/p>\n<p style=\"text-align: justify;\">Grata sorpresa ver que Blanca Altable y su compa\u00f1ero Chuchi estaban invitados para aportar los ritmos castellanos a este evento que congreg\u00f3 a figuras como Estrella Morente, Carmen Linares, Marina Heredia, Velma Powell, Christina Rosenvinge, o Martina Quierebailar.<\/p>\n<p>&nbsp;<\/p>\n<p><img loading=\"lazy\" decoding=\"async\" class=\"aligncenter size-full wp-image-12468\" src=\"http:\/\/www.mecerreyes.com\/mece\/wp-content\/uploads\/2016\/02\/Logo-El-pais.jpg\" alt=\"\" width=\"367\" height=\"91\" srcset=\"https:\/\/www.mecerreyes.com\/mece\/wp-content\/uploads\/2016\/02\/Logo-El-pais.jpg 367w, https:\/\/www.mecerreyes.com\/mece\/wp-content\/uploads\/2016\/02\/Logo-El-pais-300x74.jpg 300w\" sizes=\"(max-width: 367px) 100vw, 367px\" \/><\/p>\n<h2><a  href=\"https:\/\/elpais.com\/ccaa\/2018\/03\/02\/madrid\/1519983689_389262.html\" target=\"_blank\" rel=\"noopener noreferrer\">Damas del flamenco y del soul, folk y baile<\/a><\/h2>\n<p>&nbsp;<\/p>\n<p style=\"text-align: justify;\"><strong>SILVIA GONZ\u00c1LEZ<\/strong> presidenta de la asociaci\u00f3n DISLEXIA BURGOS abander\u00f3 en la facultad de Educaci\u00f3n de la Universidad de Burgos, la exposici\u00f3n y explicaci\u00f3n a los futuros maestros de lo que es este trastorno neurobiol\u00f3gico.<\/p>\n<p style=\"text-align: justify;\">La Asociaci\u00f3n ADBu pretende sensibilizar a este colectivo, a las instituciones, la Administraci\u00f3n y sociedad de los retos a los que se enfrentan las personas con esta dificultad de aprendizaje y piden un modelo m\u00e1s flexible de educaci\u00f3n.<\/p>\n<p><iframe loading=\"lazy\" width=\"1080\" height=\"608\" src=\"https:\/\/www.youtube.com\/embed\/Xfw7InfFrew?feature=oembed\" frameborder=\"0\" allow=\"autoplay; encrypted-media\" allowfullscreen><\/iframe><\/p>\n<h2><a  href=\"http:\/\/www.elcorreodeburgos.com\/noticias\/burgos\/dislexia-burgos-nace-visibilizar-trastorno-apoyar-afectados_159380.html\" target=\"_blank\" rel=\"noopener noreferrer\">El Correo de Burgos.com. Dislexia Burgos nace para visibilizar el trastorno y apoyar a los afectados<\/a><\/h2>\n<p>&nbsp;<\/p>\n<p><img loading=\"lazy\" decoding=\"async\" class=\"aligncenter size-full wp-image-16730\" src=\"http:\/\/www.mecerreyes.com\/mece\/wp-content\/uploads\/2018\/05\/El-Correo-de-Burgos-Dislexia-Burgos-nace-para-visibilizar-el-trastorno-y-apoyar-a-los-afectados.jpg\" alt=\"\" width=\"965\" height=\"819\" srcset=\"https:\/\/www.mecerreyes.com\/mece\/wp-content\/uploads\/2018\/05\/El-Correo-de-Burgos-Dislexia-Burgos-nace-para-visibilizar-el-trastorno-y-apoyar-a-los-afectados.jpg 965w, https:\/\/www.mecerreyes.com\/mece\/wp-content\/uploads\/2018\/05\/El-Correo-de-Burgos-Dislexia-Burgos-nace-para-visibilizar-el-trastorno-y-apoyar-a-los-afectados-300x255.jpg 300w, https:\/\/www.mecerreyes.com\/mece\/wp-content\/uploads\/2018\/05\/El-Correo-de-Burgos-Dislexia-Burgos-nace-para-visibilizar-el-trastorno-y-apoyar-a-los-afectados-768x652.jpg 768w\" sizes=\"(max-width: 965px) 100vw, 965px\" \/><\/p>\n<p style=\"text-align: justify;\"><strong>ISAAC DIAZ GONZ\u00c1LEZ<\/strong><\/p>\n<p style=\"text-align: justify;\">Este joven guileto (nieto de C\u00e1ndido y Juana) apunta maneras.<\/p>\n<p style=\"text-align: justify;\">La Asociaci\u00f3n de Cerveceros Caseros Espa\u00f1oles, le ha otorgado el primer puesto, reconociendo as\u00ed, la calidad de la cerveza que ha presentado a concurso en esta edici\u00f3n.<\/p>\n<p style=\"text-align: justify;\">Felicidades Isaac, esperamos consigas pronto tu propia marca, y degustarla en Mecerreyes en las fiestas de verano.<\/p>\n<p style=\"text-align: justify;\"><strong>\u00a0<img loading=\"lazy\" decoding=\"async\" class=\"aligncenter size-full wp-image-16732\" src=\"http:\/\/www.mecerreyes.com\/mece\/wp-content\/uploads\/2018\/05\/Isaac-Diaz-Gonzalez-Primer-clasificado-Categoria-Especial.-Trapenses.jpg\" alt=\"\" width=\"720\" height=\"573\" srcset=\"https:\/\/www.mecerreyes.com\/mece\/wp-content\/uploads\/2018\/05\/Isaac-Diaz-Gonzalez-Primer-clasificado-Categoria-Especial.-Trapenses.jpg 720w, https:\/\/www.mecerreyes.com\/mece\/wp-content\/uploads\/2018\/05\/Isaac-Diaz-Gonzalez-Primer-clasificado-Categoria-Especial.-Trapenses-300x239.jpg 300w\" sizes=\"(max-width: 720px) 100vw, 720px\" \/><\/strong><\/p>\n<h2 style=\"text-align: justify;\"><strong>DEFUNCIONES<\/strong><\/h2>\n<p style=\"text-align: justify;\">Este mes no ha dado tregua a cuatro de nuestros vecinos. El d\u00eda 1 de abril falleci\u00f3 nuestra querida <strong>GABI ARRIBAS BURGOS,<\/strong> cuya esquela os pusimos cerrando las noticias del mes pasado.<\/p>\n<p style=\"text-align: justify;\"><strong>CALIXTO GARC\u00cdA DOM\u00cdNGUEZ,<\/strong> Carlos para todos los del pueblo. Falleci\u00f3 en Santurtzi el d\u00eda 14 de abril con tan solo 71 a\u00f1os de edad. Su apenada esposa Milagros, sus hijos Juan Carlos y M\u00f3nica as\u00ed como el resto de la familia, encontrar\u00e1n consuelo en los vecinos de Mecerreyes.<\/p>\n<p style=\"text-align: justify;\"><img loading=\"lazy\" decoding=\"async\" class=\"aligncenter size-full wp-image-16733\" src=\"http:\/\/www.mecerreyes.com\/mece\/wp-content\/uploads\/2018\/05\/IMG-20180503-WA0008.jpg\" alt=\"\" width=\"1149\" height=\"1600\" srcset=\"https:\/\/www.mecerreyes.com\/mece\/wp-content\/uploads\/2018\/05\/IMG-20180503-WA0008.jpg 1149w, https:\/\/www.mecerreyes.com\/mece\/wp-content\/uploads\/2018\/05\/IMG-20180503-WA0008-215x300.jpg 215w, https:\/\/www.mecerreyes.com\/mece\/wp-content\/uploads\/2018\/05\/IMG-20180503-WA0008-768x1069.jpg 768w, https:\/\/www.mecerreyes.com\/mece\/wp-content\/uploads\/2018\/05\/IMG-20180503-WA0008-735x1024.jpg 735w, https:\/\/www.mecerreyes.com\/mece\/wp-content\/uploads\/2018\/05\/IMG-20180503-WA0008-1080x1504.jpg 1080w\" sizes=\"(max-width: 1149px) 100vw, 1149px\" \/><\/p>\n<p style=\"text-align: justify;\"><strong>MARTINA ROMERO FERN\u00c1NDEZ<\/strong>, falleci\u00f3 el d\u00eda 17 de abril a los 95 a\u00f1os de edad, rodeada de toda su familia. Sus cenizas ser\u00e1n trasladadas al cementerio de Mecerreyes en pr\u00f3ximas fechas, para descansar junto a sus padres y hermano.<\/p>\n<p style=\"text-align: justify;\"><img loading=\"lazy\" decoding=\"async\" class=\"aligncenter wp-image-16735 size-full\" src=\"http:\/\/www.mecerreyes.com\/mece\/wp-content\/uploads\/2018\/05\/Plantilla-Esquela-Martina-Romero-Fern\u00e1ndez.jpg\" alt=\"\" width=\"1134\" height=\"500\" srcset=\"https:\/\/www.mecerreyes.com\/mece\/wp-content\/uploads\/2018\/05\/Plantilla-Esquela-Martina-Romero-Fern\u00e1ndez.jpg 1134w, https:\/\/www.mecerreyes.com\/mece\/wp-content\/uploads\/2018\/05\/Plantilla-Esquela-Martina-Romero-Fern\u00e1ndez-300x132.jpg 300w, https:\/\/www.mecerreyes.com\/mece\/wp-content\/uploads\/2018\/05\/Plantilla-Esquela-Martina-Romero-Fern\u00e1ndez-768x339.jpg 768w, https:\/\/www.mecerreyes.com\/mece\/wp-content\/uploads\/2018\/05\/Plantilla-Esquela-Martina-Romero-Fern\u00e1ndez-1024x451.jpg 1024w, https:\/\/www.mecerreyes.com\/mece\/wp-content\/uploads\/2018\/05\/Plantilla-Esquela-Martina-Romero-Fern\u00e1ndez-1080x476.jpg 1080w\" sizes=\"(max-width: 1134px) 100vw, 1134px\" \/><\/p>\n<p style=\"text-align: justify;\"><strong>ANA D\u00cdEZ<\/strong> tambi\u00e9n con 71 <img loading=\"lazy\" decoding=\"async\" class=\"wp-image-16741 size-medium alignright\" src=\"http:\/\/www.mecerreyes.com\/mece\/wp-content\/uploads\/2018\/05\/Fallecimiento-de-Ana-Mari-Diez-Llamo-194x300.jpg\" alt=\"\" width=\"194\" height=\"300\" srcset=\"https:\/\/www.mecerreyes.com\/mece\/wp-content\/uploads\/2018\/05\/Fallecimiento-de-Ana-Mari-Diez-Llamo-194x300.jpg 194w, https:\/\/www.mecerreyes.com\/mece\/wp-content\/uploads\/2018\/05\/Fallecimiento-de-Ana-Mari-Diez-Llamo-661x1024.jpg 661w, https:\/\/www.mecerreyes.com\/mece\/wp-content\/uploads\/2018\/05\/Fallecimiento-de-Ana-Mari-Diez-Llamo.jpg 708w\" sizes=\"(max-width: 194px) 100vw, 194px\" \/>a\u00f1os de edad, nos dej\u00f3 el pasado d\u00eda 27, falleci\u00f3 en San Sebasti\u00e1n. Su funeral tuvo lugar el pasado d\u00eda 29 en la iglesia de Mecerreyes, su esposo, hijos, nietos, hermanos y vecinos, celebraron la vida de Ana en la eucarist\u00eda. Sus cenizas descansan junto a la de sus padres y hermanas.<\/p>\n<p style=\"text-align: justify;\"><span style=\"color: #ffffff;\">.<\/span><\/p>\n<p style=\"text-align: justify;\"><strong>AGAPITO CUEVAS<\/strong> <strong>BUENO<\/strong> falleci\u00f3 en Burgos el d\u00eda 1 de mayo a los 94 a\u00f1os de edad, fue despedido por familiares y amigos la tarde del d\u00eda 2 en Mecerreyes donde descansa ya junto a su esposa.<\/p>\n<p style=\"text-align: justify;\"><img loading=\"lazy\" decoding=\"async\" class=\"aligncenter size-full wp-image-16736\" src=\"http:\/\/www.mecerreyes.com\/mece\/wp-content\/uploads\/2018\/05\/Esquela-Agapito-Cuevas-Bueno.jpg\" alt=\"\" width=\"1276\" height=\"534\" srcset=\"https:\/\/www.mecerreyes.com\/mece\/wp-content\/uploads\/2018\/05\/Esquela-Agapito-Cuevas-Bueno.jpg 1276w, https:\/\/www.mecerreyes.com\/mece\/wp-content\/uploads\/2018\/05\/Esquela-Agapito-Cuevas-Bueno-300x126.jpg 300w, https:\/\/www.mecerreyes.com\/mece\/wp-content\/uploads\/2018\/05\/Esquela-Agapito-Cuevas-Bueno-768x321.jpg 768w, https:\/\/www.mecerreyes.com\/mece\/wp-content\/uploads\/2018\/05\/Esquela-Agapito-Cuevas-Bueno-1024x429.jpg 1024w, https:\/\/www.mecerreyes.com\/mece\/wp-content\/uploads\/2018\/05\/Esquela-Agapito-Cuevas-Bueno-1080x452.jpg 1080w\" sizes=\"(max-width: 1276px) 100vw, 1276px\" \/><\/p>\n<h2 style=\"text-align: justify;\"><\/h2>\n<h2 style=\"text-align: justify;\"><span style=\"color: #ffffff;\">.<\/span><\/h2>\n<h2 style=\"text-align: justify;\"><strong>100 A\u00d1OS &#8211; HERMINIO BETETE<\/strong><\/h2>\n<p style=\"text-align: justify;\"><em>El r\u00e1pido desenlace de Ana D\u00edez, oblig\u00f3 a la familia Betete &#8211; D\u00edez a suspender la celebraci\u00f3n popular que ten\u00edan preparada y anunciada por el <strong>100 cumplea\u00f1os de Herminio Betete<\/strong>, seguro que sus seres queridos le habr\u00e1n agasajado como se merece en la intimidad de la familia. FELICIDADES HERMINIO.\u00a0<\/em><\/p>\n<p style=\"text-align: justify;\"><strong>\u00a0<img loading=\"lazy\" decoding=\"async\" class=\"aligncenter size-full wp-image-16724\" src=\"http:\/\/www.mecerreyes.com\/mece\/wp-content\/uploads\/2018\/04\/100-a\u00f1os-Herminio-Betete-a\u00f1o-2018a.jpg\" alt=\"\" width=\"3508\" height=\"1950\" srcset=\"https:\/\/www.mecerreyes.com\/mece\/wp-content\/uploads\/2018\/04\/100-a\u00f1os-Herminio-Betete-a\u00f1o-2018a.jpg 3508w, https:\/\/www.mecerreyes.com\/mece\/wp-content\/uploads\/2018\/04\/100-a\u00f1os-Herminio-Betete-a\u00f1o-2018a-300x167.jpg 300w, https:\/\/www.mecerreyes.com\/mece\/wp-content\/uploads\/2018\/04\/100-a\u00f1os-Herminio-Betete-a\u00f1o-2018a-768x427.jpg 768w, https:\/\/www.mecerreyes.com\/mece\/wp-content\/uploads\/2018\/04\/100-a\u00f1os-Herminio-Betete-a\u00f1o-2018a-1024x569.jpg 1024w, https:\/\/www.mecerreyes.com\/mece\/wp-content\/uploads\/2018\/04\/100-a\u00f1os-Herminio-Betete-a\u00f1o-2018a-1080x600.jpg 1080w\" sizes=\"(max-width: 3508px) 100vw, 3508px\" \/><\/strong><\/p>\n<h2 style=\"text-align: justify;\"><strong>ROMER\u00cdA VIRGEN DEL CAMINO 2018<\/strong><\/h2>\n<p style=\"text-align: justify;\">Con infinitas ganas de que la primavera tome el mando climatol\u00f3gicamente hablando, y de que el d\u00eda 26 podamos disfrutar de la romer\u00eda entorno a la ermita, anunciamos la programaci\u00f3n prevista para esta jornada tan bonita, entra\u00f1able y familiar.<\/p>\n<p style=\"text-align: justify;\">Id reservando la fecha en vuestro calendario, tenemos que reunirnos para celebrar con alegr\u00eda, apuntaos pronto para facilitar la organizaci\u00f3n.<\/p>\n<p style=\"text-align: justify;\">\u00a1El d\u00eda 26 de nuevo todos en el camino de Carrelara acompa\u00f1ando a la Virgen!<\/p>\n<p style=\"text-align: justify;\"><img loading=\"lazy\" decoding=\"async\" class=\"aligncenter size-full wp-image-16739\" src=\"http:\/\/www.mecerreyes.com\/mece\/wp-content\/uploads\/2018\/05\/Carta-Romer\u00eda-mayo-2018-Mecerreyes.jpg\" alt=\"\" width=\"1995\" height=\"2974\" srcset=\"https:\/\/www.mecerreyes.com\/mece\/wp-content\/uploads\/2018\/05\/Carta-Romer\u00eda-mayo-2018-Mecerreyes.jpg 1995w, https:\/\/www.mecerreyes.com\/mece\/wp-content\/uploads\/2018\/05\/Carta-Romer\u00eda-mayo-2018-Mecerreyes-201x300.jpg 201w, https:\/\/www.mecerreyes.com\/mece\/wp-content\/uploads\/2018\/05\/Carta-Romer\u00eda-mayo-2018-Mecerreyes-768x1145.jpg 768w, https:\/\/www.mecerreyes.com\/mece\/wp-content\/uploads\/2018\/05\/Carta-Romer\u00eda-mayo-2018-Mecerreyes-687x1024.jpg 687w, https:\/\/www.mecerreyes.com\/mece\/wp-content\/uploads\/2018\/05\/Carta-Romer\u00eda-mayo-2018-Mecerreyes-1080x1610.jpg 1080w\" sizes=\"(max-width: 1995px) 100vw, 1995px\" \/><\/p>\n<p style=\"text-align: justify;\"><img loading=\"lazy\" decoding=\"async\" class=\"aligncenter size-full wp-image-16744\" src=\"http:\/\/www.mecerreyes.com\/mece\/wp-content\/uploads\/2018\/05\/Mecerreyes-CARTEL-ROMERIA-mayo-2018.jpg\" alt=\"\" width=\"3507\" height=\"2480\" srcset=\"https:\/\/www.mecerreyes.com\/mece\/wp-content\/uploads\/2018\/05\/Mecerreyes-CARTEL-ROMERIA-mayo-2018.jpg 3507w, https:\/\/www.mecerreyes.com\/mece\/wp-content\/uploads\/2018\/05\/Mecerreyes-CARTEL-ROMERIA-mayo-2018-300x212.jpg 300w, https:\/\/www.mecerreyes.com\/mece\/wp-content\/uploads\/2018\/05\/Mecerreyes-CARTEL-ROMERIA-mayo-2018-768x543.jpg 768w, https:\/\/www.mecerreyes.com\/mece\/wp-content\/uploads\/2018\/05\/Mecerreyes-CARTEL-ROMERIA-mayo-2018-1024x724.jpg 1024w, https:\/\/www.mecerreyes.com\/mece\/wp-content\/uploads\/2018\/05\/Mecerreyes-CARTEL-ROMERIA-mayo-2018-400x284.jpg 400w, https:\/\/www.mecerreyes.com\/mece\/wp-content\/uploads\/2018\/05\/Mecerreyes-CARTEL-ROMERIA-mayo-2018-1080x764.jpg 1080w\" sizes=\"(max-width: 3507px) 100vw, 3507px\" \/><\/p>\n<h2 style=\"text-align: justify;\"><\/h2>\n<h2 style=\"text-align: justify;\"><strong>COMUNIONES<\/strong><\/h2>\n<p style=\"text-align: justify;\">El compromiso de los padres de estos peque\u00f1os, de que recibieran sus hijos catequesis en Mecerreyes, est\u00e1 a punto de dar fruto. Ser\u00e1 el domingo 27 cuando la iglesia se engalane para Bruno, Mart\u00edn, Adri\u00e1n y Beltr\u00e1n, y compartan emocionados este sacramento con todos nosotros. Enhorabuena a las tres familias.<\/p>\n<p>&nbsp;<\/p>\n<p>&nbsp;<\/p>\n<h2><strong>REFRANERO<\/strong><\/h2>\n<ul>\n<li><em>Abril hace las puertas cerrar y abrir, y a los cochinos gru\u00f1ir.<\/em><\/li>\n<li><em>A\u00f1o ruin cuando llueve mucho en enero y nieva en abril.<\/em><\/li>\n<li><em>En abril, cortas un cardo y te crecen mil.<\/em><\/li>\n<li><em>Abril abrilero, cada d\u00eda dos aguaceros.<\/em><\/li>\n<li><em>El invierno no pasado hasta que abril no haya acabado.<\/em><\/li>\n<li><em>Buenos amigos y buenos abriles, uno entre miles.<\/em><\/li>\n<\/ul>\n<p>&nbsp;<\/p>\n<p><img loading=\"lazy\" decoding=\"async\" class=\"aligncenter size-full wp-image-16433\" src=\"http:\/\/www.mecerreyes.com\/mece\/wp-content\/uploads\/2018\/02\/e-mail-ACMecerreyes.jpg\" alt=\"\" width=\"650\" height=\"180\" srcset=\"https:\/\/www.mecerreyes.com\/mece\/wp-content\/uploads\/2018\/02\/e-mail-ACMecerreyes.jpg 650w, https:\/\/www.mecerreyes.com\/mece\/wp-content\/uploads\/2018\/02\/e-mail-ACMecerreyes-300x83.jpg 300w\" sizes=\"(max-width: 650px) 100vw, 650px\" \/><\/p>","protected":false},"excerpt":{"rendered":"<p>ABRIL 2018 Pasa la vida, la vida pasa, sin prisa ni pausa, termina un abril invernal que empez\u00f3 con el domingo de Resurrecci\u00f3n, y termin\u00f3 un lunes 30 en medio de un puente largo perfecto para el descanso. Preparativos en catequesis para las inminentes comuniones acercan los domingos a las familias al pueblo, dando calor [&hellip;]<\/p>\n","protected":false},"author":5,"featured_media":16748,"comment_status":"open","ping_status":"closed","sticky":false,"template":"","format":"standard","meta":{"_et_pb_use_builder":"","_et_pb_old_content":"","_et_gb_content_width":"","footnotes":""},"categories":[1],"tags":[],"class_list":["post-16632","post","type-post","status-publish","format-standard","has-post-thumbnail","hentry","category-general","et-has-post-format-content","et_post_format-et-post-format-standard"],"_links":{"self":[{"href":"https:\/\/www.mecerreyes.com\/mece\/index.php?rest_route=\/wp\/v2\/posts\/16632"}],"collection":[{"href":"https:\/\/www.mecerreyes.com\/mece\/index.php?rest_route=\/wp\/v2\/posts"}],"about":[{"href":"https:\/\/www.mecerreyes.com\/mece\/index.php?rest_route=\/wp\/v2\/types\/post"}],"author":[{"embeddable":true,"href":"https:\/\/www.mecerreyes.com\/mece\/index.php?rest_route=\/wp\/v2\/users\/5"}],"replies":[{"embeddable":true,"href":"https:\/\/www.mecerreyes.com\/mece\/index.php?rest_route=%2Fwp%2Fv2%2Fcomments&post=16632"}],"version-history":[{"count":12,"href":"https:\/\/www.mecerreyes.com\/mece\/index.php?rest_route=\/wp\/v2\/posts\/16632\/revisions"}],"predecessor-version":[{"id":16747,"href":"https:\/\/www.mecerreyes.com\/mece\/index.php?rest_route=\/wp\/v2\/posts\/16632\/revisions\/16747"}],"wp:featuredmedia":[{"embeddable":true,"href":"https:\/\/www.mecerreyes.com\/mece\/index.php?rest_route=\/wp\/v2\/media\/16748"}],"wp:attachment":[{"href":"https:\/\/www.mecerreyes.com\/mece\/index.php?rest_route=%2Fwp%2Fv2%2Fmedia&parent=16632"}],"wp:term":[{"taxonomy":"category","embeddable":true,"href":"https:\/\/www.mecerreyes.com\/mece\/index.php?rest_route=%2Fwp%2Fv2%2Fcategories&post=16632"},{"taxonomy":"post_tag","embeddable":true,"href":"https:\/\/www.mecerreyes.com\/mece\/index.php?rest_route=%2Fwp%2Fv2%2Ftags&post=16632"}],"curies":[{"name":"wp","href":"https:\/\/api.w.org\/{rel}","templated":true}]}}