{"id":16752,"date":"2018-06-01T21:46:25","date_gmt":"2018-06-01T20:46:25","guid":{"rendered":"http:\/\/www.mecerreyes.com\/mece\/?p=16752"},"modified":"2018-06-02T00:05:06","modified_gmt":"2018-06-01T23:05:06","slug":"noticias-mayo-2018-romeria","status":"publish","type":"post","link":"https:\/\/www.mecerreyes.com\/mece\/?p=16752","title":{"rendered":"Noticias Mayo 2018-Romer\u00eda"},"content":{"rendered":"<p><strong>MAYO 2018<\/strong><\/p>\n<p><strong>\u00a0<\/strong><\/p>\n<p style=\"text-align: justify;\">Terminamos mayo y toca rebobinar para contaros lo vivido en el pueblo por los protagonistas que dan sentido a esta web, los guiletos.<\/p>\n<p style=\"text-align: justify;\">La climatolog\u00eda, tema recurrente que tanto influye en la vida rural, nos ha regalado un mes lluvioso, con heladas incluso que han devastado las flores de los frutales y lo plantado en las huertas.<\/p>\n<p style=\"text-align: justify;\">El r\u00edo Laurel se ha alimentado de estas lluvias, el paisaje es de un verde tan bonito que nada m\u00e1s pasar El Cirig\u00fce\u00f1o dan ganas de respirar hondo y de inmortalizar la estampa con la c\u00e1mara.<\/p>\n<p style=\"text-align: justify;\">Mes de floraci\u00f3n de los lilos, geranios, petunias, rosales\u2026, ilusi\u00f3n por dar un toque de vida y ornamento a las casas.<\/p>\n<p style=\"text-align: justify;\">Mes de agasajos, a las madres, a <a  href=\"https:\/\/www.mecerreyes.com\/mece\/?page_id=56\">San Isidro<\/a>, a los ni\u00f1os de primera comuni\u00f3n, y de reuni\u00f3n entorno a <a  href=\"https:\/\/www.mecerreyes.com\/mece\/?page_id=54\">la Virgen del Camino<\/a>.<\/p>\n<p><img loading=\"lazy\" decoding=\"async\" class=\"aligncenter size-full wp-image-16822\" src=\"http:\/\/www.mecerreyes.com\/mece\/wp-content\/uploads\/2018\/06\/Mecerreyes-mayo-2018.jpg\" alt=\"\" width=\"1000\" height=\"414\" srcset=\"https:\/\/www.mecerreyes.com\/mece\/wp-content\/uploads\/2018\/06\/Mecerreyes-mayo-2018.jpg 1000w, https:\/\/www.mecerreyes.com\/mece\/wp-content\/uploads\/2018\/06\/Mecerreyes-mayo-2018-300x124.jpg 300w, https:\/\/www.mecerreyes.com\/mece\/wp-content\/uploads\/2018\/06\/Mecerreyes-mayo-2018-768x318.jpg 768w\" sizes=\"(max-width: 1000px) 100vw, 1000px\" \/><\/p>\n<p>&nbsp;<\/p>\n<h2><strong>EFEM\u00c9RIDES MES DE MAYO<\/strong><\/h2>\n<ul>\n<li>El 1, D\u00eda Internacional del Trabajo.<\/li>\n<li>El 3, D\u00eda Mundial de la Libertad de Prensa.<\/li>\n<li>El 6, D\u00eda de la Madre.<\/li>\n<li>El 8, D\u00eda Internacional de la Cruz Roja.<\/li>\n<li>El 12, D\u00eda Internacional de la Enfermera.<\/li>\n<li><strong>El 15, D\u00eda de la Familia. Fiesta de\u00a0<a  href=\"https:\/\/www.mecerreyes.com\/mece\/?page_id=56\">San Isidro<\/a>.<\/strong><\/li>\n<li>El 17, D\u00eda Internacional de Internet.<\/li>\n<li>El 22, D\u00eda Mundial de la Biodiversidad.<\/li>\n<li><strong>El 26, Romer\u00eda Virgen del Camino en Mecerreyes.<\/strong><\/li>\n<li><strong>El 27, Celebraci\u00f3n de primeras comuniones en Mecerreyes.<\/strong><\/li>\n<li>El 31, D\u00eda Mundial sin Tabaco. D\u00eda Mundial Esclerosis M\u00faltiple.<\/li>\n<\/ul>\n<p>&nbsp;<\/p>\n<p>&nbsp;<\/p>\n<p>&nbsp;<\/p>\n<p>&nbsp;<\/p>\n<h2 style=\"text-align: justify;\"><strong>D\u00cdA DE LA MADRE<\/strong><\/h2>\n<p style=\"text-align: justify;\">Para celebrar de un modo especial este 6 de mayo, <strong>Jorge Benito Santamar\u00eda<\/strong> (tenor) felicitaba a todas las mamis con su versi\u00f3n de la canci\u00f3n <strong><em>MAM\u00c1, LA M\u00c1S BELLA DEL MUNDO<\/em><\/strong> que Luis Mariano (Tenor Irun\u00e9s 1914-1970) grab\u00f3 en los a\u00f1os 60.<\/p>\n<!--[if lt IE 9]><script>document.createElement('audio');<\/script><![endif]-->\n<audio class=\"wp-audio-shortcode\" id=\"audio-16752-1\" preload=\"none\" style=\"width: 100%;\" controls=\"controls\"><source type=\"audio\/mpeg\" src=\"http:\/\/www.mecerreyes.com\/mece\/wp-content\/uploads\/2018\/06\/Jorge-Benito-MAM\u00c1-LA-M\u00c1S-BELLA-DEL-MUNDO-que-Luis-Mariano.mp3?_=1\" \/><a  href=\"http:\/\/www.mecerreyes.com\/mece\/wp-content\/uploads\/2018\/06\/Jorge-Benito-MAM\u00c1-LA-M\u00c1S-BELLA-DEL-MUNDO-que-Luis-Mariano.mp3\">http:\/\/www.mecerreyes.com\/mece\/wp-content\/uploads\/2018\/06\/Jorge-Benito-MAM\u00c1-LA-M\u00c1S-BELLA-DEL-MUNDO-que-Luis-Mariano.mp3<\/a><\/audio>\n<p style=\"text-align: justify;\">Y para todas las madres, mujeres, valientes, luchadoras, un deseo que se hace extensible a todos los d\u00edas del a\u00f1o. GRACIAS.<\/p>\n<p style=\"text-align: center;\"><strong><em>Gracias,<\/em><\/strong><\/p>\n<p style=\"text-align: center;\"><strong><em>Gracias por darme la vida.<\/em><\/strong><\/p>\n<p style=\"text-align: center;\"><strong><em>Gracias por protegerme en ella.<\/em><\/strong><\/p>\n<p style=\"text-align: center;\"><strong><em>Gracias por ense\u00f1arme a sentir,<\/em><\/strong><\/p>\n<p style=\"text-align: center;\"><strong><em>a pensar, a ser libre.<\/em><\/strong><\/p>\n<p style=\"text-align: center;\"><strong><em>\u00a0<\/em><\/strong><\/p>\n<p style=\"text-align: center;\"><strong><em>Gracias tambi\u00e9n por no dejarme mentir.<\/em><\/strong><\/p>\n<p style=\"text-align: center;\"><strong><em>Por ense\u00f1arme a sonre\u00edr, a valorar,<\/em><\/strong><\/p>\n<p style=\"text-align: center;\"><strong><em>a respetar siendo yo misma,<\/em><\/strong><\/p>\n<p style=\"text-align: center;\"><strong><em>a no fingir\u2026<\/em><\/strong><\/p>\n<p style=\"text-align: center;\"><strong><em>\u00a0<\/em><\/strong><\/p>\n<p style=\"text-align: center;\"><strong><em>Gracias por darme alas para volar,<\/em><\/strong><\/p>\n<p style=\"text-align: center;\"><strong><em>por alimentarme y cuidar de m\u00ed.<\/em><\/strong><\/p>\n<p style=\"text-align: center;\"><strong><em>Gracias a ti, que en la vida me ense\u00f1aste a andar<\/em><\/strong><\/p>\n<p style=\"text-align: center;\"><strong><em>hoy soy quien soy, nada sin ti mam\u00e1\u2026<\/em><\/strong><\/p>\n<p style=\"text-align: center;\"><strong><em>\u00a0<\/em><\/strong><\/p>\n<p style=\"text-align: center;\"><strong><em>Me entregaste tu amor y tu cari\u00f1o:<\/em><\/strong><\/p>\n<p style=\"text-align: center;\"><strong><em>Siempre cuidas de m\u00ed, hoy y cuando ni\u00f1o.<\/em><\/strong><\/p>\n<p style=\"text-align: center;\"><strong><em>Me ense\u00f1aste a hacerme respetar,<\/em><\/strong><\/p>\n<p style=\"text-align: center;\"><strong><em>a endurecer mi alma<\/em><\/strong><\/p>\n<p style=\"text-align: center;\"><strong><em>para la vida poder enfrentar\u2026<\/em><\/strong><\/p>\n<p style=\"text-align: center;\"><strong><em>\u00a0<\/em><\/strong><\/p>\n<p style=\"text-align: center;\"><strong><em>Gracias mam\u00e1<\/em><\/strong><\/p>\n<p style=\"text-align: center;\"><strong><em>por lograr mi llanto parar.<\/em><\/strong><\/p>\n<p style=\"text-align: center;\"><strong><em>Gracias mam\u00e1,<\/em><\/strong><\/p>\n<p style=\"text-align: center;\"><strong><em>en mi alma siempre t\u00fa vas a estar\u2026<\/em><\/strong><\/p>\n<p><strong>\u00a0<\/strong><\/p>\n<h2 style=\"text-align: justify;\"><strong>RECORTE DE PRENSA<\/strong><\/h2>\n<p style=\"text-align: justify;\">Curioso sin duda este recorte de prensa (Diario de Burgos) de hace 75 a\u00f1os.<\/p>\n<p style=\"text-align: justify;\">La orquesta de Los Anises era bien conocida y demandada. Destacar \u201c\u2026<em>contin\u00faa como antiguamente amenizando\u2026\u201d, <\/em>y esto ocurr\u00eda hace 75 a\u00f1os.<\/p>\n<p style=\"text-align: justify;\">Pocos grupos y orquestas han visto el paso del tiempo como Los Anises. Les deseamos muchos a\u00f1os m\u00e1s de actividad musical, y amenizando en <a  href=\"https:\/\/www.mecerreyes.com\/mece\/?page_id=58\">San Mart\u00edn<\/a> como ya es tradici\u00f3n.<\/p>\n<p style=\"text-align: justify;\"><img loading=\"lazy\" decoding=\"async\" class=\"aligncenter size-full wp-image-16759\" src=\"http:\/\/www.mecerreyes.com\/mece\/wp-content\/uploads\/2018\/06\/Diario-de-Burgos-Hace-75-a\u00f1os-14-de-mayo-1943-2018-1.jpg\" alt=\"\" width=\"1764\" height=\"3345\" srcset=\"https:\/\/www.mecerreyes.com\/mece\/wp-content\/uploads\/2018\/06\/Diario-de-Burgos-Hace-75-a\u00f1os-14-de-mayo-1943-2018-1.jpg 1764w, https:\/\/www.mecerreyes.com\/mece\/wp-content\/uploads\/2018\/06\/Diario-de-Burgos-Hace-75-a\u00f1os-14-de-mayo-1943-2018-1-158x300.jpg 158w, https:\/\/www.mecerreyes.com\/mece\/wp-content\/uploads\/2018\/06\/Diario-de-Burgos-Hace-75-a\u00f1os-14-de-mayo-1943-2018-1-768x1456.jpg 768w, https:\/\/www.mecerreyes.com\/mece\/wp-content\/uploads\/2018\/06\/Diario-de-Burgos-Hace-75-a\u00f1os-14-de-mayo-1943-2018-1-540x1024.jpg 540w, https:\/\/www.mecerreyes.com\/mece\/wp-content\/uploads\/2018\/06\/Diario-de-Burgos-Hace-75-a\u00f1os-14-de-mayo-1943-2018-1-1080x2048.jpg 1080w\" sizes=\"(max-width: 1764px) 100vw, 1764px\" \/><\/p>\n<h2 style=\"text-align: justify;\"><strong><a  href=\"https:\/\/www.mecerreyes.com\/mece\/?page_id=56\">SAN ISIDRO<\/a><\/strong><\/h2>\n<p style=\"text-align: justify;\">Un a\u00f1o m\u00e1s, y como manda la tradici\u00f3n la Hermandad de Labradores de Mecerreyes celebr\u00f3 su santo patr\u00f3n. Se dio la bienvenida a los nuevos y j\u00f3venes miembros, participaron en la eucarist\u00eda y procesionaron al santo hasta la Cruz, all\u00ed y mirando hacia El Bardal, Roberto esparci\u00f3 el agua bendita deseando sea un buen a\u00f1o para los labradores.<\/p>\n<p style=\"text-align: justify;\">Precioso d\u00eda de primavera, en el que el viento mec\u00eda la verde mies. Y como si fuera domingo, la hora del vermut estuvo animada.<\/p>\n<p><img loading=\"lazy\" decoding=\"async\" class=\"size-full wp-image-16760\" src=\"http:\/\/www.mecerreyes.com\/mece\/wp-content\/uploads\/2018\/06\/Mecerreyes-San-Isidro-15-05-2018.jpg\" alt=\"\" width=\"4762\" height=\"1727\" srcset=\"https:\/\/www.mecerreyes.com\/mece\/wp-content\/uploads\/2018\/06\/Mecerreyes-San-Isidro-15-05-2018.jpg 4762w, https:\/\/www.mecerreyes.com\/mece\/wp-content\/uploads\/2018\/06\/Mecerreyes-San-Isidro-15-05-2018-300x109.jpg 300w, https:\/\/www.mecerreyes.com\/mece\/wp-content\/uploads\/2018\/06\/Mecerreyes-San-Isidro-15-05-2018-768x279.jpg 768w, https:\/\/www.mecerreyes.com\/mece\/wp-content\/uploads\/2018\/06\/Mecerreyes-San-Isidro-15-05-2018-1024x371.jpg 1024w, https:\/\/www.mecerreyes.com\/mece\/wp-content\/uploads\/2018\/06\/Mecerreyes-San-Isidro-15-05-2018-1080x392.jpg 1080w\" sizes=\"(max-width: 4762px) 100vw, 4762px\" \/><\/p>\n<h2 style=\"text-align: justify;\"><strong>ROMER\u00cdA VIRGEN DEL CAMINO <\/strong><\/h2>\n<p style=\"text-align: justify;\">El s\u00e1bado 26 de mayo, con un cielo que amenazaba tormenta, nos dispusimos a subir la talla de la Virgen hasta la ermita donde estar\u00e1 hasta el mes de agosto.<\/p>\n<p style=\"text-align: justify;\">El miedo a que el precioso manto se mojara, hizo declinar su colocaci\u00f3n, pero arropamos a la Madre con la oraci\u00f3n y la m\u00fasica en el \u00faltimo tramo hasta llegar a la ermita, donde la campana repicaba de contenta al verla llegar, al ver llegar a los romeros.<\/p>\n<p style=\"text-align: justify;\">Muchas ganas de este reencuentro, bonita eucarist\u00eda y como ocurriera en la edici\u00f3n 2016, la comida se hizo en las escuelas por la amenaza de lluvia, pero la tarde fue mejorando y el sol fue apareciendo.<\/p>\n<p style=\"text-align: justify;\">La familia Mambrillas ameniz\u00f3 con su m\u00fasica la jornada,190 raciones de paella, un estupendo chocolate y una afortunada en la rifa, el n\u00famero 4243 premi\u00f3 con un jam\u00f3n de Embutidos Las Mamblas a Rosario y Javier.<\/p>\n<p style=\"text-align: justify;\">Aunque lo deseable es pasar el d\u00eda entorno a la ermita, tener las escuelas como refugio, nos permite no suspender esta jornada tan fraternal.<\/p>\n<p style=\"text-align: justify;\">Buen\u00edsimas sensaciones las de la romer\u00eda, la colaboraci\u00f3n de las abuelas en el chocolate, de los voluntarios para el reparto de la paella, de la pe\u00f1a Tsukys, de los m\u00fasicos, de los porteadores de la Virgen, de Roberto y cofrades organizadores\u2026, una vez m\u00e1s Mecerreyes, su gente, demuestra que son ORIGENIALES.<\/p>\n<p style=\"text-align: justify;\"><img loading=\"lazy\" decoding=\"async\" class=\"aligncenter size-full wp-image-16782\" src=\"http:\/\/www.mecerreyes.com\/mece\/wp-content\/uploads\/2018\/06\/Mecerreyes-romer\u00eda-Virgen-del-Camino-26-05-2018-25.jpg\" alt=\"\" width=\"1000\" height=\"518\" srcset=\"https:\/\/www.mecerreyes.com\/mece\/wp-content\/uploads\/2018\/06\/Mecerreyes-romer\u00eda-Virgen-del-Camino-26-05-2018-25.jpg 1000w, https:\/\/www.mecerreyes.com\/mece\/wp-content\/uploads\/2018\/06\/Mecerreyes-romer\u00eda-Virgen-del-Camino-26-05-2018-25-300x155.jpg 300w, https:\/\/www.mecerreyes.com\/mece\/wp-content\/uploads\/2018\/06\/Mecerreyes-romer\u00eda-Virgen-del-Camino-26-05-2018-25-768x398.jpg 768w\" sizes=\"(max-width: 1000px) 100vw, 1000px\" \/><\/p>\n<h2 style=\"text-align: justify;\"><strong>COMUNIONES<\/strong><\/h2>\n<p style=\"text-align: justify;\">Cuatro ni\u00f1os fueron protagonistas este mes de mayo gracias al compromiso de padres y catequistas de celebrar su primera comuni\u00f3n en Mecerreyes, el pueblo que los ve crecer de domingo a domingo.<\/p>\n<p style=\"text-align: justify;\">Roberto invitaba a entrar al templo a los engalanados ni\u00f1os el domingo 27.<\/p>\n<p style=\"text-align: justify;\">La iglesia se llen\u00f3 del color y calor de las familias que acompa\u00f1aron a estos nerviosos e ilusionados peque\u00f1os.<\/p>\n<p style=\"text-align: justify;\"><img loading=\"lazy\" decoding=\"async\" class=\"aligncenter size-full wp-image-16804\" src=\"http:\/\/www.mecerreyes.com\/mece\/wp-content\/uploads\/2018\/06\/Comuniones-27-05-18-Bruno-Mart\u00edn-Beltr\u00e1n-Adri\u00e1n-6.jpg\" alt=\"\" width=\"1000\" height=\"482\" srcset=\"https:\/\/www.mecerreyes.com\/mece\/wp-content\/uploads\/2018\/06\/Comuniones-27-05-18-Bruno-Mart\u00edn-Beltr\u00e1n-Adri\u00e1n-6.jpg 1000w, https:\/\/www.mecerreyes.com\/mece\/wp-content\/uploads\/2018\/06\/Comuniones-27-05-18-Bruno-Mart\u00edn-Beltr\u00e1n-Adri\u00e1n-6-300x145.jpg 300w, https:\/\/www.mecerreyes.com\/mece\/wp-content\/uploads\/2018\/06\/Comuniones-27-05-18-Bruno-Mart\u00edn-Beltr\u00e1n-Adri\u00e1n-6-768x370.jpg 768w\" sizes=\"(max-width: 1000px) 100vw, 1000px\" \/><\/p>\n<p style=\"text-align: justify;\">Adri\u00e1n, Beltr\u00e1n, Bruno y Mart\u00edn recibieron su primera comuni\u00f3n, disfrutaron de la eucarist\u00eda que hab\u00edan preparado junto a sus padres y catequistas, sus amigos entonaron canciones desde la m\u00e1s tierna y emotiva inocencia.<\/p>\n<p style=\"text-align: justify;\">Por la tarde disfrutaron de una sesi\u00f3n de hinchables obsequio de Lorena Vicario<\/p>\n<p style=\"text-align: justify;\">\u00a1Enhorabuena a las tres familias!<\/p>\n\n\t\t<style type=\"text\/css\">\n\t\t\t#gallery-1 {\n\t\t\t\tmargin: auto;\n\t\t\t}\n\t\t\t#gallery-1 .gallery-item {\n\t\t\t\tfloat: left;\n\t\t\t\tmargin-top: 10px;\n\t\t\t\ttext-align: center;\n\t\t\t\twidth: 33%;\n\t\t\t}\n\t\t\t#gallery-1 img {\n\t\t\t\tborder: 2px solid #cfcfcf;\n\t\t\t}\n\t\t\t#gallery-1 .gallery-caption {\n\t\t\t\tmargin-left: 0;\n\t\t\t}\n\t\t\t\/* see gallery_shortcode() in wp-includes\/media.php *\/\n\t\t<\/style>\n\t\t<div id='gallery-1' class='gallery galleryid-16752 gallery-columns-3 gallery-size-thumbnail'><dl class='gallery-item'>\n\t\t\t<dt class='gallery-icon landscape'>\n\t\t\t\t<a  href=\"https:\/\/www.mecerreyes.com\/mece\/wp-content\/uploads\/2018\/06\/Comuniones-27-05-18-Bruno-Mart\u00edn-Beltr\u00e1n-Adri\u00e1n-5.jpg\" class=\"thickbox no_icon\" title=\"\"><img loading=\"lazy\" decoding=\"async\" width=\"150\" height=\"150\" src=\"https:\/\/www.mecerreyes.com\/mece\/wp-content\/uploads\/2018\/06\/Comuniones-27-05-18-Bruno-Mart\u00edn-Beltr\u00e1n-Adri\u00e1n-5-150x150.jpg\" class=\"attachment-thumbnail size-thumbnail\" alt=\"\" srcset=\"https:\/\/www.mecerreyes.com\/mece\/wp-content\/uploads\/2018\/06\/Comuniones-27-05-18-Bruno-Mart\u00edn-Beltr\u00e1n-Adri\u00e1n-5-150x150.jpg 150w, https:\/\/www.mecerreyes.com\/mece\/wp-content\/uploads\/2018\/06\/Comuniones-27-05-18-Bruno-Mart\u00edn-Beltr\u00e1n-Adri\u00e1n-5-440x440.jpg 440w\" sizes=\"(max-width: 150px) 100vw, 150px\" \/><\/a>\n\t\t\t<\/dt><\/dl><dl class='gallery-item'>\n\t\t\t<dt class='gallery-icon landscape'>\n\t\t\t\t<a  href=\"https:\/\/www.mecerreyes.com\/mece\/wp-content\/uploads\/2018\/06\/Comuniones-27-05-18-Bruno-Mart\u00edn-Beltr\u00e1n-Adri\u00e1n-4.jpg\" class=\"thickbox no_icon\" title=\"\"><img loading=\"lazy\" decoding=\"async\" width=\"150\" height=\"150\" src=\"https:\/\/www.mecerreyes.com\/mece\/wp-content\/uploads\/2018\/06\/Comuniones-27-05-18-Bruno-Mart\u00edn-Beltr\u00e1n-Adri\u00e1n-4-150x150.jpg\" class=\"attachment-thumbnail size-thumbnail\" alt=\"\" srcset=\"https:\/\/www.mecerreyes.com\/mece\/wp-content\/uploads\/2018\/06\/Comuniones-27-05-18-Bruno-Mart\u00edn-Beltr\u00e1n-Adri\u00e1n-4-150x150.jpg 150w, https:\/\/www.mecerreyes.com\/mece\/wp-content\/uploads\/2018\/06\/Comuniones-27-05-18-Bruno-Mart\u00edn-Beltr\u00e1n-Adri\u00e1n-4-440x440.jpg 440w\" sizes=\"(max-width: 150px) 100vw, 150px\" \/><\/a>\n\t\t\t<\/dt><\/dl><dl class='gallery-item'>\n\t\t\t<dt class='gallery-icon portrait'>\n\t\t\t\t<a  href=\"https:\/\/www.mecerreyes.com\/mece\/wp-content\/uploads\/2018\/06\/Comuniones-27-05-18-Bruno-Mart\u00edn-Beltr\u00e1n-Adri\u00e1n-3.jpg\" class=\"thickbox no_icon\" title=\"\"><img loading=\"lazy\" decoding=\"async\" width=\"150\" height=\"150\" src=\"https:\/\/www.mecerreyes.com\/mece\/wp-content\/uploads\/2018\/06\/Comuniones-27-05-18-Bruno-Mart\u00edn-Beltr\u00e1n-Adri\u00e1n-3-150x150.jpg\" class=\"attachment-thumbnail size-thumbnail\" alt=\"\" srcset=\"https:\/\/www.mecerreyes.com\/mece\/wp-content\/uploads\/2018\/06\/Comuniones-27-05-18-Bruno-Mart\u00edn-Beltr\u00e1n-Adri\u00e1n-3-150x150.jpg 150w, https:\/\/www.mecerreyes.com\/mece\/wp-content\/uploads\/2018\/06\/Comuniones-27-05-18-Bruno-Mart\u00edn-Beltr\u00e1n-Adri\u00e1n-3-440x440.jpg 440w\" sizes=\"(max-width: 150px) 100vw, 150px\" \/><\/a>\n\t\t\t<\/dt><\/dl><br style=\"clear: both\" \/><dl class='gallery-item'>\n\t\t\t<dt class='gallery-icon landscape'>\n\t\t\t\t<a  href=\"https:\/\/www.mecerreyes.com\/mece\/wp-content\/uploads\/2018\/06\/Comuniones-27-05-18-Bruno-Mart\u00edn-Beltr\u00e1n-Adri\u00e1n-2.jpg\" class=\"thickbox no_icon\" title=\"\"><img loading=\"lazy\" decoding=\"async\" width=\"150\" height=\"150\" src=\"https:\/\/www.mecerreyes.com\/mece\/wp-content\/uploads\/2018\/06\/Comuniones-27-05-18-Bruno-Mart\u00edn-Beltr\u00e1n-Adri\u00e1n-2-150x150.jpg\" class=\"attachment-thumbnail size-thumbnail\" alt=\"\" srcset=\"https:\/\/www.mecerreyes.com\/mece\/wp-content\/uploads\/2018\/06\/Comuniones-27-05-18-Bruno-Mart\u00edn-Beltr\u00e1n-Adri\u00e1n-2-150x150.jpg 150w, https:\/\/www.mecerreyes.com\/mece\/wp-content\/uploads\/2018\/06\/Comuniones-27-05-18-Bruno-Mart\u00edn-Beltr\u00e1n-Adri\u00e1n-2-440x440.jpg 440w\" sizes=\"(max-width: 150px) 100vw, 150px\" \/><\/a>\n\t\t\t<\/dt><\/dl><dl class='gallery-item'>\n\t\t\t<dt class='gallery-icon landscape'>\n\t\t\t\t<a  href=\"https:\/\/www.mecerreyes.com\/mece\/wp-content\/uploads\/2018\/06\/Comuniones-27-05-18-Bruno-Mart\u00edn-Beltr\u00e1n-Adri\u00e1n-9.jpg\" class=\"thickbox no_icon\" title=\"\"><img loading=\"lazy\" decoding=\"async\" width=\"150\" height=\"150\" src=\"https:\/\/www.mecerreyes.com\/mece\/wp-content\/uploads\/2018\/06\/Comuniones-27-05-18-Bruno-Mart\u00edn-Beltr\u00e1n-Adri\u00e1n-9-150x150.jpg\" class=\"attachment-thumbnail size-thumbnail\" alt=\"\" srcset=\"https:\/\/www.mecerreyes.com\/mece\/wp-content\/uploads\/2018\/06\/Comuniones-27-05-18-Bruno-Mart\u00edn-Beltr\u00e1n-Adri\u00e1n-9-150x150.jpg 150w, https:\/\/www.mecerreyes.com\/mece\/wp-content\/uploads\/2018\/06\/Comuniones-27-05-18-Bruno-Mart\u00edn-Beltr\u00e1n-Adri\u00e1n-9-440x440.jpg 440w\" sizes=\"(max-width: 150px) 100vw, 150px\" \/><\/a>\n\t\t\t<\/dt><\/dl><dl class='gallery-item'>\n\t\t\t<dt class='gallery-icon landscape'>\n\t\t\t\t<a  href=\"https:\/\/www.mecerreyes.com\/mece\/wp-content\/uploads\/2018\/06\/Comuniones-27-05-18-Bruno-Mart\u00edn-Beltr\u00e1n-Adri\u00e1n-8.jpg\" class=\"thickbox no_icon\" title=\"\"><img loading=\"lazy\" decoding=\"async\" width=\"150\" height=\"150\" src=\"https:\/\/www.mecerreyes.com\/mece\/wp-content\/uploads\/2018\/06\/Comuniones-27-05-18-Bruno-Mart\u00edn-Beltr\u00e1n-Adri\u00e1n-8-150x150.jpg\" class=\"attachment-thumbnail size-thumbnail\" alt=\"\" srcset=\"https:\/\/www.mecerreyes.com\/mece\/wp-content\/uploads\/2018\/06\/Comuniones-27-05-18-Bruno-Mart\u00edn-Beltr\u00e1n-Adri\u00e1n-8-150x150.jpg 150w, https:\/\/www.mecerreyes.com\/mece\/wp-content\/uploads\/2018\/06\/Comuniones-27-05-18-Bruno-Mart\u00edn-Beltr\u00e1n-Adri\u00e1n-8-440x440.jpg 440w\" sizes=\"(max-width: 150px) 100vw, 150px\" \/><\/a>\n\t\t\t<\/dt><\/dl><br style=\"clear: both\" \/><dl class='gallery-item'>\n\t\t\t<dt class='gallery-icon landscape'>\n\t\t\t\t<a  href=\"https:\/\/www.mecerreyes.com\/mece\/wp-content\/uploads\/2018\/06\/Comuniones-27-05-18-Bruno-Mart\u00edn-Beltr\u00e1n-Adri\u00e1n-7.jpg\" class=\"thickbox no_icon\" title=\"\"><img loading=\"lazy\" decoding=\"async\" width=\"150\" height=\"150\" src=\"https:\/\/www.mecerreyes.com\/mece\/wp-content\/uploads\/2018\/06\/Comuniones-27-05-18-Bruno-Mart\u00edn-Beltr\u00e1n-Adri\u00e1n-7-150x150.jpg\" class=\"attachment-thumbnail size-thumbnail\" alt=\"\" srcset=\"https:\/\/www.mecerreyes.com\/mece\/wp-content\/uploads\/2018\/06\/Comuniones-27-05-18-Bruno-Mart\u00edn-Beltr\u00e1n-Adri\u00e1n-7-150x150.jpg 150w, https:\/\/www.mecerreyes.com\/mece\/wp-content\/uploads\/2018\/06\/Comuniones-27-05-18-Bruno-Mart\u00edn-Beltr\u00e1n-Adri\u00e1n-7-440x440.jpg 440w\" sizes=\"(max-width: 150px) 100vw, 150px\" \/><\/a>\n\t\t\t<\/dt><\/dl><dl class='gallery-item'>\n\t\t\t<dt class='gallery-icon landscape'>\n\t\t\t\t<a  href=\"https:\/\/www.mecerreyes.com\/mece\/wp-content\/uploads\/2018\/06\/Comuniones-27-05-18-Bruno-Mart\u00edn-Beltr\u00e1n-Adri\u00e1n-10.jpg\" class=\"thickbox no_icon\" title=\"\"><img loading=\"lazy\" decoding=\"async\" width=\"150\" height=\"150\" src=\"https:\/\/www.mecerreyes.com\/mece\/wp-content\/uploads\/2018\/06\/Comuniones-27-05-18-Bruno-Mart\u00edn-Beltr\u00e1n-Adri\u00e1n-10-150x150.jpg\" class=\"attachment-thumbnail size-thumbnail\" alt=\"\" srcset=\"https:\/\/www.mecerreyes.com\/mece\/wp-content\/uploads\/2018\/06\/Comuniones-27-05-18-Bruno-Mart\u00edn-Beltr\u00e1n-Adri\u00e1n-10-150x150.jpg 150w, https:\/\/www.mecerreyes.com\/mece\/wp-content\/uploads\/2018\/06\/Comuniones-27-05-18-Bruno-Mart\u00edn-Beltr\u00e1n-Adri\u00e1n-10-440x440.jpg 440w\" sizes=\"(max-width: 150px) 100vw, 150px\" \/><\/a>\n\t\t\t<\/dt><\/dl><dl class='gallery-item'>\n\t\t\t<dt class='gallery-icon landscape'>\n\t\t\t\t<a  href=\"https:\/\/www.mecerreyes.com\/mece\/wp-content\/uploads\/2018\/06\/Comuniones-27-05-18-Bruno-Mart\u00edn-Beltr\u00e1n-Adri\u00e1n-1.jpg\" class=\"thickbox no_icon\" title=\"\"><img loading=\"lazy\" decoding=\"async\" width=\"150\" height=\"150\" src=\"https:\/\/www.mecerreyes.com\/mece\/wp-content\/uploads\/2018\/06\/Comuniones-27-05-18-Bruno-Mart\u00edn-Beltr\u00e1n-Adri\u00e1n-1-150x150.jpg\" class=\"attachment-thumbnail size-thumbnail\" alt=\"\" srcset=\"https:\/\/www.mecerreyes.com\/mece\/wp-content\/uploads\/2018\/06\/Comuniones-27-05-18-Bruno-Mart\u00edn-Beltr\u00e1n-Adri\u00e1n-1-150x150.jpg 150w, https:\/\/www.mecerreyes.com\/mece\/wp-content\/uploads\/2018\/06\/Comuniones-27-05-18-Bruno-Mart\u00edn-Beltr\u00e1n-Adri\u00e1n-1-440x440.jpg 440w\" sizes=\"(max-width: 150px) 100vw, 150px\" \/><\/a>\n\t\t\t<\/dt><\/dl><br style=\"clear: both\" \/><dl class='gallery-item'>\n\t\t\t<dt class='gallery-icon landscape'>\n\t\t\t\t<a  href=\"https:\/\/www.mecerreyes.com\/mece\/wp-content\/uploads\/2018\/06\/Mecerreyes-Comuniones-27-05-18-3.jpg\" class=\"thickbox no_icon\" title=\"\"><img loading=\"lazy\" decoding=\"async\" width=\"150\" height=\"150\" src=\"https:\/\/www.mecerreyes.com\/mece\/wp-content\/uploads\/2018\/06\/Mecerreyes-Comuniones-27-05-18-3-150x150.jpg\" class=\"attachment-thumbnail size-thumbnail\" alt=\"\" srcset=\"https:\/\/www.mecerreyes.com\/mece\/wp-content\/uploads\/2018\/06\/Mecerreyes-Comuniones-27-05-18-3-150x150.jpg 150w, https:\/\/www.mecerreyes.com\/mece\/wp-content\/uploads\/2018\/06\/Mecerreyes-Comuniones-27-05-18-3-400x398.jpg 400w\" sizes=\"(max-width: 150px) 100vw, 150px\" \/><\/a>\n\t\t\t<\/dt><\/dl><dl class='gallery-item'>\n\t\t\t<dt class='gallery-icon landscape'>\n\t\t\t\t<a  href=\"https:\/\/www.mecerreyes.com\/mece\/wp-content\/uploads\/2018\/06\/Mecerreyes-Comuniones-27-05-18-2.jpg\" class=\"thickbox no_icon\" title=\"\"><img loading=\"lazy\" decoding=\"async\" width=\"150\" height=\"150\" src=\"https:\/\/www.mecerreyes.com\/mece\/wp-content\/uploads\/2018\/06\/Mecerreyes-Comuniones-27-05-18-2-150x150.jpg\" class=\"attachment-thumbnail size-thumbnail\" alt=\"\" srcset=\"https:\/\/www.mecerreyes.com\/mece\/wp-content\/uploads\/2018\/06\/Mecerreyes-Comuniones-27-05-18-2-150x150.jpg 150w, https:\/\/www.mecerreyes.com\/mece\/wp-content\/uploads\/2018\/06\/Mecerreyes-Comuniones-27-05-18-2-440x440.jpg 440w\" sizes=\"(max-width: 150px) 100vw, 150px\" \/><\/a>\n\t\t\t<\/dt><\/dl><dl class='gallery-item'>\n\t\t\t<dt class='gallery-icon landscape'>\n\t\t\t\t<a  href=\"https:\/\/www.mecerreyes.com\/mece\/wp-content\/uploads\/2018\/06\/Mecerreyes-Comuniones-27-05-18-1.jpg\" class=\"thickbox no_icon\" title=\"\"><img loading=\"lazy\" decoding=\"async\" width=\"150\" height=\"150\" src=\"https:\/\/www.mecerreyes.com\/mece\/wp-content\/uploads\/2018\/06\/Mecerreyes-Comuniones-27-05-18-1-150x150.jpg\" class=\"attachment-thumbnail size-thumbnail\" alt=\"\" srcset=\"https:\/\/www.mecerreyes.com\/mece\/wp-content\/uploads\/2018\/06\/Mecerreyes-Comuniones-27-05-18-1-150x150.jpg 150w, https:\/\/www.mecerreyes.com\/mece\/wp-content\/uploads\/2018\/06\/Mecerreyes-Comuniones-27-05-18-1-440x440.jpg 440w\" sizes=\"(max-width: 150px) 100vw, 150px\" \/><\/a>\n\t\t\t<\/dt><\/dl><br style=\"clear: both\" \/>\n\t\t<\/div>\n\n<h2 style=\"text-align: justify;\"><strong>BODAS DE ORO<\/strong><\/h2>\n<p style=\"text-align: justify;\">Nuestras felicitaciones a Leandro y Rosita, 50 a\u00f1os juntos y felices sosteniendo el \u201cte quiero\u201d hasta el final.<\/p>\n<p style=\"text-align: justify;\">Es un reto para muchos matrimonios compartir tantos y fruct\u00edferos a\u00f1os.<\/p>\n<p style=\"text-align: justify;\">Sus hijos y nietos celebraron esta renovaci\u00f3n, el pasado 25 de mayo en San Sebasti\u00e1n.<\/p>\n<p style=\"text-align: justify;\">Que tengan salud para seguir juntos muchos a\u00f1os m\u00e1s, y puedan seguir pasando el verano en Mecerreyes.<\/p>\n<p style=\"text-align: justify;\"><img loading=\"lazy\" decoding=\"async\" class=\"aligncenter size-full wp-image-16820\" src=\"http:\/\/www.mecerreyes.com\/mece\/wp-content\/uploads\/2018\/06\/Bodas-de-Oro-Rosa-y-Leandro-25-05-2018.jpg\" alt=\"\" width=\"564\" height=\"538\" srcset=\"https:\/\/www.mecerreyes.com\/mece\/wp-content\/uploads\/2018\/06\/Bodas-de-Oro-Rosa-y-Leandro-25-05-2018.jpg 564w, https:\/\/www.mecerreyes.com\/mece\/wp-content\/uploads\/2018\/06\/Bodas-de-Oro-Rosa-y-Leandro-25-05-2018-300x286.jpg 300w\" sizes=\"(max-width: 564px) 100vw, 564px\" \/><\/p>\n<h2><\/h2>\n<h2><strong>CAMPAMENTO DE INGL\u00c9S EN MECERREYES<\/strong><\/h2>\n<p>Nos pasar\u00e1n m\u00e1s informaci\u00f3n, pero ya os podemos adelantar para este\u00a0mes de julio el campamento en Ingl\u00e9s:<\/p>\n<ul>\n<li><em>Impartido por Red Castle.<\/em><\/li>\n<li>Mes de Julio<\/li>\n<li>80 \u20ac \/ semana. M\u00ednimo 2 semanas<\/li>\n<li>Horario de 10 a 14 h.<\/li>\n<\/ul>\n<p><img loading=\"lazy\" decoding=\"async\" class=\"aligncenter size-full wp-image-16825\" src=\"http:\/\/www.mecerreyes.com\/mece\/wp-content\/uploads\/2018\/06\/Logo-Academia-The-Red-Castle.jpg\" alt=\"\" width=\"580\" height=\"325\" srcset=\"https:\/\/www.mecerreyes.com\/mece\/wp-content\/uploads\/2018\/06\/Logo-Academia-The-Red-Castle.jpg 580w, https:\/\/www.mecerreyes.com\/mece\/wp-content\/uploads\/2018\/06\/Logo-Academia-The-Red-Castle-300x168.jpg 300w\" sizes=\"(max-width: 580px) 100vw, 580px\" \/><\/p>\n<h2><strong>REFRANERO<\/strong><\/h2>\n<ul>\n<li><em>Mayo hortelano, mucha paja y poco grano. <\/em><\/li>\n<li><em>Agua de mayo quita aceite y no da grano.<\/em><\/li>\n<li><em>D\u00edas de mayo, d\u00edas amargos, los panes cortos y los d\u00edas largos.<\/em><\/li>\n<li><em>En mayo, hambre y rosas. \u00a1Mira qu\u00e9 distintas cosas!<\/em><\/li>\n<li><em>Cuando Mayo va a mediar, debe ya el fr\u00edo acabar.<\/em><\/li>\n<li><em>Con el agua de Mayo crece el pelo y no hace da\u00f1o.<\/em><\/li>\n<li><em><a  href=\"https:\/\/www.mecerreyes.com\/mece\/?page_id=56\">San Isidro<\/a> labrador, reparte el agua y el sol.<\/em><\/li>\n<li><em>Mayo muy lluvioso, en el campo, feo y en la huerta, hermoso.<\/em><\/li>\n<\/ul>\n<p>&nbsp;<\/p>\n\n\t\t<style type=\"text\/css\">\n\t\t\t#gallery-2 {\n\t\t\t\tmargin: auto;\n\t\t\t}\n\t\t\t#gallery-2 .gallery-item {\n\t\t\t\tfloat: left;\n\t\t\t\tmargin-top: 10px;\n\t\t\t\ttext-align: center;\n\t\t\t\twidth: 33%;\n\t\t\t}\n\t\t\t#gallery-2 img {\n\t\t\t\tborder: 2px solid #cfcfcf;\n\t\t\t}\n\t\t\t#gallery-2 .gallery-caption {\n\t\t\t\tmargin-left: 0;\n\t\t\t}\n\t\t\t\/* see gallery_shortcode() in wp-includes\/media.php *\/\n\t\t<\/style>\n\t\t<div id='gallery-2' class='gallery galleryid-16752 gallery-columns-3 gallery-size-thumbnail'><dl class='gallery-item'>\n\t\t\t<dt class='gallery-icon landscape'>\n\t\t\t\t<a  href=\"https:\/\/www.mecerreyes.com\/mece\/wp-content\/uploads\/2018\/06\/Mecerreyes-romer\u00eda-Virgen-del-Camino-26-05-2018-1.jpg\" class=\"thickbox no_icon\" title=\"\"><img loading=\"lazy\" decoding=\"async\" width=\"150\" height=\"150\" src=\"https:\/\/www.mecerreyes.com\/mece\/wp-content\/uploads\/2018\/06\/Mecerreyes-romer\u00eda-Virgen-del-Camino-26-05-2018-1-150x150.jpg\" class=\"attachment-thumbnail size-thumbnail\" alt=\"\" srcset=\"https:\/\/www.mecerreyes.com\/mece\/wp-content\/uploads\/2018\/06\/Mecerreyes-romer\u00eda-Virgen-del-Camino-26-05-2018-1-150x150.jpg 150w, https:\/\/www.mecerreyes.com\/mece\/wp-content\/uploads\/2018\/06\/Mecerreyes-romer\u00eda-Virgen-del-Camino-26-05-2018-1-440x440.jpg 440w\" sizes=\"(max-width: 150px) 100vw, 150px\" \/><\/a>\n\t\t\t<\/dt><\/dl><dl class='gallery-item'>\n\t\t\t<dt class='gallery-icon landscape'>\n\t\t\t\t<a  href=\"https:\/\/www.mecerreyes.com\/mece\/wp-content\/uploads\/2018\/06\/Mecerreyes-romer\u00eda-Virgen-del-Camino-26-05-2018-2.jpg\" class=\"thickbox no_icon\" title=\"\"><img loading=\"lazy\" decoding=\"async\" width=\"150\" height=\"150\" src=\"https:\/\/www.mecerreyes.com\/mece\/wp-content\/uploads\/2018\/06\/Mecerreyes-romer\u00eda-Virgen-del-Camino-26-05-2018-2-150x150.jpg\" class=\"attachment-thumbnail size-thumbnail\" alt=\"\" srcset=\"https:\/\/www.mecerreyes.com\/mece\/wp-content\/uploads\/2018\/06\/Mecerreyes-romer\u00eda-Virgen-del-Camino-26-05-2018-2-150x150.jpg 150w, https:\/\/www.mecerreyes.com\/mece\/wp-content\/uploads\/2018\/06\/Mecerreyes-romer\u00eda-Virgen-del-Camino-26-05-2018-2-440x440.jpg 440w\" sizes=\"(max-width: 150px) 100vw, 150px\" \/><\/a>\n\t\t\t<\/dt><\/dl><dl class='gallery-item'>\n\t\t\t<dt class='gallery-icon portrait'>\n\t\t\t\t<a  href=\"https:\/\/www.mecerreyes.com\/mece\/wp-content\/uploads\/2018\/06\/Mecerreyes-romer\u00eda-Virgen-del-Camino-26-05-2018-3.jpg\" class=\"thickbox no_icon\" title=\"\"><img loading=\"lazy\" decoding=\"async\" width=\"150\" height=\"150\" src=\"https:\/\/www.mecerreyes.com\/mece\/wp-content\/uploads\/2018\/06\/Mecerreyes-romer\u00eda-Virgen-del-Camino-26-05-2018-3-150x150.jpg\" class=\"attachment-thumbnail size-thumbnail\" alt=\"\" srcset=\"https:\/\/www.mecerreyes.com\/mece\/wp-content\/uploads\/2018\/06\/Mecerreyes-romer\u00eda-Virgen-del-Camino-26-05-2018-3-150x150.jpg 150w, https:\/\/www.mecerreyes.com\/mece\/wp-content\/uploads\/2018\/06\/Mecerreyes-romer\u00eda-Virgen-del-Camino-26-05-2018-3-440x440.jpg 440w\" sizes=\"(max-width: 150px) 100vw, 150px\" \/><\/a>\n\t\t\t<\/dt><\/dl><br style=\"clear: both\" \/><dl class='gallery-item'>\n\t\t\t<dt class='gallery-icon landscape'>\n\t\t\t\t<a  href=\"https:\/\/www.mecerreyes.com\/mece\/wp-content\/uploads\/2018\/06\/Mecerreyes-romer\u00eda-Virgen-del-Camino-26-05-2018-4.jpg\" class=\"thickbox no_icon\" title=\"\"><img loading=\"lazy\" decoding=\"async\" width=\"150\" height=\"150\" src=\"https:\/\/www.mecerreyes.com\/mece\/wp-content\/uploads\/2018\/06\/Mecerreyes-romer\u00eda-Virgen-del-Camino-26-05-2018-4-150x150.jpg\" class=\"attachment-thumbnail size-thumbnail\" alt=\"\" srcset=\"https:\/\/www.mecerreyes.com\/mece\/wp-content\/uploads\/2018\/06\/Mecerreyes-romer\u00eda-Virgen-del-Camino-26-05-2018-4-150x150.jpg 150w, https:\/\/www.mecerreyes.com\/mece\/wp-content\/uploads\/2018\/06\/Mecerreyes-romer\u00eda-Virgen-del-Camino-26-05-2018-4-440x440.jpg 440w\" sizes=\"(max-width: 150px) 100vw, 150px\" \/><\/a>\n\t\t\t<\/dt><\/dl><dl class='gallery-item'>\n\t\t\t<dt class='gallery-icon landscape'>\n\t\t\t\t<a  href=\"https:\/\/www.mecerreyes.com\/mece\/wp-content\/uploads\/2018\/06\/Mecerreyes-romer\u00eda-Virgen-del-Camino-26-05-2018-5.jpg\" class=\"thickbox no_icon\" title=\"\"><img loading=\"lazy\" decoding=\"async\" width=\"150\" height=\"150\" src=\"https:\/\/www.mecerreyes.com\/mece\/wp-content\/uploads\/2018\/06\/Mecerreyes-romer\u00eda-Virgen-del-Camino-26-05-2018-5-150x150.jpg\" class=\"attachment-thumbnail size-thumbnail\" alt=\"\" srcset=\"https:\/\/www.mecerreyes.com\/mece\/wp-content\/uploads\/2018\/06\/Mecerreyes-romer\u00eda-Virgen-del-Camino-26-05-2018-5-150x150.jpg 150w, https:\/\/www.mecerreyes.com\/mece\/wp-content\/uploads\/2018\/06\/Mecerreyes-romer\u00eda-Virgen-del-Camino-26-05-2018-5-440x440.jpg 440w\" sizes=\"(max-width: 150px) 100vw, 150px\" \/><\/a>\n\t\t\t<\/dt><\/dl><dl class='gallery-item'>\n\t\t\t<dt class='gallery-icon landscape'>\n\t\t\t\t<a  href=\"https:\/\/www.mecerreyes.com\/mece\/wp-content\/uploads\/2018\/06\/Mecerreyes-romer\u00eda-Virgen-del-Camino-26-05-2018-6.jpg\" class=\"thickbox no_icon\" title=\"\"><img loading=\"lazy\" decoding=\"async\" width=\"150\" height=\"150\" src=\"https:\/\/www.mecerreyes.com\/mece\/wp-content\/uploads\/2018\/06\/Mecerreyes-romer\u00eda-Virgen-del-Camino-26-05-2018-6-150x150.jpg\" class=\"attachment-thumbnail size-thumbnail\" alt=\"\" srcset=\"https:\/\/www.mecerreyes.com\/mece\/wp-content\/uploads\/2018\/06\/Mecerreyes-romer\u00eda-Virgen-del-Camino-26-05-2018-6-150x150.jpg 150w, https:\/\/www.mecerreyes.com\/mece\/wp-content\/uploads\/2018\/06\/Mecerreyes-romer\u00eda-Virgen-del-Camino-26-05-2018-6-440x440.jpg 440w\" sizes=\"(max-width: 150px) 100vw, 150px\" \/><\/a>\n\t\t\t<\/dt><\/dl><br style=\"clear: both\" \/><dl class='gallery-item'>\n\t\t\t<dt class='gallery-icon landscape'>\n\t\t\t\t<a  href=\"https:\/\/www.mecerreyes.com\/mece\/wp-content\/uploads\/2018\/06\/Mecerreyes-romer\u00eda-Virgen-del-Camino-26-05-2018-7.jpg\" class=\"thickbox no_icon\" title=\"\"><img loading=\"lazy\" decoding=\"async\" width=\"150\" height=\"150\" src=\"https:\/\/www.mecerreyes.com\/mece\/wp-content\/uploads\/2018\/06\/Mecerreyes-romer\u00eda-Virgen-del-Camino-26-05-2018-7-150x150.jpg\" class=\"attachment-thumbnail size-thumbnail\" alt=\"\" srcset=\"https:\/\/www.mecerreyes.com\/mece\/wp-content\/uploads\/2018\/06\/Mecerreyes-romer\u00eda-Virgen-del-Camino-26-05-2018-7-150x150.jpg 150w, https:\/\/www.mecerreyes.com\/mece\/wp-content\/uploads\/2018\/06\/Mecerreyes-romer\u00eda-Virgen-del-Camino-26-05-2018-7-440x440.jpg 440w\" sizes=\"(max-width: 150px) 100vw, 150px\" \/><\/a>\n\t\t\t<\/dt><\/dl><dl class='gallery-item'>\n\t\t\t<dt class='gallery-icon landscape'>\n\t\t\t\t<a  href=\"https:\/\/www.mecerreyes.com\/mece\/wp-content\/uploads\/2018\/06\/Mecerreyes-romer\u00eda-Virgen-del-Camino-26-05-2018-8.jpg\" class=\"thickbox no_icon\" title=\"\"><img loading=\"lazy\" decoding=\"async\" width=\"150\" height=\"150\" src=\"https:\/\/www.mecerreyes.com\/mece\/wp-content\/uploads\/2018\/06\/Mecerreyes-romer\u00eda-Virgen-del-Camino-26-05-2018-8-150x150.jpg\" class=\"attachment-thumbnail size-thumbnail\" alt=\"\" srcset=\"https:\/\/www.mecerreyes.com\/mece\/wp-content\/uploads\/2018\/06\/Mecerreyes-romer\u00eda-Virgen-del-Camino-26-05-2018-8-150x150.jpg 150w, https:\/\/www.mecerreyes.com\/mece\/wp-content\/uploads\/2018\/06\/Mecerreyes-romer\u00eda-Virgen-del-Camino-26-05-2018-8-440x440.jpg 440w\" sizes=\"(max-width: 150px) 100vw, 150px\" \/><\/a>\n\t\t\t<\/dt><\/dl><dl class='gallery-item'>\n\t\t\t<dt class='gallery-icon landscape'>\n\t\t\t\t<a  href=\"https:\/\/www.mecerreyes.com\/mece\/wp-content\/uploads\/2018\/06\/Mecerreyes-romer\u00eda-Virgen-del-Camino-26-05-2018-9.jpg\" class=\"thickbox no_icon\" title=\"\"><img loading=\"lazy\" decoding=\"async\" width=\"150\" height=\"150\" src=\"https:\/\/www.mecerreyes.com\/mece\/wp-content\/uploads\/2018\/06\/Mecerreyes-romer\u00eda-Virgen-del-Camino-26-05-2018-9-150x150.jpg\" class=\"attachment-thumbnail size-thumbnail\" alt=\"\" srcset=\"https:\/\/www.mecerreyes.com\/mece\/wp-content\/uploads\/2018\/06\/Mecerreyes-romer\u00eda-Virgen-del-Camino-26-05-2018-9-150x150.jpg 150w, https:\/\/www.mecerreyes.com\/mece\/wp-content\/uploads\/2018\/06\/Mecerreyes-romer\u00eda-Virgen-del-Camino-26-05-2018-9-440x440.jpg 440w\" sizes=\"(max-width: 150px) 100vw, 150px\" \/><\/a>\n\t\t\t<\/dt><\/dl><br style=\"clear: both\" \/><dl class='gallery-item'>\n\t\t\t<dt class='gallery-icon landscape'>\n\t\t\t\t<a  href=\"https:\/\/www.mecerreyes.com\/mece\/wp-content\/uploads\/2018\/06\/Mecerreyes-romer\u00eda-Virgen-del-Camino-26-05-2018-10.jpg\" class=\"thickbox no_icon\" title=\"\"><img loading=\"lazy\" decoding=\"async\" width=\"150\" height=\"150\" src=\"https:\/\/www.mecerreyes.com\/mece\/wp-content\/uploads\/2018\/06\/Mecerreyes-romer\u00eda-Virgen-del-Camino-26-05-2018-10-150x150.jpg\" class=\"attachment-thumbnail size-thumbnail\" alt=\"\" srcset=\"https:\/\/www.mecerreyes.com\/mece\/wp-content\/uploads\/2018\/06\/Mecerreyes-romer\u00eda-Virgen-del-Camino-26-05-2018-10-150x150.jpg 150w, https:\/\/www.mecerreyes.com\/mece\/wp-content\/uploads\/2018\/06\/Mecerreyes-romer\u00eda-Virgen-del-Camino-26-05-2018-10-440x440.jpg 440w\" sizes=\"(max-width: 150px) 100vw, 150px\" \/><\/a>\n\t\t\t<\/dt><\/dl><dl class='gallery-item'>\n\t\t\t<dt class='gallery-icon landscape'>\n\t\t\t\t<a  href=\"https:\/\/www.mecerreyes.com\/mece\/wp-content\/uploads\/2018\/06\/Mecerreyes-romer\u00eda-Virgen-del-Camino-26-05-2018-11.jpg\" class=\"thickbox no_icon\" title=\"\"><img loading=\"lazy\" decoding=\"async\" width=\"150\" height=\"150\" src=\"https:\/\/www.mecerreyes.com\/mece\/wp-content\/uploads\/2018\/06\/Mecerreyes-romer\u00eda-Virgen-del-Camino-26-05-2018-11-150x150.jpg\" class=\"attachment-thumbnail size-thumbnail\" alt=\"\" srcset=\"https:\/\/www.mecerreyes.com\/mece\/wp-content\/uploads\/2018\/06\/Mecerreyes-romer\u00eda-Virgen-del-Camino-26-05-2018-11-150x150.jpg 150w, https:\/\/www.mecerreyes.com\/mece\/wp-content\/uploads\/2018\/06\/Mecerreyes-romer\u00eda-Virgen-del-Camino-26-05-2018-11-440x440.jpg 440w\" sizes=\"(max-width: 150px) 100vw, 150px\" \/><\/a>\n\t\t\t<\/dt><\/dl><dl class='gallery-item'>\n\t\t\t<dt class='gallery-icon landscape'>\n\t\t\t\t<a  href=\"https:\/\/www.mecerreyes.com\/mece\/wp-content\/uploads\/2018\/06\/Mecerreyes-romer\u00eda-Virgen-del-Camino-26-05-2018-12.jpg\" class=\"thickbox no_icon\" title=\"\"><img loading=\"lazy\" decoding=\"async\" width=\"150\" height=\"150\" src=\"https:\/\/www.mecerreyes.com\/mece\/wp-content\/uploads\/2018\/06\/Mecerreyes-romer\u00eda-Virgen-del-Camino-26-05-2018-12-150x150.jpg\" class=\"attachment-thumbnail size-thumbnail\" alt=\"\" srcset=\"https:\/\/www.mecerreyes.com\/mece\/wp-content\/uploads\/2018\/06\/Mecerreyes-romer\u00eda-Virgen-del-Camino-26-05-2018-12-150x150.jpg 150w, https:\/\/www.mecerreyes.com\/mece\/wp-content\/uploads\/2018\/06\/Mecerreyes-romer\u00eda-Virgen-del-Camino-26-05-2018-12-440x440.jpg 440w\" sizes=\"(max-width: 150px) 100vw, 150px\" \/><\/a>\n\t\t\t<\/dt><\/dl><br style=\"clear: both\" \/><dl class='gallery-item'>\n\t\t\t<dt class='gallery-icon landscape'>\n\t\t\t\t<a  href=\"https:\/\/www.mecerreyes.com\/mece\/wp-content\/uploads\/2018\/06\/Mecerreyes-romer\u00eda-Virgen-del-Camino-26-05-2018-16.jpg\" class=\"thickbox no_icon\" title=\"\"><img loading=\"lazy\" decoding=\"async\" width=\"150\" height=\"150\" src=\"https:\/\/www.mecerreyes.com\/mece\/wp-content\/uploads\/2018\/06\/Mecerreyes-romer\u00eda-Virgen-del-Camino-26-05-2018-16-150x150.jpg\" class=\"attachment-thumbnail size-thumbnail\" alt=\"\" srcset=\"https:\/\/www.mecerreyes.com\/mece\/wp-content\/uploads\/2018\/06\/Mecerreyes-romer\u00eda-Virgen-del-Camino-26-05-2018-16-150x150.jpg 150w, https:\/\/www.mecerreyes.com\/mece\/wp-content\/uploads\/2018\/06\/Mecerreyes-romer\u00eda-Virgen-del-Camino-26-05-2018-16-440x438.jpg 440w\" sizes=\"(max-width: 150px) 100vw, 150px\" \/><\/a>\n\t\t\t<\/dt><\/dl><dl class='gallery-item'>\n\t\t\t<dt class='gallery-icon landscape'>\n\t\t\t\t<a  href=\"https:\/\/www.mecerreyes.com\/mece\/wp-content\/uploads\/2018\/06\/Mecerreyes-romer\u00eda-Virgen-del-Camino-26-05-2018-22.jpg\" class=\"thickbox no_icon\" title=\"\"><img loading=\"lazy\" decoding=\"async\" width=\"150\" height=\"150\" src=\"https:\/\/www.mecerreyes.com\/mece\/wp-content\/uploads\/2018\/06\/Mecerreyes-romer\u00eda-Virgen-del-Camino-26-05-2018-22-150x150.jpg\" class=\"attachment-thumbnail size-thumbnail\" alt=\"\" srcset=\"https:\/\/www.mecerreyes.com\/mece\/wp-content\/uploads\/2018\/06\/Mecerreyes-romer\u00eda-Virgen-del-Camino-26-05-2018-22-150x150.jpg 150w, https:\/\/www.mecerreyes.com\/mece\/wp-content\/uploads\/2018\/06\/Mecerreyes-romer\u00eda-Virgen-del-Camino-26-05-2018-22-440x440.jpg 440w\" sizes=\"(max-width: 150px) 100vw, 150px\" \/><\/a>\n\t\t\t<\/dt><\/dl><dl class='gallery-item'>\n\t\t\t<dt class='gallery-icon landscape'>\n\t\t\t\t<a  href=\"https:\/\/www.mecerreyes.com\/mece\/wp-content\/uploads\/2018\/06\/Mecerreyes-romer\u00eda-Virgen-del-Camino-26-05-2018-23.jpg\" class=\"thickbox no_icon\" title=\"\"><img loading=\"lazy\" decoding=\"async\" width=\"150\" height=\"150\" src=\"https:\/\/www.mecerreyes.com\/mece\/wp-content\/uploads\/2018\/06\/Mecerreyes-romer\u00eda-Virgen-del-Camino-26-05-2018-23-150x150.jpg\" class=\"attachment-thumbnail size-thumbnail\" alt=\"\" srcset=\"https:\/\/www.mecerreyes.com\/mece\/wp-content\/uploads\/2018\/06\/Mecerreyes-romer\u00eda-Virgen-del-Camino-26-05-2018-23-150x150.jpg 150w, https:\/\/www.mecerreyes.com\/mece\/wp-content\/uploads\/2018\/06\/Mecerreyes-romer\u00eda-Virgen-del-Camino-26-05-2018-23-440x440.jpg 440w\" sizes=\"(max-width: 150px) 100vw, 150px\" \/><\/a>\n\t\t\t<\/dt><\/dl><br style=\"clear: both\" \/><dl class='gallery-item'>\n\t\t\t<dt class='gallery-icon landscape'>\n\t\t\t\t<a  href=\"https:\/\/www.mecerreyes.com\/mece\/wp-content\/uploads\/2018\/06\/Mecerreyes-romer\u00eda-Virgen-del-Camino-26-05-2018-24.jpg\" class=\"thickbox no_icon\" title=\"\"><img loading=\"lazy\" decoding=\"async\" width=\"150\" height=\"150\" src=\"https:\/\/www.mecerreyes.com\/mece\/wp-content\/uploads\/2018\/06\/Mecerreyes-romer\u00eda-Virgen-del-Camino-26-05-2018-24-150x150.jpg\" class=\"attachment-thumbnail size-thumbnail\" alt=\"\" srcset=\"https:\/\/www.mecerreyes.com\/mece\/wp-content\/uploads\/2018\/06\/Mecerreyes-romer\u00eda-Virgen-del-Camino-26-05-2018-24-150x150.jpg 150w, https:\/\/www.mecerreyes.com\/mece\/wp-content\/uploads\/2018\/06\/Mecerreyes-romer\u00eda-Virgen-del-Camino-26-05-2018-24-440x440.jpg 440w\" sizes=\"(max-width: 150px) 100vw, 150px\" \/><\/a>\n\t\t\t<\/dt><\/dl><dl class='gallery-item'>\n\t\t\t<dt class='gallery-icon landscape'>\n\t\t\t\t<a  href=\"https:\/\/www.mecerreyes.com\/mece\/wp-content\/uploads\/2018\/06\/Mecerreyes-romer\u00eda-Virgen-del-Camino-26-05-2018-25.jpg\" class=\"thickbox no_icon\" title=\"\"><img loading=\"lazy\" decoding=\"async\" width=\"150\" height=\"150\" src=\"https:\/\/www.mecerreyes.com\/mece\/wp-content\/uploads\/2018\/06\/Mecerreyes-romer\u00eda-Virgen-del-Camino-26-05-2018-25-150x150.jpg\" class=\"attachment-thumbnail size-thumbnail\" alt=\"\" srcset=\"https:\/\/www.mecerreyes.com\/mece\/wp-content\/uploads\/2018\/06\/Mecerreyes-romer\u00eda-Virgen-del-Camino-26-05-2018-25-150x150.jpg 150w, https:\/\/www.mecerreyes.com\/mece\/wp-content\/uploads\/2018\/06\/Mecerreyes-romer\u00eda-Virgen-del-Camino-26-05-2018-25-440x440.jpg 440w\" sizes=\"(max-width: 150px) 100vw, 150px\" \/><\/a>\n\t\t\t<\/dt><\/dl><dl class='gallery-item'>\n\t\t\t<dt class='gallery-icon landscape'>\n\t\t\t\t<a  href=\"https:\/\/www.mecerreyes.com\/mece\/wp-content\/uploads\/2018\/06\/Mecerreyes-romer\u00eda-Virgen-del-Camino-26-05-2018-25a.jpg\" class=\"thickbox no_icon\" title=\"\"><img loading=\"lazy\" decoding=\"async\" width=\"150\" height=\"150\" src=\"https:\/\/www.mecerreyes.com\/mece\/wp-content\/uploads\/2018\/06\/Mecerreyes-romer\u00eda-Virgen-del-Camino-26-05-2018-25a-150x150.jpg\" class=\"attachment-thumbnail size-thumbnail\" alt=\"\" srcset=\"https:\/\/www.mecerreyes.com\/mece\/wp-content\/uploads\/2018\/06\/Mecerreyes-romer\u00eda-Virgen-del-Camino-26-05-2018-25a-150x150.jpg 150w, https:\/\/www.mecerreyes.com\/mece\/wp-content\/uploads\/2018\/06\/Mecerreyes-romer\u00eda-Virgen-del-Camino-26-05-2018-25a-440x440.jpg 440w\" sizes=\"(max-width: 150px) 100vw, 150px\" \/><\/a>\n\t\t\t<\/dt><\/dl><br style=\"clear: both\" \/><dl class='gallery-item'>\n\t\t\t<dt class='gallery-icon landscape'>\n\t\t\t\t<a  href=\"https:\/\/www.mecerreyes.com\/mece\/wp-content\/uploads\/2018\/06\/Mecerreyes-romer\u00eda-Virgen-del-Camino-26-05-2018-25b.jpg\" class=\"thickbox no_icon\" title=\"\"><img loading=\"lazy\" decoding=\"async\" width=\"150\" height=\"150\" src=\"https:\/\/www.mecerreyes.com\/mece\/wp-content\/uploads\/2018\/06\/Mecerreyes-romer\u00eda-Virgen-del-Camino-26-05-2018-25b-150x150.jpg\" class=\"attachment-thumbnail size-thumbnail\" alt=\"\" srcset=\"https:\/\/www.mecerreyes.com\/mece\/wp-content\/uploads\/2018\/06\/Mecerreyes-romer\u00eda-Virgen-del-Camino-26-05-2018-25b-150x150.jpg 150w, https:\/\/www.mecerreyes.com\/mece\/wp-content\/uploads\/2018\/06\/Mecerreyes-romer\u00eda-Virgen-del-Camino-26-05-2018-25b-440x440.jpg 440w\" sizes=\"(max-width: 150px) 100vw, 150px\" \/><\/a>\n\t\t\t<\/dt><\/dl><dl class='gallery-item'>\n\t\t\t<dt class='gallery-icon landscape'>\n\t\t\t\t<a  href=\"https:\/\/www.mecerreyes.com\/mece\/wp-content\/uploads\/2018\/06\/Mecerreyes-romer\u00eda-Virgen-del-Camino-26-05-2018-26.jpg\" class=\"thickbox no_icon\" title=\"\"><img loading=\"lazy\" decoding=\"async\" width=\"150\" height=\"150\" src=\"https:\/\/www.mecerreyes.com\/mece\/wp-content\/uploads\/2018\/06\/Mecerreyes-romer\u00eda-Virgen-del-Camino-26-05-2018-26-150x150.jpg\" class=\"attachment-thumbnail size-thumbnail\" alt=\"\" srcset=\"https:\/\/www.mecerreyes.com\/mece\/wp-content\/uploads\/2018\/06\/Mecerreyes-romer\u00eda-Virgen-del-Camino-26-05-2018-26-150x150.jpg 150w, https:\/\/www.mecerreyes.com\/mece\/wp-content\/uploads\/2018\/06\/Mecerreyes-romer\u00eda-Virgen-del-Camino-26-05-2018-26-440x440.jpg 440w\" sizes=\"(max-width: 150px) 100vw, 150px\" \/><\/a>\n\t\t\t<\/dt><\/dl><dl class='gallery-item'>\n\t\t\t<dt class='gallery-icon landscape'>\n\t\t\t\t<a  href=\"https:\/\/www.mecerreyes.com\/mece\/wp-content\/uploads\/2018\/06\/Mecerreyes-romer\u00eda-Virgen-del-Camino-26-05-2018-27.jpg\" class=\"thickbox no_icon\" title=\"\"><img loading=\"lazy\" decoding=\"async\" width=\"150\" height=\"150\" src=\"https:\/\/www.mecerreyes.com\/mece\/wp-content\/uploads\/2018\/06\/Mecerreyes-romer\u00eda-Virgen-del-Camino-26-05-2018-27-150x150.jpg\" class=\"attachment-thumbnail size-thumbnail\" alt=\"\" srcset=\"https:\/\/www.mecerreyes.com\/mece\/wp-content\/uploads\/2018\/06\/Mecerreyes-romer\u00eda-Virgen-del-Camino-26-05-2018-27-150x150.jpg 150w, https:\/\/www.mecerreyes.com\/mece\/wp-content\/uploads\/2018\/06\/Mecerreyes-romer\u00eda-Virgen-del-Camino-26-05-2018-27-440x440.jpg 440w\" sizes=\"(max-width: 150px) 100vw, 150px\" \/><\/a>\n\t\t\t<\/dt><\/dl><br style=\"clear: both\" \/><dl class='gallery-item'>\n\t\t\t<dt class='gallery-icon portrait'>\n\t\t\t\t<a  href=\"https:\/\/www.mecerreyes.com\/mece\/wp-content\/uploads\/2018\/06\/Mecerreyes-romer\u00eda-Virgen-del-Camino-26-05-2018-28.jpg\" class=\"thickbox no_icon\" title=\"\"><img loading=\"lazy\" decoding=\"async\" width=\"150\" height=\"150\" src=\"https:\/\/www.mecerreyes.com\/mece\/wp-content\/uploads\/2018\/06\/Mecerreyes-romer\u00eda-Virgen-del-Camino-26-05-2018-28-150x150.jpg\" class=\"attachment-thumbnail size-thumbnail\" alt=\"\" srcset=\"https:\/\/www.mecerreyes.com\/mece\/wp-content\/uploads\/2018\/06\/Mecerreyes-romer\u00eda-Virgen-del-Camino-26-05-2018-28-150x150.jpg 150w, https:\/\/www.mecerreyes.com\/mece\/wp-content\/uploads\/2018\/06\/Mecerreyes-romer\u00eda-Virgen-del-Camino-26-05-2018-28-440x440.jpg 440w\" sizes=\"(max-width: 150px) 100vw, 150px\" \/><\/a>\n\t\t\t<\/dt><\/dl><dl class='gallery-item'>\n\t\t\t<dt class='gallery-icon landscape'>\n\t\t\t\t<a  href=\"https:\/\/www.mecerreyes.com\/mece\/wp-content\/uploads\/2018\/06\/Mecerreyes-romer\u00eda-Virgen-del-Camino-26-05-2018-29.jpg\" class=\"thickbox no_icon\" title=\"\"><img loading=\"lazy\" decoding=\"async\" width=\"150\" height=\"150\" src=\"https:\/\/www.mecerreyes.com\/mece\/wp-content\/uploads\/2018\/06\/Mecerreyes-romer\u00eda-Virgen-del-Camino-26-05-2018-29-150x150.jpg\" class=\"attachment-thumbnail size-thumbnail\" alt=\"\" srcset=\"https:\/\/www.mecerreyes.com\/mece\/wp-content\/uploads\/2018\/06\/Mecerreyes-romer\u00eda-Virgen-del-Camino-26-05-2018-29-150x150.jpg 150w, https:\/\/www.mecerreyes.com\/mece\/wp-content\/uploads\/2018\/06\/Mecerreyes-romer\u00eda-Virgen-del-Camino-26-05-2018-29-440x440.jpg 440w\" sizes=\"(max-width: 150px) 100vw, 150px\" \/><\/a>\n\t\t\t<\/dt><\/dl><dl class='gallery-item'>\n\t\t\t<dt class='gallery-icon landscape'>\n\t\t\t\t<a  href=\"https:\/\/www.mecerreyes.com\/mece\/wp-content\/uploads\/2018\/06\/Mecerreyes-romer\u00eda-Virgen-del-Camino-26-05-2018-29a.jpg\" class=\"thickbox no_icon\" title=\"\"><img loading=\"lazy\" decoding=\"async\" width=\"150\" height=\"150\" src=\"https:\/\/www.mecerreyes.com\/mece\/wp-content\/uploads\/2018\/06\/Mecerreyes-romer\u00eda-Virgen-del-Camino-26-05-2018-29a-150x150.jpg\" class=\"attachment-thumbnail size-thumbnail\" alt=\"\" srcset=\"https:\/\/www.mecerreyes.com\/mece\/wp-content\/uploads\/2018\/06\/Mecerreyes-romer\u00eda-Virgen-del-Camino-26-05-2018-29a-150x150.jpg 150w, https:\/\/www.mecerreyes.com\/mece\/wp-content\/uploads\/2018\/06\/Mecerreyes-romer\u00eda-Virgen-del-Camino-26-05-2018-29a-440x440.jpg 440w\" sizes=\"(max-width: 150px) 100vw, 150px\" \/><\/a>\n\t\t\t<\/dt><\/dl><br style=\"clear: both\" \/><dl class='gallery-item'>\n\t\t\t<dt class='gallery-icon landscape'>\n\t\t\t\t<a  href=\"https:\/\/www.mecerreyes.com\/mece\/wp-content\/uploads\/2018\/06\/Mecerreyes-romer\u00eda-Virgen-del-Camino-26-05-2018-30.jpg\" class=\"thickbox no_icon\" title=\"\"><img loading=\"lazy\" decoding=\"async\" width=\"150\" height=\"150\" src=\"https:\/\/www.mecerreyes.com\/mece\/wp-content\/uploads\/2018\/06\/Mecerreyes-romer\u00eda-Virgen-del-Camino-26-05-2018-30-150x150.jpg\" class=\"attachment-thumbnail size-thumbnail\" alt=\"\" srcset=\"https:\/\/www.mecerreyes.com\/mece\/wp-content\/uploads\/2018\/06\/Mecerreyes-romer\u00eda-Virgen-del-Camino-26-05-2018-30-150x150.jpg 150w, https:\/\/www.mecerreyes.com\/mece\/wp-content\/uploads\/2018\/06\/Mecerreyes-romer\u00eda-Virgen-del-Camino-26-05-2018-30-440x440.jpg 440w\" sizes=\"(max-width: 150px) 100vw, 150px\" \/><\/a>\n\t\t\t<\/dt><\/dl><dl class='gallery-item'>\n\t\t\t<dt class='gallery-icon landscape'>\n\t\t\t\t<a  href=\"https:\/\/www.mecerreyes.com\/mece\/wp-content\/uploads\/2018\/06\/Mecerreyes-romer\u00eda-Virgen-del-Camino-26-05-2018-31.jpg\" class=\"thickbox no_icon\" title=\"\"><img loading=\"lazy\" decoding=\"async\" width=\"150\" height=\"150\" src=\"https:\/\/www.mecerreyes.com\/mece\/wp-content\/uploads\/2018\/06\/Mecerreyes-romer\u00eda-Virgen-del-Camino-26-05-2018-31-150x150.jpg\" class=\"attachment-thumbnail size-thumbnail\" alt=\"\" srcset=\"https:\/\/www.mecerreyes.com\/mece\/wp-content\/uploads\/2018\/06\/Mecerreyes-romer\u00eda-Virgen-del-Camino-26-05-2018-31-150x150.jpg 150w, https:\/\/www.mecerreyes.com\/mece\/wp-content\/uploads\/2018\/06\/Mecerreyes-romer\u00eda-Virgen-del-Camino-26-05-2018-31-440x440.jpg 440w\" sizes=\"(max-width: 150px) 100vw, 150px\" \/><\/a>\n\t\t\t<\/dt><\/dl><dl class='gallery-item'>\n\t\t\t<dt class='gallery-icon portrait'>\n\t\t\t\t<a  href=\"https:\/\/www.mecerreyes.com\/mece\/wp-content\/uploads\/2018\/06\/Mecerreyes-romer\u00eda-Virgen-del-Camino-26-05-2018-32.jpg\" class=\"thickbox no_icon\" title=\"\"><img loading=\"lazy\" decoding=\"async\" width=\"150\" height=\"150\" src=\"https:\/\/www.mecerreyes.com\/mece\/wp-content\/uploads\/2018\/06\/Mecerreyes-romer\u00eda-Virgen-del-Camino-26-05-2018-32-150x150.jpg\" class=\"attachment-thumbnail size-thumbnail\" alt=\"\" srcset=\"https:\/\/www.mecerreyes.com\/mece\/wp-content\/uploads\/2018\/06\/Mecerreyes-romer\u00eda-Virgen-del-Camino-26-05-2018-32-150x150.jpg 150w, https:\/\/www.mecerreyes.com\/mece\/wp-content\/uploads\/2018\/06\/Mecerreyes-romer\u00eda-Virgen-del-Camino-26-05-2018-32-440x440.jpg 440w\" sizes=\"(max-width: 150px) 100vw, 150px\" \/><\/a>\n\t\t\t<\/dt><\/dl><br style=\"clear: both\" \/><dl class='gallery-item'>\n\t\t\t<dt class='gallery-icon landscape'>\n\t\t\t\t<a  href=\"https:\/\/www.mecerreyes.com\/mece\/wp-content\/uploads\/2018\/06\/Mecerreyes-romer\u00eda-Virgen-del-Camino-26-05-2018-33.jpg\" class=\"thickbox no_icon\" title=\"\"><img loading=\"lazy\" decoding=\"async\" width=\"150\" height=\"150\" src=\"https:\/\/www.mecerreyes.com\/mece\/wp-content\/uploads\/2018\/06\/Mecerreyes-romer\u00eda-Virgen-del-Camino-26-05-2018-33-150x150.jpg\" class=\"attachment-thumbnail size-thumbnail\" alt=\"\" srcset=\"https:\/\/www.mecerreyes.com\/mece\/wp-content\/uploads\/2018\/06\/Mecerreyes-romer\u00eda-Virgen-del-Camino-26-05-2018-33-150x150.jpg 150w, https:\/\/www.mecerreyes.com\/mece\/wp-content\/uploads\/2018\/06\/Mecerreyes-romer\u00eda-Virgen-del-Camino-26-05-2018-33-440x440.jpg 440w\" sizes=\"(max-width: 150px) 100vw, 150px\" \/><\/a>\n\t\t\t<\/dt><\/dl><dl class='gallery-item'>\n\t\t\t<dt class='gallery-icon portrait'>\n\t\t\t\t<a  href=\"https:\/\/www.mecerreyes.com\/mece\/wp-content\/uploads\/2018\/06\/Mecerreyes-romer\u00eda-Virgen-del-Camino-26-05-2018-34.jpg\" class=\"thickbox no_icon\" title=\"\"><img loading=\"lazy\" decoding=\"async\" width=\"150\" height=\"150\" src=\"https:\/\/www.mecerreyes.com\/mece\/wp-content\/uploads\/2018\/06\/Mecerreyes-romer\u00eda-Virgen-del-Camino-26-05-2018-34-150x150.jpg\" class=\"attachment-thumbnail size-thumbnail\" alt=\"\" srcset=\"https:\/\/www.mecerreyes.com\/mece\/wp-content\/uploads\/2018\/06\/Mecerreyes-romer\u00eda-Virgen-del-Camino-26-05-2018-34-150x150.jpg 150w, https:\/\/www.mecerreyes.com\/mece\/wp-content\/uploads\/2018\/06\/Mecerreyes-romer\u00eda-Virgen-del-Camino-26-05-2018-34-440x440.jpg 440w\" sizes=\"(max-width: 150px) 100vw, 150px\" \/><\/a>\n\t\t\t<\/dt><\/dl><dl class='gallery-item'>\n\t\t\t<dt class='gallery-icon landscape'>\n\t\t\t\t<a  href=\"https:\/\/www.mecerreyes.com\/mece\/wp-content\/uploads\/2018\/06\/Mecerreyes-romer\u00eda-Virgen-del-Camino-26-05-2018-35.jpg\" class=\"thickbox no_icon\" title=\"\"><img loading=\"lazy\" decoding=\"async\" width=\"150\" height=\"150\" src=\"https:\/\/www.mecerreyes.com\/mece\/wp-content\/uploads\/2018\/06\/Mecerreyes-romer\u00eda-Virgen-del-Camino-26-05-2018-35-150x150.jpg\" class=\"attachment-thumbnail size-thumbnail\" alt=\"\" srcset=\"https:\/\/www.mecerreyes.com\/mece\/wp-content\/uploads\/2018\/06\/Mecerreyes-romer\u00eda-Virgen-del-Camino-26-05-2018-35-150x150.jpg 150w, https:\/\/www.mecerreyes.com\/mece\/wp-content\/uploads\/2018\/06\/Mecerreyes-romer\u00eda-Virgen-del-Camino-26-05-2018-35-440x440.jpg 440w\" sizes=\"(max-width: 150px) 100vw, 150px\" \/><\/a>\n\t\t\t<\/dt><\/dl><br style=\"clear: both\" \/><dl class='gallery-item'>\n\t\t\t<dt class='gallery-icon landscape'>\n\t\t\t\t<a  href=\"https:\/\/www.mecerreyes.com\/mece\/wp-content\/uploads\/2018\/06\/Mecerreyes-romer\u00eda-Virgen-del-Camino-26-05-2018-36.jpg\" class=\"thickbox no_icon\" title=\"\"><img loading=\"lazy\" decoding=\"async\" width=\"150\" height=\"150\" src=\"https:\/\/www.mecerreyes.com\/mece\/wp-content\/uploads\/2018\/06\/Mecerreyes-romer\u00eda-Virgen-del-Camino-26-05-2018-36-150x150.jpg\" class=\"attachment-thumbnail size-thumbnail\" alt=\"\" srcset=\"https:\/\/www.mecerreyes.com\/mece\/wp-content\/uploads\/2018\/06\/Mecerreyes-romer\u00eda-Virgen-del-Camino-26-05-2018-36-150x150.jpg 150w, https:\/\/www.mecerreyes.com\/mece\/wp-content\/uploads\/2018\/06\/Mecerreyes-romer\u00eda-Virgen-del-Camino-26-05-2018-36-440x440.jpg 440w\" sizes=\"(max-width: 150px) 100vw, 150px\" \/><\/a>\n\t\t\t<\/dt><\/dl><dl class='gallery-item'>\n\t\t\t<dt class='gallery-icon landscape'>\n\t\t\t\t<a  href=\"https:\/\/www.mecerreyes.com\/mece\/wp-content\/uploads\/2018\/06\/Mecerreyes-romer\u00eda-Virgen-del-Camino-26-05-2018-37.jpg\" class=\"thickbox no_icon\" title=\"\"><img loading=\"lazy\" decoding=\"async\" width=\"150\" height=\"150\" src=\"https:\/\/www.mecerreyes.com\/mece\/wp-content\/uploads\/2018\/06\/Mecerreyes-romer\u00eda-Virgen-del-Camino-26-05-2018-37-150x150.jpg\" class=\"attachment-thumbnail size-thumbnail\" alt=\"\" srcset=\"https:\/\/www.mecerreyes.com\/mece\/wp-content\/uploads\/2018\/06\/Mecerreyes-romer\u00eda-Virgen-del-Camino-26-05-2018-37-150x150.jpg 150w, https:\/\/www.mecerreyes.com\/mece\/wp-content\/uploads\/2018\/06\/Mecerreyes-romer\u00eda-Virgen-del-Camino-26-05-2018-37-440x440.jpg 440w\" sizes=\"(max-width: 150px) 100vw, 150px\" \/><\/a>\n\t\t\t<\/dt><\/dl><dl class='gallery-item'>\n\t\t\t<dt class='gallery-icon landscape'>\n\t\t\t\t<a  href=\"https:\/\/www.mecerreyes.com\/mece\/wp-content\/uploads\/2018\/06\/Mecerreyes-romer\u00eda-Virgen-del-Camino-26-05-2018-38.jpg\" class=\"thickbox no_icon\" title=\"\"><img loading=\"lazy\" decoding=\"async\" width=\"150\" height=\"150\" src=\"https:\/\/www.mecerreyes.com\/mece\/wp-content\/uploads\/2018\/06\/Mecerreyes-romer\u00eda-Virgen-del-Camino-26-05-2018-38-150x150.jpg\" class=\"attachment-thumbnail size-thumbnail\" alt=\"\" srcset=\"https:\/\/www.mecerreyes.com\/mece\/wp-content\/uploads\/2018\/06\/Mecerreyes-romer\u00eda-Virgen-del-Camino-26-05-2018-38-150x150.jpg 150w, https:\/\/www.mecerreyes.com\/mece\/wp-content\/uploads\/2018\/06\/Mecerreyes-romer\u00eda-Virgen-del-Camino-26-05-2018-38-440x440.jpg 440w\" sizes=\"(max-width: 150px) 100vw, 150px\" \/><\/a>\n\t\t\t<\/dt><\/dl><br style=\"clear: both\" \/><dl class='gallery-item'>\n\t\t\t<dt class='gallery-icon landscape'>\n\t\t\t\t<a  href=\"https:\/\/www.mecerreyes.com\/mece\/wp-content\/uploads\/2018\/06\/Mecerreyes-romer\u00eda-Virgen-del-Camino-26-05-2018-40.jpg\" class=\"thickbox no_icon\" title=\"\"><img loading=\"lazy\" decoding=\"async\" width=\"150\" height=\"150\" src=\"https:\/\/www.mecerreyes.com\/mece\/wp-content\/uploads\/2018\/06\/Mecerreyes-romer\u00eda-Virgen-del-Camino-26-05-2018-40-150x150.jpg\" class=\"attachment-thumbnail size-thumbnail\" alt=\"\" srcset=\"https:\/\/www.mecerreyes.com\/mece\/wp-content\/uploads\/2018\/06\/Mecerreyes-romer\u00eda-Virgen-del-Camino-26-05-2018-40-150x150.jpg 150w, https:\/\/www.mecerreyes.com\/mece\/wp-content\/uploads\/2018\/06\/Mecerreyes-romer\u00eda-Virgen-del-Camino-26-05-2018-40-440x440.jpg 440w\" sizes=\"(max-width: 150px) 100vw, 150px\" \/><\/a>\n\t\t\t<\/dt><\/dl><dl class='gallery-item'>\n\t\t\t<dt class='gallery-icon landscape'>\n\t\t\t\t<a  href=\"https:\/\/www.mecerreyes.com\/mece\/wp-content\/uploads\/2018\/06\/Mecerreyes-romer\u00eda-Virgen-del-Camino-26-05-2018-41.jpg\" class=\"thickbox no_icon\" title=\"\"><img loading=\"lazy\" decoding=\"async\" width=\"150\" height=\"150\" src=\"https:\/\/www.mecerreyes.com\/mece\/wp-content\/uploads\/2018\/06\/Mecerreyes-romer\u00eda-Virgen-del-Camino-26-05-2018-41-150x150.jpg\" class=\"attachment-thumbnail size-thumbnail\" alt=\"\" srcset=\"https:\/\/www.mecerreyes.com\/mece\/wp-content\/uploads\/2018\/06\/Mecerreyes-romer\u00eda-Virgen-del-Camino-26-05-2018-41-150x150.jpg 150w, https:\/\/www.mecerreyes.com\/mece\/wp-content\/uploads\/2018\/06\/Mecerreyes-romer\u00eda-Virgen-del-Camino-26-05-2018-41-440x440.jpg 440w\" sizes=\"(max-width: 150px) 100vw, 150px\" \/><\/a>\n\t\t\t<\/dt><\/dl><dl class='gallery-item'>\n\t\t\t<dt class='gallery-icon landscape'>\n\t\t\t\t<a  href=\"https:\/\/www.mecerreyes.com\/mece\/wp-content\/uploads\/2018\/06\/Mecerreyes-romer\u00eda-Virgen-del-Camino-26-05-2018-42.jpg\" class=\"thickbox no_icon\" title=\"\"><img loading=\"lazy\" decoding=\"async\" width=\"150\" height=\"150\" src=\"https:\/\/www.mecerreyes.com\/mece\/wp-content\/uploads\/2018\/06\/Mecerreyes-romer\u00eda-Virgen-del-Camino-26-05-2018-42-150x150.jpg\" class=\"attachment-thumbnail size-thumbnail\" alt=\"\" srcset=\"https:\/\/www.mecerreyes.com\/mece\/wp-content\/uploads\/2018\/06\/Mecerreyes-romer\u00eda-Virgen-del-Camino-26-05-2018-42-150x150.jpg 150w, https:\/\/www.mecerreyes.com\/mece\/wp-content\/uploads\/2018\/06\/Mecerreyes-romer\u00eda-Virgen-del-Camino-26-05-2018-42-440x440.jpg 440w\" sizes=\"(max-width: 150px) 100vw, 150px\" \/><\/a>\n\t\t\t<\/dt><\/dl><br style=\"clear: both\" \/><dl class='gallery-item'>\n\t\t\t<dt class='gallery-icon landscape'>\n\t\t\t\t<a  href=\"https:\/\/www.mecerreyes.com\/mece\/wp-content\/uploads\/2018\/06\/Mecerreyes-romer\u00eda-Virgen-del-Camino-26-05-2018-43.jpg\" class=\"thickbox no_icon\" title=\"\"><img loading=\"lazy\" decoding=\"async\" width=\"150\" height=\"150\" src=\"https:\/\/www.mecerreyes.com\/mece\/wp-content\/uploads\/2018\/06\/Mecerreyes-romer\u00eda-Virgen-del-Camino-26-05-2018-43-150x150.jpg\" class=\"attachment-thumbnail size-thumbnail\" alt=\"\" srcset=\"https:\/\/www.mecerreyes.com\/mece\/wp-content\/uploads\/2018\/06\/Mecerreyes-romer\u00eda-Virgen-del-Camino-26-05-2018-43-150x150.jpg 150w, https:\/\/www.mecerreyes.com\/mece\/wp-content\/uploads\/2018\/06\/Mecerreyes-romer\u00eda-Virgen-del-Camino-26-05-2018-43-440x440.jpg 440w\" sizes=\"(max-width: 150px) 100vw, 150px\" \/><\/a>\n\t\t\t<\/dt><\/dl><dl class='gallery-item'>\n\t\t\t<dt class='gallery-icon landscape'>\n\t\t\t\t<a  href=\"https:\/\/www.mecerreyes.com\/mece\/wp-content\/uploads\/2018\/06\/Mecerreyes-romer\u00eda-Virgen-del-Camino-26-05-2018-44.jpg\" class=\"thickbox no_icon\" title=\"\"><img loading=\"lazy\" decoding=\"async\" width=\"150\" height=\"150\" src=\"https:\/\/www.mecerreyes.com\/mece\/wp-content\/uploads\/2018\/06\/Mecerreyes-romer\u00eda-Virgen-del-Camino-26-05-2018-44-150x150.jpg\" class=\"attachment-thumbnail size-thumbnail\" alt=\"\" srcset=\"https:\/\/www.mecerreyes.com\/mece\/wp-content\/uploads\/2018\/06\/Mecerreyes-romer\u00eda-Virgen-del-Camino-26-05-2018-44-150x150.jpg 150w, https:\/\/www.mecerreyes.com\/mece\/wp-content\/uploads\/2018\/06\/Mecerreyes-romer\u00eda-Virgen-del-Camino-26-05-2018-44-440x440.jpg 440w\" sizes=\"(max-width: 150px) 100vw, 150px\" \/><\/a>\n\t\t\t<\/dt><\/dl><dl class='gallery-item'>\n\t\t\t<dt class='gallery-icon portrait'>\n\t\t\t\t<a  href=\"https:\/\/www.mecerreyes.com\/mece\/wp-content\/uploads\/2018\/06\/Mecerreyes-romer\u00eda-Virgen-del-Camino-26-05-2018-45.jpg\" class=\"thickbox no_icon\" title=\"\"><img loading=\"lazy\" decoding=\"async\" width=\"150\" height=\"150\" src=\"https:\/\/www.mecerreyes.com\/mece\/wp-content\/uploads\/2018\/06\/Mecerreyes-romer\u00eda-Virgen-del-Camino-26-05-2018-45-150x150.jpg\" class=\"attachment-thumbnail size-thumbnail\" alt=\"\" srcset=\"https:\/\/www.mecerreyes.com\/mece\/wp-content\/uploads\/2018\/06\/Mecerreyes-romer\u00eda-Virgen-del-Camino-26-05-2018-45-150x150.jpg 150w, https:\/\/www.mecerreyes.com\/mece\/wp-content\/uploads\/2018\/06\/Mecerreyes-romer\u00eda-Virgen-del-Camino-26-05-2018-45-440x440.jpg 440w\" sizes=\"(max-width: 150px) 100vw, 150px\" \/><\/a>\n\t\t\t<\/dt><\/dl><br style=\"clear: both\" \/>\n\t\t<\/div>","protected":false},"excerpt":{"rendered":"<p>MAYO 2018 \u00a0 Terminamos mayo y toca rebobinar para contaros lo vivido en el pueblo por los protagonistas que dan sentido a esta web, los guiletos. La climatolog\u00eda, tema recurrente que tanto influye en la vida rural, nos ha regalado un mes lluvioso, con heladas incluso que han devastado las flores de los frutales y [&hellip;]<\/p>\n","protected":false},"author":5,"featured_media":16782,"comment_status":"open","ping_status":"closed","sticky":false,"template":"","format":"standard","meta":{"_et_pb_use_builder":"","_et_pb_old_content":"","_et_gb_content_width":"","footnotes":""},"categories":[1],"tags":[16,21,47,39],"class_list":["post-16752","post","type-post","status-publish","format-standard","has-post-thumbnail","hentry","category-general","tag-cofradia-virgen-del-camino","tag-guiletos","tag-romeria","tag-san-isidro","et-has-post-format-content","et_post_format-et-post-format-standard"],"_links":{"self":[{"href":"https:\/\/www.mecerreyes.com\/mece\/index.php?rest_route=\/wp\/v2\/posts\/16752"}],"collection":[{"href":"https:\/\/www.mecerreyes.com\/mece\/index.php?rest_route=\/wp\/v2\/posts"}],"about":[{"href":"https:\/\/www.mecerreyes.com\/mece\/index.php?rest_route=\/wp\/v2\/types\/post"}],"author":[{"embeddable":true,"href":"https:\/\/www.mecerreyes.com\/mece\/index.php?rest_route=\/wp\/v2\/users\/5"}],"replies":[{"embeddable":true,"href":"https:\/\/www.mecerreyes.com\/mece\/index.php?rest_route=%2Fwp%2Fv2%2Fcomments&post=16752"}],"version-history":[{"count":15,"href":"https:\/\/www.mecerreyes.com\/mece\/index.php?rest_route=\/wp\/v2\/posts\/16752\/revisions"}],"predecessor-version":[{"id":16826,"href":"https:\/\/www.mecerreyes.com\/mece\/index.php?rest_route=\/wp\/v2\/posts\/16752\/revisions\/16826"}],"wp:featuredmedia":[{"embeddable":true,"href":"https:\/\/www.mecerreyes.com\/mece\/index.php?rest_route=\/wp\/v2\/media\/16782"}],"wp:attachment":[{"href":"https:\/\/www.mecerreyes.com\/mece\/index.php?rest_route=%2Fwp%2Fv2%2Fmedia&parent=16752"}],"wp:term":[{"taxonomy":"category","embeddable":true,"href":"https:\/\/www.mecerreyes.com\/mece\/index.php?rest_route=%2Fwp%2Fv2%2Fcategories&post=16752"},{"taxonomy":"post_tag","embeddable":true,"href":"https:\/\/www.mecerreyes.com\/mece\/index.php?rest_route=%2Fwp%2Fv2%2Ftags&post=16752"}],"curies":[{"name":"wp","href":"https:\/\/api.w.org\/{rel}","templated":true}]}}