{"id":1711,"date":"2010-07-28T19:32:58","date_gmt":"2010-07-28T18:32:58","guid":{"rendered":"http:\/\/www.mecerreyes.com\/mece\/?p=1711"},"modified":"2010-07-29T09:23:47","modified_gmt":"2010-07-29T08:23:47","slug":"noticias-julio-2010","status":"publish","type":"post","link":"https:\/\/www.mecerreyes.com\/mece\/?p=1711","title":{"rendered":"Noticias Julio 2010"},"content":{"rendered":"<ul>\n<li>\n<h3><span style=\"color: #0000ff\">BODA DE SUSANA Y JOSEMI<\/span><\/h3>\n<\/li>\n<\/ul>\n<p>\u00a0En la <a  href=\"https:\/\/www.mecerreyes.com\/mece\/?page_id=35\">parroquia<\/a> de la Real y Antigua de Gamonal se casaron el pasado 29 de Mayo <strong>Susana Cuevas<\/strong> (nieta de Antonia y Agapito) y <strong>Jos\u00e9 Miguel<\/strong>. Nos alegramos mucho de este nuevo enlace y les deseamos una muy feliz vida matrimonial.<\/p>\n<p>\u00a0<\/p>\n<p>\u00a0<\/p>\n<ul>\n<li>\n<h3><span style=\"color: #0000ff\">BODA DE ALICIA Y SERGIO<\/span><\/h3>\n<\/li>\n<\/ul>\n<p style=\"text-align: justify\"><a  href=\"http:\/\/www.mecerreyes.com\/mece\/wp-content\/uploads\/2010\/07\/Boda-Alicia-y-Segio-10-07-10-a.jpg\" class=\"thickbox no_icon\" title=\"Boda Alicia y Segio 10-07-10 a\"><img loading=\"lazy\" decoding=\"async\" class=\"alignright size-medium wp-image-1731\" src=\"http:\/\/www.mecerreyes.com\/mece\/wp-content\/uploads\/2010\/07\/Boda-Alicia-y-Segio-10-07-10-a-300x225.jpg\" alt=\"Boda Alicia y Segio 10-07-10 a\" width=\"300\" height=\"225\" srcset=\"https:\/\/www.mecerreyes.com\/mece\/wp-content\/uploads\/2010\/07\/Boda-Alicia-y-Segio-10-07-10-a-300x225.jpg 300w, https:\/\/www.mecerreyes.com\/mece\/wp-content\/uploads\/2010\/07\/Boda-Alicia-y-Segio-10-07-10-a.jpg 700w\" sizes=\"(max-width: 300px) 100vw, 300px\" \/><\/a>El 10 de Julio se casaron en la <a  href=\"https:\/\/www.mecerreyes.com\/mece\/?page_id=35\">parroquia<\/a> del pueblo <strong>Alicia <\/strong>(hija de Montse y Pablo)<strong> y Sergio<\/strong> despu\u00e9s de un largo noviazgo. El d\u00eda se presentaba lleno de emociones y no defraud\u00f3 para los familiares y amigos que les acompa\u00f1amos. Con una puntualidad suiza se presentaron los dos novios a las 12:30 en la Iglesia para darse el \u201cs\u00ed quiero\u201d dentro de una ceremonia preparada con mucho esmero por ellos mismos: las oraciones, las peticiones, el rito del matrimonio, las ofrendas&#8230;, se not\u00f3 que quer\u00edan disfrutar de <em>su celebraci\u00f3n<\/em>. Nuestra enhorabuena a ellos y sus <a  href=\"http:\/\/www.mecerreyes.com\/mece\/wp-content\/uploads\/2010\/07\/Boda-Alicia-y-Segio-10-07-10-c.jpg\" class=\"thickbox no_icon\" title=\"Boda Alicia y Segio 10-07-10 c\"><img loading=\"lazy\" decoding=\"async\" class=\"alignleft size-medium wp-image-1733\" src=\"http:\/\/www.mecerreyes.com\/mece\/wp-content\/uploads\/2010\/07\/Boda-Alicia-y-Segio-10-07-10-c-225x300.jpg\" alt=\"Boda Alicia y Segio 10-07-10 c\" width=\"225\" height=\"300\" srcset=\"https:\/\/www.mecerreyes.com\/mece\/wp-content\/uploads\/2010\/07\/Boda-Alicia-y-Segio-10-07-10-c-225x300.jpg 225w, https:\/\/www.mecerreyes.com\/mece\/wp-content\/uploads\/2010\/07\/Boda-Alicia-y-Segio-10-07-10-c.jpg 600w\" sizes=\"(max-width: 225px) 100vw, 225px\" \/><\/a>padres; y nuestro m\u00e1s sincero deseo de felicidad para esta pareja.<\/p>\n<p>\u00a0<\/p>\n<p>\u00a0<\/p>\n<ul>\n<li>\n<h3><span style=\"color: #0000ff\">NACIMIENTOS<\/span><\/h3>\n<\/li>\n<\/ul>\n<p style=\"text-align: justify\">Nuestros matrimonios j\u00f3venes aumentan su familia. El 3 de Julio nac\u00eda <strong>Pablo Garc\u00eda Betete<\/strong>, hijo de Silvia y Fernando y el 9 de Julio lo hac\u00eda <strong>Diego Murga Santamar\u00eda<\/strong>, hijo de Isabel y Sergio. Son unos ni\u00f1os preciosos y que en menos de lo que canta un gallo los podremos ver corretear por las calles del pueblo. Damos la enhorabuena por tan feliz acontecimiento a los abuelos y bisabuelos guiletos. \u00a1Disfrutad de los nietos y biznietos!<\/p>\n<p>\u00a0<\/p>\n<p>\u00a0<\/p>\n<ul>\n<li>\n<h3><a  href=\"mailto:aul@bur\"><span style=\"color: #0000ff\">aul@bur<\/span><\/a><\/h3>\n<\/li>\n<\/ul>\n<p style=\"text-align: justify\">Del 29 de Junio al 13 de Julio ha estado viniendo un aula m\u00f3vil para impartir una clases de inform\u00e1tica dos horas diarias. aul@bur es un proyecto de inform\u00e1tica m\u00f3vil de la Diputaci\u00f3n Provincial de Burgos en el que un autob\u00fas preparado con 14 puestos inform\u00e1ticos se desplaza a los municipios participantes en el programa para impartir clases en tres niveles diferentes: Inform\u00e1tica b\u00e1sica, Inform\u00e1tica avanzada y Administraci\u00f3n y Banca electr\u00f3nica. El curso ha sido muy bien acogido por los participantes.<\/p>\n<p>\u00a0<\/p>\n<p>\u00a0<\/p>\n<ul>\n<li>\n<h3><span style=\"color: #0000ff\">ESCOMBRERA<\/span><\/h3>\n<\/li>\n<\/ul>\n<p style=\"text-align: justify\">Hace unos d\u00edas la Junta de Castilla y Le\u00f3n precintaba la escombrera del \u201cCirig\u00fce\u00f1o\u201d. Han sido muchas las personas que no han comprendido la <a  href=\"http:\/\/www.mecerreyes.com\/mece\/wp-content\/uploads\/2010\/07\/Escombrera-precintada-1.JPG\" class=\"thickbox no_icon\" title=\"Escombrera precintada (1)\"><img loading=\"lazy\" decoding=\"async\" class=\"alignright size-medium wp-image-1735\" src=\"http:\/\/www.mecerreyes.com\/mece\/wp-content\/uploads\/2010\/07\/Escombrera-precintada-1-300x225.jpg\" alt=\"Escombrera precintada (1)\" width=\"300\" height=\"225\" srcset=\"https:\/\/www.mecerreyes.com\/mece\/wp-content\/uploads\/2010\/07\/Escombrera-precintada-1-300x225.jpg 300w, https:\/\/www.mecerreyes.com\/mece\/wp-content\/uploads\/2010\/07\/Escombrera-precintada-1.JPG 600w\" sizes=\"(max-width: 300px) 100vw, 300px\" \/><\/a>raz\u00f3n de este cierre y lo han achacado al <a  href=\"https:\/\/www.mecerreyes.com\/mece\/?page_id=24\">Ayuntamiento<\/a> que nada tiene que ver en este asunto. El que quiera hacer una obra y tener m\u00e1s informaci\u00f3n que se acerque en el horario habitual de atenci\u00f3n al p\u00fablico del <a  href=\"https:\/\/www.mecerreyes.com\/mece\/?page_id=24\">Ayuntamiento<\/a>.<\/p>\n<p style=\"text-align: justify\">Por otra parte, se ha habilitado un punto limpio en \u201cLas Pasaderas\u201d para que de un modo organizado podamos desprendernos de las cosas que no necesitamos y no las vayamos dejando abandonadas en cualquier parte.<\/p>\n<p style=\"text-align: justify\">\u00a0<\/p>\n<p>\u00a0<\/p>\n<ul>\n<li>\n<h3><span style=\"color: #0000ff\">DEFICIENCIAS T\u00c9CNICAS<\/span><\/h3>\n<\/li>\n<\/ul>\n<p style=\"text-align: justify\">Desde hace un mes largo Movistar est\u00e1 teniendo problemas t\u00e9cnicos que afectan a la cobertura del pueblo. Parece ser que hay una aver\u00eda en la antena de Tejada y no acaban de dar con la soluci\u00f3n. De momento no nos queda otra que tener paciencia y animarnos a reclamar por los perjuicios que nos est\u00e1 acarreando esta aver\u00eda. <strong><em>A la publicaci\u00f3n de esta noticia parece reestablecido el sistema para m\u00f3viles de Movistar, esperamos que sea una reparaci\u00f3n definitiva, y que si hay aver\u00edas no se demore tanto la reparaci\u00f3n.<\/em><\/strong><\/p>\n<p style=\"text-align: justify\">\u00a0<\/p>\n<p style=\"text-align: justify\">\u00a0<\/p>\n<ul style=\"text-align: justify\">\n<li>\n<h3><span style=\"color: #0000ff\">D\u00cdA DE LOS ABUELOS<\/span><\/h3>\n<\/li>\n<\/ul>\n<p style=\"text-align: justify\">Como todos los a\u00f1os la Asociaci\u00f3n de Jubilados ofreci\u00f3 los d\u00edas 25 y 26 de Julio un chocolate en la plaza para celebrar a Santiago y a San Joaqu\u00edn y Santa Ana. Ni\u00f1os y mayores se acercaron para disfrutar de las viandas y de un rato de convivencia y amistad.<\/p>\n<p style=\"text-align: justify\">\u00a0<\/p>\n<p style=\"text-align: justify\">\u00a0<\/p>\n<ul style=\"text-align: justify\">\n<li>\n<h3><span style=\"color: #0000ff\">ALBERGUE \u201cLA CORNEJA\u201d<\/span><\/h3>\n<\/li>\n<\/ul>\n<p style=\"text-align: justify\">Tras la inauguraci\u00f3n del albergue el 3 de Julio -del que ya informamos en su momento- han sido varios los peregrinos y caminantes que han hecho uso de \u00e9l; procedencias tan variadas como Madrid, Catalu\u00f1a, Canarias o Vascongadas, junto a gente del extranjero como la Rep\u00fablica Checa, est\u00e1n llenando Mecerreyes de aire nuevo y fresco con sus vivencias y experiencias. Todos han coincidido en la comodidad, la limpieza y lo completo de las instalaciones. Nos alegramos de que est\u00e9 teniendo tan buena acogida este proyecto tan ilusionante y de tanta proyecci\u00f3n para el pueblo.<\/p>\n<p style=\"text-align: center\">* * * * * * * * * * * * * * * * * *<\/p>\n<p style=\"text-align: justify\">Hemos encontrado una p\u00e1gina\u00a0escrita por <strong>Daniel G. Rojo el <\/strong>17\/07\/2010\u00a0donde aparece un texto que hace referencia a nuestro pueblo, os ponemos el enlace\u00a0<a  href=\"http:\/\/www.leonoticias.com\/frontend\/leonoticias\/Otros-Caminos-A-Santiago-La-Ruta-Del-Romanico-vn52374-vst306\" target=\"_blank\">http:\/\/www.leonoticias.com\/frontend\/leonoticias\/Otros-Caminos-A-Santiago-La-Ruta-Del-Romanico-vn52374-vst306<\/a> para quien quiera leer el art\u00edculo completo, tambi\u00e9n acompa\u00f1a al art\u00edculo\u00a0una foto con el siguiente pie:\u00a0<strong><span>Francisco Alonso en Mecerreyes (Burgos). (Foto: Eduardo\u00a0Margareto)<\/span><\/strong><\/p>\n<div style=\"color: #bb996c;text-align: justify\">Otros caminos a Santiago: La ruta del rom\u00e1nico<\/div>\n<div style=\"padding-bottom: 12px;line-height: 1.4;padding-top: 8px;text-align: justify\">El Camino de la Lana, que parte de Cuenca atraviesa Soria y enlaza con la capital de Burgos, est\u00e1 pre\u00f1ado de joyas monumentales, hermosos paisajes y rincones tranquilos todav\u00eda por descubrir.<\/div>\n<div style=\"padding-bottom: 12px;line-height: 1.4;padding-top: 8px;text-align: justify\">\n<p>&#8230;.La ruta oficial deja Silos, atraviesa Retuerta y llega hasta otro enclave fundamental, Covarrubias, que se puede considerar un monumento en s\u00ed misma -no en vano, la villa tiene la declaraci\u00f3n de Conjunto Hist\u00f3rico Art\u00edstico-. La <a  href=\"https:\/\/www.mecerreyes.com\/mece\/?page_id=32\">historia<\/a> castellana est\u00e1 \u00edntimamente ligada a sus piedras, que vieron pasar a personajes como el conde Fern\u00e1n Gonz\u00e1lez, Do\u00f1a Urraca o la princesa Cristina de Noruega, esposa del infante Don Felipe.<\/p>\n<p>\u201cEl albergue de Mecerreyes fue la casa de mi abuela, primero, y de la Telef\u00f3nica, despu\u00e9s, hasta que lo compr\u00f3 el <a  href=\"https:\/\/www.mecerreyes.com\/mece\/?page_id=24\">Ayuntamiento<\/a>\u201d, explica uno de <a  href=\"http:\/\/www.mecerreyes.com\/mece\/wp-content\/uploads\/2010\/07\/otrocamino5.jpg\" class=\"thickbox no_icon\" title=\"otrocamino5\"><img loading=\"lazy\" decoding=\"async\" class=\"alignright size-medium wp-image-1747\" src=\"http:\/\/www.mecerreyes.com\/mece\/wp-content\/uploads\/2010\/07\/otrocamino5-300x197.jpg\" alt=\"otrocamino5\" width=\"300\" height=\"197\" srcset=\"https:\/\/www.mecerreyes.com\/mece\/wp-content\/uploads\/2010\/07\/otrocamino5-300x197.jpg 300w, https:\/\/www.mecerreyes.com\/mece\/wp-content\/uploads\/2010\/07\/otrocamino5.jpg 580w\" sizes=\"(max-width: 300px) 100vw, 300px\" \/><\/a>los vecinos del pueblo, Francisco Alonso, de 78 a\u00f1os, quien estuvo \u201ccomo militar en la Finca de la Pe\u00f1a de Tordesillas\u201d durante la posguerra. \u201cEl administrador era un teniente mutilado en la guerra\u201d, recuerda Alonso, contento de que tanto en primavera como en verano su pueblo sea visitado \u201cpor muchos peregrinos\u201d.<\/p>\n<p style=\"text-align: justify\">Burgos est\u00e1 ya s\u00f3lo a cuatro pueblos de distancia, Hontoria de la cantera, Revillaruz, Coj\u00f3bar y Salda\u00f1a de Burgos, el primero de los cuales destaca por motivos mucho m\u00e1s oscuros que los relacionados con la ruta jacobea o el rico patrimonio monumental de la provincia. La cantera a la que hace relaci\u00f3n el nombre completo de Hontoria fue una fr\u00eda prisi\u00f3n excavada en la roca -con varias cuevas que se hunden en lo profundo de la fr\u00eda y h\u00fameda monta\u00f1a-, custodiada por un acuartelamiento de la \u00e9poca franquista que tambi\u00e9n fue polvor\u00edn. Quiz\u00e1 no sea la forma m\u00e1s alegre de terminar el Camino de Lana, pero tambi\u00e9n es parte de su <a  href=\"https:\/\/www.mecerreyes.com\/mece\/?page_id=32\">historia<\/a>.<\/p>\n<\/div>\n<p style=\"text-align: justify\">\u00a0<\/p>\n<ul style=\"text-align: justify\">\n<li>\n<h3><span style=\"color: #0000ff\">TALLER DE PELUCAS<\/span><\/h3>\n<\/li>\n<\/ul>\n<p style=\"text-align: justify\"><em>El 10 de junio de 2010, Diario de Burgos publicaba en su contraportada un bonito art\u00edculo que reproducimos a continuaci\u00f3n y que a muchas guiletas les traer\u00e1 un recuerdo especial del tiempo que trabajaron en el \u201ctaller de pelucas\u201d de Mecerreyes:<\/em><\/p>\n<p style=\"text-align: justify\"><strong>NO HAY FRONTERAS PARA UN BUEN EMPRESARIO<\/strong><\/p>\n<p style=\"text-align: justify\"><strong>El burgal\u00e9s V\u00edctor Mart\u00ednez pas\u00f3 de ayudar en la peluquer\u00eda familiar a dirigir la empresa Salerm Cosmetics<\/strong><\/p>\n<p style=\"text-align: justify\">C.VELASCO \/ BURGOS<\/p>\n<p style=\"text-align: justify\"><a  href=\"http:\/\/www.mecerreyes.com\/mece\/wp-content\/uploads\/2010\/07\/Victor-Martinez2.jpg\" class=\"thickbox no_icon\" title=\"Victor Martinez2\"><img loading=\"lazy\" decoding=\"async\" class=\"alignleft size-medium wp-image-1727\" src=\"http:\/\/www.mecerreyes.com\/mece\/wp-content\/uploads\/2010\/07\/Victor-Martinez2-239x300.jpg\" alt=\"Victor Martinez2\" width=\"239\" height=\"300\" srcset=\"https:\/\/www.mecerreyes.com\/mece\/wp-content\/uploads\/2010\/07\/Victor-Martinez2-239x300.jpg 239w, https:\/\/www.mecerreyes.com\/mece\/wp-content\/uploads\/2010\/07\/Victor-Martinez2.jpg 356w\" sizes=\"(max-width: 239px) 100vw, 239px\" \/><\/a>Qui\u00e9n le iba a decir a V\u00edctor Mart\u00ednez Vicario, nacido en Mecerreyes el 1 de abril de 1940, que hoy dirigir\u00eda la empresa Salerm Cosmetics desde Barcelona. Durante su juventud en la localidad, ya apuntaba maneras en el mundo de la peluquer\u00eda y es que ayudaba a su padre en el negocio que regentaba y que lo llevaba hasta lugares tan cercanos como Covarrubias para ofrecer sus <a  href=\"https:\/\/www.mecerreyes.com\/mece\/?page_id=41\">servicios<\/a> al cuidado del cabello.<\/p>\n<p style=\"text-align: justify\">Eran tiempos en los que en un pueblo de interior no hab\u00eda muchas salidas profesionales por lo que V\u00edctor opt\u00f3 por marchar a la Ciudad Condal con tan solo 21 a\u00f1os. All\u00ed comenz\u00f3 de manera m\u00e1s profesional su carrera como peluquero, una profesi\u00f3n con la que asegura \u201csentirse muy a gusto\u201d ya que, en su caso, \u201ces vocacional\u201d.<\/p>\n<p style=\"text-align: justify\">\u00a0\u00a0\u00a0\u00a0\u00a0\u00a0\u00a0\u00a0\u00a0\u00a0\u00a0 Fue as\u00ed como este burgal\u00e9s dio los primeros pasos fuera de su hogar y comenz\u00f3 una carrera que le ha llevado muy lejos gracias a su filosof\u00eda: \u201cNo hay que tener miedo a las cosas, solo se vive una vez y hay que disfrutarlo. El problema es que la gente tiene dos caminos y, en muchas ocasiones, se queda en el cruce esperando saber cu\u00e1l es el mejor. El que no se equivoca no sirve ni como empresario ni como directivo\u201d, explica Mart\u00ednez. Sin embargo, \u00e9l ha optado durante su vida por \u201cpasar a la acci\u00f3n\u201d como asegura y muestra de ello es que, en 1966 se lanz\u00f3 en el negocio de las pelucas. Un mundo al que entr\u00f3 \u201cpor casualidad\u201d a trav\u00e9s de una conocida y que le cost\u00f3 130.000 pesetas, mientras que recuerda que por aquel entonces \u201cun sueldo rondaba las 600 pesetas al mes\u201d.<\/p>\n<p style=\"text-align: justify\">Desde luego, toda una aventura empresarial que le llev\u00f3 a abrir durante unos a\u00f1os un taller de pelucas en su pueblo natal en la d\u00e9cada de los 70. <a  href=\"http:\/\/www.mecerreyes.com\/mece\/wp-content\/uploads\/2010\/07\/Victor-Martinez.jpg\" class=\"thickbox no_icon\" title=\"Victor Martinez\"><img loading=\"lazy\" decoding=\"async\" class=\"alignright size-medium wp-image-1726\" src=\"http:\/\/www.mecerreyes.com\/mece\/wp-content\/uploads\/2010\/07\/Victor-Martinez-300x140.jpg\" alt=\"Victor Martinez\" width=\"300\" height=\"140\" srcset=\"https:\/\/www.mecerreyes.com\/mece\/wp-content\/uploads\/2010\/07\/Victor-Martinez-300x140.jpg 300w, https:\/\/www.mecerreyes.com\/mece\/wp-content\/uploads\/2010\/07\/Victor-Martinez-1023x480.jpg 1023w, https:\/\/www.mecerreyes.com\/mece\/wp-content\/uploads\/2010\/07\/Victor-Martinez.jpg 1964w\" sizes=\"(max-width: 300px) 100vw, 300px\" \/><\/a>\u201cCuando entr\u00e9 en este negocio a\u00fan no hab\u00eda comenzado el boom de este producto, que llegar\u00eda m\u00e1s tarde, pero en todo caso fue una \u00e9poca muy bonita\u201d sostiene. Y es que, Mecerreyes fue el lugar en el que dio sus primeros pasos y a pesar de su acento catal\u00e1n, siente el amor por estas tierras, por lo que ante la pregunta de que si considera la provincia como un posible destino para la fabricaci\u00f3n de sus productos de cosm\u00e9tica \u2013que en la actualidad llegan a los cinco continentes- asegura que \u201cno le importar\u00eda\u201d apostar por Castilla y Le\u00f3n. No obstante, aunque trabaja con una distribuidora ubicada en el pol\u00edgono de Villalonqu\u00e9jar, se muestra cr\u00edtico al explicar que la provincia \u201cofrece pocas posibilidades para los negocios a nivel internacional\u201d.<\/p>\n<p style=\"text-align: justify\">Todo un \u00e9xito para Mart\u00ednez, que adquiri\u00f3 la marca Salerm Cosmetic en 1974, y para quien la cosm\u00e9tica es una mezcla entre \u201cla realidad y la ilusi\u00f3n\u201d<\/p>","protected":false},"excerpt":{"rendered":"<p>BODA DE SUSANA Y JOSEMI \u00a0En la parroquia de la Real y Antigua de Gamonal se casaron el pasado 29 de Mayo Susana Cuevas (nieta de Antonia y Agapito) y Jos\u00e9 Miguel. Nos alegramos mucho de este nuevo enlace y les deseamos una muy feliz vida matrimonial. \u00a0 \u00a0 BODA DE ALICIA Y SERGIO El [&hellip;]<\/p>\n","protected":false},"author":5,"featured_media":0,"comment_status":"open","ping_status":"closed","sticky":false,"template":"","format":"standard","meta":{"_et_pb_use_builder":"","_et_pb_old_content":"","_et_gb_content_width":"","footnotes":""},"categories":[1],"tags":[21],"class_list":["post-1711","post","type-post","status-publish","format-standard","hentry","category-general","tag-guiletos","et-doesnt-have-format-content","et_post_format-et-post-format-standard"],"_links":{"self":[{"href":"https:\/\/www.mecerreyes.com\/mece\/index.php?rest_route=\/wp\/v2\/posts\/1711"}],"collection":[{"href":"https:\/\/www.mecerreyes.com\/mece\/index.php?rest_route=\/wp\/v2\/posts"}],"about":[{"href":"https:\/\/www.mecerreyes.com\/mece\/index.php?rest_route=\/wp\/v2\/types\/post"}],"author":[{"embeddable":true,"href":"https:\/\/www.mecerreyes.com\/mece\/index.php?rest_route=\/wp\/v2\/users\/5"}],"replies":[{"embeddable":true,"href":"https:\/\/www.mecerreyes.com\/mece\/index.php?rest_route=%2Fwp%2Fv2%2Fcomments&post=1711"}],"version-history":[{"count":0,"href":"https:\/\/www.mecerreyes.com\/mece\/index.php?rest_route=\/wp\/v2\/posts\/1711\/revisions"}],"wp:attachment":[{"href":"https:\/\/www.mecerreyes.com\/mece\/index.php?rest_route=%2Fwp%2Fv2%2Fmedia&parent=1711"}],"wp:term":[{"taxonomy":"category","embeddable":true,"href":"https:\/\/www.mecerreyes.com\/mece\/index.php?rest_route=%2Fwp%2Fv2%2Fcategories&post=1711"},{"taxonomy":"post_tag","embeddable":true,"href":"https:\/\/www.mecerreyes.com\/mece\/index.php?rest_route=%2Fwp%2Fv2%2Ftags&post=1711"}],"curies":[{"name":"wp","href":"https:\/\/api.w.org\/{rel}","templated":true}]}}