{"id":1787,"date":"2010-08-12T16:42:52","date_gmt":"2010-08-12T15:42:52","guid":{"rendered":"http:\/\/www.mecerreyes.com\/mece\/?p=1787"},"modified":"2012-01-20T00:34:35","modified_gmt":"2012-01-19T23:34:35","slug":"noticias-agosto-2010","status":"publish","type":"post","link":"https:\/\/www.mecerreyes.com\/mece\/?p=1787","title":{"rendered":"Noticias Agosto 2010"},"content":{"rendered":"<address><strong><em><span style=\"color: #0000ff\">Esta secci\u00f3n de noticias se va modificando peri\u00f3dicamente, seg\u00fan los acontecimientos, ya hemos comentado en otras ocasiones que pod\u00e9is hacernos llegar cualquier tipo de noticia, nota, acontecimiento, venta o compra de casas o tierras en el pueblo&#8230; No siempre nos llega a nuestro o\u00eddos el nacimiento de un ni\u00f1o, una boda\u2026 un art\u00edculo publicado en prensa de Burgos o de otro lugar de alg\u00fan guileto o descendiente, cualquier cosa que desees ver en esta p\u00e1gina Web nos lo puedes adjuntar en la secci\u00f3n de <a  href=\"https:\/\/www.mecerreyes.com\/mece\/?page_id=99\">contacto<\/a>. Gracias.<\/span><\/em><\/strong><\/address>\n<p style=\"text-align: justify\">\u00a0<\/p>\n<h2 style=\"text-align: justify\">BAUTIZO:<\/h2>\n<p style=\"text-align: justify\">Silvia y Fernando quisieron bautizar a su hijo <strong><span style=\"color: #0000ff\">PABLO Garc\u00eda Betete <\/span><\/strong>en Mecerreyes, fue el 28 de agosto de 2010 se celebr\u00f3 el bautizo con una bonita celebraci\u00f3n y rodeado de todos sus familiares y amigos. No faltaron los ni\u00f1os atentos a las explicaciones de los ritos del bautismo y esperando los caramelos de los padrinos; no fue necesario cantarles \u201cpadrinos ro\u00f1osos\u2026.\u201d por la cantidad de caramelos que tiraron \u201carruche\u201d desde la iglesia a su casa. Felicidades a toda la familia.<\/p>\n<p style=\"text-align: justify\"><a  href=\"http:\/\/www.mecerreyes.com\/mece\/wp-content\/uploads\/2010\/08\/Bautizo-de-Pablo-Garcia-Betete-1.jpg\" class=\"thickbox no_icon\" title=\"Bautizo de Pablo Garcia Betete 1\"><img loading=\"lazy\" decoding=\"async\" class=\"alignright size-medium wp-image-1833\" src=\"http:\/\/www.mecerreyes.com\/mece\/wp-content\/uploads\/2010\/08\/Bautizo-de-Pablo-Garcia-Betete-1-300x225.jpg\" alt=\"Bautizo de Pablo Garcia Betete 1\" width=\"300\" height=\"225\" srcset=\"https:\/\/www.mecerreyes.com\/mece\/wp-content\/uploads\/2010\/08\/Bautizo-de-Pablo-Garcia-Betete-1-300x225.jpg 300w, https:\/\/www.mecerreyes.com\/mece\/wp-content\/uploads\/2010\/08\/Bautizo-de-Pablo-Garcia-Betete-1.jpg 600w\" sizes=\"(max-width: 300px) 100vw, 300px\" \/><\/a><\/p>\n<p style=\"text-align: justify\"><a  href=\"http:\/\/www.mecerreyes.com\/mece\/wp-content\/uploads\/2010\/08\/Bautizo-de-Pablo-Garcia-Betete.jpg\" class=\"thickbox no_icon\" title=\"Bautizo de Pablo Garcia Betete\"><img loading=\"lazy\" decoding=\"async\" class=\"alignleft size-medium wp-image-1832\" src=\"http:\/\/www.mecerreyes.com\/mece\/wp-content\/uploads\/2010\/08\/Bautizo-de-Pablo-Garcia-Betete-300x225.jpg\" alt=\"Bautizo de Pablo Garcia Betete\" width=\"300\" height=\"225\" srcset=\"https:\/\/www.mecerreyes.com\/mece\/wp-content\/uploads\/2010\/08\/Bautizo-de-Pablo-Garcia-Betete-300x225.jpg 300w, https:\/\/www.mecerreyes.com\/mece\/wp-content\/uploads\/2010\/08\/Bautizo-de-Pablo-Garcia-Betete.jpg 500w\" sizes=\"(max-width: 300px) 100vw, 300px\" \/><\/a><\/p>\n<p style=\"text-align: justify\">\u00a0<\/p>\n<p style=\"text-align: justify\">\u00a0<\/p>\n<p style=\"text-align: justify\">\u00a0<\/p>\n<p style=\"text-align: justify\">\u00a0<\/p>\n<p style=\"text-align: justify\">\u00a0<\/p>\n<p style=\"text-align: justify\">\u00a0<\/p>\n<p style=\"text-align: justify\">\u00a0<\/p>\n<p style=\"text-align: justify\">\u00a0<\/p>\n<p style=\"text-align: justify\"><a href=\"http:\/\/www.mecerreyes.com\/mece\/wp-content\/uploads\/2010\/08\/Bautizo-de-Pablo-Garcia-Betete-1.jpg\"><\/a><\/p>\n<h2 style=\"text-align: justify\">BODA:<\/h2>\n<p style=\"text-align: justify\">El d\u00eda 31 de julio de 2010 en Valladolid, se casaron <strong>Carlos<\/strong> Castellanos Santamar\u00eda, hijo de Nicol\u00e1s y Feli y nieto de Robustino y Marce, <strong>con Cristina<\/strong> Le\u00f3n Fern\u00e1ndez de Valladolid. Nos cuentan que disfrutaron con toda la familia y les felicitamos por esta boda. Les agradecemos las fotos que nos env\u00edan.<\/p>\n<p style=\"text-align: justify\"><a  href=\"http:\/\/www.mecerreyes.com\/mece\/wp-content\/uploads\/2010\/08\/Boda-Carlos-y-Cris-011.jpg\" class=\"thickbox no_icon\" title=\"Boda Carlos y Cris 011\"><img loading=\"lazy\" decoding=\"async\" class=\"size-medium wp-image-1809 alignleft\" src=\"http:\/\/www.mecerreyes.com\/mece\/wp-content\/uploads\/2010\/08\/Boda-Carlos-y-Cris-011-300x225.jpg\" alt=\"Boda Carlos y Cris 011\" width=\"300\" height=\"225\" srcset=\"https:\/\/www.mecerreyes.com\/mece\/wp-content\/uploads\/2010\/08\/Boda-Carlos-y-Cris-011-300x225.jpg 300w, https:\/\/www.mecerreyes.com\/mece\/wp-content\/uploads\/2010\/08\/Boda-Carlos-y-Cris-011.jpg 600w\" sizes=\"(max-width: 300px) 100vw, 300px\" \/><\/a><\/p>\n<p style=\"text-align: justify\">\u00a0<a  href=\"http:\/\/www.mecerreyes.com\/mece\/wp-content\/uploads\/2010\/08\/Boda-Carlos-y-Cris.jpg\" class=\"thickbox no_icon\" title=\"Boda Carlos y Cris\"><img loading=\"lazy\" decoding=\"async\" class=\"alignright size-medium wp-image-1808\" src=\"http:\/\/www.mecerreyes.com\/mece\/wp-content\/uploads\/2010\/08\/Boda-Carlos-y-Cris-300x225.jpg\" alt=\"Boda Carlos y Cris\" width=\"300\" height=\"225\" srcset=\"https:\/\/www.mecerreyes.com\/mece\/wp-content\/uploads\/2010\/08\/Boda-Carlos-y-Cris-300x225.jpg 300w, https:\/\/www.mecerreyes.com\/mece\/wp-content\/uploads\/2010\/08\/Boda-Carlos-y-Cris.jpg 600w\" sizes=\"(max-width: 300px) 100vw, 300px\" \/><\/a><\/p>\n<p style=\"text-align: justify\">\u00a0<\/p>\n<p style=\"text-align: justify\">\u00a0<\/p>\n<p style=\"text-align: justify\">\u00a0<\/p>\n<p style=\"text-align: justify\">\u00a0<\/p>\n<p style=\"text-align: justify\">\u00a0<\/p>\n<p style=\"text-align: justify\">\u00a0<\/p>\n<p style=\"text-align: justify\">\u00a0<\/p>\n<h2 style=\"text-align: justify\">NACIMIENTOS:<\/h2>\n<ul style=\"text-align: justify\">\n<li>El 12 de junio de 2010 naci\u00f3 <strong>LUIS SANCHEZ ROMERO<\/strong>, hijo de <span style=\"text-decoration: underline\">Silvia<\/span> y Javi, en San Sebasti\u00e1n, felicitamos a sus padres y abuelos Luis y Me\u00f1a<\/li>\n<li>El 23 de junio de 2010, en Vitoria, naci\u00f3 <strong>MAIALEN AMPUDIA VICARIO<\/strong>, hija de <span style=\"text-decoration: underline\">Julia Esther<\/span> Vicario y Sergio Ampudia, felicitamos a toda la familia.<\/li>\n<\/ul>\n<h2 style=\"text-align: justify\">DEFUNCIONES:<\/h2>\n<ul style=\"text-align: justify\">\n<li><strong>\u00c1NGEL GONZ\u00c1LEZ ALONSO<\/strong> (hijo de \u00c1ngel y Clara) falleci\u00f3 el 9 de agosto de 2010 a los 61 a\u00f1os en Burgos. \u00a0Nuestro m\u00e1s sentido p\u00e9same a toda la familia.<\/li>\n<li><strong>ALBERTO CUESTA MARIJU\u00c1N<\/strong>, falleci\u00f3 del 13 de agosto de 2010 a los 25 a\u00f1os en Palencia. Transmitimos nuestro sentido p\u00e9same a sus padres Araceli y Claudio, y a sus hermanos Claudio y Noelia.<\/li>\n<li><strong>EUFEMIA CUEVAS LOZANO<\/strong>, de 96 a\u00f1os, falleci\u00f3 en Mecerreyes el 18 de agosto de 2010, nuestro m\u00e1s sincero p\u00e9same a toda su familia y en especial a sus hijos Juani, Jes\u00fas e Isabel.<\/li>\n<\/ul>\n<p style=\"text-align: justify\">\u00a0<\/p>\n<h2 style=\"text-align: justify\">ROMER\u00cdA DE <a  href=\"https:\/\/www.mecerreyes.com\/mece\/?page_id=54\">LA VIRGEN DEL CAMINO<\/a>.<\/h2>\n<p style=\"text-align: justify\">Los d\u00edas 19 \u2013 20 y 21 de Agosto se realizar\u00e1 un <strong>TRIDUO en honor a <a  href=\"https:\/\/www.mecerreyes.com\/mece\/?page_id=54\">la Virgen del Camino<\/a><\/strong>, ser\u00e1 a las 19:30 h. en la ermita.<\/p>\n<p style=\"text-align: justify\">El <strong>domingo 22 de agosto<\/strong> se bajar\u00e1 a la Virgen desde la ermita al pueblo, se trata de un d\u00eda de romer\u00eda, a las <strong>12:30 h<\/strong>. comenzar\u00e1 la <strong>misa de campa\u00f1a<\/strong> en la ermita de Nuestra Se\u00f1ora del Camino, a continuaci\u00f3n, vermout\u2026 no olvides preparar la comida y pasar un d\u00eda de campo, por la tarde a las <strong>18:00 h. Santo Rosario y \u00a0bajada de la Virgen<\/strong> en procesi\u00f3n <strong>hasta la Iglesia.<\/strong><\/p>\n<p style=\"text-align: justify\">Y todo preparado para el comienzo de las fiestas de <a  href=\"https:\/\/www.mecerreyes.com\/mece\/?page_id=60\">Acci\u00f3n de Gracias<\/a> y Virgen del Camino 2010.<\/p>\n<p style=\"text-align: justify\">*******************************<\/p>\n<h2 style=\"text-align: justify\">EXPOSICI\u00d3N de ANAGLIFOS:<a  href=\"http:\/\/www.mecerreyes.com\/mece\/wp-content\/uploads\/2010\/08\/Exposicion-Anaglifos.jpg\" class=\"thickbox no_icon\" title=\"Exposicion Anaglifos\"><img loading=\"lazy\" decoding=\"async\" class=\"alignright size-full wp-image-1815\" src=\"http:\/\/www.mecerreyes.com\/mece\/wp-content\/uploads\/2010\/08\/Exposicion-Anaglifos.jpg\" alt=\"Exposicion Anaglifos\" width=\"432\" height=\"324\" srcset=\"https:\/\/www.mecerreyes.com\/mece\/wp-content\/uploads\/2010\/08\/Exposicion-Anaglifos.jpg 600w, https:\/\/www.mecerreyes.com\/mece\/wp-content\/uploads\/2010\/08\/Exposicion-Anaglifos-300x225.jpg 300w\" sizes=\"(max-width: 432px) 100vw, 432px\" \/><\/a><\/h2>\n<p style=\"text-align: justify\">Del 18 al 31 de agosto puedes disfrutar de una bonita exposici\u00f3n en la Sala de las Escuelas. Se trata de m\u00e1s de 20 fotograf\u00edas en 3D, obra del autor guileto: <strong>FERNANDO ALONSO<\/strong>. Merece la pena, te sorprender\u00e1. La exposici\u00f3n se podr\u00e1 visitar de 8:00 a 9:00 horas de la tarde.<\/p>\n<p style=\"text-align: justify\">*******************************<\/p>\n<p style=\"text-align: justify\"><strong>REUNI\u00d3N DE SEGUIMIENTO<\/strong>.<\/p>\n<h2 style=\"text-align: justify\">Asunto: Proceso de solicitud de correcci\u00f3n de errores de localizaci\u00f3n del DOLMEN DE MAZARIEGOS.<\/h2>\n<h3 style=\"text-align: justify\">El s\u00e1bado, 14 de agosto a las 12:30 h. en el Sal\u00f3n del <a  href=\"https:\/\/www.mecerreyes.com\/mece\/?page_id=24\">Ayuntamiento<\/a> y dirigida a Todo el Pueblo.<\/h3>\n<p style=\"text-align: justify\">*******************************<\/p>\n<h2 style=\"text-align: justify\">CONFERENCIA del Profesor MIGUEL MORENO GALLO<\/h2>\n<h1 style=\"text-align: justify\">\u00abEL MEGALITISMO EN EL ALTO ARLANZA\u00bb<\/h1>\n<p style=\"text-align: justify\"><strong>Fecha: Viernes, 20 de agosto de 2010<\/strong><\/p>\n<p style=\"text-align: justify\"><strong>Hora: 19:00 h.<\/strong><\/p>\n<p style=\"text-align: justify\"><strong>Lugar: Sal\u00f3n del <a  href=\"https:\/\/www.mecerreyes.com\/mece\/?page_id=24\">Ayuntamiento<\/a>.<\/strong><\/p>\n<p style=\"text-align: justify\">*******************************<\/p>","protected":false},"excerpt":{"rendered":"<p>Esta secci\u00f3n de noticias se va modificando peri\u00f3dicamente, seg\u00fan los acontecimientos, ya hemos comentado en otras ocasiones que pod\u00e9is hacernos llegar cualquier tipo de noticia, nota, acontecimiento, venta o compra de casas o tierras en el pueblo&#8230; No siempre nos llega a nuestro o\u00eddos el nacimiento de un ni\u00f1o, una boda\u2026 un art\u00edculo publicado en [&hellip;]<\/p>\n","protected":false},"author":5,"featured_media":0,"comment_status":"open","ping_status":"closed","sticky":false,"template":"","format":"standard","meta":{"_et_pb_use_builder":"","_et_pb_old_content":"","_et_gb_content_width":"","footnotes":""},"categories":[1],"tags":[25,34,21],"class_list":["post-1787","post","type-post","status-publish","format-standard","hentry","category-general","tag-dolmen-de-mazariegos","tag-exposiciones","tag-guiletos","et-doesnt-have-format-content","et_post_format-et-post-format-standard"],"_links":{"self":[{"href":"https:\/\/www.mecerreyes.com\/mece\/index.php?rest_route=\/wp\/v2\/posts\/1787"}],"collection":[{"href":"https:\/\/www.mecerreyes.com\/mece\/index.php?rest_route=\/wp\/v2\/posts"}],"about":[{"href":"https:\/\/www.mecerreyes.com\/mece\/index.php?rest_route=\/wp\/v2\/types\/post"}],"author":[{"embeddable":true,"href":"https:\/\/www.mecerreyes.com\/mece\/index.php?rest_route=\/wp\/v2\/users\/5"}],"replies":[{"embeddable":true,"href":"https:\/\/www.mecerreyes.com\/mece\/index.php?rest_route=%2Fwp%2Fv2%2Fcomments&post=1787"}],"version-history":[{"count":2,"href":"https:\/\/www.mecerreyes.com\/mece\/index.php?rest_route=\/wp\/v2\/posts\/1787\/revisions"}],"predecessor-version":[{"id":3886,"href":"https:\/\/www.mecerreyes.com\/mece\/index.php?rest_route=\/wp\/v2\/posts\/1787\/revisions\/3886"}],"wp:attachment":[{"href":"https:\/\/www.mecerreyes.com\/mece\/index.php?rest_route=%2Fwp%2Fv2%2Fmedia&parent=1787"}],"wp:term":[{"taxonomy":"category","embeddable":true,"href":"https:\/\/www.mecerreyes.com\/mece\/index.php?rest_route=%2Fwp%2Fv2%2Fcategories&post=1787"},{"taxonomy":"post_tag","embeddable":true,"href":"https:\/\/www.mecerreyes.com\/mece\/index.php?rest_route=%2Fwp%2Fv2%2Ftags&post=1787"}],"curies":[{"name":"wp","href":"https:\/\/api.w.org\/{rel}","templated":true}]}}