{"id":18305,"date":"2019-04-11T23:56:53","date_gmt":"2019-04-11T22:56:53","guid":{"rendered":"http:\/\/www.mecerreyes.com\/mece\/?p=18305"},"modified":"2019-04-14T23:17:02","modified_gmt":"2019-04-14T22:17:02","slug":"noticias-marzo-2019","status":"publish","type":"post","link":"https:\/\/www.mecerreyes.com\/mece\/?p=18305","title":{"rendered":"Noticias Marzo 2019 &#8211; Horarios Semana Santa"},"content":{"rendered":"<h2 style=\"text-align: justify;\"><strong>NOTICIAS MARZO 2019<\/strong><\/h2>\n<p style=\"text-align: justify;\">Todo un mes de marzo primaveral que presagia una primavera m\u00e1s invernal. Empiezan a brotar los nuevos tallos en rosales y parras, flores en los frutales, algunos atrevidos han comenzado a poner tomates en las huertas, a sabiendas que podr\u00eda desaparecer el efecto del largo anticicl\u00f3n. Termina el mes y una fuerte helada de -8 grados nos vuelve a la realidad del lugar, altitud y latitud en que habitamos.<\/p>\n<p style=\"text-align: justify;\"><img loading=\"lazy\" decoding=\"async\" class=\"aligncenter size-full wp-image-18386\" src=\"http:\/\/www.mecerreyes.com\/mece\/wp-content\/uploads\/2019\/04\/Mecerreyes-23-03-2019-Plaza.jpg\" alt=\"\" width=\"1417\" height=\"797\" srcset=\"https:\/\/www.mecerreyes.com\/mece\/wp-content\/uploads\/2019\/04\/Mecerreyes-23-03-2019-Plaza.jpg 1417w, https:\/\/www.mecerreyes.com\/mece\/wp-content\/uploads\/2019\/04\/Mecerreyes-23-03-2019-Plaza-300x169.jpg 300w, https:\/\/www.mecerreyes.com\/mece\/wp-content\/uploads\/2019\/04\/Mecerreyes-23-03-2019-Plaza-768x432.jpg 768w, https:\/\/www.mecerreyes.com\/mece\/wp-content\/uploads\/2019\/04\/Mecerreyes-23-03-2019-Plaza-1024x576.jpg 1024w, https:\/\/www.mecerreyes.com\/mece\/wp-content\/uploads\/2019\/04\/Mecerreyes-23-03-2019-Plaza-1080x607.jpg 1080w\" sizes=\"(max-width: 1417px) 100vw, 1417px\" \/><\/p>\n<p style=\"text-align: justify;\">El silencio se ha adue\u00f1ado nuevamente de Mecerreyes tras los ajetreos de las fiestas de invierno, s\u00f3lo roto entre semana por los trabajos de restauraci\u00f3n de media docena de casas que lucir\u00e1n estupendas en breve, y el devenir de clientes que se afanan por conseguir mesa en el <a  href=\"https:\/\/www.mecerreyes.com\/mece\/?page_id=797\">Mes\u00f3n de Frutos<\/a> los fines de semana.<\/p>\n<p style=\"text-align: justify;\">C\u00f3mo se disfruta tambi\u00e9n de este silencio, venir al pueblo, calentar la casa, saludar a los vecinos, tomar el vermut en La Villa, comerte una buena chuleta, jugar la partida y volver a Burgos, Madrid\u2026 aprovisionado de los embutidos Las Mamblas (Made in Mecerreyes).<\/p>\n<p style=\"text-align: justify;\"><img loading=\"lazy\" decoding=\"async\" class=\"aligncenter size-full wp-image-18387\" src=\"http:\/\/www.mecerreyes.com\/mece\/wp-content\/uploads\/2019\/04\/Mecerreyes-chuletas.jpg\" alt=\"\" width=\"3175\" height=\"886\" srcset=\"https:\/\/www.mecerreyes.com\/mece\/wp-content\/uploads\/2019\/04\/Mecerreyes-chuletas.jpg 3175w, https:\/\/www.mecerreyes.com\/mece\/wp-content\/uploads\/2019\/04\/Mecerreyes-chuletas-300x84.jpg 300w, https:\/\/www.mecerreyes.com\/mece\/wp-content\/uploads\/2019\/04\/Mecerreyes-chuletas-768x214.jpg 768w, https:\/\/www.mecerreyes.com\/mece\/wp-content\/uploads\/2019\/04\/Mecerreyes-chuletas-1024x286.jpg 1024w, https:\/\/www.mecerreyes.com\/mece\/wp-content\/uploads\/2019\/04\/Mecerreyes-chuletas-1080x301.jpg 1080w\" sizes=\"(max-width: 3175px) 100vw, 3175px\" \/><\/p>\n<p style=\"text-align: justify;\">Sentarse al sol para ver disfrutar a los m\u00e1s j\u00f3venes, la iglesia, el m\u00e9dico, los bares y la venta ambulante motivos para salir de casa y charlar un rato, h\u00e1bitos de los vecinos del mundo rural que contra restan el impuesto silencio de los pueblos.<\/p>\n<p style=\"text-align: justify;\"><img loading=\"lazy\" decoding=\"async\" class=\"aligncenter size-full wp-image-18388\" src=\"http:\/\/www.mecerreyes.com\/mece\/wp-content\/uploads\/2019\/04\/Diario-de-Burgos-marzo-2019.jpg\" alt=\"\" width=\"1024\" height=\"768\" srcset=\"https:\/\/www.mecerreyes.com\/mece\/wp-content\/uploads\/2019\/04\/Diario-de-Burgos-marzo-2019.jpg 1024w, https:\/\/www.mecerreyes.com\/mece\/wp-content\/uploads\/2019\/04\/Diario-de-Burgos-marzo-2019-300x225.jpg 300w, https:\/\/www.mecerreyes.com\/mece\/wp-content\/uploads\/2019\/04\/Diario-de-Burgos-marzo-2019-768x576.jpg 768w\" sizes=\"(max-width: 1024px) 100vw, 1024px\" \/><\/p>\n<h2 style=\"text-align: justify;\"><strong>EFEM\u00c9RIDES<\/strong><\/h2>\n<ul style=\"text-align: justify;\">\n<li><strong>EL 1 Canto de\u00a0<\/strong><strong><a  href=\"https:\/\/www.mecerreyes.com\/mece\/?page_id=47\">las Marzas<\/a>\u00a0<\/strong><strong>en Mecerreyes.\u00a0<\/strong><\/li>\n<li>El 3 D\u00eda Mundial de la Naturaleza<strong>.<\/strong><\/li>\n<li>El 8 D\u00eda de la mujer.<\/li>\n<li><strong>El 9 Cena en Mes\u00f3n Frutos \u201cDIA DE LA MUJER &#8211; JUNTAS AVANZAMOS\u201d.<\/strong><\/li>\n<li>El 10 D\u00eda del m\u00e9dico.<\/li>\n<li>El 15 D\u00eda mundial del Consumidor.<\/li>\n<li>El 21 D\u00eda mundial del S\u00edndrome de Down. Comienzo de la primavera.<\/li>\n<li>El 22 D\u00eda Mundial del agua.<\/li>\n<\/ul>\n<p><img loading=\"lazy\" decoding=\"async\" class=\"aligncenter size-full wp-image-18397\" src=\"http:\/\/www.mecerreyes.com\/mece\/wp-content\/uploads\/2019\/04\/Mecerreyes-16-03-2019.jpg\" alt=\"\" width=\"4502\" height=\"1215\" srcset=\"https:\/\/www.mecerreyes.com\/mece\/wp-content\/uploads\/2019\/04\/Mecerreyes-16-03-2019.jpg 4502w, https:\/\/www.mecerreyes.com\/mece\/wp-content\/uploads\/2019\/04\/Mecerreyes-16-03-2019-300x81.jpg 300w, https:\/\/www.mecerreyes.com\/mece\/wp-content\/uploads\/2019\/04\/Mecerreyes-16-03-2019-768x207.jpg 768w, https:\/\/www.mecerreyes.com\/mece\/wp-content\/uploads\/2019\/04\/Mecerreyes-16-03-2019-1024x276.jpg 1024w, https:\/\/www.mecerreyes.com\/mece\/wp-content\/uploads\/2019\/04\/Mecerreyes-16-03-2019-1080x291.jpg 1080w\" sizes=\"(max-width: 4502px) 100vw, 4502px\" \/><\/p>\n<p style=\"text-align: justify;\">Diario de Burgos publicaba el d\u00eda 1 de marzo un amplio art\u00edculo sobre el estado y las ratios de la educaci\u00f3n en los colegios p\u00fablicos de Burgos.<\/p>\n<p style=\"text-align: justify;\"><strong>El psic\u00f3logo Carlos Gonz\u00e1lez y el pedagogo Toribio Alonso<\/strong> ambos de Mecerreyes, cuentan al periodista su labor en los centros de trabajo respectivos. Reivindican su labor actualmente poco reconocida, son los \u201capagafuegos del aula\u201d. Pero se sienten recompensados siguiendo el crecimiento de los alumnos.<\/p>\n<p style=\"text-align: justify;\">Sin duda dos profesiones vocacionales, y su saber hacer, contin\u00faa la estela de los grandes educadores que ha dado Mecerreyes.<\/p>\n<p style=\"text-align: justify;\"><strong>\u00a0<img loading=\"lazy\" decoding=\"async\" class=\"aligncenter size-full wp-image-18390\" src=\"http:\/\/www.mecerreyes.com\/mece\/wp-content\/uploads\/2019\/04\/Diario-de-Burgos-1-03-2019.jpg\" alt=\"\" width=\"4008\" height=\"2536\" srcset=\"https:\/\/www.mecerreyes.com\/mece\/wp-content\/uploads\/2019\/04\/Diario-de-Burgos-1-03-2019.jpg 4008w, https:\/\/www.mecerreyes.com\/mece\/wp-content\/uploads\/2019\/04\/Diario-de-Burgos-1-03-2019-300x190.jpg 300w, https:\/\/www.mecerreyes.com\/mece\/wp-content\/uploads\/2019\/04\/Diario-de-Burgos-1-03-2019-768x486.jpg 768w, https:\/\/www.mecerreyes.com\/mece\/wp-content\/uploads\/2019\/04\/Diario-de-Burgos-1-03-2019-1024x648.jpg 1024w, https:\/\/www.mecerreyes.com\/mece\/wp-content\/uploads\/2019\/04\/Diario-de-Burgos-1-03-2019-1080x683.jpg 1080w\" sizes=\"(max-width: 4008px) 100vw, 4008px\" \/><\/strong><\/p>\n<h2 style=\"text-align: justify;\"><strong>CELEBRACI\u00d3N DEL D\u00cdA DE LA MUJER.<\/strong><\/h2>\n<p style=\"text-align: justify;\">La noche del s\u00e1bado 9 de marzo de nuevo 23 mujeres celebraron su lema \u201cJuntas avanzamos\u201d en el <a  href=\"https:\/\/www.mecerreyes.com\/mece\/?page_id=797\">Mes\u00f3n de Frutos<\/a>. La celebraci\u00f3n del d\u00eda de la mujer es ya una tradici\u00f3n en Mecerreyes, un derecho darse un merecido homenaje. Felicitaciones a estas 23 amigas que se saben el motor de la vida rural y de la familia.<\/p>\n<h2 style=\"text-align: justify;\"><strong>FESTIVAL MARZAS 2019- BURGOS<\/strong><\/h2>\n<p style=\"text-align: justify;\">El pasado 17 de marzo, en una nueva edici\u00f3n del Festival de Marzas que organiza el Comit\u00e9 Internacional de Folclore Ciudad de Burgos y el Excmo. <a  href=\"https:\/\/www.mecerreyes.com\/mece\/?page_id=24\">Ayuntamiento<\/a> de Burgos, Mecerrreyes fue protagonista en varias ocasiones de la velada.<\/p>\n<p style=\"text-align: justify;\">Dicho festival comenz\u00f3 con el canto de nuestras coplas de marzas, este a\u00f1o los componentes del Comit\u00e9 de Folclore llevaron hasta la pista del estadio El Plant\u00edo la representaci\u00f3n del Gallo de Carnaval, menci\u00f3n especial para nuestros m\u00fasicos Los Anises, Sim\u00f3n Altable y su jota Picabi\u00e9n, el Grupo de Danzas Diego Porcelos la bail\u00f3 con la coreograf\u00eda del maestro Juanjo Linares.<\/p>\n<p style=\"text-align: justify;\">Este festival fue emitido por la televisi\u00f3n auton\u00f3mica y Radio Evoluci\u00f3n.<\/p>\n<p style=\"text-align: justify;\">Un orgullo para los que lo vivimos en directo, para los que lo vieron desde sus casas y para los amantes del folclores y tradiciones.<\/p>\n<p style=\"text-align: justify;\">Agradecemos al Comit\u00e9 de Folclore Ciudad de Burgos\u00a0 el reconocimiento al trabajo de la Asociaci\u00f3n Cultural Mecerreyes por preservar las tradiciones.<\/p>\n<h2 style=\"text-align: justify;\"><strong>PASEANDO POR NUESTRO PUEBLOS<\/strong><\/h2>\n<p style=\"text-align: justify;\">Otra iniciativa m\u00e1s de la Asociaci\u00f3n Cultural, \u00e9sta pretende poner en valor nuestro paisaje.<\/p>\n<p style=\"text-align: justify;\">Con la colaboraci\u00f3n de varias <a  href=\"https:\/\/www.mecerreyes.com\/mece\/?page_id=265\">Asociaciones<\/a> de la Zona, nos presentan 3 rutas de senderismo\u00a0 para todos los p\u00fablicos a las que nos invitan a participar.<\/p>\n<p style=\"text-align: justify;\"><strong>21 de abril Villang\u00f3mez<\/strong>. Ruta de las avutardas + ruta de murales por el casco urbano.<\/p>\n<p style=\"text-align: justify;\"><strong>12 de mayo Mecerreyes<\/strong>. Ruta del <a  href=\"https:\/\/www.mecerreyes.com\/mece\/?page_id=20662\">museo del carb\u00f3n<\/a> + recorrido esculturas \u00c1ngel Gil por el casco urbano.<\/p>\n<p style=\"text-align: justify;\"><strong>9 de junio Valdorros<\/strong>. Ruta de los palomares.<\/p>\n<p style=\"text-align: justify;\">Habr\u00e1 que seguir unas normas b\u00e1sicas propuestas por la organizaci\u00f3n.<\/p>\n<p style=\"text-align: justify;\">Esperamos puedan llevarse a cabo nuevas iniciativas conjuntas para impulsar nuestros respectivos pueblos.<\/p>\n<p style=\"text-align: justify;\"><img loading=\"lazy\" decoding=\"async\" class=\"aligncenter size-full wp-image-18392\" src=\"http:\/\/www.mecerreyes.com\/mece\/wp-content\/uploads\/2019\/04\/Paseando-por-nuestros-pueblos-2019-1.jpg\" alt=\"\" width=\"1080\" height=\"1556\" srcset=\"https:\/\/www.mecerreyes.com\/mece\/wp-content\/uploads\/2019\/04\/Paseando-por-nuestros-pueblos-2019-1.jpg 1080w, https:\/\/www.mecerreyes.com\/mece\/wp-content\/uploads\/2019\/04\/Paseando-por-nuestros-pueblos-2019-1-208x300.jpg 208w, https:\/\/www.mecerreyes.com\/mece\/wp-content\/uploads\/2019\/04\/Paseando-por-nuestros-pueblos-2019-1-768x1106.jpg 768w, https:\/\/www.mecerreyes.com\/mece\/wp-content\/uploads\/2019\/04\/Paseando-por-nuestros-pueblos-2019-1-711x1024.jpg 711w\" sizes=\"(max-width: 1080px) 100vw, 1080px\" \/><\/p>\n<p style=\"text-align: justify;\"><img loading=\"lazy\" decoding=\"async\" class=\"aligncenter size-full wp-image-18391\" src=\"http:\/\/www.mecerreyes.com\/mece\/wp-content\/uploads\/2019\/04\/Paseando-por-nuestros-pueblos-2019-2.jpg\" alt=\"\" width=\"1080\" height=\"1580\" srcset=\"https:\/\/www.mecerreyes.com\/mece\/wp-content\/uploads\/2019\/04\/Paseando-por-nuestros-pueblos-2019-2.jpg 1080w, https:\/\/www.mecerreyes.com\/mece\/wp-content\/uploads\/2019\/04\/Paseando-por-nuestros-pueblos-2019-2-205x300.jpg 205w, https:\/\/www.mecerreyes.com\/mece\/wp-content\/uploads\/2019\/04\/Paseando-por-nuestros-pueblos-2019-2-768x1124.jpg 768w, https:\/\/www.mecerreyes.com\/mece\/wp-content\/uploads\/2019\/04\/Paseando-por-nuestros-pueblos-2019-2-700x1024.jpg 700w\" sizes=\"(max-width: 1080px) 100vw, 1080px\" \/><\/p>\n<h2 style=\"text-align: justify;\"><strong>DEFUNCIONES<\/strong><\/h2>\n<p style=\"text-align: justify;\">El ciclo de la vida ha terminado para cuatro de los nuestros.<\/p>\n<p style=\"text-align: justify;\">Les recordaremos por su trabajo, saber hacer, su amistad, carisma y amor a los suyos.<\/p>\n<p style=\"text-align: justify;\">Con la pena de la despedida, pero sabiendo que descansan en paz, sus familias saben que cuentan con el cari\u00f1o de todos los vecinos.<\/p>\n<p style=\"text-align: center;\"><strong><em><u>Llorando quedo<\/u><\/em><\/strong><\/p>\n<p style=\"text-align: center;\"><em>Lloro porque lloro<\/em><\/p>\n<p style=\"text-align: center;\"><em>Llora que te llorar\u00e9<\/em><\/p>\n<p style=\"text-align: center;\"><em>Lloro cuando te vas<\/em><\/p>\n<p style=\"text-align: center;\"><em>Cuando vuelvas llorar\u00e9<\/em><\/p>\n<p style=\"text-align: center;\">(Boni)<\/p>\n<p style=\"text-align: justify;\"><strong>\u00a0<\/strong><\/p>\n<p style=\"text-align: justify;\"><strong>\u00a0<\/strong><\/p>\n<p style=\"text-align: justify;\"><strong>D\u00d1A. MAR\u00cdA BEGO\u00d1A ZAMANILLO VILLANUEVA<\/strong> falleci\u00f3 el 7 de marzo a los 83 a\u00f1os de edad, en la iglesia de <a  href=\"https:\/\/www.mecerreyes.com\/mece\/?page_id=58\">San Mart\u00edn<\/a> de Porres (Burgos) la despidieron familiares, amigos y alumnos de Mecerreyes, pueblo que sin duda marc\u00f3 su vida y llev\u00f3 en su coraz\u00f3n.<\/p>\n<p style=\"text-align: justify;\"><img loading=\"lazy\" decoding=\"async\" class=\"aligncenter size-full wp-image-18382\" src=\"http:\/\/www.mecerreyes.com\/mece\/wp-content\/uploads\/2019\/04\/Esquela-Bego\u00f1a-Zamanillo.jpg\" alt=\"\" width=\"1275\" height=\"1095\" srcset=\"https:\/\/www.mecerreyes.com\/mece\/wp-content\/uploads\/2019\/04\/Esquela-Bego\u00f1a-Zamanillo.jpg 1275w, https:\/\/www.mecerreyes.com\/mece\/wp-content\/uploads\/2019\/04\/Esquela-Bego\u00f1a-Zamanillo-300x258.jpg 300w, https:\/\/www.mecerreyes.com\/mece\/wp-content\/uploads\/2019\/04\/Esquela-Bego\u00f1a-Zamanillo-768x660.jpg 768w, https:\/\/www.mecerreyes.com\/mece\/wp-content\/uploads\/2019\/04\/Esquela-Bego\u00f1a-Zamanillo-1024x879.jpg 1024w, https:\/\/www.mecerreyes.com\/mece\/wp-content\/uploads\/2019\/04\/Esquela-Bego\u00f1a-Zamanillo-1080x928.jpg 1080w\" sizes=\"(max-width: 1275px) 100vw, 1275px\" \/><\/p>\n<p style=\"text-align: justify;\"><strong>EDUARDO SOLANO FLORES (<\/strong>esposo de Maria Piedad Blanco Burgos<strong>), <\/strong>falleci\u00f3 el 11 de marzo en San Sebasti\u00e1n a los 75 a\u00f1os de edad.<\/p>\n<p style=\"text-align: justify;\"><img loading=\"lazy\" decoding=\"async\" class=\"aligncenter size-full wp-image-18383\" src=\"http:\/\/www.mecerreyes.com\/mece\/wp-content\/uploads\/2019\/04\/Esquela-Eduardo-Solano.jpg\" alt=\"\" width=\"1600\" height=\"1200\" srcset=\"https:\/\/www.mecerreyes.com\/mece\/wp-content\/uploads\/2019\/04\/Esquela-Eduardo-Solano.jpg 1600w, https:\/\/www.mecerreyes.com\/mece\/wp-content\/uploads\/2019\/04\/Esquela-Eduardo-Solano-300x225.jpg 300w, https:\/\/www.mecerreyes.com\/mece\/wp-content\/uploads\/2019\/04\/Esquela-Eduardo-Solano-768x576.jpg 768w, https:\/\/www.mecerreyes.com\/mece\/wp-content\/uploads\/2019\/04\/Esquela-Eduardo-Solano-1024x768.jpg 1024w, https:\/\/www.mecerreyes.com\/mece\/wp-content\/uploads\/2019\/04\/Esquela-Eduardo-Solano-1080x810.jpg 1080w\" sizes=\"(max-width: 1600px) 100vw, 1600px\" \/><\/p>\n<p style=\"text-align: justify;\"><strong>ILUMINADA PORTAL GONZ\u00c1LEZ<\/strong> falleci\u00f3 el d\u00eda 12 de marzo en Burgos a los 84 a\u00f1os de edad, el d\u00eda 13 la despedimos en la iglesia parroquial de Mecerreyes, descansan sus cenizas en el cementerio local.<\/p>\n<p style=\"text-align: justify;\"><img loading=\"lazy\" decoding=\"async\" class=\"aligncenter size-full wp-image-18384\" src=\"http:\/\/www.mecerreyes.com\/mece\/wp-content\/uploads\/2019\/04\/Esquela-Iluminada-Portal-Gonz\u00e1lez.jpg\" alt=\"\" width=\"3969\" height=\"2412\" srcset=\"https:\/\/www.mecerreyes.com\/mece\/wp-content\/uploads\/2019\/04\/Esquela-Iluminada-Portal-Gonz\u00e1lez.jpg 3969w, https:\/\/www.mecerreyes.com\/mece\/wp-content\/uploads\/2019\/04\/Esquela-Iluminada-Portal-Gonz\u00e1lez-300x182.jpg 300w, https:\/\/www.mecerreyes.com\/mece\/wp-content\/uploads\/2019\/04\/Esquela-Iluminada-Portal-Gonz\u00e1lez-768x467.jpg 768w, https:\/\/www.mecerreyes.com\/mece\/wp-content\/uploads\/2019\/04\/Esquela-Iluminada-Portal-Gonz\u00e1lez-1024x622.jpg 1024w, https:\/\/www.mecerreyes.com\/mece\/wp-content\/uploads\/2019\/04\/Esquela-Iluminada-Portal-Gonz\u00e1lez-1080x656.jpg 1080w\" sizes=\"(max-width: 3969px) 100vw, 3969px\" \/><\/p>\n<p style=\"text-align: justify;\"><strong>AMADOR SANTAMAR\u00cdA IB\u00c1\u00d1EZ<\/strong> falleci\u00f3 el 30 de marzo a los 86 a\u00f1os de edad en la Comunidad de las Escuelas P\u00edas de Zaragoza, despu\u00e9s de la misa funeral su cuerpo descansa en el pante\u00f3n que su comunidad posee en Torrero, Zaragoza.<\/p>\n<p style=\"text-align: justify;\"><em>\u00a0<img loading=\"lazy\" decoding=\"async\" class=\"aligncenter size-full wp-image-18385\" src=\"http:\/\/www.mecerreyes.com\/mece\/wp-content\/uploads\/2019\/04\/Esquela-P-Amador-Iba\u00f1ez-Santamaria.jpg\" alt=\"\" width=\"1200\" height=\"1600\" srcset=\"https:\/\/www.mecerreyes.com\/mece\/wp-content\/uploads\/2019\/04\/Esquela-P-Amador-Iba\u00f1ez-Santamaria.jpg 1200w, https:\/\/www.mecerreyes.com\/mece\/wp-content\/uploads\/2019\/04\/Esquela-P-Amador-Iba\u00f1ez-Santamaria-225x300.jpg 225w, https:\/\/www.mecerreyes.com\/mece\/wp-content\/uploads\/2019\/04\/Esquela-P-Amador-Iba\u00f1ez-Santamaria-768x1024.jpg 768w, https:\/\/www.mecerreyes.com\/mece\/wp-content\/uploads\/2019\/04\/Esquela-P-Amador-Iba\u00f1ez-Santamaria-1080x1440.jpg 1080w\" sizes=\"(max-width: 1200px) 100vw, 1200px\" \/><\/em><\/p>\n<p style=\"text-align: justify;\"><strong>\u00a0<\/strong><\/p>\n<p style=\"text-align: justify;\"><strong>\u00a0<\/strong><\/p>\n<p style=\"text-align: justify;\"><strong>\u00a0<\/strong><\/p>\n<p style=\"text-align: justify;\"><strong>\u00a0<\/strong><\/p>\n<h2 style=\"text-align: justify;\"><strong><a  href=\"https:\/\/www.mecerreyes.com\/mece\/?page_id=48\">SEMANA SANTA<\/a> EN MECERREYES<\/strong><\/h2>\n<p style=\"text-align: justify;\">Fechas en las que muchos volv\u00e9is al pueblo para vivir y sentir la fe, la tradici\u00f3n, la familia\u2026<\/p>\n<p style=\"text-align: justify;\"><strong><em>14 Domingo de Ramos (Bendici\u00f3n de ramos en la plaza, procesi\u00f3n hasta la iglesia- Santa Misa)<\/em><\/strong><\/p>\n<p style=\"text-align: justify;\"><strong><em>18 Jueves Santo (Eucarist\u00eda, Subasta de cirineos en el <a  href=\"https:\/\/www.mecerreyes.com\/mece\/?page_id=24\">Ayuntamiento<\/a>)<\/em><\/strong><\/p>\n<p style=\"text-align: justify;\"><strong><em>19 Viernes Santo (Viacrucis)<\/em><\/strong><\/p>\n<p style=\"text-align: justify;\"><strong><em>21 Domingo de Pascua de Resurrecci\u00f3n (procesi\u00f3n y eucarist\u00eda)<\/em><\/strong><\/p>\n<p style=\"text-align: justify;\"><img loading=\"lazy\" decoding=\"async\" class=\"aligncenter size-full wp-image-18400\" src=\"http:\/\/www.mecerreyes.com\/mece\/wp-content\/uploads\/2019\/04\/Cartel-Semana-Santa-Mecerreyes-2019.jpg\" alt=\"\" width=\"3508\" height=\"4961\" srcset=\"https:\/\/www.mecerreyes.com\/mece\/wp-content\/uploads\/2019\/04\/Cartel-Semana-Santa-Mecerreyes-2019.jpg 3508w, https:\/\/www.mecerreyes.com\/mece\/wp-content\/uploads\/2019\/04\/Cartel-Semana-Santa-Mecerreyes-2019-212x300.jpg 212w, https:\/\/www.mecerreyes.com\/mece\/wp-content\/uploads\/2019\/04\/Cartel-Semana-Santa-Mecerreyes-2019-768x1086.jpg 768w, https:\/\/www.mecerreyes.com\/mece\/wp-content\/uploads\/2019\/04\/Cartel-Semana-Santa-Mecerreyes-2019-724x1024.jpg 724w, https:\/\/www.mecerreyes.com\/mece\/wp-content\/uploads\/2019\/04\/Cartel-Semana-Santa-Mecerreyes-2019-1080x1527.jpg 1080w\" sizes=\"(max-width: 3508px) 100vw, 3508px\" \/><\/p>\n<h2 style=\"text-align: justify;\"><strong>FIESTAS DE ACCI\u00d3N DE GRACIAS.<\/strong><\/h2>\n<p style=\"text-align: justify;\"><strong><span style=\"color: #0000ff;\">Las fiestas de <a  href=\"https:\/\/www.mecerreyes.com\/mece\/?page_id=60\">Acci\u00f3n de Gracias<\/a> y Virgen del Camino se celebrar\u00e1n en Mecerreyes el fin de semana del 23 al 25 de agosto.<\/span><\/strong><\/p>\n<p style=\"text-align: justify;\">Mecerreyes os espera para no sucumbir al SILENCIO y olvido de tantos pueblos.<\/p>\n<p style=\"text-align: justify;\"><strong>\u00a1\u00a1\u00a1\u00a1\u00a1\u00a1\u00a1\u00a1\u00a1Recordad que somos SUPER ORIGENIALES!!!!!!!!!!<\/strong><\/p>\n<h2 style=\"text-align: justify;\"><strong>REFRANERO<\/strong><\/h2>\n<ul>\n<li style=\"text-align: justify;\"><strong><em>\u201cDe marzo a la mitad, la golondrina llega y el tordo se va\u201d<\/em><\/strong><\/li>\n<li style=\"text-align: justify;\"><strong><em>\u201cPor la Encarnaci\u00f3n los \u00faltimos hielos son, si el a\u00f1o no salen respond\u00f3n\u201d<\/em><\/strong><\/li>\n<li style=\"text-align: justify;\"><strong><em>\u00a0\u201cEl viento marzal, implica fuerte temporal\u201d<\/em><\/strong><\/li>\n<li style=\"text-align: justify;\"><strong><em>\u201cSale Marzo y entra Abril; nubecitas, a llorar y campitos a re\u00edr\u201d<\/em><\/strong><\/li>\n<\/ul>\n<p>&nbsp;<\/p>\n<p>Terminamos estas noticias con dos <a  href=\"https:\/\/www.mecerreyes.com\/mece\/?page_id=18214\">v\u00eddeos<\/a> de Youtube\u00a0 que ponen en valor las esculturas de nuestro artista guileto \u00c1ngel Gil.<\/p>\n<p><iframe loading=\"lazy\" width=\"1080\" height=\"608\" src=\"https:\/\/www.youtube.com\/embed\/YEIbc9n6-ho?feature=oembed\" frameborder=\"0\" allow=\"accelerometer; autoplay; encrypted-media; gyroscope; picture-in-picture\" allowfullscreen><\/iframe><\/p>\n<p>&nbsp;<\/p>\n<p><iframe loading=\"lazy\" width=\"1080\" height=\"608\" src=\"https:\/\/www.youtube.com\/embed\/AVMamAT1jbM?feature=oembed\" frameborder=\"0\" allow=\"accelerometer; autoplay; encrypted-media; gyroscope; picture-in-picture\" allowfullscreen><\/iframe><\/p>\n<p>&nbsp;<\/p>\n<p>&nbsp;<\/p>","protected":false},"excerpt":{"rendered":"<p>NOTICIAS MARZO 2019 Todo un mes de marzo primaveral que presagia una primavera m\u00e1s invernal. Empiezan a brotar los nuevos tallos en rosales y parras, flores en los frutales, algunos atrevidos han comenzado a poner tomates en las huertas, a sabiendas que podr\u00eda desaparecer el efecto del largo anticicl\u00f3n. Termina el mes y una fuerte [&hellip;]<\/p>\n","protected":false},"author":5,"featured_media":18394,"comment_status":"open","ping_status":"closed","sticky":false,"template":"","format":"standard","meta":{"_et_pb_use_builder":"","_et_pb_old_content":"","_et_gb_content_width":"","footnotes":""},"categories":[1],"tags":[21,11],"class_list":["post-18305","post","type-post","status-publish","format-standard","has-post-thumbnail","hentry","category-general","tag-guiletos","tag-semana-santa","et-has-post-format-content","et_post_format-et-post-format-standard"],"_links":{"self":[{"href":"https:\/\/www.mecerreyes.com\/mece\/index.php?rest_route=\/wp\/v2\/posts\/18305"}],"collection":[{"href":"https:\/\/www.mecerreyes.com\/mece\/index.php?rest_route=\/wp\/v2\/posts"}],"about":[{"href":"https:\/\/www.mecerreyes.com\/mece\/index.php?rest_route=\/wp\/v2\/types\/post"}],"author":[{"embeddable":true,"href":"https:\/\/www.mecerreyes.com\/mece\/index.php?rest_route=\/wp\/v2\/users\/5"}],"replies":[{"embeddable":true,"href":"https:\/\/www.mecerreyes.com\/mece\/index.php?rest_route=%2Fwp%2Fv2%2Fcomments&post=18305"}],"version-history":[{"count":13,"href":"https:\/\/www.mecerreyes.com\/mece\/index.php?rest_route=\/wp\/v2\/posts\/18305\/revisions"}],"predecessor-version":[{"id":18402,"href":"https:\/\/www.mecerreyes.com\/mece\/index.php?rest_route=\/wp\/v2\/posts\/18305\/revisions\/18402"}],"wp:featuredmedia":[{"embeddable":true,"href":"https:\/\/www.mecerreyes.com\/mece\/index.php?rest_route=\/wp\/v2\/media\/18394"}],"wp:attachment":[{"href":"https:\/\/www.mecerreyes.com\/mece\/index.php?rest_route=%2Fwp%2Fv2%2Fmedia&parent=18305"}],"wp:term":[{"taxonomy":"category","embeddable":true,"href":"https:\/\/www.mecerreyes.com\/mece\/index.php?rest_route=%2Fwp%2Fv2%2Fcategories&post=18305"},{"taxonomy":"post_tag","embeddable":true,"href":"https:\/\/www.mecerreyes.com\/mece\/index.php?rest_route=%2Fwp%2Fv2%2Ftags&post=18305"}],"curies":[{"name":"wp","href":"https:\/\/api.w.org\/{rel}","templated":true}]}}