{"id":18404,"date":"2019-05-04T00:43:30","date_gmt":"2019-05-03T23:43:30","guid":{"rendered":"http:\/\/www.mecerreyes.com\/mece\/?p=18404"},"modified":"2019-06-06T23:32:09","modified_gmt":"2019-06-06T22:32:09","slug":"noticias-abril-2019-semana-santa","status":"publish","type":"post","link":"https:\/\/www.mecerreyes.com\/mece\/?p=18404","title":{"rendered":"Noticias Abril 2019 &#8211; Semana Santa"},"content":{"rendered":"<h2><strong>ABRIL 2019<\/strong><\/h2>\n<p style=\"text-align: justify;\">Reci\u00e9n comenzada la primavera, este mes m\u00e1s pareciera invierno, copiosas lluvias, heladas, alg\u00fan copo de nieve y granizo han hecho del abrigo atuendo indispensable. El paisaje luce de un intenso verde, y las casas del pueblo avanzan en sus obras.<\/p>\n\n\t\t<style type=\"text\/css\">\n\t\t\t#gallery-1 {\n\t\t\t\tmargin: auto;\n\t\t\t}\n\t\t\t#gallery-1 .gallery-item {\n\t\t\t\tfloat: left;\n\t\t\t\tmargin-top: 10px;\n\t\t\t\ttext-align: center;\n\t\t\t\twidth: 33%;\n\t\t\t}\n\t\t\t#gallery-1 img {\n\t\t\t\tborder: 2px solid #cfcfcf;\n\t\t\t}\n\t\t\t#gallery-1 .gallery-caption {\n\t\t\t\tmargin-left: 0;\n\t\t\t}\n\t\t\t\/* see gallery_shortcode() in wp-includes\/media.php *\/\n\t\t<\/style>\n\t\t<div id='gallery-1' class='gallery galleryid-18404 gallery-columns-3 gallery-size-thumbnail'><dl class='gallery-item'>\n\t\t\t<dt class='gallery-icon landscape'>\n\t\t\t\t<a  href=\"https:\/\/www.mecerreyes.com\/mece\/wp-content\/uploads\/2019\/05\/Mecerreyes-abril-2019.jpg\" class=\"thickbox no_icon\" title=\"\"><img loading=\"lazy\" decoding=\"async\" width=\"150\" height=\"150\" src=\"https:\/\/www.mecerreyes.com\/mece\/wp-content\/uploads\/2019\/05\/Mecerreyes-abril-2019-150x150.jpg\" class=\"attachment-thumbnail size-thumbnail\" alt=\"\" srcset=\"https:\/\/www.mecerreyes.com\/mece\/wp-content\/uploads\/2019\/05\/Mecerreyes-abril-2019-150x150.jpg 150w, https:\/\/www.mecerreyes.com\/mece\/wp-content\/uploads\/2019\/05\/Mecerreyes-abril-2019-440x440.jpg 440w\" sizes=\"(max-width: 150px) 100vw, 150px\" \/><\/a>\n\t\t\t<\/dt><\/dl><dl class='gallery-item'>\n\t\t\t<dt class='gallery-icon landscape'>\n\t\t\t\t<a  href=\"https:\/\/www.mecerreyes.com\/mece\/wp-content\/uploads\/2019\/05\/Mecerreyes-abril-2019-4.jpg\" class=\"thickbox no_icon\" title=\"\"><img loading=\"lazy\" decoding=\"async\" width=\"150\" height=\"150\" src=\"https:\/\/www.mecerreyes.com\/mece\/wp-content\/uploads\/2019\/05\/Mecerreyes-abril-2019-4-150x150.jpg\" class=\"attachment-thumbnail size-thumbnail\" alt=\"\" srcset=\"https:\/\/www.mecerreyes.com\/mece\/wp-content\/uploads\/2019\/05\/Mecerreyes-abril-2019-4-150x150.jpg 150w, https:\/\/www.mecerreyes.com\/mece\/wp-content\/uploads\/2019\/05\/Mecerreyes-abril-2019-4-440x440.jpg 440w\" sizes=\"(max-width: 150px) 100vw, 150px\" \/><\/a>\n\t\t\t<\/dt><\/dl><dl class='gallery-item'>\n\t\t\t<dt class='gallery-icon landscape'>\n\t\t\t\t<a  href=\"https:\/\/www.mecerreyes.com\/mece\/wp-content\/uploads\/2019\/05\/Mecerreyes-abril-2019-1.jpg\" class=\"thickbox no_icon\" title=\"\"><img loading=\"lazy\" decoding=\"async\" width=\"150\" height=\"150\" src=\"https:\/\/www.mecerreyes.com\/mece\/wp-content\/uploads\/2019\/05\/Mecerreyes-abril-2019-1-150x150.jpg\" class=\"attachment-thumbnail size-thumbnail\" alt=\"\" srcset=\"https:\/\/www.mecerreyes.com\/mece\/wp-content\/uploads\/2019\/05\/Mecerreyes-abril-2019-1-150x150.jpg 150w, https:\/\/www.mecerreyes.com\/mece\/wp-content\/uploads\/2019\/05\/Mecerreyes-abril-2019-1-440x440.jpg 440w\" sizes=\"(max-width: 150px) 100vw, 150px\" \/><\/a>\n\t\t\t<\/dt><\/dl><br style=\"clear: both\" \/><dl class='gallery-item'>\n\t\t\t<dt class='gallery-icon landscape'>\n\t\t\t\t<a  href=\"https:\/\/www.mecerreyes.com\/mece\/wp-content\/uploads\/2019\/05\/Mecerreyes-abril-2019-5.jpg\" class=\"thickbox no_icon\" title=\"\"><img loading=\"lazy\" decoding=\"async\" width=\"150\" height=\"150\" src=\"https:\/\/www.mecerreyes.com\/mece\/wp-content\/uploads\/2019\/05\/Mecerreyes-abril-2019-5-150x150.jpg\" class=\"attachment-thumbnail size-thumbnail\" alt=\"\" srcset=\"https:\/\/www.mecerreyes.com\/mece\/wp-content\/uploads\/2019\/05\/Mecerreyes-abril-2019-5-150x150.jpg 150w, https:\/\/www.mecerreyes.com\/mece\/wp-content\/uploads\/2019\/05\/Mecerreyes-abril-2019-5-440x440.jpg 440w\" sizes=\"(max-width: 150px) 100vw, 150px\" \/><\/a>\n\t\t\t<\/dt><\/dl><dl class='gallery-item'>\n\t\t\t<dt class='gallery-icon landscape'>\n\t\t\t\t<a  href=\"https:\/\/www.mecerreyes.com\/mece\/wp-content\/uploads\/2019\/05\/Mecerreyes-abril-2019-2.jpg\" class=\"thickbox no_icon\" title=\"\"><img loading=\"lazy\" decoding=\"async\" width=\"150\" height=\"150\" src=\"https:\/\/www.mecerreyes.com\/mece\/wp-content\/uploads\/2019\/05\/Mecerreyes-abril-2019-2-150x150.jpg\" class=\"attachment-thumbnail size-thumbnail\" alt=\"\" srcset=\"https:\/\/www.mecerreyes.com\/mece\/wp-content\/uploads\/2019\/05\/Mecerreyes-abril-2019-2-150x150.jpg 150w, https:\/\/www.mecerreyes.com\/mece\/wp-content\/uploads\/2019\/05\/Mecerreyes-abril-2019-2-440x440.jpg 440w\" sizes=\"(max-width: 150px) 100vw, 150px\" \/><\/a>\n\t\t\t<\/dt><\/dl><dl class='gallery-item'>\n\t\t\t<dt class='gallery-icon landscape'>\n\t\t\t\t<a  href=\"https:\/\/www.mecerreyes.com\/mece\/wp-content\/uploads\/2019\/05\/Mecerreyes-abril-2019-3.jpg\" class=\"thickbox no_icon\" title=\"\"><img loading=\"lazy\" decoding=\"async\" width=\"150\" height=\"150\" src=\"https:\/\/www.mecerreyes.com\/mece\/wp-content\/uploads\/2019\/05\/Mecerreyes-abril-2019-3-150x150.jpg\" class=\"attachment-thumbnail size-thumbnail\" alt=\"\" srcset=\"https:\/\/www.mecerreyes.com\/mece\/wp-content\/uploads\/2019\/05\/Mecerreyes-abril-2019-3-150x150.jpg 150w, https:\/\/www.mecerreyes.com\/mece\/wp-content\/uploads\/2019\/05\/Mecerreyes-abril-2019-3-440x440.jpg 440w\" sizes=\"(max-width: 150px) 100vw, 150px\" \/><\/a>\n\t\t\t<\/dt><\/dl><br style=\"clear: both\" \/>\n\t\t<\/div>\n\n<p style=\"text-align: justify;\">Una <a  href=\"https:\/\/www.mecerreyes.com\/mece\/?page_id=48\">Semana Santa<\/a> tard\u00eda que a atra\u00eddo a muchos vecinos alegrando sobremanera al pueblo.<\/p>\n<p style=\"text-align: justify;\">Morri\u00f1a de volver a casa con el regusto de que en breve tenemos otra cita todos los vecinos. <strong>\u00a1La romer\u00eda est\u00e1 pr\u00f3xima!<\/strong> Y aunque disfrutar de la casa del pueblo es un placer, lo es m\u00e1s disfrutar del pueblo y sus costumbres.<\/p>\n<h2><strong>EFEM\u00c9RIDES<\/strong><\/h2>\n<ul>\n<li>El 7, D\u00eda Mundial de la Concienciaci\u00f3n del Autismo. D\u00eda mundial de la Salud.<\/li>\n<li><strong>El 14, Domingo de Ramos.<\/strong><\/li>\n<li><strong>El 18, Jueves Santo<\/strong><\/li>\n<li><strong>El 19, Viernes Santo.<\/strong><\/li>\n<li><strong>El 21, Domingo de Resurrecci\u00f3n<\/strong><\/li>\n<li>El 22, D\u00eda Internacional de la Madre Tierra.<\/li>\n<li>El 23, D\u00eda Mundial del Libro. Fiesta Comunidad Castilla y Le\u00f3n.<\/li>\n<li>El 28, D\u00eda Mundial de la Seguridad y la Salud en el Trabajo.<\/li>\n<\/ul>\n<p>&nbsp;<\/p>\n<h2><strong><a  href=\"https:\/\/www.mecerreyes.com\/mece\/?page_id=48\">SEMANA SANTA<\/a><\/strong><\/h2>\n<p style=\"text-align: justify;\">Coincidiendo con las vacaciones escolares, muchas familias se instalaron desde el domingo de Ramos en el pueblo.<\/p>\n<p style=\"text-align: justify;\"><img loading=\"lazy\" decoding=\"async\" class=\"aligncenter size-full wp-image-18411\" src=\"http:\/\/www.mecerreyes.com\/mece\/wp-content\/uploads\/2019\/05\/Domingo-de-Ramos-Mecerreyes-14-04-2019-4.jpg\" alt=\"\" width=\"1200\" height=\"675\" srcset=\"https:\/\/www.mecerreyes.com\/mece\/wp-content\/uploads\/2019\/05\/Domingo-de-Ramos-Mecerreyes-14-04-2019-4.jpg 1200w, https:\/\/www.mecerreyes.com\/mece\/wp-content\/uploads\/2019\/05\/Domingo-de-Ramos-Mecerreyes-14-04-2019-4-300x169.jpg 300w, https:\/\/www.mecerreyes.com\/mece\/wp-content\/uploads\/2019\/05\/Domingo-de-Ramos-Mecerreyes-14-04-2019-4-768x432.jpg 768w, https:\/\/www.mecerreyes.com\/mece\/wp-content\/uploads\/2019\/05\/Domingo-de-Ramos-Mecerreyes-14-04-2019-4-1024x576.jpg 1024w, https:\/\/www.mecerreyes.com\/mece\/wp-content\/uploads\/2019\/05\/Domingo-de-Ramos-Mecerreyes-14-04-2019-4-1080x608.jpg 1080w\" sizes=\"(max-width: 1200px) 100vw, 1200px\" \/><\/p>\n<p style=\"text-align: justify;\">Los actos religiosos siguen congregando a los guiletos, momentos de fe, se mezclan con las citas en los chamizos, reuniones familiares o tradicionales.<\/p>\n<p style=\"text-align: justify;\">La noche de jueves Santo llen\u00f3 el sal\u00f3n del <a  href=\"https:\/\/www.mecerreyes.com\/mece\/?page_id=24\">Ayuntamiento<\/a> para presenciar la subasta de los cirineos a cargo un a\u00f1o m\u00e1s de Jes\u00fas D\u00edez (Colores), con su peculiar forma de decir <em>\u201c\u00bfhay qui\u00e9n?, \u00bfno hay qui\u00e9n de m\u00e1s? A la una, \u00bfno hay qui\u00e9n? A las dos \u00bfno hay qui\u00e9n? a las tres.<\/em> Dej\u00f3 rematado en 60 \u20ac el derecho a llevar la cruz a Roberto y Paco.<\/p>\n<p style=\"text-align: justify;\">La lluvia retras\u00f3 el comienzo del V\u00eda Crucis el viernes, pero se complet\u00f3 el recorrido, soportando la incomodidad de los paraguas, el fr\u00edo y viento.<\/p>\n<p style=\"text-align: justify;\"><img loading=\"lazy\" decoding=\"async\" class=\"aligncenter size-full wp-image-18416\" src=\"http:\/\/www.mecerreyes.com\/mece\/wp-content\/uploads\/2019\/05\/Viernes-Santo-Mecerreyes-19-04-2019-5.jpg\" alt=\"\" width=\"1400\" height=\"787\" srcset=\"https:\/\/www.mecerreyes.com\/mece\/wp-content\/uploads\/2019\/05\/Viernes-Santo-Mecerreyes-19-04-2019-5.jpg 1400w, https:\/\/www.mecerreyes.com\/mece\/wp-content\/uploads\/2019\/05\/Viernes-Santo-Mecerreyes-19-04-2019-5-300x169.jpg 300w, https:\/\/www.mecerreyes.com\/mece\/wp-content\/uploads\/2019\/05\/Viernes-Santo-Mecerreyes-19-04-2019-5-768x432.jpg 768w, https:\/\/www.mecerreyes.com\/mece\/wp-content\/uploads\/2019\/05\/Viernes-Santo-Mecerreyes-19-04-2019-5-1024x576.jpg 1024w, https:\/\/www.mecerreyes.com\/mece\/wp-content\/uploads\/2019\/05\/Viernes-Santo-Mecerreyes-19-04-2019-5-1080x607.jpg 1080w\" sizes=\"(max-width: 1400px) 100vw, 1400px\" \/><\/p>\n<p style=\"text-align: justify;\">Oraci\u00f3n, sencillez, sentimiento, sacrificio\u2026, toman distancia con los actos m\u00e1s \u201cfolcl\u00f3ricos\u201d de otras zonas de la geograf\u00eda.<\/p>\n<p style=\"text-align: justify;\">Llegamos a la Pascua de Resurrecci\u00f3n procesionando la talla del Cristo resucitado los hombres, que van al encuentro con la de la Virgen Mar\u00eda vestida ya de blanco llevada a hombros por las mujeres.<\/p>\n<p style=\"text-align: justify;\">Una generaci\u00f3n que lo vivi\u00f3 en su juventud y siguen dando testimonio de lo que es la <a  href=\"https:\/\/www.mecerreyes.com\/mece\/?page_id=48\">Semana Santa<\/a> en Mecerreyes.<\/p>\n<h2 style=\"text-align: justify;\"><strong>ROMER\u00cdA 2019<\/strong><\/h2>\n<p style=\"text-align: justify;\">Con ilusiones renovadas la Cofrad\u00eda <a  href=\"https:\/\/www.mecerreyes.com\/mece\/?page_id=58\">San Mart\u00edn<\/a> y Virgen del Camino prepara la decimosexta romer\u00eda.<\/p>\n<p style=\"text-align: justify;\">Lo que empez\u00f3 procesionando a la Virgen por las calles de Mecerreyes en los primeros a\u00f1os, se ha convertido en un camino de oraci\u00f3n y alegr\u00eda hasta la ermita, y en una cita obligada para todos nosotros.<\/p>\n<p style=\"text-align: justify;\">A\u00f1o tras a\u00f1o pedimos protecci\u00f3n, consuelo y gu\u00eda para los nuestros.<\/p>\n<p style=\"text-align: justify;\">Poder pasar un d\u00eda romero con la familia, amigos y vecinos, lo convierte en un acto religioso tradicional muy ligado a nuestra cultura.<\/p>\n<p style=\"text-align: justify;\">La cita ser\u00e1 el <strong><span style=\"color: #ff0000;\">s\u00e1bado 25 de mayo<\/span><\/strong>, saldremos de la iglesia a las 12:00 para presumir de nuestra talla, de ermita y de fieles romeros.<\/p>\n<p><strong>S\u00e1bado 25 de mayo 2019<\/strong><\/p>\n<ul>\n<li>12:00 h. \u2013 Subida\u00a0en procesi\u00f3n de la Virgen rezando en Rosario.<\/li>\n<li>12:30 h. \u2013 Santa Misa.<\/li>\n<li>Reparto de boletos para la paella 6\u20ac.<\/li>\n<li>Comida com\u00fan: Paella, pan, vino, chupito, helado y caf\u00e9 para los asistentes.<\/li>\n<li>18:00 h. \u2013 Rezo de V\u00edsperas.<\/li>\n<li>18:30 h. \u2013 Rifa de un jam\u00f3n, chocolatada y baile.<\/li>\n<\/ul>\n<p style=\"text-align: justify;\">Pod\u00e9is apuntaros informando a Ra\u00fal-679228514, \u00d3scar- 619331499 y Silvia 620103818, en el pueblo o llamando por tel\u00e9fono. Tenemos de plazo para apuntarnos hasta el d\u00eda 22, as\u00ed organizaremos mejor las compras.<\/p>\n<p style=\"text-align: justify;\">Puedes mantenerte informado de todos los actos y horarios a trav\u00e9s de la p\u00e1gina web <a  href=\"http:\/\/www.mecerreyes.com\">www.mecerreyes.com<\/a>,\u00a0 o en la <a  href=\"https:\/\/www.mecerreyes.com\/mece\/?page_id=35\">parroquia<\/a>.<\/p>\n<p style=\"text-align: justify;\"><img loading=\"lazy\" decoding=\"async\" class=\"aligncenter size-full wp-image-18431\" src=\"http:\/\/www.mecerreyes.com\/mece\/wp-content\/uploads\/2019\/05\/Mecerreyes-Cartel-ROMER\u00cdA-25-05-2019.jpg\" alt=\"\" width=\"844\" height=\"597\" srcset=\"https:\/\/www.mecerreyes.com\/mece\/wp-content\/uploads\/2019\/05\/Mecerreyes-Cartel-ROMER\u00cdA-25-05-2019.jpg 844w, https:\/\/www.mecerreyes.com\/mece\/wp-content\/uploads\/2019\/05\/Mecerreyes-Cartel-ROMER\u00cdA-25-05-2019-300x212.jpg 300w, https:\/\/www.mecerreyes.com\/mece\/wp-content\/uploads\/2019\/05\/Mecerreyes-Cartel-ROMER\u00cdA-25-05-2019-768x543.jpg 768w, https:\/\/www.mecerreyes.com\/mece\/wp-content\/uploads\/2019\/05\/Mecerreyes-Cartel-ROMER\u00cdA-25-05-2019-400x284.jpg 400w\" sizes=\"(max-width: 844px) 100vw, 844px\" \/><\/p>\n<h2 style=\"text-align: justify;\"><strong>MUSEOS VIVOS<\/strong><\/h2>\n<p style=\"text-align: justify;\">Meses de trabajo que por fin ven terminado el gran proyecto de la Asociaci\u00f3n Cultural Mecerreyes. <strong>EL MUSEO DE CARNAVAL, ZARRAMACADAS Y CORRIDA DEL GALLO.<\/strong><\/p>\n<p style=\"text-align: justify;\">El sistema de petici\u00f3n de cita est\u00e1 activo, los sistemas electr\u00f3nicos funcionando, fotograf\u00edas, iluminaci\u00f3n, maniqu\u00edes, carteler\u00eda, todo a punto para ser visitado.<\/p>\n<p style=\"text-align: justify;\">Este mes de abril, han sido muchos los que han disfrutado de este gran espacio dedicado al carnaval, siendo muy satisfactorias sus rese\u00f1as.<\/p>\n<p style=\"text-align: justify;\">La cita con las urnas tanto del mes de abril como el mes de mayo interrumpe puntualmente las visitas, ya que Las Escuelas como sal\u00f3n de usos m\u00faltiples, ser\u00e1 utilizado como colegio electoral.<\/p>\n<p style=\"text-align: justify;\">Pod\u00e9is visitar la web <a  href=\"http:\/\/www.musesosvivos.com\" target=\"_blank\" rel=\"noopener noreferrer\">www.musesosvivos.com<\/a> para comprender la magnitud del proyecto, y el salto internacional que el uso de las nuevas tecnolog\u00edas supone para los pueblos que participan en \u00e9l.<\/p>\n<p style=\"text-align: justify;\">Si descarg\u00e1is la aplicaci\u00f3n <a  href=\"http:\/\/www.museosvivos.com\" target=\"_blank\" rel=\"noopener noreferrer\">www.museosvivos.com<\/a> \u00a0podr\u00e9is tener acceso a las diferentes claves y normas que abrir\u00e1n las puertas de cada uno de los espacios que se pueden visitar.<\/p>\n<p><iframe loading=\"lazy\" src=\"https:\/\/player.vimeo.com\/video\/327354561?app_id=122963\" width=\"1080\" height=\"608\" frameborder=\"0\" title=\"Mecerreyes carnaval\" allow=\"autoplay; fullscreen\" allowfullscreen><\/iframe><\/p>\n<p style=\"text-align: justify;\"><img loading=\"lazy\" decoding=\"async\" class=\"aligncenter size-full wp-image-18442\" src=\"http:\/\/www.mecerreyes.com\/mece\/wp-content\/uploads\/2019\/05\/Mecerreyes-visita-Museo-del-Carnaval-Zarramacadas-y-Corrida-del-Gallo-abril-2019.jpg\" alt=\"\" width=\"589\" height=\"537\" srcset=\"https:\/\/www.mecerreyes.com\/mece\/wp-content\/uploads\/2019\/05\/Mecerreyes-visita-Museo-del-Carnaval-Zarramacadas-y-Corrida-del-Gallo-abril-2019.jpg 589w, https:\/\/www.mecerreyes.com\/mece\/wp-content\/uploads\/2019\/05\/Mecerreyes-visita-Museo-del-Carnaval-Zarramacadas-y-Corrida-del-Gallo-abril-2019-300x274.jpg 300w\" sizes=\"(max-width: 589px) 100vw, 589px\" \/><\/p>\n<p><a  href=\"http:\/\/www.elcorreodeburgos.com\/noticias\/provincia\/proyecto-museos-vivos-busca-dar-salto-exterior_191780.html\" target=\"_blank\" rel=\"noopener noreferrer\">http:\/\/www.elcorreodeburgos.com\/noticias\/provincia\/proyecto-museos-vivos-busca-dar-salto-exterior_191780.html<\/a><\/p>\n<p>&nbsp;<\/p>\n<p><strong>\u00a0<img loading=\"lazy\" decoding=\"async\" class=\"aligncenter size-full wp-image-18446\" src=\"http:\/\/www.mecerreyes.com\/mece\/wp-content\/uploads\/2019\/05\/Mecerreyes-Museos-Vivos.jpg\" alt=\"\" width=\"377\" height=\"569\" srcset=\"https:\/\/www.mecerreyes.com\/mece\/wp-content\/uploads\/2019\/05\/Mecerreyes-Museos-Vivos.jpg 377w, https:\/\/www.mecerreyes.com\/mece\/wp-content\/uploads\/2019\/05\/Mecerreyes-Museos-Vivos-199x300.jpg 199w\" sizes=\"(max-width: 377px) 100vw, 377px\" \/><\/strong><\/p>\n<h2><\/h2>\n<h2><strong>ELECCIONES<\/strong><\/h2>\n<p style=\"text-align: justify;\"><strong>GENERALES<\/strong><\/p>\n<p style=\"text-align: justify;\">Con un censo de 179 vecinos con derecho a voto, el pasado d\u00eda 28 de abril acudimos a las urnas el 72,63% de los mismos, una jornada tranquila, sin incidentes que dio como resultado los siguientes datos.<\/p>\n<p style=\"text-align: justify;\"><img loading=\"lazy\" decoding=\"async\" class=\"aligncenter size-full wp-image-18406\" src=\"http:\/\/www.mecerreyes.com\/mece\/wp-content\/uploads\/2019\/05\/Mecerreyes-resultados-elecciones-28-04-2019.jpg\" alt=\"\" width=\"632\" height=\"843\" srcset=\"https:\/\/www.mecerreyes.com\/mece\/wp-content\/uploads\/2019\/05\/Mecerreyes-resultados-elecciones-28-04-2019.jpg 632w, https:\/\/www.mecerreyes.com\/mece\/wp-content\/uploads\/2019\/05\/Mecerreyes-resultados-elecciones-28-04-2019-225x300.jpg 225w\" sizes=\"(max-width: 632px) 100vw, 632px\" \/><\/p>\n<p style=\"text-align: justify;\"><strong>MUNICIPALES<\/strong><\/p>\n<p style=\"text-align: justify;\">Siguiendo los cauces legales, este mes hemos conocido la circunscripci\u00f3n electoral de Mecerreyes para la pr\u00f3xima cita democr\u00e1tica que tendr\u00e1 lugar el 26 de mayo.<\/p>\n<p style=\"text-align: justify;\">Los 179 vecinos podremos apoyar o no con nuestro voto a los candidatos propuestos.<\/p>\n<p style=\"text-align: justify;\">Esperamos una buena cuota de participaci\u00f3n que de respaldo durante los pr\u00f3ximos 4 a\u00f1os a la nueva corporaci\u00f3n.<\/p>\n<p>&nbsp;<\/p>\n<p><strong>\u00a0<img loading=\"lazy\" decoding=\"async\" class=\"aligncenter size-full wp-image-18443\" src=\"http:\/\/www.mecerreyes.com\/mece\/wp-content\/uploads\/2019\/05\/Mecerreyes-Candidaturas-Elecciones-Municipales-del-28-05-2019.jpg\" alt=\"\" width=\"483\" height=\"355\" srcset=\"https:\/\/www.mecerreyes.com\/mece\/wp-content\/uploads\/2019\/05\/Mecerreyes-Candidaturas-Elecciones-Municipales-del-28-05-2019.jpg 483w, https:\/\/www.mecerreyes.com\/mece\/wp-content\/uploads\/2019\/05\/Mecerreyes-Candidaturas-Elecciones-Municipales-del-28-05-2019-300x220.jpg 300w\" sizes=\"(max-width: 483px) 100vw, 483px\" \/><\/strong><\/p>\n<p><strong>\u00a0<\/strong><\/p>\n<h2><strong>REFRANERO<\/strong><\/h2>\n<ul>\n<li><em>\u201cEn abril la helada, sigue a la granizada\u201d.<\/em><\/li>\n<li><em>\u201cEl invierno no pasado hasta que abril no haya acabado\u201d.<\/em><\/li>\n<li><em>\u201cabril lluvioso hace a mayo hermoso\u201d.<\/em><\/li>\n<li><em>\u201cabril sonriente, mata de fr\u00edo a la gente\u201d.<\/em><\/li>\n<li><em>\u201cLa llegada de abril, es Primavera; la savia y la sangre altera\u201d.<\/em><\/li>\n<\/ul>\n<p>&nbsp;<\/p>\n<h2><span style=\"color: #0000ff;\">DOMINGO DE RAMOS<\/span><\/h2>\n\n\t\t<style type=\"text\/css\">\n\t\t\t#gallery-2 {\n\t\t\t\tmargin: auto;\n\t\t\t}\n\t\t\t#gallery-2 .gallery-item {\n\t\t\t\tfloat: left;\n\t\t\t\tmargin-top: 10px;\n\t\t\t\ttext-align: center;\n\t\t\t\twidth: 33%;\n\t\t\t}\n\t\t\t#gallery-2 img {\n\t\t\t\tborder: 2px solid #cfcfcf;\n\t\t\t}\n\t\t\t#gallery-2 .gallery-caption {\n\t\t\t\tmargin-left: 0;\n\t\t\t}\n\t\t\t\/* see gallery_shortcode() in wp-includes\/media.php *\/\n\t\t<\/style>\n\t\t<div id='gallery-2' class='gallery galleryid-18404 gallery-columns-3 gallery-size-thumbnail'><dl class='gallery-item'>\n\t\t\t<dt class='gallery-icon landscape'>\n\t\t\t\t<a  href=\"https:\/\/www.mecerreyes.com\/mece\/wp-content\/uploads\/2019\/05\/Domingo-de-Ramos-Mecerreyes-14-04-2019-1.jpg\" class=\"thickbox no_icon\" title=\"\"><img loading=\"lazy\" decoding=\"async\" width=\"150\" height=\"150\" src=\"https:\/\/www.mecerreyes.com\/mece\/wp-content\/uploads\/2019\/05\/Domingo-de-Ramos-Mecerreyes-14-04-2019-1-150x150.jpg\" class=\"attachment-thumbnail size-thumbnail\" alt=\"\" srcset=\"https:\/\/www.mecerreyes.com\/mece\/wp-content\/uploads\/2019\/05\/Domingo-de-Ramos-Mecerreyes-14-04-2019-1-150x150.jpg 150w, https:\/\/www.mecerreyes.com\/mece\/wp-content\/uploads\/2019\/05\/Domingo-de-Ramos-Mecerreyes-14-04-2019-1-440x440.jpg 440w\" sizes=\"(max-width: 150px) 100vw, 150px\" \/><\/a>\n\t\t\t<\/dt><\/dl><dl class='gallery-item'>\n\t\t\t<dt class='gallery-icon landscape'>\n\t\t\t\t<a  href=\"https:\/\/www.mecerreyes.com\/mece\/wp-content\/uploads\/2019\/05\/Domingo-de-Ramos-Mecerreyes-14-04-2019-2.jpg\" class=\"thickbox no_icon\" title=\"\"><img loading=\"lazy\" decoding=\"async\" width=\"150\" height=\"150\" src=\"https:\/\/www.mecerreyes.com\/mece\/wp-content\/uploads\/2019\/05\/Domingo-de-Ramos-Mecerreyes-14-04-2019-2-150x150.jpg\" class=\"attachment-thumbnail size-thumbnail\" alt=\"\" srcset=\"https:\/\/www.mecerreyes.com\/mece\/wp-content\/uploads\/2019\/05\/Domingo-de-Ramos-Mecerreyes-14-04-2019-2-150x150.jpg 150w, https:\/\/www.mecerreyes.com\/mece\/wp-content\/uploads\/2019\/05\/Domingo-de-Ramos-Mecerreyes-14-04-2019-2-440x440.jpg 440w\" sizes=\"(max-width: 150px) 100vw, 150px\" \/><\/a>\n\t\t\t<\/dt><\/dl><dl class='gallery-item'>\n\t\t\t<dt class='gallery-icon landscape'>\n\t\t\t\t<a  href=\"https:\/\/www.mecerreyes.com\/mece\/wp-content\/uploads\/2019\/05\/Domingo-de-Ramos-Mecerreyes-14-04-2019-3.jpg\" class=\"thickbox no_icon\" title=\"\"><img loading=\"lazy\" decoding=\"async\" width=\"150\" height=\"150\" src=\"https:\/\/www.mecerreyes.com\/mece\/wp-content\/uploads\/2019\/05\/Domingo-de-Ramos-Mecerreyes-14-04-2019-3-150x150.jpg\" class=\"attachment-thumbnail size-thumbnail\" alt=\"\" srcset=\"https:\/\/www.mecerreyes.com\/mece\/wp-content\/uploads\/2019\/05\/Domingo-de-Ramos-Mecerreyes-14-04-2019-3-150x150.jpg 150w, https:\/\/www.mecerreyes.com\/mece\/wp-content\/uploads\/2019\/05\/Domingo-de-Ramos-Mecerreyes-14-04-2019-3-440x440.jpg 440w\" sizes=\"(max-width: 150px) 100vw, 150px\" \/><\/a>\n\t\t\t<\/dt><\/dl><br style=\"clear: both\" \/>\n\t\t<\/div>\n\n<p>&nbsp;<\/p>\n<h2><span style=\"color: #0000ff;\">VIERNES SANTO<\/span><\/h2>\n\n\t\t<style type=\"text\/css\">\n\t\t\t#gallery-3 {\n\t\t\t\tmargin: auto;\n\t\t\t}\n\t\t\t#gallery-3 .gallery-item {\n\t\t\t\tfloat: left;\n\t\t\t\tmargin-top: 10px;\n\t\t\t\ttext-align: center;\n\t\t\t\twidth: 33%;\n\t\t\t}\n\t\t\t#gallery-3 img {\n\t\t\t\tborder: 2px solid #cfcfcf;\n\t\t\t}\n\t\t\t#gallery-3 .gallery-caption {\n\t\t\t\tmargin-left: 0;\n\t\t\t}\n\t\t\t\/* see gallery_shortcode() in wp-includes\/media.php *\/\n\t\t<\/style>\n\t\t<div id='gallery-3' class='gallery galleryid-18404 gallery-columns-3 gallery-size-thumbnail'><dl class='gallery-item'>\n\t\t\t<dt class='gallery-icon landscape'>\n\t\t\t\t<a  href=\"https:\/\/www.mecerreyes.com\/mece\/wp-content\/uploads\/2019\/05\/Viernes-Santo-Mecerreyes-19-04-2019-12.jpg\" class=\"thickbox no_icon\" title=\"\"><img loading=\"lazy\" decoding=\"async\" width=\"150\" height=\"150\" src=\"https:\/\/www.mecerreyes.com\/mece\/wp-content\/uploads\/2019\/05\/Viernes-Santo-Mecerreyes-19-04-2019-12-150x150.jpg\" class=\"attachment-thumbnail size-thumbnail\" alt=\"\" srcset=\"https:\/\/www.mecerreyes.com\/mece\/wp-content\/uploads\/2019\/05\/Viernes-Santo-Mecerreyes-19-04-2019-12-150x150.jpg 150w, https:\/\/www.mecerreyes.com\/mece\/wp-content\/uploads\/2019\/05\/Viernes-Santo-Mecerreyes-19-04-2019-12-440x440.jpg 440w\" sizes=\"(max-width: 150px) 100vw, 150px\" \/><\/a>\n\t\t\t<\/dt><\/dl><dl class='gallery-item'>\n\t\t\t<dt class='gallery-icon landscape'>\n\t\t\t\t<a  href=\"https:\/\/www.mecerreyes.com\/mece\/wp-content\/uploads\/2019\/05\/Viernes-Santo-Mecerreyes-19-04-2019-1.jpg\" class=\"thickbox no_icon\" title=\"\"><img loading=\"lazy\" decoding=\"async\" width=\"150\" height=\"150\" src=\"https:\/\/www.mecerreyes.com\/mece\/wp-content\/uploads\/2019\/05\/Viernes-Santo-Mecerreyes-19-04-2019-1-150x150.jpg\" class=\"attachment-thumbnail size-thumbnail\" alt=\"\" srcset=\"https:\/\/www.mecerreyes.com\/mece\/wp-content\/uploads\/2019\/05\/Viernes-Santo-Mecerreyes-19-04-2019-1-150x150.jpg 150w, https:\/\/www.mecerreyes.com\/mece\/wp-content\/uploads\/2019\/05\/Viernes-Santo-Mecerreyes-19-04-2019-1-440x440.jpg 440w\" sizes=\"(max-width: 150px) 100vw, 150px\" \/><\/a>\n\t\t\t<\/dt><\/dl><dl class='gallery-item'>\n\t\t\t<dt class='gallery-icon landscape'>\n\t\t\t\t<a  href=\"https:\/\/www.mecerreyes.com\/mece\/wp-content\/uploads\/2019\/05\/Viernes-Santo-Mecerreyes-19-04-2019-13.jpg\" class=\"thickbox no_icon\" title=\"\"><img loading=\"lazy\" decoding=\"async\" width=\"150\" height=\"150\" src=\"https:\/\/www.mecerreyes.com\/mece\/wp-content\/uploads\/2019\/05\/Viernes-Santo-Mecerreyes-19-04-2019-13-150x150.jpg\" class=\"attachment-thumbnail size-thumbnail\" alt=\"\" srcset=\"https:\/\/www.mecerreyes.com\/mece\/wp-content\/uploads\/2019\/05\/Viernes-Santo-Mecerreyes-19-04-2019-13-150x150.jpg 150w, https:\/\/www.mecerreyes.com\/mece\/wp-content\/uploads\/2019\/05\/Viernes-Santo-Mecerreyes-19-04-2019-13-440x440.jpg 440w\" sizes=\"(max-width: 150px) 100vw, 150px\" \/><\/a>\n\t\t\t<\/dt><\/dl><br style=\"clear: both\" \/><dl class='gallery-item'>\n\t\t\t<dt class='gallery-icon landscape'>\n\t\t\t\t<a  href=\"https:\/\/www.mecerreyes.com\/mece\/wp-content\/uploads\/2019\/05\/Viernes-Santo-Mecerreyes-19-04-2019-3.jpg\" class=\"thickbox no_icon\" title=\"\"><img loading=\"lazy\" decoding=\"async\" width=\"150\" height=\"150\" src=\"https:\/\/www.mecerreyes.com\/mece\/wp-content\/uploads\/2019\/05\/Viernes-Santo-Mecerreyes-19-04-2019-3-150x150.jpg\" class=\"attachment-thumbnail size-thumbnail\" alt=\"\" srcset=\"https:\/\/www.mecerreyes.com\/mece\/wp-content\/uploads\/2019\/05\/Viernes-Santo-Mecerreyes-19-04-2019-3-150x150.jpg 150w, https:\/\/www.mecerreyes.com\/mece\/wp-content\/uploads\/2019\/05\/Viernes-Santo-Mecerreyes-19-04-2019-3-440x440.jpg 440w\" sizes=\"(max-width: 150px) 100vw, 150px\" \/><\/a>\n\t\t\t<\/dt><\/dl><dl class='gallery-item'>\n\t\t\t<dt class='gallery-icon landscape'>\n\t\t\t\t<a  href=\"https:\/\/www.mecerreyes.com\/mece\/wp-content\/uploads\/2019\/05\/Viernes-Santo-Mecerreyes-19-04-2019-2.jpg\" class=\"thickbox no_icon\" title=\"\"><img loading=\"lazy\" decoding=\"async\" width=\"150\" height=\"150\" src=\"https:\/\/www.mecerreyes.com\/mece\/wp-content\/uploads\/2019\/05\/Viernes-Santo-Mecerreyes-19-04-2019-2-150x150.jpg\" class=\"attachment-thumbnail size-thumbnail\" alt=\"\" srcset=\"https:\/\/www.mecerreyes.com\/mece\/wp-content\/uploads\/2019\/05\/Viernes-Santo-Mecerreyes-19-04-2019-2-150x150.jpg 150w, https:\/\/www.mecerreyes.com\/mece\/wp-content\/uploads\/2019\/05\/Viernes-Santo-Mecerreyes-19-04-2019-2-440x440.jpg 440w\" sizes=\"(max-width: 150px) 100vw, 150px\" \/><\/a>\n\t\t\t<\/dt><\/dl><dl class='gallery-item'>\n\t\t\t<dt class='gallery-icon landscape'>\n\t\t\t\t<a  href=\"https:\/\/www.mecerreyes.com\/mece\/wp-content\/uploads\/2019\/05\/Viernes-Santo-Mecerreyes-19-04-2019-7.jpg\" class=\"thickbox no_icon\" title=\"\"><img loading=\"lazy\" decoding=\"async\" width=\"150\" height=\"150\" src=\"https:\/\/www.mecerreyes.com\/mece\/wp-content\/uploads\/2019\/05\/Viernes-Santo-Mecerreyes-19-04-2019-7-150x150.jpg\" class=\"attachment-thumbnail size-thumbnail\" alt=\"\" srcset=\"https:\/\/www.mecerreyes.com\/mece\/wp-content\/uploads\/2019\/05\/Viernes-Santo-Mecerreyes-19-04-2019-7-150x150.jpg 150w, https:\/\/www.mecerreyes.com\/mece\/wp-content\/uploads\/2019\/05\/Viernes-Santo-Mecerreyes-19-04-2019-7-440x440.jpg 440w\" sizes=\"(max-width: 150px) 100vw, 150px\" \/><\/a>\n\t\t\t<\/dt><\/dl><br style=\"clear: both\" \/><dl class='gallery-item'>\n\t\t\t<dt class='gallery-icon landscape'>\n\t\t\t\t<a  href=\"https:\/\/www.mecerreyes.com\/mece\/wp-content\/uploads\/2019\/05\/Viernes-Santo-Mecerreyes-19-04-2019-14.jpg\" class=\"thickbox no_icon\" title=\"\"><img loading=\"lazy\" decoding=\"async\" width=\"150\" height=\"150\" src=\"https:\/\/www.mecerreyes.com\/mece\/wp-content\/uploads\/2019\/05\/Viernes-Santo-Mecerreyes-19-04-2019-14-150x150.jpg\" class=\"attachment-thumbnail size-thumbnail\" alt=\"\" srcset=\"https:\/\/www.mecerreyes.com\/mece\/wp-content\/uploads\/2019\/05\/Viernes-Santo-Mecerreyes-19-04-2019-14-150x150.jpg 150w, https:\/\/www.mecerreyes.com\/mece\/wp-content\/uploads\/2019\/05\/Viernes-Santo-Mecerreyes-19-04-2019-14-440x440.jpg 440w\" sizes=\"(max-width: 150px) 100vw, 150px\" \/><\/a>\n\t\t\t<\/dt><\/dl><dl class='gallery-item'>\n\t\t\t<dt class='gallery-icon landscape'>\n\t\t\t\t<a  href=\"https:\/\/www.mecerreyes.com\/mece\/wp-content\/uploads\/2019\/05\/Viernes-Santo-Mecerreyes-19-04-2019-4.jpg\" class=\"thickbox no_icon\" title=\"\"><img loading=\"lazy\" decoding=\"async\" width=\"150\" height=\"150\" src=\"https:\/\/www.mecerreyes.com\/mece\/wp-content\/uploads\/2019\/05\/Viernes-Santo-Mecerreyes-19-04-2019-4-150x150.jpg\" class=\"attachment-thumbnail size-thumbnail\" alt=\"\" srcset=\"https:\/\/www.mecerreyes.com\/mece\/wp-content\/uploads\/2019\/05\/Viernes-Santo-Mecerreyes-19-04-2019-4-150x150.jpg 150w, https:\/\/www.mecerreyes.com\/mece\/wp-content\/uploads\/2019\/05\/Viernes-Santo-Mecerreyes-19-04-2019-4-440x440.jpg 440w\" sizes=\"(max-width: 150px) 100vw, 150px\" \/><\/a>\n\t\t\t<\/dt><\/dl><dl class='gallery-item'>\n\t\t\t<dt class='gallery-icon landscape'>\n\t\t\t\t<a  href=\"https:\/\/www.mecerreyes.com\/mece\/wp-content\/uploads\/2019\/05\/Viernes-Santo-Mecerreyes-19-04-2019-10.jpg\" class=\"thickbox no_icon\" title=\"\"><img loading=\"lazy\" decoding=\"async\" width=\"150\" height=\"150\" src=\"https:\/\/www.mecerreyes.com\/mece\/wp-content\/uploads\/2019\/05\/Viernes-Santo-Mecerreyes-19-04-2019-10-150x150.jpg\" class=\"attachment-thumbnail size-thumbnail\" alt=\"\" srcset=\"https:\/\/www.mecerreyes.com\/mece\/wp-content\/uploads\/2019\/05\/Viernes-Santo-Mecerreyes-19-04-2019-10-150x150.jpg 150w, https:\/\/www.mecerreyes.com\/mece\/wp-content\/uploads\/2019\/05\/Viernes-Santo-Mecerreyes-19-04-2019-10-440x440.jpg 440w\" sizes=\"(max-width: 150px) 100vw, 150px\" \/><\/a>\n\t\t\t<\/dt><\/dl><br style=\"clear: both\" \/><dl class='gallery-item'>\n\t\t\t<dt class='gallery-icon landscape'>\n\t\t\t\t<a  href=\"https:\/\/www.mecerreyes.com\/mece\/wp-content\/uploads\/2019\/05\/Viernes-Santo-Mecerreyes-19-04-2019-8.jpg\" class=\"thickbox no_icon\" title=\"\"><img loading=\"lazy\" decoding=\"async\" width=\"150\" height=\"150\" src=\"https:\/\/www.mecerreyes.com\/mece\/wp-content\/uploads\/2019\/05\/Viernes-Santo-Mecerreyes-19-04-2019-8-150x150.jpg\" class=\"attachment-thumbnail size-thumbnail\" alt=\"\" srcset=\"https:\/\/www.mecerreyes.com\/mece\/wp-content\/uploads\/2019\/05\/Viernes-Santo-Mecerreyes-19-04-2019-8-150x150.jpg 150w, https:\/\/www.mecerreyes.com\/mece\/wp-content\/uploads\/2019\/05\/Viernes-Santo-Mecerreyes-19-04-2019-8-440x440.jpg 440w\" sizes=\"(max-width: 150px) 100vw, 150px\" \/><\/a>\n\t\t\t<\/dt><\/dl><dl class='gallery-item'>\n\t\t\t<dt class='gallery-icon landscape'>\n\t\t\t\t<a  href=\"https:\/\/www.mecerreyes.com\/mece\/wp-content\/uploads\/2019\/05\/Viernes-Santo-Mecerreyes-19-04-2019-6.jpg\" class=\"thickbox no_icon\" title=\"\"><img loading=\"lazy\" decoding=\"async\" width=\"150\" height=\"150\" src=\"https:\/\/www.mecerreyes.com\/mece\/wp-content\/uploads\/2019\/05\/Viernes-Santo-Mecerreyes-19-04-2019-6-150x150.jpg\" class=\"attachment-thumbnail size-thumbnail\" alt=\"\" srcset=\"https:\/\/www.mecerreyes.com\/mece\/wp-content\/uploads\/2019\/05\/Viernes-Santo-Mecerreyes-19-04-2019-6-150x150.jpg 150w, https:\/\/www.mecerreyes.com\/mece\/wp-content\/uploads\/2019\/05\/Viernes-Santo-Mecerreyes-19-04-2019-6-440x440.jpg 440w\" sizes=\"(max-width: 150px) 100vw, 150px\" \/><\/a>\n\t\t\t<\/dt><\/dl><dl class='gallery-item'>\n\t\t\t<dt class='gallery-icon landscape'>\n\t\t\t\t<a  href=\"https:\/\/www.mecerreyes.com\/mece\/wp-content\/uploads\/2019\/05\/Viernes-Santo-Mecerreyes-19-04-2019-11.jpg\" class=\"thickbox no_icon\" title=\"\"><img loading=\"lazy\" decoding=\"async\" width=\"150\" height=\"150\" src=\"https:\/\/www.mecerreyes.com\/mece\/wp-content\/uploads\/2019\/05\/Viernes-Santo-Mecerreyes-19-04-2019-11-150x150.jpg\" class=\"attachment-thumbnail size-thumbnail\" alt=\"\" srcset=\"https:\/\/www.mecerreyes.com\/mece\/wp-content\/uploads\/2019\/05\/Viernes-Santo-Mecerreyes-19-04-2019-11-150x150.jpg 150w, https:\/\/www.mecerreyes.com\/mece\/wp-content\/uploads\/2019\/05\/Viernes-Santo-Mecerreyes-19-04-2019-11-440x440.jpg 440w\" sizes=\"(max-width: 150px) 100vw, 150px\" \/><\/a>\n\t\t\t<\/dt><\/dl><br style=\"clear: both\" \/>\n\t\t<\/div>\n\n<h2><span style=\"color: #0000ff;\">DOMINGO DE PASCUA<\/span><\/h2>\n\n\t\t<style type=\"text\/css\">\n\t\t\t#gallery-4 {\n\t\t\t\tmargin: auto;\n\t\t\t}\n\t\t\t#gallery-4 .gallery-item {\n\t\t\t\tfloat: left;\n\t\t\t\tmargin-top: 10px;\n\t\t\t\ttext-align: center;\n\t\t\t\twidth: 33%;\n\t\t\t}\n\t\t\t#gallery-4 img {\n\t\t\t\tborder: 2px solid #cfcfcf;\n\t\t\t}\n\t\t\t#gallery-4 .gallery-caption {\n\t\t\t\tmargin-left: 0;\n\t\t\t}\n\t\t\t\/* see gallery_shortcode() in wp-includes\/media.php *\/\n\t\t<\/style>\n\t\t<div id='gallery-4' class='gallery galleryid-18404 gallery-columns-3 gallery-size-thumbnail'><dl class='gallery-item'>\n\t\t\t<dt class='gallery-icon landscape'>\n\t\t\t\t<a  href=\"https:\/\/www.mecerreyes.com\/mece\/wp-content\/uploads\/2019\/05\/Domingo-de-Pascua-Mecerreyes-21-04-2019-1.jpg\" class=\"thickbox no_icon\" title=\"\"><img loading=\"lazy\" decoding=\"async\" width=\"150\" height=\"150\" src=\"https:\/\/www.mecerreyes.com\/mece\/wp-content\/uploads\/2019\/05\/Domingo-de-Pascua-Mecerreyes-21-04-2019-1-150x150.jpg\" class=\"attachment-thumbnail size-thumbnail\" alt=\"\" srcset=\"https:\/\/www.mecerreyes.com\/mece\/wp-content\/uploads\/2019\/05\/Domingo-de-Pascua-Mecerreyes-21-04-2019-1-150x150.jpg 150w, https:\/\/www.mecerreyes.com\/mece\/wp-content\/uploads\/2019\/05\/Domingo-de-Pascua-Mecerreyes-21-04-2019-1-440x440.jpg 440w\" sizes=\"(max-width: 150px) 100vw, 150px\" \/><\/a>\n\t\t\t<\/dt><\/dl><dl class='gallery-item'>\n\t\t\t<dt class='gallery-icon landscape'>\n\t\t\t\t<a  href=\"https:\/\/www.mecerreyes.com\/mece\/wp-content\/uploads\/2019\/05\/Domingo-de-Pascua-Mecerreyes-21-04-2019-5.jpg\" class=\"thickbox no_icon\" title=\"\"><img loading=\"lazy\" decoding=\"async\" width=\"150\" height=\"150\" src=\"https:\/\/www.mecerreyes.com\/mece\/wp-content\/uploads\/2019\/05\/Domingo-de-Pascua-Mecerreyes-21-04-2019-5-150x150.jpg\" class=\"attachment-thumbnail size-thumbnail\" alt=\"\" srcset=\"https:\/\/www.mecerreyes.com\/mece\/wp-content\/uploads\/2019\/05\/Domingo-de-Pascua-Mecerreyes-21-04-2019-5-150x150.jpg 150w, https:\/\/www.mecerreyes.com\/mece\/wp-content\/uploads\/2019\/05\/Domingo-de-Pascua-Mecerreyes-21-04-2019-5-440x440.jpg 440w\" sizes=\"(max-width: 150px) 100vw, 150px\" \/><\/a>\n\t\t\t<\/dt><\/dl><dl class='gallery-item'>\n\t\t\t<dt class='gallery-icon landscape'>\n\t\t\t\t<a  href=\"https:\/\/www.mecerreyes.com\/mece\/wp-content\/uploads\/2019\/05\/Domingo-de-Pascua-Mecerreyes-21-04-2019-2.jpg\" class=\"thickbox no_icon\" title=\"\"><img loading=\"lazy\" decoding=\"async\" width=\"150\" height=\"150\" src=\"https:\/\/www.mecerreyes.com\/mece\/wp-content\/uploads\/2019\/05\/Domingo-de-Pascua-Mecerreyes-21-04-2019-2-150x150.jpg\" class=\"attachment-thumbnail size-thumbnail\" alt=\"\" srcset=\"https:\/\/www.mecerreyes.com\/mece\/wp-content\/uploads\/2019\/05\/Domingo-de-Pascua-Mecerreyes-21-04-2019-2-150x150.jpg 150w, https:\/\/www.mecerreyes.com\/mece\/wp-content\/uploads\/2019\/05\/Domingo-de-Pascua-Mecerreyes-21-04-2019-2-440x440.jpg 440w\" sizes=\"(max-width: 150px) 100vw, 150px\" \/><\/a>\n\t\t\t<\/dt><\/dl><br style=\"clear: both\" \/><dl class='gallery-item'>\n\t\t\t<dt class='gallery-icon landscape'>\n\t\t\t\t<a  href=\"https:\/\/www.mecerreyes.com\/mece\/wp-content\/uploads\/2019\/05\/Domingo-de-Pascua-Mecerreyes-21-04-2019-3.jpg\" class=\"thickbox no_icon\" title=\"\"><img loading=\"lazy\" decoding=\"async\" width=\"150\" height=\"150\" src=\"https:\/\/www.mecerreyes.com\/mece\/wp-content\/uploads\/2019\/05\/Domingo-de-Pascua-Mecerreyes-21-04-2019-3-150x150.jpg\" class=\"attachment-thumbnail size-thumbnail\" alt=\"\" srcset=\"https:\/\/www.mecerreyes.com\/mece\/wp-content\/uploads\/2019\/05\/Domingo-de-Pascua-Mecerreyes-21-04-2019-3-150x150.jpg 150w, https:\/\/www.mecerreyes.com\/mece\/wp-content\/uploads\/2019\/05\/Domingo-de-Pascua-Mecerreyes-21-04-2019-3-440x440.jpg 440w\" sizes=\"(max-width: 150px) 100vw, 150px\" \/><\/a>\n\t\t\t<\/dt><\/dl><dl class='gallery-item'>\n\t\t\t<dt class='gallery-icon landscape'>\n\t\t\t\t<a  href=\"https:\/\/www.mecerreyes.com\/mece\/wp-content\/uploads\/2019\/05\/Domingo-de-Pascua-Mecerreyes-21-04-2019-4.jpg\" class=\"thickbox no_icon\" title=\"\"><img loading=\"lazy\" decoding=\"async\" width=\"150\" height=\"150\" src=\"https:\/\/www.mecerreyes.com\/mece\/wp-content\/uploads\/2019\/05\/Domingo-de-Pascua-Mecerreyes-21-04-2019-4-150x150.jpg\" class=\"attachment-thumbnail size-thumbnail\" alt=\"\" srcset=\"https:\/\/www.mecerreyes.com\/mece\/wp-content\/uploads\/2019\/05\/Domingo-de-Pascua-Mecerreyes-21-04-2019-4-150x150.jpg 150w, https:\/\/www.mecerreyes.com\/mece\/wp-content\/uploads\/2019\/05\/Domingo-de-Pascua-Mecerreyes-21-04-2019-4-440x440.jpg 440w\" sizes=\"(max-width: 150px) 100vw, 150px\" \/><\/a>\n\t\t\t<\/dt><\/dl><dl class='gallery-item'>\n\t\t\t<dt class='gallery-icon landscape'>\n\t\t\t\t<a  href=\"https:\/\/www.mecerreyes.com\/mece\/wp-content\/uploads\/2019\/05\/Domingo-de-Pascua-Mecerreyes-21-04-2019-9.jpg\" class=\"thickbox no_icon\" title=\"\"><img loading=\"lazy\" decoding=\"async\" width=\"150\" height=\"150\" src=\"https:\/\/www.mecerreyes.com\/mece\/wp-content\/uploads\/2019\/05\/Domingo-de-Pascua-Mecerreyes-21-04-2019-9-150x150.jpg\" class=\"attachment-thumbnail size-thumbnail\" alt=\"\" srcset=\"https:\/\/www.mecerreyes.com\/mece\/wp-content\/uploads\/2019\/05\/Domingo-de-Pascua-Mecerreyes-21-04-2019-9-150x150.jpg 150w, https:\/\/www.mecerreyes.com\/mece\/wp-content\/uploads\/2019\/05\/Domingo-de-Pascua-Mecerreyes-21-04-2019-9-440x440.jpg 440w\" sizes=\"(max-width: 150px) 100vw, 150px\" \/><\/a>\n\t\t\t<\/dt><\/dl><br style=\"clear: both\" \/><dl class='gallery-item'>\n\t\t\t<dt class='gallery-icon landscape'>\n\t\t\t\t<a  href=\"https:\/\/www.mecerreyes.com\/mece\/wp-content\/uploads\/2019\/05\/Domingo-de-Pascua-Mecerreyes-21-04-2019-6.jpg\" class=\"thickbox no_icon\" title=\"\"><img loading=\"lazy\" decoding=\"async\" width=\"150\" height=\"150\" src=\"https:\/\/www.mecerreyes.com\/mece\/wp-content\/uploads\/2019\/05\/Domingo-de-Pascua-Mecerreyes-21-04-2019-6-150x150.jpg\" class=\"attachment-thumbnail size-thumbnail\" alt=\"\" srcset=\"https:\/\/www.mecerreyes.com\/mece\/wp-content\/uploads\/2019\/05\/Domingo-de-Pascua-Mecerreyes-21-04-2019-6-150x150.jpg 150w, https:\/\/www.mecerreyes.com\/mece\/wp-content\/uploads\/2019\/05\/Domingo-de-Pascua-Mecerreyes-21-04-2019-6-440x440.jpg 440w\" sizes=\"(max-width: 150px) 100vw, 150px\" \/><\/a>\n\t\t\t<\/dt><\/dl><dl class='gallery-item'>\n\t\t\t<dt class='gallery-icon portrait'>\n\t\t\t\t<a  href=\"https:\/\/www.mecerreyes.com\/mece\/wp-content\/uploads\/2019\/05\/Domingo-de-Pascua-Mecerreyes-21-04-2019-8.jpg\" class=\"thickbox no_icon\" title=\"\"><img loading=\"lazy\" decoding=\"async\" width=\"150\" height=\"150\" src=\"https:\/\/www.mecerreyes.com\/mece\/wp-content\/uploads\/2019\/05\/Domingo-de-Pascua-Mecerreyes-21-04-2019-8-150x150.jpg\" class=\"attachment-thumbnail size-thumbnail\" alt=\"\" srcset=\"https:\/\/www.mecerreyes.com\/mece\/wp-content\/uploads\/2019\/05\/Domingo-de-Pascua-Mecerreyes-21-04-2019-8-150x150.jpg 150w, https:\/\/www.mecerreyes.com\/mece\/wp-content\/uploads\/2019\/05\/Domingo-de-Pascua-Mecerreyes-21-04-2019-8-440x440.jpg 440w\" sizes=\"(max-width: 150px) 100vw, 150px\" \/><\/a>\n\t\t\t<\/dt><\/dl><dl class='gallery-item'>\n\t\t\t<dt class='gallery-icon landscape'>\n\t\t\t\t<a  href=\"https:\/\/www.mecerreyes.com\/mece\/wp-content\/uploads\/2019\/05\/Domingo-de-Pascua-Mecerreyes-21-04-2019-7.jpg\" class=\"thickbox no_icon\" title=\"\"><img loading=\"lazy\" decoding=\"async\" width=\"150\" height=\"150\" src=\"https:\/\/www.mecerreyes.com\/mece\/wp-content\/uploads\/2019\/05\/Domingo-de-Pascua-Mecerreyes-21-04-2019-7-150x150.jpg\" class=\"attachment-thumbnail size-thumbnail\" alt=\"\" srcset=\"https:\/\/www.mecerreyes.com\/mece\/wp-content\/uploads\/2019\/05\/Domingo-de-Pascua-Mecerreyes-21-04-2019-7-150x150.jpg 150w, https:\/\/www.mecerreyes.com\/mece\/wp-content\/uploads\/2019\/05\/Domingo-de-Pascua-Mecerreyes-21-04-2019-7-440x440.jpg 440w\" sizes=\"(max-width: 150px) 100vw, 150px\" \/><\/a>\n\t\t\t<\/dt><\/dl><br style=\"clear: both\" \/>\n\t\t<\/div>\n\n<h2><span style=\"color: #ff0000;\">MUSEOS VIVOS<\/span><\/h2>\n<p><iframe loading=\"lazy\" src=\"https:\/\/player.vimeo.com\/video\/316847138?app_id=122963\" width=\"1080\" height=\"608\" frameborder=\"0\" title=\"Museos_Vivos PRESENTACION VTURISTICA\" allow=\"autoplay; fullscreen\" allowfullscreen><\/iframe><\/p>\n<p>&nbsp;<\/p>\n<h2>MISA POR TV<\/h2>\n<p>El domingo 5 de mayo, en la misa retransmitida por televisi\u00f3n espa\u00f1ola, dirige la Coral, Jorge Benito Santamar\u00eda, nieto de la Sra. Cisella.<\/p>\n<p><img loading=\"lazy\" decoding=\"async\" class=\"aligncenter size-full wp-image-18456\" src=\"http:\/\/www.mecerreyes.com\/mece\/wp-content\/uploads\/2019\/05\/Misa-por-TV.jpg\" alt=\"\" width=\"1186\" height=\"1599\" srcset=\"https:\/\/www.mecerreyes.com\/mece\/wp-content\/uploads\/2019\/05\/Misa-por-TV.jpg 1186w, https:\/\/www.mecerreyes.com\/mece\/wp-content\/uploads\/2019\/05\/Misa-por-TV-223x300.jpg 223w, https:\/\/www.mecerreyes.com\/mece\/wp-content\/uploads\/2019\/05\/Misa-por-TV-768x1035.jpg 768w, https:\/\/www.mecerreyes.com\/mece\/wp-content\/uploads\/2019\/05\/Misa-por-TV-760x1024.jpg 760w, https:\/\/www.mecerreyes.com\/mece\/wp-content\/uploads\/2019\/05\/Misa-por-TV-1080x1456.jpg 1080w\" sizes=\"(max-width: 1186px) 100vw, 1186px\" \/><\/p>","protected":false},"excerpt":{"rendered":"<p>ABRIL 2019 Reci\u00e9n comenzada la primavera, este mes m\u00e1s pareciera invierno, copiosas lluvias, heladas, alg\u00fan copo de nieve y granizo han hecho del abrigo atuendo indispensable. El paisaje luce de un intenso verde, y las casas del pueblo avanzan en sus obras. Una Semana Santa tard\u00eda que a atra\u00eddo a muchos vecinos alegrando sobremanera al [&hellip;]<\/p>\n","protected":false},"author":5,"featured_media":18423,"comment_status":"open","ping_status":"closed","sticky":false,"template":"","format":"standard","meta":{"_et_pb_use_builder":"","_et_pb_old_content":"","_et_gb_content_width":"","footnotes":""},"categories":[1],"tags":[16,21,47],"class_list":["post-18404","post","type-post","status-publish","format-standard","has-post-thumbnail","hentry","category-general","tag-cofradia-virgen-del-camino","tag-guiletos","tag-romeria","et_post_format-et-post-format-gallery","et-has-post-format-content"],"_links":{"self":[{"href":"https:\/\/www.mecerreyes.com\/mece\/index.php?rest_route=\/wp\/v2\/posts\/18404"}],"collection":[{"href":"https:\/\/www.mecerreyes.com\/mece\/index.php?rest_route=\/wp\/v2\/posts"}],"about":[{"href":"https:\/\/www.mecerreyes.com\/mece\/index.php?rest_route=\/wp\/v2\/types\/post"}],"author":[{"embeddable":true,"href":"https:\/\/www.mecerreyes.com\/mece\/index.php?rest_route=\/wp\/v2\/users\/5"}],"replies":[{"embeddable":true,"href":"https:\/\/www.mecerreyes.com\/mece\/index.php?rest_route=%2Fwp%2Fv2%2Fcomments&post=18404"}],"version-history":[{"count":14,"href":"https:\/\/www.mecerreyes.com\/mece\/index.php?rest_route=\/wp\/v2\/posts\/18404\/revisions"}],"predecessor-version":[{"id":18458,"href":"https:\/\/www.mecerreyes.com\/mece\/index.php?rest_route=\/wp\/v2\/posts\/18404\/revisions\/18458"}],"wp:featuredmedia":[{"embeddable":true,"href":"https:\/\/www.mecerreyes.com\/mece\/index.php?rest_route=\/wp\/v2\/media\/18423"}],"wp:attachment":[{"href":"https:\/\/www.mecerreyes.com\/mece\/index.php?rest_route=%2Fwp%2Fv2%2Fmedia&parent=18404"}],"wp:term":[{"taxonomy":"category","embeddable":true,"href":"https:\/\/www.mecerreyes.com\/mece\/index.php?rest_route=%2Fwp%2Fv2%2Fcategories&post=18404"},{"taxonomy":"post_tag","embeddable":true,"href":"https:\/\/www.mecerreyes.com\/mece\/index.php?rest_route=%2Fwp%2Fv2%2Ftags&post=18404"}],"curies":[{"name":"wp","href":"https:\/\/api.w.org\/{rel}","templated":true}]}}