{"id":18461,"date":"2019-06-06T23:30:04","date_gmt":"2019-06-06T22:30:04","guid":{"rendered":"http:\/\/www.mecerreyes.com\/mece\/?p=18461"},"modified":"2019-06-06T23:30:04","modified_gmt":"2019-06-06T22:30:04","slug":"noticias-mayo-2019","status":"publish","type":"post","link":"https:\/\/www.mecerreyes.com\/mece\/?p=18461","title":{"rendered":"Noticias mayo 2019"},"content":{"rendered":"<h2><strong>MAYO 2019<\/strong><\/h2>\n<p>&nbsp;<\/p>\n<p style=\"text-align: justify;\">Acaba un mes que ha estado salpicado de acontecimientos que pasar\u00e1n a la <a  href=\"https:\/\/www.mecerreyes.com\/mece\/?page_id=32\">historia<\/a> dada su importancia cultural, como ha sido la <strong>inauguraci\u00f3n del <a  href=\"https:\/\/www.mecerreyes.com\/mece\/?page_id=24340\">Museo del Carnaval<\/a><\/strong>, <a  href=\"https:\/\/www.mecerreyes.com\/mece\/?page_id=56\">San Isidro<\/a> fiesta de los labradores y la celebraci\u00f3n de la 16\u00aa Romer\u00eda Virgen del Camino, o por lo que significan pol\u00edticamente para Mecerreyes, como la despedida de la corporaci\u00f3n actual, nuevas elecciones municipales y presentaci\u00f3n de la nueva circunscripci\u00f3n.<\/p>\n<p style=\"text-align: justify;\">Acontecimientos todos que han hecho salir a los vecinos y celebrar.<\/p>\n<p style=\"text-align: justify;\"><strong>Celebrar, S\u00ed, que de esto va la vida.<\/strong><\/p>\n<p style=\"text-align: justify;\"><img loading=\"lazy\" decoding=\"async\" class=\"wp-image-18499 alignleft\" src=\"http:\/\/www.mecerreyes.com\/mece\/wp-content\/uploads\/2019\/06\/San-Isidro-Mecerreyes.jpg\" alt=\"\" width=\"133\" height=\"186\" srcset=\"https:\/\/www.mecerreyes.com\/mece\/wp-content\/uploads\/2019\/06\/San-Isidro-Mecerreyes.jpg 1404w, https:\/\/www.mecerreyes.com\/mece\/wp-content\/uploads\/2019\/06\/San-Isidro-Mecerreyes-213x300.jpg 213w, https:\/\/www.mecerreyes.com\/mece\/wp-content\/uploads\/2019\/06\/San-Isidro-Mecerreyes-768x1082.jpg 768w, https:\/\/www.mecerreyes.com\/mece\/wp-content\/uploads\/2019\/06\/San-Isidro-Mecerreyes-727x1024.jpg 727w, https:\/\/www.mecerreyes.com\/mece\/wp-content\/uploads\/2019\/06\/San-Isidro-Mecerreyes-1080x1522.jpg 1080w\" sizes=\"(max-width: 133px) 100vw, 133px\" \/>Unidos los labradores que no s\u00f3lo procesionaron a <a  href=\"https:\/\/www.mecerreyes.com\/mece\/?page_id=56\">San Isidro<\/a> recibiendo sus bendiciones, sin m\u00e1s preparativos que un <strong><em>\u00bfpor qu\u00e9 no comemos juntos<\/em><\/strong>? Y en un momento se juntaron 43 vecinos en el <a  href=\"https:\/\/www.mecerreyes.com\/mece\/?page_id=797\">Mes\u00f3n de Frutos<\/a> sede oficial de este tipo de eventos.<\/p>\n<p style=\"text-align: justify;\">Reunidos los miembros de la Asociaci\u00f3n Cultural Mecerreyes para hacer oficial un sue\u00f1o que se ha ido cocinando lentamente y que permite ya poner a Mecerreyes en el mapa internacional. Reuni\u00f3n que termin\u00f3 en la sede del Fog\u00f3n Guileto con un estupendo lunch para todos los presentes.<\/p>\n<p style=\"text-align: justify;\">Unidos tambi\u00e9n en la subida en romer\u00eda de <a  href=\"https:\/\/www.mecerreyes.com\/mece\/?page_id=54\">la Virgen del Camino<\/a> a su ermita y en el aplauso y reconocimiento de todos los presentes a Juli\u00e1n Vicario por sus 24 a\u00f1os de alcalde.<\/p>\n<p style=\"text-align: justify;\">Las urnas tambi\u00e9n atrajeron un buen porcentaje de participaci\u00f3n de los vecinos con derecho a voto.<\/p>\n<p style=\"text-align: justify;\">Celebramos la vida de Primi en su despedida con nuestro acompa\u00f1amiento.<\/p>\n<p style=\"text-align: justify;\">Y reci\u00e9n empezado el mes de junio, 5 familias celebraron la primera comuni\u00f3n de sus hijos no s\u00f3lo con la ceremonia religiosa, sino compartiendo una tarde de juegos y m\u00fasica en el patio de las escuelas para todos los ni\u00f1os del pueblo.<\/p>\n<h2 style=\"text-align: justify;\"><strong>EFEM\u00c9RIDES <\/strong><\/h2>\n<ul>\n<li style=\"text-align: justify;\">El 1, D\u00eda Internacional del Trabajo.<\/li>\n<li style=\"text-align: justify;\">El 3, D\u00eda Mundial de la Libertad de Prensa.<\/li>\n<li style=\"text-align: justify;\">El 5, D\u00eda de la Madre.<\/li>\n<li style=\"text-align: justify;\">El 8, D\u00eda Internacional de la Cruz Roja.<\/li>\n<li style=\"text-align: justify;\">El 12, D\u00eda Internacional de la Enfermera.<\/li>\n<li style=\"text-align: justify;\"><strong>El 15, D\u00eda de la Familia. <\/strong>Fiesta<strong> de\u00a0<\/strong><a  href=\"https:\/\/www.mecerreyes.com\/mece\/?page_id=56\">San Isidro<\/a><strong>.<\/strong><\/li>\n<li style=\"text-align: justify;\">El 17, D\u00eda Internacional de Internet.<\/li>\n<li style=\"text-align: justify;\">El 18, <strong>inauguraci\u00f3n oficial del <a  href=\"https:\/\/www.mecerreyes.com\/mece\/?page_id=24340\">Museo del Carnaval<\/a>, Zarramacadas y Gallo de Mecerreyes<\/strong><\/li>\n<li style=\"text-align: justify;\">El 22, D\u00eda Mundial de la Biodiversidad.<\/li>\n<li style=\"text-align: justify;\"><strong>El 25, Romer\u00eda Virgen del Camino en Mecerreyes. \u00a0Agradecimiento a Juli\u00e1n Vicario.<\/strong><\/li>\n<li style=\"text-align: justify;\"><strong>El 26, Elecciones municipales<\/strong><\/li>\n<li style=\"text-align: justify;\">El 31, D\u00eda Mundial sin Tabaco. D\u00eda Mundial Esclerosis M\u00faltiple.<\/li>\n<\/ul>\n<h2 style=\"text-align: justify;\"><strong>PASEANDO POR NUESTROS PUEBLOS<\/strong><\/h2>\n<p style=\"text-align: justify;\">El 12 de mayo tuvo lugar la segunda de las rutas programadas a iniciativa de la uni\u00f3n de varias <a  href=\"https:\/\/www.mecerreyes.com\/mece\/?page_id=265\">asociaciones<\/a> culturales de la Comarca.<\/p>\n<p style=\"text-align: justify;\">Llegaron hasta Mecerreyes 50 personas dispuestas a conocer el <a  href=\"https:\/\/www.mecerreyes.com\/mece\/?page_id=20662\">museo del carb\u00f3n<\/a>, el <a  href=\"https:\/\/www.mecerreyes.com\/mece\/?page_id=24340\">Museo del Carnaval<\/a> y dar un recorrido por el casco urbano siguiendo las esculturas, la ruta de dificultad baja de 6,5 km. les ocup\u00f3 la ma\u00f1ana.<\/p>\n<p style=\"text-align: justify;\">Acompa\u00f1ados por varios miembros de la Asociaci\u00f3n y con la climatolog\u00eda a favor, disfrutaron de nuestro pueblo.<\/p>\n\n\t\t<style type=\"text\/css\">\n\t\t\t#gallery-1 {\n\t\t\t\tmargin: auto;\n\t\t\t}\n\t\t\t#gallery-1 .gallery-item {\n\t\t\t\tfloat: left;\n\t\t\t\tmargin-top: 10px;\n\t\t\t\ttext-align: center;\n\t\t\t\twidth: 33%;\n\t\t\t}\n\t\t\t#gallery-1 img {\n\t\t\t\tborder: 2px solid #cfcfcf;\n\t\t\t}\n\t\t\t#gallery-1 .gallery-caption {\n\t\t\t\tmargin-left: 0;\n\t\t\t}\n\t\t\t\/* see gallery_shortcode() in wp-includes\/media.php *\/\n\t\t<\/style>\n\t\t<div id='gallery-1' class='gallery galleryid-18461 gallery-columns-3 gallery-size-thumbnail'><dl class='gallery-item'>\n\t\t\t<dt class='gallery-icon landscape'>\n\t\t\t\t<a  href=\"https:\/\/www.mecerreyes.com\/mece\/wp-content\/uploads\/2019\/06\/Mecerreyes-ruta-Asociaciones-Comarca-12-05-2019-5.jpg\" class=\"thickbox no_icon\" title=\"\"><img loading=\"lazy\" decoding=\"async\" width=\"150\" height=\"150\" src=\"https:\/\/www.mecerreyes.com\/mece\/wp-content\/uploads\/2019\/06\/Mecerreyes-ruta-Asociaciones-Comarca-12-05-2019-5-150x150.jpg\" class=\"attachment-thumbnail size-thumbnail\" alt=\"\" srcset=\"https:\/\/www.mecerreyes.com\/mece\/wp-content\/uploads\/2019\/06\/Mecerreyes-ruta-Asociaciones-Comarca-12-05-2019-5-150x150.jpg 150w, https:\/\/www.mecerreyes.com\/mece\/wp-content\/uploads\/2019\/06\/Mecerreyes-ruta-Asociaciones-Comarca-12-05-2019-5-440x440.jpg 440w\" sizes=\"(max-width: 150px) 100vw, 150px\" \/><\/a>\n\t\t\t<\/dt><\/dl><dl class='gallery-item'>\n\t\t\t<dt class='gallery-icon landscape'>\n\t\t\t\t<a  href=\"https:\/\/www.mecerreyes.com\/mece\/wp-content\/uploads\/2019\/06\/Mecerreyes-ruta-Asociaciones-Comarca-12-05-2019-9.jpg\" class=\"thickbox no_icon\" title=\"\"><img loading=\"lazy\" decoding=\"async\" width=\"150\" height=\"150\" src=\"https:\/\/www.mecerreyes.com\/mece\/wp-content\/uploads\/2019\/06\/Mecerreyes-ruta-Asociaciones-Comarca-12-05-2019-9-150x150.jpg\" class=\"attachment-thumbnail size-thumbnail\" alt=\"\" srcset=\"https:\/\/www.mecerreyes.com\/mece\/wp-content\/uploads\/2019\/06\/Mecerreyes-ruta-Asociaciones-Comarca-12-05-2019-9-150x150.jpg 150w, https:\/\/www.mecerreyes.com\/mece\/wp-content\/uploads\/2019\/06\/Mecerreyes-ruta-Asociaciones-Comarca-12-05-2019-9-440x440.jpg 440w\" sizes=\"(max-width: 150px) 100vw, 150px\" \/><\/a>\n\t\t\t<\/dt><\/dl><dl class='gallery-item'>\n\t\t\t<dt class='gallery-icon landscape'>\n\t\t\t\t<a  href=\"https:\/\/www.mecerreyes.com\/mece\/wp-content\/uploads\/2019\/06\/Mecerreyes-ruta-Asociaciones-Comarca-12-05-2019-6.jpg\" class=\"thickbox no_icon\" title=\"\"><img loading=\"lazy\" decoding=\"async\" width=\"150\" height=\"150\" src=\"https:\/\/www.mecerreyes.com\/mece\/wp-content\/uploads\/2019\/06\/Mecerreyes-ruta-Asociaciones-Comarca-12-05-2019-6-150x150.jpg\" class=\"attachment-thumbnail size-thumbnail\" alt=\"\" srcset=\"https:\/\/www.mecerreyes.com\/mece\/wp-content\/uploads\/2019\/06\/Mecerreyes-ruta-Asociaciones-Comarca-12-05-2019-6-150x150.jpg 150w, https:\/\/www.mecerreyes.com\/mece\/wp-content\/uploads\/2019\/06\/Mecerreyes-ruta-Asociaciones-Comarca-12-05-2019-6-440x440.jpg 440w\" sizes=\"(max-width: 150px) 100vw, 150px\" \/><\/a>\n\t\t\t<\/dt><\/dl><br style=\"clear: both\" \/><dl class='gallery-item'>\n\t\t\t<dt class='gallery-icon landscape'>\n\t\t\t\t<a  href=\"https:\/\/www.mecerreyes.com\/mece\/wp-content\/uploads\/2019\/06\/Mecerreyes-ruta-Asociaciones-Comarca-12-05-2019-8.jpg\" class=\"thickbox no_icon\" title=\"\"><img loading=\"lazy\" decoding=\"async\" width=\"150\" height=\"150\" src=\"https:\/\/www.mecerreyes.com\/mece\/wp-content\/uploads\/2019\/06\/Mecerreyes-ruta-Asociaciones-Comarca-12-05-2019-8-150x150.jpg\" class=\"attachment-thumbnail size-thumbnail\" alt=\"\" srcset=\"https:\/\/www.mecerreyes.com\/mece\/wp-content\/uploads\/2019\/06\/Mecerreyes-ruta-Asociaciones-Comarca-12-05-2019-8-150x150.jpg 150w, https:\/\/www.mecerreyes.com\/mece\/wp-content\/uploads\/2019\/06\/Mecerreyes-ruta-Asociaciones-Comarca-12-05-2019-8-440x440.jpg 440w\" sizes=\"(max-width: 150px) 100vw, 150px\" \/><\/a>\n\t\t\t<\/dt><\/dl><dl class='gallery-item'>\n\t\t\t<dt class='gallery-icon landscape'>\n\t\t\t\t<a  href=\"https:\/\/www.mecerreyes.com\/mece\/wp-content\/uploads\/2019\/06\/Mecerreyes-ruta-Asociaciones-Comarca-12-05-2019-7.jpg\" class=\"thickbox no_icon\" title=\"\"><img loading=\"lazy\" decoding=\"async\" width=\"150\" height=\"150\" src=\"https:\/\/www.mecerreyes.com\/mece\/wp-content\/uploads\/2019\/06\/Mecerreyes-ruta-Asociaciones-Comarca-12-05-2019-7-150x150.jpg\" class=\"attachment-thumbnail size-thumbnail\" alt=\"\" srcset=\"https:\/\/www.mecerreyes.com\/mece\/wp-content\/uploads\/2019\/06\/Mecerreyes-ruta-Asociaciones-Comarca-12-05-2019-7-150x150.jpg 150w, https:\/\/www.mecerreyes.com\/mece\/wp-content\/uploads\/2019\/06\/Mecerreyes-ruta-Asociaciones-Comarca-12-05-2019-7-440x440.jpg 440w\" sizes=\"(max-width: 150px) 100vw, 150px\" \/><\/a>\n\t\t\t<\/dt><\/dl><dl class='gallery-item'>\n\t\t\t<dt class='gallery-icon landscape'>\n\t\t\t\t<a  href=\"https:\/\/www.mecerreyes.com\/mece\/wp-content\/uploads\/2019\/06\/Mecerreyes-ruta-Asociaciones-Comarca-12-05-2019-4.jpg\" class=\"thickbox no_icon\" title=\"\"><img loading=\"lazy\" decoding=\"async\" width=\"150\" height=\"150\" src=\"https:\/\/www.mecerreyes.com\/mece\/wp-content\/uploads\/2019\/06\/Mecerreyes-ruta-Asociaciones-Comarca-12-05-2019-4-150x150.jpg\" class=\"attachment-thumbnail size-thumbnail\" alt=\"\" srcset=\"https:\/\/www.mecerreyes.com\/mece\/wp-content\/uploads\/2019\/06\/Mecerreyes-ruta-Asociaciones-Comarca-12-05-2019-4-150x150.jpg 150w, https:\/\/www.mecerreyes.com\/mece\/wp-content\/uploads\/2019\/06\/Mecerreyes-ruta-Asociaciones-Comarca-12-05-2019-4-440x440.jpg 440w\" sizes=\"(max-width: 150px) 100vw, 150px\" \/><\/a>\n\t\t\t<\/dt><\/dl><br style=\"clear: both\" \/><dl class='gallery-item'>\n\t\t\t<dt class='gallery-icon landscape'>\n\t\t\t\t<a  href=\"https:\/\/www.mecerreyes.com\/mece\/wp-content\/uploads\/2019\/06\/Mecerreyes-ruta-Asociaciones-Comarca-12-05-2019-1.jpg\" class=\"thickbox no_icon\" title=\"\"><img loading=\"lazy\" decoding=\"async\" width=\"150\" height=\"150\" src=\"https:\/\/www.mecerreyes.com\/mece\/wp-content\/uploads\/2019\/06\/Mecerreyes-ruta-Asociaciones-Comarca-12-05-2019-1-150x150.jpg\" class=\"attachment-thumbnail size-thumbnail\" alt=\"\" srcset=\"https:\/\/www.mecerreyes.com\/mece\/wp-content\/uploads\/2019\/06\/Mecerreyes-ruta-Asociaciones-Comarca-12-05-2019-1-150x150.jpg 150w, https:\/\/www.mecerreyes.com\/mece\/wp-content\/uploads\/2019\/06\/Mecerreyes-ruta-Asociaciones-Comarca-12-05-2019-1-440x440.jpg 440w\" sizes=\"(max-width: 150px) 100vw, 150px\" \/><\/a>\n\t\t\t<\/dt><\/dl><dl class='gallery-item'>\n\t\t\t<dt class='gallery-icon landscape'>\n\t\t\t\t<a  href=\"https:\/\/www.mecerreyes.com\/mece\/wp-content\/uploads\/2019\/06\/Mecerreyes-ruta-Asociaciones-Comarca-12-05-2019-2.jpg\" class=\"thickbox no_icon\" title=\"\"><img loading=\"lazy\" decoding=\"async\" width=\"150\" height=\"150\" src=\"https:\/\/www.mecerreyes.com\/mece\/wp-content\/uploads\/2019\/06\/Mecerreyes-ruta-Asociaciones-Comarca-12-05-2019-2-150x150.jpg\" class=\"attachment-thumbnail size-thumbnail\" alt=\"\" srcset=\"https:\/\/www.mecerreyes.com\/mece\/wp-content\/uploads\/2019\/06\/Mecerreyes-ruta-Asociaciones-Comarca-12-05-2019-2-150x150.jpg 150w, https:\/\/www.mecerreyes.com\/mece\/wp-content\/uploads\/2019\/06\/Mecerreyes-ruta-Asociaciones-Comarca-12-05-2019-2-440x440.jpg 440w\" sizes=\"(max-width: 150px) 100vw, 150px\" \/><\/a>\n\t\t\t<\/dt><\/dl><dl class='gallery-item'>\n\t\t\t<dt class='gallery-icon landscape'>\n\t\t\t\t<a  href=\"https:\/\/www.mecerreyes.com\/mece\/wp-content\/uploads\/2019\/06\/Mecerreyes-ruta-Asociaciones-Comarca-12-05-2019-3.jpg\" class=\"thickbox no_icon\" title=\"\"><img loading=\"lazy\" decoding=\"async\" width=\"150\" height=\"150\" src=\"https:\/\/www.mecerreyes.com\/mece\/wp-content\/uploads\/2019\/06\/Mecerreyes-ruta-Asociaciones-Comarca-12-05-2019-3-150x150.jpg\" class=\"attachment-thumbnail size-thumbnail\" alt=\"\" srcset=\"https:\/\/www.mecerreyes.com\/mece\/wp-content\/uploads\/2019\/06\/Mecerreyes-ruta-Asociaciones-Comarca-12-05-2019-3-150x150.jpg 150w, https:\/\/www.mecerreyes.com\/mece\/wp-content\/uploads\/2019\/06\/Mecerreyes-ruta-Asociaciones-Comarca-12-05-2019-3-440x440.jpg 440w\" sizes=\"(max-width: 150px) 100vw, 150px\" \/><\/a>\n\t\t\t<\/dt><\/dl><br style=\"clear: both\" \/>\n\t\t<\/div>\n\n<p style=\"text-align: justify;\">El buen sabor de boca de esta iniciativa har\u00e1 que la Ruta de los Palomares (Valdorros) prevista para el 9 de junio, de 11 km y de dificultad baja sea otro \u00e9xito.<\/p>\n<p style=\"text-align: justify;\"><img loading=\"lazy\" decoding=\"async\" class=\"aligncenter size-full wp-image-18503\" src=\"http:\/\/www.mecerreyes.com\/mece\/wp-content\/uploads\/2019\/06\/Paseando-por-nuestros-pueblos-2019-2.jpg\" alt=\"\" width=\"1080\" height=\"1580\" srcset=\"https:\/\/www.mecerreyes.com\/mece\/wp-content\/uploads\/2019\/06\/Paseando-por-nuestros-pueblos-2019-2.jpg 1080w, https:\/\/www.mecerreyes.com\/mece\/wp-content\/uploads\/2019\/06\/Paseando-por-nuestros-pueblos-2019-2-205x300.jpg 205w, https:\/\/www.mecerreyes.com\/mece\/wp-content\/uploads\/2019\/06\/Paseando-por-nuestros-pueblos-2019-2-768x1124.jpg 768w, https:\/\/www.mecerreyes.com\/mece\/wp-content\/uploads\/2019\/06\/Paseando-por-nuestros-pueblos-2019-2-700x1024.jpg 700w\" sizes=\"(max-width: 1080px) 100vw, 1080px\" \/><\/p>\n<h2 style=\"text-align: justify;\"><strong>24 A\u00d1OS DE ALCALDE<\/strong><\/h2>\n<p style=\"text-align: justify;\">Ya en <a  href=\"https:\/\/www.mecerreyes.com\/mece\/?page_id=48\">Semana Santa<\/a> nos quedaba claro que la corporaci\u00f3n municipal actual no se presentar\u00eda a las nuevas elecciones previstas del 26 de mayo, y que la representaci\u00f3n de la instituci\u00f3n local por parte de nuestro alcalde daba sus \u00faltimos coletazos con los actos del mes de mayo.<\/p>\n<p style=\"text-align: justify;\">El d\u00eda 4 aparec\u00eda en Diario Burgos dando su opini\u00f3n sobre el impacto que la nueva edici\u00f3n de la Edades del Hombre tendr\u00eda sobre la comarca.<\/p>\n<p style=\"text-align: justify;\"><img loading=\"lazy\" decoding=\"async\" class=\"aligncenter wp-image-18514\" src=\"http:\/\/www.mecerreyes.com\/mece\/wp-content\/uploads\/2019\/06\/Recorte-Diario-de-Burgos-Juli\u00e1n-Vicario-Mecerreyes-05-2019.jpg\" alt=\"\" width=\"526\" height=\"702\" srcset=\"https:\/\/www.mecerreyes.com\/mece\/wp-content\/uploads\/2019\/06\/Recorte-Diario-de-Burgos-Juli\u00e1n-Vicario-Mecerreyes-05-2019.jpg 1198w, https:\/\/www.mecerreyes.com\/mece\/wp-content\/uploads\/2019\/06\/Recorte-Diario-de-Burgos-Juli\u00e1n-Vicario-Mecerreyes-05-2019-225x300.jpg 225w, https:\/\/www.mecerreyes.com\/mece\/wp-content\/uploads\/2019\/06\/Recorte-Diario-de-Burgos-Juli\u00e1n-Vicario-Mecerreyes-05-2019-768x1026.jpg 768w, https:\/\/www.mecerreyes.com\/mece\/wp-content\/uploads\/2019\/06\/Recorte-Diario-de-Burgos-Juli\u00e1n-Vicario-Mecerreyes-05-2019-767x1024.jpg 767w, https:\/\/www.mecerreyes.com\/mece\/wp-content\/uploads\/2019\/06\/Recorte-Diario-de-Burgos-Juli\u00e1n-Vicario-Mecerreyes-05-2019-1080x1442.jpg 1080w\" sizes=\"(max-width: 526px) 100vw, 526px\" \/><\/p>\n<p style=\"text-align: justify;\">El 18 junto con un miembro de la Asociaci\u00f3n Cultural y el presidente de ADECOAR, inauguraba el <a  href=\"https:\/\/www.mecerreyes.com\/mece\/?page_id=24340\">Museo del Carnaval<\/a> instalado en las escuelas.<\/p>\n<p style=\"text-align: justify;\"><img loading=\"lazy\" decoding=\"async\" class=\"aligncenter wp-image-18513\" src=\"http:\/\/www.mecerreyes.com\/mece\/wp-content\/uploads\/2019\/06\/Mecerreyes-Inauguraci\u00f3n-Museo-del-Carnaval-18-05-2019-1.jpg\" alt=\"\" width=\"577\" height=\"324\" srcset=\"https:\/\/www.mecerreyes.com\/mece\/wp-content\/uploads\/2019\/06\/Mecerreyes-Inauguraci\u00f3n-Museo-del-Carnaval-18-05-2019-1.jpg 2835w, https:\/\/www.mecerreyes.com\/mece\/wp-content\/uploads\/2019\/06\/Mecerreyes-Inauguraci\u00f3n-Museo-del-Carnaval-18-05-2019-1-300x169.jpg 300w, https:\/\/www.mecerreyes.com\/mece\/wp-content\/uploads\/2019\/06\/Mecerreyes-Inauguraci\u00f3n-Museo-del-Carnaval-18-05-2019-1-768x432.jpg 768w, https:\/\/www.mecerreyes.com\/mece\/wp-content\/uploads\/2019\/06\/Mecerreyes-Inauguraci\u00f3n-Museo-del-Carnaval-18-05-2019-1-1024x575.jpg 1024w, https:\/\/www.mecerreyes.com\/mece\/wp-content\/uploads\/2019\/06\/Mecerreyes-Inauguraci\u00f3n-Museo-del-Carnaval-18-05-2019-1-1080x607.jpg 1080w\" sizes=\"(max-width: 577px) 100vw, 577px\" \/><\/p>\n<p style=\"text-align: justify;\">El 25 al t\u00e9rmino de la celebraci\u00f3n de la eucarist\u00eda en la ermita, todos los presentes le obsequiaron un caluroso aplauso, su dedicatoria en el libro de firmas y un libro\u2013\u00e1lbum recopilatorio de cuantos atractivos paisaj\u00edsticos, tradiciones, arte y cultura atesora Mecerreyes.<\/p>\n<p style=\"text-align: justify;\"><img loading=\"lazy\" decoding=\"async\" class=\"aligncenter size-full wp-image-18515\" src=\"http:\/\/www.mecerreyes.com\/mece\/wp-content\/uploads\/2019\/06\/Despedida-Juli\u00e1n-Vicario-Mecerreyes-25-05-2019.jpg\" alt=\"\" width=\"4608\" height=\"2592\" srcset=\"https:\/\/www.mecerreyes.com\/mece\/wp-content\/uploads\/2019\/06\/Despedida-Juli\u00e1n-Vicario-Mecerreyes-25-05-2019.jpg 4608w, https:\/\/www.mecerreyes.com\/mece\/wp-content\/uploads\/2019\/06\/Despedida-Juli\u00e1n-Vicario-Mecerreyes-25-05-2019-300x169.jpg 300w, https:\/\/www.mecerreyes.com\/mece\/wp-content\/uploads\/2019\/06\/Despedida-Juli\u00e1n-Vicario-Mecerreyes-25-05-2019-768x432.jpg 768w, https:\/\/www.mecerreyes.com\/mece\/wp-content\/uploads\/2019\/06\/Despedida-Juli\u00e1n-Vicario-Mecerreyes-25-05-2019-1024x576.jpg 1024w, https:\/\/www.mecerreyes.com\/mece\/wp-content\/uploads\/2019\/06\/Despedida-Juli\u00e1n-Vicario-Mecerreyes-25-05-2019-1080x608.jpg 1080w\" sizes=\"(max-width: 4608px) 100vw, 4608px\" \/><\/p>\n<p style=\"text-align: justify;\">Un emocionado Juli\u00e1n Vicario dec\u00eda no merecer esa ovaci\u00f3n, y poniendo en una balanza lo vivido como alcalde de su querido pueblo, dec\u00eda pesaba m\u00e1s lo bueno.<\/p>\n<p style=\"text-align: justify;\">Sin duda que estar al frente durante 24 a\u00f1os junto con Javier, Rufi, Moi, \u00c1ngel, Jos\u00e9 Lorenzo, Luis \u00c1ngel, Oscar, Ra\u00fal, C\u00e9sar, Nacho, Daniel y Jos\u00e9 Luis, de todos los proyectos que se han realizado en el pueblo les habr\u00e1n dejado sinsabores.<\/p>\n<p style=\"text-align: justify;\">Nos dejan un pueblo remozado tras su paso por los siguientes proyectos:<\/p>\n<p style=\"text-align: justify;\">-Mejora en la red de aguas (nuevos ramales de agua y desag\u00fce acercando el servicio a las viviendas m\u00e1s perif\u00e9ricas), -acondicionamiento de la chopera, -pista polideportiva, -recuperaci\u00f3n parque (merenderos), -reforestaci\u00f3n de estepares y zonas perdidas del Bardal, -cambio de farolas y posteriormente luminaria de led, -transformaci\u00f3n de la escuelas en sal\u00f3n de usos m\u00faltiples, -as\u00ed como acondicionamiento del patio de las escuelas, -automatizaci\u00f3n de la b\u00e1scula, -puesta en marcha del albergue cidiano \u201cLa Corneja\u201d. -recuperaci\u00f3n fuente Robustiano, -luz en la ermita, -acondicionar con hormig\u00f3n los caminos de (Las Cruces, La Venta, Carredondo, las bodegas, las pozas y caminos de acceso a viviendas perif\u00e9ricas) -ajardinar y adoquinar la subida a la iglesia, -adoquinado de un buen n\u00famero de calles del pueblo, -arreglos del front\u00f3n, -arreglo fuente La Ermita,<\/p>\n<p style=\"text-align: justify;\">Colaboraci\u00f3n con la Asociaci\u00f3n Cultural y \u00c1ngel Gil para hacer de Mecerreyes un museo de esculturas de gran formato.<\/p>\n<p style=\"text-align: justify;\">Colaboraci\u00f3n con la Asociaci\u00f3n Cultural en el agosto cultural, Festival de Dulzaina, Pincho popular en fiestas de <a  href=\"https:\/\/www.mecerreyes.com\/mece\/?page_id=60\">Acci\u00f3n de Gracias<\/a>,<\/p>\n<p style=\"text-align: justify;\">Caldereta popular en septiembre junto a la generosidad de <a  href=\"https:\/\/www.mecerreyes.com\/mece\/?page_id=797\">Mes\u00f3n de Frutos<\/a>.<\/p>\n<p style=\"text-align: justify;\">Colaboraci\u00f3n con la Cofrad\u00eda Virgen del Camino en la organizaci\u00f3n de la romer\u00eda.<\/p>\n<p style=\"text-align: justify;\">Colaboraci\u00f3n en la programaci\u00f3n navide\u00f1a propuesta por la <a  href=\"https:\/\/www.mecerreyes.com\/mece\/?page_id=35\">parroquia<\/a> y la Asociaci\u00f3n Cultural.<\/p>\n<p style=\"text-align: justify;\">Colaboraci\u00f3n en las fiestas de invierno. Marzas y Domingo Gordo.<\/p>\n<p style=\"text-align: justify;\">Destacar que esta corporaci\u00f3n se ha mostrado agradecida de forma especial con los guiletos que han demostrado su amor incondicional a Mecerreyes como es el caso de:<\/p>\n<ul>\n<li style=\"text-align: justify;\"><strong>M\u00e1ximo Cu\u00f1ado<\/strong>, dedicando una calle a su padre David Cu\u00f1ado por expreso deseo del homenajeado<\/li>\n<li style=\"text-align: justify;\"><strong>V\u00edctor Mart\u00ednez<\/strong>, poniendo su nombre a la calle donde vivi\u00f3 su infancia.<\/li>\n<li style=\"text-align: justify;\"><strong>Sim\u00f3n Altable<\/strong>, con un festival de dulzaina que lleva su nombre.<\/li>\n<li style=\"text-align: justify;\"><strong>Carlos Alonso<\/strong>, nombrado hijo adoptivo por los 10 a\u00f1os de entrega dinamizadora de Mecerreyes.<\/li>\n<li style=\"text-align: justify;\"><strong>Segun Santamar\u00eda<\/strong>, por su generosidad y buen hacer entre cocinas.<\/li>\n<li style=\"text-align: justify;\"><strong>\u00c1ngel Gil<\/strong>, por su desinteresada aportaci\u00f3n con las esculturas de gran formato dispuestas por el pueblo.<\/li>\n<\/ul>\n<p style=\"text-align: justify;\">Es de justicia enumerar y agradecer esta labor, que tiene como recompensa un pueblo vivo del que su gente, los guiletos, disfrutamos con orgullo.<\/p>\n<p style=\"text-align: justify;\">Los a\u00f1os de crisis sacaron a la luz el endeudamiento de muchos municipios, la ley intervino impidiendo que se acometieran m\u00e1s proyectos para evitar que aumentaran la deuda, estas medidas afectaron a los pueblos que no estaban endeudados como es el caso de Mecerreyes poniendo freno a nuevas inversiones que habr\u00edan dotado de m\u00e1s <a  href=\"https:\/\/www.mecerreyes.com\/mece\/?page_id=41\">servicios<\/a> a nuestro pueblo.<\/p>\n<p style=\"text-align: justify;\">Nuestras cuentas est\u00e1n saneadas, hay dinero que no nos han dejado invertir, esperamos cambie la ley para que la nueva corporaci\u00f3n pueda acometer los proyectos que demanden los vecinos.<\/p>\n<p style=\"text-align: justify;\">GRACIAS<\/p>\n<h2 style=\"text-align: justify;\"><strong>DEFUNCIONES<\/strong><\/h2>\n<p style=\"text-align: justify;\">Habiendo sobrepasado las expectativas de una vida plena y fruct\u00edfera, despedimos a dos de los nuestros y hacemos llegar nuestras condolencias a los familiares.<\/p>\n<p style=\"text-align: justify;\">Descansen en paz.<\/p>\n<p style=\"text-align: justify;\"><strong>Primitiva Mart\u00edn Arribas<\/strong> (Vda. De Conrado Alonso Alonso) falleci\u00f3 en Mecerreyes el 17 de mayo a los 95 a\u00f1os de edad, fue velada en su domicilio por su familia y vecinos. Se celebr\u00f3 un emotivo funeral el d\u00eda 18 a la 8 de la tarde y fueron acompa\u00f1ados sus restos al cementerio local donde descansa con sus seres queridos.<\/p>\n<p style=\"text-align: justify;\"><img loading=\"lazy\" decoding=\"async\" class=\"aligncenter size-full wp-image-18521\" src=\"http:\/\/www.mecerreyes.com\/mece\/wp-content\/uploads\/2019\/06\/Esquela-Primitiva-de-Martin-falleci\u00f3-en-Mecerreyes-el-17-05-2019.jpg\" alt=\"\" width=\"2835\" height=\"1991\" srcset=\"https:\/\/www.mecerreyes.com\/mece\/wp-content\/uploads\/2019\/06\/Esquela-Primitiva-de-Martin-falleci\u00f3-en-Mecerreyes-el-17-05-2019.jpg 2835w, https:\/\/www.mecerreyes.com\/mece\/wp-content\/uploads\/2019\/06\/Esquela-Primitiva-de-Martin-falleci\u00f3-en-Mecerreyes-el-17-05-2019-300x211.jpg 300w, https:\/\/www.mecerreyes.com\/mece\/wp-content\/uploads\/2019\/06\/Esquela-Primitiva-de-Martin-falleci\u00f3-en-Mecerreyes-el-17-05-2019-768x539.jpg 768w, https:\/\/www.mecerreyes.com\/mece\/wp-content\/uploads\/2019\/06\/Esquela-Primitiva-de-Martin-falleci\u00f3-en-Mecerreyes-el-17-05-2019-1024x719.jpg 1024w, https:\/\/www.mecerreyes.com\/mece\/wp-content\/uploads\/2019\/06\/Esquela-Primitiva-de-Martin-falleci\u00f3-en-Mecerreyes-el-17-05-2019-1080x758.jpg 1080w\" sizes=\"(max-width: 2835px) 100vw, 2835px\" \/><\/p>\n<p style=\"text-align: justify;\"><strong>Timoteo Arribas D\u00edez<\/strong> (Vdo. De Ana Blanco) falleci\u00f3 el 25 de mayo a los 90 a\u00f1os de edad en Beasain donde descansan ya sus restos.<\/p>\n<p style=\"text-align: justify;\"><img loading=\"lazy\" decoding=\"async\" class=\"aligncenter wp-image-18524\" src=\"http:\/\/www.mecerreyes.com\/mece\/wp-content\/uploads\/2019\/06\/Esquela-Timoteo-Arribas-falleci\u00f3-el-25-de-Mayo-de-2019-a-los-90-a\u00f1os.jpg\" alt=\"\" width=\"396\" height=\"665\" \/><\/p>\n<h2 style=\"text-align: justify;\">REQUIEN POR UN GUILETO<\/h2>\n<p style=\"text-align: justify;\">Dedicatoria de Boni Vicario a todos los guiletos que nos han dejado,<\/p>\n<p style=\"text-align: justify;\">en especial a V\u00edctor Mart\u00ednez Vicario pariente y paisano suyo.<\/p>\n<p style=\"text-align: center;\"><span style=\"color: #3366ff;\"><em><u>Llorando por ti.<\/u><\/em><\/span><\/p>\n<p style=\"text-align: center;\"><span style=\"color: #3366ff;\"><em>Cuando un guileto se va<\/em><\/span><\/p>\n<p style=\"text-align: center;\"><span style=\"color: #3366ff;\"><em>Algo en mi ser grabado dejas<\/em><\/span><\/p>\n<p style=\"text-align: center;\"><span style=\"color: #3366ff;\"><em>Qu\u00e9 triste se siente el alma<\/em><\/span><\/p>\n<p style=\"text-align: center;\"><span style=\"color: #3366ff;\"><em>Qu\u00e9 pocas son tus quejas.<\/em><\/span><\/p>\n<p style=\"text-align: center;\"><span style=\"color: #3366ff;\"><em>Cuando un guileto se va<\/em><\/span><\/p>\n<p style=\"text-align: center;\"><span style=\"color: #3366ff;\"><em>El alma se me entristece,<\/em><\/span><\/p>\n<p style=\"text-align: center;\"><span style=\"color: #3366ff;\"><em>\u00a1Que corta se hace la vida!<\/em><\/span><\/p>\n<p style=\"text-align: center;\"><span style=\"color: #3366ff;\"><em>\u00bfQu\u00e9 coraz\u00f3n no se estremece?<\/em><\/span><\/p>\n<p style=\"text-align: center;\"><span style=\"color: #3366ff;\"><em>\u00a0<\/em><\/span><\/p>\n<p style=\"text-align: center;\"><span style=\"color: #3366ff;\"><em>En el camino errante<\/em><\/span><\/p>\n<p style=\"text-align: center;\"><span style=\"color: #3366ff;\"><em>Qu\u00e9 mal se pasa en la vida<\/em><\/span><\/p>\n<p style=\"text-align: center;\"><span style=\"color: #3366ff;\"><em>Qu\u00e9 pronto llega a muerte<\/em><\/span><\/p>\n<p style=\"text-align: center;\"><span style=\"color: #3366ff;\"><em>Y qu\u00e9 negra viene vestida.<\/em><\/span><\/p>\n<p style=\"text-align: center;\"><span style=\"color: #3366ff;\"><em>\u00a0<\/em><\/span><\/p>\n<p style=\"text-align: center;\"><span style=\"color: #3366ff;\"><em>Desde aqu\u00ed lloro porque lloro<\/em><\/span><\/p>\n<p style=\"text-align: center;\"><span style=\"color: #3366ff;\"><em>llora que te llorar\u00e9,<\/em><\/span><\/p>\n<p style=\"text-align: center;\"><span style=\"color: #3366ff;\"><em>lloro cuando te vas<\/em><\/span><\/p>\n<p style=\"text-align: center;\"><span style=\"color: #3366ff;\"><em>cuando vuelvas llorar\u00e9.<\/em><\/span><\/p>\n<p style=\"text-align: center;\"><span style=\"color: #3366ff;\"><em>Se que volver\u00e1s alguna vez,<\/em><\/span><\/p>\n<p style=\"text-align: center;\"><span style=\"color: #3366ff;\"><em>Aqu\u00ed o en el m\u00e1s all\u00e1 te esperar\u00e9,<\/em><\/span><\/p>\n<p style=\"text-align: center;\"><span style=\"color: #3366ff;\"><em>Siempre te esperar\u00e9<\/em><\/span><\/p>\n<p style=\"text-align: center;\"><span style=\"color: #3366ff;\"><em>Yo siempre llorando estar\u00e9.<\/em><\/span><\/p>\n<p style=\"text-align: justify;\"><em>\u00a0<\/em><\/p>\n<p style=\"text-align: justify;\"><span style=\"color: #3366ff;\">Record\u00e1ndoos siempre, cari\u00f1osamente Boni el Guarni<\/span><\/p>\n<p style=\"text-align: justify;\"><strong>\u00a0<\/strong><\/p>\n<h2 style=\"text-align: justify;\"><strong>INAUGURACI\u00d3N OFICIAL DEL <a  href=\"https:\/\/www.mecerreyes.com\/mece\/?page_id=24340\">MUSEO DEL CARNAVAL<\/a><\/strong><\/h2>\n<p style=\"text-align: justify;\">Coincidiendo con el D\u00eda de los Museos, la tarde del 18 de mayo, rodeados de amigos del mundo rural y sus tradiciones se inaugur\u00f3 el deseado museo.<\/p>\n<p style=\"text-align: justify;\">El presidente de ADECOAR Leopoldo L\u00f3pez, junto a Juli\u00e1n Vicario y Joaqu\u00edn Portal descubrieron la placa inaugural.<\/p>\n<p style=\"text-align: justify;\">\u00d3scar Alonso, explic\u00f3 a los presentes el por qu\u00e9 del museo, ya que, aunque esta tradici\u00f3n tan nuestra goza de muy buena salud, si se diera el caso en un futuro de encontrarse en horas bajas, esta muestra expuesta, dar\u00eda fe a las generaciones venideras de nuestro legado.<\/p>\n<p style=\"text-align: justify;\">El presidente de ADECOAR, Miembros de la Fundaci\u00f3n Ox\u00edgeno, Salvador Domingo, prensa y vecinos disfrutaron de la muestra que se podr\u00e1 visitar los 365 d\u00eda del a\u00f1o sin necesidad de gu\u00eda, ya que las nuevas tecnolog\u00edas facilitar\u00e1n la entrada.<\/p>\n<p style=\"text-align: justify;\">Al t\u00e9rmino del acto la sede del Fog\u00f3n Guileto congreg\u00f3 a los presentes entorno a un vino espa\u00f1ol.<\/p>\n\n\t\t<style type=\"text\/css\">\n\t\t\t#gallery-2 {\n\t\t\t\tmargin: auto;\n\t\t\t}\n\t\t\t#gallery-2 .gallery-item {\n\t\t\t\tfloat: left;\n\t\t\t\tmargin-top: 10px;\n\t\t\t\ttext-align: center;\n\t\t\t\twidth: 33%;\n\t\t\t}\n\t\t\t#gallery-2 img {\n\t\t\t\tborder: 2px solid #cfcfcf;\n\t\t\t}\n\t\t\t#gallery-2 .gallery-caption {\n\t\t\t\tmargin-left: 0;\n\t\t\t}\n\t\t\t\/* see gallery_shortcode() in wp-includes\/media.php *\/\n\t\t<\/style>\n\t\t<div id='gallery-2' class='gallery galleryid-18461 gallery-columns-3 gallery-size-thumbnail'><dl class='gallery-item'>\n\t\t\t<dt class='gallery-icon landscape'>\n\t\t\t\t<a  href=\"https:\/\/www.mecerreyes.com\/mece\/wp-content\/uploads\/2019\/06\/Inauguraci\u00f3n-Museo-del-Carnaval-Zarramacadas-y-Corrida-del-Gallo-18-05-2019-1.jpg\" class=\"thickbox no_icon\" title=\"\"><img loading=\"lazy\" decoding=\"async\" width=\"150\" height=\"150\" src=\"https:\/\/www.mecerreyes.com\/mece\/wp-content\/uploads\/2019\/06\/Inauguraci\u00f3n-Museo-del-Carnaval-Zarramacadas-y-Corrida-del-Gallo-18-05-2019-1-150x150.jpg\" class=\"attachment-thumbnail size-thumbnail\" alt=\"\" srcset=\"https:\/\/www.mecerreyes.com\/mece\/wp-content\/uploads\/2019\/06\/Inauguraci\u00f3n-Museo-del-Carnaval-Zarramacadas-y-Corrida-del-Gallo-18-05-2019-1-150x150.jpg 150w, https:\/\/www.mecerreyes.com\/mece\/wp-content\/uploads\/2019\/06\/Inauguraci\u00f3n-Museo-del-Carnaval-Zarramacadas-y-Corrida-del-Gallo-18-05-2019-1-440x440.jpg 440w\" sizes=\"(max-width: 150px) 100vw, 150px\" \/><\/a>\n\t\t\t<\/dt><\/dl><dl class='gallery-item'>\n\t\t\t<dt class='gallery-icon landscape'>\n\t\t\t\t<a  href=\"https:\/\/www.mecerreyes.com\/mece\/wp-content\/uploads\/2019\/06\/Inauguraci\u00f3n-Museo-del-Carnaval-Zarramacadas-y-Corrida-del-Gallo-18-05-2019-2.jpg\" class=\"thickbox no_icon\" title=\"\"><img loading=\"lazy\" decoding=\"async\" width=\"150\" height=\"150\" src=\"https:\/\/www.mecerreyes.com\/mece\/wp-content\/uploads\/2019\/06\/Inauguraci\u00f3n-Museo-del-Carnaval-Zarramacadas-y-Corrida-del-Gallo-18-05-2019-2-150x150.jpg\" class=\"attachment-thumbnail size-thumbnail\" alt=\"\" srcset=\"https:\/\/www.mecerreyes.com\/mece\/wp-content\/uploads\/2019\/06\/Inauguraci\u00f3n-Museo-del-Carnaval-Zarramacadas-y-Corrida-del-Gallo-18-05-2019-2-150x150.jpg 150w, https:\/\/www.mecerreyes.com\/mece\/wp-content\/uploads\/2019\/06\/Inauguraci\u00f3n-Museo-del-Carnaval-Zarramacadas-y-Corrida-del-Gallo-18-05-2019-2-440x440.jpg 440w\" sizes=\"(max-width: 150px) 100vw, 150px\" \/><\/a>\n\t\t\t<\/dt><\/dl><dl class='gallery-item'>\n\t\t\t<dt class='gallery-icon landscape'>\n\t\t\t\t<a  href=\"https:\/\/www.mecerreyes.com\/mece\/wp-content\/uploads\/2019\/06\/Inauguraci\u00f3n-Museo-del-Carnaval-Zarramacadas-y-Corrida-del-Gallo-18-05-2019-3.jpg\" class=\"thickbox no_icon\" title=\"\"><img loading=\"lazy\" decoding=\"async\" width=\"150\" height=\"150\" src=\"https:\/\/www.mecerreyes.com\/mece\/wp-content\/uploads\/2019\/06\/Inauguraci\u00f3n-Museo-del-Carnaval-Zarramacadas-y-Corrida-del-Gallo-18-05-2019-3-150x150.jpg\" class=\"attachment-thumbnail size-thumbnail\" alt=\"\" srcset=\"https:\/\/www.mecerreyes.com\/mece\/wp-content\/uploads\/2019\/06\/Inauguraci\u00f3n-Museo-del-Carnaval-Zarramacadas-y-Corrida-del-Gallo-18-05-2019-3-150x150.jpg 150w, https:\/\/www.mecerreyes.com\/mece\/wp-content\/uploads\/2019\/06\/Inauguraci\u00f3n-Museo-del-Carnaval-Zarramacadas-y-Corrida-del-Gallo-18-05-2019-3-440x440.jpg 440w\" sizes=\"(max-width: 150px) 100vw, 150px\" \/><\/a>\n\t\t\t<\/dt><\/dl><br style=\"clear: both\" \/><dl class='gallery-item'>\n\t\t\t<dt class='gallery-icon landscape'>\n\t\t\t\t<a  href=\"https:\/\/www.mecerreyes.com\/mece\/wp-content\/uploads\/2019\/06\/Inauguraci\u00f3n-Museo-del-Carnaval-Zarramacadas-y-Corrida-del-Gallo-18-05-2019-4.jpg\" class=\"thickbox no_icon\" title=\"\"><img loading=\"lazy\" decoding=\"async\" width=\"150\" height=\"150\" src=\"https:\/\/www.mecerreyes.com\/mece\/wp-content\/uploads\/2019\/06\/Inauguraci\u00f3n-Museo-del-Carnaval-Zarramacadas-y-Corrida-del-Gallo-18-05-2019-4-150x150.jpg\" class=\"attachment-thumbnail size-thumbnail\" alt=\"\" srcset=\"https:\/\/www.mecerreyes.com\/mece\/wp-content\/uploads\/2019\/06\/Inauguraci\u00f3n-Museo-del-Carnaval-Zarramacadas-y-Corrida-del-Gallo-18-05-2019-4-150x150.jpg 150w, https:\/\/www.mecerreyes.com\/mece\/wp-content\/uploads\/2019\/06\/Inauguraci\u00f3n-Museo-del-Carnaval-Zarramacadas-y-Corrida-del-Gallo-18-05-2019-4-440x440.jpg 440w\" sizes=\"(max-width: 150px) 100vw, 150px\" \/><\/a>\n\t\t\t<\/dt><\/dl><dl class='gallery-item'>\n\t\t\t<dt class='gallery-icon landscape'>\n\t\t\t\t<a  href=\"https:\/\/www.mecerreyes.com\/mece\/wp-content\/uploads\/2019\/06\/Inauguraci\u00f3n-Museo-del-Carnaval-Zarramacadas-y-Corrida-del-Gallo-18-05-2019-5.jpg\" class=\"thickbox no_icon\" title=\"\"><img loading=\"lazy\" decoding=\"async\" width=\"150\" height=\"150\" src=\"https:\/\/www.mecerreyes.com\/mece\/wp-content\/uploads\/2019\/06\/Inauguraci\u00f3n-Museo-del-Carnaval-Zarramacadas-y-Corrida-del-Gallo-18-05-2019-5-150x150.jpg\" class=\"attachment-thumbnail size-thumbnail\" alt=\"\" srcset=\"https:\/\/www.mecerreyes.com\/mece\/wp-content\/uploads\/2019\/06\/Inauguraci\u00f3n-Museo-del-Carnaval-Zarramacadas-y-Corrida-del-Gallo-18-05-2019-5-150x150.jpg 150w, https:\/\/www.mecerreyes.com\/mece\/wp-content\/uploads\/2019\/06\/Inauguraci\u00f3n-Museo-del-Carnaval-Zarramacadas-y-Corrida-del-Gallo-18-05-2019-5-440x440.jpg 440w\" sizes=\"(max-width: 150px) 100vw, 150px\" \/><\/a>\n\t\t\t<\/dt><\/dl><dl class='gallery-item'>\n\t\t\t<dt class='gallery-icon landscape'>\n\t\t\t\t<a  href=\"https:\/\/www.mecerreyes.com\/mece\/wp-content\/uploads\/2019\/06\/Inauguraci\u00f3n-Museo-del-Carnaval-Zarramacadas-y-Corrida-del-Gallo-18-05-2019-6.jpg\" class=\"thickbox no_icon\" title=\"\"><img loading=\"lazy\" decoding=\"async\" width=\"150\" height=\"150\" src=\"https:\/\/www.mecerreyes.com\/mece\/wp-content\/uploads\/2019\/06\/Inauguraci\u00f3n-Museo-del-Carnaval-Zarramacadas-y-Corrida-del-Gallo-18-05-2019-6-150x150.jpg\" class=\"attachment-thumbnail size-thumbnail\" alt=\"\" srcset=\"https:\/\/www.mecerreyes.com\/mece\/wp-content\/uploads\/2019\/06\/Inauguraci\u00f3n-Museo-del-Carnaval-Zarramacadas-y-Corrida-del-Gallo-18-05-2019-6-150x150.jpg 150w, https:\/\/www.mecerreyes.com\/mece\/wp-content\/uploads\/2019\/06\/Inauguraci\u00f3n-Museo-del-Carnaval-Zarramacadas-y-Corrida-del-Gallo-18-05-2019-6-440x440.jpg 440w\" sizes=\"(max-width: 150px) 100vw, 150px\" \/><\/a>\n\t\t\t<\/dt><\/dl><br style=\"clear: both\" \/><dl class='gallery-item'>\n\t\t\t<dt class='gallery-icon landscape'>\n\t\t\t\t<a  href=\"https:\/\/www.mecerreyes.com\/mece\/wp-content\/uploads\/2019\/06\/Inauguraci\u00f3n-Museo-del-Carnaval-Zarramacadas-y-Corrida-del-Gallo-18-05-2019-7.jpg\" class=\"thickbox no_icon\" title=\"\"><img loading=\"lazy\" decoding=\"async\" width=\"150\" height=\"150\" src=\"https:\/\/www.mecerreyes.com\/mece\/wp-content\/uploads\/2019\/06\/Inauguraci\u00f3n-Museo-del-Carnaval-Zarramacadas-y-Corrida-del-Gallo-18-05-2019-7-150x150.jpg\" class=\"attachment-thumbnail size-thumbnail\" alt=\"\" srcset=\"https:\/\/www.mecerreyes.com\/mece\/wp-content\/uploads\/2019\/06\/Inauguraci\u00f3n-Museo-del-Carnaval-Zarramacadas-y-Corrida-del-Gallo-18-05-2019-7-150x150.jpg 150w, https:\/\/www.mecerreyes.com\/mece\/wp-content\/uploads\/2019\/06\/Inauguraci\u00f3n-Museo-del-Carnaval-Zarramacadas-y-Corrida-del-Gallo-18-05-2019-7-440x440.jpg 440w\" sizes=\"(max-width: 150px) 100vw, 150px\" \/><\/a>\n\t\t\t<\/dt><\/dl><dl class='gallery-item'>\n\t\t\t<dt class='gallery-icon landscape'>\n\t\t\t\t<a  href=\"https:\/\/www.mecerreyes.com\/mece\/wp-content\/uploads\/2019\/06\/Inauguraci\u00f3n-Museo-del-Carnaval-Zarramacadas-y-Corrida-del-Gallo-18-05-2019-8.jpg\" class=\"thickbox no_icon\" title=\"\"><img loading=\"lazy\" decoding=\"async\" width=\"150\" height=\"150\" src=\"https:\/\/www.mecerreyes.com\/mece\/wp-content\/uploads\/2019\/06\/Inauguraci\u00f3n-Museo-del-Carnaval-Zarramacadas-y-Corrida-del-Gallo-18-05-2019-8-150x150.jpg\" class=\"attachment-thumbnail size-thumbnail\" alt=\"\" srcset=\"https:\/\/www.mecerreyes.com\/mece\/wp-content\/uploads\/2019\/06\/Inauguraci\u00f3n-Museo-del-Carnaval-Zarramacadas-y-Corrida-del-Gallo-18-05-2019-8-150x150.jpg 150w, https:\/\/www.mecerreyes.com\/mece\/wp-content\/uploads\/2019\/06\/Inauguraci\u00f3n-Museo-del-Carnaval-Zarramacadas-y-Corrida-del-Gallo-18-05-2019-8-440x440.jpg 440w\" sizes=\"(max-width: 150px) 100vw, 150px\" \/><\/a>\n\t\t\t<\/dt><\/dl><dl class='gallery-item'>\n\t\t\t<dt class='gallery-icon landscape'>\n\t\t\t\t<a  href=\"https:\/\/www.mecerreyes.com\/mece\/wp-content\/uploads\/2019\/06\/Inauguraci\u00f3n-Museo-del-Carnaval-Zarramacadas-y-Corrida-del-Gallo-18-05-2019-9.jpg\" class=\"thickbox no_icon\" title=\"\"><img loading=\"lazy\" decoding=\"async\" width=\"150\" height=\"150\" src=\"https:\/\/www.mecerreyes.com\/mece\/wp-content\/uploads\/2019\/06\/Inauguraci\u00f3n-Museo-del-Carnaval-Zarramacadas-y-Corrida-del-Gallo-18-05-2019-9-150x150.jpg\" class=\"attachment-thumbnail size-thumbnail\" alt=\"\" srcset=\"https:\/\/www.mecerreyes.com\/mece\/wp-content\/uploads\/2019\/06\/Inauguraci\u00f3n-Museo-del-Carnaval-Zarramacadas-y-Corrida-del-Gallo-18-05-2019-9-150x150.jpg 150w, https:\/\/www.mecerreyes.com\/mece\/wp-content\/uploads\/2019\/06\/Inauguraci\u00f3n-Museo-del-Carnaval-Zarramacadas-y-Corrida-del-Gallo-18-05-2019-9-440x440.jpg 440w\" sizes=\"(max-width: 150px) 100vw, 150px\" \/><\/a>\n\t\t\t<\/dt><\/dl><br style=\"clear: both\" \/>\n\t\t<\/div>\n\n<h2 style=\"text-align: justify;\"><strong>SOCORRO ORCAJO \u00a1FELICIDADES!<\/strong><\/h2>\n<p style=\"text-align: justify;\">El pasado 21 de mayo, la Sra. Socorro Orcajo (hermana del sacerdote Jes\u00fas Orcajo) cumpli\u00f3 100 a\u00f1os, motivo por el que la familia quer\u00eda obsequiarla con una bonita fiesta, fue el s\u00e1bado 25 cuando Carlos Alonso ofici\u00f3 la misa en su honor, record\u00e1ndola que en ese mismo instante las campanas de su querido Mecerreyes estaban repicando alegres como estaba ella, ya que comenzaba la romer\u00eda de <a  href=\"https:\/\/www.mecerreyes.com\/mece\/?page_id=54\">la Virgen del Camino<\/a> y a la que le ped\u00eda su protecci\u00f3n.<\/p>\n<p style=\"text-align: justify;\">Est\u00e1s muy guapa Socorro, que mantengas esa salud por lo menos un a\u00f1o m\u00e1s.<\/p>\n<p style=\"text-align: justify;\"><img loading=\"lazy\" decoding=\"async\" class=\"aligncenter size-full wp-image-18527\" src=\"http:\/\/www.mecerreyes.com\/mece\/wp-content\/uploads\/2019\/06\/100-a\u00f1os-Socorro-Orcajo-21-mayo-2019.jpg\" alt=\"\" width=\"564\" height=\"795\" srcset=\"https:\/\/www.mecerreyes.com\/mece\/wp-content\/uploads\/2019\/06\/100-a\u00f1os-Socorro-Orcajo-21-mayo-2019.jpg 564w, https:\/\/www.mecerreyes.com\/mece\/wp-content\/uploads\/2019\/06\/100-a\u00f1os-Socorro-Orcajo-21-mayo-2019-213x300.jpg 213w\" sizes=\"(max-width: 564px) 100vw, 564px\" \/><\/p>\n<h2 style=\"text-align: justify;\"><strong>ROMER\u00cdA VIRGEN DEL CAMINO<\/strong><\/h2>\n<p style=\"text-align: justify;\">El s\u00e1bado 25 de mayo, cofrades y amigos nos pusimos en camino para cumplir con la tradici\u00f3n de llevar la talla de la virgen a su ermita, m\u00fasica y repique de campanas alegraron el momento de su llegada. Despu\u00e9s de una celebraci\u00f3n participada por los ni\u00f1os y cofrades, Roberto tom\u00f3 la palabra en representaci\u00f3n de todo el pueblo para agradecer a Juli\u00e1n Vicario su entrega a Mecerreyes durante 24 a\u00f1os.<\/p>\n<p style=\"text-align: justify;\">Como el viento hac\u00eda desapacible la comida romera en la campa, decidimos bajar al pueblo donde ya nos esperaba la paella.<\/p>\n<p style=\"text-align: justify;\">190 comensales dimos buena cuenta del men\u00fa. La Asociaci\u00f3n de Jubilados y la pe\u00f1a Tsukis ayudaron en el reparto del caf\u00e9 y chocolate.<\/p>\n<p style=\"text-align: justify;\">Los afortunados en la rifa del jam\u00f3n fueron Pedro Luis y Mauri, de nuevo la m\u00fasica popular y la alegr\u00eda de los presentes, pusieron broche final a este entra\u00f1able \u00a0d\u00eda.<\/p>\n<p style=\"text-align: justify;\">\u00a1Viva <a  href=\"https:\/\/www.mecerreyes.com\/mece\/?page_id=54\">la Virgen del Camino<\/a>! \u00a1Viva Mecerreyes!<\/p>\n\n\t\t<style type=\"text\/css\">\n\t\t\t#gallery-3 {\n\t\t\t\tmargin: auto;\n\t\t\t}\n\t\t\t#gallery-3 .gallery-item {\n\t\t\t\tfloat: left;\n\t\t\t\tmargin-top: 10px;\n\t\t\t\ttext-align: center;\n\t\t\t\twidth: 33%;\n\t\t\t}\n\t\t\t#gallery-3 img {\n\t\t\t\tborder: 2px solid #cfcfcf;\n\t\t\t}\n\t\t\t#gallery-3 .gallery-caption {\n\t\t\t\tmargin-left: 0;\n\t\t\t}\n\t\t\t\/* see gallery_shortcode() in wp-includes\/media.php *\/\n\t\t<\/style>\n\t\t<div id='gallery-3' class='gallery galleryid-18461 gallery-columns-3 gallery-size-thumbnail'><dl class='gallery-item'>\n\t\t\t<dt class='gallery-icon landscape'>\n\t\t\t\t<a  href=\"https:\/\/www.mecerreyes.com\/mece\/wp-content\/uploads\/2019\/06\/Romeria-Virgen-del-Camino-25-05-19-Mecerreyes-4.jpg\" class=\"thickbox no_icon\" title=\"\"><img loading=\"lazy\" decoding=\"async\" width=\"150\" height=\"150\" src=\"https:\/\/www.mecerreyes.com\/mece\/wp-content\/uploads\/2019\/06\/Romeria-Virgen-del-Camino-25-05-19-Mecerreyes-4-150x150.jpg\" class=\"attachment-thumbnail size-thumbnail\" alt=\"\" srcset=\"https:\/\/www.mecerreyes.com\/mece\/wp-content\/uploads\/2019\/06\/Romeria-Virgen-del-Camino-25-05-19-Mecerreyes-4-150x150.jpg 150w, https:\/\/www.mecerreyes.com\/mece\/wp-content\/uploads\/2019\/06\/Romeria-Virgen-del-Camino-25-05-19-Mecerreyes-4-440x440.jpg 440w\" sizes=\"(max-width: 150px) 100vw, 150px\" \/><\/a>\n\t\t\t<\/dt><\/dl><dl class='gallery-item'>\n\t\t\t<dt class='gallery-icon landscape'>\n\t\t\t\t<a  href=\"https:\/\/www.mecerreyes.com\/mece\/wp-content\/uploads\/2019\/06\/Romeria-Virgen-del-Camino-25-05-19-Mecerreyes-5.jpg\" class=\"thickbox no_icon\" title=\"\"><img loading=\"lazy\" decoding=\"async\" width=\"150\" height=\"150\" src=\"https:\/\/www.mecerreyes.com\/mece\/wp-content\/uploads\/2019\/06\/Romeria-Virgen-del-Camino-25-05-19-Mecerreyes-5-150x150.jpg\" class=\"attachment-thumbnail size-thumbnail\" alt=\"\" srcset=\"https:\/\/www.mecerreyes.com\/mece\/wp-content\/uploads\/2019\/06\/Romeria-Virgen-del-Camino-25-05-19-Mecerreyes-5-150x150.jpg 150w, https:\/\/www.mecerreyes.com\/mece\/wp-content\/uploads\/2019\/06\/Romeria-Virgen-del-Camino-25-05-19-Mecerreyes-5-440x440.jpg 440w\" sizes=\"(max-width: 150px) 100vw, 150px\" \/><\/a>\n\t\t\t<\/dt><\/dl><dl class='gallery-item'>\n\t\t\t<dt class='gallery-icon landscape'>\n\t\t\t\t<a  href=\"https:\/\/www.mecerreyes.com\/mece\/wp-content\/uploads\/2019\/06\/Romeria-Virgen-del-Camino-25-05-19-Mecerreyes-7.jpg\" class=\"thickbox no_icon\" title=\"\"><img loading=\"lazy\" decoding=\"async\" width=\"150\" height=\"150\" src=\"https:\/\/www.mecerreyes.com\/mece\/wp-content\/uploads\/2019\/06\/Romeria-Virgen-del-Camino-25-05-19-Mecerreyes-7-150x150.jpg\" class=\"attachment-thumbnail size-thumbnail\" alt=\"\" srcset=\"https:\/\/www.mecerreyes.com\/mece\/wp-content\/uploads\/2019\/06\/Romeria-Virgen-del-Camino-25-05-19-Mecerreyes-7-150x150.jpg 150w, https:\/\/www.mecerreyes.com\/mece\/wp-content\/uploads\/2019\/06\/Romeria-Virgen-del-Camino-25-05-19-Mecerreyes-7-440x440.jpg 440w\" sizes=\"(max-width: 150px) 100vw, 150px\" \/><\/a>\n\t\t\t<\/dt><\/dl><br style=\"clear: both\" \/><dl class='gallery-item'>\n\t\t\t<dt class='gallery-icon landscape'>\n\t\t\t\t<a  href=\"https:\/\/www.mecerreyes.com\/mece\/wp-content\/uploads\/2019\/06\/Romeria-Virgen-del-Camino-25-05-19-Mecerreyes-27.jpg\" class=\"thickbox no_icon\" title=\"\"><img loading=\"lazy\" decoding=\"async\" width=\"150\" height=\"150\" src=\"https:\/\/www.mecerreyes.com\/mece\/wp-content\/uploads\/2019\/06\/Romeria-Virgen-del-Camino-25-05-19-Mecerreyes-27-150x150.jpg\" class=\"attachment-thumbnail size-thumbnail\" alt=\"\" srcset=\"https:\/\/www.mecerreyes.com\/mece\/wp-content\/uploads\/2019\/06\/Romeria-Virgen-del-Camino-25-05-19-Mecerreyes-27-150x150.jpg 150w, https:\/\/www.mecerreyes.com\/mece\/wp-content\/uploads\/2019\/06\/Romeria-Virgen-del-Camino-25-05-19-Mecerreyes-27-440x440.jpg 440w\" sizes=\"(max-width: 150px) 100vw, 150px\" \/><\/a>\n\t\t\t<\/dt><\/dl><dl class='gallery-item'>\n\t\t\t<dt class='gallery-icon landscape'>\n\t\t\t\t<a  href=\"https:\/\/www.mecerreyes.com\/mece\/wp-content\/uploads\/2019\/06\/Romeria-Virgen-del-Camino-25-05-19-Mecerreyes-28.jpg\" class=\"thickbox no_icon\" title=\"\"><img loading=\"lazy\" decoding=\"async\" width=\"150\" height=\"150\" src=\"https:\/\/www.mecerreyes.com\/mece\/wp-content\/uploads\/2019\/06\/Romeria-Virgen-del-Camino-25-05-19-Mecerreyes-28-150x150.jpg\" class=\"attachment-thumbnail size-thumbnail\" alt=\"\" srcset=\"https:\/\/www.mecerreyes.com\/mece\/wp-content\/uploads\/2019\/06\/Romeria-Virgen-del-Camino-25-05-19-Mecerreyes-28-150x150.jpg 150w, https:\/\/www.mecerreyes.com\/mece\/wp-content\/uploads\/2019\/06\/Romeria-Virgen-del-Camino-25-05-19-Mecerreyes-28-440x440.jpg 440w\" sizes=\"(max-width: 150px) 100vw, 150px\" \/><\/a>\n\t\t\t<\/dt><\/dl><dl class='gallery-item'>\n\t\t\t<dt class='gallery-icon landscape'>\n\t\t\t\t<a  href=\"https:\/\/www.mecerreyes.com\/mece\/wp-content\/uploads\/2019\/06\/Romeria-Virgen-del-Camino-25-05-19-Mecerreyes-6.jpg\" class=\"thickbox no_icon\" title=\"\"><img loading=\"lazy\" decoding=\"async\" width=\"150\" height=\"150\" src=\"https:\/\/www.mecerreyes.com\/mece\/wp-content\/uploads\/2019\/06\/Romeria-Virgen-del-Camino-25-05-19-Mecerreyes-6-150x150.jpg\" class=\"attachment-thumbnail size-thumbnail\" alt=\"\" srcset=\"https:\/\/www.mecerreyes.com\/mece\/wp-content\/uploads\/2019\/06\/Romeria-Virgen-del-Camino-25-05-19-Mecerreyes-6-150x150.jpg 150w, https:\/\/www.mecerreyes.com\/mece\/wp-content\/uploads\/2019\/06\/Romeria-Virgen-del-Camino-25-05-19-Mecerreyes-6-440x440.jpg 440w\" sizes=\"(max-width: 150px) 100vw, 150px\" \/><\/a>\n\t\t\t<\/dt><\/dl><br style=\"clear: both\" \/><dl class='gallery-item'>\n\t\t\t<dt class='gallery-icon landscape'>\n\t\t\t\t<a  href=\"https:\/\/www.mecerreyes.com\/mece\/wp-content\/uploads\/2019\/06\/Romeria-Virgen-del-Camino-25-05-19-Mecerreyes-3.jpg\" class=\"thickbox no_icon\" title=\"\"><img loading=\"lazy\" decoding=\"async\" width=\"150\" height=\"150\" src=\"https:\/\/www.mecerreyes.com\/mece\/wp-content\/uploads\/2019\/06\/Romeria-Virgen-del-Camino-25-05-19-Mecerreyes-3-150x150.jpg\" class=\"attachment-thumbnail size-thumbnail\" alt=\"\" srcset=\"https:\/\/www.mecerreyes.com\/mece\/wp-content\/uploads\/2019\/06\/Romeria-Virgen-del-Camino-25-05-19-Mecerreyes-3-150x150.jpg 150w, https:\/\/www.mecerreyes.com\/mece\/wp-content\/uploads\/2019\/06\/Romeria-Virgen-del-Camino-25-05-19-Mecerreyes-3-440x440.jpg 440w\" sizes=\"(max-width: 150px) 100vw, 150px\" \/><\/a>\n\t\t\t<\/dt><\/dl><dl class='gallery-item'>\n\t\t\t<dt class='gallery-icon landscape'>\n\t\t\t\t<a  href=\"https:\/\/www.mecerreyes.com\/mece\/wp-content\/uploads\/2019\/06\/Romeria-Virgen-del-Camino-25-05-19-Mecerreyes-8.jpg\" class=\"thickbox no_icon\" title=\"\"><img loading=\"lazy\" decoding=\"async\" width=\"150\" height=\"150\" src=\"https:\/\/www.mecerreyes.com\/mece\/wp-content\/uploads\/2019\/06\/Romeria-Virgen-del-Camino-25-05-19-Mecerreyes-8-150x150.jpg\" class=\"attachment-thumbnail size-thumbnail\" alt=\"\" srcset=\"https:\/\/www.mecerreyes.com\/mece\/wp-content\/uploads\/2019\/06\/Romeria-Virgen-del-Camino-25-05-19-Mecerreyes-8-150x150.jpg 150w, https:\/\/www.mecerreyes.com\/mece\/wp-content\/uploads\/2019\/06\/Romeria-Virgen-del-Camino-25-05-19-Mecerreyes-8-440x440.jpg 440w\" sizes=\"(max-width: 150px) 100vw, 150px\" \/><\/a>\n\t\t\t<\/dt><\/dl><dl class='gallery-item'>\n\t\t\t<dt class='gallery-icon landscape'>\n\t\t\t\t<a  href=\"https:\/\/www.mecerreyes.com\/mece\/wp-content\/uploads\/2019\/06\/Romeria-Virgen-del-Camino-25-05-19-Mecerreyes-2.jpg\" class=\"thickbox no_icon\" title=\"\"><img loading=\"lazy\" decoding=\"async\" width=\"150\" height=\"150\" src=\"https:\/\/www.mecerreyes.com\/mece\/wp-content\/uploads\/2019\/06\/Romeria-Virgen-del-Camino-25-05-19-Mecerreyes-2-150x150.jpg\" class=\"attachment-thumbnail size-thumbnail\" alt=\"\" srcset=\"https:\/\/www.mecerreyes.com\/mece\/wp-content\/uploads\/2019\/06\/Romeria-Virgen-del-Camino-25-05-19-Mecerreyes-2-150x150.jpg 150w, https:\/\/www.mecerreyes.com\/mece\/wp-content\/uploads\/2019\/06\/Romeria-Virgen-del-Camino-25-05-19-Mecerreyes-2-440x440.jpg 440w\" sizes=\"(max-width: 150px) 100vw, 150px\" \/><\/a>\n\t\t\t<\/dt><\/dl><br style=\"clear: both\" \/><dl class='gallery-item'>\n\t\t\t<dt class='gallery-icon landscape'>\n\t\t\t\t<a  href=\"https:\/\/www.mecerreyes.com\/mece\/wp-content\/uploads\/2019\/06\/Romeria-Virgen-del-Camino-25-05-19-Mecerreyes-9.jpg\" class=\"thickbox no_icon\" title=\"\"><img loading=\"lazy\" decoding=\"async\" width=\"150\" height=\"150\" src=\"https:\/\/www.mecerreyes.com\/mece\/wp-content\/uploads\/2019\/06\/Romeria-Virgen-del-Camino-25-05-19-Mecerreyes-9-150x150.jpg\" class=\"attachment-thumbnail size-thumbnail\" alt=\"\" srcset=\"https:\/\/www.mecerreyes.com\/mece\/wp-content\/uploads\/2019\/06\/Romeria-Virgen-del-Camino-25-05-19-Mecerreyes-9-150x150.jpg 150w, https:\/\/www.mecerreyes.com\/mece\/wp-content\/uploads\/2019\/06\/Romeria-Virgen-del-Camino-25-05-19-Mecerreyes-9-440x440.jpg 440w\" sizes=\"(max-width: 150px) 100vw, 150px\" \/><\/a>\n\t\t\t<\/dt><\/dl><dl class='gallery-item'>\n\t\t\t<dt class='gallery-icon landscape'>\n\t\t\t\t<a  href=\"https:\/\/www.mecerreyes.com\/mece\/wp-content\/uploads\/2019\/06\/Romeria-Virgen-del-Camino-25-05-19-Mecerreyes-10.jpg\" class=\"thickbox no_icon\" title=\"\"><img loading=\"lazy\" decoding=\"async\" width=\"150\" height=\"150\" src=\"https:\/\/www.mecerreyes.com\/mece\/wp-content\/uploads\/2019\/06\/Romeria-Virgen-del-Camino-25-05-19-Mecerreyes-10-150x150.jpg\" class=\"attachment-thumbnail size-thumbnail\" alt=\"\" srcset=\"https:\/\/www.mecerreyes.com\/mece\/wp-content\/uploads\/2019\/06\/Romeria-Virgen-del-Camino-25-05-19-Mecerreyes-10-150x150.jpg 150w, https:\/\/www.mecerreyes.com\/mece\/wp-content\/uploads\/2019\/06\/Romeria-Virgen-del-Camino-25-05-19-Mecerreyes-10-440x440.jpg 440w\" sizes=\"(max-width: 150px) 100vw, 150px\" \/><\/a>\n\t\t\t<\/dt><\/dl><dl class='gallery-item'>\n\t\t\t<dt class='gallery-icon landscape'>\n\t\t\t\t<a  href=\"https:\/\/www.mecerreyes.com\/mece\/wp-content\/uploads\/2019\/06\/Romeria-Virgen-del-Camino-25-05-19-Mecerreyes-1.jpg\" class=\"thickbox no_icon\" title=\"\"><img loading=\"lazy\" decoding=\"async\" width=\"150\" height=\"150\" src=\"https:\/\/www.mecerreyes.com\/mece\/wp-content\/uploads\/2019\/06\/Romeria-Virgen-del-Camino-25-05-19-Mecerreyes-1-150x150.jpg\" class=\"attachment-thumbnail size-thumbnail\" alt=\"\" srcset=\"https:\/\/www.mecerreyes.com\/mece\/wp-content\/uploads\/2019\/06\/Romeria-Virgen-del-Camino-25-05-19-Mecerreyes-1-150x150.jpg 150w, https:\/\/www.mecerreyes.com\/mece\/wp-content\/uploads\/2019\/06\/Romeria-Virgen-del-Camino-25-05-19-Mecerreyes-1-440x440.jpg 440w\" sizes=\"(max-width: 150px) 100vw, 150px\" \/><\/a>\n\t\t\t<\/dt><\/dl><br style=\"clear: both\" \/><dl class='gallery-item'>\n\t\t\t<dt class='gallery-icon landscape'>\n\t\t\t\t<a  href=\"https:\/\/www.mecerreyes.com\/mece\/wp-content\/uploads\/2019\/06\/Romeria-Virgen-del-Camino-25-05-19-Mecerreyes-11.jpg\" class=\"thickbox no_icon\" title=\"\"><img loading=\"lazy\" decoding=\"async\" width=\"150\" height=\"150\" src=\"https:\/\/www.mecerreyes.com\/mece\/wp-content\/uploads\/2019\/06\/Romeria-Virgen-del-Camino-25-05-19-Mecerreyes-11-150x150.jpg\" class=\"attachment-thumbnail size-thumbnail\" alt=\"\" srcset=\"https:\/\/www.mecerreyes.com\/mece\/wp-content\/uploads\/2019\/06\/Romeria-Virgen-del-Camino-25-05-19-Mecerreyes-11-150x150.jpg 150w, https:\/\/www.mecerreyes.com\/mece\/wp-content\/uploads\/2019\/06\/Romeria-Virgen-del-Camino-25-05-19-Mecerreyes-11-440x440.jpg 440w\" sizes=\"(max-width: 150px) 100vw, 150px\" \/><\/a>\n\t\t\t<\/dt><\/dl><dl class='gallery-item'>\n\t\t\t<dt class='gallery-icon landscape'>\n\t\t\t\t<a  href=\"https:\/\/www.mecerreyes.com\/mece\/wp-content\/uploads\/2019\/06\/Romeria-Virgen-del-Camino-25-05-19-Mecerreyes-13.jpg\" class=\"thickbox no_icon\" title=\"\"><img loading=\"lazy\" decoding=\"async\" width=\"150\" height=\"150\" src=\"https:\/\/www.mecerreyes.com\/mece\/wp-content\/uploads\/2019\/06\/Romeria-Virgen-del-Camino-25-05-19-Mecerreyes-13-150x150.jpg\" class=\"attachment-thumbnail size-thumbnail\" alt=\"\" srcset=\"https:\/\/www.mecerreyes.com\/mece\/wp-content\/uploads\/2019\/06\/Romeria-Virgen-del-Camino-25-05-19-Mecerreyes-13-150x150.jpg 150w, https:\/\/www.mecerreyes.com\/mece\/wp-content\/uploads\/2019\/06\/Romeria-Virgen-del-Camino-25-05-19-Mecerreyes-13-440x440.jpg 440w\" sizes=\"(max-width: 150px) 100vw, 150px\" \/><\/a>\n\t\t\t<\/dt><\/dl><dl class='gallery-item'>\n\t\t\t<dt class='gallery-icon landscape'>\n\t\t\t\t<a  href=\"https:\/\/www.mecerreyes.com\/mece\/wp-content\/uploads\/2019\/06\/Romeria-Virgen-del-Camino-25-05-19-Mecerreyes-14.jpg\" class=\"thickbox no_icon\" title=\"\"><img loading=\"lazy\" decoding=\"async\" width=\"150\" height=\"150\" src=\"https:\/\/www.mecerreyes.com\/mece\/wp-content\/uploads\/2019\/06\/Romeria-Virgen-del-Camino-25-05-19-Mecerreyes-14-150x150.jpg\" class=\"attachment-thumbnail size-thumbnail\" alt=\"\" srcset=\"https:\/\/www.mecerreyes.com\/mece\/wp-content\/uploads\/2019\/06\/Romeria-Virgen-del-Camino-25-05-19-Mecerreyes-14-150x150.jpg 150w, https:\/\/www.mecerreyes.com\/mece\/wp-content\/uploads\/2019\/06\/Romeria-Virgen-del-Camino-25-05-19-Mecerreyes-14-440x440.jpg 440w\" sizes=\"(max-width: 150px) 100vw, 150px\" \/><\/a>\n\t\t\t<\/dt><\/dl><br style=\"clear: both\" \/><dl class='gallery-item'>\n\t\t\t<dt class='gallery-icon landscape'>\n\t\t\t\t<a  href=\"https:\/\/www.mecerreyes.com\/mece\/wp-content\/uploads\/2019\/06\/Romeria-Virgen-del-Camino-25-05-19-Mecerreyes-15.jpg\" class=\"thickbox no_icon\" title=\"\"><img loading=\"lazy\" decoding=\"async\" width=\"150\" height=\"150\" src=\"https:\/\/www.mecerreyes.com\/mece\/wp-content\/uploads\/2019\/06\/Romeria-Virgen-del-Camino-25-05-19-Mecerreyes-15-150x150.jpg\" class=\"attachment-thumbnail size-thumbnail\" alt=\"\" srcset=\"https:\/\/www.mecerreyes.com\/mece\/wp-content\/uploads\/2019\/06\/Romeria-Virgen-del-Camino-25-05-19-Mecerreyes-15-150x150.jpg 150w, https:\/\/www.mecerreyes.com\/mece\/wp-content\/uploads\/2019\/06\/Romeria-Virgen-del-Camino-25-05-19-Mecerreyes-15-440x440.jpg 440w\" sizes=\"(max-width: 150px) 100vw, 150px\" \/><\/a>\n\t\t\t<\/dt><\/dl><dl class='gallery-item'>\n\t\t\t<dt class='gallery-icon landscape'>\n\t\t\t\t<a  href=\"https:\/\/www.mecerreyes.com\/mece\/wp-content\/uploads\/2019\/06\/Romeria-Virgen-del-Camino-25-05-19-Mecerreyes-16.jpg\" class=\"thickbox no_icon\" title=\"\"><img loading=\"lazy\" decoding=\"async\" width=\"150\" height=\"150\" src=\"https:\/\/www.mecerreyes.com\/mece\/wp-content\/uploads\/2019\/06\/Romeria-Virgen-del-Camino-25-05-19-Mecerreyes-16-150x150.jpg\" class=\"attachment-thumbnail size-thumbnail\" alt=\"\" srcset=\"https:\/\/www.mecerreyes.com\/mece\/wp-content\/uploads\/2019\/06\/Romeria-Virgen-del-Camino-25-05-19-Mecerreyes-16-150x150.jpg 150w, https:\/\/www.mecerreyes.com\/mece\/wp-content\/uploads\/2019\/06\/Romeria-Virgen-del-Camino-25-05-19-Mecerreyes-16-440x440.jpg 440w\" sizes=\"(max-width: 150px) 100vw, 150px\" \/><\/a>\n\t\t\t<\/dt><\/dl><dl class='gallery-item'>\n\t\t\t<dt class='gallery-icon landscape'>\n\t\t\t\t<a  href=\"https:\/\/www.mecerreyes.com\/mece\/wp-content\/uploads\/2019\/06\/Romeria-Virgen-del-Camino-25-05-19-Mecerreyes-18.jpg\" class=\"thickbox no_icon\" title=\"\"><img loading=\"lazy\" decoding=\"async\" width=\"150\" height=\"150\" src=\"https:\/\/www.mecerreyes.com\/mece\/wp-content\/uploads\/2019\/06\/Romeria-Virgen-del-Camino-25-05-19-Mecerreyes-18-150x150.jpg\" class=\"attachment-thumbnail size-thumbnail\" alt=\"\" srcset=\"https:\/\/www.mecerreyes.com\/mece\/wp-content\/uploads\/2019\/06\/Romeria-Virgen-del-Camino-25-05-19-Mecerreyes-18-150x150.jpg 150w, https:\/\/www.mecerreyes.com\/mece\/wp-content\/uploads\/2019\/06\/Romeria-Virgen-del-Camino-25-05-19-Mecerreyes-18-440x440.jpg 440w\" sizes=\"(max-width: 150px) 100vw, 150px\" \/><\/a>\n\t\t\t<\/dt><\/dl><br style=\"clear: both\" \/><dl class='gallery-item'>\n\t\t\t<dt class='gallery-icon landscape'>\n\t\t\t\t<a  href=\"https:\/\/www.mecerreyes.com\/mece\/wp-content\/uploads\/2019\/06\/Romeria-Virgen-del-Camino-25-05-19-Mecerreyes-19.jpg\" class=\"thickbox no_icon\" title=\"\"><img loading=\"lazy\" decoding=\"async\" width=\"150\" height=\"150\" src=\"https:\/\/www.mecerreyes.com\/mece\/wp-content\/uploads\/2019\/06\/Romeria-Virgen-del-Camino-25-05-19-Mecerreyes-19-150x150.jpg\" class=\"attachment-thumbnail size-thumbnail\" alt=\"\" srcset=\"https:\/\/www.mecerreyes.com\/mece\/wp-content\/uploads\/2019\/06\/Romeria-Virgen-del-Camino-25-05-19-Mecerreyes-19-150x150.jpg 150w, https:\/\/www.mecerreyes.com\/mece\/wp-content\/uploads\/2019\/06\/Romeria-Virgen-del-Camino-25-05-19-Mecerreyes-19-440x440.jpg 440w\" sizes=\"(max-width: 150px) 100vw, 150px\" \/><\/a>\n\t\t\t<\/dt><\/dl><dl class='gallery-item'>\n\t\t\t<dt class='gallery-icon landscape'>\n\t\t\t\t<a  href=\"https:\/\/www.mecerreyes.com\/mece\/wp-content\/uploads\/2019\/06\/Romeria-Virgen-del-Camino-25-05-19-Mecerreyes-20.jpg\" class=\"thickbox no_icon\" title=\"\"><img loading=\"lazy\" decoding=\"async\" width=\"150\" height=\"150\" src=\"https:\/\/www.mecerreyes.com\/mece\/wp-content\/uploads\/2019\/06\/Romeria-Virgen-del-Camino-25-05-19-Mecerreyes-20-150x150.jpg\" class=\"attachment-thumbnail size-thumbnail\" alt=\"\" srcset=\"https:\/\/www.mecerreyes.com\/mece\/wp-content\/uploads\/2019\/06\/Romeria-Virgen-del-Camino-25-05-19-Mecerreyes-20-150x150.jpg 150w, https:\/\/www.mecerreyes.com\/mece\/wp-content\/uploads\/2019\/06\/Romeria-Virgen-del-Camino-25-05-19-Mecerreyes-20-440x440.jpg 440w\" sizes=\"(max-width: 150px) 100vw, 150px\" \/><\/a>\n\t\t\t<\/dt><\/dl><dl class='gallery-item'>\n\t\t\t<dt class='gallery-icon portrait'>\n\t\t\t\t<a  href=\"https:\/\/www.mecerreyes.com\/mece\/wp-content\/uploads\/2019\/06\/Romeria-Virgen-del-Camino-25-05-19-Mecerreyes-26.jpg\" class=\"thickbox no_icon\" title=\"\"><img loading=\"lazy\" decoding=\"async\" width=\"150\" height=\"150\" src=\"https:\/\/www.mecerreyes.com\/mece\/wp-content\/uploads\/2019\/06\/Romeria-Virgen-del-Camino-25-05-19-Mecerreyes-26-150x150.jpg\" class=\"attachment-thumbnail size-thumbnail\" alt=\"\" srcset=\"https:\/\/www.mecerreyes.com\/mece\/wp-content\/uploads\/2019\/06\/Romeria-Virgen-del-Camino-25-05-19-Mecerreyes-26-150x150.jpg 150w, https:\/\/www.mecerreyes.com\/mece\/wp-content\/uploads\/2019\/06\/Romeria-Virgen-del-Camino-25-05-19-Mecerreyes-26-440x440.jpg 440w\" sizes=\"(max-width: 150px) 100vw, 150px\" \/><\/a>\n\t\t\t<\/dt><\/dl><br style=\"clear: both\" \/><dl class='gallery-item'>\n\t\t\t<dt class='gallery-icon landscape'>\n\t\t\t\t<a  href=\"https:\/\/www.mecerreyes.com\/mece\/wp-content\/uploads\/2019\/06\/Romeria-Virgen-del-Camino-25-05-19-Mecerreyes-21.jpg\" class=\"thickbox no_icon\" title=\"\"><img loading=\"lazy\" decoding=\"async\" width=\"150\" height=\"150\" src=\"https:\/\/www.mecerreyes.com\/mece\/wp-content\/uploads\/2019\/06\/Romeria-Virgen-del-Camino-25-05-19-Mecerreyes-21-150x150.jpg\" class=\"attachment-thumbnail size-thumbnail\" alt=\"\" srcset=\"https:\/\/www.mecerreyes.com\/mece\/wp-content\/uploads\/2019\/06\/Romeria-Virgen-del-Camino-25-05-19-Mecerreyes-21-150x150.jpg 150w, https:\/\/www.mecerreyes.com\/mece\/wp-content\/uploads\/2019\/06\/Romeria-Virgen-del-Camino-25-05-19-Mecerreyes-21-440x440.jpg 440w\" sizes=\"(max-width: 150px) 100vw, 150px\" \/><\/a>\n\t\t\t<\/dt><\/dl><dl class='gallery-item'>\n\t\t\t<dt class='gallery-icon landscape'>\n\t\t\t\t<a  href=\"https:\/\/www.mecerreyes.com\/mece\/wp-content\/uploads\/2019\/06\/Romeria-Virgen-del-Camino-25-05-19-Mecerreyes-23.jpg\" class=\"thickbox no_icon\" title=\"\"><img loading=\"lazy\" decoding=\"async\" width=\"150\" height=\"150\" src=\"https:\/\/www.mecerreyes.com\/mece\/wp-content\/uploads\/2019\/06\/Romeria-Virgen-del-Camino-25-05-19-Mecerreyes-23-150x150.jpg\" class=\"attachment-thumbnail size-thumbnail\" alt=\"\" srcset=\"https:\/\/www.mecerreyes.com\/mece\/wp-content\/uploads\/2019\/06\/Romeria-Virgen-del-Camino-25-05-19-Mecerreyes-23-150x150.jpg 150w, https:\/\/www.mecerreyes.com\/mece\/wp-content\/uploads\/2019\/06\/Romeria-Virgen-del-Camino-25-05-19-Mecerreyes-23-440x440.jpg 440w\" sizes=\"(max-width: 150px) 100vw, 150px\" \/><\/a>\n\t\t\t<\/dt><\/dl><dl class='gallery-item'>\n\t\t\t<dt class='gallery-icon landscape'>\n\t\t\t\t<a  href=\"https:\/\/www.mecerreyes.com\/mece\/wp-content\/uploads\/2019\/06\/Romeria-Virgen-del-Camino-25-05-19-Mecerreyes-24.jpg\" class=\"thickbox no_icon\" title=\"\"><img loading=\"lazy\" decoding=\"async\" width=\"150\" height=\"150\" src=\"https:\/\/www.mecerreyes.com\/mece\/wp-content\/uploads\/2019\/06\/Romeria-Virgen-del-Camino-25-05-19-Mecerreyes-24-150x150.jpg\" class=\"attachment-thumbnail size-thumbnail\" alt=\"\" srcset=\"https:\/\/www.mecerreyes.com\/mece\/wp-content\/uploads\/2019\/06\/Romeria-Virgen-del-Camino-25-05-19-Mecerreyes-24-150x150.jpg 150w, https:\/\/www.mecerreyes.com\/mece\/wp-content\/uploads\/2019\/06\/Romeria-Virgen-del-Camino-25-05-19-Mecerreyes-24-440x440.jpg 440w\" sizes=\"(max-width: 150px) 100vw, 150px\" \/><\/a>\n\t\t\t<\/dt><\/dl><br style=\"clear: both\" \/>\n\t\t<\/div>\n\n<h2 style=\"text-align: center;\"><span style=\"color: #3366ff;\"><strong>A <a  href=\"https:\/\/www.mecerreyes.com\/mece\/?page_id=54\">la Virgen del Camino<\/a><\/strong><\/span><\/h2>\n<p style=\"text-align: center;\"><span style=\"color: #3366ff;\">Lo susurra el camino que pasa y se queda,<\/span><\/p>\n<p style=\"text-align: center;\"><span style=\"color: #3366ff;\">Y el sol que al ponerse dora la arboleda,<\/span><\/p>\n<p style=\"text-align: center;\"><span style=\"color: #3366ff;\">Lo olvida el guileto que se rinde antes de empezar<\/span><\/p>\n<p style=\"text-align: center;\"><span style=\"color: #3366ff;\">Cuando a <a  href=\"https:\/\/www.mecerreyes.com\/mece\/?page_id=54\">la Virgen del Camino<\/a> quiere ir a adorar.<\/span><\/p>\n<p style=\"text-align: center;\"><span style=\"color: #3366ff;\">Lo so\u00f1\u00e9 cerca del encinar que siempre rodea tu altar<\/span><\/p>\n<p style=\"text-align: center;\"><span style=\"color: #3366ff;\">La vi de pronto pasar y a m\u00ed nadie me quiso esperar.<\/span><\/p>\n<p style=\"text-align: center;\"><span style=\"color: #3366ff;\">El sol que al ponerse dora la arboleda<\/span><\/p>\n<p style=\"text-align: center;\"><span style=\"color: #3366ff;\">Y un rayo ilumina tu cabellera,<\/span><\/p>\n<p style=\"text-align: center;\"><span style=\"color: #3366ff;\">Pese al llegar la noche oscura<\/span><\/p>\n<p style=\"text-align: center;\"><span style=\"color: #3366ff;\">La luz de la madrugada llega.<\/span><\/p>\n<p style=\"text-align: center;\"><span style=\"color: #3366ff;\">La luz de tu rostro me ilumina<\/span><\/p>\n<p style=\"text-align: center;\"><span style=\"color: #3366ff;\">Virgen del Camino y madre m\u00eda<\/span><\/p>\n<p style=\"text-align: center;\"><span style=\"color: #3366ff;\">El pedregoso camino me lleva y gu\u00eda<\/span><\/p>\n<p style=\"text-align: center;\"><span style=\"color: #3366ff;\">A los pies de tu altar virgencita m\u00eda.<\/span><\/p>\n<p style=\"text-align: center;\"><span style=\"color: #3366ff;\">La luz siempre llega y se va<\/span><\/p>\n<p style=\"text-align: center;\"><span style=\"color: #3366ff;\">Hasta el juicio final ser\u00e1.<\/span><\/p>\n<p style=\"text-align: center;\"><span style=\"color: #3366ff;\">A m\u00ed siempre me quedar\u00e1n fuerzas para irte a adorar<\/span><\/p>\n<p style=\"text-align: center;\"><span style=\"color: #3366ff;\">Virgencita del Camino,<\/span><\/p>\n<p style=\"text-align: center;\"><span style=\"color: #3366ff;\">ac\u00f3genos en tu seno<\/span><\/p>\n<p style=\"text-align: center;\"><span style=\"color: #3366ff;\">Cuando lleguemos al Padre Dios,<\/span><\/p>\n<p style=\"text-align: center;\"><span style=\"color: #3366ff;\">intercede por nos.<\/span><\/p>\n<p style=\"text-align: center;\"><span style=\"color: #3366ff;\">(Boni)<\/span><\/p>\n<h2 style=\"text-align: justify;\"><strong>ELECCIONES MUNICIPALES<\/strong><\/h2>\n<p style=\"text-align: justify;\"><strong><em>\u201cSon mecanismos de participaci\u00f3n del pueblo en ejercicio de su\u00a0soberan\u00eda: el voto, el plebiscito, el referendo, la consulta popular, el cabildo\u00a0abierto, la iniciativa legislativa y la revocatoria del mandato\u201d. <\/em><\/strong><\/p>\n<p style=\"text-align: justify;\">El pasado 26 de mayo, cumpliendo con el derecho constitucional de todo ciudadano, como es el de elegir a sus representantes pol\u00edticos, acudimos de nuevo al colegio electoral situado en el sal\u00f3n de usos m\u00faltiples tambi\u00e9n <a  href=\"https:\/\/www.mecerreyes.com\/mece\/?page_id=24340\">Museo del Carnaval<\/a>), y despu\u00e9s de realizar el recuento de votos, los resultados fueron los siguientes:<\/p>\n<p style=\"text-align: justify;\"><img loading=\"lazy\" decoding=\"async\" class=\"aligncenter size-full wp-image-18516\" src=\"http:\/\/www.mecerreyes.com\/mece\/wp-content\/uploads\/2019\/06\/Mecerreyes-resultado-elecciones-Municipales-25-05-2019.jpg\" alt=\"\" width=\"968\" height=\"381\" srcset=\"https:\/\/www.mecerreyes.com\/mece\/wp-content\/uploads\/2019\/06\/Mecerreyes-resultado-elecciones-Municipales-25-05-2019.jpg 968w, https:\/\/www.mecerreyes.com\/mece\/wp-content\/uploads\/2019\/06\/Mecerreyes-resultado-elecciones-Municipales-25-05-2019-300x118.jpg 300w, https:\/\/www.mecerreyes.com\/mece\/wp-content\/uploads\/2019\/06\/Mecerreyes-resultado-elecciones-Municipales-25-05-2019-768x302.jpg 768w\" sizes=\"(max-width: 968px) 100vw, 968px\" \/><\/p>\n<p style=\"text-align: justify;\">Deseando que la nueva corporaci\u00f3n nos informe de las iniciativas que intentar\u00e1n llevar a cabo en esta legislatura, que las mismas sean acogidas por el pueblo con agrado, y que lidiar con los devenires cotidianos de Mecerreyes supongan retos a superar y no caigan en el des\u00e1nimo, les damos la enhorabuena por mostrar inter\u00e9s en este oficio tan desinteresado.<\/p>\n<h2 style=\"text-align: justify;\"><strong>PRIMERAS COMUNIONES <\/strong><\/h2>\n<p style=\"text-align: justify;\">El pasado 1 de junio la comunidad cristiana de Mecereyes comparti\u00f3 la alegr\u00eda de las 5 familias que celebraban la primera comuni\u00f3n de sus hijos.<\/p>\n<p style=\"text-align: justify;\">Carla, Pablo, Diego, Luc\u00eda, Antonio y Nicol\u00e1s brillaron con luz propia en la ceremonia especialmente dise\u00f1ada para ellos.<\/p>\n<p style=\"text-align: justify;\">El trabajo de Lourdes, Rosa y M\u00aa Luisa qued\u00f3 reflejado en estos seis emocionados ni\u00f1os.<\/p>\n<p style=\"text-align: justify;\">P\u00e1rroco, catequistas, padres y ni\u00f1os arropados por sus familias, celebraron este sacramento con sencillez, ternura, inocencia y fe en un marco incomparable como es la Iglesia de Mecerreyes.<\/p>\n<p style=\"text-align: justify;\">Al atardecer las cinco familias disfrutaron de hinchables, juegos, merienda y m\u00fasica en el parque de las escuelas, las altas temperaturas permitieron alargar la fiesta hasta media noche.<\/p>\n<p style=\"text-align: justify;\"><img loading=\"lazy\" decoding=\"async\" class=\"aligncenter size-full wp-image-18563\" src=\"http:\/\/www.mecerreyes.com\/mece\/wp-content\/uploads\/2019\/06\/1\u00aa-Comuni\u00f3n-Mecerreyes-1-06-2019-2.jpg\" alt=\"\" width=\"2835\" height=\"1594\" srcset=\"https:\/\/www.mecerreyes.com\/mece\/wp-content\/uploads\/2019\/06\/1\u00aa-Comuni\u00f3n-Mecerreyes-1-06-2019-2.jpg 2835w, https:\/\/www.mecerreyes.com\/mece\/wp-content\/uploads\/2019\/06\/1\u00aa-Comuni\u00f3n-Mecerreyes-1-06-2019-2-300x169.jpg 300w, https:\/\/www.mecerreyes.com\/mece\/wp-content\/uploads\/2019\/06\/1\u00aa-Comuni\u00f3n-Mecerreyes-1-06-2019-2-768x432.jpg 768w, https:\/\/www.mecerreyes.com\/mece\/wp-content\/uploads\/2019\/06\/1\u00aa-Comuni\u00f3n-Mecerreyes-1-06-2019-2-1024x576.jpg 1024w, https:\/\/www.mecerreyes.com\/mece\/wp-content\/uploads\/2019\/06\/1\u00aa-Comuni\u00f3n-Mecerreyes-1-06-2019-2-1080x607.jpg 1080w\" sizes=\"(max-width: 2835px) 100vw, 2835px\" \/><\/p>\n<p style=\"text-align: justify;\"><img loading=\"lazy\" decoding=\"async\" class=\"aligncenter size-full wp-image-18564\" src=\"http:\/\/www.mecerreyes.com\/mece\/wp-content\/uploads\/2019\/06\/1\u00aa-Comuni\u00f3n-Mecerreyes-1-06-2019-1.jpg\" alt=\"\" width=\"2835\" height=\"1594\" srcset=\"https:\/\/www.mecerreyes.com\/mece\/wp-content\/uploads\/2019\/06\/1\u00aa-Comuni\u00f3n-Mecerreyes-1-06-2019-1.jpg 2835w, https:\/\/www.mecerreyes.com\/mece\/wp-content\/uploads\/2019\/06\/1\u00aa-Comuni\u00f3n-Mecerreyes-1-06-2019-1-300x169.jpg 300w, https:\/\/www.mecerreyes.com\/mece\/wp-content\/uploads\/2019\/06\/1\u00aa-Comuni\u00f3n-Mecerreyes-1-06-2019-1-768x432.jpg 768w, https:\/\/www.mecerreyes.com\/mece\/wp-content\/uploads\/2019\/06\/1\u00aa-Comuni\u00f3n-Mecerreyes-1-06-2019-1-1024x576.jpg 1024w, https:\/\/www.mecerreyes.com\/mece\/wp-content\/uploads\/2019\/06\/1\u00aa-Comuni\u00f3n-Mecerreyes-1-06-2019-1-1080x607.jpg 1080w\" sizes=\"(max-width: 2835px) 100vw, 2835px\" \/><\/p>\n<p style=\"text-align: justify;\"><span style=\"color: #ff0000;\"><em>&#8212;&#8212;&#8211; En los pr\u00f3ximos d\u00edas se completar\u00e1 la cr\u00f3nica con m\u00e1s fotos &#8212;&#8212;-<\/em><\/span><\/p>\n<p><strong>REFRANERO<\/strong><\/p>\n<ul>\n<li><em>En mayo, hambre y rosas: \u00a1Mira qu\u00e9 cosas!<\/em><\/li>\n<li><em>Mayo reglado, ni muy seco ni muy mojado<\/em><\/li>\n<li><em>\u00bfC\u00f3mo os va de amores?: Como a mayo con sus flores; si a el le va bien, a m\u00ed tambi\u00e9n.<\/em><\/li>\n<li><em>El Barbo, la trucha y el gallo, todo en mayo.<\/em><\/li>\n<li><em>Hasta San Urbano (25 de mayo), no est\u00e1 libre de hielos el hortelano.<\/em><\/li>\n<\/ul>","protected":false},"excerpt":{"rendered":"<p>MAYO 2019 &nbsp; Acaba un mes que ha estado salpicado de acontecimientos que pasar\u00e1n a la historia dada su importancia cultural, como ha sido la inauguraci\u00f3n del Museo del Carnaval, San Isidro fiesta de los labradores y la celebraci\u00f3n de la 16\u00aa Romer\u00eda Virgen del Camino, o por lo que significan pol\u00edticamente para Mecerreyes, como [&hellip;]<\/p>\n","protected":false},"author":5,"featured_media":18515,"comment_status":"open","ping_status":"closed","sticky":false,"template":"","format":"standard","meta":{"_et_pb_use_builder":"","_et_pb_old_content":"","_et_gb_content_width":"","footnotes":""},"categories":[1],"tags":[16,17,21,75],"class_list":["post-18461","post","type-post","status-publish","format-standard","has-post-thumbnail","hentry","category-general","tag-cofradia-virgen-del-camino","tag-ermita","tag-guiletos","tag-museo-del-carnaval","et-has-post-format-content","et_post_format-et-post-format-standard"],"_links":{"self":[{"href":"https:\/\/www.mecerreyes.com\/mece\/index.php?rest_route=\/wp\/v2\/posts\/18461"}],"collection":[{"href":"https:\/\/www.mecerreyes.com\/mece\/index.php?rest_route=\/wp\/v2\/posts"}],"about":[{"href":"https:\/\/www.mecerreyes.com\/mece\/index.php?rest_route=\/wp\/v2\/types\/post"}],"author":[{"embeddable":true,"href":"https:\/\/www.mecerreyes.com\/mece\/index.php?rest_route=\/wp\/v2\/users\/5"}],"replies":[{"embeddable":true,"href":"https:\/\/www.mecerreyes.com\/mece\/index.php?rest_route=%2Fwp%2Fv2%2Fcomments&post=18461"}],"version-history":[{"count":14,"href":"https:\/\/www.mecerreyes.com\/mece\/index.php?rest_route=\/wp\/v2\/posts\/18461\/revisions"}],"predecessor-version":[{"id":18566,"href":"https:\/\/www.mecerreyes.com\/mece\/index.php?rest_route=\/wp\/v2\/posts\/18461\/revisions\/18566"}],"wp:featuredmedia":[{"embeddable":true,"href":"https:\/\/www.mecerreyes.com\/mece\/index.php?rest_route=\/wp\/v2\/media\/18515"}],"wp:attachment":[{"href":"https:\/\/www.mecerreyes.com\/mece\/index.php?rest_route=%2Fwp%2Fv2%2Fmedia&parent=18461"}],"wp:term":[{"taxonomy":"category","embeddable":true,"href":"https:\/\/www.mecerreyes.com\/mece\/index.php?rest_route=%2Fwp%2Fv2%2Fcategories&post=18461"},{"taxonomy":"post_tag","embeddable":true,"href":"https:\/\/www.mecerreyes.com\/mece\/index.php?rest_route=%2Fwp%2Fv2%2Ftags&post=18461"}],"curies":[{"name":"wp","href":"https:\/\/api.w.org\/{rel}","templated":true}]}}