{"id":18568,"date":"2019-07-10T00:19:45","date_gmt":"2019-07-09T23:19:45","guid":{"rendered":"http:\/\/www.mecerreyes.com\/mece\/?p=18568"},"modified":"2019-07-10T09:38:37","modified_gmt":"2019-07-10T08:38:37","slug":"noticias-junio-2019","status":"publish","type":"post","link":"https:\/\/www.mecerreyes.com\/mece\/?p=18568","title":{"rendered":"Noticias Junio 2019"},"content":{"rendered":"<h2><strong>JUNIO 2019<\/strong><\/h2>\n<p style=\"text-align: justify;\">Decimos adi\u00f3s a este mes de junio que nos ha tenido en vilo por razones bien distintas.<img loading=\"lazy\" decoding=\"async\" class=\" wp-image-18586 alignright\" src=\"http:\/\/www.mecerreyes.com\/mece\/wp-content\/uploads\/2019\/07\/Francisco-Rodr\u00edguez-Mart\u00ednez-Paco-alcalde-de-Mecerreyes-junio-19.jpg\" alt=\"\" width=\"157\" height=\"252\" srcset=\"https:\/\/www.mecerreyes.com\/mece\/wp-content\/uploads\/2019\/07\/Francisco-Rodr\u00edguez-Mart\u00ednez-Paco-alcalde-de-Mecerreyes-junio-19.jpg 752w, https:\/\/www.mecerreyes.com\/mece\/wp-content\/uploads\/2019\/07\/Francisco-Rodr\u00edguez-Mart\u00ednez-Paco-alcalde-de-Mecerreyes-junio-19-187x300.jpg 187w, https:\/\/www.mecerreyes.com\/mece\/wp-content\/uploads\/2019\/07\/Francisco-Rodr\u00edguez-Mart\u00ednez-Paco-alcalde-de-Mecerreyes-junio-19-639x1024.jpg 639w\" sizes=\"(max-width: 157px) 100vw, 157px\" \/><\/p>\n<p style=\"text-align: justify;\">Toma de posesi\u00f3n de la nueva corporaci\u00f3n municipal y decisi\u00f3n de que <strong>Francisco Rodr\u00edguez Mart\u00ednez<\/strong> fuera nombrado alcalde de Mecerreyes.<\/p>\n<p style=\"text-align: justify;\">Desde esta web les damos la bienvenida, nos ponemos a su servicio como medio de comunicaci\u00f3n con los muchos guiletos que nos segu\u00eds fielmente, agradecemos su tiempo desinteresado para llevar a buen puerto los objetivos que se han propuesto as\u00ed como las demandas de los vecinos.<\/p>\n<p style=\"text-align: justify;\">Cinco defunciones ponen la nota triste de esta cr\u00f3nica, despedidas que nos han reunido para mostrar nuestro duelo y consuelo a las familias de los fallecidos, que nos han emplazado a volvernos a ver este verano en el pueblo para seguir disfrutando de la comunidad de vecinos que formamos los guiletos.<\/p>\n<p style=\"text-align: justify;\">El mes dedicado a la juventud, a la luz, al cambio de estaci\u00f3n, result\u00f3 traicionero el d\u00eda 11 ya que una helada devast\u00f3 las adelantadas matas de patatas, tomates, pimientos\u2026, el disgusto de los hortelanos era patente, tocaba replantar y esperar.<\/p>\n<p style=\"text-align: justify;\"><img loading=\"lazy\" decoding=\"async\" class=\"aligncenter wp-image-18572 \" src=\"http:\/\/www.mecerreyes.com\/mece\/wp-content\/uploads\/2019\/07\/IMG-20190612-WA0010-e1562706514981.jpg\" alt=\"\" width=\"280\" height=\"281\" srcset=\"https:\/\/www.mecerreyes.com\/mece\/wp-content\/uploads\/2019\/07\/IMG-20190612-WA0010-e1562706514981.jpg 828w, https:\/\/www.mecerreyes.com\/mece\/wp-content\/uploads\/2019\/07\/IMG-20190612-WA0010-e1562706514981-150x150.jpg 150w, https:\/\/www.mecerreyes.com\/mece\/wp-content\/uploads\/2019\/07\/IMG-20190612-WA0010-e1562706514981-300x300.jpg 300w, https:\/\/www.mecerreyes.com\/mece\/wp-content\/uploads\/2019\/07\/IMG-20190612-WA0010-e1562706514981-768x772.jpg 768w, https:\/\/www.mecerreyes.com\/mece\/wp-content\/uploads\/2019\/07\/IMG-20190612-WA0010-e1562706514981-440x440.jpg 440w\" sizes=\"(max-width: 280px) 100vw, 280px\" \/><\/p>\n<p style=\"text-align: justify;\">La ola de calor de finales de junio y la falta de lluvia han puesto a prueba la paciencia de los que tienen como hobby pasar un rato en la huerta.<\/p>\n<p style=\"text-align: justify;\">Mes de junio elegido para empezar las vacaciones de verano fuera del pueblo por varias familias, su ausencia se acusaba en la celebraci\u00f3n del Corpus.<\/p>\n<p style=\"text-align: justify;\">Las abuelas, siempre dispuestas a poner su ilusi\u00f3n en las peque\u00f1as cosas que nos hacen tan especiales, ofrecieron un riqu\u00edsimo chocolate la tarde del 24 preludio de la noche de San Juan.<\/p>\n\n\t\t<style type=\"text\/css\">\n\t\t\t#gallery-1 {\n\t\t\t\tmargin: auto;\n\t\t\t}\n\t\t\t#gallery-1 .gallery-item {\n\t\t\t\tfloat: left;\n\t\t\t\tmargin-top: 10px;\n\t\t\t\ttext-align: center;\n\t\t\t\twidth: 33%;\n\t\t\t}\n\t\t\t#gallery-1 img {\n\t\t\t\tborder: 2px solid #cfcfcf;\n\t\t\t}\n\t\t\t#gallery-1 .gallery-caption {\n\t\t\t\tmargin-left: 0;\n\t\t\t}\n\t\t\t\/* see gallery_shortcode() in wp-includes\/media.php *\/\n\t\t<\/style>\n\t\t<div id='gallery-1' class='gallery galleryid-18568 gallery-columns-3 gallery-size-thumbnail'><dl class='gallery-item'>\n\t\t\t<dt class='gallery-icon landscape'>\n\t\t\t\t<a  href=\"https:\/\/www.mecerreyes.com\/mece\/wp-content\/uploads\/2019\/07\/Mecerreyes-chocolatada-dia-de-San-Juan-24-062019-5.jpg\" class=\"thickbox no_icon\" title=\"\"><img loading=\"lazy\" decoding=\"async\" width=\"150\" height=\"150\" src=\"https:\/\/www.mecerreyes.com\/mece\/wp-content\/uploads\/2019\/07\/Mecerreyes-chocolatada-dia-de-San-Juan-24-062019-5-150x150.jpg\" class=\"attachment-thumbnail size-thumbnail\" alt=\"\" srcset=\"https:\/\/www.mecerreyes.com\/mece\/wp-content\/uploads\/2019\/07\/Mecerreyes-chocolatada-dia-de-San-Juan-24-062019-5-150x150.jpg 150w, https:\/\/www.mecerreyes.com\/mece\/wp-content\/uploads\/2019\/07\/Mecerreyes-chocolatada-dia-de-San-Juan-24-062019-5-440x440.jpg 440w\" sizes=\"(max-width: 150px) 100vw, 150px\" \/><\/a>\n\t\t\t<\/dt><\/dl><dl class='gallery-item'>\n\t\t\t<dt class='gallery-icon landscape'>\n\t\t\t\t<a  href=\"https:\/\/www.mecerreyes.com\/mece\/wp-content\/uploads\/2019\/07\/Mecerreyes-chocolatada-dia-de-San-Juan-24-062019-6.jpg\" class=\"thickbox no_icon\" title=\"\"><img loading=\"lazy\" decoding=\"async\" width=\"150\" height=\"150\" src=\"https:\/\/www.mecerreyes.com\/mece\/wp-content\/uploads\/2019\/07\/Mecerreyes-chocolatada-dia-de-San-Juan-24-062019-6-150x150.jpg\" class=\"attachment-thumbnail size-thumbnail\" alt=\"\" srcset=\"https:\/\/www.mecerreyes.com\/mece\/wp-content\/uploads\/2019\/07\/Mecerreyes-chocolatada-dia-de-San-Juan-24-062019-6-150x150.jpg 150w, https:\/\/www.mecerreyes.com\/mece\/wp-content\/uploads\/2019\/07\/Mecerreyes-chocolatada-dia-de-San-Juan-24-062019-6-440x440.jpg 440w\" sizes=\"(max-width: 150px) 100vw, 150px\" \/><\/a>\n\t\t\t<\/dt><\/dl><dl class='gallery-item'>\n\t\t\t<dt class='gallery-icon landscape'>\n\t\t\t\t<a  href=\"https:\/\/www.mecerreyes.com\/mece\/wp-content\/uploads\/2019\/07\/Mecerreyes-chocolatada-dia-de-San-Juan-24-062019-1.jpg\" class=\"thickbox no_icon\" title=\"\"><img loading=\"lazy\" decoding=\"async\" width=\"150\" height=\"150\" src=\"https:\/\/www.mecerreyes.com\/mece\/wp-content\/uploads\/2019\/07\/Mecerreyes-chocolatada-dia-de-San-Juan-24-062019-1-150x150.jpg\" class=\"attachment-thumbnail size-thumbnail\" alt=\"\" srcset=\"https:\/\/www.mecerreyes.com\/mece\/wp-content\/uploads\/2019\/07\/Mecerreyes-chocolatada-dia-de-San-Juan-24-062019-1-150x150.jpg 150w, https:\/\/www.mecerreyes.com\/mece\/wp-content\/uploads\/2019\/07\/Mecerreyes-chocolatada-dia-de-San-Juan-24-062019-1-440x440.jpg 440w\" sizes=\"(max-width: 150px) 100vw, 150px\" \/><\/a>\n\t\t\t<\/dt><\/dl><br style=\"clear: both\" \/><dl class='gallery-item'>\n\t\t\t<dt class='gallery-icon landscape'>\n\t\t\t\t<a  href=\"https:\/\/www.mecerreyes.com\/mece\/wp-content\/uploads\/2019\/07\/Mecerreyes-chocolatada-dia-de-San-Juan-24-062019-2.jpg\" class=\"thickbox no_icon\" title=\"\"><img loading=\"lazy\" decoding=\"async\" width=\"150\" height=\"150\" src=\"https:\/\/www.mecerreyes.com\/mece\/wp-content\/uploads\/2019\/07\/Mecerreyes-chocolatada-dia-de-San-Juan-24-062019-2-150x150.jpg\" class=\"attachment-thumbnail size-thumbnail\" alt=\"\" srcset=\"https:\/\/www.mecerreyes.com\/mece\/wp-content\/uploads\/2019\/07\/Mecerreyes-chocolatada-dia-de-San-Juan-24-062019-2-150x150.jpg 150w, https:\/\/www.mecerreyes.com\/mece\/wp-content\/uploads\/2019\/07\/Mecerreyes-chocolatada-dia-de-San-Juan-24-062019-2-440x440.jpg 440w\" sizes=\"(max-width: 150px) 100vw, 150px\" \/><\/a>\n\t\t\t<\/dt><\/dl><dl class='gallery-item'>\n\t\t\t<dt class='gallery-icon landscape'>\n\t\t\t\t<a  href=\"https:\/\/www.mecerreyes.com\/mece\/wp-content\/uploads\/2019\/07\/Mecerreyes-chocolatada-dia-de-San-Juan-24-062019-3.jpg\" class=\"thickbox no_icon\" title=\"\"><img loading=\"lazy\" decoding=\"async\" width=\"150\" height=\"150\" src=\"https:\/\/www.mecerreyes.com\/mece\/wp-content\/uploads\/2019\/07\/Mecerreyes-chocolatada-dia-de-San-Juan-24-062019-3-150x150.jpg\" class=\"attachment-thumbnail size-thumbnail\" alt=\"\" srcset=\"https:\/\/www.mecerreyes.com\/mece\/wp-content\/uploads\/2019\/07\/Mecerreyes-chocolatada-dia-de-San-Juan-24-062019-3-150x150.jpg 150w, https:\/\/www.mecerreyes.com\/mece\/wp-content\/uploads\/2019\/07\/Mecerreyes-chocolatada-dia-de-San-Juan-24-062019-3-440x440.jpg 440w\" sizes=\"(max-width: 150px) 100vw, 150px\" \/><\/a>\n\t\t\t<\/dt><\/dl><dl class='gallery-item'>\n\t\t\t<dt class='gallery-icon landscape'>\n\t\t\t\t<a  href=\"https:\/\/www.mecerreyes.com\/mece\/wp-content\/uploads\/2019\/07\/Mecerreyes-chocolatada-dia-de-San-Juan-24-062019-4.jpg\" class=\"thickbox no_icon\" title=\"\"><img loading=\"lazy\" decoding=\"async\" width=\"150\" height=\"150\" src=\"https:\/\/www.mecerreyes.com\/mece\/wp-content\/uploads\/2019\/07\/Mecerreyes-chocolatada-dia-de-San-Juan-24-062019-4-150x150.jpg\" class=\"attachment-thumbnail size-thumbnail\" alt=\"\" srcset=\"https:\/\/www.mecerreyes.com\/mece\/wp-content\/uploads\/2019\/07\/Mecerreyes-chocolatada-dia-de-San-Juan-24-062019-4-150x150.jpg 150w, https:\/\/www.mecerreyes.com\/mece\/wp-content\/uploads\/2019\/07\/Mecerreyes-chocolatada-dia-de-San-Juan-24-062019-4-440x440.jpg 440w\" sizes=\"(max-width: 150px) 100vw, 150px\" \/><\/a>\n\t\t\t<\/dt><\/dl><br style=\"clear: both\" \/>\n\t\t<\/div>\n\n<p style=\"text-align: justify;\">Y la Asociaci\u00f3n Cultural dispuesta a organizar un verano de altura de cuya programaci\u00f3n os mantendremos informados.<\/p>\n<h2><strong>EFEMERIDES JUNIO<\/strong><\/h2>\n<ul>\n<li>El 1, d\u00eda Mundial de la Infancia. <strong>Primeras comuniones en Mecerreyes<\/strong><\/li>\n<li>El 4, d\u00eda Internacional de los Ni\u00f1os V\u00edctimas Inocentes de Agresi\u00f3n.<\/li>\n<li>El 5, d\u00eda Mundial del Medio Ambiente.<\/li>\n<li>El 7, d\u00eda de la Libertad de Expresi\u00f3n y de Prensa.<\/li>\n<li>El 8, d\u00eda Mundial de los Oc\u00e9anos.<\/li>\n<li>El 12, d\u00eda Mundial contra el Trabajo Infantil.<\/li>\n<li>El 14, d\u00eda Mundial del Donante de Sangre.<\/li>\n<li><strong>El 23 Festividad del Corpus Cristi.<\/strong><\/li>\n<li><strong>El 24 Chocolate ofrecido por las abuelas de Mecerreyes.<\/strong><\/li>\n<li>El 26, d\u00eda Internacional de la lucha contra el uso indebido y el tr\u00e1fico il\u00edcito de drogas.<\/li>\n<li>El 28, d\u00eda Internacional del \u00e1rbol.<\/li>\n<\/ul>\n<p>&nbsp;<\/p>\n<h2 style=\"text-align: justify;\"><strong>RECORTES DE PRENSA<\/strong><\/h2>\n<p style=\"text-align: justify;\">La revista <strong>Vive Arlanza<\/strong> en su n\u00famero de junio hace una vez m\u00e1s visible el trabajo de las <a  href=\"https:\/\/www.mecerreyes.com\/mece\/?page_id=265\">asociaciones<\/a> de la comarca.<\/p>\n<p style=\"text-align: justify;\">La inauguraci\u00f3n del <a  href=\"https:\/\/www.mecerreyes.com\/mece\/?page_id=24340\">Museo del Carnaval<\/a>, o el \u00e9xito de las excursiones programadas hacen protagonista a Mecerreyes en estos art\u00edculos.<\/p>\n<p style=\"text-align: justify;\"><strong>\u201cLa comarca est\u00e1 viva\u201d, \u201cla uni\u00f3n hace la fuerza\u201d\u2026<\/strong>, sin duda frases motivadoras para los pueblos de este movimiento asociativo como son: Villalmanzo, Valdorros, Villag\u00f3mez, Quintanilla de la Mata, Mecerreyes, Villafruela, Peral de Arlanza, Santa In\u00e9s y Villafuertes.<\/p>\n<p style=\"text-align: justify;\">Trabajar en equipo forjar\u00e1 lazos de amistad, crear\u00e1 comunidad y ayudar\u00e1 a gestionar y financiar actividades comunes. En fin, una forma excelente de luchar por y para el mundo rural.<\/p>\n<p style=\"text-align: justify;\"><img loading=\"lazy\" decoding=\"async\" class=\"aligncenter size-full wp-image-18579\" src=\"http:\/\/www.mecerreyes.com\/mece\/wp-content\/uploads\/2019\/07\/Revista-Vive-Arlanza-junio-2019-Mecerreyes-1.jpg\" alt=\"\" width=\"1134\" height=\"1680\" srcset=\"https:\/\/www.mecerreyes.com\/mece\/wp-content\/uploads\/2019\/07\/Revista-Vive-Arlanza-junio-2019-Mecerreyes-1.jpg 1134w, https:\/\/www.mecerreyes.com\/mece\/wp-content\/uploads\/2019\/07\/Revista-Vive-Arlanza-junio-2019-Mecerreyes-1-203x300.jpg 203w, https:\/\/www.mecerreyes.com\/mece\/wp-content\/uploads\/2019\/07\/Revista-Vive-Arlanza-junio-2019-Mecerreyes-1-768x1138.jpg 768w, https:\/\/www.mecerreyes.com\/mece\/wp-content\/uploads\/2019\/07\/Revista-Vive-Arlanza-junio-2019-Mecerreyes-1-691x1024.jpg 691w, https:\/\/www.mecerreyes.com\/mece\/wp-content\/uploads\/2019\/07\/Revista-Vive-Arlanza-junio-2019-Mecerreyes-1-1080x1600.jpg 1080w\" sizes=\"(max-width: 1134px) 100vw, 1134px\" \/><\/p>\n<p style=\"text-align: justify;\"><img loading=\"lazy\" decoding=\"async\" class=\"aligncenter size-full wp-image-18580\" src=\"http:\/\/www.mecerreyes.com\/mece\/wp-content\/uploads\/2019\/07\/Revista-Vive-Arlanza-junio-2019-Mecerreyes-2.jpg\" alt=\"\" width=\"1134\" height=\"1623\" srcset=\"https:\/\/www.mecerreyes.com\/mece\/wp-content\/uploads\/2019\/07\/Revista-Vive-Arlanza-junio-2019-Mecerreyes-2.jpg 1134w, https:\/\/www.mecerreyes.com\/mece\/wp-content\/uploads\/2019\/07\/Revista-Vive-Arlanza-junio-2019-Mecerreyes-2-210x300.jpg 210w, https:\/\/www.mecerreyes.com\/mece\/wp-content\/uploads\/2019\/07\/Revista-Vive-Arlanza-junio-2019-Mecerreyes-2-768x1099.jpg 768w, https:\/\/www.mecerreyes.com\/mece\/wp-content\/uploads\/2019\/07\/Revista-Vive-Arlanza-junio-2019-Mecerreyes-2-715x1024.jpg 715w, https:\/\/www.mecerreyes.com\/mece\/wp-content\/uploads\/2019\/07\/Revista-Vive-Arlanza-junio-2019-Mecerreyes-2-1080x1546.jpg 1080w\" sizes=\"(max-width: 1134px) 100vw, 1134px\" \/><\/p>\n<p style=\"text-align: justify;\"><strong>Diario de Burgos<\/strong> publicaba el viernes 5 de julio, el accidente de tr\u00e1fico de una furgoneta de reparto donde su conductor result\u00f3 herido en un brazo.<\/p>\n<p style=\"text-align: justify;\"><img loading=\"lazy\" decoding=\"async\" class=\"aligncenter size-full wp-image-18582\" src=\"http:\/\/www.mecerreyes.com\/mece\/wp-content\/uploads\/2019\/07\/Vuelca-una-furgoneta-de-reparto-en-Mecerreyes.jpg\" alt=\"\" width=\"605\" height=\"861\" srcset=\"https:\/\/www.mecerreyes.com\/mece\/wp-content\/uploads\/2019\/07\/Vuelca-una-furgoneta-de-reparto-en-Mecerreyes.jpg 605w, https:\/\/www.mecerreyes.com\/mece\/wp-content\/uploads\/2019\/07\/Vuelca-una-furgoneta-de-reparto-en-Mecerreyes-211x300.jpg 211w\" sizes=\"(max-width: 605px) 100vw, 605px\" \/><\/p>\n<h2 style=\"text-align: justify;\"><strong>NACIMIENTO<\/strong><\/h2>\n<p style=\"text-align: justify;\">C\u00f3mo nos gusta dar estas noticias,<\/p>\n<p style=\"text-align: justify;\"><strong>Alejandro Galaz Gonz\u00e1lez<\/strong> hijo de Jos\u00e9 Ram\u00f3n Galaz Izquierdo y Carolina Gonz\u00e1lez Vega naci\u00f3 el 13 de junio en Burgos, este precioso ni\u00f1o, es un regalo para su hermanita Cloe, los felices padres y abuelos comparten con nosotros este feliz acontecimiento.<\/p>\n<p style=\"text-align: justify;\">Jos\u00e9 Manuel Gonz\u00e1lez nos manda estas bonitas fotos, muestra de la emoci\u00f3n que siente la familia.<\/p>\n<p style=\"text-align: justify;\"><img loading=\"lazy\" decoding=\"async\" class=\"aligncenter size-full wp-image-18583\" src=\"http:\/\/www.mecerreyes.com\/mece\/wp-content\/uploads\/2019\/07\/Nacimiento-de-Alejandro-Galaz-Gonz\u00e1lez.jpg\" alt=\"\" width=\"2551\" height=\"1191\" srcset=\"https:\/\/www.mecerreyes.com\/mece\/wp-content\/uploads\/2019\/07\/Nacimiento-de-Alejandro-Galaz-Gonz\u00e1lez.jpg 2551w, https:\/\/www.mecerreyes.com\/mece\/wp-content\/uploads\/2019\/07\/Nacimiento-de-Alejandro-Galaz-Gonz\u00e1lez-300x140.jpg 300w, https:\/\/www.mecerreyes.com\/mece\/wp-content\/uploads\/2019\/07\/Nacimiento-de-Alejandro-Galaz-Gonz\u00e1lez-768x359.jpg 768w, https:\/\/www.mecerreyes.com\/mece\/wp-content\/uploads\/2019\/07\/Nacimiento-de-Alejandro-Galaz-Gonz\u00e1lez-1024x478.jpg 1024w, https:\/\/www.mecerreyes.com\/mece\/wp-content\/uploads\/2019\/07\/Nacimiento-de-Alejandro-Galaz-Gonz\u00e1lez-1080x504.jpg 1080w\" sizes=\"(max-width: 2551px) 100vw, 2551px\" \/><\/p>\n<p style=\"text-align: justify;\">\u00a1\u00a1Enorabuena!!<\/p>\n<h2 style=\"text-align: justify;\"><strong>DEFUNCIONES<\/strong><\/h2>\n<p style=\"text-align: justify;\">Nuestro m\u00e1s sentido p\u00e9same a las cinco familias<\/p>\n<p style=\"text-align: justify;\"><strong>Que en Paz descansen<\/strong><\/p>\n<p style=\"text-align: justify;\"><strong>VICTORIANO SANTAMAR\u00cdA SANTAMAR\u00cdA<\/strong>, falleci\u00f3 el 11 de junio a los 86 a\u00f1os de edad en Burgos, sus retos fueron despedidos el d\u00eda 12 en una misa funeral celebrada en la capilla del tanatorio de San Jos\u00e9, all\u00ed familiares y amigos acompa\u00f1aron sus restos.<\/p>\n<p style=\"text-align: justify;\"><img loading=\"lazy\" decoding=\"async\" class=\"aligncenter size-full wp-image-18587\" src=\"http:\/\/www.mecerreyes.com\/mece\/wp-content\/uploads\/2019\/07\/Esquela-Victoriano-Santamaria-Santamaria.jpg\" alt=\"\" width=\"2268\" height=\"1276\" srcset=\"https:\/\/www.mecerreyes.com\/mece\/wp-content\/uploads\/2019\/07\/Esquela-Victoriano-Santamaria-Santamaria.jpg 2268w, https:\/\/www.mecerreyes.com\/mece\/wp-content\/uploads\/2019\/07\/Esquela-Victoriano-Santamaria-Santamaria-300x169.jpg 300w, https:\/\/www.mecerreyes.com\/mece\/wp-content\/uploads\/2019\/07\/Esquela-Victoriano-Santamaria-Santamaria-768x432.jpg 768w, https:\/\/www.mecerreyes.com\/mece\/wp-content\/uploads\/2019\/07\/Esquela-Victoriano-Santamaria-Santamaria-1024x576.jpg 1024w, https:\/\/www.mecerreyes.com\/mece\/wp-content\/uploads\/2019\/07\/Esquela-Victoriano-Santamaria-Santamaria-1080x608.jpg 1080w\" sizes=\"(max-width: 2268px) 100vw, 2268px\" \/><\/p>\n<p style=\"text-align: center;\">________________________________________________________<\/p>\n<p style=\"text-align: justify;\"><strong>JOSE LUIS ARRIBAS ALONSO<\/strong>\u00a0falleci\u00f3 el 13 de junio a los 93 a\u00f1os de edad en Eibar, su funeral tuvo lugar el viernes 14 en la iglesia Santiago Ap\u00f3stol de Ermua donde descansan sus restos.<\/p>\n<p style=\"text-align: justify;\"><img loading=\"lazy\" decoding=\"async\" class=\"aligncenter size-full wp-image-18589\" src=\"http:\/\/www.mecerreyes.com\/mece\/wp-content\/uploads\/2019\/07\/Esquela-Jose-Luis-Arribas-Alonso.jpg\" alt=\"\" width=\"680\" height=\"477\" srcset=\"https:\/\/www.mecerreyes.com\/mece\/wp-content\/uploads\/2019\/07\/Esquela-Jose-Luis-Arribas-Alonso.jpg 680w, https:\/\/www.mecerreyes.com\/mece\/wp-content\/uploads\/2019\/07\/Esquela-Jose-Luis-Arribas-Alonso-300x210.jpg 300w\" sizes=\"(max-width: 680px) 100vw, 680px\" \/><\/p>\n<p style=\"text-align: center;\">________________________________________________________<\/p>\n<p style=\"text-align: justify;\"><strong>RUFINO ALONSO S\u00c1EZ\u00a0<\/strong>falleci\u00f3 a los 68 a\u00f1os de edad en Burgos.<\/p>\n<p style=\"text-align: center;\">________________________________________________________<\/p>\n<p style=\"text-align: justify;\"><strong>ISAAC ALONSO ARRIBAS<\/strong>\u00a0Hermano Marista<\/p>\n<p>Naci\u00f3 en Mecerreyes el 3 de junio de 1939.<\/p>\n<p>Muri\u00f3 en Lardero (Logro\u00f1o) el 22 de junio de 2019 a los 80 a\u00f1os.<\/p>\n<p>&nbsp;<\/p>\n<p style=\"text-align: justify;\">Agradecemos su vida entregada y compartida hasta el final. Acababa de cumplir 80 a\u00f1os. A los 77 a\u00f1os pidi\u00f3 ir al L\u00edbano <em>\u201cpara echar una mano en lo que hiciera falta\u2026\u201d <\/em>Vino en marzo para recuperarse de su salud.<\/p>\n<p style=\"text-align: justify;\">As\u00ed contest\u00f3 agradecido a la felicitaci\u00f3n de un hermano amigo unos d\u00edas antes de morir: \u201c<em>Ayer, a mis a\u00f1os, hice un salto acrob\u00e1tico, de setenta y todos a ochenta y ninguno\u2026 Ya ves que me mantengo \u00e1gil. Espero me salga bien esta \u201ccarrera de obst\u00e1culos\u201d de intervenciones m\u00e9dicas. Por de pronto dolores casi ninguno y me hallo muy c\u00f3modo en la residencia de Lardero participando con los hermanos en las tareas de cada d\u00eda. El otro d\u00eda le comuniqu\u00e9 a \u00d3scar, el hijo menor de <\/em><em>Josemari y Reme \u2013que comentaba hace tres a\u00f1os cuando fui al L\u00edbano: \u201cNos ha salido un t\u00edo Marco Polo\u201d, pero ya desmay\u00e9 del intento y me quedar\u00e9 en Espa\u00f1a para el pr\u00f3ximo curso\u2026<\/em> <em>Espero nos veamos\u2026\u201d<\/em><\/p>\n<p><img loading=\"lazy\" decoding=\"async\" class=\"aligncenter size-full wp-image-18590\" src=\"http:\/\/www.mecerreyes.com\/mece\/wp-content\/uploads\/2019\/07\/Esquela-H.Isaac-Alonso-Arribas-a.jpg\" alt=\"\" width=\"1914\" height=\"2920\" srcset=\"https:\/\/www.mecerreyes.com\/mece\/wp-content\/uploads\/2019\/07\/Esquela-H.Isaac-Alonso-Arribas-a.jpg 1914w, https:\/\/www.mecerreyes.com\/mece\/wp-content\/uploads\/2019\/07\/Esquela-H.Isaac-Alonso-Arribas-a-197x300.jpg 197w, https:\/\/www.mecerreyes.com\/mece\/wp-content\/uploads\/2019\/07\/Esquela-H.Isaac-Alonso-Arribas-a-768x1172.jpg 768w, https:\/\/www.mecerreyes.com\/mece\/wp-content\/uploads\/2019\/07\/Esquela-H.Isaac-Alonso-Arribas-a-671x1024.jpg 671w, https:\/\/www.mecerreyes.com\/mece\/wp-content\/uploads\/2019\/07\/Esquela-H.Isaac-Alonso-Arribas-a-1080x1648.jpg 1080w\" sizes=\"(max-width: 1914px) 100vw, 1914px\" \/><\/p>\n<p style=\"text-align: center;\">________________________________________________________<\/p>\n<p style=\"text-align: justify;\"><strong>CARMEN ALONSO D\u00cdEZ\u00a0<\/strong><\/p>\n<p>Naci\u00f3 en Mecerreyes el 4 de marzo de 1931.<\/p>\n<p>Muri\u00f3 en Burgos el 27 de junio de 2019 a los 87 a\u00f1os<\/p>\n<p style=\"text-align: justify;\">Le dimos el \u00faltimo adi\u00f3s en Mecerreyes el 29 de junio acompa\u00f1ados de sus familiares, amigos, paisanos y Hermanos Maristas. Que su recuerdo y memoria viva siempre en el coraz\u00f3n de todos aquellos que la conocieron y amaron y nos impulse a ser mejores personas.<\/p>\n<p><img loading=\"lazy\" decoding=\"async\" class=\"aligncenter size-full wp-image-18591\" src=\"http:\/\/www.mecerreyes.com\/mece\/wp-content\/uploads\/2019\/07\/Esquela-Carmen-Alonso-Diez.jpg\" alt=\"\" width=\"4535\" height=\"3336\" srcset=\"https:\/\/www.mecerreyes.com\/mece\/wp-content\/uploads\/2019\/07\/Esquela-Carmen-Alonso-Diez.jpg 4535w, https:\/\/www.mecerreyes.com\/mece\/wp-content\/uploads\/2019\/07\/Esquela-Carmen-Alonso-Diez-300x221.jpg 300w, https:\/\/www.mecerreyes.com\/mece\/wp-content\/uploads\/2019\/07\/Esquela-Carmen-Alonso-Diez-768x565.jpg 768w, https:\/\/www.mecerreyes.com\/mece\/wp-content\/uploads\/2019\/07\/Esquela-Carmen-Alonso-Diez-1024x753.jpg 1024w, https:\/\/www.mecerreyes.com\/mece\/wp-content\/uploads\/2019\/07\/Esquela-Carmen-Alonso-Diez-1080x794.jpg 1080w\" sizes=\"(max-width: 4535px) 100vw, 4535px\" \/><\/p>\n<h2 style=\"text-align: justify;\"><strong>CORPUS<\/strong><\/h2>\n<p style=\"text-align: justify;\">Mecerreyes esencia de tradici\u00f3n, y tradici\u00f3n es celebrar la festividad de Corpus Cristi con honores, aunque se acusaban muchas ausencias, un a\u00f1o m\u00e1s las abuelas prepararon los altares con cari\u00f1o y esmero, las familias de los ni\u00f1os de primera comuni\u00f3n hicieron acopio de p\u00e9talos de flor para que la procesi\u00f3n de la bell\u00edsima custodia siguiera su rastro de altar en altar, sacerdote bajo palio y con una buena temperatura los presentes procesionaron por las calles del pueblo.<\/p>\n<p style=\"text-align: justify;\">Recuerdo que queda en la retina de ni\u00f1os y familiares para la posteridad.<\/p>\n<p style=\"text-align: justify;\"><span style=\"color: #ff0000;\">\u00a0<\/span><\/p>\n\n\t\t<style type=\"text\/css\">\n\t\t\t#gallery-2 {\n\t\t\t\tmargin: auto;\n\t\t\t}\n\t\t\t#gallery-2 .gallery-item {\n\t\t\t\tfloat: left;\n\t\t\t\tmargin-top: 10px;\n\t\t\t\ttext-align: center;\n\t\t\t\twidth: 33%;\n\t\t\t}\n\t\t\t#gallery-2 img {\n\t\t\t\tborder: 2px solid #cfcfcf;\n\t\t\t}\n\t\t\t#gallery-2 .gallery-caption {\n\t\t\t\tmargin-left: 0;\n\t\t\t}\n\t\t\t\/* see gallery_shortcode() in wp-includes\/media.php *\/\n\t\t<\/style>\n\t\t<div id='gallery-2' class='gallery galleryid-18568 gallery-columns-3 gallery-size-thumbnail'><dl class='gallery-item'>\n\t\t\t<dt class='gallery-icon landscape'>\n\t\t\t\t<a  href=\"https:\/\/www.mecerreyes.com\/mece\/wp-content\/uploads\/2019\/07\/Mecerreyes-Corpus-23-06-2019-2.jpg\" class=\"thickbox no_icon\" title=\"\"><img loading=\"lazy\" decoding=\"async\" width=\"150\" height=\"150\" src=\"https:\/\/www.mecerreyes.com\/mece\/wp-content\/uploads\/2019\/07\/Mecerreyes-Corpus-23-06-2019-2-150x150.jpg\" class=\"attachment-thumbnail size-thumbnail\" alt=\"\" srcset=\"https:\/\/www.mecerreyes.com\/mece\/wp-content\/uploads\/2019\/07\/Mecerreyes-Corpus-23-06-2019-2-150x150.jpg 150w, https:\/\/www.mecerreyes.com\/mece\/wp-content\/uploads\/2019\/07\/Mecerreyes-Corpus-23-06-2019-2-440x440.jpg 440w\" sizes=\"(max-width: 150px) 100vw, 150px\" \/><\/a>\n\t\t\t<\/dt><\/dl><dl class='gallery-item'>\n\t\t\t<dt class='gallery-icon landscape'>\n\t\t\t\t<a  href=\"https:\/\/www.mecerreyes.com\/mece\/wp-content\/uploads\/2019\/07\/Mecerreyes-Corpus-23-06-2019-3.jpg\" class=\"thickbox no_icon\" title=\"\"><img loading=\"lazy\" decoding=\"async\" width=\"150\" height=\"150\" src=\"https:\/\/www.mecerreyes.com\/mece\/wp-content\/uploads\/2019\/07\/Mecerreyes-Corpus-23-06-2019-3-150x150.jpg\" class=\"attachment-thumbnail size-thumbnail\" alt=\"\" srcset=\"https:\/\/www.mecerreyes.com\/mece\/wp-content\/uploads\/2019\/07\/Mecerreyes-Corpus-23-06-2019-3-150x150.jpg 150w, https:\/\/www.mecerreyes.com\/mece\/wp-content\/uploads\/2019\/07\/Mecerreyes-Corpus-23-06-2019-3-440x440.jpg 440w\" sizes=\"(max-width: 150px) 100vw, 150px\" \/><\/a>\n\t\t\t<\/dt><\/dl><dl class='gallery-item'>\n\t\t\t<dt class='gallery-icon landscape'>\n\t\t\t\t<a  href=\"https:\/\/www.mecerreyes.com\/mece\/wp-content\/uploads\/2019\/07\/Mecerreyes-Corpus-23-06-2019-4.jpg\" class=\"thickbox no_icon\" title=\"\"><img loading=\"lazy\" decoding=\"async\" width=\"150\" height=\"150\" src=\"https:\/\/www.mecerreyes.com\/mece\/wp-content\/uploads\/2019\/07\/Mecerreyes-Corpus-23-06-2019-4-150x150.jpg\" class=\"attachment-thumbnail size-thumbnail\" alt=\"\" srcset=\"https:\/\/www.mecerreyes.com\/mece\/wp-content\/uploads\/2019\/07\/Mecerreyes-Corpus-23-06-2019-4-150x150.jpg 150w, https:\/\/www.mecerreyes.com\/mece\/wp-content\/uploads\/2019\/07\/Mecerreyes-Corpus-23-06-2019-4-440x440.jpg 440w\" sizes=\"(max-width: 150px) 100vw, 150px\" \/><\/a>\n\t\t\t<\/dt><\/dl><br style=\"clear: both\" \/><dl class='gallery-item'>\n\t\t\t<dt class='gallery-icon landscape'>\n\t\t\t\t<a  href=\"https:\/\/www.mecerreyes.com\/mece\/wp-content\/uploads\/2019\/07\/Mecerreyes-Corpus-23-06-2019-11.jpg\" class=\"thickbox no_icon\" title=\"\"><img loading=\"lazy\" decoding=\"async\" width=\"150\" height=\"150\" src=\"https:\/\/www.mecerreyes.com\/mece\/wp-content\/uploads\/2019\/07\/Mecerreyes-Corpus-23-06-2019-11-150x150.jpg\" class=\"attachment-thumbnail size-thumbnail\" alt=\"\" srcset=\"https:\/\/www.mecerreyes.com\/mece\/wp-content\/uploads\/2019\/07\/Mecerreyes-Corpus-23-06-2019-11-150x150.jpg 150w, https:\/\/www.mecerreyes.com\/mece\/wp-content\/uploads\/2019\/07\/Mecerreyes-Corpus-23-06-2019-11-440x440.jpg 440w\" sizes=\"(max-width: 150px) 100vw, 150px\" \/><\/a>\n\t\t\t<\/dt><\/dl><dl class='gallery-item'>\n\t\t\t<dt class='gallery-icon landscape'>\n\t\t\t\t<a  href=\"https:\/\/www.mecerreyes.com\/mece\/wp-content\/uploads\/2019\/07\/Mecerreyes-Corpus-23-06-2019-15.jpg\" class=\"thickbox no_icon\" title=\"\"><img loading=\"lazy\" decoding=\"async\" width=\"150\" height=\"150\" src=\"https:\/\/www.mecerreyes.com\/mece\/wp-content\/uploads\/2019\/07\/Mecerreyes-Corpus-23-06-2019-15-150x150.jpg\" class=\"attachment-thumbnail size-thumbnail\" alt=\"\" srcset=\"https:\/\/www.mecerreyes.com\/mece\/wp-content\/uploads\/2019\/07\/Mecerreyes-Corpus-23-06-2019-15-150x150.jpg 150w, https:\/\/www.mecerreyes.com\/mece\/wp-content\/uploads\/2019\/07\/Mecerreyes-Corpus-23-06-2019-15-440x440.jpg 440w\" sizes=\"(max-width: 150px) 100vw, 150px\" \/><\/a>\n\t\t\t<\/dt><\/dl><dl class='gallery-item'>\n\t\t\t<dt class='gallery-icon landscape'>\n\t\t\t\t<a  href=\"https:\/\/www.mecerreyes.com\/mece\/wp-content\/uploads\/2019\/07\/Mecerreyes-Corpus-23-06-2019-6.jpg\" class=\"thickbox no_icon\" title=\"\"><img loading=\"lazy\" decoding=\"async\" width=\"150\" height=\"150\" src=\"https:\/\/www.mecerreyes.com\/mece\/wp-content\/uploads\/2019\/07\/Mecerreyes-Corpus-23-06-2019-6-150x150.jpg\" class=\"attachment-thumbnail size-thumbnail\" alt=\"\" srcset=\"https:\/\/www.mecerreyes.com\/mece\/wp-content\/uploads\/2019\/07\/Mecerreyes-Corpus-23-06-2019-6-150x150.jpg 150w, https:\/\/www.mecerreyes.com\/mece\/wp-content\/uploads\/2019\/07\/Mecerreyes-Corpus-23-06-2019-6-440x440.jpg 440w\" sizes=\"(max-width: 150px) 100vw, 150px\" \/><\/a>\n\t\t\t<\/dt><\/dl><br style=\"clear: both\" \/><dl class='gallery-item'>\n\t\t\t<dt class='gallery-icon landscape'>\n\t\t\t\t<a  href=\"https:\/\/www.mecerreyes.com\/mece\/wp-content\/uploads\/2019\/07\/Mecerreyes-Corpus-23-06-2019-7.jpg\" class=\"thickbox no_icon\" title=\"\"><img loading=\"lazy\" decoding=\"async\" width=\"150\" height=\"150\" src=\"https:\/\/www.mecerreyes.com\/mece\/wp-content\/uploads\/2019\/07\/Mecerreyes-Corpus-23-06-2019-7-150x150.jpg\" class=\"attachment-thumbnail size-thumbnail\" alt=\"\" srcset=\"https:\/\/www.mecerreyes.com\/mece\/wp-content\/uploads\/2019\/07\/Mecerreyes-Corpus-23-06-2019-7-150x150.jpg 150w, https:\/\/www.mecerreyes.com\/mece\/wp-content\/uploads\/2019\/07\/Mecerreyes-Corpus-23-06-2019-7-440x440.jpg 440w\" sizes=\"(max-width: 150px) 100vw, 150px\" \/><\/a>\n\t\t\t<\/dt><\/dl><dl class='gallery-item'>\n\t\t\t<dt class='gallery-icon landscape'>\n\t\t\t\t<a  href=\"https:\/\/www.mecerreyes.com\/mece\/wp-content\/uploads\/2019\/07\/Mecerreyes-Corpus-23-06-2019-8.jpg\" class=\"thickbox no_icon\" title=\"\"><img loading=\"lazy\" decoding=\"async\" width=\"150\" height=\"150\" src=\"https:\/\/www.mecerreyes.com\/mece\/wp-content\/uploads\/2019\/07\/Mecerreyes-Corpus-23-06-2019-8-150x150.jpg\" class=\"attachment-thumbnail size-thumbnail\" alt=\"\" srcset=\"https:\/\/www.mecerreyes.com\/mece\/wp-content\/uploads\/2019\/07\/Mecerreyes-Corpus-23-06-2019-8-150x150.jpg 150w, https:\/\/www.mecerreyes.com\/mece\/wp-content\/uploads\/2019\/07\/Mecerreyes-Corpus-23-06-2019-8-440x440.jpg 440w\" sizes=\"(max-width: 150px) 100vw, 150px\" \/><\/a>\n\t\t\t<\/dt><\/dl><dl class='gallery-item'>\n\t\t\t<dt class='gallery-icon landscape'>\n\t\t\t\t<a  href=\"https:\/\/www.mecerreyes.com\/mece\/wp-content\/uploads\/2019\/07\/Mecerreyes-Corpus-23-06-2019-9.jpg\" class=\"thickbox no_icon\" title=\"\"><img loading=\"lazy\" decoding=\"async\" width=\"150\" height=\"150\" src=\"https:\/\/www.mecerreyes.com\/mece\/wp-content\/uploads\/2019\/07\/Mecerreyes-Corpus-23-06-2019-9-150x150.jpg\" class=\"attachment-thumbnail size-thumbnail\" alt=\"\" srcset=\"https:\/\/www.mecerreyes.com\/mece\/wp-content\/uploads\/2019\/07\/Mecerreyes-Corpus-23-06-2019-9-150x150.jpg 150w, https:\/\/www.mecerreyes.com\/mece\/wp-content\/uploads\/2019\/07\/Mecerreyes-Corpus-23-06-2019-9-440x440.jpg 440w\" sizes=\"(max-width: 150px) 100vw, 150px\" \/><\/a>\n\t\t\t<\/dt><\/dl><br style=\"clear: both\" \/><dl class='gallery-item'>\n\t\t\t<dt class='gallery-icon landscape'>\n\t\t\t\t<a  href=\"https:\/\/www.mecerreyes.com\/mece\/wp-content\/uploads\/2019\/07\/Mecerreyes-Corpus-23-06-2019-10.jpg\" class=\"thickbox no_icon\" title=\"\"><img loading=\"lazy\" decoding=\"async\" width=\"150\" height=\"150\" src=\"https:\/\/www.mecerreyes.com\/mece\/wp-content\/uploads\/2019\/07\/Mecerreyes-Corpus-23-06-2019-10-150x150.jpg\" class=\"attachment-thumbnail size-thumbnail\" alt=\"\" srcset=\"https:\/\/www.mecerreyes.com\/mece\/wp-content\/uploads\/2019\/07\/Mecerreyes-Corpus-23-06-2019-10-150x150.jpg 150w, https:\/\/www.mecerreyes.com\/mece\/wp-content\/uploads\/2019\/07\/Mecerreyes-Corpus-23-06-2019-10-440x440.jpg 440w\" sizes=\"(max-width: 150px) 100vw, 150px\" \/><\/a>\n\t\t\t<\/dt><\/dl><dl class='gallery-item'>\n\t\t\t<dt class='gallery-icon landscape'>\n\t\t\t\t<a  href=\"https:\/\/www.mecerreyes.com\/mece\/wp-content\/uploads\/2019\/07\/Mecerreyes-Corpus-23-06-2019-12.jpg\" class=\"thickbox no_icon\" title=\"\"><img loading=\"lazy\" decoding=\"async\" width=\"150\" height=\"150\" src=\"https:\/\/www.mecerreyes.com\/mece\/wp-content\/uploads\/2019\/07\/Mecerreyes-Corpus-23-06-2019-12-150x150.jpg\" class=\"attachment-thumbnail size-thumbnail\" alt=\"\" srcset=\"https:\/\/www.mecerreyes.com\/mece\/wp-content\/uploads\/2019\/07\/Mecerreyes-Corpus-23-06-2019-12-150x150.jpg 150w, https:\/\/www.mecerreyes.com\/mece\/wp-content\/uploads\/2019\/07\/Mecerreyes-Corpus-23-06-2019-12-440x440.jpg 440w\" sizes=\"(max-width: 150px) 100vw, 150px\" \/><\/a>\n\t\t\t<\/dt><\/dl><dl class='gallery-item'>\n\t\t\t<dt class='gallery-icon landscape'>\n\t\t\t\t<a  href=\"https:\/\/www.mecerreyes.com\/mece\/wp-content\/uploads\/2019\/07\/Mecerreyes-Corpus-23-06-2019-14.jpg\" class=\"thickbox no_icon\" title=\"\"><img loading=\"lazy\" decoding=\"async\" width=\"150\" height=\"150\" src=\"https:\/\/www.mecerreyes.com\/mece\/wp-content\/uploads\/2019\/07\/Mecerreyes-Corpus-23-06-2019-14-150x150.jpg\" class=\"attachment-thumbnail size-thumbnail\" alt=\"\" srcset=\"https:\/\/www.mecerreyes.com\/mece\/wp-content\/uploads\/2019\/07\/Mecerreyes-Corpus-23-06-2019-14-150x150.jpg 150w, https:\/\/www.mecerreyes.com\/mece\/wp-content\/uploads\/2019\/07\/Mecerreyes-Corpus-23-06-2019-14-440x440.jpg 440w\" sizes=\"(max-width: 150px) 100vw, 150px\" \/><\/a>\n\t\t\t<\/dt><\/dl><br style=\"clear: both\" \/>\n\t\t<\/div>\n\n<p style=\"text-align: justify;\"><span style=\"color: #ffffff;\">.<\/span><\/p>\n<h2 style=\"text-align: justify;\"><strong>GUILETOS POR EL MUNDO<\/strong><\/h2>\n<p style=\"text-align: justify;\"><strong>\u00c1NGEL GIL<\/strong><\/p>\n<p style=\"text-align: justify;\">No le faltan proyectos a \u00c1ngel Gil, nos alegramos de la impronta que va dejando no s\u00f3lo en Mecerreyes, sino en los cada vez m\u00e1s lugares de la geograf\u00eda espa\u00f1ola que reconocen su buen hacer. Felicidades \u00c1ngel.<\/p>\n<p style=\"text-align: justify;\"><img loading=\"lazy\" decoding=\"async\" class=\"aligncenter size-full wp-image-18607\" src=\"http:\/\/www.mecerreyes.com\/mece\/wp-content\/uploads\/2019\/07\/\u00c1ngel-Gil-Cuevas-junio-2019.jpg\" alt=\"\" width=\"626\" height=\"789\" srcset=\"https:\/\/www.mecerreyes.com\/mece\/wp-content\/uploads\/2019\/07\/\u00c1ngel-Gil-Cuevas-junio-2019.jpg 626w, https:\/\/www.mecerreyes.com\/mece\/wp-content\/uploads\/2019\/07\/\u00c1ngel-Gil-Cuevas-junio-2019-238x300.jpg 238w\" sizes=\"(max-width: 626px) 100vw, 626px\" \/><\/p>\n<p><a  href=\"https:\/\/www.elcorreo.com\/gipuzkoa\/ermua-inaugura-viviendas-20190702214225-nt.html\" target=\"_blank\" rel=\"noopener noreferrer\">https:\/\/www.elcorreo.com\/gipuzkoa\/ermua-inaugura-viviendas-20190702214225-nt.html<\/a><\/p>\n<p style=\"text-align: justify;\"><strong>JOSE MANUEL\u00a0 \u00a0 \u00a0<\/strong><\/p>\n<p style=\"text-align: justify;\">Por d\u00e9cimo quinta edici\u00f3n, la bodega Castilla de Mecerreyes fue lugar de encuentro rotario de toda Espa\u00f1a.<\/p>\n<p style=\"text-align: justify;\">Su due\u00f1o Jos\u00e9 Manuel y su buen hacer entre fogones saciaron a los 40 rotarios que a\u00f1o tras a\u00f1o acuden a esta cita en Mecerreyes.<\/p>\n<p style=\"text-align: justify;\"><img loading=\"lazy\" decoding=\"async\" class=\"aligncenter size-full wp-image-18608\" src=\"http:\/\/www.mecerreyes.com\/mece\/wp-content\/uploads\/2019\/07\/Mecerreyes-Encuentro-de-Rotarios-junio-2019.jpg\" alt=\"\" width=\"1600\" height=\"1172\" srcset=\"https:\/\/www.mecerreyes.com\/mece\/wp-content\/uploads\/2019\/07\/Mecerreyes-Encuentro-de-Rotarios-junio-2019.jpg 1600w, https:\/\/www.mecerreyes.com\/mece\/wp-content\/uploads\/2019\/07\/Mecerreyes-Encuentro-de-Rotarios-junio-2019-300x220.jpg 300w, https:\/\/www.mecerreyes.com\/mece\/wp-content\/uploads\/2019\/07\/Mecerreyes-Encuentro-de-Rotarios-junio-2019-768x563.jpg 768w, https:\/\/www.mecerreyes.com\/mece\/wp-content\/uploads\/2019\/07\/Mecerreyes-Encuentro-de-Rotarios-junio-2019-1024x750.jpg 1024w, https:\/\/www.mecerreyes.com\/mece\/wp-content\/uploads\/2019\/07\/Mecerreyes-Encuentro-de-Rotarios-junio-2019-1080x791.jpg 1080w\" sizes=\"(max-width: 1600px) 100vw, 1600px\" \/><\/p>\n<p style=\"text-align: justify;\"><strong>CARLOS ALONSO N\u00da\u00d1EZ<\/strong><\/p>\n<p style=\"text-align: justify;\">Este guileto de coraz\u00f3n celebr\u00f3 sus 30 a\u00f1os de sacerdocio en la <a  href=\"https:\/\/www.mecerreyes.com\/mece\/?page_id=35\">parroquia<\/a> San Jos\u00e9 Obrero el pasado 30 de junio, junto a sus nuevos feligreses y familiares, se encontraban algunos guiletos acompa\u00f1ando al que fue nuestro p\u00e1rroco durante 10 a\u00f1os,<\/p>\n<p style=\"text-align: justify;\">Felicidades Carlos, que puedas seguir cumpliendo muchos a\u00f1os de vida religiosa, y que tu entrega a la comunidad sea tan fruct\u00edfera como lo fue en tu paso por Mecerreyes.<\/p>\n<p style=\"text-align: justify;\"><img loading=\"lazy\" decoding=\"async\" class=\"aligncenter size-full wp-image-18609\" src=\"http:\/\/www.mecerreyes.com\/mece\/wp-content\/uploads\/2019\/07\/Carlos-Alonso-junio-2019-con-feligreses-de-Mecerreyes.jpg\" alt=\"\" width=\"960\" height=\"720\" srcset=\"https:\/\/www.mecerreyes.com\/mece\/wp-content\/uploads\/2019\/07\/Carlos-Alonso-junio-2019-con-feligreses-de-Mecerreyes.jpg 960w, https:\/\/www.mecerreyes.com\/mece\/wp-content\/uploads\/2019\/07\/Carlos-Alonso-junio-2019-con-feligreses-de-Mecerreyes-300x225.jpg 300w, https:\/\/www.mecerreyes.com\/mece\/wp-content\/uploads\/2019\/07\/Carlos-Alonso-junio-2019-con-feligreses-de-Mecerreyes-768x576.jpg 768w\" sizes=\"(max-width: 960px) 100vw, 960px\" \/><\/p>\n<p><a  href=\"https:\/\/www.facebook.com\/carlos.alonso.319\/videos\/10214587623909216\/?t=2\" target=\"_blank\" rel=\"noopener noreferrer\"><strong>https:\/\/www.facebook.com\/carlos.alonso.319\/videos\/10214587623909216\/?t=2<\/strong><\/a><\/p>\n<p><a  href=\"https:\/\/www.facebook.com\/carlos.alonso.319\/videos\/10214587623509206\/?t=0\" target=\"_blank\" rel=\"noopener noreferrer\">https:\/\/www.facebook.com\/carlos.alonso.319\/videos\/10214587623509206\/?t=0<\/a><\/p>\n<p><strong>\u00a0<\/strong><strong>\u00a0<\/strong><\/p>\n<h2><strong>REFRANERO<\/strong><\/h2>\n<ul>\n<li><em>Sin enga\u00f1o, la noche de san juan es la m\u00e1s corta del a\u00f1o.<\/em><\/li>\n<li><em>Cuando viene la golondrina, el verano est\u00e1 encima.<\/em><\/li>\n<li><em>En junio el veintiuno, es largo como ninguno.<\/em><\/li>\n<li><em>Cuando en domingo cae San Juan, vende tus bueyes y compra pan.<\/em><\/li>\n<li><em>Ni verano hasta san juan (24 de junio), ni invierno hasta <a  href=\"https:\/\/www.mecerreyes.com\/mece\/?page_id=62\">navidad<\/a>.<\/em><\/li>\n<\/ul>\n<p><img loading=\"lazy\" decoding=\"async\" class=\"aligncenter size-full wp-image-18593\" src=\"http:\/\/www.mecerreyes.com\/mece\/wp-content\/uploads\/2019\/07\/Mecerreyes-junio-2019.jpg\" alt=\"\" width=\"4608\" height=\"1284\" srcset=\"https:\/\/www.mecerreyes.com\/mece\/wp-content\/uploads\/2019\/07\/Mecerreyes-junio-2019.jpg 4608w, https:\/\/www.mecerreyes.com\/mece\/wp-content\/uploads\/2019\/07\/Mecerreyes-junio-2019-300x84.jpg 300w, https:\/\/www.mecerreyes.com\/mece\/wp-content\/uploads\/2019\/07\/Mecerreyes-junio-2019-768x214.jpg 768w, https:\/\/www.mecerreyes.com\/mece\/wp-content\/uploads\/2019\/07\/Mecerreyes-junio-2019-1024x285.jpg 1024w, https:\/\/www.mecerreyes.com\/mece\/wp-content\/uploads\/2019\/07\/Mecerreyes-junio-2019-1080x301.jpg 1080w\" sizes=\"(max-width: 4608px) 100vw, 4608px\" \/><\/p>","protected":false},"excerpt":{"rendered":"<p>JUNIO 2019 Decimos adi\u00f3s a este mes de junio que nos ha tenido en vilo por razones bien distintas. Toma de posesi\u00f3n de la nueva corporaci\u00f3n municipal y decisi\u00f3n de que Francisco Rodr\u00edguez Mart\u00ednez fuera nombrado alcalde de Mecerreyes. Desde esta web les damos la bienvenida, nos ponemos a su servicio como medio de comunicaci\u00f3n [&hellip;]<\/p>\n","protected":false},"author":5,"featured_media":18594,"comment_status":"open","ping_status":"closed","sticky":false,"template":"","format":"standard","meta":{"_et_pb_use_builder":"","_et_pb_old_content":"","_et_gb_content_width":"","footnotes":""},"categories":[1],"tags":[40,21],"class_list":["post-18568","post","type-post","status-publish","format-standard","has-post-thumbnail","hentry","category-general","tag-corpus-christi","tag-guiletos","et-has-post-format-content","et_post_format-et-post-format-standard"],"_links":{"self":[{"href":"https:\/\/www.mecerreyes.com\/mece\/index.php?rest_route=\/wp\/v2\/posts\/18568"}],"collection":[{"href":"https:\/\/www.mecerreyes.com\/mece\/index.php?rest_route=\/wp\/v2\/posts"}],"about":[{"href":"https:\/\/www.mecerreyes.com\/mece\/index.php?rest_route=\/wp\/v2\/types\/post"}],"author":[{"embeddable":true,"href":"https:\/\/www.mecerreyes.com\/mece\/index.php?rest_route=\/wp\/v2\/users\/5"}],"replies":[{"embeddable":true,"href":"https:\/\/www.mecerreyes.com\/mece\/index.php?rest_route=%2Fwp%2Fv2%2Fcomments&post=18568"}],"version-history":[{"count":11,"href":"https:\/\/www.mecerreyes.com\/mece\/index.php?rest_route=\/wp\/v2\/posts\/18568\/revisions"}],"predecessor-version":[{"id":18614,"href":"https:\/\/www.mecerreyes.com\/mece\/index.php?rest_route=\/wp\/v2\/posts\/18568\/revisions\/18614"}],"wp:featuredmedia":[{"embeddable":true,"href":"https:\/\/www.mecerreyes.com\/mece\/index.php?rest_route=\/wp\/v2\/media\/18594"}],"wp:attachment":[{"href":"https:\/\/www.mecerreyes.com\/mece\/index.php?rest_route=%2Fwp%2Fv2%2Fmedia&parent=18568"}],"wp:term":[{"taxonomy":"category","embeddable":true,"href":"https:\/\/www.mecerreyes.com\/mece\/index.php?rest_route=%2Fwp%2Fv2%2Fcategories&post=18568"},{"taxonomy":"post_tag","embeddable":true,"href":"https:\/\/www.mecerreyes.com\/mece\/index.php?rest_route=%2Fwp%2Fv2%2Ftags&post=18568"}],"curies":[{"name":"wp","href":"https:\/\/api.w.org\/{rel}","templated":true}]}}