{"id":18616,"date":"2019-07-26T07:21:27","date_gmt":"2019-07-26T06:21:27","guid":{"rendered":"http:\/\/www.mecerreyes.com\/mece\/?p=18616"},"modified":"2019-07-26T07:21:27","modified_gmt":"2019-07-26T06:21:27","slug":"muestra-dulzaineros-2019","status":"publish","type":"post","link":"https:\/\/www.mecerreyes.com\/mece\/?p=18616","title":{"rendered":"Muestra Dulzaineros 2019"},"content":{"rendered":"<h2 dir=\"auto\" style=\"text-align: justify;\"><span style=\"color: #0000ff;\">\u00abMecerreyes tradici\u00f3n\u00bb este es uno de los mensajes que mejor definen a la villa guileta y cumpliendo con esta definici\u00f3n, volvemos un a\u00f1o m\u00e1s a llenar el pueblo de m\u00fasica tradicional, que no re\u00f1ida con la m\u00fasica actual. Este a\u00f1o en el <strong>XIX FESTIVAL DE DULZAINA VILLA DE MECERREYES \u00abMemorial Sim\u00f3n Altable\u00bb<\/strong> podremos disfrutar de las\u00a0 las dos versiones<\/span><\/h2>\n<h2 dir=\"auto\" style=\"text-align: justify;\">\u200cOs esperamos<\/h2>\n<p><img loading=\"lazy\" decoding=\"async\" class=\"aligncenter size-full wp-image-18617\" src=\"http:\/\/www.mecerreyes.com\/mece\/wp-content\/uploads\/2019\/07\/Mecerreyes-Cartel-Muestra-DULZAINEROS-20119-autor-Dani-Portal-1.jpg\" alt=\"\" width=\"3508\" height=\"4961\" srcset=\"https:\/\/www.mecerreyes.com\/mece\/wp-content\/uploads\/2019\/07\/Mecerreyes-Cartel-Muestra-DULZAINEROS-20119-autor-Dani-Portal-1.jpg 3508w, https:\/\/www.mecerreyes.com\/mece\/wp-content\/uploads\/2019\/07\/Mecerreyes-Cartel-Muestra-DULZAINEROS-20119-autor-Dani-Portal-1-212x300.jpg 212w, https:\/\/www.mecerreyes.com\/mece\/wp-content\/uploads\/2019\/07\/Mecerreyes-Cartel-Muestra-DULZAINEROS-20119-autor-Dani-Portal-1-768x1086.jpg 768w, https:\/\/www.mecerreyes.com\/mece\/wp-content\/uploads\/2019\/07\/Mecerreyes-Cartel-Muestra-DULZAINEROS-20119-autor-Dani-Portal-1-724x1024.jpg 724w, https:\/\/www.mecerreyes.com\/mece\/wp-content\/uploads\/2019\/07\/Mecerreyes-Cartel-Muestra-DULZAINEROS-20119-autor-Dani-Portal-1-1080x1527.jpg 1080w\" sizes=\"(max-width: 3508px) 100vw, 3508px\" \/><\/p>","protected":false},"excerpt":{"rendered":"<p>\u00abMecerreyes tradici\u00f3n\u00bb este es uno de los mensajes que mejor definen a la villa guileta y cumpliendo con esta definici\u00f3n, volvemos un a\u00f1o m\u00e1s a llenar el pueblo de m\u00fasica tradicional, que no re\u00f1ida con la m\u00fasica actual. Este a\u00f1o en el XIX FESTIVAL DE DULZAINA VILLA DE MECERREYES \u00abMemorial Sim\u00f3n Altable\u00bb podremos disfrutar de [&hellip;]<\/p>\n","protected":false},"author":5,"featured_media":18618,"comment_status":"open","ping_status":"closed","sticky":false,"template":"","format":"standard","meta":{"_et_pb_use_builder":"","_et_pb_old_content":"","_et_gb_content_width":"","footnotes":""},"categories":[1],"tags":[23],"class_list":["post-18616","post","type-post","status-publish","format-standard","has-post-thumbnail","hentry","category-general","tag-dulzaineros","et-has-post-format-content","et_post_format-et-post-format-standard"],"_links":{"self":[{"href":"https:\/\/www.mecerreyes.com\/mece\/index.php?rest_route=\/wp\/v2\/posts\/18616"}],"collection":[{"href":"https:\/\/www.mecerreyes.com\/mece\/index.php?rest_route=\/wp\/v2\/posts"}],"about":[{"href":"https:\/\/www.mecerreyes.com\/mece\/index.php?rest_route=\/wp\/v2\/types\/post"}],"author":[{"embeddable":true,"href":"https:\/\/www.mecerreyes.com\/mece\/index.php?rest_route=\/wp\/v2\/users\/5"}],"replies":[{"embeddable":true,"href":"https:\/\/www.mecerreyes.com\/mece\/index.php?rest_route=%2Fwp%2Fv2%2Fcomments&post=18616"}],"version-history":[{"count":2,"href":"https:\/\/www.mecerreyes.com\/mece\/index.php?rest_route=\/wp\/v2\/posts\/18616\/revisions"}],"predecessor-version":[{"id":18620,"href":"https:\/\/www.mecerreyes.com\/mece\/index.php?rest_route=\/wp\/v2\/posts\/18616\/revisions\/18620"}],"wp:featuredmedia":[{"embeddable":true,"href":"https:\/\/www.mecerreyes.com\/mece\/index.php?rest_route=\/wp\/v2\/media\/18618"}],"wp:attachment":[{"href":"https:\/\/www.mecerreyes.com\/mece\/index.php?rest_route=%2Fwp%2Fv2%2Fmedia&parent=18616"}],"wp:term":[{"taxonomy":"category","embeddable":true,"href":"https:\/\/www.mecerreyes.com\/mece\/index.php?rest_route=%2Fwp%2Fv2%2Fcategories&post=18616"},{"taxonomy":"post_tag","embeddable":true,"href":"https:\/\/www.mecerreyes.com\/mece\/index.php?rest_route=%2Fwp%2Fv2%2Ftags&post=18616"}],"curies":[{"name":"wp","href":"https:\/\/api.w.org\/{rel}","templated":true}]}}