{"id":18621,"date":"2019-08-06T00:02:45","date_gmt":"2019-08-05T23:02:45","guid":{"rendered":"http:\/\/www.mecerreyes.com\/mece\/?p=18621"},"modified":"2019-08-06T00:03:40","modified_gmt":"2019-08-05T23:03:40","slug":"noticias-julio-2019","status":"publish","type":"post","link":"https:\/\/www.mecerreyes.com\/mece\/?p=18621","title":{"rendered":"Noticias Julio 2019"},"content":{"rendered":"<h2><strong>JULIO 2019<\/strong><\/h2>\n<p><strong>\u00a0<\/strong><\/p>\n<p style=\"text-align: justify;\">Mecerreyes llama a sus gentes en la \u00e9poca estival, casas abiertas no s\u00f3lo los fines de semana, guiletos que regresan con la morri\u00f1a de ver de nuevo su casa, a sus vecinos, pasear entre campos de lavanda, limpiar a la espera de que hijos y nietos vengan a pasar unos d\u00edas, noches a la fresca, partidas en el front\u00f3n, bicicletas, mitigar el calor en la piscina o r\u00edo de los pueblos vecinos, reunirse en los chamizos o en la terraza del bar, saber unos de otros y seguir haciendo comunidad.<\/p>\n<p style=\"text-align: justify;\">La Morri\u00f1a, la familia y la amistad traen un a\u00f1o m\u00e1s a los guiletos a MECERREYES.<\/p>\n<p style=\"text-align: justify;\">La ola de calor retrasaba los paseos del atardecer y adelantaba el color amarillo de la mies, la tormenta nos trajo 20 l de lluvia que agradecieron los campos, pero no han sido suficientes las lluvias de este mes para llenar los acu\u00edferos, (<em>por lo que se recomienda no usar el agua corriente para el riego de jardines<\/em>) incluso nos hemos puesto la chaqueta al atardecer de los \u00faltimos d\u00edas del mes por el fresco reinante.<\/p>\n<h2 style=\"text-align: justify;\"><strong>\u00a0<img loading=\"lazy\" decoding=\"async\" class=\"aligncenter size-full wp-image-18624\" src=\"http:\/\/www.mecerreyes.com\/mece\/wp-content\/uploads\/2019\/08\/Mecerreyes-campos-de-lavanda-espliego-julio-2019-2.jpg\" alt=\"\" width=\"4000\" height=\"2248\" srcset=\"https:\/\/www.mecerreyes.com\/mece\/wp-content\/uploads\/2019\/08\/Mecerreyes-campos-de-lavanda-espliego-julio-2019-2.jpg 4000w, https:\/\/www.mecerreyes.com\/mece\/wp-content\/uploads\/2019\/08\/Mecerreyes-campos-de-lavanda-espliego-julio-2019-2-300x169.jpg 300w, https:\/\/www.mecerreyes.com\/mece\/wp-content\/uploads\/2019\/08\/Mecerreyes-campos-de-lavanda-espliego-julio-2019-2-768x432.jpg 768w, https:\/\/www.mecerreyes.com\/mece\/wp-content\/uploads\/2019\/08\/Mecerreyes-campos-de-lavanda-espliego-julio-2019-2-1024x575.jpg 1024w, https:\/\/www.mecerreyes.com\/mece\/wp-content\/uploads\/2019\/08\/Mecerreyes-campos-de-lavanda-espliego-julio-2019-2-1080x607.jpg 1080w\" sizes=\"(max-width: 4000px) 100vw, 4000px\" \/><\/strong><\/h2>\n<h2 style=\"text-align: justify;\"><strong>EFEM\u00c9RIDES JULIO<\/strong><\/h2>\n<ul style=\"text-align: justify;\">\n<li>El 5, D\u00eda Internacional del Cooperativismo<\/li>\n<li><strong>El 26, D\u00eda de los Abuelos<\/strong><\/li>\n<li>El 28, D\u00eda Mundial de las Hepatitis.<\/li>\n<li>El 30, D\u00eda Mundial de la trata de Personas<\/li>\n<\/ul>\n<p style=\"text-align: justify;\"><strong>\u00a0<\/strong><\/p>\n<h2 style=\"text-align: justify;\"><strong>DEFUNCI\u00d3N<\/strong><\/h2>\n<p style=\"text-align: justify;\"><strong>DELFINA CONTRERAS MART\u00cdNEZ <\/strong>falleci\u00f3 el pasado d\u00eda 15 de julio a los 77 a\u00f1os de edad en L\u00b4Hospitalet de Llobregat y all\u00ed reposan sus restos<strong>. <\/strong>Descanse en paz.<\/p>\n<p style=\"text-align: justify;\"><img loading=\"lazy\" decoding=\"async\" class=\"aligncenter size-full wp-image-18625\" src=\"http:\/\/www.mecerreyes.com\/mece\/wp-content\/uploads\/2019\/08\/Esquela-Delfina-Contreras-Martinez.jpg\" alt=\"\" width=\"1531\" height=\"779\" srcset=\"https:\/\/www.mecerreyes.com\/mece\/wp-content\/uploads\/2019\/08\/Esquela-Delfina-Contreras-Martinez.jpg 1531w, https:\/\/www.mecerreyes.com\/mece\/wp-content\/uploads\/2019\/08\/Esquela-Delfina-Contreras-Martinez-300x153.jpg 300w, https:\/\/www.mecerreyes.com\/mece\/wp-content\/uploads\/2019\/08\/Esquela-Delfina-Contreras-Martinez-768x391.jpg 768w, https:\/\/www.mecerreyes.com\/mece\/wp-content\/uploads\/2019\/08\/Esquela-Delfina-Contreras-Martinez-1024x521.jpg 1024w, https:\/\/www.mecerreyes.com\/mece\/wp-content\/uploads\/2019\/08\/Esquela-Delfina-Contreras-Martinez-1080x550.jpg 1080w\" sizes=\"(max-width: 1531px) 100vw, 1531px\" \/><\/p>\n<h2 style=\"text-align: justify;\"><strong>RECORTE DE PRENSA<\/strong><\/h2>\n<p style=\"text-align: justify;\"><strong>Jos\u00e9 Manuel Gonz\u00e1lez, <\/strong>siempre en el candelero con noticias agradables, unas veces de \u00e1mbito personal y este mes en lo profesional, su tes\u00f3n y encabezando la batalla judicial junto a otros peque\u00f1os floristas contra Interflora han dado fruto, recuperando el control del env\u00edo de flores que durante 10 a\u00f1os estaba en poder de un fondo de inversi\u00f3n.<\/p>\n<p style=\"text-align: justify;\"><img loading=\"lazy\" decoding=\"async\" class=\"aligncenter size-full wp-image-18626\" src=\"http:\/\/www.mecerreyes.com\/mece\/wp-content\/uploads\/2019\/08\/Diario-de-Burgos-14-07-19-Castilla-Floristeria-gana-la-batalla-judicial.jpg\" alt=\"\" width=\"540\" height=\"729\" srcset=\"https:\/\/www.mecerreyes.com\/mece\/wp-content\/uploads\/2019\/08\/Diario-de-Burgos-14-07-19-Castilla-Floristeria-gana-la-batalla-judicial.jpg 540w, https:\/\/www.mecerreyes.com\/mece\/wp-content\/uploads\/2019\/08\/Diario-de-Burgos-14-07-19-Castilla-Floristeria-gana-la-batalla-judicial-222x300.jpg 222w\" sizes=\"(max-width: 540px) 100vw, 540px\" \/><\/p>\n<p style=\"text-align: justify;\"><strong>ALEJANDRO \u00c1LVAREZ SANTAMAR\u00cdA<\/strong><\/p>\n<p style=\"text-align: justify;\">Alejandro,\u00a0hijo de Alberto y Susana Santamar\u00eda Vicario\u00a0<strong>(nieto de Le\u00f3n y Charito)<\/strong> corre en el club ciclista burgal\u00e9s \u00abCCB\u00bb Este a\u00f1o ha sido seleccionado por la selecci\u00f3n de Castilla y Le\u00f3n de pista para los campeonatos de Espa\u00f1a. Durante la temporada corre en Castilla y Le\u00f3n y carreras del Pa\u00eds Vasco<\/p>\n<p style=\"text-align: justify;\"><img loading=\"lazy\" decoding=\"async\" class=\"aligncenter size-full wp-image-18628\" src=\"http:\/\/www.mecerreyes.com\/mece\/wp-content\/uploads\/2019\/08\/Club-ciclista-Burgal\u00e9s.jpg\" alt=\"\" width=\"509\" height=\"900\" srcset=\"https:\/\/www.mecerreyes.com\/mece\/wp-content\/uploads\/2019\/08\/Club-ciclista-Burgal\u00e9s.jpg 509w, https:\/\/www.mecerreyes.com\/mece\/wp-content\/uploads\/2019\/08\/Club-ciclista-Burgal\u00e9s-170x300.jpg 170w\" sizes=\"(max-width: 509px) 100vw, 509px\" \/><\/p>\n<h2 style=\"text-align: justify;\"><strong>ASOCIACI\u00d3N DE JUBILADOS<\/strong><\/h2>\n<p style=\"text-align: justify;\">El pasado 26 de julio nuestras abuelas celebraron la festividad de San Joaqu\u00edn y Santa Ana con un exquisito chocolate, puntualmente a las 20:00 se iban acercando abuelos y nietos para degustar y pasar un buen rato que como ya es tradici\u00f3n termin\u00f3 cantando del <a  href=\"https:\/\/www.mecerreyes.com\/mece\/?page_id=19\">Himno<\/a> a Mecerreyes.<\/p>\n<p style=\"text-align: justify;\">Gracias abuelos, que no os falte la ilusi\u00f3n y podamos seguir contando con vosotros muchos a\u00f1os m\u00e1s.<\/p>\n\n\t\t<style type=\"text\/css\">\n\t\t\t#gallery-1 {\n\t\t\t\tmargin: auto;\n\t\t\t}\n\t\t\t#gallery-1 .gallery-item {\n\t\t\t\tfloat: left;\n\t\t\t\tmargin-top: 10px;\n\t\t\t\ttext-align: center;\n\t\t\t\twidth: 33%;\n\t\t\t}\n\t\t\t#gallery-1 img {\n\t\t\t\tborder: 2px solid #cfcfcf;\n\t\t\t}\n\t\t\t#gallery-1 .gallery-caption {\n\t\t\t\tmargin-left: 0;\n\t\t\t}\n\t\t\t\/* see gallery_shortcode() in wp-includes\/media.php *\/\n\t\t<\/style>\n\t\t<div id='gallery-1' class='gallery galleryid-18621 gallery-columns-3 gallery-size-thumbnail'><dl class='gallery-item'>\n\t\t\t<dt class='gallery-icon landscape'>\n\t\t\t\t<a  href=\"https:\/\/www.mecerreyes.com\/mece\/wp-content\/uploads\/2019\/08\/Mecerreyes-chocolate-d\u00eda-de-los-abulos-26-07-19-1.jpg\" class=\"thickbox no_icon\" title=\"\"><img loading=\"lazy\" decoding=\"async\" width=\"150\" height=\"150\" src=\"https:\/\/www.mecerreyes.com\/mece\/wp-content\/uploads\/2019\/08\/Mecerreyes-chocolate-d\u00eda-de-los-abulos-26-07-19-1-150x150.jpg\" class=\"attachment-thumbnail size-thumbnail\" alt=\"\" srcset=\"https:\/\/www.mecerreyes.com\/mece\/wp-content\/uploads\/2019\/08\/Mecerreyes-chocolate-d\u00eda-de-los-abulos-26-07-19-1-150x150.jpg 150w, https:\/\/www.mecerreyes.com\/mece\/wp-content\/uploads\/2019\/08\/Mecerreyes-chocolate-d\u00eda-de-los-abulos-26-07-19-1-440x440.jpg 440w\" sizes=\"(max-width: 150px) 100vw, 150px\" \/><\/a>\n\t\t\t<\/dt><\/dl><dl class='gallery-item'>\n\t\t\t<dt class='gallery-icon landscape'>\n\t\t\t\t<a  href=\"https:\/\/www.mecerreyes.com\/mece\/wp-content\/uploads\/2019\/08\/Mecerreyes-chocolate-d\u00eda-de-los-abulos-26-07-19-3.jpg\" class=\"thickbox no_icon\" title=\"\"><img loading=\"lazy\" decoding=\"async\" width=\"150\" height=\"150\" src=\"https:\/\/www.mecerreyes.com\/mece\/wp-content\/uploads\/2019\/08\/Mecerreyes-chocolate-d\u00eda-de-los-abulos-26-07-19-3-150x150.jpg\" class=\"attachment-thumbnail size-thumbnail\" alt=\"\" srcset=\"https:\/\/www.mecerreyes.com\/mece\/wp-content\/uploads\/2019\/08\/Mecerreyes-chocolate-d\u00eda-de-los-abulos-26-07-19-3-150x150.jpg 150w, https:\/\/www.mecerreyes.com\/mece\/wp-content\/uploads\/2019\/08\/Mecerreyes-chocolate-d\u00eda-de-los-abulos-26-07-19-3-440x440.jpg 440w\" sizes=\"(max-width: 150px) 100vw, 150px\" \/><\/a>\n\t\t\t<\/dt><\/dl><dl class='gallery-item'>\n\t\t\t<dt class='gallery-icon landscape'>\n\t\t\t\t<a  href=\"https:\/\/www.mecerreyes.com\/mece\/wp-content\/uploads\/2019\/08\/Mecerreyes-chocolate-d\u00eda-de-los-abulos-26-07-19-4.jpg\" class=\"thickbox no_icon\" title=\"\"><img loading=\"lazy\" decoding=\"async\" width=\"150\" height=\"150\" src=\"https:\/\/www.mecerreyes.com\/mece\/wp-content\/uploads\/2019\/08\/Mecerreyes-chocolate-d\u00eda-de-los-abulos-26-07-19-4-150x150.jpg\" class=\"attachment-thumbnail size-thumbnail\" alt=\"\" srcset=\"https:\/\/www.mecerreyes.com\/mece\/wp-content\/uploads\/2019\/08\/Mecerreyes-chocolate-d\u00eda-de-los-abulos-26-07-19-4-150x150.jpg 150w, https:\/\/www.mecerreyes.com\/mece\/wp-content\/uploads\/2019\/08\/Mecerreyes-chocolate-d\u00eda-de-los-abulos-26-07-19-4-440x440.jpg 440w\" sizes=\"(max-width: 150px) 100vw, 150px\" \/><\/a>\n\t\t\t<\/dt><\/dl><br style=\"clear: both\" \/><dl class='gallery-item'>\n\t\t\t<dt class='gallery-icon landscape'>\n\t\t\t\t<a  href=\"https:\/\/www.mecerreyes.com\/mece\/wp-content\/uploads\/2019\/08\/Mecerreyes-chocolate-d\u00eda-de-los-abulos-26-07-19-2.jpg\" class=\"thickbox no_icon\" title=\"\"><img loading=\"lazy\" decoding=\"async\" width=\"150\" height=\"150\" src=\"https:\/\/www.mecerreyes.com\/mece\/wp-content\/uploads\/2019\/08\/Mecerreyes-chocolate-d\u00eda-de-los-abulos-26-07-19-2-150x150.jpg\" class=\"attachment-thumbnail size-thumbnail\" alt=\"\" srcset=\"https:\/\/www.mecerreyes.com\/mece\/wp-content\/uploads\/2019\/08\/Mecerreyes-chocolate-d\u00eda-de-los-abulos-26-07-19-2-150x150.jpg 150w, https:\/\/www.mecerreyes.com\/mece\/wp-content\/uploads\/2019\/08\/Mecerreyes-chocolate-d\u00eda-de-los-abulos-26-07-19-2-440x440.jpg 440w\" sizes=\"(max-width: 150px) 100vw, 150px\" \/><\/a>\n\t\t\t<\/dt><\/dl><dl class='gallery-item'>\n\t\t\t<dt class='gallery-icon portrait'>\n\t\t\t\t<a  href=\"https:\/\/www.mecerreyes.com\/mece\/wp-content\/uploads\/2019\/08\/Mecerreyes-chocolate-d\u00eda-de-los-abulos-26-07-19-5.jpg\" class=\"thickbox no_icon\" title=\"\"><img loading=\"lazy\" decoding=\"async\" width=\"150\" height=\"150\" src=\"https:\/\/www.mecerreyes.com\/mece\/wp-content\/uploads\/2019\/08\/Mecerreyes-chocolate-d\u00eda-de-los-abulos-26-07-19-5-150x150.jpg\" class=\"attachment-thumbnail size-thumbnail\" alt=\"\" srcset=\"https:\/\/www.mecerreyes.com\/mece\/wp-content\/uploads\/2019\/08\/Mecerreyes-chocolate-d\u00eda-de-los-abulos-26-07-19-5-150x150.jpg 150w, https:\/\/www.mecerreyes.com\/mece\/wp-content\/uploads\/2019\/08\/Mecerreyes-chocolate-d\u00eda-de-los-abulos-26-07-19-5-440x440.jpg 440w\" sizes=\"(max-width: 150px) 100vw, 150px\" \/><\/a>\n\t\t\t<\/dt><\/dl>\n\t\t\t<br style='clear: both' \/>\n\t\t<\/div>\n\n<p style=\"text-align: justify;\"><strong>\u00a0<\/strong><\/p>\n<h2 style=\"text-align: justify;\"><strong>VERANO CULTURAL<\/strong><\/h2>\n<p style=\"text-align: justify;\">La Asociaci\u00f3n Cultural, en colaboraci\u00f3n con el <a  href=\"https:\/\/www.mecerreyes.com\/mece\/?page_id=24\">Ayuntamiento<\/a>, ha preparado tres eventos para disfrute de vecinos y visitantes.<\/p>\n<p style=\"text-align: justify;\">El pr\u00f3ximo s\u00e1bado 3 de agosto el <strong>festival de Dulzaina<\/strong> en su XIX edici\u00f3n del Memorial Sim\u00f3n Altable.<\/p>\n<p style=\"text-align: justify;\"><img loading=\"lazy\" decoding=\"async\" class=\"aligncenter size-full wp-image-18617\" src=\"http:\/\/www.mecerreyes.com\/mece\/wp-content\/uploads\/2019\/07\/Mecerreyes-Cartel-Muestra-DULZAINEROS-20119-autor-Dani-Portal-1.jpg\" alt=\"\" width=\"3508\" height=\"4961\" srcset=\"https:\/\/www.mecerreyes.com\/mece\/wp-content\/uploads\/2019\/07\/Mecerreyes-Cartel-Muestra-DULZAINEROS-20119-autor-Dani-Portal-1.jpg 3508w, https:\/\/www.mecerreyes.com\/mece\/wp-content\/uploads\/2019\/07\/Mecerreyes-Cartel-Muestra-DULZAINEROS-20119-autor-Dani-Portal-1-212x300.jpg 212w, https:\/\/www.mecerreyes.com\/mece\/wp-content\/uploads\/2019\/07\/Mecerreyes-Cartel-Muestra-DULZAINEROS-20119-autor-Dani-Portal-1-768x1086.jpg 768w, https:\/\/www.mecerreyes.com\/mece\/wp-content\/uploads\/2019\/07\/Mecerreyes-Cartel-Muestra-DULZAINEROS-20119-autor-Dani-Portal-1-724x1024.jpg 724w, https:\/\/www.mecerreyes.com\/mece\/wp-content\/uploads\/2019\/07\/Mecerreyes-Cartel-Muestra-DULZAINEROS-20119-autor-Dani-Portal-1-1080x1527.jpg 1080w\" sizes=\"(max-width: 3508px) 100vw, 3508px\" \/><\/p>\n<p style=\"text-align: justify;\">El <strong>jueves 8 de agosto<\/strong> los ni\u00f1os de todas las edades ser\u00e1n los protagonistas en un nuevo taller <strong>\u201cEstructuras Triangulares\u201d<\/strong> que organiza AJO Taller de Arquitectura. inscripci\u00f3n en <a  href=\"mailto:acmecerreyes@gmail.com\">acmecerreyes@gmail.com<\/a><\/p>\n<p style=\"text-align: justify;\"><img loading=\"lazy\" decoding=\"async\" class=\"aligncenter size-full wp-image-18634\" src=\"http:\/\/www.mecerreyes.com\/mece\/wp-content\/uploads\/2019\/08\/AJO-verano-2019-mecerreyes-3.jpg\" alt=\"\" width=\"1772\" height=\"2518\" srcset=\"https:\/\/www.mecerreyes.com\/mece\/wp-content\/uploads\/2019\/08\/AJO-verano-2019-mecerreyes-3.jpg 1772w, https:\/\/www.mecerreyes.com\/mece\/wp-content\/uploads\/2019\/08\/AJO-verano-2019-mecerreyes-3-211x300.jpg 211w, https:\/\/www.mecerreyes.com\/mece\/wp-content\/uploads\/2019\/08\/AJO-verano-2019-mecerreyes-3-768x1091.jpg 768w, https:\/\/www.mecerreyes.com\/mece\/wp-content\/uploads\/2019\/08\/AJO-verano-2019-mecerreyes-3-721x1024.jpg 721w, https:\/\/www.mecerreyes.com\/mece\/wp-content\/uploads\/2019\/08\/AJO-verano-2019-mecerreyes-3-1080x1535.jpg 1080w\" sizes=\"(max-width: 1772px) 100vw, 1772px\" \/><\/p>\n<p style=\"text-align: justify;\">El martes <strong>20 de agosto, a partir de las 6:30 h de la tarde<\/strong>\u00a0la compa\u00f1\u00eda de Circo y animaci\u00f3n de calle <strong>Tiritirantes<\/strong> nos deleitar\u00e1n con su espect\u00e1culo <strong>CIRQUEAMOS<\/strong> en de Mecerreyes.<\/p>\n<p style=\"text-align: justify;\"><img loading=\"lazy\" decoding=\"async\" class=\"aligncenter size-full wp-image-18641\" src=\"http:\/\/www.mecerreyes.com\/mece\/wp-content\/uploads\/2019\/08\/Tiritirantes-Mecerreyes-20-08-19-Cirqueamos-a.jpg\" alt=\"\" width=\"3508\" height=\"4961\" srcset=\"https:\/\/www.mecerreyes.com\/mece\/wp-content\/uploads\/2019\/08\/Tiritirantes-Mecerreyes-20-08-19-Cirqueamos-a.jpg 3508w, https:\/\/www.mecerreyes.com\/mece\/wp-content\/uploads\/2019\/08\/Tiritirantes-Mecerreyes-20-08-19-Cirqueamos-a-212x300.jpg 212w, https:\/\/www.mecerreyes.com\/mece\/wp-content\/uploads\/2019\/08\/Tiritirantes-Mecerreyes-20-08-19-Cirqueamos-a-768x1086.jpg 768w, https:\/\/www.mecerreyes.com\/mece\/wp-content\/uploads\/2019\/08\/Tiritirantes-Mecerreyes-20-08-19-Cirqueamos-a-724x1024.jpg 724w, https:\/\/www.mecerreyes.com\/mece\/wp-content\/uploads\/2019\/08\/Tiritirantes-Mecerreyes-20-08-19-Cirqueamos-a-1080x1527.jpg 1080w\" sizes=\"(max-width: 3508px) 100vw, 3508px\" \/><\/p>\n<h2 style=\"text-align: justify;\"><strong>FIESTAS DE MECERREYES<\/strong><\/h2>\n<p style=\"text-align: justify;\">Por tercer a\u00f1o consecutivo la Pe\u00f1a Hikenun organiza las fiestas de <a  href=\"https:\/\/www.mecerreyes.com\/mece\/?page_id=60\">Acci\u00f3n de Gracias<\/a> y Virgen del Camino que tendr\u00e1n lugar del 22 al 25 de agosto, en breve tendr\u00e1n lista una programaci\u00f3n para todos los p\u00fablicos. Os mantendremos informados.<\/p>\n<p style=\"text-align: justify;\"><img loading=\"lazy\" decoding=\"async\" class=\"aligncenter size-full wp-image-18635\" src=\"http:\/\/www.mecerreyes.com\/mece\/wp-content\/uploads\/2019\/08\/Mecerreyes-fiestas-agosto-2019.jpg\" alt=\"\" width=\"744\" height=\"1004\" srcset=\"https:\/\/www.mecerreyes.com\/mece\/wp-content\/uploads\/2019\/08\/Mecerreyes-fiestas-agosto-2019.jpg 744w, https:\/\/www.mecerreyes.com\/mece\/wp-content\/uploads\/2019\/08\/Mecerreyes-fiestas-agosto-2019-222x300.jpg 222w\" sizes=\"(max-width: 744px) 100vw, 744px\" \/><\/p>\n<h2 style=\"text-align: justify;\"><strong>MOCHILA VIAJERA<\/strong><\/h2>\n<p style=\"text-align: justify;\">Estas fechas veraniegas son las elegidas por la mayor\u00eda para conocer mundo con la mochila viajera. No olvid\u00e9is llevarla y mandarnos vuestras fotos o publicarlas directamente en el grupo de Facebook Mecerreyes. \u00a1\u00a1\u00a1 Feliz viaje!!!<\/p>\n<p>&nbsp;<\/p>\n<h2><strong>REFRANERO<\/strong><\/h2>\n<ul>\n<li><em>\u201cAunque raras, muy violentas son por julio las tormentas\u201d.<\/em><\/li>\n<li><em>\u201cEn julio normal, seco todo manantial\u201d<\/em><\/li>\n<li><em>\u201cLluvia por Santa Margarita, m\u00e1s que dar, quita\u201d.<\/em><\/li>\n<li><em>\u201cEn julio, beber y sudar y en balde el fresco buscar\u201d.<\/em><\/li>\n<li><em>\u201cJulio caliente, quema al m\u00e1s valiente\u201d<\/em><\/li>\n<\/ul>\n<p>&nbsp;<\/p>\n<p><img loading=\"lazy\" decoding=\"async\" class=\"aligncenter size-full wp-image-18644\" src=\"http:\/\/www.mecerreyes.com\/mece\/wp-content\/uploads\/2019\/08\/Cartel-Raly-Mototuristico-escultura-Cid-Mecerreye.jpg\" alt=\"\" width=\"680\" height=\"680\" srcset=\"https:\/\/www.mecerreyes.com\/mece\/wp-content\/uploads\/2019\/08\/Cartel-Raly-Mototuristico-escultura-Cid-Mecerreye.jpg 680w, https:\/\/www.mecerreyes.com\/mece\/wp-content\/uploads\/2019\/08\/Cartel-Raly-Mototuristico-escultura-Cid-Mecerreye-150x150.jpg 150w, https:\/\/www.mecerreyes.com\/mece\/wp-content\/uploads\/2019\/08\/Cartel-Raly-Mototuristico-escultura-Cid-Mecerreye-300x300.jpg 300w, https:\/\/www.mecerreyes.com\/mece\/wp-content\/uploads\/2019\/08\/Cartel-Raly-Mototuristico-escultura-Cid-Mecerreye-440x440.jpg 440w\" sizes=\"(max-width: 680px) 100vw, 680px\" \/><\/p>\n<p>&nbsp;<\/p>\n<p>&nbsp;<\/p>","protected":false},"excerpt":{"rendered":"<p>JULIO 2019 \u00a0 Mecerreyes llama a sus gentes en la \u00e9poca estival, casas abiertas no s\u00f3lo los fines de semana, guiletos que regresan con la morri\u00f1a de ver de nuevo su casa, a sus vecinos, pasear entre campos de lavanda, limpiar a la espera de que hijos y nietos vengan a pasar unos d\u00edas, noches [&hellip;]<\/p>\n","protected":false},"author":5,"featured_media":18643,"comment_status":"open","ping_status":"closed","sticky":false,"template":"","format":"standard","meta":{"_et_pb_use_builder":"","_et_pb_old_content":"","_et_gb_content_width":"","footnotes":""},"categories":[1],"tags":[21],"class_list":["post-18621","post","type-post","status-publish","format-standard","has-post-thumbnail","hentry","category-general","tag-guiletos","et-has-post-format-content","et_post_format-et-post-format-standard"],"_links":{"self":[{"href":"https:\/\/www.mecerreyes.com\/mece\/index.php?rest_route=\/wp\/v2\/posts\/18621"}],"collection":[{"href":"https:\/\/www.mecerreyes.com\/mece\/index.php?rest_route=\/wp\/v2\/posts"}],"about":[{"href":"https:\/\/www.mecerreyes.com\/mece\/index.php?rest_route=\/wp\/v2\/types\/post"}],"author":[{"embeddable":true,"href":"https:\/\/www.mecerreyes.com\/mece\/index.php?rest_route=\/wp\/v2\/users\/5"}],"replies":[{"embeddable":true,"href":"https:\/\/www.mecerreyes.com\/mece\/index.php?rest_route=%2Fwp%2Fv2%2Fcomments&post=18621"}],"version-history":[{"count":6,"href":"https:\/\/www.mecerreyes.com\/mece\/index.php?rest_route=\/wp\/v2\/posts\/18621\/revisions"}],"predecessor-version":[{"id":18645,"href":"https:\/\/www.mecerreyes.com\/mece\/index.php?rest_route=\/wp\/v2\/posts\/18621\/revisions\/18645"}],"wp:featuredmedia":[{"embeddable":true,"href":"https:\/\/www.mecerreyes.com\/mece\/index.php?rest_route=\/wp\/v2\/media\/18643"}],"wp:attachment":[{"href":"https:\/\/www.mecerreyes.com\/mece\/index.php?rest_route=%2Fwp%2Fv2%2Fmedia&parent=18621"}],"wp:term":[{"taxonomy":"category","embeddable":true,"href":"https:\/\/www.mecerreyes.com\/mece\/index.php?rest_route=%2Fwp%2Fv2%2Fcategories&post=18621"},{"taxonomy":"post_tag","embeddable":true,"href":"https:\/\/www.mecerreyes.com\/mece\/index.php?rest_route=%2Fwp%2Fv2%2Ftags&post=18621"}],"curies":[{"name":"wp","href":"https:\/\/api.w.org\/{rel}","templated":true}]}}