{"id":18637,"date":"2019-09-11T22:30:26","date_gmt":"2019-09-11T21:30:26","guid":{"rendered":"http:\/\/www.mecerreyes.com\/mece\/?p=18637"},"modified":"2019-09-24T21:59:46","modified_gmt":"2019-09-24T20:59:46","slug":"noticias-agosto-2019","status":"publish","type":"post","link":"https:\/\/www.mecerreyes.com\/mece\/?p=18637","title":{"rendered":"Noticias agosto 2019"},"content":{"rendered":"<h2><strong>AGOSTO 2019<\/strong><\/h2>\n<p style=\"text-align: justify;\">Regresamos de vacaciones y con unos cuantos d\u00edas de perspectiva os contamos las noticias que Mecerreyes y sus gentes han vivido en este ajetreado mes de agosto.<\/p>\n<p style=\"text-align: justify;\">Desconectar de la rutina urbana, conectar con la esencia del pueblo, descansar, acompa\u00f1ar, celebrar, compartir, agradecer e incluso despedir son los verbos que mejor definen la vida de este bonito mes de agosto.<\/p>\n<p style=\"text-align: justify;\">El front\u00f3n no ha tenido descanso con partidas hasta la madrugada, las bicicletas son la se\u00f1a de identidad de ni\u00f1os y j\u00f3venes, y la forma de saber d\u00f3nde est\u00e1n los chicos. A las 12 de la noche abuelas recogiendo a sus peque\u00f1os y saludando a los que aguantan a la fresca.<\/p>\n<p style=\"text-align: justify;\"><a  href=\"http:\/\/www.mecerreyes.com\/mece\/wp-content\/uploads\/2019\/09\/Mecerreyes-Agosto-2019-front\u00f3n.jpg\" class=\"thickbox no_icon\" title=\"\"><img loading=\"lazy\" decoding=\"async\" class=\"aligncenter wp-image-18689\" src=\"http:\/\/www.mecerreyes.com\/mece\/wp-content\/uploads\/2019\/09\/Mecerreyes-Agosto-2019-front\u00f3n.jpg\" alt=\"\" width=\"441\" height=\"279\" srcset=\"https:\/\/www.mecerreyes.com\/mece\/wp-content\/uploads\/2019\/09\/Mecerreyes-Agosto-2019-front\u00f3n.jpg 1599w, https:\/\/www.mecerreyes.com\/mece\/wp-content\/uploads\/2019\/09\/Mecerreyes-Agosto-2019-front\u00f3n-300x189.jpg 300w, https:\/\/www.mecerreyes.com\/mece\/wp-content\/uploads\/2019\/09\/Mecerreyes-Agosto-2019-front\u00f3n-768x485.jpg 768w, https:\/\/www.mecerreyes.com\/mece\/wp-content\/uploads\/2019\/09\/Mecerreyes-Agosto-2019-front\u00f3n-1024x646.jpg 1024w, https:\/\/www.mecerreyes.com\/mece\/wp-content\/uploads\/2019\/09\/Mecerreyes-Agosto-2019-front\u00f3n-1080x682.jpg 1080w\" sizes=\"(max-width: 441px) 100vw, 441px\" \/><\/a><\/p>\n<p style=\"text-align: justify;\">Huertas con gran retraso por la helada del mes de junio.<\/p>\n<p style=\"text-align: justify;\">El bullicio del d\u00eda se incrementa con el ir y venir de las golondrinas, llegando la noche, son los murci\u00e9lagos los que se dejan ver.<\/p>\n<p style=\"text-align: justify;\"><a  href=\"http:\/\/www.mecerreyes.com\/mece\/wp-content\/uploads\/2019\/09\/Mecerreyes-Agosto-2019-murci\u00e9lago.jpg\" class=\"thickbox no_icon\" title=\"\"><img loading=\"lazy\" decoding=\"async\" class=\"aligncenter wp-image-18690\" src=\"http:\/\/www.mecerreyes.com\/mece\/wp-content\/uploads\/2019\/09\/Mecerreyes-Agosto-2019-murci\u00e9lago.jpg\" alt=\"\" width=\"368\" height=\"371\" srcset=\"https:\/\/www.mecerreyes.com\/mece\/wp-content\/uploads\/2019\/09\/Mecerreyes-Agosto-2019-murci\u00e9lago.jpg 970w, https:\/\/www.mecerreyes.com\/mece\/wp-content\/uploads\/2019\/09\/Mecerreyes-Agosto-2019-murci\u00e9lago-150x150.jpg 150w, https:\/\/www.mecerreyes.com\/mece\/wp-content\/uploads\/2019\/09\/Mecerreyes-Agosto-2019-murci\u00e9lago-297x300.jpg 297w, https:\/\/www.mecerreyes.com\/mece\/wp-content\/uploads\/2019\/09\/Mecerreyes-Agosto-2019-murci\u00e9lago-768x776.jpg 768w\" sizes=\"(max-width: 368px) 100vw, 368px\" \/><\/a><\/p>\n<p style=\"text-align: justify;\">Mecerreyes en agosto huele a espliego a cultura y a vida.<\/p>\n<h2><strong>EFEM\u00c9RIDES<\/strong><\/h2>\n<ul>\n<li><strong>El 3, Festival de dulzaina XIX edici\u00f3n Memorial Sim\u00f3n Altable.<\/strong><\/li>\n<li><strong>El 8, taller de arquitectura ESCULTURAL TRIANGULARES (AJO).<\/strong><\/li>\n<li>El 12, D\u00eda internacional de la Juventud.<\/li>\n<li><strong>El 18, Bajada de nuestra Patrona <a  href=\"https:\/\/www.mecerreyes.com\/mece\/?page_id=54\">la Virgen del Camino<\/a> a la Iglesia parroquial.<\/strong><\/li>\n<li>El 19, D\u00eda Mundial de la Juventud.<\/li>\n<li><strong>El 20, Tarde de Circo en Mecerreyes.<\/strong><\/li>\n<li><strong>El 21, MECERROCK, I edici\u00f3n.<\/strong><\/li>\n<li>El 22, D\u00eda Mundial del Folclore.<\/li>\n<li><strong>OFRENDA FLORAL, PINCHO POPULAR, PREG\u00d3N Y DESFILE DE PE\u00d1AS DE MECERREYES.<\/strong><\/li>\n<li>El 24, Fiesta de <a  href=\"https:\/\/www.mecerreyes.com\/mece\/?page_id=60\">Acci\u00f3n de Gracias<\/a> y Virgen del Camino en Mecerreyes.<\/li>\n<li>El 29, D\u00eda Mundial del \u00c1rbol.<\/li>\n<li>El 31, D\u00eda Internacional de la Solidaridad.<\/li>\n<\/ul>\n<p><strong>\u00a0<\/strong><\/p>\n<p><strong>\u00a0<\/strong><\/p>\n<p><strong>\u00a0<\/strong><\/p>\n<h2 style=\"text-align: justify;\"><strong>VERANO CULTURAL<\/strong><\/h2>\n<p style=\"text-align: justify;\">El d\u00eda 3 empezamos celebrando la XIX edici\u00f3n del <strong>FESTIVAL DE DULZAINA<\/strong>, otro \u00e9xito de organizaci\u00f3n, participaci\u00f3n y p\u00fablico.<\/p>\n<p style=\"text-align: justify;\"><a  href=\"http:\/\/www.mecerreyes.com\/mece\/wp-content\/uploads\/2019\/07\/Mecerreyes-Cartel-Muestra-DULZAINEROS-20119-autor-Dani-Portal-1.jpg\" class=\"thickbox no_icon\" title=\"\"><img loading=\"lazy\" decoding=\"async\" class=\"aligncenter size-full wp-image-18617\" src=\"http:\/\/www.mecerreyes.com\/mece\/wp-content\/uploads\/2019\/07\/Mecerreyes-Cartel-Muestra-DULZAINEROS-20119-autor-Dani-Portal-1.jpg\" alt=\"\" width=\"3508\" height=\"4961\" srcset=\"https:\/\/www.mecerreyes.com\/mece\/wp-content\/uploads\/2019\/07\/Mecerreyes-Cartel-Muestra-DULZAINEROS-20119-autor-Dani-Portal-1.jpg 3508w, https:\/\/www.mecerreyes.com\/mece\/wp-content\/uploads\/2019\/07\/Mecerreyes-Cartel-Muestra-DULZAINEROS-20119-autor-Dani-Portal-1-212x300.jpg 212w, https:\/\/www.mecerreyes.com\/mece\/wp-content\/uploads\/2019\/07\/Mecerreyes-Cartel-Muestra-DULZAINEROS-20119-autor-Dani-Portal-1-768x1086.jpg 768w, https:\/\/www.mecerreyes.com\/mece\/wp-content\/uploads\/2019\/07\/Mecerreyes-Cartel-Muestra-DULZAINEROS-20119-autor-Dani-Portal-1-724x1024.jpg 724w, https:\/\/www.mecerreyes.com\/mece\/wp-content\/uploads\/2019\/07\/Mecerreyes-Cartel-Muestra-DULZAINEROS-20119-autor-Dani-Portal-1-1080x1527.jpg 1080w\" sizes=\"(max-width: 3508px) 100vw, 3508px\" \/><\/a><\/p>\n<p style=\"text-align: justify;\">La excelente temperatura permiti\u00f3 disfrutar esa tarde noche de la dulzaina y del variado repertorio interpretado por los grupos: T\u00e1mbara, Tarambanas, Bardulia y L`Ambul\u00e9\u00a0 Folk on Fusi\u00f3n.<\/p>\n<p style=\"text-align: justify;\"><a  href=\"http:\/\/www.mecerreyes.com\/mece\/wp-content\/uploads\/2019\/09\/Mecerreyes-XIX-Muestra-Dulzaineros-3-08-2019-1.jpg\" class=\"thickbox no_icon\" title=\"\"><img loading=\"lazy\" decoding=\"async\" class=\"aligncenter wp-image-18691\" src=\"http:\/\/www.mecerreyes.com\/mece\/wp-content\/uploads\/2019\/09\/Mecerreyes-XIX-Muestra-Dulzaineros-3-08-2019-1.jpg\" alt=\"\" width=\"474\" height=\"348\" srcset=\"https:\/\/www.mecerreyes.com\/mece\/wp-content\/uploads\/2019\/09\/Mecerreyes-XIX-Muestra-Dulzaineros-3-08-2019-1.jpg 1600w, https:\/\/www.mecerreyes.com\/mece\/wp-content\/uploads\/2019\/09\/Mecerreyes-XIX-Muestra-Dulzaineros-3-08-2019-1-300x220.jpg 300w, https:\/\/www.mecerreyes.com\/mece\/wp-content\/uploads\/2019\/09\/Mecerreyes-XIX-Muestra-Dulzaineros-3-08-2019-1-768x564.jpg 768w, https:\/\/www.mecerreyes.com\/mece\/wp-content\/uploads\/2019\/09\/Mecerreyes-XIX-Muestra-Dulzaineros-3-08-2019-1-1024x752.jpg 1024w, https:\/\/www.mecerreyes.com\/mece\/wp-content\/uploads\/2019\/09\/Mecerreyes-XIX-Muestra-Dulzaineros-3-08-2019-1-1080x793.jpg 1080w\" sizes=\"(max-width: 474px) 100vw, 474px\" \/><\/a><\/p>\n<p style=\"text-align: justify;\">Agradecimiento a la familia de Sim\u00f3n Altable por acompa\u00f1arnos un a\u00f1o m\u00e1s en este memorial que lleva su nombre.<\/p>\n<p style=\"text-align: justify;\">Agradecidos con Manolo por conseguir que el sonido elevara a la categor\u00eda que se merece a este instrumento que tan buenos ratos nos hace pasar a los que amamos la m\u00fasica tradicional.<\/p>\n<p style=\"text-align: justify;\"><a  href=\"http:\/\/www.mecerreyes.com\/mece\/wp-content\/uploads\/2019\/09\/Mecerreyes-XIX-Muestra-Dulzaineros-3-08-2019-6.jpg\" class=\"thickbox no_icon\" title=\"\"><img loading=\"lazy\" decoding=\"async\" class=\"aligncenter size-full wp-image-18692\" src=\"http:\/\/www.mecerreyes.com\/mece\/wp-content\/uploads\/2019\/09\/Mecerreyes-XIX-Muestra-Dulzaineros-3-08-2019-6.jpg\" alt=\"\" width=\"1417\" height=\"797\" srcset=\"https:\/\/www.mecerreyes.com\/mece\/wp-content\/uploads\/2019\/09\/Mecerreyes-XIX-Muestra-Dulzaineros-3-08-2019-6.jpg 1417w, https:\/\/www.mecerreyes.com\/mece\/wp-content\/uploads\/2019\/09\/Mecerreyes-XIX-Muestra-Dulzaineros-3-08-2019-6-300x169.jpg 300w, https:\/\/www.mecerreyes.com\/mece\/wp-content\/uploads\/2019\/09\/Mecerreyes-XIX-Muestra-Dulzaineros-3-08-2019-6-768x432.jpg 768w, https:\/\/www.mecerreyes.com\/mece\/wp-content\/uploads\/2019\/09\/Mecerreyes-XIX-Muestra-Dulzaineros-3-08-2019-6-1024x576.jpg 1024w, https:\/\/www.mecerreyes.com\/mece\/wp-content\/uploads\/2019\/09\/Mecerreyes-XIX-Muestra-Dulzaineros-3-08-2019-6-1080x607.jpg 1080w\" sizes=\"(max-width: 1417px) 100vw, 1417px\" \/><\/a><\/p>\n\n\t\t<style type=\"text\/css\">\n\t\t\t#gallery-1 {\n\t\t\t\tmargin: auto;\n\t\t\t}\n\t\t\t#gallery-1 .gallery-item {\n\t\t\t\tfloat: left;\n\t\t\t\tmargin-top: 10px;\n\t\t\t\ttext-align: center;\n\t\t\t\twidth: 33%;\n\t\t\t}\n\t\t\t#gallery-1 img {\n\t\t\t\tborder: 2px solid #cfcfcf;\n\t\t\t}\n\t\t\t#gallery-1 .gallery-caption {\n\t\t\t\tmargin-left: 0;\n\t\t\t}\n\t\t\t\/* see gallery_shortcode() in wp-includes\/media.php *\/\n\t\t<\/style>\n\t\t<div id='gallery-1' class='gallery galleryid-18637 gallery-columns-3 gallery-size-thumbnail'><dl class='gallery-item'>\n\t\t\t<dt class='gallery-icon landscape'>\n\t\t\t\t<a  href=\"https:\/\/www.mecerreyes.com\/mece\/wp-content\/uploads\/2019\/09\/Mecerreyes-XIX-Muestra-Dulzaineros-3-08-2019-3.jpg\" class=\"thickbox no_icon\" title=\"\"><img loading=\"lazy\" decoding=\"async\" width=\"150\" height=\"150\" src=\"https:\/\/www.mecerreyes.com\/mece\/wp-content\/uploads\/2019\/09\/Mecerreyes-XIX-Muestra-Dulzaineros-3-08-2019-3-150x150.jpg\" class=\"attachment-thumbnail size-thumbnail\" alt=\"\" srcset=\"https:\/\/www.mecerreyes.com\/mece\/wp-content\/uploads\/2019\/09\/Mecerreyes-XIX-Muestra-Dulzaineros-3-08-2019-3-150x150.jpg 150w, https:\/\/www.mecerreyes.com\/mece\/wp-content\/uploads\/2019\/09\/Mecerreyes-XIX-Muestra-Dulzaineros-3-08-2019-3-440x440.jpg 440w\" sizes=\"(max-width: 150px) 100vw, 150px\" \/><\/a>\n\t\t\t<\/dt><\/dl><dl class='gallery-item'>\n\t\t\t<dt class='gallery-icon landscape'>\n\t\t\t\t<a  href=\"https:\/\/www.mecerreyes.com\/mece\/wp-content\/uploads\/2019\/09\/Mecerreyes-XIX-Muestra-Dulzaineros-3-08-2019-4.jpg\" class=\"thickbox no_icon\" title=\"\"><img loading=\"lazy\" decoding=\"async\" width=\"150\" height=\"150\" src=\"https:\/\/www.mecerreyes.com\/mece\/wp-content\/uploads\/2019\/09\/Mecerreyes-XIX-Muestra-Dulzaineros-3-08-2019-4-150x150.jpg\" class=\"attachment-thumbnail size-thumbnail\" alt=\"\" srcset=\"https:\/\/www.mecerreyes.com\/mece\/wp-content\/uploads\/2019\/09\/Mecerreyes-XIX-Muestra-Dulzaineros-3-08-2019-4-150x150.jpg 150w, https:\/\/www.mecerreyes.com\/mece\/wp-content\/uploads\/2019\/09\/Mecerreyes-XIX-Muestra-Dulzaineros-3-08-2019-4-440x440.jpg 440w\" sizes=\"(max-width: 150px) 100vw, 150px\" \/><\/a>\n\t\t\t<\/dt><\/dl><dl class='gallery-item'>\n\t\t\t<dt class='gallery-icon landscape'>\n\t\t\t\t<a  href=\"https:\/\/www.mecerreyes.com\/mece\/wp-content\/uploads\/2019\/09\/Mecerreyes-XIX-Muestra-Dulzaineros-3-08-2019-8.jpg\" class=\"thickbox no_icon\" title=\"\"><img loading=\"lazy\" decoding=\"async\" width=\"150\" height=\"150\" src=\"https:\/\/www.mecerreyes.com\/mece\/wp-content\/uploads\/2019\/09\/Mecerreyes-XIX-Muestra-Dulzaineros-3-08-2019-8-150x150.jpg\" class=\"attachment-thumbnail size-thumbnail\" alt=\"\" srcset=\"https:\/\/www.mecerreyes.com\/mece\/wp-content\/uploads\/2019\/09\/Mecerreyes-XIX-Muestra-Dulzaineros-3-08-2019-8-150x150.jpg 150w, https:\/\/www.mecerreyes.com\/mece\/wp-content\/uploads\/2019\/09\/Mecerreyes-XIX-Muestra-Dulzaineros-3-08-2019-8-440x440.jpg 440w\" sizes=\"(max-width: 150px) 100vw, 150px\" \/><\/a>\n\t\t\t<\/dt><\/dl><br style=\"clear: both\" \/><dl class='gallery-item'>\n\t\t\t<dt class='gallery-icon landscape'>\n\t\t\t\t<a  href=\"https:\/\/www.mecerreyes.com\/mece\/wp-content\/uploads\/2019\/09\/Mecerreyes-XIX-Muestra-Dulzaineros-3-08-2019-5.jpg\" class=\"thickbox no_icon\" title=\"\"><img loading=\"lazy\" decoding=\"async\" width=\"150\" height=\"150\" src=\"https:\/\/www.mecerreyes.com\/mece\/wp-content\/uploads\/2019\/09\/Mecerreyes-XIX-Muestra-Dulzaineros-3-08-2019-5-150x150.jpg\" class=\"attachment-thumbnail size-thumbnail\" alt=\"\" srcset=\"https:\/\/www.mecerreyes.com\/mece\/wp-content\/uploads\/2019\/09\/Mecerreyes-XIX-Muestra-Dulzaineros-3-08-2019-5-150x150.jpg 150w, https:\/\/www.mecerreyes.com\/mece\/wp-content\/uploads\/2019\/09\/Mecerreyes-XIX-Muestra-Dulzaineros-3-08-2019-5-440x440.jpg 440w\" sizes=\"(max-width: 150px) 100vw, 150px\" \/><\/a>\n\t\t\t<\/dt><\/dl><dl class='gallery-item'>\n\t\t\t<dt class='gallery-icon landscape'>\n\t\t\t\t<a  href=\"https:\/\/www.mecerreyes.com\/mece\/wp-content\/uploads\/2019\/09\/Mecerreyes-XIX-Muestra-Dulzaineros-3-08-2019-7.jpg\" class=\"thickbox no_icon\" title=\"\"><img loading=\"lazy\" decoding=\"async\" width=\"150\" height=\"150\" src=\"https:\/\/www.mecerreyes.com\/mece\/wp-content\/uploads\/2019\/09\/Mecerreyes-XIX-Muestra-Dulzaineros-3-08-2019-7-150x150.jpg\" class=\"attachment-thumbnail size-thumbnail\" alt=\"\" srcset=\"https:\/\/www.mecerreyes.com\/mece\/wp-content\/uploads\/2019\/09\/Mecerreyes-XIX-Muestra-Dulzaineros-3-08-2019-7-150x150.jpg 150w, https:\/\/www.mecerreyes.com\/mece\/wp-content\/uploads\/2019\/09\/Mecerreyes-XIX-Muestra-Dulzaineros-3-08-2019-7-440x440.jpg 440w\" sizes=\"(max-width: 150px) 100vw, 150px\" \/><\/a>\n\t\t\t<\/dt><\/dl><dl class='gallery-item'>\n\t\t\t<dt class='gallery-icon landscape'>\n\t\t\t\t<a  href=\"https:\/\/www.mecerreyes.com\/mece\/wp-content\/uploads\/2019\/09\/Mecerreyes-XIX-Muestra-Dulzaineros-3-08-2019-11.jpg\" class=\"thickbox no_icon\" title=\"\"><img loading=\"lazy\" decoding=\"async\" width=\"150\" height=\"150\" src=\"https:\/\/www.mecerreyes.com\/mece\/wp-content\/uploads\/2019\/09\/Mecerreyes-XIX-Muestra-Dulzaineros-3-08-2019-11-150x150.jpg\" class=\"attachment-thumbnail size-thumbnail\" alt=\"\" srcset=\"https:\/\/www.mecerreyes.com\/mece\/wp-content\/uploads\/2019\/09\/Mecerreyes-XIX-Muestra-Dulzaineros-3-08-2019-11-150x150.jpg 150w, https:\/\/www.mecerreyes.com\/mece\/wp-content\/uploads\/2019\/09\/Mecerreyes-XIX-Muestra-Dulzaineros-3-08-2019-11-440x440.jpg 440w\" sizes=\"(max-width: 150px) 100vw, 150px\" \/><\/a>\n\t\t\t<\/dt><\/dl><br style=\"clear: both\" \/><dl class='gallery-item'>\n\t\t\t<dt class='gallery-icon landscape'>\n\t\t\t\t<a  href=\"https:\/\/www.mecerreyes.com\/mece\/wp-content\/uploads\/2019\/09\/Mecerreyes-XIX-Muestra-Dulzaineros-3-08-2019-9.jpg\" class=\"thickbox no_icon\" title=\"\"><img loading=\"lazy\" decoding=\"async\" width=\"150\" height=\"150\" src=\"https:\/\/www.mecerreyes.com\/mece\/wp-content\/uploads\/2019\/09\/Mecerreyes-XIX-Muestra-Dulzaineros-3-08-2019-9-150x150.jpg\" class=\"attachment-thumbnail size-thumbnail\" alt=\"\" srcset=\"https:\/\/www.mecerreyes.com\/mece\/wp-content\/uploads\/2019\/09\/Mecerreyes-XIX-Muestra-Dulzaineros-3-08-2019-9-150x150.jpg 150w, https:\/\/www.mecerreyes.com\/mece\/wp-content\/uploads\/2019\/09\/Mecerreyes-XIX-Muestra-Dulzaineros-3-08-2019-9-440x440.jpg 440w\" sizes=\"(max-width: 150px) 100vw, 150px\" \/><\/a>\n\t\t\t<\/dt><\/dl><dl class='gallery-item'>\n\t\t\t<dt class='gallery-icon landscape'>\n\t\t\t\t<a  href=\"https:\/\/www.mecerreyes.com\/mece\/wp-content\/uploads\/2019\/09\/Mecerreyes-XIX-Muestra-Dulzaineros-3-08-2019-10.jpg\" class=\"thickbox no_icon\" title=\"\"><img loading=\"lazy\" decoding=\"async\" width=\"150\" height=\"150\" src=\"https:\/\/www.mecerreyes.com\/mece\/wp-content\/uploads\/2019\/09\/Mecerreyes-XIX-Muestra-Dulzaineros-3-08-2019-10-150x150.jpg\" class=\"attachment-thumbnail size-thumbnail\" alt=\"\" srcset=\"https:\/\/www.mecerreyes.com\/mece\/wp-content\/uploads\/2019\/09\/Mecerreyes-XIX-Muestra-Dulzaineros-3-08-2019-10-150x150.jpg 150w, https:\/\/www.mecerreyes.com\/mece\/wp-content\/uploads\/2019\/09\/Mecerreyes-XIX-Muestra-Dulzaineros-3-08-2019-10-440x440.jpg 440w\" sizes=\"(max-width: 150px) 100vw, 150px\" \/><\/a>\n\t\t\t<\/dt><\/dl><dl class='gallery-item'>\n\t\t\t<dt class='gallery-icon landscape'>\n\t\t\t\t<a  href=\"https:\/\/www.mecerreyes.com\/mece\/wp-content\/uploads\/2019\/09\/Mecerreyes-XIX-Muestra-Dulzaineros-3-08-2019-12.jpg\" class=\"thickbox no_icon\" title=\"\"><img loading=\"lazy\" decoding=\"async\" width=\"150\" height=\"150\" src=\"https:\/\/www.mecerreyes.com\/mece\/wp-content\/uploads\/2019\/09\/Mecerreyes-XIX-Muestra-Dulzaineros-3-08-2019-12-150x150.jpg\" class=\"attachment-thumbnail size-thumbnail\" alt=\"\" srcset=\"https:\/\/www.mecerreyes.com\/mece\/wp-content\/uploads\/2019\/09\/Mecerreyes-XIX-Muestra-Dulzaineros-3-08-2019-12-150x150.jpg 150w, https:\/\/www.mecerreyes.com\/mece\/wp-content\/uploads\/2019\/09\/Mecerreyes-XIX-Muestra-Dulzaineros-3-08-2019-12-440x440.jpg 440w\" sizes=\"(max-width: 150px) 100vw, 150px\" \/><\/a>\n\t\t\t<\/dt><\/dl><br style=\"clear: both\" \/>\n\t\t<\/div>\n\n<p style=\"text-align: justify;\">Gracias a Femi por su magn\u00edfica presentaci\u00f3n del Festival, a los fot\u00f3grafos que\u00a0comparten sus instant\u00e1neas de todos los eventos acaecidos en el pueblo y a los decoradores del escenario que como siempre luci\u00f3 por todo lo alto.<\/p>\n\n\t\t<style type=\"text\/css\">\n\t\t\t#gallery-2 {\n\t\t\t\tmargin: auto;\n\t\t\t}\n\t\t\t#gallery-2 .gallery-item {\n\t\t\t\tfloat: left;\n\t\t\t\tmargin-top: 10px;\n\t\t\t\ttext-align: center;\n\t\t\t\twidth: 33%;\n\t\t\t}\n\t\t\t#gallery-2 img {\n\t\t\t\tborder: 2px solid #cfcfcf;\n\t\t\t}\n\t\t\t#gallery-2 .gallery-caption {\n\t\t\t\tmargin-left: 0;\n\t\t\t}\n\t\t\t\/* see gallery_shortcode() in wp-includes\/media.php *\/\n\t\t<\/style>\n\t\t<div id='gallery-2' class='gallery galleryid-18637 gallery-columns-3 gallery-size-thumbnail'><dl class='gallery-item'>\n\t\t\t<dt class='gallery-icon landscape'>\n\t\t\t\t<a  href=\"https:\/\/www.mecerreyes.com\/mece\/wp-content\/uploads\/2019\/09\/Mecerreyes-XIX-Muestra-Dulzaineros-3-08-2019-escenario-3.jpg\" class=\"thickbox no_icon\" title=\"\"><img loading=\"lazy\" decoding=\"async\" width=\"150\" height=\"150\" src=\"https:\/\/www.mecerreyes.com\/mece\/wp-content\/uploads\/2019\/09\/Mecerreyes-XIX-Muestra-Dulzaineros-3-08-2019-escenario-3-150x150.jpg\" class=\"attachment-thumbnail size-thumbnail\" alt=\"\" srcset=\"https:\/\/www.mecerreyes.com\/mece\/wp-content\/uploads\/2019\/09\/Mecerreyes-XIX-Muestra-Dulzaineros-3-08-2019-escenario-3-150x150.jpg 150w, https:\/\/www.mecerreyes.com\/mece\/wp-content\/uploads\/2019\/09\/Mecerreyes-XIX-Muestra-Dulzaineros-3-08-2019-escenario-3-440x440.jpg 440w\" sizes=\"(max-width: 150px) 100vw, 150px\" \/><\/a>\n\t\t\t<\/dt><\/dl><dl class='gallery-item'>\n\t\t\t<dt class='gallery-icon landscape'>\n\t\t\t\t<a  href=\"https:\/\/www.mecerreyes.com\/mece\/wp-content\/uploads\/2019\/09\/Mecerreyes-XIX-Muestra-Dulzaineros-3-08-2019-escenario-1.jpg\" class=\"thickbox no_icon\" title=\"\"><img loading=\"lazy\" decoding=\"async\" width=\"150\" height=\"150\" src=\"https:\/\/www.mecerreyes.com\/mece\/wp-content\/uploads\/2019\/09\/Mecerreyes-XIX-Muestra-Dulzaineros-3-08-2019-escenario-1-150x150.jpg\" class=\"attachment-thumbnail size-thumbnail\" alt=\"\" srcset=\"https:\/\/www.mecerreyes.com\/mece\/wp-content\/uploads\/2019\/09\/Mecerreyes-XIX-Muestra-Dulzaineros-3-08-2019-escenario-1-150x150.jpg 150w, https:\/\/www.mecerreyes.com\/mece\/wp-content\/uploads\/2019\/09\/Mecerreyes-XIX-Muestra-Dulzaineros-3-08-2019-escenario-1-440x440.jpg 440w\" sizes=\"(max-width: 150px) 100vw, 150px\" \/><\/a>\n\t\t\t<\/dt><\/dl><dl class='gallery-item'>\n\t\t\t<dt class='gallery-icon portrait'>\n\t\t\t\t<a  href=\"https:\/\/www.mecerreyes.com\/mece\/wp-content\/uploads\/2019\/09\/Mecerreyes-XIX-Muestra-Dulzaineros-3-08-2019-escenario-2.jpg\" class=\"thickbox no_icon\" title=\"\"><img loading=\"lazy\" decoding=\"async\" width=\"150\" height=\"150\" src=\"https:\/\/www.mecerreyes.com\/mece\/wp-content\/uploads\/2019\/09\/Mecerreyes-XIX-Muestra-Dulzaineros-3-08-2019-escenario-2-150x150.jpg\" class=\"attachment-thumbnail size-thumbnail\" alt=\"\" srcset=\"https:\/\/www.mecerreyes.com\/mece\/wp-content\/uploads\/2019\/09\/Mecerreyes-XIX-Muestra-Dulzaineros-3-08-2019-escenario-2-150x150.jpg 150w, https:\/\/www.mecerreyes.com\/mece\/wp-content\/uploads\/2019\/09\/Mecerreyes-XIX-Muestra-Dulzaineros-3-08-2019-escenario-2-440x440.jpg 440w\" sizes=\"(max-width: 150px) 100vw, 150px\" \/><\/a>\n\t\t\t<\/dt><\/dl><br style=\"clear: both\" \/>\n\t\t<\/div>\n\n<p style=\"text-align: justify;\">Programar actividades culturales para el disfrute de los ni\u00f1os en el pueblo es un tema importante tanto para la Asociaci\u00f3n Cultural, para la Pe\u00f1a organizadora de fiestas y para el <a  href=\"https:\/\/www.mecerreyes.com\/mece\/?page_id=24\">Ayuntamiento<\/a> patrocinador de las mismas.<\/p>\n<p style=\"text-align: justify;\">Ya es un cl\u00e1sico que la <strong>Asociaci\u00f3n Cultural<\/strong> organice el Verano Cultural con diversas actividades propuestas para el mes de agosto.<\/p>\n<p style=\"text-align: justify;\"><strong>TALLER AJO<\/strong> \u2013 Estructuras Triangulares Se desarroll\u00f3 el 8 de agosto en los merenderos, \u00e9xito de participaci\u00f3n de los peque\u00f1os, que demostraron su tes\u00f3n e ingenio para lograr las estructuras que os mostramos en fotos.<\/p>\n<p style=\"text-align: justify;\"><a  href=\"http:\/\/www.mecerreyes.com\/mece\/wp-content\/uploads\/2019\/09\/Mecerreyes-Taller-Ajo-estructuras-triangulares-agosto-2019-11.jpg\" class=\"thickbox no_icon\" title=\"\"><img loading=\"lazy\" decoding=\"async\" class=\"aligncenter size-full wp-image-18693\" src=\"http:\/\/www.mecerreyes.com\/mece\/wp-content\/uploads\/2019\/09\/Mecerreyes-Taller-Ajo-estructuras-triangulares-agosto-2019-11.jpg\" alt=\"\" width=\"1600\" height=\"900\" srcset=\"https:\/\/www.mecerreyes.com\/mece\/wp-content\/uploads\/2019\/09\/Mecerreyes-Taller-Ajo-estructuras-triangulares-agosto-2019-11.jpg 1600w, https:\/\/www.mecerreyes.com\/mece\/wp-content\/uploads\/2019\/09\/Mecerreyes-Taller-Ajo-estructuras-triangulares-agosto-2019-11-300x169.jpg 300w, https:\/\/www.mecerreyes.com\/mece\/wp-content\/uploads\/2019\/09\/Mecerreyes-Taller-Ajo-estructuras-triangulares-agosto-2019-11-768x432.jpg 768w, https:\/\/www.mecerreyes.com\/mece\/wp-content\/uploads\/2019\/09\/Mecerreyes-Taller-Ajo-estructuras-triangulares-agosto-2019-11-1024x576.jpg 1024w, https:\/\/www.mecerreyes.com\/mece\/wp-content\/uploads\/2019\/09\/Mecerreyes-Taller-Ajo-estructuras-triangulares-agosto-2019-11-1080x608.jpg 1080w\" sizes=\"(max-width: 1600px) 100vw, 1600px\" \/><\/a><\/p>\n\n\t\t<style type=\"text\/css\">\n\t\t\t#gallery-3 {\n\t\t\t\tmargin: auto;\n\t\t\t}\n\t\t\t#gallery-3 .gallery-item {\n\t\t\t\tfloat: left;\n\t\t\t\tmargin-top: 10px;\n\t\t\t\ttext-align: center;\n\t\t\t\twidth: 33%;\n\t\t\t}\n\t\t\t#gallery-3 img {\n\t\t\t\tborder: 2px solid #cfcfcf;\n\t\t\t}\n\t\t\t#gallery-3 .gallery-caption {\n\t\t\t\tmargin-left: 0;\n\t\t\t}\n\t\t\t\/* see gallery_shortcode() in wp-includes\/media.php *\/\n\t\t<\/style>\n\t\t<div id='gallery-3' class='gallery galleryid-18637 gallery-columns-3 gallery-size-thumbnail'><dl class='gallery-item'>\n\t\t\t<dt class='gallery-icon landscape'>\n\t\t\t\t<a  href=\"https:\/\/www.mecerreyes.com\/mece\/wp-content\/uploads\/2019\/09\/Mecerreyes-Taller-Ajo-estructuras-triangulares-agosto-2019-9.jpg\" class=\"thickbox no_icon\" title=\"\"><img loading=\"lazy\" decoding=\"async\" width=\"150\" height=\"150\" src=\"https:\/\/www.mecerreyes.com\/mece\/wp-content\/uploads\/2019\/09\/Mecerreyes-Taller-Ajo-estructuras-triangulares-agosto-2019-9-150x150.jpg\" class=\"attachment-thumbnail size-thumbnail\" alt=\"\" srcset=\"https:\/\/www.mecerreyes.com\/mece\/wp-content\/uploads\/2019\/09\/Mecerreyes-Taller-Ajo-estructuras-triangulares-agosto-2019-9-150x150.jpg 150w, https:\/\/www.mecerreyes.com\/mece\/wp-content\/uploads\/2019\/09\/Mecerreyes-Taller-Ajo-estructuras-triangulares-agosto-2019-9-440x440.jpg 440w\" sizes=\"(max-width: 150px) 100vw, 150px\" \/><\/a>\n\t\t\t<\/dt><\/dl><dl class='gallery-item'>\n\t\t\t<dt class='gallery-icon landscape'>\n\t\t\t\t<a  href=\"https:\/\/www.mecerreyes.com\/mece\/wp-content\/uploads\/2019\/09\/Mecerreyes-Taller-Ajo-estructuras-triangulares-agosto-2019-1.jpg\" class=\"thickbox no_icon\" title=\"\"><img loading=\"lazy\" decoding=\"async\" width=\"150\" height=\"150\" src=\"https:\/\/www.mecerreyes.com\/mece\/wp-content\/uploads\/2019\/09\/Mecerreyes-Taller-Ajo-estructuras-triangulares-agosto-2019-1-150x150.jpg\" class=\"attachment-thumbnail size-thumbnail\" alt=\"\" srcset=\"https:\/\/www.mecerreyes.com\/mece\/wp-content\/uploads\/2019\/09\/Mecerreyes-Taller-Ajo-estructuras-triangulares-agosto-2019-1-150x150.jpg 150w, https:\/\/www.mecerreyes.com\/mece\/wp-content\/uploads\/2019\/09\/Mecerreyes-Taller-Ajo-estructuras-triangulares-agosto-2019-1-440x440.jpg 440w\" sizes=\"(max-width: 150px) 100vw, 150px\" \/><\/a>\n\t\t\t<\/dt><\/dl><dl class='gallery-item'>\n\t\t\t<dt class='gallery-icon portrait'>\n\t\t\t\t<a  href=\"https:\/\/www.mecerreyes.com\/mece\/wp-content\/uploads\/2019\/09\/Mecerreyes-Taller-Ajo-estructuras-triangulares-agosto-2019-2.jpg\" class=\"thickbox no_icon\" title=\"\"><img loading=\"lazy\" decoding=\"async\" width=\"150\" height=\"150\" src=\"https:\/\/www.mecerreyes.com\/mece\/wp-content\/uploads\/2019\/09\/Mecerreyes-Taller-Ajo-estructuras-triangulares-agosto-2019-2-150x150.jpg\" class=\"attachment-thumbnail size-thumbnail\" alt=\"\" srcset=\"https:\/\/www.mecerreyes.com\/mece\/wp-content\/uploads\/2019\/09\/Mecerreyes-Taller-Ajo-estructuras-triangulares-agosto-2019-2-150x150.jpg 150w, https:\/\/www.mecerreyes.com\/mece\/wp-content\/uploads\/2019\/09\/Mecerreyes-Taller-Ajo-estructuras-triangulares-agosto-2019-2-440x440.jpg 440w\" sizes=\"(max-width: 150px) 100vw, 150px\" \/><\/a>\n\t\t\t<\/dt><\/dl><br style=\"clear: both\" \/><dl class='gallery-item'>\n\t\t\t<dt class='gallery-icon portrait'>\n\t\t\t\t<a  href=\"https:\/\/www.mecerreyes.com\/mece\/wp-content\/uploads\/2019\/09\/Mecerreyes-Taller-Ajo-estructuras-triangulares-agosto-2019-3.jpg\" class=\"thickbox no_icon\" title=\"\"><img loading=\"lazy\" decoding=\"async\" width=\"150\" height=\"150\" src=\"https:\/\/www.mecerreyes.com\/mece\/wp-content\/uploads\/2019\/09\/Mecerreyes-Taller-Ajo-estructuras-triangulares-agosto-2019-3-150x150.jpg\" class=\"attachment-thumbnail size-thumbnail\" alt=\"\" srcset=\"https:\/\/www.mecerreyes.com\/mece\/wp-content\/uploads\/2019\/09\/Mecerreyes-Taller-Ajo-estructuras-triangulares-agosto-2019-3-150x150.jpg 150w, https:\/\/www.mecerreyes.com\/mece\/wp-content\/uploads\/2019\/09\/Mecerreyes-Taller-Ajo-estructuras-triangulares-agosto-2019-3-440x440.jpg 440w\" sizes=\"(max-width: 150px) 100vw, 150px\" \/><\/a>\n\t\t\t<\/dt><\/dl><dl class='gallery-item'>\n\t\t\t<dt class='gallery-icon landscape'>\n\t\t\t\t<a  href=\"https:\/\/www.mecerreyes.com\/mece\/wp-content\/uploads\/2019\/09\/Mecerreyes-Taller-Ajo-estructuras-triangulares-agosto-2019-4.jpg\" class=\"thickbox no_icon\" title=\"\"><img loading=\"lazy\" decoding=\"async\" width=\"150\" height=\"150\" src=\"https:\/\/www.mecerreyes.com\/mece\/wp-content\/uploads\/2019\/09\/Mecerreyes-Taller-Ajo-estructuras-triangulares-agosto-2019-4-150x150.jpg\" class=\"attachment-thumbnail size-thumbnail\" alt=\"\" srcset=\"https:\/\/www.mecerreyes.com\/mece\/wp-content\/uploads\/2019\/09\/Mecerreyes-Taller-Ajo-estructuras-triangulares-agosto-2019-4-150x150.jpg 150w, https:\/\/www.mecerreyes.com\/mece\/wp-content\/uploads\/2019\/09\/Mecerreyes-Taller-Ajo-estructuras-triangulares-agosto-2019-4-440x440.jpg 440w\" sizes=\"(max-width: 150px) 100vw, 150px\" \/><\/a>\n\t\t\t<\/dt><\/dl><dl class='gallery-item'>\n\t\t\t<dt class='gallery-icon portrait'>\n\t\t\t\t<a  href=\"https:\/\/www.mecerreyes.com\/mece\/wp-content\/uploads\/2019\/09\/Mecerreyes-Taller-Ajo-estructuras-triangulares-agosto-2019-5.jpg\" class=\"thickbox no_icon\" title=\"\"><img loading=\"lazy\" decoding=\"async\" width=\"150\" height=\"150\" src=\"https:\/\/www.mecerreyes.com\/mece\/wp-content\/uploads\/2019\/09\/Mecerreyes-Taller-Ajo-estructuras-triangulares-agosto-2019-5-150x150.jpg\" class=\"attachment-thumbnail size-thumbnail\" alt=\"\" srcset=\"https:\/\/www.mecerreyes.com\/mece\/wp-content\/uploads\/2019\/09\/Mecerreyes-Taller-Ajo-estructuras-triangulares-agosto-2019-5-150x150.jpg 150w, https:\/\/www.mecerreyes.com\/mece\/wp-content\/uploads\/2019\/09\/Mecerreyes-Taller-Ajo-estructuras-triangulares-agosto-2019-5-440x440.jpg 440w\" sizes=\"(max-width: 150px) 100vw, 150px\" \/><\/a>\n\t\t\t<\/dt><\/dl><br style=\"clear: both\" \/><dl class='gallery-item'>\n\t\t\t<dt class='gallery-icon landscape'>\n\t\t\t\t<a  href=\"https:\/\/www.mecerreyes.com\/mece\/wp-content\/uploads\/2019\/09\/Mecerreyes-Taller-Ajo-estructuras-triangulares-agosto-2019-6.jpg\" class=\"thickbox no_icon\" title=\"\"><img loading=\"lazy\" decoding=\"async\" width=\"150\" height=\"150\" src=\"https:\/\/www.mecerreyes.com\/mece\/wp-content\/uploads\/2019\/09\/Mecerreyes-Taller-Ajo-estructuras-triangulares-agosto-2019-6-150x150.jpg\" class=\"attachment-thumbnail size-thumbnail\" alt=\"\" srcset=\"https:\/\/www.mecerreyes.com\/mece\/wp-content\/uploads\/2019\/09\/Mecerreyes-Taller-Ajo-estructuras-triangulares-agosto-2019-6-150x150.jpg 150w, https:\/\/www.mecerreyes.com\/mece\/wp-content\/uploads\/2019\/09\/Mecerreyes-Taller-Ajo-estructuras-triangulares-agosto-2019-6-440x440.jpg 440w\" sizes=\"(max-width: 150px) 100vw, 150px\" \/><\/a>\n\t\t\t<\/dt><\/dl><dl class='gallery-item'>\n\t\t\t<dt class='gallery-icon landscape'>\n\t\t\t\t<a  href=\"https:\/\/www.mecerreyes.com\/mece\/wp-content\/uploads\/2019\/09\/Mecerreyes-Taller-Ajo-estructuras-triangulares-agosto-2019-7.jpg\" class=\"thickbox no_icon\" title=\"\"><img loading=\"lazy\" decoding=\"async\" width=\"150\" height=\"150\" src=\"https:\/\/www.mecerreyes.com\/mece\/wp-content\/uploads\/2019\/09\/Mecerreyes-Taller-Ajo-estructuras-triangulares-agosto-2019-7-150x150.jpg\" class=\"attachment-thumbnail size-thumbnail\" alt=\"\" srcset=\"https:\/\/www.mecerreyes.com\/mece\/wp-content\/uploads\/2019\/09\/Mecerreyes-Taller-Ajo-estructuras-triangulares-agosto-2019-7-150x150.jpg 150w, https:\/\/www.mecerreyes.com\/mece\/wp-content\/uploads\/2019\/09\/Mecerreyes-Taller-Ajo-estructuras-triangulares-agosto-2019-7-440x440.jpg 440w\" sizes=\"(max-width: 150px) 100vw, 150px\" \/><\/a>\n\t\t\t<\/dt><\/dl><dl class='gallery-item'>\n\t\t\t<dt class='gallery-icon portrait'>\n\t\t\t\t<a  href=\"https:\/\/www.mecerreyes.com\/mece\/wp-content\/uploads\/2019\/09\/Mecerreyes-Taller-Ajo-estructuras-triangulares-agosto-2019-8.jpg\" class=\"thickbox no_icon\" title=\"\"><img loading=\"lazy\" decoding=\"async\" width=\"150\" height=\"150\" src=\"https:\/\/www.mecerreyes.com\/mece\/wp-content\/uploads\/2019\/09\/Mecerreyes-Taller-Ajo-estructuras-triangulares-agosto-2019-8-150x150.jpg\" class=\"attachment-thumbnail size-thumbnail\" alt=\"\" srcset=\"https:\/\/www.mecerreyes.com\/mece\/wp-content\/uploads\/2019\/09\/Mecerreyes-Taller-Ajo-estructuras-triangulares-agosto-2019-8-150x150.jpg 150w, https:\/\/www.mecerreyes.com\/mece\/wp-content\/uploads\/2019\/09\/Mecerreyes-Taller-Ajo-estructuras-triangulares-agosto-2019-8-440x440.jpg 440w\" sizes=\"(max-width: 150px) 100vw, 150px\" \/><\/a>\n\t\t\t<\/dt><\/dl><br style=\"clear: both\" \/>\n\t\t<\/div>\n\n<p style=\"text-align: justify;\"><strong>TIRITIRANTES &#8211; TARDE DE CIRCO<\/strong><\/p>\n<p style=\"text-align: justify;\">\u00a1C\u00f3mo se lo pasaron la tarde del 20 de agosto los participantes y espectadores del taller de circo que se desarroll\u00f3 en la plaza de Mecerreyes!<\/p>\n<p style=\"text-align: justify;\">La genialidad de los miembros del grupo Tiritirantes sac\u00f3 de los ni\u00f1os su esencia y espontaneidad.<\/p>\n<p style=\"text-align: justify;\">Los adultos doble disfrute: ver a sus hijos felices y un magn\u00edfico espect\u00e1culo.<\/p>\n<p style=\"text-align: justify;\">\u00a1\u00a1Hay que repetir!!<\/p>\n<p style=\"text-align: justify;\"><a  href=\"http:\/\/www.mecerreyes.com\/mece\/wp-content\/uploads\/2019\/09\/Mecerreyes-20-08-2019-Tiritirantes-Circo.jpg\" class=\"thickbox no_icon\" title=\"\"><img loading=\"lazy\" decoding=\"async\" class=\"aligncenter size-full wp-image-18713\" src=\"http:\/\/www.mecerreyes.com\/mece\/wp-content\/uploads\/2019\/09\/Mecerreyes-20-08-2019-Tiritirantes-Circo.jpg\" alt=\"\" width=\"1417\" height=\"797\" srcset=\"https:\/\/www.mecerreyes.com\/mece\/wp-content\/uploads\/2019\/09\/Mecerreyes-20-08-2019-Tiritirantes-Circo.jpg 1417w, https:\/\/www.mecerreyes.com\/mece\/wp-content\/uploads\/2019\/09\/Mecerreyes-20-08-2019-Tiritirantes-Circo-300x169.jpg 300w, https:\/\/www.mecerreyes.com\/mece\/wp-content\/uploads\/2019\/09\/Mecerreyes-20-08-2019-Tiritirantes-Circo-768x432.jpg 768w, https:\/\/www.mecerreyes.com\/mece\/wp-content\/uploads\/2019\/09\/Mecerreyes-20-08-2019-Tiritirantes-Circo-1024x576.jpg 1024w, https:\/\/www.mecerreyes.com\/mece\/wp-content\/uploads\/2019\/09\/Mecerreyes-20-08-2019-Tiritirantes-Circo-1080x607.jpg 1080w\" sizes=\"(max-width: 1417px) 100vw, 1417px\" \/><\/a><\/p>\n\n\t\t<style type=\"text\/css\">\n\t\t\t#gallery-4 {\n\t\t\t\tmargin: auto;\n\t\t\t}\n\t\t\t#gallery-4 .gallery-item {\n\t\t\t\tfloat: left;\n\t\t\t\tmargin-top: 10px;\n\t\t\t\ttext-align: center;\n\t\t\t\twidth: 33%;\n\t\t\t}\n\t\t\t#gallery-4 img {\n\t\t\t\tborder: 2px solid #cfcfcf;\n\t\t\t}\n\t\t\t#gallery-4 .gallery-caption {\n\t\t\t\tmargin-left: 0;\n\t\t\t}\n\t\t\t\/* see gallery_shortcode() in wp-includes\/media.php *\/\n\t\t<\/style>\n\t\t<div id='gallery-4' class='gallery galleryid-18637 gallery-columns-3 gallery-size-thumbnail'><dl class='gallery-item'>\n\t\t\t<dt class='gallery-icon portrait'>\n\t\t\t\t<a  href=\"https:\/\/www.mecerreyes.com\/mece\/wp-content\/uploads\/2019\/09\/Mecerreyes-Tiritirantes-20-08-19-Circo-12.jpg\" class=\"thickbox no_icon\" title=\"\"><img loading=\"lazy\" decoding=\"async\" width=\"150\" height=\"150\" src=\"https:\/\/www.mecerreyes.com\/mece\/wp-content\/uploads\/2019\/09\/Mecerreyes-Tiritirantes-20-08-19-Circo-12-150x150.jpg\" class=\"attachment-thumbnail size-thumbnail\" alt=\"\" srcset=\"https:\/\/www.mecerreyes.com\/mece\/wp-content\/uploads\/2019\/09\/Mecerreyes-Tiritirantes-20-08-19-Circo-12-150x150.jpg 150w, https:\/\/www.mecerreyes.com\/mece\/wp-content\/uploads\/2019\/09\/Mecerreyes-Tiritirantes-20-08-19-Circo-12-440x440.jpg 440w\" sizes=\"(max-width: 150px) 100vw, 150px\" \/><\/a>\n\t\t\t<\/dt><\/dl><dl class='gallery-item'>\n\t\t\t<dt class='gallery-icon portrait'>\n\t\t\t\t<a  href=\"https:\/\/www.mecerreyes.com\/mece\/wp-content\/uploads\/2019\/09\/Mecerreyes-Tiritirantes-20-08-19-Circo-1.jpg\" class=\"thickbox no_icon\" title=\"\"><img loading=\"lazy\" decoding=\"async\" width=\"150\" height=\"150\" src=\"https:\/\/www.mecerreyes.com\/mece\/wp-content\/uploads\/2019\/09\/Mecerreyes-Tiritirantes-20-08-19-Circo-1-150x150.jpg\" class=\"attachment-thumbnail size-thumbnail\" alt=\"\" srcset=\"https:\/\/www.mecerreyes.com\/mece\/wp-content\/uploads\/2019\/09\/Mecerreyes-Tiritirantes-20-08-19-Circo-1-150x150.jpg 150w, https:\/\/www.mecerreyes.com\/mece\/wp-content\/uploads\/2019\/09\/Mecerreyes-Tiritirantes-20-08-19-Circo-1-440x440.jpg 440w\" sizes=\"(max-width: 150px) 100vw, 150px\" \/><\/a>\n\t\t\t<\/dt><\/dl><dl class='gallery-item'>\n\t\t\t<dt class='gallery-icon landscape'>\n\t\t\t\t<a  href=\"https:\/\/www.mecerreyes.com\/mece\/wp-content\/uploads\/2019\/09\/Mecerreyes-Tiritirantes-20-08-19-Circo-2.jpg\" class=\"thickbox no_icon\" title=\"\"><img loading=\"lazy\" decoding=\"async\" width=\"150\" height=\"150\" src=\"https:\/\/www.mecerreyes.com\/mece\/wp-content\/uploads\/2019\/09\/Mecerreyes-Tiritirantes-20-08-19-Circo-2-150x150.jpg\" class=\"attachment-thumbnail size-thumbnail\" alt=\"\" srcset=\"https:\/\/www.mecerreyes.com\/mece\/wp-content\/uploads\/2019\/09\/Mecerreyes-Tiritirantes-20-08-19-Circo-2-150x150.jpg 150w, https:\/\/www.mecerreyes.com\/mece\/wp-content\/uploads\/2019\/09\/Mecerreyes-Tiritirantes-20-08-19-Circo-2-440x440.jpg 440w\" sizes=\"(max-width: 150px) 100vw, 150px\" \/><\/a>\n\t\t\t<\/dt><\/dl><br style=\"clear: both\" \/><dl class='gallery-item'>\n\t\t\t<dt class='gallery-icon portrait'>\n\t\t\t\t<a  href=\"https:\/\/www.mecerreyes.com\/mece\/wp-content\/uploads\/2019\/09\/Mecerreyes-Tiritirantes-20-08-19-Circo-3.jpg\" class=\"thickbox no_icon\" title=\"\"><img loading=\"lazy\" decoding=\"async\" width=\"150\" height=\"150\" src=\"https:\/\/www.mecerreyes.com\/mece\/wp-content\/uploads\/2019\/09\/Mecerreyes-Tiritirantes-20-08-19-Circo-3-150x150.jpg\" class=\"attachment-thumbnail size-thumbnail\" alt=\"\" srcset=\"https:\/\/www.mecerreyes.com\/mece\/wp-content\/uploads\/2019\/09\/Mecerreyes-Tiritirantes-20-08-19-Circo-3-150x150.jpg 150w, https:\/\/www.mecerreyes.com\/mece\/wp-content\/uploads\/2019\/09\/Mecerreyes-Tiritirantes-20-08-19-Circo-3-440x440.jpg 440w\" sizes=\"(max-width: 150px) 100vw, 150px\" \/><\/a>\n\t\t\t<\/dt><\/dl><dl class='gallery-item'>\n\t\t\t<dt class='gallery-icon portrait'>\n\t\t\t\t<a  href=\"https:\/\/www.mecerreyes.com\/mece\/wp-content\/uploads\/2019\/09\/Mecerreyes-Tiritirantes-20-08-19-Circo-4.jpg\" class=\"thickbox no_icon\" title=\"\"><img loading=\"lazy\" decoding=\"async\" width=\"150\" height=\"150\" src=\"https:\/\/www.mecerreyes.com\/mece\/wp-content\/uploads\/2019\/09\/Mecerreyes-Tiritirantes-20-08-19-Circo-4-150x150.jpg\" class=\"attachment-thumbnail size-thumbnail\" alt=\"\" srcset=\"https:\/\/www.mecerreyes.com\/mece\/wp-content\/uploads\/2019\/09\/Mecerreyes-Tiritirantes-20-08-19-Circo-4-150x150.jpg 150w, https:\/\/www.mecerreyes.com\/mece\/wp-content\/uploads\/2019\/09\/Mecerreyes-Tiritirantes-20-08-19-Circo-4-440x440.jpg 440w\" sizes=\"(max-width: 150px) 100vw, 150px\" \/><\/a>\n\t\t\t<\/dt><\/dl><dl class='gallery-item'>\n\t\t\t<dt class='gallery-icon portrait'>\n\t\t\t\t<a  href=\"https:\/\/www.mecerreyes.com\/mece\/wp-content\/uploads\/2019\/09\/Mecerreyes-Tiritirantes-20-08-19-Circo-5.jpg\" class=\"thickbox no_icon\" title=\"\"><img loading=\"lazy\" decoding=\"async\" width=\"150\" height=\"150\" src=\"https:\/\/www.mecerreyes.com\/mece\/wp-content\/uploads\/2019\/09\/Mecerreyes-Tiritirantes-20-08-19-Circo-5-150x150.jpg\" class=\"attachment-thumbnail size-thumbnail\" alt=\"\" srcset=\"https:\/\/www.mecerreyes.com\/mece\/wp-content\/uploads\/2019\/09\/Mecerreyes-Tiritirantes-20-08-19-Circo-5-150x150.jpg 150w, https:\/\/www.mecerreyes.com\/mece\/wp-content\/uploads\/2019\/09\/Mecerreyes-Tiritirantes-20-08-19-Circo-5-440x440.jpg 440w\" sizes=\"(max-width: 150px) 100vw, 150px\" \/><\/a>\n\t\t\t<\/dt><\/dl><br style=\"clear: both\" \/><dl class='gallery-item'>\n\t\t\t<dt class='gallery-icon portrait'>\n\t\t\t\t<a  href=\"https:\/\/www.mecerreyes.com\/mece\/wp-content\/uploads\/2019\/09\/Mecerreyes-Tiritirantes-20-08-19-Circo-6.jpg\" class=\"thickbox no_icon\" title=\"\"><img loading=\"lazy\" decoding=\"async\" width=\"150\" height=\"150\" src=\"https:\/\/www.mecerreyes.com\/mece\/wp-content\/uploads\/2019\/09\/Mecerreyes-Tiritirantes-20-08-19-Circo-6-150x150.jpg\" class=\"attachment-thumbnail size-thumbnail\" alt=\"\" srcset=\"https:\/\/www.mecerreyes.com\/mece\/wp-content\/uploads\/2019\/09\/Mecerreyes-Tiritirantes-20-08-19-Circo-6-150x150.jpg 150w, https:\/\/www.mecerreyes.com\/mece\/wp-content\/uploads\/2019\/09\/Mecerreyes-Tiritirantes-20-08-19-Circo-6-440x440.jpg 440w\" sizes=\"(max-width: 150px) 100vw, 150px\" \/><\/a>\n\t\t\t<\/dt><\/dl><dl class='gallery-item'>\n\t\t\t<dt class='gallery-icon portrait'>\n\t\t\t\t<a  href=\"https:\/\/www.mecerreyes.com\/mece\/wp-content\/uploads\/2019\/09\/Mecerreyes-Tiritirantes-20-08-19-Circo-7.jpg\" class=\"thickbox no_icon\" title=\"\"><img loading=\"lazy\" decoding=\"async\" width=\"150\" height=\"150\" src=\"https:\/\/www.mecerreyes.com\/mece\/wp-content\/uploads\/2019\/09\/Mecerreyes-Tiritirantes-20-08-19-Circo-7-150x150.jpg\" class=\"attachment-thumbnail size-thumbnail\" alt=\"\" srcset=\"https:\/\/www.mecerreyes.com\/mece\/wp-content\/uploads\/2019\/09\/Mecerreyes-Tiritirantes-20-08-19-Circo-7-150x150.jpg 150w, https:\/\/www.mecerreyes.com\/mece\/wp-content\/uploads\/2019\/09\/Mecerreyes-Tiritirantes-20-08-19-Circo-7-440x440.jpg 440w\" sizes=\"(max-width: 150px) 100vw, 150px\" \/><\/a>\n\t\t\t<\/dt><\/dl><dl class='gallery-item'>\n\t\t\t<dt class='gallery-icon landscape'>\n\t\t\t\t<a  href=\"https:\/\/www.mecerreyes.com\/mece\/wp-content\/uploads\/2019\/09\/Mecerreyes-Tiritirantes-20-08-19-Circo-8.jpg\" class=\"thickbox no_icon\" title=\"\"><img loading=\"lazy\" decoding=\"async\" width=\"150\" height=\"150\" src=\"https:\/\/www.mecerreyes.com\/mece\/wp-content\/uploads\/2019\/09\/Mecerreyes-Tiritirantes-20-08-19-Circo-8-150x150.jpg\" class=\"attachment-thumbnail size-thumbnail\" alt=\"\" srcset=\"https:\/\/www.mecerreyes.com\/mece\/wp-content\/uploads\/2019\/09\/Mecerreyes-Tiritirantes-20-08-19-Circo-8-150x150.jpg 150w, https:\/\/www.mecerreyes.com\/mece\/wp-content\/uploads\/2019\/09\/Mecerreyes-Tiritirantes-20-08-19-Circo-8-440x440.jpg 440w\" sizes=\"(max-width: 150px) 100vw, 150px\" \/><\/a>\n\t\t\t<\/dt><\/dl><br style=\"clear: both\" \/><dl class='gallery-item'>\n\t\t\t<dt class='gallery-icon landscape'>\n\t\t\t\t<a  href=\"https:\/\/www.mecerreyes.com\/mece\/wp-content\/uploads\/2019\/09\/Mecerreyes-Tiritirantes-20-08-19-Circo-9.jpg\" class=\"thickbox no_icon\" title=\"\"><img loading=\"lazy\" decoding=\"async\" width=\"150\" height=\"150\" src=\"https:\/\/www.mecerreyes.com\/mece\/wp-content\/uploads\/2019\/09\/Mecerreyes-Tiritirantes-20-08-19-Circo-9-150x150.jpg\" class=\"attachment-thumbnail size-thumbnail\" alt=\"\" srcset=\"https:\/\/www.mecerreyes.com\/mece\/wp-content\/uploads\/2019\/09\/Mecerreyes-Tiritirantes-20-08-19-Circo-9-150x150.jpg 150w, https:\/\/www.mecerreyes.com\/mece\/wp-content\/uploads\/2019\/09\/Mecerreyes-Tiritirantes-20-08-19-Circo-9-440x440.jpg 440w\" sizes=\"(max-width: 150px) 100vw, 150px\" \/><\/a>\n\t\t\t<\/dt><\/dl><dl class='gallery-item'>\n\t\t\t<dt class='gallery-icon portrait'>\n\t\t\t\t<a  href=\"https:\/\/www.mecerreyes.com\/mece\/wp-content\/uploads\/2019\/09\/Mecerreyes-Tiritirantes-20-08-19-Circo-10.jpg\" class=\"thickbox no_icon\" title=\"\"><img loading=\"lazy\" decoding=\"async\" width=\"150\" height=\"150\" src=\"https:\/\/www.mecerreyes.com\/mece\/wp-content\/uploads\/2019\/09\/Mecerreyes-Tiritirantes-20-08-19-Circo-10-150x150.jpg\" class=\"attachment-thumbnail size-thumbnail\" alt=\"\" srcset=\"https:\/\/www.mecerreyes.com\/mece\/wp-content\/uploads\/2019\/09\/Mecerreyes-Tiritirantes-20-08-19-Circo-10-150x150.jpg 150w, https:\/\/www.mecerreyes.com\/mece\/wp-content\/uploads\/2019\/09\/Mecerreyes-Tiritirantes-20-08-19-Circo-10-440x440.jpg 440w\" sizes=\"(max-width: 150px) 100vw, 150px\" \/><\/a>\n\t\t\t<\/dt><\/dl><dl class='gallery-item'>\n\t\t\t<dt class='gallery-icon portrait'>\n\t\t\t\t<a  href=\"https:\/\/www.mecerreyes.com\/mece\/wp-content\/uploads\/2019\/09\/Mecerreyes-Tiritirantes-20-08-19-Circo-11.jpg\" class=\"thickbox no_icon\" title=\"\"><img loading=\"lazy\" decoding=\"async\" width=\"150\" height=\"150\" src=\"https:\/\/www.mecerreyes.com\/mece\/wp-content\/uploads\/2019\/09\/Mecerreyes-Tiritirantes-20-08-19-Circo-11-150x150.jpg\" class=\"attachment-thumbnail size-thumbnail\" alt=\"\" srcset=\"https:\/\/www.mecerreyes.com\/mece\/wp-content\/uploads\/2019\/09\/Mecerreyes-Tiritirantes-20-08-19-Circo-11-150x150.jpg 150w, https:\/\/www.mecerreyes.com\/mece\/wp-content\/uploads\/2019\/09\/Mecerreyes-Tiritirantes-20-08-19-Circo-11-440x440.jpg 440w\" sizes=\"(max-width: 150px) 100vw, 150px\" \/><\/a>\n\t\t\t<\/dt><\/dl><br style=\"clear: both\" \/>\n\t\t<\/div>\n\n<h2 style=\"text-align: justify;\"><strong>BAJADA DE LA VIRGEN<\/strong><\/h2>\n<p style=\"text-align: justify;\">Ante la proximidad de las fiestas de <a  href=\"https:\/\/www.mecerreyes.com\/mece\/?page_id=60\">Acci\u00f3n de Gracias<\/a> y Nuestra Se\u00f1ora del Camino, el domingo 18 de agosto celebramos la eucarist\u00eda en la ermita entorno a la talla de la Virgen, dispuesta para ser bajada en procesi\u00f3n al pueblo.<\/p>\n<p style=\"text-align: justify;\">Cofrades, corte de honor, ni\u00f1os\u2026 todos tras ella, y cercana ya a la iglesia, la Patrona de las fiestas de agosto fue recibida con alegre repique de campanas.<\/p>\n<p style=\"text-align: justify;\">Un d\u00eda este que se suma a la tradici\u00f3n y cultura de Mecerreyes.<\/p>\n<p style=\"text-align: justify;\"><strong>\u00a0<\/strong><\/p>\n<p style=\"text-align: justify;\"><strong>\u00a0<a  href=\"http:\/\/www.mecerreyes.com\/mece\/wp-content\/uploads\/2019\/09\/Mecerreyes-bajada-de-la-Virgen-del-Camino-al-pueblo-18-08-19.jpg\" class=\"thickbox no_icon\" title=\"\"><img loading=\"lazy\" decoding=\"async\" class=\"aligncenter size-full wp-image-18746\" src=\"http:\/\/www.mecerreyes.com\/mece\/wp-content\/uploads\/2019\/09\/Mecerreyes-bajada-de-la-Virgen-del-Camino-al-pueblo-18-08-19.jpg\" alt=\"\" width=\"1772\" height=\"996\" srcset=\"https:\/\/www.mecerreyes.com\/mece\/wp-content\/uploads\/2019\/09\/Mecerreyes-bajada-de-la-Virgen-del-Camino-al-pueblo-18-08-19.jpg 1772w, https:\/\/www.mecerreyes.com\/mece\/wp-content\/uploads\/2019\/09\/Mecerreyes-bajada-de-la-Virgen-del-Camino-al-pueblo-18-08-19-300x169.jpg 300w, https:\/\/www.mecerreyes.com\/mece\/wp-content\/uploads\/2019\/09\/Mecerreyes-bajada-de-la-Virgen-del-Camino-al-pueblo-18-08-19-768x432.jpg 768w, https:\/\/www.mecerreyes.com\/mece\/wp-content\/uploads\/2019\/09\/Mecerreyes-bajada-de-la-Virgen-del-Camino-al-pueblo-18-08-19-1024x576.jpg 1024w, https:\/\/www.mecerreyes.com\/mece\/wp-content\/uploads\/2019\/09\/Mecerreyes-bajada-de-la-Virgen-del-Camino-al-pueblo-18-08-19-1080x607.jpg 1080w\" sizes=\"(max-width: 1772px) 100vw, 1772px\" \/><\/a><\/strong><\/p>\n\n\t\t<style type=\"text\/css\">\n\t\t\t#gallery-5 {\n\t\t\t\tmargin: auto;\n\t\t\t}\n\t\t\t#gallery-5 .gallery-item {\n\t\t\t\tfloat: left;\n\t\t\t\tmargin-top: 10px;\n\t\t\t\ttext-align: center;\n\t\t\t\twidth: 33%;\n\t\t\t}\n\t\t\t#gallery-5 img {\n\t\t\t\tborder: 2px solid #cfcfcf;\n\t\t\t}\n\t\t\t#gallery-5 .gallery-caption {\n\t\t\t\tmargin-left: 0;\n\t\t\t}\n\t\t\t\/* see gallery_shortcode() in wp-includes\/media.php *\/\n\t\t<\/style>\n\t\t<div id='gallery-5' class='gallery galleryid-18637 gallery-columns-3 gallery-size-thumbnail'><dl class='gallery-item'>\n\t\t\t<dt class='gallery-icon landscape'>\n\t\t\t\t<a  href=\"https:\/\/www.mecerreyes.com\/mece\/wp-content\/uploads\/2019\/09\/Mecerreyes-bajada-de-la-Virgen-del-Camino-al-pueblo-18-08-19-1.jpg\" class=\"thickbox no_icon\" title=\"\"><img loading=\"lazy\" decoding=\"async\" width=\"150\" height=\"150\" src=\"https:\/\/www.mecerreyes.com\/mece\/wp-content\/uploads\/2019\/09\/Mecerreyes-bajada-de-la-Virgen-del-Camino-al-pueblo-18-08-19-1-150x150.jpg\" class=\"attachment-thumbnail size-thumbnail\" alt=\"\" srcset=\"https:\/\/www.mecerreyes.com\/mece\/wp-content\/uploads\/2019\/09\/Mecerreyes-bajada-de-la-Virgen-del-Camino-al-pueblo-18-08-19-1-150x150.jpg 150w, https:\/\/www.mecerreyes.com\/mece\/wp-content\/uploads\/2019\/09\/Mecerreyes-bajada-de-la-Virgen-del-Camino-al-pueblo-18-08-19-1-440x440.jpg 440w\" sizes=\"(max-width: 150px) 100vw, 150px\" \/><\/a>\n\t\t\t<\/dt><\/dl><dl class='gallery-item'>\n\t\t\t<dt class='gallery-icon landscape'>\n\t\t\t\t<a  href=\"https:\/\/www.mecerreyes.com\/mece\/wp-content\/uploads\/2019\/09\/Mecerreyes-bajada-de-la-Virgen-del-Camino-al-pueblo-18-08-19-2.jpg\" class=\"thickbox no_icon\" title=\"\"><img loading=\"lazy\" decoding=\"async\" width=\"150\" height=\"150\" src=\"https:\/\/www.mecerreyes.com\/mece\/wp-content\/uploads\/2019\/09\/Mecerreyes-bajada-de-la-Virgen-del-Camino-al-pueblo-18-08-19-2-150x150.jpg\" class=\"attachment-thumbnail size-thumbnail\" alt=\"\" srcset=\"https:\/\/www.mecerreyes.com\/mece\/wp-content\/uploads\/2019\/09\/Mecerreyes-bajada-de-la-Virgen-del-Camino-al-pueblo-18-08-19-2-150x150.jpg 150w, https:\/\/www.mecerreyes.com\/mece\/wp-content\/uploads\/2019\/09\/Mecerreyes-bajada-de-la-Virgen-del-Camino-al-pueblo-18-08-19-2-440x440.jpg 440w\" sizes=\"(max-width: 150px) 100vw, 150px\" \/><\/a>\n\t\t\t<\/dt><\/dl><dl class='gallery-item'>\n\t\t\t<dt class='gallery-icon landscape'>\n\t\t\t\t<a  href=\"https:\/\/www.mecerreyes.com\/mece\/wp-content\/uploads\/2019\/09\/Mecerreyes-bajada-de-la-Virgen-del-Camino-al-pueblo-18-08-19-3.jpg\" class=\"thickbox no_icon\" title=\"\"><img loading=\"lazy\" decoding=\"async\" width=\"150\" height=\"150\" src=\"https:\/\/www.mecerreyes.com\/mece\/wp-content\/uploads\/2019\/09\/Mecerreyes-bajada-de-la-Virgen-del-Camino-al-pueblo-18-08-19-3-150x150.jpg\" class=\"attachment-thumbnail size-thumbnail\" alt=\"\" srcset=\"https:\/\/www.mecerreyes.com\/mece\/wp-content\/uploads\/2019\/09\/Mecerreyes-bajada-de-la-Virgen-del-Camino-al-pueblo-18-08-19-3-150x150.jpg 150w, https:\/\/www.mecerreyes.com\/mece\/wp-content\/uploads\/2019\/09\/Mecerreyes-bajada-de-la-Virgen-del-Camino-al-pueblo-18-08-19-3-440x440.jpg 440w\" sizes=\"(max-width: 150px) 100vw, 150px\" \/><\/a>\n\t\t\t<\/dt><\/dl><br style=\"clear: both\" \/><dl class='gallery-item'>\n\t\t\t<dt class='gallery-icon landscape'>\n\t\t\t\t<a  href=\"https:\/\/www.mecerreyes.com\/mece\/wp-content\/uploads\/2019\/09\/Mecerreyes-bajada-de-la-Virgen-del-Camino-al-pueblo-18-08-19-5.jpg\" class=\"thickbox no_icon\" title=\"\"><img loading=\"lazy\" decoding=\"async\" width=\"150\" height=\"150\" src=\"https:\/\/www.mecerreyes.com\/mece\/wp-content\/uploads\/2019\/09\/Mecerreyes-bajada-de-la-Virgen-del-Camino-al-pueblo-18-08-19-5-150x150.jpg\" class=\"attachment-thumbnail size-thumbnail\" alt=\"\" srcset=\"https:\/\/www.mecerreyes.com\/mece\/wp-content\/uploads\/2019\/09\/Mecerreyes-bajada-de-la-Virgen-del-Camino-al-pueblo-18-08-19-5-150x150.jpg 150w, https:\/\/www.mecerreyes.com\/mece\/wp-content\/uploads\/2019\/09\/Mecerreyes-bajada-de-la-Virgen-del-Camino-al-pueblo-18-08-19-5-440x440.jpg 440w\" sizes=\"(max-width: 150px) 100vw, 150px\" \/><\/a>\n\t\t\t<\/dt><\/dl><dl class='gallery-item'>\n\t\t\t<dt class='gallery-icon landscape'>\n\t\t\t\t<a  href=\"https:\/\/www.mecerreyes.com\/mece\/wp-content\/uploads\/2019\/09\/Mecerreyes-bajada-de-la-Virgen-del-Camino-al-pueblo-18-08-19-4.jpg\" class=\"thickbox no_icon\" title=\"\"><img loading=\"lazy\" decoding=\"async\" width=\"150\" height=\"150\" src=\"https:\/\/www.mecerreyes.com\/mece\/wp-content\/uploads\/2019\/09\/Mecerreyes-bajada-de-la-Virgen-del-Camino-al-pueblo-18-08-19-4-150x150.jpg\" class=\"attachment-thumbnail size-thumbnail\" alt=\"\" srcset=\"https:\/\/www.mecerreyes.com\/mece\/wp-content\/uploads\/2019\/09\/Mecerreyes-bajada-de-la-Virgen-del-Camino-al-pueblo-18-08-19-4-150x150.jpg 150w, https:\/\/www.mecerreyes.com\/mece\/wp-content\/uploads\/2019\/09\/Mecerreyes-bajada-de-la-Virgen-del-Camino-al-pueblo-18-08-19-4-440x440.jpg 440w\" sizes=\"(max-width: 150px) 100vw, 150px\" \/><\/a>\n\t\t\t<\/dt><\/dl><dl class='gallery-item'>\n\t\t\t<dt class='gallery-icon landscape'>\n\t\t\t\t<a  href=\"https:\/\/www.mecerreyes.com\/mece\/wp-content\/uploads\/2019\/09\/Mecerreyes-bajada-de-la-Virgen-del-Camino-al-pueblo-18-08-19-6.jpg\" class=\"thickbox no_icon\" title=\"\"><img loading=\"lazy\" decoding=\"async\" width=\"150\" height=\"150\" src=\"https:\/\/www.mecerreyes.com\/mece\/wp-content\/uploads\/2019\/09\/Mecerreyes-bajada-de-la-Virgen-del-Camino-al-pueblo-18-08-19-6-150x150.jpg\" class=\"attachment-thumbnail size-thumbnail\" alt=\"\" srcset=\"https:\/\/www.mecerreyes.com\/mece\/wp-content\/uploads\/2019\/09\/Mecerreyes-bajada-de-la-Virgen-del-Camino-al-pueblo-18-08-19-6-150x150.jpg 150w, https:\/\/www.mecerreyes.com\/mece\/wp-content\/uploads\/2019\/09\/Mecerreyes-bajada-de-la-Virgen-del-Camino-al-pueblo-18-08-19-6-440x440.jpg 440w\" sizes=\"(max-width: 150px) 100vw, 150px\" \/><\/a>\n\t\t\t<\/dt><\/dl><br style=\"clear: both\" \/>\n\t\t<\/div>\n\n<h2 style=\"text-align: justify;\"><strong>RECORTES DE PRENSA<\/strong><\/h2>\n<p style=\"text-align: justify;\"><strong>TITIRIRANTES &#8211; JACINTO ALONSO<\/strong><\/p>\n<p style=\"text-align: justify;\">El Diario de Pontevedra reservaba en su portada un espacio para resaltar la participaci\u00f3n de la compa\u00f1\u00eda de circo Tiritirantes con su espect\u00e1culo de gran formato de calle \u201cUlterior El Viaje\u201d en la jornada gallega de <strong>ITINERANTA.<\/strong><\/p>\n<p style=\"text-align: justify;\">Nos alegramos mucho de la cantidad de trabajo y reconocimiento que esta compa\u00f1\u00eda de la que es miembro el guileto <strong>Jacinto Alonso<\/strong> est\u00e1 consiguiendo a base de constancia y profesionalidad.<\/p>\n<p style=\"text-align: justify;\"><a  href=\"http:\/\/www.mecerreyes.com\/mece\/wp-content\/uploads\/2019\/09\/Diario-de-Pontevedra-2-08-19-Tiritirantes.jpg\" class=\"thickbox no_icon\" title=\"\"><img loading=\"lazy\" decoding=\"async\" class=\"aligncenter size-full wp-image-18726\" src=\"http:\/\/www.mecerreyes.com\/mece\/wp-content\/uploads\/2019\/09\/Diario-de-Pontevedra-2-08-19-Tiritirantes.jpg\" alt=\"\" width=\"2452\" height=\"3133\" srcset=\"https:\/\/www.mecerreyes.com\/mece\/wp-content\/uploads\/2019\/09\/Diario-de-Pontevedra-2-08-19-Tiritirantes.jpg 2452w, https:\/\/www.mecerreyes.com\/mece\/wp-content\/uploads\/2019\/09\/Diario-de-Pontevedra-2-08-19-Tiritirantes-235x300.jpg 235w, https:\/\/www.mecerreyes.com\/mece\/wp-content\/uploads\/2019\/09\/Diario-de-Pontevedra-2-08-19-Tiritirantes-768x981.jpg 768w, https:\/\/www.mecerreyes.com\/mece\/wp-content\/uploads\/2019\/09\/Diario-de-Pontevedra-2-08-19-Tiritirantes-801x1024.jpg 801w, https:\/\/www.mecerreyes.com\/mece\/wp-content\/uploads\/2019\/09\/Diario-de-Pontevedra-2-08-19-Tiritirantes-1080x1380.jpg 1080w\" sizes=\"(max-width: 2452px) 100vw, 2452px\" \/><\/a><\/p>\n<p style=\"text-align: justify;\"><strong>NUEVO DISCO &#8211; DANIEL SANTAMAR\u00cdA PORTAL<\/strong><\/p>\n<p style=\"text-align: justify;\">Daniel en su faceta de m\u00fasico, unas veces con la m\u00fasica m\u00e1s tradicional redoblando jotas, ruedas, polkas\u2026, otras como bater\u00eda de orquesta de m\u00fasica pop y las m\u00e1s, soltando adrenalina en sus proyectos rockeros como integrante de los grupos SEND, que cuenta con tres discos en el mercado y ATRAPA TU PEZ, motivo de este recorte de prensa, ya que su disco \u201cGrabado en la piel\u201d recientemente fue presentado en la sala Hangar de Burgos.<\/p>\n<p style=\"text-align: justify;\">Daniel, insiste, persiste, resiste y no desiste en atrapar su sue\u00f1o musical.<\/p>\n<p style=\"text-align: justify;\">\u00a1Suerte!<\/p>\n<p style=\"text-align: justify;\"><a  href=\"http:\/\/www.mecerreyes.com\/mece\/wp-content\/uploads\/2019\/09\/Atrapa-tu-Pez-primer-disco-Daniel-Santamaria-Portal.jpg\" class=\"thickbox no_icon\" title=\"\"><img loading=\"lazy\" decoding=\"async\" class=\"aligncenter size-full wp-image-18728\" src=\"http:\/\/www.mecerreyes.com\/mece\/wp-content\/uploads\/2019\/09\/Atrapa-tu-Pez-primer-disco-Daniel-Santamaria-Portal.jpg\" alt=\"\" width=\"1455\" height=\"798\" srcset=\"https:\/\/www.mecerreyes.com\/mece\/wp-content\/uploads\/2019\/09\/Atrapa-tu-Pez-primer-disco-Daniel-Santamaria-Portal.jpg 1455w, https:\/\/www.mecerreyes.com\/mece\/wp-content\/uploads\/2019\/09\/Atrapa-tu-Pez-primer-disco-Daniel-Santamaria-Portal-300x165.jpg 300w, https:\/\/www.mecerreyes.com\/mece\/wp-content\/uploads\/2019\/09\/Atrapa-tu-Pez-primer-disco-Daniel-Santamaria-Portal-768x421.jpg 768w, https:\/\/www.mecerreyes.com\/mece\/wp-content\/uploads\/2019\/09\/Atrapa-tu-Pez-primer-disco-Daniel-Santamaria-Portal-1024x562.jpg 1024w, https:\/\/www.mecerreyes.com\/mece\/wp-content\/uploads\/2019\/09\/Atrapa-tu-Pez-primer-disco-Daniel-Santamaria-Portal-1080x592.jpg 1080w\" sizes=\"(max-width: 1455px) 100vw, 1455px\" \/><\/a><\/p>\n<p><iframe loading=\"lazy\" width=\"1080\" height=\"608\" src=\"https:\/\/www.youtube.com\/embed\/eSH9Enfjgkg?feature=oembed\" frameborder=\"0\" allow=\"accelerometer; autoplay; encrypted-media; gyroscope; picture-in-picture\" allowfullscreen><\/iframe><\/p>\n<h2 style=\"text-align: justify;\"><strong>BODAS DE ORO<\/strong><\/h2>\n<p style=\"text-align: justify;\"><strong>JOS\u00c9 LUIS ALONSO Y AMPARO<\/strong> celebraron la renovaron de sus votos matrimoniales con motivo de su 50 aniversario de boda en la iglesia de Mecerreyes.<\/p>\n<p style=\"text-align: justify;\">Reunir a sus hijos y nietos este a\u00f1o, ha supuesto un plus de emoci\u00f3n para la familia.<\/p>\n<p style=\"text-align: justify;\">Salud y nuestra enhorabuena a los novios, deseamos veros muchos veranos m\u00e1s en el pueblo. Posan bajo el altar de la virgen del Pilar que tanto significa para la familia.<\/p>\n<p style=\"text-align: justify;\"><a  href=\"http:\/\/www.mecerreyes.com\/mece\/wp-content\/uploads\/2019\/09\/Bodas-de-Oro-Jose-Luis-y-Amparo-3-08-2019.jpg\" class=\"thickbox no_icon\" title=\"\"><img loading=\"lazy\" decoding=\"async\" class=\"aligncenter size-full wp-image-18748\" src=\"http:\/\/www.mecerreyes.com\/mece\/wp-content\/uploads\/2019\/09\/Bodas-de-Oro-Jose-Luis-y-Amparo-3-08-2019.jpg\" alt=\"\" width=\"3345\" height=\"1843\" srcset=\"https:\/\/www.mecerreyes.com\/mece\/wp-content\/uploads\/2019\/09\/Bodas-de-Oro-Jose-Luis-y-Amparo-3-08-2019.jpg 3345w, https:\/\/www.mecerreyes.com\/mece\/wp-content\/uploads\/2019\/09\/Bodas-de-Oro-Jose-Luis-y-Amparo-3-08-2019-300x165.jpg 300w, https:\/\/www.mecerreyes.com\/mece\/wp-content\/uploads\/2019\/09\/Bodas-de-Oro-Jose-Luis-y-Amparo-3-08-2019-768x423.jpg 768w, https:\/\/www.mecerreyes.com\/mece\/wp-content\/uploads\/2019\/09\/Bodas-de-Oro-Jose-Luis-y-Amparo-3-08-2019-1024x564.jpg 1024w, https:\/\/www.mecerreyes.com\/mece\/wp-content\/uploads\/2019\/09\/Bodas-de-Oro-Jose-Luis-y-Amparo-3-08-2019-1080x595.jpg 1080w\" sizes=\"(max-width: 3345px) 100vw, 3345px\" \/><\/a><\/p>\n<h2><strong>QUINTOS DEL 64<\/strong><\/h2>\n<p>El pasado 10 de agosto los quintos del 64 y sus consortes celebraron 55 a\u00f1os de amistad entorno a la mesa y mantel del <a  href=\"https:\/\/www.mecerreyes.com\/mece\/?page_id=797\">Mes\u00f3n de Frutos<\/a>. Aunque la jornada se vio deslucida por coincidir con el funeral de Robustiano Santamar\u00eda, ser\u00eda ya en la noche cuando dieron rienda suelta a la alegr\u00eda de haberse reunido y disfrutaron de la m\u00fasica.<\/p>\n<p><a  href=\"http:\/\/www.mecerreyes.com\/mece\/wp-content\/uploads\/2019\/09\/Mecerreyes-Quintos-de-64-10-08-2019.jpg\" class=\"thickbox no_icon\" title=\"\"><img loading=\"lazy\" decoding=\"async\" class=\"aligncenter size-full wp-image-18704\" src=\"http:\/\/www.mecerreyes.com\/mece\/wp-content\/uploads\/2019\/09\/Mecerreyes-Quintos-de-64-10-08-2019.jpg\" alt=\"\" width=\"4000\" height=\"2248\" srcset=\"https:\/\/www.mecerreyes.com\/mece\/wp-content\/uploads\/2019\/09\/Mecerreyes-Quintos-de-64-10-08-2019.jpg 4000w, https:\/\/www.mecerreyes.com\/mece\/wp-content\/uploads\/2019\/09\/Mecerreyes-Quintos-de-64-10-08-2019-300x169.jpg 300w, https:\/\/www.mecerreyes.com\/mece\/wp-content\/uploads\/2019\/09\/Mecerreyes-Quintos-de-64-10-08-2019-768x432.jpg 768w, https:\/\/www.mecerreyes.com\/mece\/wp-content\/uploads\/2019\/09\/Mecerreyes-Quintos-de-64-10-08-2019-1024x575.jpg 1024w, https:\/\/www.mecerreyes.com\/mece\/wp-content\/uploads\/2019\/09\/Mecerreyes-Quintos-de-64-10-08-2019-1080x607.jpg 1080w\" sizes=\"(max-width: 4000px) 100vw, 4000px\" \/><\/a><\/p>\n<h2 style=\"text-align: justify;\"><strong>QUINTOS DEL 69<\/strong><\/h2>\n<p style=\"text-align: justify;\">Reci\u00e9n acabadas las fiestas a los quintos del 69 a\u00fan les quedaba marcha para celebrar sus 50 a\u00f1os. Medio siglo de alegr\u00eda con un factor com\u00fan entre todos (MECERREYES).<\/p>\n<p style=\"text-align: justify;\">Un c\u00e1tering se desplaz\u00f3 hasta el local de los cazadores donde los quintos comieron y cenaron recordando sus haza\u00f1as con alegr\u00eda. Felicidades.<\/p>\n<p style=\"text-align: justify;\"><a  href=\"http:\/\/www.mecerreyes.com\/mece\/wp-content\/uploads\/2019\/09\/Mecerreyes-Quintos-de-69-31-08-2019.jpg\" class=\"thickbox no_icon\" title=\"\"><img loading=\"lazy\" decoding=\"async\" class=\"aligncenter size-full wp-image-18705\" src=\"http:\/\/www.mecerreyes.com\/mece\/wp-content\/uploads\/2019\/09\/Mecerreyes-Quintos-de-69-31-08-2019.jpg\" alt=\"\" width=\"1583\" height=\"894\" srcset=\"https:\/\/www.mecerreyes.com\/mece\/wp-content\/uploads\/2019\/09\/Mecerreyes-Quintos-de-69-31-08-2019.jpg 1583w, https:\/\/www.mecerreyes.com\/mece\/wp-content\/uploads\/2019\/09\/Mecerreyes-Quintos-de-69-31-08-2019-300x169.jpg 300w, https:\/\/www.mecerreyes.com\/mece\/wp-content\/uploads\/2019\/09\/Mecerreyes-Quintos-de-69-31-08-2019-768x434.jpg 768w, https:\/\/www.mecerreyes.com\/mece\/wp-content\/uploads\/2019\/09\/Mecerreyes-Quintos-de-69-31-08-2019-1024x578.jpg 1024w, https:\/\/www.mecerreyes.com\/mece\/wp-content\/uploads\/2019\/09\/Mecerreyes-Quintos-de-69-31-08-2019-1080x610.jpg 1080w\" sizes=\"(max-width: 1583px) 100vw, 1583px\" \/><\/a><\/p>\n<h2 style=\"text-align: justify;\"><strong>DEFUNCIONES<\/strong><\/h2>\n<p style=\"text-align: justify;\">Un mes m\u00e1s la muerte ha sido protagonista en el colectivo guileto. Cuatro familias han sufrido el dolor de despedir a sus seres queridos, esperada o s\u00fabita, cumplidas las expectativas de vida en unos casos o de forma tr\u00e1gica como fue ver aterrizar un helic\u00f3ptero medicalizado para intentar sin \u00e9xito reanimar a Maite Sanz Lozano.<\/p>\n<p style=\"text-align: justify;\">Despedidas que cuando son en la <a  href=\"https:\/\/www.mecerreyes.com\/mece\/?page_id=35\">parroquia<\/a> de Mecerreyes se convierten en toda una celebraci\u00f3n de la vida que tuvo el difunto. Es un lujo ver que en un trance as\u00ed la familia se siente acompa\u00f1ada por todo el pueblo.<\/p>\n<p style=\"text-align: justify;\">Descansen en paz y nuestro m\u00e1s sentido p\u00e9same a los familiares y amigos de:<\/p>\n<p style=\"text-align: justify;\"><strong>Concordia Alonso Cuevas<\/strong> muri\u00f3 el d\u00eda 2 de agosto a los 92 a\u00f1os de edad. Una amplia vida religiosa de entrega a la comunidad que ya descansa en Rab\u00e9 de las Calzadas.<\/p>\n<p style=\"text-align: justify;\"><a  href=\"http:\/\/www.mecerreyes.com\/mece\/wp-content\/uploads\/2019\/09\/Esquela-Sor-Concordia-Alonso-Cuevas-falleci\u00f3-el-2-08-2019-a-los-92-a\u00f1os-en-Rab\u00e9-de-las-Calzadas.jpg\" class=\"thickbox no_icon\" title=\"\"><img loading=\"lazy\" decoding=\"async\" class=\"aligncenter size-full wp-image-18706\" src=\"http:\/\/www.mecerreyes.com\/mece\/wp-content\/uploads\/2019\/09\/Esquela-Sor-Concordia-Alonso-Cuevas-falleci\u00f3-el-2-08-2019-a-los-92-a\u00f1os-en-Rab\u00e9-de-las-Calzadas.jpg\" alt=\"\" width=\"1134\" height=\"500\" srcset=\"https:\/\/www.mecerreyes.com\/mece\/wp-content\/uploads\/2019\/09\/Esquela-Sor-Concordia-Alonso-Cuevas-falleci\u00f3-el-2-08-2019-a-los-92-a\u00f1os-en-Rab\u00e9-de-las-Calzadas.jpg 1134w, https:\/\/www.mecerreyes.com\/mece\/wp-content\/uploads\/2019\/09\/Esquela-Sor-Concordia-Alonso-Cuevas-falleci\u00f3-el-2-08-2019-a-los-92-a\u00f1os-en-Rab\u00e9-de-las-Calzadas-300x132.jpg 300w, https:\/\/www.mecerreyes.com\/mece\/wp-content\/uploads\/2019\/09\/Esquela-Sor-Concordia-Alonso-Cuevas-falleci\u00f3-el-2-08-2019-a-los-92-a\u00f1os-en-Rab\u00e9-de-las-Calzadas-768x339.jpg 768w, https:\/\/www.mecerreyes.com\/mece\/wp-content\/uploads\/2019\/09\/Esquela-Sor-Concordia-Alonso-Cuevas-falleci\u00f3-el-2-08-2019-a-los-92-a\u00f1os-en-Rab\u00e9-de-las-Calzadas-1024x451.jpg 1024w, https:\/\/www.mecerreyes.com\/mece\/wp-content\/uploads\/2019\/09\/Esquela-Sor-Concordia-Alonso-Cuevas-falleci\u00f3-el-2-08-2019-a-los-92-a\u00f1os-en-Rab\u00e9-de-las-Calzadas-1080x476.jpg 1080w\" sizes=\"(max-width: 1134px) 100vw, 1134px\" \/><\/a><\/p>\n<p style=\"text-align: justify;\"><strong>Robustiano Santamar\u00eda Vicario<\/strong> falleci\u00f3 el d\u00eda 9 de agosto en Burgos a los 94 a\u00f1os de edad, su cuerpo fue despedido en la <a  href=\"https:\/\/www.mecerreyes.com\/mece\/?page_id=35\">parroquia<\/a> de Mecerreyes y conducidos sus restos al cementerio local.<\/p>\n<p style=\"text-align: justify;\">Consideramos oportuno publicar la sentida despedida de su nieta In\u00e9s Santamar\u00eda quien sin duda nos hizo reflexionar en varios momentos. .<\/p>\n<p style=\"text-align: justify;\"><a  href=\"http:\/\/www.mecerreyes.com\/mece\/wp-content\/uploads\/2019\/09\/Esquela-Robustiano-Santamar\u00eda-fallecio-el-9-08-19-a-los-94-a\u00f1os.jpg\" class=\"thickbox no_icon\" title=\"\"><img loading=\"lazy\" decoding=\"async\" class=\"aligncenter wp-image-18707\" src=\"http:\/\/www.mecerreyes.com\/mece\/wp-content\/uploads\/2019\/09\/Esquela-Robustiano-Santamar\u00eda-fallecio-el-9-08-19-a-los-94-a\u00f1os.jpg\" alt=\"\" width=\"500\" height=\"668\" srcset=\"https:\/\/www.mecerreyes.com\/mece\/wp-content\/uploads\/2019\/09\/Esquela-Robustiano-Santamar\u00eda-fallecio-el-9-08-19-a-los-94-a\u00f1os.jpg 1054w, https:\/\/www.mecerreyes.com\/mece\/wp-content\/uploads\/2019\/09\/Esquela-Robustiano-Santamar\u00eda-fallecio-el-9-08-19-a-los-94-a\u00f1os-224x300.jpg 224w, https:\/\/www.mecerreyes.com\/mece\/wp-content\/uploads\/2019\/09\/Esquela-Robustiano-Santamar\u00eda-fallecio-el-9-08-19-a-los-94-a\u00f1os-768x1027.jpg 768w, https:\/\/www.mecerreyes.com\/mece\/wp-content\/uploads\/2019\/09\/Esquela-Robustiano-Santamar\u00eda-fallecio-el-9-08-19-a-los-94-a\u00f1os-765x1024.jpg 765w\" sizes=\"(max-width: 500px) 100vw, 500px\" \/><\/a><\/p>\n<p style=\"text-align: justify;\"><strong>Visitaci\u00f3n Santamar\u00eda Alonso<\/strong> falleci\u00f3 en Burgos el d\u00eda 31 de agosto a los 89 a\u00f1os de edad. Su funeral se celebr\u00f3 el d\u00eda 1 de septiembre en la iglesia parroquial de San Lesmes Abad. Q.E.P.D.<\/p>\n<p style=\"text-align: justify;\"><a  href=\"http:\/\/www.mecerreyes.com\/mece\/wp-content\/uploads\/2019\/09\/Esquela-Visitaci\u00f3n-Santamar\u00eda-Alonso-falleci\u00f3-el-31-de-agosto-de-2019-a-los-89-a\u00f1os.jpg\" class=\"thickbox no_icon\" title=\"\"><img loading=\"lazy\" decoding=\"async\" class=\"aligncenter size-full wp-image-18708\" src=\"http:\/\/www.mecerreyes.com\/mece\/wp-content\/uploads\/2019\/09\/Esquela-Visitaci\u00f3n-Santamar\u00eda-Alonso-falleci\u00f3-el-31-de-agosto-de-2019-a-los-89-a\u00f1os.jpg\" alt=\"\" width=\"1024\" height=\"668\" srcset=\"https:\/\/www.mecerreyes.com\/mece\/wp-content\/uploads\/2019\/09\/Esquela-Visitaci\u00f3n-Santamar\u00eda-Alonso-falleci\u00f3-el-31-de-agosto-de-2019-a-los-89-a\u00f1os.jpg 1024w, https:\/\/www.mecerreyes.com\/mece\/wp-content\/uploads\/2019\/09\/Esquela-Visitaci\u00f3n-Santamar\u00eda-Alonso-falleci\u00f3-el-31-de-agosto-de-2019-a-los-89-a\u00f1os-300x196.jpg 300w, https:\/\/www.mecerreyes.com\/mece\/wp-content\/uploads\/2019\/09\/Esquela-Visitaci\u00f3n-Santamar\u00eda-Alonso-falleci\u00f3-el-31-de-agosto-de-2019-a-los-89-a\u00f1os-768x501.jpg 768w\" sizes=\"(max-width: 1024px) 100vw, 1024px\" \/><\/a><\/p>\n<p style=\"text-align: justify;\"><strong>Maite Sanz Lozano <\/strong>falleci\u00f3 en Mecerreyes el pasado 2 de septiembre a los 63 a\u00f1os de edad, sus cenizas fueron acompa\u00f1adas por familiares y vecinos en una misa funeral celebrada el d\u00eda 3. Q.E.P.D.<\/p>\n<p style=\"text-align: justify;\"><a  href=\"http:\/\/www.mecerreyes.com\/mece\/wp-content\/uploads\/2019\/09\/Esquela-de-Maite-Sainz-Lozano-falleci\u00f3-en-Mecerreyes-el-2-09-2019-a-los-63-a\u00f1os.jpg\" class=\"thickbox no_icon\" title=\"\"><img loading=\"lazy\" decoding=\"async\" class=\"aligncenter wp-image-18711\" src=\"http:\/\/www.mecerreyes.com\/mece\/wp-content\/uploads\/2019\/09\/Esquela-de-Maite-Sainz-Lozano-falleci\u00f3-en-Mecerreyes-el-2-09-2019-a-los-63-a\u00f1os.jpg\" alt=\"\" width=\"449\" height=\"600\" srcset=\"https:\/\/www.mecerreyes.com\/mece\/wp-content\/uploads\/2019\/09\/Esquela-de-Maite-Sainz-Lozano-falleci\u00f3-en-Mecerreyes-el-2-09-2019-a-los-63-a\u00f1os.jpg 1076w, https:\/\/www.mecerreyes.com\/mece\/wp-content\/uploads\/2019\/09\/Esquela-de-Maite-Sainz-Lozano-falleci\u00f3-en-Mecerreyes-el-2-09-2019-a-los-63-a\u00f1os-224x300.jpg 224w, https:\/\/www.mecerreyes.com\/mece\/wp-content\/uploads\/2019\/09\/Esquela-de-Maite-Sainz-Lozano-falleci\u00f3-en-Mecerreyes-el-2-09-2019-a-los-63-a\u00f1os-768x1028.jpg 768w, https:\/\/www.mecerreyes.com\/mece\/wp-content\/uploads\/2019\/09\/Esquela-de-Maite-Sainz-Lozano-falleci\u00f3-en-Mecerreyes-el-2-09-2019-a-los-63-a\u00f1os-765x1024.jpg 765w\" sizes=\"(max-width: 449px) 100vw, 449px\" \/><\/a><\/p>\n<h2><strong>REFRANERO.<\/strong><\/h2>\n<ul>\n<li><em>En agosto sand\u00eda y mel\u00f3n como cabeza de motil\u00f3n.<\/em><\/li>\n<li><em>Para fines de este mes, el grano en tu casa ten<\/em><\/li>\n<li><em>Si en septiembre no tienes fruta, agosto tuvo la culpa.<\/em><\/li>\n<li><em>Siete agostos, siete rostros.<\/em><\/li>\n<li><em>En agosto, aunque sea poco, quien no goza est\u00e1 loco.<\/em><\/li>\n<\/ul>\n<hr \/>\n<p>&nbsp;<\/p>\n<p><strong><span style=\"color: #0000ff;\">DESPEDIDA A ROBUSTIANO:<\/span><\/strong><\/p>\n<div dir=\"auto\" style=\"text-align: justify;\"><span style=\"color: #0000ff;\"><em><span style=\"color: #0000ff;\">Yo todav\u00eda\u00a0no he conseguido descifrar en qu\u00e9 consiste la vida, no s\u00e9 que sentido debe tener, no se si hay marcado un objetivo para cada vida, o si nuestro camino esta determinado desde el primer latido que da nuestro coraz\u00f3n.\u00a0<\/span><\/em><\/span><\/div>\n<div dir=\"auto\" style=\"text-align: justify;\"><\/div>\n<div dir=\"auto\" style=\"text-align: justify;\"><\/div>\n<div dir=\"auto\" style=\"text-align: justify;\"><span style=\"color: #0000ff;\"><em><span style=\"color: #0000ff;\">Muchas gracias a todos los que os hab\u00e9is\u00a0acercado a Mecerreyes, hoy nos despedimos de un coraz\u00f3n que ha dado muchos\u2026pero que muchos muchos latidos: 94 a\u00f1os de latidos de Robustiano Santamar\u00eda: esposo, padre, abuelo, bisabuelo, t\u00edo\u00a0y amigo de los que estamos aqu\u00ed reunidos.\u00a0<\/span><\/em><\/span><\/div>\n<div dir=\"auto\" style=\"text-align: justify;\"><\/div>\n<div dir=\"auto\" style=\"text-align: justify;\"><span style=\"color: #0000ff;\"><em><span style=\"color: #0000ff;\">Robus ha sido un hombre laborioso, un hombre que ha trabajado muy duramente toda<a  href=\"http:\/\/www.mecerreyes.com\/mece\/wp-content\/uploads\/2019\/09\/Robustiano-Santamar\u00eda.jpg\" class=\"thickbox no_icon\" title=\"\"><img loading=\"lazy\" decoding=\"async\" class=\" wp-image-18754 alignright\" src=\"http:\/\/www.mecerreyes.com\/mece\/wp-content\/uploads\/2019\/09\/Robustiano-Santamar\u00eda.jpg\" alt=\"\" width=\"151\" height=\"157\" srcset=\"https:\/\/www.mecerreyes.com\/mece\/wp-content\/uploads\/2019\/09\/Robustiano-Santamar\u00eda.jpg 417w, https:\/\/www.mecerreyes.com\/mece\/wp-content\/uploads\/2019\/09\/Robustiano-Santamar\u00eda-287x300.jpg 287w\" sizes=\"(max-width: 151px) 100vw, 151px\" \/><\/a> su vida en los m\u00faltiples\u00a0oficios que ha desarrollado, no solo en la construcci\u00f3n, siendo alba\u00f1il, electricista, yesista, alicatador, en resumen un \u00abalarife\u00bb que dir\u00edan los antiguos; sino tambi\u00e9n\u00a0 en el campo, para dar siempre a los suyos todo lo que estuvo en su mano, incluso en las situaciones mas adversas.<\/span><\/em><\/span><\/div>\n<div dir=\"auto\" style=\"text-align: justify;\"><\/div>\n<div dir=\"auto\" style=\"text-align: justify;\"><span style=\"color: #0000ff;\"><em><span style=\"color: #0000ff;\">\u00a0Sin ir m\u00e1s lejos, estando ya jubilado, colaboro desinteresamente, con ilusi\u00f3n\u00a0y modestia en la reforma de esta iglesia de la cual hoy presumimos y la cual ha tenido la suerte de ver casar, bautizar y recibir la primera comuni\u00f3n\u00a0a hijos, nietos y biznietos suyos y de la Abuela Marce.<\/span><\/em><\/span><\/div>\n<div dir=\"auto\" style=\"text-align: justify;\"><\/div>\n<div dir=\"auto\" style=\"text-align: justify;\"><span style=\"color: #0000ff;\"><em>Cualquiera de sus hijos y conocidos podr\u00edan contarnos historias de su juventud seguramente con m\u00e1s acierto que yo, su nieta, que le he conocido cuando ya peinaba 67 a\u00f1os.<\/em><\/span><\/div>\n<div dir=\"auto\" style=\"text-align: justify;\"><\/div>\n<div dir=\"auto\" style=\"text-align: justify;\"><span style=\"color: #0000ff;\"><em><span style=\"color: #0000ff;\">Pero sin duda nos contar\u00edan historias de un guileto fuerte, un guileto comprometido con su pueblo, sus gentes y su iglesia; un hombre que si bien era discreto y sobrio (un hombre un poco serio, vaya)\u00a0 merece todo nuestro respeto y nuestro afecto, por habernos\u00a0 inculcado a los que hemos llegado detr\u00e1s, valores de calidad, as\u00ed\u00a0como el sentido de la responsabilidad por el trabajo, de la honradez\u00a0y del esfuerzo.\u00a0<\/span><\/em><\/span><\/div>\n<div dir=\"auto\" style=\"text-align: justify;\"><\/div>\n<div dir=\"auto\" style=\"text-align: justify;\"><span style=\"color: #0000ff;\"><em>Pero \u00a1ojo! Robus tambi\u00e9n supo disfrutar del ocio. El era un lector incansable, cualidad que nos supo contagiar, un castellano de amplia memoria y hasta que el cuerpo se lo permiti\u00f3, fue un gran jugador del subastado, del tute, de la brisca\u2026<\/em><\/span><\/div>\n<div dir=\"auto\" style=\"text-align: justify;\"><\/div>\n<div dir=\"auto\" style=\"text-align: justify;\"><span style=\"color: #0000ff;\"><em><span style=\"color: #0000ff;\">Quiero compartir con vosotros una frase que le\u00ed\u00a0una vez y que viene muy al caso: \u201cque\u00a0 los abuelos son ni\u00f1os peque\u00f1os antiguos.\u201d<\/span><\/em><\/span><\/div>\n<div dir=\"auto\" style=\"text-align: justify;\"><\/div>\n<div dir=\"auto\" style=\"text-align: justify;\"><span style=\"color: #0000ff;\"><em>Creo que la realidad es que los abuelos&#8230; y \u00a1aqu\u00ed hay unos cuantos! son las voces del pasado y precisamente por ese conocimiento que nos han transmitido son tambi\u00e9n los modelos del presente.<\/em><\/span><\/div>\n<div dir=\"auto\" style=\"text-align: justify;\"><\/div>\n<div dir=\"auto\" style=\"text-align: justify;\"><span style=\"color: #0000ff;\"><em>Pens\u00e1ndolo bien: son los que dejan las puertas abiertas hacia el futuro, y \u00e9l nos ha descubierto las puertas a muchos y lo sigue haciendo con Silvia, Alba, Diego\u00a0 Nuria, Marcos, \u00d3scar, Emma y Alicia.\u00a0<\/em><\/span><\/div>\n<div dir=\"auto\" style=\"text-align: justify;\"><\/div>\n<div dir=\"auto\" style=\"text-align: justify;\"><span style=\"color: #0000ff;\"><em>No hay nada como el hogar de cada uno, eso es cierto, pero \u00bfqu\u00e9 es el hogar, sino la familia?\u00a0<\/em><\/span><\/div>\n<div dir=\"auto\" style=\"text-align: justify;\"><\/div>\n<div dir=\"auto\" style=\"text-align: justify;\"><span style=\"color: #0000ff;\"><em>Gracias al sacrificio y al sudor de Robus y de la Marce (Dios mediante) podemos decir que tenemos una familia amplia y con un v\u00ednculo muy estrecho.<\/em><\/span><\/div>\n<div dir=\"auto\" style=\"text-align: justify;\"><\/div>\n<div dir=\"auto\" style=\"text-align: justify;\"><span style=\"color: #0000ff;\"><em>El 5 de noviembre de este a\u00f1o hubiesen cumplido juntos la friolera de 70 a\u00f1os de matrimonio \u00a1las bodas de titanio!\u00a0\u00a0<\/em><\/span><\/div>\n<div dir=\"auto\" style=\"text-align: justify;\"><\/div>\n<div dir=\"auto\" style=\"text-align: justify;\"><span style=\"color: #0000ff;\"><em>\u00a1Que ah\u00ed es n\u00e1!<\/em><\/span><\/div>\n<div dir=\"auto\" style=\"text-align: justify;\"><\/div>\n<div dir=\"auto\" style=\"text-align: justify;\"><span style=\"color: #0000ff;\"><em><span style=\"color: #0000ff;\">Bueno, como sab\u00e9is, yo soy del Pedro y de la Mauri, pero huelga decir que cuando estoy con Feli y con Nicol\u00e1s, con Maribel y con Santi, con Salva y con Esperanza o con la Blanqui, me siento como en mi propia casa, y esto&#8230; es m\u00e9rito indiscutible de los abuelos.<\/span><\/em><\/span><\/div>\n<div dir=\"auto\" style=\"text-align: justify;\"><\/div>\n<div dir=\"auto\" style=\"text-align: justify;\"><span style=\"color: #0000ff;\"><em>Absolutamente todos los d\u00edas de mi vida doy gracias a la vida porque tengo unos hermanos sensacionales a quienes admiro profundamente y a quienes quiero con todo el cari\u00f1o de mi coraz\u00f3n, y ellos lo saben.\u00a0<\/em><\/span><\/div>\n<div dir=\"auto\" style=\"text-align: justify;\"><\/div>\n<div dir=\"auto\" style=\"text-align: justify;\"><span style=\"color: #0000ff;\"><em><span style=\"color: #0000ff;\">Doy gracias tambi\u00e9n\u00a0 porque tengo unos primos\u2026\u00a1qu\u00e9 primos tengo! impresionantes\u00a0y maravillosos todos ellos, especiales, \u00fanicos, divertidos y, humildes.<\/span><\/em><\/span><\/div>\n<div dir=\"auto\" style=\"text-align: justify;\"><\/div>\n<div dir=\"auto\" style=\"text-align: justify;\"><span style=\"color: #0000ff;\"><em>\u00a0\u2026.en definitiva, \u00bfsomos o no somos los nietos del Robus?<\/em><\/span><\/div>\n<div dir=\"auto\" style=\"text-align: justify;\"><\/div>\n<div dir=\"auto\" style=\"text-align: justify;\"><span style=\"color: #0000ff;\"><em>Te abrazamos desde el cielo abuelo, que tu recuerdo nos\u00a0 traiga calor y fuerza; que nos haga sentir m\u00e1s unidos a todos los que formamos parte de esta familia tan bonita que has visto nacer.<\/em><\/span><\/div>\n<div dir=\"auto\" style=\"text-align: justify;\"><\/div>\n<div dir=\"auto\" style=\"text-align: justify;\"><span style=\"color: #0000ff;\"><em>Tus alas ya est\u00e1n listas para volar, y nuestros corazones preparados para verte partir.<\/em><\/span><\/div>\n<div dir=\"auto\" style=\"text-align: justify;\"><\/div>\n<div dir=\"auto\" style=\"text-align: justify;\"><\/div>\n<div dir=\"auto\" style=\"text-align: justify;\"><span style=\"color: #0000ff;\"><em>In\u00e9s Santamar\u00eda<\/em><\/span><\/div>\n<div dir=\"auto\" style=\"text-align: justify;\"><\/div>\n<div dir=\"auto\" style=\"text-align: justify;\"><\/div>\n<div dir=\"auto\" style=\"text-align: justify;\"><span style=\"color: #0000ff;\"><em>En Mecerreyes, 10 Agosto 2019.<\/em><\/span><\/div>","protected":false},"excerpt":{"rendered":"<p>AGOSTO 2019 Regresamos de vacaciones y con unos cuantos d\u00edas de perspectiva os contamos las noticias que Mecerreyes y sus gentes han vivido en este ajetreado mes de agosto. Desconectar de la rutina urbana, conectar con la esencia del pueblo, descansar, acompa\u00f1ar, celebrar, compartir, agradecer e incluso despedir son los verbos que mejor definen la [&hellip;]<\/p>\n","protected":false},"author":5,"featured_media":18715,"comment_status":"open","ping_status":"closed","sticky":false,"template":"","format":"standard","meta":{"_et_pb_use_builder":"","_et_pb_old_content":"","_et_gb_content_width":"","footnotes":""},"categories":[1],"tags":[16,23,21,24],"class_list":["post-18637","post","type-post","status-publish","format-standard","has-post-thumbnail","hentry","category-general","tag-cofradia-virgen-del-camino","tag-dulzaineros","tag-guiletos","tag-memorial-simon-altable","et_post_format-et-post-format-gallery","et-has-post-format-content"],"_links":{"self":[{"href":"https:\/\/www.mecerreyes.com\/mece\/index.php?rest_route=\/wp\/v2\/posts\/18637"}],"collection":[{"href":"https:\/\/www.mecerreyes.com\/mece\/index.php?rest_route=\/wp\/v2\/posts"}],"about":[{"href":"https:\/\/www.mecerreyes.com\/mece\/index.php?rest_route=\/wp\/v2\/types\/post"}],"author":[{"embeddable":true,"href":"https:\/\/www.mecerreyes.com\/mece\/index.php?rest_route=\/wp\/v2\/users\/5"}],"replies":[{"embeddable":true,"href":"https:\/\/www.mecerreyes.com\/mece\/index.php?rest_route=%2Fwp%2Fv2%2Fcomments&post=18637"}],"version-history":[{"count":19,"href":"https:\/\/www.mecerreyes.com\/mece\/index.php?rest_route=\/wp\/v2\/posts\/18637\/revisions"}],"predecessor-version":[{"id":18756,"href":"https:\/\/www.mecerreyes.com\/mece\/index.php?rest_route=\/wp\/v2\/posts\/18637\/revisions\/18756"}],"wp:featuredmedia":[{"embeddable":true,"href":"https:\/\/www.mecerreyes.com\/mece\/index.php?rest_route=\/wp\/v2\/media\/18715"}],"wp:attachment":[{"href":"https:\/\/www.mecerreyes.com\/mece\/index.php?rest_route=%2Fwp%2Fv2%2Fmedia&parent=18637"}],"wp:term":[{"taxonomy":"category","embeddable":true,"href":"https:\/\/www.mecerreyes.com\/mece\/index.php?rest_route=%2Fwp%2Fv2%2Fcategories&post=18637"},{"taxonomy":"post_tag","embeddable":true,"href":"https:\/\/www.mecerreyes.com\/mece\/index.php?rest_route=%2Fwp%2Fv2%2Ftags&post=18637"}],"curies":[{"name":"wp","href":"https:\/\/api.w.org\/{rel}","templated":true}]}}