{"id":18677,"date":"2019-09-03T22:52:19","date_gmt":"2019-09-03T21:52:19","guid":{"rendered":"http:\/\/www.mecerreyes.com\/mece\/?p=18677"},"modified":"2019-09-03T22:52:19","modified_gmt":"2019-09-03T21:52:19","slug":"xii-caldereta-2019","status":"publish","type":"post","link":"https:\/\/www.mecerreyes.com\/mece\/?p=18677","title":{"rendered":"XII CALDERETA 2019"},"content":{"rendered":"<h2>XII CALDERETA &#8211; MECERREYES 7-09-2019<\/h2>\n<p style=\"text-align: justify;\">SIN DEJAR ENFRIAR EL ESP\u00cdRITU FESTIVO DE LOS \u00daLTIMO D\u00cdAS, CERRAREMOS LA \u00c9POCA ESTIVAL CON UN BROCHE DE HERMANDAD ENTRE VECINOS INMEJORABLE.<\/p>\n<p style=\"text-align: justify;\">LA GENEROSIDAD DEL MES\u00d3N DE FRUTOS JUNTO A LA COLABORACI\u00d3N Y PATROCINIO DE NUESTRO <a  href=\"https:\/\/www.mecerreyes.com\/mece\/?page_id=24\">AYUNTAMIENTO<\/a>, HACEN POSIBLE ESTE BONITO ENCUENTRO EN LA PLAZA PARA DEGUSTAR LA CALDERETA DE CORDERO QUE LA ASOCIACI\u00d3N CULTURAL JUNTO A UN BUEN N\u00daMERO DE VOLUNTARIOS TENDR\u00c1N A BIEN COCINAR. \u00a1OS ESPERAMOS!<\/p>\n<p><a  href=\"http:\/\/www.mecerreyes.com\/mece\/wp-content\/uploads\/2019\/09\/Caldereta-XII-7-09-2019-P-Mecerreyes.jpg\" class=\"thickbox no_icon\" title=\"\"><img loading=\"lazy\" decoding=\"async\" class=\"aligncenter size-full wp-image-18678\" src=\"http:\/\/www.mecerreyes.com\/mece\/wp-content\/uploads\/2019\/09\/Caldereta-XII-7-09-2019-P-Mecerreyes.jpg\" alt=\"\" width=\"2480\" height=\"3508\" srcset=\"https:\/\/www.mecerreyes.com\/mece\/wp-content\/uploads\/2019\/09\/Caldereta-XII-7-09-2019-P-Mecerreyes.jpg 2480w, https:\/\/www.mecerreyes.com\/mece\/wp-content\/uploads\/2019\/09\/Caldereta-XII-7-09-2019-P-Mecerreyes-212x300.jpg 212w, https:\/\/www.mecerreyes.com\/mece\/wp-content\/uploads\/2019\/09\/Caldereta-XII-7-09-2019-P-Mecerreyes-768x1086.jpg 768w, https:\/\/www.mecerreyes.com\/mece\/wp-content\/uploads\/2019\/09\/Caldereta-XII-7-09-2019-P-Mecerreyes-724x1024.jpg 724w, https:\/\/www.mecerreyes.com\/mece\/wp-content\/uploads\/2019\/09\/Caldereta-XII-7-09-2019-P-Mecerreyes-1080x1528.jpg 1080w\" sizes=\"(max-width: 2480px) 100vw, 2480px\" \/><\/a><\/p>","protected":false},"excerpt":{"rendered":"<p>XII CALDERETA &#8211; MECERREYES 7-09-2019 SIN DEJAR ENFRIAR EL ESP\u00cdRITU FESTIVO DE LOS \u00daLTIMO D\u00cdAS, CERRAREMOS LA \u00c9POCA ESTIVAL CON UN BROCHE DE HERMANDAD ENTRE VECINOS INMEJORABLE. LA GENEROSIDAD DEL MES\u00d3N DE FRUTOS JUNTO A LA COLABORACI\u00d3N Y PATROCINIO DE NUESTRO AYUNTAMIENTO, HACEN POSIBLE ESTE BONITO ENCUENTRO EN LA PLAZA PARA DEGUSTAR LA CALDERETA DE [&hellip;]<\/p>\n","protected":false},"author":5,"featured_media":18682,"comment_status":"open","ping_status":"closed","sticky":false,"template":"","format":"standard","meta":{"_et_pb_use_builder":"","_et_pb_old_content":"","_et_gb_content_width":"","footnotes":""},"categories":[1],"tags":[29],"class_list":["post-18677","post","type-post","status-publish","format-standard","has-post-thumbnail","hentry","category-general","tag-caldereta","et-has-post-format-content","et_post_format-et-post-format-standard"],"_links":{"self":[{"href":"https:\/\/www.mecerreyes.com\/mece\/index.php?rest_route=\/wp\/v2\/posts\/18677"}],"collection":[{"href":"https:\/\/www.mecerreyes.com\/mece\/index.php?rest_route=\/wp\/v2\/posts"}],"about":[{"href":"https:\/\/www.mecerreyes.com\/mece\/index.php?rest_route=\/wp\/v2\/types\/post"}],"author":[{"embeddable":true,"href":"https:\/\/www.mecerreyes.com\/mece\/index.php?rest_route=\/wp\/v2\/users\/5"}],"replies":[{"embeddable":true,"href":"https:\/\/www.mecerreyes.com\/mece\/index.php?rest_route=%2Fwp%2Fv2%2Fcomments&post=18677"}],"version-history":[{"count":1,"href":"https:\/\/www.mecerreyes.com\/mece\/index.php?rest_route=\/wp\/v2\/posts\/18677\/revisions"}],"predecessor-version":[{"id":18679,"href":"https:\/\/www.mecerreyes.com\/mece\/index.php?rest_route=\/wp\/v2\/posts\/18677\/revisions\/18679"}],"wp:featuredmedia":[{"embeddable":true,"href":"https:\/\/www.mecerreyes.com\/mece\/index.php?rest_route=\/wp\/v2\/media\/18682"}],"wp:attachment":[{"href":"https:\/\/www.mecerreyes.com\/mece\/index.php?rest_route=%2Fwp%2Fv2%2Fmedia&parent=18677"}],"wp:term":[{"taxonomy":"category","embeddable":true,"href":"https:\/\/www.mecerreyes.com\/mece\/index.php?rest_route=%2Fwp%2Fv2%2Fcategories&post=18677"},{"taxonomy":"post_tag","embeddable":true,"href":"https:\/\/www.mecerreyes.com\/mece\/index.php?rest_route=%2Fwp%2Fv2%2Ftags&post=18677"}],"curies":[{"name":"wp","href":"https:\/\/api.w.org\/{rel}","templated":true}]}}