{"id":20072,"date":"2020-05-01T22:52:55","date_gmt":"2020-05-01T21:52:55","guid":{"rendered":"http:\/\/www.mecerreyes.com\/mece\/?p=20072"},"modified":"2020-05-02T14:01:11","modified_gmt":"2020-05-02T13:01:11","slug":"1-1","status":"publish","type":"post","link":"https:\/\/www.mecerreyes.com\/mece\/?p=20072","title":{"rendered":"NOTICIAS ABRIL 2020"},"content":{"rendered":"<figure class=\"wp-block-image size-large\"><img loading=\"lazy\" decoding=\"async\" width=\"1024\" height=\"313\" src=\"http:\/\/www.mecerreyes.com\/mece\/wp-content\/uploads\/2020\/04\/IMG-20200408-WA0005-1024x313.jpg\" alt=\"\" class=\"wp-image-20034\" srcset=\"https:\/\/www.mecerreyes.com\/mece\/wp-content\/uploads\/2020\/04\/IMG-20200408-WA0005-1024x313.jpg 1024w, https:\/\/www.mecerreyes.com\/mece\/wp-content\/uploads\/2020\/04\/IMG-20200408-WA0005-300x92.jpg 300w, https:\/\/www.mecerreyes.com\/mece\/wp-content\/uploads\/2020\/04\/IMG-20200408-WA0005-768x235.jpg 768w, https:\/\/www.mecerreyes.com\/mece\/wp-content\/uploads\/2020\/04\/IMG-20200408-WA0005-1536x469.jpg 1536w, https:\/\/www.mecerreyes.com\/mece\/wp-content\/uploads\/2020\/04\/IMG-20200408-WA0005-1080x330.jpg 1080w, https:\/\/www.mecerreyes.com\/mece\/wp-content\/uploads\/2020\/04\/IMG-20200408-WA0005.jpg 1794w\" sizes=\"(max-width: 1024px) 100vw, 1024px\" \/><\/figure>\n\n\n\n<p class=\"has-text-color has-background has-very-light-gray-color has-vivid-cyan-blue-background-color\">Por fin termina abril, un mes de confinamiento que pareciera nos ha robado la libertad y la ilusi\u00f3n por hacer planes a futuro. Las principales efem\u00e9rides de este mes se han cancelado o celebrado de una forma simb\u00f3lica.<\/p>\n\n\n\n<pre class=\"wp-block-verse has-text-align-center\"><span style=\"color:#1206f9\" class=\"has-inline-color\"><em>\u201c\u2026Qui\u00e9n me ha robado el mes de abril<\/em>\n<em>C\u00f3mo pudo sucederme a m\u00ed<\/em>\n<em>Qui\u00e9n me ha robado el mes de abril<\/em>\n<em>Lo guardaba en el caj\u00f3n<\/em>\n<em>Donde guardo el coraz\u00f3n\u2026\u201d <strong>(Joaqu\u00edn Sabina)<\/strong><\/em><\/span><\/pre>\n\n\n\n<div style=\"height:37px\" aria-hidden=\"true\" class=\"wp-block-spacer\"><\/div>\n\n\n\n<p style=\"font-size:22px\" class=\"has-background has-luminous-vivid-amber-background-color\"><strong>EFEM\u00c9RIDES<\/strong><\/p>\n\n\n\n<ul class=\"wp-block-list\"><li>El 5, Domingo de Ramos<\/li><li>El 7, D\u00eda Mundial de la Concienciaci\u00f3n del Autismo. D\u00eda mundial de la Salud.<\/li><li><strong>El 9, Jueves Santo<\/strong><\/li><li><strong>El 10, Viernes Santo.<\/strong><\/li><li><strong>El 12, Domingo de Resurrecci\u00f3n<\/strong><\/li><li>El 22, D\u00eda Internacional de la Madre Tierra.<\/li><li>El 23, D\u00eda Mundial del Libro. Fiesta Comunidad Castilla y Le\u00f3n.<\/li><li>El 28, D\u00eda Mundial de la Seguridad y la Salud en el Trabajo.<\/li><\/ul>\n\n\n\n<hr class=\"wp-block-separator\"\/>\n\n\n\n<p>Para algunos significar\u00e1 empezar de nuevo una vez m\u00e1s, otros cambiar\u00e1n sus h\u00e1bitos sociales y habr\u00e1 que lidiar con las secuelas de esta pandemia mundial.<\/p>\n\n\n\n<p>Los besos y abrazos siguen relegados al futuro, volver a pisar las calles de Mecerreyes sigue siendo una inc\u00f3gnita, pero lo que es real es que las nuevas tecnolog\u00edas nos acercan una vez m\u00e1s para mantenernos unidos. <\/p>\n\n\n\n<p style=\"font-size:22px\" class=\"has-text-color has-background has-very-dark-gray-color has-luminous-vivid-amber-background-color\"><strong><a  href=\"https:\/\/www.mecerreyes.com\/mece\/?page_id=48\">SEMANA SANTA<\/a><\/strong><\/p>\n\n\n\n<div class=\"wp-block-media-text alignwide is-stacked-on-mobile\"><figure class=\"wp-block-media-text__media\"><img loading=\"lazy\" decoding=\"async\" width=\"1024\" height=\"768\" src=\"http:\/\/www.mecerreyes.com\/mece\/wp-content\/uploads\/2020\/04\/Nuestro-p\u00e1rroco-Roberto-Santamar\u00eda-abril-2020-1024x768.jpg\" alt=\"\" class=\"wp-image-19931\" srcset=\"https:\/\/www.mecerreyes.com\/mece\/wp-content\/uploads\/2020\/04\/Nuestro-p\u00e1rroco-Roberto-Santamar\u00eda-abril-2020-1024x768.jpg 1024w, https:\/\/www.mecerreyes.com\/mece\/wp-content\/uploads\/2020\/04\/Nuestro-p\u00e1rroco-Roberto-Santamar\u00eda-abril-2020-300x225.jpg 300w, https:\/\/www.mecerreyes.com\/mece\/wp-content\/uploads\/2020\/04\/Nuestro-p\u00e1rroco-Roberto-Santamar\u00eda-abril-2020-768x576.jpg 768w, https:\/\/www.mecerreyes.com\/mece\/wp-content\/uploads\/2020\/04\/Nuestro-p\u00e1rroco-Roberto-Santamar\u00eda-abril-2020-1536x1152.jpg 1536w, https:\/\/www.mecerreyes.com\/mece\/wp-content\/uploads\/2020\/04\/Nuestro-p\u00e1rroco-Roberto-Santamar\u00eda-abril-2020-1080x810.jpg 1080w, https:\/\/www.mecerreyes.com\/mece\/wp-content\/uploads\/2020\/04\/Nuestro-p\u00e1rroco-Roberto-Santamar\u00eda-abril-2020.jpg 1600w\" sizes=\"(max-width: 1024px) 100vw, 1024px\" \/><\/figure><div class=\"wp-block-media-text__content\">\n<p class=\"has-normal-font-size\">Un mes de Pascua de Resurrecci\u00f3n que para los creyentes ayuda a la esperanza. Nuestro p\u00e1rroco Roberto Santamar\u00eda nos hizo llegar su oraci\u00f3n<\/p>\n<\/div><\/div>\n\n\n\n<hr class=\"wp-block-separator\"\/>\n\n\n\n<div class=\"wp-block-image\"><figure class=\"aligncenter size-large is-resized\"><img loading=\"lazy\" decoding=\"async\" src=\"http:\/\/www.mecerreyes.com\/mece\/wp-content\/uploads\/2020\/04\/Domingo-de-Ramos-Mecerreyes-abril-2020-1024x1024.jpg\" alt=\"\" class=\"wp-image-20035\" width=\"428\" height=\"428\" srcset=\"https:\/\/www.mecerreyes.com\/mece\/wp-content\/uploads\/2020\/04\/Domingo-de-Ramos-Mecerreyes-abril-2020-1024x1024.jpg 1024w, https:\/\/www.mecerreyes.com\/mece\/wp-content\/uploads\/2020\/04\/Domingo-de-Ramos-Mecerreyes-abril-2020-300x300.jpg 300w, https:\/\/www.mecerreyes.com\/mece\/wp-content\/uploads\/2020\/04\/Domingo-de-Ramos-Mecerreyes-abril-2020-150x150.jpg 150w, https:\/\/www.mecerreyes.com\/mece\/wp-content\/uploads\/2020\/04\/Domingo-de-Ramos-Mecerreyes-abril-2020-768x768.jpg 768w, https:\/\/www.mecerreyes.com\/mece\/wp-content\/uploads\/2020\/04\/Domingo-de-Ramos-Mecerreyes-abril-2020-1536x1536.jpg 1536w, https:\/\/www.mecerreyes.com\/mece\/wp-content\/uploads\/2020\/04\/Domingo-de-Ramos-Mecerreyes-abril-2020-1080x1080.jpg 1080w, https:\/\/www.mecerreyes.com\/mece\/wp-content\/uploads\/2020\/04\/Domingo-de-Ramos-Mecerreyes-abril-2020-440x440.jpg 440w, https:\/\/www.mecerreyes.com\/mece\/wp-content\/uploads\/2020\/04\/Domingo-de-Ramos-Mecerreyes-abril-2020.jpg 1920w\" sizes=\"(max-width: 428px) 100vw, 428px\" \/><figcaption><strong>Los ni\u00f1os nos muestran la imaginaci\u00f3n para decorar la ventana el Domingo de Ramos<\/strong><\/figcaption><\/figure><\/div>\n\n\n\n<p>Hemos vivido la <a  href=\"https:\/\/www.mecerreyes.com\/mece\/?page_id=48\">Semana Santa<\/a> en casa, pero Maricarmen Mambrillas nos ha imbuido con sus fotos en la comunidad parroquial que formamos los de Mecerreyes.<\/p>\n\n\n\n<div class=\"wp-block-image\"><figure class=\"aligncenter size-large is-resized\"><img loading=\"lazy\" decoding=\"async\" src=\"http:\/\/www.mecerreyes.com\/mece\/wp-content\/uploads\/2020\/04\/Polish_20200418_154433735-1024x1024.jpg\" alt=\"\" class=\"wp-image-19925\" width=\"436\" height=\"436\" srcset=\"https:\/\/www.mecerreyes.com\/mece\/wp-content\/uploads\/2020\/04\/Polish_20200418_154433735-1024x1024.jpg 1024w, https:\/\/www.mecerreyes.com\/mece\/wp-content\/uploads\/2020\/04\/Polish_20200418_154433735-300x300.jpg 300w, https:\/\/www.mecerreyes.com\/mece\/wp-content\/uploads\/2020\/04\/Polish_20200418_154433735-150x150.jpg 150w, https:\/\/www.mecerreyes.com\/mece\/wp-content\/uploads\/2020\/04\/Polish_20200418_154433735-768x768.jpg 768w, https:\/\/www.mecerreyes.com\/mece\/wp-content\/uploads\/2020\/04\/Polish_20200418_154433735-1536x1536.jpg 1536w, https:\/\/www.mecerreyes.com\/mece\/wp-content\/uploads\/2020\/04\/Polish_20200418_154433735-1080x1080.jpg 1080w, https:\/\/www.mecerreyes.com\/mece\/wp-content\/uploads\/2020\/04\/Polish_20200418_154433735-440x440.jpg 440w, https:\/\/www.mecerreyes.com\/mece\/wp-content\/uploads\/2020\/04\/Polish_20200418_154433735.jpg 1920w\" sizes=\"(max-width: 436px) 100vw, 436px\" \/><\/figure><\/div>\n\n\n\n<figure class=\"wp-block-gallery columns-4 is-cropped wp-block-gallery-1 is-layout-flex wp-block-gallery-is-layout-flex\"><ul class=\"blocks-gallery-grid\"><li class=\"blocks-gallery-item\"><figure><a  href=\"http:\/\/www.mecerreyes.com\/mece\/wp-content\/uploads\/2020\/04\/Mecerreyes-Semana-Santa-3.jpg\" class=\"thickbox no_icon\" title=\"\"><img loading=\"lazy\" decoding=\"async\" width=\"200\" height=\"300\" src=\"http:\/\/www.mecerreyes.com\/mece\/wp-content\/uploads\/2020\/04\/Mecerreyes-Semana-Santa-3-200x300.jpg\" alt=\"\" data-id=\"19897\" data-full-url=\"http:\/\/www.mecerreyes.com\/mece\/wp-content\/uploads\/2020\/04\/Mecerreyes-Semana-Santa-3.jpg\" data-link=\"http:\/\/www.mecerreyes.com\/mece\/?attachment_id=19897\" class=\"wp-image-19897\" srcset=\"https:\/\/www.mecerreyes.com\/mece\/wp-content\/uploads\/2020\/04\/Mecerreyes-Semana-Santa-3-200x300.jpg 200w, https:\/\/www.mecerreyes.com\/mece\/wp-content\/uploads\/2020\/04\/Mecerreyes-Semana-Santa-3-683x1024.jpg 683w, https:\/\/www.mecerreyes.com\/mece\/wp-content\/uploads\/2020\/04\/Mecerreyes-Semana-Santa-3-768x1152.jpg 768w, https:\/\/www.mecerreyes.com\/mece\/wp-content\/uploads\/2020\/04\/Mecerreyes-Semana-Santa-3-1024x1536.jpg 1024w, https:\/\/www.mecerreyes.com\/mece\/wp-content\/uploads\/2020\/04\/Mecerreyes-Semana-Santa-3-1080x1620.jpg 1080w, https:\/\/www.mecerreyes.com\/mece\/wp-content\/uploads\/2020\/04\/Mecerreyes-Semana-Santa-3.jpg 1365w\" sizes=\"(max-width: 200px) 100vw, 200px\" \/><\/a><\/figure><\/li><li class=\"blocks-gallery-item\"><figure><a  href=\"http:\/\/www.mecerreyes.com\/mece\/wp-content\/uploads\/2020\/04\/Mecerreyes-Semana-Santa-4.jpg\" class=\"thickbox no_icon\" title=\"\"><img loading=\"lazy\" decoding=\"async\" width=\"300\" height=\"198\" src=\"http:\/\/www.mecerreyes.com\/mece\/wp-content\/uploads\/2020\/04\/Mecerreyes-Semana-Santa-4-300x198.jpg\" alt=\"\" data-id=\"19898\" data-full-url=\"http:\/\/www.mecerreyes.com\/mece\/wp-content\/uploads\/2020\/04\/Mecerreyes-Semana-Santa-4.jpg\" data-link=\"http:\/\/www.mecerreyes.com\/mece\/?attachment_id=19898\" class=\"wp-image-19898\" srcset=\"https:\/\/www.mecerreyes.com\/mece\/wp-content\/uploads\/2020\/04\/Mecerreyes-Semana-Santa-4-300x198.jpg 300w, https:\/\/www.mecerreyes.com\/mece\/wp-content\/uploads\/2020\/04\/Mecerreyes-Semana-Santa-4-1024x675.jpg 1024w, https:\/\/www.mecerreyes.com\/mece\/wp-content\/uploads\/2020\/04\/Mecerreyes-Semana-Santa-4-768x506.jpg 768w, https:\/\/www.mecerreyes.com\/mece\/wp-content\/uploads\/2020\/04\/Mecerreyes-Semana-Santa-4-1536x1013.jpg 1536w, https:\/\/www.mecerreyes.com\/mece\/wp-content\/uploads\/2020\/04\/Mecerreyes-Semana-Santa-4-1080x712.jpg 1080w, https:\/\/www.mecerreyes.com\/mece\/wp-content\/uploads\/2020\/04\/Mecerreyes-Semana-Santa-4.jpg 2048w\" sizes=\"(max-width: 300px) 100vw, 300px\" \/><\/a><\/figure><\/li><li class=\"blocks-gallery-item\"><figure><a  href=\"http:\/\/www.mecerreyes.com\/mece\/wp-content\/uploads\/2020\/04\/Mecerreyes-Semana-Santa-1.jpg\" class=\"thickbox no_icon\" title=\"\"><img loading=\"lazy\" decoding=\"async\" width=\"216\" height=\"300\" src=\"http:\/\/www.mecerreyes.com\/mece\/wp-content\/uploads\/2020\/04\/Mecerreyes-Semana-Santa-1-216x300.jpg\" alt=\"\" data-id=\"19899\" data-full-url=\"http:\/\/www.mecerreyes.com\/mece\/wp-content\/uploads\/2020\/04\/Mecerreyes-Semana-Santa-1.jpg\" data-link=\"http:\/\/www.mecerreyes.com\/mece\/?attachment_id=19899\" class=\"wp-image-19899\" srcset=\"https:\/\/www.mecerreyes.com\/mece\/wp-content\/uploads\/2020\/04\/Mecerreyes-Semana-Santa-1-216x300.jpg 216w, https:\/\/www.mecerreyes.com\/mece\/wp-content\/uploads\/2020\/04\/Mecerreyes-Semana-Santa-1-738x1024.jpg 738w, https:\/\/www.mecerreyes.com\/mece\/wp-content\/uploads\/2020\/04\/Mecerreyes-Semana-Santa-1-768x1066.jpg 768w, https:\/\/www.mecerreyes.com\/mece\/wp-content\/uploads\/2020\/04\/Mecerreyes-Semana-Santa-1-1107x1536.jpg 1107w, https:\/\/www.mecerreyes.com\/mece\/wp-content\/uploads\/2020\/04\/Mecerreyes-Semana-Santa-1-1080x1499.jpg 1080w, https:\/\/www.mecerreyes.com\/mece\/wp-content\/uploads\/2020\/04\/Mecerreyes-Semana-Santa-1.jpg 1476w\" sizes=\"(max-width: 216px) 100vw, 216px\" \/><\/a><\/figure><\/li><li class=\"blocks-gallery-item\"><figure><a  href=\"http:\/\/www.mecerreyes.com\/mece\/wp-content\/uploads\/2020\/04\/Mecerreyes-Semana-Santa-2.jpg\" class=\"thickbox no_icon\" title=\"\"><img loading=\"lazy\" decoding=\"async\" width=\"200\" height=\"300\" src=\"http:\/\/www.mecerreyes.com\/mece\/wp-content\/uploads\/2020\/04\/Mecerreyes-Semana-Santa-2-200x300.jpg\" alt=\"\" data-id=\"19900\" data-full-url=\"http:\/\/www.mecerreyes.com\/mece\/wp-content\/uploads\/2020\/04\/Mecerreyes-Semana-Santa-2.jpg\" data-link=\"http:\/\/www.mecerreyes.com\/mece\/?attachment_id=19900\" class=\"wp-image-19900\" srcset=\"https:\/\/www.mecerreyes.com\/mece\/wp-content\/uploads\/2020\/04\/Mecerreyes-Semana-Santa-2-200x300.jpg 200w, https:\/\/www.mecerreyes.com\/mece\/wp-content\/uploads\/2020\/04\/Mecerreyes-Semana-Santa-2-683x1024.jpg 683w, https:\/\/www.mecerreyes.com\/mece\/wp-content\/uploads\/2020\/04\/Mecerreyes-Semana-Santa-2-768x1152.jpg 768w, https:\/\/www.mecerreyes.com\/mece\/wp-content\/uploads\/2020\/04\/Mecerreyes-Semana-Santa-2-1024x1536.jpg 1024w, https:\/\/www.mecerreyes.com\/mece\/wp-content\/uploads\/2020\/04\/Mecerreyes-Semana-Santa-2-1080x1620.jpg 1080w, https:\/\/www.mecerreyes.com\/mece\/wp-content\/uploads\/2020\/04\/Mecerreyes-Semana-Santa-2.jpg 1365w\" sizes=\"(max-width: 200px) 100vw, 200px\" \/><\/a><\/figure><\/li><\/ul><figcaption class=\"blocks-gallery-caption\"><strong>A falta de fotos de la <a  href=\"https:\/\/www.mecerreyes.com\/mece\/?page_id=48\">Semana Santa<\/a> de este a\u00f1o, Fernando Alonso, nos presta sus fotos de bastantes a\u00f1os atr\u00e1s. Bonito recuerdo. Gracias<\/strong><\/figcaption><\/figure>\n\n\n\n<div style=\"height:38px\" aria-hidden=\"true\" class=\"wp-block-spacer\"><\/div>\n\n\n\n<p style=\"font-size:22px\" class=\"has-text-color has-background has-very-dark-gray-color has-luminous-vivid-amber-background-color\"><strong>DESDE MECERREYES<\/strong><\/p>\n\n\n\n<p>Se siguen sumando muestras de agradecimiento para los que est\u00e1is en el pueblo haciendo m\u00e1s f\u00e1cil la obtenci\u00f3n de medicinas y para los que os preocup\u00e1is de comprobar que los que viven solos tengan un saludo diario. GRACIAS<\/p>\n\n\n\n<p>Deseando se pueda ir a cuidar los huertos, actividad principalmente desempe\u00f1ada por vecinos en edad de riesgo, pero debemos tener cuidado de no llevar desde las capitales el virus a los pueblos, entendiendo que en Mecerreyes concretamente \u00e9sta es una actividad de ocio.<\/p>\n\n\n\n<div class=\"wp-block-image\"><figure class=\"aligncenter size-large is-resized\"><img loading=\"lazy\" decoding=\"async\" src=\"http:\/\/www.mecerreyes.com\/mece\/wp-content\/uploads\/2020\/04\/Ayuntamiento-03-Bando-17-04-2020-757x1024.jpg\" alt=\"\" class=\"wp-image-19949\" width=\"420\" height=\"567\" srcset=\"https:\/\/www.mecerreyes.com\/mece\/wp-content\/uploads\/2020\/04\/Ayuntamiento-03-Bando-17-04-2020-757x1024.jpg 757w, https:\/\/www.mecerreyes.com\/mece\/wp-content\/uploads\/2020\/04\/Ayuntamiento-03-Bando-17-04-2020-222x300.jpg 222w, https:\/\/www.mecerreyes.com\/mece\/wp-content\/uploads\/2020\/04\/Ayuntamiento-03-Bando-17-04-2020-768x1039.jpg 768w, https:\/\/www.mecerreyes.com\/mece\/wp-content\/uploads\/2020\/04\/Ayuntamiento-03-Bando-17-04-2020.jpg 981w\" sizes=\"(max-width: 420px) 100vw, 420px\" \/><\/figure><\/div>\n\n\n\n<div class=\"wp-block-media-text alignwide has-media-on-the-right is-stacked-on-mobile\" style=\"grid-template-columns:auto 40%\"><figure class=\"wp-block-media-text__media\"><img loading=\"lazy\" decoding=\"async\" width=\"1024\" height=\"768\" src=\"http:\/\/www.mecerreyes.com\/mece\/wp-content\/uploads\/2020\/04\/Plantas-para-la-huerta-abril-2020-Mecerreyes-1024x768.jpg\" alt=\"\" class=\"wp-image-19935\" srcset=\"https:\/\/www.mecerreyes.com\/mece\/wp-content\/uploads\/2020\/04\/Plantas-para-la-huerta-abril-2020-Mecerreyes-1024x768.jpg 1024w, https:\/\/www.mecerreyes.com\/mece\/wp-content\/uploads\/2020\/04\/Plantas-para-la-huerta-abril-2020-Mecerreyes-300x225.jpg 300w, https:\/\/www.mecerreyes.com\/mece\/wp-content\/uploads\/2020\/04\/Plantas-para-la-huerta-abril-2020-Mecerreyes-768x576.jpg 768w, https:\/\/www.mecerreyes.com\/mece\/wp-content\/uploads\/2020\/04\/Plantas-para-la-huerta-abril-2020-Mecerreyes-1536x1152.jpg 1536w, https:\/\/www.mecerreyes.com\/mece\/wp-content\/uploads\/2020\/04\/Plantas-para-la-huerta-abril-2020-Mecerreyes-1080x810.jpg 1080w, https:\/\/www.mecerreyes.com\/mece\/wp-content\/uploads\/2020\/04\/Plantas-para-la-huerta-abril-2020-Mecerreyes.jpg 2016w\" sizes=\"(max-width: 1024px) 100vw, 1024px\" \/><\/figure><div class=\"wp-block-media-text__content\">\n<p class=\"has-normal-font-size\">Las plantas de tomates y pimientos esperan en las terrazas para cuando se pueda. La temporada de setas la aprovecharemos ya la pr\u00f3xima primavera.<\/p>\n<\/div><\/div>\n\n\n\n<p><\/p>\n\n\n\n<pre class=\"wp-block-verse has-text-align-center\"><em>\n<span style=\"color:#1014f5\" class=\"has-inline-color\"><em>\u201c\u2026Entre las cenizas se asoma la tierra<\/em>\n<em>Siempre habr\u00e1 ra\u00edces que esperan al sol<\/em>\n<em>Solo nacen h\u00e9roes en tiempos de guerra<\/em>\n<em>Y esa es su voz, y esa es su voz\u2026\u201d <strong>(Bustamante)<\/strong><\/em><\/span><\/em><\/pre>\n\n\n\n<div style=\"height:37px\" aria-hidden=\"true\" class=\"wp-block-spacer\"><\/div>\n\n\n\n<p style=\"font-size:22px\" class=\"has-text-color has-background has-very-dark-gray-color has-luminous-vivid-amber-background-color\"><strong>J\u00d3VENES GUILETOS<\/strong><\/p>\n\n\n\n<p>La recopilaci\u00f3n de estas noticias tiene un denominador com\u00fan, j\u00f3venes guiletos tenaces que triunfan y emprenden.<\/p>\n\n\n\n<div style=\"height:20px\" aria-hidden=\"true\" class=\"wp-block-spacer\"><\/div>\n\n\n\n<div class=\"wp-block-group is-layout-flow wp-block-group-is-layout-flow\"><div class=\"wp-block-group__inner-container\"><\/div><\/div>\n\n\n\n<div class=\"wp-block-media-text alignwide is-stacked-on-mobile is-vertically-aligned-top\" style=\"grid-template-columns:26% auto\"><figure class=\"wp-block-media-text__media\"><img loading=\"lazy\" decoding=\"async\" width=\"276\" height=\"383\" src=\"http:\/\/www.mecerreyes.com\/mece\/wp-content\/uploads\/2020\/04\/Sara-Santamar\u00eda-Garilleti.jpg\" alt=\"\" class=\"wp-image-19973\" srcset=\"https:\/\/www.mecerreyes.com\/mece\/wp-content\/uploads\/2020\/04\/Sara-Santamar\u00eda-Garilleti.jpg 276w, https:\/\/www.mecerreyes.com\/mece\/wp-content\/uploads\/2020\/04\/Sara-Santamar\u00eda-Garilleti-216x300.jpg 216w\" sizes=\"(max-width: 276px) 100vw, 276px\" \/><\/figure><div class=\"wp-block-media-text__content\">\n<p style=\"font-size:17px\"><strong><span style=\"color:#152cf8\" class=\"has-inline-color\">SARA SANTAMAR\u00cdA GARILLETI<\/span> <\/strong>Estudiante de 6\u00ba de medicina hace ya 7 a\u00f1os hizo un trabajo monogr\u00e1fico sobre la gripe espa\u00f1ola centrando su foco en lo ocurrido en Mecerreyes en 1918, el estudio sobre sus fuentes primarias dieron como resultado varias conclusiones y la certeza de que en nuestro pueblo la prevalencia de la gripe fue mayor que en el resto de la provincia, hecho \u00e9ste que recordaba el &nbsp;reconocido epidemi\u00f3logo del Hospital Universitario de Burgos Jos\u00e9 Luis Y\u00e1\u00f1ez en una entrevista de la televisi\u00f3n local.<\/p>\n<\/div><\/div>\n\n\n\n<p class=\"has-text-color has-vivid-cyan-blue-color\"><strong>Ver final del v\u00eddeo (minuto 1:07:46) &#8211; &#8211; &#8211; &#8211;  TELEVISI\u00d3N NOTICIAS 8 BURGOS<\/strong><\/p>\n\n\n\n<figure class=\"wp-block-embed-youtube wp-block-embed is-type-video is-provider-youtube wp-embed-aspect-16-9 wp-has-aspect-ratio\"><div class=\"wp-block-embed__wrapper\">\n<iframe loading=\"lazy\" title=\"Noticias 8 Edici\u00f3n Noche 15-04-20\" width=\"1080\" height=\"608\" src=\"https:\/\/www.youtube.com\/embed\/jJeS1ppMvwo?feature=oembed\" frameborder=\"0\" allow=\"accelerometer; autoplay; encrypted-media; gyroscope; picture-in-picture\" allowfullscreen><\/iframe>\n<\/div><\/figure>\n\n\n\n<p class=\"has-text-color has-vivid-cyan-blue-color\"><strong>Y si quieres leer el trabajo de Sara Santamar\u00eda publicado en la Web en marzo de 2015, te dejamos el enlace al final de estas noticias.<\/strong><\/p>\n\n\n\n<div style=\"height:41px\" aria-hidden=\"true\" class=\"wp-block-spacer\"><\/div>\n\n\n\n<p style=\"font-size:17px\"><strong><span style=\"color:#2d13f6\" class=\"has-inline-color\">VIRGINIA L\u00d3PE ALONSO<\/span><\/strong> en representaci\u00f3n del negocio familiar sigue aprendiendo nuevas t\u00e9cnicas y estrategias para dar el mejor servicio en el sector c\u00e1rnico.<\/p>\n\n\n\n<hr class=\"wp-block-separator\"\/>\n\n\n\n<figure class=\"wp-block-embed-youtube wp-block-embed is-type-video is-provider-youtube wp-embed-aspect-16-9 wp-has-aspect-ratio\"><div class=\"wp-block-embed__wrapper\">\n<iframe loading=\"lazy\" title=\"Entrevista a Virginia Lope - Escuela de Carniceros\" width=\"1080\" height=\"608\" src=\"https:\/\/www.youtube.com\/embed\/yyqgfkhwGEo?feature=oembed\" frameborder=\"0\" allow=\"accelerometer; autoplay; encrypted-media; gyroscope; picture-in-picture\" allowfullscreen><\/iframe>\n<\/div><\/figure>\n\n\n\n<div style=\"height:40px\" aria-hidden=\"true\" class=\"wp-block-spacer\"><\/div>\n\n\n\n<p style=\"font-size:17px\" class=\"has-text-color has-very-dark-gray-color\"><strong><span style=\"color:#3218f8\" class=\"has-inline-color\">JUAN CARLOS BENITO SANTAMAR\u00cdA<\/span><\/strong>, triunfa en Londres, situ\u00e1ndose como el sastre espa\u00f1ol de moda en una firma de consolidado prestigio ingl\u00e9s.             <\/p>\n\n\n\n<p class=\"has-text-color has-vivid-cyan-blue-color\">                 <strong>Leer los art\u00edculos completos en los siguientes enlaces:<\/strong><\/p>\n\n\n\n<div class=\"wp-block-buttons is-layout-flex wp-block-buttons-is-layout-flex\">\n<div class=\"wp-block-button\"><a  class=\"wp-block-button__link has-text-color has-very-light-gray-color has-background has-vivid-cyan-blue-background-color\" href=\"https:\/\/www.expansion.com\/fueradeserie\/moda-y-caprichos\/2020\/01\/30\/5e285c24468aebd87b8b4657.html\" target=\"_blank\" rel=\"noreferrer noopener\">Revista Expansi\u00f3n<\/a><\/div>\n\n\n\n<div class=\"wp-block-button is-style-fill\"><a  class=\"wp-block-button__link has-background has-vivid-cyan-blue-background-color\" href=\"https:\/\/es.fashionnetwork.com\/news\/Hackett-se-instala-en-savile-row-y-ficha-a-un-sastre-espanol,1181760.html\" target=\"_blank\" rel=\"noreferrer noopener\">Revista Fashion Network<\/a><\/div>\n<\/div>\n\n\n\n<div style=\"height:42px\" aria-hidden=\"true\" class=\"wp-block-spacer\"><\/div>\n\n\n\n<p style=\"font-size:22px\" class=\"has-text-color has-background has-very-dark-gray-color has-luminous-vivid-amber-background-color\"><strong>RECORTABLES<\/strong><\/p>\n\n\n\n<p><span style=\"color:#1b0fff\" class=\"has-inline-color\"><strong>\u00d3SCAR FONTURBEL ROMERO<\/strong><\/span> le conocemos en su faceta art\u00edstica como el dise\u00f1ador de los bocetos de las mascaradas de carnaval plasmados en las tazas que la Asociaci\u00f3n Cultural Mecerreyes tiene como merchan.<\/p>\n\n\n\n<p>Su particular y depurada t\u00e9cnica de dibujo la podemos ver de nuevo en estos <strong>recortables <\/strong>que nos retrotraen al pasado. \u00d3scar los pone a nuestra disposici\u00f3n para que los ni\u00f1os puedan descargarlos y pasar un rato agradable jugando en estos d\u00edas de confinamiento<\/p>\n\n\n\n<p><\/p>\n\n\n\n<div style=\"height:34px\" aria-hidden=\"true\" class=\"wp-block-spacer\"><\/div>\n\n\n\n<figure class=\"wp-block-gallery columns-3 is-cropped wp-block-gallery-2 is-layout-flex wp-block-gallery-is-layout-flex\"><ul class=\"blocks-gallery-grid\"><li class=\"blocks-gallery-item\"><figure><a  href=\"http:\/\/www.mecerreyes.com\/mece\/wp-content\/uploads\/2020\/04\/0-RECORTABLES-cuerpos-COLOR-autor-\u00d3scar-Fonturbel-abril-2020-.jpg\" class=\"thickbox no_icon\" title=\"\"><img loading=\"lazy\" decoding=\"async\" width=\"300\" height=\"210\" src=\"http:\/\/www.mecerreyes.com\/mece\/wp-content\/uploads\/2020\/04\/0-RECORTABLES-cuerpos-COLOR-autor-\u00d3scar-Fonturbel-abril-2020--300x210.jpg\" alt=\"\" data-id=\"19903\" data-full-url=\"http:\/\/www.mecerreyes.com\/mece\/wp-content\/uploads\/2020\/04\/0-RECORTABLES-cuerpos-COLOR-autor-\u00d3scar-Fonturbel-abril-2020-.jpg\" data-link=\"http:\/\/www.mecerreyes.com\/mece\/?attachment_id=19903\" class=\"wp-image-19903\" srcset=\"https:\/\/www.mecerreyes.com\/mece\/wp-content\/uploads\/2020\/04\/0-RECORTABLES-cuerpos-COLOR-autor-\u00d3scar-Fonturbel-abril-2020--300x210.jpg 300w, https:\/\/www.mecerreyes.com\/mece\/wp-content\/uploads\/2020\/04\/0-RECORTABLES-cuerpos-COLOR-autor-\u00d3scar-Fonturbel-abril-2020--1024x718.jpg 1024w, https:\/\/www.mecerreyes.com\/mece\/wp-content\/uploads\/2020\/04\/0-RECORTABLES-cuerpos-COLOR-autor-\u00d3scar-Fonturbel-abril-2020--768x538.jpg 768w, https:\/\/www.mecerreyes.com\/mece\/wp-content\/uploads\/2020\/04\/0-RECORTABLES-cuerpos-COLOR-autor-\u00d3scar-Fonturbel-abril-2020--1536x1077.jpg 1536w, https:\/\/www.mecerreyes.com\/mece\/wp-content\/uploads\/2020\/04\/0-RECORTABLES-cuerpos-COLOR-autor-\u00d3scar-Fonturbel-abril-2020--2048x1436.jpg 2048w, https:\/\/www.mecerreyes.com\/mece\/wp-content\/uploads\/2020\/04\/0-RECORTABLES-cuerpos-COLOR-autor-\u00d3scar-Fonturbel-abril-2020--1080x757.jpg 1080w\" sizes=\"(max-width: 300px) 100vw, 300px\" \/><\/a><\/figure><\/li><li class=\"blocks-gallery-item\"><figure><a  href=\"http:\/\/www.mecerreyes.com\/mece\/wp-content\/uploads\/2020\/04\/1-RECORTABLES-NI\u00d1AS-1-COLOR-autor-\u00d3scar-Fonturbel-abril-2020-.jpg\" class=\"thickbox no_icon\" title=\"\"><img loading=\"lazy\" decoding=\"async\" width=\"300\" height=\"215\" src=\"http:\/\/www.mecerreyes.com\/mece\/wp-content\/uploads\/2020\/04\/1-RECORTABLES-NI\u00d1AS-1-COLOR-autor-\u00d3scar-Fonturbel-abril-2020--300x215.jpg\" alt=\"\" data-id=\"19904\" data-full-url=\"http:\/\/www.mecerreyes.com\/mece\/wp-content\/uploads\/2020\/04\/1-RECORTABLES-NI\u00d1AS-1-COLOR-autor-\u00d3scar-Fonturbel-abril-2020-.jpg\" data-link=\"http:\/\/www.mecerreyes.com\/mece\/?attachment_id=19904\" class=\"wp-image-19904\" srcset=\"https:\/\/www.mecerreyes.com\/mece\/wp-content\/uploads\/2020\/04\/1-RECORTABLES-NI\u00d1AS-1-COLOR-autor-\u00d3scar-Fonturbel-abril-2020--300x215.jpg 300w, https:\/\/www.mecerreyes.com\/mece\/wp-content\/uploads\/2020\/04\/1-RECORTABLES-NI\u00d1AS-1-COLOR-autor-\u00d3scar-Fonturbel-abril-2020--1024x735.jpg 1024w, https:\/\/www.mecerreyes.com\/mece\/wp-content\/uploads\/2020\/04\/1-RECORTABLES-NI\u00d1AS-1-COLOR-autor-\u00d3scar-Fonturbel-abril-2020--768x551.jpg 768w, https:\/\/www.mecerreyes.com\/mece\/wp-content\/uploads\/2020\/04\/1-RECORTABLES-NI\u00d1AS-1-COLOR-autor-\u00d3scar-Fonturbel-abril-2020--1536x1103.jpg 1536w, https:\/\/www.mecerreyes.com\/mece\/wp-content\/uploads\/2020\/04\/1-RECORTABLES-NI\u00d1AS-1-COLOR-autor-\u00d3scar-Fonturbel-abril-2020--2048x1471.jpg 2048w, https:\/\/www.mecerreyes.com\/mece\/wp-content\/uploads\/2020\/04\/1-RECORTABLES-NI\u00d1AS-1-COLOR-autor-\u00d3scar-Fonturbel-abril-2020--1080x775.jpg 1080w\" sizes=\"(max-width: 300px) 100vw, 300px\" \/><\/a><\/figure><\/li><li class=\"blocks-gallery-item\"><figure><a  href=\"http:\/\/www.mecerreyes.com\/mece\/wp-content\/uploads\/2020\/04\/2-RECORTABLES-NI\u00d1AS-2-COLOR-autor-\u00d3scar-Fonturbel-abril-2020-.jpg\" class=\"thickbox no_icon\" title=\"\"><img loading=\"lazy\" decoding=\"async\" width=\"300\" height=\"216\" src=\"http:\/\/www.mecerreyes.com\/mece\/wp-content\/uploads\/2020\/04\/2-RECORTABLES-NI\u00d1AS-2-COLOR-autor-\u00d3scar-Fonturbel-abril-2020--300x216.jpg\" alt=\"\" data-id=\"19905\" data-full-url=\"http:\/\/www.mecerreyes.com\/mece\/wp-content\/uploads\/2020\/04\/2-RECORTABLES-NI\u00d1AS-2-COLOR-autor-\u00d3scar-Fonturbel-abril-2020-.jpg\" data-link=\"http:\/\/www.mecerreyes.com\/mece\/?attachment_id=19905\" class=\"wp-image-19905\" srcset=\"https:\/\/www.mecerreyes.com\/mece\/wp-content\/uploads\/2020\/04\/2-RECORTABLES-NI\u00d1AS-2-COLOR-autor-\u00d3scar-Fonturbel-abril-2020--300x216.jpg 300w, https:\/\/www.mecerreyes.com\/mece\/wp-content\/uploads\/2020\/04\/2-RECORTABLES-NI\u00d1AS-2-COLOR-autor-\u00d3scar-Fonturbel-abril-2020--1024x737.jpg 1024w, https:\/\/www.mecerreyes.com\/mece\/wp-content\/uploads\/2020\/04\/2-RECORTABLES-NI\u00d1AS-2-COLOR-autor-\u00d3scar-Fonturbel-abril-2020--768x552.jpg 768w, https:\/\/www.mecerreyes.com\/mece\/wp-content\/uploads\/2020\/04\/2-RECORTABLES-NI\u00d1AS-2-COLOR-autor-\u00d3scar-Fonturbel-abril-2020--1536x1105.jpg 1536w, https:\/\/www.mecerreyes.com\/mece\/wp-content\/uploads\/2020\/04\/2-RECORTABLES-NI\u00d1AS-2-COLOR-autor-\u00d3scar-Fonturbel-abril-2020--2048x1473.jpg 2048w, https:\/\/www.mecerreyes.com\/mece\/wp-content\/uploads\/2020\/04\/2-RECORTABLES-NI\u00d1AS-2-COLOR-autor-\u00d3scar-Fonturbel-abril-2020--1080x777.jpg 1080w\" sizes=\"(max-width: 300px) 100vw, 300px\" \/><\/a><\/figure><\/li><li class=\"blocks-gallery-item\"><figure><a  href=\"http:\/\/www.mecerreyes.com\/mece\/wp-content\/uploads\/2020\/04\/3-RECORTABLES-NI\u00d1AS-3-COLOR-autor-\u00d3scar-Fonturbel-abril-2020-.jpg\" class=\"thickbox no_icon\" title=\"\"><img loading=\"lazy\" decoding=\"async\" width=\"300\" height=\"214\" src=\"http:\/\/www.mecerreyes.com\/mece\/wp-content\/uploads\/2020\/04\/3-RECORTABLES-NI\u00d1AS-3-COLOR-autor-\u00d3scar-Fonturbel-abril-2020--300x214.jpg\" alt=\"\" data-id=\"19906\" data-full-url=\"http:\/\/www.mecerreyes.com\/mece\/wp-content\/uploads\/2020\/04\/3-RECORTABLES-NI\u00d1AS-3-COLOR-autor-\u00d3scar-Fonturbel-abril-2020-.jpg\" data-link=\"http:\/\/www.mecerreyes.com\/mece\/?attachment_id=19906\" class=\"wp-image-19906\" srcset=\"https:\/\/www.mecerreyes.com\/mece\/wp-content\/uploads\/2020\/04\/3-RECORTABLES-NI\u00d1AS-3-COLOR-autor-\u00d3scar-Fonturbel-abril-2020--300x214.jpg 300w, https:\/\/www.mecerreyes.com\/mece\/wp-content\/uploads\/2020\/04\/3-RECORTABLES-NI\u00d1AS-3-COLOR-autor-\u00d3scar-Fonturbel-abril-2020--1024x730.jpg 1024w, https:\/\/www.mecerreyes.com\/mece\/wp-content\/uploads\/2020\/04\/3-RECORTABLES-NI\u00d1AS-3-COLOR-autor-\u00d3scar-Fonturbel-abril-2020--768x548.jpg 768w, https:\/\/www.mecerreyes.com\/mece\/wp-content\/uploads\/2020\/04\/3-RECORTABLES-NI\u00d1AS-3-COLOR-autor-\u00d3scar-Fonturbel-abril-2020--1536x1096.jpg 1536w, https:\/\/www.mecerreyes.com\/mece\/wp-content\/uploads\/2020\/04\/3-RECORTABLES-NI\u00d1AS-3-COLOR-autor-\u00d3scar-Fonturbel-abril-2020--2048x1461.jpg 2048w, https:\/\/www.mecerreyes.com\/mece\/wp-content\/uploads\/2020\/04\/3-RECORTABLES-NI\u00d1AS-3-COLOR-autor-\u00d3scar-Fonturbel-abril-2020--400x284.jpg 400w, https:\/\/www.mecerreyes.com\/mece\/wp-content\/uploads\/2020\/04\/3-RECORTABLES-NI\u00d1AS-3-COLOR-autor-\u00d3scar-Fonturbel-abril-2020--1080x770.jpg 1080w\" sizes=\"(max-width: 300px) 100vw, 300px\" \/><\/a><\/figure><\/li><li class=\"blocks-gallery-item\"><figure><a  href=\"http:\/\/www.mecerreyes.com\/mece\/wp-content\/uploads\/2020\/04\/5-RECORTABLES-NI\u00d1OS-3-COLOR-autor-\u00d3scar-Fonturbel-abril-2020-.jpg\" class=\"thickbox no_icon\" title=\"\"><img loading=\"lazy\" decoding=\"async\" width=\"300\" height=\"214\" src=\"http:\/\/www.mecerreyes.com\/mece\/wp-content\/uploads\/2020\/04\/5-RECORTABLES-NI\u00d1OS-3-COLOR-autor-\u00d3scar-Fonturbel-abril-2020--300x214.jpg\" alt=\"\" data-id=\"19902\" data-full-url=\"http:\/\/www.mecerreyes.com\/mece\/wp-content\/uploads\/2020\/04\/5-RECORTABLES-NI\u00d1OS-3-COLOR-autor-\u00d3scar-Fonturbel-abril-2020-.jpg\" data-link=\"http:\/\/www.mecerreyes.com\/mece\/?attachment_id=19902\" class=\"wp-image-19902\" srcset=\"https:\/\/www.mecerreyes.com\/mece\/wp-content\/uploads\/2020\/04\/5-RECORTABLES-NI\u00d1OS-3-COLOR-autor-\u00d3scar-Fonturbel-abril-2020--300x214.jpg 300w, https:\/\/www.mecerreyes.com\/mece\/wp-content\/uploads\/2020\/04\/5-RECORTABLES-NI\u00d1OS-3-COLOR-autor-\u00d3scar-Fonturbel-abril-2020--1024x730.jpg 1024w, https:\/\/www.mecerreyes.com\/mece\/wp-content\/uploads\/2020\/04\/5-RECORTABLES-NI\u00d1OS-3-COLOR-autor-\u00d3scar-Fonturbel-abril-2020--768x548.jpg 768w, https:\/\/www.mecerreyes.com\/mece\/wp-content\/uploads\/2020\/04\/5-RECORTABLES-NI\u00d1OS-3-COLOR-autor-\u00d3scar-Fonturbel-abril-2020--1536x1096.jpg 1536w, https:\/\/www.mecerreyes.com\/mece\/wp-content\/uploads\/2020\/04\/5-RECORTABLES-NI\u00d1OS-3-COLOR-autor-\u00d3scar-Fonturbel-abril-2020--2048x1461.jpg 2048w, https:\/\/www.mecerreyes.com\/mece\/wp-content\/uploads\/2020\/04\/5-RECORTABLES-NI\u00d1OS-3-COLOR-autor-\u00d3scar-Fonturbel-abril-2020--400x284.jpg 400w, https:\/\/www.mecerreyes.com\/mece\/wp-content\/uploads\/2020\/04\/5-RECORTABLES-NI\u00d1OS-3-COLOR-autor-\u00d3scar-Fonturbel-abril-2020--1080x770.jpg 1080w\" sizes=\"(max-width: 300px) 100vw, 300px\" \/><\/a><\/figure><\/li><li class=\"blocks-gallery-item\"><figure><a  href=\"http:\/\/www.mecerreyes.com\/mece\/wp-content\/uploads\/2020\/04\/4-RECORTABLES-NI\u00d1OS-2-COLOR-autor-\u00d3scar-Fonturbel-abril-2020-.jpg\" class=\"thickbox no_icon\" title=\"\"><img loading=\"lazy\" decoding=\"async\" width=\"300\" height=\"215\" src=\"http:\/\/www.mecerreyes.com\/mece\/wp-content\/uploads\/2020\/04\/4-RECORTABLES-NI\u00d1OS-2-COLOR-autor-\u00d3scar-Fonturbel-abril-2020--300x215.jpg\" alt=\"\" data-id=\"19907\" data-full-url=\"http:\/\/www.mecerreyes.com\/mece\/wp-content\/uploads\/2020\/04\/4-RECORTABLES-NI\u00d1OS-2-COLOR-autor-\u00d3scar-Fonturbel-abril-2020-.jpg\" data-link=\"http:\/\/www.mecerreyes.com\/mece\/?attachment_id=19907\" class=\"wp-image-19907\" srcset=\"https:\/\/www.mecerreyes.com\/mece\/wp-content\/uploads\/2020\/04\/4-RECORTABLES-NI\u00d1OS-2-COLOR-autor-\u00d3scar-Fonturbel-abril-2020--300x215.jpg 300w, https:\/\/www.mecerreyes.com\/mece\/wp-content\/uploads\/2020\/04\/4-RECORTABLES-NI\u00d1OS-2-COLOR-autor-\u00d3scar-Fonturbel-abril-2020--1024x735.jpg 1024w, https:\/\/www.mecerreyes.com\/mece\/wp-content\/uploads\/2020\/04\/4-RECORTABLES-NI\u00d1OS-2-COLOR-autor-\u00d3scar-Fonturbel-abril-2020--768x551.jpg 768w, https:\/\/www.mecerreyes.com\/mece\/wp-content\/uploads\/2020\/04\/4-RECORTABLES-NI\u00d1OS-2-COLOR-autor-\u00d3scar-Fonturbel-abril-2020--1536x1103.jpg 1536w, https:\/\/www.mecerreyes.com\/mece\/wp-content\/uploads\/2020\/04\/4-RECORTABLES-NI\u00d1OS-2-COLOR-autor-\u00d3scar-Fonturbel-abril-2020--2048x1471.jpg 2048w, https:\/\/www.mecerreyes.com\/mece\/wp-content\/uploads\/2020\/04\/4-RECORTABLES-NI\u00d1OS-2-COLOR-autor-\u00d3scar-Fonturbel-abril-2020--1080x775.jpg 1080w\" sizes=\"(max-width: 300px) 100vw, 300px\" \/><\/a><\/figure><\/li><\/ul><\/figure>\n\n\n\n<div style=\"height:20px\" aria-hidden=\"true\" class=\"wp-block-spacer\"><\/div>\n\n\n\n<div class=\"wp-block-file\"><a  href=\"http:\/\/www.mecerreyes.com\/mece\/wp-content\/uploads\/2020\/04\/Recortables-coloreados-autor-\u00d3scar-Fonturbel-abril-2020.pdf\" target=\"_blank\" rel=\"noreferrer noopener\"><strong>Recortables coloreados, autor \u00d3scar Fonturbel, abril 2020<\/strong><\/a><a  href=\"http:\/\/www.mecerreyes.com\/mece\/wp-content\/uploads\/2020\/04\/Recortables-coloreados-autor-\u00d3scar-Fonturbel-abril-2020.pdf\" class=\"wp-block-file__button\" 0=\"download\">Descarga<\/a><\/div>\n\n\n\n<figure class=\"wp-block-gallery columns-3 is-cropped wp-block-gallery-3 is-layout-flex wp-block-gallery-is-layout-flex\"><ul class=\"blocks-gallery-grid\"><li class=\"blocks-gallery-item\"><figure><a  href=\"http:\/\/www.mecerreyes.com\/mece\/wp-content\/uploads\/2020\/04\/RECORTABLES-MU\u00d1ECOS-MIXTO-autor-\u00d3scar-Fonturbel-abril-2020.jpg\" class=\"thickbox no_icon\" title=\"\"><img loading=\"lazy\" decoding=\"async\" width=\"1024\" height=\"721\" src=\"http:\/\/www.mecerreyes.com\/mece\/wp-content\/uploads\/2020\/04\/RECORTABLES-MU\u00d1ECOS-MIXTO-autor-\u00d3scar-Fonturbel-abril-2020-1024x721.jpg\" alt=\"\" data-id=\"19913\" data-full-url=\"http:\/\/www.mecerreyes.com\/mece\/wp-content\/uploads\/2020\/04\/RECORTABLES-MU\u00d1ECOS-MIXTO-autor-\u00d3scar-Fonturbel-abril-2020.jpg\" data-link=\"http:\/\/www.mecerreyes.com\/mece\/?attachment_id=19913\" class=\"wp-image-19913\" srcset=\"https:\/\/www.mecerreyes.com\/mece\/wp-content\/uploads\/2020\/04\/RECORTABLES-MU\u00d1ECOS-MIXTO-autor-\u00d3scar-Fonturbel-abril-2020-1024x721.jpg 1024w, https:\/\/www.mecerreyes.com\/mece\/wp-content\/uploads\/2020\/04\/RECORTABLES-MU\u00d1ECOS-MIXTO-autor-\u00d3scar-Fonturbel-abril-2020-300x211.jpg 300w, https:\/\/www.mecerreyes.com\/mece\/wp-content\/uploads\/2020\/04\/RECORTABLES-MU\u00d1ECOS-MIXTO-autor-\u00d3scar-Fonturbel-abril-2020-768x541.jpg 768w, https:\/\/www.mecerreyes.com\/mece\/wp-content\/uploads\/2020\/04\/RECORTABLES-MU\u00d1ECOS-MIXTO-autor-\u00d3scar-Fonturbel-abril-2020-1536x1082.jpg 1536w, https:\/\/www.mecerreyes.com\/mece\/wp-content\/uploads\/2020\/04\/RECORTABLES-MU\u00d1ECOS-MIXTO-autor-\u00d3scar-Fonturbel-abril-2020-2048x1443.jpg 2048w, https:\/\/www.mecerreyes.com\/mece\/wp-content\/uploads\/2020\/04\/RECORTABLES-MU\u00d1ECOS-MIXTO-autor-\u00d3scar-Fonturbel-abril-2020-1080x761.jpg 1080w\" sizes=\"(max-width: 1024px) 100vw, 1024px\" \/><\/a><\/figure><\/li><li class=\"blocks-gallery-item\"><figure><a  href=\"http:\/\/www.mecerreyes.com\/mece\/wp-content\/uploads\/2020\/04\/RECORTABLES-NI\u00d1A-2-autor-\u00d3scar-Fonturbel-abril-2020.jpg\" class=\"thickbox no_icon\" title=\"\"><img loading=\"lazy\" decoding=\"async\" width=\"1024\" height=\"722\" src=\"http:\/\/www.mecerreyes.com\/mece\/wp-content\/uploads\/2020\/04\/RECORTABLES-NI\u00d1A-2-autor-\u00d3scar-Fonturbel-abril-2020-1024x722.jpg\" alt=\"\" data-id=\"19915\" data-full-url=\"http:\/\/www.mecerreyes.com\/mece\/wp-content\/uploads\/2020\/04\/RECORTABLES-NI\u00d1A-2-autor-\u00d3scar-Fonturbel-abril-2020.jpg\" data-link=\"http:\/\/www.mecerreyes.com\/mece\/?attachment_id=19915\" class=\"wp-image-19915\" srcset=\"https:\/\/www.mecerreyes.com\/mece\/wp-content\/uploads\/2020\/04\/RECORTABLES-NI\u00d1A-2-autor-\u00d3scar-Fonturbel-abril-2020-1024x722.jpg 1024w, https:\/\/www.mecerreyes.com\/mece\/wp-content\/uploads\/2020\/04\/RECORTABLES-NI\u00d1A-2-autor-\u00d3scar-Fonturbel-abril-2020-300x211.jpg 300w, https:\/\/www.mecerreyes.com\/mece\/wp-content\/uploads\/2020\/04\/RECORTABLES-NI\u00d1A-2-autor-\u00d3scar-Fonturbel-abril-2020-768x541.jpg 768w, https:\/\/www.mecerreyes.com\/mece\/wp-content\/uploads\/2020\/04\/RECORTABLES-NI\u00d1A-2-autor-\u00d3scar-Fonturbel-abril-2020-1536x1083.jpg 1536w, https:\/\/www.mecerreyes.com\/mece\/wp-content\/uploads\/2020\/04\/RECORTABLES-NI\u00d1A-2-autor-\u00d3scar-Fonturbel-abril-2020-2048x1444.jpg 2048w, https:\/\/www.mecerreyes.com\/mece\/wp-content\/uploads\/2020\/04\/RECORTABLES-NI\u00d1A-2-autor-\u00d3scar-Fonturbel-abril-2020-1080x761.jpg 1080w\" sizes=\"(max-width: 1024px) 100vw, 1024px\" \/><\/a><\/figure><\/li><li class=\"blocks-gallery-item\"><figure><a  href=\"http:\/\/www.mecerreyes.com\/mece\/wp-content\/uploads\/2020\/04\/RECORTABLES-NI\u00d1A-1-autor-\u00d3scar-Fonturbel-abril-2020-copia.jpg\" class=\"thickbox no_icon\" title=\"\"><img loading=\"lazy\" decoding=\"async\" width=\"1024\" height=\"727\" src=\"http:\/\/www.mecerreyes.com\/mece\/wp-content\/uploads\/2020\/04\/RECORTABLES-NI\u00d1A-1-autor-\u00d3scar-Fonturbel-abril-2020-copia-1024x727.jpg\" alt=\"\" data-id=\"19914\" data-full-url=\"http:\/\/www.mecerreyes.com\/mece\/wp-content\/uploads\/2020\/04\/RECORTABLES-NI\u00d1A-1-autor-\u00d3scar-Fonturbel-abril-2020-copia.jpg\" data-link=\"http:\/\/www.mecerreyes.com\/mece\/?attachment_id=19914\" class=\"wp-image-19914\" srcset=\"https:\/\/www.mecerreyes.com\/mece\/wp-content\/uploads\/2020\/04\/RECORTABLES-NI\u00d1A-1-autor-\u00d3scar-Fonturbel-abril-2020-copia-1024x727.jpg 1024w, https:\/\/www.mecerreyes.com\/mece\/wp-content\/uploads\/2020\/04\/RECORTABLES-NI\u00d1A-1-autor-\u00d3scar-Fonturbel-abril-2020-copia-300x213.jpg 300w, https:\/\/www.mecerreyes.com\/mece\/wp-content\/uploads\/2020\/04\/RECORTABLES-NI\u00d1A-1-autor-\u00d3scar-Fonturbel-abril-2020-copia-768x545.jpg 768w, https:\/\/www.mecerreyes.com\/mece\/wp-content\/uploads\/2020\/04\/RECORTABLES-NI\u00d1A-1-autor-\u00d3scar-Fonturbel-abril-2020-copia-1536x1090.jpg 1536w, https:\/\/www.mecerreyes.com\/mece\/wp-content\/uploads\/2020\/04\/RECORTABLES-NI\u00d1A-1-autor-\u00d3scar-Fonturbel-abril-2020-copia-2048x1453.jpg 2048w, https:\/\/www.mecerreyes.com\/mece\/wp-content\/uploads\/2020\/04\/RECORTABLES-NI\u00d1A-1-autor-\u00d3scar-Fonturbel-abril-2020-copia-400x284.jpg 400w, https:\/\/www.mecerreyes.com\/mece\/wp-content\/uploads\/2020\/04\/RECORTABLES-NI\u00d1A-1-autor-\u00d3scar-Fonturbel-abril-2020-copia-1080x766.jpg 1080w\" sizes=\"(max-width: 1024px) 100vw, 1024px\" \/><\/a><\/figure><\/li><li class=\"blocks-gallery-item\"><figure><a  href=\"http:\/\/www.mecerreyes.com\/mece\/wp-content\/uploads\/2020\/04\/RECORTABLES-NI\u00d1A-3-autor-\u00d3scar-Fonturbel-abril-2020.jpg\" class=\"thickbox no_icon\" title=\"\"><img loading=\"lazy\" decoding=\"async\" width=\"1024\" height=\"729\" src=\"http:\/\/www.mecerreyes.com\/mece\/wp-content\/uploads\/2020\/04\/RECORTABLES-NI\u00d1A-3-autor-\u00d3scar-Fonturbel-abril-2020-1024x729.jpg\" alt=\"\" data-id=\"19916\" data-full-url=\"http:\/\/www.mecerreyes.com\/mece\/wp-content\/uploads\/2020\/04\/RECORTABLES-NI\u00d1A-3-autor-\u00d3scar-Fonturbel-abril-2020.jpg\" data-link=\"http:\/\/www.mecerreyes.com\/mece\/?attachment_id=19916\" class=\"wp-image-19916\" srcset=\"https:\/\/www.mecerreyes.com\/mece\/wp-content\/uploads\/2020\/04\/RECORTABLES-NI\u00d1A-3-autor-\u00d3scar-Fonturbel-abril-2020-1024x729.jpg 1024w, https:\/\/www.mecerreyes.com\/mece\/wp-content\/uploads\/2020\/04\/RECORTABLES-NI\u00d1A-3-autor-\u00d3scar-Fonturbel-abril-2020-300x214.jpg 300w, https:\/\/www.mecerreyes.com\/mece\/wp-content\/uploads\/2020\/04\/RECORTABLES-NI\u00d1A-3-autor-\u00d3scar-Fonturbel-abril-2020-768x547.jpg 768w, https:\/\/www.mecerreyes.com\/mece\/wp-content\/uploads\/2020\/04\/RECORTABLES-NI\u00d1A-3-autor-\u00d3scar-Fonturbel-abril-2020-1536x1093.jpg 1536w, https:\/\/www.mecerreyes.com\/mece\/wp-content\/uploads\/2020\/04\/RECORTABLES-NI\u00d1A-3-autor-\u00d3scar-Fonturbel-abril-2020-2048x1458.jpg 2048w, https:\/\/www.mecerreyes.com\/mece\/wp-content\/uploads\/2020\/04\/RECORTABLES-NI\u00d1A-3-autor-\u00d3scar-Fonturbel-abril-2020-400x284.jpg 400w, https:\/\/www.mecerreyes.com\/mece\/wp-content\/uploads\/2020\/04\/RECORTABLES-NI\u00d1A-3-autor-\u00d3scar-Fonturbel-abril-2020-1080x769.jpg 1080w\" sizes=\"(max-width: 1024px) 100vw, 1024px\" \/><\/a><\/figure><\/li><li class=\"blocks-gallery-item\"><figure><a  href=\"http:\/\/www.mecerreyes.com\/mece\/wp-content\/uploads\/2020\/04\/RECORTABLES-DANZANTES-NI\u00d1O-autor-\u00d3scar-Fonturbel-abril-2020.jpg\" class=\"thickbox no_icon\" title=\"\"><img loading=\"lazy\" decoding=\"async\" width=\"1024\" height=\"724\" src=\"http:\/\/www.mecerreyes.com\/mece\/wp-content\/uploads\/2020\/04\/RECORTABLES-DANZANTES-NI\u00d1O-autor-\u00d3scar-Fonturbel-abril-2020-1024x724.jpg\" alt=\"\" data-id=\"19912\" data-full-url=\"http:\/\/www.mecerreyes.com\/mece\/wp-content\/uploads\/2020\/04\/RECORTABLES-DANZANTES-NI\u00d1O-autor-\u00d3scar-Fonturbel-abril-2020.jpg\" data-link=\"http:\/\/www.mecerreyes.com\/mece\/?attachment_id=19912\" class=\"wp-image-19912\" srcset=\"https:\/\/www.mecerreyes.com\/mece\/wp-content\/uploads\/2020\/04\/RECORTABLES-DANZANTES-NI\u00d1O-autor-\u00d3scar-Fonturbel-abril-2020-1024x724.jpg 1024w, https:\/\/www.mecerreyes.com\/mece\/wp-content\/uploads\/2020\/04\/RECORTABLES-DANZANTES-NI\u00d1O-autor-\u00d3scar-Fonturbel-abril-2020-300x212.jpg 300w, https:\/\/www.mecerreyes.com\/mece\/wp-content\/uploads\/2020\/04\/RECORTABLES-DANZANTES-NI\u00d1O-autor-\u00d3scar-Fonturbel-abril-2020-768x543.jpg 768w, https:\/\/www.mecerreyes.com\/mece\/wp-content\/uploads\/2020\/04\/RECORTABLES-DANZANTES-NI\u00d1O-autor-\u00d3scar-Fonturbel-abril-2020-1536x1085.jpg 1536w, https:\/\/www.mecerreyes.com\/mece\/wp-content\/uploads\/2020\/04\/RECORTABLES-DANZANTES-NI\u00d1O-autor-\u00d3scar-Fonturbel-abril-2020-2048x1447.jpg 2048w, https:\/\/www.mecerreyes.com\/mece\/wp-content\/uploads\/2020\/04\/RECORTABLES-DANZANTES-NI\u00d1O-autor-\u00d3scar-Fonturbel-abril-2020-400x284.jpg 400w, https:\/\/www.mecerreyes.com\/mece\/wp-content\/uploads\/2020\/04\/RECORTABLES-DANZANTES-NI\u00d1O-autor-\u00d3scar-Fonturbel-abril-2020-1080x763.jpg 1080w\" sizes=\"(max-width: 1024px) 100vw, 1024px\" \/><\/a><\/figure><\/li><li class=\"blocks-gallery-item\"><figure><a  href=\"http:\/\/www.mecerreyes.com\/mece\/wp-content\/uploads\/2020\/04\/RECORTABLES-NI\u00d1O-1-autor-\u00d3scar-Fonturbel-abril-2020.jpg\" class=\"thickbox no_icon\" title=\"\"><img loading=\"lazy\" decoding=\"async\" width=\"1024\" height=\"727\" src=\"http:\/\/www.mecerreyes.com\/mece\/wp-content\/uploads\/2020\/04\/RECORTABLES-NI\u00d1O-1-autor-\u00d3scar-Fonturbel-abril-2020-1024x727.jpg\" alt=\"\" data-id=\"19911\" data-full-url=\"http:\/\/www.mecerreyes.com\/mece\/wp-content\/uploads\/2020\/04\/RECORTABLES-NI\u00d1O-1-autor-\u00d3scar-Fonturbel-abril-2020.jpg\" data-link=\"http:\/\/www.mecerreyes.com\/mece\/?attachment_id=19911\" class=\"wp-image-19911\" srcset=\"https:\/\/www.mecerreyes.com\/mece\/wp-content\/uploads\/2020\/04\/RECORTABLES-NI\u00d1O-1-autor-\u00d3scar-Fonturbel-abril-2020-1024x727.jpg 1024w, https:\/\/www.mecerreyes.com\/mece\/wp-content\/uploads\/2020\/04\/RECORTABLES-NI\u00d1O-1-autor-\u00d3scar-Fonturbel-abril-2020-300x213.jpg 300w, https:\/\/www.mecerreyes.com\/mece\/wp-content\/uploads\/2020\/04\/RECORTABLES-NI\u00d1O-1-autor-\u00d3scar-Fonturbel-abril-2020-768x546.jpg 768w, https:\/\/www.mecerreyes.com\/mece\/wp-content\/uploads\/2020\/04\/RECORTABLES-NI\u00d1O-1-autor-\u00d3scar-Fonturbel-abril-2020-1536x1091.jpg 1536w, https:\/\/www.mecerreyes.com\/mece\/wp-content\/uploads\/2020\/04\/RECORTABLES-NI\u00d1O-1-autor-\u00d3scar-Fonturbel-abril-2020-2048x1455.jpg 2048w, https:\/\/www.mecerreyes.com\/mece\/wp-content\/uploads\/2020\/04\/RECORTABLES-NI\u00d1O-1-autor-\u00d3scar-Fonturbel-abril-2020-400x284.jpg 400w, https:\/\/www.mecerreyes.com\/mece\/wp-content\/uploads\/2020\/04\/RECORTABLES-NI\u00d1O-1-autor-\u00d3scar-Fonturbel-abril-2020-1080x767.jpg 1080w\" sizes=\"(max-width: 1024px) 100vw, 1024px\" \/><\/a><\/figure><\/li><\/ul><\/figure>\n\n\n\n<div class=\"wp-block-file\"><a  href=\"http:\/\/www.mecerreyes.com\/mece\/?attachment_id=19893\" target=\"_blank\" rel=\"noreferrer noopener\"><strong>Recortables para colorear, autor \u00d3scar Fonturbel, abril 2020<\/strong><\/a><a  href=\"http:\/\/www.mecerreyes.com\/mece\/wp-content\/uploads\/2020\/04\/Recortables-para-colorear-autor-\u00d3scar-Fonturbel-abril-2020.pdf\" class=\"wp-block-file__button\" 0=\"download\">Descarga<\/a><\/div>\n\n\n\n<div style=\"height:30px\" aria-hidden=\"true\" class=\"wp-block-spacer\"><\/div>\n\n\n\n<p style=\"font-size:22px\" class=\"has-text-color has-background has-very-dark-gray-color has-luminous-vivid-amber-background-color\"><strong>GUILETOS<\/strong><\/p>\n\n\n\n<pre class=\"wp-block-verse has-text-align-center\"><span style=\"color:#161df4\" class=\"has-inline-color\"><em>\u201cS\u00e1bete Sancho\u2026 todas las borrascas que nos suceden son se\u00f1ales de que<\/em>\n<em> presto ha de serenar el tiempo y han de sucedernos bien las cosas;<\/em>\n<em> porque no es posible que el mal ni el bien sean durables, y de aqu\u00ed se <\/em>\n<em>sigue que, habiendo durado mucho el mal, el bien est\u00e1 ya cerca\u201d.<\/em>\n\n<em><strong>(Miguel de Cervantes Saavedra)<\/strong><\/em><\/span><\/pre>\n\n\n\n<p>Para los empresarios, m\u00fasicos, artistas\u2026, estos meses significan una tremenda prueba de resistencia y valent\u00eda, con esta cita del Quijote nuestro \u00e1nimo y apoyo a todos los colectivos que est\u00e1n viendo afectada su econom\u00eda por el Covid-19.      <\/p>\n\n\n\n<p class=\"has-text-color has-vivid-cyan-blue-color\"><strong>Art\u00edculo completo en el siguiente enlace:<\/strong><\/p>\n\n\n\n<div class=\"wp-block-buttons is-layout-flex wp-block-buttons-is-layout-flex\">\n<div class=\"wp-block-button\"><a  class=\"wp-block-button__link has-background has-vivid-cyan-blue-background-color\" href=\"https:\/\/elpais.com\/economia\/negocio\/2020-04-18\/no-hay-flores-ni-en-los-funerales.html?ssm=FB_CC&#038;fbclid=IwAR0HDNFXLNfplXTEDgAqRUrdOx4rfSuAQNfOYaTKGA-ikPDTzW_IK9g4nO0\" target=\"_blank\" rel=\"noreferrer noopener\">El Pa\u00eds &#8211; No hay flores ni en los funerales<\/a><\/div>\n<\/div>\n\n\n\n<div style=\"height:57px\" aria-hidden=\"true\" class=\"wp-block-spacer\"><\/div>\n\n\n\n<p class=\"has-normal-font-size\"><strong>Desarrollo y declive de la industria carretera en Mecerreyes, Burgos. An\u00e1lisis socioecon\u00f3mico<\/strong> &#8211; ALONSO DE MARTIN, J. Salvador &#8211; Publicado en el a\u00f1o&nbsp;2020&nbsp;en la Revista de Folklore n\u00famero&nbsp;457. <\/p>\n\n\n\n<p class=\"has-text-color has-normal-font-size has-vivid-cyan-blue-color\"><strong>Puedes leer el art\u00edculo completo, pulsando en los siguientes enlaces:<\/strong><\/p>\n\n\n\n<div class=\"wp-block-buttons is-layout-flex wp-block-buttons-is-layout-flex\">\n<div class=\"wp-block-button is-style-fill\"><a  class=\"wp-block-button__link has-text-color has-very-light-gray-color has-background has-vivid-cyan-blue-background-color\" href=\"https:\/\/funjdiaz.net\/folklore\/pdf\/rf457.pdf\" style=\"border-radius:20px\" target=\"_blank\" rel=\"https:\/\/www.diariodeburgos.es\/ noopener noreferrer\">Revista Folklore &#8211; art\u00edculo en PDF<\/a><\/div>\n\n\n\n<div class=\"wp-block-button\"><a  class=\"wp-block-button__link has-background has-vivid-cyan-blue-background-color\" href=\"https:\/\/funjdiaz.net\/folklore\/07ficha2.php?ID=4572\" target=\"_blank\" rel=\"https:\/\/www.diariodeburgos.es\/noticia\/Z86F132CB-F6A0-0F4F-1B5C879FAE4E9EF0\/202002\/A-por-el-gallo-de-Carnaval noopener noreferrer\">Revista Folklore<\/a><\/div>\n<\/div>\n\n\n\n<div style=\"height:20px\" aria-hidden=\"true\" class=\"wp-block-spacer\"><\/div>\n\n\n\n<div style=\"height:33px\" aria-hidden=\"true\" class=\"wp-block-spacer\"><\/div>\n\n\n\n<p style=\"font-size:22px\" class=\"has-text-color has-background has-very-dark-gray-color has-luminous-vivid-amber-background-color\"><strong>DEFUNCIONES<\/strong><\/p>\n\n\n\n<p>Siete familias devastadas necesitan de nuestro consuelo este mes, no poder despedir sus restos como es costumbre hace a\u00fan m\u00e1s cruel decir adi\u00f3s a los seres queridos. Descansen en Paz<\/p>\n\n\n\n<div class=\"wp-block-media-text alignwide has-background has-cyan-bluish-gray-background-color is-stacked-on-mobile\" style=\"grid-template-columns:36% auto\"><figure class=\"wp-block-media-text__media\"><img loading=\"lazy\" decoding=\"async\" width=\"570\" height=\"694\" src=\"http:\/\/www.mecerreyes.com\/mece\/wp-content\/uploads\/2020\/04\/Ascen-Gonz\u00e1lez-1.jpg\" alt=\"\" class=\"wp-image-19964\" srcset=\"https:\/\/www.mecerreyes.com\/mece\/wp-content\/uploads\/2020\/04\/Ascen-Gonz\u00e1lez-1.jpg 570w, https:\/\/www.mecerreyes.com\/mece\/wp-content\/uploads\/2020\/04\/Ascen-Gonz\u00e1lez-1-246x300.jpg 246w\" sizes=\"(max-width: 570px) 100vw, 570px\" \/><\/figure><div class=\"wp-block-media-text__content\">\n<p style=\"font-size:15px\"><strong>ASCENSI\u00d3N GONZ\u00c1LEZ ARROYO<\/strong> falleci\u00f3 el d\u00eda 9 en Madrid a los 83 a\u00f1os de edad, su funeral se celebr\u00f3 el d\u00eda 12 acompa\u00f1ada de sus tres hijos quienes est\u00e1n a la espera de que las medidas sanitarias permitan celebrar un funeral con familiares y amigos.<\/p>\n\n\n\n<p class=\"has-text-align-center\"><strong>D.E.P.<\/strong><\/p>\n<\/div><\/div>\n\n\n\n<hr class=\"wp-block-separator\"\/>\n\n\n\n<div class=\"wp-block-media-text alignwide has-background has-cyan-bluish-gray-background-color is-stacked-on-mobile\" style=\"grid-template-columns:38% auto\"><figure class=\"wp-block-media-text__media\"><img loading=\"lazy\" decoding=\"async\" width=\"768\" height=\"1024\" src=\"http:\/\/www.mecerreyes.com\/mece\/wp-content\/uploads\/2020\/04\/Luis-Vicario-3-768x1024.jpg\" alt=\"\" class=\"wp-image-19993\" srcset=\"https:\/\/www.mecerreyes.com\/mece\/wp-content\/uploads\/2020\/04\/Luis-Vicario-3-768x1024.jpg 768w, https:\/\/www.mecerreyes.com\/mece\/wp-content\/uploads\/2020\/04\/Luis-Vicario-3-225x300.jpg 225w, https:\/\/www.mecerreyes.com\/mece\/wp-content\/uploads\/2020\/04\/Luis-Vicario-3-1152x1536.jpg 1152w, https:\/\/www.mecerreyes.com\/mece\/wp-content\/uploads\/2020\/04\/Luis-Vicario-3-1080x1440.jpg 1080w, https:\/\/www.mecerreyes.com\/mece\/wp-content\/uploads\/2020\/04\/Luis-Vicario-3.jpg 1200w\" sizes=\"(max-width: 768px) 100vw, 768px\" \/><\/figure><div class=\"wp-block-media-text__content\">\n<p style=\"font-size:15px\"><strong><strong>LUIS VICARIO ALONSO<\/strong> <\/strong>falleci\u00f3 en Mecerreyes el pasado 12 de abril a los 52 a\u00f1os de edad.<\/p>\n\n\n\n<p style=\"font-size:15px\">Padres: Jes\u00fas (+) y Floren, hermanos: \u00c1ngel, Antonio y Nunchi, hermanos pol\u00edticos, sobrinos y dem\u00e1s familia, ruegan una oraci\u00f3n por su eterno descanso.<\/p>\n\n\n\n<p class=\"has-text-align-center\"><strong>D.E.P.<\/strong><\/p>\n<\/div><\/div>\n\n\n\n<hr class=\"wp-block-separator\"\/>\n\n\n\n<div class=\"wp-block-media-text alignwide has-background has-cyan-bluish-gray-background-color is-stacked-on-mobile is-vertically-aligned-top\" style=\"grid-template-columns:30% auto\"><figure class=\"wp-block-media-text__media\"><img loading=\"lazy\" decoding=\"async\" width=\"579\" height=\"1024\" src=\"http:\/\/www.mecerreyes.com\/mece\/wp-content\/uploads\/2020\/04\/Carmelo-Lozano-579x1024.jpg\" alt=\"\" class=\"wp-image-19994\" srcset=\"https:\/\/www.mecerreyes.com\/mece\/wp-content\/uploads\/2020\/04\/Carmelo-Lozano-579x1024.jpg 579w, https:\/\/www.mecerreyes.com\/mece\/wp-content\/uploads\/2020\/04\/Carmelo-Lozano-170x300.jpg 170w, https:\/\/www.mecerreyes.com\/mece\/wp-content\/uploads\/2020\/04\/Carmelo-Lozano-768x1358.jpg 768w, https:\/\/www.mecerreyes.com\/mece\/wp-content\/uploads\/2020\/04\/Carmelo-Lozano-869x1536.jpg 869w, https:\/\/www.mecerreyes.com\/mece\/wp-content\/uploads\/2020\/04\/Carmelo-Lozano.jpg 895w\" sizes=\"(max-width: 579px) 100vw, 579px\" \/><\/figure><div class=\"wp-block-media-text__content\">\n<figure class=\"wp-block-image size-large is-resized\"><img loading=\"lazy\" decoding=\"async\" src=\"http:\/\/www.mecerreyes.com\/mece\/wp-content\/uploads\/2020\/04\/Carmelo-Lozano-esquela-1024x723.jpg\" alt=\"\" class=\"wp-image-19995\" width=\"360\" height=\"254\" srcset=\"https:\/\/www.mecerreyes.com\/mece\/wp-content\/uploads\/2020\/04\/Carmelo-Lozano-esquela-1024x723.jpg 1024w, https:\/\/www.mecerreyes.com\/mece\/wp-content\/uploads\/2020\/04\/Carmelo-Lozano-esquela-300x212.jpg 300w, https:\/\/www.mecerreyes.com\/mece\/wp-content\/uploads\/2020\/04\/Carmelo-Lozano-esquela-768x543.jpg 768w, https:\/\/www.mecerreyes.com\/mece\/wp-content\/uploads\/2020\/04\/Carmelo-Lozano-esquela-1080x763.jpg 1080w, https:\/\/www.mecerreyes.com\/mece\/wp-content\/uploads\/2020\/04\/Carmelo-Lozano-esquela.jpg 1489w\" sizes=\"(max-width: 360px) 100vw, 360px\" \/><\/figure>\n\n\n\n<p><strong><strong>VALENT\u00cdN CARMELO LOZANO GARC\u00cdA <\/strong><\/strong>falleci\u00f3 en Burgos el 22 de abril a los 55 a\u00f1os de edad.<\/p>\n<\/div><\/div>\n\n\n\n<hr class=\"wp-block-separator\"\/>\n\n\n\n<div class=\"wp-block-media-text alignwide has-background has-cyan-bluish-gray-background-color is-stacked-on-mobile\" style=\"grid-template-columns:36% auto\"><figure class=\"wp-block-media-text__media\"><img loading=\"lazy\" decoding=\"async\" width=\"676\" height=\"1024\" src=\"http:\/\/www.mecerreyes.com\/mece\/wp-content\/uploads\/2020\/04\/Pauli-Orcajo-Alonso-1-676x1024.jpg\" alt=\"\" class=\"wp-image-19974\" srcset=\"https:\/\/www.mecerreyes.com\/mece\/wp-content\/uploads\/2020\/04\/Pauli-Orcajo-Alonso-1-676x1024.jpg 676w, https:\/\/www.mecerreyes.com\/mece\/wp-content\/uploads\/2020\/04\/Pauli-Orcajo-Alonso-1-198x300.jpg 198w, https:\/\/www.mecerreyes.com\/mece\/wp-content\/uploads\/2020\/04\/Pauli-Orcajo-Alonso-1-768x1163.jpg 768w, https:\/\/www.mecerreyes.com\/mece\/wp-content\/uploads\/2020\/04\/Pauli-Orcajo-Alonso-1-1014x1536.jpg 1014w, https:\/\/www.mecerreyes.com\/mece\/wp-content\/uploads\/2020\/04\/Pauli-Orcajo-Alonso-1-1352x2048.jpg 1352w, https:\/\/www.mecerreyes.com\/mece\/wp-content\/uploads\/2020\/04\/Pauli-Orcajo-Alonso-1-1080x1636.jpg 1080w, https:\/\/www.mecerreyes.com\/mece\/wp-content\/uploads\/2020\/04\/Pauli-Orcajo-Alonso-1.jpg 1494w\" sizes=\"(max-width: 676px) 100vw, 676px\" \/><\/figure><div class=\"wp-block-media-text__content\">\n<p class=\"has-normal-font-size\"><strong><strong><strong>PAULI ORCAJO ALONSO<\/strong> <\/strong><\/strong>falleci\u00f3 en Madrid el 23 de abril a los 88 a\u00f1os.<\/p>\n\n\n\n<p style=\"font-size:15px\">Esposo: Lucas Alonso Fern\u00e1ndez, hijos Jose Ignacio y Bego\u00f1a (+), hermanos: Nicol\u00e1s (+), Pilar y Teresa, hermanos pol\u00edticos, nietos, sobrinos y dem\u00e1s familia, ruegan una oraci\u00f3n por su eterno descanso.<\/p>\n\n\n\n<p class=\"has-text-align-center\"><strong>D.E.P.<\/strong><\/p>\n<\/div><\/div>\n\n\n\n<hr class=\"wp-block-separator\"\/>\n\n\n\n<div class=\"wp-block-group\"><div class=\"wp-block-group__inner-container is-layout-flow wp-block-group-is-layout-flow\">\n<div class=\"wp-block-group has-cyan-bluish-gray-background-color has-cyan-bluish-gray-color has-text-color has-background\"><div class=\"wp-block-group__inner-container is-layout-flow wp-block-group-is-layout-flow\">\n<figure class=\"wp-block-image size-large is-resized\"><img loading=\"lazy\" decoding=\"async\" src=\"http:\/\/www.mecerreyes.com\/mece\/wp-content\/uploads\/2020\/05\/Esquela-Milagros-Blanco-Burgos-c-1024x499.jpg\" alt=\"\" class=\"wp-image-20066\" width=\"541\" height=\"263\" srcset=\"https:\/\/www.mecerreyes.com\/mece\/wp-content\/uploads\/2020\/05\/Esquela-Milagros-Blanco-Burgos-c-1024x499.jpg 1024w, https:\/\/www.mecerreyes.com\/mece\/wp-content\/uploads\/2020\/05\/Esquela-Milagros-Blanco-Burgos-c-300x146.jpg 300w, https:\/\/www.mecerreyes.com\/mece\/wp-content\/uploads\/2020\/05\/Esquela-Milagros-Blanco-Burgos-c-768x374.jpg 768w, https:\/\/www.mecerreyes.com\/mece\/wp-content\/uploads\/2020\/05\/Esquela-Milagros-Blanco-Burgos-c-1536x748.jpg 1536w, https:\/\/www.mecerreyes.com\/mece\/wp-content\/uploads\/2020\/05\/Esquela-Milagros-Blanco-Burgos-c-1080x526.jpg 1080w, https:\/\/www.mecerreyes.com\/mece\/wp-content\/uploads\/2020\/05\/Esquela-Milagros-Blanco-Burgos-c.jpg 1890w\" sizes=\"(max-width: 541px) 100vw, 541px\" \/><\/figure>\n\n\n\n<div class=\"wp-block-image\"><figure class=\"aligncenter size-large is-resized\"><img loading=\"lazy\" decoding=\"async\" src=\"http:\/\/www.mecerreyes.com\/mece\/wp-content\/uploads\/2020\/05\/Milagros-Blanco-Burgos-con-dos-de-sus-nietas.jpg\" alt=\"\" class=\"wp-image-20064\" width=\"353\" height=\"345\" srcset=\"https:\/\/www.mecerreyes.com\/mece\/wp-content\/uploads\/2020\/05\/Milagros-Blanco-Burgos-con-dos-de-sus-nietas.jpg 720w, https:\/\/www.mecerreyes.com\/mece\/wp-content\/uploads\/2020\/05\/Milagros-Blanco-Burgos-con-dos-de-sus-nietas-300x294.jpg 300w\" sizes=\"(max-width: 353px) 100vw, 353px\" \/><figcaption><span class=\"has-inline-color has-very-dark-gray-color\">Milagros con dos de sus nietas.<\/span><\/figcaption><\/figure><\/div>\n<\/div><\/div>\n<\/div><\/div>\n\n\n\n<hr class=\"wp-block-separator\"\/>\n\n\n\n<div class=\"wp-block-group alignwide\"><div class=\"wp-block-group__inner-container is-layout-flow wp-block-group-is-layout-flow\">\n<div class=\"wp-block-group alignwide has-cyan-bluish-gray-background-color has-background\"><div class=\"wp-block-group__inner-container is-layout-flow wp-block-group-is-layout-flow\">\n<div class=\"wp-block-media-text alignwide has-background has-cyan-bluish-gray-background-color is-stacked-on-mobile\" style=\"grid-template-columns:33% auto\"><figure class=\"wp-block-media-text__media\"><img loading=\"lazy\" decoding=\"async\" width=\"819\" height=\"1024\" src=\"http:\/\/www.mecerreyes.com\/mece\/wp-content\/uploads\/2020\/05\/Amparo-L\u00f3pez-Mart\u00ednez-falleci\u00f3-el-d\u00eda-24-04-2020-819x1024.jpg\" alt=\"\" class=\"wp-image-20062\" srcset=\"https:\/\/www.mecerreyes.com\/mece\/wp-content\/uploads\/2020\/05\/Amparo-L\u00f3pez-Mart\u00ednez-falleci\u00f3-el-d\u00eda-24-04-2020-819x1024.jpg 819w, https:\/\/www.mecerreyes.com\/mece\/wp-content\/uploads\/2020\/05\/Amparo-L\u00f3pez-Mart\u00ednez-falleci\u00f3-el-d\u00eda-24-04-2020-240x300.jpg 240w, https:\/\/www.mecerreyes.com\/mece\/wp-content\/uploads\/2020\/05\/Amparo-L\u00f3pez-Mart\u00ednez-falleci\u00f3-el-d\u00eda-24-04-2020-768x961.jpg 768w, https:\/\/www.mecerreyes.com\/mece\/wp-content\/uploads\/2020\/05\/Amparo-L\u00f3pez-Mart\u00ednez-falleci\u00f3-el-d\u00eda-24-04-2020-1228x1536.jpg 1228w, https:\/\/www.mecerreyes.com\/mece\/wp-content\/uploads\/2020\/05\/Amparo-L\u00f3pez-Mart\u00ednez-falleci\u00f3-el-d\u00eda-24-04-2020-1080x1351.jpg 1080w, https:\/\/www.mecerreyes.com\/mece\/wp-content\/uploads\/2020\/05\/Amparo-L\u00f3pez-Mart\u00ednez-falleci\u00f3-el-d\u00eda-24-04-2020.jpg 1279w\" sizes=\"(max-width: 819px) 100vw, 819px\" \/><\/figure><div class=\"wp-block-media-text__content\">\n<p style=\"font-size:15px\"><strong><strong><strong><strong><strong>AMPARO<\/strong> L\u00d3PEZ MARTINEZ <\/strong><\/strong><\/strong><\/strong>nos dej\u00f3 el d\u00eda 24 de abril a los&nbsp;74&nbsp;a\u00f1os de edad en Madrid lugar donde resid\u00eda.<\/p>\n\n\n\n<p style=\"font-size:15px\">Esposo: Jose Luis Alonso Alonso, hijos: Miguel \u00c1ngel, Patricia y Ana, nietos: Claudia, Nacho, Mar, Hugo, Jorge y Marco. Hermanos, hermanos pol\u00edticos, sobrinos y dem\u00e1s familia, ruegan una oraci\u00f3n por su eterno descanso.   <strong>D.E.P.<\/strong><\/p>\n<\/div><\/div>\n\n\n\n<div class=\"wp-block-image\"><figure class=\"aligncenter size-large\"><img loading=\"lazy\" decoding=\"async\" width=\"1024\" height=\"507\" src=\"http:\/\/www.mecerreyes.com\/mece\/wp-content\/uploads\/2020\/05\/Amparo-con-sus-nietos-1-1024x507.jpg\" alt=\"\" class=\"wp-image-20061\" srcset=\"https:\/\/www.mecerreyes.com\/mece\/wp-content\/uploads\/2020\/05\/Amparo-con-sus-nietos-1-1024x507.jpg 1024w, https:\/\/www.mecerreyes.com\/mece\/wp-content\/uploads\/2020\/05\/Amparo-con-sus-nietos-1-300x149.jpg 300w, https:\/\/www.mecerreyes.com\/mece\/wp-content\/uploads\/2020\/05\/Amparo-con-sus-nietos-1-768x380.jpg 768w, https:\/\/www.mecerreyes.com\/mece\/wp-content\/uploads\/2020\/05\/Amparo-con-sus-nietos-1-1536x760.jpg 1536w, https:\/\/www.mecerreyes.com\/mece\/wp-content\/uploads\/2020\/05\/Amparo-con-sus-nietos-1-1080x535.jpg 1080w, https:\/\/www.mecerreyes.com\/mece\/wp-content\/uploads\/2020\/05\/Amparo-con-sus-nietos-1.jpg 1600w\" sizes=\"(max-width: 1024px) 100vw, 1024px\" \/><figcaption>Amparo y Jose Luis, con sus nietos. Mecerreyes.<\/figcaption><\/figure><\/div>\n<\/div><\/div>\n<\/div><\/div>\n\n\n\n<hr class=\"wp-block-separator\"\/>\n\n\n\n<div class=\"wp-block-media-text alignwide has-background has-cyan-bluish-gray-background-color is-stacked-on-mobile\" style=\"grid-template-columns:33% auto\"><figure class=\"wp-block-media-text__media\"><img loading=\"lazy\" decoding=\"async\" width=\"600\" height=\"600\" src=\"http:\/\/www.mecerreyes.com\/mece\/wp-content\/uploads\/2010\/09\/Torre-Iglesia-Mecerreyes.jpg\" alt=\"\" class=\"wp-image-2070\" srcset=\"https:\/\/www.mecerreyes.com\/mece\/wp-content\/uploads\/2010\/09\/Torre-Iglesia-Mecerreyes.jpg 600w, https:\/\/www.mecerreyes.com\/mece\/wp-content\/uploads\/2010\/09\/Torre-Iglesia-Mecerreyes-150x150.jpg 150w, https:\/\/www.mecerreyes.com\/mece\/wp-content\/uploads\/2010\/09\/Torre-Iglesia-Mecerreyes-300x300.jpg 300w\" sizes=\"(max-width: 600px) 100vw, 600px\" \/><\/figure><div class=\"wp-block-media-text__content\">\n<p style=\"font-size:15px\"><strong><strong><strong><strong><strong>SABINO<\/strong> DIEZ ROJO, <\/strong><\/strong><\/strong><\/strong>falleci\u00f3 el d\u00eda 24 de abril a los&nbsp;98&nbsp;a\u00f1os de edad <\/p>\n\n\n\n<p>Hijos: Marcelo, Gloria, Judit y Matias, hermanos, hermanos pol\u00edticos, nietos, sobrinos y dem\u00e1s familia, ruegan una oraci\u00f3n por su eterno descanso.<\/p>\n\n\n\n<p class=\"has-text-align-center\"><strong>D.E.P.<\/strong><\/p>\n<\/div><\/div>\n\n\n\n<div style=\"height:39px\" aria-hidden=\"true\" class=\"wp-block-spacer\"><\/div>\n\n\n\n<div class=\"wp-block-group\"><div class=\"wp-block-group__inner-container is-layout-flow wp-block-group-is-layout-flow\">\n<figure class=\"wp-block-image size-large\"><img loading=\"lazy\" decoding=\"async\" width=\"1024\" height=\"1024\" src=\"http:\/\/www.mecerreyes.com\/mece\/wp-content\/uploads\/2020\/04\/Mecerreyes-abril-2020-1-1024x1024.jpg\" alt=\"\" class=\"wp-image-20014\" srcset=\"https:\/\/www.mecerreyes.com\/mece\/wp-content\/uploads\/2020\/04\/Mecerreyes-abril-2020-1-1024x1024.jpg 1024w, https:\/\/www.mecerreyes.com\/mece\/wp-content\/uploads\/2020\/04\/Mecerreyes-abril-2020-1-300x300.jpg 300w, https:\/\/www.mecerreyes.com\/mece\/wp-content\/uploads\/2020\/04\/Mecerreyes-abril-2020-1-150x150.jpg 150w, https:\/\/www.mecerreyes.com\/mece\/wp-content\/uploads\/2020\/04\/Mecerreyes-abril-2020-1-768x768.jpg 768w, https:\/\/www.mecerreyes.com\/mece\/wp-content\/uploads\/2020\/04\/Mecerreyes-abril-2020-1-1536x1536.jpg 1536w, https:\/\/www.mecerreyes.com\/mece\/wp-content\/uploads\/2020\/04\/Mecerreyes-abril-2020-1-1080x1080.jpg 1080w, https:\/\/www.mecerreyes.com\/mece\/wp-content\/uploads\/2020\/04\/Mecerreyes-abril-2020-1-440x440.jpg 440w, https:\/\/www.mecerreyes.com\/mece\/wp-content\/uploads\/2020\/04\/Mecerreyes-abril-2020-1.jpg 1920w\" sizes=\"(max-width: 1024px) 100vw, 1024px\" \/><\/figure>\n<\/div><\/div>\n\n\n\n<div style=\"height:34px\" aria-hidden=\"true\" class=\"wp-block-spacer\"><\/div>\n\n\n\n<div style=\"height:30px\" aria-hidden=\"true\" class=\"wp-block-spacer\"><\/div>\n\n\n\n<p style=\"font-size:22px\" class=\"has-background has-luminous-vivid-amber-background-color\"><strong>FOTO PARA EL RECUERDO<\/strong><\/p>\n\n\n\n<p>Salvador Santamar\u00eda nos hace llegar esta&nbsp; foto de las ni\u00f1as de la escuela de Mecerreyes de principios del siglo XX. Curso 1921\/22. La maestra era D\u00f1a. Isabel Baranda.&nbsp;Forma parte de los recuerdos de su mujer Esperanza Garilleti,&nbsp; entre todas esas ni\u00f1as est\u00e1 su abuela Esperanza Arribas Garc\u00eda.&nbsp;Poner nombre a cada una&nbsp; es imposible sin la ayuda de familiares que reconozcan&nbsp; a sus&nbsp; seres queridos.Podr\u00eda suponer un reto buscar en nuestro \u00e1lbum familiar coincidencias con&nbsp; los rostros de nuestras abuelas.&nbsp; F\u00e9lix Vicario ha identificado&nbsp; a su abuela Asunci\u00f3n Alonso Cuevas que en la actualidad tendr\u00eda 109 a\u00f1os.<\/p>\n\n\n\n<p><\/p>\n\n\n\n<figure class=\"wp-block-image size-large\"><img loading=\"lazy\" decoding=\"async\" width=\"1024\" height=\"768\" src=\"http:\/\/www.mecerreyes.com\/mece\/wp-content\/uploads\/2020\/05\/Fotos-ni\u00f1as-de-la-escuela.jpg\" alt=\"\" class=\"wp-image-20068\" srcset=\"https:\/\/www.mecerreyes.com\/mece\/wp-content\/uploads\/2020\/05\/Fotos-ni\u00f1as-de-la-escuela.jpg 1024w, https:\/\/www.mecerreyes.com\/mece\/wp-content\/uploads\/2020\/05\/Fotos-ni\u00f1as-de-la-escuela-300x225.jpg 300w, https:\/\/www.mecerreyes.com\/mece\/wp-content\/uploads\/2020\/05\/Fotos-ni\u00f1as-de-la-escuela-768x576.jpg 768w\" sizes=\"(max-width: 1024px) 100vw, 1024px\" \/><\/figure>\n\n\n\n<div style=\"height:40px\" aria-hidden=\"true\" class=\"wp-block-spacer\"><\/div>\n\n\n\n<div class=\"wp-block-media-text alignwide has-background has-very-light-gray-background-color is-stacked-on-mobile is-vertically-aligned-top\"><figure class=\"wp-block-media-text__media\"><img loading=\"lazy\" decoding=\"async\" width=\"324\" height=\"492\" src=\"http:\/\/www.mecerreyes.com\/mece\/wp-content\/uploads\/2020\/04\/Colaboradores-Web-Mecerreyes.jpg\" alt=\"\" class=\"wp-image-20053\" srcset=\"https:\/\/www.mecerreyes.com\/mece\/wp-content\/uploads\/2020\/04\/Colaboradores-Web-Mecerreyes.jpg 324w, https:\/\/www.mecerreyes.com\/mece\/wp-content\/uploads\/2020\/04\/Colaboradores-Web-Mecerreyes-198x300.jpg 198w\" sizes=\"(max-width: 324px) 100vw, 324px\" \/><\/figure><div class=\"wp-block-media-text__content\">\n<p style=\"font-size:17px\"><span class=\"has-inline-color has-vivid-cyan-blue-color\"><strong>Recuerda visitar a los colaboradores de la Web Mecerreyes.<\/strong><\/span><\/p>\n\n\n\n<p>Habr\u00e1s observado un nuevo colaborador: Alabird market. <strong>TU CENTRO COMERCIAL ONLINE<\/strong>. Pincha sobre el bot\u00f3n para visitar la tienda online.<\/p>\n\n\n\n<div style=\"height:20px\" aria-hidden=\"true\" class=\"wp-block-spacer\"><\/div>\n\n\n\n<div class=\"wp-block-buttons is-layout-flex wp-block-buttons-is-layout-flex\">\n<div class=\"wp-block-button\"><a  class=\"wp-block-button__link has-text-color has-background has-vivid-cyan-blue-background-color\" href=\"https:\/\/www.alabird.es\/\" style=\"color:#fffbfb\" target=\"_blank\" rel=\"noreferrer noopener\">Alabird Market<\/a><\/div>\n<\/div>\n<\/div><\/div>\n\n\n\n<p style=\"font-size:22px\" class=\"has-text-color has-background has-very-dark-gray-color has-luminous-vivid-amber-background-color\"><strong>REFRANERO<\/strong><\/p>\n\n\n\n<div class=\"wp-block-group\"><div class=\"wp-block-group__inner-container is-layout-flow wp-block-group-is-layout-flow\">\n<ul class=\"wp-block-list\"><li><em>En&nbsp;abril, poca lluvia y nubes mil.<\/em><\/li><li><em>Abril&nbsp;puede traer roc\u00edo, y otras veces helada y fr\u00edo. &#8230;<\/em><\/li><li><em>En&nbsp;abril, cortas un cardo y te crecen mil. &#8230;<\/em><\/li><li><em>Ni abril sin flores, ni juventud sin amores.<\/em><\/li><li><em>Abril, deja las vi\u00f1as dormir.<\/em><\/li><\/ul>\n<\/div><\/div>\n\n\n\n<p><\/p>\n\n\n\n<div class=\"wp-block-group\"><div class=\"wp-block-group__inner-container is-layout-flow wp-block-group-is-layout-flow\">\n<figure class=\"wp-block-image size-large\"><img loading=\"lazy\" decoding=\"async\" width=\"1024\" height=\"1024\" src=\"http:\/\/www.mecerreyes.com\/mece\/wp-content\/uploads\/2020\/04\/Mecerreyes-abril-2020-2-1-1024x1024.jpg\" alt=\"\" class=\"wp-image-20016\" srcset=\"https:\/\/www.mecerreyes.com\/mece\/wp-content\/uploads\/2020\/04\/Mecerreyes-abril-2020-2-1-1024x1024.jpg 1024w, https:\/\/www.mecerreyes.com\/mece\/wp-content\/uploads\/2020\/04\/Mecerreyes-abril-2020-2-1-300x300.jpg 300w, https:\/\/www.mecerreyes.com\/mece\/wp-content\/uploads\/2020\/04\/Mecerreyes-abril-2020-2-1-150x150.jpg 150w, https:\/\/www.mecerreyes.com\/mece\/wp-content\/uploads\/2020\/04\/Mecerreyes-abril-2020-2-1-768x768.jpg 768w, https:\/\/www.mecerreyes.com\/mece\/wp-content\/uploads\/2020\/04\/Mecerreyes-abril-2020-2-1-1536x1536.jpg 1536w, https:\/\/www.mecerreyes.com\/mece\/wp-content\/uploads\/2020\/04\/Mecerreyes-abril-2020-2-1-1080x1080.jpg 1080w, https:\/\/www.mecerreyes.com\/mece\/wp-content\/uploads\/2020\/04\/Mecerreyes-abril-2020-2-1-440x440.jpg 440w, https:\/\/www.mecerreyes.com\/mece\/wp-content\/uploads\/2020\/04\/Mecerreyes-abril-2020-2-1.jpg 1920w\" sizes=\"(max-width: 1024px) 100vw, 1024px\" \/><\/figure>\n<\/div><\/div>\n\n\n\n<div style=\"height:62px\" aria-hidden=\"true\" class=\"wp-block-spacer\"><\/div>\n\n\n\n<p class=\"has-text-color has-background has-very-light-gray-color has-vivid-cyan-blue-background-color\">Dentro del siguiente enlace (Noticias Marzo 2015), se encuentra el art\u00edculo publicado por <strong>Sara Santamar\u00eda Garillete<\/strong>, titulado: <strong>GRIPE ESPA\u00d1OLA DE 1918\u2026 EL CASO PARADIGM\u00c1TICO DE MECERREYES\u2026<\/strong><\/p>\n\n\n\n<div style=\"height:20px\" aria-hidden=\"true\" class=\"wp-block-spacer\"><\/div>\n\n\n\n<figure class=\"wp-block-embed-wordpress wp-block-embed is-type-wp-embed is-provider-mecerreyes\"><div class=\"wp-block-embed__wrapper\">\n<blockquote class=\"wp-embedded-content\" data-secret=\"j8qgfoFLIA\"><a  href=\"http:\/\/www.mecerreyes.com\/mece\/?p=9353\">Noticias Marzo 2015<\/a><\/blockquote><iframe loading=\"lazy\" title=\"\u00abNoticias Marzo 2015\u00bb \u2014 Mecerreyes\" class=\"wp-embedded-content\" sandbox=\"allow-scripts\" security=\"restricted\" style=\"position: absolute; clip: rect(1px, 1px, 1px, 1px);\" src=\"http:\/\/www.mecerreyes.com\/mece\/?p=9353&#038;embed=true#?secret=j8qgfoFLIA\" data-secret=\"j8qgfoFLIA\" width=\"600\" height=\"338\" frameborder=\"0\" marginwidth=\"0\" marginheight=\"0\" scrolling=\"no\"><\/iframe>\n<\/div><\/figure>\n\n\n\n<div style=\"height:37px\" aria-hidden=\"true\" class=\"wp-block-spacer\"><\/div>\n\n\n\n<div class=\"wp-block-group\"><div class=\"wp-block-group__inner-container is-layout-flow wp-block-group-is-layout-flow\">\n<div class=\"wp-block-group is-layout-flow wp-block-group-is-layout-flow\"><div class=\"wp-block-group__inner-container\"><\/div><\/div>\n<\/div><\/div>\n\n\n\n<div style=\"height:33px\" aria-hidden=\"true\" class=\"wp-block-spacer\"><\/div>\n\n\n\n<div style=\"height:100px\" aria-hidden=\"true\" class=\"wp-block-spacer\"><\/div>\n\n\n\n<div style=\"height:100px\" aria-hidden=\"true\" class=\"wp-block-spacer\"><\/div>\n\n\n\n<div style=\"height:100px\" aria-hidden=\"true\" class=\"wp-block-spacer\"><\/div>\n\n\n\n<div class=\"wp-block-group is-layout-flow wp-block-group-is-layout-flow\"><div class=\"wp-block-group__inner-container\"><\/div><\/div>\n\n\n\n<div class=\"wp-block-group is-layout-flow wp-block-group-is-layout-flow\"><div class=\"wp-block-group__inner-container\"><\/div><\/div>\n\n\n\n<p><\/p>\n\n\n\n<div class=\"wp-block-group\"><div class=\"wp-block-group__inner-container is-layout-flow wp-block-group-is-layout-flow\">\n<div class=\"wp-block-group is-layout-flow wp-block-group-is-layout-flow\"><div class=\"wp-block-group__inner-container\"><\/div><\/div>\n<\/div><\/div>\n\n\n\n<div style=\"height:100px\" aria-hidden=\"true\" class=\"wp-block-spacer\"><\/div>\n\n\n\n<p><\/p>","protected":false},"excerpt":{"rendered":"<p>Por fin termina abril, un mes de confinamiento que pareciera nos ha robado la libertad y la ilusi\u00f3n por hacer planes a futuro. Las principales efem\u00e9rides de este mes se han cancelado o celebrado de una forma simb\u00f3lica. \u201c\u2026Qui\u00e9n me ha robado el mes de abril C\u00f3mo pudo sucederme a m\u00ed Qui\u00e9n me ha robado [&hellip;]<\/p>\n","protected":false},"author":5,"featured_media":18593,"comment_status":"open","ping_status":"closed","sticky":false,"template":"","format":"standard","meta":{"_et_pb_use_builder":"","_et_pb_old_content":"","_et_gb_content_width":"","footnotes":""},"categories":[1],"tags":[21,11],"class_list":["post-20072","post","type-post","status-publish","format-standard","has-post-thumbnail","hentry","category-general","tag-guiletos","tag-semana-santa","et-has-post-format-content","et_post_format-et-post-format-standard"],"_links":{"self":[{"href":"https:\/\/www.mecerreyes.com\/mece\/index.php?rest_route=\/wp\/v2\/posts\/20072"}],"collection":[{"href":"https:\/\/www.mecerreyes.com\/mece\/index.php?rest_route=\/wp\/v2\/posts"}],"about":[{"href":"https:\/\/www.mecerreyes.com\/mece\/index.php?rest_route=\/wp\/v2\/types\/post"}],"author":[{"embeddable":true,"href":"https:\/\/www.mecerreyes.com\/mece\/index.php?rest_route=\/wp\/v2\/users\/5"}],"replies":[{"embeddable":true,"href":"https:\/\/www.mecerreyes.com\/mece\/index.php?rest_route=%2Fwp%2Fv2%2Fcomments&post=20072"}],"version-history":[{"count":8,"href":"https:\/\/www.mecerreyes.com\/mece\/index.php?rest_route=\/wp\/v2\/posts\/20072\/revisions"}],"predecessor-version":[{"id":20082,"href":"https:\/\/www.mecerreyes.com\/mece\/index.php?rest_route=\/wp\/v2\/posts\/20072\/revisions\/20082"}],"wp:featuredmedia":[{"embeddable":true,"href":"https:\/\/www.mecerreyes.com\/mece\/index.php?rest_route=\/wp\/v2\/media\/18593"}],"wp:attachment":[{"href":"https:\/\/www.mecerreyes.com\/mece\/index.php?rest_route=%2Fwp%2Fv2%2Fmedia&parent=20072"}],"wp:term":[{"taxonomy":"category","embeddable":true,"href":"https:\/\/www.mecerreyes.com\/mece\/index.php?rest_route=%2Fwp%2Fv2%2Fcategories&post=20072"},{"taxonomy":"post_tag","embeddable":true,"href":"https:\/\/www.mecerreyes.com\/mece\/index.php?rest_route=%2Fwp%2Fv2%2Ftags&post=20072"}],"curies":[{"name":"wp","href":"https:\/\/api.w.org\/{rel}","templated":true}]}}