{"id":20085,"date":"2020-05-29T23:41:05","date_gmt":"2020-05-29T22:41:05","guid":{"rendered":"http:\/\/www.mecerreyes.com\/mece\/?p=20085"},"modified":"2020-05-29T23:41:07","modified_gmt":"2020-05-29T22:41:07","slug":"romeria-virgen-del-camino-2","status":"publish","type":"post","link":"https:\/\/www.mecerreyes.com\/mece\/?p=20085","title":{"rendered":"Romer\u00eda Virgen del Camino"},"content":{"rendered":"<div class=\"wp-block-media-text alignwide is-stacked-on-mobile\"><figure class=\"wp-block-media-text__media\"><img loading=\"lazy\" decoding=\"async\" width=\"711\" height=\"1024\" src=\"http:\/\/www.mecerreyes.com\/mece\/wp-content\/uploads\/2020\/05\/Virgen-del-Camino-Mecerreyes-711x1024.jpg\" alt=\"\" class=\"wp-image-20087\" srcset=\"https:\/\/www.mecerreyes.com\/mece\/wp-content\/uploads\/2020\/05\/Virgen-del-Camino-Mecerreyes-711x1024.jpg 711w, https:\/\/www.mecerreyes.com\/mece\/wp-content\/uploads\/2020\/05\/Virgen-del-Camino-Mecerreyes-208x300.jpg 208w, https:\/\/www.mecerreyes.com\/mece\/wp-content\/uploads\/2020\/05\/Virgen-del-Camino-Mecerreyes.jpg 738w\" sizes=\"(max-width: 711px) 100vw, 711px\" \/><\/figure><div class=\"wp-block-media-text__content\">\n<p style=\"color:#fffcfc;font-size:26px\" class=\"has-text-color has-background has-vivid-cyan-blue-background-color\">CELEBRACI\u00d3N ESPECIAL EN SITUACI\u00d3N DE ESTADO DE ALARMA CAUSADO POR EL COVID-19.<\/p>\n<\/div><\/div>\n\n\n\n<div style=\"height:20px\" aria-hidden=\"true\" class=\"wp-block-spacer\"><\/div>\n\n\n\n<p>Las circunstancias nos dejan sin la Romer\u00eda 2020, son 77 d\u00edas de confinamiento, de distancia social, de prohibici\u00f3n de procesiones y grandes reuniones.<\/p>\n\n\n\n<p>La nuestra, se celebrar\u00eda una vez m\u00e1s el \u00faltimo s\u00e1bado de mayo, ser\u00eda una procesi\u00f3n en oraci\u00f3n, y una reuni\u00f3n a lo grande en la campa de la ermita de <a  href=\"https:\/\/www.mecerreyes.com\/mece\/?page_id=54\">la Virgen del Camino<\/a>.<\/p>\n\n\n\n<p>Los casi 100 confinados en el pueblo y los venidos de fuera deseosos, de un reencuentro a lo grande, pero las normas est\u00e1n para ser cumplidas, apelamos a la responsabilidad individual que tan bien se ha llevado en Mecerreyes, esperamos que el contador de contagiados en el pueblo siga estando a cero, vendr\u00e1n tiempos mejores y volveremos a disfrutar de este encuentro tan familiar.<\/p>\n\n\n\n<div style=\"height:22px\" aria-hidden=\"true\" class=\"wp-block-spacer\"><\/div>\n\n\n\n<div class=\"wp-block-media-text alignwide has-media-on-the-right is-stacked-on-mobile\"><figure class=\"wp-block-media-text__media\"><img loading=\"lazy\" decoding=\"async\" width=\"1000\" height=\"750\" src=\"http:\/\/www.mecerreyes.com\/mece\/wp-content\/uploads\/2018\/06\/Mecerreyes-romer\u00eda-Virgen-del-Camino-26-05-2018-27.jpg\" alt=\"\" class=\"wp-image-16786\" srcset=\"https:\/\/www.mecerreyes.com\/mece\/wp-content\/uploads\/2018\/06\/Mecerreyes-romer\u00eda-Virgen-del-Camino-26-05-2018-27.jpg 1000w, https:\/\/www.mecerreyes.com\/mece\/wp-content\/uploads\/2018\/06\/Mecerreyes-romer\u00eda-Virgen-del-Camino-26-05-2018-27-300x225.jpg 300w, https:\/\/www.mecerreyes.com\/mece\/wp-content\/uploads\/2018\/06\/Mecerreyes-romer\u00eda-Virgen-del-Camino-26-05-2018-27-768x576.jpg 768w\" sizes=\"(max-width: 1000px) 100vw, 1000px\" \/><\/figure><div class=\"wp-block-media-text__content\">\n<p style=\"color:#ffffff;font-size:24px\" class=\"has-text-color has-background has-vivid-cyan-blue-background-color\">Unidos pedimos a <a  href=\"https:\/\/www.mecerreyes.com\/mece\/?page_id=54\">la Virgen del Camino<\/a> protecci\u00f3n, consuelo y gu\u00eda en nuestro caminar.<\/p>\n<\/div><\/div>\n\n\n\n<div style=\"height:20px\" aria-hidden=\"true\" class=\"wp-block-spacer\"><\/div>\n\n\n\n<p>La web una vez m\u00e1s une a los guiletos repartidos por el mundo y con el v\u00eddeo que la Cofrad\u00eda ha preparado celebramos una Romer\u00eda virtual a\u00f1orando tiempos vividos entorno a <a  href=\"https:\/\/www.mecerreyes.com\/mece\/?page_id=54\">la Virgen del Camino<\/a>.<\/p>\n\n\n\n<div style=\"height:22px\" aria-hidden=\"true\" class=\"wp-block-spacer\"><\/div>\n\n\n\n<figure class=\"wp-block-embed-youtube wp-block-embed is-type-video is-provider-youtube wp-embed-aspect-16-9 wp-has-aspect-ratio\"><div class=\"wp-block-embed__wrapper\">\n<iframe loading=\"lazy\" title=\"ROMER\u00cdA VIRTUAL VIRGEN DEL CAMINO 2020\" width=\"1080\" height=\"608\" src=\"https:\/\/www.youtube.com\/embed\/tz1qCx8A6VI?feature=oembed\" frameborder=\"0\" allow=\"accelerometer; autoplay; encrypted-media; gyroscope; picture-in-picture\" allowfullscreen><\/iframe>\n<\/div><\/figure>\n\n\n\n<div style=\"height:20px\" aria-hidden=\"true\" class=\"wp-block-spacer\"><\/div>\n\n\n\n<p style=\"font-size:14px\" class=\"has-text-align-center\"><em>El 30 de mayo celebramos una Romer\u00eda Virtual<br>Para unir a los guiletos en un rezo muy especial.<br><br>Mecerreyes ora por el difunto, por el enfermo,<br>Por los que quedan sin trabajo, por abuelos, j\u00f3venes y peque\u00f1os,<br>Pide a <a  href=\"https:\/\/www.mecerreyes.com\/mece\/?page_id=54\">la Virgen del Camino<\/a>, esperanza para sus romeros,<br>Fuerza para andar el camino y no caer en desaliento.<br><br>Gracias a los sanitarios y a los que cuidan de nuestro pueblo.<br>Gracias a los vecinos por su comportamiento fraterno.<br><br>Celebremos con alegr\u00eda y gratos recuerdos <br>Que por 17 a\u00f1os el sue\u00f1o se convirti\u00f3 en sentimiento.<br><br>Vendr\u00e1n tiempos mejores, volveremos a vernos <br>El camino hasta la ermita de nuevo recorreremos.<br>La paella y chocolate\u2026 el 2021 lo degustaremos.<br><br>Brindemos en nuestros hogares \u00a1por <a  href=\"https:\/\/www.mecerreyes.com\/mece\/?page_id=54\">la Virgen del Camino<\/a>! <br>\u00a1Que proteja, gu\u00ede y cuide la salud de los guiletos!<\/em><br><br><\/p>\n\n\n\n<p style=\"color:#ffffff;font-size:18px\" class=\"has-text-color has-background has-vivid-cyan-blue-background-color\"><strong>\u00a1\u00a1Viva <a  href=\"https:\/\/www.mecerreyes.com\/mece\/?page_id=54\">la Virgen del Camino<\/a>, Mecerreyes y sus romeros!!<\/strong><\/p>\n\n\n\n<div style=\"height:20px\" aria-hidden=\"true\" class=\"wp-block-spacer\"><\/div>\n\n\n\n<figure class=\"wp-block-image size-large\"><img loading=\"lazy\" decoding=\"async\" width=\"1000\" height=\"518\" src=\"http:\/\/www.mecerreyes.com\/mece\/wp-content\/uploads\/2018\/06\/Mecerreyes-romer\u00eda-Virgen-del-Camino-26-05-2018-25.jpg\" alt=\"\" class=\"wp-image-16782\" srcset=\"https:\/\/www.mecerreyes.com\/mece\/wp-content\/uploads\/2018\/06\/Mecerreyes-romer\u00eda-Virgen-del-Camino-26-05-2018-25.jpg 1000w, https:\/\/www.mecerreyes.com\/mece\/wp-content\/uploads\/2018\/06\/Mecerreyes-romer\u00eda-Virgen-del-Camino-26-05-2018-25-300x155.jpg 300w, https:\/\/www.mecerreyes.com\/mece\/wp-content\/uploads\/2018\/06\/Mecerreyes-romer\u00eda-Virgen-del-Camino-26-05-2018-25-768x398.jpg 768w\" sizes=\"(max-width: 1000px) 100vw, 1000px\" \/><\/figure>","protected":false},"excerpt":{"rendered":"<p>CELEBRACI\u00d3N ESPECIAL EN SITUACI\u00d3N DE ESTADO DE ALARMA CAUSADO POR EL COVID-19. Las circunstancias nos dejan sin la Romer\u00eda 2020, son 77 d\u00edas de confinamiento, de distancia social, de prohibici\u00f3n de procesiones y grandes reuniones. La nuestra, se celebrar\u00eda una vez m\u00e1s el \u00faltimo s\u00e1bado de mayo, ser\u00eda una procesi\u00f3n en oraci\u00f3n, y una reuni\u00f3n [&hellip;]<\/p>\n","protected":false},"author":5,"featured_media":20114,"comment_status":"open","ping_status":"closed","sticky":false,"template":"","format":"standard","meta":{"_et_pb_use_builder":"","_et_pb_old_content":"","_et_gb_content_width":"","footnotes":""},"categories":[1],"tags":[16,47],"class_list":["post-20085","post","type-post","status-publish","format-standard","has-post-thumbnail","hentry","category-general","tag-cofradia-virgen-del-camino","tag-romeria","et-has-post-format-content","et_post_format-et-post-format-standard"],"_links":{"self":[{"href":"https:\/\/www.mecerreyes.com\/mece\/index.php?rest_route=\/wp\/v2\/posts\/20085"}],"collection":[{"href":"https:\/\/www.mecerreyes.com\/mece\/index.php?rest_route=\/wp\/v2\/posts"}],"about":[{"href":"https:\/\/www.mecerreyes.com\/mece\/index.php?rest_route=\/wp\/v2\/types\/post"}],"author":[{"embeddable":true,"href":"https:\/\/www.mecerreyes.com\/mece\/index.php?rest_route=\/wp\/v2\/users\/5"}],"replies":[{"embeddable":true,"href":"https:\/\/www.mecerreyes.com\/mece\/index.php?rest_route=%2Fwp%2Fv2%2Fcomments&post=20085"}],"version-history":[{"count":11,"href":"https:\/\/www.mecerreyes.com\/mece\/index.php?rest_route=\/wp\/v2\/posts\/20085\/revisions"}],"predecessor-version":[{"id":20115,"href":"https:\/\/www.mecerreyes.com\/mece\/index.php?rest_route=\/wp\/v2\/posts\/20085\/revisions\/20115"}],"wp:featuredmedia":[{"embeddable":true,"href":"https:\/\/www.mecerreyes.com\/mece\/index.php?rest_route=\/wp\/v2\/media\/20114"}],"wp:attachment":[{"href":"https:\/\/www.mecerreyes.com\/mece\/index.php?rest_route=%2Fwp%2Fv2%2Fmedia&parent=20085"}],"wp:term":[{"taxonomy":"category","embeddable":true,"href":"https:\/\/www.mecerreyes.com\/mece\/index.php?rest_route=%2Fwp%2Fv2%2Fcategories&post=20085"},{"taxonomy":"post_tag","embeddable":true,"href":"https:\/\/www.mecerreyes.com\/mece\/index.php?rest_route=%2Fwp%2Fv2%2Ftags&post=20085"}],"curies":[{"name":"wp","href":"https:\/\/api.w.org\/{rel}","templated":true}]}}