{"id":20097,"date":"2020-06-02T01:18:55","date_gmt":"2020-06-02T00:18:55","guid":{"rendered":"http:\/\/www.mecerreyes.com\/mece\/?p=20097"},"modified":"2020-06-08T09:08:51","modified_gmt":"2020-06-08T08:08:51","slug":"noticias-mayo-2020","status":"publish","type":"post","link":"https:\/\/www.mecerreyes.com\/mece\/?p=20097","title":{"rendered":"NOTICIAS MAYO 2020"},"content":{"rendered":"<figure class=\"wp-block-image size-large\"><img loading=\"lazy\" decoding=\"async\" width=\"1024\" height=\"313\" src=\"http:\/\/www.mecerreyes.com\/mece\/wp-content\/uploads\/2020\/04\/IMG-20200408-WA0005-1024x313.jpg\" alt=\"\" class=\"wp-image-20034\" srcset=\"https:\/\/www.mecerreyes.com\/mece\/wp-content\/uploads\/2020\/04\/IMG-20200408-WA0005-1024x313.jpg 1024w, https:\/\/www.mecerreyes.com\/mece\/wp-content\/uploads\/2020\/04\/IMG-20200408-WA0005-300x92.jpg 300w, https:\/\/www.mecerreyes.com\/mece\/wp-content\/uploads\/2020\/04\/IMG-20200408-WA0005-768x235.jpg 768w, https:\/\/www.mecerreyes.com\/mece\/wp-content\/uploads\/2020\/04\/IMG-20200408-WA0005-1536x469.jpg 1536w, https:\/\/www.mecerreyes.com\/mece\/wp-content\/uploads\/2020\/04\/IMG-20200408-WA0005-1080x330.jpg 1080w, https:\/\/www.mecerreyes.com\/mece\/wp-content\/uploads\/2020\/04\/IMG-20200408-WA0005.jpg 1794w\" sizes=\"(max-width: 1024px) 100vw, 1024px\" \/><\/figure>\n\n\n\n<p style=\"font-size:18px\" class=\"has-text-color has-background has-text-align-center has-very-dark-gray-color has-pale-cyan-blue-background-color\"><strong>Llegamos al ecuador de la primavera sin poder disfrutar del paisaje de Mecerreyes<\/strong><\/p>\n\n\n\n<p>Las fotos que Maricarmen nos regala a diario nos acercan sin duda, vemos sus verdes campos, sus calles vac\u00edas, casas cerradas, mensajes esperanzadores. El precioso v\u00eddeo a\u00e9reo de Miguel Gonz\u00e1lez nos hace sentir orgullosos de nuestras ra\u00edces, y ense\u00f1arlo nos permite presumir de pueblo. <\/p>\n\n\n\n<figure class=\"wp-block-embed-youtube wp-block-embed is-type-video is-provider-youtube wp-embed-aspect-16-9 wp-has-aspect-ratio\"><div class=\"wp-block-embed__wrapper\">\n<iframe loading=\"lazy\" title=\"Mecerreyes (Burgos) - Aerial Video - DJI Mavic Pro &amp; DJI Phantom 3\" width=\"1080\" height=\"608\" src=\"https:\/\/www.youtube.com\/embed\/SB6ONQ9qmnc?feature=oembed\" frameborder=\"0\" allow=\"accelerometer; autoplay; encrypted-media; gyroscope; picture-in-picture\" allowfullscreen><\/iframe>\n<\/div><\/figure>\n\n\n\n<p>Y todos a la espera de cambiar de fase y del reencuentro. <\/p>\n\n\n\n<figure class=\"wp-block-gallery columns-2 is-cropped wp-block-gallery-1 is-layout-flex wp-block-gallery-is-layout-flex\"><ul class=\"blocks-gallery-grid\"><li class=\"blocks-gallery-item\"><figure><img loading=\"lazy\" decoding=\"async\" width=\"1024\" height=\"1024\" src=\"http:\/\/www.mecerreyes.com\/mece\/wp-content\/uploads\/2020\/05\/Mecerreyes-Mayo-2020-3-1024x1024.jpg\" alt=\"\" data-id=\"20099\" data-full-url=\"http:\/\/www.mecerreyes.com\/mece\/wp-content\/uploads\/2020\/05\/Mecerreyes-Mayo-2020-3.jpg\" data-link=\"http:\/\/www.mecerreyes.com\/mece\/?attachment_id=20099\" class=\"wp-image-20099\" srcset=\"https:\/\/www.mecerreyes.com\/mece\/wp-content\/uploads\/2020\/05\/Mecerreyes-Mayo-2020-3-1024x1024.jpg 1024w, https:\/\/www.mecerreyes.com\/mece\/wp-content\/uploads\/2020\/05\/Mecerreyes-Mayo-2020-3-300x300.jpg 300w, https:\/\/www.mecerreyes.com\/mece\/wp-content\/uploads\/2020\/05\/Mecerreyes-Mayo-2020-3-150x150.jpg 150w, https:\/\/www.mecerreyes.com\/mece\/wp-content\/uploads\/2020\/05\/Mecerreyes-Mayo-2020-3-768x768.jpg 768w, https:\/\/www.mecerreyes.com\/mece\/wp-content\/uploads\/2020\/05\/Mecerreyes-Mayo-2020-3-1080x1080.jpg 1080w, https:\/\/www.mecerreyes.com\/mece\/wp-content\/uploads\/2020\/05\/Mecerreyes-Mayo-2020-3-440x440.jpg 440w, https:\/\/www.mecerreyes.com\/mece\/wp-content\/uploads\/2020\/05\/Mecerreyes-Mayo-2020-3.jpg 1280w\" sizes=\"(max-width: 1024px) 100vw, 1024px\" \/><\/figure><\/li><li class=\"blocks-gallery-item\"><figure><img loading=\"lazy\" decoding=\"async\" width=\"1024\" height=\"1024\" src=\"http:\/\/www.mecerreyes.com\/mece\/wp-content\/uploads\/2020\/05\/Mecerreyes-Mayo-2020-1-1024x1024.jpg\" alt=\"\" data-id=\"20100\" data-full-url=\"http:\/\/www.mecerreyes.com\/mece\/wp-content\/uploads\/2020\/05\/Mecerreyes-Mayo-2020-1.jpg\" data-link=\"http:\/\/www.mecerreyes.com\/mece\/?attachment_id=20100\" class=\"wp-image-20100\" srcset=\"https:\/\/www.mecerreyes.com\/mece\/wp-content\/uploads\/2020\/05\/Mecerreyes-Mayo-2020-1-1024x1024.jpg 1024w, https:\/\/www.mecerreyes.com\/mece\/wp-content\/uploads\/2020\/05\/Mecerreyes-Mayo-2020-1-300x300.jpg 300w, https:\/\/www.mecerreyes.com\/mece\/wp-content\/uploads\/2020\/05\/Mecerreyes-Mayo-2020-1-150x150.jpg 150w, https:\/\/www.mecerreyes.com\/mece\/wp-content\/uploads\/2020\/05\/Mecerreyes-Mayo-2020-1-768x768.jpg 768w, https:\/\/www.mecerreyes.com\/mece\/wp-content\/uploads\/2020\/05\/Mecerreyes-Mayo-2020-1-1080x1080.jpg 1080w, https:\/\/www.mecerreyes.com\/mece\/wp-content\/uploads\/2020\/05\/Mecerreyes-Mayo-2020-1-440x440.jpg 440w, https:\/\/www.mecerreyes.com\/mece\/wp-content\/uploads\/2020\/05\/Mecerreyes-Mayo-2020-1.jpg 1280w\" sizes=\"(max-width: 1024px) 100vw, 1024px\" \/><\/figure><\/li><\/ul><\/figure>\n\n\n\n<div class=\"wp-block-media-text alignwide is-stacked-on-mobile is-vertically-aligned-bottom\" style=\"grid-template-columns:40% auto\"><figure class=\"wp-block-media-text__media\"><img loading=\"lazy\" decoding=\"async\" width=\"423\" height=\"1024\" src=\"http:\/\/www.mecerreyes.com\/mece\/wp-content\/uploads\/2020\/05\/Mecerreyes-chocolate-y-fumigando-calles-mayo-2020-423x1024.jpg\" alt=\"\" class=\"wp-image-20118\" srcset=\"https:\/\/www.mecerreyes.com\/mece\/wp-content\/uploads\/2020\/05\/Mecerreyes-chocolate-y-fumigando-calles-mayo-2020-423x1024.jpg 423w, https:\/\/www.mecerreyes.com\/mece\/wp-content\/uploads\/2020\/05\/Mecerreyes-chocolate-y-fumigando-calles-mayo-2020-124x300.jpg 124w, https:\/\/www.mecerreyes.com\/mece\/wp-content\/uploads\/2020\/05\/Mecerreyes-chocolate-y-fumigando-calles-mayo-2020-768x1861.jpg 768w, https:\/\/www.mecerreyes.com\/mece\/wp-content\/uploads\/2020\/05\/Mecerreyes-chocolate-y-fumigando-calles-mayo-2020-634x1536.jpg 634w, https:\/\/www.mecerreyes.com\/mece\/wp-content\/uploads\/2020\/05\/Mecerreyes-chocolate-y-fumigando-calles-mayo-2020-845x2048.jpg 845w, https:\/\/www.mecerreyes.com\/mece\/wp-content\/uploads\/2020\/05\/Mecerreyes-chocolate-y-fumigando-calles-mayo-2020.jpg 936w\" sizes=\"(max-width: 423px) 100vw, 423px\" \/><\/figure><div class=\"wp-block-media-text__content\">\n<p style=\"font-size:15px\">Reencuentro con esas benditas madres con las que no se pudo celebrar su d\u00eda, y que tanto apreciaron el detalle obsequio del Bar la Villa cuando vieron a la puerta de su casa un chocolate con bizcochos.  Reencuentro con tanto sanitario guileto para darles mil gracias por su valent\u00eda y coraje en esta pandemia. Con los que han cuidado de los guiletos en estos 77 d\u00edas de estado de alarma, acercando las medicinas, fumigando el pueblo o tomando las riendas <a  href=\"https:\/\/www.mecerreyes.com\/mece\/?page_id=2\">municipio<\/a>. <\/p>\n<\/div><\/div>\n\n\n\n<p><\/p>\n\n\n\n<p>Un mes de celebraciones canceladas, (D\u00eda del Trabajo, D\u00eda de la Madre, <a  href=\"https:\/\/www.mecerreyes.com\/mece\/?page_id=56\">San Isidro<\/a>, un a\u00f1o de la inauguraci\u00f3n del <a  href=\"https:\/\/www.mecerreyes.com\/mece\/?page_id=24340\">Museo del Carnaval<\/a>, comuniones, la 17\u00aa Romer\u00eda de <a  href=\"https:\/\/www.mecerreyes.com\/mece\/?page_id=54\">la Virgen del Camino<\/a>) pero todo por dar valor a la salud de los vecinos y la satisfacci\u00f3n de terminar el mes sin ning\u00fan contagio entre sus habitantes.<\/p>\n\n\n\n<div class=\"wp-block-media-text alignwide has-media-on-the-right is-stacked-on-mobile\"><figure class=\"wp-block-media-text__media\"><img loading=\"lazy\" decoding=\"async\" width=\"768\" height=\"1024\" src=\"http:\/\/www.mecerreyes.com\/mece\/wp-content\/uploads\/2020\/05\/Diario-de-Burgos-mayo-2020-Mecerreyes.jpg\" alt=\"\" class=\"wp-image-20098\" srcset=\"https:\/\/www.mecerreyes.com\/mece\/wp-content\/uploads\/2020\/05\/Diario-de-Burgos-mayo-2020-Mecerreyes.jpg 768w, https:\/\/www.mecerreyes.com\/mece\/wp-content\/uploads\/2020\/05\/Diario-de-Burgos-mayo-2020-Mecerreyes-225x300.jpg 225w\" sizes=\"(max-width: 768px) 100vw, 768px\" \/><\/figure><div class=\"wp-block-media-text__content\">\n<p class=\"has-normal-font-size\">Lejos queda la \u00e9poca en la que la gripe y la ti\u00f1a nos adjudicaron sendos apelativos. Como lejos queda esta noticia publicada en Diario de Burgos hace 125 a\u00f1os recorte<\/p>\n<\/div><\/div>\n\n\n\n<div style=\"height:23px\" aria-hidden=\"true\" class=\"wp-block-spacer\"><\/div>\n\n\n\n<p style=\"font-size:22px\" class=\"has-text-color has-background has-very-dark-gray-color has-luminous-vivid-amber-background-color\"><strong>EFEM\u00c9RIDES<\/strong><strong><\/strong><\/p>\n\n\n\n<ul class=\"wp-block-list\"><li>El 1, D\u00eda Internacional del Trabajo.<\/li><li>El 3, D\u00eda de la Madre.<\/li><li>El 8, D\u00eda Internacional de la Cruz Roja.<\/li><li>El 12, D\u00eda Internacional de la Enfermera.<\/li><li><strong>El 15, D\u00eda de la Familia.&nbsp;<\/strong>Fiesta<strong>&nbsp;de&nbsp;<a  href=\"https:\/\/www.mecerreyes.com\/mece\/?page_id=56\">San Isidro<\/a>.<\/strong><\/li><li>El 17, D\u00eda Internacional de Internet.<\/li><li>El 22, D\u00eda Mundial de la Biodiversidad.<\/li><li><strong>El 30, Romer\u00eda virtual Virgen del Camino<\/strong><\/li><li>El 31, D\u00eda Mundial sin Tabaco. D\u00eda Mundial Esclerosis M\u00faltiple.<\/li><\/ul>\n\n\n\n<p><strong><br><\/strong><\/p>\n\n\n\n<p style=\"font-size:22px\" class=\"has-background has-luminous-vivid-amber-background-color\"><strong>NOELIA CUESTA Y GERM\u00c1N DESCALZO<\/strong><\/p>\n\n\n\n<p>Inspirados en este obligado encierro y haciendo uso de su talento musical nos regalan esta bonita canci\u00f3n titulada Fuera de tus fronteras.<\/p>\n\n\n\n<blockquote class=\"wp-block-quote is-layout-flow wp-block-quote-is-layout-flow\"><p><em>\u201cTodo este tiempo confinados por la crisis del coronavirus est\u00e1 siendo duro, pero a cambio tambi\u00e9n nos est\u00e1 brindando la oportunidad de aprovechar el tiempo para reflexionar, mirar hacia dentro&#8230; Tengo una suerte infinita de compartir mi vida con una persona genial, y juntos hemos creado esta peque\u00f1a canci\u00f3n con la esperanza de transmitir luz y energ\u00eda. \u00a1Deseamos que os guste y os saque una sonrisa! M\u00fasica, letra e interpretaci\u00f3n: Noelia y Germ\u00e1n.\u201d<\/em><\/p><\/blockquote>\n\n\n\n<figure class=\"wp-block-embed-youtube wp-block-embed is-type-video is-provider-youtube wp-embed-aspect-16-9 wp-has-aspect-ratio\"><div class=\"wp-block-embed__wrapper\">\n<iframe loading=\"lazy\" title=\"FUERA DE TUS FRONTERAS (Abril 2020). Noelia y Germ\u00e1n.\" width=\"1080\" height=\"608\" src=\"https:\/\/www.youtube.com\/embed\/Atiw6QUWous?feature=oembed\" frameborder=\"0\" allow=\"accelerometer; autoplay; encrypted-media; gyroscope; picture-in-picture\" allowfullscreen><\/iframe>\n<\/div><\/figure>\n\n\n\n<p>Tambi\u00e9n Diario de Burgos se hizo eco de dicha composici\u00f3n. <\/p>\n\n\n\n<figure class=\"wp-block-image size-large\"><img loading=\"lazy\" decoding=\"async\" width=\"1024\" height=\"539\" src=\"http:\/\/www.mecerreyes.com\/mece\/wp-content\/uploads\/2020\/05\/Diario-de-Burgos-M\u00fasica-para-la-esperanza-mayo-2020-1024x539.jpg\" alt=\"\" class=\"wp-image-20101\" srcset=\"https:\/\/www.mecerreyes.com\/mece\/wp-content\/uploads\/2020\/05\/Diario-de-Burgos-M\u00fasica-para-la-esperanza-mayo-2020-1024x539.jpg 1024w, https:\/\/www.mecerreyes.com\/mece\/wp-content\/uploads\/2020\/05\/Diario-de-Burgos-M\u00fasica-para-la-esperanza-mayo-2020-300x158.jpg 300w, https:\/\/www.mecerreyes.com\/mece\/wp-content\/uploads\/2020\/05\/Diario-de-Burgos-M\u00fasica-para-la-esperanza-mayo-2020-768x404.jpg 768w, https:\/\/www.mecerreyes.com\/mece\/wp-content\/uploads\/2020\/05\/Diario-de-Burgos-M\u00fasica-para-la-esperanza-mayo-2020-1080x568.jpg 1080w, https:\/\/www.mecerreyes.com\/mece\/wp-content\/uploads\/2020\/05\/Diario-de-Burgos-M\u00fasica-para-la-esperanza-mayo-2020.jpg 1157w\" sizes=\"(max-width: 1024px) 100vw, 1024px\" \/><\/figure>\n\n\n\n<p style=\"font-size:22px\" class=\"has-background has-luminous-vivid-amber-background-color\"><strong>CURIOSIDADES (Salvador Santamar\u00eda)<\/strong><\/p>\n\n\n\n<p>El confinamiento ha permitido hacer limpiezas generales, ordenar papeles y ocupar el tiempo revisando lo que tenemos tan bien guardado estaba que casi lo ten\u00edamos olvidado\u2026<br><br>Es lo que le ha ocurrido a Salvador, quien ha rescatado entre sus grandes tesoros este documento que comparte con todos nosotros.<br><br>En \u00e9l se nombra a D. Severiano C\u00e1rdenas L\u00f3pez maestro de la escuela de Mecerreyes en 1969.<br>Ejerci\u00f3 como maestro en las antiguas escuelas durante 2 a\u00f1os y le relev\u00f3 en el cargo D. Esteban Hernando. <\/p>\n\n\n\n<figure class=\"wp-block-image size-large\"><img loading=\"lazy\" decoding=\"async\" width=\"746\" height=\"1024\" src=\"http:\/\/www.mecerreyes.com\/mece\/wp-content\/uploads\/2020\/06\/Escuela-Espa\u00f1ola-746x1024.jpg\" alt=\"\" class=\"wp-image-20129\" srcset=\"https:\/\/www.mecerreyes.com\/mece\/wp-content\/uploads\/2020\/06\/Escuela-Espa\u00f1ola-746x1024.jpg 746w, https:\/\/www.mecerreyes.com\/mece\/wp-content\/uploads\/2020\/06\/Escuela-Espa\u00f1ola-218x300.jpg 218w, https:\/\/www.mecerreyes.com\/mece\/wp-content\/uploads\/2020\/06\/Escuela-Espa\u00f1ola-768x1055.jpg 768w, https:\/\/www.mecerreyes.com\/mece\/wp-content\/uploads\/2020\/06\/Escuela-Espa\u00f1ola.jpg 1032w\" sizes=\"(max-width: 746px) 100vw, 746px\" \/><\/figure>\n\n\n\n<div class=\"wp-block-file\"><a  href=\"http:\/\/www.mecerreyes.com\/mece\/wp-content\/uploads\/2020\/06\/Escuela-Espanola-927.pdf\" target=\"_blank\" rel=\"noreferrer noopener\">Documento completo: <strong>Escuela-Espa\u00f1ola-927<\/strong><\/a><a  href=\"http:\/\/www.mecerreyes.com\/mece\/wp-content\/uploads\/2020\/06\/Escuela-Espanola-927.pdf\" class=\"wp-block-file__button\" 0=\"download\">Descarga<\/a><\/div>\n\n\n\n<p><\/p>\n\n\n\n<p style=\"font-size:22px\" class=\"has-background has-luminous-vivid-amber-background-color\"><strong>POES\u00cdA BONI VICARIO<\/strong><\/p>\n\n\n\n<p>Desde la nostalgia Boni describe algunos quehaceres de la mujer guileta durante el confinamiento. <\/p>\n\n\n\n<blockquote class=\"wp-block-quote has-text-align-center is-layout-flow wp-block-quote-is-layout-flow\"><p><strong>SIN PODER SALIR DE CASA<\/strong><br><br><em>En Mecerreyes hay una calle, en la calle una casa, en la casa una ventana, en la ventana una guileta, sin poder salir de casa.<\/em><\/p><p><em>Su cara queda reflejada en el cristal y ovillando una lana est\u00e1 detr\u00e1s del ventanal.<\/em><\/p><p><em>Haciendo sus labores de costura, escuchando la radio sin m\u00e1s, o leyendo como siempre las noticias que la dan.<\/em><br><em><br>Confinada en la casa, por el virus que nos mata, que a Espa\u00f1a atemorizada tiene, sin poder salir de casa.<\/em><\/p><p><em>El d\u00eda 2 de Mayo, ya nos dejaron pasear, estos d\u00edas los recordar\u00e1s, como un sue\u00f1o triste y nada m\u00e1s.<\/em><\/p><\/blockquote>\n\n\n\n<p style=\"font-size:22px\" class=\"has-background has-luminous-vivid-amber-background-color\"><strong>FUERTE GRANIZADA<\/strong><\/p>\n\n\n\n<p>El d\u00eda 8 de mayo las nubes se despacharon a gusto sobre Mecerreyes, lluvia y granizo que de un plumazo dejaron 13 litros en 15 minutos y estas im\u00e1genes para el recuerdo.<\/p>\n\n\n\n<figure class=\"wp-block-gallery columns-3 is-cropped wp-block-gallery-2 is-layout-flex wp-block-gallery-is-layout-flex\"><ul class=\"blocks-gallery-grid\"><li class=\"blocks-gallery-item\"><figure><img loading=\"lazy\" decoding=\"async\" width=\"768\" height=\"1024\" src=\"http:\/\/www.mecerreyes.com\/mece\/wp-content\/uploads\/2020\/05\/Mecerreyes-granizada-Mayo-2020-2-768x1024.jpg\" alt=\"\" data-id=\"20107\" data-full-url=\"http:\/\/www.mecerreyes.com\/mece\/wp-content\/uploads\/2020\/05\/Mecerreyes-granizada-Mayo-2020-2.jpg\" data-link=\"http:\/\/www.mecerreyes.com\/mece\/?attachment_id=20107\" class=\"wp-image-20107\" srcset=\"https:\/\/www.mecerreyes.com\/mece\/wp-content\/uploads\/2020\/05\/Mecerreyes-granizada-Mayo-2020-2-768x1024.jpg 768w, https:\/\/www.mecerreyes.com\/mece\/wp-content\/uploads\/2020\/05\/Mecerreyes-granizada-Mayo-2020-2-225x300.jpg 225w, https:\/\/www.mecerreyes.com\/mece\/wp-content\/uploads\/2020\/05\/Mecerreyes-granizada-Mayo-2020-2.jpg 960w\" sizes=\"(max-width: 768px) 100vw, 768px\" \/><\/figure><\/li><li class=\"blocks-gallery-item\"><figure><img loading=\"lazy\" decoding=\"async\" width=\"768\" height=\"1024\" src=\"http:\/\/www.mecerreyes.com\/mece\/wp-content\/uploads\/2020\/05\/Mecerreyes-granizada-Mayo-2020-3-768x1024.jpg\" alt=\"\" data-id=\"20108\" data-full-url=\"http:\/\/www.mecerreyes.com\/mece\/wp-content\/uploads\/2020\/05\/Mecerreyes-granizada-Mayo-2020-3.jpg\" data-link=\"http:\/\/www.mecerreyes.com\/mece\/?attachment_id=20108\" class=\"wp-image-20108\" srcset=\"https:\/\/www.mecerreyes.com\/mece\/wp-content\/uploads\/2020\/05\/Mecerreyes-granizada-Mayo-2020-3-768x1024.jpg 768w, https:\/\/www.mecerreyes.com\/mece\/wp-content\/uploads\/2020\/05\/Mecerreyes-granizada-Mayo-2020-3-225x300.jpg 225w, https:\/\/www.mecerreyes.com\/mece\/wp-content\/uploads\/2020\/05\/Mecerreyes-granizada-Mayo-2020-3.jpg 960w\" sizes=\"(max-width: 768px) 100vw, 768px\" \/><\/figure><\/li><li class=\"blocks-gallery-item\"><figure><img loading=\"lazy\" decoding=\"async\" width=\"768\" height=\"1024\" src=\"http:\/\/www.mecerreyes.com\/mece\/wp-content\/uploads\/2020\/05\/Mecerreyes-granizada-Mayo-2020-1-768x1024.jpg\" alt=\"\" data-id=\"20109\" data-full-url=\"http:\/\/www.mecerreyes.com\/mece\/wp-content\/uploads\/2020\/05\/Mecerreyes-granizada-Mayo-2020-1.jpg\" data-link=\"http:\/\/www.mecerreyes.com\/mece\/?attachment_id=20109\" class=\"wp-image-20109\" srcset=\"https:\/\/www.mecerreyes.com\/mece\/wp-content\/uploads\/2020\/05\/Mecerreyes-granizada-Mayo-2020-1-768x1024.jpg 768w, https:\/\/www.mecerreyes.com\/mece\/wp-content\/uploads\/2020\/05\/Mecerreyes-granizada-Mayo-2020-1-225x300.jpg 225w, https:\/\/www.mecerreyes.com\/mece\/wp-content\/uploads\/2020\/05\/Mecerreyes-granizada-Mayo-2020-1.jpg 960w\" sizes=\"(max-width: 768px) 100vw, 768px\" \/><\/figure><\/li><\/ul><\/figure>\n\n\n\n<figure class=\"wp-block-video\"><video controls src=\"http:\/\/www.mecerreyes.com\/mece\/wp-content\/uploads\/2020\/05\/Mecerreyes-granizada-mayo-2020-b.mp4\"><\/video><\/figure>\n\n\n\n<figure class=\"wp-block-video\"><video controls src=\"http:\/\/www.mecerreyes.com\/mece\/wp-content\/uploads\/2020\/05\/Mecerreyes-granizada-mayo-2020-a.mp4\"><\/video><\/figure>\n\n\n\n<p style=\"font-size:22px\" class=\"has-background has-luminous-vivid-amber-background-color\"><strong>DEP\u00d3SITO DEL AGUA<\/strong><\/p>\n\n\n\n<div class=\"wp-block-media-text alignwide is-stacked-on-mobile\"><figure class=\"wp-block-media-text__media\"><img loading=\"lazy\" decoding=\"async\" width=\"680\" height=\"1024\" src=\"http:\/\/www.mecerreyes.com\/mece\/wp-content\/uploads\/2020\/05\/Mecerreyes-arreglo-dep\u00f3sito-de-agua-mayo-2020-680x1024.jpg\" alt=\"\" class=\"wp-image-20121\" srcset=\"https:\/\/www.mecerreyes.com\/mece\/wp-content\/uploads\/2020\/05\/Mecerreyes-arreglo-dep\u00f3sito-de-agua-mayo-2020-680x1024.jpg 680w, https:\/\/www.mecerreyes.com\/mece\/wp-content\/uploads\/2020\/05\/Mecerreyes-arreglo-dep\u00f3sito-de-agua-mayo-2020-199x300.jpg 199w, https:\/\/www.mecerreyes.com\/mece\/wp-content\/uploads\/2020\/05\/Mecerreyes-arreglo-dep\u00f3sito-de-agua-mayo-2020-768x1157.jpg 768w, https:\/\/www.mecerreyes.com\/mece\/wp-content\/uploads\/2020\/05\/Mecerreyes-arreglo-dep\u00f3sito-de-agua-mayo-2020.jpg 850w\" sizes=\"(max-width: 680px) 100vw, 680px\" \/><\/figure><div class=\"wp-block-media-text__content\">\n<p class=\"has-normal-font-size\">Aunque los miembros de la corporaci\u00f3n municipal no han podido estar presentes en el pueblo durante la fase 0, C\u00e9sar Mambrillas ha estado el frente de cuanto acontec\u00eda y una vez terminada la obra de restauraci\u00f3n del dep\u00f3sito de agua potable, nos muestra c\u00f3mo ha quedado.<\/p>\n<\/div><\/div>\n\n\n\n<p style=\"font-size:22px\" class=\"has-background has-luminous-vivid-amber-background-color\"><strong>LAURA MAESO ALONSO<\/strong><\/p>\n\n\n\n<p>El mes pasado os hac\u00edamos llegar las reivindicaciones que Laura hac\u00eda desde la ciencia, y este mes vemos publicada la entrevista titulada <strong>\u201cLa base de la lucha contra el c\u00e1ncer\u201d <\/strong>que El Mundo de Castilla y Le\u00f3n le hace para seguir poniendo en valor a la INVESTIGACI\u00d3N.&nbsp; <\/p>\n\n\n\n<figure class=\"wp-block-image size-large\"><img loading=\"lazy\" decoding=\"async\" width=\"768\" height=\"1024\" src=\"http:\/\/www.mecerreyes.com\/mece\/wp-content\/uploads\/2020\/05\/Laura-Maeso-mayo-2020-768x1024.jpg\" alt=\"\" class=\"wp-image-20122\" srcset=\"https:\/\/www.mecerreyes.com\/mece\/wp-content\/uploads\/2020\/05\/Laura-Maeso-mayo-2020-768x1024.jpg 768w, https:\/\/www.mecerreyes.com\/mece\/wp-content\/uploads\/2020\/05\/Laura-Maeso-mayo-2020-225x300.jpg 225w, https:\/\/www.mecerreyes.com\/mece\/wp-content\/uploads\/2020\/05\/Laura-Maeso-mayo-2020.jpg 960w\" sizes=\"(max-width: 768px) 100vw, 768px\" \/><\/figure>\n\n\n\n<p style=\"font-size:22px\" class=\"has-background has-luminous-vivid-amber-background-color\"><strong>CELEBRACI\u00d3N Y REENCUENTRO EN LA IGLESIA<\/strong><\/p>\n\n\n\n<p>El s\u00e1bado 23 un grupo de abuelas limpiaron y fumigaron la iglesia, de forma que la primera eucarist\u00eda que celebramos el domingo 24 en este estado de alarma, se pudiera desarrollar con garant\u00eda sanitaria y de distancia social. Los ni\u00f1os, Ana, Pablo, Sara y Daniel se encargaron de hacer unas flores para marcar la ubicaci\u00f3n de los asistentes. Al t\u00e9rmino de la misa, Roberto sali\u00f3 al campo para bendecir las excelentes cosechas pidiendo a <a  href=\"https:\/\/www.mecerreyes.com\/mece\/?page_id=56\">San Isidro<\/a> lleguen a buen t\u00e9rmino. <\/p>\n\n\n\n<figure class=\"wp-block-video\"><video controls src=\"http:\/\/www.mecerreyes.com\/mece\/wp-content\/uploads\/2020\/05\/Mecerreyes-Campanas.mp4\"><\/video><\/figure>\n\n\n\n<div class=\"wp-block-image\"><figure class=\"aligncenter size-large is-resized\"><img loading=\"lazy\" decoding=\"async\" src=\"http:\/\/www.mecerreyes.com\/mece\/wp-content\/uploads\/2020\/05\/Mecerreyes-mayo-2020-1024x1024.jpg\" alt=\"\" class=\"wp-image-20125\" width=\"428\" height=\"428\" srcset=\"https:\/\/www.mecerreyes.com\/mece\/wp-content\/uploads\/2020\/05\/Mecerreyes-mayo-2020-1024x1024.jpg 1024w, https:\/\/www.mecerreyes.com\/mece\/wp-content\/uploads\/2020\/05\/Mecerreyes-mayo-2020-300x300.jpg 300w, https:\/\/www.mecerreyes.com\/mece\/wp-content\/uploads\/2020\/05\/Mecerreyes-mayo-2020-150x150.jpg 150w, https:\/\/www.mecerreyes.com\/mece\/wp-content\/uploads\/2020\/05\/Mecerreyes-mayo-2020-768x768.jpg 768w, https:\/\/www.mecerreyes.com\/mece\/wp-content\/uploads\/2020\/05\/Mecerreyes-mayo-2020-1080x1080.jpg 1080w, https:\/\/www.mecerreyes.com\/mece\/wp-content\/uploads\/2020\/05\/Mecerreyes-mayo-2020-440x440.jpg 440w, https:\/\/www.mecerreyes.com\/mece\/wp-content\/uploads\/2020\/05\/Mecerreyes-mayo-2020.jpg 1280w\" sizes=\"(max-width: 428px) 100vw, 428px\" \/><\/figure><\/div>\n\n\n\n<figure class=\"wp-block-video\"><video controls src=\"http:\/\/www.mecerreyes.com\/mece\/wp-content\/uploads\/2020\/05\/Campos-de-Mecerreyes-mayo-2020.mp4\"><\/video><\/figure>\n\n\n\n<p style=\"font-size:22px\" class=\"has-background has-luminous-vivid-amber-background-color\"><strong>SOCORRO ORCAJO \u00a1FELICIDADES EN SU 101 CUMPLEA\u00d1OS!<\/strong><\/p>\n\n\n\n<div class=\"wp-block-image\"><figure class=\"alignleft size-large is-resized\"><img loading=\"lazy\" decoding=\"async\" src=\"http:\/\/www.mecerreyes.com\/mece\/wp-content\/uploads\/2020\/06\/101-a\u00f1os-Socorro-Orcajo-mayo-2020.jpg\" alt=\"\" class=\"wp-image-20134\" width=\"230\" height=\"233\"\/><\/figure><\/div>\n\n\n\n<p>El pasado 21 de mayo, la Sra. Socorro Orcajo (hermana del sacerdote Jes\u00fas Orcajo) cumpli\u00f3 101 a\u00f1os<strong>, <\/strong>su familia nos hace llegar esta foto de las ni\u00f1as de la escuela de Mecerreyes de 1929\/1930 y agradece les tengamos informados de las noticias que acontecen en el pueblo. <\/p>\n\n\n\n<p><\/p>\n\n\n\n<figure class=\"wp-block-gallery columns-2 is-cropped wp-block-gallery-3 is-layout-flex wp-block-gallery-is-layout-flex\"><ul class=\"blocks-gallery-grid\"><li class=\"blocks-gallery-item\"><figure><a  href=\"http:\/\/www.mecerreyes.com\/mece\/wp-content\/uploads\/2020\/06\/ni\u00f1as-de-la-escuela-de-Mecerreyes-de-1929-1930-a.jpg\" class=\"thickbox no_icon\" title=\"\"><img loading=\"lazy\" decoding=\"async\" width=\"701\" height=\"484\" src=\"http:\/\/www.mecerreyes.com\/mece\/wp-content\/uploads\/2020\/06\/ni\u00f1as-de-la-escuela-de-Mecerreyes-de-1929-1930-a.jpg\" alt=\"\" data-id=\"20135\" data-full-url=\"http:\/\/www.mecerreyes.com\/mece\/wp-content\/uploads\/2020\/06\/ni\u00f1as-de-la-escuela-de-Mecerreyes-de-1929-1930-a.jpg\" data-link=\"http:\/\/www.mecerreyes.com\/mece\/?attachment_id=20135\" class=\"wp-image-20135\" srcset=\"https:\/\/www.mecerreyes.com\/mece\/wp-content\/uploads\/2020\/06\/ni\u00f1as-de-la-escuela-de-Mecerreyes-de-1929-1930-a.jpg 701w, https:\/\/www.mecerreyes.com\/mece\/wp-content\/uploads\/2020\/06\/ni\u00f1as-de-la-escuela-de-Mecerreyes-de-1929-1930-a-300x207.jpg 300w\" sizes=\"(max-width: 701px) 100vw, 701px\" \/><\/a><\/figure><\/li><li class=\"blocks-gallery-item\"><figure><a  href=\"http:\/\/www.mecerreyes.com\/mece\/wp-content\/uploads\/2020\/06\/ni\u00f1as-de-la-escuela-de-Mecerreyes-de-1929-1930.jpg\" class=\"thickbox no_icon\" title=\"\"><img loading=\"lazy\" decoding=\"async\" width=\"701\" height=\"484\" src=\"http:\/\/www.mecerreyes.com\/mece\/wp-content\/uploads\/2020\/06\/ni\u00f1as-de-la-escuela-de-Mecerreyes-de-1929-1930.jpg\" alt=\"\" data-id=\"20136\" data-full-url=\"http:\/\/www.mecerreyes.com\/mece\/wp-content\/uploads\/2020\/06\/ni\u00f1as-de-la-escuela-de-Mecerreyes-de-1929-1930.jpg\" data-link=\"http:\/\/www.mecerreyes.com\/mece\/?attachment_id=20136\" class=\"wp-image-20136\" srcset=\"https:\/\/www.mecerreyes.com\/mece\/wp-content\/uploads\/2020\/06\/ni\u00f1as-de-la-escuela-de-Mecerreyes-de-1929-1930.jpg 701w, https:\/\/www.mecerreyes.com\/mece\/wp-content\/uploads\/2020\/06\/ni\u00f1as-de-la-escuela-de-Mecerreyes-de-1929-1930-300x207.jpg 300w\" sizes=\"(max-width: 701px) 100vw, 701px\" \/><\/a><\/figure><\/li><\/ul><\/figure>\n\n\n\n<p style=\"font-size:22px\" class=\"has-background has-luminous-vivid-amber-background-color\"><strong>CAMBIO DE FASE REENCUENTRO EN LA VILLA<\/strong><\/p>\n\n\n\n<p>Coincidiendo con el paso a la fase 1, Ana y Mar\u00eda tienen todo dispuesto cumpliendo la ley en vigor para que podamos hacer uso de la terraza y seguir dando servicio a los vecinos.<\/p>\n\n\n\n<p>Apelamos a la responsabilidad individual para tomar las medidas higi\u00e9nicas y de distancia social, a fin de no dar paso atr\u00e1s en la desescalada y podamos disfrutar de un verano saludable. <\/p>\n\n\n\n<figure class=\"wp-block-image size-large\"><img loading=\"lazy\" decoding=\"async\" width=\"1024\" height=\"385\" src=\"http:\/\/www.mecerreyes.com\/mece\/wp-content\/uploads\/2020\/06\/Mecerreyes-Bar-la-Villa-2020-1024x385.jpg\" alt=\"\" class=\"wp-image-20133\" srcset=\"https:\/\/www.mecerreyes.com\/mece\/wp-content\/uploads\/2020\/06\/Mecerreyes-Bar-la-Villa-2020-1024x385.jpg 1024w, https:\/\/www.mecerreyes.com\/mece\/wp-content\/uploads\/2020\/06\/Mecerreyes-Bar-la-Villa-2020-300x113.jpg 300w, https:\/\/www.mecerreyes.com\/mece\/wp-content\/uploads\/2020\/06\/Mecerreyes-Bar-la-Villa-2020-768x289.jpg 768w, https:\/\/www.mecerreyes.com\/mece\/wp-content\/uploads\/2020\/06\/Mecerreyes-Bar-la-Villa-2020-1080x406.jpg 1080w, https:\/\/www.mecerreyes.com\/mece\/wp-content\/uploads\/2020\/06\/Mecerreyes-Bar-la-Villa-2020.jpg 1417w\" sizes=\"(max-width: 1024px) 100vw, 1024px\" \/><\/figure>\n\n\n\n<p style=\"font-size:22px\" class=\"has-text-color has-background has-very-dark-gray-color has-luminous-vivid-amber-background-color\"><strong>BODAS DE DIAMANTE \u2013 Daniel Mariju\u00e1n y Remedios Gonz\u00e1lez<\/strong><\/p>\n\n\n\n<p>Nuestra m\u00e1s cordial enhorabuena para estos guiletos tan queridos por familiares amigos y vecinos de Mecerreyes, 60 a\u00f1os de matrimonio, un ejemplo de lo que significa esta palabra.<\/p>\n\n\n\n<p>En el recuerdo queda la renovaci\u00f3n de su compromiso matrimonial en su 50 aniversario de boda celebrado en la <a  href=\"https:\/\/www.mecerreyes.com\/mece\/?page_id=66\">ermita Virgen del Camino<\/a>. Que la celebraci\u00f3n de su 60 aniversario sea igual de alegre y el confinamiento por Covid-19 les permita contar con la compa\u00f1\u00eda de sus hijos y nietos.<\/p>\n\n\n\n<figure class=\"wp-block-image size-large\"><img loading=\"lazy\" decoding=\"async\" width=\"722\" height=\"1024\" src=\"http:\/\/www.mecerreyes.com\/mece\/wp-content\/uploads\/2020\/06\/Bodas-de-Diamante-Reme-y-Daniel-mayo-2020-722x1024.jpg\" alt=\"\" class=\"wp-image-20137\" srcset=\"https:\/\/www.mecerreyes.com\/mece\/wp-content\/uploads\/2020\/06\/Bodas-de-Diamante-Reme-y-Daniel-mayo-2020-722x1024.jpg 722w, https:\/\/www.mecerreyes.com\/mece\/wp-content\/uploads\/2020\/06\/Bodas-de-Diamante-Reme-y-Daniel-mayo-2020-211x300.jpg 211w, https:\/\/www.mecerreyes.com\/mece\/wp-content\/uploads\/2020\/06\/Bodas-de-Diamante-Reme-y-Daniel-mayo-2020-768x1090.jpg 768w, https:\/\/www.mecerreyes.com\/mece\/wp-content\/uploads\/2020\/06\/Bodas-de-Diamante-Reme-y-Daniel-mayo-2020-1083x1536.jpg 1083w, https:\/\/www.mecerreyes.com\/mece\/wp-content\/uploads\/2020\/06\/Bodas-de-Diamante-Reme-y-Daniel-mayo-2020-1080x1532.jpg 1080w, https:\/\/www.mecerreyes.com\/mece\/wp-content\/uploads\/2020\/06\/Bodas-de-Diamante-Reme-y-Daniel-mayo-2020.jpg 1199w\" sizes=\"(max-width: 722px) 100vw, 722px\" \/><\/figure>\n\n\n\n<p style=\"font-size:22px\" class=\"has-background has-luminous-vivid-amber-background-color\"><strong>LOS NI\u00d1OS &#8211; H\u00c9ROES DURANTE EL CONFINAMIENTO<\/strong><\/p>\n\n\n\n<p>Termina el mes y es de justicia hacer un peque\u00f1o homenaje a todos los ni\u00f1os guiletos. Con la esperanza de verlos pronto por las calles de Mecerreyes les dedicamos este video que nos hace llegar Beatriz Vicario<\/p>\n\n\n\n<figure class=\"wp-block-embed-youtube wp-block-embed is-type-video is-provider-youtube wp-embed-aspect-4-3 wp-has-aspect-ratio\"><div class=\"wp-block-embed__wrapper\">\n<iframe loading=\"lazy\" title=\"Mecerreyes 2020\" width=\"1080\" height=\"810\" src=\"https:\/\/www.youtube.com\/embed\/aFXuxvaKb1I?feature=oembed\" frameborder=\"0\" allow=\"accelerometer; autoplay; encrypted-media; gyroscope; picture-in-picture\" allowfullscreen><\/iframe>\n<\/div><\/figure>\n\n\n\n<p style=\"font-size:22px\" class=\"has-background has-luminous-vivid-amber-background-color\"><strong>FIESTAS DE AGOSTO<\/strong><\/p>\n\n\n\n<p>Por el momento <strong>quedan canceladas las fiestas de <a  href=\"https:\/\/www.mecerreyes.com\/mece\/?page_id=60\">Acci\u00f3n de Gracias<\/a> y Virgen del Camino<\/strong> del mes de agosto.<\/p>\n\n\n\n<p>Si avanzamos en la desescalada con normalidad, como es de esperar, la corporaci\u00f3n municipal podr\u00eda plantear hacer alguna actividad infantil cumpliendo siempre con lo que la normativa permita.<\/p>\n\n\n\n<p style=\"font-size:22px\" class=\"has-background has-luminous-vivid-amber-background-color\"><strong>REFRANERO<\/strong><\/p>\n\n\n\n<p><em>Si mayo es reglado, ni fr\u00edo ni achicharrado.<\/em><\/p>\n\n\n\n<p><em>Quien en mayo no merienda, con los muertos se cuenta.<\/em><\/p>\n\n\n\n<p><em>Si en mayo no viereis lodo, dalo por perdido todo.<\/em><\/p>\n\n\n\n<p><em>Mayo entrando, un jard\u00edn en cada prado.<\/em><\/p>\n\n\n\n<figure class=\"wp-block-image size-large\"><img loading=\"lazy\" decoding=\"async\" width=\"1024\" height=\"1024\" src=\"http:\/\/www.mecerreyes.com\/mece\/wp-content\/uploads\/2020\/06\/Mecerreyes-entrada-mayo-2020--1024x1024.jpg\" alt=\"\" class=\"wp-image-20139\" srcset=\"https:\/\/www.mecerreyes.com\/mece\/wp-content\/uploads\/2020\/06\/Mecerreyes-entrada-mayo-2020--1024x1024.jpg 1024w, https:\/\/www.mecerreyes.com\/mece\/wp-content\/uploads\/2020\/06\/Mecerreyes-entrada-mayo-2020--300x300.jpg 300w, https:\/\/www.mecerreyes.com\/mece\/wp-content\/uploads\/2020\/06\/Mecerreyes-entrada-mayo-2020--150x150.jpg 150w, https:\/\/www.mecerreyes.com\/mece\/wp-content\/uploads\/2020\/06\/Mecerreyes-entrada-mayo-2020--768x768.jpg 768w, https:\/\/www.mecerreyes.com\/mece\/wp-content\/uploads\/2020\/06\/Mecerreyes-entrada-mayo-2020--1080x1080.jpg 1080w, https:\/\/www.mecerreyes.com\/mece\/wp-content\/uploads\/2020\/06\/Mecerreyes-entrada-mayo-2020--440x440.jpg 440w, https:\/\/www.mecerreyes.com\/mece\/wp-content\/uploads\/2020\/06\/Mecerreyes-entrada-mayo-2020-.jpg 1280w\" sizes=\"(max-width: 1024px) 100vw, 1024px\" \/><\/figure>","protected":false},"excerpt":{"rendered":"<p>Llegamos al ecuador de la primavera sin poder disfrutar del paisaje de Mecerreyes Las fotos que Maricarmen nos regala a diario nos acercan sin duda, vemos sus verdes campos, sus calles vac\u00edas, casas cerradas, mensajes esperanzadores. El precioso v\u00eddeo a\u00e9reo de Miguel Gonz\u00e1lez nos hace sentir orgullosos de nuestras ra\u00edces, y ense\u00f1arlo nos permite presumir [&hellip;]<\/p>\n","protected":false},"author":5,"featured_media":20139,"comment_status":"open","ping_status":"closed","sticky":false,"template":"","format":"standard","meta":{"_et_pb_use_builder":"","_et_pb_old_content":"","_et_gb_content_width":"","footnotes":""},"categories":[1],"tags":[21],"class_list":["post-20097","post","type-post","status-publish","format-standard","has-post-thumbnail","hentry","category-general","tag-guiletos","et-has-post-format-content","et_post_format-et-post-format-standard"],"_links":{"self":[{"href":"https:\/\/www.mecerreyes.com\/mece\/index.php?rest_route=\/wp\/v2\/posts\/20097"}],"collection":[{"href":"https:\/\/www.mecerreyes.com\/mece\/index.php?rest_route=\/wp\/v2\/posts"}],"about":[{"href":"https:\/\/www.mecerreyes.com\/mece\/index.php?rest_route=\/wp\/v2\/types\/post"}],"author":[{"embeddable":true,"href":"https:\/\/www.mecerreyes.com\/mece\/index.php?rest_route=\/wp\/v2\/users\/5"}],"replies":[{"embeddable":true,"href":"https:\/\/www.mecerreyes.com\/mece\/index.php?rest_route=%2Fwp%2Fv2%2Fcomments&post=20097"}],"version-history":[{"count":17,"href":"https:\/\/www.mecerreyes.com\/mece\/index.php?rest_route=\/wp\/v2\/posts\/20097\/revisions"}],"predecessor-version":[{"id":20145,"href":"https:\/\/www.mecerreyes.com\/mece\/index.php?rest_route=\/wp\/v2\/posts\/20097\/revisions\/20145"}],"wp:featuredmedia":[{"embeddable":true,"href":"https:\/\/www.mecerreyes.com\/mece\/index.php?rest_route=\/wp\/v2\/media\/20139"}],"wp:attachment":[{"href":"https:\/\/www.mecerreyes.com\/mece\/index.php?rest_route=%2Fwp%2Fv2%2Fmedia&parent=20097"}],"wp:term":[{"taxonomy":"category","embeddable":true,"href":"https:\/\/www.mecerreyes.com\/mece\/index.php?rest_route=%2Fwp%2Fv2%2Fcategories&post=20097"},{"taxonomy":"post_tag","embeddable":true,"href":"https:\/\/www.mecerreyes.com\/mece\/index.php?rest_route=%2Fwp%2Fv2%2Ftags&post=20097"}],"curies":[{"name":"wp","href":"https:\/\/api.w.org\/{rel}","templated":true}]}}