{"id":20173,"date":"2020-08-04T15:05:22","date_gmt":"2020-08-04T14:05:22","guid":{"rendered":"http:\/\/www.mecerreyes.com\/mece\/?p=20173"},"modified":"2020-08-04T15:15:26","modified_gmt":"2020-08-04T14:15:26","slug":"noticias-julio-2020","status":"publish","type":"post","link":"https:\/\/www.mecerreyes.com\/mece\/?p=20173","title":{"rendered":"Noticias Julio 2020"},"content":{"rendered":"<p><\/p>\n\n\n\n<figure class=\"wp-block-image size-large\"><img loading=\"lazy\" decoding=\"async\" width=\"1024\" height=\"313\" src=\"http:\/\/www.mecerreyes.com\/mece\/wp-content\/uploads\/2020\/04\/IMG-20200408-WA0005-1024x313.jpg\" alt=\"\" class=\"wp-image-20034\" srcset=\"https:\/\/www.mecerreyes.com\/mece\/wp-content\/uploads\/2020\/04\/IMG-20200408-WA0005-1024x313.jpg 1024w, https:\/\/www.mecerreyes.com\/mece\/wp-content\/uploads\/2020\/04\/IMG-20200408-WA0005-300x92.jpg 300w, https:\/\/www.mecerreyes.com\/mece\/wp-content\/uploads\/2020\/04\/IMG-20200408-WA0005-768x235.jpg 768w, https:\/\/www.mecerreyes.com\/mece\/wp-content\/uploads\/2020\/04\/IMG-20200408-WA0005-1536x469.jpg 1536w, https:\/\/www.mecerreyes.com\/mece\/wp-content\/uploads\/2020\/04\/IMG-20200408-WA0005-1080x330.jpg 1080w, https:\/\/www.mecerreyes.com\/mece\/wp-content\/uploads\/2020\/04\/IMG-20200408-WA0005.jpg 1794w\" sizes=\"(max-width: 1024px) 100vw, 1024px\" \/><\/figure>\n\n\n\n<p>Un mes de julio at\u00edpico sin duda este que ya termina, aprender a convivir con el virus del Covid -19 y cumplir con las medidas sanitarias dictadas por la Junta de Castilla y Le\u00f3n impiden celebraciones ya consolidadas en Mecerreyes. <\/p>\n\n\n\n<p>Perder un verano en la vida y no la vida en un verano es una m\u00e1xima para los guiletos.<\/p>\n\n\n\n<p>Apelamos a la responsabilidad individual, as\u00ed como lo hacen las <a  href=\"https:\/\/www.mecerreyes.com\/mece\/?page_id=265\">asociaciones<\/a> e instituciones de nuestro pueblo.<\/p>\n\n\n\n<p>La Asociaci\u00f3n Cultural Mecerreyes traslada la XX edici\u00f3n del Memorial Sim\u00f3n Altable (Festival de Dulzaina) al verano 2021 y deja en pausa la organizaci\u00f3n del VERANO CULTURAL.<\/p>\n\n\n\n<figure class=\"wp-block-image size-large\"><img loading=\"lazy\" decoding=\"async\" width=\"1024\" height=\"576\" src=\"http:\/\/www.mecerreyes.com\/mece\/wp-content\/uploads\/2020\/08\/Mecerreyes-Julio-2020-2-1024x576.jpg\" alt=\"\" class=\"wp-image-20178\" srcset=\"https:\/\/www.mecerreyes.com\/mece\/wp-content\/uploads\/2020\/08\/Mecerreyes-Julio-2020-2-1024x576.jpg 1024w, https:\/\/www.mecerreyes.com\/mece\/wp-content\/uploads\/2020\/08\/Mecerreyes-Julio-2020-2-300x169.jpg 300w, https:\/\/www.mecerreyes.com\/mece\/wp-content\/uploads\/2020\/08\/Mecerreyes-Julio-2020-2-768x432.jpg 768w, https:\/\/www.mecerreyes.com\/mece\/wp-content\/uploads\/2020\/08\/Mecerreyes-Julio-2020-2-1536x864.jpg 1536w, https:\/\/www.mecerreyes.com\/mece\/wp-content\/uploads\/2020\/08\/Mecerreyes-Julio-2020-2-1080x608.jpg 1080w, https:\/\/www.mecerreyes.com\/mece\/wp-content\/uploads\/2020\/08\/Mecerreyes-Julio-2020-2.jpg 1701w\" sizes=\"(max-width: 1024px) 100vw, 1024px\" \/><\/figure>\n\n\n\n<p>La Asociaci\u00f3n de Jubilados <a  href=\"https:\/\/www.mecerreyes.com\/mece\/?page_id=58\">San Mart\u00edn<\/a> Guileto tambi\u00e9n postpone el chocolate para todos para el pr\u00f3ximo a\u00f1o.&nbsp;<\/p>\n\n\n\n<p>El <a  href=\"https:\/\/www.mecerreyes.com\/mece\/?page_id=24\">Ayuntamiento<\/a> de Mecerreyes suspende las fiestas de <a  href=\"https:\/\/www.mecerreyes.com\/mece\/?page_id=60\">Acci\u00f3n de Gracias<\/a> y Virgen del Camino del mes de agosto.<\/p>\n\n\n\n<figure class=\"wp-block-image size-large\"><img loading=\"lazy\" decoding=\"async\" width=\"1024\" height=\"576\" src=\"http:\/\/www.mecerreyes.com\/mece\/wp-content\/uploads\/2020\/08\/Mecerreyes-Julio-2020-4-1024x576.jpg\" alt=\"\" class=\"wp-image-20206\" srcset=\"https:\/\/www.mecerreyes.com\/mece\/wp-content\/uploads\/2020\/08\/Mecerreyes-Julio-2020-4-1024x576.jpg 1024w, https:\/\/www.mecerreyes.com\/mece\/wp-content\/uploads\/2020\/08\/Mecerreyes-Julio-2020-4-300x169.jpg 300w, https:\/\/www.mecerreyes.com\/mece\/wp-content\/uploads\/2020\/08\/Mecerreyes-Julio-2020-4-768x432.jpg 768w, https:\/\/www.mecerreyes.com\/mece\/wp-content\/uploads\/2020\/08\/Mecerreyes-Julio-2020-4-1536x864.jpg 1536w, https:\/\/www.mecerreyes.com\/mece\/wp-content\/uploads\/2020\/08\/Mecerreyes-Julio-2020-4-1080x608.jpg 1080w, https:\/\/www.mecerreyes.com\/mece\/wp-content\/uploads\/2020\/08\/Mecerreyes-Julio-2020-4.jpg 1701w\" sizes=\"(max-width: 1024px) 100vw, 1024px\" \/><\/figure>\n\n\n\n<p>Pero Mecerreyes sigue recibiendo a los suyos y las cuadrillas de ni\u00f1os y mozos son cada vez m\u00e1s numerosas, las calles recobran el bullicio de bicis, el front\u00f3n y la terraza del Bar la Villa lugar de encuentro y las pozas y el pil\u00f3n pal\u00edan el sofoco de los calores de este mes de julio.<\/p>\n\n\n\n<figure class=\"wp-block-image size-large\"><img loading=\"lazy\" decoding=\"async\" width=\"1024\" height=\"576\" src=\"http:\/\/www.mecerreyes.com\/mece\/wp-content\/uploads\/2020\/08\/Mecerreyes-Julio-2020-6-1024x576.jpg\" alt=\"\" class=\"wp-image-20176\" srcset=\"https:\/\/www.mecerreyes.com\/mece\/wp-content\/uploads\/2020\/08\/Mecerreyes-Julio-2020-6-1024x576.jpg 1024w, https:\/\/www.mecerreyes.com\/mece\/wp-content\/uploads\/2020\/08\/Mecerreyes-Julio-2020-6-300x169.jpg 300w, https:\/\/www.mecerreyes.com\/mece\/wp-content\/uploads\/2020\/08\/Mecerreyes-Julio-2020-6-768x432.jpg 768w, https:\/\/www.mecerreyes.com\/mece\/wp-content\/uploads\/2020\/08\/Mecerreyes-Julio-2020-6-1080x607.jpg 1080w, https:\/\/www.mecerreyes.com\/mece\/wp-content\/uploads\/2020\/08\/Mecerreyes-Julio-2020-6.jpg 1417w\" sizes=\"(max-width: 1024px) 100vw, 1024px\" \/><\/figure>\n\n\n\n<figure class=\"wp-block-image size-large is-resized\"><img loading=\"lazy\" decoding=\"async\" src=\"http:\/\/www.mecerreyes.com\/mece\/wp-content\/uploads\/2020\/08\/photo_2020-08-04_15-42-25.jpg\" alt=\"\" class=\"wp-image-20220\" width=\"325\" height=\"510\" srcset=\"https:\/\/www.mecerreyes.com\/mece\/wp-content\/uploads\/2020\/08\/photo_2020-08-04_15-42-25.jpg 579w, https:\/\/www.mecerreyes.com\/mece\/wp-content\/uploads\/2020\/08\/photo_2020-08-04_15-42-25-191x300.jpg 191w\" sizes=\"(max-width: 325px) 100vw, 325px\" \/><\/figure>\n\n\n\n<p>El buen a\u00f1o para los agricultores, ver los primeros frutos de las huertas, disfrutar escuchando el trino de los p\u00e1jaros, de los paseos y del olor a espliego de nuestra Provenza guileta inmortalizada en preciosas fotograf\u00edas, entre otras muchas razones, hacen que la vida en el pueblo sea VIDA. <\/p>\n\n\n\n<figure class=\"wp-block-image size-large\"><img loading=\"lazy\" decoding=\"async\" width=\"1024\" height=\"819\" src=\"http:\/\/www.mecerreyes.com\/mece\/wp-content\/uploads\/2020\/08\/Mecerreyes-Julio-2020-16-1024x819.jpg\" alt=\"\" class=\"wp-image-20177\" srcset=\"https:\/\/www.mecerreyes.com\/mece\/wp-content\/uploads\/2020\/08\/Mecerreyes-Julio-2020-16-1024x819.jpg 1024w, https:\/\/www.mecerreyes.com\/mece\/wp-content\/uploads\/2020\/08\/Mecerreyes-Julio-2020-16-300x240.jpg 300w, https:\/\/www.mecerreyes.com\/mece\/wp-content\/uploads\/2020\/08\/Mecerreyes-Julio-2020-16-768x614.jpg 768w, https:\/\/www.mecerreyes.com\/mece\/wp-content\/uploads\/2020\/08\/Mecerreyes-Julio-2020-16-1080x864.jpg 1080w, https:\/\/www.mecerreyes.com\/mece\/wp-content\/uploads\/2020\/08\/Mecerreyes-Julio-2020-16.jpg 1280w\" sizes=\"(max-width: 1024px) 100vw, 1024px\" \/><\/figure>\n\n\n\n<p style=\"font-size:22px\" class=\"has-background has-luminous-vivid-amber-background-color\"><strong>EFEM\u00c9RIDES JULIO<\/strong><\/p>\n\n\n\n<ul class=\"wp-block-list\"><li>El 5, D\u00eda Internacional del Cooperativismo<\/li><li>El 26, D\u00eda de los Abuelos<\/li><li>El 28, D\u00eda Mundial de las Hepatitis.<\/li><li>El 30, D\u00eda Mundial de la trata de Personas<\/li><\/ul>\n\n\n\n<p style=\"font-size:22px\" class=\"has-background has-luminous-vivid-amber-background-color\"><strong>DEFUNCIONES<\/strong><\/p>\n\n\n\n<p>Este mes de julio ha sido especialmente duro para familiares y amigos de los guiletos fallecidos, poder despedirlos en su iglesia y entre los suyos y sin las restricciones sanitarias del anterior estado de alarma, ha sido un consuelo.<\/p>\n\n\n\n<p><strong>Descansen en Paz:<\/strong><\/p>\n\n\n\n<div class=\"wp-block-media-text alignwide has-background has-very-light-gray-background-color is-stacked-on-mobile\"><figure class=\"wp-block-media-text__media\"><img loading=\"lazy\" decoding=\"async\" width=\"521\" height=\"824\" src=\"http:\/\/www.mecerreyes.com\/mece\/wp-content\/uploads\/2020\/08\/Esquela-Juana-Alonso-Arribas.jpg\" alt=\"\" class=\"wp-image-20182\" srcset=\"https:\/\/www.mecerreyes.com\/mece\/wp-content\/uploads\/2020\/08\/Esquela-Juana-Alonso-Arribas.jpg 521w, https:\/\/www.mecerreyes.com\/mece\/wp-content\/uploads\/2020\/08\/Esquela-Juana-Alonso-Arribas-190x300.jpg 190w\" sizes=\"(max-width: 521px) 100vw, 521px\" \/><\/figure><div class=\"wp-block-media-text__content\">\n<p style=\"font-size:22px\"><strong>Juana Alonso Arribas<\/strong>, falleci\u00f3 el 14 de Junio a los 82 a\u00f1os<\/p>\n<\/div><\/div>\n\n\n\n<div style=\"height:22px\" aria-hidden=\"true\" class=\"wp-block-spacer\"><\/div>\n\n\n\n<div class=\"wp-block-media-text alignwide has-background has-very-light-gray-background-color is-stacked-on-mobile\"><figure class=\"wp-block-media-text__media\"><img loading=\"lazy\" decoding=\"async\" width=\"615\" height=\"881\" src=\"http:\/\/www.mecerreyes.com\/mece\/wp-content\/uploads\/2020\/08\/Esquela-de-In\u00e9s-Romero-Fern\u00e1ndez.jpg\" alt=\"\" class=\"wp-image-20183\" srcset=\"https:\/\/www.mecerreyes.com\/mece\/wp-content\/uploads\/2020\/08\/Esquela-de-In\u00e9s-Romero-Fern\u00e1ndez.jpg 615w, https:\/\/www.mecerreyes.com\/mece\/wp-content\/uploads\/2020\/08\/Esquela-de-In\u00e9s-Romero-Fern\u00e1ndez-209x300.jpg 209w\" sizes=\"(max-width: 615px) 100vw, 615px\" \/><\/figure><div class=\"wp-block-media-text__content\">\n<p style=\"font-size:22px\"><strong>In\u00e9s Romero Fern\u00e1ndez<\/strong> falleci\u00f3 el 7 de julio a los 89 a\u00f1os de edad<\/p>\n<\/div><\/div>\n\n\n\n<div style=\"height:20px\" aria-hidden=\"true\" class=\"wp-block-spacer\"><\/div>\n\n\n\n<figure class=\"wp-block-image size-large is-style-default\"><img loading=\"lazy\" decoding=\"async\" width=\"1024\" height=\"451\" src=\"http:\/\/www.mecerreyes.com\/mece\/wp-content\/uploads\/2020\/08\/Esquela-Florencio-Cu\u00f1ado-Alonso-1024x451.jpg\" alt=\"\" class=\"wp-image-20184\" srcset=\"https:\/\/www.mecerreyes.com\/mece\/wp-content\/uploads\/2020\/08\/Esquela-Florencio-Cu\u00f1ado-Alonso-1024x451.jpg 1024w, https:\/\/www.mecerreyes.com\/mece\/wp-content\/uploads\/2020\/08\/Esquela-Florencio-Cu\u00f1ado-Alonso-300x132.jpg 300w, https:\/\/www.mecerreyes.com\/mece\/wp-content\/uploads\/2020\/08\/Esquela-Florencio-Cu\u00f1ado-Alonso-768x339.jpg 768w, https:\/\/www.mecerreyes.com\/mece\/wp-content\/uploads\/2020\/08\/Esquela-Florencio-Cu\u00f1ado-Alonso-1080x476.jpg 1080w, https:\/\/www.mecerreyes.com\/mece\/wp-content\/uploads\/2020\/08\/Esquela-Florencio-Cu\u00f1ado-Alonso.jpg 1134w\" sizes=\"(max-width: 1024px) 100vw, 1024px\" \/><\/figure>\n\n\n\n<div style=\"height:31px\" aria-hidden=\"true\" class=\"wp-block-spacer\"><\/div>\n\n\n\n<figure class=\"wp-block-image size-large\"><img loading=\"lazy\" decoding=\"async\" width=\"1024\" height=\"482\" src=\"http:\/\/www.mecerreyes.com\/mece\/wp-content\/uploads\/2020\/08\/Esquela-Francisco-Alonso-Arribas-1024x482.jpg\" alt=\"\" class=\"wp-image-20186\" srcset=\"https:\/\/www.mecerreyes.com\/mece\/wp-content\/uploads\/2020\/08\/Esquela-Francisco-Alonso-Arribas-1024x482.jpg 1024w, https:\/\/www.mecerreyes.com\/mece\/wp-content\/uploads\/2020\/08\/Esquela-Francisco-Alonso-Arribas-300x141.jpg 300w, https:\/\/www.mecerreyes.com\/mece\/wp-content\/uploads\/2020\/08\/Esquela-Francisco-Alonso-Arribas-768x361.jpg 768w, https:\/\/www.mecerreyes.com\/mece\/wp-content\/uploads\/2020\/08\/Esquela-Francisco-Alonso-Arribas-1536x722.jpg 1536w, https:\/\/www.mecerreyes.com\/mece\/wp-content\/uploads\/2020\/08\/Esquela-Francisco-Alonso-Arribas-1080x508.jpg 1080w, https:\/\/www.mecerreyes.com\/mece\/wp-content\/uploads\/2020\/08\/Esquela-Francisco-Alonso-Arribas.jpg 2041w\" sizes=\"(max-width: 1024px) 100vw, 1024px\" \/><\/figure>\n\n\n\n<div style=\"height:27px\" aria-hidden=\"true\" class=\"wp-block-spacer\"><\/div>\n\n\n\n<figure class=\"wp-block-image size-large\"><img loading=\"lazy\" decoding=\"async\" width=\"1024\" height=\"370\" src=\"http:\/\/www.mecerreyes.com\/mece\/wp-content\/uploads\/2020\/08\/Esquela-de-Purificaci\u00f3n-Santamar\u00eda-Santamar\u00eda-1024x370.jpg\" alt=\"\" class=\"wp-image-20187\" srcset=\"https:\/\/www.mecerreyes.com\/mece\/wp-content\/uploads\/2020\/08\/Esquela-de-Purificaci\u00f3n-Santamar\u00eda-Santamar\u00eda-1024x370.jpg 1024w, https:\/\/www.mecerreyes.com\/mece\/wp-content\/uploads\/2020\/08\/Esquela-de-Purificaci\u00f3n-Santamar\u00eda-Santamar\u00eda-300x109.jpg 300w, https:\/\/www.mecerreyes.com\/mece\/wp-content\/uploads\/2020\/08\/Esquela-de-Purificaci\u00f3n-Santamar\u00eda-Santamar\u00eda-768x278.jpg 768w, https:\/\/www.mecerreyes.com\/mece\/wp-content\/uploads\/2020\/08\/Esquela-de-Purificaci\u00f3n-Santamar\u00eda-Santamar\u00eda-1536x556.jpg 1536w, https:\/\/www.mecerreyes.com\/mece\/wp-content\/uploads\/2020\/08\/Esquela-de-Purificaci\u00f3n-Santamar\u00eda-Santamar\u00eda-1080x391.jpg 1080w, https:\/\/www.mecerreyes.com\/mece\/wp-content\/uploads\/2020\/08\/Esquela-de-Purificaci\u00f3n-Santamar\u00eda-Santamar\u00eda.jpg 1899w\" sizes=\"(max-width: 1024px) 100vw, 1024px\" \/><\/figure>\n\n\n\n<hr class=\"wp-block-separator\"\/>\n\n\n\n<p class=\"has-text-align-center\">El d\u00eda 25 de julio, se celebr\u00f3 el funeral por <strong>MILAGROS BLANCO BURGOS<\/strong> (que falleci\u00f3 el 24 de abril), sus cenizas fueron depositadas en el cementerio de Mecerreyes, acompa\u00f1ando a la familia, numerosos vecinos y amigos. <br><strong>D.E.P.<\/strong><\/p>\n\n\n\n<p style=\"font-size:22px\" class=\"has-background has-luminous-vivid-amber-background-color\"><strong>FELICIDADES EN SU 90 CUMPLEA\u00d1OS<\/strong><\/p>\n\n\n\n<p><strong>BR\u00cdGIDA GONZ\u00c1LEZ<\/strong> celebr\u00f3 el pasado s\u00e1bado 25 su cumplea\u00f1os rodeada de hijos, familiares y amigos, la m\u00fasica popular a la hora del vermut anim\u00f3 el momento en que Br\u00edgida evoc\u00f3 su juventud y los a\u00f1os disfrutados en su querido pueblo, con una comida en el <a  href=\"https:\/\/www.mecerreyes.com\/mece\/?page_id=797\">Mes\u00f3n de Frutos<\/a> la familia agasaj\u00f3 a la cumplea\u00f1era y puso broche a este feliz d\u00eda.<\/p>\n\n\n\n<figure class=\"wp-block-gallery columns-2 is-cropped wp-block-gallery-1 is-layout-flex wp-block-gallery-is-layout-flex\"><ul class=\"blocks-gallery-grid\"><li class=\"blocks-gallery-item\"><figure><a  href=\"http:\/\/www.mecerreyes.com\/mece\/wp-content\/uploads\/2020\/08\/Br\u00edgida-Gonz\u00e1lez-90-cumplea\u00f1os-2.jpg\" class=\"thickbox no_icon\" title=\"\"><img loading=\"lazy\" decoding=\"async\" width=\"1024\" height=\"768\" src=\"http:\/\/www.mecerreyes.com\/mece\/wp-content\/uploads\/2020\/08\/Br\u00edgida-Gonz\u00e1lez-90-cumplea\u00f1os-2-1024x768.jpg\" alt=\"\" data-id=\"20217\" data-full-url=\"http:\/\/www.mecerreyes.com\/mece\/wp-content\/uploads\/2020\/08\/Br\u00edgida-Gonz\u00e1lez-90-cumplea\u00f1os-2.jpg\" data-link=\"http:\/\/www.mecerreyes.com\/mece\/?attachment_id=20217\" class=\"wp-image-20217\" srcset=\"https:\/\/www.mecerreyes.com\/mece\/wp-content\/uploads\/2020\/08\/Br\u00edgida-Gonz\u00e1lez-90-cumplea\u00f1os-2-1024x768.jpg 1024w, https:\/\/www.mecerreyes.com\/mece\/wp-content\/uploads\/2020\/08\/Br\u00edgida-Gonz\u00e1lez-90-cumplea\u00f1os-2-300x225.jpg 300w, https:\/\/www.mecerreyes.com\/mece\/wp-content\/uploads\/2020\/08\/Br\u00edgida-Gonz\u00e1lez-90-cumplea\u00f1os-2-768x576.jpg 768w, https:\/\/www.mecerreyes.com\/mece\/wp-content\/uploads\/2020\/08\/Br\u00edgida-Gonz\u00e1lez-90-cumplea\u00f1os-2-1080x810.jpg 1080w, https:\/\/www.mecerreyes.com\/mece\/wp-content\/uploads\/2020\/08\/Br\u00edgida-Gonz\u00e1lez-90-cumplea\u00f1os-2.jpg 1280w\" sizes=\"(max-width: 1024px) 100vw, 1024px\" \/><\/a><\/figure><\/li><li class=\"blocks-gallery-item\"><figure><a  href=\"http:\/\/www.mecerreyes.com\/mece\/wp-content\/uploads\/2020\/08\/Br\u00edgida-Gonz\u00e1lez-90-cumplea\u00f1os-1.jpg\" class=\"thickbox no_icon\" title=\"\"><img loading=\"lazy\" decoding=\"async\" width=\"1024\" height=\"768\" src=\"http:\/\/www.mecerreyes.com\/mece\/wp-content\/uploads\/2020\/08\/Br\u00edgida-Gonz\u00e1lez-90-cumplea\u00f1os-1-1024x768.jpg\" alt=\"\" data-id=\"20218\" data-full-url=\"http:\/\/www.mecerreyes.com\/mece\/wp-content\/uploads\/2020\/08\/Br\u00edgida-Gonz\u00e1lez-90-cumplea\u00f1os-1.jpg\" data-link=\"http:\/\/www.mecerreyes.com\/mece\/?attachment_id=20218\" class=\"wp-image-20218\" srcset=\"https:\/\/www.mecerreyes.com\/mece\/wp-content\/uploads\/2020\/08\/Br\u00edgida-Gonz\u00e1lez-90-cumplea\u00f1os-1-1024x768.jpg 1024w, https:\/\/www.mecerreyes.com\/mece\/wp-content\/uploads\/2020\/08\/Br\u00edgida-Gonz\u00e1lez-90-cumplea\u00f1os-1-300x225.jpg 300w, https:\/\/www.mecerreyes.com\/mece\/wp-content\/uploads\/2020\/08\/Br\u00edgida-Gonz\u00e1lez-90-cumplea\u00f1os-1-768x576.jpg 768w, https:\/\/www.mecerreyes.com\/mece\/wp-content\/uploads\/2020\/08\/Br\u00edgida-Gonz\u00e1lez-90-cumplea\u00f1os-1-1080x810.jpg 1080w, https:\/\/www.mecerreyes.com\/mece\/wp-content\/uploads\/2020\/08\/Br\u00edgida-Gonz\u00e1lez-90-cumplea\u00f1os-1.jpg 1280w\" sizes=\"(max-width: 1024px) 100vw, 1024px\" \/><\/a><\/figure><\/li><\/ul><\/figure>\n\n\n\n<p style=\"font-size:22px\" class=\"has-background has-luminous-vivid-amber-background-color\"><strong>ACTIVIDADES CON LOS PEQUE\u00d1OS<\/strong><\/p>\n\n\n\n<p><strong>LEYRE LUNA GONZ\u00c1LEZ VICARIO<\/strong> ha llevado a cabo durante el mes de julio y de forma desinteresada una bonita labor de ocio y tiempo libre con los m\u00e1s peque\u00f1os.<\/p>\n\n\n\n<p>Excursiones, manualidades, juegos\u2026, les ha tenido ocupados durante las ma\u00f1anas, siendo el teleclub el lugar de encuentro.<\/p>\n\n\n\n<p>Gracias por esta bonita iniciativa, y ante la llegada de m\u00e1s ni\u00f1os durante el mes de agosto puedas contar con la ayuda de alg\u00fan voluntario m\u00e1s. <\/p>\n\n\n\n<figure class=\"wp-block-gallery columns-3 is-cropped wp-block-gallery-2 is-layout-flex wp-block-gallery-is-layout-flex\"><ul class=\"blocks-gallery-grid\"><li class=\"blocks-gallery-item\"><figure><a  href=\"http:\/\/www.mecerreyes.com\/mece\/wp-content\/uploads\/2020\/08\/Mecerreyes-actividades-ni\u00f1os-julio-2020-12.jpg\" class=\"thickbox no_icon\" title=\"\"><img loading=\"lazy\" decoding=\"async\" width=\"1024\" height=\"667\" src=\"http:\/\/www.mecerreyes.com\/mece\/wp-content\/uploads\/2020\/08\/Mecerreyes-actividades-ni\u00f1os-julio-2020-12-1024x667.jpg\" alt=\"\" data-id=\"20191\" data-full-url=\"http:\/\/www.mecerreyes.com\/mece\/wp-content\/uploads\/2020\/08\/Mecerreyes-actividades-ni\u00f1os-julio-2020-12.jpg\" data-link=\"http:\/\/www.mecerreyes.com\/mece\/?attachment_id=20191\" class=\"wp-image-20191\" srcset=\"https:\/\/www.mecerreyes.com\/mece\/wp-content\/uploads\/2020\/08\/Mecerreyes-actividades-ni\u00f1os-julio-2020-12-1024x667.jpg 1024w, https:\/\/www.mecerreyes.com\/mece\/wp-content\/uploads\/2020\/08\/Mecerreyes-actividades-ni\u00f1os-julio-2020-12-300x195.jpg 300w, https:\/\/www.mecerreyes.com\/mece\/wp-content\/uploads\/2020\/08\/Mecerreyes-actividades-ni\u00f1os-julio-2020-12-768x500.jpg 768w, https:\/\/www.mecerreyes.com\/mece\/wp-content\/uploads\/2020\/08\/Mecerreyes-actividades-ni\u00f1os-julio-2020-12-1080x704.jpg 1080w, https:\/\/www.mecerreyes.com\/mece\/wp-content\/uploads\/2020\/08\/Mecerreyes-actividades-ni\u00f1os-julio-2020-12.jpg 1280w\" sizes=\"(max-width: 1024px) 100vw, 1024px\" \/><\/a><\/figure><\/li><li class=\"blocks-gallery-item\"><figure><a  href=\"http:\/\/www.mecerreyes.com\/mece\/wp-content\/uploads\/2020\/08\/Mecerreyes-actividades-ni\u00f1os-julio-2020-13.jpg\" class=\"thickbox no_icon\" title=\"\"><img loading=\"lazy\" decoding=\"async\" width=\"1024\" height=\"768\" src=\"http:\/\/www.mecerreyes.com\/mece\/wp-content\/uploads\/2020\/08\/Mecerreyes-actividades-ni\u00f1os-julio-2020-13-1024x768.jpg\" alt=\"\" data-id=\"20192\" data-full-url=\"http:\/\/www.mecerreyes.com\/mece\/wp-content\/uploads\/2020\/08\/Mecerreyes-actividades-ni\u00f1os-julio-2020-13.jpg\" data-link=\"http:\/\/www.mecerreyes.com\/mece\/?attachment_id=20192\" class=\"wp-image-20192\" srcset=\"https:\/\/www.mecerreyes.com\/mece\/wp-content\/uploads\/2020\/08\/Mecerreyes-actividades-ni\u00f1os-julio-2020-13-1024x768.jpg 1024w, https:\/\/www.mecerreyes.com\/mece\/wp-content\/uploads\/2020\/08\/Mecerreyes-actividades-ni\u00f1os-julio-2020-13-300x225.jpg 300w, https:\/\/www.mecerreyes.com\/mece\/wp-content\/uploads\/2020\/08\/Mecerreyes-actividades-ni\u00f1os-julio-2020-13-768x576.jpg 768w, https:\/\/www.mecerreyes.com\/mece\/wp-content\/uploads\/2020\/08\/Mecerreyes-actividades-ni\u00f1os-julio-2020-13-1080x810.jpg 1080w, https:\/\/www.mecerreyes.com\/mece\/wp-content\/uploads\/2020\/08\/Mecerreyes-actividades-ni\u00f1os-julio-2020-13.jpg 1280w\" sizes=\"(max-width: 1024px) 100vw, 1024px\" \/><\/a><\/figure><\/li><li class=\"blocks-gallery-item\"><figure><a  href=\"http:\/\/www.mecerreyes.com\/mece\/wp-content\/uploads\/2020\/08\/Mecerreyes-actividades-ni\u00f1os-julio-2020-1.jpg\" class=\"thickbox no_icon\" title=\"\"><img loading=\"lazy\" decoding=\"async\" width=\"1024\" height=\"512\" src=\"http:\/\/www.mecerreyes.com\/mece\/wp-content\/uploads\/2020\/08\/Mecerreyes-actividades-ni\u00f1os-julio-2020-1-1024x512.jpg\" alt=\"\" data-id=\"20193\" data-full-url=\"http:\/\/www.mecerreyes.com\/mece\/wp-content\/uploads\/2020\/08\/Mecerreyes-actividades-ni\u00f1os-julio-2020-1.jpg\" data-link=\"http:\/\/www.mecerreyes.com\/mece\/?attachment_id=20193\" class=\"wp-image-20193\" srcset=\"https:\/\/www.mecerreyes.com\/mece\/wp-content\/uploads\/2020\/08\/Mecerreyes-actividades-ni\u00f1os-julio-2020-1-1024x512.jpg 1024w, https:\/\/www.mecerreyes.com\/mece\/wp-content\/uploads\/2020\/08\/Mecerreyes-actividades-ni\u00f1os-julio-2020-1-300x150.jpg 300w, https:\/\/www.mecerreyes.com\/mece\/wp-content\/uploads\/2020\/08\/Mecerreyes-actividades-ni\u00f1os-julio-2020-1-768x384.jpg 768w, https:\/\/www.mecerreyes.com\/mece\/wp-content\/uploads\/2020\/08\/Mecerreyes-actividades-ni\u00f1os-julio-2020-1-1080x540.jpg 1080w, https:\/\/www.mecerreyes.com\/mece\/wp-content\/uploads\/2020\/08\/Mecerreyes-actividades-ni\u00f1os-julio-2020-1.jpg 1280w\" sizes=\"(max-width: 1024px) 100vw, 1024px\" \/><\/a><\/figure><\/li><li class=\"blocks-gallery-item\"><figure><a  href=\"http:\/\/www.mecerreyes.com\/mece\/wp-content\/uploads\/2020\/08\/Mecerreyes-actividades-ni\u00f1os-julio-2020-2.jpg\" class=\"thickbox no_icon\" title=\"\"><img loading=\"lazy\" decoding=\"async\" width=\"1024\" height=\"367\" src=\"http:\/\/www.mecerreyes.com\/mece\/wp-content\/uploads\/2020\/08\/Mecerreyes-actividades-ni\u00f1os-julio-2020-2-1024x367.jpg\" alt=\"\" data-id=\"20194\" data-full-url=\"http:\/\/www.mecerreyes.com\/mece\/wp-content\/uploads\/2020\/08\/Mecerreyes-actividades-ni\u00f1os-julio-2020-2.jpg\" data-link=\"http:\/\/www.mecerreyes.com\/mece\/?attachment_id=20194\" class=\"wp-image-20194\" srcset=\"https:\/\/www.mecerreyes.com\/mece\/wp-content\/uploads\/2020\/08\/Mecerreyes-actividades-ni\u00f1os-julio-2020-2-1024x367.jpg 1024w, https:\/\/www.mecerreyes.com\/mece\/wp-content\/uploads\/2020\/08\/Mecerreyes-actividades-ni\u00f1os-julio-2020-2-300x108.jpg 300w, https:\/\/www.mecerreyes.com\/mece\/wp-content\/uploads\/2020\/08\/Mecerreyes-actividades-ni\u00f1os-julio-2020-2-768x275.jpg 768w, https:\/\/www.mecerreyes.com\/mece\/wp-content\/uploads\/2020\/08\/Mecerreyes-actividades-ni\u00f1os-julio-2020-2-1080x387.jpg 1080w, https:\/\/www.mecerreyes.com\/mece\/wp-content\/uploads\/2020\/08\/Mecerreyes-actividades-ni\u00f1os-julio-2020-2.jpg 1280w\" sizes=\"(max-width: 1024px) 100vw, 1024px\" \/><\/a><\/figure><\/li><li class=\"blocks-gallery-item\"><figure><a  href=\"http:\/\/www.mecerreyes.com\/mece\/wp-content\/uploads\/2020\/08\/Mecerreyes-actividades-ni\u00f1os-julio-2020-3.jpg\" class=\"thickbox no_icon\" title=\"\"><img loading=\"lazy\" decoding=\"async\" width=\"768\" height=\"1024\" src=\"http:\/\/www.mecerreyes.com\/mece\/wp-content\/uploads\/2020\/08\/Mecerreyes-actividades-ni\u00f1os-julio-2020-3-768x1024.jpg\" alt=\"\" data-id=\"20195\" data-full-url=\"http:\/\/www.mecerreyes.com\/mece\/wp-content\/uploads\/2020\/08\/Mecerreyes-actividades-ni\u00f1os-julio-2020-3.jpg\" data-link=\"http:\/\/www.mecerreyes.com\/mece\/?attachment_id=20195\" class=\"wp-image-20195\" srcset=\"https:\/\/www.mecerreyes.com\/mece\/wp-content\/uploads\/2020\/08\/Mecerreyes-actividades-ni\u00f1os-julio-2020-3-768x1024.jpg 768w, https:\/\/www.mecerreyes.com\/mece\/wp-content\/uploads\/2020\/08\/Mecerreyes-actividades-ni\u00f1os-julio-2020-3-225x300.jpg 225w, https:\/\/www.mecerreyes.com\/mece\/wp-content\/uploads\/2020\/08\/Mecerreyes-actividades-ni\u00f1os-julio-2020-3.jpg 960w\" sizes=\"(max-width: 768px) 100vw, 768px\" \/><\/a><\/figure><\/li><li class=\"blocks-gallery-item\"><figure><a  href=\"http:\/\/www.mecerreyes.com\/mece\/wp-content\/uploads\/2020\/08\/Mecerreyes-actividades-ni\u00f1os-julio-2020-4.jpg\" class=\"thickbox no_icon\" title=\"\"><img loading=\"lazy\" decoding=\"async\" width=\"1024\" height=\"636\" src=\"http:\/\/www.mecerreyes.com\/mece\/wp-content\/uploads\/2020\/08\/Mecerreyes-actividades-ni\u00f1os-julio-2020-4-1024x636.jpg\" alt=\"\" data-id=\"20196\" data-full-url=\"http:\/\/www.mecerreyes.com\/mece\/wp-content\/uploads\/2020\/08\/Mecerreyes-actividades-ni\u00f1os-julio-2020-4.jpg\" data-link=\"http:\/\/www.mecerreyes.com\/mece\/?attachment_id=20196\" class=\"wp-image-20196\" srcset=\"https:\/\/www.mecerreyes.com\/mece\/wp-content\/uploads\/2020\/08\/Mecerreyes-actividades-ni\u00f1os-julio-2020-4-1024x636.jpg 1024w, https:\/\/www.mecerreyes.com\/mece\/wp-content\/uploads\/2020\/08\/Mecerreyes-actividades-ni\u00f1os-julio-2020-4-300x186.jpg 300w, https:\/\/www.mecerreyes.com\/mece\/wp-content\/uploads\/2020\/08\/Mecerreyes-actividades-ni\u00f1os-julio-2020-4-768x477.jpg 768w, https:\/\/www.mecerreyes.com\/mece\/wp-content\/uploads\/2020\/08\/Mecerreyes-actividades-ni\u00f1os-julio-2020-4-1080x671.jpg 1080w, https:\/\/www.mecerreyes.com\/mece\/wp-content\/uploads\/2020\/08\/Mecerreyes-actividades-ni\u00f1os-julio-2020-4.jpg 1280w\" sizes=\"(max-width: 1024px) 100vw, 1024px\" \/><\/a><\/figure><\/li><li class=\"blocks-gallery-item\"><figure><a  href=\"http:\/\/www.mecerreyes.com\/mece\/wp-content\/uploads\/2020\/08\/Mecerreyes-actividades-ni\u00f1os-julio-2020-5.jpg\" class=\"thickbox no_icon\" title=\"\"><img loading=\"lazy\" decoding=\"async\" width=\"1024\" height=\"446\" src=\"http:\/\/www.mecerreyes.com\/mece\/wp-content\/uploads\/2020\/08\/Mecerreyes-actividades-ni\u00f1os-julio-2020-5-1024x446.jpg\" alt=\"\" data-id=\"20197\" data-full-url=\"http:\/\/www.mecerreyes.com\/mece\/wp-content\/uploads\/2020\/08\/Mecerreyes-actividades-ni\u00f1os-julio-2020-5.jpg\" data-link=\"http:\/\/www.mecerreyes.com\/mece\/?attachment_id=20197\" class=\"wp-image-20197\" srcset=\"https:\/\/www.mecerreyes.com\/mece\/wp-content\/uploads\/2020\/08\/Mecerreyes-actividades-ni\u00f1os-julio-2020-5-1024x446.jpg 1024w, https:\/\/www.mecerreyes.com\/mece\/wp-content\/uploads\/2020\/08\/Mecerreyes-actividades-ni\u00f1os-julio-2020-5-300x131.jpg 300w, https:\/\/www.mecerreyes.com\/mece\/wp-content\/uploads\/2020\/08\/Mecerreyes-actividades-ni\u00f1os-julio-2020-5-768x335.jpg 768w, https:\/\/www.mecerreyes.com\/mece\/wp-content\/uploads\/2020\/08\/Mecerreyes-actividades-ni\u00f1os-julio-2020-5-1080x471.jpg 1080w, https:\/\/www.mecerreyes.com\/mece\/wp-content\/uploads\/2020\/08\/Mecerreyes-actividades-ni\u00f1os-julio-2020-5.jpg 1280w\" sizes=\"(max-width: 1024px) 100vw, 1024px\" \/><\/a><\/figure><\/li><li class=\"blocks-gallery-item\"><figure><a  href=\"http:\/\/www.mecerreyes.com\/mece\/wp-content\/uploads\/2020\/08\/Mecerreyes-actividades-ni\u00f1os-julio-2020-6.jpg\" class=\"thickbox no_icon\" title=\"\"><img loading=\"lazy\" decoding=\"async\" width=\"768\" height=\"1024\" src=\"http:\/\/www.mecerreyes.com\/mece\/wp-content\/uploads\/2020\/08\/Mecerreyes-actividades-ni\u00f1os-julio-2020-6-768x1024.jpg\" alt=\"\" data-id=\"20198\" data-full-url=\"http:\/\/www.mecerreyes.com\/mece\/wp-content\/uploads\/2020\/08\/Mecerreyes-actividades-ni\u00f1os-julio-2020-6.jpg\" data-link=\"http:\/\/www.mecerreyes.com\/mece\/?attachment_id=20198\" class=\"wp-image-20198\" srcset=\"https:\/\/www.mecerreyes.com\/mece\/wp-content\/uploads\/2020\/08\/Mecerreyes-actividades-ni\u00f1os-julio-2020-6-768x1024.jpg 768w, https:\/\/www.mecerreyes.com\/mece\/wp-content\/uploads\/2020\/08\/Mecerreyes-actividades-ni\u00f1os-julio-2020-6-225x300.jpg 225w, https:\/\/www.mecerreyes.com\/mece\/wp-content\/uploads\/2020\/08\/Mecerreyes-actividades-ni\u00f1os-julio-2020-6.jpg 960w\" sizes=\"(max-width: 768px) 100vw, 768px\" \/><\/a><\/figure><\/li><li class=\"blocks-gallery-item\"><figure><a  href=\"http:\/\/www.mecerreyes.com\/mece\/wp-content\/uploads\/2020\/08\/Mecerreyes-actividades-ni\u00f1os-julio-2020-7.jpg\" class=\"thickbox no_icon\" title=\"\"><img loading=\"lazy\" decoding=\"async\" width=\"1024\" height=\"583\" src=\"http:\/\/www.mecerreyes.com\/mece\/wp-content\/uploads\/2020\/08\/Mecerreyes-actividades-ni\u00f1os-julio-2020-7-1024x583.jpg\" alt=\"\" data-id=\"20199\" data-full-url=\"http:\/\/www.mecerreyes.com\/mece\/wp-content\/uploads\/2020\/08\/Mecerreyes-actividades-ni\u00f1os-julio-2020-7.jpg\" data-link=\"http:\/\/www.mecerreyes.com\/mece\/?attachment_id=20199\" class=\"wp-image-20199\" srcset=\"https:\/\/www.mecerreyes.com\/mece\/wp-content\/uploads\/2020\/08\/Mecerreyes-actividades-ni\u00f1os-julio-2020-7-1024x583.jpg 1024w, https:\/\/www.mecerreyes.com\/mece\/wp-content\/uploads\/2020\/08\/Mecerreyes-actividades-ni\u00f1os-julio-2020-7-300x171.jpg 300w, https:\/\/www.mecerreyes.com\/mece\/wp-content\/uploads\/2020\/08\/Mecerreyes-actividades-ni\u00f1os-julio-2020-7-768x437.jpg 768w, https:\/\/www.mecerreyes.com\/mece\/wp-content\/uploads\/2020\/08\/Mecerreyes-actividades-ni\u00f1os-julio-2020-7-1080x615.jpg 1080w, https:\/\/www.mecerreyes.com\/mece\/wp-content\/uploads\/2020\/08\/Mecerreyes-actividades-ni\u00f1os-julio-2020-7.jpg 1280w\" sizes=\"(max-width: 1024px) 100vw, 1024px\" \/><\/a><\/figure><\/li><li class=\"blocks-gallery-item\"><figure><a  href=\"http:\/\/www.mecerreyes.com\/mece\/wp-content\/uploads\/2020\/08\/Mecerreyes-actividades-ni\u00f1os-julio-2020-8.jpg\" class=\"thickbox no_icon\" title=\"\"><img loading=\"lazy\" decoding=\"async\" width=\"768\" height=\"1024\" src=\"http:\/\/www.mecerreyes.com\/mece\/wp-content\/uploads\/2020\/08\/Mecerreyes-actividades-ni\u00f1os-julio-2020-8-768x1024.jpg\" alt=\"\" data-id=\"20200\" data-full-url=\"http:\/\/www.mecerreyes.com\/mece\/wp-content\/uploads\/2020\/08\/Mecerreyes-actividades-ni\u00f1os-julio-2020-8.jpg\" data-link=\"http:\/\/www.mecerreyes.com\/mece\/?attachment_id=20200\" class=\"wp-image-20200\" srcset=\"https:\/\/www.mecerreyes.com\/mece\/wp-content\/uploads\/2020\/08\/Mecerreyes-actividades-ni\u00f1os-julio-2020-8-768x1024.jpg 768w, https:\/\/www.mecerreyes.com\/mece\/wp-content\/uploads\/2020\/08\/Mecerreyes-actividades-ni\u00f1os-julio-2020-8-225x300.jpg 225w, https:\/\/www.mecerreyes.com\/mece\/wp-content\/uploads\/2020\/08\/Mecerreyes-actividades-ni\u00f1os-julio-2020-8.jpg 960w\" sizes=\"(max-width: 768px) 100vw, 768px\" \/><\/a><\/figure><\/li><li class=\"blocks-gallery-item\"><figure><a  href=\"http:\/\/www.mecerreyes.com\/mece\/wp-content\/uploads\/2020\/08\/Mecerreyes-actividades-ni\u00f1os-julio-2020-9.jpg\" class=\"thickbox no_icon\" title=\"\"><img loading=\"lazy\" decoding=\"async\" width=\"768\" height=\"1024\" src=\"http:\/\/www.mecerreyes.com\/mece\/wp-content\/uploads\/2020\/08\/Mecerreyes-actividades-ni\u00f1os-julio-2020-9-768x1024.jpg\" alt=\"\" data-id=\"20201\" data-full-url=\"http:\/\/www.mecerreyes.com\/mece\/wp-content\/uploads\/2020\/08\/Mecerreyes-actividades-ni\u00f1os-julio-2020-9.jpg\" data-link=\"http:\/\/www.mecerreyes.com\/mece\/?attachment_id=20201\" class=\"wp-image-20201\" srcset=\"https:\/\/www.mecerreyes.com\/mece\/wp-content\/uploads\/2020\/08\/Mecerreyes-actividades-ni\u00f1os-julio-2020-9-768x1024.jpg 768w, https:\/\/www.mecerreyes.com\/mece\/wp-content\/uploads\/2020\/08\/Mecerreyes-actividades-ni\u00f1os-julio-2020-9-225x300.jpg 225w, https:\/\/www.mecerreyes.com\/mece\/wp-content\/uploads\/2020\/08\/Mecerreyes-actividades-ni\u00f1os-julio-2020-9.jpg 960w\" sizes=\"(max-width: 768px) 100vw, 768px\" \/><\/a><\/figure><\/li><li class=\"blocks-gallery-item\"><figure><a  href=\"http:\/\/www.mecerreyes.com\/mece\/wp-content\/uploads\/2020\/08\/Mecerreyes-actividades-ni\u00f1os-julio-2020-10.jpg\" class=\"thickbox no_icon\" title=\"\"><img loading=\"lazy\" decoding=\"async\" width=\"1024\" height=\"768\" src=\"http:\/\/www.mecerreyes.com\/mece\/wp-content\/uploads\/2020\/08\/Mecerreyes-actividades-ni\u00f1os-julio-2020-10-1024x768.jpg\" alt=\"\" data-id=\"20202\" data-full-url=\"http:\/\/www.mecerreyes.com\/mece\/wp-content\/uploads\/2020\/08\/Mecerreyes-actividades-ni\u00f1os-julio-2020-10.jpg\" data-link=\"http:\/\/www.mecerreyes.com\/mece\/?attachment_id=20202\" class=\"wp-image-20202\" srcset=\"https:\/\/www.mecerreyes.com\/mece\/wp-content\/uploads\/2020\/08\/Mecerreyes-actividades-ni\u00f1os-julio-2020-10-1024x768.jpg 1024w, https:\/\/www.mecerreyes.com\/mece\/wp-content\/uploads\/2020\/08\/Mecerreyes-actividades-ni\u00f1os-julio-2020-10-300x225.jpg 300w, https:\/\/www.mecerreyes.com\/mece\/wp-content\/uploads\/2020\/08\/Mecerreyes-actividades-ni\u00f1os-julio-2020-10-768x576.jpg 768w, https:\/\/www.mecerreyes.com\/mece\/wp-content\/uploads\/2020\/08\/Mecerreyes-actividades-ni\u00f1os-julio-2020-10-1080x810.jpg 1080w, https:\/\/www.mecerreyes.com\/mece\/wp-content\/uploads\/2020\/08\/Mecerreyes-actividades-ni\u00f1os-julio-2020-10.jpg 1280w\" sizes=\"(max-width: 1024px) 100vw, 1024px\" \/><\/a><\/figure><\/li><li class=\"blocks-gallery-item\"><figure><a  href=\"http:\/\/www.mecerreyes.com\/mece\/wp-content\/uploads\/2020\/08\/Mecerreyes-actividades-ni\u00f1os-julio-2020-11.jpg\" class=\"thickbox no_icon\" title=\"\"><img loading=\"lazy\" decoding=\"async\" width=\"1024\" height=\"768\" src=\"http:\/\/www.mecerreyes.com\/mece\/wp-content\/uploads\/2020\/08\/Mecerreyes-actividades-ni\u00f1os-julio-2020-11-1024x768.jpg\" alt=\"\" data-id=\"20203\" data-full-url=\"http:\/\/www.mecerreyes.com\/mece\/wp-content\/uploads\/2020\/08\/Mecerreyes-actividades-ni\u00f1os-julio-2020-11.jpg\" data-link=\"http:\/\/www.mecerreyes.com\/mece\/?attachment_id=20203\" class=\"wp-image-20203\" srcset=\"https:\/\/www.mecerreyes.com\/mece\/wp-content\/uploads\/2020\/08\/Mecerreyes-actividades-ni\u00f1os-julio-2020-11-1024x768.jpg 1024w, https:\/\/www.mecerreyes.com\/mece\/wp-content\/uploads\/2020\/08\/Mecerreyes-actividades-ni\u00f1os-julio-2020-11-300x225.jpg 300w, https:\/\/www.mecerreyes.com\/mece\/wp-content\/uploads\/2020\/08\/Mecerreyes-actividades-ni\u00f1os-julio-2020-11-768x576.jpg 768w, https:\/\/www.mecerreyes.com\/mece\/wp-content\/uploads\/2020\/08\/Mecerreyes-actividades-ni\u00f1os-julio-2020-11-1080x810.jpg 1080w, https:\/\/www.mecerreyes.com\/mece\/wp-content\/uploads\/2020\/08\/Mecerreyes-actividades-ni\u00f1os-julio-2020-11.jpg 1280w\" sizes=\"(max-width: 1024px) 100vw, 1024px\" \/><\/a><\/figure><\/li><\/ul><\/figure>\n\n\n\n<p style=\"font-size:22px\" class=\"has-background has-luminous-vivid-amber-background-color\"><strong>REAPERTURA DEL <a  href=\"https:\/\/www.mecerreyes.com\/mece\/?page_id=24340\">MUSEO DEL CARNAVAL<\/a><\/strong><\/p>\n\n\n\n<p>Una vez tomadas las medidas sanitarias requeridas ADECOAR los museos integrados en la red de Museos Vivos han retomado su actividad, la de nuestro museo se restableci\u00f3 el pasado 17 de julio. Una alternativa cultural perfecta en estos tiempos en que el ocio y la cultura se est\u00e1n viendo tan castigados. <\/p>\n\n\n\n<figure class=\"wp-block-image size-large\"><img loading=\"lazy\" decoding=\"async\" width=\"1024\" height=\"720\" src=\"http:\/\/www.mecerreyes.com\/mece\/wp-content\/uploads\/2020\/08\/Diario-de-Burgos-julio-2020.jpg\" alt=\"\" class=\"wp-image-20188\" srcset=\"https:\/\/www.mecerreyes.com\/mece\/wp-content\/uploads\/2020\/08\/Diario-de-Burgos-julio-2020.jpg 1024w, https:\/\/www.mecerreyes.com\/mece\/wp-content\/uploads\/2020\/08\/Diario-de-Burgos-julio-2020-300x211.jpg 300w, https:\/\/www.mecerreyes.com\/mece\/wp-content\/uploads\/2020\/08\/Diario-de-Burgos-julio-2020-768x540.jpg 768w\" sizes=\"(max-width: 1024px) 100vw, 1024px\" \/><\/figure>\n\n\n\n<p style=\"font-size:22px\" class=\"has-background has-luminous-vivid-amber-background-color\"><strong>MURAL CASA AGUST\u00cdN<\/strong><\/p>\n\n\n\n<p>Agust\u00edn Arribas estrena en la fachada de su casa un mural realizado por \u00c1ngel Gil.<\/p>\n\n\n\n<p>El motivo de la recreaci\u00f3n de la primera hoja de la biblia impresa por Johannes Gutenberg es el elegido por Agust\u00edn. Este mural se suma al conjunto de obras de \u00c1ngel&nbsp; Gil que podemos disfrutar en Mecerreyes. <\/p>\n\n\n\n<figure class=\"wp-block-gallery columns-2 is-cropped wp-block-gallery-3 is-layout-flex wp-block-gallery-is-layout-flex\"><ul class=\"blocks-gallery-grid\"><li class=\"blocks-gallery-item\"><figure><img loading=\"lazy\" decoding=\"async\" width=\"768\" height=\"1024\" src=\"http:\/\/www.mecerreyes.com\/mece\/wp-content\/uploads\/2020\/08\/Mural-Mecerreyes-casa-Agust\u00edn-julio-2020-b-768x1024.jpg\" alt=\"\" data-id=\"20189\" data-full-url=\"http:\/\/www.mecerreyes.com\/mece\/wp-content\/uploads\/2020\/08\/Mural-Mecerreyes-casa-Agust\u00edn-julio-2020-b.jpg\" data-link=\"http:\/\/www.mecerreyes.com\/mece\/?attachment_id=20189\" class=\"wp-image-20189\" srcset=\"https:\/\/www.mecerreyes.com\/mece\/wp-content\/uploads\/2020\/08\/Mural-Mecerreyes-casa-Agust\u00edn-julio-2020-b-768x1024.jpg 768w, https:\/\/www.mecerreyes.com\/mece\/wp-content\/uploads\/2020\/08\/Mural-Mecerreyes-casa-Agust\u00edn-julio-2020-b-225x300.jpg 225w, https:\/\/www.mecerreyes.com\/mece\/wp-content\/uploads\/2020\/08\/Mural-Mecerreyes-casa-Agust\u00edn-julio-2020-b.jpg 960w\" sizes=\"(max-width: 768px) 100vw, 768px\" \/><\/figure><\/li><li class=\"blocks-gallery-item\"><figure><img loading=\"lazy\" decoding=\"async\" width=\"1024\" height=\"1024\" src=\"http:\/\/www.mecerreyes.com\/mece\/wp-content\/uploads\/2020\/08\/Mural-Mecerreyes-casa-Agust\u00edn-julio-2020-a-1024x1024.jpg\" alt=\"\" data-id=\"20190\" data-full-url=\"http:\/\/www.mecerreyes.com\/mece\/wp-content\/uploads\/2020\/08\/Mural-Mecerreyes-casa-Agust\u00edn-julio-2020-a.jpg\" data-link=\"http:\/\/www.mecerreyes.com\/mece\/?attachment_id=20190\" class=\"wp-image-20190\" srcset=\"https:\/\/www.mecerreyes.com\/mece\/wp-content\/uploads\/2020\/08\/Mural-Mecerreyes-casa-Agust\u00edn-julio-2020-a-1024x1024.jpg 1024w, https:\/\/www.mecerreyes.com\/mece\/wp-content\/uploads\/2020\/08\/Mural-Mecerreyes-casa-Agust\u00edn-julio-2020-a-300x300.jpg 300w, https:\/\/www.mecerreyes.com\/mece\/wp-content\/uploads\/2020\/08\/Mural-Mecerreyes-casa-Agust\u00edn-julio-2020-a-150x150.jpg 150w, https:\/\/www.mecerreyes.com\/mece\/wp-content\/uploads\/2020\/08\/Mural-Mecerreyes-casa-Agust\u00edn-julio-2020-a-768x768.jpg 768w, https:\/\/www.mecerreyes.com\/mece\/wp-content\/uploads\/2020\/08\/Mural-Mecerreyes-casa-Agust\u00edn-julio-2020-a-1080x1080.jpg 1080w, https:\/\/www.mecerreyes.com\/mece\/wp-content\/uploads\/2020\/08\/Mural-Mecerreyes-casa-Agust\u00edn-julio-2020-a-440x440.jpg 440w, https:\/\/www.mecerreyes.com\/mece\/wp-content\/uploads\/2020\/08\/Mural-Mecerreyes-casa-Agust\u00edn-julio-2020-a.jpg 1280w\" sizes=\"(max-width: 1024px) 100vw, 1024px\" \/><\/figure><\/li><\/ul><\/figure>\n\n\n\n<p style=\"font-size:22px\" class=\"has-background has-luminous-vivid-amber-background-color\"><strong>REAPERTURA BAR del MES\u00d3N DE FRUTOS<\/strong><\/p>\n\n\n\n<p>Una grata sorpresa para los que ya disfrutan de sus vacaciones en Mecerreyes.<br>El <strong>bar <\/strong>del Mes\u00f3n reabre su servicio y tras la barra dos j\u00f3venes emprendedores que apuestan por su querido pueblo para comenzar esta sacrificada aventura.<br>La inauguraci\u00f3n fue todo un \u00e9xito. Y despu\u00e9s de un intenso primer fin de semana y reajustes de despensa y horarios, tendremos un servicio m\u00e1s donde compartir charla y amistad.<br>Mucha suerte para Miguel Gonz\u00e1lez Mambrillas y Luis Maestro Vicario.<\/p>\n\n\n\n<p><\/p>\n\n\n\n<figure class=\"wp-block-gallery columns-2 is-cropped wp-block-gallery-4 is-layout-flex wp-block-gallery-is-layout-flex\"><ul class=\"blocks-gallery-grid\"><li class=\"blocks-gallery-item\"><figure><a  href=\"http:\/\/www.mecerreyes.com\/mece\/wp-content\/uploads\/2020\/08\/Mecerreyes-30-07-2020-Reapertura-Bar-Mes\u00f3n-de-Frutos-1.jpg\" class=\"thickbox no_icon\" title=\"\"><img loading=\"lazy\" decoding=\"async\" width=\"576\" height=\"1024\" src=\"http:\/\/www.mecerreyes.com\/mece\/wp-content\/uploads\/2020\/08\/Mecerreyes-30-07-2020-Reapertura-Bar-Mes\u00f3n-de-Frutos-1-576x1024.jpg\" alt=\"\" data-id=\"20208\" data-full-url=\"http:\/\/www.mecerreyes.com\/mece\/wp-content\/uploads\/2020\/08\/Mecerreyes-30-07-2020-Reapertura-Bar-Mes\u00f3n-de-Frutos-1.jpg\" data-link=\"http:\/\/www.mecerreyes.com\/mece\/?attachment_id=20208\" class=\"wp-image-20208\" srcset=\"https:\/\/www.mecerreyes.com\/mece\/wp-content\/uploads\/2020\/08\/Mecerreyes-30-07-2020-Reapertura-Bar-Mes\u00f3n-de-Frutos-1-576x1024.jpg 576w, https:\/\/www.mecerreyes.com\/mece\/wp-content\/uploads\/2020\/08\/Mecerreyes-30-07-2020-Reapertura-Bar-Mes\u00f3n-de-Frutos-1-169x300.jpg 169w, https:\/\/www.mecerreyes.com\/mece\/wp-content\/uploads\/2020\/08\/Mecerreyes-30-07-2020-Reapertura-Bar-Mes\u00f3n-de-Frutos-1.jpg 720w\" sizes=\"(max-width: 576px) 100vw, 576px\" \/><\/a><\/figure><\/li><li class=\"blocks-gallery-item\"><figure><a  href=\"http:\/\/www.mecerreyes.com\/mece\/wp-content\/uploads\/2020\/08\/Mecerreyes-30-07-2020-Reapertura-Bar-Mes\u00f3n-de-Frutos-2.jpg\" class=\"thickbox no_icon\" title=\"\"><img loading=\"lazy\" decoding=\"async\" width=\"1024\" height=\"576\" src=\"http:\/\/www.mecerreyes.com\/mece\/wp-content\/uploads\/2020\/08\/Mecerreyes-30-07-2020-Reapertura-Bar-Mes\u00f3n-de-Frutos-2-1024x576.jpg\" alt=\"\" data-id=\"20209\" data-full-url=\"http:\/\/www.mecerreyes.com\/mece\/wp-content\/uploads\/2020\/08\/Mecerreyes-30-07-2020-Reapertura-Bar-Mes\u00f3n-de-Frutos-2.jpg\" data-link=\"http:\/\/www.mecerreyes.com\/mece\/?attachment_id=20209\" class=\"wp-image-20209\" srcset=\"https:\/\/www.mecerreyes.com\/mece\/wp-content\/uploads\/2020\/08\/Mecerreyes-30-07-2020-Reapertura-Bar-Mes\u00f3n-de-Frutos-2-1024x576.jpg 1024w, https:\/\/www.mecerreyes.com\/mece\/wp-content\/uploads\/2020\/08\/Mecerreyes-30-07-2020-Reapertura-Bar-Mes\u00f3n-de-Frutos-2-300x169.jpg 300w, https:\/\/www.mecerreyes.com\/mece\/wp-content\/uploads\/2020\/08\/Mecerreyes-30-07-2020-Reapertura-Bar-Mes\u00f3n-de-Frutos-2-768x432.jpg 768w, https:\/\/www.mecerreyes.com\/mece\/wp-content\/uploads\/2020\/08\/Mecerreyes-30-07-2020-Reapertura-Bar-Mes\u00f3n-de-Frutos-2-1536x864.jpg 1536w, https:\/\/www.mecerreyes.com\/mece\/wp-content\/uploads\/2020\/08\/Mecerreyes-30-07-2020-Reapertura-Bar-Mes\u00f3n-de-Frutos-2-1080x608.jpg 1080w, https:\/\/www.mecerreyes.com\/mece\/wp-content\/uploads\/2020\/08\/Mecerreyes-30-07-2020-Reapertura-Bar-Mes\u00f3n-de-Frutos-2.jpg 1984w\" sizes=\"(max-width: 1024px) 100vw, 1024px\" \/><\/a><\/figure><\/li><li class=\"blocks-gallery-item\"><figure><a  href=\"http:\/\/www.mecerreyes.com\/mece\/wp-content\/uploads\/2020\/08\/Mecerreyes-30-07-2020-Reapertura-Bar-Mes\u00f3n-de-Frutos-3.jpg\" class=\"thickbox no_icon\" title=\"\"><img loading=\"lazy\" decoding=\"async\" width=\"960\" height=\"720\" src=\"http:\/\/www.mecerreyes.com\/mece\/wp-content\/uploads\/2020\/08\/Mecerreyes-30-07-2020-Reapertura-Bar-Mes\u00f3n-de-Frutos-3.jpg\" alt=\"\" data-id=\"20210\" data-full-url=\"http:\/\/www.mecerreyes.com\/mece\/wp-content\/uploads\/2020\/08\/Mecerreyes-30-07-2020-Reapertura-Bar-Mes\u00f3n-de-Frutos-3.jpg\" data-link=\"http:\/\/www.mecerreyes.com\/mece\/?attachment_id=20210\" class=\"wp-image-20210\" srcset=\"https:\/\/www.mecerreyes.com\/mece\/wp-content\/uploads\/2020\/08\/Mecerreyes-30-07-2020-Reapertura-Bar-Mes\u00f3n-de-Frutos-3.jpg 960w, https:\/\/www.mecerreyes.com\/mece\/wp-content\/uploads\/2020\/08\/Mecerreyes-30-07-2020-Reapertura-Bar-Mes\u00f3n-de-Frutos-3-300x225.jpg 300w, https:\/\/www.mecerreyes.com\/mece\/wp-content\/uploads\/2020\/08\/Mecerreyes-30-07-2020-Reapertura-Bar-Mes\u00f3n-de-Frutos-3-768x576.jpg 768w\" sizes=\"(max-width: 960px) 100vw, 960px\" \/><\/a><\/figure><\/li><li class=\"blocks-gallery-item\"><figure><a  href=\"http:\/\/www.mecerreyes.com\/mece\/wp-content\/uploads\/2020\/08\/Mecerreyes-30-07-2020-Reapertura-Bar-Mes\u00f3n-de-Frutos-4.jpg\" class=\"thickbox no_icon\" title=\"\"><img loading=\"lazy\" decoding=\"async\" width=\"1024\" height=\"768\" src=\"http:\/\/www.mecerreyes.com\/mece\/wp-content\/uploads\/2020\/08\/Mecerreyes-30-07-2020-Reapertura-Bar-Mes\u00f3n-de-Frutos-4-1024x768.jpg\" alt=\"\" data-id=\"20207\" data-full-url=\"http:\/\/www.mecerreyes.com\/mece\/wp-content\/uploads\/2020\/08\/Mecerreyes-30-07-2020-Reapertura-Bar-Mes\u00f3n-de-Frutos-4.jpg\" data-link=\"http:\/\/www.mecerreyes.com\/mece\/?attachment_id=20207\" class=\"wp-image-20207\" srcset=\"https:\/\/www.mecerreyes.com\/mece\/wp-content\/uploads\/2020\/08\/Mecerreyes-30-07-2020-Reapertura-Bar-Mes\u00f3n-de-Frutos-4-1024x768.jpg 1024w, https:\/\/www.mecerreyes.com\/mece\/wp-content\/uploads\/2020\/08\/Mecerreyes-30-07-2020-Reapertura-Bar-Mes\u00f3n-de-Frutos-4-300x225.jpg 300w, https:\/\/www.mecerreyes.com\/mece\/wp-content\/uploads\/2020\/08\/Mecerreyes-30-07-2020-Reapertura-Bar-Mes\u00f3n-de-Frutos-4-768x576.jpg 768w, https:\/\/www.mecerreyes.com\/mece\/wp-content\/uploads\/2020\/08\/Mecerreyes-30-07-2020-Reapertura-Bar-Mes\u00f3n-de-Frutos-4-1080x810.jpg 1080w, https:\/\/www.mecerreyes.com\/mece\/wp-content\/uploads\/2020\/08\/Mecerreyes-30-07-2020-Reapertura-Bar-Mes\u00f3n-de-Frutos-4.jpg 1280w\" sizes=\"(max-width: 1024px) 100vw, 1024px\" \/><\/a><\/figure><\/li><\/ul><\/figure>\n\n\n\n<div style=\"height:26px\" aria-hidden=\"true\" class=\"wp-block-spacer\"><\/div>\n\n\n\n<p style=\"font-size:22px\" class=\"has-background has-luminous-vivid-amber-background-color\"><strong>HORARIO DE AUTOBUSES<\/strong><\/p>\n\n\n\n<div class=\"wp-block-media-text alignwide is-stacked-on-mobile\"><figure class=\"wp-block-media-text__media\"><img loading=\"lazy\" decoding=\"async\" width=\"534\" height=\"641\" src=\"http:\/\/www.mecerreyes.com\/mece\/wp-content\/uploads\/2020\/08\/photo_2020-08-04_15-43-09.jpg\" alt=\"\" class=\"wp-image-20219\" srcset=\"https:\/\/www.mecerreyes.com\/mece\/wp-content\/uploads\/2020\/08\/photo_2020-08-04_15-43-09.jpg 534w, https:\/\/www.mecerreyes.com\/mece\/wp-content\/uploads\/2020\/08\/photo_2020-08-04_15-43-09-250x300.jpg 250w\" sizes=\"(max-width: 534px) 100vw, 534px\" \/><\/figure><div class=\"wp-block-media-text__content\">\n<p class=\"has-medium-font-size\">Informaci\u00f3n importante para los usuarios de los Autobuses Arceredillo.<\/p>\n<\/div><\/div>\n\n\n\n<div style=\"height:23px\" aria-hidden=\"true\" class=\"wp-block-spacer\"><\/div>\n\n\n\n<p style=\"font-size:22px\" class=\"has-background has-luminous-vivid-amber-background-color\"><strong>ROMANCES DEL ALTO ARLANZA &#8211; Salvador Alonso<\/strong><\/p>\n\n\n\n<p>Terminaba julio y de la mano de uno de los grandes del Folclore en todas sus vertientientes (indumentaria, m\u00fasica y danza) vio la luz el segundo volumen titulado \u00abRomances del alto Arlanza\u00bb recogido por Salvador Alonso de Mart\u00edn en los a\u00f1os 90.<br>Alfonso Diez AUS\u00cdN en su secci\u00f3n de radio Nuestro Folclore invit\u00f3 a Salvador para mostrar a la audiencia este minucioso trabajo recogido en dos vol\u00famenes.<br>Un gran trabajo que adem\u00e1s ha sido masterizado por Manuel Camacho, otro guileto que ha puesto todo su saber en hacer que este disco suene a aut\u00e9ntico.<br>Os pasamos el enlace del programa.<\/p>\n\n\n\n<p><\/p>\n\n\n\n<p><em><span class=\"has-inline-color has-luminous-vivid-amber-color\">(<\/span><span style=\"color:#9e780d\" class=\"has-inline-color\">Entrevista desde el minuto 1:34:30 hasta el 2:48:24)<\/span><\/em><\/p>\n\n\n\n<figure class=\"wp-block-embed-youtube wp-block-embed is-type-video is-provider-youtube wp-embed-aspect-16-9 wp-has-aspect-ratio\"><div class=\"wp-block-embed__wrapper\">\n<iframe loading=\"lazy\" title=\"RADIO EVOLUCION BURGOS .&quot;ECHANDO LA MA\u00d1ANA&quot; con &quot; CASA PICIAS&quot;, &quot;PREVIA TERCERA ETAPA&quot;, &quot;NUE\" width=\"1080\" height=\"608\" src=\"https:\/\/www.youtube.com\/embed\/oFlFfNNKRz4?feature=oembed\" frameborder=\"0\" allow=\"accelerometer; autoplay; encrypted-media; gyroscope; picture-in-picture\" allowfullscreen><\/iframe>\n<\/div><\/figure>\n\n\n\n<div style=\"height:25px\" aria-hidden=\"true\" class=\"wp-block-spacer\"><\/div>\n\n\n\n<p style=\"font-size:22px\" class=\"has-background has-luminous-vivid-amber-background-color\"><strong>REFRANERO<\/strong><\/p>\n\n\n\n<ul class=\"wp-block-list\"><li>El verano en la monta\u00f1a arranca en Santiago y acaba en Santa Ana.<\/li><li>En Julio el mozo, en la acequia o en el pozo.<\/li><li>En Julio es gran tabarra, el canto de la cigarra<\/li><li>En julio, agua viene y toalla va, y el verano ya pasar\u00e1.<\/li><li>La lluvia de San Ferm\u00edn, en unas horas da fin<\/li><\/ul>\n\n\n\n<figure class=\"wp-block-image size-large\"><img loading=\"lazy\" decoding=\"async\" width=\"1024\" height=\"576\" src=\"http:\/\/www.mecerreyes.com\/mece\/wp-content\/uploads\/2020\/08\/Mecerreyes-Julio-2020-8-1024x576.jpg\" alt=\"\" class=\"wp-image-20180\" srcset=\"https:\/\/www.mecerreyes.com\/mece\/wp-content\/uploads\/2020\/08\/Mecerreyes-Julio-2020-8-1024x576.jpg 1024w, https:\/\/www.mecerreyes.com\/mece\/wp-content\/uploads\/2020\/08\/Mecerreyes-Julio-2020-8-300x169.jpg 300w, https:\/\/www.mecerreyes.com\/mece\/wp-content\/uploads\/2020\/08\/Mecerreyes-Julio-2020-8-768x432.jpg 768w, https:\/\/www.mecerreyes.com\/mece\/wp-content\/uploads\/2020\/08\/Mecerreyes-Julio-2020-8-1536x863.jpg 1536w, https:\/\/www.mecerreyes.com\/mece\/wp-content\/uploads\/2020\/08\/Mecerreyes-Julio-2020-8-2048x1151.jpg 2048w, https:\/\/www.mecerreyes.com\/mece\/wp-content\/uploads\/2020\/08\/Mecerreyes-Julio-2020-8-1080x607.jpg 1080w\" sizes=\"(max-width: 1024px) 100vw, 1024px\" \/><\/figure>","protected":false},"excerpt":{"rendered":"<p>Un mes de julio at\u00edpico sin duda este que ya termina, aprender a convivir con el virus del Covid -19 y cumplir con las medidas sanitarias dictadas por la Junta de Castilla y Le\u00f3n impiden celebraciones ya consolidadas en Mecerreyes. Perder un verano en la vida y no la vida en un verano es una [&hellip;]<\/p>\n","protected":false},"author":5,"featured_media":20215,"comment_status":"open","ping_status":"closed","sticky":false,"template":"","format":"standard","meta":{"_et_pb_use_builder":"","_et_pb_old_content":"","_et_gb_content_width":"","footnotes":""},"categories":[1],"tags":[21],"class_list":["post-20173","post","type-post","status-publish","format-standard","has-post-thumbnail","hentry","category-general","tag-guiletos","et-has-post-format-content","et_post_format-et-post-format-standard"],"_links":{"self":[{"href":"https:\/\/www.mecerreyes.com\/mece\/index.php?rest_route=\/wp\/v2\/posts\/20173"}],"collection":[{"href":"https:\/\/www.mecerreyes.com\/mece\/index.php?rest_route=\/wp\/v2\/posts"}],"about":[{"href":"https:\/\/www.mecerreyes.com\/mece\/index.php?rest_route=\/wp\/v2\/types\/post"}],"author":[{"embeddable":true,"href":"https:\/\/www.mecerreyes.com\/mece\/index.php?rest_route=\/wp\/v2\/users\/5"}],"replies":[{"embeddable":true,"href":"https:\/\/www.mecerreyes.com\/mece\/index.php?rest_route=%2Fwp%2Fv2%2Fcomments&post=20173"}],"version-history":[{"count":17,"href":"https:\/\/www.mecerreyes.com\/mece\/index.php?rest_route=\/wp\/v2\/posts\/20173\/revisions"}],"predecessor-version":[{"id":20227,"href":"https:\/\/www.mecerreyes.com\/mece\/index.php?rest_route=\/wp\/v2\/posts\/20173\/revisions\/20227"}],"wp:featuredmedia":[{"embeddable":true,"href":"https:\/\/www.mecerreyes.com\/mece\/index.php?rest_route=\/wp\/v2\/media\/20215"}],"wp:attachment":[{"href":"https:\/\/www.mecerreyes.com\/mece\/index.php?rest_route=%2Fwp%2Fv2%2Fmedia&parent=20173"}],"wp:term":[{"taxonomy":"category","embeddable":true,"href":"https:\/\/www.mecerreyes.com\/mece\/index.php?rest_route=%2Fwp%2Fv2%2Fcategories&post=20173"},{"taxonomy":"post_tag","embeddable":true,"href":"https:\/\/www.mecerreyes.com\/mece\/index.php?rest_route=%2Fwp%2Fv2%2Ftags&post=20173"}],"curies":[{"name":"wp","href":"https:\/\/api.w.org\/{rel}","templated":true}]}}