{"id":20229,"date":"2020-09-08T22:53:40","date_gmt":"2020-09-08T21:53:40","guid":{"rendered":"http:\/\/www.mecerreyes.com\/mece\/?p=20229"},"modified":"2020-09-09T09:24:39","modified_gmt":"2020-09-09T08:24:39","slug":"noticias-agosto-2020","status":"publish","type":"post","link":"https:\/\/www.mecerreyes.com\/mece\/?p=20229","title":{"rendered":"Noticias Agosto 2020"},"content":{"rendered":"<p><strong>AGOSTO 2020<\/strong><\/p>\n\n\n\n<p>Termina el mes de agosto 2020 y toca contaros las cosas que salpicaron estos 31 d\u00edas at\u00edpicos para vecinos y visitantes.<\/p>\n\n\n\n<p>Normalizado el uso de la mascarilla, reuniones burbuja entre amigos y vecinos, distancia social en los actos religiosos y la cancelaci\u00f3n de las a\u00f1oradas fiestas parece que han mantenido a raya al virus.<\/p>\n\n\n\n<p>Un verano con las calles llenas de coches, las dos terrazas de los bares siempre llenas, el disfrute de unos pinchos, bravas, pimientos, rabas, patatas asadas o las pizzas caseras han mantenido en nosotros el esp\u00edritu fiestero. <\/p>\n\n\n\n<figure class=\"wp-block-image size-large\"><img loading=\"lazy\" decoding=\"async\" width=\"1024\" height=\"576\" src=\"http:\/\/www.mecerreyes.com\/mece\/wp-content\/uploads\/2020\/09\/Mecerreyes-terrazas-verano-2020-2-1024x576.jpg\" alt=\"\" class=\"wp-image-20232\" srcset=\"https:\/\/www.mecerreyes.com\/mece\/wp-content\/uploads\/2020\/09\/Mecerreyes-terrazas-verano-2020-2-1024x576.jpg 1024w, https:\/\/www.mecerreyes.com\/mece\/wp-content\/uploads\/2020\/09\/Mecerreyes-terrazas-verano-2020-2-300x169.jpg 300w, https:\/\/www.mecerreyes.com\/mece\/wp-content\/uploads\/2020\/09\/Mecerreyes-terrazas-verano-2020-2-768x432.jpg 768w, https:\/\/www.mecerreyes.com\/mece\/wp-content\/uploads\/2020\/09\/Mecerreyes-terrazas-verano-2020-2-1080x608.jpg 1080w, https:\/\/www.mecerreyes.com\/mece\/wp-content\/uploads\/2020\/09\/Mecerreyes-terrazas-verano-2020-2.jpg 1280w\" sizes=\"(max-width: 1024px) 100vw, 1024px\" \/><\/figure>\n\n\n\n<figure class=\"wp-block-image size-large\"><img loading=\"lazy\" decoding=\"async\" width=\"1024\" height=\"386\" src=\"http:\/\/www.mecerreyes.com\/mece\/wp-content\/uploads\/2020\/09\/Mecerreyes-terrazas-verano-2020-1-1024x386.jpg\" alt=\"\" class=\"wp-image-20233\" srcset=\"https:\/\/www.mecerreyes.com\/mece\/wp-content\/uploads\/2020\/09\/Mecerreyes-terrazas-verano-2020-1-1024x386.jpg 1024w, https:\/\/www.mecerreyes.com\/mece\/wp-content\/uploads\/2020\/09\/Mecerreyes-terrazas-verano-2020-1-300x113.jpg 300w, https:\/\/www.mecerreyes.com\/mece\/wp-content\/uploads\/2020\/09\/Mecerreyes-terrazas-verano-2020-1-768x290.jpg 768w, https:\/\/www.mecerreyes.com\/mece\/wp-content\/uploads\/2020\/09\/Mecerreyes-terrazas-verano-2020-1-1080x408.jpg 1080w, https:\/\/www.mecerreyes.com\/mece\/wp-content\/uploads\/2020\/09\/Mecerreyes-terrazas-verano-2020-1.jpg 1280w\" sizes=\"(max-width: 1024px) 100vw, 1024px\" \/><\/figure>\n\n\n\n<p>La Asociaci\u00f3n Cultural Mecerreyes, en su af\u00e1n por seguir trabajando por el pueblo, ha editado un libro titulado \u201c<strong><em>Mecerreyes <a  href=\"https:\/\/www.mecerreyes.com\/mece\/?page_id=32\">historia<\/a> y tradiciones\u201d<\/em><\/strong>. &nbsp;<\/p>\n\n\n\n<div class=\"wp-block-image\"><figure class=\"aligncenter size-large is-resized\"><img loading=\"lazy\" decoding=\"async\" src=\"http:\/\/www.mecerreyes.com\/mece\/wp-content\/uploads\/2020\/09\/Libro-Mecerreyes.jpg\" alt=\"\" class=\"wp-image-20234\" width=\"338\" height=\"472\" srcset=\"https:\/\/www.mecerreyes.com\/mece\/wp-content\/uploads\/2020\/09\/Libro-Mecerreyes.jpg 684w, https:\/\/www.mecerreyes.com\/mece\/wp-content\/uploads\/2020\/09\/Libro-Mecerreyes-215x300.jpg 215w\" sizes=\"(max-width: 338px) 100vw, 338px\" \/><\/figure><\/div>\n\n\n\n<p>Se han colocado dos nuevas esculturas de gran formato obra de \u00c1ngel Gil. Un homenaje a los afamados <strong>carreteros<\/strong> de Mecerreyes y una enorme <strong>mano<\/strong>, s\u00edmbolo del trabajo duro de campo y de oficio, que recordar\u00e1 lo sudado en los Bardales o el fr\u00edo de lavar en las pozas, cada guileto evocar\u00e1 su pasado y lo conseguido con sus manos. <\/p>\n\n\n\n<figure class=\"wp-block-image size-large\"><img loading=\"lazy\" decoding=\"async\" width=\"1024\" height=\"819\" src=\"http:\/\/www.mecerreyes.com\/mece\/wp-content\/uploads\/2020\/09\/Mecerreyes-nuevas-esculturas-obra-del-escultor-\u00c1ngel-Gil-agosto-2020-1024x819.jpg\" alt=\"\" class=\"wp-image-20236\" srcset=\"https:\/\/www.mecerreyes.com\/mece\/wp-content\/uploads\/2020\/09\/Mecerreyes-nuevas-esculturas-obra-del-escultor-\u00c1ngel-Gil-agosto-2020-1024x819.jpg 1024w, https:\/\/www.mecerreyes.com\/mece\/wp-content\/uploads\/2020\/09\/Mecerreyes-nuevas-esculturas-obra-del-escultor-\u00c1ngel-Gil-agosto-2020-300x240.jpg 300w, https:\/\/www.mecerreyes.com\/mece\/wp-content\/uploads\/2020\/09\/Mecerreyes-nuevas-esculturas-obra-del-escultor-\u00c1ngel-Gil-agosto-2020-768x614.jpg 768w, https:\/\/www.mecerreyes.com\/mece\/wp-content\/uploads\/2020\/09\/Mecerreyes-nuevas-esculturas-obra-del-escultor-\u00c1ngel-Gil-agosto-2020-1080x864.jpg 1080w, https:\/\/www.mecerreyes.com\/mece\/wp-content\/uploads\/2020\/09\/Mecerreyes-nuevas-esculturas-obra-del-escultor-\u00c1ngel-Gil-agosto-2020.jpg 1280w\" sizes=\"(max-width: 1024px) 100vw, 1024px\" \/><\/figure>\n\n\n\n<figure class=\"wp-block-image size-large\"><img loading=\"lazy\" decoding=\"async\" width=\"1024\" height=\"576\" src=\"http:\/\/www.mecerreyes.com\/mece\/wp-content\/uploads\/2020\/09\/Mecerreyes-agosto-2020-12-1024x576.jpg\" alt=\"\" class=\"wp-image-20282\" srcset=\"https:\/\/www.mecerreyes.com\/mece\/wp-content\/uploads\/2020\/09\/Mecerreyes-agosto-2020-12-1024x576.jpg 1024w, https:\/\/www.mecerreyes.com\/mece\/wp-content\/uploads\/2020\/09\/Mecerreyes-agosto-2020-12-300x169.jpg 300w, https:\/\/www.mecerreyes.com\/mece\/wp-content\/uploads\/2020\/09\/Mecerreyes-agosto-2020-12-768x432.jpg 768w, https:\/\/www.mecerreyes.com\/mece\/wp-content\/uploads\/2020\/09\/Mecerreyes-agosto-2020-12-1080x608.jpg 1080w, https:\/\/www.mecerreyes.com\/mece\/wp-content\/uploads\/2020\/09\/Mecerreyes-agosto-2020-12.jpg 1280w\" sizes=\"(max-width: 1024px) 100vw, 1024px\" \/><\/figure>\n\n\n\n<p>Los actos religiosos se han duplicado para mantener el aforo al 50%, J. Llorente, Jes\u00fas Gonz\u00e1lez, Modesto, Janete y Roberto han celebrado y concelebrado siendo un lujo tener a los 5 guiletos sirviendo al pueblo.<\/p>\n\n\n\n<figure class=\"wp-block-image size-large\"><img loading=\"lazy\" decoding=\"async\" width=\"1024\" height=\"576\" src=\"http:\/\/www.mecerreyes.com\/mece\/wp-content\/uploads\/2020\/09\/Mecerreyes-Parroquia-San-Mart\u00edn-Obispo-verano-2020-1024x576.jpg\" alt=\"\" class=\"wp-image-20235\" srcset=\"https:\/\/www.mecerreyes.com\/mece\/wp-content\/uploads\/2020\/09\/Mecerreyes-Parroquia-San-Mart\u00edn-Obispo-verano-2020-1024x576.jpg 1024w, https:\/\/www.mecerreyes.com\/mece\/wp-content\/uploads\/2020\/09\/Mecerreyes-Parroquia-San-Mart\u00edn-Obispo-verano-2020-300x169.jpg 300w, https:\/\/www.mecerreyes.com\/mece\/wp-content\/uploads\/2020\/09\/Mecerreyes-Parroquia-San-Mart\u00edn-Obispo-verano-2020-768x432.jpg 768w, https:\/\/www.mecerreyes.com\/mece\/wp-content\/uploads\/2020\/09\/Mecerreyes-Parroquia-San-Mart\u00edn-Obispo-verano-2020-1080x608.jpg 1080w, https:\/\/www.mecerreyes.com\/mece\/wp-content\/uploads\/2020\/09\/Mecerreyes-Parroquia-San-Mart\u00edn-Obispo-verano-2020.jpg 1280w\" sizes=\"(max-width: 1024px) 100vw, 1024px\" \/><\/figure>\n\n\n\n<p>Bautizos, primera comuni\u00f3n, funerales, celebraci\u00f3n de <a  href=\"https:\/\/www.mecerreyes.com\/mece\/?page_id=60\">Acci\u00f3n de Gracias<\/a> se dieron cita este mes en nuestra preciosa iglesia.<\/p>\n\n\n\n<p>El d\u00eda 31, una importante helada dio al traste con la ilusi\u00f3n de los hortelanos que vieron tocadas sus plantas por las bajas temperaturas. <\/p>\n\n\n\n<p>No hemos podido celebrar a lo grande las fiestas, pero sin duda <a  href=\"https:\/\/www.mecerreyes.com\/mece\/?page_id=54\">la Virgen del Camino<\/a> ha cuidado de nuestros j\u00f3venes y por ende a sus familias, dejando en ellos un bonito recuerdo de lo que fue el verano 2020.<\/p>\n\n\n\n<p style=\"font-size:22px\" class=\"has-background has-luminous-vivid-amber-background-color\"><strong>EFEM\u00c9RIDES<\/strong><\/p>\n\n\n\n<ul class=\"wp-block-list\"><li>El 12, D\u00eda Internacional de la Juventud.<\/li><li>El 22, Dia Mundial del Folclore.<\/li><li>El 29, D\u00eda Mundial del \u00c1rbol. <strong>FIESTA DE ACCI\u00d3N DE GRACIAS Y VIRGEN DEL CAMINO (MECERREYES)<\/strong><\/li><li>El 31, D\u00eda Internacional de la Solidaridad.<\/li><\/ul>\n\n\n\n<p style=\"font-size:22px\" class=\"has-background has-luminous-vivid-amber-background-color\"><strong>DEFUNCIONES<\/strong><\/p>\n\n\n\n<p>Despedimos a dos de los nuestros, tuvieron una larga vida que ser\u00e1 recordada por familiares y amigos, nuestro sentido p\u00e9same a las dos familias.<\/p>\n\n\n\n<p>Descansen en Paz:<\/p>\n\n\n\n<div class=\"wp-block-media-text alignwide has-background has-cyan-bluish-gray-background-color is-stacked-on-mobile\"><figure class=\"wp-block-media-text__media\"><img loading=\"lazy\" decoding=\"async\" width=\"568\" height=\"1024\" src=\"http:\/\/www.mecerreyes.com\/mece\/wp-content\/uploads\/2020\/09\/\u00c1ngeles-Saez-Alonso-falleci\u00f3-el-12-de-julio-de-2020-568x1024.jpg\" alt=\"\" class=\"wp-image-20238\" srcset=\"https:\/\/www.mecerreyes.com\/mece\/wp-content\/uploads\/2020\/09\/\u00c1ngeles-Saez-Alonso-falleci\u00f3-el-12-de-julio-de-2020-568x1024.jpg 568w, https:\/\/www.mecerreyes.com\/mece\/wp-content\/uploads\/2020\/09\/\u00c1ngeles-Saez-Alonso-falleci\u00f3-el-12-de-julio-de-2020-167x300.jpg 167w, https:\/\/www.mecerreyes.com\/mece\/wp-content\/uploads\/2020\/09\/\u00c1ngeles-Saez-Alonso-falleci\u00f3-el-12-de-julio-de-2020.jpg 696w\" sizes=\"(max-width: 568px) 100vw, 568px\" \/><\/figure><div class=\"wp-block-media-text__content\">\n<p class=\"has-text-align-center has-normal-font-size\"><strong>\u00c1NGELES S\u00c1EZ ALONSO<\/strong> (viuda de Nicol\u00e1s Alonso), falleci\u00f3 a los 96 a\u00f1os en Burgos el pasado 12 de julio en Burgos.<br>Hijos Conchi, Cruz, \u00c1ngeles (+), Rufi (+), Nati (+) e Ignacio.<br><br>Hijos pol\u00edticos, nietos y biznietos, ruegan una oraci\u00f3n por su eterno descanso.<br><br><strong>D.E.P.<\/strong><\/p>\n<\/div><\/div>\n\n\n\n<div style=\"height:20px\" aria-hidden=\"true\" class=\"wp-block-spacer\"><\/div>\n\n\n\n<div class=\"wp-block-media-text alignwide has-background has-cyan-bluish-gray-background-color is-stacked-on-mobile\" style=\"grid-template-columns:58% auto\"><figure class=\"wp-block-media-text__media\"><img loading=\"lazy\" decoding=\"async\" width=\"1024\" height=\"682\" src=\"http:\/\/www.mecerreyes.com\/mece\/wp-content\/uploads\/2020\/09\/Caridad-Marijuan-Gonz\u00e1lez-falleci\u00f3-el-13-de-julio-de-2020-a-los-91-a\u00f1os-1024x682.jpg\" alt=\"\" class=\"wp-image-20239\" srcset=\"https:\/\/www.mecerreyes.com\/mece\/wp-content\/uploads\/2020\/09\/Caridad-Marijuan-Gonz\u00e1lez-falleci\u00f3-el-13-de-julio-de-2020-a-los-91-a\u00f1os-1024x682.jpg 1024w, https:\/\/www.mecerreyes.com\/mece\/wp-content\/uploads\/2020\/09\/Caridad-Marijuan-Gonz\u00e1lez-falleci\u00f3-el-13-de-julio-de-2020-a-los-91-a\u00f1os-300x200.jpg 300w, https:\/\/www.mecerreyes.com\/mece\/wp-content\/uploads\/2020\/09\/Caridad-Marijuan-Gonz\u00e1lez-falleci\u00f3-el-13-de-julio-de-2020-a-los-91-a\u00f1os-768x512.jpg 768w, https:\/\/www.mecerreyes.com\/mece\/wp-content\/uploads\/2020\/09\/Caridad-Marijuan-Gonz\u00e1lez-falleci\u00f3-el-13-de-julio-de-2020-a-los-91-a\u00f1os-1080x720.jpg 1080w, https:\/\/www.mecerreyes.com\/mece\/wp-content\/uploads\/2020\/09\/Caridad-Marijuan-Gonz\u00e1lez-falleci\u00f3-el-13-de-julio-de-2020-a-los-91-a\u00f1os.jpg 1280w\" sizes=\"(max-width: 1024px) 100vw, 1024px\" \/><\/figure><div class=\"wp-block-media-text__content\">\n<p><\/p>\n\n\n\n<p class=\"has-text-align-center has-normal-font-size\"><strong>CARIDAD MARIJU\u00c1N GONZ\u00c1LEZ<\/strong>, falleci\u00f3 el pasado 13 de julio en Madrid a los 91 a\u00f1os.<br>Esposo: Jos\u00e9 Garz\u00f3n (+), Hijos: Pepe y julia. Hermanos: Doro (+), Daniel y Conchi (+)<\/p>\n\n\n\n<p class=\"has-text-align-center has-normal-font-size\"><br>Nietos, hermanos pol\u00edticos, sobrinos y dem\u00e1s familia, ruegan una oraci\u00f3n por su eterno descanso.<br><strong>D.E.P.<\/strong><\/p>\n<\/div><\/div>\n\n\n\n<div style=\"height:32px\" aria-hidden=\"true\" class=\"wp-block-spacer\"><\/div>\n\n\n\n<p style=\"font-size:22px\" class=\"has-background has-luminous-vivid-amber-background-color\"><strong>FUNERALES<\/strong><\/p>\n\n\n\n<p>En la iglesia parroquial de Mecerreyes entre familiares y amigos se celebr\u00f3 la vida de Floren Cu\u00f1ado y Mar\u00eda Juarros, sus familias eligieron este mes para dar sepultura a sus cenizas en el cementerio local donde reposan junto a sus seres queridos.<\/p>\n\n\n\n<p><strong>FLOREN CU\u00d1ADO<\/strong> fallecido el 19 de julio de 2020 en Madrid, fue enterrado el 12 de agosto en Mecerreyes.<\/p>\n\n\n\n<p><strong>MAR\u00cdA JUARROS<\/strong> falleci\u00f3 en Burgos el\u00a027 de marzo, fue enterrada el 29 de agosto en Mecerreyes.<\/p>\n\n\n\n<figure class=\"wp-block-image size-large\"><img loading=\"lazy\" decoding=\"async\" width=\"1024\" height=\"576\" src=\"http:\/\/www.mecerreyes.com\/mece\/wp-content\/uploads\/2020\/09\/Mecerreyes-agosto-2020-4-1024x576.jpg\" alt=\"\" class=\"wp-image-20275\" srcset=\"https:\/\/www.mecerreyes.com\/mece\/wp-content\/uploads\/2020\/09\/Mecerreyes-agosto-2020-4-1024x576.jpg 1024w, https:\/\/www.mecerreyes.com\/mece\/wp-content\/uploads\/2020\/09\/Mecerreyes-agosto-2020-4-300x169.jpg 300w, https:\/\/www.mecerreyes.com\/mece\/wp-content\/uploads\/2020\/09\/Mecerreyes-agosto-2020-4-768x432.jpg 768w, https:\/\/www.mecerreyes.com\/mece\/wp-content\/uploads\/2020\/09\/Mecerreyes-agosto-2020-4-1080x608.jpg 1080w, https:\/\/www.mecerreyes.com\/mece\/wp-content\/uploads\/2020\/09\/Mecerreyes-agosto-2020-4.jpg 1280w\" sizes=\"(max-width: 1024px) 100vw, 1024px\" \/><\/figure>\n\n\n\n<p style=\"font-size:22px\" class=\"has-background has-luminous-vivid-amber-background-color\"><strong>BAUTIZOS<\/strong><\/p>\n\n\n\n<p>Estas son las noticias que nos gusta publicar, estas dos preciosas ni\u00f1as fueron bautizadas en ceremonias distintas el d\u00eda 8 de agosto para disfrute de sus familias. Deseamos verlas crecer y correr por las calles del pueblo.<\/p>\n\n\n\n<p>Enhorabuena a padres y padrinos.<\/p>\n\n\n\n<p><strong>VALERIA PANIAGUA ANDR\u00c9S<\/strong><\/p>\n\n\n\n<figure class=\"wp-block-image size-large\"><img loading=\"lazy\" decoding=\"async\" width=\"563\" height=\"788\" src=\"http:\/\/www.mecerreyes.com\/mece\/wp-content\/uploads\/2020\/09\/Bautizo-de-Valeria-Paniagua-Andr\u00e9s.jpg\" alt=\"\" class=\"wp-image-20271\" srcset=\"https:\/\/www.mecerreyes.com\/mece\/wp-content\/uploads\/2020\/09\/Bautizo-de-Valeria-Paniagua-Andr\u00e9s.jpg 563w, https:\/\/www.mecerreyes.com\/mece\/wp-content\/uploads\/2020\/09\/Bautizo-de-Valeria-Paniagua-Andr\u00e9s-214x300.jpg 214w\" sizes=\"(max-width: 563px) 100vw, 563px\" \/><\/figure>\n\n\n\n<p><strong>GADEA VICARIO GONZ\u00c1LEZ<\/strong><\/p>\n\n\n\n<figure class=\"wp-block-image size-large\"><img loading=\"lazy\" decoding=\"async\" width=\"563\" height=\"788\" src=\"http:\/\/www.mecerreyes.com\/mece\/wp-content\/uploads\/2020\/09\/Bautizo-de-Gadea-Vicario-Gonz\u00e1lez.jpg\" alt=\"\" class=\"wp-image-20269\" srcset=\"https:\/\/www.mecerreyes.com\/mece\/wp-content\/uploads\/2020\/09\/Bautizo-de-Gadea-Vicario-Gonz\u00e1lez.jpg 563w, https:\/\/www.mecerreyes.com\/mece\/wp-content\/uploads\/2020\/09\/Bautizo-de-Gadea-Vicario-Gonz\u00e1lez-214x300.jpg 214w\" sizes=\"(max-width: 563px) 100vw, 563px\" \/><\/figure>\n\n\n\n<p style=\"font-size:22px\" class=\"has-background has-luminous-vivid-amber-background-color\"><strong>PRIMERA COMUNI\u00d3N DE LOLA<\/strong><\/p>\n\n\n\n<p>El domingo d\u00eda 23 la familia de <strong>LOLA NANI LOPE<\/strong> estaba feliz al ver a su ni\u00f1a vestida de blanco y convencida del sacramento que iba a recibir.<\/p>\n\n\n\n<p>Lola recibi\u00f3 por primera vez la comuni\u00f3n, sus padres, t\u00edos y primos arroparon la eucarist\u00eda con sus intervenciones, y esta feliz ni\u00f1a recibi\u00f3 los aplausos de los presentes despu\u00e9s de su ofrenda a <a  href=\"https:\/\/www.mecerreyes.com\/mece\/?page_id=54\">la Virgen del Camino<\/a>. <\/p>\n\n\n\n<figure class=\"wp-block-image size-large\"><img loading=\"lazy\" decoding=\"async\" width=\"1024\" height=\"554\" src=\"http:\/\/www.mecerreyes.com\/mece\/wp-content\/uploads\/2020\/09\/Primera-Comunion-Lola-1024x554.jpg\" alt=\"\" class=\"wp-image-20263\" srcset=\"https:\/\/www.mecerreyes.com\/mece\/wp-content\/uploads\/2020\/09\/Primera-Comunion-Lola-1024x554.jpg 1024w, https:\/\/www.mecerreyes.com\/mece\/wp-content\/uploads\/2020\/09\/Primera-Comunion-Lola-300x162.jpg 300w, https:\/\/www.mecerreyes.com\/mece\/wp-content\/uploads\/2020\/09\/Primera-Comunion-Lola-768x416.jpg 768w, https:\/\/www.mecerreyes.com\/mece\/wp-content\/uploads\/2020\/09\/Primera-Comunion-Lola-1080x585.jpg 1080w, https:\/\/www.mecerreyes.com\/mece\/wp-content\/uploads\/2020\/09\/Primera-Comunion-Lola.jpg 1182w\" sizes=\"(max-width: 1024px) 100vw, 1024px\" \/><\/figure>\n\n\n\n<div style=\"height:39px\" aria-hidden=\"true\" class=\"wp-block-spacer\"><\/div>\n\n\n\n<p style=\"font-size:22px\" class=\"has-background has-luminous-vivid-amber-background-color\"><strong>D\u00cdA DE ACCI\u00d3N DE GRACIAS (S\u00c1BADO 29 DE AGOSTO 2020)<\/strong><\/p>\n\n\n\n<p>Con la iglesia al m\u00e1ximo del aforo permitido y en el altar 4 sacerdotes guiletos dimos gracias por la vida, por el trabajo, por los hijos, por la familia, por poder estar en Mecerreyes.<\/p>\n\n\n\n<div class=\"wp-block-image\"><figure class=\"aligncenter size-large is-resized\"><img loading=\"lazy\" decoding=\"async\" src=\"http:\/\/www.mecerreyes.com\/mece\/wp-content\/uploads\/2020\/09\/Mecerreyes-torre-iglesia-agosto-2020-1024x576.jpg\" alt=\"\" class=\"wp-image-20276\" width=\"388\" height=\"218\" srcset=\"https:\/\/www.mecerreyes.com\/mece\/wp-content\/uploads\/2020\/09\/Mecerreyes-torre-iglesia-agosto-2020-1024x576.jpg 1024w, https:\/\/www.mecerreyes.com\/mece\/wp-content\/uploads\/2020\/09\/Mecerreyes-torre-iglesia-agosto-2020-300x169.jpg 300w, https:\/\/www.mecerreyes.com\/mece\/wp-content\/uploads\/2020\/09\/Mecerreyes-torre-iglesia-agosto-2020-768x432.jpg 768w, https:\/\/www.mecerreyes.com\/mece\/wp-content\/uploads\/2020\/09\/Mecerreyes-torre-iglesia-agosto-2020-1080x608.jpg 1080w, https:\/\/www.mecerreyes.com\/mece\/wp-content\/uploads\/2020\/09\/Mecerreyes-torre-iglesia-agosto-2020.jpg 1280w\" sizes=\"(max-width: 388px) 100vw, 388px\" \/><\/figure><\/div>\n\n\n\n<p>Dimos gracias por lo que somos como <a  href=\"https:\/\/www.mecerreyes.com\/mece\/?page_id=35\">parroquia<\/a> y a todos los que la forman.<\/p>\n\n\n\n<p>Con el pesar de no haber podido celebrar a lo grande, pero desde la oraci\u00f3n y a los pies de la Virgen, <strong>Ra\u00fal Gonz\u00e1lez<\/strong> hizo entrega de un gran ramo de flores a <a  href=\"https:\/\/www.mecerreyes.com\/mece\/?page_id=54\">la Virgen del Camino<\/a> en nombre de todo el pueblo de Mecerreyes. <\/p>\n\n\n\n<div class=\"wp-block-image\"><figure class=\"aligncenter size-large is-resized\"><img loading=\"lazy\" decoding=\"async\" src=\"http:\/\/www.mecerreyes.com\/mece\/wp-content\/uploads\/2020\/09\/Mecerreyes-agosto-2020-576x1024.jpg\" alt=\"\" class=\"wp-image-20240\" width=\"353\" height=\"628\" srcset=\"https:\/\/www.mecerreyes.com\/mece\/wp-content\/uploads\/2020\/09\/Mecerreyes-agosto-2020-576x1024.jpg 576w, https:\/\/www.mecerreyes.com\/mece\/wp-content\/uploads\/2020\/09\/Mecerreyes-agosto-2020-169x300.jpg 169w, https:\/\/www.mecerreyes.com\/mece\/wp-content\/uploads\/2020\/09\/Mecerreyes-agosto-2020.jpg 720w\" sizes=\"(max-width: 353px) 100vw, 353px\" \/><\/figure><\/div>\n\n\n\n<p style=\"font-size:22px\" class=\"has-background has-luminous-vivid-amber-background-color\"><strong>OFRENDA VIRGEN DEL CAMINO<\/strong><\/p>\n\n\n\n<div class=\"wp-block-group\"><div class=\"wp-block-group__inner-container is-layout-flow wp-block-group-is-layout-flow\">\n<div class=\"wp-block-group\"><div class=\"wp-block-group__inner-container is-layout-flow wp-block-group-is-layout-flow\">\n<div class=\"wp-block-group has-pale-cyan-blue-background-color has-background\"><div class=\"wp-block-group__inner-container is-layout-flow wp-block-group-is-layout-flow\">\n<p><em>Virgen del Camino, en este a\u00f1o tan especial, marcado por la pandemia del Covid-19, en estos d\u00edas de fiesta se\u00f1alados por el calendario y a la vez sin fiestas, nos ponemos bajo tu amparo.<\/em><\/p>\n\n\n\n<p><em>Con la ofrenda de estas flores queremos mostrarte nuestro cari\u00f1o y la confianza de saber que estamos bajo tu protecci\u00f3n.<\/em><\/p>\n\n\n\n<p><em>Del coraz\u00f3n de cada uno de tus hijos de Mecerreyes brota esta oraci\u00f3n en favor de todos los enfermos que han padecido o padecen las secuelas de este virus.<\/em><\/p>\n\n\n\n<p><em>Te pedimos que mires con cari\u00f1o y cuides a todos los sanitarios y a los que de la ciencia buscan soluciones definitivas.<\/em><\/p>\n\n\n\n<p><em>Asiste a las autoridades que tienen que dar soluciones a tantos problemas derivados de esta pandemia.<\/em><\/p>\n\n\n\n<p><em>Socorre a los que se han quedado sin trabajo y a los que ven peligrar su estabilidad econ\u00f3mica y familiar.<\/em><\/p>\n\n\n\n<p><em>Sost\u00e9n a los que se dedican a la ense\u00f1anza, en unos d\u00edas se ver\u00e1n envueltos en la aventura del nuevo curso.<\/em><\/p>\n\n\n\n<p><em>Muestra que eres buena Madre con todas las familias y especialmente con los que llevan el peso de la debilidad por enfermedad o ancianidad.<\/em><\/p>\n\n\n\n<p><em>Encamina a los j\u00f3venes para que responsablemente vivan su presente estando pendiente de sus mayores.<\/em><\/p>\n\n\n\n<p><em>Virgen del Camino, m\u00e1s que nunca hoy te decimos a una sola voz.<\/em><\/p>\n\n\n\n<p><em><strong>\u00a1\u00a1Mecerreyes es tu hijo, cu\u00eddanos!!<\/strong><\/em><\/p>\n<\/div><\/div>\n<\/div><\/div>\n<\/div><\/div>\n\n\n\n<div style=\"height:23px\" aria-hidden=\"true\" class=\"wp-block-spacer\"><\/div>\n\n\n\n<figure class=\"wp-block-image size-large\"><img loading=\"lazy\" decoding=\"async\" width=\"1024\" height=\"576\" src=\"http:\/\/www.mecerreyes.com\/mece\/wp-content\/uploads\/2020\/09\/Mecerreyes-agosto-2020-7-1024x576.jpg\" alt=\"\" class=\"wp-image-20277\" srcset=\"https:\/\/www.mecerreyes.com\/mece\/wp-content\/uploads\/2020\/09\/Mecerreyes-agosto-2020-7-1024x576.jpg 1024w, https:\/\/www.mecerreyes.com\/mece\/wp-content\/uploads\/2020\/09\/Mecerreyes-agosto-2020-7-300x169.jpg 300w, https:\/\/www.mecerreyes.com\/mece\/wp-content\/uploads\/2020\/09\/Mecerreyes-agosto-2020-7-768x432.jpg 768w, https:\/\/www.mecerreyes.com\/mece\/wp-content\/uploads\/2020\/09\/Mecerreyes-agosto-2020-7-1080x608.jpg 1080w, https:\/\/www.mecerreyes.com\/mece\/wp-content\/uploads\/2020\/09\/Mecerreyes-agosto-2020-7.jpg 1280w\" sizes=\"(max-width: 1024px) 100vw, 1024px\" \/><\/figure>\n\n\n\n<div style=\"height:31px\" aria-hidden=\"true\" class=\"wp-block-spacer\"><\/div>\n\n\n\n<p style=\"font-size:22px\" class=\"has-background has-luminous-vivid-amber-background-color\"><strong>MECERREYES en los medios de comunicaci\u00f3n<\/strong><\/p>\n\n\n\n<p>Ver publicaciones que facilitan la divulgaci\u00f3n de nuestro patrimonio, sentir el reconocimiento al trabajo de tantos a\u00f1os y el alcance internacional del mismo es un orgullo. <strong>Enrique del Rivero<\/strong> publica un art\u00edculo sobre el carnaval de Mecerreyes en el espacio <strong>\u201cBurgos sin ir mas lejos\u201d<\/strong>.<\/p>\n\n\n\n<p>Un carnaval que bien conoce y expone este afamado fot\u00f3grafo en el Museo Etnogr\u00e1fico de Zamora.   <\/p>\n\n\n\n<p><em><span class=\"has-inline-color has-vivid-red-color\">Puedes leer el art\u00edculo en el siguiente enlace:<\/span><\/em><\/p>\n\n\n\n<p class=\"has-text-color has-background has-vivid-cyan-blue-color has-pale-cyan-blue-background-color\"><a  rel=\"noreferrer noopener\" href=\"http:\/\/www.burgossinirmaslejos.com\/blog\/mascaradas-de-mecerreyes-una-fiesta-muy-europea\/\" target=\"_blank\"><strong>http:\/\/www.burgossinirmaslejos.com\/blog\/mascaradas-de-mecerreyes-una-fiesta-muy-europea\/<\/strong><\/a><\/p>\n\n\n\n<figure class=\"wp-block-image size-large\"><img loading=\"lazy\" decoding=\"async\" width=\"1024\" height=\"576\" src=\"http:\/\/www.mecerreyes.com\/mece\/wp-content\/uploads\/2020\/09\/Mecerreyes-agosto-2020-16-1024x576.jpg\" alt=\"\" class=\"wp-image-20283\" srcset=\"https:\/\/www.mecerreyes.com\/mece\/wp-content\/uploads\/2020\/09\/Mecerreyes-agosto-2020-16-1024x576.jpg 1024w, https:\/\/www.mecerreyes.com\/mece\/wp-content\/uploads\/2020\/09\/Mecerreyes-agosto-2020-16-300x169.jpg 300w, https:\/\/www.mecerreyes.com\/mece\/wp-content\/uploads\/2020\/09\/Mecerreyes-agosto-2020-16-768x432.jpg 768w, https:\/\/www.mecerreyes.com\/mece\/wp-content\/uploads\/2020\/09\/Mecerreyes-agosto-2020-16-1080x608.jpg 1080w, https:\/\/www.mecerreyes.com\/mece\/wp-content\/uploads\/2020\/09\/Mecerreyes-agosto-2020-16.jpg 1280w\" sizes=\"(max-width: 1024px) 100vw, 1024px\" \/><\/figure>\n\n\n\n<div style=\"height:57px\" aria-hidden=\"true\" class=\"wp-block-spacer\"><\/div>\n\n\n\n<p>Juanjo Asensio invitado de Canal 8 de Burgos propone una <strong>ruta de 40 km. por la comarca de Lara y la Sierra de las Mamblas.<\/strong> Comienza en Lara de los Infantes, Quintanilla de la Vi\u00f1as, Dolmen situado en Mazariegos (Mecerreyes), Mambrillas de Lara, Hortig\u00fcela, San Pedro de Arlanza,&nbsp; Covarrubias, Mecerreyes.<\/p>\n\n\n\n<figure class=\"wp-block-embed-youtube wp-block-embed is-type-video is-provider-youtube wp-embed-aspect-16-9 wp-has-aspect-ratio\"><div class=\"wp-block-embed__wrapper\">\n<iframe loading=\"lazy\" title=\"OCHO MAGAZINE | 03-08-2020\" width=\"1080\" height=\"608\" src=\"https:\/\/www.youtube.com\/embed\/Ki_4OqhYW8M?feature=oembed\" frameborder=\"0\" allow=\"accelerometer; autoplay; encrypted-media; gyroscope; picture-in-picture\" allowfullscreen><\/iframe>\n<\/div><\/figure>\n\n\n\n<p><em><span style=\"color:#2f12ea\" class=\"has-inline-color\">Promoci\u00f3n de Mecerreyes, a partir del minuto 35:43<\/span><\/em><\/p>\n\n\n\n<p>Este mes la revista <strong>Vive Arlanza<\/strong> dedica un bonito reportaje a los Museos de la comarca del Arlanza, el turismo rural como una buena opci\u00f3n para pasar las vacaciones ve incrementada las preferencias de los viajeros ante las cancelaciones de otro tipo de salidas. <\/p>\n\n\n\n<figure class=\"wp-block-gallery columns-3 is-cropped wp-block-gallery-1 is-layout-flex wp-block-gallery-is-layout-flex\"><ul class=\"blocks-gallery-grid\"><li class=\"blocks-gallery-item\"><figure><a  href=\"http:\/\/www.mecerreyes.com\/mece\/wp-content\/uploads\/2020\/09\/Revista-Vive-Arlanza-n\u00ba-68-Agosto-2020-1-scaled.jpg\" class=\"thickbox no_icon\" title=\"\"><img loading=\"lazy\" decoding=\"async\" width=\"1024\" height=\"306\" src=\"http:\/\/www.mecerreyes.com\/mece\/wp-content\/uploads\/2020\/09\/Revista-Vive-Arlanza-n\u00ba-68-Agosto-2020-1-1024x306.jpg\" alt=\"\" data-id=\"20258\" data-full-url=\"http:\/\/www.mecerreyes.com\/mece\/wp-content\/uploads\/2020\/09\/Revista-Vive-Arlanza-n\u00ba-68-Agosto-2020-1-scaled.jpg\" data-link=\"http:\/\/www.mecerreyes.com\/mece\/?attachment_id=20258\" class=\"wp-image-20258\" srcset=\"https:\/\/www.mecerreyes.com\/mece\/wp-content\/uploads\/2020\/09\/Revista-Vive-Arlanza-n\u00ba-68-Agosto-2020-1-1024x306.jpg 1024w, https:\/\/www.mecerreyes.com\/mece\/wp-content\/uploads\/2020\/09\/Revista-Vive-Arlanza-n\u00ba-68-Agosto-2020-1-300x90.jpg 300w, https:\/\/www.mecerreyes.com\/mece\/wp-content\/uploads\/2020\/09\/Revista-Vive-Arlanza-n\u00ba-68-Agosto-2020-1-768x229.jpg 768w, https:\/\/www.mecerreyes.com\/mece\/wp-content\/uploads\/2020\/09\/Revista-Vive-Arlanza-n\u00ba-68-Agosto-2020-1-1536x459.jpg 1536w, https:\/\/www.mecerreyes.com\/mece\/wp-content\/uploads\/2020\/09\/Revista-Vive-Arlanza-n\u00ba-68-Agosto-2020-1-2048x612.jpg 2048w, https:\/\/www.mecerreyes.com\/mece\/wp-content\/uploads\/2020\/09\/Revista-Vive-Arlanza-n\u00ba-68-Agosto-2020-1-1080x323.jpg 1080w\" sizes=\"(max-width: 1024px) 100vw, 1024px\" \/><\/a><\/figure><\/li><li class=\"blocks-gallery-item\"><figure><a  href=\"http:\/\/www.mecerreyes.com\/mece\/wp-content\/uploads\/2020\/09\/Revista-Vive-Arlanza-n\u00ba-68-Agosto-2020-2-scaled.jpg\" class=\"thickbox no_icon\" title=\"\"><img loading=\"lazy\" decoding=\"async\" width=\"713\" height=\"1024\" src=\"http:\/\/www.mecerreyes.com\/mece\/wp-content\/uploads\/2020\/09\/Revista-Vive-Arlanza-n\u00ba-68-Agosto-2020-2-713x1024.jpg\" alt=\"\" data-id=\"20259\" data-full-url=\"http:\/\/www.mecerreyes.com\/mece\/wp-content\/uploads\/2020\/09\/Revista-Vive-Arlanza-n\u00ba-68-Agosto-2020-2-scaled.jpg\" data-link=\"http:\/\/www.mecerreyes.com\/mece\/?attachment_id=20259\" class=\"wp-image-20259\" srcset=\"https:\/\/www.mecerreyes.com\/mece\/wp-content\/uploads\/2020\/09\/Revista-Vive-Arlanza-n\u00ba-68-Agosto-2020-2-713x1024.jpg 713w, https:\/\/www.mecerreyes.com\/mece\/wp-content\/uploads\/2020\/09\/Revista-Vive-Arlanza-n\u00ba-68-Agosto-2020-2-209x300.jpg 209w, https:\/\/www.mecerreyes.com\/mece\/wp-content\/uploads\/2020\/09\/Revista-Vive-Arlanza-n\u00ba-68-Agosto-2020-2-768x1103.jpg 768w, https:\/\/www.mecerreyes.com\/mece\/wp-content\/uploads\/2020\/09\/Revista-Vive-Arlanza-n\u00ba-68-Agosto-2020-2-1070x1536.jpg 1070w, https:\/\/www.mecerreyes.com\/mece\/wp-content\/uploads\/2020\/09\/Revista-Vive-Arlanza-n\u00ba-68-Agosto-2020-2-1427x2048.jpg 1427w, https:\/\/www.mecerreyes.com\/mece\/wp-content\/uploads\/2020\/09\/Revista-Vive-Arlanza-n\u00ba-68-Agosto-2020-2-1080x1550.jpg 1080w, https:\/\/www.mecerreyes.com\/mece\/wp-content\/uploads\/2020\/09\/Revista-Vive-Arlanza-n\u00ba-68-Agosto-2020-2-scaled.jpg 1783w\" sizes=\"(max-width: 713px) 100vw, 713px\" \/><\/a><\/figure><\/li><li class=\"blocks-gallery-item\"><figure><a  href=\"http:\/\/www.mecerreyes.com\/mece\/wp-content\/uploads\/2020\/09\/Revista-Vive-Arlanza-n\u00ba-68-Agosto-2020-3-scaled.jpg\" class=\"thickbox no_icon\" title=\"\"><img loading=\"lazy\" decoding=\"async\" width=\"701\" height=\"1024\" src=\"http:\/\/www.mecerreyes.com\/mece\/wp-content\/uploads\/2020\/09\/Revista-Vive-Arlanza-n\u00ba-68-Agosto-2020-3-701x1024.jpg\" alt=\"\" data-id=\"20256\" data-full-url=\"http:\/\/www.mecerreyes.com\/mece\/wp-content\/uploads\/2020\/09\/Revista-Vive-Arlanza-n\u00ba-68-Agosto-2020-3-scaled.jpg\" data-link=\"http:\/\/www.mecerreyes.com\/mece\/?attachment_id=20256\" class=\"wp-image-20256\" srcset=\"https:\/\/www.mecerreyes.com\/mece\/wp-content\/uploads\/2020\/09\/Revista-Vive-Arlanza-n\u00ba-68-Agosto-2020-3-701x1024.jpg 701w, https:\/\/www.mecerreyes.com\/mece\/wp-content\/uploads\/2020\/09\/Revista-Vive-Arlanza-n\u00ba-68-Agosto-2020-3-205x300.jpg 205w, https:\/\/www.mecerreyes.com\/mece\/wp-content\/uploads\/2020\/09\/Revista-Vive-Arlanza-n\u00ba-68-Agosto-2020-3-768x1123.jpg 768w, https:\/\/www.mecerreyes.com\/mece\/wp-content\/uploads\/2020\/09\/Revista-Vive-Arlanza-n\u00ba-68-Agosto-2020-3-1051x1536.jpg 1051w, https:\/\/www.mecerreyes.com\/mece\/wp-content\/uploads\/2020\/09\/Revista-Vive-Arlanza-n\u00ba-68-Agosto-2020-3-1401x2048.jpg 1401w, https:\/\/www.mecerreyes.com\/mece\/wp-content\/uploads\/2020\/09\/Revista-Vive-Arlanza-n\u00ba-68-Agosto-2020-3-1080x1579.jpg 1080w, https:\/\/www.mecerreyes.com\/mece\/wp-content\/uploads\/2020\/09\/Revista-Vive-Arlanza-n\u00ba-68-Agosto-2020-3-scaled.jpg 1751w\" sizes=\"(max-width: 701px) 100vw, 701px\" \/><\/a><\/figure><\/li><li class=\"blocks-gallery-item\"><figure><a  href=\"http:\/\/www.mecerreyes.com\/mece\/wp-content\/uploads\/2020\/09\/Revista-Vive-Arlanza-n\u00ba-68-Agosto-2020-4-scaled.jpg\" class=\"thickbox no_icon\" title=\"\"><img loading=\"lazy\" decoding=\"async\" width=\"724\" height=\"1024\" src=\"http:\/\/www.mecerreyes.com\/mece\/wp-content\/uploads\/2020\/09\/Revista-Vive-Arlanza-n\u00ba-68-Agosto-2020-4-724x1024.jpg\" alt=\"\" data-id=\"20257\" data-full-url=\"http:\/\/www.mecerreyes.com\/mece\/wp-content\/uploads\/2020\/09\/Revista-Vive-Arlanza-n\u00ba-68-Agosto-2020-4-scaled.jpg\" data-link=\"http:\/\/www.mecerreyes.com\/mece\/?attachment_id=20257\" class=\"wp-image-20257\" srcset=\"https:\/\/www.mecerreyes.com\/mece\/wp-content\/uploads\/2020\/09\/Revista-Vive-Arlanza-n\u00ba-68-Agosto-2020-4-724x1024.jpg 724w, https:\/\/www.mecerreyes.com\/mece\/wp-content\/uploads\/2020\/09\/Revista-Vive-Arlanza-n\u00ba-68-Agosto-2020-4-212x300.jpg 212w, https:\/\/www.mecerreyes.com\/mece\/wp-content\/uploads\/2020\/09\/Revista-Vive-Arlanza-n\u00ba-68-Agosto-2020-4-768x1086.jpg 768w, https:\/\/www.mecerreyes.com\/mece\/wp-content\/uploads\/2020\/09\/Revista-Vive-Arlanza-n\u00ba-68-Agosto-2020-4-1087x1536.jpg 1087w, https:\/\/www.mecerreyes.com\/mece\/wp-content\/uploads\/2020\/09\/Revista-Vive-Arlanza-n\u00ba-68-Agosto-2020-4-1449x2048.jpg 1449w, https:\/\/www.mecerreyes.com\/mece\/wp-content\/uploads\/2020\/09\/Revista-Vive-Arlanza-n\u00ba-68-Agosto-2020-4-1080x1527.jpg 1080w, https:\/\/www.mecerreyes.com\/mece\/wp-content\/uploads\/2020\/09\/Revista-Vive-Arlanza-n\u00ba-68-Agosto-2020-4-scaled.jpg 1811w\" sizes=\"(max-width: 724px) 100vw, 724px\" \/><\/a><\/figure><\/li><\/ul><\/figure>\n\n\n\n<p>Agradecidos con esta publicaci\u00f3n por el impulso a la comarca y acercarnos lo m\u00e1s destacado de cada pueblo en cada uno de sus n\u00fameros.<\/p>\n\n\n\n<p>En su p\u00e1gina dedicada a fotos para el recuerdo tambi\u00e9n podemos disfrutar de una fotograf\u00eda de la orquesta \u201dLos Peque\u00f1os Cantinflas de Mecerreyes\u201d. <\/p>\n\n\n\n<figure class=\"wp-block-image size-large\"><img loading=\"lazy\" decoding=\"async\" width=\"872\" height=\"663\" src=\"http:\/\/www.mecerreyes.com\/mece\/wp-content\/uploads\/2020\/09\/Vive-Arlanza-Los-peque\u00f1os-Cantinflas-Mecerreyes.jpg\" alt=\"\" class=\"wp-image-20264\" srcset=\"https:\/\/www.mecerreyes.com\/mece\/wp-content\/uploads\/2020\/09\/Vive-Arlanza-Los-peque\u00f1os-Cantinflas-Mecerreyes.jpg 872w, https:\/\/www.mecerreyes.com\/mece\/wp-content\/uploads\/2020\/09\/Vive-Arlanza-Los-peque\u00f1os-Cantinflas-Mecerreyes-300x228.jpg 300w, https:\/\/www.mecerreyes.com\/mece\/wp-content\/uploads\/2020\/09\/Vive-Arlanza-Los-peque\u00f1os-Cantinflas-Mecerreyes-768x584.jpg 768w\" sizes=\"(max-width: 872px) 100vw, 872px\" \/><\/figure>\n\n\n\n<p>Nuestro deseo de que el regreso al nuevo curso no nos haga retroceder a fases m\u00e1s restrictivas de libertad como la pasada primavera, nuestro deseo sincero de volver a vernos todos en Mecerreyes pr\u00f3ximamente.<\/p>\n\n\n\n<figure class=\"wp-block-image size-large\"><img loading=\"lazy\" decoding=\"async\" width=\"1024\" height=\"576\" src=\"http:\/\/www.mecerreyes.com\/mece\/wp-content\/uploads\/2020\/09\/Mecerreyes-agosto-2020-11-1024x576.jpg\" alt=\"\" class=\"wp-image-20278\" srcset=\"https:\/\/www.mecerreyes.com\/mece\/wp-content\/uploads\/2020\/09\/Mecerreyes-agosto-2020-11-1024x576.jpg 1024w, https:\/\/www.mecerreyes.com\/mece\/wp-content\/uploads\/2020\/09\/Mecerreyes-agosto-2020-11-300x169.jpg 300w, https:\/\/www.mecerreyes.com\/mece\/wp-content\/uploads\/2020\/09\/Mecerreyes-agosto-2020-11-768x432.jpg 768w, https:\/\/www.mecerreyes.com\/mece\/wp-content\/uploads\/2020\/09\/Mecerreyes-agosto-2020-11-1080x608.jpg 1080w, https:\/\/www.mecerreyes.com\/mece\/wp-content\/uploads\/2020\/09\/Mecerreyes-agosto-2020-11.jpg 1280w\" sizes=\"(max-width: 1024px) 100vw, 1024px\" \/><\/figure>\n\n\n\n<p>Nuestro agradecimiento a todos los que compart\u00eds vuestras fotos para acercar el pueblo a los que no hab\u00e9is tenido la oportunidad de disfrutarlo.<\/p>\n\n\n\n<figure class=\"wp-block-image size-large\"><img loading=\"lazy\" decoding=\"async\" width=\"1024\" height=\"576\" src=\"http:\/\/www.mecerreyes.com\/mece\/wp-content\/uploads\/2020\/09\/Mecerreyes-agosto-2020-2-1024x576.jpg\" alt=\"\" class=\"wp-image-20279\" srcset=\"https:\/\/www.mecerreyes.com\/mece\/wp-content\/uploads\/2020\/09\/Mecerreyes-agosto-2020-2-1024x576.jpg 1024w, https:\/\/www.mecerreyes.com\/mece\/wp-content\/uploads\/2020\/09\/Mecerreyes-agosto-2020-2-300x169.jpg 300w, https:\/\/www.mecerreyes.com\/mece\/wp-content\/uploads\/2020\/09\/Mecerreyes-agosto-2020-2-768x432.jpg 768w, https:\/\/www.mecerreyes.com\/mece\/wp-content\/uploads\/2020\/09\/Mecerreyes-agosto-2020-2-1080x608.jpg 1080w, https:\/\/www.mecerreyes.com\/mece\/wp-content\/uploads\/2020\/09\/Mecerreyes-agosto-2020-2.jpg 1280w\" sizes=\"(max-width: 1024px) 100vw, 1024px\" \/><\/figure>\n\n\n\n<figure class=\"wp-block-image size-large is-style-default\"><img loading=\"lazy\" decoding=\"async\" width=\"695\" height=\"1024\" src=\"http:\/\/www.mecerreyes.com\/mece\/wp-content\/uploads\/2020\/09\/Poesia-Boni-Vicario-695x1024.jpg\" alt=\"\" class=\"wp-image-20242\" srcset=\"https:\/\/www.mecerreyes.com\/mece\/wp-content\/uploads\/2020\/09\/Poesia-Boni-Vicario-695x1024.jpg 695w, https:\/\/www.mecerreyes.com\/mece\/wp-content\/uploads\/2020\/09\/Poesia-Boni-Vicario-204x300.jpg 204w, https:\/\/www.mecerreyes.com\/mece\/wp-content\/uploads\/2020\/09\/Poesia-Boni-Vicario-768x1132.jpg 768w, https:\/\/www.mecerreyes.com\/mece\/wp-content\/uploads\/2020\/09\/Poesia-Boni-Vicario.jpg 840w\" sizes=\"(max-width: 695px) 100vw, 695px\" \/><\/figure>\n\n\n\n<figure class=\"wp-block-image size-large\"><img loading=\"lazy\" decoding=\"async\" width=\"1024\" height=\"576\" src=\"http:\/\/www.mecerreyes.com\/mece\/wp-content\/uploads\/2020\/09\/Mecerreyes-agosto-2020-5-1024x576.jpg\" alt=\"\" class=\"wp-image-20280\" srcset=\"https:\/\/www.mecerreyes.com\/mece\/wp-content\/uploads\/2020\/09\/Mecerreyes-agosto-2020-5-1024x576.jpg 1024w, https:\/\/www.mecerreyes.com\/mece\/wp-content\/uploads\/2020\/09\/Mecerreyes-agosto-2020-5-300x169.jpg 300w, https:\/\/www.mecerreyes.com\/mece\/wp-content\/uploads\/2020\/09\/Mecerreyes-agosto-2020-5-768x432.jpg 768w, https:\/\/www.mecerreyes.com\/mece\/wp-content\/uploads\/2020\/09\/Mecerreyes-agosto-2020-5-1080x608.jpg 1080w, https:\/\/www.mecerreyes.com\/mece\/wp-content\/uploads\/2020\/09\/Mecerreyes-agosto-2020-5.jpg 1280w\" sizes=\"(max-width: 1024px) 100vw, 1024px\" \/><\/figure>\n\n\n\n<div style=\"height:100px\" aria-hidden=\"true\" class=\"wp-block-spacer\"><\/div>\n\n\n\n<p style=\"font-size:22px\" class=\"has-background has-luminous-vivid-amber-background-color\"><strong>VIRGEN DE MAMBLAS<\/strong><\/p>\n\n\n\n<p>La celebraci\u00f3n de la <strong>Romer\u00eda de Mamblas<\/strong> no podr\u00e1 ser, pero en el coraz\u00f3n de guiletos, racheles, raposos, morugos y pueblos cercanos a esta Sierra estar\u00e1 el sentimiento de cari\u00f1o a la Virgen<\/p>\n\n\n\n<figure class=\"wp-block-image size-large\"><img loading=\"lazy\" decoding=\"async\" width=\"697\" height=\"1024\" src=\"http:\/\/www.mecerreyes.com\/mece\/wp-content\/uploads\/2020\/09\/Poesia-Boni-Vicario-Mamblas-697x1024.jpg\" alt=\"\" class=\"wp-image-20243\" srcset=\"https:\/\/www.mecerreyes.com\/mece\/wp-content\/uploads\/2020\/09\/Poesia-Boni-Vicario-Mamblas-697x1024.jpg 697w, https:\/\/www.mecerreyes.com\/mece\/wp-content\/uploads\/2020\/09\/Poesia-Boni-Vicario-Mamblas-204x300.jpg 204w, https:\/\/www.mecerreyes.com\/mece\/wp-content\/uploads\/2020\/09\/Poesia-Boni-Vicario-Mamblas-768x1129.jpg 768w, https:\/\/www.mecerreyes.com\/mece\/wp-content\/uploads\/2020\/09\/Poesia-Boni-Vicario-Mamblas.jpg 871w\" sizes=\"(max-width: 697px) 100vw, 697px\" \/><\/figure>\n\n\n\n<div style=\"height:44px\" aria-hidden=\"true\" class=\"wp-block-spacer\"><\/div>\n\n\n\n<figure class=\"wp-block-embed-youtube wp-block-embed is-type-video is-provider-youtube wp-embed-aspect-16-9 wp-has-aspect-ratio\"><div class=\"wp-block-embed__wrapper\">\n<iframe loading=\"lazy\" title=\"Viva la Virgen de Mamblas V1\" width=\"1080\" height=\"608\" src=\"https:\/\/www.youtube.com\/embed\/fcgyAIRiFWM?feature=oembed\" frameborder=\"0\" allow=\"accelerometer; autoplay; encrypted-media; gyroscope; picture-in-picture\" allowfullscreen><\/iframe>\n<\/div><\/figure>\n\n\n\n<div style=\"height:34px\" aria-hidden=\"true\" class=\"wp-block-spacer\"><\/div>\n\n\n\n<p><\/p>\n\n\n\n<p style=\"font-size:22px\" class=\"has-background has-luminous-vivid-amber-background-color\"><strong>REFRANERO<\/strong><\/p>\n\n\n\n<ul class=\"wp-block-list\"><li><em>Lo que agosto madura, septiembre la asegura.<\/em><\/li><li><em>Llueva o no llueva, en agosto la huerta riega.<\/em><\/li><li><em>En agosto y en enero no tomes el sol sin sombrero.<\/em><\/li><li><em>Agosto arder, septiembre beber.<\/em><\/li><\/ul>\n\n\n\n<figure class=\"wp-block-gallery columns-3 is-cropped wp-block-gallery-2 is-layout-flex wp-block-gallery-is-layout-flex\"><ul class=\"blocks-gallery-grid\"><li class=\"blocks-gallery-item\"><figure><a  href=\"http:\/\/www.mecerreyes.com\/mece\/wp-content\/uploads\/2020\/09\/Mecerreyes-agosto-2020-Esculturas-visitadas-por-las-cuadrillas-1.jpg\" class=\"thickbox no_icon\" title=\"\"><img loading=\"lazy\" decoding=\"async\" width=\"768\" height=\"1024\" src=\"http:\/\/www.mecerreyes.com\/mece\/wp-content\/uploads\/2020\/09\/Mecerreyes-agosto-2020-Esculturas-visitadas-por-las-cuadrillas-1-768x1024.jpg\" alt=\"\" data-id=\"20245\" data-full-url=\"http:\/\/www.mecerreyes.com\/mece\/wp-content\/uploads\/2020\/09\/Mecerreyes-agosto-2020-Esculturas-visitadas-por-las-cuadrillas-1.jpg\" data-link=\"http:\/\/www.mecerreyes.com\/mece\/?attachment_id=20245\" class=\"wp-image-20245\" srcset=\"https:\/\/www.mecerreyes.com\/mece\/wp-content\/uploads\/2020\/09\/Mecerreyes-agosto-2020-Esculturas-visitadas-por-las-cuadrillas-1-768x1024.jpg 768w, https:\/\/www.mecerreyes.com\/mece\/wp-content\/uploads\/2020\/09\/Mecerreyes-agosto-2020-Esculturas-visitadas-por-las-cuadrillas-1-225x300.jpg 225w, https:\/\/www.mecerreyes.com\/mece\/wp-content\/uploads\/2020\/09\/Mecerreyes-agosto-2020-Esculturas-visitadas-por-las-cuadrillas-1.jpg 960w\" sizes=\"(max-width: 768px) 100vw, 768px\" \/><\/a><\/figure><\/li><li class=\"blocks-gallery-item\"><figure><a  href=\"http:\/\/www.mecerreyes.com\/mece\/wp-content\/uploads\/2020\/09\/Mecerreyes-agosto-2020-Esculturas-visitadas-por-las-cuadrillas-12.jpg\" class=\"thickbox no_icon\" title=\"\"><img loading=\"lazy\" decoding=\"async\" width=\"1024\" height=\"562\" src=\"http:\/\/www.mecerreyes.com\/mece\/wp-content\/uploads\/2020\/09\/Mecerreyes-agosto-2020-Esculturas-visitadas-por-las-cuadrillas-12-1024x562.jpg\" alt=\"\" data-id=\"20244\" data-full-url=\"http:\/\/www.mecerreyes.com\/mece\/wp-content\/uploads\/2020\/09\/Mecerreyes-agosto-2020-Esculturas-visitadas-por-las-cuadrillas-12.jpg\" data-link=\"http:\/\/www.mecerreyes.com\/mece\/?attachment_id=20244\" class=\"wp-image-20244\" srcset=\"https:\/\/www.mecerreyes.com\/mece\/wp-content\/uploads\/2020\/09\/Mecerreyes-agosto-2020-Esculturas-visitadas-por-las-cuadrillas-12-1024x562.jpg 1024w, https:\/\/www.mecerreyes.com\/mece\/wp-content\/uploads\/2020\/09\/Mecerreyes-agosto-2020-Esculturas-visitadas-por-las-cuadrillas-12-300x165.jpg 300w, https:\/\/www.mecerreyes.com\/mece\/wp-content\/uploads\/2020\/09\/Mecerreyes-agosto-2020-Esculturas-visitadas-por-las-cuadrillas-12-768x421.jpg 768w, https:\/\/www.mecerreyes.com\/mece\/wp-content\/uploads\/2020\/09\/Mecerreyes-agosto-2020-Esculturas-visitadas-por-las-cuadrillas-12-1080x592.jpg 1080w, https:\/\/www.mecerreyes.com\/mece\/wp-content\/uploads\/2020\/09\/Mecerreyes-agosto-2020-Esculturas-visitadas-por-las-cuadrillas-12.jpg 1280w\" sizes=\"(max-width: 1024px) 100vw, 1024px\" \/><\/a><\/figure><\/li><li class=\"blocks-gallery-item\"><figure><a  href=\"http:\/\/www.mecerreyes.com\/mece\/wp-content\/uploads\/2020\/09\/Mecerreyes-agosto-2020-Esculturas-visitadas-por-las-cuadrillas-2.jpg\" class=\"thickbox no_icon\" title=\"\"><img loading=\"lazy\" decoding=\"async\" width=\"960\" height=\"647\" src=\"http:\/\/www.mecerreyes.com\/mece\/wp-content\/uploads\/2020\/09\/Mecerreyes-agosto-2020-Esculturas-visitadas-por-las-cuadrillas-2.jpg\" alt=\"\" data-id=\"20246\" data-full-url=\"http:\/\/www.mecerreyes.com\/mece\/wp-content\/uploads\/2020\/09\/Mecerreyes-agosto-2020-Esculturas-visitadas-por-las-cuadrillas-2.jpg\" data-link=\"http:\/\/www.mecerreyes.com\/mece\/?attachment_id=20246\" class=\"wp-image-20246\" srcset=\"https:\/\/www.mecerreyes.com\/mece\/wp-content\/uploads\/2020\/09\/Mecerreyes-agosto-2020-Esculturas-visitadas-por-las-cuadrillas-2.jpg 960w, https:\/\/www.mecerreyes.com\/mece\/wp-content\/uploads\/2020\/09\/Mecerreyes-agosto-2020-Esculturas-visitadas-por-las-cuadrillas-2-300x202.jpg 300w, https:\/\/www.mecerreyes.com\/mece\/wp-content\/uploads\/2020\/09\/Mecerreyes-agosto-2020-Esculturas-visitadas-por-las-cuadrillas-2-768x518.jpg 768w\" sizes=\"(max-width: 960px) 100vw, 960px\" \/><\/a><\/figure><\/li><li class=\"blocks-gallery-item\"><figure><a  href=\"http:\/\/www.mecerreyes.com\/mece\/wp-content\/uploads\/2020\/09\/Mecerreyes-agosto-2020-Esculturas-visitadas-por-las-cuadrillas-3.jpg\" class=\"thickbox no_icon\" title=\"\"><img loading=\"lazy\" decoding=\"async\" width=\"1024\" height=\"446\" src=\"http:\/\/www.mecerreyes.com\/mece\/wp-content\/uploads\/2020\/09\/Mecerreyes-agosto-2020-Esculturas-visitadas-por-las-cuadrillas-3-1024x446.jpg\" alt=\"\" data-id=\"20247\" data-full-url=\"http:\/\/www.mecerreyes.com\/mece\/wp-content\/uploads\/2020\/09\/Mecerreyes-agosto-2020-Esculturas-visitadas-por-las-cuadrillas-3.jpg\" data-link=\"http:\/\/www.mecerreyes.com\/mece\/?attachment_id=20247\" class=\"wp-image-20247\" srcset=\"https:\/\/www.mecerreyes.com\/mece\/wp-content\/uploads\/2020\/09\/Mecerreyes-agosto-2020-Esculturas-visitadas-por-las-cuadrillas-3-1024x446.jpg 1024w, https:\/\/www.mecerreyes.com\/mece\/wp-content\/uploads\/2020\/09\/Mecerreyes-agosto-2020-Esculturas-visitadas-por-las-cuadrillas-3-300x131.jpg 300w, https:\/\/www.mecerreyes.com\/mece\/wp-content\/uploads\/2020\/09\/Mecerreyes-agosto-2020-Esculturas-visitadas-por-las-cuadrillas-3-768x335.jpg 768w, https:\/\/www.mecerreyes.com\/mece\/wp-content\/uploads\/2020\/09\/Mecerreyes-agosto-2020-Esculturas-visitadas-por-las-cuadrillas-3-1080x471.jpg 1080w, https:\/\/www.mecerreyes.com\/mece\/wp-content\/uploads\/2020\/09\/Mecerreyes-agosto-2020-Esculturas-visitadas-por-las-cuadrillas-3.jpg 1280w\" sizes=\"(max-width: 1024px) 100vw, 1024px\" \/><\/a><\/figure><\/li><li class=\"blocks-gallery-item\"><figure><a  href=\"http:\/\/www.mecerreyes.com\/mece\/wp-content\/uploads\/2020\/09\/Mecerreyes-agosto-2020-Esculturas-visitadas-por-las-cuadrillas-4.jpg\" class=\"thickbox no_icon\" title=\"\"><img loading=\"lazy\" decoding=\"async\" width=\"960\" height=\"953\" src=\"http:\/\/www.mecerreyes.com\/mece\/wp-content\/uploads\/2020\/09\/Mecerreyes-agosto-2020-Esculturas-visitadas-por-las-cuadrillas-4.jpg\" alt=\"\" data-id=\"20248\" data-full-url=\"http:\/\/www.mecerreyes.com\/mece\/wp-content\/uploads\/2020\/09\/Mecerreyes-agosto-2020-Esculturas-visitadas-por-las-cuadrillas-4.jpg\" data-link=\"http:\/\/www.mecerreyes.com\/mece\/?attachment_id=20248\" class=\"wp-image-20248\" srcset=\"https:\/\/www.mecerreyes.com\/mece\/wp-content\/uploads\/2020\/09\/Mecerreyes-agosto-2020-Esculturas-visitadas-por-las-cuadrillas-4.jpg 960w, https:\/\/www.mecerreyes.com\/mece\/wp-content\/uploads\/2020\/09\/Mecerreyes-agosto-2020-Esculturas-visitadas-por-las-cuadrillas-4-300x298.jpg 300w, https:\/\/www.mecerreyes.com\/mece\/wp-content\/uploads\/2020\/09\/Mecerreyes-agosto-2020-Esculturas-visitadas-por-las-cuadrillas-4-150x150.jpg 150w, https:\/\/www.mecerreyes.com\/mece\/wp-content\/uploads\/2020\/09\/Mecerreyes-agosto-2020-Esculturas-visitadas-por-las-cuadrillas-4-768x762.jpg 768w\" sizes=\"(max-width: 960px) 100vw, 960px\" \/><\/a><\/figure><\/li><li class=\"blocks-gallery-item\"><figure><a  href=\"http:\/\/www.mecerreyes.com\/mece\/wp-content\/uploads\/2020\/09\/Mecerreyes-agosto-2020-Esculturas-visitadas-por-las-cuadrillas-5.jpg\" class=\"thickbox no_icon\" title=\"\"><img loading=\"lazy\" decoding=\"async\" width=\"960\" height=\"677\" src=\"http:\/\/www.mecerreyes.com\/mece\/wp-content\/uploads\/2020\/09\/Mecerreyes-agosto-2020-Esculturas-visitadas-por-las-cuadrillas-5.jpg\" alt=\"\" data-id=\"20249\" data-full-url=\"http:\/\/www.mecerreyes.com\/mece\/wp-content\/uploads\/2020\/09\/Mecerreyes-agosto-2020-Esculturas-visitadas-por-las-cuadrillas-5.jpg\" data-link=\"http:\/\/www.mecerreyes.com\/mece\/?attachment_id=20249\" class=\"wp-image-20249\" srcset=\"https:\/\/www.mecerreyes.com\/mece\/wp-content\/uploads\/2020\/09\/Mecerreyes-agosto-2020-Esculturas-visitadas-por-las-cuadrillas-5.jpg 960w, https:\/\/www.mecerreyes.com\/mece\/wp-content\/uploads\/2020\/09\/Mecerreyes-agosto-2020-Esculturas-visitadas-por-las-cuadrillas-5-300x212.jpg 300w, https:\/\/www.mecerreyes.com\/mece\/wp-content\/uploads\/2020\/09\/Mecerreyes-agosto-2020-Esculturas-visitadas-por-las-cuadrillas-5-768x542.jpg 768w\" sizes=\"(max-width: 960px) 100vw, 960px\" \/><\/a><\/figure><\/li><li class=\"blocks-gallery-item\"><figure><a  href=\"http:\/\/www.mecerreyes.com\/mece\/wp-content\/uploads\/2020\/09\/Mecerreyes-agosto-2020-Esculturas-visitadas-por-las-cuadrillas-6.jpg\" class=\"thickbox no_icon\" title=\"\"><img loading=\"lazy\" decoding=\"async\" width=\"1024\" height=\"768\" src=\"http:\/\/www.mecerreyes.com\/mece\/wp-content\/uploads\/2020\/09\/Mecerreyes-agosto-2020-Esculturas-visitadas-por-las-cuadrillas-6-1024x768.jpg\" alt=\"\" data-id=\"20250\" data-full-url=\"http:\/\/www.mecerreyes.com\/mece\/wp-content\/uploads\/2020\/09\/Mecerreyes-agosto-2020-Esculturas-visitadas-por-las-cuadrillas-6.jpg\" data-link=\"http:\/\/www.mecerreyes.com\/mece\/?attachment_id=20250\" class=\"wp-image-20250\" srcset=\"https:\/\/www.mecerreyes.com\/mece\/wp-content\/uploads\/2020\/09\/Mecerreyes-agosto-2020-Esculturas-visitadas-por-las-cuadrillas-6-1024x768.jpg 1024w, https:\/\/www.mecerreyes.com\/mece\/wp-content\/uploads\/2020\/09\/Mecerreyes-agosto-2020-Esculturas-visitadas-por-las-cuadrillas-6-300x225.jpg 300w, https:\/\/www.mecerreyes.com\/mece\/wp-content\/uploads\/2020\/09\/Mecerreyes-agosto-2020-Esculturas-visitadas-por-las-cuadrillas-6-768x576.jpg 768w, https:\/\/www.mecerreyes.com\/mece\/wp-content\/uploads\/2020\/09\/Mecerreyes-agosto-2020-Esculturas-visitadas-por-las-cuadrillas-6-1080x810.jpg 1080w, https:\/\/www.mecerreyes.com\/mece\/wp-content\/uploads\/2020\/09\/Mecerreyes-agosto-2020-Esculturas-visitadas-por-las-cuadrillas-6.jpg 1280w\" sizes=\"(max-width: 1024px) 100vw, 1024px\" \/><\/a><\/figure><\/li><li class=\"blocks-gallery-item\"><figure><a  href=\"http:\/\/www.mecerreyes.com\/mece\/wp-content\/uploads\/2020\/09\/Mecerreyes-agosto-2020-Esculturas-visitadas-por-las-cuadrillas-7.jpg\" class=\"thickbox no_icon\" title=\"\"><img loading=\"lazy\" decoding=\"async\" width=\"885\" height=\"530\" src=\"http:\/\/www.mecerreyes.com\/mece\/wp-content\/uploads\/2020\/09\/Mecerreyes-agosto-2020-Esculturas-visitadas-por-las-cuadrillas-7.jpg\" alt=\"\" data-id=\"20251\" data-full-url=\"http:\/\/www.mecerreyes.com\/mece\/wp-content\/uploads\/2020\/09\/Mecerreyes-agosto-2020-Esculturas-visitadas-por-las-cuadrillas-7.jpg\" data-link=\"http:\/\/www.mecerreyes.com\/mece\/?attachment_id=20251\" class=\"wp-image-20251\" srcset=\"https:\/\/www.mecerreyes.com\/mece\/wp-content\/uploads\/2020\/09\/Mecerreyes-agosto-2020-Esculturas-visitadas-por-las-cuadrillas-7.jpg 885w, https:\/\/www.mecerreyes.com\/mece\/wp-content\/uploads\/2020\/09\/Mecerreyes-agosto-2020-Esculturas-visitadas-por-las-cuadrillas-7-300x180.jpg 300w, https:\/\/www.mecerreyes.com\/mece\/wp-content\/uploads\/2020\/09\/Mecerreyes-agosto-2020-Esculturas-visitadas-por-las-cuadrillas-7-768x460.jpg 768w, https:\/\/www.mecerreyes.com\/mece\/wp-content\/uploads\/2020\/09\/Mecerreyes-agosto-2020-Esculturas-visitadas-por-las-cuadrillas-7-627x376.jpg 627w, https:\/\/www.mecerreyes.com\/mece\/wp-content\/uploads\/2020\/09\/Mecerreyes-agosto-2020-Esculturas-visitadas-por-las-cuadrillas-7-440x264.jpg 440w\" sizes=\"(max-width: 885px) 100vw, 885px\" \/><\/a><\/figure><\/li><li class=\"blocks-gallery-item\"><figure><a  href=\"http:\/\/www.mecerreyes.com\/mece\/wp-content\/uploads\/2020\/09\/Mecerreyes-agosto-2020-Esculturas-visitadas-por-las-cuadrillas-8.jpg\" class=\"thickbox no_icon\" title=\"\"><img loading=\"lazy\" decoding=\"async\" width=\"1024\" height=\"480\" src=\"http:\/\/www.mecerreyes.com\/mece\/wp-content\/uploads\/2020\/09\/Mecerreyes-agosto-2020-Esculturas-visitadas-por-las-cuadrillas-8-1024x480.jpg\" alt=\"\" data-id=\"20252\" data-full-url=\"http:\/\/www.mecerreyes.com\/mece\/wp-content\/uploads\/2020\/09\/Mecerreyes-agosto-2020-Esculturas-visitadas-por-las-cuadrillas-8.jpg\" data-link=\"http:\/\/www.mecerreyes.com\/mece\/?attachment_id=20252\" class=\"wp-image-20252\" srcset=\"https:\/\/www.mecerreyes.com\/mece\/wp-content\/uploads\/2020\/09\/Mecerreyes-agosto-2020-Esculturas-visitadas-por-las-cuadrillas-8-1024x480.jpg 1024w, https:\/\/www.mecerreyes.com\/mece\/wp-content\/uploads\/2020\/09\/Mecerreyes-agosto-2020-Esculturas-visitadas-por-las-cuadrillas-8-300x141.jpg 300w, https:\/\/www.mecerreyes.com\/mece\/wp-content\/uploads\/2020\/09\/Mecerreyes-agosto-2020-Esculturas-visitadas-por-las-cuadrillas-8-768x360.jpg 768w, https:\/\/www.mecerreyes.com\/mece\/wp-content\/uploads\/2020\/09\/Mecerreyes-agosto-2020-Esculturas-visitadas-por-las-cuadrillas-8-1080x506.jpg 1080w, https:\/\/www.mecerreyes.com\/mece\/wp-content\/uploads\/2020\/09\/Mecerreyes-agosto-2020-Esculturas-visitadas-por-las-cuadrillas-8.jpg 1280w\" sizes=\"(max-width: 1024px) 100vw, 1024px\" \/><\/a><\/figure><\/li><li class=\"blocks-gallery-item\"><figure><a  href=\"http:\/\/www.mecerreyes.com\/mece\/wp-content\/uploads\/2020\/09\/Mecerreyes-agosto-2020-Esculturas-visitadas-por-las-cuadrillas-9.jpg\" class=\"thickbox no_icon\" title=\"\"><img loading=\"lazy\" decoding=\"async\" width=\"960\" height=\"950\" src=\"http:\/\/www.mecerreyes.com\/mece\/wp-content\/uploads\/2020\/09\/Mecerreyes-agosto-2020-Esculturas-visitadas-por-las-cuadrillas-9.jpg\" alt=\"\" data-id=\"20253\" data-full-url=\"http:\/\/www.mecerreyes.com\/mece\/wp-content\/uploads\/2020\/09\/Mecerreyes-agosto-2020-Esculturas-visitadas-por-las-cuadrillas-9.jpg\" data-link=\"http:\/\/www.mecerreyes.com\/mece\/?attachment_id=20253\" class=\"wp-image-20253\" srcset=\"https:\/\/www.mecerreyes.com\/mece\/wp-content\/uploads\/2020\/09\/Mecerreyes-agosto-2020-Esculturas-visitadas-por-las-cuadrillas-9.jpg 960w, https:\/\/www.mecerreyes.com\/mece\/wp-content\/uploads\/2020\/09\/Mecerreyes-agosto-2020-Esculturas-visitadas-por-las-cuadrillas-9-300x297.jpg 300w, https:\/\/www.mecerreyes.com\/mece\/wp-content\/uploads\/2020\/09\/Mecerreyes-agosto-2020-Esculturas-visitadas-por-las-cuadrillas-9-768x760.jpg 768w\" sizes=\"(max-width: 960px) 100vw, 960px\" \/><\/a><\/figure><\/li><li class=\"blocks-gallery-item\"><figure><a  href=\"http:\/\/www.mecerreyes.com\/mece\/wp-content\/uploads\/2020\/09\/Mecerreyes-agosto-2020-Esculturas-visitadas-por-las-cuadrillas-10.jpg\" class=\"thickbox no_icon\" title=\"\"><img loading=\"lazy\" decoding=\"async\" width=\"960\" height=\"602\" src=\"http:\/\/www.mecerreyes.com\/mece\/wp-content\/uploads\/2020\/09\/Mecerreyes-agosto-2020-Esculturas-visitadas-por-las-cuadrillas-10.jpg\" alt=\"\" data-id=\"20254\" data-full-url=\"http:\/\/www.mecerreyes.com\/mece\/wp-content\/uploads\/2020\/09\/Mecerreyes-agosto-2020-Esculturas-visitadas-por-las-cuadrillas-10.jpg\" data-link=\"http:\/\/www.mecerreyes.com\/mece\/?attachment_id=20254\" class=\"wp-image-20254\" srcset=\"https:\/\/www.mecerreyes.com\/mece\/wp-content\/uploads\/2020\/09\/Mecerreyes-agosto-2020-Esculturas-visitadas-por-las-cuadrillas-10.jpg 960w, https:\/\/www.mecerreyes.com\/mece\/wp-content\/uploads\/2020\/09\/Mecerreyes-agosto-2020-Esculturas-visitadas-por-las-cuadrillas-10-300x188.jpg 300w, https:\/\/www.mecerreyes.com\/mece\/wp-content\/uploads\/2020\/09\/Mecerreyes-agosto-2020-Esculturas-visitadas-por-las-cuadrillas-10-768x482.jpg 768w, https:\/\/www.mecerreyes.com\/mece\/wp-content\/uploads\/2020\/09\/Mecerreyes-agosto-2020-Esculturas-visitadas-por-las-cuadrillas-10-400x250.jpg 400w\" sizes=\"(max-width: 960px) 100vw, 960px\" \/><\/a><\/figure><\/li><li class=\"blocks-gallery-item\"><figure><a  href=\"http:\/\/www.mecerreyes.com\/mece\/wp-content\/uploads\/2020\/09\/Mecerreyes-agosto-2020-Esculturas-visitadas-por-las-cuadrillas-11.jpg\" class=\"thickbox no_icon\" title=\"\"><img loading=\"lazy\" decoding=\"async\" width=\"1024\" height=\"547\" src=\"http:\/\/www.mecerreyes.com\/mece\/wp-content\/uploads\/2020\/09\/Mecerreyes-agosto-2020-Esculturas-visitadas-por-las-cuadrillas-11-1024x547.jpg\" alt=\"\" data-id=\"20255\" data-full-url=\"http:\/\/www.mecerreyes.com\/mece\/wp-content\/uploads\/2020\/09\/Mecerreyes-agosto-2020-Esculturas-visitadas-por-las-cuadrillas-11.jpg\" data-link=\"http:\/\/www.mecerreyes.com\/mece\/?attachment_id=20255\" class=\"wp-image-20255\" srcset=\"https:\/\/www.mecerreyes.com\/mece\/wp-content\/uploads\/2020\/09\/Mecerreyes-agosto-2020-Esculturas-visitadas-por-las-cuadrillas-11-1024x547.jpg 1024w, https:\/\/www.mecerreyes.com\/mece\/wp-content\/uploads\/2020\/09\/Mecerreyes-agosto-2020-Esculturas-visitadas-por-las-cuadrillas-11-300x160.jpg 300w, https:\/\/www.mecerreyes.com\/mece\/wp-content\/uploads\/2020\/09\/Mecerreyes-agosto-2020-Esculturas-visitadas-por-las-cuadrillas-11-768x410.jpg 768w, https:\/\/www.mecerreyes.com\/mece\/wp-content\/uploads\/2020\/09\/Mecerreyes-agosto-2020-Esculturas-visitadas-por-las-cuadrillas-11-1080x577.jpg 1080w, https:\/\/www.mecerreyes.com\/mece\/wp-content\/uploads\/2020\/09\/Mecerreyes-agosto-2020-Esculturas-visitadas-por-las-cuadrillas-11.jpg 1280w\" sizes=\"(max-width: 1024px) 100vw, 1024px\" \/><\/a><\/figure><\/li><\/ul><\/figure>\n\n\n\n<figure class=\"wp-block-image size-large\"><img loading=\"lazy\" decoding=\"async\" width=\"1024\" height=\"576\" src=\"http:\/\/www.mecerreyes.com\/mece\/wp-content\/uploads\/2020\/09\/Mecerreyes-agosto-2020-9-1024x576.jpg\" alt=\"\" class=\"wp-image-20281\" srcset=\"https:\/\/www.mecerreyes.com\/mece\/wp-content\/uploads\/2020\/09\/Mecerreyes-agosto-2020-9-1024x576.jpg 1024w, https:\/\/www.mecerreyes.com\/mece\/wp-content\/uploads\/2020\/09\/Mecerreyes-agosto-2020-9-300x169.jpg 300w, https:\/\/www.mecerreyes.com\/mece\/wp-content\/uploads\/2020\/09\/Mecerreyes-agosto-2020-9-768x432.jpg 768w, https:\/\/www.mecerreyes.com\/mece\/wp-content\/uploads\/2020\/09\/Mecerreyes-agosto-2020-9-1080x608.jpg 1080w, https:\/\/www.mecerreyes.com\/mece\/wp-content\/uploads\/2020\/09\/Mecerreyes-agosto-2020-9.jpg 1280w\" sizes=\"(max-width: 1024px) 100vw, 1024px\" \/><\/figure>\n\n\n\n<p><\/p>","protected":false},"excerpt":{"rendered":"<p>AGOSTO 2020 Termina el mes de agosto 2020 y toca contaros las cosas que salpicaron estos 31 d\u00edas at\u00edpicos para vecinos y visitantes. Normalizado el uso de la mascarilla, reuniones burbuja entre amigos y vecinos, distancia social en los actos religiosos y la cancelaci\u00f3n de las a\u00f1oradas fiestas parece que han mantenido a raya al [&hellip;]<\/p>\n","protected":false},"author":5,"featured_media":20288,"comment_status":"open","ping_status":"closed","sticky":false,"template":"","format":"standard","meta":{"_et_pb_use_builder":"","_et_pb_old_content":"","_et_gb_content_width":"","footnotes":""},"categories":[1],"tags":[21],"class_list":["post-20229","post","type-post","status-publish","format-standard","has-post-thumbnail","hentry","category-general","tag-guiletos","et-has-post-format-content","et_post_format-et-post-format-standard"],"_links":{"self":[{"href":"https:\/\/www.mecerreyes.com\/mece\/index.php?rest_route=\/wp\/v2\/posts\/20229"}],"collection":[{"href":"https:\/\/www.mecerreyes.com\/mece\/index.php?rest_route=\/wp\/v2\/posts"}],"about":[{"href":"https:\/\/www.mecerreyes.com\/mece\/index.php?rest_route=\/wp\/v2\/types\/post"}],"author":[{"embeddable":true,"href":"https:\/\/www.mecerreyes.com\/mece\/index.php?rest_route=\/wp\/v2\/users\/5"}],"replies":[{"embeddable":true,"href":"https:\/\/www.mecerreyes.com\/mece\/index.php?rest_route=%2Fwp%2Fv2%2Fcomments&post=20229"}],"version-history":[{"count":16,"href":"https:\/\/www.mecerreyes.com\/mece\/index.php?rest_route=\/wp\/v2\/posts\/20229\/revisions"}],"predecessor-version":[{"id":20291,"href":"https:\/\/www.mecerreyes.com\/mece\/index.php?rest_route=\/wp\/v2\/posts\/20229\/revisions\/20291"}],"wp:featuredmedia":[{"embeddable":true,"href":"https:\/\/www.mecerreyes.com\/mece\/index.php?rest_route=\/wp\/v2\/media\/20288"}],"wp:attachment":[{"href":"https:\/\/www.mecerreyes.com\/mece\/index.php?rest_route=%2Fwp%2Fv2%2Fmedia&parent=20229"}],"wp:term":[{"taxonomy":"category","embeddable":true,"href":"https:\/\/www.mecerreyes.com\/mece\/index.php?rest_route=%2Fwp%2Fv2%2Fcategories&post=20229"},{"taxonomy":"post_tag","embeddable":true,"href":"https:\/\/www.mecerreyes.com\/mece\/index.php?rest_route=%2Fwp%2Fv2%2Ftags&post=20229"}],"curies":[{"name":"wp","href":"https:\/\/api.w.org\/{rel}","templated":true}]}}