{"id":20266,"date":"2020-10-03T16:01:30","date_gmt":"2020-10-03T15:01:30","guid":{"rendered":"http:\/\/www.mecerreyes.com\/mece\/?p=20266"},"modified":"2020-11-06T20:58:13","modified_gmt":"2020-11-06T19:58:13","slug":"noticias-septiembre-2020","status":"publish","type":"post","link":"https:\/\/www.mecerreyes.com\/mece\/?p=20266","title":{"rendered":"Noticias Septiembre 2020"},"content":{"rendered":"<p><strong>SEPTIEMBRE 2020<\/strong><\/p>\n\n\n\n<figure class=\"wp-block-image size-large\"><img loading=\"lazy\" decoding=\"async\" width=\"1024\" height=\"313\" src=\"http:\/\/www.mecerreyes.com\/mece\/wp-content\/uploads\/2020\/04\/IMG-20200408-WA0005-1024x313.jpg\" alt=\"\" class=\"wp-image-20034\" srcset=\"https:\/\/www.mecerreyes.com\/mece\/wp-content\/uploads\/2020\/04\/IMG-20200408-WA0005-1024x313.jpg 1024w, https:\/\/www.mecerreyes.com\/mece\/wp-content\/uploads\/2020\/04\/IMG-20200408-WA0005-300x92.jpg 300w, https:\/\/www.mecerreyes.com\/mece\/wp-content\/uploads\/2020\/04\/IMG-20200408-WA0005-768x235.jpg 768w, https:\/\/www.mecerreyes.com\/mece\/wp-content\/uploads\/2020\/04\/IMG-20200408-WA0005-1536x469.jpg 1536w, https:\/\/www.mecerreyes.com\/mece\/wp-content\/uploads\/2020\/04\/IMG-20200408-WA0005-1080x330.jpg 1080w, https:\/\/www.mecerreyes.com\/mece\/wp-content\/uploads\/2020\/04\/IMG-20200408-WA0005.jpg 1794w\" sizes=\"(max-width: 1024px) 100vw, 1024px\" \/><\/figure>\n\n\n\n<p>El tiempo pasa deprisa, ya termina este noveno mes y el sentir de todos es que acabe pronto este 2020 para intentar retomar nuestras vidas y las actividades que le dan sentido.<\/p>\n\n\n\n<p>Ha terminado un mes sin romer\u00eda de Mamblas, sin la caldereta popular con la que desped\u00edamos el verano, el <a  href=\"https:\/\/www.mecerreyes.com\/mece\/?page_id=797\">Mes\u00f3n de Frutos<\/a> vuelve a estar cerrado, los chavales retoman sus clases y las reuniones burbuja en Mecerreyes de los fines de semana se antojan peligrosas.<\/p>\n\n\n\n<div class=\"wp-block-image\"><figure class=\"aligncenter size-large is-resized\"><img loading=\"lazy\" decoding=\"async\" src=\"http:\/\/www.mecerreyes.com\/mece\/wp-content\/uploads\/2020\/10\/Mamblas-en-el-recuerdo-1024x819.jpg\" alt=\"\" class=\"wp-image-20302\" width=\"429\" height=\"342\" srcset=\"https:\/\/www.mecerreyes.com\/mece\/wp-content\/uploads\/2020\/10\/Mamblas-en-el-recuerdo-1024x819.jpg 1024w, https:\/\/www.mecerreyes.com\/mece\/wp-content\/uploads\/2020\/10\/Mamblas-en-el-recuerdo-300x240.jpg 300w, https:\/\/www.mecerreyes.com\/mece\/wp-content\/uploads\/2020\/10\/Mamblas-en-el-recuerdo-768x614.jpg 768w, https:\/\/www.mecerreyes.com\/mece\/wp-content\/uploads\/2020\/10\/Mamblas-en-el-recuerdo-1080x864.jpg 1080w, https:\/\/www.mecerreyes.com\/mece\/wp-content\/uploads\/2020\/10\/Mamblas-en-el-recuerdo.jpg 1280w\" sizes=\"(max-width: 429px) 100vw, 429px\" \/><figcaption>Un recuerdo de Romer\u00eda &#8211; Otro a\u00f1o podr\u00e1 ser.<\/figcaption><\/figure><\/div>\n\n\n\n<p>No hay casos de Covid-19 y deseamos seguir protegiendo a los vecinos apelando a la responsabilidad individual.<\/p>\n\n\n\n<p>Damos la bienvenida a los nuevos empadronados, algunos de ellos con ni\u00f1os que han decidido vivir en el pueblo frenando as\u00ed la tendencia del despoblamiento rural, ver abiertas sus casas durante todo el a\u00f1o es una alegr\u00eda para Mecerreyes. <\/p>\n\n\n\n<div class=\"wp-block-image\"><figure class=\"aligncenter size-large is-resized\"><img loading=\"lazy\" decoding=\"async\" src=\"http:\/\/www.mecerreyes.com\/mece\/wp-content\/uploads\/2020\/10\/Mecerreyes-Septiembre-2020-4-1024x819.jpg\" alt=\"\" class=\"wp-image-20303\" width=\"379\" height=\"302\" srcset=\"https:\/\/www.mecerreyes.com\/mece\/wp-content\/uploads\/2020\/10\/Mecerreyes-Septiembre-2020-4-1024x819.jpg 1024w, https:\/\/www.mecerreyes.com\/mece\/wp-content\/uploads\/2020\/10\/Mecerreyes-Septiembre-2020-4-300x240.jpg 300w, https:\/\/www.mecerreyes.com\/mece\/wp-content\/uploads\/2020\/10\/Mecerreyes-Septiembre-2020-4-768x614.jpg 768w, https:\/\/www.mecerreyes.com\/mece\/wp-content\/uploads\/2020\/10\/Mecerreyes-Septiembre-2020-4-1080x864.jpg 1080w, https:\/\/www.mecerreyes.com\/mece\/wp-content\/uploads\/2020\/10\/Mecerreyes-Septiembre-2020-4.jpg 1280w\" sizes=\"(max-width: 379px) 100vw, 379px\" \/><\/figure><\/div>\n\n\n\n<p>Cerramos un mes con climatolog\u00eda propia del oto\u00f1o, la lluvia sum\u00f3 80 litros el fin de semana del ecuador del mes, y cumpliendo el refranero, el veranillo de San Miguel despidi\u00f3 septiembre. <\/p>\n\n\n\n<figure class=\"wp-block-gallery columns-2 is-cropped wp-block-gallery-1 is-layout-flex wp-block-gallery-is-layout-flex\"><ul class=\"blocks-gallery-grid\"><li class=\"blocks-gallery-item\"><figure><img loading=\"lazy\" decoding=\"async\" width=\"1024\" height=\"819\" src=\"http:\/\/www.mecerreyes.com\/mece\/wp-content\/uploads\/2020\/10\/Mecerreyes-Septiembre-2020-1-1024x819.jpg\" alt=\"\" data-id=\"20305\" data-link=\"http:\/\/www.mecerreyes.com\/mece\/?attachment_id=20305\" class=\"wp-image-20305\" srcset=\"https:\/\/www.mecerreyes.com\/mece\/wp-content\/uploads\/2020\/10\/Mecerreyes-Septiembre-2020-1-1024x819.jpg 1024w, https:\/\/www.mecerreyes.com\/mece\/wp-content\/uploads\/2020\/10\/Mecerreyes-Septiembre-2020-1-300x240.jpg 300w, https:\/\/www.mecerreyes.com\/mece\/wp-content\/uploads\/2020\/10\/Mecerreyes-Septiembre-2020-1-768x614.jpg 768w, https:\/\/www.mecerreyes.com\/mece\/wp-content\/uploads\/2020\/10\/Mecerreyes-Septiembre-2020-1-1080x864.jpg 1080w, https:\/\/www.mecerreyes.com\/mece\/wp-content\/uploads\/2020\/10\/Mecerreyes-Septiembre-2020-1.jpg 1280w\" sizes=\"(max-width: 1024px) 100vw, 1024px\" \/><\/figure><\/li><li class=\"blocks-gallery-item\"><figure><img loading=\"lazy\" decoding=\"async\" width=\"1024\" height=\"819\" src=\"http:\/\/www.mecerreyes.com\/mece\/wp-content\/uploads\/2020\/10\/Mecerreyes-Septiembre-2020-3-1024x819.jpg\" alt=\"\" data-id=\"20304\" data-link=\"http:\/\/www.mecerreyes.com\/mece\/?attachment_id=20304\" class=\"wp-image-20304\" srcset=\"https:\/\/www.mecerreyes.com\/mece\/wp-content\/uploads\/2020\/10\/Mecerreyes-Septiembre-2020-3-1024x819.jpg 1024w, https:\/\/www.mecerreyes.com\/mece\/wp-content\/uploads\/2020\/10\/Mecerreyes-Septiembre-2020-3-300x240.jpg 300w, https:\/\/www.mecerreyes.com\/mece\/wp-content\/uploads\/2020\/10\/Mecerreyes-Septiembre-2020-3-768x614.jpg 768w, https:\/\/www.mecerreyes.com\/mece\/wp-content\/uploads\/2020\/10\/Mecerreyes-Septiembre-2020-3-1080x864.jpg 1080w, https:\/\/www.mecerreyes.com\/mece\/wp-content\/uploads\/2020\/10\/Mecerreyes-Septiembre-2020-3.jpg 1280w\" sizes=\"(max-width: 1024px) 100vw, 1024px\" \/><\/figure><\/li><li class=\"blocks-gallery-item\"><figure><img loading=\"lazy\" decoding=\"async\" width=\"1024\" height=\"819\" src=\"http:\/\/www.mecerreyes.com\/mece\/wp-content\/uploads\/2020\/10\/Mecerreyes-Septiembre-2020-2-1024x819.jpg\" alt=\"\" data-id=\"20306\" data-link=\"http:\/\/www.mecerreyes.com\/mece\/?attachment_id=20306\" class=\"wp-image-20306\" srcset=\"https:\/\/www.mecerreyes.com\/mece\/wp-content\/uploads\/2020\/10\/Mecerreyes-Septiembre-2020-2-1024x819.jpg 1024w, https:\/\/www.mecerreyes.com\/mece\/wp-content\/uploads\/2020\/10\/Mecerreyes-Septiembre-2020-2-300x240.jpg 300w, https:\/\/www.mecerreyes.com\/mece\/wp-content\/uploads\/2020\/10\/Mecerreyes-Septiembre-2020-2-768x614.jpg 768w, https:\/\/www.mecerreyes.com\/mece\/wp-content\/uploads\/2020\/10\/Mecerreyes-Septiembre-2020-2-1080x864.jpg 1080w, https:\/\/www.mecerreyes.com\/mece\/wp-content\/uploads\/2020\/10\/Mecerreyes-Septiembre-2020-2.jpg 1280w\" sizes=\"(max-width: 1024px) 100vw, 1024px\" \/><\/figure><\/li><li class=\"blocks-gallery-item\"><figure><img loading=\"lazy\" decoding=\"async\" width=\"1024\" height=\"819\" src=\"http:\/\/www.mecerreyes.com\/mece\/wp-content\/uploads\/2020\/10\/Mecerreyes-Septiembre-2020-8-1024x819.jpg\" alt=\"\" data-id=\"20316\" data-full-url=\"http:\/\/www.mecerreyes.com\/mece\/wp-content\/uploads\/2020\/10\/Mecerreyes-Septiembre-2020-8.jpg\" data-link=\"http:\/\/www.mecerreyes.com\/mece\/?attachment_id=20316\" class=\"wp-image-20316\" srcset=\"https:\/\/www.mecerreyes.com\/mece\/wp-content\/uploads\/2020\/10\/Mecerreyes-Septiembre-2020-8-1024x819.jpg 1024w, https:\/\/www.mecerreyes.com\/mece\/wp-content\/uploads\/2020\/10\/Mecerreyes-Septiembre-2020-8-300x240.jpg 300w, https:\/\/www.mecerreyes.com\/mece\/wp-content\/uploads\/2020\/10\/Mecerreyes-Septiembre-2020-8-768x614.jpg 768w, https:\/\/www.mecerreyes.com\/mece\/wp-content\/uploads\/2020\/10\/Mecerreyes-Septiembre-2020-8-1080x864.jpg 1080w, https:\/\/www.mecerreyes.com\/mece\/wp-content\/uploads\/2020\/10\/Mecerreyes-Septiembre-2020-8.jpg 1280w\" sizes=\"(max-width: 1024px) 100vw, 1024px\" \/><\/figure><\/li><\/ul><\/figure>\n\n\n\n<p style=\"font-size:22px\" class=\"has-background has-luminous-vivid-amber-background-color\"><strong>EFEM\u00c9RIDES<\/strong><\/p>\n\n\n\n<div class=\"wp-block-group\"><div class=\"wp-block-group__inner-container is-layout-flow wp-block-group-is-layout-flow\">\n<ul class=\"wp-block-list\"><li>El 5, D\u00eda Internacional de la Beneficencia.<\/li><li>El 8, D\u00eda Internacional de la Alfabetizaci\u00f3n.<\/li><li>El 9, D\u00eda Mundial de la Agricultura.<\/li><li>El 21, D\u00eda Internacional de la Paz.<\/li><li>El 27, D\u00eda de la Conciencia Ambiental.<\/li><li>El 29, D\u00eda Internacional de Concienciaci\u00f3n sobre la P\u00e9rdida y el Desperdicio de Alimentos.<\/li><\/ul>\n<\/div><\/div>\n\n\n\n<figure class=\"wp-block-image size-large\"><img loading=\"lazy\" decoding=\"async\" width=\"1024\" height=\"819\" src=\"http:\/\/www.mecerreyes.com\/mece\/wp-content\/uploads\/2020\/10\/Mecerreyes-Septiembre-2020-7-1024x819.jpg\" alt=\"\" class=\"wp-image-20307\" srcset=\"https:\/\/www.mecerreyes.com\/mece\/wp-content\/uploads\/2020\/10\/Mecerreyes-Septiembre-2020-7-1024x819.jpg 1024w, https:\/\/www.mecerreyes.com\/mece\/wp-content\/uploads\/2020\/10\/Mecerreyes-Septiembre-2020-7-300x240.jpg 300w, https:\/\/www.mecerreyes.com\/mece\/wp-content\/uploads\/2020\/10\/Mecerreyes-Septiembre-2020-7-768x614.jpg 768w, https:\/\/www.mecerreyes.com\/mece\/wp-content\/uploads\/2020\/10\/Mecerreyes-Septiembre-2020-7-1080x864.jpg 1080w, https:\/\/www.mecerreyes.com\/mece\/wp-content\/uploads\/2020\/10\/Mecerreyes-Septiembre-2020-7.jpg 1280w\" sizes=\"(max-width: 1024px) 100vw, 1024px\" \/><\/figure>\n\n\n\n<p style=\"font-size:22px\" class=\"has-background has-luminous-vivid-amber-background-color\"><strong>DEFUNCI\u00d3N<\/strong><\/p>\n\n\n\n<p><strong>ALBERTO ALONSO<\/strong> nos dej\u00f3 el d\u00eda 17 a los 86 a\u00f1os de edad.<\/p>\n\n\n\n<p>Que el Se\u00f1or le tenga en su gloria y llene de consuelo y esperanza a todos los que conocimos a Alberto, especialmente a sus familiares, quienes hubieran deseado acompa\u00f1ar presencialmente en sus \u00faltimos momentos a este valiente acostumbrado a afrontar las adversidades del camino de la discapacidad. &nbsp;<\/p>\n\n\n\n<div class=\"wp-block-media-text alignwide has-background has-cyan-bluish-gray-background-color is-stacked-on-mobile\"><figure class=\"wp-block-media-text__media\"><img loading=\"lazy\" decoding=\"async\" width=\"784\" height=\"1020\" src=\"http:\/\/www.mecerreyes.com\/mece\/wp-content\/uploads\/2020\/10\/Torre-iglesia-Mecerreyes-2.jpg\" alt=\"\" class=\"wp-image-20299\" srcset=\"https:\/\/www.mecerreyes.com\/mece\/wp-content\/uploads\/2020\/10\/Torre-iglesia-Mecerreyes-2.jpg 784w, https:\/\/www.mecerreyes.com\/mece\/wp-content\/uploads\/2020\/10\/Torre-iglesia-Mecerreyes-2-231x300.jpg 231w, https:\/\/www.mecerreyes.com\/mece\/wp-content\/uploads\/2020\/10\/Torre-iglesia-Mecerreyes-2-768x999.jpg 768w\" sizes=\"(max-width: 784px) 100vw, 784px\" \/><\/figure><div class=\"wp-block-media-text__content\">\n<p style=\"font-size:30px\" class=\"has-text-align-center\"><strong>ALBERTO ALONSO<\/strong><\/p>\n\n\n\n<p>Falleci\u00f3 en Madrid el d\u00eda 17 de septiembre, a los 86 a\u00f1os de edad.<\/p>\n\n\n\n<p>Hermanos: Celicio (+) Alejandra y Carmen.<\/p>\n\n\n\n<p style=\"font-size:24px\" class=\"has-text-align-center\"><strong>D.E.P.<\/strong><\/p>\n<\/div><\/div>\n\n\n\n<div style=\"height:36px\" aria-hidden=\"true\" class=\"wp-block-spacer\"><\/div>\n\n\n\n<p style=\"font-size:22px\" class=\"has-background has-luminous-vivid-amber-background-color\"><strong>LA CAIXA INFORMA<\/strong><\/p>\n\n\n\n<p>El primer mi\u00e9rcoles de cada mes y desde el mes de octubre 2020, LA CAIXA har\u00e1 llegar a Mecerreyes un veh\u00edculo con un terminal que permitir\u00e1 realizar las operaciones propias de un cajero autom\u00e1tico.<\/p>\n\n\n\n<figure class=\"wp-block-image size-large\"><img loading=\"lazy\" decoding=\"async\" width=\"1024\" height=\"446\" src=\"http:\/\/www.mecerreyes.com\/mece\/wp-content\/uploads\/2020\/10\/Bus-Caixa-Mecerreyes-2-09-2020-1024x446.jpg\" alt=\"\" class=\"wp-image-20293\" srcset=\"https:\/\/www.mecerreyes.com\/mece\/wp-content\/uploads\/2020\/10\/Bus-Caixa-Mecerreyes-2-09-2020-1024x446.jpg 1024w, https:\/\/www.mecerreyes.com\/mece\/wp-content\/uploads\/2020\/10\/Bus-Caixa-Mecerreyes-2-09-2020-300x131.jpg 300w, https:\/\/www.mecerreyes.com\/mece\/wp-content\/uploads\/2020\/10\/Bus-Caixa-Mecerreyes-2-09-2020-768x334.jpg 768w, https:\/\/www.mecerreyes.com\/mece\/wp-content\/uploads\/2020\/10\/Bus-Caixa-Mecerreyes-2-09-2020-1080x470.jpg 1080w, https:\/\/www.mecerreyes.com\/mece\/wp-content\/uploads\/2020\/10\/Bus-Caixa-Mecerreyes-2-09-2020.jpg 1417w\" sizes=\"(max-width: 1024px) 100vw, 1024px\" \/><\/figure>\n\n\n\n<p style=\"font-size:22px\" class=\"has-background has-luminous-vivid-amber-background-color\"><strong>FIBRA \u00d3PTICA<\/strong><\/p>\n\n\n\n<p>Durante el verano se ha venido trabajando en el margen izquierdo de la carretera direcci\u00f3n a Covarrubias con el fin de canalizar y hacer llegar la fibra \u00f3ptica a Covarrubias, desde el <a  href=\"https:\/\/www.mecerreyes.com\/mece\/?page_id=24\">Ayuntamiento<\/a> de Mecerreyes nos informan que aproximadamente en nueve meses podremos disfrutar en nuestro pueblo de este servicio. <\/p>\n\n\n\n<figure class=\"wp-block-image\"><img loading=\"lazy\" decoding=\"async\" width=\"1024\" height=\"576\" src=\"http:\/\/www.mecerreyes.com\/mece\/wp-content\/uploads\/2020\/10\/Mecerreyes-zanja-para-la-fibra-\u00f3ptica-sept-2020-1024x576.jpg\" alt=\"\" class=\"wp-image-20308\" srcset=\"https:\/\/www.mecerreyes.com\/mece\/wp-content\/uploads\/2020\/10\/Mecerreyes-zanja-para-la-fibra-\u00f3ptica-sept-2020-1024x576.jpg 1024w, https:\/\/www.mecerreyes.com\/mece\/wp-content\/uploads\/2020\/10\/Mecerreyes-zanja-para-la-fibra-\u00f3ptica-sept-2020-300x169.jpg 300w, https:\/\/www.mecerreyes.com\/mece\/wp-content\/uploads\/2020\/10\/Mecerreyes-zanja-para-la-fibra-\u00f3ptica-sept-2020-768x432.jpg 768w, https:\/\/www.mecerreyes.com\/mece\/wp-content\/uploads\/2020\/10\/Mecerreyes-zanja-para-la-fibra-\u00f3ptica-sept-2020-1080x608.jpg 1080w, https:\/\/www.mecerreyes.com\/mece\/wp-content\/uploads\/2020\/10\/Mecerreyes-zanja-para-la-fibra-\u00f3ptica-sept-2020.jpg 1280w\" sizes=\"(max-width: 1024px) 100vw, 1024px\" \/><\/figure>\n\n\n\n<p style=\"font-size:22px\" class=\"has-background has-luminous-vivid-amber-background-color\"><strong>ARREGLO DE CALLES<\/strong><\/p>\n\n\n\n<p><\/p>\n\n\n\n<p>La ejecuci\u00f3n de las obras del corral frente a la Plaza Mayor empezar\u00e1 el 5 de octubre, un nuevo empuje al acicalamiento y mejoras del pueblo para disfrute de todos. <\/p>\n\n\n\n<figure class=\"wp-block-image size-large\"><img loading=\"lazy\" decoding=\"async\" width=\"1024\" height=\"682\" src=\"http:\/\/www.mecerreyes.com\/mece\/wp-content\/uploads\/2020\/10\/Mecerreyes-obras-1024x682.jpg\" alt=\"\" class=\"wp-image-20326\" srcset=\"https:\/\/www.mecerreyes.com\/mece\/wp-content\/uploads\/2020\/10\/Mecerreyes-obras-1024x682.jpg 1024w, https:\/\/www.mecerreyes.com\/mece\/wp-content\/uploads\/2020\/10\/Mecerreyes-obras-300x200.jpg 300w, https:\/\/www.mecerreyes.com\/mece\/wp-content\/uploads\/2020\/10\/Mecerreyes-obras-768x512.jpg 768w, https:\/\/www.mecerreyes.com\/mece\/wp-content\/uploads\/2020\/10\/Mecerreyes-obras-1080x720.jpg 1080w, https:\/\/www.mecerreyes.com\/mece\/wp-content\/uploads\/2020\/10\/Mecerreyes-obras.jpg 1280w\" sizes=\"(max-width: 1024px) 100vw, 1024px\" \/><\/figure>\n\n\n\n<p><\/p>\n\n\n\n<p style=\"font-size:22px\" class=\"has-background has-luminous-vivid-amber-background-color\"><strong>RECORTE DE PRENSA<\/strong><\/p>\n\n\n\n<p>Diario de Burgos recoge este mes una nueva entrevista a \u00c1ngel Gil con el fin de dar a conocer a sus lectores las dos nuevas incorporaciones escult\u00f3ricas.<\/p>\n\n\n\n<p>Reconocer a los verdaderos protagonistas guiletos que con su oficio y sacrificio forjaron el ser de nuestro pueblo, esta vez les toca el turno a los afamados carreteros y al trabajo duro de hombres y mujeres simbolizado en una gran mano. <\/p>\n\n\n\n<figure class=\"wp-block-image size-large\"><img loading=\"lazy\" decoding=\"async\" width=\"833\" height=\"1024\" src=\"http:\/\/www.mecerreyes.com\/mece\/wp-content\/uploads\/2020\/10\/Esculturas-Angel-Gil-Mecerreyes-Diario-de-Burgos-8-09-2020-a-833x1024.jpg\" alt=\"\" class=\"wp-image-20294\" srcset=\"https:\/\/www.mecerreyes.com\/mece\/wp-content\/uploads\/2020\/10\/Esculturas-Angel-Gil-Mecerreyes-Diario-de-Burgos-8-09-2020-a-833x1024.jpg 833w, https:\/\/www.mecerreyes.com\/mece\/wp-content\/uploads\/2020\/10\/Esculturas-Angel-Gil-Mecerreyes-Diario-de-Burgos-8-09-2020-a-244x300.jpg 244w, https:\/\/www.mecerreyes.com\/mece\/wp-content\/uploads\/2020\/10\/Esculturas-Angel-Gil-Mecerreyes-Diario-de-Burgos-8-09-2020-a-768x944.jpg 768w, https:\/\/www.mecerreyes.com\/mece\/wp-content\/uploads\/2020\/10\/Esculturas-Angel-Gil-Mecerreyes-Diario-de-Burgos-8-09-2020-a.jpg 1079w\" sizes=\"(max-width: 833px) 100vw, 833px\" \/><\/figure>\n\n\n\n<p>Pasear por las arregladas calles de Mecerreyes, disfrutar del museo al aire libre que cuenta con 11 esculturas de gran formato, evocar el pasado y trasmitir lo que significa cada una de ellas ser\u00e1 m\u00e1s f\u00e1cil cuando en breve se implemente su descripci\u00f3n mediante una aplicaci\u00f3n de m\u00f3vil.<\/p>\n\n\n\n<p><em><span class=\"has-inline-color has-vivid-cyan-blue-color\">Enlace de la noticia:<\/span><\/em><\/p>\n\n\n\n<p><a  href=\"https:\/\/www.diariodeburgos.es\/Noticia\/ZAE1A3C0A-DA82-C1DA-1D54964A216C5DEC\/202009\/La-mano-herida-del-abuelo-guileto\" target=\"_blank\" rel=\"noreferrer noopener\">https:\/\/www.diariodeburgos.es\/Noticia\/ZAE1A3C0A-DA82-C1DA-1D54964A216C5DEC\/202009\/La-mano-herida-del-abuelo-guileto<\/a><\/p>\n\n\n\n<figure class=\"wp-block-image size-large\"><img loading=\"lazy\" decoding=\"async\" width=\"819\" height=\"1024\" src=\"http:\/\/www.mecerreyes.com\/mece\/wp-content\/uploads\/2020\/10\/Mecerreyes-escultural-\u00c1ngel-Gil-Cuevas-819x1024.jpg\" alt=\"\" class=\"wp-image-20311\" srcset=\"https:\/\/www.mecerreyes.com\/mece\/wp-content\/uploads\/2020\/10\/Mecerreyes-escultural-\u00c1ngel-Gil-Cuevas-819x1024.jpg 819w, https:\/\/www.mecerreyes.com\/mece\/wp-content\/uploads\/2020\/10\/Mecerreyes-escultural-\u00c1ngel-Gil-Cuevas-240x300.jpg 240w, https:\/\/www.mecerreyes.com\/mece\/wp-content\/uploads\/2020\/10\/Mecerreyes-escultural-\u00c1ngel-Gil-Cuevas-768x960.jpg 768w, https:\/\/www.mecerreyes.com\/mece\/wp-content\/uploads\/2020\/10\/Mecerreyes-escultural-\u00c1ngel-Gil-Cuevas.jpg 1024w\" sizes=\"(max-width: 819px) 100vw, 819px\" \/><\/figure>\n\n\n\n<p><span class=\"has-inline-color has-vivid-cyan-blue-color\">Puedes seguir la ruta de las esculturas, a trav\u00e9s de este enlace (y compartir el enlace entre tus amigos y conocidos):<\/span><\/p>\n\n\n\n<p><a  href=\"https:\/\/es.wikiloc.com\/rutas-a-pie\/mecerreyes-57157417\" target=\"_blank\" rel=\"noreferrer noopener\">https:\/\/es.wikiloc.com\/rutas-a-pie\/mecerreyes-57157417<\/a><\/p>\n\n\n\n<p style=\"font-size:22px\" class=\"has-background has-luminous-vivid-amber-background-color\"><strong>Poes\u00eda&nbsp; \u201cLas 4 estaciones\u201d, por Boni Vicario<\/strong><\/p>\n\n\n\n<figure class=\"wp-block-image size-large\"><img loading=\"lazy\" decoding=\"async\" width=\"686\" height=\"1024\" src=\"http:\/\/www.mecerreyes.com\/mece\/wp-content\/uploads\/2020\/10\/photo_2020-10-02_14-58-08-686x1024.jpg\" alt=\"\" class=\"wp-image-20295\" srcset=\"https:\/\/www.mecerreyes.com\/mece\/wp-content\/uploads\/2020\/10\/photo_2020-10-02_14-58-08-686x1024.jpg 686w, https:\/\/www.mecerreyes.com\/mece\/wp-content\/uploads\/2020\/10\/photo_2020-10-02_14-58-08-201x300.jpg 201w, https:\/\/www.mecerreyes.com\/mece\/wp-content\/uploads\/2020\/10\/photo_2020-10-02_14-58-08-768x1147.jpg 768w, https:\/\/www.mecerreyes.com\/mece\/wp-content\/uploads\/2020\/10\/photo_2020-10-02_14-58-08.jpg 857w\" sizes=\"(max-width: 686px) 100vw, 686px\" \/><\/figure>\n\n\n\n<figure class=\"wp-block-image size-large\"><img loading=\"lazy\" decoding=\"async\" width=\"800\" height=\"493\" src=\"http:\/\/www.mecerreyes.com\/mece\/wp-content\/uploads\/2016\/09\/Inauguraci\u00f3n-burrito-escultura-obra-de-\u00c1ngel-Gil-Mecerreyes-2016-2.jpg\" alt=\"\" class=\"wp-image-13542\" srcset=\"https:\/\/www.mecerreyes.com\/mece\/wp-content\/uploads\/2016\/09\/Inauguraci\u00f3n-burrito-escultura-obra-de-\u00c1ngel-Gil-Mecerreyes-2016-2.jpg 800w, https:\/\/www.mecerreyes.com\/mece\/wp-content\/uploads\/2016\/09\/Inauguraci\u00f3n-burrito-escultura-obra-de-\u00c1ngel-Gil-Mecerreyes-2016-2-300x185.jpg 300w, https:\/\/www.mecerreyes.com\/mece\/wp-content\/uploads\/2016\/09\/Inauguraci\u00f3n-burrito-escultura-obra-de-\u00c1ngel-Gil-Mecerreyes-2016-2-768x473.jpg 768w\" sizes=\"(max-width: 800px) 100vw, 800px\" \/><\/figure>\n\n\n\n<p style=\"font-size:22px\" class=\"has-background has-luminous-vivid-amber-background-color\"><strong>REFRANERO<\/strong><\/p>\n\n\n\n<ul class=\"wp-block-list\"><li><strong><em>El verano de San Miguel faltar\u00e1 muy rara vez.<\/em><\/strong><\/li><li><strong><em>Por febrero y septiembre a las seis anochece y a las seis amanece.<\/em><\/strong><\/li><li><strong><em>Septiembre es bueno, si de primero al treinta pasa sereno.<\/em><\/strong><\/li><li><strong><em>Si en Septiembre comienza a llover, oto\u00f1o seguro es.<\/em><\/strong><\/li><\/ul>\n\n\n\n<p><\/p>\n\n\n\n<figure class=\"wp-block-gallery columns-2 is-cropped wp-block-gallery-2 is-layout-flex wp-block-gallery-is-layout-flex\"><ul class=\"blocks-gallery-grid\"><li class=\"blocks-gallery-item\"><figure><img loading=\"lazy\" decoding=\"async\" width=\"1024\" height=\"819\" src=\"http:\/\/www.mecerreyes.com\/mece\/wp-content\/uploads\/2020\/10\/Mecerreyes-Septiembre-2020-5-1024x819.jpg\" alt=\"\" data-id=\"20315\" data-full-url=\"http:\/\/www.mecerreyes.com\/mece\/wp-content\/uploads\/2020\/10\/Mecerreyes-Septiembre-2020-5.jpg\" data-link=\"http:\/\/www.mecerreyes.com\/mece\/?attachment_id=20315\" class=\"wp-image-20315\" srcset=\"https:\/\/www.mecerreyes.com\/mece\/wp-content\/uploads\/2020\/10\/Mecerreyes-Septiembre-2020-5-1024x819.jpg 1024w, https:\/\/www.mecerreyes.com\/mece\/wp-content\/uploads\/2020\/10\/Mecerreyes-Septiembre-2020-5-300x240.jpg 300w, https:\/\/www.mecerreyes.com\/mece\/wp-content\/uploads\/2020\/10\/Mecerreyes-Septiembre-2020-5-768x614.jpg 768w, https:\/\/www.mecerreyes.com\/mece\/wp-content\/uploads\/2020\/10\/Mecerreyes-Septiembre-2020-5-1080x864.jpg 1080w, https:\/\/www.mecerreyes.com\/mece\/wp-content\/uploads\/2020\/10\/Mecerreyes-Septiembre-2020-5.jpg 1280w\" sizes=\"(max-width: 1024px) 100vw, 1024px\" \/><\/figure><\/li><li class=\"blocks-gallery-item\"><figure><img loading=\"lazy\" decoding=\"async\" width=\"1024\" height=\"819\" src=\"http:\/\/www.mecerreyes.com\/mece\/wp-content\/uploads\/2020\/10\/Mecerreyes-Septiembre-2020-9-1024x819.jpg\" alt=\"\" data-id=\"20314\" data-full-url=\"http:\/\/www.mecerreyes.com\/mece\/wp-content\/uploads\/2020\/10\/Mecerreyes-Septiembre-2020-9.jpg\" data-link=\"http:\/\/www.mecerreyes.com\/mece\/?attachment_id=20314\" class=\"wp-image-20314\" srcset=\"https:\/\/www.mecerreyes.com\/mece\/wp-content\/uploads\/2020\/10\/Mecerreyes-Septiembre-2020-9-1024x819.jpg 1024w, https:\/\/www.mecerreyes.com\/mece\/wp-content\/uploads\/2020\/10\/Mecerreyes-Septiembre-2020-9-300x240.jpg 300w, https:\/\/www.mecerreyes.com\/mece\/wp-content\/uploads\/2020\/10\/Mecerreyes-Septiembre-2020-9-768x614.jpg 768w, https:\/\/www.mecerreyes.com\/mece\/wp-content\/uploads\/2020\/10\/Mecerreyes-Septiembre-2020-9-1080x864.jpg 1080w, https:\/\/www.mecerreyes.com\/mece\/wp-content\/uploads\/2020\/10\/Mecerreyes-Septiembre-2020-9.jpg 1280w\" sizes=\"(max-width: 1024px) 100vw, 1024px\" \/><\/figure><\/li><li class=\"blocks-gallery-item\"><figure><img loading=\"lazy\" decoding=\"async\" width=\"1024\" height=\"819\" src=\"http:\/\/www.mecerreyes.com\/mece\/wp-content\/uploads\/2020\/10\/Mecerreyes-Septiembre-2020-6-1024x819.jpg\" alt=\"\" data-id=\"20312\" class=\"wp-image-20312\" srcset=\"https:\/\/www.mecerreyes.com\/mece\/wp-content\/uploads\/2020\/10\/Mecerreyes-Septiembre-2020-6-1024x819.jpg 1024w, https:\/\/www.mecerreyes.com\/mece\/wp-content\/uploads\/2020\/10\/Mecerreyes-Septiembre-2020-6-300x240.jpg 300w, https:\/\/www.mecerreyes.com\/mece\/wp-content\/uploads\/2020\/10\/Mecerreyes-Septiembre-2020-6-768x614.jpg 768w, https:\/\/www.mecerreyes.com\/mece\/wp-content\/uploads\/2020\/10\/Mecerreyes-Septiembre-2020-6-1080x864.jpg 1080w, https:\/\/www.mecerreyes.com\/mece\/wp-content\/uploads\/2020\/10\/Mecerreyes-Septiembre-2020-6.jpg 1280w\" sizes=\"(max-width: 1024px) 100vw, 1024px\" \/><\/figure><\/li><\/ul><\/figure>\n\n\n\n<p><\/p>","protected":false},"excerpt":{"rendered":"<p>SEPTIEMBRE 2020 El tiempo pasa deprisa, ya termina este noveno mes y el sentir de todos es que acabe pronto este 2020 para intentar retomar nuestras vidas y las actividades que le dan sentido. Ha terminado un mes sin romer\u00eda de Mamblas, sin la caldereta popular con la que desped\u00edamos el verano, el Mes\u00f3n de [&hellip;]<\/p>\n","protected":false},"author":5,"featured_media":20316,"comment_status":"open","ping_status":"closed","sticky":false,"template":"","format":"standard","meta":{"_et_pb_use_builder":"","_et_pb_old_content":"","_et_gb_content_width":"","footnotes":""},"categories":[1],"tags":[],"class_list":["post-20266","post","type-post","status-publish","format-standard","has-post-thumbnail","hentry","category-general","et-has-post-format-content","et_post_format-et-post-format-standard"],"_links":{"self":[{"href":"https:\/\/www.mecerreyes.com\/mece\/index.php?rest_route=\/wp\/v2\/posts\/20266"}],"collection":[{"href":"https:\/\/www.mecerreyes.com\/mece\/index.php?rest_route=\/wp\/v2\/posts"}],"about":[{"href":"https:\/\/www.mecerreyes.com\/mece\/index.php?rest_route=\/wp\/v2\/types\/post"}],"author":[{"embeddable":true,"href":"https:\/\/www.mecerreyes.com\/mece\/index.php?rest_route=\/wp\/v2\/users\/5"}],"replies":[{"embeddable":true,"href":"https:\/\/www.mecerreyes.com\/mece\/index.php?rest_route=%2Fwp%2Fv2%2Fcomments&post=20266"}],"version-history":[{"count":18,"href":"https:\/\/www.mecerreyes.com\/mece\/index.php?rest_route=\/wp\/v2\/posts\/20266\/revisions"}],"predecessor-version":[{"id":20329,"href":"https:\/\/www.mecerreyes.com\/mece\/index.php?rest_route=\/wp\/v2\/posts\/20266\/revisions\/20329"}],"wp:featuredmedia":[{"embeddable":true,"href":"https:\/\/www.mecerreyes.com\/mece\/index.php?rest_route=\/wp\/v2\/media\/20316"}],"wp:attachment":[{"href":"https:\/\/www.mecerreyes.com\/mece\/index.php?rest_route=%2Fwp%2Fv2%2Fmedia&parent=20266"}],"wp:term":[{"taxonomy":"category","embeddable":true,"href":"https:\/\/www.mecerreyes.com\/mece\/index.php?rest_route=%2Fwp%2Fv2%2Fcategories&post=20266"},{"taxonomy":"post_tag","embeddable":true,"href":"https:\/\/www.mecerreyes.com\/mece\/index.php?rest_route=%2Fwp%2Fv2%2Ftags&post=20266"}],"curies":[{"name":"wp","href":"https:\/\/api.w.org\/{rel}","templated":true}]}}