{"id":20468,"date":"2020-12-15T00:21:57","date_gmt":"2020-12-14T23:21:57","guid":{"rendered":"http:\/\/www.mecerreyes.com\/mece\/?p=20468"},"modified":"2020-12-15T08:31:57","modified_gmt":"2020-12-15T07:31:57","slug":"recogida-de-firmas-para-la-reapertura-de-los-centros-de-salud-rurales","status":"publish","type":"post","link":"https:\/\/www.mecerreyes.com\/mece\/?p=20468","title":{"rendered":"RECOGIDA DE FIRMAS PARA LA REAPERTURA DE LOS CENTROS DE SALUD RURALES"},"content":{"rendered":"<p><strong>PETICI\u00d3N DE REAPERTURA DE LOS CENTROS DE SALUD RURALES<\/strong><\/p>\n\n\n\n<p>Son muchas las <a  href=\"https:\/\/www.mecerreyes.com\/mece\/?page_id=265\">asociaciones<\/a>, fundaciones, organizaciones y municipios activos en causa com\u00fan, evitar la despoblaci\u00f3n fomentando la vida cultural de sus comarcas.<\/p>\n\n\n\n<p>Museos, vino y gastronom\u00eda, tradiciones, rutas de senderismo, arte, etc., se ponen en valor para evitar formar parte de la Espa\u00f1a vaciada.<\/p>\n\n\n\n<p>Fijar poblaci\u00f3n manteniendo <a  href=\"https:\/\/www.mecerreyes.com\/mece\/?page_id=41\">servicios<\/a>, facilitar el uso de las nuevas tecnolog\u00edas y proteger a los que han decidido seguir viviendo o retornar al pueblo, es una m\u00e1xima para todos.<\/p>\n\n\n\n<p style=\"font-size:24px\" class=\"has-background has-pale-cyan-blue-background-color\"><strong>ARL\u00c1NZATE<\/strong>, como <strong>plataforma por el desarrollo y puesta en valor del Medio Rural<\/strong> propone una recogida de firmas para que reabran los Centros de Salud Rurales, reivindicando el derecho a una sanidad p\u00fablica en igualdad de condiciones para todos los ciudadanos que tienen derecho a este servicio b\u00e1sico.<\/p>\n\n\n\n<p style=\"font-size:22px\" class=\"has-background has-pale-cyan-blue-background-color\"><strong>Una recogida de firmas masiva dirigida desde cada <a  href=\"https:\/\/www.mecerreyes.com\/mece\/?page_id=2\">municipio<\/a> al Procurador de lo Com\u00fan de la Consejer\u00eda de la Sanidad de la Junta de Castilla y Le\u00f3n, para hacer valer el derecho a la Sanidad P\u00fablica, sin ning\u00fan inter\u00e9s pol\u00edtico.<\/strong><\/p>\n\n\n\n<p style=\"font-size:22px\" class=\"has-background has-luminous-vivid-amber-background-color\"><strong>\u00bfC\u00d3MO PARTICIPAR?<\/strong><\/p>\n\n\n\n<p>Las personas que deseen en <strong>firmar<\/strong> dicha solicitud independientemente de que <strong>est\u00e9n o no empadronadas en Mecerreyes<\/strong> deber\u00e1n <strong>imprimir el documento adjunto que puedes descargar aqu\u00ed, rellenar (Nombre, apellidos y DNI), firmar y <\/strong>&nbsp;entregar en Mecerreyes antes del 27 de diciembre de 2020.<\/p>\n\n\n\n<p>O enviar la hoja firmada a: <a  href=\"mailto:acmecerreyes@gmail.com\">acmecerreyes@gmail.com<\/a><\/p>\n\n\n\n<p>Incluso foto por WhatsApp a cualquiera de los miembros de la Asociaci\u00f3n cultural Mecerreyes o trav\u00e9s de alg\u00fan conocido que nos lo haga llegar.<\/p>\n\n\n\n<p>Este es el documento a firmar:<\/p>\n\n\n\n<hr class=\"wp-block-separator\"\/>\n\n\n\n<div class=\"wp-block-file\"><a  href=\"http:\/\/www.mecerreyes.com\/mece\/?attachment_id=20469\" target=\"_blank\" rel=\"noreferrer noopener\"><strong><span style=\"color:#362ec0\" class=\"has-inline-color\">REAPERTURA-DE-LOS-CENTROS-DE-SALUD-RURALES-Mecerreyes-2020<\/span><\/strong><\/a><a  href=\"http:\/\/www.mecerreyes.com\/mece\/wp-content\/uploads\/2020\/12\/REAPERTURA-DE-LOS-CENTROS-DE-SALUD-RURALES-Mecerreyes-2020.pdf\" class=\"wp-block-file__button\" 0=\"download\">Descarga<\/a><\/div>\n\n\n\n<hr class=\"wp-block-separator\"\/>\n\n\n\n<p><strong>Las <a  href=\"https:\/\/www.mecerreyes.com\/mece\/?page_id=265\">asociaciones<\/a> culturales del Arlanza har\u00e1n la entrega conjunta el d\u00eda 29 de diciembre a las 12 del mediod\u00eda en el registro de la Junta de Castilla y Le\u00f3n.<\/strong><\/p>\n\n\n\n<p class=\"has-text-color has-background has-very-light-gray-color has-vivid-purple-background-color\"><strong>INTENTA HACERNOS LLEGAR LA HOJA CON TU FIRMA Y TODAS LAS QUE PUEDAS CONSEGUIR DE LA FAMILIA O AMIGOS, ADEM\u00c1S DE LAS PERSONAS QUE VIVEN DIARIAMENTE EN MECERREYES; CUANDO VENIMOS DE VACACIONES TAMBI\u00c9N NOS GUSTA QUE EL M\u00c9DICO SE \u00a0ACERQUE HASTA MECERREYES Y NOS PUEDA ATENDER EN CASO DE NECESIDAD.<\/strong><\/p>\n\n\n\n<figure class=\"wp-block-image size-large\"><img loading=\"lazy\" decoding=\"async\" width=\"571\" height=\"817\" src=\"http:\/\/www.mecerreyes.com\/mece\/wp-content\/uploads\/2020\/12\/Reapertura-de-los-Centros-de-Salud-Rurales.jpg\" alt=\"\" class=\"wp-image-20471\" srcset=\"https:\/\/www.mecerreyes.com\/mece\/wp-content\/uploads\/2020\/12\/Reapertura-de-los-Centros-de-Salud-Rurales.jpg 571w, https:\/\/www.mecerreyes.com\/mece\/wp-content\/uploads\/2020\/12\/Reapertura-de-los-Centros-de-Salud-Rurales-210x300.jpg 210w\" sizes=\"(max-width: 571px) 100vw, 571px\" \/><\/figure>\n\n\n\n<figure class=\"wp-block-image size-large\"><img loading=\"lazy\" decoding=\"async\" width=\"1024\" height=\"768\" src=\"http:\/\/www.mecerreyes.com\/mece\/wp-content\/uploads\/2020\/12\/Ayuntamiento-1024x768.jpg\" alt=\"\" class=\"wp-image-20474\" srcset=\"https:\/\/www.mecerreyes.com\/mece\/wp-content\/uploads\/2020\/12\/Ayuntamiento-1024x768.jpg 1024w, https:\/\/www.mecerreyes.com\/mece\/wp-content\/uploads\/2020\/12\/Ayuntamiento-300x225.jpg 300w, https:\/\/www.mecerreyes.com\/mece\/wp-content\/uploads\/2020\/12\/Ayuntamiento-768x576.jpg 768w, https:\/\/www.mecerreyes.com\/mece\/wp-content\/uploads\/2020\/12\/Ayuntamiento-1536x1152.jpg 1536w, https:\/\/www.mecerreyes.com\/mece\/wp-content\/uploads\/2020\/12\/Ayuntamiento-1080x810.jpg 1080w, https:\/\/www.mecerreyes.com\/mece\/wp-content\/uploads\/2020\/12\/Ayuntamiento.jpg 1600w\" sizes=\"(max-width: 1024px) 100vw, 1024px\" \/><figcaption>RECOGIDA DE FIRMAS PARA LA REAPERTURA DE LOS CENTROS DE SALUD RURALES.<\/figcaption><\/figure>\n\n\n\n<p><strong>GRACIAS A TODOS POR LA COLABORACI\u00d3N.<\/strong><\/p>","protected":false},"excerpt":{"rendered":"<p>PETICI\u00d3N DE REAPERTURA DE LOS CENTROS DE SALUD RURALES Son muchas las asociaciones, fundaciones, organizaciones y municipios activos en causa com\u00fan, evitar la despoblaci\u00f3n fomentando la vida cultural de sus comarcas. Museos, vino y gastronom\u00eda, tradiciones, rutas de senderismo, arte, etc., se ponen en valor para evitar formar parte de la Espa\u00f1a vaciada. Fijar poblaci\u00f3n [&hellip;]<\/p>\n","protected":false},"author":5,"featured_media":20474,"comment_status":"open","ping_status":"closed","sticky":false,"template":"","format":"standard","meta":{"_et_pb_use_builder":"","_et_pb_old_content":"","_et_gb_content_width":"","footnotes":""},"categories":[1],"tags":[],"class_list":["post-20468","post","type-post","status-publish","format-standard","has-post-thumbnail","hentry","category-general","et-has-post-format-content","et_post_format-et-post-format-standard"],"_links":{"self":[{"href":"https:\/\/www.mecerreyes.com\/mece\/index.php?rest_route=\/wp\/v2\/posts\/20468"}],"collection":[{"href":"https:\/\/www.mecerreyes.com\/mece\/index.php?rest_route=\/wp\/v2\/posts"}],"about":[{"href":"https:\/\/www.mecerreyes.com\/mece\/index.php?rest_route=\/wp\/v2\/types\/post"}],"author":[{"embeddable":true,"href":"https:\/\/www.mecerreyes.com\/mece\/index.php?rest_route=\/wp\/v2\/users\/5"}],"replies":[{"embeddable":true,"href":"https:\/\/www.mecerreyes.com\/mece\/index.php?rest_route=%2Fwp%2Fv2%2Fcomments&post=20468"}],"version-history":[{"count":6,"href":"https:\/\/www.mecerreyes.com\/mece\/index.php?rest_route=\/wp\/v2\/posts\/20468\/revisions"}],"predecessor-version":[{"id":20477,"href":"https:\/\/www.mecerreyes.com\/mece\/index.php?rest_route=\/wp\/v2\/posts\/20468\/revisions\/20477"}],"wp:featuredmedia":[{"embeddable":true,"href":"https:\/\/www.mecerreyes.com\/mece\/index.php?rest_route=\/wp\/v2\/media\/20474"}],"wp:attachment":[{"href":"https:\/\/www.mecerreyes.com\/mece\/index.php?rest_route=%2Fwp%2Fv2%2Fmedia&parent=20468"}],"wp:term":[{"taxonomy":"category","embeddable":true,"href":"https:\/\/www.mecerreyes.com\/mece\/index.php?rest_route=%2Fwp%2Fv2%2Fcategories&post=20468"},{"taxonomy":"post_tag","embeddable":true,"href":"https:\/\/www.mecerreyes.com\/mece\/index.php?rest_route=%2Fwp%2Fv2%2Ftags&post=20468"}],"curies":[{"name":"wp","href":"https:\/\/api.w.org\/{rel}","templated":true}]}}