{"id":20479,"date":"2020-12-24T01:13:01","date_gmt":"2020-12-24T00:13:01","guid":{"rendered":"http:\/\/www.mecerreyes.com\/mece\/?p=20479"},"modified":"2020-12-24T09:34:24","modified_gmt":"2020-12-24T08:34:24","slug":"navidad-2020","status":"publish","type":"post","link":"https:\/\/www.mecerreyes.com\/mece\/?p=20479","title":{"rendered":"Navidad 2020"},"content":{"rendered":"<p style=\"font-size:22px\" class=\"has-text-color has-background has-very-dark-gray-color has-luminous-vivid-amber-background-color\"><strong>\u00a1FELIZ <a  href=\"https:\/\/www.mecerreyes.com\/mece\/?page_id=62\">NAVIDAD<\/a>!<\/strong><\/p>\n\n\n\n<p style=\"color:#ffffff;font-size:18px\" class=\"has-text-color has-background has-vivid-cyan-blue-background-color\"><strong>A las puertas de la <a  href=\"https:\/\/www.mecerreyes.com\/mece\/?page_id=62\">Navidad<\/a>, fechas tan entra\u00f1ables para todas las familias, y por ser la de este 2020 tan at\u00edpica, queremos ser de nuevo el cord\u00f3n umbilical que os\/nos una con las ra\u00edces guiletas.<\/strong><\/p>\n\n\n\n<p>Tambi\u00e9n daros las gracias por vuestra participaci\u00f3n en la recogida de firmas (<em>superamos las 400<\/em>) para evitar el cierre de los Centros de Salud Rurales. <strong>Todav\u00eda podemos seguir mandando la solicitud<\/strong> a <a  href=\"mailto:acmecerreyes@gmail.com\">acmecerreyes@gmail.com<\/a>, o, haz una foto de la misma rellena y firma, y se la haces llegar a cualquier miembro de la asociaci\u00f3n o conocido. Tenemos <strong>hasta el d\u00eda 27<\/strong> por la ma\u00f1ana para seguir recogiendo solicitudes.<\/p>\n\n\n\n<p>Cualquier miembro de la familia o amigos que disponga de D.N.I. puede colaborar con esta causa tan importante para fijar los <a  href=\"https:\/\/www.mecerreyes.com\/mece\/?page_id=41\">servicios<\/a> m\u00e9dicos en nuestro pueblo. <\/p>\n\n\n\n<div class=\"wp-block-buttons is-layout-flex wp-block-buttons-is-layout-flex\">\n<div class=\"wp-block-button\"><a  class=\"wp-block-button__link has-background has-vivid-red-background-color\" href=\"http:\/\/www.mecerreyes.com\/mece\/wp-content\/uploads\/2020\/12\/REAPERTURA-DE-LOS-CENTROS-DE-SALUD-RURALES-Mecerreyes-2020.pdf\" target=\"_blank\" rel=\"noreferrer noopener\">Descarga pinchando aqu\u00ed: <strong>SOLICITUD DE FIRMAS PARA LA REAPERTURA DE CENTROS DE SALUD RURALES<\/strong><\/a><\/div>\n<\/div>\n\n\n\n<div style=\"height:35px\" aria-hidden=\"true\" class=\"wp-block-spacer\"><\/div>\n\n\n\n<p><strong>El <a  href=\"https:\/\/www.mecerreyes.com\/mece\/?page_id=24\">Ayuntamiento<\/a><\/strong> de Mecerreyes anuncia la <a  href=\"https:\/\/www.mecerreyes.com\/mece\/?page_id=62\">Navidad<\/a> con la iluminaci\u00f3n las calles. <\/p>\n\n\n\n<div class=\"wp-block-image\"><figure class=\"aligncenter size-large is-resized\"><img loading=\"lazy\" decoding=\"async\" src=\"http:\/\/www.mecerreyes.com\/mece\/wp-content\/uploads\/2020\/12\/Mecerreyes-navidad-2020-1-1024x768.jpg\" alt=\"\" class=\"wp-image-20489\" width=\"373\" height=\"280\" srcset=\"https:\/\/www.mecerreyes.com\/mece\/wp-content\/uploads\/2020\/12\/Mecerreyes-navidad-2020-1-1024x768.jpg 1024w, https:\/\/www.mecerreyes.com\/mece\/wp-content\/uploads\/2020\/12\/Mecerreyes-navidad-2020-1-300x225.jpg 300w, https:\/\/www.mecerreyes.com\/mece\/wp-content\/uploads\/2020\/12\/Mecerreyes-navidad-2020-1-768x576.jpg 768w, https:\/\/www.mecerreyes.com\/mece\/wp-content\/uploads\/2020\/12\/Mecerreyes-navidad-2020-1-1080x810.jpg 1080w, https:\/\/www.mecerreyes.com\/mece\/wp-content\/uploads\/2020\/12\/Mecerreyes-navidad-2020-1.jpg 1280w\" sizes=\"(max-width: 373px) 100vw, 373px\" \/><\/figure><\/div>\n\n\n\n<p><strong>La <a  href=\"https:\/\/www.mecerreyes.com\/mece\/?page_id=35\">parroquia<\/a> y la Asociaci\u00f3n de Jubilados<\/strong> nos desean una bonita <a  href=\"https:\/\/www.mecerreyes.com\/mece\/?page_id=62\">Navidad<\/a> con este precioso misterio a los pies del altar. <\/p>\n\n\n\n<div class=\"wp-block-image\"><figure class=\"aligncenter size-large is-resized\"><img loading=\"lazy\" decoding=\"async\" src=\"http:\/\/www.mecerreyes.com\/mece\/wp-content\/uploads\/2020\/12\/Mecerreyes-Navidad-2020-5p-657x1024.jpg\" alt=\"\" class=\"wp-image-20490\" width=\"386\" height=\"601\" srcset=\"https:\/\/www.mecerreyes.com\/mece\/wp-content\/uploads\/2020\/12\/Mecerreyes-Navidad-2020-5p-657x1024.jpg 657w, https:\/\/www.mecerreyes.com\/mece\/wp-content\/uploads\/2020\/12\/Mecerreyes-Navidad-2020-5p-192x300.jpg 192w, https:\/\/www.mecerreyes.com\/mece\/wp-content\/uploads\/2020\/12\/Mecerreyes-Navidad-2020-5p-768x1197.jpg 768w, https:\/\/www.mecerreyes.com\/mece\/wp-content\/uploads\/2020\/12\/Mecerreyes-Navidad-2020-5p-985x1536.jpg 985w, https:\/\/www.mecerreyes.com\/mece\/wp-content\/uploads\/2020\/12\/Mecerreyes-Navidad-2020-5p-1314x2048.jpg 1314w, https:\/\/www.mecerreyes.com\/mece\/wp-content\/uploads\/2020\/12\/Mecerreyes-Navidad-2020-5p-1080x1684.jpg 1080w, https:\/\/www.mecerreyes.com\/mece\/wp-content\/uploads\/2020\/12\/Mecerreyes-Navidad-2020-5p-scaled.jpg 1642w\" sizes=\"(max-width: 386px) 100vw, 386px\" \/><\/figure><\/div>\n\n\n\n<p><strong>La Cofrad\u00eda de <a  href=\"https:\/\/www.mecerreyes.com\/mece\/?page_id=58\">San Mart\u00edn<\/a> y Virgen del Camino<\/strong> tambi\u00e9n desea vivamos la <a  href=\"https:\/\/www.mecerreyes.com\/mece\/?page_id=62\">Navidad<\/a> con esp\u00edritu religioso. <\/p>\n\n\n\n<figure class=\"wp-block-gallery columns-2 is-cropped wp-block-gallery-1 is-layout-flex wp-block-gallery-is-layout-flex\"><ul class=\"blocks-gallery-grid\"><li class=\"blocks-gallery-item\"><figure><img loading=\"lazy\" decoding=\"async\" width=\"961\" height=\"1024\" src=\"http:\/\/www.mecerreyes.com\/mece\/wp-content\/uploads\/2020\/12\/Felicitaci\u00f3n-de-Navidad-Cofrad\u00eda-Mecerreyes-2020-1-961x1024.jpg\" alt=\"\" data-id=\"20492\" data-full-url=\"http:\/\/www.mecerreyes.com\/mece\/wp-content\/uploads\/2020\/12\/Felicitaci\u00f3n-de-Navidad-Cofrad\u00eda-Mecerreyes-2020-1.jpg\" data-link=\"http:\/\/www.mecerreyes.com\/mece\/?attachment_id=20492\" class=\"wp-image-20492\" srcset=\"https:\/\/www.mecerreyes.com\/mece\/wp-content\/uploads\/2020\/12\/Felicitaci\u00f3n-de-Navidad-Cofrad\u00eda-Mecerreyes-2020-1-961x1024.jpg 961w, https:\/\/www.mecerreyes.com\/mece\/wp-content\/uploads\/2020\/12\/Felicitaci\u00f3n-de-Navidad-Cofrad\u00eda-Mecerreyes-2020-1-282x300.jpg 282w, https:\/\/www.mecerreyes.com\/mece\/wp-content\/uploads\/2020\/12\/Felicitaci\u00f3n-de-Navidad-Cofrad\u00eda-Mecerreyes-2020-1-768x818.jpg 768w, https:\/\/www.mecerreyes.com\/mece\/wp-content\/uploads\/2020\/12\/Felicitaci\u00f3n-de-Navidad-Cofrad\u00eda-Mecerreyes-2020-1.jpg 1076w\" sizes=\"(max-width: 961px) 100vw, 961px\" \/><\/figure><\/li><li class=\"blocks-gallery-item\"><figure><img loading=\"lazy\" decoding=\"async\" width=\"774\" height=\"1024\" src=\"http:\/\/www.mecerreyes.com\/mece\/wp-content\/uploads\/2020\/12\/Felicitaci\u00f3n-de-Navidad-Cofrad\u00eda-Mecerreyes-2020-2-774x1024.jpg\" alt=\"\" data-id=\"20491\" data-full-url=\"http:\/\/www.mecerreyes.com\/mece\/wp-content\/uploads\/2020\/12\/Felicitaci\u00f3n-de-Navidad-Cofrad\u00eda-Mecerreyes-2020-2.jpg\" data-link=\"http:\/\/www.mecerreyes.com\/mece\/?attachment_id=20491\" class=\"wp-image-20491\" srcset=\"https:\/\/www.mecerreyes.com\/mece\/wp-content\/uploads\/2020\/12\/Felicitaci\u00f3n-de-Navidad-Cofrad\u00eda-Mecerreyes-2020-2-774x1024.jpg 774w, https:\/\/www.mecerreyes.com\/mece\/wp-content\/uploads\/2020\/12\/Felicitaci\u00f3n-de-Navidad-Cofrad\u00eda-Mecerreyes-2020-2-227x300.jpg 227w, https:\/\/www.mecerreyes.com\/mece\/wp-content\/uploads\/2020\/12\/Felicitaci\u00f3n-de-Navidad-Cofrad\u00eda-Mecerreyes-2020-2-768x1016.jpg 768w, https:\/\/www.mecerreyes.com\/mece\/wp-content\/uploads\/2020\/12\/Felicitaci\u00f3n-de-Navidad-Cofrad\u00eda-Mecerreyes-2020-2-1161x1536.jpg 1161w, https:\/\/www.mecerreyes.com\/mece\/wp-content\/uploads\/2020\/12\/Felicitaci\u00f3n-de-Navidad-Cofrad\u00eda-Mecerreyes-2020-2-1080x1429.jpg 1080w, https:\/\/www.mecerreyes.com\/mece\/wp-content\/uploads\/2020\/12\/Felicitaci\u00f3n-de-Navidad-Cofrad\u00eda-Mecerreyes-2020-2.jpg 1200w\" sizes=\"(max-width: 774px) 100vw, 774px\" \/><\/figure><\/li><\/ul><\/figure>\n\n\n\n<p><strong>La Asociaci\u00f3n Cultural Mecerreyes<\/strong> muy a su pesar, no ha podido realizar el Bel\u00e9n Tradicional bajo el coro de la iglesia, (muchas horas trabajando en espacio peque\u00f1o, bajo mesas, dificultad para controlar el aforo de visitas\u2026) pero es su deseo que estos d\u00edas podamos disfrutarlos invocando el esp\u00edritu navide\u00f1o en cada uno de los hogares. No podemos hacer una ceremonia de inauguraci\u00f3n, pero s\u00ed compartir el bel\u00e9n de vuestros hogares con nosotros. <span class=\"has-inline-color has-vivid-red-color\" style=\"\"><strong><b>(Iremos colgando aqu\u00ed las fotos que nos <\/b><\/strong><\/span><span class=\"has-inline-color has-vivid-red-color\"><strong>mand\u00e9is de vuestros belenes)<\/strong><\/span><\/p>\n\n\n\n<figure class=\"wp-block-image size-large\"><img loading=\"lazy\" decoding=\"async\" width=\"1024\" height=\"682\" src=\"http:\/\/www.mecerreyes.com\/mece\/wp-content\/uploads\/2020\/12\/Mecerreyes-navidad-2020-3-1024x682.jpg\" alt=\"\" class=\"wp-image-20493\" srcset=\"https:\/\/www.mecerreyes.com\/mece\/wp-content\/uploads\/2020\/12\/Mecerreyes-navidad-2020-3-1024x682.jpg 1024w, https:\/\/www.mecerreyes.com\/mece\/wp-content\/uploads\/2020\/12\/Mecerreyes-navidad-2020-3-300x200.jpg 300w, https:\/\/www.mecerreyes.com\/mece\/wp-content\/uploads\/2020\/12\/Mecerreyes-navidad-2020-3-768x512.jpg 768w, https:\/\/www.mecerreyes.com\/mece\/wp-content\/uploads\/2020\/12\/Mecerreyes-navidad-2020-3-1080x720.jpg 1080w, https:\/\/www.mecerreyes.com\/mece\/wp-content\/uploads\/2020\/12\/Mecerreyes-navidad-2020-3.jpg 1280w\" sizes=\"(max-width: 1024px) 100vw, 1024px\" \/><\/figure>\n\n\n\n<p>No podemos disfrutar de una actuaci\u00f3n musical en la iglesia, pero s\u00ed del villancico que la familia Benito Montealegre nos env\u00eda para ir abriendo boca a la <a  href=\"https:\/\/www.mecerreyes.com\/mece\/?page_id=62\">Navidad<\/a>. <\/p>\n\n\n\n<figure class=\"wp-block-embed-youtube wp-block-embed is-type-video is-provider-youtube wp-embed-aspect-16-9 wp-has-aspect-ratio\"><div class=\"wp-block-embed__wrapper\">\n<iframe loading=\"lazy\" title=\"FELIZ NAVIDAD 2020\" width=\"1080\" height=\"608\" src=\"https:\/\/www.youtube.com\/embed\/MxCgGUJotSY?feature=oembed\" frameborder=\"0\" allow=\"accelerometer; autoplay; clipboard-write; encrypted-media; gyroscope; picture-in-picture\" allowfullscreen><\/iframe>\n<\/div><\/figure>\n\n\n\n<p>En Mecerreyes es tradici\u00f3n pregonar la <a  href=\"https:\/\/www.mecerreyes.com\/mece\/?page_id=62\">Navidad<\/a>, y en un a\u00f1o en el que usar las nuevas tecnolog\u00edas para acercarnos a los nuestros ya forma parte de la normalidad, la pregonera elegida, por estar al otro lado del Atl\u00e1ntico y no poder estar entre nosotros f\u00edsicamente, hace uso de las mismas para con sus palabras abrir la <a  href=\"https:\/\/www.mecerreyes.com\/mece\/?page_id=62\">Navidad<\/a> guileta como si estuviera en el pueblo entre los suyos.<\/p>\n\n\n\n<p style=\"font-size:22px\" class=\"has-text-color has-background has-very-dark-gray-color has-luminous-vivid-amber-background-color\"><strong>MAR\u00cdA JES\u00daS LOPE ALONSO<\/strong><\/p>\n\n\n\n<p>Licenciada en Derecho y Master en Calidad, desarrolla su actividad laboral en el sector del turismo.<\/p>\n\n\n\n<p>Empresas del sector (Travelplan, Barcel\u00f3), as\u00ed como su etapa como Gerente del Aeropuerto de Burgos, avalan su categor\u00eda profesional, su buen hacer y su dedicaci\u00f3n en cuerpo y alma al trabajo.<\/p>\n\n\n\n<p>Turismo, sector tan castigado este a\u00f1o, sector que hace realidad los sue\u00f1os de muchos viajeros.<\/p>\n\n\n\n<p>Mar\u00eda Jes\u00fas es una persona con el t\u00edpico car\u00e1cter castellano, impregnada de la esencia guileta trasmitida por la familia, los mejores momentos de su vida transcurren entre ellos y sus amigos de la pe\u00f1a Acig\u00fcembres.<\/p>\n\n\n\n<p>Su honestidad, buen coraz\u00f3n y su preocupaci\u00f3n por el pr\u00f3jimo la definen. Esta mujer, hija, hermana y madre, nos hace felices con sus palabras.<\/p>\n\n\n\n<p><strong><em>\u201cM.\u00aa Jes\u00fas Lope Alonso, Pregonera de la <a  href=\"https:\/\/www.mecerreyes.com\/mece\/?page_id=62\">Navidad<\/a> 2020, con el don de la palabra, el amor a sus ra\u00edces, la a\u00f1oranza por el pueblo y familia, desde Miami enciende la estrella que ilumina la <a  href=\"https:\/\/www.mecerreyes.com\/mece\/?page_id=62\">Navidad<\/a> guileta\u201d.<\/em><\/strong><\/p>\n\n\n\n<p style=\"color:#001fa3;font-size:21px\" class=\"has-text-color has-background has-very-light-gray-background-color\"><strong>PREG\u00d3N DE <a  href=\"https:\/\/www.mecerreyes.com\/mece\/?page_id=62\">NAVIDAD<\/a><\/strong> &#8211; Autora Mar\u00eda Jes\u00fas Lope Alonso<\/p>\n\n\n\n<p><em><span class=\"has-inline-color has-vivid-red-color\">Pincha sobre la siguiente foto para escuchar el PREG\u00d3N DE NAVIDAD:<\/span><\/em><\/p>\n\n\n\n<figure class=\"wp-block-image size-large\"><a  href=\"https:\/\/drive.google.com\/file\/d\/1n0V_SLvExrooKuAlvgi0xJDhyiaor-1w\/view\" target=\"_blank\" rel=\"noopener noreferrer\"><img loading=\"lazy\" decoding=\"async\" width=\"1024\" height=\"639\" src=\"http:\/\/www.mecerreyes.com\/mece\/wp-content\/uploads\/2020\/12\/Preg\u00f3n-de-Navidad-2020-M\u00aaJes\u00fas-Lope-Alonso-1024x639.jpg\" alt=\"\" class=\"wp-image-20487\" srcset=\"https:\/\/www.mecerreyes.com\/mece\/wp-content\/uploads\/2020\/12\/Preg\u00f3n-de-Navidad-2020-M\u00aaJes\u00fas-Lope-Alonso-1024x639.jpg 1024w, https:\/\/www.mecerreyes.com\/mece\/wp-content\/uploads\/2020\/12\/Preg\u00f3n-de-Navidad-2020-M\u00aaJes\u00fas-Lope-Alonso-300x187.jpg 300w, https:\/\/www.mecerreyes.com\/mece\/wp-content\/uploads\/2020\/12\/Preg\u00f3n-de-Navidad-2020-M\u00aaJes\u00fas-Lope-Alonso-768x479.jpg 768w, https:\/\/www.mecerreyes.com\/mece\/wp-content\/uploads\/2020\/12\/Preg\u00f3n-de-Navidad-2020-M\u00aaJes\u00fas-Lope-Alonso-400x250.jpg 400w, https:\/\/www.mecerreyes.com\/mece\/wp-content\/uploads\/2020\/12\/Preg\u00f3n-de-Navidad-2020-M\u00aaJes\u00fas-Lope-Alonso.jpg 1055w\" sizes=\"(max-width: 1024px) 100vw, 1024px\" \/><\/a><\/figure>\n\n\n\n<p><em><span class=\"has-inline-color has-vivid-red-color\">Tambi\u00e9n lo tienes a tu disposici\u00f3n en el siguiente texto:<\/span><\/em><\/p>\n\n\n\n<div class=\"wp-block-group has-text-color is-layout-flow wp-block-group-is-layout-flow\" style=\"color:#3d56c5\"><div class=\"wp-block-group__inner-container\"><\/div><\/div>\n\n\n\n<div class=\"wp-block-group\"><div class=\"wp-block-group__inner-container is-layout-flow wp-block-group-is-layout-flow\">\n<div class=\"wp-block-group\"><div class=\"wp-block-group__inner-container is-layout-flow wp-block-group-is-layout-flow\">\n<div class=\"wp-block-group\"><div class=\"wp-block-group__inner-container is-layout-flow wp-block-group-is-layout-flow\">\n<p><em><span style=\"color:#060fe5\" class=\"has-inline-color\">Buenas noches Mecerreyes.<\/span><\/em><\/p>\n\n\n\n<p><em><span style=\"color:#060fe5\" class=\"has-inline-color\"><br>Lo primero Muchas gracias por haberme elegido&nbsp;como pregonera de esta <a  href=\"https:\/\/www.mecerreyes.com\/mece\/?page_id=62\">Navidad<\/a> 2020 de&nbsp;Mecerreyes.<\/span><\/em><\/p>\n\n\n\n<p><em><span style=\"\" class=\"has-inline-color\"><font color=\"#060fe5\">&nbsp;<br>Esta es una <a  href=\"https:\/\/www.mecerreyes.com\/mece\/?page_id=62\">Navidad<\/a> &#8230;.&nbsp; diferente, <a  href=\"https:\/\/www.mecerreyes.com\/mece\/?page_id=62\">Navidad<\/a> de pandemia, una <a  href=\"https:\/\/www.mecerreyes.com\/mece\/?page_id=62\">navidad<\/a> con restricciones para el encuentro&nbsp; entre las personas,&nbsp;una <a  href=\"https:\/\/www.mecerreyes.com\/mece\/?page_id=62\">Navidad<\/a> on line-telem\u00e1tica,&nbsp;<a  href=\"https:\/\/www.mecerreyes.com\/mece\/?page_id=62\">Navidad<\/a> con mucha incertidumbre porque hay muchas inc\u00f3gnitas&nbsp;por resolver pese a ya tener vacuna, <a  href=\"https:\/\/www.mecerreyes.com\/mece\/?page_id=62\">Navidad<\/a> con dolor por todas las personas fallecidas, dolor por la situaci\u00f3n&nbsp;econ\u00f3mica&nbsp;y la p\u00e9rdida de trabajos.&nbsp; La&nbsp;vida sigue, nuestra vida, la de nuestros hijos, la de nuestros padres, contin\u00faa y&nbsp; tenemos que seguir luchando, pero tambi\u00e9n tenemos que seguir disfrutando y celebrando&nbsp;las peque\u00f1as cosas a nuestro alcance, y la <a  href=\"https:\/\/www.mecerreyes.com\/mece\/?page_id=62\">Navidad<\/a> aunque tenga que ser de otra manera, en los t\u00e9rminos&nbsp;que podamos, no importa cu\u00e1les, pero los que sean, les tenemos&nbsp;que poner Ilusi\u00f3n, y celebrar un a\u00f1o m\u00e1s el nacimiento de <\/font><\/span><span style=\"color:#060fe5\" class=\"has-inline-color\">Jes\u00fas.&nbsp;<\/span><\/em><\/p>\n\n\n\n<div class=\"wp-block-image\"><figure class=\"alignright size-large is-resized\"><img loading=\"lazy\" decoding=\"async\" src=\"http:\/\/www.mecerreyes.com\/mece\/wp-content\/uploads\/2020\/12\/Mar\u00eda-Jes\u00fas-Lope-Alonso-con-su-hija-Lola.jpg\" alt=\"\" class=\"wp-image-20483\" width=\"249\" height=\"331\" srcset=\"https:\/\/www.mecerreyes.com\/mece\/wp-content\/uploads\/2020\/12\/Mar\u00eda-Jes\u00fas-Lope-Alonso-con-su-hija-Lola.jpg 768w, https:\/\/www.mecerreyes.com\/mece\/wp-content\/uploads\/2020\/12\/Mar\u00eda-Jes\u00fas-Lope-Alonso-con-su-hija-Lola-225x300.jpg 225w\" sizes=\"(max-width: 249px) 100vw, 249px\" \/><\/figure><\/div>\n\n\n\n<p><em><span style=\"color:#0804e3\" class=\"has-inline-color\"><strong>La <a  href=\"https:\/\/www.mecerreyes.com\/mece\/?page_id=62\">Navidad<\/a> es la Familia:<\/strong>&nbsp;Como la&nbsp; mayor\u00eda de Guiletos siempre he celebrado la <a  href=\"https:\/\/www.mecerreyes.com\/mece\/?page_id=62\">Navidad<\/a> en familia.&nbsp;&nbsp;La Nochebuena siempre era en casa de mi abuela Eustaquia, con mis t\u00edos&nbsp;y mis primos. Estar all\u00ed, todos juntos desde bien temprano, con mi abuela que nos dejaba preparar la cena con ella, se esmeraba para ponernos todo lo mejor que ella pod\u00eda, as\u00ed lo siguen haciendo ahora mis&nbsp;padres que son \u00ablos abuelos\u00bb, y seguro as\u00ed lo hacen todos los que hoy les toca ser anfitriones de sus familias: ofrecer lo mejor.&nbsp; Y de ah\u00ed, nos queda el pincho \u00abde la abuela\u00bb: el plato estrella de nuestra familia. Nunca falta&nbsp;porque&nbsp;ese pincho nos trae a los abuelos, abuelos que son parte de nosotros, porque nos cuidaron, nos criaron, nos permitieron&nbsp;compartir con nuestros primos,&nbsp; NOS EDUCARON, nos dieron un&nbsp;ejemplo. Esos abuelos, esa&nbsp;&nbsp;generaci\u00f3n, que pasaron tambi\u00e9n&nbsp;una pandemia, una guerra civil, una posguerra, una vida de trabajo duro, de esfuerzo y sacrificio. Con pocas cosas materiales, pero con una voluntad de hierro, no perdieron la esperanza, ni la ilusi\u00f3n, siguieron luchando para sacar a los suyos y al pa\u00eds adelante. \u00bfOs imagin\u00e1is&nbsp;c\u00f3mo&nbsp;&nbsp;fueron&nbsp;&nbsp;las navidades en tiempos de la pandemia de la gripe espa\u00f1ola? \u00bfTe lo imaginas?. No verdad, no te lo puedes imaginar, ni yo tampoco, porque nuestras generaciones ya nacimos en un h\u00e1bitat acomodado, donde lo esencial siempre est\u00e1 en la mesa y en casa. Por eso ahora con la crisis y la incertidumbre que trae esta pandemia,&nbsp;<strong>tenemos que ser fuertes, poner nuestra mejor actitud para adaptarnos&nbsp;<\/strong>a todo a lo que viene,&nbsp;<strong>con esperanza, con voluntad de hierro<\/strong>, tomando como referencia a nuestros abuelos, que no cesaron&nbsp; ante la adversidad para salir adelante en ning\u00fan&nbsp;momento. La pandemia trae sufrimiento porque son muchos los que no han podido superarla, nos trae pasos atr\u00e1s porque vamos a perder trabajo y algunas cosas que ten\u00edamos, y adem\u00e1s sacrificio, mucho sacrificio porque para conseguir lo mismo, posiblemente nos exija el doble o triple esfuerzo. Los Estados tienen que ayudarnos, pero son las personas,<strong>&nbsp;las personas con su actitud son las que&nbsp; consiguen las cosas&nbsp; y mueven el mundo.&nbsp;<\/strong><\/span><\/em><\/p>\n\n\n\n<div class=\"wp-block-image\"><figure class=\"alignleft size-large is-resized\"><img loading=\"lazy\" decoding=\"async\" src=\"http:\/\/www.mecerreyes.com\/mece\/wp-content\/uploads\/2017\/01\/Mecerreyes-Bel\u00e9n-La-Lecher\u00eda-navidad-2016-58.jpg\" alt=\"\" class=\"wp-image-14204\" width=\"407\" height=\"229\" srcset=\"https:\/\/www.mecerreyes.com\/mece\/wp-content\/uploads\/2017\/01\/Mecerreyes-Bel\u00e9n-La-Lecher\u00eda-navidad-2016-58.jpg 800w, https:\/\/www.mecerreyes.com\/mece\/wp-content\/uploads\/2017\/01\/Mecerreyes-Bel\u00e9n-La-Lecher\u00eda-navidad-2016-58-300x169.jpg 300w, https:\/\/www.mecerreyes.com\/mece\/wp-content\/uploads\/2017\/01\/Mecerreyes-Bel\u00e9n-La-Lecher\u00eda-navidad-2016-58-768x432.jpg 768w\" sizes=\"(max-width: 407px) 100vw, 407px\" \/><figcaption>Mecerreyes, Bel\u00e9n La Lecher\u00eda, <a  href=\"https:\/\/www.mecerreyes.com\/mece\/?page_id=62\">navidad<\/a> 2016<\/figcaption><\/figure><\/div>\n\n\n\n<p><em><span style=\"color:#0804e3\" class=\"has-inline-color\"><br>\u00bfY qui\u00e9n no tiene familia?&nbsp; \u00bfy qui\u00e9n no tiene nada?&nbsp; Hay mucha gente que no le queda nadie de la familia m\u00e1s cercana, sin embargo familiares m\u00e1s lejanos o amigos se han convertido en sus pilares, para ayudarse y darse apoyo, y&nbsp; celebrar juntos la <a  href=\"https:\/\/www.mecerreyes.com\/mece\/?page_id=62\">Navidad<\/a>.&nbsp;&nbsp;Los hay que por circunstancias de la vida han estado en ambientes desestructurados, o han tenido&nbsp; la desgracia de verse sin nada, o en malas condiciones, y&nbsp; se ven obligados a celebrar la <a  href=\"https:\/\/www.mecerreyes.com\/mece\/?page_id=62\">navidad<\/a> en organizaciones que les dan apoyo. Por eso es importante colaborar en estas fechas con esas organizaciones como el Banco de Alimentos, C\u00e1ritas o aquellas en las que cada uno&nbsp;conf\u00ede,&nbsp;&nbsp;<strong>ser solidarios y dar&nbsp;<\/strong>a estas personas que no solo no tienen recursos, sino que tienen pocas oportunidades para tenerlos.<\/span><\/em><\/p>\n\n\n\n<p style=\"color:#361faa\" class=\"has-text-color\"><span style=\"color:#2023dc\" class=\"has-inline-color\"><strong>La <a  href=\"https:\/\/www.mecerreyes.com\/mece\/?page_id=62\">navidad<\/a> tambi\u00e9n son los amigos<\/strong>. Los amigos son las personas que t\u00fa eliges por afinidad que est\u00e9n en tu vida. A los amigos&nbsp; hay que cuidarles, y te&nbsp;tienen que cuidar, es una relaci\u00f3n&nbsp;rec\u00edproca. Eso significa que es&nbsp;<strong>un apoyo mutuo y constante en el tiempo.&nbsp;<\/strong>Por eso&nbsp;&nbsp;tambi\u00e9n&nbsp;lo celebraremos&nbsp;con ellos, por la camarita, con mucha ilusi\u00f3n&nbsp;de estar con ellos un a\u00f1o m\u00e1s, juntos y&nbsp; desearles lo mejor.&nbsp; No ser\u00e1&nbsp;posible una Nochevieja y A\u00f1o nuevo de las de fiest\u00f3n total, pero lo dejamos en lista de espera para cuando se pueda.<\/span><\/p>\n\n\n\n<div class=\"wp-block-image\"><figure class=\"alignright size-large is-resized\"><img loading=\"lazy\" decoding=\"async\" src=\"http:\/\/www.mecerreyes.com\/mece\/wp-content\/uploads\/2020\/01\/Bel\u00e9n-infantil-Viviente-Mecerreyes-5-01-2020-26.jpg\" alt=\"\" class=\"wp-image-19492\" width=\"258\" height=\"334\" srcset=\"https:\/\/www.mecerreyes.com\/mece\/wp-content\/uploads\/2020\/01\/Bel\u00e9n-infantil-Viviente-Mecerreyes-5-01-2020-26.jpg 742w, https:\/\/www.mecerreyes.com\/mece\/wp-content\/uploads\/2020\/01\/Bel\u00e9n-infantil-Viviente-Mecerreyes-5-01-2020-26-232x300.jpg 232w, https:\/\/www.mecerreyes.com\/mece\/wp-content\/uploads\/2020\/01\/Bel\u00e9n-infantil-Viviente-Mecerreyes-5-01-2020-26-400x516.jpg 400w\" sizes=\"(max-width: 258px) 100vw, 258px\" \/><\/figure><\/div>\n\n\n\n<p style=\"color:#361faa\" class=\"has-text-color\"><span style=\"color:#2023dc\" class=\"has-inline-color\"><br><strong>La <a  href=\"https:\/\/www.mecerreyes.com\/mece\/?page_id=62\">Navidad<\/a><\/strong>, es un&nbsp;<strong>buen momento para dar gracias, Y<\/strong>o doy&nbsp;<strong>Gracias<\/strong>&nbsp;por mis padres y mis&nbsp;hermanos que nos un&nbsp;apoyo infinito, Gracias&nbsp;por mi Lola,&nbsp; Gracias por&nbsp; los amigos.&nbsp; Gracias por tener Mecerreyes. Gracias por el trabajo.<strong>&nbsp;Gracias&nbsp; en definitiva por lo que se tiene<\/strong>, \u00bfeh? que a veces no lo valoramos, y quiz\u00e1&nbsp;sea un buen momento,&nbsp; para de verdad ver lo que realmente se necesita y lo que no se necesita, lo que es totalmente prescindible. Y este a\u00f1o m\u00e1s&nbsp;que nunca<strong>&nbsp;Gracias a los sanitarios<\/strong>&nbsp;que han estado y est\u00e1n cuidando de todos nosotros en esta pandemia.<\/span><\/p>\n\n\n\n<p style=\"color:#361faa\" class=\"has-text-color\"><span style=\"color:#2023dc\" class=\"has-inline-color\"><br><strong>La <a  href=\"https:\/\/www.mecerreyes.com\/mece\/?page_id=62\">Navidad<\/a> son regalos<\/strong>. Los Reyes Magos Iluminados de la estrella llegaron a Jes\u00fas con sus regalos, y as\u00ed&nbsp;han venido haciendo cada a\u00f1o, y lo seguir\u00e1n&nbsp;haciendo. Este a\u00f1o&nbsp; los m\u00e1s&nbsp;peque\u00f1os no pod\u00e9is ir a dejar las estrellas al monte para ayudarles a llegar, pero seguro que&nbsp;vendr\u00e1n.&nbsp; Igual con lo de la pandemia y la crisis, no vienen tan cargados, pero algo siempre traen. Ellos adem\u00e1s nos traen la reflexi\u00f3n, el balance del a\u00f1o:&nbsp; mmm, me he portado bien, mal,&nbsp;&nbsp;regulin&#8230;&nbsp; Nos traen&nbsp;el prop\u00f3sito de enmienda, porque seguro que los m\u00e1s peque\u00f1os les est\u00e1is prometiendo que este 2021 os vais a portar bien, vais hacer la tarea, recoger, ordenar, ayudar en casa..&nbsp; a que si?? Pues eso, con mucha<strong>&nbsp;ILUSI\u00d3N&nbsp;<\/strong>tened&nbsp; bien limpios los zapatos la noche de Reyes.<\/span><\/p>\n\n\n\n<figure class=\"wp-block-image size-large\"><img loading=\"lazy\" decoding=\"async\" width=\"1024\" height=\"576\" src=\"http:\/\/www.mecerreyes.com\/mece\/wp-content\/uploads\/2019\/01\/Bel\u00e9n-Infantil-viviente-Mecerreyes-5-01-2019-36-1024x576.jpg\" alt=\"\" class=\"wp-image-18055\" srcset=\"https:\/\/www.mecerreyes.com\/mece\/wp-content\/uploads\/2019\/01\/Bel\u00e9n-Infantil-viviente-Mecerreyes-5-01-2019-36-1024x576.jpg 1024w, https:\/\/www.mecerreyes.com\/mece\/wp-content\/uploads\/2019\/01\/Bel\u00e9n-Infantil-viviente-Mecerreyes-5-01-2019-36-300x169.jpg 300w, https:\/\/www.mecerreyes.com\/mece\/wp-content\/uploads\/2019\/01\/Bel\u00e9n-Infantil-viviente-Mecerreyes-5-01-2019-36-768x432.jpg 768w, https:\/\/www.mecerreyes.com\/mece\/wp-content\/uploads\/2019\/01\/Bel\u00e9n-Infantil-viviente-Mecerreyes-5-01-2019-36-1080x607.jpg 1080w, https:\/\/www.mecerreyes.com\/mece\/wp-content\/uploads\/2019\/01\/Bel\u00e9n-Infantil-viviente-Mecerreyes-5-01-2019-36.jpg 1772w\" sizes=\"(max-width: 1024px) 100vw, 1024px\" \/><\/figure>\n\n\n\n<p><span style=\"color:#0f04dc\" class=\"has-inline-color\"><em><strong>La <a  href=\"https:\/\/www.mecerreyes.com\/mece\/?page_id=62\">Navidad<\/a> son buenos prop\u00f3sitos&nbsp;<\/strong>las personas nos marcamos metas para el a\u00f1o que viene, cada uno las suyas. Por lo general son metas que llaman a reclamar&nbsp;la voluntad: ir al gimnasio, a clase de ingl\u00e9s,&#8230;&nbsp; Este a\u00f1o&nbsp;entre los prop\u00f3sitos tiene que estar:<strong>&nbsp;no bajar la guardia en los cuidados:, y hacer todo y m\u00e1s para mantener siempre la esperanza&nbsp;y la actitud positiva.<\/strong><\/em><\/span><\/p>\n\n\n\n<p><span style=\"color:#0f04dc\" class=\"has-inline-color\"><em><br><strong>Y la <a  href=\"https:\/\/www.mecerreyes.com\/mece\/?page_id=62\">Navidad<\/a> son buenos deseos para todos,&nbsp;<\/strong>en este momento el deseo de todos nosotros es que la ciencia, esas personas que tanto han estudiado y se han esforzado por saber y buscar soluciones , sigan esforz\u00e1ndose y trabajando por avanzar en la cura definitiva que tanto necesitamos.<\/em><\/span><\/p>\n\n\n\n<p><span style=\"color:#0f04dc\" class=\"has-inline-color\"><em><br>Yo&nbsp;en esta <a  href=\"https:\/\/www.mecerreyes.com\/mece\/?page_id=62\">Navidad<\/a>, les deseo a ustedes que tiren de tel\u00e9fono y de camarita, para preocuparse por sus familiares y amigos, brindarles su apoyo, darles \u00e1nimos si los necesitan, decirles que est\u00e1n ah\u00ed, que son importantes para sus vidas, y desearles lo&nbsp;mejor.&nbsp;<\/em><br><\/span><\/p>\n<\/div><\/div>\n<\/div><\/div>\n<\/div><\/div>\n\n\n\n<p><em><strong><span style=\"color:#0615e5\" class=\"has-inline-color\">Feliz <a  href=\"https:\/\/www.mecerreyes.com\/mece\/?page_id=62\">Navidad<\/a> y Prospero a\u00f1o nuevo<br>Cu\u00eddense<br>Viva Mecerreyes<\/span><\/strong><\/em><\/p>\n\n\n\n<figure class=\"wp-block-image size-large\"><img loading=\"lazy\" decoding=\"async\" width=\"1024\" height=\"575\" src=\"http:\/\/www.mecerreyes.com\/mece\/wp-content\/uploads\/2018\/12\/Mecerreyes-Bel\u00e9n-Hospital-Pobres-y-peregrinos-navidad-2018-1-1024x575.jpg\" alt=\"\" class=\"wp-image-17913\" srcset=\"https:\/\/www.mecerreyes.com\/mece\/wp-content\/uploads\/2018\/12\/Mecerreyes-Bel\u00e9n-Hospital-Pobres-y-peregrinos-navidad-2018-1-1024x575.jpg 1024w, https:\/\/www.mecerreyes.com\/mece\/wp-content\/uploads\/2018\/12\/Mecerreyes-Bel\u00e9n-Hospital-Pobres-y-peregrinos-navidad-2018-1-300x169.jpg 300w, https:\/\/www.mecerreyes.com\/mece\/wp-content\/uploads\/2018\/12\/Mecerreyes-Bel\u00e9n-Hospital-Pobres-y-peregrinos-navidad-2018-1-768x432.jpg 768w, https:\/\/www.mecerreyes.com\/mece\/wp-content\/uploads\/2018\/12\/Mecerreyes-Bel\u00e9n-Hospital-Pobres-y-peregrinos-navidad-2018-1-1080x607.jpg 1080w, https:\/\/www.mecerreyes.com\/mece\/wp-content\/uploads\/2018\/12\/Mecerreyes-Bel\u00e9n-Hospital-Pobres-y-peregrinos-navidad-2018-1.jpg 2000w\" sizes=\"(max-width: 1024px) 100vw, 1024px\" \/><\/figure>\n\n\n\n<p><\/p>","protected":false},"excerpt":{"rendered":"<p>\u00a1FELIZ NAVIDAD! A las puertas de la Navidad, fechas tan entra\u00f1ables para todas las familias, y por ser la de este 2020 tan at\u00edpica, queremos ser de nuevo el cord\u00f3n umbilical que os\/nos una con las ra\u00edces guiletas. Tambi\u00e9n daros las gracias por vuestra participaci\u00f3n en la recogida de firmas (superamos las 400) para evitar [&hellip;]<\/p>\n","protected":false},"author":5,"featured_media":20497,"comment_status":"open","ping_status":"closed","sticky":false,"template":"","format":"standard","meta":{"_et_pb_use_builder":"","_et_pb_old_content":"","_et_gb_content_width":"","footnotes":""},"categories":[1],"tags":[],"class_list":["post-20479","post","type-post","status-publish","format-standard","has-post-thumbnail","hentry","category-general","et-has-post-format-content","et_post_format-et-post-format-standard"],"_links":{"self":[{"href":"https:\/\/www.mecerreyes.com\/mece\/index.php?rest_route=\/wp\/v2\/posts\/20479"}],"collection":[{"href":"https:\/\/www.mecerreyes.com\/mece\/index.php?rest_route=\/wp\/v2\/posts"}],"about":[{"href":"https:\/\/www.mecerreyes.com\/mece\/index.php?rest_route=\/wp\/v2\/types\/post"}],"author":[{"embeddable":true,"href":"https:\/\/www.mecerreyes.com\/mece\/index.php?rest_route=\/wp\/v2\/users\/5"}],"replies":[{"embeddable":true,"href":"https:\/\/www.mecerreyes.com\/mece\/index.php?rest_route=%2Fwp%2Fv2%2Fcomments&post=20479"}],"version-history":[{"count":11,"href":"https:\/\/www.mecerreyes.com\/mece\/index.php?rest_route=\/wp\/v2\/posts\/20479\/revisions"}],"predecessor-version":[{"id":20499,"href":"https:\/\/www.mecerreyes.com\/mece\/index.php?rest_route=\/wp\/v2\/posts\/20479\/revisions\/20499"}],"wp:featuredmedia":[{"embeddable":true,"href":"https:\/\/www.mecerreyes.com\/mece\/index.php?rest_route=\/wp\/v2\/media\/20497"}],"wp:attachment":[{"href":"https:\/\/www.mecerreyes.com\/mece\/index.php?rest_route=%2Fwp%2Fv2%2Fmedia&parent=20479"}],"wp:term":[{"taxonomy":"category","embeddable":true,"href":"https:\/\/www.mecerreyes.com\/mece\/index.php?rest_route=%2Fwp%2Fv2%2Fcategories&post=20479"},{"taxonomy":"post_tag","embeddable":true,"href":"https:\/\/www.mecerreyes.com\/mece\/index.php?rest_route=%2Fwp%2Fv2%2Ftags&post=20479"}],"curies":[{"name":"wp","href":"https:\/\/api.w.org\/{rel}","templated":true}]}}