{"id":20513,"date":"2021-01-08T00:59:03","date_gmt":"2021-01-07T23:59:03","guid":{"rendered":"http:\/\/www.mecerreyes.com\/mece\/?p=20513"},"modified":"2021-01-08T08:35:00","modified_gmt":"2021-01-08T07:35:00","slug":"noticias-diciembre-2020","status":"publish","type":"post","link":"https:\/\/www.mecerreyes.com\/mece\/?p=20513","title":{"rendered":"Noticias Diciembre 2020"},"content":{"rendered":"<p style=\"font-size:22px\"><strong>Diciembre 2020<\/strong><\/p>\n\n\n\n<p>Acaba el peor a\u00f1o que se recuerda a nivel mundial, terminan estas fechas navide\u00f1as tan escasas de celebraciones, y aqu\u00ed seguimos para contaros lo acontecido durante el mes de diciembre en Mecerreyes y a las gentes de Mecerreyes.<\/p>\n\n\n\n<p>Tristes por contar defunciones y saber que Mecerreyes lidera con un 36,51% de p\u00e9rdida de poblaci\u00f3n el ranking de los pueblos de la provincia de Burgos en los \u00faltimos 10 a\u00f1os. <\/p>\n\n\n\n<figure class=\"wp-block-image size-large\"><img loading=\"lazy\" decoding=\"async\" width=\"1024\" height=\"506\" src=\"http:\/\/www.mecerreyes.com\/mece\/wp-content\/uploads\/2021\/01\/P\u00e9rdida-de-Poblaci\u00f3n-1024x506.jpeg\" alt=\"\" class=\"wp-image-20514\" srcset=\"https:\/\/www.mecerreyes.com\/mece\/wp-content\/uploads\/2021\/01\/P\u00e9rdida-de-Poblaci\u00f3n-1024x506.jpeg 1024w, https:\/\/www.mecerreyes.com\/mece\/wp-content\/uploads\/2021\/01\/P\u00e9rdida-de-Poblaci\u00f3n-300x148.jpeg 300w, https:\/\/www.mecerreyes.com\/mece\/wp-content\/uploads\/2021\/01\/P\u00e9rdida-de-Poblaci\u00f3n-768x380.jpeg 768w, https:\/\/www.mecerreyes.com\/mece\/wp-content\/uploads\/2021\/01\/P\u00e9rdida-de-Poblaci\u00f3n.jpeg 1080w\" sizes=\"(max-width: 1024px) 100vw, 1024px\" \/><\/figure>\n\n\n\n<p><strong>AGRADECIDOS <\/strong>con las <strong>608 firmas recogidas en Mecerreyes<\/strong> para pedir sigan abiertos los centros de salud de los pueblos. Las firmas, se han entregado ya en la Junta de Castilla y Le\u00f3n, junto a las recogidas en otros municipios del Arlanza.<\/p>\n\n\n\n<p>Alegres cada vez que encontramos enlaces de noticias que ponen en valor nuestro pueblo o a los nuestros.<\/p>\n\n\n\n<p style=\"font-size:22px\" class=\"has-background has-luminous-vivid-amber-background-color\"><strong>60 ANIVERSARIO DE  ROJIS (F\u00e9lix Gonz\u00e1lez) y CASILDA (Hilaria).<\/strong><\/p>\n\n\n\n<div class=\"wp-block-media-text alignwide has-background is-stacked-on-mobile\" style=\"background-color:#ffcbf5\"><figure class=\"wp-block-media-text__media\"><img loading=\"lazy\" decoding=\"async\" width=\"768\" height=\"1024\" src=\"http:\/\/www.mecerreyes.com\/mece\/wp-content\/uploads\/2021\/01\/Casilda-y-Rojis-768x1024.jpeg\" alt=\"\" class=\"wp-image-20515\" srcset=\"https:\/\/www.mecerreyes.com\/mece\/wp-content\/uploads\/2021\/01\/Casilda-y-Rojis-768x1024.jpeg 768w, https:\/\/www.mecerreyes.com\/mece\/wp-content\/uploads\/2021\/01\/Casilda-y-Rojis-225x300.jpeg 225w, https:\/\/www.mecerreyes.com\/mece\/wp-content\/uploads\/2021\/01\/Casilda-y-Rojis-1152x1536.jpeg 1152w, https:\/\/www.mecerreyes.com\/mece\/wp-content\/uploads\/2021\/01\/Casilda-y-Rojis-1080x1440.jpeg 1080w, https:\/\/www.mecerreyes.com\/mece\/wp-content\/uploads\/2021\/01\/Casilda-y-Rojis.jpeg 1536w\" sizes=\"(max-width: 768px) 100vw, 768px\" \/><\/figure><div class=\"wp-block-media-text__content\">\n<p class=\"has-normal-font-size\">El pasado 4 de noviembre celebraron toda una vida juntos estos queridos guiletos, sabemos de su ilusi\u00f3n por compartir con nosotros este feliz acontecimiento, les damos la enhorabuena y deseamos tengan salud para disfrutar de su familia.<\/p>\n<\/div><\/div>\n\n\n\n<div style=\"height:42px\" aria-hidden=\"true\" class=\"wp-block-spacer\"><\/div>\n\n\n\n<p style=\"font-size:22px\" class=\"has-background has-luminous-vivid-amber-background-color\"><strong>DEFUNCIONES<\/strong><\/p>\n\n\n\n<p>Este mes mostramos nuestras condolencias a tres familias, Descansen en Paz:<\/p>\n\n\n\n<div class=\"wp-block-media-text alignwide has-background has-very-light-gray-background-color is-stacked-on-mobile\" style=\"grid-template-columns:59% auto\"><figure class=\"wp-block-media-text__media\"><img loading=\"lazy\" decoding=\"async\" width=\"694\" height=\"1024\" src=\"http:\/\/www.mecerreyes.com\/mece\/wp-content\/uploads\/2021\/01\/Antonio-Portal-Alonso-falleci\u00f3-el-18-12-2020-a-los-99-a\u00f1os-694x1024.jpeg\" alt=\"\" class=\"wp-image-20522\" srcset=\"https:\/\/www.mecerreyes.com\/mece\/wp-content\/uploads\/2021\/01\/Antonio-Portal-Alonso-falleci\u00f3-el-18-12-2020-a-los-99-a\u00f1os-694x1024.jpeg 694w, https:\/\/www.mecerreyes.com\/mece\/wp-content\/uploads\/2021\/01\/Antonio-Portal-Alonso-falleci\u00f3-el-18-12-2020-a-los-99-a\u00f1os-203x300.jpeg 203w, https:\/\/www.mecerreyes.com\/mece\/wp-content\/uploads\/2021\/01\/Antonio-Portal-Alonso-falleci\u00f3-el-18-12-2020-a-los-99-a\u00f1os.jpeg 756w\" sizes=\"(max-width: 694px) 100vw, 694px\" \/><\/figure><div class=\"wp-block-media-text__content\">\n<p style=\"font-size:18px\"><strong>ANTONIO PORTAL ALONSO<\/strong> falleci\u00f3 en Burgos el d\u00eda 18 de diciembre a los 99 a\u00f1os de edad. Sus familiares trajeron sus restos a Mecerreyes donde pas\u00f3 la primera etapa de su vida, para que descanse en su querido pueblo. <\/p>\n\n\n\n<p class=\"has-text-align-center\"><strong>D.E.P.<\/strong><\/p>\n<\/div><\/div>\n\n\n\n<hr class=\"wp-block-separator\"\/>\n\n\n\n<div style=\"height:34px\" aria-hidden=\"true\" class=\"wp-block-spacer\"><\/div>\n\n\n\n<div class=\"wp-block-media-text alignwide is-stacked-on-mobile\"><figure class=\"wp-block-media-text__media\"><img loading=\"lazy\" decoding=\"async\" width=\"600\" height=\"695\" src=\"http:\/\/www.mecerreyes.com\/mece\/wp-content\/uploads\/2021\/01\/Ram\u00f3n-Alonso-Burgos-falleci\u00f3-el-25-de-diciembre-de-2020-a-los-82-a\u00f1os.jpg\" alt=\"\" class=\"wp-image-20525\" srcset=\"https:\/\/www.mecerreyes.com\/mece\/wp-content\/uploads\/2021\/01\/Ram\u00f3n-Alonso-Burgos-falleci\u00f3-el-25-de-diciembre-de-2020-a-los-82-a\u00f1os.jpg 600w, https:\/\/www.mecerreyes.com\/mece\/wp-content\/uploads\/2021\/01\/Ram\u00f3n-Alonso-Burgos-falleci\u00f3-el-25-de-diciembre-de-2020-a-los-82-a\u00f1os-259x300.jpg 259w\" sizes=\"(max-width: 600px) 100vw, 600px\" \/><\/figure><div class=\"wp-block-media-text__content\">\n<p style=\"font-size:18px\"><strong>RAM\u00d3N ALONSO BURGOS<\/strong>, falleci\u00f3 en Derio el 25 de diciembre de 2020 a los 82 a\u00f1os de edad.<\/p>\n\n\n\n<p>Un abrazo para toda la familia.<\/p>\n\n\n\n<p class=\"has-text-align-center\"><strong>D.E.P.<\/strong><\/p>\n<\/div><\/div>\n\n\n\n<hr class=\"wp-block-separator\"\/>\n\n\n\n<div style=\"height:41px\" aria-hidden=\"true\" class=\"wp-block-spacer\"><\/div>\n\n\n\n<div class=\"wp-block-media-text alignwide has-background has-very-light-gray-background-color is-stacked-on-mobile is-vertically-aligned-center\" style=\"grid-template-columns:31% auto\"><figure class=\"wp-block-media-text__media\"><img loading=\"lazy\" decoding=\"async\" width=\"154\" height=\"220\" src=\"http:\/\/www.mecerreyes.com\/mece\/wp-content\/uploads\/2021\/01\/Jordi-Puigtio-falleci\u00f3-en-Alemania-el-25-12-2020-c-1.jpg\" alt=\"\" class=\"wp-image-20528\"\/><\/figure><div class=\"wp-block-media-text__content\">\n<p><strong>JORDI PUIGTIO GONZ\u00c1LEZ<\/strong>, falleci\u00f3 el 26 de diciembre de 2020 a los 42 a\u00f1os despu\u00e9s de una larga enfermedad.<br>Un cari\u00f1oso abrazo a su esposa: Lorena, hijos: Marc y Claudia<br>Padres: Juan Carlos Puigtio y Palmi Gonz\u00e1lez.<\/p>\n\n\n\n<p class=\"has-text-align-center\"><em>(Nieto de Saturnino y Esperanza)<\/em><\/p>\n\n\n\n<p class=\"has-text-align-center\"><strong>D.E.P.<\/strong><\/p>\n<\/div><\/div>\n\n\n\n<hr class=\"wp-block-separator\"\/>\n\n\n\n<div style=\"height:42px\" aria-hidden=\"true\" class=\"wp-block-spacer\"><\/div>\n\n\n\n<p style=\"font-size:22px\" class=\"has-background has-luminous-vivid-amber-background-color\"><strong>ANIVERSARIO DE LA REAPERTURA DEL BAR LA VILLA.<\/strong><\/p>\n\n\n\n<p>El 24 de diciembre se cumpli\u00f3 un a\u00f1o de la reapertura del Bar la Villa a cargo de Ana Blanco y Mar\u00eda S\u00e1nchez.<\/p>\n\n\n\n<p>La pandemia tambi\u00e9n ha hecho mella en sus ilusiones y proyectos, uso limitado de las instalaciones, fr\u00edo extremo para disfrutar en el exterior\u2026, pero aguantan y reinventan su terraza y carta para ofrecer lo mejor a los guiletos.<\/p>\n\n\n\n<p>Despacho de pan a primeras horas del d\u00eda previo encargo, dar comidas y cenas, sellar la cartilla de los que deciden hacer la ruta del destierro del Cid, y sobre todo mantener el punto de encuentro de cuadrillas y vecinos.<\/p>\n\n\n\n<p>Con motivo del sorteo de Loter\u00eda Nacional del 22 de diciembre el Bar la Villa organiz\u00f3 la rifa de una cesta navide\u00f1a, el copioso premio se lo llev\u00f3 Javier&nbsp;&nbsp;&nbsp; .\u00a1\u00a1Felicidades Javi!!<\/p>\n\n\n\n<div class=\"wp-block-image\"><figure class=\"aligncenter size-large is-resized\"><img loading=\"lazy\" decoding=\"async\" src=\"http:\/\/www.mecerreyes.com\/mece\/wp-content\/uploads\/2021\/01\/Entrega-de-Cesta-de-Navidad-Bar-la-Villa-Mecerreyes-768x1024.jpg\" alt=\"\" class=\"wp-image-20530\" width=\"433\" height=\"577\" srcset=\"https:\/\/www.mecerreyes.com\/mece\/wp-content\/uploads\/2021\/01\/Entrega-de-Cesta-de-Navidad-Bar-la-Villa-Mecerreyes-768x1024.jpg 768w, https:\/\/www.mecerreyes.com\/mece\/wp-content\/uploads\/2021\/01\/Entrega-de-Cesta-de-Navidad-Bar-la-Villa-Mecerreyes-225x300.jpg 225w, https:\/\/www.mecerreyes.com\/mece\/wp-content\/uploads\/2021\/01\/Entrega-de-Cesta-de-Navidad-Bar-la-Villa-Mecerreyes-1152x1536.jpg 1152w, https:\/\/www.mecerreyes.com\/mece\/wp-content\/uploads\/2021\/01\/Entrega-de-Cesta-de-Navidad-Bar-la-Villa-Mecerreyes-1080x1440.jpg 1080w, https:\/\/www.mecerreyes.com\/mece\/wp-content\/uploads\/2021\/01\/Entrega-de-Cesta-de-Navidad-Bar-la-Villa-Mecerreyes.jpg 1500w\" sizes=\"(max-width: 433px) 100vw, 433px\" \/><\/figure><\/div>\n\n\n\n<p>Que este 2021 podamos disfrutar en el Bar la Villa con menos limitaciones.<\/p>\n\n\n\n<p style=\"font-size:22px\" class=\"has-background has-luminous-vivid-amber-background-color\"><strong>NACIMIENTO JULIA ALONSO AUS\u00cdN<\/strong><\/p>\n\n\n\n<p>El pasado 2 de enero la familia <strong>ALONSO \u2013 AUS\u00cdN<\/strong> empez\u00f3 el a\u00f1o dando la bienvenida a su hija Julia.<\/p>\n\n\n\n<p>Frutos y Marta nos presentan a su peque\u00f1a que ya es el delirio de sus abuelos Javier, Goyi y Charo.<\/p>\n\n\n\n<p>Nuestra enhorabuena a las dos familias, deseando verlos pronto por Mecerreyes con esta preciosa ni\u00f1a. <\/p>\n\n\n\n<figure class=\"wp-block-image size-large\"><img loading=\"lazy\" decoding=\"async\" width=\"836\" height=\"1024\" src=\"http:\/\/www.mecerreyes.com\/mece\/wp-content\/uploads\/2021\/01\/Nacimiento-de-Julia-Alonso-Aus\u00edn-836x1024.jpg\" alt=\"\" class=\"wp-image-20562\" srcset=\"https:\/\/www.mecerreyes.com\/mece\/wp-content\/uploads\/2021\/01\/Nacimiento-de-Julia-Alonso-Aus\u00edn-836x1024.jpg 836w, https:\/\/www.mecerreyes.com\/mece\/wp-content\/uploads\/2021\/01\/Nacimiento-de-Julia-Alonso-Aus\u00edn-245x300.jpg 245w, https:\/\/www.mecerreyes.com\/mece\/wp-content\/uploads\/2021\/01\/Nacimiento-de-Julia-Alonso-Aus\u00edn-768x941.jpg 768w, https:\/\/www.mecerreyes.com\/mece\/wp-content\/uploads\/2021\/01\/Nacimiento-de-Julia-Alonso-Aus\u00edn.jpg 1080w\" sizes=\"(max-width: 836px) 100vw, 836px\" \/><\/figure>\n\n\n\n<div style=\"height:39px\" aria-hidden=\"true\" class=\"wp-block-spacer\"><\/div>\n\n\n\n<p style=\"font-size:22px\" class=\"has-background has-luminous-vivid-amber-background-color\"><strong>LITROS DE LLUVIA<\/strong><\/p>\n\n\n\n<p><em>Datos recogidos por Pedro Luis Santamar\u00eda<\/em><\/p>\n\n\n\n<figure class=\"wp-block-image size-large\"><img loading=\"lazy\" decoding=\"async\" width=\"592\" height=\"199\" src=\"http:\/\/www.mecerreyes.com\/mece\/wp-content\/uploads\/2021\/01\/Mecerreyes-litros-de-agua-ca\u00eddos-en-2020.jpg\" alt=\"\" class=\"wp-image-20529\" srcset=\"https:\/\/www.mecerreyes.com\/mece\/wp-content\/uploads\/2021\/01\/Mecerreyes-litros-de-agua-ca\u00eddos-en-2020.jpg 592w, https:\/\/www.mecerreyes.com\/mece\/wp-content\/uploads\/2021\/01\/Mecerreyes-litros-de-agua-ca\u00eddos-en-2020-300x101.jpg 300w\" sizes=\"(max-width: 592px) 100vw, 592px\" \/><\/figure>\n\n\n\n<figure class=\"wp-block-image size-large\"><img loading=\"lazy\" decoding=\"async\" width=\"509\" height=\"320\" src=\"http:\/\/www.mecerreyes.com\/mece\/wp-content\/uploads\/2021\/01\/Mecerreyes-Gr\u00e1fico-Litros-de-agua-ca\u00eddos-en-2020.jpg\" alt=\"\" class=\"wp-image-20519\" srcset=\"https:\/\/www.mecerreyes.com\/mece\/wp-content\/uploads\/2021\/01\/Mecerreyes-Gr\u00e1fico-Litros-de-agua-ca\u00eddos-en-2020.jpg 509w, https:\/\/www.mecerreyes.com\/mece\/wp-content\/uploads\/2021\/01\/Mecerreyes-Gr\u00e1fico-Litros-de-agua-ca\u00eddos-en-2020-300x189.jpg 300w, https:\/\/www.mecerreyes.com\/mece\/wp-content\/uploads\/2021\/01\/Mecerreyes-Gr\u00e1fico-Litros-de-agua-ca\u00eddos-en-2020-400x250.jpg 400w\" sizes=\"(max-width: 509px) 100vw, 509px\" \/><\/figure>\n\n\n\n<figure class=\"wp-block-image size-large\"><img loading=\"lazy\" decoding=\"async\" width=\"585\" height=\"86\" src=\"http:\/\/www.mecerreyes.com\/mece\/wp-content\/uploads\/2021\/01\/Mecerreyes-Hist\u00f3rico-de-Litros-de-agua-ca\u00eddos-de-2015-a-2020.jpg\" alt=\"\" class=\"wp-image-20518\" srcset=\"https:\/\/www.mecerreyes.com\/mece\/wp-content\/uploads\/2021\/01\/Mecerreyes-Hist\u00f3rico-de-Litros-de-agua-ca\u00eddos-de-2015-a-2020.jpg 585w, https:\/\/www.mecerreyes.com\/mece\/wp-content\/uploads\/2021\/01\/Mecerreyes-Hist\u00f3rico-de-Litros-de-agua-ca\u00eddos-de-2015-a-2020-300x44.jpg 300w\" sizes=\"(max-width: 585px) 100vw, 585px\" \/><\/figure>\n\n\n\n<figure class=\"wp-block-image size-large\"><img loading=\"lazy\" decoding=\"async\" width=\"500\" height=\"311\" src=\"http:\/\/www.mecerreyes.com\/mece\/wp-content\/uploads\/2021\/01\/Mecerreyes-Gr\u00e1fico-Hist\u00f3rico-de-Litros-de-agua-ca\u00eddos-de-2015-a-2020.jpg\" alt=\"\" class=\"wp-image-20520\" srcset=\"https:\/\/www.mecerreyes.com\/mece\/wp-content\/uploads\/2021\/01\/Mecerreyes-Gr\u00e1fico-Hist\u00f3rico-de-Litros-de-agua-ca\u00eddos-de-2015-a-2020.jpg 500w, https:\/\/www.mecerreyes.com\/mece\/wp-content\/uploads\/2021\/01\/Mecerreyes-Gr\u00e1fico-Hist\u00f3rico-de-Litros-de-agua-ca\u00eddos-de-2015-a-2020-300x187.jpg 300w, https:\/\/www.mecerreyes.com\/mece\/wp-content\/uploads\/2021\/01\/Mecerreyes-Gr\u00e1fico-Hist\u00f3rico-de-Litros-de-agua-ca\u00eddos-de-2015-a-2020-400x250.jpg 400w\" sizes=\"(max-width: 500px) 100vw, 500px\" \/><\/figure>\n\n\n\n<p style=\"font-size:22px\" class=\"has-background has-luminous-vivid-amber-background-color\"><strong>VIDEOS PARA EL RECUERDO<\/strong><\/p>\n\n\n\n<p>Aunque muchos tenemos grabado en formato VHS el proceso de construcci\u00f3n del \u00faltimo carro en Mecerreyes en el a\u00f1o 2000, verlo transformado en formatos m\u00e1s actuales (con casi 300.000 visitas en Youtube, en 2 semanas) y que llegue a los m\u00e1s j\u00f3venes es bienvenido.<\/p>\n\n\n\n<p>Os dejamos este excelente trabajo de equipo de un oficio ya perdido, pero no olvidado. <\/p>\n\n\n\n<figure class=\"wp-block-embed-youtube wp-block-embed is-type-video is-provider-youtube wp-embed-aspect-4-3 wp-has-aspect-ratio\"><div class=\"wp-block-embed__wrapper\">\n<iframe loading=\"lazy\" title=\"Los carros de Mecerreyes (Parte 2) | Fabricaci\u00f3n de la caja | Oficios Perdidos\" width=\"1080\" height=\"810\" src=\"https:\/\/www.youtube.com\/embed\/XfnWWJfOP6A?feature=oembed\" frameborder=\"0\" allow=\"accelerometer; autoplay; clipboard-write; encrypted-media; gyroscope; picture-in-picture\" allowfullscreen><\/iframe>\n<\/div><\/figure>\n\n\n\n<p style=\"font-size:14px\"><em>El oficio de la carreter\u00eda tuvo en la localidad burgalesa de Mecerreyes uno de los centros de producci\u00f3n m\u00e1s renombrados en las tierras de la Castilla occidental. En el a\u00f1o 2000, los \u00faltimos carreteros de este pueblo se animaron a mostrar su maestr\u00eda artesanal construyendo la caja completa de un carro.<\/em> <strong>Oficios Perdidos: Eugenio Monesma<\/strong><\/p>\n\n\n\n<figure class=\"wp-block-embed-youtube wp-block-embed is-type-video is-provider-youtube wp-embed-aspect-4-3 wp-has-aspect-ratio\"><div class=\"wp-block-embed__wrapper\">\n<iframe loading=\"lazy\" title=\"Los carros de Mecerreyes (Parte 1) | Fabricaci\u00f3n de la rueda | Oficios Perdidos\" width=\"1080\" height=\"810\" src=\"https:\/\/www.youtube.com\/embed\/BezsDw7cteE?feature=oembed\" frameborder=\"0\" allow=\"accelerometer; autoplay; clipboard-write; encrypted-media; gyroscope; picture-in-picture\" allowfullscreen><\/iframe>\n<\/div><\/figure>\n\n\n\n<p style=\"font-size:14px\"><em>Entusiasmados por lo bien que hab\u00eda quedado la caja del carro, los tres maestros de carros de Mecerreyes se animaron unos meses despu\u00e9s a mostrarnos todos lo secretos de la fabricaci\u00f3n de la rueda, un trabajo en el que se combinaban el arte del trabajo con la madera y el buen hacer de los herreros.<\/em> <strong>Oficios Perdidos: Eugenio Monesma<\/strong><\/p>\n\n\n\n<p style=\"font-size:22px\" class=\"has-background has-luminous-vivid-amber-background-color\"><strong>SABINARES DEL ARLANZA &#8211; LA YECLA, DECLARADO PARQUE NATURAL<\/strong><\/p>\n\n\n\n<p>Con la Ley aprobada el 2 de diciembre se pretende preservar los extraordinarios valores medioambientales y asegurar el desarrollo de los municipios integrados en las casi 40.000 hect\u00e1reas de extensi\u00f3n, incluyendo la <strong>totalidad<\/strong> <strong>de los t\u00e9rminos<\/strong>: Carazo, Contreras, Mamolar, Quintanilla del Coco, Santib\u00e1\u00f1ez del Val, Santo Domingo de Silos y Retuerta.<\/p>\n\n\n\n<p><strong>Y parcialmente<\/strong> a los t\u00e9rminos municipales de: Arauzo de Miel, Barbadillo del Mercado, Cascajares de la Sierra, Ciruelos de Cervera, Covarrubias, Cuevas de San Clemente, Espinosa de Cervera, Hortig\u00fcela, Mambrillas de Lara, <strong>Mecerreyes<\/strong>, Pinilla de los Barruecos, La Revilla y Ahedo, Tejada y Villanueva de Carazo.<\/p>\n\n\n\n<p>Una vez declarado Parque Natural se elaborar\u00e1 un Plan Rector de Uso y Gesti\u00f3n, como instrumento de planificaci\u00f3n operativa y de gesti\u00f3n que fijar\u00e1 las normas generales de uso y gesti\u00f3n del Parque. <\/p>\n\n\n\n<p><a  rel=\"noreferrer noopener\" href=\"https:\/\/www.diariodeburgos.es\/Noticia\/Z6A1F118B-E97A-A3F5-B771BA64D3AF534A\/202012\/Sabinares-del-Arlanza-La-Yecla-declarado-Parque-Natural\" target=\"_blank\">https:\/\/www.diariodeburgos.es\/Noticia\/Z6A1F118B-E97A-A3F5-B771BA64D3AF534A\/202012\/Sabinares-del-Arlanza-La-Yecla-declarado-Parque-Natural<\/a><\/p>\n\n\n\n<figure class=\"wp-block-image size-large\"><img loading=\"lazy\" decoding=\"async\" width=\"831\" height=\"808\" src=\"http:\/\/www.mecerreyes.com\/mece\/wp-content\/uploads\/2021\/01\/Declaracion-Parque-Natural-Sabinares-del-Arlanza-2-12-2020.jpg\" alt=\"\" class=\"wp-image-20534\" srcset=\"https:\/\/www.mecerreyes.com\/mece\/wp-content\/uploads\/2021\/01\/Declaracion-Parque-Natural-Sabinares-del-Arlanza-2-12-2020.jpg 831w, https:\/\/www.mecerreyes.com\/mece\/wp-content\/uploads\/2021\/01\/Declaracion-Parque-Natural-Sabinares-del-Arlanza-2-12-2020-300x292.jpg 300w, https:\/\/www.mecerreyes.com\/mece\/wp-content\/uploads\/2021\/01\/Declaracion-Parque-Natural-Sabinares-del-Arlanza-2-12-2020-768x747.jpg 768w\" sizes=\"(max-width: 831px) 100vw, 831px\" \/><\/figure>\n\n\n\n<p style=\"font-size:22px\" class=\"has-background has-luminous-vivid-amber-background-color\"><strong>MECERREYES Y SUS GENTES<\/strong><\/p>\n\n\n\n<p style=\"background-color:#e9f9d0\" class=\"has-background has-medium-font-size\"><strong>FLORISTER\u00cdA CASTILLA<\/strong><\/p>\n\n\n\n<p>Enhorabuena Jos\u00e9 Manuel Gonz\u00e1lez por ese merecido premio,\u201d<strong> El mejor comercio de 2020<\/strong>\u201d otorgado por los comerciantes de Burgos.<\/p>\n\n\n\n<p>Reconocimiento a su gesti\u00f3n, diversificaci\u00f3n y mantenimiento de empleos en un a\u00f1o tan complicado. <\/p>\n\n\n\n<p><a  href=\"https:\/\/elcorreodeburgos.elmundo.es\/articulo\/burgos\/comerciantes-eligen-floristeria-castilla-como-mejor-2020\/20201223182051371945.html\" target=\"_blank\" rel=\"noreferrer noopener\">https:\/\/elcorreodeburgos.elmundo.es\/articulo\/burgos\/comerciantes-eligen-floristeria-castilla-como-mejor-2020\/20201223182051371945.html<\/a><\/p>\n\n\n\n<figure class=\"wp-block-image size-large\"><img loading=\"lazy\" decoding=\"async\" width=\"1024\" height=\"483\" src=\"http:\/\/www.mecerreyes.com\/mece\/wp-content\/uploads\/2021\/01\/Floristeria-Castilla-Mejor-2020-1024x483.jpg\" alt=\"\" class=\"wp-image-20535\" srcset=\"https:\/\/www.mecerreyes.com\/mece\/wp-content\/uploads\/2021\/01\/Floristeria-Castilla-Mejor-2020-1024x483.jpg 1024w, https:\/\/www.mecerreyes.com\/mece\/wp-content\/uploads\/2021\/01\/Floristeria-Castilla-Mejor-2020-300x142.jpg 300w, https:\/\/www.mecerreyes.com\/mece\/wp-content\/uploads\/2021\/01\/Floristeria-Castilla-Mejor-2020-768x362.jpg 768w, https:\/\/www.mecerreyes.com\/mece\/wp-content\/uploads\/2021\/01\/Floristeria-Castilla-Mejor-2020.jpg 1032w\" sizes=\"(max-width: 1024px) 100vw, 1024px\" \/><\/figure>\n\n\n\n<div style=\"height:43px\" aria-hidden=\"true\" class=\"wp-block-spacer\"><\/div>\n\n\n\n<p style=\"background-color:#e9f9d0\" class=\"has-background has-medium-font-size\"><strong>AL COMP\u00c1S DE UN SUE\u00d1O<\/strong><\/p>\n\n\n\n<p>T\u00edtulo del videoclip oficial (Burgos Club de F\u00fatbol) compuesto por David Sendino e interpretado por un grupo de amigos entre los que sen encuentra <strong>Daniel Santamar\u00eda Portal<\/strong> en los coros y percusiones.<\/p>\n\n\n\n<p>Que pronto podamos ver las gradas de los estadios deportivos, salas de conciertos y plazas de pueblos llenas de p\u00fablico para disfrutar del deporte y de la m\u00fasica.<\/p>\n\n\n\n<p>Daniel Santamar\u00eda Portal seguir\u00e1 con sus bandas SEND y ATRAPA TU PEZ, a la espera de poder disfrutar del p\u00fablico en directo.<\/p>\n\n\n\n<p>Y que la afici\u00f3n del Burgos Club de F\u00fatbol cante \u201cAl comp\u00e1s de un sue\u00f1o\u201d desde unas gradas llenas de vida. <\/p>\n\n\n\n<figure class=\"wp-block-embed-youtube wp-block-embed is-type-video is-provider-youtube wp-embed-aspect-16-9 wp-has-aspect-ratio\"><div class=\"wp-block-embed__wrapper\">\n<iframe loading=\"lazy\" title=\"David Send - Al comp\u00e1s de un sue\u00f1o (Burgos Club de F\u00fatbol)\" width=\"1080\" height=\"608\" src=\"https:\/\/www.youtube.com\/embed\/lokSXRm-gPk?feature=oembed\" frameborder=\"0\" allow=\"accelerometer; autoplay; clipboard-write; encrypted-media; gyroscope; picture-in-picture\" allowfullscreen><\/iframe>\n<\/div><\/figure>\n\n\n\n<p style=\"background-color:#e9f9d0\" class=\"has-background has-medium-font-size\"><strong>JACINTO ALONSO Y OSCAR ORTIZ (TIRITIRANTES)<\/strong><\/p>\n\n\n\n<p>Como bien dice Diario de Burgos, las compa\u00f1\u00edas de teatro burgalesas siguen adelante cocinando nuevos proyectos a la espera de tiempos mejores.<\/p>\n\n\n\n<p>El 2020 ha permitido crear un nuevo espect\u00e1culo a nuestros amigos de TIRITIRANTES<strong><em> \u201cEl conjuro que desat\u00f3 la locura en el reino<\/em><\/strong>\u201d una propuesta rompedora con una <a  href=\"https:\/\/www.mecerreyes.com\/mece\/?page_id=32\">historia<\/a> que bien se podr\u00eda trasladar al siglo XXI, y moraleja para vencer el miedo a los cambios.<\/p>\n\n\n\n<p>Mucha suerte Jacinto. \u00a1Viva el circo! <\/p>\n\n\n\n<p><a  href=\"https:\/\/www.diariodeburgos.es\/Noticia\/Z3C0A1113-BFF8-A2FE-17A6A4235A7AEB55\/202101\/El-espectaculo-continua\">https:\/\/www.diariodeburgos.es\/Noticia\/Z3C0A1113-BFF8-A2FE-17A6A4235A7AEB55\/202101\/El-espectaculo-continua<\/a><\/p>\n\n\n\n<figure class=\"wp-block-image size-large\"><img loading=\"lazy\" decoding=\"async\" width=\"833\" height=\"1024\" src=\"http:\/\/www.mecerreyes.com\/mece\/wp-content\/uploads\/2021\/01\/Diario-de-Burgos-Tiritirantes-El-Espect\u00e1culo-diciembre-2020-833x1024.jpeg\" alt=\"\" class=\"wp-image-20532\" srcset=\"https:\/\/www.mecerreyes.com\/mece\/wp-content\/uploads\/2021\/01\/Diario-de-Burgos-Tiritirantes-El-Espect\u00e1culo-diciembre-2020-833x1024.jpeg 833w, https:\/\/www.mecerreyes.com\/mece\/wp-content\/uploads\/2021\/01\/Diario-de-Burgos-Tiritirantes-El-Espect\u00e1culo-diciembre-2020-244x300.jpeg 244w, https:\/\/www.mecerreyes.com\/mece\/wp-content\/uploads\/2021\/01\/Diario-de-Burgos-Tiritirantes-El-Espect\u00e1culo-diciembre-2020-768x944.jpeg 768w, https:\/\/www.mecerreyes.com\/mece\/wp-content\/uploads\/2021\/01\/Diario-de-Burgos-Tiritirantes-El-Espect\u00e1culo-diciembre-2020.jpeg 1080w\" sizes=\"(max-width: 833px) 100vw, 833px\" \/><\/figure>\n\n\n\n<p style=\"background-color:#e9f9d0\" class=\"has-background has-medium-font-size\"><strong>LAURA MAESO ALONSO &#8211; TESIS DOCTORAL CUM LAUDE<\/strong><\/p>\n\n\n\n<p>Termina una etapa de estudio, investigaci\u00f3n, sacrificio, esfuerzo, a veces frustraci\u00f3n, pero sobre todo de ilusi\u00f3n, vocaci\u00f3n y \u00e9xito para Laura Maeso Alonso.<\/p>\n\n\n\n<div class=\"wp-block-image\"><figure class=\"alignright size-large is-resized\"><img loading=\"lazy\" decoding=\"async\" src=\"http:\/\/www.mecerreyes.com\/mece\/wp-content\/uploads\/2021\/01\/LAURA-MAESO-ALONSO-TESIS-DOCTORAL-CUM-LAUDE-768x1024.jpeg\" alt=\"\" class=\"wp-image-20537\" width=\"236\" height=\"314\" srcset=\"https:\/\/www.mecerreyes.com\/mece\/wp-content\/uploads\/2021\/01\/LAURA-MAESO-ALONSO-TESIS-DOCTORAL-CUM-LAUDE-768x1024.jpeg 768w, https:\/\/www.mecerreyes.com\/mece\/wp-content\/uploads\/2021\/01\/LAURA-MAESO-ALONSO-TESIS-DOCTORAL-CUM-LAUDE-225x300.jpeg 225w, https:\/\/www.mecerreyes.com\/mece\/wp-content\/uploads\/2021\/01\/LAURA-MAESO-ALONSO-TESIS-DOCTORAL-CUM-LAUDE-1152x1536.jpeg 1152w, https:\/\/www.mecerreyes.com\/mece\/wp-content\/uploads\/2021\/01\/LAURA-MAESO-ALONSO-TESIS-DOCTORAL-CUM-LAUDE-1080x1440.jpeg 1080w, https:\/\/www.mecerreyes.com\/mece\/wp-content\/uploads\/2021\/01\/LAURA-MAESO-ALONSO-TESIS-DOCTORAL-CUM-LAUDE.jpeg 1200w\" sizes=\"(max-width: 236px) 100vw, 236px\" \/><\/figure><\/div>\n\n\n\n<p>El mes de diciembre Laura defendi\u00f3 su tesis doctoral \u201cROLE OF P73 IN EPITHELIAL TISSUE ARCHITECTURE: IMPLICATIONS FOR CYTOSKELETON DYNAMICS AND CELL JUNCTION ESTABLISHMENT\u00bb <strong>(Papel de p73 en el establecimiento de la arquitectura epitelial: implicaciones para la din\u00e1mica del citoesqueleto y el establecimiento de las uniones intercelulares de c\u00e9lulas endoteliales<\/strong>) y mediante un enlace online sus becarios, amigos y familiares pudieron ver su ponencia y enviarle las mejores vibraciones.<\/p>\n\n\n\n<p>Todos ellos participaron en un v\u00eddeo regalo-sorpresa para Laura, agradecidos por haber formado parte de este largo viaje.<\/p>\n\n\n\n<p>Laura deseamos puedas seguir tu camino profesional en Espa\u00f1a cosechando muchos \u00e9xitos y avances para la ciencia que lleven tu marca. <\/p>\n\n\n\n<figure class=\"wp-block-embed-youtube wp-block-embed is-type-video is-provider-youtube wp-embed-aspect-16-9 wp-has-aspect-ratio\"><div class=\"wp-block-embed__wrapper\">\n<iframe loading=\"lazy\" title=\"Compartiendo un viaje. Familia y amigos de  Laura Maeso Alonso\" width=\"1080\" height=\"608\" src=\"https:\/\/www.youtube.com\/embed\/qwQrBMRN9Qk?feature=oembed\" frameborder=\"0\" allow=\"accelerometer; autoplay; clipboard-write; encrypted-media; gyroscope; picture-in-picture\" allowfullscreen><\/iframe>\n<\/div><\/figure>\n\n\n\n<p style=\"font-size:22px\" class=\"has-background has-luminous-vivid-amber-background-color\"><strong>NOCHE DE REYES EN MECERREYES<\/strong><\/p>\n\n\n\n<p>Ante una <a  href=\"https:\/\/www.mecerreyes.com\/mece\/?page_id=62\">Navidad<\/a> fr\u00eda climatol\u00f3gicamente hablando, con celebraciones exclusivamente familiares, varias casas han iluminado sus fachadas sum\u00e1ndose a la iluminaci\u00f3n municipal, llenando de color las noches guiletas.<\/p>\n\n\n\n<div class=\"wp-block-image\"><figure class=\"aligncenter size-large is-resized\"><img loading=\"lazy\" decoding=\"async\" src=\"http:\/\/www.mecerreyes.com\/mece\/wp-content\/uploads\/2021\/01\/Mecerreyes-Noche-Reyes-Magos-5-01-2021-s-576x1024.jpg\" alt=\"\" class=\"wp-image-20539\" width=\"408\" height=\"725\" srcset=\"https:\/\/www.mecerreyes.com\/mece\/wp-content\/uploads\/2021\/01\/Mecerreyes-Noche-Reyes-Magos-5-01-2021-s-576x1024.jpg 576w, https:\/\/www.mecerreyes.com\/mece\/wp-content\/uploads\/2021\/01\/Mecerreyes-Noche-Reyes-Magos-5-01-2021-s-169x300.jpg 169w, https:\/\/www.mecerreyes.com\/mece\/wp-content\/uploads\/2021\/01\/Mecerreyes-Noche-Reyes-Magos-5-01-2021-s-768x1366.jpg 768w, https:\/\/www.mecerreyes.com\/mece\/wp-content\/uploads\/2021\/01\/Mecerreyes-Noche-Reyes-Magos-5-01-2021-s-864x1536.jpg 864w, https:\/\/www.mecerreyes.com\/mece\/wp-content\/uploads\/2021\/01\/Mecerreyes-Noche-Reyes-Magos-5-01-2021-s.jpg 960w\" sizes=\"(max-width: 408px) 100vw, 408px\" \/><\/figure><\/div>\n\n\n\n<p>La Asociaci\u00f3n Cultural Mecerreyes, siguiendo todas las medidas sanitarias llev\u00f3 a cabo una Noche de Reyes m\u00e1gica, los ni\u00f1os se lo merec\u00edan despu\u00e9s de un a\u00f1o tan cruel para ellos.<\/p>\n\n\n\n<p>Melchor, Gaspar y Baltasar ayudados por un paje, repartieron casa por casa los regalos a los 23 ni\u00f1os que estaban en Mecerreyes.<\/p>\n\n\n\n<p>La novedad en la forma en que llegaron sus majestades, ver sus caras de asombro y la ilusi\u00f3n de los regalos llen\u00f3 de magia la noche del d\u00eda 5 de enero. <\/p>\n\n\n\n<figure class=\"wp-block-image size-large\"><img loading=\"lazy\" decoding=\"async\" width=\"1024\" height=\"576\" src=\"http:\/\/www.mecerreyes.com\/mece\/wp-content\/uploads\/2021\/01\/Mecerreyes-Noche-Reyes-Magos-5-01-2021-o-1024x576.jpg\" alt=\"\" class=\"wp-image-20550\" srcset=\"https:\/\/www.mecerreyes.com\/mece\/wp-content\/uploads\/2021\/01\/Mecerreyes-Noche-Reyes-Magos-5-01-2021-o-1024x576.jpg 1024w, https:\/\/www.mecerreyes.com\/mece\/wp-content\/uploads\/2021\/01\/Mecerreyes-Noche-Reyes-Magos-5-01-2021-o-300x169.jpg 300w, https:\/\/www.mecerreyes.com\/mece\/wp-content\/uploads\/2021\/01\/Mecerreyes-Noche-Reyes-Magos-5-01-2021-o-768x432.jpg 768w, https:\/\/www.mecerreyes.com\/mece\/wp-content\/uploads\/2021\/01\/Mecerreyes-Noche-Reyes-Magos-5-01-2021-o-1536x864.jpg 1536w, https:\/\/www.mecerreyes.com\/mece\/wp-content\/uploads\/2021\/01\/Mecerreyes-Noche-Reyes-Magos-5-01-2021-o-1080x608.jpg 1080w, https:\/\/www.mecerreyes.com\/mece\/wp-content\/uploads\/2021\/01\/Mecerreyes-Noche-Reyes-Magos-5-01-2021-o.jpg 2016w\" sizes=\"(max-width: 1024px) 100vw, 1024px\" \/><\/figure>\n\n\n\n<p style=\"font-size:22px\" class=\"has-text-align-center\"><strong>Recordad, en Mecerreyes<\/strong><\/p>\n\n\n\n<p style=\"font-size:22px\" class=\"has-text-align-center\"><strong> \u00a1\u00a1\u00a1SOMOS ORIGENIALES!!!<\/strong><\/p>\n\n\n\n<p style=\"font-size:22px\" class=\"has-background has-luminous-vivid-amber-background-color\"><strong>REFRANERO<\/strong><\/p>\n\n\n\n<div class=\"wp-block-group\"><div class=\"wp-block-group__inner-container is-layout-flow wp-block-group-is-layout-flow\">\n<ul class=\"wp-block-list\"><li><em>En diciembre hielos y nieves, si quieres buen a\u00f1o al que viene.<\/em><\/li><li><em>Sembrar en noviembre y barbechar en diciembre.<\/em><\/li><li><em>Cuando diciembre es fr\u00edo y la nieve abunda, el labrador tiene fe en una a\u00f1ada fecunda.<\/em><\/li><li><em>Diciembre que se marcha tiritando, buen a\u00f1o viene pregonando.<\/em><\/li><\/ul>\n<\/div><\/div>\n\n\n\n<figure class=\"wp-block-gallery columns-2 is-cropped wp-block-gallery-1 is-layout-flex wp-block-gallery-is-layout-flex\"><ul class=\"blocks-gallery-grid\"><li class=\"blocks-gallery-item\"><figure><a  href=\"http:\/\/www.mecerreyes.com\/mece\/wp-content\/uploads\/2021\/01\/Mecerreyes-Noche-Reyes-Magos-5-01-2021-e-1024x762.jpg\" class=\"thickbox no_icon\" title=\"\"><img loading=\"lazy\" decoding=\"async\" width=\"1024\" height=\"762\" src=\"http:\/\/www.mecerreyes.com\/mece\/wp-content\/uploads\/2021\/01\/Mecerreyes-Noche-Reyes-Magos-5-01-2021-e-1024x762.jpg\" alt=\"\" data-id=\"20540\" data-link=\"http:\/\/www.mecerreyes.com\/mece\/?attachment_id=20540\" class=\"wp-image-20540\" srcset=\"https:\/\/www.mecerreyes.com\/mece\/wp-content\/uploads\/2021\/01\/Mecerreyes-Noche-Reyes-Magos-5-01-2021-e-1024x762.jpg 1024w, https:\/\/www.mecerreyes.com\/mece\/wp-content\/uploads\/2021\/01\/Mecerreyes-Noche-Reyes-Magos-5-01-2021-e-300x223.jpg 300w, https:\/\/www.mecerreyes.com\/mece\/wp-content\/uploads\/2021\/01\/Mecerreyes-Noche-Reyes-Magos-5-01-2021-e-768x571.jpg 768w, https:\/\/www.mecerreyes.com\/mece\/wp-content\/uploads\/2021\/01\/Mecerreyes-Noche-Reyes-Magos-5-01-2021-e-1536x1142.jpg 1536w, https:\/\/www.mecerreyes.com\/mece\/wp-content\/uploads\/2021\/01\/Mecerreyes-Noche-Reyes-Magos-5-01-2021-e-1080x803.jpg 1080w, https:\/\/www.mecerreyes.com\/mece\/wp-content\/uploads\/2021\/01\/Mecerreyes-Noche-Reyes-Magos-5-01-2021-e.jpg 2048w\" sizes=\"(max-width: 1024px) 100vw, 1024px\" \/><\/a><\/figure><\/li><li class=\"blocks-gallery-item\"><figure><a  href=\"http:\/\/www.mecerreyes.com\/mece\/wp-content\/uploads\/2021\/01\/Mecerreyes-Noche-Reyes-Magos-5-01-2021-f-1024x576.jpg\" class=\"thickbox no_icon\" title=\"\"><img loading=\"lazy\" decoding=\"async\" width=\"1024\" height=\"576\" src=\"http:\/\/www.mecerreyes.com\/mece\/wp-content\/uploads\/2021\/01\/Mecerreyes-Noche-Reyes-Magos-5-01-2021-f-1024x576.jpg\" alt=\"\" data-id=\"20541\" data-link=\"http:\/\/www.mecerreyes.com\/mece\/?attachment_id=20541\" class=\"wp-image-20541\" srcset=\"https:\/\/www.mecerreyes.com\/mece\/wp-content\/uploads\/2021\/01\/Mecerreyes-Noche-Reyes-Magos-5-01-2021-f-1024x576.jpg 1024w, https:\/\/www.mecerreyes.com\/mece\/wp-content\/uploads\/2021\/01\/Mecerreyes-Noche-Reyes-Magos-5-01-2021-f-300x169.jpg 300w, https:\/\/www.mecerreyes.com\/mece\/wp-content\/uploads\/2021\/01\/Mecerreyes-Noche-Reyes-Magos-5-01-2021-f-768x432.jpg 768w, https:\/\/www.mecerreyes.com\/mece\/wp-content\/uploads\/2021\/01\/Mecerreyes-Noche-Reyes-Magos-5-01-2021-f-1536x864.jpg 1536w, https:\/\/www.mecerreyes.com\/mece\/wp-content\/uploads\/2021\/01\/Mecerreyes-Noche-Reyes-Magos-5-01-2021-f-1080x608.jpg 1080w, https:\/\/www.mecerreyes.com\/mece\/wp-content\/uploads\/2021\/01\/Mecerreyes-Noche-Reyes-Magos-5-01-2021-f.jpg 2016w\" sizes=\"(max-width: 1024px) 100vw, 1024px\" \/><\/a><\/figure><\/li><li class=\"blocks-gallery-item\"><figure><a  href=\"http:\/\/www.mecerreyes.com\/mece\/wp-content\/uploads\/2021\/01\/Mecerreyes-Noche-Reyes-Magos-5-01-2021-g-1024x576.jpg\" class=\"thickbox no_icon\" title=\"\"><img loading=\"lazy\" decoding=\"async\" width=\"1024\" height=\"576\" src=\"http:\/\/www.mecerreyes.com\/mece\/wp-content\/uploads\/2021\/01\/Mecerreyes-Noche-Reyes-Magos-5-01-2021-g-1024x576.jpg\" alt=\"\" data-id=\"20542\" data-link=\"http:\/\/www.mecerreyes.com\/mece\/?attachment_id=20542\" class=\"wp-image-20542\" srcset=\"https:\/\/www.mecerreyes.com\/mece\/wp-content\/uploads\/2021\/01\/Mecerreyes-Noche-Reyes-Magos-5-01-2021-g-1024x576.jpg 1024w, https:\/\/www.mecerreyes.com\/mece\/wp-content\/uploads\/2021\/01\/Mecerreyes-Noche-Reyes-Magos-5-01-2021-g-300x169.jpg 300w, https:\/\/www.mecerreyes.com\/mece\/wp-content\/uploads\/2021\/01\/Mecerreyes-Noche-Reyes-Magos-5-01-2021-g-768x432.jpg 768w, https:\/\/www.mecerreyes.com\/mece\/wp-content\/uploads\/2021\/01\/Mecerreyes-Noche-Reyes-Magos-5-01-2021-g-1536x864.jpg 1536w, https:\/\/www.mecerreyes.com\/mece\/wp-content\/uploads\/2021\/01\/Mecerreyes-Noche-Reyes-Magos-5-01-2021-g-1080x608.jpg 1080w, https:\/\/www.mecerreyes.com\/mece\/wp-content\/uploads\/2021\/01\/Mecerreyes-Noche-Reyes-Magos-5-01-2021-g.jpg 2016w\" sizes=\"(max-width: 1024px) 100vw, 1024px\" \/><\/a><\/figure><\/li><li class=\"blocks-gallery-item\"><figure><a  href=\"http:\/\/www.mecerreyes.com\/mece\/wp-content\/uploads\/2021\/01\/Mecerreyes-Noche-Reyes-Magos-5-01-2021-h-1024x576.jpg\" class=\"thickbox no_icon\" title=\"\"><img loading=\"lazy\" decoding=\"async\" width=\"1024\" height=\"576\" src=\"http:\/\/www.mecerreyes.com\/mece\/wp-content\/uploads\/2021\/01\/Mecerreyes-Noche-Reyes-Magos-5-01-2021-h-1024x576.jpg\" alt=\"\" data-id=\"20543\" data-link=\"http:\/\/www.mecerreyes.com\/mece\/?attachment_id=20543\" class=\"wp-image-20543\" srcset=\"https:\/\/www.mecerreyes.com\/mece\/wp-content\/uploads\/2021\/01\/Mecerreyes-Noche-Reyes-Magos-5-01-2021-h-1024x576.jpg 1024w, https:\/\/www.mecerreyes.com\/mece\/wp-content\/uploads\/2021\/01\/Mecerreyes-Noche-Reyes-Magos-5-01-2021-h-300x169.jpg 300w, https:\/\/www.mecerreyes.com\/mece\/wp-content\/uploads\/2021\/01\/Mecerreyes-Noche-Reyes-Magos-5-01-2021-h-768x432.jpg 768w, https:\/\/www.mecerreyes.com\/mece\/wp-content\/uploads\/2021\/01\/Mecerreyes-Noche-Reyes-Magos-5-01-2021-h-1536x864.jpg 1536w, https:\/\/www.mecerreyes.com\/mece\/wp-content\/uploads\/2021\/01\/Mecerreyes-Noche-Reyes-Magos-5-01-2021-h-1080x608.jpg 1080w, https:\/\/www.mecerreyes.com\/mece\/wp-content\/uploads\/2021\/01\/Mecerreyes-Noche-Reyes-Magos-5-01-2021-h.jpg 2016w\" sizes=\"(max-width: 1024px) 100vw, 1024px\" \/><\/a><\/figure><\/li><li class=\"blocks-gallery-item\"><figure><a  href=\"http:\/\/www.mecerreyes.com\/mece\/wp-content\/uploads\/2021\/01\/Mecerreyes-Noche-Reyes-Magos-5-01-2021-i-1024x576.jpg\" class=\"thickbox no_icon\" title=\"\"><img loading=\"lazy\" decoding=\"async\" width=\"1024\" height=\"576\" src=\"http:\/\/www.mecerreyes.com\/mece\/wp-content\/uploads\/2021\/01\/Mecerreyes-Noche-Reyes-Magos-5-01-2021-i-1024x576.jpg\" alt=\"\" data-id=\"20544\" data-link=\"http:\/\/www.mecerreyes.com\/mece\/?attachment_id=20544\" class=\"wp-image-20544\" srcset=\"https:\/\/www.mecerreyes.com\/mece\/wp-content\/uploads\/2021\/01\/Mecerreyes-Noche-Reyes-Magos-5-01-2021-i-1024x576.jpg 1024w, https:\/\/www.mecerreyes.com\/mece\/wp-content\/uploads\/2021\/01\/Mecerreyes-Noche-Reyes-Magos-5-01-2021-i-300x169.jpg 300w, https:\/\/www.mecerreyes.com\/mece\/wp-content\/uploads\/2021\/01\/Mecerreyes-Noche-Reyes-Magos-5-01-2021-i-768x432.jpg 768w, https:\/\/www.mecerreyes.com\/mece\/wp-content\/uploads\/2021\/01\/Mecerreyes-Noche-Reyes-Magos-5-01-2021-i-1536x864.jpg 1536w, https:\/\/www.mecerreyes.com\/mece\/wp-content\/uploads\/2021\/01\/Mecerreyes-Noche-Reyes-Magos-5-01-2021-i-1080x608.jpg 1080w, https:\/\/www.mecerreyes.com\/mece\/wp-content\/uploads\/2021\/01\/Mecerreyes-Noche-Reyes-Magos-5-01-2021-i.jpg 2016w\" sizes=\"(max-width: 1024px) 100vw, 1024px\" \/><\/a><\/figure><\/li><li class=\"blocks-gallery-item\"><figure><a  href=\"http:\/\/www.mecerreyes.com\/mece\/wp-content\/uploads\/2021\/01\/Mecerreyes-Noche-Reyes-Magos-5-01-2021-j-1024x576.jpg\" class=\"thickbox no_icon\" title=\"\"><img loading=\"lazy\" decoding=\"async\" width=\"1024\" height=\"576\" src=\"http:\/\/www.mecerreyes.com\/mece\/wp-content\/uploads\/2021\/01\/Mecerreyes-Noche-Reyes-Magos-5-01-2021-j-1024x576.jpg\" alt=\"\" data-id=\"20545\" data-link=\"http:\/\/www.mecerreyes.com\/mece\/?attachment_id=20545\" class=\"wp-image-20545\" srcset=\"https:\/\/www.mecerreyes.com\/mece\/wp-content\/uploads\/2021\/01\/Mecerreyes-Noche-Reyes-Magos-5-01-2021-j-1024x576.jpg 1024w, https:\/\/www.mecerreyes.com\/mece\/wp-content\/uploads\/2021\/01\/Mecerreyes-Noche-Reyes-Magos-5-01-2021-j-300x169.jpg 300w, https:\/\/www.mecerreyes.com\/mece\/wp-content\/uploads\/2021\/01\/Mecerreyes-Noche-Reyes-Magos-5-01-2021-j-768x432.jpg 768w, https:\/\/www.mecerreyes.com\/mece\/wp-content\/uploads\/2021\/01\/Mecerreyes-Noche-Reyes-Magos-5-01-2021-j-1536x864.jpg 1536w, https:\/\/www.mecerreyes.com\/mece\/wp-content\/uploads\/2021\/01\/Mecerreyes-Noche-Reyes-Magos-5-01-2021-j-1080x608.jpg 1080w, https:\/\/www.mecerreyes.com\/mece\/wp-content\/uploads\/2021\/01\/Mecerreyes-Noche-Reyes-Magos-5-01-2021-j.jpg 2016w\" sizes=\"(max-width: 1024px) 100vw, 1024px\" \/><\/a><\/figure><\/li><li class=\"blocks-gallery-item\"><figure><a  href=\"http:\/\/www.mecerreyes.com\/mece\/wp-content\/uploads\/2021\/01\/Mecerreyes-Noche-Reyes-Magos-5-01-2021-k-1024x576.jpg\" class=\"thickbox no_icon\" title=\"\"><img loading=\"lazy\" decoding=\"async\" width=\"1024\" height=\"576\" src=\"http:\/\/www.mecerreyes.com\/mece\/wp-content\/uploads\/2021\/01\/Mecerreyes-Noche-Reyes-Magos-5-01-2021-k-1024x576.jpg\" alt=\"\" data-id=\"20546\" data-link=\"http:\/\/www.mecerreyes.com\/mece\/?attachment_id=20546\" class=\"wp-image-20546\" srcset=\"https:\/\/www.mecerreyes.com\/mece\/wp-content\/uploads\/2021\/01\/Mecerreyes-Noche-Reyes-Magos-5-01-2021-k-1024x576.jpg 1024w, https:\/\/www.mecerreyes.com\/mece\/wp-content\/uploads\/2021\/01\/Mecerreyes-Noche-Reyes-Magos-5-01-2021-k-300x169.jpg 300w, https:\/\/www.mecerreyes.com\/mece\/wp-content\/uploads\/2021\/01\/Mecerreyes-Noche-Reyes-Magos-5-01-2021-k-768x432.jpg 768w, https:\/\/www.mecerreyes.com\/mece\/wp-content\/uploads\/2021\/01\/Mecerreyes-Noche-Reyes-Magos-5-01-2021-k-1536x864.jpg 1536w, https:\/\/www.mecerreyes.com\/mece\/wp-content\/uploads\/2021\/01\/Mecerreyes-Noche-Reyes-Magos-5-01-2021-k-1080x608.jpg 1080w, https:\/\/www.mecerreyes.com\/mece\/wp-content\/uploads\/2021\/01\/Mecerreyes-Noche-Reyes-Magos-5-01-2021-k.jpg 2016w\" sizes=\"(max-width: 1024px) 100vw, 1024px\" \/><\/a><\/figure><\/li><li class=\"blocks-gallery-item\"><figure><a  href=\"http:\/\/www.mecerreyes.com\/mece\/wp-content\/uploads\/2021\/01\/Mecerreyes-Noche-Reyes-Magos-5-01-2021-l-1024x576.jpg\" class=\"thickbox no_icon\" title=\"\"><img loading=\"lazy\" decoding=\"async\" width=\"1024\" height=\"576\" src=\"http:\/\/www.mecerreyes.com\/mece\/wp-content\/uploads\/2021\/01\/Mecerreyes-Noche-Reyes-Magos-5-01-2021-l-1024x576.jpg\" alt=\"\" data-id=\"20547\" data-link=\"http:\/\/www.mecerreyes.com\/mece\/?attachment_id=20547\" class=\"wp-image-20547\" srcset=\"https:\/\/www.mecerreyes.com\/mece\/wp-content\/uploads\/2021\/01\/Mecerreyes-Noche-Reyes-Magos-5-01-2021-l-1024x576.jpg 1024w, https:\/\/www.mecerreyes.com\/mece\/wp-content\/uploads\/2021\/01\/Mecerreyes-Noche-Reyes-Magos-5-01-2021-l-300x169.jpg 300w, https:\/\/www.mecerreyes.com\/mece\/wp-content\/uploads\/2021\/01\/Mecerreyes-Noche-Reyes-Magos-5-01-2021-l-768x432.jpg 768w, https:\/\/www.mecerreyes.com\/mece\/wp-content\/uploads\/2021\/01\/Mecerreyes-Noche-Reyes-Magos-5-01-2021-l-1536x864.jpg 1536w, https:\/\/www.mecerreyes.com\/mece\/wp-content\/uploads\/2021\/01\/Mecerreyes-Noche-Reyes-Magos-5-01-2021-l-1080x608.jpg 1080w, https:\/\/www.mecerreyes.com\/mece\/wp-content\/uploads\/2021\/01\/Mecerreyes-Noche-Reyes-Magos-5-01-2021-l.jpg 2016w\" sizes=\"(max-width: 1024px) 100vw, 1024px\" \/><\/a><\/figure><\/li><li class=\"blocks-gallery-item\"><figure><a  href=\"http:\/\/www.mecerreyes.com\/mece\/wp-content\/uploads\/2021\/01\/Mecerreyes-Noche-Reyes-Magos-5-01-2021-m-1024x576.jpg\" class=\"thickbox no_icon\" title=\"\"><img loading=\"lazy\" decoding=\"async\" width=\"1024\" height=\"576\" src=\"http:\/\/www.mecerreyes.com\/mece\/wp-content\/uploads\/2021\/01\/Mecerreyes-Noche-Reyes-Magos-5-01-2021-m-1024x576.jpg\" alt=\"\" data-id=\"20548\" data-link=\"http:\/\/www.mecerreyes.com\/mece\/?attachment_id=20548\" class=\"wp-image-20548\" srcset=\"https:\/\/www.mecerreyes.com\/mece\/wp-content\/uploads\/2021\/01\/Mecerreyes-Noche-Reyes-Magos-5-01-2021-m-1024x576.jpg 1024w, https:\/\/www.mecerreyes.com\/mece\/wp-content\/uploads\/2021\/01\/Mecerreyes-Noche-Reyes-Magos-5-01-2021-m-300x169.jpg 300w, https:\/\/www.mecerreyes.com\/mece\/wp-content\/uploads\/2021\/01\/Mecerreyes-Noche-Reyes-Magos-5-01-2021-m-768x432.jpg 768w, https:\/\/www.mecerreyes.com\/mece\/wp-content\/uploads\/2021\/01\/Mecerreyes-Noche-Reyes-Magos-5-01-2021-m-1536x864.jpg 1536w, https:\/\/www.mecerreyes.com\/mece\/wp-content\/uploads\/2021\/01\/Mecerreyes-Noche-Reyes-Magos-5-01-2021-m-1080x608.jpg 1080w, https:\/\/www.mecerreyes.com\/mece\/wp-content\/uploads\/2021\/01\/Mecerreyes-Noche-Reyes-Magos-5-01-2021-m.jpg 2016w\" sizes=\"(max-width: 1024px) 100vw, 1024px\" \/><\/a><\/figure><\/li><li class=\"blocks-gallery-item\"><figure><a  href=\"http:\/\/www.mecerreyes.com\/mece\/wp-content\/uploads\/2021\/01\/Mecerreyes-Noche-Reyes-Magos-5-01-2021-n-1024x576.jpg\" class=\"thickbox no_icon\" title=\"\"><img loading=\"lazy\" decoding=\"async\" width=\"1024\" height=\"576\" src=\"http:\/\/www.mecerreyes.com\/mece\/wp-content\/uploads\/2021\/01\/Mecerreyes-Noche-Reyes-Magos-5-01-2021-n-1024x576.jpg\" alt=\"\" data-id=\"20549\" data-link=\"http:\/\/www.mecerreyes.com\/mece\/?attachment_id=20549\" class=\"wp-image-20549\" srcset=\"https:\/\/www.mecerreyes.com\/mece\/wp-content\/uploads\/2021\/01\/Mecerreyes-Noche-Reyes-Magos-5-01-2021-n-1024x576.jpg 1024w, https:\/\/www.mecerreyes.com\/mece\/wp-content\/uploads\/2021\/01\/Mecerreyes-Noche-Reyes-Magos-5-01-2021-n-300x169.jpg 300w, https:\/\/www.mecerreyes.com\/mece\/wp-content\/uploads\/2021\/01\/Mecerreyes-Noche-Reyes-Magos-5-01-2021-n-768x432.jpg 768w, https:\/\/www.mecerreyes.com\/mece\/wp-content\/uploads\/2021\/01\/Mecerreyes-Noche-Reyes-Magos-5-01-2021-n-1536x864.jpg 1536w, https:\/\/www.mecerreyes.com\/mece\/wp-content\/uploads\/2021\/01\/Mecerreyes-Noche-Reyes-Magos-5-01-2021-n-1080x608.jpg 1080w, https:\/\/www.mecerreyes.com\/mece\/wp-content\/uploads\/2021\/01\/Mecerreyes-Noche-Reyes-Magos-5-01-2021-n.jpg 2016w\" sizes=\"(max-width: 1024px) 100vw, 1024px\" \/><\/a><\/figure><\/li><li class=\"blocks-gallery-item\"><figure><a  href=\"http:\/\/www.mecerreyes.com\/mece\/wp-content\/uploads\/2021\/01\/Mecerreyes-Noche-Reyes-Magos-5-01-2021-p-1024x576.jpg\" class=\"thickbox no_icon\" title=\"\"><img loading=\"lazy\" decoding=\"async\" width=\"1024\" height=\"576\" src=\"http:\/\/www.mecerreyes.com\/mece\/wp-content\/uploads\/2021\/01\/Mecerreyes-Noche-Reyes-Magos-5-01-2021-p-1024x576.jpg\" alt=\"\" data-id=\"20551\" data-link=\"http:\/\/www.mecerreyes.com\/mece\/?attachment_id=20551\" class=\"wp-image-20551\" srcset=\"https:\/\/www.mecerreyes.com\/mece\/wp-content\/uploads\/2021\/01\/Mecerreyes-Noche-Reyes-Magos-5-01-2021-p-1024x576.jpg 1024w, https:\/\/www.mecerreyes.com\/mece\/wp-content\/uploads\/2021\/01\/Mecerreyes-Noche-Reyes-Magos-5-01-2021-p-300x169.jpg 300w, https:\/\/www.mecerreyes.com\/mece\/wp-content\/uploads\/2021\/01\/Mecerreyes-Noche-Reyes-Magos-5-01-2021-p-768x432.jpg 768w, https:\/\/www.mecerreyes.com\/mece\/wp-content\/uploads\/2021\/01\/Mecerreyes-Noche-Reyes-Magos-5-01-2021-p-1536x864.jpg 1536w, https:\/\/www.mecerreyes.com\/mece\/wp-content\/uploads\/2021\/01\/Mecerreyes-Noche-Reyes-Magos-5-01-2021-p-1080x608.jpg 1080w, https:\/\/www.mecerreyes.com\/mece\/wp-content\/uploads\/2021\/01\/Mecerreyes-Noche-Reyes-Magos-5-01-2021-p.jpg 2016w\" sizes=\"(max-width: 1024px) 100vw, 1024px\" \/><\/a><\/figure><\/li><li class=\"blocks-gallery-item\"><figure><a  href=\"http:\/\/www.mecerreyes.com\/mece\/wp-content\/uploads\/2021\/01\/Mecerreyes-Noche-Reyes-Magos-5-01-2021-q-1024x768.jpg\" class=\"thickbox no_icon\" title=\"\"><img loading=\"lazy\" decoding=\"async\" width=\"1024\" height=\"768\" src=\"http:\/\/www.mecerreyes.com\/mece\/wp-content\/uploads\/2021\/01\/Mecerreyes-Noche-Reyes-Magos-5-01-2021-q-1024x768.jpg\" alt=\"\" data-id=\"20552\" data-link=\"http:\/\/www.mecerreyes.com\/mece\/?attachment_id=20552\" class=\"wp-image-20552\" srcset=\"https:\/\/www.mecerreyes.com\/mece\/wp-content\/uploads\/2021\/01\/Mecerreyes-Noche-Reyes-Magos-5-01-2021-q-1024x768.jpg 1024w, https:\/\/www.mecerreyes.com\/mece\/wp-content\/uploads\/2021\/01\/Mecerreyes-Noche-Reyes-Magos-5-01-2021-q-300x225.jpg 300w, https:\/\/www.mecerreyes.com\/mece\/wp-content\/uploads\/2021\/01\/Mecerreyes-Noche-Reyes-Magos-5-01-2021-q-768x576.jpg 768w, https:\/\/www.mecerreyes.com\/mece\/wp-content\/uploads\/2021\/01\/Mecerreyes-Noche-Reyes-Magos-5-01-2021-q-1536x1152.jpg 1536w, https:\/\/www.mecerreyes.com\/mece\/wp-content\/uploads\/2021\/01\/Mecerreyes-Noche-Reyes-Magos-5-01-2021-q-1080x810.jpg 1080w, https:\/\/www.mecerreyes.com\/mece\/wp-content\/uploads\/2021\/01\/Mecerreyes-Noche-Reyes-Magos-5-01-2021-q.jpg 1600w\" sizes=\"(max-width: 1024px) 100vw, 1024px\" \/><\/a><\/figure><\/li><li class=\"blocks-gallery-item\"><figure><a  href=\"http:\/\/www.mecerreyes.com\/mece\/wp-content\/uploads\/2021\/01\/Mecerreyes-Noche-Reyes-Magos-5-01-2021-r-1024x768.jpg\" class=\"thickbox no_icon\" title=\"\"><img loading=\"lazy\" decoding=\"async\" width=\"1024\" height=\"768\" src=\"http:\/\/www.mecerreyes.com\/mece\/wp-content\/uploads\/2021\/01\/Mecerreyes-Noche-Reyes-Magos-5-01-2021-r-1024x768.jpg\" alt=\"\" data-id=\"20553\" data-link=\"http:\/\/www.mecerreyes.com\/mece\/?attachment_id=20553\" class=\"wp-image-20553\" srcset=\"https:\/\/www.mecerreyes.com\/mece\/wp-content\/uploads\/2021\/01\/Mecerreyes-Noche-Reyes-Magos-5-01-2021-r-1024x768.jpg 1024w, https:\/\/www.mecerreyes.com\/mece\/wp-content\/uploads\/2021\/01\/Mecerreyes-Noche-Reyes-Magos-5-01-2021-r-300x225.jpg 300w, https:\/\/www.mecerreyes.com\/mece\/wp-content\/uploads\/2021\/01\/Mecerreyes-Noche-Reyes-Magos-5-01-2021-r-768x576.jpg 768w, https:\/\/www.mecerreyes.com\/mece\/wp-content\/uploads\/2021\/01\/Mecerreyes-Noche-Reyes-Magos-5-01-2021-r-1536x1152.jpg 1536w, https:\/\/www.mecerreyes.com\/mece\/wp-content\/uploads\/2021\/01\/Mecerreyes-Noche-Reyes-Magos-5-01-2021-r-1080x810.jpg 1080w, https:\/\/www.mecerreyes.com\/mece\/wp-content\/uploads\/2021\/01\/Mecerreyes-Noche-Reyes-Magos-5-01-2021-r.jpg 1600w\" sizes=\"(max-width: 1024px) 100vw, 1024px\" \/><\/a><\/figure><\/li><li class=\"blocks-gallery-item\"><figure><a  href=\"http:\/\/www.mecerreyes.com\/mece\/wp-content\/uploads\/2021\/01\/Mecerreyes-Noche-Reyes-Magos-5-01-2021-a-1024x576.jpg\" class=\"thickbox no_icon\" title=\"\"><img loading=\"lazy\" decoding=\"async\" width=\"1024\" height=\"576\" src=\"http:\/\/www.mecerreyes.com\/mece\/wp-content\/uploads\/2021\/01\/Mecerreyes-Noche-Reyes-Magos-5-01-2021-a-1024x576.jpg\" alt=\"\" data-id=\"20554\" data-link=\"http:\/\/www.mecerreyes.com\/mece\/?attachment_id=20554\" class=\"wp-image-20554\" srcset=\"https:\/\/www.mecerreyes.com\/mece\/wp-content\/uploads\/2021\/01\/Mecerreyes-Noche-Reyes-Magos-5-01-2021-a-1024x576.jpg 1024w, https:\/\/www.mecerreyes.com\/mece\/wp-content\/uploads\/2021\/01\/Mecerreyes-Noche-Reyes-Magos-5-01-2021-a-300x169.jpg 300w, https:\/\/www.mecerreyes.com\/mece\/wp-content\/uploads\/2021\/01\/Mecerreyes-Noche-Reyes-Magos-5-01-2021-a-768x432.jpg 768w, https:\/\/www.mecerreyes.com\/mece\/wp-content\/uploads\/2021\/01\/Mecerreyes-Noche-Reyes-Magos-5-01-2021-a-1536x864.jpg 1536w, https:\/\/www.mecerreyes.com\/mece\/wp-content\/uploads\/2021\/01\/Mecerreyes-Noche-Reyes-Magos-5-01-2021-a-1080x608.jpg 1080w, https:\/\/www.mecerreyes.com\/mece\/wp-content\/uploads\/2021\/01\/Mecerreyes-Noche-Reyes-Magos-5-01-2021-a.jpg 2016w\" sizes=\"(max-width: 1024px) 100vw, 1024px\" \/><\/a><\/figure><\/li><li class=\"blocks-gallery-item\"><figure><a  href=\"http:\/\/www.mecerreyes.com\/mece\/wp-content\/uploads\/2021\/01\/Mecerreyes-Noche-Reyes-Magos-5-01-2021-b-1024x576.jpg\" class=\"thickbox no_icon\" title=\"\"><img loading=\"lazy\" decoding=\"async\" width=\"1024\" height=\"576\" src=\"http:\/\/www.mecerreyes.com\/mece\/wp-content\/uploads\/2021\/01\/Mecerreyes-Noche-Reyes-Magos-5-01-2021-b-1024x576.jpg\" alt=\"\" data-id=\"20555\" data-link=\"http:\/\/www.mecerreyes.com\/mece\/?attachment_id=20555\" class=\"wp-image-20555\" srcset=\"https:\/\/www.mecerreyes.com\/mece\/wp-content\/uploads\/2021\/01\/Mecerreyes-Noche-Reyes-Magos-5-01-2021-b-1024x576.jpg 1024w, https:\/\/www.mecerreyes.com\/mece\/wp-content\/uploads\/2021\/01\/Mecerreyes-Noche-Reyes-Magos-5-01-2021-b-300x169.jpg 300w, https:\/\/www.mecerreyes.com\/mece\/wp-content\/uploads\/2021\/01\/Mecerreyes-Noche-Reyes-Magos-5-01-2021-b-768x432.jpg 768w, https:\/\/www.mecerreyes.com\/mece\/wp-content\/uploads\/2021\/01\/Mecerreyes-Noche-Reyes-Magos-5-01-2021-b-1536x864.jpg 1536w, https:\/\/www.mecerreyes.com\/mece\/wp-content\/uploads\/2021\/01\/Mecerreyes-Noche-Reyes-Magos-5-01-2021-b-1080x608.jpg 1080w, https:\/\/www.mecerreyes.com\/mece\/wp-content\/uploads\/2021\/01\/Mecerreyes-Noche-Reyes-Magos-5-01-2021-b.jpg 1600w\" sizes=\"(max-width: 1024px) 100vw, 1024px\" \/><\/a><\/figure><\/li><li class=\"blocks-gallery-item\"><figure><a  href=\"http:\/\/www.mecerreyes.com\/mece\/wp-content\/uploads\/2021\/01\/Mecerreyes-Noche-Reyes-Magos-5-01-2021-c-1024x576.jpg\" class=\"thickbox no_icon\" title=\"\"><img loading=\"lazy\" decoding=\"async\" width=\"1024\" height=\"576\" src=\"http:\/\/www.mecerreyes.com\/mece\/wp-content\/uploads\/2021\/01\/Mecerreyes-Noche-Reyes-Magos-5-01-2021-c-1024x576.jpg\" alt=\"\" data-id=\"20556\" data-link=\"http:\/\/www.mecerreyes.com\/mece\/?attachment_id=20556\" class=\"wp-image-20556\" srcset=\"https:\/\/www.mecerreyes.com\/mece\/wp-content\/uploads\/2021\/01\/Mecerreyes-Noche-Reyes-Magos-5-01-2021-c-1024x576.jpg 1024w, https:\/\/www.mecerreyes.com\/mece\/wp-content\/uploads\/2021\/01\/Mecerreyes-Noche-Reyes-Magos-5-01-2021-c-300x169.jpg 300w, https:\/\/www.mecerreyes.com\/mece\/wp-content\/uploads\/2021\/01\/Mecerreyes-Noche-Reyes-Magos-5-01-2021-c-768x432.jpg 768w, https:\/\/www.mecerreyes.com\/mece\/wp-content\/uploads\/2021\/01\/Mecerreyes-Noche-Reyes-Magos-5-01-2021-c-1536x864.jpg 1536w, https:\/\/www.mecerreyes.com\/mece\/wp-content\/uploads\/2021\/01\/Mecerreyes-Noche-Reyes-Magos-5-01-2021-c-1080x608.jpg 1080w, https:\/\/www.mecerreyes.com\/mece\/wp-content\/uploads\/2021\/01\/Mecerreyes-Noche-Reyes-Magos-5-01-2021-c.jpg 2016w\" sizes=\"(max-width: 1024px) 100vw, 1024px\" \/><\/a><\/figure><\/li><li class=\"blocks-gallery-item\"><figure><a  href=\"http:\/\/www.mecerreyes.com\/mece\/wp-content\/uploads\/2021\/01\/Mecerreyes-Noche-Reyes-Magos-5-01-2021-d-1024x576.jpg\" class=\"thickbox no_icon\" title=\"\"><img loading=\"lazy\" decoding=\"async\" width=\"1024\" height=\"576\" src=\"http:\/\/www.mecerreyes.com\/mece\/wp-content\/uploads\/2021\/01\/Mecerreyes-Noche-Reyes-Magos-5-01-2021-d-1024x576.jpg\" alt=\"\" data-id=\"20557\" data-link=\"http:\/\/www.mecerreyes.com\/mece\/?attachment_id=20557\" class=\"wp-image-20557\" srcset=\"https:\/\/www.mecerreyes.com\/mece\/wp-content\/uploads\/2021\/01\/Mecerreyes-Noche-Reyes-Magos-5-01-2021-d-1024x576.jpg 1024w, https:\/\/www.mecerreyes.com\/mece\/wp-content\/uploads\/2021\/01\/Mecerreyes-Noche-Reyes-Magos-5-01-2021-d-300x169.jpg 300w, https:\/\/www.mecerreyes.com\/mece\/wp-content\/uploads\/2021\/01\/Mecerreyes-Noche-Reyes-Magos-5-01-2021-d-768x432.jpg 768w, https:\/\/www.mecerreyes.com\/mece\/wp-content\/uploads\/2021\/01\/Mecerreyes-Noche-Reyes-Magos-5-01-2021-d-1536x864.jpg 1536w, https:\/\/www.mecerreyes.com\/mece\/wp-content\/uploads\/2021\/01\/Mecerreyes-Noche-Reyes-Magos-5-01-2021-d-1080x608.jpg 1080w, https:\/\/www.mecerreyes.com\/mece\/wp-content\/uploads\/2021\/01\/Mecerreyes-Noche-Reyes-Magos-5-01-2021-d.jpg 2016w\" sizes=\"(max-width: 1024px) 100vw, 1024px\" \/><\/a><\/figure><\/li><li class=\"blocks-gallery-item\"><figure><a  href=\"http:\/\/www.mecerreyes.com\/mece\/wp-content\/uploads\/2021\/01\/Mecerreyes-Noche-Reyes-Magos-5-01-2021-t.jpg\" class=\"thickbox no_icon\" title=\"\"><img loading=\"lazy\" decoding=\"async\" width=\"1024\" height=\"576\" src=\"http:\/\/www.mecerreyes.com\/mece\/wp-content\/uploads\/2021\/01\/Mecerreyes-Noche-Reyes-Magos-5-01-2021-t-1024x576.jpg\" alt=\"\" data-id=\"20558\" data-full-url=\"http:\/\/www.mecerreyes.com\/mece\/wp-content\/uploads\/2021\/01\/Mecerreyes-Noche-Reyes-Magos-5-01-2021-t.jpg\" data-link=\"http:\/\/www.mecerreyes.com\/mece\/?attachment_id=20558\" class=\"wp-image-20558\" srcset=\"https:\/\/www.mecerreyes.com\/mece\/wp-content\/uploads\/2021\/01\/Mecerreyes-Noche-Reyes-Magos-5-01-2021-t-1024x576.jpg 1024w, https:\/\/www.mecerreyes.com\/mece\/wp-content\/uploads\/2021\/01\/Mecerreyes-Noche-Reyes-Magos-5-01-2021-t-300x169.jpg 300w, https:\/\/www.mecerreyes.com\/mece\/wp-content\/uploads\/2021\/01\/Mecerreyes-Noche-Reyes-Magos-5-01-2021-t-768x432.jpg 768w, https:\/\/www.mecerreyes.com\/mece\/wp-content\/uploads\/2021\/01\/Mecerreyes-Noche-Reyes-Magos-5-01-2021-t-1536x864.jpg 1536w, https:\/\/www.mecerreyes.com\/mece\/wp-content\/uploads\/2021\/01\/Mecerreyes-Noche-Reyes-Magos-5-01-2021-t-1080x608.jpg 1080w, https:\/\/www.mecerreyes.com\/mece\/wp-content\/uploads\/2021\/01\/Mecerreyes-Noche-Reyes-Magos-5-01-2021-t.jpg 1600w\" sizes=\"(max-width: 1024px) 100vw, 1024px\" \/><\/a><\/figure><\/li><\/ul><\/figure>\n\n\n\n<p><\/p>","protected":false},"excerpt":{"rendered":"<p>Diciembre 2020 Acaba el peor a\u00f1o que se recuerda a nivel mundial, terminan estas fechas navide\u00f1as tan escasas de celebraciones, y aqu\u00ed seguimos para contaros lo acontecido durante el mes de diciembre en Mecerreyes y a las gentes de Mecerreyes. Tristes por contar defunciones y saber que Mecerreyes lidera con un 36,51% de p\u00e9rdida de [&hellip;]<\/p>\n","protected":false},"author":5,"featured_media":20550,"comment_status":"open","ping_status":"closed","sticky":false,"template":"","format":"standard","meta":{"_et_pb_use_builder":"","_et_pb_old_content":"","_et_gb_content_width":"","footnotes":""},"categories":[1],"tags":[10],"class_list":["post-20513","post","type-post","status-publish","format-standard","has-post-thumbnail","hentry","category-general","tag-reyes-magos","et-has-post-format-content","et_post_format-et-post-format-standard"],"_links":{"self":[{"href":"https:\/\/www.mecerreyes.com\/mece\/index.php?rest_route=\/wp\/v2\/posts\/20513"}],"collection":[{"href":"https:\/\/www.mecerreyes.com\/mece\/index.php?rest_route=\/wp\/v2\/posts"}],"about":[{"href":"https:\/\/www.mecerreyes.com\/mece\/index.php?rest_route=\/wp\/v2\/types\/post"}],"author":[{"embeddable":true,"href":"https:\/\/www.mecerreyes.com\/mece\/index.php?rest_route=\/wp\/v2\/users\/5"}],"replies":[{"embeddable":true,"href":"https:\/\/www.mecerreyes.com\/mece\/index.php?rest_route=%2Fwp%2Fv2%2Fcomments&post=20513"}],"version-history":[{"count":11,"href":"https:\/\/www.mecerreyes.com\/mece\/index.php?rest_route=\/wp\/v2\/posts\/20513\/revisions"}],"predecessor-version":[{"id":20564,"href":"https:\/\/www.mecerreyes.com\/mece\/index.php?rest_route=\/wp\/v2\/posts\/20513\/revisions\/20564"}],"wp:featuredmedia":[{"embeddable":true,"href":"https:\/\/www.mecerreyes.com\/mece\/index.php?rest_route=\/wp\/v2\/media\/20550"}],"wp:attachment":[{"href":"https:\/\/www.mecerreyes.com\/mece\/index.php?rest_route=%2Fwp%2Fv2%2Fmedia&parent=20513"}],"wp:term":[{"taxonomy":"category","embeddable":true,"href":"https:\/\/www.mecerreyes.com\/mece\/index.php?rest_route=%2Fwp%2Fv2%2Fcategories&post=20513"},{"taxonomy":"post_tag","embeddable":true,"href":"https:\/\/www.mecerreyes.com\/mece\/index.php?rest_route=%2Fwp%2Fv2%2Ftags&post=20513"}],"curies":[{"name":"wp","href":"https:\/\/api.w.org\/{rel}","templated":true}]}}