{"id":20988,"date":"2021-08-14T23:47:00","date_gmt":"2021-08-14T22:47:00","guid":{"rendered":"http:\/\/www.mecerreyes.com\/mece\/?p=20988"},"modified":"2021-08-18T23:22:22","modified_gmt":"2021-08-18T22:22:22","slug":"mecerreyes-exposicion-covadonga-perez-ortega","status":"publish","type":"post","link":"https:\/\/www.mecerreyes.com\/mece\/?p=20988","title":{"rendered":"Mecerreyes &#8211; Exposici\u00f3n Covadonga P\u00e9rez Ortega"},"content":{"rendered":"<p>Buenos d\u00edas.<\/p>\n\n\n\n<p>Traemos a Mecerreyes de mano de Covadonga P\u00e9rez Ortega esta exposici\u00f3n de acuarelas que lleva por t\u00edtulo: <strong>Agua y Color.<\/strong><\/p>\n\n\n\n<p>Agua que es vida y color que es alegr\u00eda.<\/p>\n\n\n\n<figure class=\"wp-block-gallery aligncenter columns-1 is-cropped wp-block-gallery-1 is-layout-flex wp-block-gallery-is-layout-flex\"><ul class=\"blocks-gallery-grid\"><li class=\"blocks-gallery-item\"><figure><a  href=\"https:\/\/www.mecerreyes.com\/mece\/wp-content\/uploads\/2021\/08\/Exposici\u00f3n-Acuarelas-Covadonga-P\u00e9rez-Ortega-Mecerreyes-agosto-2021-15.jpeg\" class=\"thickbox no_icon\" title=\"\"><img loading=\"lazy\" decoding=\"async\" width=\"680\" height=\"1024\" src=\"https:\/\/www.mecerreyes.com\/mece\/wp-content\/uploads\/2021\/08\/Exposici\u00f3n-Acuarelas-Covadonga-P\u00e9rez-Ortega-Mecerreyes-agosto-2021-15-680x1024.jpeg\" alt=\"\" data-id=\"21017\" data-full-url=\"https:\/\/www.mecerreyes.com\/mece\/wp-content\/uploads\/2021\/08\/Exposici\u00f3n-Acuarelas-Covadonga-P\u00e9rez-Ortega-Mecerreyes-agosto-2021-15.jpeg\" data-link=\"https:\/\/www.mecerreyes.com\/mece\/?attachment_id=21017\" class=\"wp-image-21017\" srcset=\"https:\/\/www.mecerreyes.com\/mece\/wp-content\/uploads\/2021\/08\/Exposici\u00f3n-Acuarelas-Covadonga-P\u00e9rez-Ortega-Mecerreyes-agosto-2021-15-680x1024.jpeg 680w, https:\/\/www.mecerreyes.com\/mece\/wp-content\/uploads\/2021\/08\/Exposici\u00f3n-Acuarelas-Covadonga-P\u00e9rez-Ortega-Mecerreyes-agosto-2021-15-199x300.jpeg 199w, https:\/\/www.mecerreyes.com\/mece\/wp-content\/uploads\/2021\/08\/Exposici\u00f3n-Acuarelas-Covadonga-P\u00e9rez-Ortega-Mecerreyes-agosto-2021-15-768x1157.jpeg 768w, https:\/\/www.mecerreyes.com\/mece\/wp-content\/uploads\/2021\/08\/Exposici\u00f3n-Acuarelas-Covadonga-P\u00e9rez-Ortega-Mecerreyes-agosto-2021-15.jpeg 945w\" sizes=\"(max-width: 680px) 100vw, 680px\" \/><\/a><\/figure><\/li><\/ul><\/figure>\n\n\n\n<p>Agradecemos a Covadonga que nos permita contemplar su obra con distintos temas y gamas crom\u00e1ticas de lo m\u00e1s variado.<\/p>\n\n\n\n<div class=\"wp-block-group\"><div class=\"wp-block-group__inner-container is-layout-flow wp-block-group-is-layout-flow\">\n<figure class=\"wp-block-gallery aligncenter columns-1 is-cropped wp-block-gallery-2 is-layout-flex wp-block-gallery-is-layout-flex\"><ul class=\"blocks-gallery-grid\"><li class=\"blocks-gallery-item\"><figure><a  href=\"https:\/\/www.mecerreyes.com\/mece\/wp-content\/uploads\/2021\/08\/Exposici\u00f3n-Acuarelas-Covadonga-P\u00e9rez-Ortega-Mecerreyes-agosto-2021-16.jpeg\" class=\"thickbox no_icon\" title=\"\"><img loading=\"lazy\" decoding=\"async\" width=\"1575\" height=\"1079\" src=\"https:\/\/www.mecerreyes.com\/mece\/wp-content\/uploads\/2021\/08\/Exposici\u00f3n-Acuarelas-Covadonga-P\u00e9rez-Ortega-Mecerreyes-agosto-2021-16.jpeg\" alt=\"\" data-id=\"21018\" data-full-url=\"https:\/\/www.mecerreyes.com\/mece\/wp-content\/uploads\/2021\/08\/Exposici\u00f3n-Acuarelas-Covadonga-P\u00e9rez-Ortega-Mecerreyes-agosto-2021-16.jpeg\" data-link=\"https:\/\/www.mecerreyes.com\/mece\/?attachment_id=21018\" class=\"wp-image-21018\" srcset=\"https:\/\/www.mecerreyes.com\/mece\/wp-content\/uploads\/2021\/08\/Exposici\u00f3n-Acuarelas-Covadonga-P\u00e9rez-Ortega-Mecerreyes-agosto-2021-16.jpeg 1575w, https:\/\/www.mecerreyes.com\/mece\/wp-content\/uploads\/2021\/08\/Exposici\u00f3n-Acuarelas-Covadonga-P\u00e9rez-Ortega-Mecerreyes-agosto-2021-16-300x206.jpeg 300w, https:\/\/www.mecerreyes.com\/mece\/wp-content\/uploads\/2021\/08\/Exposici\u00f3n-Acuarelas-Covadonga-P\u00e9rez-Ortega-Mecerreyes-agosto-2021-16-1024x702.jpeg 1024w, https:\/\/www.mecerreyes.com\/mece\/wp-content\/uploads\/2021\/08\/Exposici\u00f3n-Acuarelas-Covadonga-P\u00e9rez-Ortega-Mecerreyes-agosto-2021-16-768x526.jpeg 768w, https:\/\/www.mecerreyes.com\/mece\/wp-content\/uploads\/2021\/08\/Exposici\u00f3n-Acuarelas-Covadonga-P\u00e9rez-Ortega-Mecerreyes-agosto-2021-16-1536x1052.jpeg 1536w, https:\/\/www.mecerreyes.com\/mece\/wp-content\/uploads\/2021\/08\/Exposici\u00f3n-Acuarelas-Covadonga-P\u00e9rez-Ortega-Mecerreyes-agosto-2021-16-1080x740.jpeg 1080w\" sizes=\"(max-width: 1575px) 100vw, 1575px\" \/><\/a><\/figure><\/li><\/ul><\/figure>\n<\/div><\/div>\n\n\n\n<p>El uso del agua y su imprevisible comportamiento sobre el soporte obligan a \u201cdominar el agua\u201d,  las creaciones en acuarela representan una s\u00edntesis del concepto de lo que se quiere plasmar, lo cual solo se consigue con un gran dominio de los materiales, del agua y de los pigmentos. Por todo ello hay quien define la Acuarela como \u201cPura poes\u00eda pintada\u201d.<\/p>\n\n\n\n<p>Al principio solo un par de manchas que corren descontroladas por el papel. Luego vienen capas y capas de color. Agua que se mueve por los poros. Pinceladas que parece que no tienen ni ton ni son. Hasta que se ve la forma, el ritmo, los matices. Todo se vuelve claro y toma un nuevo sentido.<\/p>\n\n\n\n<figure class=\"wp-block-gallery aligncenter columns-1 is-cropped wp-block-gallery-3 is-layout-flex wp-block-gallery-is-layout-flex\"><ul class=\"blocks-gallery-grid\"><li class=\"blocks-gallery-item\"><figure><a  href=\"https:\/\/www.mecerreyes.com\/mece\/wp-content\/uploads\/2021\/08\/Exposici\u00f3n-Acuarelas-Covadonga-P\u00e9rez-Ortega-Mecerreyes-agosto-2021-8.jpeg\" class=\"thickbox no_icon\" title=\"\"><img loading=\"lazy\" decoding=\"async\" width=\"751\" height=\"1076\" src=\"https:\/\/www.mecerreyes.com\/mece\/wp-content\/uploads\/2021\/08\/Exposici\u00f3n-Acuarelas-Covadonga-P\u00e9rez-Ortega-Mecerreyes-agosto-2021-8.jpeg\" alt=\"\" data-id=\"21002\" class=\"wp-image-21002\" srcset=\"https:\/\/www.mecerreyes.com\/mece\/wp-content\/uploads\/2021\/08\/Exposici\u00f3n-Acuarelas-Covadonga-P\u00e9rez-Ortega-Mecerreyes-agosto-2021-8.jpeg 751w, https:\/\/www.mecerreyes.com\/mece\/wp-content\/uploads\/2021\/08\/Exposici\u00f3n-Acuarelas-Covadonga-P\u00e9rez-Ortega-Mecerreyes-agosto-2021-8-209x300.jpeg 209w, https:\/\/www.mecerreyes.com\/mece\/wp-content\/uploads\/2021\/08\/Exposici\u00f3n-Acuarelas-Covadonga-P\u00e9rez-Ortega-Mecerreyes-agosto-2021-8-715x1024.jpeg 715w\" sizes=\"(max-width: 751px) 100vw, 751px\" \/><\/a><\/figure><\/li><\/ul><\/figure>\n\n\n\n<p>En la vida como en la acuarela, cada color, cada trazo, cada l\u00ednea que en principio parecen sin sentido se combinan en armon\u00eda creando una obra genuina.<\/p>\n\n\n\n<p>Rafael Alberti reivindica este arte en su poema: \u201c A la acuarela\u201d. El trazo que deja un pincel muy absorbente, hace que los pigmentos en suspensi\u00f3n se depositen como un r\u00edo que deja su carga de sedimentos en las rugosidades del papel. Y cuando se seca admiramos la transparencia de la acuarela. El r\u00edo  est\u00e1 vivo como la obra de arte.<\/p>\n\n\n\n<figure class=\"wp-block-gallery aligncenter columns-1 is-cropped wp-block-gallery-4 is-layout-flex wp-block-gallery-is-layout-flex\"><ul class=\"blocks-gallery-grid\"><li class=\"blocks-gallery-item\"><figure><a  href=\"https:\/\/www.mecerreyes.com\/mece\/wp-content\/uploads\/2021\/08\/Exposici\u00f3n-Acuarelas-Covadonga-P\u00e9rez-Ortega-Mecerreyes-agosto-2021-14.jpeg\" class=\"thickbox no_icon\" title=\"\"><img loading=\"lazy\" decoding=\"async\" width=\"1024\" height=\"519\" src=\"https:\/\/www.mecerreyes.com\/mece\/wp-content\/uploads\/2021\/08\/Exposici\u00f3n-Acuarelas-Covadonga-P\u00e9rez-Ortega-Mecerreyes-agosto-2021-14-1024x519.jpeg\" alt=\"\" data-id=\"21019\" data-full-url=\"https:\/\/www.mecerreyes.com\/mece\/wp-content\/uploads\/2021\/08\/Exposici\u00f3n-Acuarelas-Covadonga-P\u00e9rez-Ortega-Mecerreyes-agosto-2021-14.jpeg\" data-link=\"https:\/\/www.mecerreyes.com\/mece\/?attachment_id=21019\" class=\"wp-image-21019\" srcset=\"https:\/\/www.mecerreyes.com\/mece\/wp-content\/uploads\/2021\/08\/Exposici\u00f3n-Acuarelas-Covadonga-P\u00e9rez-Ortega-Mecerreyes-agosto-2021-14-1024x519.jpeg 1024w, https:\/\/www.mecerreyes.com\/mece\/wp-content\/uploads\/2021\/08\/Exposici\u00f3n-Acuarelas-Covadonga-P\u00e9rez-Ortega-Mecerreyes-agosto-2021-14-300x152.jpeg 300w, https:\/\/www.mecerreyes.com\/mece\/wp-content\/uploads\/2021\/08\/Exposici\u00f3n-Acuarelas-Covadonga-P\u00e9rez-Ortega-Mecerreyes-agosto-2021-14-768x390.jpeg 768w, https:\/\/www.mecerreyes.com\/mece\/wp-content\/uploads\/2021\/08\/Exposici\u00f3n-Acuarelas-Covadonga-P\u00e9rez-Ortega-Mecerreyes-agosto-2021-14-1536x779.jpeg 1536w, https:\/\/www.mecerreyes.com\/mece\/wp-content\/uploads\/2021\/08\/Exposici\u00f3n-Acuarelas-Covadonga-P\u00e9rez-Ortega-Mecerreyes-agosto-2021-14-1080x548.jpeg 1080w, https:\/\/www.mecerreyes.com\/mece\/wp-content\/uploads\/2021\/08\/Exposici\u00f3n-Acuarelas-Covadonga-P\u00e9rez-Ortega-Mecerreyes-agosto-2021-14.jpeg 1575w\" sizes=\"(max-width: 1024px) 100vw, 1024px\" \/><\/a><\/figure><\/li><\/ul><\/figure>\n\n\n\n<p>Covadonga, esperamos disfrutar de esta exposici\u00f3n y te agradecemos desde Mecerreyes que nos permitas su contemplaci\u00f3n. Muchas gracias.<\/p>\n\n\n\n<p><\/p>\n\n\n\n<div class=\"wp-block-group\"><div class=\"wp-block-group__inner-container is-layout-flow wp-block-group-is-layout-flow\">\n<figure class=\"wp-block-gallery columns-1 is-cropped wp-block-gallery-5 is-layout-flex wp-block-gallery-is-layout-flex\"><ul class=\"blocks-gallery-grid\"><li class=\"blocks-gallery-item\"><figure><a  href=\"https:\/\/www.mecerreyes.com\/mece\/wp-content\/uploads\/2021\/08\/IMG_20210815_002531-739x1024.jpg\" class=\"thickbox no_icon\" title=\"\"><img loading=\"lazy\" decoding=\"async\" width=\"739\" height=\"1024\" src=\"https:\/\/www.mecerreyes.com\/mece\/wp-content\/uploads\/2021\/08\/IMG_20210815_002531-739x1024.jpg\" alt=\"\" data-id=\"20991\" class=\"wp-image-20991\" srcset=\"https:\/\/www.mecerreyes.com\/mece\/wp-content\/uploads\/2021\/08\/IMG_20210815_002531-739x1024.jpg 739w, https:\/\/www.mecerreyes.com\/mece\/wp-content\/uploads\/2021\/08\/IMG_20210815_002531-216x300.jpg 216w, https:\/\/www.mecerreyes.com\/mece\/wp-content\/uploads\/2021\/08\/IMG_20210815_002531-768x1065.jpg 768w, https:\/\/www.mecerreyes.com\/mece\/wp-content\/uploads\/2021\/08\/IMG_20210815_002531.jpg 1080w\" sizes=\"(max-width: 739px) 100vw, 739px\" \/><\/a><\/figure><\/li><\/ul><\/figure>\n<\/div><\/div>\n\n\n\n<p class=\"has-text-align-center has-medium-font-size\"><strong>A LA ACUARELA<\/strong><\/p>\n\n\n\n<blockquote class=\"wp-block-quote has-text-align-center is-layout-flow wp-block-quote-is-layout-flow\"><p>A ti, l\u00edmpida, inmaculada, expandida,<\/p><p>jubilosa, mojada, transparente.<\/p><p>Para el papel, su abrevadora fuente,<\/p><p>agua primavera, lluvia florida.<\/p><\/blockquote>\n\n\n\n<div style=\"height:47px\" aria-hidden=\"true\" class=\"wp-block-spacer\"><\/div>\n\n\n\n<p><\/p>\n\n\n\n<blockquote class=\"wp-block-quote has-text-align-center is-layout-flow wp-block-quote-is-layout-flow\"><p>A ti, instant\u00e1nea rosa sumergida,<\/p><p>l\u00edquido espejo de mirar corriente.<\/p><p>Para el pincel, su caballera ardiente,<\/p><p>fresca y mitigadora luz bebida.<\/p><\/blockquote>\n\n\n\n<div style=\"height:49px\" aria-hidden=\"true\" class=\"wp-block-spacer\"><\/div>\n\n\n\n<blockquote class=\"wp-block-quote has-text-align-center is-layout-flow wp-block-quote-is-layout-flow\"><p>A ti, ninfa de acequias y atanores,<\/p><p>alivio de la sed de los colores,<\/p><p>alma ligera, cuerpo de premura.<\/p><\/blockquote>\n\n\n\n<div style=\"height:57px\" aria-hidden=\"true\" class=\"wp-block-spacer\"><\/div>\n\n\n\n<blockquote class=\"wp-block-quote has-text-align-center is-layout-flow wp-block-quote-is-layout-flow\"><p>Llorada de tus ojos, corres, creces,<\/p><p>feliz te agotas, cantas, amaneces.<\/p><p>A ti, r\u00edo hacia el mar de la Pintura.                                 <\/p><\/blockquote>\n\n\n\n<p class=\"has-text-align-center\"><strong><em> Rafael Alberti<\/em><\/strong><\/p>\n\n\n\n<div style=\"height:49px\" aria-hidden=\"true\" class=\"wp-block-spacer\"><\/div>\n\n\n\n<p><\/p>\n\n\n\n<p>La acuarela es un arte, un arte por excelencia. Habla de sutilezas, transparencias, es delicada, veloz, fresca. Esta t\u00e9cnica es la que mejor acompa\u00f1a a un poema.<\/p>\n\n\n\n<p>El agua que acompa\u00f1a a la acuarela es vida para la pintura, que recorre sus propios e inesperados caminos ante la mirada del artista. <\/p>\n\n\n\n<figure class=\"wp-block-gallery columns-3 is-cropped wp-block-gallery-6 is-layout-flex wp-block-gallery-is-layout-flex\"><ul class=\"blocks-gallery-grid\"><li class=\"blocks-gallery-item\"><figure><a  href=\"https:\/\/www.mecerreyes.com\/mece\/wp-content\/uploads\/2021\/08\/Exposici\u00f3n-Acuarelas-Covadonga-P\u00e9rez-Ortega-Mecerreyes-agosto-2021-17.jpeg\" class=\"thickbox no_icon\" title=\"\"><img loading=\"lazy\" decoding=\"async\" width=\"1024\" height=\"657\" src=\"https:\/\/www.mecerreyes.com\/mece\/wp-content\/uploads\/2021\/08\/Exposici\u00f3n-Acuarelas-Covadonga-P\u00e9rez-Ortega-Mecerreyes-agosto-2021-17-1024x657.jpeg\" alt=\"\" data-id=\"21020\" data-full-url=\"https:\/\/www.mecerreyes.com\/mece\/wp-content\/uploads\/2021\/08\/Exposici\u00f3n-Acuarelas-Covadonga-P\u00e9rez-Ortega-Mecerreyes-agosto-2021-17.jpeg\" data-link=\"https:\/\/www.mecerreyes.com\/mece\/?attachment_id=21020\" class=\"wp-image-21020\" srcset=\"https:\/\/www.mecerreyes.com\/mece\/wp-content\/uploads\/2021\/08\/Exposici\u00f3n-Acuarelas-Covadonga-P\u00e9rez-Ortega-Mecerreyes-agosto-2021-17-1024x657.jpeg 1024w, https:\/\/www.mecerreyes.com\/mece\/wp-content\/uploads\/2021\/08\/Exposici\u00f3n-Acuarelas-Covadonga-P\u00e9rez-Ortega-Mecerreyes-agosto-2021-17-300x192.jpeg 300w, https:\/\/www.mecerreyes.com\/mece\/wp-content\/uploads\/2021\/08\/Exposici\u00f3n-Acuarelas-Covadonga-P\u00e9rez-Ortega-Mecerreyes-agosto-2021-17-768x492.jpeg 768w, https:\/\/www.mecerreyes.com\/mece\/wp-content\/uploads\/2021\/08\/Exposici\u00f3n-Acuarelas-Covadonga-P\u00e9rez-Ortega-Mecerreyes-agosto-2021-17-1536x985.jpeg 1536w, https:\/\/www.mecerreyes.com\/mece\/wp-content\/uploads\/2021\/08\/Exposici\u00f3n-Acuarelas-Covadonga-P\u00e9rez-Ortega-Mecerreyes-agosto-2021-17-1080x693.jpeg 1080w, https:\/\/www.mecerreyes.com\/mece\/wp-content\/uploads\/2021\/08\/Exposici\u00f3n-Acuarelas-Covadonga-P\u00e9rez-Ortega-Mecerreyes-agosto-2021-17.jpeg 1575w\" sizes=\"(max-width: 1024px) 100vw, 1024px\" \/><\/a><\/figure><\/li><li class=\"blocks-gallery-item\"><figure><a  href=\"https:\/\/www.mecerreyes.com\/mece\/wp-content\/uploads\/2021\/08\/Exposici\u00f3n-Acuarelas-Covadonga-P\u00e9rez-Ortega-Mecerreyes-agosto-2021-18.jpeg\" class=\"thickbox no_icon\" title=\"\"><img loading=\"lazy\" decoding=\"async\" width=\"1024\" height=\"624\" src=\"https:\/\/www.mecerreyes.com\/mece\/wp-content\/uploads\/2021\/08\/Exposici\u00f3n-Acuarelas-Covadonga-P\u00e9rez-Ortega-Mecerreyes-agosto-2021-18-1024x624.jpeg\" alt=\"\" data-id=\"21021\" data-full-url=\"https:\/\/www.mecerreyes.com\/mece\/wp-content\/uploads\/2021\/08\/Exposici\u00f3n-Acuarelas-Covadonga-P\u00e9rez-Ortega-Mecerreyes-agosto-2021-18.jpeg\" data-link=\"https:\/\/www.mecerreyes.com\/mece\/?attachment_id=21021\" class=\"wp-image-21021\" srcset=\"https:\/\/www.mecerreyes.com\/mece\/wp-content\/uploads\/2021\/08\/Exposici\u00f3n-Acuarelas-Covadonga-P\u00e9rez-Ortega-Mecerreyes-agosto-2021-18-1024x624.jpeg 1024w, https:\/\/www.mecerreyes.com\/mece\/wp-content\/uploads\/2021\/08\/Exposici\u00f3n-Acuarelas-Covadonga-P\u00e9rez-Ortega-Mecerreyes-agosto-2021-18-300x183.jpeg 300w, https:\/\/www.mecerreyes.com\/mece\/wp-content\/uploads\/2021\/08\/Exposici\u00f3n-Acuarelas-Covadonga-P\u00e9rez-Ortega-Mecerreyes-agosto-2021-18-768x468.jpeg 768w, https:\/\/www.mecerreyes.com\/mece\/wp-content\/uploads\/2021\/08\/Exposici\u00f3n-Acuarelas-Covadonga-P\u00e9rez-Ortega-Mecerreyes-agosto-2021-18-1536x936.jpeg 1536w, https:\/\/www.mecerreyes.com\/mece\/wp-content\/uploads\/2021\/08\/Exposici\u00f3n-Acuarelas-Covadonga-P\u00e9rez-Ortega-Mecerreyes-agosto-2021-18-1080x658.jpeg 1080w, https:\/\/www.mecerreyes.com\/mece\/wp-content\/uploads\/2021\/08\/Exposici\u00f3n-Acuarelas-Covadonga-P\u00e9rez-Ortega-Mecerreyes-agosto-2021-18.jpeg 1575w\" sizes=\"(max-width: 1024px) 100vw, 1024px\" \/><\/a><\/figure><\/li><li class=\"blocks-gallery-item\"><figure><a  href=\"https:\/\/www.mecerreyes.com\/mece\/wp-content\/uploads\/2021\/08\/Exposici\u00f3n-Acuarelas-Covadonga-P\u00e9rez-Ortega-Mecerreyes-agosto-2021-19.jpeg\" class=\"thickbox no_icon\" title=\"\"><img loading=\"lazy\" decoding=\"async\" width=\"1024\" height=\"683\" src=\"https:\/\/www.mecerreyes.com\/mece\/wp-content\/uploads\/2021\/08\/Exposici\u00f3n-Acuarelas-Covadonga-P\u00e9rez-Ortega-Mecerreyes-agosto-2021-19-1024x683.jpeg\" alt=\"\" data-id=\"21022\" data-full-url=\"https:\/\/www.mecerreyes.com\/mece\/wp-content\/uploads\/2021\/08\/Exposici\u00f3n-Acuarelas-Covadonga-P\u00e9rez-Ortega-Mecerreyes-agosto-2021-19.jpeg\" data-link=\"https:\/\/www.mecerreyes.com\/mece\/?attachment_id=21022\" class=\"wp-image-21022\" srcset=\"https:\/\/www.mecerreyes.com\/mece\/wp-content\/uploads\/2021\/08\/Exposici\u00f3n-Acuarelas-Covadonga-P\u00e9rez-Ortega-Mecerreyes-agosto-2021-19-1024x683.jpeg 1024w, https:\/\/www.mecerreyes.com\/mece\/wp-content\/uploads\/2021\/08\/Exposici\u00f3n-Acuarelas-Covadonga-P\u00e9rez-Ortega-Mecerreyes-agosto-2021-19-300x200.jpeg 300w, https:\/\/www.mecerreyes.com\/mece\/wp-content\/uploads\/2021\/08\/Exposici\u00f3n-Acuarelas-Covadonga-P\u00e9rez-Ortega-Mecerreyes-agosto-2021-19-768x512.jpeg 768w, https:\/\/www.mecerreyes.com\/mece\/wp-content\/uploads\/2021\/08\/Exposici\u00f3n-Acuarelas-Covadonga-P\u00e9rez-Ortega-Mecerreyes-agosto-2021-19-1536x1024.jpeg 1536w, https:\/\/www.mecerreyes.com\/mece\/wp-content\/uploads\/2021\/08\/Exposici\u00f3n-Acuarelas-Covadonga-P\u00e9rez-Ortega-Mecerreyes-agosto-2021-19-1080x720.jpeg 1080w, https:\/\/www.mecerreyes.com\/mece\/wp-content\/uploads\/2021\/08\/Exposici\u00f3n-Acuarelas-Covadonga-P\u00e9rez-Ortega-Mecerreyes-agosto-2021-19.jpeg 1575w\" sizes=\"(max-width: 1024px) 100vw, 1024px\" \/><\/a><\/figure><\/li><li class=\"blocks-gallery-item\"><figure><a  href=\"https:\/\/www.mecerreyes.com\/mece\/wp-content\/uploads\/2021\/08\/Exposici\u00f3n-Acuarelas-Covadonga-P\u00e9rez-Ortega-Mecerreyes-agosto-2021-20.jpeg\" class=\"thickbox no_icon\" title=\"\"><img loading=\"lazy\" decoding=\"async\" width=\"1024\" height=\"604\" src=\"https:\/\/www.mecerreyes.com\/mece\/wp-content\/uploads\/2021\/08\/Exposici\u00f3n-Acuarelas-Covadonga-P\u00e9rez-Ortega-Mecerreyes-agosto-2021-20-1024x604.jpeg\" alt=\"\" data-id=\"21023\" data-full-url=\"https:\/\/www.mecerreyes.com\/mece\/wp-content\/uploads\/2021\/08\/Exposici\u00f3n-Acuarelas-Covadonga-P\u00e9rez-Ortega-Mecerreyes-agosto-2021-20.jpeg\" data-link=\"https:\/\/www.mecerreyes.com\/mece\/?attachment_id=21023\" class=\"wp-image-21023\" srcset=\"https:\/\/www.mecerreyes.com\/mece\/wp-content\/uploads\/2021\/08\/Exposici\u00f3n-Acuarelas-Covadonga-P\u00e9rez-Ortega-Mecerreyes-agosto-2021-20-1024x604.jpeg 1024w, https:\/\/www.mecerreyes.com\/mece\/wp-content\/uploads\/2021\/08\/Exposici\u00f3n-Acuarelas-Covadonga-P\u00e9rez-Ortega-Mecerreyes-agosto-2021-20-300x177.jpeg 300w, https:\/\/www.mecerreyes.com\/mece\/wp-content\/uploads\/2021\/08\/Exposici\u00f3n-Acuarelas-Covadonga-P\u00e9rez-Ortega-Mecerreyes-agosto-2021-20-768x453.jpeg 768w, https:\/\/www.mecerreyes.com\/mece\/wp-content\/uploads\/2021\/08\/Exposici\u00f3n-Acuarelas-Covadonga-P\u00e9rez-Ortega-Mecerreyes-agosto-2021-20-1536x905.jpeg 1536w, https:\/\/www.mecerreyes.com\/mece\/wp-content\/uploads\/2021\/08\/Exposici\u00f3n-Acuarelas-Covadonga-P\u00e9rez-Ortega-Mecerreyes-agosto-2021-20-1080x637.jpeg 1080w, https:\/\/www.mecerreyes.com\/mece\/wp-content\/uploads\/2021\/08\/Exposici\u00f3n-Acuarelas-Covadonga-P\u00e9rez-Ortega-Mecerreyes-agosto-2021-20.jpeg 1600w\" sizes=\"(max-width: 1024px) 100vw, 1024px\" \/><\/a><\/figure><\/li><li class=\"blocks-gallery-item\"><figure><a  href=\"https:\/\/www.mecerreyes.com\/mece\/wp-content\/uploads\/2021\/08\/Exposici\u00f3n-Acuarelas-Covadonga-P\u00e9rez-Ortega-Mecerreyes-agosto-2021-21.jpeg\" class=\"thickbox no_icon\" title=\"\"><img loading=\"lazy\" decoding=\"async\" width=\"1024\" height=\"481\" src=\"https:\/\/www.mecerreyes.com\/mece\/wp-content\/uploads\/2021\/08\/Exposici\u00f3n-Acuarelas-Covadonga-P\u00e9rez-Ortega-Mecerreyes-agosto-2021-21-1024x481.jpeg\" alt=\"\" data-id=\"21025\" data-full-url=\"https:\/\/www.mecerreyes.com\/mece\/wp-content\/uploads\/2021\/08\/Exposici\u00f3n-Acuarelas-Covadonga-P\u00e9rez-Ortega-Mecerreyes-agosto-2021-21.jpeg\" data-link=\"https:\/\/www.mecerreyes.com\/mece\/?attachment_id=21025\" class=\"wp-image-21025\" srcset=\"https:\/\/www.mecerreyes.com\/mece\/wp-content\/uploads\/2021\/08\/Exposici\u00f3n-Acuarelas-Covadonga-P\u00e9rez-Ortega-Mecerreyes-agosto-2021-21-1024x481.jpeg 1024w, https:\/\/www.mecerreyes.com\/mece\/wp-content\/uploads\/2021\/08\/Exposici\u00f3n-Acuarelas-Covadonga-P\u00e9rez-Ortega-Mecerreyes-agosto-2021-21-300x141.jpeg 300w, https:\/\/www.mecerreyes.com\/mece\/wp-content\/uploads\/2021\/08\/Exposici\u00f3n-Acuarelas-Covadonga-P\u00e9rez-Ortega-Mecerreyes-agosto-2021-21-768x361.jpeg 768w, https:\/\/www.mecerreyes.com\/mece\/wp-content\/uploads\/2021\/08\/Exposici\u00f3n-Acuarelas-Covadonga-P\u00e9rez-Ortega-Mecerreyes-agosto-2021-21-1536x722.jpeg 1536w, https:\/\/www.mecerreyes.com\/mece\/wp-content\/uploads\/2021\/08\/Exposici\u00f3n-Acuarelas-Covadonga-P\u00e9rez-Ortega-Mecerreyes-agosto-2021-21-1080x507.jpeg 1080w, https:\/\/www.mecerreyes.com\/mece\/wp-content\/uploads\/2021\/08\/Exposici\u00f3n-Acuarelas-Covadonga-P\u00e9rez-Ortega-Mecerreyes-agosto-2021-21.jpeg 1575w\" sizes=\"(max-width: 1024px) 100vw, 1024px\" \/><\/a><\/figure><\/li><li class=\"blocks-gallery-item\"><figure><a  href=\"https:\/\/www.mecerreyes.com\/mece\/wp-content\/uploads\/2021\/08\/Exposici\u00f3n-Acuarelas-Covadonga-P\u00e9rez-Ortega-Mecerreyes-agosto-2021-22.jpeg\" class=\"thickbox no_icon\" title=\"\"><img loading=\"lazy\" decoding=\"async\" width=\"1024\" height=\"610\" src=\"https:\/\/www.mecerreyes.com\/mece\/wp-content\/uploads\/2021\/08\/Exposici\u00f3n-Acuarelas-Covadonga-P\u00e9rez-Ortega-Mecerreyes-agosto-2021-22-1024x610.jpeg\" alt=\"\" data-id=\"21026\" data-full-url=\"https:\/\/www.mecerreyes.com\/mece\/wp-content\/uploads\/2021\/08\/Exposici\u00f3n-Acuarelas-Covadonga-P\u00e9rez-Ortega-Mecerreyes-agosto-2021-22.jpeg\" data-link=\"https:\/\/www.mecerreyes.com\/mece\/?attachment_id=21026\" class=\"wp-image-21026\" srcset=\"https:\/\/www.mecerreyes.com\/mece\/wp-content\/uploads\/2021\/08\/Exposici\u00f3n-Acuarelas-Covadonga-P\u00e9rez-Ortega-Mecerreyes-agosto-2021-22-1024x610.jpeg 1024w, https:\/\/www.mecerreyes.com\/mece\/wp-content\/uploads\/2021\/08\/Exposici\u00f3n-Acuarelas-Covadonga-P\u00e9rez-Ortega-Mecerreyes-agosto-2021-22-300x179.jpeg 300w, https:\/\/www.mecerreyes.com\/mece\/wp-content\/uploads\/2021\/08\/Exposici\u00f3n-Acuarelas-Covadonga-P\u00e9rez-Ortega-Mecerreyes-agosto-2021-22-768x457.jpeg 768w, https:\/\/www.mecerreyes.com\/mece\/wp-content\/uploads\/2021\/08\/Exposici\u00f3n-Acuarelas-Covadonga-P\u00e9rez-Ortega-Mecerreyes-agosto-2021-22-1536x915.jpeg 1536w, https:\/\/www.mecerreyes.com\/mece\/wp-content\/uploads\/2021\/08\/Exposici\u00f3n-Acuarelas-Covadonga-P\u00e9rez-Ortega-Mecerreyes-agosto-2021-22-1080x643.jpeg 1080w, https:\/\/www.mecerreyes.com\/mece\/wp-content\/uploads\/2021\/08\/Exposici\u00f3n-Acuarelas-Covadonga-P\u00e9rez-Ortega-Mecerreyes-agosto-2021-22.jpeg 1575w\" sizes=\"(max-width: 1024px) 100vw, 1024px\" \/><\/a><\/figure><\/li><\/ul><\/figure>","protected":false},"excerpt":{"rendered":"<p>Buenos d\u00edas. Traemos a Mecerreyes de mano de Covadonga P\u00e9rez Ortega esta exposici\u00f3n de acuarelas que lleva por t\u00edtulo: Agua y Color. Agua que es vida y color que es alegr\u00eda. Agradecemos a Covadonga que nos permita contemplar su obra con distintos temas y gamas crom\u00e1ticas de lo m\u00e1s variado. El uso del agua y [&hellip;]<\/p>\n","protected":false},"author":5,"featured_media":21022,"comment_status":"open","ping_status":"closed","sticky":false,"template":"","format":"standard","meta":{"_et_pb_use_builder":"","_et_pb_old_content":"","_et_gb_content_width":"","footnotes":""},"categories":[1],"tags":[],"class_list":["post-20988","post","type-post","status-publish","format-standard","has-post-thumbnail","hentry","category-general","et-has-post-format-content","et_post_format-et-post-format-standard"],"_links":{"self":[{"href":"https:\/\/www.mecerreyes.com\/mece\/index.php?rest_route=\/wp\/v2\/posts\/20988"}],"collection":[{"href":"https:\/\/www.mecerreyes.com\/mece\/index.php?rest_route=\/wp\/v2\/posts"}],"about":[{"href":"https:\/\/www.mecerreyes.com\/mece\/index.php?rest_route=\/wp\/v2\/types\/post"}],"author":[{"embeddable":true,"href":"https:\/\/www.mecerreyes.com\/mece\/index.php?rest_route=\/wp\/v2\/users\/5"}],"replies":[{"embeddable":true,"href":"https:\/\/www.mecerreyes.com\/mece\/index.php?rest_route=%2Fwp%2Fv2%2Fcomments&post=20988"}],"version-history":[{"count":11,"href":"https:\/\/www.mecerreyes.com\/mece\/index.php?rest_route=\/wp\/v2\/posts\/20988\/revisions"}],"predecessor-version":[{"id":21027,"href":"https:\/\/www.mecerreyes.com\/mece\/index.php?rest_route=\/wp\/v2\/posts\/20988\/revisions\/21027"}],"wp:featuredmedia":[{"embeddable":true,"href":"https:\/\/www.mecerreyes.com\/mece\/index.php?rest_route=\/wp\/v2\/media\/21022"}],"wp:attachment":[{"href":"https:\/\/www.mecerreyes.com\/mece\/index.php?rest_route=%2Fwp%2Fv2%2Fmedia&parent=20988"}],"wp:term":[{"taxonomy":"category","embeddable":true,"href":"https:\/\/www.mecerreyes.com\/mece\/index.php?rest_route=%2Fwp%2Fv2%2Fcategories&post=20988"},{"taxonomy":"post_tag","embeddable":true,"href":"https:\/\/www.mecerreyes.com\/mece\/index.php?rest_route=%2Fwp%2Fv2%2Ftags&post=20988"}],"curies":[{"name":"wp","href":"https:\/\/api.w.org\/{rel}","templated":true}]}}