{"id":2131,"date":"2010-10-25T15:26:03","date_gmt":"2010-10-25T14:26:03","guid":{"rendered":"http:\/\/www.mecerreyes.com\/mece\/?p=2131"},"modified":"2010-10-25T15:26:03","modified_gmt":"2010-10-25T14:26:03","slug":"noticias-octubre-2010","status":"publish","type":"post","link":"https:\/\/www.mecerreyes.com\/mece\/?p=2131","title":{"rendered":"Noticias Octubre 2010"},"content":{"rendered":"<p align=\"justify\"><em>Puedes informarte sobre una nueva edici\u00f3n de las Jornadas Micol\u00f3gicas organizas por el Fog\u00f3n Guileto, leer otra entrevista que Diario de Burgos hace a nuestro guileto Jose Manuel de Florister\u00eda Castilla, bodas, nacimientos\u2026 Tambi\u00e9n te recordamos que nos puedes enviar fotos y cr\u00f3nicas de los acontecimientos que quieras que publiquemos en esta p\u00e1gina Web de Mecerreyes.<\/em><\/p>\n<p align=\"justify\"><em>\u00a0<\/em><\/p>\n<p align=\"justify\">\u00a0<\/p>\n<p><span style=\"color: #0000ff\">IV JORNADAS MICOL\u00d3GICAS \u2013 MECERREYES 2010<\/span><\/p>\n<p>Organiza AC El Fog\u00f3n Guileto \/ Colabora: Caja Burgos y Caja C\u00edrculo.<\/p>\n<p>Se celebrar\u00e1 el pr\u00f3ximo d\u00eda <strong>6 de noviembre<\/strong> en la sede social del Fog\u00f3n Guileto con arreglo al siguiente programa:<\/p>\n<p>10:00 Salida al campo en busca de setas<\/p>\n<p>12:30 Recogida de ejemplares en la sede del Fog\u00f3n Guileto.<\/p>\n<p>16:00 Clasificaci\u00f3n y exposici\u00f3n de los ejemplares recolectados.<\/p>\n<p>18:30 Degustaci\u00f3n de especies comestibles.<\/p>\n<p>\u00a0<\/p>\n<div id=\"attachment_2135\" style=\"width: 541px\" class=\"wp-caption alignnone\"><a  href=\"http:\/\/www.mecerreyes.com\/mece\/wp-content\/uploads\/2010\/10\/3\u00aa-Jornadas-Micol\u00f3gicas-2009-Mecerreyes.jpg\" class=\"thickbox no_icon\" title=\"3\u00aa Jornadas Micol\u00f3gicas 2009 - Mecerreyes\"><img loading=\"lazy\" decoding=\"async\" aria-describedby=\"caption-attachment-2135\" class=\"size-large wp-image-2135     \" src=\"http:\/\/www.mecerreyes.com\/mece\/wp-content\/uploads\/2010\/10\/3\u00aa-Jornadas-Micol\u00f3gicas-2009-Mecerreyes-1024x272.jpg\" alt=\"3\u00aa Jornadas Micol\u00f3gicas 2009 - Mecerreyes\" width=\"531\" height=\"141\" srcset=\"https:\/\/www.mecerreyes.com\/mece\/wp-content\/uploads\/2010\/10\/3\u00aa-Jornadas-Micol\u00f3gicas-2009-Mecerreyes-1024x272.jpg 1024w, https:\/\/www.mecerreyes.com\/mece\/wp-content\/uploads\/2010\/10\/3\u00aa-Jornadas-Micol\u00f3gicas-2009-Mecerreyes-300x79.jpg 300w, https:\/\/www.mecerreyes.com\/mece\/wp-content\/uploads\/2010\/10\/3\u00aa-Jornadas-Micol\u00f3gicas-2009-Mecerreyes.jpg 1276w\" sizes=\"(max-width: 531px) 100vw, 531px\" \/><\/a><p id=\"caption-attachment-2135\" class=\"wp-caption-text\">3\u00aa Jornadas Micol\u00f3gicas 2009 - Mecerreyes<\/p><\/div>\n<p><span style=\"color: #0000ff\">Boda de MACU y CHEMA<\/span><\/p>\n<p style=\"text-align: justify\">\u00a0\u00a0\u00a0 El s\u00e1bado 25 de septiembre, a las 12 en punto, tocaban las campanas de Mecerreyes a fiesta, hab\u00eda BODA en la Iglesia de <a  href=\"https:\/\/www.mecerreyes.com\/mece\/?page_id=58\">San Mart\u00edn<\/a>.<\/p>\n<p style=\"text-align: justify\">\u00a0\u00a0\u00a0 Se casaban Macu -hija de Segund\u00edn y Paquita- con Chema de Burgos, y la Iglesia se visti\u00f3 con su mejores galas para acoger la Celebraci\u00f3n Matrimonial, hasta las piedras del altar, cinceladas por las expertas manos de Segund\u00edn, parec\u00edan m\u00e1s blancas; seguro que con Paquita, desde el cielo, tambi\u00e9n disfrutaron de la fiesta.<\/p>\n<p style=\"text-align: justify\">\u00a0\u00a0\u00a0 La ma\u00f1ana oto\u00f1al amenazaba de lluvia, pero se port\u00f3 y todos los invitados pudieron lucir sus mejores galas y participar en la bonita fiesta de bodas, que tuvo la suerte de contar con un nutrido grupo de j\u00f3venes -dirigidos por Lourdes- que cantaron la Misa castellana \u00a1qu\u00e9 bien suena! y cuanto enriquece la celebraci\u00f3n.<\/p>\n<p style=\"text-align: justify\"><em>\u00a0\u00a0\u00a0 -Por cierto- sin que nadie se me ofenda- uno no entiende porqu\u00e9 hay invitados que se quedan fuera de la Iglesia y no asisten al momento\u00a0 m\u00e1s importante, tal vez alergia, rechazo, descortes\u00eda, moda, indiferencia&#8230;, \u00bfhacen lo mismo en las bodas \u00abpor lo civil\u00bb ? claro, que est\u00e1n en su derecho.<\/em><\/p>\n<p style=\"text-align: justify\">\u00a0\u00a0\u00a0 Como es tradicional, al dar el \u00absi, quiero\u00bb, los cohetes anunciaron a todo el pueblo la buena nueva y junto con el arroz a la salida y los \u00abvivan los novios y todo el acompa\u00f1amiento\u00bb, se puso el colof\u00f3n a la ceremonia religiosa.<\/p>\n<p style=\"text-align: justify\">\u00a0\u00a0\u00a0 Por supuesto, la fiesta\u00a0sigui\u00f3 en Burgos, donde se sirvi\u00f3 la comida (no s\u00e9 porqu\u00e9 dicen almuerzo), que como sucede en estas ocasiones, tiene principio pero no parece tener fin, o sea, hasta el anochecer y luego, claro est\u00e1, la fiesta continua.<\/p>\n<p style=\"text-align: justify\">\u00a0\u00a0\u00a0 Pues nada, \u00a1<strong>Enhorabuena! y \u00a1Felicidades<\/strong>! a padres, hermanos, t\u00edos y dem\u00e1s familia de Macu y Chema. <strong>Que se\u00e1is muy felices<\/strong>, sin olvidaros de hacer, tambi\u00e9n, felices a los dem\u00e1s.<\/p>\n<div id=\"attachment_2136\" style=\"width: 607px\" class=\"wp-caption alignnone\"><a  href=\"http:\/\/www.mecerreyes.com\/mece\/wp-content\/uploads\/2010\/10\/Boda-Macu-y-Chema-25-09-10.jpg\" class=\"thickbox no_icon\" title=\"Boda Macu y Chema 25-09-10\"><img loading=\"lazy\" decoding=\"async\" aria-describedby=\"caption-attachment-2136\" class=\"size-large wp-image-2136  \" src=\"http:\/\/www.mecerreyes.com\/mece\/wp-content\/uploads\/2010\/10\/Boda-Macu-y-Chema-25-09-10-1024x318.jpg\" alt=\"Boda Macu y Chema 25-09-10\" width=\"597\" height=\"185\" srcset=\"https:\/\/www.mecerreyes.com\/mece\/wp-content\/uploads\/2010\/10\/Boda-Macu-y-Chema-25-09-10-1024x318.jpg 1024w, https:\/\/www.mecerreyes.com\/mece\/wp-content\/uploads\/2010\/10\/Boda-Macu-y-Chema-25-09-10-300x93.jpg 300w, https:\/\/www.mecerreyes.com\/mece\/wp-content\/uploads\/2010\/10\/Boda-Macu-y-Chema-25-09-10.jpg 1276w\" sizes=\"(max-width: 597px) 100vw, 597px\" \/><\/a><p id=\"caption-attachment-2136\" class=\"wp-caption-text\">Mecerreyes, 25 de septiembre de 2010<\/p><\/div>\n<p><span style=\"color: #0000ff\">Nacimiento de JULIA<\/span><\/p>\n<p align=\"justify\">El pasado 30 de septiembre de 2010 naci\u00f3 la nueva nieta de Jose Mari y Blanca: <span style=\"text-decoration: underline\"><strong>JULIA<\/strong><\/span>, hija de Patricio y Patricia, felicitamos a toda la familia y en especial a su hermano MART\u00cdN. \u00a1Felicidades por el nacimiento de Julia! que pronto veremos correr por el pueblo con los muchos ni\u00f1os que est\u00e1n naciendo este a\u00f1o, y los que quedan por nacer.<\/p>\n<p>\u00a0<\/p>\n<p><span style=\"color: #0000ff\">Boda de DIEGO y RAQUEL<\/span><\/p>\n<p>El 2 de octubre de 2010 en Madrid se celebr\u00f3 la boda de <strong>DIEGO DIEZ ALONSO<\/strong> (hijo de Jose Mari y Reme) con RAQUEL, les felicitamos de todo coraz\u00f3n y deseamos a esta nueva pareja\u00a0mucha felicidad. Sabemos que pasaron un bonito d\u00eda rodeados de toda su familia y que disfrutaron de esta celebraci\u00f3n. \u00a1ENHORABUENA!<\/p>\n<p>\u00a0<\/p>\n<p>\u00a0<\/p>\n<p><span style=\"font-size: x-small\">Diario de Burgos \/ S\u00e1bado 23 de octubre de 2010<\/span><span style=\"color: #ffffff\"><span>I PRIMER TRABAJO<\/span><\/span><\/p>\n<p align=\"justify\"><span style=\"color: #0000ff\"><span style=\"font-size: large\">JOS\u00c9 MANUEL GONZ\u00c1LEZ<\/span><\/span><\/p>\n<p align=\"justify\"><span style=\"font-size: medium\"><strong>APRENDIZ EN LA MARMOLISTER\u00cdA RAMIRO MATA<\/strong><\/span><\/p>\n<p align=\"justify\"><span style=\"font-size: x-small\">GERENTE-PROPIETARIO DE FLORISTER\u00cdA CASTILLA<\/span><\/p>\n<p align=\"justify\">\u00a0<\/p>\n<p align=\"justify\"><span style=\"font-size: x-small\">Rom\u00e1n Romero \/ Burgos<\/span><\/p>\n<p align=\"justify\">Las flores son su pasi\u00f3n y desde hace 30 a\u00f1os est\u00e1 dedicado a ellas en cuerpo y alma. \u00c9se es el tiempo que Jos\u00e9 Manuel Gonz\u00e1lez lleva como gerente-propietario de Florister\u00eda Castilla, empresa que puso en marcha en 1980.<\/p>\n<p align=\"justify\">Sin embargo, a este burgal\u00e9s nacido hace 52 a\u00f1os en Mecerreyes su vinculaci\u00f3n con el arte floral le lleg\u00f3 un poco de rebote. Inici\u00f3 sus estudios en el Liceo Castilla de la calle Concepci\u00f3n y luego los prosigui\u00f3 en el Colegio La Merced, \u201cJesuitas, como dice todo el mundo\u201d.<\/p>\n<p align=\"justify\">Ya entonces, entre los 7 y los 11 a\u00f1os form\u00f3 parte del Grupo de Danzantes y Tetines de Burgos, donde, y a pesar de no ser un trabajo como tal, ya se gan\u00f3 de esa forma sus primeras pesetillas. \u201cRecuerdo que lo primero que me compr\u00e9 cuando ya tuve ahorrado lo suficiente fue una bicicleta\u201d recuerda con cari\u00f1o.<\/p>\n<p align=\"justify\">Terminada esa etapa fue su otra pasi\u00f3n, el f\u00fatbol, la que a Jos\u00e9 Manuel Gonz\u00e1lez le cambiar\u00eda la vida. \u201cEra \u2018socio\u2019 de la puerta de El Plant\u00edo. Esperaba a que abrieran para colarme con alg\u00fan se\u00f1or y as\u00ed vi mis primeros partidos. Luego, a los 10 a\u00f1os, me hice socio, pero como el Burgos descendi\u00f3 me di de baja. Sin embargo, pronto me arrepent\u00ed y volv\u00ed a la puerta del estadio. Sol\u00eda entrar siempre con un matrimonio muy majo, propietario de la Marmolister\u00eda Ramiro Mata, y me sentaba a ver los partidos con ellos.\u201d<\/p>\n<p align=\"justify\">Y fue precisamente all\u00ed donde empez\u00f3 a labrarse su camino laboral. \u201cEl due\u00f1o me ofrece ayudarle en el taller como aprendiz y enseguida empec\u00e9 a esculpir las letras de las l\u00e1pidas. Cobraba una peseta por letra y en poco tiempo ya me hab\u00eda vuelto a sacar el carn\u00e9 de socio del Burgos\u201d<\/p>\n<p align=\"justify\">Ya con 16 a\u00f1os, Ramiro Mata le ofrece cambiar de oficio y pasar a encargarse del puesto de flores que \u00e9l regentaba enfrente del cementerio de San Jos\u00e9. Lo acepta gustoso e invita a unirse al negocio a su amigo Aquilino Garc\u00eda, hoy en d\u00eda gerente de Viajes Barcel\u00f3.<\/p>\n<p align=\"justify\"><a  href=\"http:\/\/www.mecerreyes.com\/mece\/wp-content\/uploads\/2010\/10\/DB-1.jpg\" class=\"thickbox no_icon\" title=\"DB 1\"><img loading=\"lazy\" decoding=\"async\" class=\"alignnone size-full wp-image-2143\" src=\"http:\/\/www.mecerreyes.com\/mece\/wp-content\/uploads\/2010\/10\/DB-1.jpg\" alt=\"DB 1\" width=\"600\" height=\"546\" srcset=\"https:\/\/www.mecerreyes.com\/mece\/wp-content\/uploads\/2010\/10\/DB-1.jpg 600w, https:\/\/www.mecerreyes.com\/mece\/wp-content\/uploads\/2010\/10\/DB-1-300x273.jpg 300w\" sizes=\"(max-width: 600px) 100vw, 600px\" \/><\/a><\/p>\n<p align=\"justify\">Un a\u00f1o despu\u00e9s, Jos\u00e9 Manuel Gonz\u00e1lez se qued\u00f3 con el puesto en propiedad y lo compatibiliz\u00f3 con el cumplimiento del Servicio Militar \u2013coincidi\u00f3 con el ex futbolista Juan Carlos Arreche, recientemente fallecido- y los estudios de Empresariales. Sin embargo, fallece su padre y con 19 a\u00f1os decide dar un rumbo a su vida.<\/p>\n<p align=\"justify\">\u201cDejo Empresariales y me voy a Suiza, Italia y Alemania a cursar los estudios de Arte Floral. Ya en 1980 abro la primera tienda de Florister\u00eda Castilla en la calle Mart\u00ednez del Campo\u201d. Luego pondr\u00eda en marcha un vivero y abrir\u00eda dos tiendas m\u00e1s. Hasta ahora.<\/p>\n<p align=\"justify\">\u201cESCULP\u00cdA L\u00c1PIDAS Y COBRABA UNA PESETA POR CADA LETRA\u201d<\/p>\n<p align=\"justify\"><span style=\"color: #ffffff\"><span>\u201c<strong>Estuve cinco a\u00f1os en el Grupo de Danzantes y con el primer sueldo me compr\u00e9<\/strong><\/span><\/span><strong><span> <\/span><\/strong><span style=\"color: #ffffff\"><strong><span>una bicicleta\u201d<\/span><\/strong><\/span><\/p>","protected":false},"excerpt":{"rendered":"<p>Puedes informarte sobre una nueva edici\u00f3n de las Jornadas Micol\u00f3gicas organizas por el Fog\u00f3n Guileto, leer otra entrevista que Diario de Burgos hace a nuestro guileto Jose Manuel de Florister\u00eda Castilla, bodas, nacimientos\u2026 Tambi\u00e9n te recordamos que nos puedes enviar fotos y cr\u00f3nicas de los acontecimientos que quieras que publiquemos en esta p\u00e1gina Web de [&hellip;]<\/p>\n","protected":false},"author":5,"featured_media":0,"comment_status":"open","ping_status":"closed","sticky":false,"template":"","format":"standard","meta":{"_et_pb_use_builder":"","_et_pb_old_content":"","_et_gb_content_width":"","footnotes":""},"categories":[1],"tags":[21,31],"class_list":["post-2131","post","type-post","status-publish","format-standard","hentry","category-general","tag-guiletos","tag-jornadas-micologicas","et-doesnt-have-format-content","et_post_format-et-post-format-standard"],"_links":{"self":[{"href":"https:\/\/www.mecerreyes.com\/mece\/index.php?rest_route=\/wp\/v2\/posts\/2131"}],"collection":[{"href":"https:\/\/www.mecerreyes.com\/mece\/index.php?rest_route=\/wp\/v2\/posts"}],"about":[{"href":"https:\/\/www.mecerreyes.com\/mece\/index.php?rest_route=\/wp\/v2\/types\/post"}],"author":[{"embeddable":true,"href":"https:\/\/www.mecerreyes.com\/mece\/index.php?rest_route=\/wp\/v2\/users\/5"}],"replies":[{"embeddable":true,"href":"https:\/\/www.mecerreyes.com\/mece\/index.php?rest_route=%2Fwp%2Fv2%2Fcomments&post=2131"}],"version-history":[{"count":0,"href":"https:\/\/www.mecerreyes.com\/mece\/index.php?rest_route=\/wp\/v2\/posts\/2131\/revisions"}],"wp:attachment":[{"href":"https:\/\/www.mecerreyes.com\/mece\/index.php?rest_route=%2Fwp%2Fv2%2Fmedia&parent=2131"}],"wp:term":[{"taxonomy":"category","embeddable":true,"href":"https:\/\/www.mecerreyes.com\/mece\/index.php?rest_route=%2Fwp%2Fv2%2Fcategories&post=2131"},{"taxonomy":"post_tag","embeddable":true,"href":"https:\/\/www.mecerreyes.com\/mece\/index.php?rest_route=%2Fwp%2Fv2%2Ftags&post=2131"}],"curies":[{"name":"wp","href":"https:\/\/api.w.org\/{rel}","templated":true}]}}