{"id":2148,"date":"2010-10-29T10:49:17","date_gmt":"2010-10-29T09:49:17","guid":{"rendered":"http:\/\/www.mecerreyes.com\/mece\/?p=2148"},"modified":"2010-11-23T15:47:19","modified_gmt":"2010-11-23T14:47:19","slug":"cultural-noviembre-2010-san-martin","status":"publish","type":"post","link":"https:\/\/www.mecerreyes.com\/mece\/?p=2148","title":{"rendered":"Cultural Noviembre 2010-San Mart\u00edn"},"content":{"rendered":"<p style=\"text-align: justify\">La Fiesta Patronal de <strong>SAN MART\u00cdN<\/strong>, antiguamente fiesta grande para el pueblo,\u00a0y que ahora sigue siendo para muchas personas un d\u00eda especial, una fiesta diferente, entra\u00f1able, querida. Este a\u00f1o alrededor de este d\u00eda 11 de noviembre hay un amplio programa de actividades que puedes ver a continuaci\u00f3n:<\/p>\n<p style=\"text-align: justify\">\u00a0<\/p>\n<p style=\"text-align: justify\">\u00a0<\/p>\n<p style=\"text-align: justify\">\u00a0<\/p>\n<p style=\"text-align: justify\">\u00a0<\/p>\n<h2><span style=\"color: #ff0000\">S\u00e1bado 6 de noviembre<\/span><\/h2>\n<ul>\n<li><span style=\"color: #0000ff\"><strong>MUESTRA PROVINCIAL DE CORALES PARROQUIALES<\/strong> <\/span>\u2013 Excma. Diputaci\u00f3n Provincial de Burgos<\/li>\n<\/ul>\n<p style=\"text-align: justify\">Este a\u00f1o Mecerreyes acoje la Muestra Provincial de Coros parroquiales, que\u00a0tiene como objeto fomentar y apoyar la labor realizada por los coros parroquiales de nuestra provincia, mediante la celebraci\u00f3n de un certamen.<\/p>\n<p>Hora: <strong>18:00<\/strong> h.\u00a0 Lugar: <strong>Iglesia Parroquial <a  href=\"https:\/\/www.mecerreyes.com\/mece\/?page_id=58\">San Mart\u00edn<\/a><\/strong><\/p>\n<p><a  href=\"http:\/\/www.mecerreyes.com\/mece\/wp-content\/uploads\/2010\/10\/Cartel-Coros-Parr10.jpg\" class=\"thickbox no_icon\" title=\"Cartel-Coros-Parr10\"><img loading=\"lazy\" decoding=\"async\" class=\"size-full wp-image-2151 alignnone\" src=\"http:\/\/www.mecerreyes.com\/mece\/wp-content\/uploads\/2010\/10\/Cartel-Coros-Parr10.jpg\" alt=\"Cartel-Coros-Parr10\" width=\"416\" height=\"605\" srcset=\"https:\/\/www.mecerreyes.com\/mece\/wp-content\/uploads\/2010\/10\/Cartel-Coros-Parr10.jpg 650w, https:\/\/www.mecerreyes.com\/mece\/wp-content\/uploads\/2010\/10\/Cartel-Coros-Parr10-206x300.jpg 206w\" sizes=\"(max-width: 416px) 100vw, 416px\" \/><\/a><\/p>\n<div><span style=\"font-family: Helvetica\"><span style=\"font-family: Helvetica\">\u00a0<\/span><\/span><\/div>\n<p style=\"text-align: justify\"><span style=\"font-family: Helvetica\"><span style=\"font-family: Helvetica\">Los coros participantes interpretar\u00e1n una obra obligada, proporcionada por la Diputaci\u00f3n, aparte de esta obra obligatoria, que este a\u00f1o ser\u00e1 \u00abEl Pa\u00f1o\u00bb, los participantes interpretar\u00e1n una obra de libre elecci\u00f3n, los coros que participar\u00e1n en Mecerreyes son:<\/span><\/span>\u00a0<\/p>\n<p>\u00a0<\/p>\n<ul>\n<li>C.P. SAN JUAN BAUTISTA DE CILLERUELO DE ABAJO<\/li>\n<li>C.P. HONTORIA CANTA de Hontoria del Pinar<\/li>\n<li>C.P. SANTA COLUMBA DE ADRADA DE HAZA<\/li>\n<li>C.P. TORDOMAR<\/li>\n<li>C.P. SOLARANA<\/li>\n<li>C.P. VILLALMANZO (infantil)<\/li>\n<li>C.P. VILLALMANZO (adultos)<\/li>\n<li>C.P. VILLAHOZ<\/li>\n<li>C.P. SANTA IN\u00c9S<\/li>\n<\/ul>\n<p>\u00a0<\/p>\n<ul>\n<li><strong><span style=\"color: #0000ff\">IV JORNADAS MICOL\u00d3GICAS<\/span> <\/strong>\u2013 Mecerreyes 2010.<\/li>\n<\/ul>\n<p><em>Organiza AC El Fog\u00f3n Guileto &#8211; <\/em><em>Colabora: Caja Burgos y Caja C\u00edrculo.<\/em><\/p>\n<p style=\"text-align: justify\">Se celebrar\u00e1 el pr\u00f3ximo d\u00eda <strong>6 de noviembre<\/strong> en la sede social del Fog\u00f3n Guileto con arreglo al siguiente programa:<\/p>\n<ul>\n<li>\n<ul>\n<li>10:00 Salida al campo en busca de setas<\/li>\n<li>12:30 Recogida de ejemplares en la sede del Fog\u00f3n Guileto.<\/li>\n<li>16:00 Clasificaci\u00f3n y exposici\u00f3n de los ejemplares recolectados.<\/li>\n<li>18:30 Degustaci\u00f3n de especies comestibles.<\/li>\n<\/ul>\n<\/li>\n<\/ul>\n<p>\u00a0<a  href=\"http:\/\/www.mecerreyes.com\/mece\/wp-content\/uploads\/2010\/10\/3\u00aa-Jornadas-Micol\u00f3gicas-2009-Mecerreyes1.jpg\" class=\"thickbox no_icon\" title=\"3\u00aa Jornadas Micol\u00f3gicas 2009 - Mecerreyes\"><img loading=\"lazy\" decoding=\"async\" class=\"alignnone size-large wp-image-2167\" src=\"http:\/\/www.mecerreyes.com\/mece\/wp-content\/uploads\/2010\/10\/3\u00aa-Jornadas-Micol\u00f3gicas-2009-Mecerreyes1-1024x272.jpg\" alt=\"3\u00aa Jornadas Micol\u00f3gicas 2009 - Mecerreyes\" width=\"717\" height=\"190\" srcset=\"https:\/\/www.mecerreyes.com\/mece\/wp-content\/uploads\/2010\/10\/3\u00aa-Jornadas-Micol\u00f3gicas-2009-Mecerreyes1-1024x272.jpg 1024w, https:\/\/www.mecerreyes.com\/mece\/wp-content\/uploads\/2010\/10\/3\u00aa-Jornadas-Micol\u00f3gicas-2009-Mecerreyes1-300x79.jpg 300w, https:\/\/www.mecerreyes.com\/mece\/wp-content\/uploads\/2010\/10\/3\u00aa-Jornadas-Micol\u00f3gicas-2009-Mecerreyes1.jpg 1276w\" sizes=\"(max-width: 717px) 100vw, 717px\" \/><\/a><\/p>\n<h3><span style=\"color: #ff0000\">\u00a0<\/span><\/h3>\n<h3><span style=\"color: #ff0000\">\u00a0<\/span><\/h3>\n<h2><span style=\"color: #ff0000\">Domingo 7 de noviembre<\/span><\/h2>\n<ul>\n<li>La <strong><span style=\"color: #0000ff\">ASOCIACI\u00d3N DE JUBILADOS \u201cSAN MART\u00cdN GUILETO\u201d celebra su fiesta<\/span> <\/strong>con el siguiente programa:\n<ul>\n<li>12:30 Misa en la <a  href=\"https:\/\/www.mecerreyes.com\/mece\/?page_id=35\">parroquia<\/a><\/li>\n<li>15:00 Comida en el Mes\u00f3n (socios 15 \u20ac &#8211; no socios 18 \u20ac \/ apuntarse antes del 3 de noviembre)<\/li>\n<\/ul>\n<\/li>\n<\/ul>\n<p>\u00a0<\/p>\n<h2><span style=\"color: #ff0000\">Jueves 11 de noviembre<\/span><\/h2>\n<ul>\n<li><span style=\"color: #0000ff\"><strong>FIESTAS PATRONALES \u201cSAN MART\u00cdN\u201d <\/strong><\/span>\n<ul>\n<li><strong>12:00 h<\/strong>. Procesi\u00f3n, a continuaci\u00f3n:<\/li>\n<li>MISA\u00a0con la participaci\u00f3n de la <span style=\"color: #0000ff\">Coral de C\u00e1mara Santa Cecilia<\/span><\/li>\n<li>Aperitivo ofrecido por el <a  href=\"https:\/\/www.mecerreyes.com\/mece\/?page_id=24\">Ayuntamiento<\/a> de Mecerreyes<\/li>\n<li>Baile Vermouth<\/li>\n<li>Bailes de tarde-noche\n<ul>\n<li>(La m\u00fasica correr\u00e1 a cargo de la Orquesta \u201cLos Anises\u201d)<\/li>\n<\/ul>\n<\/li>\n<\/ul>\n<\/li>\n<\/ul>\n<p>\u00a0<a  href=\"http:\/\/www.mecerreyes.com\/mece\/wp-content\/uploads\/2010\/10\/San-Martin-2009-Mecerreyes1.jpg\" class=\"thickbox no_icon\" title=\"San Martin 2009 - Mecerreyes\"><img loading=\"lazy\" decoding=\"async\" class=\"alignnone size-large wp-image-2168\" src=\"http:\/\/www.mecerreyes.com\/mece\/wp-content\/uploads\/2010\/10\/San-Martin-2009-Mecerreyes1-1024x272.jpg\" alt=\"San Martin 2009 - Mecerreyes\" width=\"717\" height=\"190\" srcset=\"https:\/\/www.mecerreyes.com\/mece\/wp-content\/uploads\/2010\/10\/San-Martin-2009-Mecerreyes1-1024x272.jpg 1024w, https:\/\/www.mecerreyes.com\/mece\/wp-content\/uploads\/2010\/10\/San-Martin-2009-Mecerreyes1-300x79.jpg 300w, https:\/\/www.mecerreyes.com\/mece\/wp-content\/uploads\/2010\/10\/San-Martin-2009-Mecerreyes1.jpg 1276w\" sizes=\"(max-width: 717px) 100vw, 717px\" \/><\/a><\/p>\n<h3><span style=\"color: #ff0000\">\u00a0<\/span><\/h3>\n<h2><span style=\"color: #ff0000\">Domingo 14 de noviembre<\/span><\/h2>\n<ul>\n<li>12:30 h. <strong><span style=\"color: #0000ff\">Misa Castellana cantada por el Grupo Tradicional TR\u00c9BEDE<\/span> <\/strong>(Burgos)<\/li>\n<li>A continuaci\u00f3n nos ofrecer\u00e1n Bailes populares<\/li>\n<\/ul>\n<p><a  href=\"http:\/\/www.mecerreyes.com\/mece\/wp-content\/uploads\/2010\/10\/Trebede.jpg\" class=\"thickbox no_icon\" title=\"Trebede\"><img loading=\"lazy\" decoding=\"async\" class=\"alignnone size-full wp-image-2172\" src=\"http:\/\/www.mecerreyes.com\/mece\/wp-content\/uploads\/2010\/10\/Trebede.jpg\" alt=\"Trebede\" width=\"314\" height=\"235\" srcset=\"https:\/\/www.mecerreyes.com\/mece\/wp-content\/uploads\/2010\/10\/Trebede.jpg 314w, https:\/\/www.mecerreyes.com\/mece\/wp-content\/uploads\/2010\/10\/Trebede-300x224.jpg 300w\" sizes=\"(max-width: 314px) 100vw, 314px\" \/><\/a><\/p>\n<p>\u00a0<\/p>\n<h3><span style=\"color: #ff0000\">\u00a0<\/span><\/h3>\n<h2><span style=\"color: #ff0000\">S\u00e1bado 27 de noviembre<\/span><\/h2>\n<p style=\"text-align: justify\"><span style=\"color: #000000\">Y para terminar el mes de noviembre, podremos disfrutar de una tarde divertida y entretenida con el grupo de teatro<a  href=\"http:\/\/www.mecerreyes.com\/mece\/wp-content\/uploads\/2010\/10\/Carajo-1.JPG\" class=\"thickbox no_icon\" title=\"Grupo de Teatro CARAJO\"><img loading=\"lazy\" decoding=\"async\" class=\"size-medium wp-image-2240 alignright\" src=\"http:\/\/www.mecerreyes.com\/mece\/wp-content\/uploads\/2010\/10\/Carajo-1-300x245.jpg\" alt=\"Grupo de Teatro CARAJO\" width=\"300\" height=\"245\" srcset=\"https:\/\/www.mecerreyes.com\/mece\/wp-content\/uploads\/2010\/10\/Carajo-1-300x245.jpg 300w, https:\/\/www.mecerreyes.com\/mece\/wp-content\/uploads\/2010\/10\/Carajo-1.JPG 704w\" sizes=\"(max-width: 300px) 100vw, 300px\" \/><\/a><\/span><\/p>\n<p style=\"text-align: justify\">\u00a0de Ca\u00f1izar de Arga\u00f1o que nos ofrecer\u00e1n la siguiente representaci\u00f3n:<\/p>\n<p style=\"text-align: justify\">\u00a0<\/p>\n<ul>\n<li><strong><span style=\"color: #0000ff\">Obra de Teatro<\/span> <\/strong>c\u00f3mica titulada <strong>\u201cEL TESTAMENTO DEL T\u00cdO AGAPITO\u201d<\/strong> a cargo del Grupo de Teatro \u201c<strong>CARAJO\u201d de Ca\u00f1izar de Arga\u00f1o<\/strong>.<\/li>\n<li>Lugar: <strong>Sal\u00f3n del <a  href=\"https:\/\/www.mecerreyes.com\/mece\/?page_id=24\">Ayuntamiento<\/a><\/strong>. Hora: <strong>7:30 de la tarde<\/strong>.<\/li>\n<\/ul>\n<p style=\"text-align: justify;padding-left: 60px\"><em>Trata de c\u00f3mo se las agencia una viuda para sacar beneficio de la rid\u00edcula herencia que la deja\u00a0 su marido.<\/em><\/p>","protected":false},"excerpt":{"rendered":"<p>La Fiesta Patronal de SAN MART\u00cdN, antiguamente fiesta grande para el pueblo,\u00a0y que ahora sigue siendo para muchas personas un d\u00eda especial, una fiesta diferente, entra\u00f1able, querida. Este a\u00f1o alrededor de este d\u00eda 11 de noviembre hay un amplio programa de actividades que puedes ver a continuaci\u00f3n: \u00a0 \u00a0 \u00a0 \u00a0 S\u00e1bado 6 de noviembre [&hellip;]<\/p>\n","protected":false},"author":5,"featured_media":0,"comment_status":"open","ping_status":"closed","sticky":false,"template":"","format":"standard","meta":{"_et_pb_use_builder":"","_et_pb_old_content":"","_et_gb_content_width":"","footnotes":""},"categories":[1],"tags":[12,21,31,30],"class_list":["post-2148","post","type-post","status-publish","format-standard","hentry","category-general","tag-asociacion-de-jubilados","tag-guiletos","tag-jornadas-micologicas","tag-san-martin","et-doesnt-have-format-content","et_post_format-et-post-format-standard"],"_links":{"self":[{"href":"https:\/\/www.mecerreyes.com\/mece\/index.php?rest_route=\/wp\/v2\/posts\/2148"}],"collection":[{"href":"https:\/\/www.mecerreyes.com\/mece\/index.php?rest_route=\/wp\/v2\/posts"}],"about":[{"href":"https:\/\/www.mecerreyes.com\/mece\/index.php?rest_route=\/wp\/v2\/types\/post"}],"author":[{"embeddable":true,"href":"https:\/\/www.mecerreyes.com\/mece\/index.php?rest_route=\/wp\/v2\/users\/5"}],"replies":[{"embeddable":true,"href":"https:\/\/www.mecerreyes.com\/mece\/index.php?rest_route=%2Fwp%2Fv2%2Fcomments&post=2148"}],"version-history":[{"count":1,"href":"https:\/\/www.mecerreyes.com\/mece\/index.php?rest_route=\/wp\/v2\/posts\/2148\/revisions"}],"predecessor-version":[{"id":5998,"href":"https:\/\/www.mecerreyes.com\/mece\/index.php?rest_route=\/wp\/v2\/posts\/2148\/revisions\/5998"}],"wp:attachment":[{"href":"https:\/\/www.mecerreyes.com\/mece\/index.php?rest_route=%2Fwp%2Fv2%2Fmedia&parent=2148"}],"wp:term":[{"taxonomy":"category","embeddable":true,"href":"https:\/\/www.mecerreyes.com\/mece\/index.php?rest_route=%2Fwp%2Fv2%2Fcategories&post=2148"},{"taxonomy":"post_tag","embeddable":true,"href":"https:\/\/www.mecerreyes.com\/mece\/index.php?rest_route=%2Fwp%2Fv2%2Ftags&post=2148"}],"curies":[{"name":"wp","href":"https:\/\/api.w.org\/{rel}","templated":true}]}}