{"id":21784,"date":"2022-05-05T19:22:54","date_gmt":"2022-05-05T18:22:54","guid":{"rendered":"http:\/\/www.mecerreyes.com\/mece\/?p=21784"},"modified":"2022-05-05T19:29:53","modified_gmt":"2022-05-05T18:29:53","slug":"noticias-abril-2022","status":"publish","type":"post","link":"https:\/\/www.mecerreyes.com\/mece\/?p=21784","title":{"rendered":"Noticias Abril 2022"},"content":{"rendered":"<p><strong>ABRIL 2022<\/strong><\/p>\n\n\n\n<p>Hemos dicho adi\u00f3s a un mes primaveral que nos ha regalado encuentros y preciosas fotograf\u00edas que inmortalizan el verdor del paisaje salpicado de flores, y los momentos vividos en Mecerreyes. <\/p>\n\n\n\n<figure class=\"wp-block-gallery columns-1 is-cropped wp-block-gallery-1 is-layout-flex wp-block-gallery-is-layout-flex\"><ul class=\"blocks-gallery-grid\"><li class=\"blocks-gallery-item\"><figure><a  href=\"https:\/\/www.mecerreyes.com\/mece\/wp-content\/uploads\/2022\/05\/Mecerreyes-abril-2022-5.jpeg\" class=\"thickbox no_icon\" title=\"\"><img loading=\"lazy\" decoding=\"async\" width=\"1024\" height=\"576\" src=\"https:\/\/www.mecerreyes.com\/mece\/wp-content\/uploads\/2022\/05\/Mecerreyes-abril-2022-5-1024x576.jpeg\" alt=\"\" data-id=\"21822\" data-full-url=\"https:\/\/www.mecerreyes.com\/mece\/wp-content\/uploads\/2022\/05\/Mecerreyes-abril-2022-5.jpeg\" data-link=\"https:\/\/www.mecerreyes.com\/mece\/?attachment_id=21822\" class=\"wp-image-21822\" srcset=\"https:\/\/www.mecerreyes.com\/mece\/wp-content\/uploads\/2022\/05\/Mecerreyes-abril-2022-5-1024x576.jpeg 1024w, https:\/\/www.mecerreyes.com\/mece\/wp-content\/uploads\/2022\/05\/Mecerreyes-abril-2022-5-300x169.jpeg 300w, https:\/\/www.mecerreyes.com\/mece\/wp-content\/uploads\/2022\/05\/Mecerreyes-abril-2022-5-768x432.jpeg 768w, https:\/\/www.mecerreyes.com\/mece\/wp-content\/uploads\/2022\/05\/Mecerreyes-abril-2022-5-1536x864.jpeg 1536w, https:\/\/www.mecerreyes.com\/mece\/wp-content\/uploads\/2022\/05\/Mecerreyes-abril-2022-5-1080x608.jpeg 1080w, https:\/\/www.mecerreyes.com\/mece\/wp-content\/uploads\/2022\/05\/Mecerreyes-abril-2022-5.jpeg 2000w\" sizes=\"(max-width: 1024px) 100vw, 1024px\" \/><\/a><\/figure><\/li><\/ul><\/figure>\n\n\n\n<p>Mes de cagarrias, de acumular le\u00f1a para los d\u00edas de fr\u00edo, hasta la nieve nos visit\u00f3 el d\u00eda 23, calles llenas de coches y de ni\u00f1os, una <a  href=\"https:\/\/www.mecerreyes.com\/mece\/?page_id=48\">Semana Santa<\/a> cumpliendo las tradiciones que nos ha vuelto a dejar coletazos de Covid 19. <\/p>\n\n\n\n<figure class=\"wp-block-gallery columns-2 is-cropped wp-block-gallery-2 is-layout-flex wp-block-gallery-is-layout-flex\"><ul class=\"blocks-gallery-grid\"><li class=\"blocks-gallery-item\"><figure><a  href=\"https:\/\/www.mecerreyes.com\/mece\/wp-content\/uploads\/2022\/05\/Mecerreyes-abril-2022-6.jpeg\" class=\"thickbox no_icon\" title=\"\"><img loading=\"lazy\" decoding=\"async\" width=\"576\" height=\"1024\" src=\"https:\/\/www.mecerreyes.com\/mece\/wp-content\/uploads\/2022\/05\/Mecerreyes-abril-2022-6-576x1024.jpeg\" alt=\"\" data-id=\"21823\" data-full-url=\"https:\/\/www.mecerreyes.com\/mece\/wp-content\/uploads\/2022\/05\/Mecerreyes-abril-2022-6.jpeg\" data-link=\"https:\/\/www.mecerreyes.com\/mece\/?attachment_id=21823\" class=\"wp-image-21823\" srcset=\"https:\/\/www.mecerreyes.com\/mece\/wp-content\/uploads\/2022\/05\/Mecerreyes-abril-2022-6-576x1024.jpeg 576w, https:\/\/www.mecerreyes.com\/mece\/wp-content\/uploads\/2022\/05\/Mecerreyes-abril-2022-6-169x300.jpeg 169w, https:\/\/www.mecerreyes.com\/mece\/wp-content\/uploads\/2022\/05\/Mecerreyes-abril-2022-6-768x1365.jpeg 768w, https:\/\/www.mecerreyes.com\/mece\/wp-content\/uploads\/2022\/05\/Mecerreyes-abril-2022-6-864x1536.jpeg 864w, https:\/\/www.mecerreyes.com\/mece\/wp-content\/uploads\/2022\/05\/Mecerreyes-abril-2022-6-1080x1920.jpeg 1080w, https:\/\/www.mecerreyes.com\/mece\/wp-content\/uploads\/2022\/05\/Mecerreyes-abril-2022-6.jpeg 1125w\" sizes=\"(max-width: 576px) 100vw, 576px\" \/><\/a><\/figure><\/li><li class=\"blocks-gallery-item\"><figure><a  href=\"https:\/\/www.mecerreyes.com\/mece\/wp-content\/uploads\/2022\/05\/Mecerreyes-abril-2022-1.jpeg\" class=\"thickbox no_icon\" title=\"\"><img loading=\"lazy\" decoding=\"async\" width=\"1024\" height=\"576\" src=\"https:\/\/www.mecerreyes.com\/mece\/wp-content\/uploads\/2022\/05\/Mecerreyes-abril-2022-1-1024x576.jpeg\" alt=\"\" data-id=\"21824\" data-full-url=\"https:\/\/www.mecerreyes.com\/mece\/wp-content\/uploads\/2022\/05\/Mecerreyes-abril-2022-1.jpeg\" data-link=\"https:\/\/www.mecerreyes.com\/mece\/?attachment_id=21824\" class=\"wp-image-21824\" srcset=\"https:\/\/www.mecerreyes.com\/mece\/wp-content\/uploads\/2022\/05\/Mecerreyes-abril-2022-1-1024x576.jpeg 1024w, https:\/\/www.mecerreyes.com\/mece\/wp-content\/uploads\/2022\/05\/Mecerreyes-abril-2022-1-300x169.jpeg 300w, https:\/\/www.mecerreyes.com\/mece\/wp-content\/uploads\/2022\/05\/Mecerreyes-abril-2022-1-768x432.jpeg 768w, https:\/\/www.mecerreyes.com\/mece\/wp-content\/uploads\/2022\/05\/Mecerreyes-abril-2022-1-1536x864.jpeg 1536w, https:\/\/www.mecerreyes.com\/mece\/wp-content\/uploads\/2022\/05\/Mecerreyes-abril-2022-1-1080x608.jpeg 1080w, https:\/\/www.mecerreyes.com\/mece\/wp-content\/uploads\/2022\/05\/Mecerreyes-abril-2022-1.jpeg 1600w\" sizes=\"(max-width: 1024px) 100vw, 1024px\" \/><\/a><\/figure><\/li><\/ul><\/figure>\n\n\n\n<p>Retomamos las propuestas de la plataforma Arl\u00e1nzate, la ilusi\u00f3n por la Romer\u00eda y disfrutamos con&nbsp; el equipo de futbol&nbsp; C.D.Mecerreyes.<\/p>\n\n\n\n<p>Agradecemos de nuevo la labor de las catequistas, su trabajo hace que la eucarist\u00eda de los domingos sea muy especial.<\/p>\n\n\n\n<p>Nos confirman que el 2 de julio por la tarde el arzobispo D. Mario Izeta &nbsp;se desplazar\u00e1 hasta Mecerreyes para&nbsp; conocer nuestra comunidad y confirmar a los ni\u00f1os.<\/p>\n\n\n\n<div style=\"height:42px\" aria-hidden=\"true\" class=\"wp-block-spacer\"><\/div>\n\n\n\n<p style=\"font-size:22px\" class=\"has-background has-luminous-vivid-amber-background-color\"><strong>EFEM\u00c9RIDES<\/strong><\/p>\n\n\n\n<ul class=\"wp-block-list\"><li>El 7, D\u00eda Mundial de la Salud.<\/li><li><strong>El 10, Domingo de Ramos.<\/strong><\/li><li><strong>El 14, Jueves Santo<\/strong><\/li><li><strong>El 15, Viernes Santo.<\/strong><\/li><li><strong>El 17, Domingo de Resurrecci\u00f3n<\/strong><\/li><li>El 22, D\u00eda Internacional de la Madre Tierra.<\/li><li>El 23, D\u00eda Mundial del Libro. Fiesta Comunidad Castilla y Le\u00f3n.<\/li><li>El 28, D\u00eda Mundial de la Seguridad y la Salud en el Trabajo.<\/li><\/ul>\n\n\n\n<div style=\"height:44px\" aria-hidden=\"true\" class=\"wp-block-spacer\"><\/div>\n\n\n\n<figure class=\"wp-block-gallery columns-1 is-cropped wp-block-gallery-3 is-layout-flex wp-block-gallery-is-layout-flex\"><ul class=\"blocks-gallery-grid\"><li class=\"blocks-gallery-item\"><figure><a  href=\"http:\/\/www.mecerreyes.com\/mece\/wp-content\/uploads\/2022\/05\/Mecerreyes-abril-2022-7.jpeg\" class=\"thickbox no_icon\" title=\"\"><img loading=\"lazy\" decoding=\"async\" width=\"1024\" height=\"576\" src=\"http:\/\/www.mecerreyes.com\/mece\/wp-content\/uploads\/2022\/05\/Mecerreyes-abril-2022-7-1024x576.jpeg\" alt=\"\" data-id=\"21831\" data-full-url=\"http:\/\/www.mecerreyes.com\/mece\/wp-content\/uploads\/2022\/05\/Mecerreyes-abril-2022-7.jpeg\" data-link=\"http:\/\/www.mecerreyes.com\/mece\/?attachment_id=21831\" class=\"wp-image-21831\" srcset=\"https:\/\/www.mecerreyes.com\/mece\/wp-content\/uploads\/2022\/05\/Mecerreyes-abril-2022-7-1024x576.jpeg 1024w, https:\/\/www.mecerreyes.com\/mece\/wp-content\/uploads\/2022\/05\/Mecerreyes-abril-2022-7-300x169.jpeg 300w, https:\/\/www.mecerreyes.com\/mece\/wp-content\/uploads\/2022\/05\/Mecerreyes-abril-2022-7-768x432.jpeg 768w, https:\/\/www.mecerreyes.com\/mece\/wp-content\/uploads\/2022\/05\/Mecerreyes-abril-2022-7-1536x864.jpeg 1536w, https:\/\/www.mecerreyes.com\/mece\/wp-content\/uploads\/2022\/05\/Mecerreyes-abril-2022-7-1080x608.jpeg 1080w, https:\/\/www.mecerreyes.com\/mece\/wp-content\/uploads\/2022\/05\/Mecerreyes-abril-2022-7.jpeg 2000w\" sizes=\"(max-width: 1024px) 100vw, 1024px\" \/><\/a><\/figure><\/li><\/ul><\/figure>\n\n\n\n<div style=\"height:61px\" aria-hidden=\"true\" class=\"wp-block-spacer\"><\/div>\n\n\n\n<p style=\"font-size:22px\" class=\"has-background has-luminous-vivid-amber-background-color\"><strong>NACIMIENTO<\/strong><\/p>\n\n\n\n<p>Nunca es tarde para compartir las buenas noticias, y as\u00ed lo ha hecho la ilusionada familia Arribas \u2013 Amador.<\/p>\n\n\n\n<p><strong>EKAIN ARRIBAS AMADOR<\/strong> naci\u00f3 el pasado 20 de marzo, sus padres Mikel y Tamara, sus abuelos Miguel \u00c1ngel y M\u00aa Jos\u00e9 y su orgullosa bisabuela Ascensi\u00f3n quieren compartir su felicidad con toda la comunidad guileta. <\/p>\n\n\n\n<figure class=\"wp-block-gallery columns-1 is-cropped wp-block-gallery-4 is-layout-flex wp-block-gallery-is-layout-flex\"><ul class=\"blocks-gallery-grid\"><li class=\"blocks-gallery-item\"><figure><a  href=\"https:\/\/www.mecerreyes.com\/mece\/wp-content\/uploads\/2022\/05\/Nacimiento-Ekain-Arribas-Amador.jpg\" class=\"thickbox no_icon\" title=\"\"><img loading=\"lazy\" decoding=\"async\" width=\"474\" height=\"711\" src=\"https:\/\/www.mecerreyes.com\/mece\/wp-content\/uploads\/2022\/05\/Nacimiento-Ekain-Arribas-Amador.jpg\" alt=\"\" data-id=\"21835\" data-full-url=\"https:\/\/www.mecerreyes.com\/mece\/wp-content\/uploads\/2022\/05\/Nacimiento-Ekain-Arribas-Amador.jpg\" data-link=\"https:\/\/www.mecerreyes.com\/mece\/?attachment_id=21835\" class=\"wp-image-21835\" srcset=\"https:\/\/www.mecerreyes.com\/mece\/wp-content\/uploads\/2022\/05\/Nacimiento-Ekain-Arribas-Amador.jpg 474w, https:\/\/www.mecerreyes.com\/mece\/wp-content\/uploads\/2022\/05\/Nacimiento-Ekain-Arribas-Amador-200x300.jpg 200w\" sizes=\"(max-width: 474px) 100vw, 474px\" \/><\/a><\/figure><\/li><\/ul><\/figure>\n\n\n\n<div style=\"height:52px\" aria-hidden=\"true\" class=\"wp-block-spacer\"><\/div>\n\n\n\n<p style=\"font-size:22px\" class=\"has-background has-luminous-vivid-amber-background-color\"><strong>DEFUNCIONES<\/strong><\/p>\n\n\n\n<div class=\"wp-block-media-text alignwide has-background has-very-light-gray-background-color is-stacked-on-mobile\"><figure class=\"wp-block-media-text__media\"><img loading=\"lazy\" decoding=\"async\" width=\"876\" height=\"1024\" src=\"https:\/\/www.mecerreyes.com\/mece\/wp-content\/uploads\/2022\/05\/Jes\u00fas-Diez-Diez-876x1024.jpg\" alt=\"\" class=\"wp-image-21838\" srcset=\"https:\/\/www.mecerreyes.com\/mece\/wp-content\/uploads\/2022\/05\/Jes\u00fas-Diez-Diez-876x1024.jpg 876w, https:\/\/www.mecerreyes.com\/mece\/wp-content\/uploads\/2022\/05\/Jes\u00fas-Diez-Diez-257x300.jpg 257w, https:\/\/www.mecerreyes.com\/mece\/wp-content\/uploads\/2022\/05\/Jes\u00fas-Diez-Diez-768x898.jpg 768w, https:\/\/www.mecerreyes.com\/mece\/wp-content\/uploads\/2022\/05\/Jes\u00fas-Diez-Diez.jpg 924w\" sizes=\"(max-width: 876px) 100vw, 876px\" \/><\/figure><div class=\"wp-block-media-text__content\">\n<p style=\"font-size:17px\"><strong>D. JES\u00daS D\u00cdEZ D\u00cdEZ<\/strong> falleci\u00f3 en Burgos el d\u00eda 5 de abril a los 93 a\u00f1os de edad, despedimos su cuerpo en la Iglesia Parroquial de Mecerreyes, familiares y vecinos lo acompa\u00f1aron hasta el cementerio local donde ya descansa.<\/p>\n<\/div><\/div>\n\n\n\n<div style=\"height:41px\" aria-hidden=\"true\" class=\"wp-block-spacer\"><\/div>\n\n\n\n<figure class=\"wp-block-gallery columns-1 is-cropped wp-block-gallery-5 is-layout-flex wp-block-gallery-is-layout-flex\"><ul class=\"blocks-gallery-grid\"><li class=\"blocks-gallery-item\"><figure><a  href=\"https:\/\/www.mecerreyes.com\/mece\/wp-content\/uploads\/2022\/05\/Esquela-Jes\u00fas-Diez-Diez-falleci\u00f3-el-5-04-22.jpg\" class=\"thickbox no_icon\" title=\"\"><img loading=\"lazy\" decoding=\"async\" width=\"1024\" height=\"790\" src=\"https:\/\/www.mecerreyes.com\/mece\/wp-content\/uploads\/2022\/05\/Esquela-Jes\u00fas-Diez-Diez-falleci\u00f3-el-5-04-22-1024x790.jpg\" alt=\"\" data-id=\"21836\" data-full-url=\"https:\/\/www.mecerreyes.com\/mece\/wp-content\/uploads\/2022\/05\/Esquela-Jes\u00fas-Diez-Diez-falleci\u00f3-el-5-04-22.jpg\" data-link=\"https:\/\/www.mecerreyes.com\/mece\/?attachment_id=21836\" class=\"wp-image-21836\" srcset=\"https:\/\/www.mecerreyes.com\/mece\/wp-content\/uploads\/2022\/05\/Esquela-Jes\u00fas-Diez-Diez-falleci\u00f3-el-5-04-22-1024x790.jpg 1024w, https:\/\/www.mecerreyes.com\/mece\/wp-content\/uploads\/2022\/05\/Esquela-Jes\u00fas-Diez-Diez-falleci\u00f3-el-5-04-22-300x232.jpg 300w, https:\/\/www.mecerreyes.com\/mece\/wp-content\/uploads\/2022\/05\/Esquela-Jes\u00fas-Diez-Diez-falleci\u00f3-el-5-04-22-768x593.jpg 768w, https:\/\/www.mecerreyes.com\/mece\/wp-content\/uploads\/2022\/05\/Esquela-Jes\u00fas-Diez-Diez-falleci\u00f3-el-5-04-22-1536x1185.jpg 1536w, https:\/\/www.mecerreyes.com\/mece\/wp-content\/uploads\/2022\/05\/Esquela-Jes\u00fas-Diez-Diez-falleci\u00f3-el-5-04-22-1080x834.jpg 1080w, https:\/\/www.mecerreyes.com\/mece\/wp-content\/uploads\/2022\/05\/Esquela-Jes\u00fas-Diez-Diez-falleci\u00f3-el-5-04-22.jpg 1744w\" sizes=\"(max-width: 1024px) 100vw, 1024px\" \/><\/a><\/figure><\/li><\/ul><\/figure>\n\n\n\n<div style=\"height:37px\" aria-hidden=\"true\" class=\"wp-block-spacer\"><\/div>\n\n\n\n<hr class=\"wp-block-separator\"\/>\n\n\n\n<div class=\"wp-block-media-text alignwide has-background has-very-light-gray-background-color is-stacked-on-mobile\"><figure class=\"wp-block-media-text__media\"><img loading=\"lazy\" decoding=\"async\" width=\"784\" height=\"1020\" src=\"http:\/\/www.mecerreyes.com\/mece\/wp-content\/uploads\/2020\/10\/Torre-iglesia-Mecerreyes-2.jpg\" alt=\"\" class=\"wp-image-20299\" srcset=\"https:\/\/www.mecerreyes.com\/mece\/wp-content\/uploads\/2020\/10\/Torre-iglesia-Mecerreyes-2.jpg 784w, https:\/\/www.mecerreyes.com\/mece\/wp-content\/uploads\/2020\/10\/Torre-iglesia-Mecerreyes-2-231x300.jpg 231w, https:\/\/www.mecerreyes.com\/mece\/wp-content\/uploads\/2020\/10\/Torre-iglesia-Mecerreyes-2-768x999.jpg 768w\" sizes=\"(max-width: 784px) 100vw, 784px\" \/><\/figure><div class=\"wp-block-media-text__content\">\n<p style=\"font-size:17px\" class=\"has-text-align-center\"><strong>D. ALBERTO CUEVAS ARRIBAS<\/strong> falleci\u00f3 en Vitoria Gasteiz el d\u00eda 15 de abril a los 77 a\u00f1os de edad. Sus cenizas tuvieron un acto de despedida el d\u00eda 18 en la Iglesia Nuestra Se\u00f1ora del Pilar de Vitoria.&nbsp; Tambi\u00e9n se ofici\u00f3 una misa funeral en Mecerreyes el pasado d\u00eda 30.<br><strong>D.E.P.<\/strong><\/p>\n<\/div><\/div>\n\n\n\n<div style=\"height:22px\" aria-hidden=\"true\" class=\"wp-block-spacer\"><\/div>\n\n\n\n<figure class=\"wp-block-gallery columns-1 is-cropped wp-block-gallery-6 is-layout-flex wp-block-gallery-is-layout-flex\"><ul class=\"blocks-gallery-grid\"><li class=\"blocks-gallery-item\"><figure><a  href=\"https:\/\/www.mecerreyes.com\/mece\/wp-content\/uploads\/2022\/05\/Esquela-de-Alberto-Cuevas-Arribas-falleci\u00f3-el-15-04-2022.jpeg\" class=\"thickbox no_icon\" title=\"\"><img loading=\"lazy\" decoding=\"async\" width=\"1024\" height=\"749\" src=\"https:\/\/www.mecerreyes.com\/mece\/wp-content\/uploads\/2022\/05\/Esquela-de-Alberto-Cuevas-Arribas-falleci\u00f3-el-15-04-2022-1024x749.jpeg\" alt=\"\" data-id=\"21837\" data-full-url=\"https:\/\/www.mecerreyes.com\/mece\/wp-content\/uploads\/2022\/05\/Esquela-de-Alberto-Cuevas-Arribas-falleci\u00f3-el-15-04-2022.jpeg\" data-link=\"https:\/\/www.mecerreyes.com\/mece\/?attachment_id=21837\" class=\"wp-image-21837\" srcset=\"https:\/\/www.mecerreyes.com\/mece\/wp-content\/uploads\/2022\/05\/Esquela-de-Alberto-Cuevas-Arribas-falleci\u00f3-el-15-04-2022-1024x749.jpeg 1024w, https:\/\/www.mecerreyes.com\/mece\/wp-content\/uploads\/2022\/05\/Esquela-de-Alberto-Cuevas-Arribas-falleci\u00f3-el-15-04-2022-300x219.jpeg 300w, https:\/\/www.mecerreyes.com\/mece\/wp-content\/uploads\/2022\/05\/Esquela-de-Alberto-Cuevas-Arribas-falleci\u00f3-el-15-04-2022-768x562.jpeg 768w, https:\/\/www.mecerreyes.com\/mece\/wp-content\/uploads\/2022\/05\/Esquela-de-Alberto-Cuevas-Arribas-falleci\u00f3-el-15-04-2022.jpeg 1080w\" sizes=\"(max-width: 1024px) 100vw, 1024px\" \/><\/a><\/figure><\/li><\/ul><\/figure>\n\n\n\n<div style=\"height:56px\" aria-hidden=\"true\" class=\"wp-block-spacer\"><\/div>\n\n\n\n<p style=\"font-size:22px\" class=\"has-background has-luminous-vivid-amber-background-color\"><strong><a  href=\"https:\/\/www.mecerreyes.com\/mece\/?page_id=48\">SEMANA SANTA<\/a><\/strong><\/p>\n\n\n\n<p>Las buenas temperaturas fueron la t\u00f3nica general de toda la <a  href=\"https:\/\/www.mecerreyes.com\/mece\/?page_id=48\">Semana Santa<\/a> en Mecerreyes, la gran cantidad de casas abiertas, de ni\u00f1os con sus bicis, en la pista o en el front\u00f3n, daban una imagen de pueblo vivo.<\/p>\n\n\n\n<figure class=\"wp-block-gallery columns-1 is-cropped wp-block-gallery-7 is-layout-flex wp-block-gallery-is-layout-flex\"><ul class=\"blocks-gallery-grid\"><li class=\"blocks-gallery-item\"><figure><a  href=\"https:\/\/www.mecerreyes.com\/mece\/wp-content\/uploads\/2022\/05\/Mecerreyes-abril-2022-Domingo-de-Ramos.jpeg\" class=\"thickbox no_icon\" title=\"\"><img loading=\"lazy\" decoding=\"async\" width=\"1024\" height=\"421\" src=\"https:\/\/www.mecerreyes.com\/mece\/wp-content\/uploads\/2022\/05\/Mecerreyes-abril-2022-Domingo-de-Ramos-1024x421.jpeg\" alt=\"\" data-id=\"21833\" data-full-url=\"https:\/\/www.mecerreyes.com\/mece\/wp-content\/uploads\/2022\/05\/Mecerreyes-abril-2022-Domingo-de-Ramos.jpeg\" data-link=\"https:\/\/www.mecerreyes.com\/mece\/?attachment_id=21833\" class=\"wp-image-21833\" srcset=\"https:\/\/www.mecerreyes.com\/mece\/wp-content\/uploads\/2022\/05\/Mecerreyes-abril-2022-Domingo-de-Ramos-1024x421.jpeg 1024w, https:\/\/www.mecerreyes.com\/mece\/wp-content\/uploads\/2022\/05\/Mecerreyes-abril-2022-Domingo-de-Ramos-300x123.jpeg 300w, https:\/\/www.mecerreyes.com\/mece\/wp-content\/uploads\/2022\/05\/Mecerreyes-abril-2022-Domingo-de-Ramos-768x316.jpeg 768w, https:\/\/www.mecerreyes.com\/mece\/wp-content\/uploads\/2022\/05\/Mecerreyes-abril-2022-Domingo-de-Ramos-1536x632.jpeg 1536w, https:\/\/www.mecerreyes.com\/mece\/wp-content\/uploads\/2022\/05\/Mecerreyes-abril-2022-Domingo-de-Ramos-1080x444.jpeg 1080w, https:\/\/www.mecerreyes.com\/mece\/wp-content\/uploads\/2022\/05\/Mecerreyes-abril-2022-Domingo-de-Ramos.jpeg 1600w\" sizes=\"(max-width: 1024px) 100vw, 1024px\" \/><\/a><\/figure><\/li><\/ul><\/figure>\n\n\n\n<p>Momentos de emoci\u00f3n en la subasta de los cirineos, al recordar a nuestro amigo Colores (Jes\u00fas D\u00edez)&nbsp; encargado desde hace tantos a\u00f1os de decir \u201c<strong>no hay qui\u00e9n, a la una, no hay qui\u00e9n\u2026, a las dos<\/strong>\u2026\u201d Un reconocimiento a su labor y un aplauso para \u00e9l que agradeci\u00f3 la familia all\u00ed presente<strong>. <\/strong><\/p>\n\n\n\n<figure class=\"wp-block-gallery columns-1 is-cropped wp-block-gallery-8 is-layout-flex wp-block-gallery-is-layout-flex\"><ul class=\"blocks-gallery-grid\"><li class=\"blocks-gallery-item\"><figure><a  href=\"https:\/\/www.mecerreyes.com\/mece\/wp-content\/uploads\/2022\/05\/En-Memoria-de-Jes\u00fas-Diez-colores.jpg\" class=\"thickbox no_icon\" title=\"\"><img loading=\"lazy\" decoding=\"async\" width=\"1024\" height=\"683\" src=\"https:\/\/www.mecerreyes.com\/mece\/wp-content\/uploads\/2022\/05\/En-Memoria-de-Jes\u00fas-Diez-colores-1024x683.jpg\" alt=\"\" data-id=\"21786\" data-full-url=\"https:\/\/www.mecerreyes.com\/mece\/wp-content\/uploads\/2022\/05\/En-Memoria-de-Jes\u00fas-Diez-colores.jpg\" data-link=\"https:\/\/www.mecerreyes.com\/mece\/?attachment_id=21786\" class=\"wp-image-21786\" srcset=\"https:\/\/www.mecerreyes.com\/mece\/wp-content\/uploads\/2022\/05\/En-Memoria-de-Jes\u00fas-Diez-colores-1024x683.jpg 1024w, https:\/\/www.mecerreyes.com\/mece\/wp-content\/uploads\/2022\/05\/En-Memoria-de-Jes\u00fas-Diez-colores-300x200.jpg 300w, https:\/\/www.mecerreyes.com\/mece\/wp-content\/uploads\/2022\/05\/En-Memoria-de-Jes\u00fas-Diez-colores-768x512.jpg 768w, https:\/\/www.mecerreyes.com\/mece\/wp-content\/uploads\/2022\/05\/En-Memoria-de-Jes\u00fas-Diez-colores-1536x1024.jpg 1536w, https:\/\/www.mecerreyes.com\/mece\/wp-content\/uploads\/2022\/05\/En-Memoria-de-Jes\u00fas-Diez-colores-1080x720.jpg 1080w, https:\/\/www.mecerreyes.com\/mece\/wp-content\/uploads\/2022\/05\/En-Memoria-de-Jes\u00fas-Diez-colores.jpg 1980w\" sizes=\"(max-width: 1024px) 100vw, 1024px\" \/><\/a><\/figure><\/li><\/ul><\/figure>\n\n\n\n<p>Momentos de emoci\u00f3n al saber que los cirineos de la edici\u00f3n 2022 tambi\u00e9n lo fueron 40 a\u00f1os atr\u00e1s. <\/p>\n\n\n\n<figure class=\"wp-block-gallery columns-3 is-cropped wp-block-gallery-9 is-layout-flex wp-block-gallery-is-layout-flex\"><ul class=\"blocks-gallery-grid\"><li class=\"blocks-gallery-item\"><figure><a  href=\"https:\/\/www.mecerreyes.com\/mece\/wp-content\/uploads\/2022\/05\/Mecerreyes-los-Pasos-a\u00f1o-1982-b.jpeg\" class=\"thickbox no_icon\" title=\"\"><img loading=\"lazy\" decoding=\"async\" width=\"765\" height=\"1024\" src=\"https:\/\/www.mecerreyes.com\/mece\/wp-content\/uploads\/2022\/05\/Mecerreyes-los-Pasos-a\u00f1o-1982-b-765x1024.jpeg\" alt=\"\" data-id=\"21791\" data-full-url=\"https:\/\/www.mecerreyes.com\/mece\/wp-content\/uploads\/2022\/05\/Mecerreyes-los-Pasos-a\u00f1o-1982-b.jpeg\" data-link=\"https:\/\/www.mecerreyes.com\/mece\/?attachment_id=21791\" class=\"wp-image-21791\" srcset=\"https:\/\/www.mecerreyes.com\/mece\/wp-content\/uploads\/2022\/05\/Mecerreyes-los-Pasos-a\u00f1o-1982-b-765x1024.jpeg 765w, https:\/\/www.mecerreyes.com\/mece\/wp-content\/uploads\/2022\/05\/Mecerreyes-los-Pasos-a\u00f1o-1982-b-224x300.jpeg 224w, https:\/\/www.mecerreyes.com\/mece\/wp-content\/uploads\/2022\/05\/Mecerreyes-los-Pasos-a\u00f1o-1982-b-768x1027.jpeg 768w, https:\/\/www.mecerreyes.com\/mece\/wp-content\/uploads\/2022\/05\/Mecerreyes-los-Pasos-a\u00f1o-1982-b-1148x1536.jpeg 1148w, https:\/\/www.mecerreyes.com\/mece\/wp-content\/uploads\/2022\/05\/Mecerreyes-los-Pasos-a\u00f1o-1982-b-1080x1445.jpeg 1080w, https:\/\/www.mecerreyes.com\/mece\/wp-content\/uploads\/2022\/05\/Mecerreyes-los-Pasos-a\u00f1o-1982-b.jpeg 1196w\" sizes=\"(max-width: 765px) 100vw, 765px\" \/><\/a><\/figure><\/li><li class=\"blocks-gallery-item\"><figure><a  href=\"https:\/\/www.mecerreyes.com\/mece\/wp-content\/uploads\/2022\/05\/Mecerreyes-Los-Pasos-Viernes-Santo-15-04-2022-13.jpg\" class=\"thickbox no_icon\" title=\"\"><img loading=\"lazy\" decoding=\"async\" width=\"1024\" height=\"683\" src=\"https:\/\/www.mecerreyes.com\/mece\/wp-content\/uploads\/2022\/05\/Mecerreyes-Los-Pasos-Viernes-Santo-15-04-2022-13-1024x683.jpg\" alt=\"\" data-id=\"21792\" data-full-url=\"https:\/\/www.mecerreyes.com\/mece\/wp-content\/uploads\/2022\/05\/Mecerreyes-Los-Pasos-Viernes-Santo-15-04-2022-13.jpg\" data-link=\"https:\/\/www.mecerreyes.com\/mece\/?attachment_id=21792\" class=\"wp-image-21792\" srcset=\"https:\/\/www.mecerreyes.com\/mece\/wp-content\/uploads\/2022\/05\/Mecerreyes-Los-Pasos-Viernes-Santo-15-04-2022-13-1024x683.jpg 1024w, https:\/\/www.mecerreyes.com\/mece\/wp-content\/uploads\/2022\/05\/Mecerreyes-Los-Pasos-Viernes-Santo-15-04-2022-13-300x200.jpg 300w, https:\/\/www.mecerreyes.com\/mece\/wp-content\/uploads\/2022\/05\/Mecerreyes-Los-Pasos-Viernes-Santo-15-04-2022-13-768x512.jpg 768w, https:\/\/www.mecerreyes.com\/mece\/wp-content\/uploads\/2022\/05\/Mecerreyes-Los-Pasos-Viernes-Santo-15-04-2022-13-1536x1024.jpg 1536w, https:\/\/www.mecerreyes.com\/mece\/wp-content\/uploads\/2022\/05\/Mecerreyes-Los-Pasos-Viernes-Santo-15-04-2022-13-1080x720.jpg 1080w, https:\/\/www.mecerreyes.com\/mece\/wp-content\/uploads\/2022\/05\/Mecerreyes-Los-Pasos-Viernes-Santo-15-04-2022-13.jpg 1980w\" sizes=\"(max-width: 1024px) 100vw, 1024px\" \/><\/a><\/figure><\/li><li class=\"blocks-gallery-item\"><figure><a  href=\"https:\/\/www.mecerreyes.com\/mece\/wp-content\/uploads\/2022\/05\/Mecerreyes-los-Pasos-a\u00f1o-1982-a.jpeg\" class=\"thickbox no_icon\" title=\"\"><img loading=\"lazy\" decoding=\"async\" width=\"1024\" height=\"765\" src=\"https:\/\/www.mecerreyes.com\/mece\/wp-content\/uploads\/2022\/05\/Mecerreyes-los-Pasos-a\u00f1o-1982-a-1024x765.jpeg\" alt=\"\" data-id=\"21793\" data-full-url=\"https:\/\/www.mecerreyes.com\/mece\/wp-content\/uploads\/2022\/05\/Mecerreyes-los-Pasos-a\u00f1o-1982-a.jpeg\" data-link=\"https:\/\/www.mecerreyes.com\/mece\/?attachment_id=21793\" class=\"wp-image-21793\" srcset=\"https:\/\/www.mecerreyes.com\/mece\/wp-content\/uploads\/2022\/05\/Mecerreyes-los-Pasos-a\u00f1o-1982-a-1024x765.jpeg 1024w, https:\/\/www.mecerreyes.com\/mece\/wp-content\/uploads\/2022\/05\/Mecerreyes-los-Pasos-a\u00f1o-1982-a-300x224.jpeg 300w, https:\/\/www.mecerreyes.com\/mece\/wp-content\/uploads\/2022\/05\/Mecerreyes-los-Pasos-a\u00f1o-1982-a-768x574.jpeg 768w, https:\/\/www.mecerreyes.com\/mece\/wp-content\/uploads\/2022\/05\/Mecerreyes-los-Pasos-a\u00f1o-1982-a-1536x1148.jpeg 1536w, https:\/\/www.mecerreyes.com\/mece\/wp-content\/uploads\/2022\/05\/Mecerreyes-los-Pasos-a\u00f1o-1982-a-1080x807.jpeg 1080w, https:\/\/www.mecerreyes.com\/mece\/wp-content\/uploads\/2022\/05\/Mecerreyes-los-Pasos-a\u00f1o-1982-a.jpeg 1600w\" sizes=\"(max-width: 1024px) 100vw, 1024px\" \/><\/a><\/figure><\/li><\/ul><\/figure>\n\n\n\n<p>Rufi Alonso y Jos\u00e9 Manuel Santamar\u00eda protagonizaron el viacrucis de Viernes Santo acompa\u00f1ados por la comunidad cristiana guileta, ni\u00f1os y padres con especial silencio y recogimiento. <\/p>\n\n\n\n<figure class=\"wp-block-gallery columns-3 is-cropped wp-block-gallery-10 is-layout-flex wp-block-gallery-is-layout-flex\"><ul class=\"blocks-gallery-grid\"><li class=\"blocks-gallery-item\"><figure><a  href=\"https:\/\/www.mecerreyes.com\/mece\/wp-content\/uploads\/2022\/05\/Mecerreyes-Los-Pasos-Viernes-Santo-15-04-2022-11.jpg\" class=\"thickbox no_icon\" title=\"\"><img loading=\"lazy\" decoding=\"async\" width=\"773\" height=\"860\" src=\"https:\/\/www.mecerreyes.com\/mece\/wp-content\/uploads\/2022\/05\/Mecerreyes-Los-Pasos-Viernes-Santo-15-04-2022-11.jpg\" alt=\"\" data-id=\"21813\" data-full-url=\"https:\/\/www.mecerreyes.com\/mece\/wp-content\/uploads\/2022\/05\/Mecerreyes-Los-Pasos-Viernes-Santo-15-04-2022-11.jpg\" data-link=\"https:\/\/www.mecerreyes.com\/mece\/?attachment_id=21813\" class=\"wp-image-21813\" srcset=\"https:\/\/www.mecerreyes.com\/mece\/wp-content\/uploads\/2022\/05\/Mecerreyes-Los-Pasos-Viernes-Santo-15-04-2022-11.jpg 773w, https:\/\/www.mecerreyes.com\/mece\/wp-content\/uploads\/2022\/05\/Mecerreyes-Los-Pasos-Viernes-Santo-15-04-2022-11-270x300.jpg 270w, https:\/\/www.mecerreyes.com\/mece\/wp-content\/uploads\/2022\/05\/Mecerreyes-Los-Pasos-Viernes-Santo-15-04-2022-11-768x854.jpg 768w\" sizes=\"(max-width: 773px) 100vw, 773px\" \/><\/a><\/figure><\/li><li class=\"blocks-gallery-item\"><figure><a  href=\"https:\/\/www.mecerreyes.com\/mece\/wp-content\/uploads\/2022\/05\/Mecerreyes-Los-Pasos-Viernes-Santo-15-04-2022-1.jpg\" class=\"thickbox no_icon\" title=\"\"><img loading=\"lazy\" decoding=\"async\" width=\"1024\" height=\"683\" src=\"https:\/\/www.mecerreyes.com\/mece\/wp-content\/uploads\/2022\/05\/Mecerreyes-Los-Pasos-Viernes-Santo-15-04-2022-1-1024x683.jpg\" alt=\"\" data-id=\"21803\" data-full-url=\"https:\/\/www.mecerreyes.com\/mece\/wp-content\/uploads\/2022\/05\/Mecerreyes-Los-Pasos-Viernes-Santo-15-04-2022-1.jpg\" data-link=\"https:\/\/www.mecerreyes.com\/mece\/?attachment_id=21803\" class=\"wp-image-21803\" srcset=\"https:\/\/www.mecerreyes.com\/mece\/wp-content\/uploads\/2022\/05\/Mecerreyes-Los-Pasos-Viernes-Santo-15-04-2022-1-1024x683.jpg 1024w, https:\/\/www.mecerreyes.com\/mece\/wp-content\/uploads\/2022\/05\/Mecerreyes-Los-Pasos-Viernes-Santo-15-04-2022-1-300x200.jpg 300w, https:\/\/www.mecerreyes.com\/mece\/wp-content\/uploads\/2022\/05\/Mecerreyes-Los-Pasos-Viernes-Santo-15-04-2022-1-768x512.jpg 768w, https:\/\/www.mecerreyes.com\/mece\/wp-content\/uploads\/2022\/05\/Mecerreyes-Los-Pasos-Viernes-Santo-15-04-2022-1-1536x1024.jpg 1536w, https:\/\/www.mecerreyes.com\/mece\/wp-content\/uploads\/2022\/05\/Mecerreyes-Los-Pasos-Viernes-Santo-15-04-2022-1-1080x720.jpg 1080w, https:\/\/www.mecerreyes.com\/mece\/wp-content\/uploads\/2022\/05\/Mecerreyes-Los-Pasos-Viernes-Santo-15-04-2022-1.jpg 1980w\" sizes=\"(max-width: 1024px) 100vw, 1024px\" \/><\/a><\/figure><\/li><li class=\"blocks-gallery-item\"><figure><a  href=\"https:\/\/www.mecerreyes.com\/mece\/wp-content\/uploads\/2022\/05\/Mecerreyes-Los-Pasos-Viernes-Santo-15-04-2022-20.jpg\" class=\"thickbox no_icon\" title=\"\"><img loading=\"lazy\" decoding=\"async\" width=\"1024\" height=\"683\" src=\"https:\/\/www.mecerreyes.com\/mece\/wp-content\/uploads\/2022\/05\/Mecerreyes-Los-Pasos-Viernes-Santo-15-04-2022-20-1024x683.jpg\" alt=\"\" data-id=\"21821\" data-full-url=\"https:\/\/www.mecerreyes.com\/mece\/wp-content\/uploads\/2022\/05\/Mecerreyes-Los-Pasos-Viernes-Santo-15-04-2022-20.jpg\" data-link=\"https:\/\/www.mecerreyes.com\/mece\/?attachment_id=21821\" class=\"wp-image-21821\" srcset=\"https:\/\/www.mecerreyes.com\/mece\/wp-content\/uploads\/2022\/05\/Mecerreyes-Los-Pasos-Viernes-Santo-15-04-2022-20-1024x683.jpg 1024w, https:\/\/www.mecerreyes.com\/mece\/wp-content\/uploads\/2022\/05\/Mecerreyes-Los-Pasos-Viernes-Santo-15-04-2022-20-300x200.jpg 300w, https:\/\/www.mecerreyes.com\/mece\/wp-content\/uploads\/2022\/05\/Mecerreyes-Los-Pasos-Viernes-Santo-15-04-2022-20-768x512.jpg 768w, https:\/\/www.mecerreyes.com\/mece\/wp-content\/uploads\/2022\/05\/Mecerreyes-Los-Pasos-Viernes-Santo-15-04-2022-20-1536x1024.jpg 1536w, https:\/\/www.mecerreyes.com\/mece\/wp-content\/uploads\/2022\/05\/Mecerreyes-Los-Pasos-Viernes-Santo-15-04-2022-20-1080x720.jpg 1080w, https:\/\/www.mecerreyes.com\/mece\/wp-content\/uploads\/2022\/05\/Mecerreyes-Los-Pasos-Viernes-Santo-15-04-2022-20.jpg 1980w\" sizes=\"(max-width: 1024px) 100vw, 1024px\" \/><\/a><\/figure><\/li><li class=\"blocks-gallery-item\"><figure><a  href=\"https:\/\/www.mecerreyes.com\/mece\/wp-content\/uploads\/2022\/05\/Mecerreyes-Los-Pasos-Viernes-Santo-15-04-2022-17.jpg\" class=\"thickbox no_icon\" title=\"\"><img loading=\"lazy\" decoding=\"async\" width=\"1024\" height=\"682\" src=\"https:\/\/www.mecerreyes.com\/mece\/wp-content\/uploads\/2022\/05\/Mecerreyes-Los-Pasos-Viernes-Santo-15-04-2022-17-1024x682.jpg\" alt=\"\" data-id=\"21818\" data-full-url=\"https:\/\/www.mecerreyes.com\/mece\/wp-content\/uploads\/2022\/05\/Mecerreyes-Los-Pasos-Viernes-Santo-15-04-2022-17.jpg\" data-link=\"https:\/\/www.mecerreyes.com\/mece\/?attachment_id=21818\" class=\"wp-image-21818\" srcset=\"https:\/\/www.mecerreyes.com\/mece\/wp-content\/uploads\/2022\/05\/Mecerreyes-Los-Pasos-Viernes-Santo-15-04-2022-17-1024x682.jpg 1024w, https:\/\/www.mecerreyes.com\/mece\/wp-content\/uploads\/2022\/05\/Mecerreyes-Los-Pasos-Viernes-Santo-15-04-2022-17-300x200.jpg 300w, https:\/\/www.mecerreyes.com\/mece\/wp-content\/uploads\/2022\/05\/Mecerreyes-Los-Pasos-Viernes-Santo-15-04-2022-17-768x512.jpg 768w, https:\/\/www.mecerreyes.com\/mece\/wp-content\/uploads\/2022\/05\/Mecerreyes-Los-Pasos-Viernes-Santo-15-04-2022-17-1536x1024.jpg 1536w, https:\/\/www.mecerreyes.com\/mece\/wp-content\/uploads\/2022\/05\/Mecerreyes-Los-Pasos-Viernes-Santo-15-04-2022-17-1080x720.jpg 1080w, https:\/\/www.mecerreyes.com\/mece\/wp-content\/uploads\/2022\/05\/Mecerreyes-Los-Pasos-Viernes-Santo-15-04-2022-17.jpg 1937w\" sizes=\"(max-width: 1024px) 100vw, 1024px\" \/><\/a><\/figure><\/li><\/ul><\/figure>\n\n\n\n<p>La Vigilia de la Luz del s\u00e1bado congreg\u00f3 principalmente a las abuelas, fieles a la tradici\u00f3n de ritos y cantos como cuando eran j\u00f3venes.<\/p>\n\n\n\n<p>Las campanas sonaban alegres el Domingo de Pascua despu\u00e9s de la Procesi\u00f3n del Encuentro para recibir a los presentes en la iglesia. Bonita eucarist\u00eda aderezada con el coro de la Asociaci\u00f3n y compromiso de no enfadarnos durante toda la Pascua. <\/p>\n\n\n\n<figure class=\"wp-block-gallery columns-2 is-cropped wp-block-gallery-11 is-layout-flex wp-block-gallery-is-layout-flex\"><ul class=\"blocks-gallery-grid\"><li class=\"blocks-gallery-item\"><figure><a  href=\"https:\/\/www.mecerreyes.com\/mece\/wp-content\/uploads\/2022\/05\/Mecerreyes-Domingo-de-Pascua-Procesi\u00f3n-del-Encuentro-17-04-22-7.jpg\" class=\"thickbox no_icon\" title=\"\"><img loading=\"lazy\" decoding=\"async\" width=\"1024\" height=\"768\" src=\"https:\/\/www.mecerreyes.com\/mece\/wp-content\/uploads\/2022\/05\/Mecerreyes-Domingo-de-Pascua-Procesi\u00f3n-del-Encuentro-17-04-22-7-1024x768.jpg\" alt=\"\" data-id=\"21794\" data-full-url=\"https:\/\/www.mecerreyes.com\/mece\/wp-content\/uploads\/2022\/05\/Mecerreyes-Domingo-de-Pascua-Procesi\u00f3n-del-Encuentro-17-04-22-7.jpg\" data-link=\"https:\/\/www.mecerreyes.com\/mece\/?attachment_id=21794\" class=\"wp-image-21794\" srcset=\"https:\/\/www.mecerreyes.com\/mece\/wp-content\/uploads\/2022\/05\/Mecerreyes-Domingo-de-Pascua-Procesi\u00f3n-del-Encuentro-17-04-22-7-1024x768.jpg 1024w, https:\/\/www.mecerreyes.com\/mece\/wp-content\/uploads\/2022\/05\/Mecerreyes-Domingo-de-Pascua-Procesi\u00f3n-del-Encuentro-17-04-22-7-300x225.jpg 300w, https:\/\/www.mecerreyes.com\/mece\/wp-content\/uploads\/2022\/05\/Mecerreyes-Domingo-de-Pascua-Procesi\u00f3n-del-Encuentro-17-04-22-7-768x576.jpg 768w, https:\/\/www.mecerreyes.com\/mece\/wp-content\/uploads\/2022\/05\/Mecerreyes-Domingo-de-Pascua-Procesi\u00f3n-del-Encuentro-17-04-22-7-1080x810.jpg 1080w, https:\/\/www.mecerreyes.com\/mece\/wp-content\/uploads\/2022\/05\/Mecerreyes-Domingo-de-Pascua-Procesi\u00f3n-del-Encuentro-17-04-22-7.jpg 1417w\" sizes=\"(max-width: 1024px) 100vw, 1024px\" \/><\/a><\/figure><\/li><li class=\"blocks-gallery-item\"><figure><a  href=\"https:\/\/www.mecerreyes.com\/mece\/wp-content\/uploads\/2022\/05\/Mecerreyes-Domingo-de-Pascua-Procesi\u00f3n-del-Encuentro-17-04-22-8.jpg\" class=\"thickbox no_icon\" title=\"\"><img loading=\"lazy\" decoding=\"async\" width=\"1024\" height=\"768\" src=\"https:\/\/www.mecerreyes.com\/mece\/wp-content\/uploads\/2022\/05\/Mecerreyes-Domingo-de-Pascua-Procesi\u00f3n-del-Encuentro-17-04-22-8-1024x768.jpg\" alt=\"\" data-id=\"21795\" data-full-url=\"https:\/\/www.mecerreyes.com\/mece\/wp-content\/uploads\/2022\/05\/Mecerreyes-Domingo-de-Pascua-Procesi\u00f3n-del-Encuentro-17-04-22-8.jpg\" data-link=\"https:\/\/www.mecerreyes.com\/mece\/?attachment_id=21795\" class=\"wp-image-21795\" srcset=\"https:\/\/www.mecerreyes.com\/mece\/wp-content\/uploads\/2022\/05\/Mecerreyes-Domingo-de-Pascua-Procesi\u00f3n-del-Encuentro-17-04-22-8-1024x768.jpg 1024w, https:\/\/www.mecerreyes.com\/mece\/wp-content\/uploads\/2022\/05\/Mecerreyes-Domingo-de-Pascua-Procesi\u00f3n-del-Encuentro-17-04-22-8-300x225.jpg 300w, https:\/\/www.mecerreyes.com\/mece\/wp-content\/uploads\/2022\/05\/Mecerreyes-Domingo-de-Pascua-Procesi\u00f3n-del-Encuentro-17-04-22-8-768x576.jpg 768w, https:\/\/www.mecerreyes.com\/mece\/wp-content\/uploads\/2022\/05\/Mecerreyes-Domingo-de-Pascua-Procesi\u00f3n-del-Encuentro-17-04-22-8-1080x810.jpg 1080w, https:\/\/www.mecerreyes.com\/mece\/wp-content\/uploads\/2022\/05\/Mecerreyes-Domingo-de-Pascua-Procesi\u00f3n-del-Encuentro-17-04-22-8.jpg 1417w\" sizes=\"(max-width: 1024px) 100vw, 1024px\" \/><\/a><\/figure><\/li><\/ul><\/figure>\n\n\n\n<p><em>Gracias&nbsp; Josetxu y Roberto&nbsp;por el amplio reportaje.<\/em><\/p>\n\n\n\n<p>Unos d\u00edas de disfrute que han sabido a poco, hay ganas de juntarnos y la pr\u00f3xima vez ser\u00e1 entorno a la ermita de <a  href=\"https:\/\/www.mecerreyes.com\/mece\/?page_id=54\">la Virgen del Camino<\/a> cuando&nbsp; subamos en Romer\u00eda el s\u00e1bado 28 de mayo.<\/p>\n\n\n\n<figure class=\"wp-block-gallery columns-1 is-cropped wp-block-gallery-12 is-layout-flex wp-block-gallery-is-layout-flex\"><ul class=\"blocks-gallery-grid\"><li class=\"blocks-gallery-item\"><figure><a  href=\"https:\/\/www.mecerreyes.com\/mece\/wp-content\/uploads\/2022\/05\/Romeria-Virgen-del-Camino-2022-scaled.jpg\" class=\"thickbox no_icon\" title=\"\"><img loading=\"lazy\" decoding=\"async\" width=\"1024\" height=\"575\" src=\"https:\/\/www.mecerreyes.com\/mece\/wp-content\/uploads\/2022\/05\/Romeria-Virgen-del-Camino-2022-1024x575.jpg\" alt=\"\" data-id=\"21825\" data-full-url=\"https:\/\/www.mecerreyes.com\/mece\/wp-content\/uploads\/2022\/05\/Romeria-Virgen-del-Camino-2022-scaled.jpg\" data-link=\"https:\/\/www.mecerreyes.com\/mece\/?attachment_id=21825\" class=\"wp-image-21825\" srcset=\"https:\/\/www.mecerreyes.com\/mece\/wp-content\/uploads\/2022\/05\/Romeria-Virgen-del-Camino-2022-1024x575.jpg 1024w, https:\/\/www.mecerreyes.com\/mece\/wp-content\/uploads\/2022\/05\/Romeria-Virgen-del-Camino-2022-300x169.jpg 300w, https:\/\/www.mecerreyes.com\/mece\/wp-content\/uploads\/2022\/05\/Romeria-Virgen-del-Camino-2022-768x432.jpg 768w, https:\/\/www.mecerreyes.com\/mece\/wp-content\/uploads\/2022\/05\/Romeria-Virgen-del-Camino-2022-1536x863.jpg 1536w, https:\/\/www.mecerreyes.com\/mece\/wp-content\/uploads\/2022\/05\/Romeria-Virgen-del-Camino-2022-2048x1151.jpg 2048w, https:\/\/www.mecerreyes.com\/mece\/wp-content\/uploads\/2022\/05\/Romeria-Virgen-del-Camino-2022-1080x607.jpg 1080w\" sizes=\"(max-width: 1024px) 100vw, 1024px\" \/><\/a><\/figure><\/li><\/ul><\/figure>\n\n\n\n<div style=\"height:60px\" aria-hidden=\"true\" class=\"wp-block-spacer\"><\/div>\n\n\n\n<p style=\"font-size:22px\" class=\"has-background has-luminous-vivid-amber-background-color\"><strong>MOCHILA VIAJERA<\/strong><\/p>\n\n\n\n<p>David Botas un mes m\u00e1s comparte fotos con la mochila de Mecerreyes, este mes desde Vietnam. <\/p>\n\n\n\n<figure class=\"wp-block-gallery columns-2 is-cropped wp-block-gallery-13 is-layout-flex wp-block-gallery-is-layout-flex\"><ul class=\"blocks-gallery-grid\"><li class=\"blocks-gallery-item\"><figure><a  href=\"https:\/\/www.mecerreyes.com\/mece\/wp-content\/uploads\/2022\/05\/Mochila-Viajera-en-Camboya.jpg\" class=\"thickbox no_icon\" title=\"\"><img loading=\"lazy\" decoding=\"async\" width=\"642\" height=\"613\" src=\"https:\/\/www.mecerreyes.com\/mece\/wp-content\/uploads\/2022\/05\/Mochila-Viajera-en-Camboya.jpg\" alt=\"\" data-id=\"21841\" data-full-url=\"https:\/\/www.mecerreyes.com\/mece\/wp-content\/uploads\/2022\/05\/Mochila-Viajera-en-Camboya.jpg\" data-link=\"https:\/\/www.mecerreyes.com\/mece\/?attachment_id=21841\" class=\"wp-image-21841\" srcset=\"https:\/\/www.mecerreyes.com\/mece\/wp-content\/uploads\/2022\/05\/Mochila-Viajera-en-Camboya.jpg 642w, https:\/\/www.mecerreyes.com\/mece\/wp-content\/uploads\/2022\/05\/Mochila-Viajera-en-Camboya-300x286.jpg 300w\" sizes=\"(max-width: 642px) 100vw, 642px\" \/><\/a><\/figure><\/li><li class=\"blocks-gallery-item\"><figure><a  href=\"https:\/\/www.mecerreyes.com\/mece\/wp-content\/uploads\/2022\/05\/Mochila-Viajera-en-Vietnam-a.jpg\" class=\"thickbox no_icon\" title=\"\"><img loading=\"lazy\" decoding=\"async\" width=\"637\" height=\"591\" src=\"https:\/\/www.mecerreyes.com\/mece\/wp-content\/uploads\/2022\/05\/Mochila-Viajera-en-Vietnam-a.jpg\" alt=\"\" data-id=\"21840\" data-full-url=\"https:\/\/www.mecerreyes.com\/mece\/wp-content\/uploads\/2022\/05\/Mochila-Viajera-en-Vietnam-a.jpg\" data-link=\"https:\/\/www.mecerreyes.com\/mece\/?attachment_id=21840\" class=\"wp-image-21840\" srcset=\"https:\/\/www.mecerreyes.com\/mece\/wp-content\/uploads\/2022\/05\/Mochila-Viajera-en-Vietnam-a.jpg 637w, https:\/\/www.mecerreyes.com\/mece\/wp-content\/uploads\/2022\/05\/Mochila-Viajera-en-Vietnam-a-300x278.jpg 300w\" sizes=\"(max-width: 637px) 100vw, 637px\" \/><\/a><\/figure><\/li><li class=\"blocks-gallery-item\"><figure><a  href=\"https:\/\/www.mecerreyes.com\/mece\/wp-content\/uploads\/2022\/05\/Mochila-Viajera-en-el-norte-de-Vietnam-Ninh-Binh.jpg\" class=\"thickbox no_icon\" title=\"\"><img loading=\"lazy\" decoding=\"async\" width=\"641\" height=\"596\" src=\"https:\/\/www.mecerreyes.com\/mece\/wp-content\/uploads\/2022\/05\/Mochila-Viajera-en-el-norte-de-Vietnam-Ninh-Binh.jpg\" alt=\"\" data-id=\"21842\" data-full-url=\"https:\/\/www.mecerreyes.com\/mece\/wp-content\/uploads\/2022\/05\/Mochila-Viajera-en-el-norte-de-Vietnam-Ninh-Binh.jpg\" data-link=\"https:\/\/www.mecerreyes.com\/mece\/?attachment_id=21842\" class=\"wp-image-21842\" srcset=\"https:\/\/www.mecerreyes.com\/mece\/wp-content\/uploads\/2022\/05\/Mochila-Viajera-en-el-norte-de-Vietnam-Ninh-Binh.jpg 641w, https:\/\/www.mecerreyes.com\/mece\/wp-content\/uploads\/2022\/05\/Mochila-Viajera-en-el-norte-de-Vietnam-Ninh-Binh-300x279.jpg 300w\" sizes=\"(max-width: 641px) 100vw, 641px\" \/><\/a><\/figure><\/li><\/ul><\/figure>\n\n\n\n<p>Recibimos m\u00e1s fotos con la mochila viajera, en este caso desde Portugal, Rosa gracias por compartir.<\/p>\n\n\n\n<figure class=\"wp-block-gallery columns-1 is-cropped wp-block-gallery-14 is-layout-flex wp-block-gallery-is-layout-flex\"><ul class=\"blocks-gallery-grid\"><li class=\"blocks-gallery-item\"><figure><a  href=\"https:\/\/www.mecerreyes.com\/mece\/wp-content\/uploads\/2022\/05\/Mochila-Viajera-Portugal-abril-2022.jpg\" class=\"thickbox no_icon\" title=\"\"><img loading=\"lazy\" decoding=\"async\" width=\"768\" height=\"1024\" src=\"https:\/\/www.mecerreyes.com\/mece\/wp-content\/uploads\/2022\/05\/Mochila-Viajera-Portugal-abril-2022-768x1024.jpg\" alt=\"\" data-id=\"21843\" data-full-url=\"https:\/\/www.mecerreyes.com\/mece\/wp-content\/uploads\/2022\/05\/Mochila-Viajera-Portugal-abril-2022.jpg\" data-link=\"https:\/\/www.mecerreyes.com\/mece\/?attachment_id=21843\" class=\"wp-image-21843\" srcset=\"https:\/\/www.mecerreyes.com\/mece\/wp-content\/uploads\/2022\/05\/Mochila-Viajera-Portugal-abril-2022-768x1024.jpg 768w, https:\/\/www.mecerreyes.com\/mece\/wp-content\/uploads\/2022\/05\/Mochila-Viajera-Portugal-abril-2022-225x300.jpg 225w, https:\/\/www.mecerreyes.com\/mece\/wp-content\/uploads\/2022\/05\/Mochila-Viajera-Portugal-abril-2022-1152x1536.jpg 1152w, https:\/\/www.mecerreyes.com\/mece\/wp-content\/uploads\/2022\/05\/Mochila-Viajera-Portugal-abril-2022-1080x1440.jpg 1080w, https:\/\/www.mecerreyes.com\/mece\/wp-content\/uploads\/2022\/05\/Mochila-Viajera-Portugal-abril-2022.jpg 1200w\" sizes=\"(max-width: 768px) 100vw, 768px\" \/><\/a><\/figure><\/li><\/ul><\/figure>\n\n\n\n<p>Maricarmen Mambrillas dispone de un archivo fotogr\u00e1fico sobre Mecerreyes impresionante, muchas de sus fotos son usadas para daros los buenos d\u00edas desde las redes sociales. Su mochila viajera descans\u00f3 un momento en el r\u00edo Arlanza. <\/p>\n\n\n\n<figure class=\"wp-block-gallery columns-1 is-cropped wp-block-gallery-15 is-layout-flex wp-block-gallery-is-layout-flex\"><ul class=\"blocks-gallery-grid\"><li class=\"blocks-gallery-item\"><figure><a  href=\"https:\/\/www.mecerreyes.com\/mece\/wp-content\/uploads\/2022\/05\/Mochila-viajera-en-el-r\u00edo-Arlanza-abril-2022-scaled.jpg\" class=\"thickbox no_icon\" title=\"\"><img loading=\"lazy\" decoding=\"async\" width=\"576\" height=\"1024\" src=\"https:\/\/www.mecerreyes.com\/mece\/wp-content\/uploads\/2022\/05\/Mochila-viajera-en-el-r\u00edo-Arlanza-abril-2022-576x1024.jpg\" alt=\"\" data-id=\"21844\" data-full-url=\"https:\/\/www.mecerreyes.com\/mece\/wp-content\/uploads\/2022\/05\/Mochila-viajera-en-el-r\u00edo-Arlanza-abril-2022-scaled.jpg\" data-link=\"https:\/\/www.mecerreyes.com\/mece\/?attachment_id=21844\" class=\"wp-image-21844\" srcset=\"https:\/\/www.mecerreyes.com\/mece\/wp-content\/uploads\/2022\/05\/Mochila-viajera-en-el-r\u00edo-Arlanza-abril-2022-576x1024.jpg 576w, https:\/\/www.mecerreyes.com\/mece\/wp-content\/uploads\/2022\/05\/Mochila-viajera-en-el-r\u00edo-Arlanza-abril-2022-169x300.jpg 169w, https:\/\/www.mecerreyes.com\/mece\/wp-content\/uploads\/2022\/05\/Mochila-viajera-en-el-r\u00edo-Arlanza-abril-2022-768x1365.jpg 768w, https:\/\/www.mecerreyes.com\/mece\/wp-content\/uploads\/2022\/05\/Mochila-viajera-en-el-r\u00edo-Arlanza-abril-2022-864x1536.jpg 864w, https:\/\/www.mecerreyes.com\/mece\/wp-content\/uploads\/2022\/05\/Mochila-viajera-en-el-r\u00edo-Arlanza-abril-2022-1152x2048.jpg 1152w, https:\/\/www.mecerreyes.com\/mece\/wp-content\/uploads\/2022\/05\/Mochila-viajera-en-el-r\u00edo-Arlanza-abril-2022-1080x1920.jpg 1080w, https:\/\/www.mecerreyes.com\/mece\/wp-content\/uploads\/2022\/05\/Mochila-viajera-en-el-r\u00edo-Arlanza-abril-2022-scaled.jpg 1440w\" sizes=\"(max-width: 576px) 100vw, 576px\" \/><\/a><\/figure><\/li><\/ul><\/figure>\n\n\n\n<div style=\"height:70px\" aria-hidden=\"true\" class=\"wp-block-spacer\"><\/div>\n\n\n\n<p style=\"font-size:22px\" class=\"has-background has-luminous-vivid-amber-background-color\"><strong>ARL\u00c1NZATE<\/strong><\/p>\n\n\n\n<p>La plataforma que engloba <a  href=\"https:\/\/www.mecerreyes.com\/mece\/?page_id=265\">Asociaciones<\/a>, colectivos y particulares por el mundo rural de la zona del Arlanza est\u00e1 poniendo en macha varias iniciativas.<\/p>\n\n\n\n<p><strong>CONCURSO DE VIDEOS<\/strong> con el lema Arlanza est\u00e1 de moda. &nbsp;<\/p>\n\n\n\n<figure class=\"wp-block-gallery columns-2 is-cropped wp-block-gallery-16 is-layout-flex wp-block-gallery-is-layout-flex\"><ul class=\"blocks-gallery-grid\"><li class=\"blocks-gallery-item\"><figure><a  href=\"https:\/\/www.mecerreyes.com\/mece\/wp-content\/uploads\/2022\/05\/Arlanza-est\u00e1-de-moda.jpeg\" class=\"thickbox no_icon\" title=\"\"><img loading=\"lazy\" decoding=\"async\" width=\"724\" height=\"1024\" src=\"https:\/\/www.mecerreyes.com\/mece\/wp-content\/uploads\/2022\/05\/Arlanza-est\u00e1-de-moda-724x1024.jpeg\" alt=\"\" data-id=\"21850\" data-full-url=\"https:\/\/www.mecerreyes.com\/mece\/wp-content\/uploads\/2022\/05\/Arlanza-est\u00e1-de-moda.jpeg\" data-link=\"https:\/\/www.mecerreyes.com\/mece\/?attachment_id=21850\" class=\"wp-image-21850\" srcset=\"https:\/\/www.mecerreyes.com\/mece\/wp-content\/uploads\/2022\/05\/Arlanza-est\u00e1-de-moda-724x1024.jpeg 724w, https:\/\/www.mecerreyes.com\/mece\/wp-content\/uploads\/2022\/05\/Arlanza-est\u00e1-de-moda-212x300.jpeg 212w, https:\/\/www.mecerreyes.com\/mece\/wp-content\/uploads\/2022\/05\/Arlanza-est\u00e1-de-moda-768x1086.jpeg 768w, https:\/\/www.mecerreyes.com\/mece\/wp-content\/uploads\/2022\/05\/Arlanza-est\u00e1-de-moda-1086x1536.jpeg 1086w, https:\/\/www.mecerreyes.com\/mece\/wp-content\/uploads\/2022\/05\/Arlanza-est\u00e1-de-moda-1080x1528.jpeg 1080w, https:\/\/www.mecerreyes.com\/mece\/wp-content\/uploads\/2022\/05\/Arlanza-est\u00e1-de-moda.jpeg 1131w\" sizes=\"(max-width: 724px) 100vw, 724px\" \/><\/a><\/figure><\/li><li class=\"blocks-gallery-item\"><figure><a  href=\"https:\/\/www.mecerreyes.com\/mece\/wp-content\/uploads\/2022\/05\/Arlanza-est\u00e1-de-moda-concurso-de-Videos.jpeg\" class=\"thickbox no_icon\" title=\"\"><img loading=\"lazy\" decoding=\"async\" width=\"535\" height=\"1024\" src=\"https:\/\/www.mecerreyes.com\/mece\/wp-content\/uploads\/2022\/05\/Arlanza-est\u00e1-de-moda-concurso-de-Videos-535x1024.jpeg\" alt=\"\" data-id=\"21849\" data-full-url=\"https:\/\/www.mecerreyes.com\/mece\/wp-content\/uploads\/2022\/05\/Arlanza-est\u00e1-de-moda-concurso-de-Videos.jpeg\" data-link=\"https:\/\/www.mecerreyes.com\/mece\/?attachment_id=21849\" class=\"wp-image-21849\" srcset=\"https:\/\/www.mecerreyes.com\/mece\/wp-content\/uploads\/2022\/05\/Arlanza-est\u00e1-de-moda-concurso-de-Videos-535x1024.jpeg 535w, https:\/\/www.mecerreyes.com\/mece\/wp-content\/uploads\/2022\/05\/Arlanza-est\u00e1-de-moda-concurso-de-Videos-157x300.jpeg 157w, https:\/\/www.mecerreyes.com\/mece\/wp-content\/uploads\/2022\/05\/Arlanza-est\u00e1-de-moda-concurso-de-Videos-768x1471.jpeg 768w, https:\/\/www.mecerreyes.com\/mece\/wp-content\/uploads\/2022\/05\/Arlanza-est\u00e1-de-moda-concurso-de-Videos-802x1536.jpeg 802w, https:\/\/www.mecerreyes.com\/mece\/wp-content\/uploads\/2022\/05\/Arlanza-est\u00e1-de-moda-concurso-de-Videos.jpeg 1069w\" sizes=\"(max-width: 535px) 100vw, 535px\" \/><\/a><\/figure><\/li><\/ul><\/figure>\n\n\n\n<p><strong>SURCOS DEL ARLANZA<\/strong><\/p>\n\n\n\n<p>El pr\u00f3ximo s\u00e1bado 14 de mayo presentan en el sal\u00f3n de Caja C\u00edrculo en C\/ Lopidana 6 de Burgos, la exposici\u00f3n de fotograf\u00edas&nbsp; realizada por Juan Carlos Gallego, as\u00ed como un foto libro con los rostros de 60 abuelos de la comarca (incluidos una buena representaci\u00f3n de Mecerreyes). Estamos a la espera de que la exposici\u00f3n sea itinerante por los pueblos que han participado y ver el impacto de este bonito trabajo en los abuelos guiletos. <\/p>\n\n\n\n<figure class=\"wp-block-embed-youtube wp-block-embed is-type-video is-provider-youtube wp-embed-aspect-16-9 wp-has-aspect-ratio\"><div class=\"wp-block-embed__wrapper\">\n<iframe loading=\"lazy\" title=\"Presentaci\u00f3n Arl\u00e1nzaTe\" width=\"1080\" height=\"608\" src=\"https:\/\/www.youtube.com\/embed\/nfGOdhYhpCk?feature=oembed\" frameborder=\"0\" allow=\"accelerometer; autoplay; clipboard-write; encrypted-media; gyroscope; picture-in-picture\" allowfullscreen><\/iframe>\n<\/div><\/figure>\n\n\n\n<div style=\"height:45px\" aria-hidden=\"true\" class=\"wp-block-spacer\"><\/div>\n\n\n\n<p><strong>I TORNEO DE FRONTENIS ARL\u00c1NZATE<\/strong><\/p>\n\n\n\n<p>El pasado d\u00eda 23 dio comienzo el torneo que disputar\u00e1n 19 equipos de distintos colectivos culturales de la zona del Arlanza.<\/p>\n\n\n\n<p>El d\u00eda 30 le toc\u00f3 el turno a la Asociaci\u00f3n Cultural Mecerreyes representada por Diego Mambrillas y Mar\u00eda Santamar\u00eda, jugaron 2 partidos en el impresionante front\u00f3n de Peral de Arlanza,<\/p>\n\n\n\n<p>Ganaron el primero contra Peral de Arlanza por 19-21<\/p>\n\n\n\n<p>El segundo lo disputaron contra Santa In\u00e9s, esta vez no les sonri\u00f3 la suerte, resultado final de 16-21.<\/p>\n\n\n\n<p>Esperamos puedan entrenar en frontones grandes cercanos a Mecerreyes para demostrar la raza y que no dan una pelota por perdida. <\/p>\n\n\n\n<figure class=\"wp-block-gallery columns-2 is-cropped wp-block-gallery-17 is-layout-flex wp-block-gallery-is-layout-flex\"><ul class=\"blocks-gallery-grid\"><li class=\"blocks-gallery-item\"><figure><a  href=\"https:\/\/www.mecerreyes.com\/mece\/wp-content\/uploads\/2022\/05\/Campeonato-de-Frontenis-1\u00aa-fase-Peral-de-Arlanza-30-04-22-a-scaled.jpg\" class=\"thickbox no_icon\" title=\"\"><img loading=\"lazy\" decoding=\"async\" width=\"1024\" height=\"576\" src=\"https:\/\/www.mecerreyes.com\/mece\/wp-content\/uploads\/2022\/05\/Campeonato-de-Frontenis-1\u00aa-fase-Peral-de-Arlanza-30-04-22-a-1024x576.jpg\" alt=\"\" data-id=\"21852\" data-full-url=\"https:\/\/www.mecerreyes.com\/mece\/wp-content\/uploads\/2022\/05\/Campeonato-de-Frontenis-1\u00aa-fase-Peral-de-Arlanza-30-04-22-a-scaled.jpg\" data-link=\"https:\/\/www.mecerreyes.com\/mece\/?attachment_id=21852\" class=\"wp-image-21852\" srcset=\"https:\/\/www.mecerreyes.com\/mece\/wp-content\/uploads\/2022\/05\/Campeonato-de-Frontenis-1\u00aa-fase-Peral-de-Arlanza-30-04-22-a-1024x576.jpg 1024w, https:\/\/www.mecerreyes.com\/mece\/wp-content\/uploads\/2022\/05\/Campeonato-de-Frontenis-1\u00aa-fase-Peral-de-Arlanza-30-04-22-a-300x169.jpg 300w, https:\/\/www.mecerreyes.com\/mece\/wp-content\/uploads\/2022\/05\/Campeonato-de-Frontenis-1\u00aa-fase-Peral-de-Arlanza-30-04-22-a-768x432.jpg 768w, https:\/\/www.mecerreyes.com\/mece\/wp-content\/uploads\/2022\/05\/Campeonato-de-Frontenis-1\u00aa-fase-Peral-de-Arlanza-30-04-22-a-1536x864.jpg 1536w, https:\/\/www.mecerreyes.com\/mece\/wp-content\/uploads\/2022\/05\/Campeonato-de-Frontenis-1\u00aa-fase-Peral-de-Arlanza-30-04-22-a-2048x1152.jpg 2048w, https:\/\/www.mecerreyes.com\/mece\/wp-content\/uploads\/2022\/05\/Campeonato-de-Frontenis-1\u00aa-fase-Peral-de-Arlanza-30-04-22-a-1080x608.jpg 1080w\" sizes=\"(max-width: 1024px) 100vw, 1024px\" \/><\/a><\/figure><\/li><li class=\"blocks-gallery-item\"><figure><a  href=\"https:\/\/www.mecerreyes.com\/mece\/wp-content\/uploads\/2022\/05\/Campeonato-de-Frontenis-1\u00aa-fase-Peral-de-Arlanza-30-04-22-scaled.jpg\" class=\"thickbox no_icon\" title=\"\"><img loading=\"lazy\" decoding=\"async\" width=\"1024\" height=\"768\" src=\"https:\/\/www.mecerreyes.com\/mece\/wp-content\/uploads\/2022\/05\/Campeonato-de-Frontenis-1\u00aa-fase-Peral-de-Arlanza-30-04-22-1024x768.jpg\" alt=\"\" data-id=\"21851\" data-full-url=\"https:\/\/www.mecerreyes.com\/mece\/wp-content\/uploads\/2022\/05\/Campeonato-de-Frontenis-1\u00aa-fase-Peral-de-Arlanza-30-04-22-scaled.jpg\" data-link=\"https:\/\/www.mecerreyes.com\/mece\/?attachment_id=21851\" class=\"wp-image-21851\" srcset=\"https:\/\/www.mecerreyes.com\/mece\/wp-content\/uploads\/2022\/05\/Campeonato-de-Frontenis-1\u00aa-fase-Peral-de-Arlanza-30-04-22-1024x768.jpg 1024w, https:\/\/www.mecerreyes.com\/mece\/wp-content\/uploads\/2022\/05\/Campeonato-de-Frontenis-1\u00aa-fase-Peral-de-Arlanza-30-04-22-300x225.jpg 300w, https:\/\/www.mecerreyes.com\/mece\/wp-content\/uploads\/2022\/05\/Campeonato-de-Frontenis-1\u00aa-fase-Peral-de-Arlanza-30-04-22-768x576.jpg 768w, https:\/\/www.mecerreyes.com\/mece\/wp-content\/uploads\/2022\/05\/Campeonato-de-Frontenis-1\u00aa-fase-Peral-de-Arlanza-30-04-22-1536x1152.jpg 1536w, https:\/\/www.mecerreyes.com\/mece\/wp-content\/uploads\/2022\/05\/Campeonato-de-Frontenis-1\u00aa-fase-Peral-de-Arlanza-30-04-22-2048x1536.jpg 2048w, https:\/\/www.mecerreyes.com\/mece\/wp-content\/uploads\/2022\/05\/Campeonato-de-Frontenis-1\u00aa-fase-Peral-de-Arlanza-30-04-22-1080x810.jpg 1080w\" sizes=\"(max-width: 1024px) 100vw, 1024px\" \/><\/a><\/figure><\/li><\/ul><\/figure>\n\n\n\n<div style=\"height:58px\" aria-hidden=\"true\" class=\"wp-block-spacer\"><\/div>\n\n\n\n<p style=\"font-size:22px\" class=\"has-background has-luminous-vivid-amber-background-color\"><strong>FUTBOL C.D MECERREYES<\/strong><\/p>\n\n\n\n<p>Segunda vuelta Torneo de Diputaci\u00f3n de Burgos.<\/p>\n\n\n\n<p>Los chicos siguen con la moral muy alta, ilusionados por el patrocinio&nbsp;y apoyo de empresas y afici\u00f3n.<\/p>\n\n\n\n<p><strong>Los chavales est\u00e1n haciendo lo posible por transformar ellos mismos el campo de Carredondo en campo reglamentario<\/strong>, ya lo han vallado totalmente, con la consiguiente colocaci\u00f3n de postes en todo el per\u00edmetro, est\u00e1n cortando el c\u00e9sped\u2026 Faltan rellenar baches, las porter\u00edas reglamentarias, banquillos y caseta. <\/p>\n\n\n\n<figure class=\"wp-block-gallery columns-3 is-cropped wp-block-gallery-18 is-layout-flex wp-block-gallery-is-layout-flex\"><ul class=\"blocks-gallery-grid\"><li class=\"blocks-gallery-item\"><figure><a  href=\"https:\/\/www.mecerreyes.com\/mece\/wp-content\/uploads\/2022\/05\/Mecerreyes-vallado-del-campo-de-futbol-5.jpg\" class=\"thickbox no_icon\" title=\"\"><img loading=\"lazy\" decoding=\"async\" width=\"850\" height=\"478\" src=\"https:\/\/www.mecerreyes.com\/mece\/wp-content\/uploads\/2022\/05\/Mecerreyes-vallado-del-campo-de-futbol-5.jpg\" alt=\"\" data-id=\"21853\" data-full-url=\"https:\/\/www.mecerreyes.com\/mece\/wp-content\/uploads\/2022\/05\/Mecerreyes-vallado-del-campo-de-futbol-5.jpg\" data-link=\"https:\/\/www.mecerreyes.com\/mece\/?attachment_id=21853\" class=\"wp-image-21853\" srcset=\"https:\/\/www.mecerreyes.com\/mece\/wp-content\/uploads\/2022\/05\/Mecerreyes-vallado-del-campo-de-futbol-5.jpg 850w, https:\/\/www.mecerreyes.com\/mece\/wp-content\/uploads\/2022\/05\/Mecerreyes-vallado-del-campo-de-futbol-5-300x169.jpg 300w, https:\/\/www.mecerreyes.com\/mece\/wp-content\/uploads\/2022\/05\/Mecerreyes-vallado-del-campo-de-futbol-5-768x432.jpg 768w\" sizes=\"(max-width: 850px) 100vw, 850px\" \/><\/a><\/figure><\/li><li class=\"blocks-gallery-item\"><figure><a  href=\"https:\/\/www.mecerreyes.com\/mece\/wp-content\/uploads\/2022\/05\/Mecerreyes-vallado-del-campo-de-futbol-6.jpg\" class=\"thickbox no_icon\" title=\"\"><img loading=\"lazy\" decoding=\"async\" width=\"850\" height=\"478\" src=\"https:\/\/www.mecerreyes.com\/mece\/wp-content\/uploads\/2022\/05\/Mecerreyes-vallado-del-campo-de-futbol-6.jpg\" alt=\"\" data-id=\"21854\" data-full-url=\"https:\/\/www.mecerreyes.com\/mece\/wp-content\/uploads\/2022\/05\/Mecerreyes-vallado-del-campo-de-futbol-6.jpg\" data-link=\"https:\/\/www.mecerreyes.com\/mece\/?attachment_id=21854\" class=\"wp-image-21854\" srcset=\"https:\/\/www.mecerreyes.com\/mece\/wp-content\/uploads\/2022\/05\/Mecerreyes-vallado-del-campo-de-futbol-6.jpg 850w, https:\/\/www.mecerreyes.com\/mece\/wp-content\/uploads\/2022\/05\/Mecerreyes-vallado-del-campo-de-futbol-6-300x169.jpg 300w, https:\/\/www.mecerreyes.com\/mece\/wp-content\/uploads\/2022\/05\/Mecerreyes-vallado-del-campo-de-futbol-6-768x432.jpg 768w\" sizes=\"(max-width: 850px) 100vw, 850px\" \/><\/a><\/figure><\/li><li class=\"blocks-gallery-item\"><figure><a  href=\"https:\/\/www.mecerreyes.com\/mece\/wp-content\/uploads\/2022\/05\/Mecerreyes-vallado-del-campo-de-futbol-1.jpg\" class=\"thickbox no_icon\" title=\"\"><img loading=\"lazy\" decoding=\"async\" width=\"850\" height=\"478\" src=\"https:\/\/www.mecerreyes.com\/mece\/wp-content\/uploads\/2022\/05\/Mecerreyes-vallado-del-campo-de-futbol-1.jpg\" alt=\"\" data-id=\"21855\" data-full-url=\"https:\/\/www.mecerreyes.com\/mece\/wp-content\/uploads\/2022\/05\/Mecerreyes-vallado-del-campo-de-futbol-1.jpg\" data-link=\"https:\/\/www.mecerreyes.com\/mece\/?attachment_id=21855\" class=\"wp-image-21855\" srcset=\"https:\/\/www.mecerreyes.com\/mece\/wp-content\/uploads\/2022\/05\/Mecerreyes-vallado-del-campo-de-futbol-1.jpg 850w, https:\/\/www.mecerreyes.com\/mece\/wp-content\/uploads\/2022\/05\/Mecerreyes-vallado-del-campo-de-futbol-1-300x169.jpg 300w, https:\/\/www.mecerreyes.com\/mece\/wp-content\/uploads\/2022\/05\/Mecerreyes-vallado-del-campo-de-futbol-1-768x432.jpg 768w\" sizes=\"(max-width: 850px) 100vw, 850px\" \/><\/a><\/figure><\/li><li class=\"blocks-gallery-item\"><figure><a  href=\"https:\/\/www.mecerreyes.com\/mece\/wp-content\/uploads\/2022\/05\/Mecerreyes-vallado-del-campo-de-futbol-3.jpg\" class=\"thickbox no_icon\" title=\"\"><img loading=\"lazy\" decoding=\"async\" width=\"576\" height=\"1024\" src=\"https:\/\/www.mecerreyes.com\/mece\/wp-content\/uploads\/2022\/05\/Mecerreyes-vallado-del-campo-de-futbol-3-576x1024.jpg\" alt=\"\" data-id=\"21856\" data-full-url=\"https:\/\/www.mecerreyes.com\/mece\/wp-content\/uploads\/2022\/05\/Mecerreyes-vallado-del-campo-de-futbol-3.jpg\" data-link=\"https:\/\/www.mecerreyes.com\/mece\/?attachment_id=21856\" class=\"wp-image-21856\" srcset=\"https:\/\/www.mecerreyes.com\/mece\/wp-content\/uploads\/2022\/05\/Mecerreyes-vallado-del-campo-de-futbol-3-576x1024.jpg 576w, https:\/\/www.mecerreyes.com\/mece\/wp-content\/uploads\/2022\/05\/Mecerreyes-vallado-del-campo-de-futbol-3-169x300.jpg 169w, https:\/\/www.mecerreyes.com\/mece\/wp-content\/uploads\/2022\/05\/Mecerreyes-vallado-del-campo-de-futbol-3-768x1366.jpg 768w, https:\/\/www.mecerreyes.com\/mece\/wp-content\/uploads\/2022\/05\/Mecerreyes-vallado-del-campo-de-futbol-3.jpg 850w\" sizes=\"(max-width: 576px) 100vw, 576px\" \/><\/a><\/figure><\/li><li class=\"blocks-gallery-item\"><figure><a  href=\"https:\/\/www.mecerreyes.com\/mece\/wp-content\/uploads\/2022\/05\/Mecerreyes-vallado-del-campo-de-futbol-4.jpg\" class=\"thickbox no_icon\" title=\"\"><img loading=\"lazy\" decoding=\"async\" width=\"576\" height=\"1024\" src=\"https:\/\/www.mecerreyes.com\/mece\/wp-content\/uploads\/2022\/05\/Mecerreyes-vallado-del-campo-de-futbol-4-576x1024.jpg\" alt=\"\" data-id=\"21857\" data-full-url=\"https:\/\/www.mecerreyes.com\/mece\/wp-content\/uploads\/2022\/05\/Mecerreyes-vallado-del-campo-de-futbol-4.jpg\" data-link=\"https:\/\/www.mecerreyes.com\/mece\/?attachment_id=21857\" class=\"wp-image-21857\" srcset=\"https:\/\/www.mecerreyes.com\/mece\/wp-content\/uploads\/2022\/05\/Mecerreyes-vallado-del-campo-de-futbol-4-576x1024.jpg 576w, https:\/\/www.mecerreyes.com\/mece\/wp-content\/uploads\/2022\/05\/Mecerreyes-vallado-del-campo-de-futbol-4-169x300.jpg 169w, https:\/\/www.mecerreyes.com\/mece\/wp-content\/uploads\/2022\/05\/Mecerreyes-vallado-del-campo-de-futbol-4-768x1366.jpg 768w, https:\/\/www.mecerreyes.com\/mece\/wp-content\/uploads\/2022\/05\/Mecerreyes-vallado-del-campo-de-futbol-4.jpg 850w\" sizes=\"(max-width: 576px) 100vw, 576px\" \/><\/a><\/figure><\/li><\/ul><\/figure>\n\n\n\n<p>Su sue\u00f1o es poder jugar en Carredondo como campo local, facilitando a los ni\u00f1os guiletos formar parte de la afici\u00f3n&nbsp;y as\u00ed crear cantera.<\/p>\n\n\n\n<figure class=\"wp-block-gallery columns-1 is-cropped wp-block-gallery-19 is-layout-flex wp-block-gallery-is-layout-flex\"><ul class=\"blocks-gallery-grid\"><li class=\"blocks-gallery-item\"><figure><a  href=\"https:\/\/www.mecerreyes.com\/mece\/wp-content\/uploads\/2022\/05\/Mecerreyes-Partido-de-f\u00fatbol-7-mayo-2022.jpg\" class=\"thickbox no_icon\" title=\"\"><img loading=\"lazy\" decoding=\"async\" width=\"723\" height=\"1024\" src=\"https:\/\/www.mecerreyes.com\/mece\/wp-content\/uploads\/2022\/05\/Mecerreyes-Partido-de-f\u00fatbol-7-mayo-2022-723x1024.jpg\" alt=\"\" data-id=\"21858\" data-full-url=\"https:\/\/www.mecerreyes.com\/mece\/wp-content\/uploads\/2022\/05\/Mecerreyes-Partido-de-f\u00fatbol-7-mayo-2022.jpg\" data-link=\"https:\/\/www.mecerreyes.com\/mece\/?attachment_id=21858\" class=\"wp-image-21858\" srcset=\"https:\/\/www.mecerreyes.com\/mece\/wp-content\/uploads\/2022\/05\/Mecerreyes-Partido-de-f\u00fatbol-7-mayo-2022-723x1024.jpg 723w, https:\/\/www.mecerreyes.com\/mece\/wp-content\/uploads\/2022\/05\/Mecerreyes-Partido-de-f\u00fatbol-7-mayo-2022-212x300.jpg 212w, https:\/\/www.mecerreyes.com\/mece\/wp-content\/uploads\/2022\/05\/Mecerreyes-Partido-de-f\u00fatbol-7-mayo-2022-768x1088.jpg 768w, https:\/\/www.mecerreyes.com\/mece\/wp-content\/uploads\/2022\/05\/Mecerreyes-Partido-de-f\u00fatbol-7-mayo-2022-1085x1536.jpg 1085w, https:\/\/www.mecerreyes.com\/mece\/wp-content\/uploads\/2022\/05\/Mecerreyes-Partido-de-f\u00fatbol-7-mayo-2022-1080x1530.jpg 1080w, https:\/\/www.mecerreyes.com\/mece\/wp-content\/uploads\/2022\/05\/Mecerreyes-Partido-de-f\u00fatbol-7-mayo-2022.jpg 1446w\" sizes=\"(max-width: 723px) 100vw, 723px\" \/><\/a><\/figure><\/li><\/ul><\/figure>\n\n\n\n<div style=\"height:49px\" aria-hidden=\"true\" class=\"wp-block-spacer\"><\/div>\n\n\n\n<p style=\"font-size:22px\" class=\"has-background has-luminous-vivid-amber-background-color\"><strong>RECORTES PRENSA<\/strong><\/p>\n\n\n\n<p>La climatolog\u00eda adversa&nbsp; hace peligrar los cultivos de colza, pero las lluvias favorecen al&nbsp; cereal.<\/p>\n\n\n\n<p>Diario de Burgos recog\u00eda las impresiones de F\u00e9lix Vicario despu\u00e9s de ver nevar en el mes de abril. <\/p>\n\n\n\n<p><span class=\"has-inline-color has-vivid-red-color\"><em>Pincha sobre la siguiente foto para leer el art\u00edculo completo<\/em>:<\/span><\/p>\n\n\n\n<figure class=\"wp-block-image size-large\"><a  href=\"https:\/\/www.diariodeburgos.es\/Noticia\/ZA0A387BE-C6BE-7A41-023079B8EBD01551\/202204\/Las-heladas-golpean-a-la-colza-y-el-cereal-celebra-la-lluvia\" target=\"_blank\" rel=\"noopener noreferrer\"><img loading=\"lazy\" decoding=\"async\" width=\"773\" height=\"747\" src=\"https:\/\/www.mecerreyes.com\/mece\/wp-content\/uploads\/2022\/05\/Diario-de-Burgos-10-04-2022-heladas-de-colza-en-Mecerreyes-a.jpg\" alt=\"\" class=\"wp-image-21868\" srcset=\"https:\/\/www.mecerreyes.com\/mece\/wp-content\/uploads\/2022\/05\/Diario-de-Burgos-10-04-2022-heladas-de-colza-en-Mecerreyes-a.jpg 773w, https:\/\/www.mecerreyes.com\/mece\/wp-content\/uploads\/2022\/05\/Diario-de-Burgos-10-04-2022-heladas-de-colza-en-Mecerreyes-a-300x290.jpg 300w, https:\/\/www.mecerreyes.com\/mece\/wp-content\/uploads\/2022\/05\/Diario-de-Burgos-10-04-2022-heladas-de-colza-en-Mecerreyes-a-768x742.jpg 768w\" sizes=\"(max-width: 773px) 100vw, 773px\" \/><\/a><\/figure>\n\n\n\n<figure class=\"wp-block-gallery columns-1 is-cropped wp-block-gallery-20 is-layout-flex wp-block-gallery-is-layout-flex\"><ul class=\"blocks-gallery-grid\"><li class=\"blocks-gallery-item\"><figure><a  href=\"https:\/\/www.mecerreyes.com\/mece\/wp-content\/uploads\/2022\/05\/Diario-de-Burgos-10-04-2022-heladas-de-colza-en-Mecerreyes-b.jpg\" class=\"thickbox no_icon\" title=\"\"><img loading=\"lazy\" decoding=\"async\" width=\"615\" height=\"268\" src=\"https:\/\/www.mecerreyes.com\/mece\/wp-content\/uploads\/2022\/05\/Diario-de-Burgos-10-04-2022-heladas-de-colza-en-Mecerreyes-b.jpg\" alt=\"\" data-id=\"21870\" data-full-url=\"https:\/\/www.mecerreyes.com\/mece\/wp-content\/uploads\/2022\/05\/Diario-de-Burgos-10-04-2022-heladas-de-colza-en-Mecerreyes-b.jpg\" data-link=\"https:\/\/www.mecerreyes.com\/mece\/?attachment_id=21870\" class=\"wp-image-21870\" srcset=\"https:\/\/www.mecerreyes.com\/mece\/wp-content\/uploads\/2022\/05\/Diario-de-Burgos-10-04-2022-heladas-de-colza-en-Mecerreyes-b.jpg 615w, https:\/\/www.mecerreyes.com\/mece\/wp-content\/uploads\/2022\/05\/Diario-de-Burgos-10-04-2022-heladas-de-colza-en-Mecerreyes-b-300x131.jpg 300w\" sizes=\"(max-width: 615px) 100vw, 615px\" \/><\/a><\/figure><\/li><\/ul><\/figure>\n\n\n\n<div style=\"height:71px\" aria-hidden=\"true\" class=\"wp-block-spacer\"><\/div>\n\n\n\n<hr class=\"wp-block-separator\"\/>\n\n\n\n<p>El \u00e1rea de Cultura de Diputaci\u00f3n de Burgos ha enumerado hasta 750 manifestaciones de patrimonio cultural inmaterial.<\/p>\n\n\n\n<p>Diputaci\u00f3n de Burgos ha ido clasificando 259 tradiciones festivas y rituales, 121 expresiones de naturaleza, 88 eventos deportivos, 62 gastron\u00f3micos, 56 relacionados con la literatura, 1 sobre medicina tradicional, 17 sobre cantos, 6 de danza, 42 de artes esc\u00e9nicas, 16 juegos tradicionales, 9 oficios espec\u00edficos y 3&nbsp; de vestuario tradicional.<\/p>\n\n\n\n<p><strong>Mecerreyes y su <a  href=\"https:\/\/www.mecerreyes.com\/mece\/?page_id=24340\">Museo del Carnaval<\/a><\/strong> fue parada obligatoria de los t\u00e9cnicos de cultura que pretenden elevar a la categor\u00eda de BIC nuestro patrimonio inmaterial. <\/p>\n\n\n\n<figure class=\"wp-block-gallery columns-1 is-cropped wp-block-gallery-21 is-layout-flex wp-block-gallery-is-layout-flex\"><ul class=\"blocks-gallery-grid\"><li class=\"blocks-gallery-item\"><figure><a  href=\"https:\/\/www.mecerreyes.com\/mece\/wp-content\/uploads\/2022\/05\/El-Correo-de-Burgos-29-03-2022-a.jpg\" class=\"thickbox no_icon\" title=\"\"><img loading=\"lazy\" decoding=\"async\" width=\"693\" height=\"758\" src=\"https:\/\/www.mecerreyes.com\/mece\/wp-content\/uploads\/2022\/05\/El-Correo-de-Burgos-29-03-2022-a.jpg\" alt=\"\" data-id=\"21789\" data-full-url=\"https:\/\/www.mecerreyes.com\/mece\/wp-content\/uploads\/2022\/05\/El-Correo-de-Burgos-29-03-2022-a.jpg\" data-link=\"https:\/\/www.mecerreyes.com\/mece\/?attachment_id=21789\" class=\"wp-image-21789\" srcset=\"https:\/\/www.mecerreyes.com\/mece\/wp-content\/uploads\/2022\/05\/El-Correo-de-Burgos-29-03-2022-a.jpg 693w, https:\/\/www.mecerreyes.com\/mece\/wp-content\/uploads\/2022\/05\/El-Correo-de-Burgos-29-03-2022-a-274x300.jpg 274w\" sizes=\"(max-width: 693px) 100vw, 693px\" \/><\/a><\/figure><\/li><\/ul><\/figure>\n\n\n\n<p><em><span style=\"color:#81141b\" class=\"has-inline-color\">Pincha sobre la siguiente foto para leer el art\u00edculo completo<\/span><\/em>:<\/p>\n\n\n\n<figure class=\"wp-block-image size-large\"><a  href=\"https:\/\/elcorreodeburgos.elmundo.es\/articulo\/provincia\/provincia-cuenta-750-elementos-patrimonio-inmaterial-que-busca-proteger\/20220329174018393368.html?fbclid=IwAR12LmuozSkiTFTqmtuq4_yXB4MsPplyzbP1vNsT_4TyXOIgyuthZ4MkNo4\" target=\"_blank\" rel=\"noopener noreferrer\"><img loading=\"lazy\" decoding=\"async\" width=\"1024\" height=\"844\" src=\"https:\/\/www.mecerreyes.com\/mece\/wp-content\/uploads\/2022\/05\/El-Correo-de-Burgos-29-03-2022-1024x844.jpg\" alt=\"\" class=\"wp-image-21787\" srcset=\"https:\/\/www.mecerreyes.com\/mece\/wp-content\/uploads\/2022\/05\/El-Correo-de-Burgos-29-03-2022-1024x844.jpg 1024w, https:\/\/www.mecerreyes.com\/mece\/wp-content\/uploads\/2022\/05\/El-Correo-de-Burgos-29-03-2022-300x247.jpg 300w, https:\/\/www.mecerreyes.com\/mece\/wp-content\/uploads\/2022\/05\/El-Correo-de-Burgos-29-03-2022-768x633.jpg 768w, https:\/\/www.mecerreyes.com\/mece\/wp-content\/uploads\/2022\/05\/El-Correo-de-Burgos-29-03-2022.jpg 1040w\" sizes=\"(max-width: 1024px) 100vw, 1024px\" \/><\/a><\/figure>\n\n\n\n<div style=\"height:54px\" aria-hidden=\"true\" class=\"wp-block-spacer\"><\/div>\n\n\n\n<p style=\"font-size:22px\" class=\"has-background has-luminous-vivid-amber-background-color\"><strong>GUILETOS POR EL MUNDO<\/strong><\/p>\n\n\n\n<p><strong>RAQUEL HERNANDO SANTAMAR\u00cdA<\/strong> (hija de Maribel y Santi, nieta de Robustiano y Marce) estudi\u00f3 Biolog\u00eda en la Universidad de Salamanca, Biolog\u00eda Marina en la Universidad de La Laguna, y Master en Antropolog\u00eda Biol\u00f3gica en la Universidad de Barcelona, actualmente est\u00e1 realizando el doctorado en Prehistoria en la Universidad Rovira y Virgili de Tarragona.<\/p>\n\n\n\n<p>Con este amplio bagaje acad\u00e9mico, esta joven guileta despu\u00e9s de 4 meses trabajando en Tanzania, quiere compartir con nosotros esta enriquecedora experiencia. <\/p>\n\n\n\n<div style=\"height:35px\" aria-hidden=\"true\" class=\"wp-block-spacer\"><\/div>\n\n\n\n<figure class=\"wp-block-gallery columns-1 is-cropped wp-block-gallery-22 is-layout-flex wp-block-gallery-is-layout-flex\"><ul class=\"blocks-gallery-grid\"><li class=\"blocks-gallery-item\"><figure><a  href=\"https:\/\/www.mecerreyes.com\/mece\/wp-content\/uploads\/2022\/05\/Tanzania-2022-5.jpg\" class=\"thickbox no_icon\" title=\"\"><img loading=\"lazy\" decoding=\"async\" width=\"850\" height=\"478\" src=\"https:\/\/www.mecerreyes.com\/mece\/wp-content\/uploads\/2022\/05\/Tanzania-2022-5.jpg\" alt=\"\" data-id=\"21862\" data-full-url=\"https:\/\/www.mecerreyes.com\/mece\/wp-content\/uploads\/2022\/05\/Tanzania-2022-5.jpg\" data-link=\"https:\/\/www.mecerreyes.com\/mece\/?attachment_id=21862\" class=\"wp-image-21862\" srcset=\"https:\/\/www.mecerreyes.com\/mece\/wp-content\/uploads\/2022\/05\/Tanzania-2022-5.jpg 850w, https:\/\/www.mecerreyes.com\/mece\/wp-content\/uploads\/2022\/05\/Tanzania-2022-5-300x169.jpg 300w, https:\/\/www.mecerreyes.com\/mece\/wp-content\/uploads\/2022\/05\/Tanzania-2022-5-768x432.jpg 768w\" sizes=\"(max-width: 850px) 100vw, 850px\" \/><\/a><\/figure><\/li><\/ul><\/figure>\n\n\n\n<p><em><span style=\"color:#a36405\" class=\"has-inline-color\">Hola guiletos. Para los que no me conozc\u00e1is soy Raquel, la nieta del Robus y la Marce. Durante los \u00faltimos 4 meses he tenido la oportunidad de trabajar en la Garganta de Olduvai, en el \u00c1rea de Conservaci\u00f3n del Ngorongoro (Tanzania) dentro de un proyecto de investigaci\u00f3n arqueol\u00f3gico llevado a cabo por la Universidad de Calgary (Canad\u00e1).<\/span><\/em><\/p>\n\n\n\n<p><em><span style=\"color:#a36405\" class=\"has-inline-color\">Como muchos de vosotros sabr\u00e9is, estoy desarrollando mi tesis doctoral en arqueolog\u00eda. Por lo cual, ir a la Garganta de Olduvai significaba adentrarme en uno de los lugares m\u00e1s impresionantes paleoantropol\u00f3gicamente hablando, ya que all\u00ed se encuentran algunos de los yacimientos arqueol\u00f3gicos m\u00e1s antiguos del mundo (nada m\u00e1s y nada menos que 2 millones de a\u00f1os). Es decir, es un viaje en Corvette al pasado de nuestra evoluci\u00f3n, un lujo vamos!<\/span><\/em><\/p>\n\n\n\n<figure class=\"wp-block-gallery columns-1 is-cropped wp-block-gallery-23 is-layout-flex wp-block-gallery-is-layout-flex\"><ul class=\"blocks-gallery-grid\"><li class=\"blocks-gallery-item\"><figure><a  href=\"https:\/\/www.mecerreyes.com\/mece\/wp-content\/uploads\/2022\/05\/Tanzania-2022-4.jpg\" class=\"thickbox no_icon\" title=\"\"><img loading=\"lazy\" decoding=\"async\" width=\"1024\" height=\"461\" src=\"https:\/\/www.mecerreyes.com\/mece\/wp-content\/uploads\/2022\/05\/Tanzania-2022-4-1024x461.jpg\" alt=\"\" data-id=\"21864\" data-full-url=\"https:\/\/www.mecerreyes.com\/mece\/wp-content\/uploads\/2022\/05\/Tanzania-2022-4.jpg\" data-link=\"https:\/\/www.mecerreyes.com\/mece\/?attachment_id=21864\" class=\"wp-image-21864\" srcset=\"https:\/\/www.mecerreyes.com\/mece\/wp-content\/uploads\/2022\/05\/Tanzania-2022-4-1024x461.jpg 1024w, https:\/\/www.mecerreyes.com\/mece\/wp-content\/uploads\/2022\/05\/Tanzania-2022-4-300x135.jpg 300w, https:\/\/www.mecerreyes.com\/mece\/wp-content\/uploads\/2022\/05\/Tanzania-2022-4-768x346.jpg 768w, https:\/\/www.mecerreyes.com\/mece\/wp-content\/uploads\/2022\/05\/Tanzania-2022-4-1536x691.jpg 1536w, https:\/\/www.mecerreyes.com\/mece\/wp-content\/uploads\/2022\/05\/Tanzania-2022-4-1080x486.jpg 1080w, https:\/\/www.mecerreyes.com\/mece\/wp-content\/uploads\/2022\/05\/Tanzania-2022-4.jpg 1600w\" sizes=\"(max-width: 1024px) 100vw, 1024px\" \/><\/a><\/figure><\/li><\/ul><\/figure>\n\n\n\n<p><em><span style=\"color:#a36405\" class=\"has-inline-color\">Describir estos \u00faltimos 4 meses en una palabra es muy dif\u00edcil, pero si tuviese que elegir ser\u00eda \u201cagradecida\u201d. Por la oportunidad de haber podido vivir dentro de una Reserva Natural, rodeada de una naturaleza salvaje que impresiona y da respeto a partes iguales, en la que diariamente jirafas se paseaban a saludar por el campamento y los aullidos de las hienas te despertaban en medio de la noche.<\/span><\/em><\/p>\n\n\n\n<figure class=\"wp-block-gallery columns-1 is-cropped wp-block-gallery-24 is-layout-flex wp-block-gallery-is-layout-flex\"><ul class=\"blocks-gallery-grid\"><li class=\"blocks-gallery-item\"><figure><a  href=\"https:\/\/www.mecerreyes.com\/mece\/wp-content\/uploads\/2022\/05\/Tanzania-2022-1.jpg\" class=\"thickbox no_icon\" title=\"\"><img loading=\"lazy\" decoding=\"async\" width=\"1024\" height=\"768\" src=\"https:\/\/www.mecerreyes.com\/mece\/wp-content\/uploads\/2022\/05\/Tanzania-2022-1-1024x768.jpg\" alt=\"\" data-id=\"21863\" data-full-url=\"https:\/\/www.mecerreyes.com\/mece\/wp-content\/uploads\/2022\/05\/Tanzania-2022-1.jpg\" data-link=\"https:\/\/www.mecerreyes.com\/mece\/?attachment_id=21863\" class=\"wp-image-21863\" srcset=\"https:\/\/www.mecerreyes.com\/mece\/wp-content\/uploads\/2022\/05\/Tanzania-2022-1-1024x768.jpg 1024w, https:\/\/www.mecerreyes.com\/mece\/wp-content\/uploads\/2022\/05\/Tanzania-2022-1-300x225.jpg 300w, https:\/\/www.mecerreyes.com\/mece\/wp-content\/uploads\/2022\/05\/Tanzania-2022-1-768x576.jpg 768w, https:\/\/www.mecerreyes.com\/mece\/wp-content\/uploads\/2022\/05\/Tanzania-2022-1-1536x1152.jpg 1536w, https:\/\/www.mecerreyes.com\/mece\/wp-content\/uploads\/2022\/05\/Tanzania-2022-1-2048x1536.jpg 2048w, https:\/\/www.mecerreyes.com\/mece\/wp-content\/uploads\/2022\/05\/Tanzania-2022-1-1080x810.jpg 1080w\" sizes=\"(max-width: 1024px) 100vw, 1024px\" \/><\/a><\/figure><\/li><\/ul><\/figure>\n\n\n\n<p><em><span style=\"color:#a36405\" class=\"has-inline-color\">Pero creo que una de las cosas que m\u00e1s me ha marcado ha sido la convivir y trabajar mano a mano con la comunidad mas\u00e1i, \u00a1c\u00f3mo una cultura tan diferente puede hacerte sentirte tan cerca de tu casa! La conciencia de grupo que tienen es algo de lo que se sienten s\u00faper orgullosos y no es para menos. Meshack, uno de los l\u00edderes de la comunidad, me contaba que un mas\u00e1i puede recorrerse todo el Serengueti que siempre contar\u00e1 con comida y alojamiento. Esto es algo que he podido vivir de primera mano, ya que cada d\u00eda muchos mas\u00e1is se acercaban al yacimiento y siempre les ofrec\u00edan comida, agua y charla. Este sentimiento de grupo y de ayuda al \u201cvecino\u201d, olvidado en las grandes ciudades, ha sido una de las cosas que me ha hecho sentirme como en Mecerreyes. Porque por muy lejos que te encuentres, hay cosas que son universales. Del mismo modo que los poyos de las casas en verano son punto de reuni\u00f3n, all\u00ed la sombra de cualquier acacia era punto de encuentro y buen lugar de charla.<\/span><\/em><\/p>\n\n\n\n<figure class=\"wp-block-gallery columns-1 is-cropped wp-block-gallery-25 is-layout-flex wp-block-gallery-is-layout-flex\"><ul class=\"blocks-gallery-grid\"><li class=\"blocks-gallery-item\"><figure><a  href=\"https:\/\/www.mecerreyes.com\/mece\/wp-content\/uploads\/2022\/05\/Tanzania-2022-3.jpg\" class=\"thickbox no_icon\" title=\"\"><img loading=\"lazy\" decoding=\"async\" width=\"1024\" height=\"768\" src=\"https:\/\/www.mecerreyes.com\/mece\/wp-content\/uploads\/2022\/05\/Tanzania-2022-3-1024x768.jpg\" alt=\"\" data-id=\"21865\" data-full-url=\"https:\/\/www.mecerreyes.com\/mece\/wp-content\/uploads\/2022\/05\/Tanzania-2022-3.jpg\" data-link=\"https:\/\/www.mecerreyes.com\/mece\/?attachment_id=21865\" class=\"wp-image-21865\" srcset=\"https:\/\/www.mecerreyes.com\/mece\/wp-content\/uploads\/2022\/05\/Tanzania-2022-3-1024x768.jpg 1024w, https:\/\/www.mecerreyes.com\/mece\/wp-content\/uploads\/2022\/05\/Tanzania-2022-3-300x225.jpg 300w, https:\/\/www.mecerreyes.com\/mece\/wp-content\/uploads\/2022\/05\/Tanzania-2022-3-768x576.jpg 768w, https:\/\/www.mecerreyes.com\/mece\/wp-content\/uploads\/2022\/05\/Tanzania-2022-3-1536x1152.jpg 1536w, https:\/\/www.mecerreyes.com\/mece\/wp-content\/uploads\/2022\/05\/Tanzania-2022-3-2048x1536.jpg 2048w, https:\/\/www.mecerreyes.com\/mece\/wp-content\/uploads\/2022\/05\/Tanzania-2022-3-1080x810.jpg 1080w\" sizes=\"(max-width: 1024px) 100vw, 1024px\" \/><\/a><\/figure><\/li><\/ul><\/figure>\n\n\n\n<p><em><span style=\"color:#a36405\" class=\"has-inline-color\">No puedo dejar pasar la ocasi\u00f3n de denunciar las injusticias con las que tienen que lidiar d\u00eda a d\u00eda, como el hecho de que el gobierno tanzano quiere echar a m\u00e1s de 150.000 mas\u00e1is de sus tierras para hacer un espacio de turismo de \u00e9lite por medio de compa\u00f1\u00edas de safaris privados. Todo esto se traduce en grandes restricciones impuestas por el gobierno, vulnerando una serie de derechos que aqu\u00ed ser\u00edan impensables que te los prohibiesen, como por ejemplo la prohibici\u00f3n de cultivar en sus tierras. Si quer\u00e9is saber m\u00e1s os recomiendo leer esta noticia:<\/span><\/em><\/p>\n\n\n\n<p><em><a  href=\"https:\/\/www.theguardian.com\/global-development\/2022\/apr\/22\/tanzania-maasai-appeal-to-west-stop-evictions-due-to-conservation-plans\" target=\"_blank\" rel=\"noreferrer noopener\"> https:\/\/www.theguardian.com\/global-development\/2022\/apr\/22\/tanzania-maasai-appeal-to-west-stop-evictions-due-to-conservation-plans<\/a><\/em><\/p>\n\n\n\n<p><em><span style=\"color:#a36405\" class=\"has-inline-color\">Todos estar\u00e9is de acuerdo que las cosas buenas pasan muy r\u00e1pido, como las fiestas del pueblo, y estos 4 meses me han pasado volando. Me llevo muchas experiencias y buenos momentos. All\u00ed dejo a una segunda familia a la que espero volver a ver pronto.<\/span><\/em><\/p>\n\n\n\n<figure class=\"wp-block-gallery columns-1 is-cropped wp-block-gallery-26 is-layout-flex wp-block-gallery-is-layout-flex\"><ul class=\"blocks-gallery-grid\"><li class=\"blocks-gallery-item\"><figure><a  href=\"https:\/\/www.mecerreyes.com\/mece\/wp-content\/uploads\/2022\/05\/Tanzania-2022-2.jpg\" class=\"thickbox no_icon\" title=\"\"><img loading=\"lazy\" decoding=\"async\" width=\"1024\" height=\"768\" src=\"https:\/\/www.mecerreyes.com\/mece\/wp-content\/uploads\/2022\/05\/Tanzania-2022-2-1024x768.jpg\" alt=\"\" data-id=\"21866\" data-full-url=\"https:\/\/www.mecerreyes.com\/mece\/wp-content\/uploads\/2022\/05\/Tanzania-2022-2.jpg\" data-link=\"https:\/\/www.mecerreyes.com\/mece\/?attachment_id=21866\" class=\"wp-image-21866\" srcset=\"https:\/\/www.mecerreyes.com\/mece\/wp-content\/uploads\/2022\/05\/Tanzania-2022-2-1024x768.jpg 1024w, https:\/\/www.mecerreyes.com\/mece\/wp-content\/uploads\/2022\/05\/Tanzania-2022-2-300x225.jpg 300w, https:\/\/www.mecerreyes.com\/mece\/wp-content\/uploads\/2022\/05\/Tanzania-2022-2-768x576.jpg 768w, https:\/\/www.mecerreyes.com\/mece\/wp-content\/uploads\/2022\/05\/Tanzania-2022-2-1536x1152.jpg 1536w, https:\/\/www.mecerreyes.com\/mece\/wp-content\/uploads\/2022\/05\/Tanzania-2022-2-2048x1536.jpg 2048w, https:\/\/www.mecerreyes.com\/mece\/wp-content\/uploads\/2022\/05\/Tanzania-2022-2-1080x810.jpg 1080w\" sizes=\"(max-width: 1024px) 100vw, 1024px\" \/><\/a><\/figure><\/li><\/ul><\/figure>\n\n\n\n<div style=\"height:66px\" aria-hidden=\"true\" class=\"wp-block-spacer\"><\/div>\n\n\n\n<p style=\"font-size:22px\" class=\"has-background has-luminous-vivid-amber-background-color\"><strong>REFRANERO<\/strong><\/p>\n\n\n\n<ul class=\"wp-block-list\"><li><em>En abril cortas un cardo y te crecen mil.<\/em><\/li><li><em>Ni abril sin flores, ni juventud sin amores.<\/em><\/li><li><em>En abril s\u00f3lo poda el ruin.<\/em><\/li><li><em>En abril, b\u00fascale el nido a la perdiz.<\/em><\/li><\/ul>\n\n\n\n<div style=\"height:60px\" aria-hidden=\"true\" class=\"wp-block-spacer\"><\/div>\n\n\n\n<figure class=\"wp-block-gallery columns-2 is-cropped wp-block-gallery-27 is-layout-flex wp-block-gallery-is-layout-flex\"><ul class=\"blocks-gallery-grid\"><li class=\"blocks-gallery-item\"><figure><a  href=\"https:\/\/www.mecerreyes.com\/mece\/wp-content\/uploads\/2022\/05\/Mecerreyes-Los-Pasos-Viernes-Santo-15-04-2022-3-1024x683.jpg\" class=\"thickbox no_icon\" title=\"\"><img loading=\"lazy\" decoding=\"async\" width=\"1024\" height=\"683\" src=\"https:\/\/www.mecerreyes.com\/mece\/wp-content\/uploads\/2022\/05\/Mecerreyes-Los-Pasos-Viernes-Santo-15-04-2022-3-1024x683.jpg\" alt=\"\" data-id=\"21805\" data-link=\"https:\/\/www.mecerreyes.com\/mece\/?attachment_id=21805\" class=\"wp-image-21805\" srcset=\"https:\/\/www.mecerreyes.com\/mece\/wp-content\/uploads\/2022\/05\/Mecerreyes-Los-Pasos-Viernes-Santo-15-04-2022-3-1024x683.jpg 1024w, https:\/\/www.mecerreyes.com\/mece\/wp-content\/uploads\/2022\/05\/Mecerreyes-Los-Pasos-Viernes-Santo-15-04-2022-3-300x200.jpg 300w, https:\/\/www.mecerreyes.com\/mece\/wp-content\/uploads\/2022\/05\/Mecerreyes-Los-Pasos-Viernes-Santo-15-04-2022-3-768x512.jpg 768w, https:\/\/www.mecerreyes.com\/mece\/wp-content\/uploads\/2022\/05\/Mecerreyes-Los-Pasos-Viernes-Santo-15-04-2022-3-1536x1024.jpg 1536w, https:\/\/www.mecerreyes.com\/mece\/wp-content\/uploads\/2022\/05\/Mecerreyes-Los-Pasos-Viernes-Santo-15-04-2022-3-1080x720.jpg 1080w, https:\/\/www.mecerreyes.com\/mece\/wp-content\/uploads\/2022\/05\/Mecerreyes-Los-Pasos-Viernes-Santo-15-04-2022-3.jpg 1980w\" sizes=\"(max-width: 1024px) 100vw, 1024px\" \/><\/a><\/figure><\/li><li class=\"blocks-gallery-item\"><figure><a  href=\"https:\/\/www.mecerreyes.com\/mece\/wp-content\/uploads\/2022\/05\/Mecerreyes-Los-Pasos-Viernes-Santo-15-04-2022-2-1024x683.jpg\" class=\"thickbox no_icon\" title=\"\"><img loading=\"lazy\" decoding=\"async\" width=\"1024\" height=\"683\" src=\"https:\/\/www.mecerreyes.com\/mece\/wp-content\/uploads\/2022\/05\/Mecerreyes-Los-Pasos-Viernes-Santo-15-04-2022-2-1024x683.jpg\" alt=\"\" data-id=\"21804\" data-link=\"https:\/\/www.mecerreyes.com\/mece\/?attachment_id=21804\" class=\"wp-image-21804\" srcset=\"https:\/\/www.mecerreyes.com\/mece\/wp-content\/uploads\/2022\/05\/Mecerreyes-Los-Pasos-Viernes-Santo-15-04-2022-2-1024x683.jpg 1024w, https:\/\/www.mecerreyes.com\/mece\/wp-content\/uploads\/2022\/05\/Mecerreyes-Los-Pasos-Viernes-Santo-15-04-2022-2-300x200.jpg 300w, https:\/\/www.mecerreyes.com\/mece\/wp-content\/uploads\/2022\/05\/Mecerreyes-Los-Pasos-Viernes-Santo-15-04-2022-2-768x512.jpg 768w, https:\/\/www.mecerreyes.com\/mece\/wp-content\/uploads\/2022\/05\/Mecerreyes-Los-Pasos-Viernes-Santo-15-04-2022-2-1536x1024.jpg 1536w, https:\/\/www.mecerreyes.com\/mece\/wp-content\/uploads\/2022\/05\/Mecerreyes-Los-Pasos-Viernes-Santo-15-04-2022-2-1080x720.jpg 1080w, https:\/\/www.mecerreyes.com\/mece\/wp-content\/uploads\/2022\/05\/Mecerreyes-Los-Pasos-Viernes-Santo-15-04-2022-2.jpg 1965w\" sizes=\"(max-width: 1024px) 100vw, 1024px\" \/><\/a><\/figure><\/li><li class=\"blocks-gallery-item\"><figure><a  href=\"https:\/\/www.mecerreyes.com\/mece\/wp-content\/uploads\/2022\/05\/Mecerreyes-Los-Pasos-Viernes-Santo-15-04-2022-4-1024x683.jpg\" class=\"thickbox no_icon\" title=\"\"><img loading=\"lazy\" decoding=\"async\" width=\"1024\" height=\"683\" src=\"https:\/\/www.mecerreyes.com\/mece\/wp-content\/uploads\/2022\/05\/Mecerreyes-Los-Pasos-Viernes-Santo-15-04-2022-4-1024x683.jpg\" alt=\"\" data-id=\"21806\" data-link=\"https:\/\/www.mecerreyes.com\/mece\/?attachment_id=21806\" class=\"wp-image-21806\" srcset=\"https:\/\/www.mecerreyes.com\/mece\/wp-content\/uploads\/2022\/05\/Mecerreyes-Los-Pasos-Viernes-Santo-15-04-2022-4-1024x683.jpg 1024w, https:\/\/www.mecerreyes.com\/mece\/wp-content\/uploads\/2022\/05\/Mecerreyes-Los-Pasos-Viernes-Santo-15-04-2022-4-300x200.jpg 300w, https:\/\/www.mecerreyes.com\/mece\/wp-content\/uploads\/2022\/05\/Mecerreyes-Los-Pasos-Viernes-Santo-15-04-2022-4-768x512.jpg 768w, https:\/\/www.mecerreyes.com\/mece\/wp-content\/uploads\/2022\/05\/Mecerreyes-Los-Pasos-Viernes-Santo-15-04-2022-4-1536x1024.jpg 1536w, https:\/\/www.mecerreyes.com\/mece\/wp-content\/uploads\/2022\/05\/Mecerreyes-Los-Pasos-Viernes-Santo-15-04-2022-4-1080x720.jpg 1080w, https:\/\/www.mecerreyes.com\/mece\/wp-content\/uploads\/2022\/05\/Mecerreyes-Los-Pasos-Viernes-Santo-15-04-2022-4.jpg 1980w\" sizes=\"(max-width: 1024px) 100vw, 1024px\" \/><\/a><\/figure><\/li><li class=\"blocks-gallery-item\"><figure><a  href=\"https:\/\/www.mecerreyes.com\/mece\/wp-content\/uploads\/2022\/05\/Mecerreyes-Los-Pasos-Viernes-Santo-15-04-2022-5-1024x683.jpg\" class=\"thickbox no_icon\" title=\"\"><img loading=\"lazy\" decoding=\"async\" width=\"1024\" height=\"683\" src=\"https:\/\/www.mecerreyes.com\/mece\/wp-content\/uploads\/2022\/05\/Mecerreyes-Los-Pasos-Viernes-Santo-15-04-2022-5-1024x683.jpg\" alt=\"\" data-id=\"21807\" data-link=\"https:\/\/www.mecerreyes.com\/mece\/?attachment_id=21807\" class=\"wp-image-21807\" srcset=\"https:\/\/www.mecerreyes.com\/mece\/wp-content\/uploads\/2022\/05\/Mecerreyes-Los-Pasos-Viernes-Santo-15-04-2022-5-1024x683.jpg 1024w, https:\/\/www.mecerreyes.com\/mece\/wp-content\/uploads\/2022\/05\/Mecerreyes-Los-Pasos-Viernes-Santo-15-04-2022-5-300x200.jpg 300w, https:\/\/www.mecerreyes.com\/mece\/wp-content\/uploads\/2022\/05\/Mecerreyes-Los-Pasos-Viernes-Santo-15-04-2022-5-768x512.jpg 768w, https:\/\/www.mecerreyes.com\/mece\/wp-content\/uploads\/2022\/05\/Mecerreyes-Los-Pasos-Viernes-Santo-15-04-2022-5-1536x1024.jpg 1536w, https:\/\/www.mecerreyes.com\/mece\/wp-content\/uploads\/2022\/05\/Mecerreyes-Los-Pasos-Viernes-Santo-15-04-2022-5-1080x720.jpg 1080w, https:\/\/www.mecerreyes.com\/mece\/wp-content\/uploads\/2022\/05\/Mecerreyes-Los-Pasos-Viernes-Santo-15-04-2022-5.jpg 1956w\" sizes=\"(max-width: 1024px) 100vw, 1024px\" \/><\/a><\/figure><\/li><li class=\"blocks-gallery-item\"><figure><a  href=\"https:\/\/www.mecerreyes.com\/mece\/wp-content\/uploads\/2022\/05\/Mecerreyes-Los-Pasos-Viernes-Santo-15-04-2022-6-1024x683.jpg\" class=\"thickbox no_icon\" title=\"\"><img loading=\"lazy\" decoding=\"async\" width=\"1024\" height=\"683\" src=\"https:\/\/www.mecerreyes.com\/mece\/wp-content\/uploads\/2022\/05\/Mecerreyes-Los-Pasos-Viernes-Santo-15-04-2022-6-1024x683.jpg\" alt=\"\" data-id=\"21808\" data-link=\"https:\/\/www.mecerreyes.com\/mece\/?attachment_id=21808\" class=\"wp-image-21808\" srcset=\"https:\/\/www.mecerreyes.com\/mece\/wp-content\/uploads\/2022\/05\/Mecerreyes-Los-Pasos-Viernes-Santo-15-04-2022-6-1024x683.jpg 1024w, https:\/\/www.mecerreyes.com\/mece\/wp-content\/uploads\/2022\/05\/Mecerreyes-Los-Pasos-Viernes-Santo-15-04-2022-6-300x200.jpg 300w, https:\/\/www.mecerreyes.com\/mece\/wp-content\/uploads\/2022\/05\/Mecerreyes-Los-Pasos-Viernes-Santo-15-04-2022-6-768x512.jpg 768w, https:\/\/www.mecerreyes.com\/mece\/wp-content\/uploads\/2022\/05\/Mecerreyes-Los-Pasos-Viernes-Santo-15-04-2022-6-1536x1024.jpg 1536w, https:\/\/www.mecerreyes.com\/mece\/wp-content\/uploads\/2022\/05\/Mecerreyes-Los-Pasos-Viernes-Santo-15-04-2022-6-1080x720.jpg 1080w, https:\/\/www.mecerreyes.com\/mece\/wp-content\/uploads\/2022\/05\/Mecerreyes-Los-Pasos-Viernes-Santo-15-04-2022-6.jpg 1980w\" sizes=\"(max-width: 1024px) 100vw, 1024px\" \/><\/a><\/figure><\/li><li class=\"blocks-gallery-item\"><figure><a  href=\"https:\/\/www.mecerreyes.com\/mece\/wp-content\/uploads\/2022\/05\/Mecerreyes-Los-Pasos-Viernes-Santo-15-04-2022-21a.jpg\" class=\"thickbox no_icon\" title=\"\"><img loading=\"lazy\" decoding=\"async\" width=\"768\" height=\"1024\" src=\"https:\/\/www.mecerreyes.com\/mece\/wp-content\/uploads\/2022\/05\/Mecerreyes-Los-Pasos-Viernes-Santo-15-04-2022-21a-768x1024.jpg\" alt=\"\" data-id=\"21845\" data-full-url=\"https:\/\/www.mecerreyes.com\/mece\/wp-content\/uploads\/2022\/05\/Mecerreyes-Los-Pasos-Viernes-Santo-15-04-2022-21a.jpg\" data-link=\"https:\/\/www.mecerreyes.com\/mece\/?attachment_id=21845\" class=\"wp-image-21845\" srcset=\"https:\/\/www.mecerreyes.com\/mece\/wp-content\/uploads\/2022\/05\/Mecerreyes-Los-Pasos-Viernes-Santo-15-04-2022-21a-768x1024.jpg 768w, https:\/\/www.mecerreyes.com\/mece\/wp-content\/uploads\/2022\/05\/Mecerreyes-Los-Pasos-Viernes-Santo-15-04-2022-21a-225x300.jpg 225w, https:\/\/www.mecerreyes.com\/mece\/wp-content\/uploads\/2022\/05\/Mecerreyes-Los-Pasos-Viernes-Santo-15-04-2022-21a-1152x1536.jpg 1152w, https:\/\/www.mecerreyes.com\/mece\/wp-content\/uploads\/2022\/05\/Mecerreyes-Los-Pasos-Viernes-Santo-15-04-2022-21a-1080x1441.jpg 1080w, https:\/\/www.mecerreyes.com\/mece\/wp-content\/uploads\/2022\/05\/Mecerreyes-Los-Pasos-Viernes-Santo-15-04-2022-21a.jpg 1417w\" sizes=\"(max-width: 768px) 100vw, 768px\" \/><\/a><\/figure><\/li><li class=\"blocks-gallery-item\"><figure><a  href=\"https:\/\/www.mecerreyes.com\/mece\/wp-content\/uploads\/2022\/05\/Mecerreyes-Los-Pasos-Viernes-Santo-15-04-2022-15-1024x683.jpg\" class=\"thickbox no_icon\" title=\"\"><img loading=\"lazy\" decoding=\"async\" width=\"1024\" height=\"683\" src=\"https:\/\/www.mecerreyes.com\/mece\/wp-content\/uploads\/2022\/05\/Mecerreyes-Los-Pasos-Viernes-Santo-15-04-2022-15-1024x683.jpg\" alt=\"\" data-id=\"21816\" data-link=\"https:\/\/www.mecerreyes.com\/mece\/?attachment_id=21816\" class=\"wp-image-21816\" srcset=\"https:\/\/www.mecerreyes.com\/mece\/wp-content\/uploads\/2022\/05\/Mecerreyes-Los-Pasos-Viernes-Santo-15-04-2022-15-1024x683.jpg 1024w, https:\/\/www.mecerreyes.com\/mece\/wp-content\/uploads\/2022\/05\/Mecerreyes-Los-Pasos-Viernes-Santo-15-04-2022-15-300x200.jpg 300w, https:\/\/www.mecerreyes.com\/mece\/wp-content\/uploads\/2022\/05\/Mecerreyes-Los-Pasos-Viernes-Santo-15-04-2022-15-768x512.jpg 768w, https:\/\/www.mecerreyes.com\/mece\/wp-content\/uploads\/2022\/05\/Mecerreyes-Los-Pasos-Viernes-Santo-15-04-2022-15-1536x1024.jpg 1536w, https:\/\/www.mecerreyes.com\/mece\/wp-content\/uploads\/2022\/05\/Mecerreyes-Los-Pasos-Viernes-Santo-15-04-2022-15-1080x720.jpg 1080w, https:\/\/www.mecerreyes.com\/mece\/wp-content\/uploads\/2022\/05\/Mecerreyes-Los-Pasos-Viernes-Santo-15-04-2022-15.jpg 1980w\" sizes=\"(max-width: 1024px) 100vw, 1024px\" \/><\/a><\/figure><\/li><li class=\"blocks-gallery-item\"><figure><a  href=\"https:\/\/www.mecerreyes.com\/mece\/wp-content\/uploads\/2022\/05\/Mecerreyes-Los-Pasos-Viernes-Santo-15-04-2022-7-1024x683.jpg\" class=\"thickbox no_icon\" title=\"\"><img loading=\"lazy\" decoding=\"async\" width=\"1024\" height=\"683\" src=\"https:\/\/www.mecerreyes.com\/mece\/wp-content\/uploads\/2022\/05\/Mecerreyes-Los-Pasos-Viernes-Santo-15-04-2022-7-1024x683.jpg\" alt=\"\" data-id=\"21809\" data-link=\"https:\/\/www.mecerreyes.com\/mece\/?attachment_id=21809\" class=\"wp-image-21809\" srcset=\"https:\/\/www.mecerreyes.com\/mece\/wp-content\/uploads\/2022\/05\/Mecerreyes-Los-Pasos-Viernes-Santo-15-04-2022-7-1024x683.jpg 1024w, https:\/\/www.mecerreyes.com\/mece\/wp-content\/uploads\/2022\/05\/Mecerreyes-Los-Pasos-Viernes-Santo-15-04-2022-7-300x200.jpg 300w, https:\/\/www.mecerreyes.com\/mece\/wp-content\/uploads\/2022\/05\/Mecerreyes-Los-Pasos-Viernes-Santo-15-04-2022-7-768x512.jpg 768w, https:\/\/www.mecerreyes.com\/mece\/wp-content\/uploads\/2022\/05\/Mecerreyes-Los-Pasos-Viernes-Santo-15-04-2022-7-1536x1024.jpg 1536w, https:\/\/www.mecerreyes.com\/mece\/wp-content\/uploads\/2022\/05\/Mecerreyes-Los-Pasos-Viernes-Santo-15-04-2022-7-1080x720.jpg 1080w, https:\/\/www.mecerreyes.com\/mece\/wp-content\/uploads\/2022\/05\/Mecerreyes-Los-Pasos-Viernes-Santo-15-04-2022-7.jpg 1980w\" sizes=\"(max-width: 1024px) 100vw, 1024px\" \/><\/a><\/figure><\/li><li class=\"blocks-gallery-item\"><figure><a  href=\"https:\/\/www.mecerreyes.com\/mece\/wp-content\/uploads\/2022\/05\/Mecerreyes-Los-Pasos-Viernes-Santo-15-04-2022-10-1024x683.jpg\" class=\"thickbox no_icon\" title=\"\"><img loading=\"lazy\" decoding=\"async\" width=\"1024\" height=\"683\" src=\"https:\/\/www.mecerreyes.com\/mece\/wp-content\/uploads\/2022\/05\/Mecerreyes-Los-Pasos-Viernes-Santo-15-04-2022-10-1024x683.jpg\" alt=\"\" data-id=\"21812\" data-link=\"https:\/\/www.mecerreyes.com\/mece\/?attachment_id=21812\" class=\"wp-image-21812\" srcset=\"https:\/\/www.mecerreyes.com\/mece\/wp-content\/uploads\/2022\/05\/Mecerreyes-Los-Pasos-Viernes-Santo-15-04-2022-10-1024x683.jpg 1024w, https:\/\/www.mecerreyes.com\/mece\/wp-content\/uploads\/2022\/05\/Mecerreyes-Los-Pasos-Viernes-Santo-15-04-2022-10-300x200.jpg 300w, https:\/\/www.mecerreyes.com\/mece\/wp-content\/uploads\/2022\/05\/Mecerreyes-Los-Pasos-Viernes-Santo-15-04-2022-10-768x512.jpg 768w, https:\/\/www.mecerreyes.com\/mece\/wp-content\/uploads\/2022\/05\/Mecerreyes-Los-Pasos-Viernes-Santo-15-04-2022-10-1536x1024.jpg 1536w, https:\/\/www.mecerreyes.com\/mece\/wp-content\/uploads\/2022\/05\/Mecerreyes-Los-Pasos-Viernes-Santo-15-04-2022-10-1080x720.jpg 1080w, https:\/\/www.mecerreyes.com\/mece\/wp-content\/uploads\/2022\/05\/Mecerreyes-Los-Pasos-Viernes-Santo-15-04-2022-10.jpg 1980w\" sizes=\"(max-width: 1024px) 100vw, 1024px\" \/><\/a><\/figure><\/li><li class=\"blocks-gallery-item\"><figure><a  href=\"https:\/\/www.mecerreyes.com\/mece\/wp-content\/uploads\/2022\/05\/Mecerreyes-Los-Pasos-Viernes-Santo-15-04-2022-19-1024x683.jpg\" class=\"thickbox no_icon\" title=\"\"><img loading=\"lazy\" decoding=\"async\" width=\"1024\" height=\"683\" src=\"https:\/\/www.mecerreyes.com\/mece\/wp-content\/uploads\/2022\/05\/Mecerreyes-Los-Pasos-Viernes-Santo-15-04-2022-19-1024x683.jpg\" alt=\"\" data-id=\"21820\" data-link=\"https:\/\/www.mecerreyes.com\/mece\/?attachment_id=21820\" class=\"wp-image-21820\" srcset=\"https:\/\/www.mecerreyes.com\/mece\/wp-content\/uploads\/2022\/05\/Mecerreyes-Los-Pasos-Viernes-Santo-15-04-2022-19-1024x683.jpg 1024w, https:\/\/www.mecerreyes.com\/mece\/wp-content\/uploads\/2022\/05\/Mecerreyes-Los-Pasos-Viernes-Santo-15-04-2022-19-300x200.jpg 300w, https:\/\/www.mecerreyes.com\/mece\/wp-content\/uploads\/2022\/05\/Mecerreyes-Los-Pasos-Viernes-Santo-15-04-2022-19-768x512.jpg 768w, https:\/\/www.mecerreyes.com\/mece\/wp-content\/uploads\/2022\/05\/Mecerreyes-Los-Pasos-Viernes-Santo-15-04-2022-19-1536x1024.jpg 1536w, https:\/\/www.mecerreyes.com\/mece\/wp-content\/uploads\/2022\/05\/Mecerreyes-Los-Pasos-Viernes-Santo-15-04-2022-19-1080x720.jpg 1080w, https:\/\/www.mecerreyes.com\/mece\/wp-content\/uploads\/2022\/05\/Mecerreyes-Los-Pasos-Viernes-Santo-15-04-2022-19.jpg 1980w\" sizes=\"(max-width: 1024px) 100vw, 1024px\" \/><\/a><\/figure><\/li><li class=\"blocks-gallery-item\"><figure><a  href=\"https:\/\/www.mecerreyes.com\/mece\/wp-content\/uploads\/2022\/05\/Mecerreyes-Los-Pasos-Viernes-Santo-15-04-2022-18-1024x683.jpg\" class=\"thickbox no_icon\" title=\"\"><img loading=\"lazy\" decoding=\"async\" width=\"1024\" height=\"683\" src=\"https:\/\/www.mecerreyes.com\/mece\/wp-content\/uploads\/2022\/05\/Mecerreyes-Los-Pasos-Viernes-Santo-15-04-2022-18-1024x683.jpg\" alt=\"\" data-id=\"21819\" data-link=\"https:\/\/www.mecerreyes.com\/mece\/?attachment_id=21819\" class=\"wp-image-21819\" srcset=\"https:\/\/www.mecerreyes.com\/mece\/wp-content\/uploads\/2022\/05\/Mecerreyes-Los-Pasos-Viernes-Santo-15-04-2022-18-1024x683.jpg 1024w, https:\/\/www.mecerreyes.com\/mece\/wp-content\/uploads\/2022\/05\/Mecerreyes-Los-Pasos-Viernes-Santo-15-04-2022-18-300x200.jpg 300w, https:\/\/www.mecerreyes.com\/mece\/wp-content\/uploads\/2022\/05\/Mecerreyes-Los-Pasos-Viernes-Santo-15-04-2022-18-768x512.jpg 768w, https:\/\/www.mecerreyes.com\/mece\/wp-content\/uploads\/2022\/05\/Mecerreyes-Los-Pasos-Viernes-Santo-15-04-2022-18-1536x1024.jpg 1536w, https:\/\/www.mecerreyes.com\/mece\/wp-content\/uploads\/2022\/05\/Mecerreyes-Los-Pasos-Viernes-Santo-15-04-2022-18-1080x720.jpg 1080w, https:\/\/www.mecerreyes.com\/mece\/wp-content\/uploads\/2022\/05\/Mecerreyes-Los-Pasos-Viernes-Santo-15-04-2022-18.jpg 1980w\" sizes=\"(max-width: 1024px) 100vw, 1024px\" \/><\/a><\/figure><\/li><li class=\"blocks-gallery-item\"><figure><a  href=\"https:\/\/www.mecerreyes.com\/mece\/wp-content\/uploads\/2022\/05\/Mecerreyes-Los-Pasos-Viernes-Santo-15-04-2022-9-1024x683.jpg\" class=\"thickbox no_icon\" title=\"\"><img loading=\"lazy\" decoding=\"async\" width=\"1024\" height=\"683\" src=\"https:\/\/www.mecerreyes.com\/mece\/wp-content\/uploads\/2022\/05\/Mecerreyes-Los-Pasos-Viernes-Santo-15-04-2022-9-1024x683.jpg\" alt=\"\" data-id=\"21811\" data-link=\"https:\/\/www.mecerreyes.com\/mece\/?attachment_id=21811\" class=\"wp-image-21811\" srcset=\"https:\/\/www.mecerreyes.com\/mece\/wp-content\/uploads\/2022\/05\/Mecerreyes-Los-Pasos-Viernes-Santo-15-04-2022-9-1024x683.jpg 1024w, https:\/\/www.mecerreyes.com\/mece\/wp-content\/uploads\/2022\/05\/Mecerreyes-Los-Pasos-Viernes-Santo-15-04-2022-9-300x200.jpg 300w, https:\/\/www.mecerreyes.com\/mece\/wp-content\/uploads\/2022\/05\/Mecerreyes-Los-Pasos-Viernes-Santo-15-04-2022-9-768x512.jpg 768w, https:\/\/www.mecerreyes.com\/mece\/wp-content\/uploads\/2022\/05\/Mecerreyes-Los-Pasos-Viernes-Santo-15-04-2022-9-1536x1024.jpg 1536w, https:\/\/www.mecerreyes.com\/mece\/wp-content\/uploads\/2022\/05\/Mecerreyes-Los-Pasos-Viernes-Santo-15-04-2022-9-1080x720.jpg 1080w, https:\/\/www.mecerreyes.com\/mece\/wp-content\/uploads\/2022\/05\/Mecerreyes-Los-Pasos-Viernes-Santo-15-04-2022-9.jpg 1980w\" sizes=\"(max-width: 1024px) 100vw, 1024px\" \/><\/a><\/figure><\/li><li class=\"blocks-gallery-item\"><figure><a  href=\"https:\/\/www.mecerreyes.com\/mece\/wp-content\/uploads\/2022\/05\/Mecerreyes-Los-Pasos-Viernes-Santo-15-04-2022-12-1024x683.jpg\" class=\"thickbox no_icon\" title=\"\"><img loading=\"lazy\" decoding=\"async\" width=\"1024\" height=\"683\" src=\"https:\/\/www.mecerreyes.com\/mece\/wp-content\/uploads\/2022\/05\/Mecerreyes-Los-Pasos-Viernes-Santo-15-04-2022-12-1024x683.jpg\" alt=\"\" data-id=\"21814\" data-link=\"https:\/\/www.mecerreyes.com\/mece\/?attachment_id=21814\" class=\"wp-image-21814\" srcset=\"https:\/\/www.mecerreyes.com\/mece\/wp-content\/uploads\/2022\/05\/Mecerreyes-Los-Pasos-Viernes-Santo-15-04-2022-12-1024x683.jpg 1024w, https:\/\/www.mecerreyes.com\/mece\/wp-content\/uploads\/2022\/05\/Mecerreyes-Los-Pasos-Viernes-Santo-15-04-2022-12-300x200.jpg 300w, https:\/\/www.mecerreyes.com\/mece\/wp-content\/uploads\/2022\/05\/Mecerreyes-Los-Pasos-Viernes-Santo-15-04-2022-12-768x512.jpg 768w, https:\/\/www.mecerreyes.com\/mece\/wp-content\/uploads\/2022\/05\/Mecerreyes-Los-Pasos-Viernes-Santo-15-04-2022-12-1536x1024.jpg 1536w, https:\/\/www.mecerreyes.com\/mece\/wp-content\/uploads\/2022\/05\/Mecerreyes-Los-Pasos-Viernes-Santo-15-04-2022-12-1080x720.jpg 1080w, https:\/\/www.mecerreyes.com\/mece\/wp-content\/uploads\/2022\/05\/Mecerreyes-Los-Pasos-Viernes-Santo-15-04-2022-12.jpg 1980w\" sizes=\"(max-width: 1024px) 100vw, 1024px\" \/><\/a><\/figure><\/li><li class=\"blocks-gallery-item\"><figure><a  href=\"https:\/\/www.mecerreyes.com\/mece\/wp-content\/uploads\/2022\/05\/Mecerreyes-Los-Pasos-Viernes-Santo-15-04-2022-16-1024x683.jpg\" class=\"thickbox no_icon\" title=\"\"><img loading=\"lazy\" decoding=\"async\" width=\"1024\" height=\"683\" src=\"https:\/\/www.mecerreyes.com\/mece\/wp-content\/uploads\/2022\/05\/Mecerreyes-Los-Pasos-Viernes-Santo-15-04-2022-16-1024x683.jpg\" alt=\"\" data-id=\"21817\" data-link=\"https:\/\/www.mecerreyes.com\/mece\/?attachment_id=21817\" class=\"wp-image-21817\" srcset=\"https:\/\/www.mecerreyes.com\/mece\/wp-content\/uploads\/2022\/05\/Mecerreyes-Los-Pasos-Viernes-Santo-15-04-2022-16-1024x683.jpg 1024w, https:\/\/www.mecerreyes.com\/mece\/wp-content\/uploads\/2022\/05\/Mecerreyes-Los-Pasos-Viernes-Santo-15-04-2022-16-300x200.jpg 300w, https:\/\/www.mecerreyes.com\/mece\/wp-content\/uploads\/2022\/05\/Mecerreyes-Los-Pasos-Viernes-Santo-15-04-2022-16-768x512.jpg 768w, https:\/\/www.mecerreyes.com\/mece\/wp-content\/uploads\/2022\/05\/Mecerreyes-Los-Pasos-Viernes-Santo-15-04-2022-16-1536x1024.jpg 1536w, https:\/\/www.mecerreyes.com\/mece\/wp-content\/uploads\/2022\/05\/Mecerreyes-Los-Pasos-Viernes-Santo-15-04-2022-16-1080x720.jpg 1080w, https:\/\/www.mecerreyes.com\/mece\/wp-content\/uploads\/2022\/05\/Mecerreyes-Los-Pasos-Viernes-Santo-15-04-2022-16.jpg 1980w\" sizes=\"(max-width: 1024px) 100vw, 1024px\" \/><\/a><\/figure><\/li><li class=\"blocks-gallery-item\"><figure><a  href=\"https:\/\/www.mecerreyes.com\/mece\/wp-content\/uploads\/2022\/05\/Mecerreyes-Los-Pasos-Viernes-Santo-15-04-2022-14-1024x683.jpg\" class=\"thickbox no_icon\" title=\"\"><img loading=\"lazy\" decoding=\"async\" width=\"1024\" height=\"683\" src=\"https:\/\/www.mecerreyes.com\/mece\/wp-content\/uploads\/2022\/05\/Mecerreyes-Los-Pasos-Viernes-Santo-15-04-2022-14-1024x683.jpg\" alt=\"\" data-id=\"21815\" data-link=\"https:\/\/www.mecerreyes.com\/mece\/?attachment_id=21815\" class=\"wp-image-21815\" srcset=\"https:\/\/www.mecerreyes.com\/mece\/wp-content\/uploads\/2022\/05\/Mecerreyes-Los-Pasos-Viernes-Santo-15-04-2022-14-1024x683.jpg 1024w, https:\/\/www.mecerreyes.com\/mece\/wp-content\/uploads\/2022\/05\/Mecerreyes-Los-Pasos-Viernes-Santo-15-04-2022-14-300x200.jpg 300w, https:\/\/www.mecerreyes.com\/mece\/wp-content\/uploads\/2022\/05\/Mecerreyes-Los-Pasos-Viernes-Santo-15-04-2022-14-768x512.jpg 768w, https:\/\/www.mecerreyes.com\/mece\/wp-content\/uploads\/2022\/05\/Mecerreyes-Los-Pasos-Viernes-Santo-15-04-2022-14-1536x1024.jpg 1536w, https:\/\/www.mecerreyes.com\/mece\/wp-content\/uploads\/2022\/05\/Mecerreyes-Los-Pasos-Viernes-Santo-15-04-2022-14-1080x720.jpg 1080w, https:\/\/www.mecerreyes.com\/mece\/wp-content\/uploads\/2022\/05\/Mecerreyes-Los-Pasos-Viernes-Santo-15-04-2022-14.jpg 1980w\" sizes=\"(max-width: 1024px) 100vw, 1024px\" \/><\/a><\/figure><\/li><li class=\"blocks-gallery-item\"><figure><a  href=\"https:\/\/www.mecerreyes.com\/mece\/wp-content\/uploads\/2022\/05\/Mecerreyes-Los-Pasos-Viernes-Santo-15-04-2022-8-1024x683.jpg\" class=\"thickbox no_icon\" title=\"\"><img loading=\"lazy\" decoding=\"async\" width=\"1024\" height=\"683\" src=\"https:\/\/www.mecerreyes.com\/mece\/wp-content\/uploads\/2022\/05\/Mecerreyes-Los-Pasos-Viernes-Santo-15-04-2022-8-1024x683.jpg\" alt=\"\" data-id=\"21810\" data-link=\"https:\/\/www.mecerreyes.com\/mece\/?attachment_id=21810\" class=\"wp-image-21810\" srcset=\"https:\/\/www.mecerreyes.com\/mece\/wp-content\/uploads\/2022\/05\/Mecerreyes-Los-Pasos-Viernes-Santo-15-04-2022-8-1024x683.jpg 1024w, https:\/\/www.mecerreyes.com\/mece\/wp-content\/uploads\/2022\/05\/Mecerreyes-Los-Pasos-Viernes-Santo-15-04-2022-8-300x200.jpg 300w, https:\/\/www.mecerreyes.com\/mece\/wp-content\/uploads\/2022\/05\/Mecerreyes-Los-Pasos-Viernes-Santo-15-04-2022-8-768x512.jpg 768w, https:\/\/www.mecerreyes.com\/mece\/wp-content\/uploads\/2022\/05\/Mecerreyes-Los-Pasos-Viernes-Santo-15-04-2022-8-1536x1024.jpg 1536w, https:\/\/www.mecerreyes.com\/mece\/wp-content\/uploads\/2022\/05\/Mecerreyes-Los-Pasos-Viernes-Santo-15-04-2022-8-1080x720.jpg 1080w, https:\/\/www.mecerreyes.com\/mece\/wp-content\/uploads\/2022\/05\/Mecerreyes-Los-Pasos-Viernes-Santo-15-04-2022-8.jpg 1980w\" sizes=\"(max-width: 1024px) 100vw, 1024px\" \/><\/a><\/figure><\/li><\/ul><\/figure>\n\n\n\n<div style=\"height:75px\" aria-hidden=\"true\" class=\"wp-block-spacer\"><\/div>\n\n\n\n<figure class=\"wp-block-gallery columns-3 is-cropped wp-block-gallery-28 is-layout-flex wp-block-gallery-is-layout-flex\"><ul class=\"blocks-gallery-grid\"><li class=\"blocks-gallery-item\"><figure><a  href=\"https:\/\/www.mecerreyes.com\/mece\/wp-content\/uploads\/2022\/05\/Mecerreyes-Domingo-de-Pascua-Procesi\u00f3n-del-Encuentro-17-04-22-1.jpg\" class=\"thickbox no_icon\" title=\"\"><img loading=\"lazy\" decoding=\"async\" width=\"1024\" height=\"768\" src=\"https:\/\/www.mecerreyes.com\/mece\/wp-content\/uploads\/2022\/05\/Mecerreyes-Domingo-de-Pascua-Procesi\u00f3n-del-Encuentro-17-04-22-1-1024x768.jpg\" alt=\"\" data-id=\"21796\" data-full-url=\"https:\/\/www.mecerreyes.com\/mece\/wp-content\/uploads\/2022\/05\/Mecerreyes-Domingo-de-Pascua-Procesi\u00f3n-del-Encuentro-17-04-22-1.jpg\" data-link=\"https:\/\/www.mecerreyes.com\/mece\/?attachment_id=21796\" class=\"wp-image-21796\" srcset=\"https:\/\/www.mecerreyes.com\/mece\/wp-content\/uploads\/2022\/05\/Mecerreyes-Domingo-de-Pascua-Procesi\u00f3n-del-Encuentro-17-04-22-1-1024x768.jpg 1024w, https:\/\/www.mecerreyes.com\/mece\/wp-content\/uploads\/2022\/05\/Mecerreyes-Domingo-de-Pascua-Procesi\u00f3n-del-Encuentro-17-04-22-1-300x225.jpg 300w, https:\/\/www.mecerreyes.com\/mece\/wp-content\/uploads\/2022\/05\/Mecerreyes-Domingo-de-Pascua-Procesi\u00f3n-del-Encuentro-17-04-22-1-768x576.jpg 768w, https:\/\/www.mecerreyes.com\/mece\/wp-content\/uploads\/2022\/05\/Mecerreyes-Domingo-de-Pascua-Procesi\u00f3n-del-Encuentro-17-04-22-1-1080x810.jpg 1080w, https:\/\/www.mecerreyes.com\/mece\/wp-content\/uploads\/2022\/05\/Mecerreyes-Domingo-de-Pascua-Procesi\u00f3n-del-Encuentro-17-04-22-1.jpg 1417w\" sizes=\"(max-width: 1024px) 100vw, 1024px\" \/><\/a><\/figure><\/li><li class=\"blocks-gallery-item\"><figure><a  href=\"https:\/\/www.mecerreyes.com\/mece\/wp-content\/uploads\/2022\/05\/Mecerreyes-Domingo-de-Pascua-Procesi\u00f3n-del-Encuentro-17-04-22-2.jpg\" class=\"thickbox no_icon\" title=\"\"><img loading=\"lazy\" decoding=\"async\" width=\"768\" height=\"1024\" src=\"https:\/\/www.mecerreyes.com\/mece\/wp-content\/uploads\/2022\/05\/Mecerreyes-Domingo-de-Pascua-Procesi\u00f3n-del-Encuentro-17-04-22-2-768x1024.jpg\" alt=\"\" data-id=\"21797\" data-full-url=\"https:\/\/www.mecerreyes.com\/mece\/wp-content\/uploads\/2022\/05\/Mecerreyes-Domingo-de-Pascua-Procesi\u00f3n-del-Encuentro-17-04-22-2.jpg\" data-link=\"https:\/\/www.mecerreyes.com\/mece\/?attachment_id=21797\" class=\"wp-image-21797\" srcset=\"https:\/\/www.mecerreyes.com\/mece\/wp-content\/uploads\/2022\/05\/Mecerreyes-Domingo-de-Pascua-Procesi\u00f3n-del-Encuentro-17-04-22-2-768x1024.jpg 768w, https:\/\/www.mecerreyes.com\/mece\/wp-content\/uploads\/2022\/05\/Mecerreyes-Domingo-de-Pascua-Procesi\u00f3n-del-Encuentro-17-04-22-2-225x300.jpg 225w, https:\/\/www.mecerreyes.com\/mece\/wp-content\/uploads\/2022\/05\/Mecerreyes-Domingo-de-Pascua-Procesi\u00f3n-del-Encuentro-17-04-22-2-1152x1536.jpg 1152w, https:\/\/www.mecerreyes.com\/mece\/wp-content\/uploads\/2022\/05\/Mecerreyes-Domingo-de-Pascua-Procesi\u00f3n-del-Encuentro-17-04-22-2-1080x1441.jpg 1080w, https:\/\/www.mecerreyes.com\/mece\/wp-content\/uploads\/2022\/05\/Mecerreyes-Domingo-de-Pascua-Procesi\u00f3n-del-Encuentro-17-04-22-2.jpg 1417w\" sizes=\"(max-width: 768px) 100vw, 768px\" \/><\/a><\/figure><\/li><li class=\"blocks-gallery-item\"><figure><a  href=\"https:\/\/www.mecerreyes.com\/mece\/wp-content\/uploads\/2022\/05\/Mecerreyes-Domingo-de-Pascua-Procesi\u00f3n-del-Encuentro-17-04-22-3.jpg\" class=\"thickbox no_icon\" title=\"\"><img loading=\"lazy\" decoding=\"async\" width=\"768\" height=\"1024\" src=\"https:\/\/www.mecerreyes.com\/mece\/wp-content\/uploads\/2022\/05\/Mecerreyes-Domingo-de-Pascua-Procesi\u00f3n-del-Encuentro-17-04-22-3-768x1024.jpg\" alt=\"\" data-id=\"21798\" data-full-url=\"https:\/\/www.mecerreyes.com\/mece\/wp-content\/uploads\/2022\/05\/Mecerreyes-Domingo-de-Pascua-Procesi\u00f3n-del-Encuentro-17-04-22-3.jpg\" data-link=\"https:\/\/www.mecerreyes.com\/mece\/?attachment_id=21798\" class=\"wp-image-21798\" srcset=\"https:\/\/www.mecerreyes.com\/mece\/wp-content\/uploads\/2022\/05\/Mecerreyes-Domingo-de-Pascua-Procesi\u00f3n-del-Encuentro-17-04-22-3-768x1024.jpg 768w, https:\/\/www.mecerreyes.com\/mece\/wp-content\/uploads\/2022\/05\/Mecerreyes-Domingo-de-Pascua-Procesi\u00f3n-del-Encuentro-17-04-22-3-225x300.jpg 225w, https:\/\/www.mecerreyes.com\/mece\/wp-content\/uploads\/2022\/05\/Mecerreyes-Domingo-de-Pascua-Procesi\u00f3n-del-Encuentro-17-04-22-3-1152x1536.jpg 1152w, https:\/\/www.mecerreyes.com\/mece\/wp-content\/uploads\/2022\/05\/Mecerreyes-Domingo-de-Pascua-Procesi\u00f3n-del-Encuentro-17-04-22-3-1080x1441.jpg 1080w, https:\/\/www.mecerreyes.com\/mece\/wp-content\/uploads\/2022\/05\/Mecerreyes-Domingo-de-Pascua-Procesi\u00f3n-del-Encuentro-17-04-22-3.jpg 1417w\" sizes=\"(max-width: 768px) 100vw, 768px\" \/><\/a><\/figure><\/li><li class=\"blocks-gallery-item\"><figure><a  href=\"https:\/\/www.mecerreyes.com\/mece\/wp-content\/uploads\/2022\/05\/Mecerreyes-Domingo-de-Pascua-Procesi\u00f3n-del-Encuentro-17-04-22-4.jpg\" class=\"thickbox no_icon\" title=\"\"><img loading=\"lazy\" decoding=\"async\" width=\"768\" height=\"1024\" src=\"https:\/\/www.mecerreyes.com\/mece\/wp-content\/uploads\/2022\/05\/Mecerreyes-Domingo-de-Pascua-Procesi\u00f3n-del-Encuentro-17-04-22-4-768x1024.jpg\" alt=\"\" data-id=\"21799\" data-full-url=\"https:\/\/www.mecerreyes.com\/mece\/wp-content\/uploads\/2022\/05\/Mecerreyes-Domingo-de-Pascua-Procesi\u00f3n-del-Encuentro-17-04-22-4.jpg\" data-link=\"https:\/\/www.mecerreyes.com\/mece\/?attachment_id=21799\" class=\"wp-image-21799\" srcset=\"https:\/\/www.mecerreyes.com\/mece\/wp-content\/uploads\/2022\/05\/Mecerreyes-Domingo-de-Pascua-Procesi\u00f3n-del-Encuentro-17-04-22-4-768x1024.jpg 768w, https:\/\/www.mecerreyes.com\/mece\/wp-content\/uploads\/2022\/05\/Mecerreyes-Domingo-de-Pascua-Procesi\u00f3n-del-Encuentro-17-04-22-4-225x300.jpg 225w, https:\/\/www.mecerreyes.com\/mece\/wp-content\/uploads\/2022\/05\/Mecerreyes-Domingo-de-Pascua-Procesi\u00f3n-del-Encuentro-17-04-22-4-1152x1536.jpg 1152w, https:\/\/www.mecerreyes.com\/mece\/wp-content\/uploads\/2022\/05\/Mecerreyes-Domingo-de-Pascua-Procesi\u00f3n-del-Encuentro-17-04-22-4-1080x1441.jpg 1080w, https:\/\/www.mecerreyes.com\/mece\/wp-content\/uploads\/2022\/05\/Mecerreyes-Domingo-de-Pascua-Procesi\u00f3n-del-Encuentro-17-04-22-4.jpg 1417w\" sizes=\"(max-width: 768px) 100vw, 768px\" \/><\/a><\/figure><\/li><li class=\"blocks-gallery-item\"><figure><a  href=\"https:\/\/www.mecerreyes.com\/mece\/wp-content\/uploads\/2022\/05\/Mecerreyes-Domingo-de-Pascua-Procesi\u00f3n-del-Encuentro-17-04-22-5.jpg\" class=\"thickbox no_icon\" title=\"\"><img loading=\"lazy\" decoding=\"async\" width=\"1024\" height=\"768\" src=\"https:\/\/www.mecerreyes.com\/mece\/wp-content\/uploads\/2022\/05\/Mecerreyes-Domingo-de-Pascua-Procesi\u00f3n-del-Encuentro-17-04-22-5-1024x768.jpg\" alt=\"\" data-id=\"21800\" data-full-url=\"https:\/\/www.mecerreyes.com\/mece\/wp-content\/uploads\/2022\/05\/Mecerreyes-Domingo-de-Pascua-Procesi\u00f3n-del-Encuentro-17-04-22-5.jpg\" data-link=\"https:\/\/www.mecerreyes.com\/mece\/?attachment_id=21800\" class=\"wp-image-21800\" srcset=\"https:\/\/www.mecerreyes.com\/mece\/wp-content\/uploads\/2022\/05\/Mecerreyes-Domingo-de-Pascua-Procesi\u00f3n-del-Encuentro-17-04-22-5-1024x768.jpg 1024w, https:\/\/www.mecerreyes.com\/mece\/wp-content\/uploads\/2022\/05\/Mecerreyes-Domingo-de-Pascua-Procesi\u00f3n-del-Encuentro-17-04-22-5-300x225.jpg 300w, https:\/\/www.mecerreyes.com\/mece\/wp-content\/uploads\/2022\/05\/Mecerreyes-Domingo-de-Pascua-Procesi\u00f3n-del-Encuentro-17-04-22-5-768x576.jpg 768w, https:\/\/www.mecerreyes.com\/mece\/wp-content\/uploads\/2022\/05\/Mecerreyes-Domingo-de-Pascua-Procesi\u00f3n-del-Encuentro-17-04-22-5-1080x810.jpg 1080w, https:\/\/www.mecerreyes.com\/mece\/wp-content\/uploads\/2022\/05\/Mecerreyes-Domingo-de-Pascua-Procesi\u00f3n-del-Encuentro-17-04-22-5.jpg 1417w\" sizes=\"(max-width: 1024px) 100vw, 1024px\" \/><\/a><\/figure><\/li><li class=\"blocks-gallery-item\"><figure><a  href=\"https:\/\/www.mecerreyes.com\/mece\/wp-content\/uploads\/2022\/05\/Mecerreyes-Domingo-de-Pascua-Procesi\u00f3n-del-Encuentro-17-04-22-6.jpg\" class=\"thickbox no_icon\" title=\"\"><img loading=\"lazy\" decoding=\"async\" width=\"1024\" height=\"768\" src=\"https:\/\/www.mecerreyes.com\/mece\/wp-content\/uploads\/2022\/05\/Mecerreyes-Domingo-de-Pascua-Procesi\u00f3n-del-Encuentro-17-04-22-6-1024x768.jpg\" alt=\"\" data-id=\"21801\" data-full-url=\"https:\/\/www.mecerreyes.com\/mece\/wp-content\/uploads\/2022\/05\/Mecerreyes-Domingo-de-Pascua-Procesi\u00f3n-del-Encuentro-17-04-22-6.jpg\" data-link=\"https:\/\/www.mecerreyes.com\/mece\/?attachment_id=21801\" class=\"wp-image-21801\" srcset=\"https:\/\/www.mecerreyes.com\/mece\/wp-content\/uploads\/2022\/05\/Mecerreyes-Domingo-de-Pascua-Procesi\u00f3n-del-Encuentro-17-04-22-6-1024x768.jpg 1024w, https:\/\/www.mecerreyes.com\/mece\/wp-content\/uploads\/2022\/05\/Mecerreyes-Domingo-de-Pascua-Procesi\u00f3n-del-Encuentro-17-04-22-6-300x225.jpg 300w, https:\/\/www.mecerreyes.com\/mece\/wp-content\/uploads\/2022\/05\/Mecerreyes-Domingo-de-Pascua-Procesi\u00f3n-del-Encuentro-17-04-22-6-768x576.jpg 768w, https:\/\/www.mecerreyes.com\/mece\/wp-content\/uploads\/2022\/05\/Mecerreyes-Domingo-de-Pascua-Procesi\u00f3n-del-Encuentro-17-04-22-6-1080x810.jpg 1080w, https:\/\/www.mecerreyes.com\/mece\/wp-content\/uploads\/2022\/05\/Mecerreyes-Domingo-de-Pascua-Procesi\u00f3n-del-Encuentro-17-04-22-6.jpg 1417w\" sizes=\"(max-width: 1024px) 100vw, 1024px\" \/><\/a><\/figure><\/li><\/ul><\/figure>\n\n\n\n<div style=\"height:74px\" aria-hidden=\"true\" class=\"wp-block-spacer\"><\/div>\n\n\n\n<figure class=\"wp-block-gallery columns-2 is-cropped wp-block-gallery-29 is-layout-flex wp-block-gallery-is-layout-flex\"><ul class=\"blocks-gallery-grid\"><li class=\"blocks-gallery-item\"><figure><a  href=\"https:\/\/www.mecerreyes.com\/mece\/wp-content\/uploads\/2022\/05\/Mecerreyes-abril-2022-9-1024x576.jpeg\" class=\"thickbox no_icon\" title=\"\"><img loading=\"lazy\" decoding=\"async\" width=\"1024\" height=\"576\" src=\"https:\/\/www.mecerreyes.com\/mece\/wp-content\/uploads\/2022\/05\/Mecerreyes-abril-2022-9-1024x576.jpeg\" alt=\"\" data-id=\"21828\" data-link=\"https:\/\/www.mecerreyes.com\/mece\/?attachment_id=21828\" class=\"wp-image-21828\" srcset=\"https:\/\/www.mecerreyes.com\/mece\/wp-content\/uploads\/2022\/05\/Mecerreyes-abril-2022-9-1024x576.jpeg 1024w, https:\/\/www.mecerreyes.com\/mece\/wp-content\/uploads\/2022\/05\/Mecerreyes-abril-2022-9-300x169.jpeg 300w, https:\/\/www.mecerreyes.com\/mece\/wp-content\/uploads\/2022\/05\/Mecerreyes-abril-2022-9-768x432.jpeg 768w, https:\/\/www.mecerreyes.com\/mece\/wp-content\/uploads\/2022\/05\/Mecerreyes-abril-2022-9-1536x864.jpeg 1536w, https:\/\/www.mecerreyes.com\/mece\/wp-content\/uploads\/2022\/05\/Mecerreyes-abril-2022-9-1080x608.jpeg 1080w, https:\/\/www.mecerreyes.com\/mece\/wp-content\/uploads\/2022\/05\/Mecerreyes-abril-2022-9.jpeg 2000w\" sizes=\"(max-width: 1024px) 100vw, 1024px\" \/><\/a><\/figure><\/li><li class=\"blocks-gallery-item\"><figure><a  href=\"https:\/\/www.mecerreyes.com\/mece\/wp-content\/uploads\/2022\/05\/Mecerreyes-abril-2022-2-1024x576.jpeg\" class=\"thickbox no_icon\" title=\"\"><img loading=\"lazy\" decoding=\"async\" width=\"1024\" height=\"576\" src=\"https:\/\/www.mecerreyes.com\/mece\/wp-content\/uploads\/2022\/05\/Mecerreyes-abril-2022-2-1024x576.jpeg\" alt=\"\" data-id=\"21829\" data-link=\"https:\/\/www.mecerreyes.com\/mece\/?attachment_id=21829\" class=\"wp-image-21829\" srcset=\"https:\/\/www.mecerreyes.com\/mece\/wp-content\/uploads\/2022\/05\/Mecerreyes-abril-2022-2-1024x576.jpeg 1024w, https:\/\/www.mecerreyes.com\/mece\/wp-content\/uploads\/2022\/05\/Mecerreyes-abril-2022-2-300x169.jpeg 300w, https:\/\/www.mecerreyes.com\/mece\/wp-content\/uploads\/2022\/05\/Mecerreyes-abril-2022-2-768x432.jpeg 768w, https:\/\/www.mecerreyes.com\/mece\/wp-content\/uploads\/2022\/05\/Mecerreyes-abril-2022-2-1536x864.jpeg 1536w, https:\/\/www.mecerreyes.com\/mece\/wp-content\/uploads\/2022\/05\/Mecerreyes-abril-2022-2-1080x608.jpeg 1080w, https:\/\/www.mecerreyes.com\/mece\/wp-content\/uploads\/2022\/05\/Mecerreyes-abril-2022-2.jpeg 2000w\" sizes=\"(max-width: 1024px) 100vw, 1024px\" \/><\/a><\/figure><\/li><li class=\"blocks-gallery-item\"><figure><a  href=\"https:\/\/www.mecerreyes.com\/mece\/wp-content\/uploads\/2022\/05\/Mecerreyes-abril-2022-3-1024x576.jpeg\" class=\"thickbox no_icon\" title=\"\"><img loading=\"lazy\" decoding=\"async\" width=\"1024\" height=\"576\" src=\"https:\/\/www.mecerreyes.com\/mece\/wp-content\/uploads\/2022\/05\/Mecerreyes-abril-2022-3-1024x576.jpeg\" alt=\"\" data-id=\"21830\" data-link=\"https:\/\/www.mecerreyes.com\/mece\/?attachment_id=21830\" class=\"wp-image-21830\" srcset=\"https:\/\/www.mecerreyes.com\/mece\/wp-content\/uploads\/2022\/05\/Mecerreyes-abril-2022-3-1024x576.jpeg 1024w, https:\/\/www.mecerreyes.com\/mece\/wp-content\/uploads\/2022\/05\/Mecerreyes-abril-2022-3-300x169.jpeg 300w, https:\/\/www.mecerreyes.com\/mece\/wp-content\/uploads\/2022\/05\/Mecerreyes-abril-2022-3-768x432.jpeg 768w, https:\/\/www.mecerreyes.com\/mece\/wp-content\/uploads\/2022\/05\/Mecerreyes-abril-2022-3-1536x864.jpeg 1536w, https:\/\/www.mecerreyes.com\/mece\/wp-content\/uploads\/2022\/05\/Mecerreyes-abril-2022-3-1080x608.jpeg 1080w, https:\/\/www.mecerreyes.com\/mece\/wp-content\/uploads\/2022\/05\/Mecerreyes-abril-2022-3.jpeg 1600w\" sizes=\"(max-width: 1024px) 100vw, 1024px\" \/><\/a><\/figure><\/li><li class=\"blocks-gallery-item\"><figure><a  href=\"https:\/\/www.mecerreyes.com\/mece\/wp-content\/uploads\/2022\/05\/Mecerreyes-abril-2022.jpeg\" class=\"thickbox no_icon\" title=\"\"><img loading=\"lazy\" decoding=\"async\" width=\"1024\" height=\"768\" src=\"https:\/\/www.mecerreyes.com\/mece\/wp-content\/uploads\/2022\/05\/Mecerreyes-abril-2022-1024x768.jpeg\" alt=\"\" data-id=\"21848\" data-full-url=\"https:\/\/www.mecerreyes.com\/mece\/wp-content\/uploads\/2022\/05\/Mecerreyes-abril-2022.jpeg\" data-link=\"https:\/\/www.mecerreyes.com\/mece\/?attachment_id=21848\" class=\"wp-image-21848\" srcset=\"https:\/\/www.mecerreyes.com\/mece\/wp-content\/uploads\/2022\/05\/Mecerreyes-abril-2022-1024x768.jpeg 1024w, https:\/\/www.mecerreyes.com\/mece\/wp-content\/uploads\/2022\/05\/Mecerreyes-abril-2022-300x225.jpeg 300w, https:\/\/www.mecerreyes.com\/mece\/wp-content\/uploads\/2022\/05\/Mecerreyes-abril-2022-768x576.jpeg 768w, https:\/\/www.mecerreyes.com\/mece\/wp-content\/uploads\/2022\/05\/Mecerreyes-abril-2022-1536x1152.jpeg 1536w, https:\/\/www.mecerreyes.com\/mece\/wp-content\/uploads\/2022\/05\/Mecerreyes-abril-2022-1080x810.jpeg 1080w, https:\/\/www.mecerreyes.com\/mece\/wp-content\/uploads\/2022\/05\/Mecerreyes-abril-2022.jpeg 2000w\" sizes=\"(max-width: 1024px) 100vw, 1024px\" \/><\/a><\/figure><\/li><li class=\"blocks-gallery-item\"><figure><a  href=\"https:\/\/www.mecerreyes.com\/mece\/wp-content\/uploads\/2022\/05\/Mecerreyes-abril-2022-8-768x1024.jpeg\" class=\"thickbox no_icon\" title=\"\"><img loading=\"lazy\" decoding=\"async\" width=\"768\" height=\"1024\" src=\"https:\/\/www.mecerreyes.com\/mece\/wp-content\/uploads\/2022\/05\/Mecerreyes-abril-2022-8-768x1024.jpeg\" alt=\"\" data-id=\"21832\" data-link=\"https:\/\/www.mecerreyes.com\/mece\/?attachment_id=21832\" class=\"wp-image-21832\" srcset=\"https:\/\/www.mecerreyes.com\/mece\/wp-content\/uploads\/2022\/05\/Mecerreyes-abril-2022-8-768x1024.jpeg 768w, https:\/\/www.mecerreyes.com\/mece\/wp-content\/uploads\/2022\/05\/Mecerreyes-abril-2022-8-225x300.jpeg 225w, https:\/\/www.mecerreyes.com\/mece\/wp-content\/uploads\/2022\/05\/Mecerreyes-abril-2022-8-1152x1536.jpeg 1152w, https:\/\/www.mecerreyes.com\/mece\/wp-content\/uploads\/2022\/05\/Mecerreyes-abril-2022-8-1080x1440.jpeg 1080w, https:\/\/www.mecerreyes.com\/mece\/wp-content\/uploads\/2022\/05\/Mecerreyes-abril-2022-8.jpeg 1413w\" sizes=\"(max-width: 768px) 100vw, 768px\" \/><\/a><\/figure><\/li><\/ul><\/figure>\n\n\n\n<figure class=\"wp-block-gallery columns-0 is-cropped wp-block-gallery-30 is-layout-flex wp-block-gallery-is-layout-flex\"><ul class=\"blocks-gallery-grid\"><\/ul><\/figure>","protected":false},"excerpt":{"rendered":"<p>ABRIL 2022 Hemos dicho adi\u00f3s a un mes primaveral que nos ha regalado encuentros y preciosas fotograf\u00edas que inmortalizan el verdor del paisaje salpicado de flores, y los momentos vividos en Mecerreyes. Mes de cagarrias, de acumular le\u00f1a para los d\u00edas de fr\u00edo, hasta la nieve nos visit\u00f3 el d\u00eda 23, calles llenas de coches [&hellip;]<\/p>\n","protected":false},"author":5,"featured_media":21831,"comment_status":"open","ping_status":"closed","sticky":false,"template":"","format":"standard","meta":{"_et_pb_use_builder":"","_et_pb_old_content":"","_et_gb_content_width":"","footnotes":""},"categories":[1],"tags":[],"class_list":["post-21784","post","type-post","status-publish","format-standard","has-post-thumbnail","hentry","category-general","et-has-post-format-content","et_post_format-et-post-format-standard"],"_links":{"self":[{"href":"https:\/\/www.mecerreyes.com\/mece\/index.php?rest_route=\/wp\/v2\/posts\/21784"}],"collection":[{"href":"https:\/\/www.mecerreyes.com\/mece\/index.php?rest_route=\/wp\/v2\/posts"}],"about":[{"href":"https:\/\/www.mecerreyes.com\/mece\/index.php?rest_route=\/wp\/v2\/types\/post"}],"author":[{"embeddable":true,"href":"https:\/\/www.mecerreyes.com\/mece\/index.php?rest_route=\/wp\/v2\/users\/5"}],"replies":[{"embeddable":true,"href":"https:\/\/www.mecerreyes.com\/mece\/index.php?rest_route=%2Fwp%2Fv2%2Fcomments&post=21784"}],"version-history":[{"count":17,"href":"https:\/\/www.mecerreyes.com\/mece\/index.php?rest_route=\/wp\/v2\/posts\/21784\/revisions"}],"predecessor-version":[{"id":21874,"href":"https:\/\/www.mecerreyes.com\/mece\/index.php?rest_route=\/wp\/v2\/posts\/21784\/revisions\/21874"}],"wp:featuredmedia":[{"embeddable":true,"href":"https:\/\/www.mecerreyes.com\/mece\/index.php?rest_route=\/wp\/v2\/media\/21831"}],"wp:attachment":[{"href":"https:\/\/www.mecerreyes.com\/mece\/index.php?rest_route=%2Fwp%2Fv2%2Fmedia&parent=21784"}],"wp:term":[{"taxonomy":"category","embeddable":true,"href":"https:\/\/www.mecerreyes.com\/mece\/index.php?rest_route=%2Fwp%2Fv2%2Fcategories&post=21784"},{"taxonomy":"post_tag","embeddable":true,"href":"https:\/\/www.mecerreyes.com\/mece\/index.php?rest_route=%2Fwp%2Fv2%2Ftags&post=21784"}],"curies":[{"name":"wp","href":"https:\/\/api.w.org\/{rel}","templated":true}]}}