{"id":22675,"date":"2022-11-07T19:46:55","date_gmt":"2022-11-07T18:46:55","guid":{"rendered":"http:\/\/www.mecerreyes.com\/mece\/?p=22675"},"modified":"2022-11-07T19:46:55","modified_gmt":"2022-11-07T18:46:55","slug":"noticias-octubre-2022","status":"publish","type":"post","link":"https:\/\/www.mecerreyes.com\/mece\/?p=22675","title":{"rendered":"Noticias octubre 2022"},"content":{"rendered":"<p><strong>OCTUBRE 2022<\/strong><\/p>\n\n\n\n<p class=\"has-normal-font-size\">Decimos adi\u00f3s a un mes de octubre lleno de planes, luces y sombras, instalados en la rutina del trabajo, del estudio o del merecido descanso de la jubilaci\u00f3n, pero en cualquiera de los casos con la mirada puesta en hacer pueblo o disfrutar de \u00e9l, aunque sea s\u00f3lo los fines de semana.<\/p>\n\n\n\n<p class=\"has-normal-font-size\"><strong>La Asociaci\u00f3n Cultural Mecerreyes<\/strong> se convierte en Gu\u00eda de la ruta de las esculturas de gran formato de \u00c1ngel Gil. <br><span class=\"has-inline-color has-very-dark-gray-color\">Ya puedes reservar tu visita gratuita en:<\/span><br><span class=\"has-inline-color has-vivid-red-color\">entumochila@adecoar.com, en el tel\u00e9fono 947 177 016 o preguntando en el pueblo a cualquiera de la Asociaci\u00f3n Cultural<\/span>.<\/p>\n\n\n\n<figure class=\"wp-block-gallery columns-1 is-cropped wp-block-gallery-1 is-layout-flex wp-block-gallery-is-layout-flex\"><ul class=\"blocks-gallery-grid\"><li class=\"blocks-gallery-item\"><figure><a  href=\"https:\/\/www.mecerreyes.com\/mece\/wp-content\/uploads\/2022\/11\/Arlanza-en-tu-mochila-a.jpeg\" class=\"thickbox no_icon\" title=\"\"><img loading=\"lazy\" decoding=\"async\" width=\"731\" height=\"1024\" src=\"https:\/\/www.mecerreyes.com\/mece\/wp-content\/uploads\/2022\/11\/Arlanza-en-tu-mochila-a-731x1024.jpeg\" alt=\"\" data-id=\"22683\" data-full-url=\"https:\/\/www.mecerreyes.com\/mece\/wp-content\/uploads\/2022\/11\/Arlanza-en-tu-mochila-a.jpeg\" data-link=\"https:\/\/www.mecerreyes.com\/mece\/?attachment_id=22683\" class=\"wp-image-22683\" srcset=\"https:\/\/www.mecerreyes.com\/mece\/wp-content\/uploads\/2022\/11\/Arlanza-en-tu-mochila-a-731x1024.jpeg 731w, https:\/\/www.mecerreyes.com\/mece\/wp-content\/uploads\/2022\/11\/Arlanza-en-tu-mochila-a-214x300.jpeg 214w, https:\/\/www.mecerreyes.com\/mece\/wp-content\/uploads\/2022\/11\/Arlanza-en-tu-mochila-a-768x1076.jpeg 768w, https:\/\/www.mecerreyes.com\/mece\/wp-content\/uploads\/2022\/11\/Arlanza-en-tu-mochila-a.jpeg 886w\" sizes=\"(max-width: 731px) 100vw, 731px\" \/><\/a><\/figure><\/li><li class=\"blocks-gallery-item\"><figure><a  href=\"https:\/\/www.mecerreyes.com\/mece\/wp-content\/uploads\/2022\/11\/Arlanza-en-tu-mochila-b.jpeg\" class=\"thickbox no_icon\" title=\"\"><img loading=\"lazy\" decoding=\"async\" width=\"731\" height=\"1024\" src=\"https:\/\/www.mecerreyes.com\/mece\/wp-content\/uploads\/2022\/11\/Arlanza-en-tu-mochila-b-731x1024.jpeg\" alt=\"\" data-id=\"22682\" data-full-url=\"https:\/\/www.mecerreyes.com\/mece\/wp-content\/uploads\/2022\/11\/Arlanza-en-tu-mochila-b.jpeg\" data-link=\"https:\/\/www.mecerreyes.com\/mece\/?attachment_id=22682\" class=\"wp-image-22682\" srcset=\"https:\/\/www.mecerreyes.com\/mece\/wp-content\/uploads\/2022\/11\/Arlanza-en-tu-mochila-b-731x1024.jpeg 731w, https:\/\/www.mecerreyes.com\/mece\/wp-content\/uploads\/2022\/11\/Arlanza-en-tu-mochila-b-214x300.jpeg 214w, https:\/\/www.mecerreyes.com\/mece\/wp-content\/uploads\/2022\/11\/Arlanza-en-tu-mochila-b-768x1076.jpeg 768w, https:\/\/www.mecerreyes.com\/mece\/wp-content\/uploads\/2022\/11\/Arlanza-en-tu-mochila-b.jpeg 886w\" sizes=\"(max-width: 731px) 100vw, 731px\" \/><\/a><\/figure><\/li><\/ul><\/figure>\n\n\n\n<p>El Fog\u00f3n Guileto, las bodegas y los locales de <a  href=\"https:\/\/www.mecerreyes.com\/mece\/?page_id=268\">pe\u00f1as<\/a> y cuadrillas, son el punto de encuentro para compartir un buen rato al estar cerrado a\u00fan el Bar la Villa. El 2-11-2022 se publica en el Bolet\u00edn Oficial de la Provincia de Burgos:<\/p>\n\n\n\n<p style=\"font-size:14px\"><em><span class=\"has-inline-color has-vivid-purple-color\">Arrendamiento del local situado en la planta baja del edificio sito en la calle Do\u00f1a Urraca, 45, para destinarlo a taberna, bien calificado como patrimonial, durante un a\u00f1o, prorrogable por otro m\u00e1s. Como elemento accesorio, el adjudicatario tendr\u00e1 derecho (opcional) al arrendamiento de la planta segunda del citado inmueble, con destino a vivienda, arrendamiento \u00e9ste vinculado al arrendamiento y explotaci\u00f3n de la taberna, principal objeto del contrato.<\/span><\/em><\/p>\n\n\n\n<figure class=\"wp-block-gallery columns-1 is-cropped wp-block-gallery-2 is-layout-flex wp-block-gallery-is-layout-flex\"><ul class=\"blocks-gallery-grid\"><li class=\"blocks-gallery-item\"><figure><a  href=\"https:\/\/www.mecerreyes.com\/mece\/wp-content\/uploads\/2022\/11\/BOP-2-11-2022-alquiler-Bar-Villa-Mecerreyes.jpg\" class=\"thickbox no_icon\" title=\"\"><img loading=\"lazy\" decoding=\"async\" width=\"744\" height=\"563\" src=\"https:\/\/www.mecerreyes.com\/mece\/wp-content\/uploads\/2022\/11\/BOP-2-11-2022-alquiler-Bar-Villa-Mecerreyes.jpg\" alt=\"\" data-id=\"22730\" data-full-url=\"https:\/\/www.mecerreyes.com\/mece\/wp-content\/uploads\/2022\/11\/BOP-2-11-2022-alquiler-Bar-Villa-Mecerreyes.jpg\" data-link=\"https:\/\/www.mecerreyes.com\/mece\/?attachment_id=22730\" class=\"wp-image-22730\" srcset=\"https:\/\/www.mecerreyes.com\/mece\/wp-content\/uploads\/2022\/11\/BOP-2-11-2022-alquiler-Bar-Villa-Mecerreyes.jpg 744w, https:\/\/www.mecerreyes.com\/mece\/wp-content\/uploads\/2022\/11\/BOP-2-11-2022-alquiler-Bar-Villa-Mecerreyes-300x227.jpg 300w\" sizes=\"(max-width: 744px) 100vw, 744px\" \/><\/a><\/figure><\/li><\/ul><\/figure>\n\n\n\n<div style=\"height:49px\" aria-hidden=\"true\" class=\"wp-block-spacer\"><\/div>\n\n\n\n<p><strong>La Asociaci\u00f3n Cultural Amigos del Mustaky (ACAM)<\/strong> prepara un taller cient\u00edfico para el 12 de noviembre. <\/p>\n\n\n\n<figure class=\"wp-block-gallery columns-1 is-cropped wp-block-gallery-3 is-layout-flex wp-block-gallery-is-layout-flex\"><ul class=\"blocks-gallery-grid\"><li class=\"blocks-gallery-item\"><figure><a  href=\"https:\/\/www.mecerreyes.com\/mece\/wp-content\/uploads\/2022\/11\/II-Taller-Cient\u00edfico-Mecerreyes-12-11-2022.jpg\" class=\"thickbox no_icon\" title=\"\"><img loading=\"lazy\" decoding=\"async\" width=\"737\" height=\"1024\" src=\"https:\/\/www.mecerreyes.com\/mece\/wp-content\/uploads\/2022\/11\/II-Taller-Cient\u00edfico-Mecerreyes-12-11-2022-737x1024.jpg\" alt=\"\" data-id=\"22684\" data-full-url=\"https:\/\/www.mecerreyes.com\/mece\/wp-content\/uploads\/2022\/11\/II-Taller-Cient\u00edfico-Mecerreyes-12-11-2022.jpg\" data-link=\"https:\/\/www.mecerreyes.com\/mece\/?attachment_id=22684\" class=\"wp-image-22684\" srcset=\"https:\/\/www.mecerreyes.com\/mece\/wp-content\/uploads\/2022\/11\/II-Taller-Cient\u00edfico-Mecerreyes-12-11-2022-737x1024.jpg 737w, https:\/\/www.mecerreyes.com\/mece\/wp-content\/uploads\/2022\/11\/II-Taller-Cient\u00edfico-Mecerreyes-12-11-2022-216x300.jpg 216w, https:\/\/www.mecerreyes.com\/mece\/wp-content\/uploads\/2022\/11\/II-Taller-Cient\u00edfico-Mecerreyes-12-11-2022-768x1067.jpg 768w, https:\/\/www.mecerreyes.com\/mece\/wp-content\/uploads\/2022\/11\/II-Taller-Cient\u00edfico-Mecerreyes-12-11-2022-1105x1536.jpg 1105w, https:\/\/www.mecerreyes.com\/mece\/wp-content\/uploads\/2022\/11\/II-Taller-Cient\u00edfico-Mecerreyes-12-11-2022-1080x1501.jpg 1080w, https:\/\/www.mecerreyes.com\/mece\/wp-content\/uploads\/2022\/11\/II-Taller-Cient\u00edfico-Mecerreyes-12-11-2022.jpg 1170w\" sizes=\"(max-width: 737px) 100vw, 737px\" \/><\/a><\/figure><\/li><\/ul><\/figure>\n\n\n\n<div style=\"height:26px\" aria-hidden=\"true\" class=\"wp-block-spacer\"><\/div>\n\n\n\n<p>El <strong><a  href=\"https:\/\/www.mecerreyes.com\/mece\/?page_id=797\">Mes\u00f3n de Frutos<\/a><\/strong> complementa la jornada de cuantos visitan Mecerreyes o deciden celebrar reuniones familiares. <\/p>\n\n\n\n<figure class=\"wp-block-gallery columns-1 is-cropped wp-block-gallery-4 is-layout-flex wp-block-gallery-is-layout-flex\"><ul class=\"blocks-gallery-grid\"><li class=\"blocks-gallery-item\"><figure><img loading=\"lazy\" decoding=\"async\" width=\"700\" height=\"319\" src=\"http:\/\/www.mecerreyes.com\/mece\/wp-content\/uploads\/2014\/04\/Mecerreyes-Mes\u00f3n-Frutos-2014.jpg\" alt=\"\" data-id=\"8713\" data-full-url=\"http:\/\/www.mecerreyes.com\/mece\/wp-content\/uploads\/2014\/04\/Mecerreyes-Mes\u00f3n-Frutos-2014.jpg\" data-link=\"http:\/\/www.mecerreyes.com\/mece\/?attachment_id=8713\" class=\"wp-image-8713\" srcset=\"https:\/\/www.mecerreyes.com\/mece\/wp-content\/uploads\/2014\/04\/Mecerreyes-Mes\u00f3n-Frutos-2014.jpg 700w, https:\/\/www.mecerreyes.com\/mece\/wp-content\/uploads\/2014\/04\/Mecerreyes-Mes\u00f3n-Frutos-2014-300x136.jpg 300w\" sizes=\"(max-width: 700px) 100vw, 700px\" \/><\/figure><\/li><\/ul><\/figure>\n\n\n\n<div style=\"height:43px\" aria-hidden=\"true\" class=\"wp-block-spacer\"><\/div>\n\n\n\n<p>El <strong>C.D.Mecerreyes<\/strong> ha arrancado la temporada lleno de energ\u00eda, estrenando nueva equipaci\u00f3n (gracias a <strong>GONDIPLAS <\/strong>S.L)  y sumando hinchas que vitorean sus pases de bal\u00f3n o presumen de bufanda\u00a0en el estadio Santiago Bernab\u00e9u como Hugo (nieto de Zacar\u00edas) en el partido del Real Madrid-Sevilla el pasado 22 de octubre. <\/p>\n\n\n\n<figure class=\"wp-block-gallery columns-2 is-cropped wp-block-gallery-5 is-layout-flex wp-block-gallery-is-layout-flex\"><ul class=\"blocks-gallery-grid\"><li class=\"blocks-gallery-item\"><figure><a  href=\"https:\/\/www.mecerreyes.com\/mece\/?attachment_id=22690\"><img loading=\"lazy\" decoding=\"async\" width=\"1024\" height=\"768\" src=\"https:\/\/www.mecerreyes.com\/mece\/wp-content\/uploads\/2022\/11\/Hugo-con-la-Bufanda-de-C.D.Mecerreyes-en-el-Estadio-del-Real-Madrid-Bernabeu-octubre-2022-1024x768.jpeg\" alt=\"\" data-id=\"22690\" data-link=\"https:\/\/www.mecerreyes.com\/mece\/?attachment_id=22690\" class=\"wp-image-22690\" srcset=\"https:\/\/www.mecerreyes.com\/mece\/wp-content\/uploads\/2022\/11\/Hugo-con-la-Bufanda-de-C.D.Mecerreyes-en-el-Estadio-del-Real-Madrid-Bernabeu-octubre-2022-1024x768.jpeg 1024w, https:\/\/www.mecerreyes.com\/mece\/wp-content\/uploads\/2022\/11\/Hugo-con-la-Bufanda-de-C.D.Mecerreyes-en-el-Estadio-del-Real-Madrid-Bernabeu-octubre-2022-300x225.jpeg 300w, https:\/\/www.mecerreyes.com\/mece\/wp-content\/uploads\/2022\/11\/Hugo-con-la-Bufanda-de-C.D.Mecerreyes-en-el-Estadio-del-Real-Madrid-Bernabeu-octubre-2022-768x576.jpeg 768w, https:\/\/www.mecerreyes.com\/mece\/wp-content\/uploads\/2022\/11\/Hugo-con-la-Bufanda-de-C.D.Mecerreyes-en-el-Estadio-del-Real-Madrid-Bernabeu-octubre-2022-1536x1152.jpeg 1536w, https:\/\/www.mecerreyes.com\/mece\/wp-content\/uploads\/2022\/11\/Hugo-con-la-Bufanda-de-C.D.Mecerreyes-en-el-Estadio-del-Real-Madrid-Bernabeu-octubre-2022-1080x810.jpeg 1080w, https:\/\/www.mecerreyes.com\/mece\/wp-content\/uploads\/2022\/11\/Hugo-con-la-Bufanda-de-C.D.Mecerreyes-en-el-Estadio-del-Real-Madrid-Bernabeu-octubre-2022.jpeg 2048w\" sizes=\"(max-width: 1024px) 100vw, 1024px\" \/><\/a><\/figure><\/li><li class=\"blocks-gallery-item\"><figure><a  href=\"https:\/\/www.mecerreyes.com\/mece\/?attachment_id=22689\"><img loading=\"lazy\" decoding=\"async\" width=\"1024\" height=\"768\" src=\"https:\/\/www.mecerreyes.com\/mece\/wp-content\/uploads\/2022\/11\/C.D.Mecerreyes-Equipacion-Gondipl\u00e1s-SL-1024x768.jpeg\" alt=\"\" data-id=\"22689\" data-link=\"https:\/\/www.mecerreyes.com\/mece\/?attachment_id=22689\" class=\"wp-image-22689\" srcset=\"https:\/\/www.mecerreyes.com\/mece\/wp-content\/uploads\/2022\/11\/C.D.Mecerreyes-Equipacion-Gondipl\u00e1s-SL-1024x768.jpeg 1024w, https:\/\/www.mecerreyes.com\/mece\/wp-content\/uploads\/2022\/11\/C.D.Mecerreyes-Equipacion-Gondipl\u00e1s-SL-300x225.jpeg 300w, https:\/\/www.mecerreyes.com\/mece\/wp-content\/uploads\/2022\/11\/C.D.Mecerreyes-Equipacion-Gondipl\u00e1s-SL-768x576.jpeg 768w, https:\/\/www.mecerreyes.com\/mece\/wp-content\/uploads\/2022\/11\/C.D.Mecerreyes-Equipacion-Gondipl\u00e1s-SL-1536x1152.jpeg 1536w, https:\/\/www.mecerreyes.com\/mece\/wp-content\/uploads\/2022\/11\/C.D.Mecerreyes-Equipacion-Gondipl\u00e1s-SL-1080x810.jpeg 1080w, https:\/\/www.mecerreyes.com\/mece\/wp-content\/uploads\/2022\/11\/C.D.Mecerreyes-Equipacion-Gondipl\u00e1s-SL.jpeg 1600w\" sizes=\"(max-width: 1024px) 100vw, 1024px\" \/><\/a><\/figure><\/li><li class=\"blocks-gallery-item\"><figure><a  href=\"https:\/\/www.mecerreyes.com\/mece\/?attachment_id=22691\"><img loading=\"lazy\" decoding=\"async\" width=\"1024\" height=\"768\" src=\"https:\/\/www.mecerreyes.com\/mece\/wp-content\/uploads\/2022\/11\/C.D.Mecerreyes-Equipacion-Gondipl\u00e1s-SL-a-1024x768.jpeg\" alt=\"\" data-id=\"22691\" data-link=\"https:\/\/www.mecerreyes.com\/mece\/?attachment_id=22691\" class=\"wp-image-22691\" srcset=\"https:\/\/www.mecerreyes.com\/mece\/wp-content\/uploads\/2022\/11\/C.D.Mecerreyes-Equipacion-Gondipl\u00e1s-SL-a-1024x768.jpeg 1024w, https:\/\/www.mecerreyes.com\/mece\/wp-content\/uploads\/2022\/11\/C.D.Mecerreyes-Equipacion-Gondipl\u00e1s-SL-a-300x225.jpeg 300w, https:\/\/www.mecerreyes.com\/mece\/wp-content\/uploads\/2022\/11\/C.D.Mecerreyes-Equipacion-Gondipl\u00e1s-SL-a-768x576.jpeg 768w, https:\/\/www.mecerreyes.com\/mece\/wp-content\/uploads\/2022\/11\/C.D.Mecerreyes-Equipacion-Gondipl\u00e1s-SL-a-1536x1152.jpeg 1536w, https:\/\/www.mecerreyes.com\/mece\/wp-content\/uploads\/2022\/11\/C.D.Mecerreyes-Equipacion-Gondipl\u00e1s-SL-a-1080x810.jpeg 1080w, https:\/\/www.mecerreyes.com\/mece\/wp-content\/uploads\/2022\/11\/C.D.Mecerreyes-Equipacion-Gondipl\u00e1s-SL-a.jpeg 1600w\" sizes=\"(max-width: 1024px) 100vw, 1024px\" \/><\/a><\/figure><\/li><li class=\"blocks-gallery-item\"><figure><a  href=\"https:\/\/www.mecerreyes.com\/mece\/?attachment_id=22692\"><img loading=\"lazy\" decoding=\"async\" width=\"1024\" height=\"768\" src=\"https:\/\/www.mecerreyes.com\/mece\/wp-content\/uploads\/2022\/11\/C.D.Mecerreyes-Equipacion-Gondipl\u00e1s-SL-b-1024x768.jpeg\" alt=\"\" data-id=\"22692\" data-link=\"https:\/\/www.mecerreyes.com\/mece\/?attachment_id=22692\" class=\"wp-image-22692\" srcset=\"https:\/\/www.mecerreyes.com\/mece\/wp-content\/uploads\/2022\/11\/C.D.Mecerreyes-Equipacion-Gondipl\u00e1s-SL-b-1024x768.jpeg 1024w, https:\/\/www.mecerreyes.com\/mece\/wp-content\/uploads\/2022\/11\/C.D.Mecerreyes-Equipacion-Gondipl\u00e1s-SL-b-300x225.jpeg 300w, https:\/\/www.mecerreyes.com\/mece\/wp-content\/uploads\/2022\/11\/C.D.Mecerreyes-Equipacion-Gondipl\u00e1s-SL-b-768x576.jpeg 768w, https:\/\/www.mecerreyes.com\/mece\/wp-content\/uploads\/2022\/11\/C.D.Mecerreyes-Equipacion-Gondipl\u00e1s-SL-b-1536x1152.jpeg 1536w, https:\/\/www.mecerreyes.com\/mece\/wp-content\/uploads\/2022\/11\/C.D.Mecerreyes-Equipacion-Gondipl\u00e1s-SL-b-1080x810.jpeg 1080w, https:\/\/www.mecerreyes.com\/mece\/wp-content\/uploads\/2022\/11\/C.D.Mecerreyes-Equipacion-Gondipl\u00e1s-SL-b.jpeg 1600w\" sizes=\"(max-width: 1024px) 100vw, 1024px\" \/><\/a><\/figure><\/li><li class=\"blocks-gallery-item\"><figure><a  href=\"https:\/\/www.mecerreyes.com\/mece\/?attachment_id=22731\"><img loading=\"lazy\" decoding=\"async\" width=\"934\" height=\"660\" src=\"https:\/\/www.mecerreyes.com\/mece\/wp-content\/uploads\/2022\/11\/C.D.Mecerreyes-Equipacion-Gondipl\u00e1s-SL-c.jpeg\" alt=\"\" data-id=\"22731\" data-full-url=\"https:\/\/www.mecerreyes.com\/mece\/wp-content\/uploads\/2022\/11\/C.D.Mecerreyes-Equipacion-Gondipl\u00e1s-SL-c.jpeg\" data-link=\"https:\/\/www.mecerreyes.com\/mece\/?attachment_id=22731\" class=\"wp-image-22731\" srcset=\"https:\/\/www.mecerreyes.com\/mece\/wp-content\/uploads\/2022\/11\/C.D.Mecerreyes-Equipacion-Gondipl\u00e1s-SL-c.jpeg 934w, https:\/\/www.mecerreyes.com\/mece\/wp-content\/uploads\/2022\/11\/C.D.Mecerreyes-Equipacion-Gondipl\u00e1s-SL-c-300x212.jpeg 300w, https:\/\/www.mecerreyes.com\/mece\/wp-content\/uploads\/2022\/11\/C.D.Mecerreyes-Equipacion-Gondipl\u00e1s-SL-c-768x543.jpeg 768w, https:\/\/www.mecerreyes.com\/mece\/wp-content\/uploads\/2022\/11\/C.D.Mecerreyes-Equipacion-Gondipl\u00e1s-SL-c-400x284.jpeg 400w\" sizes=\"(max-width: 934px) 100vw, 934px\" \/><\/a><\/figure><\/li><\/ul><\/figure>\n\n\n\n<div style=\"height:36px\" aria-hidden=\"true\" class=\"wp-block-spacer\"><\/div>\n\n\n\n<p>Nuestro grupo de <strong>Facebook Mecerreyes<\/strong> sigue sumando amigos (687)<\/p>\n\n\n\n<p>La misa diaria es un punto de encuentro no solo espiritual, significa\u00a0 tambi\u00e9n saber si los habituales est\u00e1n bien o necesitan ayuda, ya que en nuestra comunidad\u00a0siempre hay personas comprometidas en darse a los dem\u00e1s.<\/p>\n\n\n\n<div class=\"wp-block-image\"><figure class=\"aligncenter size-large is-resized\"><img loading=\"lazy\" decoding=\"async\" src=\"http:\/\/www.mecerreyes.com\/mece\/wp-content\/uploads\/2022\/10\/Mecerreyes-septiembre-2022-2-715x1024.jpeg\" alt=\"\" class=\"wp-image-22647\" width=\"320\" height=\"458\" srcset=\"https:\/\/www.mecerreyes.com\/mece\/wp-content\/uploads\/2022\/10\/Mecerreyes-septiembre-2022-2-715x1024.jpeg 715w, https:\/\/www.mecerreyes.com\/mece\/wp-content\/uploads\/2022\/10\/Mecerreyes-septiembre-2022-2-209x300.jpeg 209w, https:\/\/www.mecerreyes.com\/mece\/wp-content\/uploads\/2022\/10\/Mecerreyes-septiembre-2022-2-768x1100.jpeg 768w, https:\/\/www.mecerreyes.com\/mece\/wp-content\/uploads\/2022\/10\/Mecerreyes-septiembre-2022-2-1072x1536.jpeg 1072w, https:\/\/www.mecerreyes.com\/mece\/wp-content\/uploads\/2022\/10\/Mecerreyes-septiembre-2022-2-1080x1547.jpeg 1080w, https:\/\/www.mecerreyes.com\/mece\/wp-content\/uploads\/2022\/10\/Mecerreyes-septiembre-2022-2.jpeg 1117w\" sizes=\"(max-width: 320px) 100vw, 320px\" \/><\/figure><\/div>\n\n\n\n<div style=\"height:22px\" aria-hidden=\"true\" class=\"wp-block-spacer\"><\/div>\n\n\n\n<p>La climatolog\u00eda ha permitido dejar madurar en la huerta, tomates, sand\u00edas y pimientos hasta final de mes, llenamos la despensa de patatas y manzanas, las escasas lluvias han hecho asomar los primeros brotes de lo sembrado cambiando de nuevo el color del paisaje. \u00a0<\/p>\n\n\n\n<figure class=\"wp-block-gallery columns-2 is-cropped wp-block-gallery-6 is-layout-flex wp-block-gallery-is-layout-flex\"><ul class=\"blocks-gallery-grid\"><li class=\"blocks-gallery-item\"><figure><a  href=\"https:\/\/www.mecerreyes.com\/mece\/wp-content\/uploads\/2022\/11\/Mecerreyes-tomate-768x1024.jpeg\" class=\"thickbox no_icon\" title=\"\"><img loading=\"lazy\" decoding=\"async\" width=\"768\" height=\"1024\" src=\"https:\/\/www.mecerreyes.com\/mece\/wp-content\/uploads\/2022\/11\/Mecerreyes-tomate-768x1024.jpeg\" alt=\"\" data-id=\"22693\" data-link=\"https:\/\/www.mecerreyes.com\/mece\/?attachment_id=22693\" class=\"wp-image-22693\" srcset=\"https:\/\/www.mecerreyes.com\/mece\/wp-content\/uploads\/2022\/11\/Mecerreyes-tomate-768x1024.jpeg 768w, https:\/\/www.mecerreyes.com\/mece\/wp-content\/uploads\/2022\/11\/Mecerreyes-tomate-225x300.jpeg 225w, https:\/\/www.mecerreyes.com\/mece\/wp-content\/uploads\/2022\/11\/Mecerreyes-tomate-1152x1536.jpeg 1152w, https:\/\/www.mecerreyes.com\/mece\/wp-content\/uploads\/2022\/11\/Mecerreyes-tomate-1080x1440.jpeg 1080w, https:\/\/www.mecerreyes.com\/mece\/wp-content\/uploads\/2022\/11\/Mecerreyes-tomate.jpeg 1512w\" sizes=\"(max-width: 768px) 100vw, 768px\" \/><\/a><\/figure><\/li><li class=\"blocks-gallery-item\"><figure><a  href=\"https:\/\/www.mecerreyes.com\/mece\/wp-content\/uploads\/2022\/11\/Mecerreyes-sand\u00eda-1024x577.jpeg\" class=\"thickbox no_icon\" title=\"\"><img loading=\"lazy\" decoding=\"async\" width=\"1024\" height=\"577\" src=\"https:\/\/www.mecerreyes.com\/mece\/wp-content\/uploads\/2022\/11\/Mecerreyes-sand\u00eda-1024x577.jpeg\" alt=\"\" data-id=\"22694\" data-link=\"https:\/\/www.mecerreyes.com\/mece\/?attachment_id=22694\" class=\"wp-image-22694\" srcset=\"https:\/\/www.mecerreyes.com\/mece\/wp-content\/uploads\/2022\/11\/Mecerreyes-sand\u00eda-1024x577.jpeg 1024w, https:\/\/www.mecerreyes.com\/mece\/wp-content\/uploads\/2022\/11\/Mecerreyes-sand\u00eda-300x169.jpeg 300w, https:\/\/www.mecerreyes.com\/mece\/wp-content\/uploads\/2022\/11\/Mecerreyes-sand\u00eda-768x432.jpeg 768w, https:\/\/www.mecerreyes.com\/mece\/wp-content\/uploads\/2022\/11\/Mecerreyes-sand\u00eda-1536x865.jpeg 1536w, https:\/\/www.mecerreyes.com\/mece\/wp-content\/uploads\/2022\/11\/Mecerreyes-sand\u00eda-1080x608.jpeg 1080w, https:\/\/www.mecerreyes.com\/mece\/wp-content\/uploads\/2022\/11\/Mecerreyes-sand\u00eda.jpeg 2048w\" sizes=\"(max-width: 1024px) 100vw, 1024px\" \/><\/a><\/figure><\/li><li class=\"blocks-gallery-item\"><figure><a  href=\"https:\/\/www.mecerreyes.com\/mece\/wp-content\/uploads\/2022\/11\/Mecerreyes-recogida-de-manzanas-oct-22-b.jpg\" class=\"thickbox no_icon\" title=\"\"><img loading=\"lazy\" decoding=\"async\" width=\"569\" height=\"1024\" src=\"https:\/\/www.mecerreyes.com\/mece\/wp-content\/uploads\/2022\/11\/Mecerreyes-recogida-de-manzanas-oct-22-b-569x1024.jpg\" alt=\"\" data-id=\"22695\" data-full-url=\"https:\/\/www.mecerreyes.com\/mece\/wp-content\/uploads\/2022\/11\/Mecerreyes-recogida-de-manzanas-oct-22-b.jpg\" data-link=\"https:\/\/www.mecerreyes.com\/mece\/?attachment_id=22695\" class=\"wp-image-22695\" srcset=\"https:\/\/www.mecerreyes.com\/mece\/wp-content\/uploads\/2022\/11\/Mecerreyes-recogida-de-manzanas-oct-22-b-569x1024.jpg 569w, https:\/\/www.mecerreyes.com\/mece\/wp-content\/uploads\/2022\/11\/Mecerreyes-recogida-de-manzanas-oct-22-b-167x300.jpg 167w, https:\/\/www.mecerreyes.com\/mece\/wp-content\/uploads\/2022\/11\/Mecerreyes-recogida-de-manzanas-oct-22-b-768x1382.jpg 768w, https:\/\/www.mecerreyes.com\/mece\/wp-content\/uploads\/2022\/11\/Mecerreyes-recogida-de-manzanas-oct-22-b-853x1536.jpg 853w, https:\/\/www.mecerreyes.com\/mece\/wp-content\/uploads\/2022\/11\/Mecerreyes-recogida-de-manzanas-oct-22-b.jpg 960w\" sizes=\"(max-width: 569px) 100vw, 569px\" \/><\/a><\/figure><\/li><li class=\"blocks-gallery-item\"><figure><a  href=\"https:\/\/www.mecerreyes.com\/mece\/wp-content\/uploads\/2022\/11\/Mecerreyes-recogida-de-manzanas-oct-22-a.jpg\" class=\"thickbox no_icon\" title=\"\"><img loading=\"lazy\" decoding=\"async\" width=\"569\" height=\"1024\" src=\"https:\/\/www.mecerreyes.com\/mece\/wp-content\/uploads\/2022\/11\/Mecerreyes-recogida-de-manzanas-oct-22-a-569x1024.jpg\" alt=\"\" data-id=\"22696\" data-full-url=\"https:\/\/www.mecerreyes.com\/mece\/wp-content\/uploads\/2022\/11\/Mecerreyes-recogida-de-manzanas-oct-22-a.jpg\" data-link=\"https:\/\/www.mecerreyes.com\/mece\/?attachment_id=22696\" class=\"wp-image-22696\" srcset=\"https:\/\/www.mecerreyes.com\/mece\/wp-content\/uploads\/2022\/11\/Mecerreyes-recogida-de-manzanas-oct-22-a-569x1024.jpg 569w, https:\/\/www.mecerreyes.com\/mece\/wp-content\/uploads\/2022\/11\/Mecerreyes-recogida-de-manzanas-oct-22-a-167x300.jpg 167w, https:\/\/www.mecerreyes.com\/mece\/wp-content\/uploads\/2022\/11\/Mecerreyes-recogida-de-manzanas-oct-22-a-768x1382.jpg 768w, https:\/\/www.mecerreyes.com\/mece\/wp-content\/uploads\/2022\/11\/Mecerreyes-recogida-de-manzanas-oct-22-a-853x1536.jpg 853w, https:\/\/www.mecerreyes.com\/mece\/wp-content\/uploads\/2022\/11\/Mecerreyes-recogida-de-manzanas-oct-22-a.jpg 960w\" sizes=\"(max-width: 569px) 100vw, 569px\" \/><\/a><\/figure><\/li><\/ul><\/figure>\n\n\n\n<div style=\"height:50px\" aria-hidden=\"true\" class=\"wp-block-spacer\"><\/div>\n\n\n\n<p style=\"font-size:22px\" class=\"has-background has-luminous-vivid-amber-background-color\"><strong>EFEM\u00c9RIDES<\/strong><\/p>\n\n\n\n<ul class=\"wp-block-list\"><li>El 1, D\u00eda Internacional de las Personas Mayores.<\/li><li>El 2, D\u00eda Internacional de la No Violencia.<\/li><li>El 4, D\u00eda Mundial de los Animales.<\/li><li>El 6, D\u00eda Internacional del Agua.<\/li><li>El 10, D\u00eda Mundial de la Salud Mental<\/li><li><strong>El 12, D\u00eda de la Hispanidad<\/strong>.<\/li><li>El 15, D\u00eda Internacional de las Mujeres Rurales.<\/li><li>El 17, D\u00eda Internacional de la eliminaci\u00f3n de la pobreza.<\/li><li>El 19, D\u00eda Mundial contra el C\u00e1ncer.<\/li><li>El 21, D\u00eda Mundial del Ahorro de Energ\u00eda.<\/li><li>El 23, D\u00eda Mundial del M\u00e9dico.<\/li><li>El 24, Creaci\u00f3n de las Naciones Unidas.<\/li><li>El 31, D\u00eda Universal del Ahorro- Halloween<\/li><\/ul>\n\n\n\n<figure class=\"wp-block-gallery columns-1 is-cropped wp-block-gallery-7 is-layout-flex wp-block-gallery-is-layout-flex\"><ul class=\"blocks-gallery-grid\"><li class=\"blocks-gallery-item\"><figure><a  href=\"https:\/\/www.mecerreyes.com\/mece\/wp-content\/uploads\/2022\/11\/Mecerreyes-octubre-2022-bodegas.jpeg\" class=\"thickbox no_icon\" title=\"\"><img loading=\"lazy\" decoding=\"async\" width=\"1024\" height=\"576\" src=\"https:\/\/www.mecerreyes.com\/mece\/wp-content\/uploads\/2022\/11\/Mecerreyes-octubre-2022-bodegas-1024x576.jpeg\" alt=\"\" data-id=\"22697\" data-full-url=\"https:\/\/www.mecerreyes.com\/mece\/wp-content\/uploads\/2022\/11\/Mecerreyes-octubre-2022-bodegas.jpeg\" data-link=\"https:\/\/www.mecerreyes.com\/mece\/?attachment_id=22697\" class=\"wp-image-22697\" srcset=\"https:\/\/www.mecerreyes.com\/mece\/wp-content\/uploads\/2022\/11\/Mecerreyes-octubre-2022-bodegas-1024x576.jpeg 1024w, https:\/\/www.mecerreyes.com\/mece\/wp-content\/uploads\/2022\/11\/Mecerreyes-octubre-2022-bodegas-300x169.jpeg 300w, https:\/\/www.mecerreyes.com\/mece\/wp-content\/uploads\/2022\/11\/Mecerreyes-octubre-2022-bodegas-768x432.jpeg 768w, https:\/\/www.mecerreyes.com\/mece\/wp-content\/uploads\/2022\/11\/Mecerreyes-octubre-2022-bodegas-1536x864.jpeg 1536w, https:\/\/www.mecerreyes.com\/mece\/wp-content\/uploads\/2022\/11\/Mecerreyes-octubre-2022-bodegas-1080x608.jpeg 1080w, https:\/\/www.mecerreyes.com\/mece\/wp-content\/uploads\/2022\/11\/Mecerreyes-octubre-2022-bodegas.jpeg 1600w\" sizes=\"(max-width: 1024px) 100vw, 1024px\" \/><\/a><\/figure><\/li><\/ul><\/figure>\n\n\n\n<div style=\"height:53px\" aria-hidden=\"true\" class=\"wp-block-spacer\"><\/div>\n\n\n\n<p style=\"font-size:22px\" class=\"has-background has-luminous-vivid-amber-background-color\"><strong>RECORTES DE PRENSA<\/strong><\/p>\n\n\n\n<p>Es un logro que cada mes el nombre de Mecerreyes sea noticia de inter\u00e9s para la prensa, bien por nuevas iniciativas pol\u00edticas, culturales o porque alguno de nuestros guiletos sea protagonista o colabore activamente en la noticia.<\/p>\n\n\n\n<p>Desde el orgullo por estos logros, las recogemos en esta secci\u00f3n.<\/p>\n\n\n\n<p>Felicitamos una vez m\u00e1s a la <strong>Asociaci\u00f3n Cultural<\/strong> <strong>Mecerreyes<\/strong> por colaborar tan desinteresadamente en el proyecto \u201c<strong>Arlanza en tu mochila\u201d<\/strong>, que sin duda acercar\u00e1 hasta Mecerreyes a muchos visitantes \u00e1vidos de conocer nuestro patrimonio cultural. <\/p>\n\n\n\n<figure class=\"wp-block-gallery columns-1 is-cropped wp-block-gallery-8 is-layout-flex wp-block-gallery-is-layout-flex\"><ul class=\"blocks-gallery-grid\"><li class=\"blocks-gallery-item\"><figure><a  href=\"https:\/\/www.mecerreyes.com\/mece\/wp-content\/uploads\/2022\/11\/Diario-de-Burgos-Arlanza-en-su-mochila.jpeg\" class=\"thickbox no_icon\" title=\"\"><img loading=\"lazy\" decoding=\"async\" width=\"629\" height=\"1024\" src=\"https:\/\/www.mecerreyes.com\/mece\/wp-content\/uploads\/2022\/11\/Diario-de-Burgos-Arlanza-en-su-mochila-629x1024.jpeg\" alt=\"\" data-id=\"22698\" data-full-url=\"https:\/\/www.mecerreyes.com\/mece\/wp-content\/uploads\/2022\/11\/Diario-de-Burgos-Arlanza-en-su-mochila.jpeg\" data-link=\"https:\/\/www.mecerreyes.com\/mece\/?attachment_id=22698\" class=\"wp-image-22698\" srcset=\"https:\/\/www.mecerreyes.com\/mece\/wp-content\/uploads\/2022\/11\/Diario-de-Burgos-Arlanza-en-su-mochila-629x1024.jpeg 629w, https:\/\/www.mecerreyes.com\/mece\/wp-content\/uploads\/2022\/11\/Diario-de-Burgos-Arlanza-en-su-mochila-184x300.jpeg 184w, https:\/\/www.mecerreyes.com\/mece\/wp-content\/uploads\/2022\/11\/Diario-de-Burgos-Arlanza-en-su-mochila-768x1251.jpeg 768w, https:\/\/www.mecerreyes.com\/mece\/wp-content\/uploads\/2022\/11\/Diario-de-Burgos-Arlanza-en-su-mochila.jpeg 899w\" sizes=\"(max-width: 629px) 100vw, 629px\" \/><\/a><\/figure><\/li><\/ul><\/figure>\n\n\n\n<div style=\"height:48px\" aria-hidden=\"true\" class=\"wp-block-spacer\"><\/div>\n\n\n\n<p>Felicitamos a <strong>Alicia Alonso<\/strong> Gerente de Cines Van Golem, por su tes\u00f3n en mantener este espacio de ocio y cultura a pesar de las m\u00faltiples dificultades que ha atravesado el sector (plataformas digitales, h\u00e1bitos del espectador o la pandemia)\u00a0Van <span class=\"has-inline-color has-very-dark-gray-color\">Golem cumple 30 a\u00f1os y est\u00e1n a punto de conseguir<\/span> los 6 millones de espectadores. <\/p>\n\n\n\n<p style=\"font-size:14px\"><em><span class=\"has-inline-color has-vivid-red-color\">Pincha sobre la siguiente imagen para leer el art\u00edculo completo de Diario de Burgos:<\/span><\/em><\/p>\n\n\n\n<figure class=\"wp-block-image size-large\"><a  href=\"https:\/\/www.diariodeburgos.es\/Noticia\/Z3DDA62F0-0795-3182-F0303ADC12FDC42A\/202210\/Van-Golem-sumara-6-millones-de-espectadores-en-30-anos-de-cine\" target=\"_blank\" rel=\"noopener noreferrer\"><img loading=\"lazy\" decoding=\"async\" width=\"807\" height=\"813\" src=\"https:\/\/www.mecerreyes.com\/mece\/wp-content\/uploads\/2022\/11\/Alicia-Alonso-gerente-de-Van-Golem-en-Diario-de-Burgos-octubre-2022-1.jpg\" alt=\"\" class=\"wp-image-22702\" srcset=\"https:\/\/www.mecerreyes.com\/mece\/wp-content\/uploads\/2022\/11\/Alicia-Alonso-gerente-de-Van-Golem-en-Diario-de-Burgos-octubre-2022-1.jpg 807w, https:\/\/www.mecerreyes.com\/mece\/wp-content\/uploads\/2022\/11\/Alicia-Alonso-gerente-de-Van-Golem-en-Diario-de-Burgos-octubre-2022-1-298x300.jpg 298w, https:\/\/www.mecerreyes.com\/mece\/wp-content\/uploads\/2022\/11\/Alicia-Alonso-gerente-de-Van-Golem-en-Diario-de-Burgos-octubre-2022-1-150x150.jpg 150w, https:\/\/www.mecerreyes.com\/mece\/wp-content\/uploads\/2022\/11\/Alicia-Alonso-gerente-de-Van-Golem-en-Diario-de-Burgos-octubre-2022-1-768x774.jpg 768w\" sizes=\"(max-width: 807px) 100vw, 807px\" \/><\/a><\/figure>\n\n\n\n<div style=\"height:46px\" aria-hidden=\"true\" class=\"wp-block-spacer\"><\/div>\n\n\n\n<p>Felicitamos a <strong>Jos\u00e9 Manuel Gonz\u00e1lez<\/strong> tanto en su faceta empresarial como en la filantr\u00f3pica.<\/p>\n\n\n\n<p>Diario de Burgos recordaba este mes que Castilla Florister\u00eda recibi\u00f3 el premio a la sostenibilidad e innovaci\u00f3n que otorga la C\u00e1mara de Comercio en la edici\u00f3n 2021. <\/p>\n\n\n\n<figure class=\"wp-block-gallery columns-1 is-cropped wp-block-gallery-9 is-layout-flex wp-block-gallery-is-layout-flex\"><ul class=\"blocks-gallery-grid\"><li class=\"blocks-gallery-item\"><figure><a  href=\"https:\/\/www.mecerreyes.com\/mece\/wp-content\/uploads\/2022\/11\/Diario-de-Burgos.jpeg\" class=\"thickbox no_icon\" title=\"\"><img loading=\"lazy\" decoding=\"async\" width=\"653\" height=\"803\" src=\"https:\/\/www.mecerreyes.com\/mece\/wp-content\/uploads\/2022\/11\/Diario-de-Burgos.jpeg\" alt=\"\" data-id=\"22704\" data-full-url=\"https:\/\/www.mecerreyes.com\/mece\/wp-content\/uploads\/2022\/11\/Diario-de-Burgos.jpeg\" data-link=\"https:\/\/www.mecerreyes.com\/mece\/?attachment_id=22704\" class=\"wp-image-22704\" srcset=\"https:\/\/www.mecerreyes.com\/mece\/wp-content\/uploads\/2022\/11\/Diario-de-Burgos.jpeg 653w, https:\/\/www.mecerreyes.com\/mece\/wp-content\/uploads\/2022\/11\/Diario-de-Burgos-244x300.jpeg 244w\" sizes=\"(max-width: 653px) 100vw, 653px\" \/><\/a><\/figure><\/li><\/ul><\/figure>\n\n\n\n<p>El pasado 15 de octubre ve\u00edamos de nuevo a Jos\u00e9 Manuel en la prensa, presentando un nuevo proyecto de colaboraci\u00f3n entre la Universidad de Burgos y el Rotary Club al que pertenece. Pretenden crear una c\u00e1tedra sobre la \u201cpolio en el siglo XXI\u201d.<\/p>\n\n\n\n<p>Rotary Club tiene entre sus objetivos erradicar la polio en todo el mundo mediante la distribuci\u00f3n de vacunas, tambi\u00e9n tienen un plan de ayuda alimentaria a la fundaci\u00f3n Juan So\u00f1ador (de los Salesianos). Su lema es \u201c<strong>llegar a donde se les necesite<\/strong>\u201d, y este a\u00f1o han incluido entre sus acciones la de ayudar a reforestar la comarca del Arlanza tras el incendio del pasado verano. <\/p>\n\n\n\n<figure class=\"wp-block-gallery columns-1 is-cropped wp-block-gallery-10 is-layout-flex wp-block-gallery-is-layout-flex\"><ul class=\"blocks-gallery-grid\"><li class=\"blocks-gallery-item\"><figure><a  href=\"https:\/\/www.mecerreyes.com\/mece\/wp-content\/uploads\/2022\/11\/Diario-de-Burgos-Rotarios.jpeg\" class=\"thickbox no_icon\" title=\"\"><img loading=\"lazy\" decoding=\"async\" width=\"1024\" height=\"894\" src=\"https:\/\/www.mecerreyes.com\/mece\/wp-content\/uploads\/2022\/11\/Diario-de-Burgos-Rotarios-1024x894.jpeg\" alt=\"\" data-id=\"22705\" data-full-url=\"https:\/\/www.mecerreyes.com\/mece\/wp-content\/uploads\/2022\/11\/Diario-de-Burgos-Rotarios.jpeg\" data-link=\"https:\/\/www.mecerreyes.com\/mece\/?attachment_id=22705\" class=\"wp-image-22705\" srcset=\"https:\/\/www.mecerreyes.com\/mece\/wp-content\/uploads\/2022\/11\/Diario-de-Burgos-Rotarios-1024x894.jpeg 1024w, https:\/\/www.mecerreyes.com\/mece\/wp-content\/uploads\/2022\/11\/Diario-de-Burgos-Rotarios-300x262.jpeg 300w, https:\/\/www.mecerreyes.com\/mece\/wp-content\/uploads\/2022\/11\/Diario-de-Burgos-Rotarios-768x671.jpeg 768w, https:\/\/www.mecerreyes.com\/mece\/wp-content\/uploads\/2022\/11\/Diario-de-Burgos-Rotarios.jpeg 1080w\" sizes=\"(max-width: 1024px) 100vw, 1024px\" \/><\/a><\/figure><\/li><\/ul><\/figure>\n\n\n\n<div style=\"height:58px\" aria-hidden=\"true\" class=\"wp-block-spacer\"><\/div>\n\n\n\n<p><strong>DANIEL CUBILLA BONNETIER<\/strong>\u00a0 imparti\u00f3 los d\u00edas 6 y 14 de octubre unas charlas sobre la Dislexia, promovidas por la Asociaci\u00f3n\u00a0 Dislexia Burgos que preside la guileta, <strong>Silvia Gonz\u00e1lez D\u00edez<\/strong>.<\/p>\n\n\n\n<p>Este interesante evento tuvo lugar en la sala de prensa de la Fundaci\u00f3n C\u00edrculo sita en Plaza de Espa\u00f1a, 3 donde todos los interesados y afectados\u00a0 pudieron conectar con el ponente, nuestro querido guileto <strong>Daniel Cubilla<\/strong>. <\/p>\n\n\n\n<figure class=\"wp-block-gallery columns-1 is-cropped wp-block-gallery-11 is-layout-flex wp-block-gallery-is-layout-flex\"><ul class=\"blocks-gallery-grid\"><li class=\"blocks-gallery-item\"><figure><img loading=\"lazy\" decoding=\"async\" width=\"1024\" height=\"576\" src=\"https:\/\/www.mecerreyes.com\/mece\/wp-content\/uploads\/2022\/11\/Daniel-Cubilla-charla-Dislexia-6-10-22-1024x576.jpg\" alt=\"\" data-id=\"22706\" data-full-url=\"https:\/\/www.mecerreyes.com\/mece\/wp-content\/uploads\/2022\/11\/Daniel-Cubilla-charla-Dislexia-6-10-22.jpg\" data-link=\"https:\/\/www.mecerreyes.com\/mece\/?attachment_id=22706\" class=\"wp-image-22706\" srcset=\"https:\/\/www.mecerreyes.com\/mece\/wp-content\/uploads\/2022\/11\/Daniel-Cubilla-charla-Dislexia-6-10-22-1024x576.jpg 1024w, https:\/\/www.mecerreyes.com\/mece\/wp-content\/uploads\/2022\/11\/Daniel-Cubilla-charla-Dislexia-6-10-22-300x169.jpg 300w, https:\/\/www.mecerreyes.com\/mece\/wp-content\/uploads\/2022\/11\/Daniel-Cubilla-charla-Dislexia-6-10-22-768x432.jpg 768w, https:\/\/www.mecerreyes.com\/mece\/wp-content\/uploads\/2022\/11\/Daniel-Cubilla-charla-Dislexia-6-10-22-1536x865.jpg 1536w, https:\/\/www.mecerreyes.com\/mece\/wp-content\/uploads\/2022\/11\/Daniel-Cubilla-charla-Dislexia-6-10-22-1080x608.jpg 1080w, https:\/\/www.mecerreyes.com\/mece\/wp-content\/uploads\/2022\/11\/Daniel-Cubilla-charla-Dislexia-6-10-22.jpg 1654w\" sizes=\"(max-width: 1024px) 100vw, 1024px\" \/><\/figure><\/li><li class=\"blocks-gallery-item\"><figure><img loading=\"lazy\" decoding=\"async\" width=\"1024\" height=\"576\" src=\"https:\/\/www.mecerreyes.com\/mece\/wp-content\/uploads\/2022\/11\/Daniel-Cubilla-charla-Dislexia-14-10-22-1024x576.jpg\" alt=\"\" data-id=\"22707\" data-full-url=\"https:\/\/www.mecerreyes.com\/mece\/wp-content\/uploads\/2022\/11\/Daniel-Cubilla-charla-Dislexia-14-10-22.jpg\" data-link=\"https:\/\/www.mecerreyes.com\/mece\/?attachment_id=22707\" class=\"wp-image-22707\" srcset=\"https:\/\/www.mecerreyes.com\/mece\/wp-content\/uploads\/2022\/11\/Daniel-Cubilla-charla-Dislexia-14-10-22-1024x576.jpg 1024w, https:\/\/www.mecerreyes.com\/mece\/wp-content\/uploads\/2022\/11\/Daniel-Cubilla-charla-Dislexia-14-10-22-300x169.jpg 300w, https:\/\/www.mecerreyes.com\/mece\/wp-content\/uploads\/2022\/11\/Daniel-Cubilla-charla-Dislexia-14-10-22-768x432.jpg 768w, https:\/\/www.mecerreyes.com\/mece\/wp-content\/uploads\/2022\/11\/Daniel-Cubilla-charla-Dislexia-14-10-22-1536x865.jpg 1536w, https:\/\/www.mecerreyes.com\/mece\/wp-content\/uploads\/2022\/11\/Daniel-Cubilla-charla-Dislexia-14-10-22-1080x608.jpg 1080w, https:\/\/www.mecerreyes.com\/mece\/wp-content\/uploads\/2022\/11\/Daniel-Cubilla-charla-Dislexia-14-10-22.jpg 1654w\" sizes=\"(max-width: 1024px) 100vw, 1024px\" \/><\/figure><\/li><\/ul><\/figure>\n\n\n\n<div style=\"height:46px\" aria-hidden=\"true\" class=\"wp-block-spacer\"><\/div>\n\n\n\n<p><strong>Mochila viajera<\/strong>, Rosa Santamar\u00eda nos env\u00eda la foto de su participaci\u00f3n en la marcha\u00a0que Diputaci\u00f3n de Burgos organiz\u00f3 a favor de los Donantes de Sangre. <\/p>\n\n\n\n<figure class=\"wp-block-gallery columns-1 is-cropped wp-block-gallery-12 is-layout-flex wp-block-gallery-is-layout-flex\"><ul class=\"blocks-gallery-grid\"><li class=\"blocks-gallery-item\"><figure><img loading=\"lazy\" decoding=\"async\" width=\"1024\" height=\"768\" src=\"https:\/\/www.mecerreyes.com\/mece\/wp-content\/uploads\/2022\/11\/Mochila-Viajera-octubre-2022-marcha-solidaria-Burgos-1024x768.jpeg\" alt=\"\" data-id=\"22708\" data-full-url=\"https:\/\/www.mecerreyes.com\/mece\/wp-content\/uploads\/2022\/11\/Mochila-Viajera-octubre-2022-marcha-solidaria-Burgos.jpeg\" data-link=\"https:\/\/www.mecerreyes.com\/mece\/?attachment_id=22708\" class=\"wp-image-22708\" srcset=\"https:\/\/www.mecerreyes.com\/mece\/wp-content\/uploads\/2022\/11\/Mochila-Viajera-octubre-2022-marcha-solidaria-Burgos-1024x768.jpeg 1024w, https:\/\/www.mecerreyes.com\/mece\/wp-content\/uploads\/2022\/11\/Mochila-Viajera-octubre-2022-marcha-solidaria-Burgos-300x225.jpeg 300w, https:\/\/www.mecerreyes.com\/mece\/wp-content\/uploads\/2022\/11\/Mochila-Viajera-octubre-2022-marcha-solidaria-Burgos-768x576.jpeg 768w, https:\/\/www.mecerreyes.com\/mece\/wp-content\/uploads\/2022\/11\/Mochila-Viajera-octubre-2022-marcha-solidaria-Burgos-1536x1152.jpeg 1536w, https:\/\/www.mecerreyes.com\/mece\/wp-content\/uploads\/2022\/11\/Mochila-Viajera-octubre-2022-marcha-solidaria-Burgos-1080x810.jpeg 1080w, https:\/\/www.mecerreyes.com\/mece\/wp-content\/uploads\/2022\/11\/Mochila-Viajera-octubre-2022-marcha-solidaria-Burgos.jpeg 1600w\" sizes=\"(max-width: 1024px) 100vw, 1024px\" \/><\/figure><\/li><\/ul><\/figure>\n\n\n\n<div style=\"height:51px\" aria-hidden=\"true\" class=\"wp-block-spacer\"><\/div>\n\n\n\n<p style=\"font-size:22px\" class=\"has-background has-luminous-vivid-amber-background-color\"><strong>HACE M\u00c1S DE UN SIGLO<\/strong><\/p>\n\n\n\n<p><strong>SALVADOR SANTAMAR\u00cdA<\/strong> ha ido recopilando noticias sobre Mecerreyes que aparecieron en prensa hace m\u00e1s de un siglo. Nos ir\u00e1 haciendo part\u00edcipes de su colecci\u00f3n en distintas entregas, su aporte seguro ser\u00e1 de inter\u00e9s de muchos nost\u00e1lgicos. <\/p>\n\n\n\n<p>GRACIAS POR TU COLABORACI\u00d3N.<\/p>\n\n\n\n<p>Este mes Salvador nos explica el recorte recogido el 6 de junio de 1837. <\/p>\n\n\n\n<p class=\"has-normal-font-size\"><span style=\"color:#0d09fe\" class=\"has-inline-color\">Voy a empezar una secci\u00f3n en la que ir\u00e9 publicando diferentes recortes referidos a Mecerreyes que aparecieron hace m\u00e1s de un siglo en la prensa de la \u00e9poca.<br>Este primer recorte del 6 de Junio de 1837 se refiere al arriendo de los diezmos menudos (los diezmos eran cantidades que se pagaban generalmente a la iglesia en funci\u00f3n de las producciones que se obten\u00edan en un determinado pueblo) Se distingu\u00edan los mayores referidos a producci\u00f3n de cereales o ganado mayor, de los menudos que inclu\u00edan aves, lana y productos hort\u00edcolas, legumbres, miel y mosto. En alg\u00fan momento fueron el 10% de la producci\u00f3n, pero fueron transform\u00e1ndose en una cantidad fija en dinero que no ten\u00eda por qu\u00e9 corresponder a este 10%.<br>Hacia solo dos a\u00f1os, en 1835, se hab\u00eda proclamado la ley de desamortizaci\u00f3n de Mendiz\u00e1bal, por la cual los Monasterios de menos de doce frailes fueron suprimidos y sus tierras incautadas y vendidas. Este parece que fue el caso de los dos monasterios que aqu\u00ed aparecen: el de la cartuja (entiendo que de Miraflores) que inclu\u00eda nuestro pueblo y el de Espeja, que pienso que es el monasterio Jer\u00f3nimo que hubo en Espeja de San Marcelino en Soria.<br>Aunque los monasterios no exist\u00edan ya, se sigui\u00f3 cobrando los tributos y diezmos que a ellos les correspond\u00edan, seguramente por parte del estado, puesto que Don Valent\u00edn Valpuesta era el comisionado subalterno para la desamortizaci\u00f3n en Lerma.<br><strong>Salvador Santamaria<\/strong><\/span><br><em><span style=\"color:#051396\" class=\"has-inline-color\">(Nota: todo lo escrito es solamente mi opini\u00f3n, que someto a la de cualquiera que tenga mejor conocimiento que yo sobre este tema)<\/span><\/em><\/p>\n\n\n\n<figure class=\"wp-block-gallery columns-1 is-cropped wp-block-gallery-13 is-layout-flex wp-block-gallery-is-layout-flex\"><ul class=\"blocks-gallery-grid\"><li class=\"blocks-gallery-item\"><figure><a  href=\"https:\/\/www.mecerreyes.com\/mece\/wp-content\/uploads\/2022\/11\/1837-06-06-BOP-Arriendo-diezmos-menudos-cabecera.png\" class=\"thickbox no_icon\" title=\"\"><img loading=\"lazy\" decoding=\"async\" width=\"1024\" height=\"494\" src=\"https:\/\/www.mecerreyes.com\/mece\/wp-content\/uploads\/2022\/11\/1837-06-06-BOP-Arriendo-diezmos-menudos-cabecera-1024x494.png\" alt=\"\" data-id=\"22679\" data-full-url=\"https:\/\/www.mecerreyes.com\/mece\/wp-content\/uploads\/2022\/11\/1837-06-06-BOP-Arriendo-diezmos-menudos-cabecera.png\" data-link=\"https:\/\/www.mecerreyes.com\/mece\/?attachment_id=22679\" class=\"wp-image-22679\" srcset=\"https:\/\/www.mecerreyes.com\/mece\/wp-content\/uploads\/2022\/11\/1837-06-06-BOP-Arriendo-diezmos-menudos-cabecera-1024x494.png 1024w, https:\/\/www.mecerreyes.com\/mece\/wp-content\/uploads\/2022\/11\/1837-06-06-BOP-Arriendo-diezmos-menudos-cabecera-300x145.png 300w, https:\/\/www.mecerreyes.com\/mece\/wp-content\/uploads\/2022\/11\/1837-06-06-BOP-Arriendo-diezmos-menudos-cabecera-768x370.png 768w, https:\/\/www.mecerreyes.com\/mece\/wp-content\/uploads\/2022\/11\/1837-06-06-BOP-Arriendo-diezmos-menudos-cabecera-1080x521.png 1080w, https:\/\/www.mecerreyes.com\/mece\/wp-content\/uploads\/2022\/11\/1837-06-06-BOP-Arriendo-diezmos-menudos-cabecera.png 1504w\" sizes=\"(max-width: 1024px) 100vw, 1024px\" \/><\/a><\/figure><\/li><li class=\"blocks-gallery-item\"><figure><a  href=\"https:\/\/www.mecerreyes.com\/mece\/wp-content\/uploads\/2022\/11\/1837-06-06-BOP-Arriendo-diezmos-1.png\" class=\"thickbox no_icon\" title=\"\"><img loading=\"lazy\" decoding=\"async\" width=\"760\" height=\"406\" src=\"https:\/\/www.mecerreyes.com\/mece\/wp-content\/uploads\/2022\/11\/1837-06-06-BOP-Arriendo-diezmos-1.png\" alt=\"\" data-id=\"22680\" data-full-url=\"https:\/\/www.mecerreyes.com\/mece\/wp-content\/uploads\/2022\/11\/1837-06-06-BOP-Arriendo-diezmos-1.png\" data-link=\"https:\/\/www.mecerreyes.com\/mece\/?attachment_id=22680\" class=\"wp-image-22680\" srcset=\"https:\/\/www.mecerreyes.com\/mece\/wp-content\/uploads\/2022\/11\/1837-06-06-BOP-Arriendo-diezmos-1.png 760w, https:\/\/www.mecerreyes.com\/mece\/wp-content\/uploads\/2022\/11\/1837-06-06-BOP-Arriendo-diezmos-1-300x160.png 300w\" sizes=\"(max-width: 760px) 100vw, 760px\" \/><\/a><\/figure><\/li><li class=\"blocks-gallery-item\"><figure><a  href=\"https:\/\/www.mecerreyes.com\/mece\/wp-content\/uploads\/2022\/11\/1837-06-06-BOP-Arriendo-diezmos-2.png\" class=\"thickbox no_icon\" title=\"\"><img loading=\"lazy\" decoding=\"async\" width=\"668\" height=\"417\" src=\"https:\/\/www.mecerreyes.com\/mece\/wp-content\/uploads\/2022\/11\/1837-06-06-BOP-Arriendo-diezmos-2.png\" alt=\"\" data-id=\"22681\" data-full-url=\"https:\/\/www.mecerreyes.com\/mece\/wp-content\/uploads\/2022\/11\/1837-06-06-BOP-Arriendo-diezmos-2.png\" data-link=\"https:\/\/www.mecerreyes.com\/mece\/?attachment_id=22681\" class=\"wp-image-22681\" srcset=\"https:\/\/www.mecerreyes.com\/mece\/wp-content\/uploads\/2022\/11\/1837-06-06-BOP-Arriendo-diezmos-2.png 668w, https:\/\/www.mecerreyes.com\/mece\/wp-content\/uploads\/2022\/11\/1837-06-06-BOP-Arriendo-diezmos-2-300x187.png 300w, https:\/\/www.mecerreyes.com\/mece\/wp-content\/uploads\/2022\/11\/1837-06-06-BOP-Arriendo-diezmos-2-400x250.png 400w\" sizes=\"(max-width: 668px) 100vw, 668px\" \/><\/a><\/figure><\/li><\/ul><\/figure>\n\n\n\n<div style=\"height:49px\" aria-hidden=\"true\" class=\"wp-block-spacer\"><\/div>\n\n\n\n<p style=\"font-size:22px\" class=\"has-background has-luminous-vivid-amber-background-color\"><strong>BAUTIZOS<\/strong><\/p>\n\n\n\n<p><strong>LUC\u00cdA CUESTA CABEZ\u00d3N<\/strong> fue bautizada el pasado 1 de octubre en Mecerreyes, sus felices padres Claudio y Pilar, abuelos Claudio y Araceli y hermanos Fran y Manuela disfrutaron de una bonita celebraci\u00f3n. <strong>\u00a1Bienvenida a nuestra comunidad Luc\u00eda!<\/strong><\/p>\n\n\n\n<div class=\"wp-block-image\"><figure class=\"aligncenter size-large is-resized\"><img loading=\"lazy\" decoding=\"async\" src=\"http:\/\/www.mecerreyes.com\/mece\/wp-content\/uploads\/2022\/08\/Mecerreyes-julio-2022-10-940x1024.jpeg\" alt=\"\" class=\"wp-image-22190\" width=\"307\" height=\"334\" srcset=\"https:\/\/www.mecerreyes.com\/mece\/wp-content\/uploads\/2022\/08\/Mecerreyes-julio-2022-10-940x1024.jpeg 940w, https:\/\/www.mecerreyes.com\/mece\/wp-content\/uploads\/2022\/08\/Mecerreyes-julio-2022-10-275x300.jpeg 275w, https:\/\/www.mecerreyes.com\/mece\/wp-content\/uploads\/2022\/08\/Mecerreyes-julio-2022-10-768x837.jpeg 768w, https:\/\/www.mecerreyes.com\/mece\/wp-content\/uploads\/2022\/08\/Mecerreyes-julio-2022-10-1409x1536.jpeg 1409w, https:\/\/www.mecerreyes.com\/mece\/wp-content\/uploads\/2022\/08\/Mecerreyes-julio-2022-10-1080x1177.jpeg 1080w, https:\/\/www.mecerreyes.com\/mece\/wp-content\/uploads\/2022\/08\/Mecerreyes-julio-2022-10.jpeg 1879w\" sizes=\"(max-width: 307px) 100vw, 307px\" \/><\/figure><\/div>\n\n\n\n<div style=\"height:40px\" aria-hidden=\"true\" class=\"wp-block-spacer\"><\/div>\n\n\n\n<p><strong>DAVID HINOJOSA GARCES<\/strong> fue bautizado el pasado d\u00eda 1 de octubre en la Iglesia parroquial de Mecerreyes, sus padres David Hinojosa y Marta Garces Alonso, padrinos Javier Hinojosa y Patricia Rodr\u00edguez, y los abuelos Reyes Garces Mayordomo y Charo Alonso Arribas quieren compartir el feliz momento con nosotros.\u00a0 <strong>\u00a1Bienvenido David! <\/strong><\/p>\n\n\n\n<figure class=\"wp-block-gallery columns-2 is-cropped wp-block-gallery-14 is-layout-flex wp-block-gallery-is-layout-flex\"><ul class=\"blocks-gallery-grid\"><li class=\"blocks-gallery-item\"><figure><a  href=\"https:\/\/www.mecerreyes.com\/mece\/wp-content\/uploads\/2022\/11\/Bautizo-en-Mecerreyes-DAVID-HINOJOSA-GARCES-1-10-22-a.jpeg\" class=\"thickbox no_icon\" title=\"\"><img loading=\"lazy\" decoding=\"async\" width=\"765\" height=\"1024\" src=\"https:\/\/www.mecerreyes.com\/mece\/wp-content\/uploads\/2022\/11\/Bautizo-en-Mecerreyes-DAVID-HINOJOSA-GARCES-1-10-22-a-765x1024.jpeg\" alt=\"\" data-id=\"22709\" data-full-url=\"https:\/\/www.mecerreyes.com\/mece\/wp-content\/uploads\/2022\/11\/Bautizo-en-Mecerreyes-DAVID-HINOJOSA-GARCES-1-10-22-a.jpeg\" data-link=\"https:\/\/www.mecerreyes.com\/mece\/?attachment_id=22709\" class=\"wp-image-22709\" srcset=\"https:\/\/www.mecerreyes.com\/mece\/wp-content\/uploads\/2022\/11\/Bautizo-en-Mecerreyes-DAVID-HINOJOSA-GARCES-1-10-22-a-765x1024.jpeg 765w, https:\/\/www.mecerreyes.com\/mece\/wp-content\/uploads\/2022\/11\/Bautizo-en-Mecerreyes-DAVID-HINOJOSA-GARCES-1-10-22-a-224x300.jpeg 224w, https:\/\/www.mecerreyes.com\/mece\/wp-content\/uploads\/2022\/11\/Bautizo-en-Mecerreyes-DAVID-HINOJOSA-GARCES-1-10-22-a-768x1027.jpeg 768w, https:\/\/www.mecerreyes.com\/mece\/wp-content\/uploads\/2022\/11\/Bautizo-en-Mecerreyes-DAVID-HINOJOSA-GARCES-1-10-22-a-1148x1536.jpeg 1148w, https:\/\/www.mecerreyes.com\/mece\/wp-content\/uploads\/2022\/11\/Bautizo-en-Mecerreyes-DAVID-HINOJOSA-GARCES-1-10-22-a-1080x1445.jpeg 1080w, https:\/\/www.mecerreyes.com\/mece\/wp-content\/uploads\/2022\/11\/Bautizo-en-Mecerreyes-DAVID-HINOJOSA-GARCES-1-10-22-a.jpeg 1196w\" sizes=\"(max-width: 765px) 100vw, 765px\" \/><\/a><\/figure><\/li><li class=\"blocks-gallery-item\"><figure><a  href=\"https:\/\/www.mecerreyes.com\/mece\/wp-content\/uploads\/2022\/11\/Bautizo-en-Mecerreyes-DAVID-HINOJOSA-GARCES-1-10-22-b.jpeg\" class=\"thickbox no_icon\" title=\"\"><img loading=\"lazy\" decoding=\"async\" width=\"1024\" height=\"765\" src=\"https:\/\/www.mecerreyes.com\/mece\/wp-content\/uploads\/2022\/11\/Bautizo-en-Mecerreyes-DAVID-HINOJOSA-GARCES-1-10-22-b-1024x765.jpeg\" alt=\"\" data-id=\"22710\" data-full-url=\"https:\/\/www.mecerreyes.com\/mece\/wp-content\/uploads\/2022\/11\/Bautizo-en-Mecerreyes-DAVID-HINOJOSA-GARCES-1-10-22-b.jpeg\" data-link=\"https:\/\/www.mecerreyes.com\/mece\/?attachment_id=22710\" class=\"wp-image-22710\" srcset=\"https:\/\/www.mecerreyes.com\/mece\/wp-content\/uploads\/2022\/11\/Bautizo-en-Mecerreyes-DAVID-HINOJOSA-GARCES-1-10-22-b-1024x765.jpeg 1024w, https:\/\/www.mecerreyes.com\/mece\/wp-content\/uploads\/2022\/11\/Bautizo-en-Mecerreyes-DAVID-HINOJOSA-GARCES-1-10-22-b-300x224.jpeg 300w, https:\/\/www.mecerreyes.com\/mece\/wp-content\/uploads\/2022\/11\/Bautizo-en-Mecerreyes-DAVID-HINOJOSA-GARCES-1-10-22-b-768x574.jpeg 768w, https:\/\/www.mecerreyes.com\/mece\/wp-content\/uploads\/2022\/11\/Bautizo-en-Mecerreyes-DAVID-HINOJOSA-GARCES-1-10-22-b-1536x1148.jpeg 1536w, https:\/\/www.mecerreyes.com\/mece\/wp-content\/uploads\/2022\/11\/Bautizo-en-Mecerreyes-DAVID-HINOJOSA-GARCES-1-10-22-b-1080x807.jpeg 1080w, https:\/\/www.mecerreyes.com\/mece\/wp-content\/uploads\/2022\/11\/Bautizo-en-Mecerreyes-DAVID-HINOJOSA-GARCES-1-10-22-b.jpeg 1600w\" sizes=\"(max-width: 1024px) 100vw, 1024px\" \/><\/a><\/figure><\/li><li class=\"blocks-gallery-item\"><figure><a  href=\"https:\/\/www.mecerreyes.com\/mece\/wp-content\/uploads\/2022\/11\/Bautizo-en-Mecerreyes-DAVID-HINOJOSA-GARCES-1-10-22-c.jpeg\" class=\"thickbox no_icon\" title=\"\"><img loading=\"lazy\" decoding=\"async\" width=\"765\" height=\"1024\" src=\"https:\/\/www.mecerreyes.com\/mece\/wp-content\/uploads\/2022\/11\/Bautizo-en-Mecerreyes-DAVID-HINOJOSA-GARCES-1-10-22-c-765x1024.jpeg\" alt=\"\" data-id=\"22711\" data-full-url=\"https:\/\/www.mecerreyes.com\/mece\/wp-content\/uploads\/2022\/11\/Bautizo-en-Mecerreyes-DAVID-HINOJOSA-GARCES-1-10-22-c.jpeg\" data-link=\"https:\/\/www.mecerreyes.com\/mece\/?attachment_id=22711\" class=\"wp-image-22711\" srcset=\"https:\/\/www.mecerreyes.com\/mece\/wp-content\/uploads\/2022\/11\/Bautizo-en-Mecerreyes-DAVID-HINOJOSA-GARCES-1-10-22-c-765x1024.jpeg 765w, https:\/\/www.mecerreyes.com\/mece\/wp-content\/uploads\/2022\/11\/Bautizo-en-Mecerreyes-DAVID-HINOJOSA-GARCES-1-10-22-c-224x300.jpeg 224w, https:\/\/www.mecerreyes.com\/mece\/wp-content\/uploads\/2022\/11\/Bautizo-en-Mecerreyes-DAVID-HINOJOSA-GARCES-1-10-22-c-768x1027.jpeg 768w, https:\/\/www.mecerreyes.com\/mece\/wp-content\/uploads\/2022\/11\/Bautizo-en-Mecerreyes-DAVID-HINOJOSA-GARCES-1-10-22-c-1148x1536.jpeg 1148w, https:\/\/www.mecerreyes.com\/mece\/wp-content\/uploads\/2022\/11\/Bautizo-en-Mecerreyes-DAVID-HINOJOSA-GARCES-1-10-22-c-1080x1445.jpeg 1080w, https:\/\/www.mecerreyes.com\/mece\/wp-content\/uploads\/2022\/11\/Bautizo-en-Mecerreyes-DAVID-HINOJOSA-GARCES-1-10-22-c.jpeg 1196w\" sizes=\"(max-width: 765px) 100vw, 765px\" \/><\/a><\/figure><\/li><\/ul><\/figure>\n\n\n\n<div style=\"height:45px\" aria-hidden=\"true\" class=\"wp-block-spacer\"><\/div>\n\n\n\n<p><strong>JULIETA AMO ALONSO<\/strong> pertenece a nuestra comunidad cristiana desde el d\u00eda 9 de octubre que fue bautizada en la iglesia de Mecerreyes, sus padres Jos\u00e9 Antonio Amo L\u00f3pez y Alicia Alonso Palacios, su emocionada hermanita \u00c1ngela y los abuelos Deogracias Alonso Santamar\u00eda y Amparo Palacios L\u00f3pez, comparten con todos nosotros su alegr\u00eda. \u00a1Bienvenida Julieta! <\/p>\n\n\n\n<figure class=\"wp-block-gallery columns-2 is-cropped wp-block-gallery-15 is-layout-flex wp-block-gallery-is-layout-flex\"><ul class=\"blocks-gallery-grid\"><li class=\"blocks-gallery-item\"><figure><a  href=\"https:\/\/www.mecerreyes.com\/mece\/wp-content\/uploads\/2022\/11\/Bautizo-de-JULIETA-AMO-ALONSO-el-9-10-2022-1.jpeg\" class=\"thickbox no_icon\" title=\"\"><img loading=\"lazy\" decoding=\"async\" width=\"241\" height=\"234\" src=\"https:\/\/www.mecerreyes.com\/mece\/wp-content\/uploads\/2022\/11\/Bautizo-de-JULIETA-AMO-ALONSO-el-9-10-2022-1.jpeg\" alt=\"\" data-id=\"22713\" data-full-url=\"https:\/\/www.mecerreyes.com\/mece\/wp-content\/uploads\/2022\/11\/Bautizo-de-JULIETA-AMO-ALONSO-el-9-10-2022-1.jpeg\" data-link=\"https:\/\/www.mecerreyes.com\/mece\/?attachment_id=22713\" class=\"wp-image-22713\"\/><\/a><\/figure><\/li><li class=\"blocks-gallery-item\"><figure><a  href=\"https:\/\/www.mecerreyes.com\/mece\/wp-content\/uploads\/2022\/11\/Bautizo-de-JULIETA-AMO-ALONSO-el-9-10-2022-2.jpeg\" class=\"thickbox no_icon\" title=\"\"><img loading=\"lazy\" decoding=\"async\" width=\"504\" height=\"454\" src=\"https:\/\/www.mecerreyes.com\/mece\/wp-content\/uploads\/2022\/11\/Bautizo-de-JULIETA-AMO-ALONSO-el-9-10-2022-2.jpeg\" alt=\"\" data-id=\"22714\" data-full-url=\"https:\/\/www.mecerreyes.com\/mece\/wp-content\/uploads\/2022\/11\/Bautizo-de-JULIETA-AMO-ALONSO-el-9-10-2022-2.jpeg\" data-link=\"https:\/\/www.mecerreyes.com\/mece\/?attachment_id=22714\" class=\"wp-image-22714\" srcset=\"https:\/\/www.mecerreyes.com\/mece\/wp-content\/uploads\/2022\/11\/Bautizo-de-JULIETA-AMO-ALONSO-el-9-10-2022-2.jpeg 504w, https:\/\/www.mecerreyes.com\/mece\/wp-content\/uploads\/2022\/11\/Bautizo-de-JULIETA-AMO-ALONSO-el-9-10-2022-2-300x270.jpeg 300w\" sizes=\"(max-width: 504px) 100vw, 504px\" \/><\/a><\/figure><\/li><\/ul><\/figure>\n\n\n\n<div style=\"height:100px\" aria-hidden=\"true\" class=\"wp-block-spacer\"><\/div>\n\n\n\n<p style=\"font-size:22px\" class=\"has-background has-luminous-vivid-amber-background-color\"><strong>DEFUNCI\u00d3N<\/strong><\/p>\n\n\n\n<p><strong>D\u00d1A. MILAGROS ARRIBAS LOZANO<\/strong> (Vda. de D. Alejandro Cuevas Portal) falleci\u00f3 en Burgos el pasado 6 de octubre a los 96 a\u00f1os de edad, sus restos fueron despedidos el d\u00eda 8 en la Iglesia Parroquial de Mecerreyes por familiares y vecinos. Descanse en Paz. <\/p>\n\n\n\n<div class=\"wp-block-media-text alignwide has-background has-very-light-gray-background-color is-stacked-on-mobile\"><figure class=\"wp-block-media-text__media\"><img loading=\"lazy\" decoding=\"async\" width=\"694\" height=\"1024\" src=\"https:\/\/www.mecerreyes.com\/mece\/wp-content\/uploads\/2022\/11\/Fallecimiento-de-Milagros-Arribas-Lozano-Mecerreyes-oct-2022-694x1024.jpeg\" alt=\"\" class=\"wp-image-22715\" srcset=\"https:\/\/www.mecerreyes.com\/mece\/wp-content\/uploads\/2022\/11\/Fallecimiento-de-Milagros-Arribas-Lozano-Mecerreyes-oct-2022-694x1024.jpeg 694w, https:\/\/www.mecerreyes.com\/mece\/wp-content\/uploads\/2022\/11\/Fallecimiento-de-Milagros-Arribas-Lozano-Mecerreyes-oct-2022-203x300.jpeg 203w, https:\/\/www.mecerreyes.com\/mece\/wp-content\/uploads\/2022\/11\/Fallecimiento-de-Milagros-Arribas-Lozano-Mecerreyes-oct-2022-768x1133.jpeg 768w, https:\/\/www.mecerreyes.com\/mece\/wp-content\/uploads\/2022\/11\/Fallecimiento-de-Milagros-Arribas-Lozano-Mecerreyes-oct-2022-1041x1536.jpeg 1041w, https:\/\/www.mecerreyes.com\/mece\/wp-content\/uploads\/2022\/11\/Fallecimiento-de-Milagros-Arribas-Lozano-Mecerreyes-oct-2022-1388x2048.jpeg 1388w, https:\/\/www.mecerreyes.com\/mece\/wp-content\/uploads\/2022\/11\/Fallecimiento-de-Milagros-Arribas-Lozano-Mecerreyes-oct-2022-1080x1593.jpeg 1080w, https:\/\/www.mecerreyes.com\/mece\/wp-content\/uploads\/2022\/11\/Fallecimiento-de-Milagros-Arribas-Lozano-Mecerreyes-oct-2022-scaled.jpeg 1735w\" sizes=\"(max-width: 694px) 100vw, 694px\" \/><\/figure><div class=\"wp-block-media-text__content\">\n<p style=\"font-size:19px\"><strong>D\u00d1A. MILAGROS ARRIBAS LOZANO<\/strong> (Vda. de D. Alejandro Cuevas Portal) falleci\u00f3 en Burgos el pasado 6 de octubre a los 96 a\u00f1os de edad, sus restos fueron despedidos el d\u00eda 8 en la Iglesia Parroquial de Mecerreyes por familiares y vecinos. Descanse en Paz.<\/p>\n<\/div><\/div>\n\n\n\n<div style=\"height:43px\" aria-hidden=\"true\" class=\"wp-block-spacer\"><\/div>\n\n\n\n<figure class=\"wp-block-gallery columns-1 is-cropped wp-block-gallery-16 is-layout-flex wp-block-gallery-is-layout-flex\"><ul class=\"blocks-gallery-grid\"><li class=\"blocks-gallery-item\"><figure><a  href=\"https:\/\/www.mecerreyes.com\/mece\/wp-content\/uploads\/2022\/11\/Esquela-de-Milagros-Arribas-Lozano-Mecerreyes.jpeg\" class=\"thickbox no_icon\" title=\"\"><img loading=\"lazy\" decoding=\"async\" width=\"664\" height=\"1024\" src=\"https:\/\/www.mecerreyes.com\/mece\/wp-content\/uploads\/2022\/11\/Esquela-de-Milagros-Arribas-Lozano-Mecerreyes-664x1024.jpeg\" alt=\"\" data-id=\"22716\" data-full-url=\"https:\/\/www.mecerreyes.com\/mece\/wp-content\/uploads\/2022\/11\/Esquela-de-Milagros-Arribas-Lozano-Mecerreyes.jpeg\" data-link=\"https:\/\/www.mecerreyes.com\/mece\/?attachment_id=22716\" class=\"wp-image-22716\" srcset=\"https:\/\/www.mecerreyes.com\/mece\/wp-content\/uploads\/2022\/11\/Esquela-de-Milagros-Arribas-Lozano-Mecerreyes-664x1024.jpeg 664w, https:\/\/www.mecerreyes.com\/mece\/wp-content\/uploads\/2022\/11\/Esquela-de-Milagros-Arribas-Lozano-Mecerreyes-195x300.jpeg 195w, https:\/\/www.mecerreyes.com\/mece\/wp-content\/uploads\/2022\/11\/Esquela-de-Milagros-Arribas-Lozano-Mecerreyes-768x1184.jpeg 768w, https:\/\/www.mecerreyes.com\/mece\/wp-content\/uploads\/2022\/11\/Esquela-de-Milagros-Arribas-Lozano-Mecerreyes-996x1536.jpeg 996w, https:\/\/www.mecerreyes.com\/mece\/wp-content\/uploads\/2022\/11\/Esquela-de-Milagros-Arribas-Lozano-Mecerreyes.jpeg 1038w\" sizes=\"(max-width: 664px) 100vw, 664px\" \/><\/a><\/figure><\/li><\/ul><\/figure>\n\n\n\n<div style=\"height:48px\" aria-hidden=\"true\" class=\"wp-block-spacer\"><\/div>\n\n\n\n<p style=\"font-size:22px\" class=\"has-background has-luminous-vivid-amber-background-color\"><strong>MARCHA CICLISTA HOMENAJE A ERNESTO MOLINERO.<\/strong><\/p>\n\n\n\n<p>La Ernest BTT Covarrubias homenaje\u00f3 por segundo a\u00f1o a nuestro amigo Ernesto el pasado 23 de octubre, el trazado de la carrera de 33 km y 900 mt de desnivel, discurre entre\u00a0 Mecerreyes y Covarrubias, otra estupenda\u00a0 iniciativa para activar el mundo rural.<\/p>\n\n\n\n<figure class=\"wp-block-gallery columns-2 is-cropped wp-block-gallery-17 is-layout-flex wp-block-gallery-is-layout-flex\"><ul class=\"blocks-gallery-grid\"><li class=\"blocks-gallery-item\"><figure><a  href=\"https:\/\/www.mecerreyes.com\/mece\/wp-content\/uploads\/2022\/11\/La-Ernest-Covarrubias-23-10-22-a.jpeg\" class=\"thickbox no_icon\" title=\"\"><img loading=\"lazy\" decoding=\"async\" width=\"724\" height=\"1024\" src=\"https:\/\/www.mecerreyes.com\/mece\/wp-content\/uploads\/2022\/11\/La-Ernest-Covarrubias-23-10-22-a-724x1024.jpeg\" alt=\"\" data-id=\"22685\" data-full-url=\"https:\/\/www.mecerreyes.com\/mece\/wp-content\/uploads\/2022\/11\/La-Ernest-Covarrubias-23-10-22-a.jpeg\" data-link=\"https:\/\/www.mecerreyes.com\/mece\/?attachment_id=22685\" class=\"wp-image-22685\" srcset=\"https:\/\/www.mecerreyes.com\/mece\/wp-content\/uploads\/2022\/11\/La-Ernest-Covarrubias-23-10-22-a-724x1024.jpeg 724w, https:\/\/www.mecerreyes.com\/mece\/wp-content\/uploads\/2022\/11\/La-Ernest-Covarrubias-23-10-22-a-212x300.jpeg 212w, https:\/\/www.mecerreyes.com\/mece\/wp-content\/uploads\/2022\/11\/La-Ernest-Covarrubias-23-10-22-a-768x1086.jpeg 768w, https:\/\/www.mecerreyes.com\/mece\/wp-content\/uploads\/2022\/11\/La-Ernest-Covarrubias-23-10-22-a-1086x1536.jpeg 1086w, https:\/\/www.mecerreyes.com\/mece\/wp-content\/uploads\/2022\/11\/La-Ernest-Covarrubias-23-10-22-a-1080x1528.jpeg 1080w, https:\/\/www.mecerreyes.com\/mece\/wp-content\/uploads\/2022\/11\/La-Ernest-Covarrubias-23-10-22-a.jpeg 1448w\" sizes=\"(max-width: 724px) 100vw, 724px\" \/><\/a><\/figure><\/li><li class=\"blocks-gallery-item\"><figure><a  href=\"https:\/\/www.mecerreyes.com\/mece\/wp-content\/uploads\/2022\/11\/La-Ernest-Covarrubias-23-10-22.jpeg\" class=\"thickbox no_icon\" title=\"\"><img loading=\"lazy\" decoding=\"async\" width=\"723\" height=\"1024\" src=\"https:\/\/www.mecerreyes.com\/mece\/wp-content\/uploads\/2022\/11\/La-Ernest-Covarrubias-23-10-22-723x1024.jpeg\" alt=\"\" data-id=\"22686\" data-full-url=\"https:\/\/www.mecerreyes.com\/mece\/wp-content\/uploads\/2022\/11\/La-Ernest-Covarrubias-23-10-22.jpeg\" data-link=\"https:\/\/www.mecerreyes.com\/mece\/?attachment_id=22686\" class=\"wp-image-22686\" srcset=\"https:\/\/www.mecerreyes.com\/mece\/wp-content\/uploads\/2022\/11\/La-Ernest-Covarrubias-23-10-22-723x1024.jpeg 723w, https:\/\/www.mecerreyes.com\/mece\/wp-content\/uploads\/2022\/11\/La-Ernest-Covarrubias-23-10-22-212x300.jpeg 212w, https:\/\/www.mecerreyes.com\/mece\/wp-content\/uploads\/2022\/11\/La-Ernest-Covarrubias-23-10-22-768x1088.jpeg 768w, https:\/\/www.mecerreyes.com\/mece\/wp-content\/uploads\/2022\/11\/La-Ernest-Covarrubias-23-10-22.jpeg 979w\" sizes=\"(max-width: 723px) 100vw, 723px\" \/><\/a><\/figure><\/li><\/ul><\/figure>\n\n\n\n<div style=\"height:51px\" aria-hidden=\"true\" class=\"wp-block-spacer\"><\/div>\n\n\n\n<p style=\"font-size:22px\" class=\"has-background has-luminous-vivid-amber-background-color\"><strong>FESTIVIDAD DE TODOS LOS SANTOS<\/strong><\/p>\n\n\n\n<p>Del 29 de octubre al 1 de noviembre hemos disfrutado de un puente largo, las necesarias lluvias han alegrado a todos, a las calles de Mecerreyes han vuelto las bicicletas, las cuadrillas de los m\u00e1s peque\u00f1os.<\/p>\n\n\n\n<p>Se echaba de menos el Bar la Villa.<\/p>\n\n\n\n<p>La visita al cementerio local ha sido escalonada en estos d\u00edas, las flores depositadas en las tumbas simbolizan el recuerdo permanente de nuestros difuntos, para los que tambi\u00e9n dedicamos un d\u00eda especial.<\/p>\n\n\n\n<figure class=\"wp-block-gallery columns-1 is-cropped wp-block-gallery-18 is-layout-flex wp-block-gallery-is-layout-flex\"><ul class=\"blocks-gallery-grid\"><li class=\"blocks-gallery-item\"><figure><a  href=\"https:\/\/www.mecerreyes.com\/mece\/wp-content\/uploads\/2022\/11\/Mecerreyes-cementerio-1-11-2022-3.jpeg\" class=\"thickbox no_icon\" title=\"\"><img loading=\"lazy\" decoding=\"async\" width=\"1024\" height=\"576\" src=\"https:\/\/www.mecerreyes.com\/mece\/wp-content\/uploads\/2022\/11\/Mecerreyes-cementerio-1-11-2022-3-1024x576.jpeg\" alt=\"\" data-id=\"22718\" data-full-url=\"https:\/\/www.mecerreyes.com\/mece\/wp-content\/uploads\/2022\/11\/Mecerreyes-cementerio-1-11-2022-3.jpeg\" data-link=\"https:\/\/www.mecerreyes.com\/mece\/?attachment_id=22718\" class=\"wp-image-22718\" srcset=\"https:\/\/www.mecerreyes.com\/mece\/wp-content\/uploads\/2022\/11\/Mecerreyes-cementerio-1-11-2022-3-1024x576.jpeg 1024w, https:\/\/www.mecerreyes.com\/mece\/wp-content\/uploads\/2022\/11\/Mecerreyes-cementerio-1-11-2022-3-300x169.jpeg 300w, https:\/\/www.mecerreyes.com\/mece\/wp-content\/uploads\/2022\/11\/Mecerreyes-cementerio-1-11-2022-3-768x432.jpeg 768w, https:\/\/www.mecerreyes.com\/mece\/wp-content\/uploads\/2022\/11\/Mecerreyes-cementerio-1-11-2022-3-1536x864.jpeg 1536w, https:\/\/www.mecerreyes.com\/mece\/wp-content\/uploads\/2022\/11\/Mecerreyes-cementerio-1-11-2022-3-1080x608.jpeg 1080w, https:\/\/www.mecerreyes.com\/mece\/wp-content\/uploads\/2022\/11\/Mecerreyes-cementerio-1-11-2022-3.jpeg 2000w\" sizes=\"(max-width: 1024px) 100vw, 1024px\" \/><\/a><\/figure><\/li><\/ul><\/figure>\n\n\n\n<p>Muchos de estos difuntos a\u00fan sin su presencia f\u00edsica re\u00fanen a la familia estos d\u00edas en Mecerreyes.<\/p>\n\n\n\n<p>Y como es costumbre la tarde del d\u00eda 1 se rez\u00f3 en el cementerio un responso por todos los difuntos, especialmente por los fallecidos el \u00faltimo a\u00f1o. <\/p>\n\n\n\n<figure class=\"wp-block-gallery columns-1 is-cropped wp-block-gallery-19 is-layout-flex wp-block-gallery-is-layout-flex\"><ul class=\"blocks-gallery-grid\"><li class=\"blocks-gallery-item\"><figure><a  href=\"https:\/\/www.mecerreyes.com\/mece\/wp-content\/uploads\/2022\/11\/Mecerreyes-cementerio-1-11-2022-2.jpeg\" class=\"thickbox no_icon\" title=\"\"><img loading=\"lazy\" decoding=\"async\" width=\"1024\" height=\"576\" src=\"https:\/\/www.mecerreyes.com\/mece\/wp-content\/uploads\/2022\/11\/Mecerreyes-cementerio-1-11-2022-2-1024x576.jpeg\" alt=\"\" data-id=\"22719\" data-full-url=\"https:\/\/www.mecerreyes.com\/mece\/wp-content\/uploads\/2022\/11\/Mecerreyes-cementerio-1-11-2022-2.jpeg\" data-link=\"https:\/\/www.mecerreyes.com\/mece\/?attachment_id=22719\" class=\"wp-image-22719\" srcset=\"https:\/\/www.mecerreyes.com\/mece\/wp-content\/uploads\/2022\/11\/Mecerreyes-cementerio-1-11-2022-2-1024x576.jpeg 1024w, https:\/\/www.mecerreyes.com\/mece\/wp-content\/uploads\/2022\/11\/Mecerreyes-cementerio-1-11-2022-2-300x169.jpeg 300w, https:\/\/www.mecerreyes.com\/mece\/wp-content\/uploads\/2022\/11\/Mecerreyes-cementerio-1-11-2022-2-768x432.jpeg 768w, https:\/\/www.mecerreyes.com\/mece\/wp-content\/uploads\/2022\/11\/Mecerreyes-cementerio-1-11-2022-2-1536x864.jpeg 1536w, https:\/\/www.mecerreyes.com\/mece\/wp-content\/uploads\/2022\/11\/Mecerreyes-cementerio-1-11-2022-2-1080x608.jpeg 1080w, https:\/\/www.mecerreyes.com\/mece\/wp-content\/uploads\/2022\/11\/Mecerreyes-cementerio-1-11-2022-2.jpeg 2000w\" sizes=\"(max-width: 1024px) 100vw, 1024px\" \/><\/a><\/figure><\/li><\/ul><\/figure>\n\n\n\n<p class=\"has-text-align-center\"><em><span style=\"color:#140ca5\" class=\"has-inline-color\">Soy el fr\u00edo negror de la parca, <br>El amargo d\u00eda de morir.<br>Soy cuervo de augurios de acero. <br>Y el ata\u00fad donde ir\u00e9 a no ser lo que fui. <br>Vendr\u00e1 un cortejo de grajos, <br>A llorar mi condici\u00f3n. <br>Y ser\u00e1 tan negro mi porvenir, <br>Que volver\u00e9 a bailar en los huesos. <br>Cantando \u201cPobre de mi\u201d<\/span><\/em><\/p>\n\n\n\n<p class=\"has-text-align-right\"><span style=\"color:#140ca5\" class=\"has-inline-color\">\u00a0(Rosa Cortizo)<\/span><\/p>\n\n\n\n<figure class=\"wp-block-gallery columns-1 is-cropped wp-block-gallery-20 is-layout-flex wp-block-gallery-is-layout-flex\"><ul class=\"blocks-gallery-grid\"><li class=\"blocks-gallery-item\"><figure><a  href=\"https:\/\/www.mecerreyes.com\/mece\/wp-content\/uploads\/2022\/11\/Mecerreyes-cementerio-1-11-2022-1.jpeg\" class=\"thickbox no_icon\" title=\"\"><img loading=\"lazy\" decoding=\"async\" width=\"1024\" height=\"576\" src=\"https:\/\/www.mecerreyes.com\/mece\/wp-content\/uploads\/2022\/11\/Mecerreyes-cementerio-1-11-2022-1-1024x576.jpeg\" alt=\"\" data-id=\"22720\" data-full-url=\"https:\/\/www.mecerreyes.com\/mece\/wp-content\/uploads\/2022\/11\/Mecerreyes-cementerio-1-11-2022-1.jpeg\" data-link=\"https:\/\/www.mecerreyes.com\/mece\/?attachment_id=22720\" class=\"wp-image-22720\" srcset=\"https:\/\/www.mecerreyes.com\/mece\/wp-content\/uploads\/2022\/11\/Mecerreyes-cementerio-1-11-2022-1-1024x576.jpeg 1024w, https:\/\/www.mecerreyes.com\/mece\/wp-content\/uploads\/2022\/11\/Mecerreyes-cementerio-1-11-2022-1-300x169.jpeg 300w, https:\/\/www.mecerreyes.com\/mece\/wp-content\/uploads\/2022\/11\/Mecerreyes-cementerio-1-11-2022-1-768x432.jpeg 768w, https:\/\/www.mecerreyes.com\/mece\/wp-content\/uploads\/2022\/11\/Mecerreyes-cementerio-1-11-2022-1-1536x864.jpeg 1536w, https:\/\/www.mecerreyes.com\/mece\/wp-content\/uploads\/2022\/11\/Mecerreyes-cementerio-1-11-2022-1-1080x608.jpeg 1080w, https:\/\/www.mecerreyes.com\/mece\/wp-content\/uploads\/2022\/11\/Mecerreyes-cementerio-1-11-2022-1.jpeg 2000w\" sizes=\"(max-width: 1024px) 100vw, 1024px\" \/><\/a><\/figure><\/li><\/ul><\/figure>\n\n\n\n<div style=\"height:61px\" aria-hidden=\"true\" class=\"wp-block-spacer\"><\/div>\n\n\n\n<p style=\"font-size:22px\" class=\"has-background has-luminous-vivid-amber-background-color\"><strong>JORGE BENITO SANTAMAR\u00cdA<\/strong><\/p>\n\n\n\n<p>Bajo el t\u00edtulo \u201cA mis Cantautores\u201d el pr\u00f3ximo 19 de noviembre el centro Cultural \u201cManuel Entero\u201d de Colmenarejo acoge el segundo concierto recopilatorio de las canciones que han marcado la trayectoria de Jorge junto a los grandes artistas con los que ha colaborado durante su larga trayectoria art\u00edstica.<\/p>\n\n\n\n<p>Deseamos disfrute del privilegio de poder emocionar \u00a0al p\u00fablico con su voz y de los merecidos aplausos. <\/p>\n\n\n\n<figure class=\"wp-block-gallery columns-1 is-cropped wp-block-gallery-21 is-layout-flex wp-block-gallery-is-layout-flex\"><ul class=\"blocks-gallery-grid\"><li class=\"blocks-gallery-item\"><figure><a  href=\"https:\/\/www.mecerreyes.com\/mece\/wp-content\/uploads\/2022\/11\/Jorge-Benito.jpeg\" class=\"thickbox no_icon\" title=\"\"><img loading=\"lazy\" decoding=\"async\" width=\"820\" height=\"1024\" src=\"https:\/\/www.mecerreyes.com\/mece\/wp-content\/uploads\/2022\/11\/Jorge-Benito.jpeg\" alt=\"\" data-id=\"22687\" data-full-url=\"https:\/\/www.mecerreyes.com\/mece\/wp-content\/uploads\/2022\/11\/Jorge-Benito.jpeg\" data-link=\"https:\/\/www.mecerreyes.com\/mece\/?attachment_id=22687\" class=\"wp-image-22687\" srcset=\"https:\/\/www.mecerreyes.com\/mece\/wp-content\/uploads\/2022\/11\/Jorge-Benito.jpeg 820w, https:\/\/www.mecerreyes.com\/mece\/wp-content\/uploads\/2022\/11\/Jorge-Benito-240x300.jpeg 240w, https:\/\/www.mecerreyes.com\/mece\/wp-content\/uploads\/2022\/11\/Jorge-Benito-768x959.jpeg 768w\" sizes=\"(max-width: 820px) 100vw, 820px\" \/><\/a><\/figure><\/li><\/ul><\/figure>\n\n\n\n<div style=\"height:51px\" aria-hidden=\"true\" class=\"wp-block-spacer\"><\/div>\n\n\n\n<p style=\"font-size:22px\" class=\"has-background has-luminous-vivid-amber-background-color\"><strong>FIESTAS PATRONALES<\/strong><\/p>\n\n\n\n<p>El pr\u00f3ximo d\u00eda 11 de noviembre celebraremos la fiesta de nuestro patr\u00f3n <a  href=\"https:\/\/www.mecerreyes.com\/mece\/?page_id=58\">San Mart\u00edn<\/a>.<\/p>\n\n\n\n<p><strong>A las 12:00 h comenzar\u00e1n los actos con la Procesi\u00f3n en honor a <a  href=\"https:\/\/www.mecerreyes.com\/mece\/?page_id=58\">San Mart\u00edn<\/a><\/strong>, a continuaci\u00f3n la Santa Misa y a su t\u00e9rmino el <a  href=\"https:\/\/www.mecerreyes.com\/mece\/?page_id=24\">Ayuntamiento<\/a> ofrecer\u00e1 el tradicional pincho popular. <br>Y como no puede ser de otra forma, no faltar\u00e1 la m\u00fasica.<\/p>\n\n\n\n<p>Esperamos sea un fin de semana de disfrute para todos.<\/p>\n\n\n\n<p>Os esperamos. \u00a1Viva <a  href=\"https:\/\/www.mecerreyes.com\/mece\/?page_id=58\">San Mart\u00edn<\/a>! \u00a1Viva!<\/p>\n\n\n\n<figure class=\"wp-block-gallery columns-1 is-cropped wp-block-gallery-22 is-layout-flex wp-block-gallery-is-layout-flex\"><ul class=\"blocks-gallery-grid\"><li class=\"blocks-gallery-item\"><figure><a  href=\"http:\/\/www.mecerreyes.com\/mece\/wp-content\/uploads\/2021\/12\/Mecerreyes-San-Martin-2021-11.jpg\" class=\"thickbox no_icon\" title=\"\"><img loading=\"lazy\" decoding=\"async\" width=\"1024\" height=\"682\" src=\"http:\/\/www.mecerreyes.com\/mece\/wp-content\/uploads\/2021\/12\/Mecerreyes-San-Martin-2021-11-1024x682.jpg\" alt=\"\" data-id=\"21334\" data-full-url=\"http:\/\/www.mecerreyes.com\/mece\/wp-content\/uploads\/2021\/12\/Mecerreyes-San-Martin-2021-11.jpg\" data-link=\"http:\/\/www.mecerreyes.com\/mece\/?attachment_id=21334\" class=\"wp-image-21334\" srcset=\"https:\/\/www.mecerreyes.com\/mece\/wp-content\/uploads\/2021\/12\/Mecerreyes-San-Martin-2021-11-1024x682.jpg 1024w, https:\/\/www.mecerreyes.com\/mece\/wp-content\/uploads\/2021\/12\/Mecerreyes-San-Martin-2021-11-300x200.jpg 300w, https:\/\/www.mecerreyes.com\/mece\/wp-content\/uploads\/2021\/12\/Mecerreyes-San-Martin-2021-11-768x512.jpg 768w, https:\/\/www.mecerreyes.com\/mece\/wp-content\/uploads\/2021\/12\/Mecerreyes-San-Martin-2021-11-1536x1024.jpg 1536w, https:\/\/www.mecerreyes.com\/mece\/wp-content\/uploads\/2021\/12\/Mecerreyes-San-Martin-2021-11-1080x720.jpg 1080w, https:\/\/www.mecerreyes.com\/mece\/wp-content\/uploads\/2021\/12\/Mecerreyes-San-Martin-2021-11.jpg 1925w\" sizes=\"(max-width: 1024px) 100vw, 1024px\" \/><\/a><\/figure><\/li><\/ul><\/figure>\n\n\n\n<div style=\"height:50px\" aria-hidden=\"true\" class=\"wp-block-spacer\"><\/div>\n\n\n\n<p style=\"font-size:22px\" class=\"has-background has-luminous-vivid-amber-background-color\"><strong>REFRANERO<\/strong><\/p>\n\n\n\n<ul class=\"wp-block-list\"><li><em>En octubre podar\u00e1s, m\u00e1s la encina dejar\u00e1s.<\/em><\/li><li><em>Octubre vinatero, padre del buen cuero.<\/em><\/li><li><em>En octubre, el enfermo que no se agarra, cae con la hoja de parra.<\/em><\/li><li><em>El diluvio y la inundaci\u00f3n hacen en octubre su aparici\u00f3n.<\/em><\/li><\/ul>\n\n\n\n<div style=\"height:40px\" aria-hidden=\"true\" class=\"wp-block-spacer\"><\/div>\n\n\n\n<figure class=\"wp-block-gallery columns-2 is-cropped wp-block-gallery-23 is-layout-flex wp-block-gallery-is-layout-flex\"><ul class=\"blocks-gallery-grid\"><li class=\"blocks-gallery-item\"><figure><a  href=\"https:\/\/www.mecerreyes.com\/mece\/wp-content\/uploads\/2022\/11\/Mecerreyes-octubre-2022-5.jpeg\" class=\"thickbox no_icon\" title=\"\"><img loading=\"lazy\" decoding=\"async\" width=\"1024\" height=\"576\" src=\"https:\/\/www.mecerreyes.com\/mece\/wp-content\/uploads\/2022\/11\/Mecerreyes-octubre-2022-5-1024x576.jpeg\" alt=\"\" data-id=\"22724\" data-full-url=\"https:\/\/www.mecerreyes.com\/mece\/wp-content\/uploads\/2022\/11\/Mecerreyes-octubre-2022-5.jpeg\" data-link=\"https:\/\/www.mecerreyes.com\/mece\/?attachment_id=22724\" class=\"wp-image-22724\" srcset=\"https:\/\/www.mecerreyes.com\/mece\/wp-content\/uploads\/2022\/11\/Mecerreyes-octubre-2022-5-1024x576.jpeg 1024w, https:\/\/www.mecerreyes.com\/mece\/wp-content\/uploads\/2022\/11\/Mecerreyes-octubre-2022-5-300x169.jpeg 300w, https:\/\/www.mecerreyes.com\/mece\/wp-content\/uploads\/2022\/11\/Mecerreyes-octubre-2022-5-768x432.jpeg 768w, https:\/\/www.mecerreyes.com\/mece\/wp-content\/uploads\/2022\/11\/Mecerreyes-octubre-2022-5-1536x864.jpeg 1536w, https:\/\/www.mecerreyes.com\/mece\/wp-content\/uploads\/2022\/11\/Mecerreyes-octubre-2022-5-1080x608.jpeg 1080w, https:\/\/www.mecerreyes.com\/mece\/wp-content\/uploads\/2022\/11\/Mecerreyes-octubre-2022-5.jpeg 1600w\" sizes=\"(max-width: 1024px) 100vw, 1024px\" \/><\/a><\/figure><\/li><li class=\"blocks-gallery-item\"><figure><a  href=\"https:\/\/www.mecerreyes.com\/mece\/wp-content\/uploads\/2022\/11\/Mecerreyes-octubre-2022-1.jpeg\" class=\"thickbox no_icon\" title=\"\"><img loading=\"lazy\" decoding=\"async\" width=\"1024\" height=\"576\" src=\"https:\/\/www.mecerreyes.com\/mece\/wp-content\/uploads\/2022\/11\/Mecerreyes-octubre-2022-1-1024x576.jpeg\" alt=\"\" data-id=\"22725\" data-full-url=\"https:\/\/www.mecerreyes.com\/mece\/wp-content\/uploads\/2022\/11\/Mecerreyes-octubre-2022-1.jpeg\" data-link=\"https:\/\/www.mecerreyes.com\/mece\/?attachment_id=22725\" class=\"wp-image-22725\" srcset=\"https:\/\/www.mecerreyes.com\/mece\/wp-content\/uploads\/2022\/11\/Mecerreyes-octubre-2022-1-1024x576.jpeg 1024w, https:\/\/www.mecerreyes.com\/mece\/wp-content\/uploads\/2022\/11\/Mecerreyes-octubre-2022-1-300x169.jpeg 300w, https:\/\/www.mecerreyes.com\/mece\/wp-content\/uploads\/2022\/11\/Mecerreyes-octubre-2022-1-768x432.jpeg 768w, https:\/\/www.mecerreyes.com\/mece\/wp-content\/uploads\/2022\/11\/Mecerreyes-octubre-2022-1-1536x864.jpeg 1536w, https:\/\/www.mecerreyes.com\/mece\/wp-content\/uploads\/2022\/11\/Mecerreyes-octubre-2022-1-1080x608.jpeg 1080w, https:\/\/www.mecerreyes.com\/mece\/wp-content\/uploads\/2022\/11\/Mecerreyes-octubre-2022-1.jpeg 2000w\" sizes=\"(max-width: 1024px) 100vw, 1024px\" \/><\/a><\/figure><\/li><li class=\"blocks-gallery-item\"><figure><a  href=\"https:\/\/www.mecerreyes.com\/mece\/wp-content\/uploads\/2022\/11\/Mecerreyes-octubre-2022-2.jpeg\" class=\"thickbox no_icon\" title=\"\"><img loading=\"lazy\" decoding=\"async\" width=\"576\" height=\"1024\" src=\"https:\/\/www.mecerreyes.com\/mece\/wp-content\/uploads\/2022\/11\/Mecerreyes-octubre-2022-2-576x1024.jpeg\" alt=\"\" data-id=\"22726\" data-full-url=\"https:\/\/www.mecerreyes.com\/mece\/wp-content\/uploads\/2022\/11\/Mecerreyes-octubre-2022-2.jpeg\" data-link=\"https:\/\/www.mecerreyes.com\/mece\/?attachment_id=22726\" class=\"wp-image-22726\" srcset=\"https:\/\/www.mecerreyes.com\/mece\/wp-content\/uploads\/2022\/11\/Mecerreyes-octubre-2022-2-576x1024.jpeg 576w, https:\/\/www.mecerreyes.com\/mece\/wp-content\/uploads\/2022\/11\/Mecerreyes-octubre-2022-2-169x300.jpeg 169w, https:\/\/www.mecerreyes.com\/mece\/wp-content\/uploads\/2022\/11\/Mecerreyes-octubre-2022-2-768x1365.jpeg 768w, https:\/\/www.mecerreyes.com\/mece\/wp-content\/uploads\/2022\/11\/Mecerreyes-octubre-2022-2-864x1536.jpeg 864w, https:\/\/www.mecerreyes.com\/mece\/wp-content\/uploads\/2022\/11\/Mecerreyes-octubre-2022-2-1080x1920.jpeg 1080w, https:\/\/www.mecerreyes.com\/mece\/wp-content\/uploads\/2022\/11\/Mecerreyes-octubre-2022-2.jpeg 1125w\" sizes=\"(max-width: 576px) 100vw, 576px\" \/><\/a><\/figure><\/li><li class=\"blocks-gallery-item\"><figure><a  href=\"https:\/\/www.mecerreyes.com\/mece\/wp-content\/uploads\/2022\/11\/Mecerreyes-octubre-2022-4.jpeg\" class=\"thickbox no_icon\" title=\"\"><img loading=\"lazy\" decoding=\"async\" width=\"1024\" height=\"576\" src=\"https:\/\/www.mecerreyes.com\/mece\/wp-content\/uploads\/2022\/11\/Mecerreyes-octubre-2022-4-1024x576.jpeg\" alt=\"\" data-id=\"22728\" data-full-url=\"https:\/\/www.mecerreyes.com\/mece\/wp-content\/uploads\/2022\/11\/Mecerreyes-octubre-2022-4.jpeg\" data-link=\"https:\/\/www.mecerreyes.com\/mece\/?attachment_id=22728\" class=\"wp-image-22728\" srcset=\"https:\/\/www.mecerreyes.com\/mece\/wp-content\/uploads\/2022\/11\/Mecerreyes-octubre-2022-4-1024x576.jpeg 1024w, https:\/\/www.mecerreyes.com\/mece\/wp-content\/uploads\/2022\/11\/Mecerreyes-octubre-2022-4-300x169.jpeg 300w, https:\/\/www.mecerreyes.com\/mece\/wp-content\/uploads\/2022\/11\/Mecerreyes-octubre-2022-4-768x432.jpeg 768w, https:\/\/www.mecerreyes.com\/mece\/wp-content\/uploads\/2022\/11\/Mecerreyes-octubre-2022-4-1536x864.jpeg 1536w, https:\/\/www.mecerreyes.com\/mece\/wp-content\/uploads\/2022\/11\/Mecerreyes-octubre-2022-4-1080x608.jpeg 1080w, https:\/\/www.mecerreyes.com\/mece\/wp-content\/uploads\/2022\/11\/Mecerreyes-octubre-2022-4.jpeg 2000w\" sizes=\"(max-width: 1024px) 100vw, 1024px\" \/><\/a><\/figure><\/li><\/ul><\/figure>","protected":false},"excerpt":{"rendered":"<p>OCTUBRE 2022 Decimos adi\u00f3s a un mes de octubre lleno de planes, luces y sombras, instalados en la rutina del trabajo, del estudio o del merecido descanso de la jubilaci\u00f3n, pero en cualquiera de los casos con la mirada puesta en hacer pueblo o disfrutar de \u00e9l, aunque sea s\u00f3lo los fines de semana. La [&hellip;]<\/p>\n","protected":false},"author":5,"featured_media":22727,"comment_status":"open","ping_status":"closed","sticky":false,"template":"","format":"standard","meta":{"_et_pb_use_builder":"","_et_pb_old_content":"","_et_gb_content_width":"","footnotes":""},"categories":[1],"tags":[],"class_list":["post-22675","post","type-post","status-publish","format-standard","has-post-thumbnail","hentry","category-general","et-has-post-format-content","et_post_format-et-post-format-standard"],"_links":{"self":[{"href":"https:\/\/www.mecerreyes.com\/mece\/index.php?rest_route=\/wp\/v2\/posts\/22675"}],"collection":[{"href":"https:\/\/www.mecerreyes.com\/mece\/index.php?rest_route=\/wp\/v2\/posts"}],"about":[{"href":"https:\/\/www.mecerreyes.com\/mece\/index.php?rest_route=\/wp\/v2\/types\/post"}],"author":[{"embeddable":true,"href":"https:\/\/www.mecerreyes.com\/mece\/index.php?rest_route=\/wp\/v2\/users\/5"}],"replies":[{"embeddable":true,"href":"https:\/\/www.mecerreyes.com\/mece\/index.php?rest_route=%2Fwp%2Fv2%2Fcomments&post=22675"}],"version-history":[{"count":15,"href":"https:\/\/www.mecerreyes.com\/mece\/index.php?rest_route=\/wp\/v2\/posts\/22675\/revisions"}],"predecessor-version":[{"id":22733,"href":"https:\/\/www.mecerreyes.com\/mece\/index.php?rest_route=\/wp\/v2\/posts\/22675\/revisions\/22733"}],"wp:featuredmedia":[{"embeddable":true,"href":"https:\/\/www.mecerreyes.com\/mece\/index.php?rest_route=\/wp\/v2\/media\/22727"}],"wp:attachment":[{"href":"https:\/\/www.mecerreyes.com\/mece\/index.php?rest_route=%2Fwp%2Fv2%2Fmedia&parent=22675"}],"wp:term":[{"taxonomy":"category","embeddable":true,"href":"https:\/\/www.mecerreyes.com\/mece\/index.php?rest_route=%2Fwp%2Fv2%2Fcategories&post=22675"},{"taxonomy":"post_tag","embeddable":true,"href":"https:\/\/www.mecerreyes.com\/mece\/index.php?rest_route=%2Fwp%2Fv2%2Ftags&post=22675"}],"curies":[{"name":"wp","href":"https:\/\/api.w.org\/{rel}","templated":true}]}}