{"id":22833,"date":"2022-12-10T20:38:48","date_gmt":"2022-12-10T19:38:48","guid":{"rendered":"http:\/\/www.mecerreyes.com\/mece\/?p=22833"},"modified":"2022-12-10T20:38:48","modified_gmt":"2022-12-10T19:38:48","slug":"anuncio-navidad-2022","status":"publish","type":"post","link":"https:\/\/www.mecerreyes.com\/mece\/?p=22833","title":{"rendered":"Anuncio Navidad 2022"},"content":{"rendered":"<p>Mecerreyes anuncia la <a  href=\"https:\/\/www.mecerreyes.com\/mece\/?page_id=62\">Navidad<\/a>.<\/p>\n\n\n\n<p><br>La <strong>35 edici\u00f3n del Bel\u00e9n tradicional de Mecerreyes<\/strong> bien merece una celebraci\u00f3n especial. El trabajo de la Asociaci\u00f3n Cultural Mecerreyes un a\u00f1o m\u00e1s se ver\u00e1 arropado por todos los amantes de esta tradici\u00f3n navide\u00f1a.\u00a0<\/p>\n\n\n\n<p>Desde este medio os convocamos a la <strong>inauguraci\u00f3n que tendr\u00e1 lugar en la Iglesia Parroquial de Mecerreyes, el 17 de diciembre a las 19:30 h.\u00a0<\/strong><\/p>\n\n\n\n<p>El acto comenzar\u00e1 con el <strong>preg\u00f3n a cargo de la guileta Inmaculada Alonso Alonso<\/strong> quien con el don de la palabra nos anuncia la <a  href=\"https:\/\/www.mecerreyes.com\/mece\/?page_id=62\">Navidad<\/a> 2022.\u00a0M\u00e9dico de incuestionable vocaci\u00f3n, amante de su familia, con un perfil solidario, sensible y humano,\u00a0bien conocido por cuantos hemos puesto nuestra visi\u00f3n en sus manos, se encargar\u00e1 de encender la estrella de la <a  href=\"https:\/\/www.mecerreyes.com\/mece\/?page_id=62\">Navidad<\/a> en Mecerreyes.\u00a0<\/p>\n\n\n\n<p>El entusiasmo y alegr\u00eda del <strong>Coro de J\u00f3venes de Burgos<\/strong> pertenecientes al proyecto musical de las Jornadas Mundiales de la Juventud convocadas por el Papa en Lisboa 2023 pondr\u00e1 la nota musical de la noche.\u00a0<\/p>\n\n\n\n<p>Finalmente se proceder\u00e1 a bendecir el <strong>Bel\u00e9n\u00a0dedicado este a\u00f1o a la escuela de p\u00e1rvulos<\/strong>\u00a0para disfrute de todos los presentes.\u00a0La galer\u00eda de fotos que iremos publicando os acercar\u00e1 un poquito a todos los que desde la distancia a\u00f1or\u00e9is vuestras ra\u00edces.<\/p>\n\n\n\n<div style=\"height:54px\" aria-hidden=\"true\" class=\"wp-block-spacer\"><\/div>\n\n\n\n<figure class=\"wp-block-gallery columns-1 is-cropped wp-block-gallery-1 is-layout-flex wp-block-gallery-is-layout-flex\"><ul class=\"blocks-gallery-grid\"><li class=\"blocks-gallery-item\"><figure><a  href=\"https:\/\/www.mecerreyes.com\/mece\/wp-content\/uploads\/2022\/12\/Mecerreyes-Anuncio-Navidad-2022-35-edici\u00f3n-del-Bel\u00e9n-Tradicional-scaled.jpg\" class=\"thickbox no_icon\" title=\"\"><img loading=\"lazy\" decoding=\"async\" width=\"724\" height=\"1024\" src=\"https:\/\/www.mecerreyes.com\/mece\/wp-content\/uploads\/2022\/12\/Mecerreyes-Anuncio-Navidad-2022-35-edici\u00f3n-del-Bel\u00e9n-Tradicional-724x1024.jpg\" alt=\"\" data-id=\"22840\" data-full-url=\"https:\/\/www.mecerreyes.com\/mece\/wp-content\/uploads\/2022\/12\/Mecerreyes-Anuncio-Navidad-2022-35-edici\u00f3n-del-Bel\u00e9n-Tradicional-scaled.jpg\" data-link=\"https:\/\/www.mecerreyes.com\/mece\/?attachment_id=22840\" class=\"wp-image-22840\" srcset=\"https:\/\/www.mecerreyes.com\/mece\/wp-content\/uploads\/2022\/12\/Mecerreyes-Anuncio-Navidad-2022-35-edici\u00f3n-del-Bel\u00e9n-Tradicional-724x1024.jpg 724w, https:\/\/www.mecerreyes.com\/mece\/wp-content\/uploads\/2022\/12\/Mecerreyes-Anuncio-Navidad-2022-35-edici\u00f3n-del-Bel\u00e9n-Tradicional-212x300.jpg 212w, https:\/\/www.mecerreyes.com\/mece\/wp-content\/uploads\/2022\/12\/Mecerreyes-Anuncio-Navidad-2022-35-edici\u00f3n-del-Bel\u00e9n-Tradicional-768x1086.jpg 768w, https:\/\/www.mecerreyes.com\/mece\/wp-content\/uploads\/2022\/12\/Mecerreyes-Anuncio-Navidad-2022-35-edici\u00f3n-del-Bel\u00e9n-Tradicional-1086x1536.jpg 1086w, https:\/\/www.mecerreyes.com\/mece\/wp-content\/uploads\/2022\/12\/Mecerreyes-Anuncio-Navidad-2022-35-edici\u00f3n-del-Bel\u00e9n-Tradicional-1448x2048.jpg 1448w, https:\/\/www.mecerreyes.com\/mece\/wp-content\/uploads\/2022\/12\/Mecerreyes-Anuncio-Navidad-2022-35-edici\u00f3n-del-Bel\u00e9n-Tradicional-1080x1527.jpg 1080w, https:\/\/www.mecerreyes.com\/mece\/wp-content\/uploads\/2022\/12\/Mecerreyes-Anuncio-Navidad-2022-35-edici\u00f3n-del-Bel\u00e9n-Tradicional-scaled.jpg 1810w\" sizes=\"(max-width: 724px) 100vw, 724px\" \/><\/a><\/figure><\/li><\/ul><\/figure>\n\n\n\n<div style=\"height:59px\" aria-hidden=\"true\" class=\"wp-block-spacer\"><\/div>\n\n\n\n<figure class=\"wp-block-gallery columns-2 is-cropped wp-block-gallery-2 is-layout-flex wp-block-gallery-is-layout-flex\"><ul class=\"blocks-gallery-grid\"><li class=\"blocks-gallery-item\"><figure><a  href=\"https:\/\/www.mecerreyes.com\/mece\/wp-content\/uploads\/2022\/12\/Mecerreyes-Bel\u00e9n-escuela-p\u00e1rvulos-2022-4-scaled.jpg\" class=\"thickbox no_icon\" title=\"\"><img loading=\"lazy\" decoding=\"async\" width=\"657\" height=\"1024\" src=\"https:\/\/www.mecerreyes.com\/mece\/wp-content\/uploads\/2022\/12\/Mecerreyes-Bel\u00e9n-escuela-p\u00e1rvulos-2022-4-657x1024.jpg\" alt=\"\" data-id=\"22836\" data-full-url=\"https:\/\/www.mecerreyes.com\/mece\/wp-content\/uploads\/2022\/12\/Mecerreyes-Bel\u00e9n-escuela-p\u00e1rvulos-2022-4-scaled.jpg\" data-link=\"https:\/\/www.mecerreyes.com\/mece\/?attachment_id=22836\" class=\"wp-image-22836\" srcset=\"https:\/\/www.mecerreyes.com\/mece\/wp-content\/uploads\/2022\/12\/Mecerreyes-Bel\u00e9n-escuela-p\u00e1rvulos-2022-4-657x1024.jpg 657w, https:\/\/www.mecerreyes.com\/mece\/wp-content\/uploads\/2022\/12\/Mecerreyes-Bel\u00e9n-escuela-p\u00e1rvulos-2022-4-192x300.jpg 192w, https:\/\/www.mecerreyes.com\/mece\/wp-content\/uploads\/2022\/12\/Mecerreyes-Bel\u00e9n-escuela-p\u00e1rvulos-2022-4-768x1197.jpg 768w, https:\/\/www.mecerreyes.com\/mece\/wp-content\/uploads\/2022\/12\/Mecerreyes-Bel\u00e9n-escuela-p\u00e1rvulos-2022-4-985x1536.jpg 985w, https:\/\/www.mecerreyes.com\/mece\/wp-content\/uploads\/2022\/12\/Mecerreyes-Bel\u00e9n-escuela-p\u00e1rvulos-2022-4-1314x2048.jpg 1314w, https:\/\/www.mecerreyes.com\/mece\/wp-content\/uploads\/2022\/12\/Mecerreyes-Bel\u00e9n-escuela-p\u00e1rvulos-2022-4-1080x1684.jpg 1080w, https:\/\/www.mecerreyes.com\/mece\/wp-content\/uploads\/2022\/12\/Mecerreyes-Bel\u00e9n-escuela-p\u00e1rvulos-2022-4-scaled.jpg 1642w\" sizes=\"(max-width: 657px) 100vw, 657px\" \/><\/a><\/figure><\/li><li class=\"blocks-gallery-item\"><figure><a  href=\"https:\/\/www.mecerreyes.com\/mece\/wp-content\/uploads\/2022\/12\/Mecerreyes-Bel\u00e9n-escuela-p\u00e1rvulos-2022-5-scaled.jpg\" class=\"thickbox no_icon\" title=\"\"><img loading=\"lazy\" decoding=\"async\" width=\"713\" height=\"1024\" src=\"https:\/\/www.mecerreyes.com\/mece\/wp-content\/uploads\/2022\/12\/Mecerreyes-Bel\u00e9n-escuela-p\u00e1rvulos-2022-5-713x1024.jpg\" alt=\"\" data-id=\"22837\" data-full-url=\"https:\/\/www.mecerreyes.com\/mece\/wp-content\/uploads\/2022\/12\/Mecerreyes-Bel\u00e9n-escuela-p\u00e1rvulos-2022-5-scaled.jpg\" data-link=\"https:\/\/www.mecerreyes.com\/mece\/?attachment_id=22837\" class=\"wp-image-22837\" srcset=\"https:\/\/www.mecerreyes.com\/mece\/wp-content\/uploads\/2022\/12\/Mecerreyes-Bel\u00e9n-escuela-p\u00e1rvulos-2022-5-713x1024.jpg 713w, https:\/\/www.mecerreyes.com\/mece\/wp-content\/uploads\/2022\/12\/Mecerreyes-Bel\u00e9n-escuela-p\u00e1rvulos-2022-5-209x300.jpg 209w, https:\/\/www.mecerreyes.com\/mece\/wp-content\/uploads\/2022\/12\/Mecerreyes-Bel\u00e9n-escuela-p\u00e1rvulos-2022-5-768x1103.jpg 768w, https:\/\/www.mecerreyes.com\/mece\/wp-content\/uploads\/2022\/12\/Mecerreyes-Bel\u00e9n-escuela-p\u00e1rvulos-2022-5-1069x1536.jpg 1069w, https:\/\/www.mecerreyes.com\/mece\/wp-content\/uploads\/2022\/12\/Mecerreyes-Bel\u00e9n-escuela-p\u00e1rvulos-2022-5-1426x2048.jpg 1426w, https:\/\/www.mecerreyes.com\/mece\/wp-content\/uploads\/2022\/12\/Mecerreyes-Bel\u00e9n-escuela-p\u00e1rvulos-2022-5-1080x1551.jpg 1080w, https:\/\/www.mecerreyes.com\/mece\/wp-content\/uploads\/2022\/12\/Mecerreyes-Bel\u00e9n-escuela-p\u00e1rvulos-2022-5-scaled.jpg 1782w\" sizes=\"(max-width: 713px) 100vw, 713px\" \/><\/a><\/figure><\/li><li class=\"blocks-gallery-item\"><figure><a  href=\"https:\/\/www.mecerreyes.com\/mece\/wp-content\/uploads\/2022\/12\/Mecerreyes-Bel\u00e9n-escuela-p\u00e1rvulos-2022-1-scaled.jpg\" class=\"thickbox no_icon\" title=\"\"><img loading=\"lazy\" decoding=\"async\" width=\"720\" height=\"1024\" src=\"https:\/\/www.mecerreyes.com\/mece\/wp-content\/uploads\/2022\/12\/Mecerreyes-Bel\u00e9n-escuela-p\u00e1rvulos-2022-1-720x1024.jpg\" alt=\"\" data-id=\"22838\" data-full-url=\"https:\/\/www.mecerreyes.com\/mece\/wp-content\/uploads\/2022\/12\/Mecerreyes-Bel\u00e9n-escuela-p\u00e1rvulos-2022-1-scaled.jpg\" data-link=\"https:\/\/www.mecerreyes.com\/mece\/?attachment_id=22838\" class=\"wp-image-22838\" srcset=\"https:\/\/www.mecerreyes.com\/mece\/wp-content\/uploads\/2022\/12\/Mecerreyes-Bel\u00e9n-escuela-p\u00e1rvulos-2022-1-720x1024.jpg 720w, https:\/\/www.mecerreyes.com\/mece\/wp-content\/uploads\/2022\/12\/Mecerreyes-Bel\u00e9n-escuela-p\u00e1rvulos-2022-1-211x300.jpg 211w, https:\/\/www.mecerreyes.com\/mece\/wp-content\/uploads\/2022\/12\/Mecerreyes-Bel\u00e9n-escuela-p\u00e1rvulos-2022-1-768x1092.jpg 768w, https:\/\/www.mecerreyes.com\/mece\/wp-content\/uploads\/2022\/12\/Mecerreyes-Bel\u00e9n-escuela-p\u00e1rvulos-2022-1-1081x1536.jpg 1081w, https:\/\/www.mecerreyes.com\/mece\/wp-content\/uploads\/2022\/12\/Mecerreyes-Bel\u00e9n-escuela-p\u00e1rvulos-2022-1-1441x2048.jpg 1441w, https:\/\/www.mecerreyes.com\/mece\/wp-content\/uploads\/2022\/12\/Mecerreyes-Bel\u00e9n-escuela-p\u00e1rvulos-2022-1-1080x1535.jpg 1080w, https:\/\/www.mecerreyes.com\/mece\/wp-content\/uploads\/2022\/12\/Mecerreyes-Bel\u00e9n-escuela-p\u00e1rvulos-2022-1-scaled.jpg 1801w\" sizes=\"(max-width: 720px) 100vw, 720px\" \/><\/a><\/figure><\/li><\/ul><\/figure>","protected":false},"excerpt":{"rendered":"<p>Mecerreyes anuncia la Navidad. La 35 edici\u00f3n del Bel\u00e9n tradicional de Mecerreyes bien merece una celebraci\u00f3n especial. El trabajo de la Asociaci\u00f3n Cultural Mecerreyes un a\u00f1o m\u00e1s se ver\u00e1 arropado por todos los amantes de esta tradici\u00f3n navide\u00f1a.\u00a0 Desde este medio os convocamos a la inauguraci\u00f3n que tendr\u00e1 lugar en la Iglesia Parroquial de Mecerreyes, [&hellip;]<\/p>\n","protected":false},"author":5,"featured_media":22844,"comment_status":"open","ping_status":"closed","sticky":false,"template":"","format":"standard","meta":{"_et_pb_use_builder":"","_et_pb_old_content":"","_et_gb_content_width":"","footnotes":""},"categories":[1],"tags":[33,8],"class_list":["post-22833","post","type-post","status-publish","format-standard","has-post-thumbnail","hentry","category-general","tag-belen","tag-navidad","et-has-post-format-content","et_post_format-et-post-format-standard"],"_links":{"self":[{"href":"https:\/\/www.mecerreyes.com\/mece\/index.php?rest_route=\/wp\/v2\/posts\/22833"}],"collection":[{"href":"https:\/\/www.mecerreyes.com\/mece\/index.php?rest_route=\/wp\/v2\/posts"}],"about":[{"href":"https:\/\/www.mecerreyes.com\/mece\/index.php?rest_route=\/wp\/v2\/types\/post"}],"author":[{"embeddable":true,"href":"https:\/\/www.mecerreyes.com\/mece\/index.php?rest_route=\/wp\/v2\/users\/5"}],"replies":[{"embeddable":true,"href":"https:\/\/www.mecerreyes.com\/mece\/index.php?rest_route=%2Fwp%2Fv2%2Fcomments&post=22833"}],"version-history":[{"count":3,"href":"https:\/\/www.mecerreyes.com\/mece\/index.php?rest_route=\/wp\/v2\/posts\/22833\/revisions"}],"predecessor-version":[{"id":22841,"href":"https:\/\/www.mecerreyes.com\/mece\/index.php?rest_route=\/wp\/v2\/posts\/22833\/revisions\/22841"}],"wp:featuredmedia":[{"embeddable":true,"href":"https:\/\/www.mecerreyes.com\/mece\/index.php?rest_route=\/wp\/v2\/media\/22844"}],"wp:attachment":[{"href":"https:\/\/www.mecerreyes.com\/mece\/index.php?rest_route=%2Fwp%2Fv2%2Fmedia&parent=22833"}],"wp:term":[{"taxonomy":"category","embeddable":true,"href":"https:\/\/www.mecerreyes.com\/mece\/index.php?rest_route=%2Fwp%2Fv2%2Fcategories&post=22833"},{"taxonomy":"post_tag","embeddable":true,"href":"https:\/\/www.mecerreyes.com\/mece\/index.php?rest_route=%2Fwp%2Fv2%2Ftags&post=22833"}],"curies":[{"name":"wp","href":"https:\/\/api.w.org\/{rel}","templated":true}]}}