{"id":2295,"date":"2010-12-28T15:31:50","date_gmt":"2010-12-28T14:31:50","guid":{"rendered":"http:\/\/www.mecerreyes.com\/mece\/?p=2295"},"modified":"2011-01-26T15:13:23","modified_gmt":"2011-01-26T14:13:23","slug":"belen-la-obligacion-2010","status":"publish","type":"post","link":"https:\/\/www.mecerreyes.com\/mece\/?p=2295","title":{"rendered":"Cr\u00f3nica Navidad-Preg\u00f3n-Bel\u00e9n 2010"},"content":{"rendered":"<p style=\"text-align: justify\"><span style=\"color: #ff0000\">* * * (Cr\u00f3nica completa)<\/span><\/p>\n<h2 style=\"text-align: justify;margin-bottom: 0cm\">CABALGATA Y REYES<\/h2>\n<p style=\"text-align: justify;margin-bottom: 0cm\">Hasta \u00faltima hora no supimos si iba a salir la cabalgata o no, con novedades este a\u00f1o. El mal tiempo la hizo peligrar. Al final, con m\u00e1s de media hora de retraso sali\u00f3. La emoci\u00f3n de los ni\u00f1os y la ilusi\u00f3n de todos pudieron con el fr\u00edo, el viento y la lluvia. Tras un recorrido en la carroza los <strong>Reyes Magos<\/strong> llegaron al <strong>Portal de Bel\u00e9n<\/strong>, este a\u00f1o instalado en la cancela de la Iglesia. All\u00ed adoraron al Ni\u00f1o y le ofrecieron sus regalos. Despu\u00e9s nos bajamos al <a  href=\"https:\/\/www.mecerreyes.com\/mece\/?page_id=24\">Ayuntamiento<\/a> donde los ni\u00f1os recibieron de manos de Sus Majestades los regalos que hab\u00edan tra\u00eddo para ellos. Al final un chocolate nos permiti\u00f3 confraternizar un buen rato.<\/p>\n<p style=\"text-align: justify\">El d\u00eda de Reyes estuvo marcado por la triste noticia de la muerte de Seve. La misa fue de funeral. Y siguiendo el programa y la intenci\u00f3n navide\u00f1a (una <a  href=\"https:\/\/www.mecerreyes.com\/mece\/?page_id=62\">navidad<\/a> solidaria), la colecta estuvo destinada para el comedor que las Hijas de la caridad gestionan junto a la iglesia de san Esteban (Casa san Vicente de Pa\u00fal). Muchas gracias a todos por vuestra generosa aportaci\u00f3n: 203,50 \u20ac.<\/p>\n<p style=\"text-align: justify\"><span style=\"color: #000000\">&#8212;&#8212;&#8212;&#8212;&#8212;&#8212;&#8212;&#8212;&#8212;&#8212;&#8212;&#8212;&#8212;&#8211;<\/span><\/p>\n<h2 style=\"text-align: justify\"><span style=\"color: #000000\">IES Salvador Sandoval<\/span><\/h2>\n<p style=\"text-align: justify;margin-bottom: 0cm\">Queremos hacer un agradecimiento muy especial al IES Salvador Sandoval de Las Torres de Cotillas (Murcia) por haber participado con alguno de sus alumnos en el tradicional concurso de cuentos navide\u00f1os, y en particular a su profesora \u00c1ngeles Cremades. Como nos ha parecido una iniciativa tan singular vamos a proponer un hermanamiento y organizar una excursi\u00f3n a aquellas tierras, sobre todo en estos d\u00edas de tanto fr\u00edo. Los alumnos participantes han sido: Lorenzo Fern\u00e1ndez Contreras, Iv\u00e1n Garc\u00eda L\u00f3pez, F\u00e1tima Lemssae e Irene Yepes. Muchas gracias por vuestra participaci\u00f3n y pronto os haremos llegar un peque\u00f1o obsequio ya que como no iban a poder venir a la entrega de premios, decidimos hacer una secci\u00f3n especial para ellos.<\/p>\n<p style=\"text-align: justify\"><span style=\"color: #000000\">&#8212;&#8212;&#8212;&#8212;&#8212;&#8212;&#8212;&#8212;&#8212;&#8212;&#8212;&#8212;&#8212;&#8211;<\/span><\/p>\n<h2 style=\"text-align: justify\"><span style=\"color: #000000\">PREG\u00d3N DE <a  href=\"https:\/\/www.mecerreyes.com\/mece\/?page_id=62\">NAVIDAD<\/a><\/span><\/h2>\n<p style=\"text-align: justify\"><span style=\"color: #000000\">Para los que no\u00a0pudisteis estar ese d\u00eda, reproducimos el <strong>preg\u00f3n de <a  href=\"https:\/\/www.mecerreyes.com\/mece\/?page_id=62\">Navidad<\/a><\/strong> realizado por <strong>Mar\u00eda y Asier<\/strong> (sobrinos de Montse), sentimos no poder acompa\u00f1ar el texto con la m\u00fasica que nos ofrecieron mientras lo\u00a0le\u00edan: <\/span><\/p>\n<p style=\"text-align: justify\"><span style=\"color: #000000\">\u00a0<\/span><\/p>\n<p style=\"text-align: justify\"><em>Buenas tardes,<\/em><\/p>\n<p style=\"text-align: justify\"><em>Antes de nada queremos dar las gracias por el privilegio de ser los Pregoneros de esta <a  href=\"https:\/\/www.mecerreyes.com\/mece\/?page_id=62\">Navidad<\/a>. Lo hemos preparado con mucha ilusi\u00f3n. Cuando empezamos a pensar en c\u00f3mo hacerlo, hicimos un peque\u00f1o repaso a lo que suelen ser nuestras Navidades: montar el Bel\u00e9n, hacer la carta a los Reyes Magos, comidas familiares, y por supuesto la misa de gallo el d\u00eda 24, misa muy especial para nosotros. Adem\u00e1s de todas esas cosas bastante comunes, tenemos alguna un poco m\u00e1s especial. Yo empiezo a ambientarme en la <a  href=\"https:\/\/www.mecerreyes.com\/mece\/?page_id=62\">Navidad<\/a> ya por noviembre, porque canto en un coro, y por esas fechas ya empezamos a preparar los conciertos de <a  href=\"https:\/\/www.mecerreyes.com\/mece\/?page_id=62\">Navidad<\/a>. El de <a  href=\"https:\/\/www.mecerreyes.com\/mece\/?page_id=62\">Navidad<\/a> es mi concierto favorito, pero adem\u00e1s es un concierto bastante diferente a los del resto del a\u00f1o, porque desde hace como 15 a\u00f1os este concierto lo hacemos con una banda de txistus. El concierto siempre tiene el mismo esquema: 1\u00ba tocan ellos solos un par de canciones, luego cantamos el coro s\u00f3lo 3 o 4 canciones, y el resto del concierto lo hacemos todos juntos. El caso es que ellos siempre empiezan su parte con un villancico que nos gusta mucho, y hemos pensado que pod\u00eda servirnos de base hoy. Este villancico tiene 4 partes, que vamos a ir escuchando mientras hablamos.<\/em><\/p>\n<p style=\"text-align: justify\"><em>La\u00a0 1\u00aa parte es tranquila, l\u00e1nguida, quiz\u00e1s incluso triste. Narra con m\u00fasica la soledad de los pastores en la noche. No esperan nada, simplemente guardan sus ovejas bajo las estrellas, como todos los d\u00edas. \u00bfQui\u00e9n no se ha sentido alguna vez as\u00ed, envuelto en su rutina, sin mirar demasiado a nuestro alrededor, sin saber admirar las estrellas? Lo que nos rodea muchas veces tampoco nos ayuda: las injusticias, el sufrimiento, las enfermedades, hace que nos planteemos el sentido de la vida. La forma en que celebramos a veces la <a  href=\"https:\/\/www.mecerreyes.com\/mece\/?page_id=62\">Navidad<\/a> contribuye en este sentido: el consumismo que aumenta todav\u00eda m\u00e1s las diferencias entre pobres y ricos, reducir la <a  href=\"https:\/\/www.mecerreyes.com\/mece\/?page_id=62\">Navidad<\/a> solamente a los regalos, y las comilonas&#8230;<\/em><\/p>\n<p style=\"text-align: justify\"><em>La 2\u00aa parte es la marcha de los pastores a Bel\u00e9n. Es una parte alegre. Los pastores ya no est\u00e1n tristes, algo ha cambiado en su interior. Se les ha aparecido el \u00c1ngel, y les ha dado una buena noticia: ha nacido Jes\u00fas, y se dirigen alegres a conocerle, tras la estrella, porque ahora admiran las estrellas.<\/em><\/p>\n<p style=\"text-align: justify\"><em>Nosotros tambi\u00e9n estamos siempre en b\u00fasqueda, buscando algo que nos de vida, que nos llene de alegr\u00eda. Todos sabemos que lo material nos da una alegr\u00eda ef\u00edmera, como dec\u00eda el Principito, pero la alegr\u00eda de los pastores es mucho mayor, y no se acabar\u00e1.<\/em><\/p>\n<p style=\"text-align: justify\"><em>Cuando en una familia se espera la llegada de un nuevo miembro, todos nos preparamos. Nosotros lo hemos vivido este mismo a\u00f1o con 2 sobrinos. Los padres preparan la habitaci\u00f3n para su ni\u00f1o, las abuelas sacan las agujas de punto y se ponen a tejer que hasta sacan humo, y todos les compramos ropita, juguetes, el cochecito, la mantita &#8230; Estamos en adviento, sabemos que Jes\u00fas va a llegar.\u00a0 Y as\u00ed, con esa ilusi\u00f3n\u00a0 que esperamos a un ni\u00f1o en nuestras familias tenemos que preparar nuestro coraz\u00f3n a la llegada de Jes\u00fas, para que de sentido a nuestra vida, para que la llene de alegr\u00eda.<\/em><\/p>\n<p style=\"text-align: justify\"><em>La 3\u00aa parte es dulce, los pastores est\u00e1n en el portal de Bel\u00e9n adorando al ni\u00f1o. Llevan tiempo esper\u00e1ndole,\u00a0 y all\u00ed est\u00e1, Jes\u00fas ha venido al mundo, como regalo de Dios, para llevarnos de las tinieblas del bosque a la luz, para ense\u00f1arnos el camino, para ayudarnos a ser felices, para que de sentido a nuestra vida. Ese Dios nacido en Bel\u00e9n es el mejor regalo que nos ha podido entregar. Es un ni\u00f1o, pero saben que har\u00e1 cosas grandes, adem\u00e1s, como dice Boff, \u201cno puede haber tristeza cuando nace la vida\u201d Tambi\u00e9n dice: \u201cCelebra pues la llegada del mejor amigo, C\u00e1ntale a quien a sido siempre esperado y ansiado. Ya ha llegado por fin\u201d<\/em><\/p>\n<p style=\"text-align: justify\"><em>4\u00aa Los pastores se van, vuelven a su vida, pero algo ha cambiado en su interior y se van contentos. Tambi\u00e9n para nosotros los cristianos la\u00a0 <a  href=\"https:\/\/www.mecerreyes.com\/mece\/?page_id=62\">Navidad<\/a> tiene que cambiar algo en nuestro coraz\u00f3n y por tanto en nuestros actos. La <a  href=\"https:\/\/www.mecerreyes.com\/mece\/?page_id=62\">Navidad<\/a> tiene que recordarnos a los cristianos que debemos ser mejores. Tiene que producir en nosotros el mismo efecto que en los pastores, abrir nuestro coraz\u00f3n, iluminarnos, que iluminemos, ver las estrellas, sentir ganas de compartir.<\/em><\/p>\n<p style=\"text-align: justify\"><em>Podemos f\u00e1cilmente vaciar, empobrecer el contenido de estas fiestas. La <a  href=\"https:\/\/www.mecerreyes.com\/mece\/?page_id=62\">Navidad<\/a> es m\u00e1s que ese ambiente consumista que se respira en las calles y comercios. Es verdad que hacemos un peque\u00f1o esfuerzo por darle un ambiente festivo, y por eso adornamos nuestras casas con motivos navide\u00f1os: Belenes, luces, cirios, \u00e1rboles\u2026 No olvidemos sin embargo que el origen del Bel\u00e9n se remonta a San Francisco, que realiz\u00f3 el primer bel\u00e9n viviente.<\/em><\/p>\n<p style=\"text-align: justify\"><em>Tambi\u00e9n es costumbre en <a  href=\"https:\/\/www.mecerreyes.com\/mece\/?page_id=62\">Navidad<\/a> el intercambio de regalos, adquiriendo una importancia tremenda en la social actual. Todo ha sido muy bien aprovechado por la sociedad del consumo para animarnos a comprar y consumir m\u00e1s\u2026 sin embargo el intercambio de regalos tiene un origen cristiano. Los Magos\u00a0 llevan regalos al Ni\u00f1o nacido en Bel\u00e9n. Y los Magos no fueron los primeros en hacerlo, los primeros en aparecer en el portal de Bel\u00e9n y hacer sus ofrendas fueron los pastores, pobres seguramente en aquella \u00e9poca, pero sin embargo compartieron sus posesiones.<\/em><\/p>\n<p style=\"text-align: justify\"><em>Ante situaciones injustas tendemos a pensar que nosotros no podemos hacer nada, que el mundo es como es, que los que tienen que cambiar son otros, con m\u00e1s poder, m\u00e1s dinero, m\u00e1s fama. Sin embargo Anthony de Mello en su libro El canto del p\u00e1jaro, nos dice lo contrario en el siguiente texto.<\/em><\/p>\n<p style=\"text-align: justify\"><em>Por la calle vi a una ni\u00f1a aterida y tiritando de fr\u00edo en su ligero vestidito, y con pocas perspectivas de conseguir una\u00a0 comida decente. Me encoleric\u00e9 y le dije a Dios \u00bfpor qu\u00e9 permites estas cosas? \u00bfPor qu\u00e9 no haces nada para solucionarlo? Durante un rato Dios guard\u00f3 silencio, pero aquella noche de imprevisto me contest\u00f3. \u201cCiertamente que he hecho algo, te he hecho a ti\u201d<\/em><\/p>\n<p style=\"text-align: justify\"><em>Los pastores, ellos son para nosotros la clave de la <a  href=\"https:\/\/www.mecerreyes.com\/mece\/?page_id=62\">navidad<\/a>. A esas sencillas personas se les apareci\u00f3 el \u00e1ngel, ellos fueron los primeros en ir a Bel\u00e9n a conocer al ni\u00f1o, y\u00a0 ellos transmitieron la noticia. Pues eso, seamos pastores esta <a  href=\"https:\/\/www.mecerreyes.com\/mece\/?page_id=62\">Navidad<\/a>. Como dice un amigo fraile Franciscano amigo nuestro, Jose Angel Eguiguren: \u201cFelices si en el medio del bullicio de estas fiestas sabemos acoger con coraz\u00f3n creyente y agradecido el regalo de un Dios Ni\u00f1o. Entonces habr\u00e1 sido <a  href=\"https:\/\/www.mecerreyes.com\/mece\/?page_id=62\">Navidad<\/a> para nosotros\u201d.<\/em><\/p>\n<p style=\"text-align: justify\"><em>Y ya s\u00f3lo nos queda agradeceros una vez m\u00e1s habernos permitido compartir con vosotros estos momentos, y desearos una verdadera y feliz <a  href=\"https:\/\/www.mecerreyes.com\/mece\/?page_id=62\">Navidad<\/a>.<\/em><\/p>\n<p style=\"text-align: justify\"><em>Muchas gracias!!<\/em><\/p>\n<p style=\"text-align: justify\">&#8212;&#8212;&#8212;&#8212;&#8212;&#8212;&#8212;&#8212;&#8212;&#8212;&#8212;&#8212;&#8212;&#8212;&#8212;&#8212;&#8212;&#8212;&#8212;&#8212;&#8212;<\/p>\n<h2 style=\"text-align: justify\"><span style=\"color: #000000\">CR\u00d3NICA DE <a  href=\"https:\/\/www.mecerreyes.com\/mece\/?page_id=62\">NAVIDAD<\/a> 2010<\/span><\/h2>\n<p style=\"text-align: justify\">Era la hora del mediod\u00eda; quedaba mucho a\u00fan para que el reloj dijera que eran las siete de la tarde. Una calma inusitada rondaba la iglesia; no se ve\u00eda el bullicio de otros a\u00f1os. Algo raro estaba sucediendo. Jos\u00e9 pens\u00f3: \u201cVoy a ver qu\u00e9 ocurre; esto no es normal\u201d. Y con paso firme subi\u00f3 los pocos metros de la empinada cuesta. All\u00ed contempl\u00f3 algo asombroso: <strong>\u00a1El Bel\u00e9n estaba terminado mucho antes de lo esperado!<\/strong> Un peque\u00f1o grupo re\u00eda a gusto, parec\u00eda disfrutar del trabajo bien hecho. R\u00e1pidamente se uni\u00f3 a la alegr\u00eda del momento; \u201cs\u00f3lo nos falta una botellita y unas copas para celebrarlo\u201d, pens\u00f3.<\/p>\n<p style=\"text-align: justify\">De esa guisa cerraron la puerta con la esperanza de que unas horas m\u00e1s tarde todo el pueblo disfrutara de ese peque\u00f1o espect\u00e1culo del que ellos eran art\u00edfices.<\/p>\n<p style=\"text-align: justify\">Las horas pasaron m\u00e1s deprisa de lo esperado; llegaron los coros a ensayar y como si un demiurgo se hubiera apoderado de sus cuerpos, la impaciencia invadi\u00f3 esos momentos de espera. Con gran esfuerzo Jos\u00e9 y el resto del grupo mantuvieron la calma; pasaron lista para controlar que todo estuviera preparado: el lugar de ensayo, la presentaci\u00f3n, el preg\u00f3n, la decoraci\u00f3n, la iluminaci\u00f3n, los detalles para regalar, la distribuci\u00f3n de cargos, el vino espa\u00f1ol\u2026 \u00a1Todo! \u00a1Y el Bel\u00e9n funcionando!<\/p>\n<p style=\"text-align: justify\">Con gran gozo dieron por concluidos los preparativos; tan s\u00f3lo faltaba ponerse el traje bonito y calzarse para la ocasi\u00f3n.<\/p>\n<p style=\"text-align: justify\">El fr\u00edo apretaba. Los ni\u00f1os jugaban sin m\u00e1s preocupaci\u00f3n que meter un gol en la porter\u00eda contraria. El reloj, imperturbable en su rutina, toc\u00f3 las campanadas de rigor: din-don, din-don\u2026<\/p>\n<p style=\"text-align: justify\">\u00a1Las siete! La hora. El momento. Los nervios. El bullicio. El pulular. El entrar y salir. La aglomeraci\u00f3n. La ocupaci\u00f3n total del espacio.<\/p>\n<p style=\"text-align: justify\">\u201c\u00a1Buenas tardes a todos!\u201d. La cara de satisfacci\u00f3n del p\u00e1rroco era evidente. Jos\u00e9 pens\u00f3 que estaba orgulloso del trabajo de Rafa, Mari, Loren, Rita y todos los dem\u00e1s; y que \u00e9l mismo hab\u00eda puesto parte tambi\u00e9n; se ve\u00eda en su rostro. Con gran aplomo consigui\u00f3 el silencio del tendido, lleno por todas partes, m\u00e1s propio de tiempos a\u00f1ejos que de los actuales.<\/p>\n<p style=\"text-align: justify\">Jos\u00e9 sigui\u00f3 con atenci\u00f3n las palabras. Una presentaci\u00f3n sencilla: \u201cLa <a  href=\"https:\/\/www.mecerreyes.com\/mece\/?page_id=62\">Navidad<\/a> es el regalo de Dios a los hombres\u201d. Y con profundo cari\u00f1o present\u00f3 a los <strong>pregoneros, Asier y Mar\u00eda<\/strong>. \u201c\u00a1Qu\u00e9 j\u00f3venes!\u201d, -dijo Jos\u00e9 a su acompa\u00f1ante. \u201cSon chicos majos -respondi\u00f3 \u00e9ste- vienen de vez en cuando al pueblo y echan una mano en lo que sea\u201d.<\/p>\n<p style=\"text-align: justify\">Comenzaron a hablar; nos invitaron a escuchar, \u00a1qu\u00e9 momento nos brindaron al son de un villancico! Palabras sentidas y emocionadas; fe y sentimiento ante la <a  href=\"https:\/\/www.mecerreyes.com\/mece\/?page_id=62\">Navidad<\/a>; profundidad y belleza. \u201cTen\u00edas raz\u00f3n, j\u00f3venes pero bien preparados\u201d -coment\u00f3 Jos\u00e9 a su colega. \u201cMuy cierto amigo m\u00edo\u201d, respondi\u00f3 el otro.<\/p>\n<p style=\"text-align: justify\">Despu\u00e9s subi\u00f3 <strong>Laura, la de Caja Burgos<\/strong>, a hacer la presentaci\u00f3n de las <strong>corales<\/strong>. Un aire de serenidad envolvi\u00f3 el ambiente. Se respiraba la gravedad de un momento crucial en la <a  href=\"https:\/\/www.mecerreyes.com\/mece\/?page_id=32\">historia<\/a>. A pesar de la incre\u00edble multitud el silencio era desgarrador; por momentos el alma parec\u00eda encontrarse escuchando las voces de los \u00e1ngeles anunciando el nacimiento del Salvador; <strong>\u201cAqu\u00ed est\u00e1 el Enmanuel\u201d<\/strong> dec\u00eda el villancico. No se hizo esperar un atronador aplauso, casi interminable, como quien reconoce que es dif\u00edcil hacer algo mejor. <strong>Adultos y ni\u00f1os cantaron al acontecimiento m\u00e1s grande jam\u00e1s so\u00f1ado<\/strong>; \u00a1y c\u00f3mo lo hicieron!<\/p>\n<p style=\"text-align: justify\">Ya en el silencio de la noche Jos\u00e9 repas\u00f3 los momentos de la velada \u00a1Qu\u00e9 belleza de tarde! \u00a1Qu\u00e9 dulzura en el canto, pareciera como si cantaran al mism\u00edsimo Dios! \u00a1Qu\u00e9 buen gusto! \u00a1Qu\u00e9 Bel\u00e9n m\u00e1s encantador! Un humilde pueblo convertido en una mansi\u00f3n; manjar de ricos a disposici\u00f3n.<\/p>\n<p style=\"text-align: justify\">\u00a0<\/p>\n<h2 style=\"text-align: justify\">OPERACI\u00d3N KILO<\/h2>\n<p style=\"text-align: justify\">El cambio realizado este a\u00f1o en la operaci\u00f3n kilo parece que ha sido todo un \u00e9xito. En vez de hacerlo el s\u00e1bado como en a\u00f1os anteriores y recogerlo pasando por las casas, se ha trasladado al domingo para ofrecerlo en el transcurso de la Misa; subimos a la Iglesia cargados con nuestros presentes para los m\u00e1s pobres y en el momento del ofertorio los dejamos al pie del Altar para ser llevados posteriormente a la Casa de Acogida San Vicente de Pa\u00fal en Burgos, gestionada por las Hijas de la Caridad. La operaci\u00f3n kilo permanecer\u00e1 abierta hasta el final de <a  href=\"https:\/\/www.mecerreyes.com\/mece\/?page_id=62\">Navidad<\/a> ya que el d\u00eda de Reyes la colecta de la Misa est\u00e1 destinada tambi\u00e9n a este fin. Todos los que quer\u00e1is seguir colaborando pod\u00e9is subir los alimentos a la Iglesia y depositarlos en las cajas situadas en el Baptisterio.<\/p>\n<p style=\"text-align: justify\">\u00a0<\/p>\n<h2 style=\"text-align: justify\">D\u00cdA DE <a  href=\"https:\/\/www.mecerreyes.com\/mece\/?page_id=62\">NAVIDAD<\/a><\/h2>\n<p style=\"text-align: justify\">El d\u00eda de <a  href=\"https:\/\/www.mecerreyes.com\/mece\/?page_id=62\">Navidad<\/a> fue Roberto el que celebr\u00f3 la Misa y nos invit\u00f3 a vivir estos d\u00edas con profundidad, desde el mismo amor que Dios nos tiene.<\/p>\n<p style=\"text-align: justify\">\u00a0<\/p>\n<h2 style=\"text-align: justify\">SAGRADA FAMILIA<\/h2>\n<p style=\"text-align: justify\">En la Misa del domingo 26 tuvimos la renovaci\u00f3n de las promesas matrimoniales y familiares; fue un momento muy bonito, sobre todo para los matrimonios. Adem\u00e1s nos acompa\u00f1aron Alicia y Sergio, que quisieron responder a la invitaci\u00f3n que les hab\u00eda hecho la <a  href=\"https:\/\/www.mecerreyes.com\/mece\/?page_id=35\">Parroquia<\/a>, de hacer el ya tradicional homenaje a los matrimonios j\u00f3venes. Se les hizo entrega de una Biblia y una vela que simbolizaba la uni\u00f3n y la luz de la gracia de Cristo que han recibido a trav\u00e9s del sacramento del matrimonio. Adem\u00e1s toda la ceremonia estuvo animada por el <em>grupo de la revista<\/em> que cantaron villancicos populares y alguna pieza de la misa castellana. El domingo 2 de enero volver\u00e1n a animar la Eucarist\u00eda.<\/p>\n<p style=\"text-align: justify\">\u00a0<\/p>\n<h2 style=\"text-align: justify\">CINE Y PALOMITAS<\/h2>\n<p style=\"text-align: justify\">Con un \u00e9xito arrollador el primer d\u00eda de cine para ni\u00f1os nos ha sorprendido a todos; casi una treintena de peque\u00f1ajos llenaron la sala interior de la escuela; adem\u00e1s de la peli, que estuvo muy divertida, las palomitas ayudaron a crear una ambiente de \u201ccine\u201d de verdad. El d\u00eda tres de enero la respuesta fue un poco inferior, pero volvieron a disfrutar de lo lindo. El s\u00e1bado 8, aunque no estaba en el programa, volveremos a tener otra sesi\u00f3n; ser\u00e1 en el mismo lugar y a la misma hora.<\/p>\n<p style=\"text-align: justify\">\u00a0<\/p>\n<h2 style=\"text-align: justify\">RECORDANDO EL PASADO<\/h2>\n<p style=\"text-align: justify\">Las mejores fotos del a\u00f1o 2010 recordando los acontecimientos m\u00e1s significativos, ha gustado mucho a los mayores, y tambi\u00e9n a los peque\u00f1os; durante dos sesiones (29 y 30) hemos recordado la <a  href=\"https:\/\/www.mecerreyes.com\/mece\/?page_id=62\">Navidad<\/a> pasada, Marzas y Gallo, <a  href=\"https:\/\/www.mecerreyes.com\/mece\/?page_id=48\">Semana santa<\/a>, fiesta de los abuelos y del verano\u2026 y otros muchos acontecimientos del a\u00f1o que ya se acaba. Agradecemos el trabajo de quienes se han esforzado durante muchos d\u00edas en seleccionar las fotos, hacer el montaje y poner la m\u00fasica; el sacrificio ha dado sus frutos.<\/p>\n<p style=\"text-align: justify\">\u00a0<\/p>\n<h2 style=\"text-align: justify\">A\u00d1O NUEVO<\/h2>\n<p style=\"text-align: justify\">Al iniciarse el tan esperado 2011 acudimos a la cita eucar\u00edstica para dar gracias a Dios por la posibilidad de comenzar un a\u00f1o m\u00e1s. La colecta estuvo destinada a sufragar los gastos que origina el montaje del Bel\u00e9n. Muchas gracias por vuestra generosa aportaci\u00f3n.<\/p>\n<p style=\"text-align: justify\">Al d\u00eda siguiente el <em>grupo de la revista<\/em> (que cada vez se va ampliando un poquito m\u00e1s con gente que desea cantar con ellos) volvi\u00f3 a animar la celebraci\u00f3n eucar\u00edstica. As\u00ed que claro, qued\u00f3 muy bonita y todos disfrutamos mucho.<\/p>\n<p>********************<\/p>\n<h2>BEL\u00c9N<\/h2>\n<p style=\"text-align: justify\"><em><span style=\"color: #0000ff\">Para explicar el Bel\u00e9n realizado este a\u00f1o en Mecerreyes, te transcribimos la narraci\u00f3n que escuchan los visitantes que se acercan a nuestro pueblo para admirar los muchos detalles del Bel\u00e9n, \u00a0al final del texto tambi\u00e9n puedes ver alguna foto.<\/span><\/em><\/p>\n<p><em>\u00a0<\/em>&#8212; \u00a1Hola! Bienvenidos a esta Iglesia de <a  href=\"https:\/\/www.mecerreyes.com\/mece\/?page_id=58\">San Mart\u00edn<\/a>, para contemplar este Nacimiento. Dadas sus caracter\u00edsticas peculiares, perm\u00edtenos una breve explicaci\u00f3n<\/p>\n<p style=\"text-align: justify\">\u00a0\u00a0\u00a0\u00a0\u00a0\u00a0\u00a0\u00a0 * Los cristianos celebramos en la <a  href=\"https:\/\/www.mecerreyes.com\/mece\/?page_id=62\">Navidad<\/a> la Encarnaci\u00f3n del Hijo de Dios, es decir, Dios que se hace hombre, se \u00abencarna\u00bb en la realidad concreta de un pueblo y una cultura.<\/p>\n<p style=\"text-align: justify\">\u00a0\u00a0\u00a0 Hoy Jes\u00fas sigue naciendo, tambi\u00e9n en la realidad concreta, por ejemplo, de este pueblo, que como todos los a\u00f1os, quiere reflejar en su \u00abNacimiento\u00bb esa cultura tradicional que dio vida e hizo grande a esta Villa de Mecerreyes.\u00a0\u00a0<\/p>\n<p style=\"text-align: justify\">\u00a0\u00a0\u00a0\u00a0\u00a0 \u00a0\u00a0\u00a0\u00a0 *\u00a0 Desde el a\u00f1o 1986 en el que se inicia esta tradici\u00f3n, con el Nacimiento que se puso en el Baptisterio de la Iglesia, han pasado casi 25 a\u00f1os, <span style=\"text-decoration: underline\">ambientando el nacimiento en la cultura, usos y costumbres tradicionales del pueblo<\/span>. Parec\u00eda que ya no quedaba nada nuevo, pero no, la tradici\u00f3n de este a\u00f1o, adem\u00e1s de nueva es muy original: <strong>\u00abEl Corral de los Machos\u00bb y \u00bb La Obligaci\u00f3n\u00bb<\/strong>. Exceptuando los mayores del pueblo, todos os preguntareis\u00a0 \u00bfy eso, qu\u00e9 es?.<\/p>\n<p style=\"text-align: justify\">\u00a0\u00a0\u00a0\u00a0\u00a0\u00a0\u00a0\u00a0\u00a0\u00a0\u00a0 Apunta el Catastro del Marqu\u00e9s de la Ensenada -a\u00f1o 1753- que en Mecerreyes hab\u00eda una Carnicer\u00eda\u00a0 \u00ab<span style=\"text-decoration: underline\">que s\u00f3lo se surte de chivato<\/span>\u00ab. Esta Carnicer\u00eda, es lo que en pueblo se conoce como \u00abLa Obligaci\u00f3n\u00bb, que se surt\u00eda de un reba\u00f1o municipal de machos cabr\u00edos, que pastaban en la dehesa del pueblo y se recog\u00edan en una gran tenada llamada \u00abEl Corral de los Machos\u00bb.<\/p>\n<p style=\"text-align: justify\"><em>* (A estos machos, seg\u00fan nos dec\u00eda el Hno. Mariano, se les llamaba \u00abmachos marones\u00bb porque se les castraba)<\/em><\/p>\n<p style=\"text-align: justify\">\u00a0\u00a0\u00a0\u00a0\u00a0<strong>\u00a0\u00a0\u00a0\u00a0\u00a0\u00a0\u00a0 <\/strong><strong>Pues bien, este a\u00f1o -el Ni\u00f1o de Bel\u00e9n- nace en Mecerreyes, en el Corral de los Machos que tienes reproducido a tu izquierda<\/strong>.<\/p>\n<p style=\"text-align: justify\">\u00a0\u00a0\u00a0 \u00a0\u00a0\u00a0\u00a0\u00a0\u00a0\u00a0 Era una gran tenada o corral, mitad cubierta y otra mitad al aire libre. Al fondo, bajo cubierta, estaban los pesebres para darles de comer cuando no pod\u00edan salir a pastar a la dehesa, e incluso, hab\u00eda una peque\u00f1a habitaci\u00f3n con cocina y un jerg\u00f3n\u00a0 para dormir, para\u00a0 el llamado\u00a0\u00abpastor de los machos\u00bb que cuidaba del reba\u00f1o y cada a\u00f1o contrataba el <a  href=\"https:\/\/www.mecerreyes.com\/mece\/?page_id=24\">Ayuntamiento<\/a>, pues como hemos dicho era un servicio municipal.<\/p>\n<p style=\"text-align: justify\">\u00a0\u00a0\u00a0\u00a0\u00a0\u00a0\u00a0\u00a0\u00a0\u00a0\u00a0\u00a0 <strong>L\u00f3gicamente, se reproduce tambi\u00e9n este a\u00f1o, la tienda o despacho de la carne, llamada \u00abLa Obligaci\u00f3n\u00bb<\/strong>. <strong>La tienes a tu derecha<\/strong>, cerca de la Plaza del pueblo, enfrente de la Carreter\u00eda.\u00a0 Como puedes apreciar, una parte era el matadero y en la parte de atr\u00e1s, ten\u00edan una peque\u00f1a cuadra para los machos que bajaba para sacrificar y otro peque\u00f1o habit\u00e1culo para el secadero de pieles. A la vista estaba el despacho de la carne, que \u00faltimamente regent\u00f3 el t\u00edo Gregorio<\/p>\n<p style=\"text-align: justify\">\u00a0\u00a0\u00a0\u00a0\u00a0\u00a0\u00a0\u00a0\u00a0\u00a0\u00a0\u00a0 Si te quieres entretener puedes contemplar una CARRETER\u00cdA con el banco de herramientas, una maquina de \u00abescoplear \u00bb los cubos de las ruedas de los carros, la fragua, pinas y rayos para hacer las ruedas, etc. O las antiguas ESCUELAS, apreciando a trav\u00e9s de las ventanas los pupitres con sus cuadernos, pizarras, enciclopedias,&#8230;<\/p>\n<p style=\"text-align: justify\">\u00a0Tambi\u00e9n puedes buscar el <strong>Potro<\/strong> de Herrar las vacas, <strong>el horno<\/strong> del t\u00edo Sergio, <strong>el telar<\/strong> del t\u00edo Canter\u00edn, una <strong>matanza,<\/strong> ni\u00f1os jugando al truque con los cacos, las <strong>bodegas <\/strong>al fondo junto con <strong>colmenas<\/strong> de dujo (en \u00e1rboles huecos) y un largo etc<\/p>\n<p style=\"text-align: justify\">\u00a0\u00a0\u00a0<strong>\u00a0 En definitiva, hoy como entonces \u00bb no hubo sitio para ellos en la Posada y naci\u00f3 en \u201cel Corral de los Machos\u00bb<\/strong><\/p>\n<p style=\"text-align: justify\"><strong>\u00a0 ********Que lo disfrutes y \u00a1 FELIZ <a  href=\"https:\/\/www.mecerreyes.com\/mece\/?page_id=62\">NAVIDAD<\/a>! *********<\/strong><\/p>\n<p style=\"text-align: justify\"><strong>\u00a0<\/strong><\/p>\n\n\t\t<style type=\"text\/css\">\n\t\t\t#gallery-1 {\n\t\t\t\tmargin: auto;\n\t\t\t}\n\t\t\t#gallery-1 .gallery-item {\n\t\t\t\tfloat: left;\n\t\t\t\tmargin-top: 10px;\n\t\t\t\ttext-align: center;\n\t\t\t\twidth: 33%;\n\t\t\t}\n\t\t\t#gallery-1 img {\n\t\t\t\tborder: 2px solid #cfcfcf;\n\t\t\t}\n\t\t\t#gallery-1 .gallery-caption {\n\t\t\t\tmargin-left: 0;\n\t\t\t}\n\t\t\t\/* see gallery_shortcode() in wp-includes\/media.php *\/\n\t\t<\/style>\n\t\t<div id='gallery-1' class='gallery galleryid-2295 gallery-columns-3 gallery-size-thumbnail'><dl class='gallery-item'>\n\t\t\t<dt class='gallery-icon landscape'>\n\t\t\t\t<a  href=\"https:\/\/www.mecerreyes.com\/mece\/wp-content\/uploads\/2010\/12\/Anuncio-Navidad-2010.JPG\" class=\"thickbox no_icon\" title=\"\"><img loading=\"lazy\" decoding=\"async\" width=\"150\" height=\"150\" src=\"https:\/\/www.mecerreyes.com\/mece\/wp-content\/uploads\/2010\/12\/Anuncio-Navidad-2010-150x150.jpg\" class=\"attachment-thumbnail size-thumbnail\" alt=\"\" \/><\/a>\n\t\t\t<\/dt><\/dl><dl class='gallery-item'>\n\t\t\t<dt class='gallery-icon portrait'>\n\t\t\t\t<a  href=\"https:\/\/www.mecerreyes.com\/mece\/wp-content\/uploads\/2010\/12\/Pregon-2010.JPG\" class=\"thickbox no_icon\" title=\"\"><img loading=\"lazy\" decoding=\"async\" width=\"150\" height=\"150\" src=\"https:\/\/www.mecerreyes.com\/mece\/wp-content\/uploads\/2010\/12\/Pregon-2010-150x150.jpg\" class=\"attachment-thumbnail size-thumbnail\" alt=\"\" \/><\/a>\n\t\t\t<\/dt><\/dl><dl class='gallery-item'>\n\t\t\t<dt class='gallery-icon landscape'>\n\t\t\t\t<a  href=\"https:\/\/www.mecerreyes.com\/mece\/wp-content\/uploads\/2010\/12\/Pregon-2010-1.JPG\" class=\"thickbox no_icon\" title=\"\"><img loading=\"lazy\" decoding=\"async\" width=\"150\" height=\"150\" src=\"https:\/\/www.mecerreyes.com\/mece\/wp-content\/uploads\/2010\/12\/Pregon-2010-1-150x150.jpg\" class=\"attachment-thumbnail size-thumbnail\" alt=\"\" \/><\/a>\n\t\t\t<\/dt><\/dl><br style=\"clear: both\" \/><dl class='gallery-item'>\n\t\t\t<dt class='gallery-icon landscape'>\n\t\t\t\t<a  href=\"https:\/\/www.mecerreyes.com\/mece\/wp-content\/uploads\/2010\/12\/Directora-Caja-Burgos.JPG\" class=\"thickbox no_icon\" title=\"\"><img loading=\"lazy\" decoding=\"async\" width=\"150\" height=\"150\" src=\"https:\/\/www.mecerreyes.com\/mece\/wp-content\/uploads\/2010\/12\/Directora-Caja-Burgos-150x150.jpg\" class=\"attachment-thumbnail size-thumbnail\" alt=\"\" \/><\/a>\n\t\t\t<\/dt><\/dl><dl class='gallery-item'>\n\t\t\t<dt class='gallery-icon landscape'>\n\t\t\t\t<a  href=\"https:\/\/www.mecerreyes.com\/mece\/wp-content\/uploads\/2010\/12\/Coral-de-Camara-18-12-2010.JPG\" class=\"thickbox no_icon\" title=\"\"><img loading=\"lazy\" decoding=\"async\" width=\"150\" height=\"150\" src=\"https:\/\/www.mecerreyes.com\/mece\/wp-content\/uploads\/2010\/12\/Coral-de-Camara-18-12-2010-150x150.jpg\" class=\"attachment-thumbnail size-thumbnail\" alt=\"\" \/><\/a>\n\t\t\t<\/dt><\/dl><dl class='gallery-item'>\n\t\t\t<dt class='gallery-icon landscape'>\n\t\t\t\t<a  href=\"https:\/\/www.mecerreyes.com\/mece\/wp-content\/uploads\/2010\/12\/Coral-de-Camara-y-Coral-infantil-Juan-de-Vallejo-2010-1.JPG\" class=\"thickbox no_icon\" title=\"\"><img loading=\"lazy\" decoding=\"async\" width=\"150\" height=\"150\" src=\"https:\/\/www.mecerreyes.com\/mece\/wp-content\/uploads\/2010\/12\/Coral-de-Camara-y-Coral-infantil-Juan-de-Vallejo-2010-1-150x150.jpg\" class=\"attachment-thumbnail size-thumbnail\" alt=\"\" \/><\/a>\n\t\t\t<\/dt><\/dl><br style=\"clear: both\" \/><dl class='gallery-item'>\n\t\t\t<dt class='gallery-icon landscape'>\n\t\t\t\t<a  href=\"https:\/\/www.mecerreyes.com\/mece\/wp-content\/uploads\/2010\/12\/Coral-de-Camara-y-Coral-infantil-Juan-de-Vallejo-2010.JPG\" class=\"thickbox no_icon\" title=\"\"><img loading=\"lazy\" decoding=\"async\" width=\"150\" height=\"150\" src=\"https:\/\/www.mecerreyes.com\/mece\/wp-content\/uploads\/2010\/12\/Coral-de-Camara-y-Coral-infantil-Juan-de-Vallejo-2010-150x150.jpg\" class=\"attachment-thumbnail size-thumbnail\" alt=\"\" \/><\/a>\n\t\t\t<\/dt><\/dl><dl class='gallery-item'>\n\t\t\t<dt class='gallery-icon landscape'>\n\t\t\t\t<a  href=\"https:\/\/www.mecerreyes.com\/mece\/wp-content\/uploads\/2010\/12\/Belen-Mecerreyes-2010.JPG\" class=\"thickbox no_icon\" title=\"\"><img loading=\"lazy\" decoding=\"async\" width=\"150\" height=\"150\" src=\"https:\/\/www.mecerreyes.com\/mece\/wp-content\/uploads\/2010\/12\/Belen-Mecerreyes-2010-150x150.jpg\" class=\"attachment-thumbnail size-thumbnail\" alt=\"\" \/><\/a>\n\t\t\t<\/dt><\/dl><dl class='gallery-item'>\n\t\t\t<dt class='gallery-icon landscape'>\n\t\t\t\t<a  href=\"https:\/\/www.mecerreyes.com\/mece\/wp-content\/uploads\/2010\/12\/Belen-Mecerreyes-2010-vista.JPG\" class=\"thickbox no_icon\" title=\"\"><img loading=\"lazy\" decoding=\"async\" width=\"150\" height=\"150\" src=\"https:\/\/www.mecerreyes.com\/mece\/wp-content\/uploads\/2010\/12\/Belen-Mecerreyes-2010-vista-150x150.jpg\" class=\"attachment-thumbnail size-thumbnail\" alt=\"\" \/><\/a>\n\t\t\t<\/dt><\/dl><br style=\"clear: both\" \/><dl class='gallery-item'>\n\t\t\t<dt class='gallery-icon landscape'>\n\t\t\t\t<a  href=\"https:\/\/www.mecerreyes.com\/mece\/wp-content\/uploads\/2010\/12\/Belen-Mecerreyes-2010-vista-1.JPG\" class=\"thickbox no_icon\" title=\"\"><img loading=\"lazy\" decoding=\"async\" width=\"150\" height=\"150\" src=\"https:\/\/www.mecerreyes.com\/mece\/wp-content\/uploads\/2010\/12\/Belen-Mecerreyes-2010-vista-1-150x150.jpg\" class=\"attachment-thumbnail size-thumbnail\" alt=\"\" \/><\/a>\n\t\t\t<\/dt><\/dl><dl class='gallery-item'>\n\t\t\t<dt class='gallery-icon landscape'>\n\t\t\t\t<a  href=\"https:\/\/www.mecerreyes.com\/mece\/wp-content\/uploads\/2010\/12\/Belen-Mecerreyes-2010-rio.JPG\" class=\"thickbox no_icon\" title=\"\"><img loading=\"lazy\" decoding=\"async\" width=\"150\" height=\"150\" src=\"https:\/\/www.mecerreyes.com\/mece\/wp-content\/uploads\/2010\/12\/Belen-Mecerreyes-2010-rio-150x150.jpg\" class=\"attachment-thumbnail size-thumbnail\" alt=\"\" \/><\/a>\n\t\t\t<\/dt><\/dl><dl class='gallery-item'>\n\t\t\t<dt class='gallery-icon landscape'>\n\t\t\t\t<a  href=\"https:\/\/www.mecerreyes.com\/mece\/wp-content\/uploads\/2010\/12\/Belen-Mecerreyes-2010-La-Obligacion-1.JPG\" class=\"thickbox no_icon\" title=\"\"><img loading=\"lazy\" decoding=\"async\" width=\"150\" height=\"150\" src=\"https:\/\/www.mecerreyes.com\/mece\/wp-content\/uploads\/2010\/12\/Belen-Mecerreyes-2010-La-Obligacion-1-150x150.jpg\" class=\"attachment-thumbnail size-thumbnail\" alt=\"\" \/><\/a>\n\t\t\t<\/dt><\/dl><br style=\"clear: both\" \/><dl class='gallery-item'>\n\t\t\t<dt class='gallery-icon landscape'>\n\t\t\t\t<a  href=\"https:\/\/www.mecerreyes.com\/mece\/wp-content\/uploads\/2010\/12\/Belen-Mecerreyes-2010-corral-de-los-machos.JPG\" class=\"thickbox no_icon\" title=\"\"><img loading=\"lazy\" decoding=\"async\" width=\"150\" height=\"150\" src=\"https:\/\/www.mecerreyes.com\/mece\/wp-content\/uploads\/2010\/12\/Belen-Mecerreyes-2010-corral-de-los-machos-150x150.jpg\" class=\"attachment-thumbnail size-thumbnail\" alt=\"\" \/><\/a>\n\t\t\t<\/dt><\/dl><dl class='gallery-item'>\n\t\t\t<dt class='gallery-icon landscape'>\n\t\t\t\t<a  href=\"https:\/\/www.mecerreyes.com\/mece\/wp-content\/uploads\/2010\/12\/Belen-Mecerreyes-2010-horno-pan.JPG\" class=\"thickbox no_icon\" title=\"\"><img loading=\"lazy\" decoding=\"async\" width=\"150\" height=\"150\" src=\"https:\/\/www.mecerreyes.com\/mece\/wp-content\/uploads\/2010\/12\/Belen-Mecerreyes-2010-horno-pan-150x150.jpg\" class=\"attachment-thumbnail size-thumbnail\" alt=\"\" \/><\/a>\n\t\t\t<\/dt><\/dl><dl class='gallery-item'>\n\t\t\t<dt class='gallery-icon landscape'>\n\t\t\t\t<a  href=\"https:\/\/www.mecerreyes.com\/mece\/wp-content\/uploads\/2010\/12\/Belen-Mecerreyes-2010-escuelas.JPG\" class=\"thickbox no_icon\" title=\"\"><img loading=\"lazy\" decoding=\"async\" width=\"150\" height=\"150\" src=\"https:\/\/www.mecerreyes.com\/mece\/wp-content\/uploads\/2010\/12\/Belen-Mecerreyes-2010-escuelas-150x150.jpg\" class=\"attachment-thumbnail size-thumbnail\" alt=\"\" \/><\/a>\n\t\t\t<\/dt><\/dl><br style=\"clear: both\" \/><dl class='gallery-item'>\n\t\t\t<dt class='gallery-icon landscape'>\n\t\t\t\t<a  href=\"https:\/\/www.mecerreyes.com\/mece\/wp-content\/uploads\/2010\/12\/Belen-Mecerreyes-2010-carreter\u00eda.JPG\" class=\"thickbox no_icon\" title=\"\"><img loading=\"lazy\" decoding=\"async\" width=\"150\" height=\"150\" src=\"https:\/\/www.mecerreyes.com\/mece\/wp-content\/uploads\/2010\/12\/Belen-Mecerreyes-2010-carreter\u00eda-150x150.jpg\" class=\"attachment-thumbnail size-thumbnail\" alt=\"\" \/><\/a>\n\t\t\t<\/dt><\/dl><dl class='gallery-item'>\n\t\t\t<dt class='gallery-icon landscape'>\n\t\t\t\t<a  href=\"https:\/\/www.mecerreyes.com\/mece\/wp-content\/uploads\/2010\/12\/Belen-Mecerreyes-2010-calle.JPG\" class=\"thickbox no_icon\" title=\"\"><img loading=\"lazy\" decoding=\"async\" width=\"150\" height=\"150\" src=\"https:\/\/www.mecerreyes.com\/mece\/wp-content\/uploads\/2010\/12\/Belen-Mecerreyes-2010-calle-150x150.jpg\" class=\"attachment-thumbnail size-thumbnail\" alt=\"\" \/><\/a>\n\t\t\t<\/dt><\/dl><dl class='gallery-item'>\n\t\t\t<dt class='gallery-icon landscape'>\n\t\t\t\t<a  href=\"https:\/\/www.mecerreyes.com\/mece\/wp-content\/uploads\/2010\/12\/Belen-Mecerreyes-2010-bodegas.JPG\" class=\"thickbox no_icon\" title=\"\"><img loading=\"lazy\" decoding=\"async\" width=\"150\" height=\"150\" src=\"https:\/\/www.mecerreyes.com\/mece\/wp-content\/uploads\/2010\/12\/Belen-Mecerreyes-2010-bodegas-150x150.jpg\" class=\"attachment-thumbnail size-thumbnail\" alt=\"\" \/><\/a>\n\t\t\t<\/dt><\/dl><br style=\"clear: both\" \/><dl class='gallery-item'>\n\t\t\t<dt class='gallery-icon landscape'>\n\t\t\t\t<a  href=\"https:\/\/www.mecerreyes.com\/mece\/wp-content\/uploads\/2010\/12\/Belen-Mecerreyes-2010-corral-de-los-machos-2.JPG\" class=\"thickbox no_icon\" title=\"\"><img loading=\"lazy\" decoding=\"async\" width=\"150\" height=\"150\" src=\"https:\/\/www.mecerreyes.com\/mece\/wp-content\/uploads\/2010\/12\/Belen-Mecerreyes-2010-corral-de-los-machos-2-150x150.jpg\" class=\"attachment-thumbnail size-thumbnail\" alt=\"\" \/><\/a>\n\t\t\t<\/dt><\/dl><dl class='gallery-item'>\n\t\t\t<dt class='gallery-icon landscape'>\n\t\t\t\t<a  href=\"https:\/\/www.mecerreyes.com\/mece\/wp-content\/uploads\/2010\/12\/Belen-Mecerreyes-2010-La-Obligacion1.JPG\" class=\"thickbox no_icon\" title=\"\"><img loading=\"lazy\" decoding=\"async\" width=\"150\" height=\"150\" src=\"https:\/\/www.mecerreyes.com\/mece\/wp-content\/uploads\/2010\/12\/Belen-Mecerreyes-2010-La-Obligacion1-150x150.jpg\" class=\"attachment-thumbnail size-thumbnail\" alt=\"\" \/><\/a>\n\t\t\t<\/dt><\/dl><dl class='gallery-item'>\n\t\t\t<dt class='gallery-icon landscape'>\n\t\t\t\t<a  href=\"https:\/\/www.mecerreyes.com\/mece\/wp-content\/uploads\/2010\/12\/Belen-Mecerreyes-2010-corral-de-los-machos-1.JPG\" class=\"thickbox no_icon\" title=\"\"><img loading=\"lazy\" decoding=\"async\" width=\"150\" height=\"150\" src=\"https:\/\/www.mecerreyes.com\/mece\/wp-content\/uploads\/2010\/12\/Belen-Mecerreyes-2010-corral-de-los-machos-1-150x150.jpg\" class=\"attachment-thumbnail size-thumbnail\" alt=\"\" \/><\/a>\n\t\t\t<\/dt><\/dl><br style=\"clear: both\" \/><dl class='gallery-item'>\n\t\t\t<dt class='gallery-icon landscape'>\n\t\t\t\t<a  href=\"https:\/\/www.mecerreyes.com\/mece\/wp-content\/uploads\/2010\/12\/Operacion-Kilo-2010.JPG\" class=\"thickbox no_icon\" title=\"\"><img loading=\"lazy\" decoding=\"async\" width=\"150\" height=\"150\" src=\"https:\/\/www.mecerreyes.com\/mece\/wp-content\/uploads\/2010\/12\/Operacion-Kilo-2010-150x150.jpg\" class=\"attachment-thumbnail size-thumbnail\" alt=\"\" \/><\/a>\n\t\t\t<\/dt><\/dl><dl class='gallery-item'>\n\t\t\t<dt class='gallery-icon landscape'>\n\t\t\t\t<a  href=\"https:\/\/www.mecerreyes.com\/mece\/wp-content\/uploads\/2010\/12\/Mecerreyes-Cabalgata-Reyes-5-01-2011.jpg\" class=\"thickbox no_icon\" title=\"\"><img loading=\"lazy\" decoding=\"async\" width=\"150\" height=\"150\" src=\"https:\/\/www.mecerreyes.com\/mece\/wp-content\/uploads\/2010\/12\/Mecerreyes-Cabalgata-Reyes-5-01-2011-150x150.jpg\" class=\"attachment-thumbnail size-thumbnail\" alt=\"\" \/><\/a>\n\t\t\t<\/dt><\/dl><dl class='gallery-item'>\n\t\t\t<dt class='gallery-icon landscape'>\n\t\t\t\t<a  href=\"https:\/\/www.mecerreyes.com\/mece\/wp-content\/uploads\/2010\/12\/Mecerreyes-Cabalgata-Reyes-5-01-2011-1.jpg\" class=\"thickbox no_icon\" title=\"\"><img loading=\"lazy\" decoding=\"async\" width=\"150\" height=\"150\" src=\"https:\/\/www.mecerreyes.com\/mece\/wp-content\/uploads\/2010\/12\/Mecerreyes-Cabalgata-Reyes-5-01-2011-1-150x150.jpg\" class=\"attachment-thumbnail size-thumbnail\" alt=\"\" \/><\/a>\n\t\t\t<\/dt><\/dl><br style=\"clear: both\" \/><dl class='gallery-item'>\n\t\t\t<dt class='gallery-icon portrait'>\n\t\t\t\t<a  href=\"https:\/\/www.mecerreyes.com\/mece\/wp-content\/uploads\/2010\/12\/Mecerreyes-Cabalgata-Reyes-5-01-2011-2.jpg\" class=\"thickbox no_icon\" title=\"\"><img loading=\"lazy\" decoding=\"async\" width=\"150\" height=\"150\" src=\"https:\/\/www.mecerreyes.com\/mece\/wp-content\/uploads\/2010\/12\/Mecerreyes-Cabalgata-Reyes-5-01-2011-2-150x150.jpg\" class=\"attachment-thumbnail size-thumbnail\" alt=\"\" \/><\/a>\n\t\t\t<\/dt><\/dl><dl class='gallery-item'>\n\t\t\t<dt class='gallery-icon landscape'>\n\t\t\t\t<a  href=\"https:\/\/www.mecerreyes.com\/mece\/wp-content\/uploads\/2010\/12\/Mecerreyes-Cabalgata-Reyes-5-01-2011-3.jpg\" class=\"thickbox no_icon\" title=\"\"><img loading=\"lazy\" decoding=\"async\" width=\"150\" height=\"150\" src=\"https:\/\/www.mecerreyes.com\/mece\/wp-content\/uploads\/2010\/12\/Mecerreyes-Cabalgata-Reyes-5-01-2011-3-150x150.jpg\" class=\"attachment-thumbnail size-thumbnail\" alt=\"\" \/><\/a>\n\t\t\t<\/dt><\/dl><dl class='gallery-item'>\n\t\t\t<dt class='gallery-icon landscape'>\n\t\t\t\t<a  href=\"https:\/\/www.mecerreyes.com\/mece\/wp-content\/uploads\/2010\/12\/Mecerreyes-Cabalgata-Reyes-5-01-2011-9.jpg\" class=\"thickbox no_icon\" title=\"\"><img loading=\"lazy\" decoding=\"async\" width=\"150\" height=\"150\" src=\"https:\/\/www.mecerreyes.com\/mece\/wp-content\/uploads\/2010\/12\/Mecerreyes-Cabalgata-Reyes-5-01-2011-9-150x150.jpg\" class=\"attachment-thumbnail size-thumbnail\" alt=\"\" \/><\/a>\n\t\t\t<\/dt><\/dl><br style=\"clear: both\" \/><dl class='gallery-item'>\n\t\t\t<dt class='gallery-icon portrait'>\n\t\t\t\t<a  href=\"https:\/\/www.mecerreyes.com\/mece\/wp-content\/uploads\/2010\/12\/Mecerreyes-Cabalgata-Reyes-5-01-2011-4.jpg\" class=\"thickbox no_icon\" title=\"\"><img loading=\"lazy\" decoding=\"async\" width=\"150\" height=\"150\" src=\"https:\/\/www.mecerreyes.com\/mece\/wp-content\/uploads\/2010\/12\/Mecerreyes-Cabalgata-Reyes-5-01-2011-4-150x150.jpg\" class=\"attachment-thumbnail size-thumbnail\" alt=\"\" \/><\/a>\n\t\t\t<\/dt><\/dl><dl class='gallery-item'>\n\t\t\t<dt class='gallery-icon landscape'>\n\t\t\t\t<a  href=\"https:\/\/www.mecerreyes.com\/mece\/wp-content\/uploads\/2010\/12\/Mecerreyes-Cabalgata-Reyes-5-01-2011-5.jpg\" class=\"thickbox no_icon\" title=\"\"><img loading=\"lazy\" decoding=\"async\" width=\"150\" height=\"150\" src=\"https:\/\/www.mecerreyes.com\/mece\/wp-content\/uploads\/2010\/12\/Mecerreyes-Cabalgata-Reyes-5-01-2011-5-150x150.jpg\" class=\"attachment-thumbnail size-thumbnail\" alt=\"\" \/><\/a>\n\t\t\t<\/dt><\/dl><dl class='gallery-item'>\n\t\t\t<dt class='gallery-icon landscape'>\n\t\t\t\t<a  href=\"https:\/\/www.mecerreyes.com\/mece\/wp-content\/uploads\/2010\/12\/Mecerreyes-Cabalgata-Reyes-5-01-2011-6.jpg\" class=\"thickbox no_icon\" title=\"\"><img loading=\"lazy\" decoding=\"async\" width=\"150\" height=\"150\" src=\"https:\/\/www.mecerreyes.com\/mece\/wp-content\/uploads\/2010\/12\/Mecerreyes-Cabalgata-Reyes-5-01-2011-6-150x150.jpg\" class=\"attachment-thumbnail size-thumbnail\" alt=\"\" \/><\/a>\n\t\t\t<\/dt><\/dl><br style=\"clear: both\" \/><dl class='gallery-item'>\n\t\t\t<dt class='gallery-icon landscape'>\n\t\t\t\t<a  href=\"https:\/\/www.mecerreyes.com\/mece\/wp-content\/uploads\/2010\/12\/Mecerreyes-Cabalgata-Reyes-5-01-2011-7.jpg\" class=\"thickbox no_icon\" title=\"\"><img loading=\"lazy\" decoding=\"async\" width=\"150\" height=\"150\" src=\"https:\/\/www.mecerreyes.com\/mece\/wp-content\/uploads\/2010\/12\/Mecerreyes-Cabalgata-Reyes-5-01-2011-7-150x150.jpg\" class=\"attachment-thumbnail size-thumbnail\" alt=\"\" \/><\/a>\n\t\t\t<\/dt><\/dl><dl class='gallery-item'>\n\t\t\t<dt class='gallery-icon landscape'>\n\t\t\t\t<a  href=\"https:\/\/www.mecerreyes.com\/mece\/wp-content\/uploads\/2010\/12\/Mecerreyes-Cabalgata-Reyes-5-01-2011-8.jpg\" class=\"thickbox no_icon\" title=\"\"><img loading=\"lazy\" decoding=\"async\" width=\"150\" height=\"150\" src=\"https:\/\/www.mecerreyes.com\/mece\/wp-content\/uploads\/2010\/12\/Mecerreyes-Cabalgata-Reyes-5-01-2011-8-150x150.jpg\" class=\"attachment-thumbnail size-thumbnail\" alt=\"\" \/><\/a>\n\t\t\t<\/dt><\/dl>\n\t\t\t<br style='clear: both' \/>\n\t\t<\/div>","protected":false},"excerpt":{"rendered":"<p>* * * (Cr\u00f3nica completa) CABALGATA Y REYES Hasta \u00faltima hora no supimos si iba a salir la cabalgata o no, con novedades este a\u00f1o. El mal tiempo la hizo peligrar. Al final, con m\u00e1s de media hora de retraso sali\u00f3. La emoci\u00f3n de los ni\u00f1os y la ilusi\u00f3n de todos pudieron con el fr\u00edo, [&hellip;]<\/p>\n","protected":false},"author":5,"featured_media":0,"comment_status":"open","ping_status":"closed","sticky":false,"template":"","format":"standard","meta":{"_et_pb_use_builder":"","_et_pb_old_content":"","_et_gb_content_width":"","footnotes":""},"categories":[1],"tags":[33,8,10],"class_list":["post-2295","post","type-post","status-publish","format-standard","hentry","category-general","tag-belen","tag-navidad","tag-reyes-magos","et-doesnt-have-format-content","et_post_format-et-post-format-standard"],"_links":{"self":[{"href":"https:\/\/www.mecerreyes.com\/mece\/index.php?rest_route=\/wp\/v2\/posts\/2295"}],"collection":[{"href":"https:\/\/www.mecerreyes.com\/mece\/index.php?rest_route=\/wp\/v2\/posts"}],"about":[{"href":"https:\/\/www.mecerreyes.com\/mece\/index.php?rest_route=\/wp\/v2\/types\/post"}],"author":[{"embeddable":true,"href":"https:\/\/www.mecerreyes.com\/mece\/index.php?rest_route=\/wp\/v2\/users\/5"}],"replies":[{"embeddable":true,"href":"https:\/\/www.mecerreyes.com\/mece\/index.php?rest_route=%2Fwp%2Fv2%2Fcomments&post=2295"}],"version-history":[{"count":0,"href":"https:\/\/www.mecerreyes.com\/mece\/index.php?rest_route=\/wp\/v2\/posts\/2295\/revisions"}],"wp:attachment":[{"href":"https:\/\/www.mecerreyes.com\/mece\/index.php?rest_route=%2Fwp%2Fv2%2Fmedia&parent=2295"}],"wp:term":[{"taxonomy":"category","embeddable":true,"href":"https:\/\/www.mecerreyes.com\/mece\/index.php?rest_route=%2Fwp%2Fv2%2Fcategories&post=2295"},{"taxonomy":"post_tag","embeddable":true,"href":"https:\/\/www.mecerreyes.com\/mece\/index.php?rest_route=%2Fwp%2Fv2%2Ftags&post=2295"}],"curies":[{"name":"wp","href":"https:\/\/api.w.org\/{rel}","templated":true}]}}