{"id":2335,"date":"2011-01-05T16:03:45","date_gmt":"2011-01-05T15:03:45","guid":{"rendered":"http:\/\/www.mecerreyes.com\/mece\/?p=2335"},"modified":"2011-01-26T15:17:19","modified_gmt":"2011-01-26T14:17:19","slug":"noticias-diciembre-2010","status":"publish","type":"post","link":"https:\/\/www.mecerreyes.com\/mece\/?p=2335","title":{"rendered":"Noticias Diciembre 2010"},"content":{"rendered":"<p style=\"text-align: justify\"><span style=\"color: #ff0000\"><strong>\u00a1 \u00a1 \u00a1ACTUALIZADO ! ! !<\/strong> <\/span>Puede que nos hayamos dejado alg\u00fan nuevo guileto de anotar en esta p\u00e1gina Web, pero hemos contado que han nacido este 2010: <strong>19 ni\u00f1@s<\/strong>, as\u00ed que podr\u00e1n hacer una gran pe\u00f1a y celebrar a lo grande las fiestas de quintos, aqu\u00ed est\u00e1n los tres \u00faltimos nacimientos:<\/p>\n<p style=\"text-align: justify\">\u00a0<\/p>\n<p style=\"text-align: justify\">\u00a0<\/p>\n<p style=\"text-align: justify\">\u00a0<\/p>\n<p style=\"text-align: justify\">\u00a0<\/p>\n<p style=\"text-align: justify\">\u00a0<\/p>\n<p style=\"text-align: justify\">\u00a0<\/p>\n<h2>\u00a0NACIMIENTOS:<\/h2>\n<p>\u00a0<\/p>\n<ul>\n<li><strong>IRENE SANZ GONZ\u00c1LEZ<\/strong>, naci\u00f3 el 15 de diciembre de 2010, felicitamos a sus padres <span style=\"text-decoration: underline\">Sara<\/span> y Alberto y a los abuelos JAVIER y Rosario.<\/li>\n<\/ul>\n<p>\u00a0<\/p>\n<p>Hemos recibido esta nota con la bonita foto de Uxue, nos unimos a vuestra alegr\u00eda y felicitamos a los abuelos guiletos<a  href=\"http:\/\/www.mecerreyes.com\/mece\/wp-content\/uploads\/2011\/01\/uxue.JPG\" class=\"thickbox no_icon\" title=\"uxue\"><img loading=\"lazy\" decoding=\"async\" class=\"alignright size-medium wp-image-2395\" src=\"http:\/\/www.mecerreyes.com\/mece\/wp-content\/uploads\/2011\/01\/uxue-300x225.jpg\" alt=\"uxue\" width=\"300\" height=\"225\" srcset=\"https:\/\/www.mecerreyes.com\/mece\/wp-content\/uploads\/2011\/01\/uxue-300x225.jpg 300w, https:\/\/www.mecerreyes.com\/mece\/wp-content\/uploads\/2011\/01\/uxue.JPG 640w\" sizes=\"(max-width: 300px) 100vw, 300px\" \/><\/a> Jose Antonio y Mari:<\/p>\n<ul>\n<li><em>Hola. Somos Carlos y <span style=\"text-decoration: underline\">Silvia<\/span> de Vitoria, deciros que nuestra hija naci\u00f3 el d\u00eda 16 de diciembre y se llama <strong>UXUE LANDA DIEZ<\/strong>. El mejor regalo que pod\u00edamos tener para este nuevo a\u00f1o, estamos muy contentos y lo quer\u00edamos compartir con todos vosotros. Un abrazo desde Vitoria y feliz a\u00f1o 2011!!! <\/em><\/li>\n<\/ul>\n<p>\u00a0<\/p>\n<p>\u00a0<\/p>\n<p>\u00a0<\/p>\n<ul>\n<li><strong>TATIANA \u00c1LVAREZ BLANCO<\/strong>, naci\u00f3 el 20 de diciembre de 2010, felicitamos a su hermanita Eva, a los pap\u00e1s <span style=\"text-decoration: underline\">Amanda<\/span> y Roberto, as\u00ed como a los abuelos Mar\u00eda e Ignacio.<\/li>\n<\/ul>\n<p>\u00a0<\/p>\n<h2 style=\"text-align: justify\">BAUTIZO DE ALONSO<\/h2>\n<p style=\"text-align: justify\">Se ve\u00eda que Jes\u00fas y Bel\u00e9n, los padres de Alonso, estaban deseando que llegara la hora del bautizo. El domingo 5 de Diciembre, ellos y su familia se dieron cita para tan esperado acontecimiento, participando muy activamente en la Eucarist\u00eda. Les damos nuestra m\u00e1s sincera enhorabuena a ellos y a los abuelos Jes\u00fas y Beatriz. Una pena que el d\u00eda estaba lluvioso y hubo que rescatar la gran cantidad de caramelos de los \u00abcharcos\u00bb.<\/p>\n<p style=\"text-align: justify\">\u00a0<a  href=\"http:\/\/www.mecerreyes.com\/mece\/wp-content\/uploads\/2011\/01\/Bautizo-de-Alonso-Diez-Alonso.jpg\" class=\"thickbox no_icon\" title=\"Bautizo de Alonso Diez Alonso\"><img loading=\"lazy\" decoding=\"async\" class=\"alignnone size-large wp-image-2339\" src=\"http:\/\/www.mecerreyes.com\/mece\/wp-content\/uploads\/2011\/01\/Bautizo-de-Alonso-Diez-Alonso-1024x307.jpg\" alt=\"Bautizo de Alonso Diez Alonso\" width=\"717\" height=\"215\" srcset=\"https:\/\/www.mecerreyes.com\/mece\/wp-content\/uploads\/2011\/01\/Bautizo-de-Alonso-Diez-Alonso-1024x307.jpg 1024w, https:\/\/www.mecerreyes.com\/mece\/wp-content\/uploads\/2011\/01\/Bautizo-de-Alonso-Diez-Alonso-300x89.jpg 300w, https:\/\/www.mecerreyes.com\/mece\/wp-content\/uploads\/2011\/01\/Bautizo-de-Alonso-Diez-Alonso.jpg 1417w\" sizes=\"(max-width: 717px) 100vw, 717px\" \/><\/a><\/p>\n<h2 style=\"text-align: justify\">BAUTIZO DE MART\u00cdN<\/h2>\n<p style=\"text-align: justify\">Damos la enhorabuena a Rodrigo y Esther por el bautizo de su segundo hijo, Mart\u00edn, el domingo 19. All\u00ed estaba toda la familia reunida para la ocasi\u00f3n. El padrino \u2013Joaqu\u00edn\u2013\u00a0 se port\u00f3 muy bien y hubo caramelos en abundancia; los mayores se olvidaron de la artrosis y se agachaban con una agilidad\u2026, que casi no dejaron para los m\u00e1s peque\u00f1os.<\/p>\n<p style=\"text-align: justify\">\u00a0<a  href=\"http:\/\/www.mecerreyes.com\/mece\/wp-content\/uploads\/2011\/01\/Bautizo-de-Martin-Lope-Goz\u00e1lez.jpg\" class=\"thickbox no_icon\" title=\"Bautizo de Martin Lope Goz\u00e1lez\"><img loading=\"lazy\" decoding=\"async\" class=\"alignnone size-large wp-image-2340\" src=\"http:\/\/www.mecerreyes.com\/mece\/wp-content\/uploads\/2011\/01\/Bautizo-de-Martin-Lope-Goz\u00e1lez-1024x307.jpg\" alt=\"Bautizo de Martin Lope Goz\u00e1lez\" width=\"717\" height=\"215\" srcset=\"https:\/\/www.mecerreyes.com\/mece\/wp-content\/uploads\/2011\/01\/Bautizo-de-Martin-Lope-Goz\u00e1lez-1024x307.jpg 1024w, https:\/\/www.mecerreyes.com\/mece\/wp-content\/uploads\/2011\/01\/Bautizo-de-Martin-Lope-Goz\u00e1lez-300x89.jpg 300w, https:\/\/www.mecerreyes.com\/mece\/wp-content\/uploads\/2011\/01\/Bautizo-de-Martin-Lope-Goz\u00e1lez.jpg 1417w\" sizes=\"(max-width: 717px) 100vw, 717px\" \/><\/a><\/p>\n<h2 style=\"text-align: justify\">ENCUENTRO DE MONAGUILLOS<\/h2>\n<p style=\"text-align: justify\">Nuestros monaguillos m\u00e1s fieles participaron en el tradicional encuentro de monaguillos que por estas fechas organiza el arciprestazgo de Arlanza. Ni\u00f1os y ni\u00f1as de Tord\u00f3mar, Cilleruelo de Abajo, Villafruela, Villalmanzo y Mecerreyes se dieron cita en Ura; all\u00ed recibieron una charla de formaci\u00f3n lit\u00fargica, recorrieron el desfiladero, hicieron un taller muy navide\u00f1o, tuvieron un rato de juegos y para finalizar, gran chocolatada.<\/p>\n<p style=\"text-align: justify\">\u00a0<\/p>\n<h2 style=\"text-align: justify\">FAMILIAS DE ACOGIDA<\/h2>\n<p style=\"text-align: justify\">Con motivo de la Jornada Mundial de la Juventud (JMJ) que se celebrar\u00e1 en Agosto de 2011, Miguel \u00c1ngel nos invit\u00f3 a acoger en nuestras familias a alguno de los j\u00f3venes que acudir\u00e1n a la cita con el Papa. A nuestro arciprestazgo vendr\u00e1n 100 j\u00f3venes procedentes de Escocia y Francia; \u00a1an\u00edmate y acoge en tu casa! S\u00f3lo se te pide que des una cama y el desayuno. Los d\u00edas son del 11 al 15 de Agosto. La organizaci\u00f3n se encarga de que los j\u00f3venes tengan actividades l\u00fadicas, formativas, culturales y espirituales que realizar durante esos d\u00edas. Si est\u00e1s interesado, contacta con la <a  href=\"https:\/\/www.mecerreyes.com\/mece\/?page_id=35\">parroquia<\/a> de Mecerreyes para apuntarte o recibir m\u00e1s informaci\u00f3n.<\/p>","protected":false},"excerpt":{"rendered":"<p>\u00a1 \u00a1 \u00a1ACTUALIZADO ! ! ! Puede que nos hayamos dejado alg\u00fan nuevo guileto de anotar en esta p\u00e1gina Web, pero hemos contado que han nacido este 2010: 19 ni\u00f1@s, as\u00ed que podr\u00e1n hacer una gran pe\u00f1a y celebrar a lo grande las fiestas de quintos, aqu\u00ed est\u00e1n los tres \u00faltimos nacimientos: \u00a0 \u00a0 \u00a0 [&hellip;]<\/p>\n","protected":false},"author":5,"featured_media":0,"comment_status":"open","ping_status":"closed","sticky":false,"template":"","format":"standard","meta":{"_et_pb_use_builder":"","_et_pb_old_content":"","_et_gb_content_width":"","footnotes":""},"categories":[1],"tags":[21],"class_list":["post-2335","post","type-post","status-publish","format-standard","hentry","category-general","tag-guiletos","et-doesnt-have-format-content","et_post_format-et-post-format-standard"],"_links":{"self":[{"href":"https:\/\/www.mecerreyes.com\/mece\/index.php?rest_route=\/wp\/v2\/posts\/2335"}],"collection":[{"href":"https:\/\/www.mecerreyes.com\/mece\/index.php?rest_route=\/wp\/v2\/posts"}],"about":[{"href":"https:\/\/www.mecerreyes.com\/mece\/index.php?rest_route=\/wp\/v2\/types\/post"}],"author":[{"embeddable":true,"href":"https:\/\/www.mecerreyes.com\/mece\/index.php?rest_route=\/wp\/v2\/users\/5"}],"replies":[{"embeddable":true,"href":"https:\/\/www.mecerreyes.com\/mece\/index.php?rest_route=%2Fwp%2Fv2%2Fcomments&post=2335"}],"version-history":[{"count":0,"href":"https:\/\/www.mecerreyes.com\/mece\/index.php?rest_route=\/wp\/v2\/posts\/2335\/revisions"}],"wp:attachment":[{"href":"https:\/\/www.mecerreyes.com\/mece\/index.php?rest_route=%2Fwp%2Fv2%2Fmedia&parent=2335"}],"wp:term":[{"taxonomy":"category","embeddable":true,"href":"https:\/\/www.mecerreyes.com\/mece\/index.php?rest_route=%2Fwp%2Fv2%2Fcategories&post=2335"},{"taxonomy":"post_tag","embeddable":true,"href":"https:\/\/www.mecerreyes.com\/mece\/index.php?rest_route=%2Fwp%2Fv2%2Ftags&post=2335"}],"curies":[{"name":"wp","href":"https:\/\/api.w.org\/{rel}","templated":true}]}}