{"id":2362,"date":"2011-01-23T19:41:09","date_gmt":"2011-01-23T18:41:09","guid":{"rendered":"http:\/\/www.mecerreyes.com\/mece\/?p=2362"},"modified":"2011-01-26T15:00:45","modified_gmt":"2011-01-26T14:00:45","slug":"noticias-enero-2011","status":"publish","type":"post","link":"https:\/\/www.mecerreyes.com\/mece\/?p=2362","title":{"rendered":"Noticias Enero 2011"},"content":{"rendered":"<h4 style=\"text-align: left\"><em>Ya puedes leer la cr\u00f3nica completa de lo que han sido las navidades en Mecerreyes junto a las fotos de la Cabalgata de Reyes, lo tienes en el enlace Cr\u00f3nica de <a  href=\"https:\/\/www.mecerreyes.com\/mece\/?page_id=62\">Navidad<\/a>-Preg\u00f3n-Bel\u00e9n 2010:\u00a0\u00a0<\/em><a  href=\"http:\/\/www.mecerreyes.com\/mece\/?p=2295\" target=\"_blank\"><em>http:\/\/www.mecerreyes.com\/mece\/?p=2295<\/em><\/a><em>, tambi\u00e9n hemos ampliado en las Noticias Diciembre 2010:\u00a0<\/em><a  href=\"http:\/\/www.mecerreyes.com\/mece\/?p=2335\" target=\"_blank\"><em>http:\/\/www.mecerreyes.com\/mece\/?p=2335<\/em><\/a><em>\u00a0 los \u00faltimos nacimientos del a\u00f1o 2010. Este comienzo de a\u00f1o tambi\u00e9n nos hubiera gustado comenzarlo hablando de nacimientos, pero las defunciones mandan.<\/em><\/h4>\n<p style=\"text-align: justify;margin-bottom: 0cm\">\u00a0<\/p>\n<h2 style=\"text-align: justify;margin-bottom: 0cm\">DEFUNCI\u00d3N DE SEVE<a  href=\"http:\/\/www.mecerreyes.com\/mece\/wp-content\/uploads\/2011\/01\/Seve.jpg\" class=\"thickbox no_icon\" title=\"Seve\"><img loading=\"lazy\" decoding=\"async\" class=\"alignright size-medium wp-image-2366\" src=\"http:\/\/www.mecerreyes.com\/mece\/wp-content\/uploads\/2011\/01\/Seve-234x300.jpg\" alt=\"Seve\" width=\"187\" height=\"240\" srcset=\"https:\/\/www.mecerreyes.com\/mece\/wp-content\/uploads\/2011\/01\/Seve-234x300.jpg 234w, https:\/\/www.mecerreyes.com\/mece\/wp-content\/uploads\/2011\/01\/Seve-800x1024.jpg 800w, https:\/\/www.mecerreyes.com\/mece\/wp-content\/uploads\/2011\/01\/Seve.jpg 900w\" sizes=\"(max-width: 187px) 100vw, 187px\" \/><\/a><\/h2>\n<p style=\"text-align: justify;margin-bottom: 0cm\">Severina Diez Vicario, <strong>\u00abSeve\u00bb<\/strong> nos ha dejado. El d\u00eda 5 de Enero y con 89 a\u00f1os\u00a0su coraz\u00f3n dijo \u201cbasta\u201d. Al d\u00eda siguiente la despedimos en uni\u00f3n de oraciones con su familia en una ceremonia que junt\u00f3 la alegr\u00eda de Reyes y la tristeza de su despedida. Desde aqu\u00ed nuestro m\u00e1s sincero p\u00e9same.<\/p>\n<p style=\"text-align: justify;margin-bottom: 0cm\">\u00a0<\/p>\n<h2 style=\"text-align: justify;margin-bottom: 0cm\">DEFUNCI\u00d3N DE DAVID<\/h2>\n<p align=\"justify\">El d\u00eda 28 de diciembre, falleci\u00f3 en Burgos, <strong>David Ib\u00e1\u00f1ez Vicario<\/strong> a los 82 a\u00f1os de edad, transmitimos nuestro p\u00e9same a su esposa\u00a0<strong>Concha<\/strong> Vicario Arribas, as\u00ed como a sus hijos y dem\u00e1s familia. El funeral se celebr\u00f3 en la iglesia parroquial de San Lesmes de Burgos.<\/p>\n<p align=\"justify\">\u00a0<\/p>\n<h2 style=\"text-align: justify;margin-bottom: 0cm\"><a  href=\"http:\/\/www.mecerreyes.com\/mece\/wp-content\/uploads\/2011\/01\/Juani.jpg\" class=\"thickbox no_icon\" title=\"Juani\"><img loading=\"lazy\" decoding=\"async\" class=\"alignleft size-medium wp-image-2367\" src=\"http:\/\/www.mecerreyes.com\/mece\/wp-content\/uploads\/2011\/01\/Juani-256x300.jpg\" alt=\"Juani\" width=\"230\" height=\"270\" srcset=\"https:\/\/www.mecerreyes.com\/mece\/wp-content\/uploads\/2011\/01\/Juani-256x300.jpg 256w, https:\/\/www.mecerreyes.com\/mece\/wp-content\/uploads\/2011\/01\/Juani-876x1023.jpg 876w, https:\/\/www.mecerreyes.com\/mece\/wp-content\/uploads\/2011\/01\/Juani.jpg 1261w\" sizes=\"(max-width: 230px) 100vw, 230px\" \/><\/a>DEFUNCI\u00d3N DE JUANI<\/h2>\n<p style=\"text-align: justify;margin-bottom: 0cm\">La canci\u00f3n dice \u201cque algo se muere en el alma cuando un amigo se va\u201d. As\u00ed nos sentimos todos cuando nos enteramos el domingo 9 que <strong>Juani<\/strong>, con 66 a\u00f1os\u00a0hab\u00eda muerto. Tras unos meses de dura lucha contra su enfermedad y habernos dejado todo un ejemplo de superaci\u00f3n, esfuerzo y generosidad hasta el \u00faltimo aliento, su cuerpo no aguant\u00f3 m\u00e1s.<\/p>\n<p style=\"text-align: justify;margin-bottom: 0cm\">El lunes la despedimos en un multitudinario funeral, expresi\u00f3n del cari\u00f1o de todos los guiletos. \u00c1nimo a la familia y nuestra oraci\u00f3n por ella y por vosotros. Un beso cari\u00f1oso para Rufi.<\/p>\n<p style=\"text-align: justify;margin-bottom: 0cm\">\u00a0<\/p>\n<h2 style=\"text-align: justify;margin-bottom: 0cm\">DEFUNCI\u00d3N DE PATRO<\/h2>\n<p align=\"justify\">El d\u00eda 9 de enero a los 91 a\u00f1os de edad, falleci\u00f3 <strong>MAR\u00cdA PATROCINIO GARC\u00cdA ORCAJO\u00a0\u00abPatro\u00bb<\/strong>\u00a0(Viuda de Her\u00e1clides Vicario), transmitimos nuestro m\u00e1s sincero p\u00e9same a sus hijos y dem\u00e1s familia, el funeral se celebr\u00f3 en Burgos.<\/p>\n<p align=\"justify\">\u00a0<\/p>\n<h2 style=\"text-align: justify;margin-bottom: 0cm\">UN JABAL\u00cd DE VERM\u00da<a  href=\"http:\/\/www.mecerreyes.com\/mece\/wp-content\/uploads\/2011\/01\/Fotos-jabali-por-Mecerreyes-11.jpg\" class=\"thickbox no_icon\" title=\"Fotos jabali por Mecerreyes 1\"><img loading=\"lazy\" decoding=\"async\" class=\"alignright size-medium wp-image-2369\" src=\"http:\/\/www.mecerreyes.com\/mece\/wp-content\/uploads\/2011\/01\/Fotos-jabali-por-Mecerreyes-11-300x225.jpg\" alt=\"Fotos jabali por Mecerreyes 1\" width=\"300\" height=\"225\" srcset=\"https:\/\/www.mecerreyes.com\/mece\/wp-content\/uploads\/2011\/01\/Fotos-jabali-por-Mecerreyes-11-300x225.jpg 300w, https:\/\/www.mecerreyes.com\/mece\/wp-content\/uploads\/2011\/01\/Fotos-jabali-por-Mecerreyes-11-1024x768.jpg 1024w, https:\/\/www.mecerreyes.com\/mece\/wp-content\/uploads\/2011\/01\/Fotos-jabali-por-Mecerreyes-11.jpg 1600w\" sizes=\"(max-width: 300px) 100vw, 300px\" \/><\/a><\/h2>\n<p style=\"text-align: justify;margin-bottom: 0cm\">La nota graciosa del mes la protagoniz\u00f3 un hermoso <strong>jabal\u00ed que se pase\u00f3 por las calles del pueblo a la hora del verm\u00fa<\/strong>. Se ve que los cazadores no anduvieron muy finos y quiso \u201ctomarles un poco el pelo\u201d; estaba muy suelto por las calles del pueblo, tal vez no ha sido la primera vez que se ha dado un paseo; pero a esas horas seguro que s\u00ed.<\/p>\n<p style=\"text-align: justify;margin-bottom: 0cm\">\u00a0<\/p>\n<h2 style=\"text-align: justify;margin-bottom: 0cm\">INCENDIO<\/h2>\n<p style=\"text-align: justify;margin-bottom: 0cm\"><a  href=\"http:\/\/www.mecerreyes.com\/mece\/wp-content\/uploads\/2011\/01\/Incendio-Bomberos-4-12-2010-1.JPG\" class=\"thickbox no_icon\" title=\"Incendio, Bomberos 4-12-2010 (1)\"><img loading=\"lazy\" decoding=\"async\" class=\"alignleft size-medium wp-image-2370\" src=\"http:\/\/www.mecerreyes.com\/mece\/wp-content\/uploads\/2011\/01\/Incendio-Bomberos-4-12-2010-1-300x225.jpg\" alt=\"Incendio, Bomberos 4-12-2010 (1)\" width=\"300\" height=\"225\" srcset=\"https:\/\/www.mecerreyes.com\/mece\/wp-content\/uploads\/2011\/01\/Incendio-Bomberos-4-12-2010-1-300x225.jpg 300w, https:\/\/www.mecerreyes.com\/mece\/wp-content\/uploads\/2011\/01\/Incendio-Bomberos-4-12-2010-1.JPG 700w\" sizes=\"(max-width: 300px) 100vw, 300px\" \/><\/a>El susto del mes lo protagoniz\u00f3 un <strong>incendio entre las casas de la <em>Paca<\/em> y la se\u00f1ora Anuncia.<\/strong> No pas\u00f3 nada porque una vez m\u00e1s la solidaridad de los vecinos guiletos fue m\u00e1s r\u00e1pida que el humo y el fuego; la cosa, l\u00f3gicamente, lleg\u00f3 hasta los bomberos de Salas que vinieron raudos y echaron un mont\u00f3n de agua que inund\u00f3 las casas \u201cpor si las moscas\u201d. Hizo m\u00e1s destrozo el agua que el fuego, pero como con estas cosas es mejor no jugar, estuvo bien que fueran tan profesionales.<\/p>\n<p style=\"text-align: justify;margin-bottom: 0cm\">\u00a0<\/p>\n<h2 style=\"text-align: justify;margin-bottom: 0cm\">COCHES ANTIGUOS<\/h2>\n<p style=\"text-align: justify;margin-bottom: 0cm\">El fin de semana del puente de diciembre llegaron unos cuantos <strong>coches antiguos<\/strong> a hacer las delicias de los amantes del motor. Fue un rato muy agradable por lo bonito de estos veh\u00edculos. Adem\u00e1s, como hizo buen tiempo, pudimos ver bien estas reliquias del motor con el solillo de mediod\u00eda.<\/p>\n<p style=\"text-align: justify;margin-bottom: 0cm\"><a  href=\"http:\/\/www.mecerreyes.com\/mece\/wp-content\/uploads\/2011\/01\/Coches-antiguos-Mecerreyes-12-12-2010.jpg\" class=\"thickbox no_icon\" title=\"Coches antiguos, Mecerreyes 12-12-2010\"><img loading=\"lazy\" decoding=\"async\" class=\"alignnone size-full wp-image-2388\" src=\"http:\/\/www.mecerreyes.com\/mece\/wp-content\/uploads\/2011\/01\/Coches-antiguos-Mecerreyes-12-12-2010.jpg\" alt=\"Coches antiguos, Mecerreyes 12-12-2010\" width=\"700\" height=\"525\" srcset=\"https:\/\/www.mecerreyes.com\/mece\/wp-content\/uploads\/2011\/01\/Coches-antiguos-Mecerreyes-12-12-2010.jpg 700w, https:\/\/www.mecerreyes.com\/mece\/wp-content\/uploads\/2011\/01\/Coches-antiguos-Mecerreyes-12-12-2010-300x225.jpg 300w\" sizes=\"(max-width: 700px) 100vw, 700px\" \/><\/a>\u00a0<\/p>\n<h2 style=\"text-align: justify;margin-bottom: 0cm\">FOTOS \u201cFAMOSAS\u201d<\/h2>\n<p style=\"text-align: justify;margin-bottom: 0cm\">Un fot\u00f3grafo franc\u00e9s llamado <strong>Charles Freger<\/strong> y su ayudante, pasaron el fin de semana del 15-16 de enero, inmortalizando los trajes del carnaval y del gallo. Agradecemos a los voluntarios que participaron\u00a0retocando los disfraces,\u00a0posando para el fot\u00f3grafo, haciendo de traductores (ya que no hablaban castellano) . Desde las 9 de la ma\u00f1ana hasta la 1 del mediod\u00eda dur\u00f3 la sesi\u00f3n fotogr\u00e1fica que se hizo en el monte, cerca de la ermita. Nos alegramos que la fama de nuestros carnavales y de la fiesta del gallo crucen nuestras fronteras nacionales y puedan tener una proyecci\u00f3n internacional.\u00a0El objeto de estas fotograf\u00edas es formar parte de una exposici\u00f3n en el Museo Internacional de la M\u00e1scara, en B\u00e9lgica.<\/p>\n<p style=\"text-align: justify;margin-bottom: 0cm\"><a  href=\"http:\/\/www.mecerreyes.com\/mece\/wp-content\/uploads\/2011\/01\/Fotografo-Frances-Charles-Freger-1.jpg\" class=\"thickbox no_icon\" title=\"Fotografo Frances Charles Freger (1)\"><img loading=\"lazy\" decoding=\"async\" class=\"alignnone size-medium wp-image-2371\" src=\"http:\/\/www.mecerreyes.com\/mece\/wp-content\/uploads\/2011\/01\/Fotografo-Frances-Charles-Freger-1-300x225.jpg\" alt=\"Fotografo Frances Charles Freger (1)\" width=\"300\" height=\"225\" srcset=\"https:\/\/www.mecerreyes.com\/mece\/wp-content\/uploads\/2011\/01\/Fotografo-Frances-Charles-Freger-1-300x225.jpg 300w, https:\/\/www.mecerreyes.com\/mece\/wp-content\/uploads\/2011\/01\/Fotografo-Frances-Charles-Freger-1.jpg 700w\" sizes=\"(max-width: 300px) 100vw, 300px\" \/><\/a><\/p>\n<h3 style=\"text-align: justify;margin-bottom: 0cm\">\u00a0<\/h3>\n<h2 style=\"text-align: justify;margin-bottom: 0cm\">MARZAS Y GALLO<\/h2>\n<h3 style=\"text-align: justify;margin-bottom: 0cm\">Avanzamos las fechas de las fiestas de invierno:<\/h3>\n<ul>\n<li>\n<h3 style=\"text-align: justify;margin-bottom: 0cm\">S\u00e1bado 26 de febrero de 2011: <a  href=\"https:\/\/www.mecerreyes.com\/mece\/?page_id=47\">Las Marzas<\/a><\/h3>\n<\/li>\n<li>\n<h3 style=\"text-align: justify;margin-bottom: 0cm\">Domingo 6 de Marzo de 2011: <a  href=\"https:\/\/www.mecerreyes.com\/mece\/?page_id=138\">El Gallo de Carnaval<\/a><\/h3>\n<\/li>\n<\/ul>","protected":false},"excerpt":{"rendered":"<p>Ya puedes leer la cr\u00f3nica completa de lo que han sido las navidades en Mecerreyes junto a las fotos de la Cabalgata de Reyes, lo tienes en el enlace Cr\u00f3nica de Navidad-Preg\u00f3n-Bel\u00e9n 2010:\u00a0\u00a0http:\/\/www.mecerreyes.com\/mece\/?p=2295, tambi\u00e9n hemos ampliado en las Noticias Diciembre 2010:\u00a0http:\/\/www.mecerreyes.com\/mece\/?p=2335\u00a0 los \u00faltimos nacimientos del a\u00f1o 2010. Este comienzo de a\u00f1o tambi\u00e9n nos hubiera gustado [&hellip;]<\/p>\n","protected":false},"author":5,"featured_media":0,"comment_status":"open","ping_status":"closed","sticky":false,"template":"","format":"standard","meta":{"_et_pb_use_builder":"","_et_pb_old_content":"","_et_gb_content_width":"","footnotes":""},"categories":[1],"tags":[21],"class_list":["post-2362","post","type-post","status-publish","format-standard","hentry","category-general","tag-guiletos","et-doesnt-have-format-content","et_post_format-et-post-format-standard"],"_links":{"self":[{"href":"https:\/\/www.mecerreyes.com\/mece\/index.php?rest_route=\/wp\/v2\/posts\/2362"}],"collection":[{"href":"https:\/\/www.mecerreyes.com\/mece\/index.php?rest_route=\/wp\/v2\/posts"}],"about":[{"href":"https:\/\/www.mecerreyes.com\/mece\/index.php?rest_route=\/wp\/v2\/types\/post"}],"author":[{"embeddable":true,"href":"https:\/\/www.mecerreyes.com\/mece\/index.php?rest_route=\/wp\/v2\/users\/5"}],"replies":[{"embeddable":true,"href":"https:\/\/www.mecerreyes.com\/mece\/index.php?rest_route=%2Fwp%2Fv2%2Fcomments&post=2362"}],"version-history":[{"count":0,"href":"https:\/\/www.mecerreyes.com\/mece\/index.php?rest_route=\/wp\/v2\/posts\/2362\/revisions"}],"wp:attachment":[{"href":"https:\/\/www.mecerreyes.com\/mece\/index.php?rest_route=%2Fwp%2Fv2%2Fmedia&parent=2362"}],"wp:term":[{"taxonomy":"category","embeddable":true,"href":"https:\/\/www.mecerreyes.com\/mece\/index.php?rest_route=%2Fwp%2Fv2%2Fcategories&post=2362"},{"taxonomy":"post_tag","embeddable":true,"href":"https:\/\/www.mecerreyes.com\/mece\/index.php?rest_route=%2Fwp%2Fv2%2Ftags&post=2362"}],"curies":[{"name":"wp","href":"https:\/\/api.w.org\/{rel}","templated":true}]}}