{"id":23809,"date":"2023-08-09T21:51:03","date_gmt":"2023-08-09T20:51:03","guid":{"rendered":"http:\/\/www.mecerreyes.com\/mece\/?p=23809"},"modified":"2023-09-19T17:53:33","modified_gmt":"2023-09-19T16:53:33","slug":"verano-cultural-2023-mecerreyes","status":"publish","type":"post","link":"https:\/\/www.mecerreyes.com\/mece\/?p=23809","title":{"rendered":"Verano Cultural y Fiestas 2023 &#8211; Mecerreyes"},"content":{"rendered":"<p><strong>EL VERANO CULTURAL DE MECERREYES<\/strong><\/p>\n\n\n\n<p><br>Para que pasar el verano en el pueblo vaya creando un poso de recuerdos y emociones a los m\u00e1s peque\u00f1os, j\u00f3venes y adultos, un a\u00f1o m\u00e1s las propuestas culturales patrocinadas por el Ayuntamieno y las <a  href=\"https:\/\/www.mecerreyes.com\/mece\/?page_id=265\">Asociaciones<\/a> de Mecerreyes intenta ser lo m\u00e1s diversas posibles.<br>Compartir espacios y gustos entre locales y for\u00e1neos que den el pistoletazo de salida a las tan esperadas Fiestas de <a  href=\"https:\/\/www.mecerreyes.com\/mece\/?page_id=60\">Acci\u00f3n de Gracias<\/a> es un reto para todos.<\/p>\n\n\n\n<p>Dimos la bienvenida al solsticio de verano&nbsp;el 23 de&nbsp;junio con&nbsp;la actuaci\u00f3n de <strong>NEONYMUS<\/strong>. En los jardines de la iglesia.<\/p>\n\n\n\n<figure class=\"wp-block-gallery columns-1 is-cropped wp-block-gallery-1 is-layout-flex wp-block-gallery-is-layout-flex\"><ul class=\"blocks-gallery-grid\"><li class=\"blocks-gallery-item\"><figure><a  href=\"http:\/\/www.mecerreyes.com\/mece\/wp-content\/uploads\/2023\/07\/Concierto-de-Neonymus-Mecerreyes-23-06-2023-5.jpeg\" class=\"thickbox no_icon\" title=\"\"><img loading=\"lazy\" decoding=\"async\" width=\"711\" height=\"1024\" src=\"http:\/\/www.mecerreyes.com\/mece\/wp-content\/uploads\/2023\/07\/Concierto-de-Neonymus-Mecerreyes-23-06-2023-5-711x1024.jpeg\" alt=\"\" data-id=\"23688\" data-full-url=\"http:\/\/www.mecerreyes.com\/mece\/wp-content\/uploads\/2023\/07\/Concierto-de-Neonymus-Mecerreyes-23-06-2023-5.jpeg\" data-link=\"http:\/\/www.mecerreyes.com\/mece\/?attachment_id=23688\" class=\"wp-image-23688\" srcset=\"https:\/\/www.mecerreyes.com\/mece\/wp-content\/uploads\/2023\/07\/Concierto-de-Neonymus-Mecerreyes-23-06-2023-5-711x1024.jpeg 711w, https:\/\/www.mecerreyes.com\/mece\/wp-content\/uploads\/2023\/07\/Concierto-de-Neonymus-Mecerreyes-23-06-2023-5-208x300.jpeg 208w, https:\/\/www.mecerreyes.com\/mece\/wp-content\/uploads\/2023\/07\/Concierto-de-Neonymus-Mecerreyes-23-06-2023-5-768x1106.jpeg 768w, https:\/\/www.mecerreyes.com\/mece\/wp-content\/uploads\/2023\/07\/Concierto-de-Neonymus-Mecerreyes-23-06-2023-5-1067x1536.jpeg 1067w, https:\/\/www.mecerreyes.com\/mece\/wp-content\/uploads\/2023\/07\/Concierto-de-Neonymus-Mecerreyes-23-06-2023-5-1080x1555.jpeg 1080w, https:\/\/www.mecerreyes.com\/mece\/wp-content\/uploads\/2023\/07\/Concierto-de-Neonymus-Mecerreyes-23-06-2023-5.jpeg 1111w\" sizes=\"(max-width: 711px) 100vw, 711px\" \/><\/a><\/figure><\/li><\/ul><\/figure>\n\n\n\n<p>Nuestras abuelas celebraron:<br>23 de junio <strong>Tarde de&nbsp;San Juan<\/strong> y<br>26 de julio <strong>D\u00eda de&nbsp;los abuelos<\/strong>, reuniones intergeneracionales entorno a un chocolate, con remate del <a  href=\"https:\/\/www.mecerreyes.com\/mece\/?page_id=19\">himno<\/a> a Mecerreyes.<\/p>\n\n\n\n<figure class=\"wp-block-gallery columns-1 is-cropped wp-block-gallery-2 is-layout-flex wp-block-gallery-is-layout-flex\"><ul class=\"blocks-gallery-grid\"><li class=\"blocks-gallery-item\"><figure><a  href=\"http:\/\/www.mecerreyes.com\/mece\/wp-content\/uploads\/2016\/08\/Mecerreyes-Fiesta-de-los-abuelos-chocolate-26-07-2016-1.jpg\" class=\"thickbox no_icon\" title=\"\"><img loading=\"lazy\" decoding=\"async\" width=\"800\" height=\"600\" src=\"http:\/\/www.mecerreyes.com\/mece\/wp-content\/uploads\/2016\/08\/Mecerreyes-Fiesta-de-los-abuelos-chocolate-26-07-2016-1.jpg\" alt=\"\" data-id=\"13206\" data-full-url=\"http:\/\/www.mecerreyes.com\/mece\/wp-content\/uploads\/2016\/08\/Mecerreyes-Fiesta-de-los-abuelos-chocolate-26-07-2016-1.jpg\" data-link=\"http:\/\/www.mecerreyes.com\/mece\/?attachment_id=13206\" class=\"wp-image-13206\" srcset=\"https:\/\/www.mecerreyes.com\/mece\/wp-content\/uploads\/2016\/08\/Mecerreyes-Fiesta-de-los-abuelos-chocolate-26-07-2016-1.jpg 800w, https:\/\/www.mecerreyes.com\/mece\/wp-content\/uploads\/2016\/08\/Mecerreyes-Fiesta-de-los-abuelos-chocolate-26-07-2016-1-300x225.jpg 300w, https:\/\/www.mecerreyes.com\/mece\/wp-content\/uploads\/2016\/08\/Mecerreyes-Fiesta-de-los-abuelos-chocolate-26-07-2016-1-768x576.jpg 768w\" sizes=\"(max-width: 800px) 100vw, 800px\" \/><\/a><\/figure><\/li><\/ul><\/figure>\n\n\n\n<p>29 de julio: Un gui\u00f1o a lo tradicional con la <strong>XXI Edici\u00f3n del Festival de Dulzaina<\/strong>.<br>2 de agosto, <strong>Talleres cient\u00edfico-tecnol\u00f3gicos<\/strong>. \u00abDise\u00f1a y crea tu&nbsp; paracaidas\u00bb , y \u00abLa magia que&nbsp; esconde la&nbsp; qu\u00edmica\u00bb.<\/p>\n\n\n\n<figure class=\"wp-block-gallery columns-2 is-cropped wp-block-gallery-3 is-layout-flex wp-block-gallery-is-layout-flex\"><ul class=\"blocks-gallery-grid\"><li class=\"blocks-gallery-item\"><figure><a  href=\"http:\/\/www.mecerreyes.com\/mece\/wp-content\/uploads\/2023\/07\/Mecerreyes-Cartel-XXI-Festival-de-Dulzaina-Memorial-Sim\u00f3n-Altable.jpeg\" class=\"thickbox no_icon\" title=\"\"><img loading=\"lazy\" decoding=\"async\" width=\"724\" height=\"1024\" src=\"http:\/\/www.mecerreyes.com\/mece\/wp-content\/uploads\/2023\/07\/Mecerreyes-Cartel-XXI-Festival-de-Dulzaina-Memorial-Sim\u00f3n-Altable-724x1024.jpeg\" alt=\"\" data-id=\"23730\" data-full-url=\"http:\/\/www.mecerreyes.com\/mece\/wp-content\/uploads\/2023\/07\/Mecerreyes-Cartel-XXI-Festival-de-Dulzaina-Memorial-Sim\u00f3n-Altable.jpeg\" data-link=\"http:\/\/www.mecerreyes.com\/mece\/?attachment_id=23730\" class=\"wp-image-23730\" srcset=\"https:\/\/www.mecerreyes.com\/mece\/wp-content\/uploads\/2023\/07\/Mecerreyes-Cartel-XXI-Festival-de-Dulzaina-Memorial-Sim\u00f3n-Altable-724x1024.jpeg 724w, https:\/\/www.mecerreyes.com\/mece\/wp-content\/uploads\/2023\/07\/Mecerreyes-Cartel-XXI-Festival-de-Dulzaina-Memorial-Sim\u00f3n-Altable-212x300.jpeg 212w, https:\/\/www.mecerreyes.com\/mece\/wp-content\/uploads\/2023\/07\/Mecerreyes-Cartel-XXI-Festival-de-Dulzaina-Memorial-Sim\u00f3n-Altable-768x1086.jpeg 768w, https:\/\/www.mecerreyes.com\/mece\/wp-content\/uploads\/2023\/07\/Mecerreyes-Cartel-XXI-Festival-de-Dulzaina-Memorial-Sim\u00f3n-Altable-1086x1536.jpeg 1086w, https:\/\/www.mecerreyes.com\/mece\/wp-content\/uploads\/2023\/07\/Mecerreyes-Cartel-XXI-Festival-de-Dulzaina-Memorial-Sim\u00f3n-Altable-1080x1528.jpeg 1080w, https:\/\/www.mecerreyes.com\/mece\/wp-content\/uploads\/2023\/07\/Mecerreyes-Cartel-XXI-Festival-de-Dulzaina-Memorial-Sim\u00f3n-Altable.jpeg 1131w\" sizes=\"(max-width: 724px) 100vw, 724px\" \/><\/a><\/figure><\/li><li class=\"blocks-gallery-item\"><figure><a  href=\"http:\/\/www.mecerreyes.com\/mece\/wp-content\/uploads\/2023\/08\/Mecerreyes-Talleres-cient\u00edficos-2-08-2023.jpeg\" class=\"thickbox no_icon\" title=\"\"><img loading=\"lazy\" decoding=\"async\" width=\"425\" height=\"602\" src=\"http:\/\/www.mecerreyes.com\/mece\/wp-content\/uploads\/2023\/08\/Mecerreyes-Talleres-cient\u00edficos-2-08-2023.jpeg\" alt=\"\" data-id=\"23785\" data-full-url=\"http:\/\/www.mecerreyes.com\/mece\/wp-content\/uploads\/2023\/08\/Mecerreyes-Talleres-cient\u00edficos-2-08-2023.jpeg\" data-link=\"http:\/\/www.mecerreyes.com\/mece\/?attachment_id=23785\" class=\"wp-image-23785\" srcset=\"https:\/\/www.mecerreyes.com\/mece\/wp-content\/uploads\/2023\/08\/Mecerreyes-Talleres-cient\u00edficos-2-08-2023.jpeg 425w, https:\/\/www.mecerreyes.com\/mece\/wp-content\/uploads\/2023\/08\/Mecerreyes-Talleres-cient\u00edficos-2-08-2023-212x300.jpeg 212w\" sizes=\"(max-width: 425px) 100vw, 425px\" \/><\/a><\/figure><\/li><\/ul><\/figure>\n\n\n\n<p>12 de agosto<br>a las 13:00 h. celebraci\u00f3n del <strong>25 aniversario de sacerdocio de Roberto Santamar\u00eda<\/strong>.<br>A las 20:00 h <strong>MONSTERRR<\/strong>.&nbsp; Comedia bilingue musical de t\u00edteres y objetos. en la Plaza.<\/p>\n\n\n\n<figure class=\"wp-block-gallery columns-1 is-cropped wp-block-gallery-4 is-layout-flex wp-block-gallery-is-layout-flex\"><ul class=\"blocks-gallery-grid\"><li class=\"blocks-gallery-item\"><figure><a  href=\"https:\/\/www.mecerreyes.com\/mece\/wp-content\/uploads\/2023\/08\/Mecerreyes-Monsterr-12-08-23.jpeg\" class=\"thickbox no_icon\" title=\"\"><img loading=\"lazy\" decoding=\"async\" width=\"1024\" height=\"723\" src=\"https:\/\/www.mecerreyes.com\/mece\/wp-content\/uploads\/2023\/08\/Mecerreyes-Monsterr-12-08-23-1024x723.jpeg\" alt=\"\" data-id=\"23810\" data-full-url=\"https:\/\/www.mecerreyes.com\/mece\/wp-content\/uploads\/2023\/08\/Mecerreyes-Monsterr-12-08-23.jpeg\" data-link=\"https:\/\/www.mecerreyes.com\/mece\/?attachment_id=23810\" class=\"wp-image-23810\" srcset=\"https:\/\/www.mecerreyes.com\/mece\/wp-content\/uploads\/2023\/08\/Mecerreyes-Monsterr-12-08-23-1024x723.jpeg 1024w, https:\/\/www.mecerreyes.com\/mece\/wp-content\/uploads\/2023\/08\/Mecerreyes-Monsterr-12-08-23-300x212.jpeg 300w, https:\/\/www.mecerreyes.com\/mece\/wp-content\/uploads\/2023\/08\/Mecerreyes-Monsterr-12-08-23-768x542.jpeg 768w, https:\/\/www.mecerreyes.com\/mece\/wp-content\/uploads\/2023\/08\/Mecerreyes-Monsterr-12-08-23-1536x1085.jpeg 1536w, https:\/\/www.mecerreyes.com\/mece\/wp-content\/uploads\/2023\/08\/Mecerreyes-Monsterr-12-08-23-1080x763.jpeg 1080w, https:\/\/www.mecerreyes.com\/mece\/wp-content\/uploads\/2023\/08\/Mecerreyes-Monsterr-12-08-23.jpeg 1600w\" sizes=\"(max-width: 1024px) 100vw, 1024px\" \/><\/a><\/figure><\/li><\/ul><\/figure>\n\n\n\n<p>18 de agosto. <strong>Conferencia INVENTOS E INVENTORES EN EL PASAPORTE ESPA\u00d1OL<\/strong>.&nbsp; En el sal\u00f3n del <a  href=\"https:\/\/www.mecerreyes.com\/mece\/?page_id=24\">Ayuntamiento<\/a> a las 19:30 h.<\/p>\n\n\n\n<figure class=\"wp-block-gallery columns-1 is-cropped wp-block-gallery-5 is-layout-flex wp-block-gallery-is-layout-flex\"><ul class=\"blocks-gallery-grid\"><li class=\"blocks-gallery-item\"><figure><a  href=\"https:\/\/www.mecerreyes.com\/mece\/wp-content\/uploads\/2023\/08\/Mecerreyes-Conferencia-Inventos-e-Inventores-18-08-23.jpeg\" class=\"thickbox no_icon\" title=\"\"><img loading=\"lazy\" decoding=\"async\" width=\"714\" height=\"1024\" src=\"https:\/\/www.mecerreyes.com\/mece\/wp-content\/uploads\/2023\/08\/Mecerreyes-Conferencia-Inventos-e-Inventores-18-08-23-714x1024.jpeg\" alt=\"\" data-id=\"23811\" data-full-url=\"https:\/\/www.mecerreyes.com\/mece\/wp-content\/uploads\/2023\/08\/Mecerreyes-Conferencia-Inventos-e-Inventores-18-08-23.jpeg\" data-link=\"https:\/\/www.mecerreyes.com\/mece\/?attachment_id=23811\" class=\"wp-image-23811\" srcset=\"https:\/\/www.mecerreyes.com\/mece\/wp-content\/uploads\/2023\/08\/Mecerreyes-Conferencia-Inventos-e-Inventores-18-08-23-714x1024.jpeg 714w, https:\/\/www.mecerreyes.com\/mece\/wp-content\/uploads\/2023\/08\/Mecerreyes-Conferencia-Inventos-e-Inventores-18-08-23-209x300.jpeg 209w, https:\/\/www.mecerreyes.com\/mece\/wp-content\/uploads\/2023\/08\/Mecerreyes-Conferencia-Inventos-e-Inventores-18-08-23-768x1101.jpeg 768w, https:\/\/www.mecerreyes.com\/mece\/wp-content\/uploads\/2023\/08\/Mecerreyes-Conferencia-Inventos-e-Inventores-18-08-23.jpeg 1014w\" sizes=\"(max-width: 714px) 100vw, 714px\" \/><\/a><\/figure><\/li><\/ul><\/figure>\n\n\n\n<div style=\"height:43px\" aria-hidden=\"true\" class=\"wp-block-spacer\"><\/div>\n\n\n\n<p>23 &#8211; 27 de agosto <strong>FIESTAS DE ACCI\u00d3N DE GRACIAS Y NUESTRA SRA. DEL CAMINO<\/strong>.<\/p>\n\n\n\n<figure class=\"wp-block-gallery columns-1 is-cropped wp-block-gallery-6 is-layout-flex wp-block-gallery-is-layout-flex\"><ul class=\"blocks-gallery-grid\"><li class=\"blocks-gallery-item\"><figure><a  href=\"https:\/\/www.mecerreyes.com\/mece\/wp-content\/uploads\/2023\/08\/Programa-de-fiestas-2023-1-portada-Mecerreyes.jpeg\" class=\"thickbox no_icon\" title=\"\"><img loading=\"lazy\" decoding=\"async\" width=\"722\" height=\"1024\" src=\"https:\/\/www.mecerreyes.com\/mece\/wp-content\/uploads\/2023\/08\/Programa-de-fiestas-2023-1-portada-Mecerreyes-722x1024.jpeg\" alt=\"\" data-id=\"23815\" data-full-url=\"https:\/\/www.mecerreyes.com\/mece\/wp-content\/uploads\/2023\/08\/Programa-de-fiestas-2023-1-portada-Mecerreyes.jpeg\" data-link=\"https:\/\/www.mecerreyes.com\/mece\/?attachment_id=23815\" class=\"wp-image-23815\" srcset=\"https:\/\/www.mecerreyes.com\/mece\/wp-content\/uploads\/2023\/08\/Programa-de-fiestas-2023-1-portada-Mecerreyes-722x1024.jpeg 722w, https:\/\/www.mecerreyes.com\/mece\/wp-content\/uploads\/2023\/08\/Programa-de-fiestas-2023-1-portada-Mecerreyes-212x300.jpeg 212w, https:\/\/www.mecerreyes.com\/mece\/wp-content\/uploads\/2023\/08\/Programa-de-fiestas-2023-1-portada-Mecerreyes-768x1089.jpeg 768w, https:\/\/www.mecerreyes.com\/mece\/wp-content\/uploads\/2023\/08\/Programa-de-fiestas-2023-1-portada-Mecerreyes-1083x1536.jpeg 1083w, https:\/\/www.mecerreyes.com\/mece\/wp-content\/uploads\/2023\/08\/Programa-de-fiestas-2023-1-portada-Mecerreyes-1080x1532.jpeg 1080w, https:\/\/www.mecerreyes.com\/mece\/wp-content\/uploads\/2023\/08\/Programa-de-fiestas-2023-1-portada-Mecerreyes.jpeg 1128w\" sizes=\"(max-width: 722px) 100vw, 722px\" \/><\/a><\/figure><\/li><\/ul><\/figure>\n\n\n\n<figure class=\"wp-block-gallery columns-2 is-cropped wp-block-gallery-7 is-layout-flex wp-block-gallery-is-layout-flex\"><ul class=\"blocks-gallery-grid\"><li class=\"blocks-gallery-item\"><figure><a  href=\"https:\/\/www.mecerreyes.com\/mece\/wp-content\/uploads\/2023\/09\/Programa-de-Fiestas-Mecerreyes-2023-2-Saludo-Alcalde-731x1024.jpeg\" class=\"thickbox no_icon\" title=\"\"><img loading=\"lazy\" decoding=\"async\" width=\"731\" height=\"1024\" src=\"https:\/\/www.mecerreyes.com\/mece\/wp-content\/uploads\/2023\/09\/Programa-de-Fiestas-Mecerreyes-2023-2-Saludo-Alcalde-731x1024.jpeg\" alt=\"\" data-id=\"23910\" data-link=\"https:\/\/www.mecerreyes.com\/mece\/?attachment_id=23910\" class=\"wp-image-23910\" srcset=\"https:\/\/www.mecerreyes.com\/mece\/wp-content\/uploads\/2023\/09\/Programa-de-Fiestas-Mecerreyes-2023-2-Saludo-Alcalde-731x1024.jpeg 731w, https:\/\/www.mecerreyes.com\/mece\/wp-content\/uploads\/2023\/09\/Programa-de-Fiestas-Mecerreyes-2023-2-Saludo-Alcalde-214x300.jpeg 214w, https:\/\/www.mecerreyes.com\/mece\/wp-content\/uploads\/2023\/09\/Programa-de-Fiestas-Mecerreyes-2023-2-Saludo-Alcalde-768x1075.jpeg 768w, https:\/\/www.mecerreyes.com\/mece\/wp-content\/uploads\/2023\/09\/Programa-de-Fiestas-Mecerreyes-2023-2-Saludo-Alcalde.jpeg 1039w\" sizes=\"(max-width: 731px) 100vw, 731px\" \/><\/a><\/figure><\/li><li class=\"blocks-gallery-item\"><figure><a  href=\"https:\/\/www.mecerreyes.com\/mece\/wp-content\/uploads\/2023\/09\/Programa-de-Fiestas-Mecerreyes-2023-3-755x1024.jpeg\" class=\"thickbox no_icon\" title=\"\"><img loading=\"lazy\" decoding=\"async\" width=\"755\" height=\"1024\" src=\"https:\/\/www.mecerreyes.com\/mece\/wp-content\/uploads\/2023\/09\/Programa-de-Fiestas-Mecerreyes-2023-3-755x1024.jpeg\" alt=\"\" data-id=\"23911\" data-link=\"https:\/\/www.mecerreyes.com\/mece\/?attachment_id=23911\" class=\"wp-image-23911\" srcset=\"https:\/\/www.mecerreyes.com\/mece\/wp-content\/uploads\/2023\/09\/Programa-de-Fiestas-Mecerreyes-2023-3-755x1024.jpeg 755w, https:\/\/www.mecerreyes.com\/mece\/wp-content\/uploads\/2023\/09\/Programa-de-Fiestas-Mecerreyes-2023-3-221x300.jpeg 221w, https:\/\/www.mecerreyes.com\/mece\/wp-content\/uploads\/2023\/09\/Programa-de-Fiestas-Mecerreyes-2023-3-768x1041.jpeg 768w, https:\/\/www.mecerreyes.com\/mece\/wp-content\/uploads\/2023\/09\/Programa-de-Fiestas-Mecerreyes-2023-3.jpeg 1080w\" sizes=\"(max-width: 755px) 100vw, 755px\" \/><\/a><\/figure><\/li><li class=\"blocks-gallery-item\"><figure><a  href=\"https:\/\/www.mecerreyes.com\/mece\/wp-content\/uploads\/2023\/09\/Programa-de-Fiestas-Mecerreyes-2023-4-744x1024.jpeg\" class=\"thickbox no_icon\" title=\"\"><img loading=\"lazy\" decoding=\"async\" width=\"744\" height=\"1024\" src=\"https:\/\/www.mecerreyes.com\/mece\/wp-content\/uploads\/2023\/09\/Programa-de-Fiestas-Mecerreyes-2023-4-744x1024.jpeg\" alt=\"\" data-id=\"23912\" data-link=\"https:\/\/www.mecerreyes.com\/mece\/?attachment_id=23912\" class=\"wp-image-23912\" srcset=\"https:\/\/www.mecerreyes.com\/mece\/wp-content\/uploads\/2023\/09\/Programa-de-Fiestas-Mecerreyes-2023-4-744x1024.jpeg 744w, https:\/\/www.mecerreyes.com\/mece\/wp-content\/uploads\/2023\/09\/Programa-de-Fiestas-Mecerreyes-2023-4-218x300.jpeg 218w, https:\/\/www.mecerreyes.com\/mece\/wp-content\/uploads\/2023\/09\/Programa-de-Fiestas-Mecerreyes-2023-4-768x1057.jpeg 768w, https:\/\/www.mecerreyes.com\/mece\/wp-content\/uploads\/2023\/09\/Programa-de-Fiestas-Mecerreyes-2023-4.jpeg 1080w\" sizes=\"(max-width: 744px) 100vw, 744px\" \/><\/a><\/figure><\/li><li class=\"blocks-gallery-item\"><figure><a  href=\"https:\/\/www.mecerreyes.com\/mece\/wp-content\/uploads\/2023\/09\/Programa-de-Fiestas-Mecerreyes-2023-5-748x1024.jpeg\" class=\"thickbox no_icon\" title=\"\"><img loading=\"lazy\" decoding=\"async\" width=\"748\" height=\"1024\" src=\"https:\/\/www.mecerreyes.com\/mece\/wp-content\/uploads\/2023\/09\/Programa-de-Fiestas-Mecerreyes-2023-5-748x1024.jpeg\" alt=\"\" data-id=\"23913\" data-link=\"https:\/\/www.mecerreyes.com\/mece\/?attachment_id=23913\" class=\"wp-image-23913\" srcset=\"https:\/\/www.mecerreyes.com\/mece\/wp-content\/uploads\/2023\/09\/Programa-de-Fiestas-Mecerreyes-2023-5-748x1024.jpeg 748w, https:\/\/www.mecerreyes.com\/mece\/wp-content\/uploads\/2023\/09\/Programa-de-Fiestas-Mecerreyes-2023-5-219x300.jpeg 219w, https:\/\/www.mecerreyes.com\/mece\/wp-content\/uploads\/2023\/09\/Programa-de-Fiestas-Mecerreyes-2023-5-768x1052.jpeg 768w, https:\/\/www.mecerreyes.com\/mece\/wp-content\/uploads\/2023\/09\/Programa-de-Fiestas-Mecerreyes-2023-5.jpeg 1080w\" sizes=\"(max-width: 748px) 100vw, 748px\" \/><\/a><\/figure><\/li><li class=\"blocks-gallery-item\"><figure><a  href=\"https:\/\/www.mecerreyes.com\/mece\/wp-content\/uploads\/2023\/09\/Programa-de-Fiestas-Mecerreyes-2023-6-745x1024.jpeg\" class=\"thickbox no_icon\" title=\"\"><img loading=\"lazy\" decoding=\"async\" width=\"745\" height=\"1024\" src=\"https:\/\/www.mecerreyes.com\/mece\/wp-content\/uploads\/2023\/09\/Programa-de-Fiestas-Mecerreyes-2023-6-745x1024.jpeg\" alt=\"\" data-id=\"23914\" data-link=\"https:\/\/www.mecerreyes.com\/mece\/?attachment_id=23914\" class=\"wp-image-23914\" srcset=\"https:\/\/www.mecerreyes.com\/mece\/wp-content\/uploads\/2023\/09\/Programa-de-Fiestas-Mecerreyes-2023-6-745x1024.jpeg 745w, https:\/\/www.mecerreyes.com\/mece\/wp-content\/uploads\/2023\/09\/Programa-de-Fiestas-Mecerreyes-2023-6-218x300.jpeg 218w, https:\/\/www.mecerreyes.com\/mece\/wp-content\/uploads\/2023\/09\/Programa-de-Fiestas-Mecerreyes-2023-6-768x1055.jpeg 768w, https:\/\/www.mecerreyes.com\/mece\/wp-content\/uploads\/2023\/09\/Programa-de-Fiestas-Mecerreyes-2023-6.jpeg 1080w\" sizes=\"(max-width: 745px) 100vw, 745px\" \/><\/a><\/figure><\/li><li class=\"blocks-gallery-item\"><figure><a  href=\"https:\/\/www.mecerreyes.com\/mece\/wp-content\/uploads\/2023\/09\/Programa-de-Fiestas-Mecerreyes-2023-7-748x1024.jpeg\" class=\"thickbox no_icon\" title=\"\"><img loading=\"lazy\" decoding=\"async\" width=\"748\" height=\"1024\" src=\"https:\/\/www.mecerreyes.com\/mece\/wp-content\/uploads\/2023\/09\/Programa-de-Fiestas-Mecerreyes-2023-7-748x1024.jpeg\" alt=\"\" data-id=\"23915\" data-link=\"https:\/\/www.mecerreyes.com\/mece\/?attachment_id=23915\" class=\"wp-image-23915\" srcset=\"https:\/\/www.mecerreyes.com\/mece\/wp-content\/uploads\/2023\/09\/Programa-de-Fiestas-Mecerreyes-2023-7-748x1024.jpeg 748w, https:\/\/www.mecerreyes.com\/mece\/wp-content\/uploads\/2023\/09\/Programa-de-Fiestas-Mecerreyes-2023-7-219x300.jpeg 219w, https:\/\/www.mecerreyes.com\/mece\/wp-content\/uploads\/2023\/09\/Programa-de-Fiestas-Mecerreyes-2023-7-768x1052.jpeg 768w, https:\/\/www.mecerreyes.com\/mece\/wp-content\/uploads\/2023\/09\/Programa-de-Fiestas-Mecerreyes-2023-7.jpeg 1080w\" sizes=\"(max-width: 748px) 100vw, 748px\" \/><\/a><\/figure><\/li><li class=\"blocks-gallery-item\"><figure><a  href=\"https:\/\/www.mecerreyes.com\/mece\/wp-content\/uploads\/2023\/09\/Programa-de-Fiestas-Mecerreyes-2023-8-748x1024.jpeg\" class=\"thickbox no_icon\" title=\"\"><img loading=\"lazy\" decoding=\"async\" width=\"748\" height=\"1024\" src=\"https:\/\/www.mecerreyes.com\/mece\/wp-content\/uploads\/2023\/09\/Programa-de-Fiestas-Mecerreyes-2023-8-748x1024.jpeg\" alt=\"\" data-id=\"23916\" data-link=\"https:\/\/www.mecerreyes.com\/mece\/?attachment_id=23916\" class=\"wp-image-23916\" srcset=\"https:\/\/www.mecerreyes.com\/mece\/wp-content\/uploads\/2023\/09\/Programa-de-Fiestas-Mecerreyes-2023-8-748x1024.jpeg 748w, https:\/\/www.mecerreyes.com\/mece\/wp-content\/uploads\/2023\/09\/Programa-de-Fiestas-Mecerreyes-2023-8-219x300.jpeg 219w, https:\/\/www.mecerreyes.com\/mece\/wp-content\/uploads\/2023\/09\/Programa-de-Fiestas-Mecerreyes-2023-8-768x1052.jpeg 768w, https:\/\/www.mecerreyes.com\/mece\/wp-content\/uploads\/2023\/09\/Programa-de-Fiestas-Mecerreyes-2023-8.jpeg 1080w\" sizes=\"(max-width: 748px) 100vw, 748px\" \/><\/a><\/figure><\/li><li class=\"blocks-gallery-item\"><figure><a  href=\"https:\/\/www.mecerreyes.com\/mece\/wp-content\/uploads\/2023\/09\/Programa-de-Fiestas-Mecerreyes-2023-9-742x1024.jpeg\" class=\"thickbox no_icon\" title=\"\"><img loading=\"lazy\" decoding=\"async\" width=\"742\" height=\"1024\" src=\"https:\/\/www.mecerreyes.com\/mece\/wp-content\/uploads\/2023\/09\/Programa-de-Fiestas-Mecerreyes-2023-9-742x1024.jpeg\" alt=\"\" data-id=\"23917\" data-link=\"https:\/\/www.mecerreyes.com\/mece\/?attachment_id=23917\" class=\"wp-image-23917\" srcset=\"https:\/\/www.mecerreyes.com\/mece\/wp-content\/uploads\/2023\/09\/Programa-de-Fiestas-Mecerreyes-2023-9-742x1024.jpeg 742w, https:\/\/www.mecerreyes.com\/mece\/wp-content\/uploads\/2023\/09\/Programa-de-Fiestas-Mecerreyes-2023-9-217x300.jpeg 217w, https:\/\/www.mecerreyes.com\/mece\/wp-content\/uploads\/2023\/09\/Programa-de-Fiestas-Mecerreyes-2023-9-768x1060.jpeg 768w, https:\/\/www.mecerreyes.com\/mece\/wp-content\/uploads\/2023\/09\/Programa-de-Fiestas-Mecerreyes-2023-9.jpeg 1080w\" sizes=\"(max-width: 742px) 100vw, 742px\" \/><\/a><\/figure><\/li><li class=\"blocks-gallery-item\"><figure><a  href=\"https:\/\/www.mecerreyes.com\/mece\/wp-content\/uploads\/2023\/09\/Programa-de-Fiestas-Mecerreyes-2023-10-747x1024.jpeg\" class=\"thickbox no_icon\" title=\"\"><img loading=\"lazy\" decoding=\"async\" width=\"747\" height=\"1024\" src=\"https:\/\/www.mecerreyes.com\/mece\/wp-content\/uploads\/2023\/09\/Programa-de-Fiestas-Mecerreyes-2023-10-747x1024.jpeg\" alt=\"\" data-id=\"23918\" data-link=\"https:\/\/www.mecerreyes.com\/mece\/?attachment_id=23918\" class=\"wp-image-23918\" srcset=\"https:\/\/www.mecerreyes.com\/mece\/wp-content\/uploads\/2023\/09\/Programa-de-Fiestas-Mecerreyes-2023-10-747x1024.jpeg 747w, https:\/\/www.mecerreyes.com\/mece\/wp-content\/uploads\/2023\/09\/Programa-de-Fiestas-Mecerreyes-2023-10-219x300.jpeg 219w, https:\/\/www.mecerreyes.com\/mece\/wp-content\/uploads\/2023\/09\/Programa-de-Fiestas-Mecerreyes-2023-10-768x1053.jpeg 768w, https:\/\/www.mecerreyes.com\/mece\/wp-content\/uploads\/2023\/09\/Programa-de-Fiestas-Mecerreyes-2023-10.jpeg 1080w\" sizes=\"(max-width: 747px) 100vw, 747px\" \/><\/a><\/figure><\/li><li class=\"blocks-gallery-item\"><figure><a  href=\"https:\/\/www.mecerreyes.com\/mece\/wp-content\/uploads\/2023\/09\/Programa-de-Fiestas-Mecerreyes-2023-11-753x1024.jpeg\" class=\"thickbox no_icon\" title=\"\"><img loading=\"lazy\" decoding=\"async\" width=\"753\" height=\"1024\" src=\"https:\/\/www.mecerreyes.com\/mece\/wp-content\/uploads\/2023\/09\/Programa-de-Fiestas-Mecerreyes-2023-11-753x1024.jpeg\" alt=\"\" data-id=\"23919\" data-link=\"https:\/\/www.mecerreyes.com\/mece\/?attachment_id=23919\" class=\"wp-image-23919\" srcset=\"https:\/\/www.mecerreyes.com\/mece\/wp-content\/uploads\/2023\/09\/Programa-de-Fiestas-Mecerreyes-2023-11-753x1024.jpeg 753w, https:\/\/www.mecerreyes.com\/mece\/wp-content\/uploads\/2023\/09\/Programa-de-Fiestas-Mecerreyes-2023-11-221x300.jpeg 221w, https:\/\/www.mecerreyes.com\/mece\/wp-content\/uploads\/2023\/09\/Programa-de-Fiestas-Mecerreyes-2023-11-768x1044.jpeg 768w, https:\/\/www.mecerreyes.com\/mece\/wp-content\/uploads\/2023\/09\/Programa-de-Fiestas-Mecerreyes-2023-11.jpeg 1080w\" sizes=\"(max-width: 753px) 100vw, 753px\" \/><\/a><\/figure><\/li><li class=\"blocks-gallery-item\"><figure><a  href=\"https:\/\/www.mecerreyes.com\/mece\/wp-content\/uploads\/2023\/09\/Programa-de-Fiestas-Mecerreyes-2023-12-757x1024.jpeg\" class=\"thickbox no_icon\" title=\"\"><img loading=\"lazy\" decoding=\"async\" width=\"757\" height=\"1024\" src=\"https:\/\/www.mecerreyes.com\/mece\/wp-content\/uploads\/2023\/09\/Programa-de-Fiestas-Mecerreyes-2023-12-757x1024.jpeg\" alt=\"\" data-id=\"23920\" data-link=\"https:\/\/www.mecerreyes.com\/mece\/?attachment_id=23920\" class=\"wp-image-23920\" srcset=\"https:\/\/www.mecerreyes.com\/mece\/wp-content\/uploads\/2023\/09\/Programa-de-Fiestas-Mecerreyes-2023-12-757x1024.jpeg 757w, https:\/\/www.mecerreyes.com\/mece\/wp-content\/uploads\/2023\/09\/Programa-de-Fiestas-Mecerreyes-2023-12-222x300.jpeg 222w, https:\/\/www.mecerreyes.com\/mece\/wp-content\/uploads\/2023\/09\/Programa-de-Fiestas-Mecerreyes-2023-12-768x1039.jpeg 768w, https:\/\/www.mecerreyes.com\/mece\/wp-content\/uploads\/2023\/09\/Programa-de-Fiestas-Mecerreyes-2023-12.jpeg 946w\" sizes=\"(max-width: 757px) 100vw, 757px\" \/><\/a><\/figure><\/li><li class=\"blocks-gallery-item\"><figure><a  href=\"https:\/\/www.mecerreyes.com\/mece\/wp-content\/uploads\/2023\/09\/Programa-de-Fiestas-Mecerreyes-2023-13-747x1024.jpeg\" class=\"thickbox no_icon\" title=\"\"><img loading=\"lazy\" decoding=\"async\" width=\"747\" height=\"1024\" src=\"https:\/\/www.mecerreyes.com\/mece\/wp-content\/uploads\/2023\/09\/Programa-de-Fiestas-Mecerreyes-2023-13-747x1024.jpeg\" alt=\"\" data-id=\"23921\" data-link=\"https:\/\/www.mecerreyes.com\/mece\/?attachment_id=23921\" class=\"wp-image-23921\" srcset=\"https:\/\/www.mecerreyes.com\/mece\/wp-content\/uploads\/2023\/09\/Programa-de-Fiestas-Mecerreyes-2023-13-747x1024.jpeg 747w, https:\/\/www.mecerreyes.com\/mece\/wp-content\/uploads\/2023\/09\/Programa-de-Fiestas-Mecerreyes-2023-13-219x300.jpeg 219w, https:\/\/www.mecerreyes.com\/mece\/wp-content\/uploads\/2023\/09\/Programa-de-Fiestas-Mecerreyes-2023-13-768x1053.jpeg 768w, https:\/\/www.mecerreyes.com\/mece\/wp-content\/uploads\/2023\/09\/Programa-de-Fiestas-Mecerreyes-2023-13.jpeg 934w\" sizes=\"(max-width: 747px) 100vw, 747px\" \/><\/a><\/figure><\/li><li class=\"blocks-gallery-item\"><figure><a  href=\"https:\/\/www.mecerreyes.com\/mece\/wp-content\/uploads\/2023\/09\/Programa-de-Fiestas-Mecerreyes-2023-14-751x1024.jpeg\" class=\"thickbox no_icon\" title=\"\"><img loading=\"lazy\" decoding=\"async\" width=\"751\" height=\"1024\" src=\"https:\/\/www.mecerreyes.com\/mece\/wp-content\/uploads\/2023\/09\/Programa-de-Fiestas-Mecerreyes-2023-14-751x1024.jpeg\" alt=\"\" data-id=\"23922\" data-link=\"https:\/\/www.mecerreyes.com\/mece\/?attachment_id=23922\" class=\"wp-image-23922\" srcset=\"https:\/\/www.mecerreyes.com\/mece\/wp-content\/uploads\/2023\/09\/Programa-de-Fiestas-Mecerreyes-2023-14-751x1024.jpeg 751w, https:\/\/www.mecerreyes.com\/mece\/wp-content\/uploads\/2023\/09\/Programa-de-Fiestas-Mecerreyes-2023-14-220x300.jpeg 220w, https:\/\/www.mecerreyes.com\/mece\/wp-content\/uploads\/2023\/09\/Programa-de-Fiestas-Mecerreyes-2023-14-768x1047.jpeg 768w, https:\/\/www.mecerreyes.com\/mece\/wp-content\/uploads\/2023\/09\/Programa-de-Fiestas-Mecerreyes-2023-14.jpeg 939w\" sizes=\"(max-width: 751px) 100vw, 751px\" \/><\/a><\/figure><\/li><li class=\"blocks-gallery-item\"><figure><a  href=\"https:\/\/www.mecerreyes.com\/mece\/wp-content\/uploads\/2023\/09\/Programa-de-Fiestas-Mecerreyes-2023-15-750x1024.jpeg\" class=\"thickbox no_icon\" title=\"\"><img loading=\"lazy\" decoding=\"async\" width=\"750\" height=\"1024\" src=\"https:\/\/www.mecerreyes.com\/mece\/wp-content\/uploads\/2023\/09\/Programa-de-Fiestas-Mecerreyes-2023-15-750x1024.jpeg\" alt=\"\" data-id=\"23909\" data-link=\"https:\/\/www.mecerreyes.com\/mece\/?attachment_id=23909\" class=\"wp-image-23909\" srcset=\"https:\/\/www.mecerreyes.com\/mece\/wp-content\/uploads\/2023\/09\/Programa-de-Fiestas-Mecerreyes-2023-15-750x1024.jpeg 750w, https:\/\/www.mecerreyes.com\/mece\/wp-content\/uploads\/2023\/09\/Programa-de-Fiestas-Mecerreyes-2023-15-220x300.jpeg 220w, https:\/\/www.mecerreyes.com\/mece\/wp-content\/uploads\/2023\/09\/Programa-de-Fiestas-Mecerreyes-2023-15-768x1048.jpeg 768w, https:\/\/www.mecerreyes.com\/mece\/wp-content\/uploads\/2023\/09\/Programa-de-Fiestas-Mecerreyes-2023-15.jpeg 1080w\" sizes=\"(max-width: 750px) 100vw, 750px\" \/><\/a><\/figure><\/li><li class=\"blocks-gallery-item\"><figure><a  href=\"https:\/\/www.mecerreyes.com\/mece\/wp-content\/uploads\/2023\/09\/Programa-de-Fiestas-Mecerreyes-2023-17-Himno-Virgen-del-Camino.jpeg\" class=\"thickbox no_icon\" title=\"\"><img loading=\"lazy\" decoding=\"async\" width=\"750\" height=\"1024\" src=\"https:\/\/www.mecerreyes.com\/mece\/wp-content\/uploads\/2023\/09\/Programa-de-Fiestas-Mecerreyes-2023-17-Himno-Virgen-del-Camino-750x1024.jpeg\" alt=\"\" data-id=\"23924\" data-full-url=\"https:\/\/www.mecerreyes.com\/mece\/wp-content\/uploads\/2023\/09\/Programa-de-Fiestas-Mecerreyes-2023-17-Himno-Virgen-del-Camino.jpeg\" data-link=\"https:\/\/www.mecerreyes.com\/mece\/?attachment_id=23924\" class=\"wp-image-23924\" srcset=\"https:\/\/www.mecerreyes.com\/mece\/wp-content\/uploads\/2023\/09\/Programa-de-Fiestas-Mecerreyes-2023-17-Himno-Virgen-del-Camino-750x1024.jpeg 750w, https:\/\/www.mecerreyes.com\/mece\/wp-content\/uploads\/2023\/09\/Programa-de-Fiestas-Mecerreyes-2023-17-Himno-Virgen-del-Camino-220x300.jpeg 220w, https:\/\/www.mecerreyes.com\/mece\/wp-content\/uploads\/2023\/09\/Programa-de-Fiestas-Mecerreyes-2023-17-Himno-Virgen-del-Camino-768x1049.jpeg 768w, https:\/\/www.mecerreyes.com\/mece\/wp-content\/uploads\/2023\/09\/Programa-de-Fiestas-Mecerreyes-2023-17-Himno-Virgen-del-Camino.jpeg 1080w\" sizes=\"(max-width: 750px) 100vw, 750px\" \/><\/a><\/figure><\/li><li class=\"blocks-gallery-item\"><figure><a  href=\"https:\/\/www.mecerreyes.com\/mece\/wp-content\/uploads\/2023\/09\/Programa-de-Fiestas-Mecerreyes-2023-16-Himno-Mecerreyes.jpeg\" class=\"thickbox no_icon\" title=\"\"><img loading=\"lazy\" decoding=\"async\" width=\"750\" height=\"1024\" src=\"https:\/\/www.mecerreyes.com\/mece\/wp-content\/uploads\/2023\/09\/Programa-de-Fiestas-Mecerreyes-2023-16-Himno-Mecerreyes-750x1024.jpeg\" alt=\"\" data-id=\"23925\" data-full-url=\"https:\/\/www.mecerreyes.com\/mece\/wp-content\/uploads\/2023\/09\/Programa-de-Fiestas-Mecerreyes-2023-16-Himno-Mecerreyes.jpeg\" data-link=\"https:\/\/www.mecerreyes.com\/mece\/?attachment_id=23925\" class=\"wp-image-23925\" srcset=\"https:\/\/www.mecerreyes.com\/mece\/wp-content\/uploads\/2023\/09\/Programa-de-Fiestas-Mecerreyes-2023-16-Himno-Mecerreyes-750x1024.jpeg 750w, https:\/\/www.mecerreyes.com\/mece\/wp-content\/uploads\/2023\/09\/Programa-de-Fiestas-Mecerreyes-2023-16-Himno-Mecerreyes-220x300.jpeg 220w, https:\/\/www.mecerreyes.com\/mece\/wp-content\/uploads\/2023\/09\/Programa-de-Fiestas-Mecerreyes-2023-16-Himno-Mecerreyes-768x1048.jpeg 768w, https:\/\/www.mecerreyes.com\/mece\/wp-content\/uploads\/2023\/09\/Programa-de-Fiestas-Mecerreyes-2023-16-Himno-Mecerreyes.jpeg 1080w\" sizes=\"(max-width: 750px) 100vw, 750px\" \/><\/a><\/figure><\/li><\/ul><\/figure>\n\n\n\n<div style=\"height:54px\" aria-hidden=\"true\" class=\"wp-block-spacer\"><\/div>\n\n\n\n<p>Aprovechamos para anunciaros el <strong>II CONCURSO DE PAELLAS<\/strong>, para el s\u00e1bado 19 de agosto:<\/p>\n\n\n\n<div style=\"height:20px\" aria-hidden=\"true\" class=\"wp-block-spacer\"><\/div>\n\n\n\n<figure class=\"wp-block-gallery columns-1 is-cropped wp-block-gallery-8 is-layout-flex wp-block-gallery-is-layout-flex\"><ul class=\"blocks-gallery-grid\"><li class=\"blocks-gallery-item\"><figure><a  href=\"https:\/\/www.mecerreyes.com\/mece\/wp-content\/uploads\/2023\/08\/Mecerreyes-II-concurso-de-Paellas-2023.jpeg\" class=\"thickbox no_icon\" title=\"\"><img loading=\"lazy\" decoding=\"async\" width=\"724\" height=\"1024\" src=\"https:\/\/www.mecerreyes.com\/mece\/wp-content\/uploads\/2023\/08\/Mecerreyes-II-concurso-de-Paellas-2023-724x1024.jpeg\" alt=\"\" data-id=\"23816\" data-full-url=\"https:\/\/www.mecerreyes.com\/mece\/wp-content\/uploads\/2023\/08\/Mecerreyes-II-concurso-de-Paellas-2023.jpeg\" data-link=\"https:\/\/www.mecerreyes.com\/mece\/?attachment_id=23816\" class=\"wp-image-23816\" srcset=\"https:\/\/www.mecerreyes.com\/mece\/wp-content\/uploads\/2023\/08\/Mecerreyes-II-concurso-de-Paellas-2023-724x1024.jpeg 724w, https:\/\/www.mecerreyes.com\/mece\/wp-content\/uploads\/2023\/08\/Mecerreyes-II-concurso-de-Paellas-2023-212x300.jpeg 212w, https:\/\/www.mecerreyes.com\/mece\/wp-content\/uploads\/2023\/08\/Mecerreyes-II-concurso-de-Paellas-2023-768x1086.jpeg 768w, https:\/\/www.mecerreyes.com\/mece\/wp-content\/uploads\/2023\/08\/Mecerreyes-II-concurso-de-Paellas-2023-1087x1536.jpeg 1087w, https:\/\/www.mecerreyes.com\/mece\/wp-content\/uploads\/2023\/08\/Mecerreyes-II-concurso-de-Paellas-2023-1080x1527.jpeg 1080w, https:\/\/www.mecerreyes.com\/mece\/wp-content\/uploads\/2023\/08\/Mecerreyes-II-concurso-de-Paellas-2023.jpeg 1132w\" sizes=\"(max-width: 724px) 100vw, 724px\" \/><\/a><\/figure><\/li><\/ul><\/figure>\n\n\n\n<p>Tambi\u00e9n podemos adelantar otra actuaci\u00f3n prevista para el VIERNES 25<\/p>\n\n\n\n<figure class=\"wp-block-gallery aligncenter columns-1 is-cropped wp-block-gallery-9 is-layout-flex wp-block-gallery-is-layout-flex\"><ul class=\"blocks-gallery-grid\"><li class=\"blocks-gallery-item\"><figure><img loading=\"lazy\" decoding=\"async\" width=\"595\" height=\"822\" src=\"https:\/\/www.mecerreyes.com\/mece\/wp-content\/uploads\/2023\/08\/Verano-Cultural-2023-The-Cowboy-M\u00fasica-en-directo-Mecerreyes.jpg\" alt=\"\" data-id=\"23826\" data-full-url=\"https:\/\/www.mecerreyes.com\/mece\/wp-content\/uploads\/2023\/08\/Verano-Cultural-2023-The-Cowboy-M\u00fasica-en-directo-Mecerreyes.jpg\" data-link=\"https:\/\/www.mecerreyes.com\/mece\/?attachment_id=23826\" class=\"wp-image-23826\" srcset=\"https:\/\/www.mecerreyes.com\/mece\/wp-content\/uploads\/2023\/08\/Verano-Cultural-2023-The-Cowboy-M\u00fasica-en-directo-Mecerreyes.jpg 595w, https:\/\/www.mecerreyes.com\/mece\/wp-content\/uploads\/2023\/08\/Verano-Cultural-2023-The-Cowboy-M\u00fasica-en-directo-Mecerreyes-217x300.jpg 217w\" sizes=\"(max-width: 595px) 100vw, 595px\" \/><\/figure><\/li><\/ul><\/figure>\n\n\n\n<div style=\"height:70px\" aria-hidden=\"true\" class=\"wp-block-spacer\"><\/div>\n\n\n\n<p class=\"has-medium-font-size\"><strong>AVISO:<\/strong><\/p>\n\n\n\n<p>La Asociaci\u00f3n Cultural Mecerreyes, ya dispone de un n\u00famero de <strong>Loter\u00eda para el Sorteo de <a  href=\"https:\/\/www.mecerreyes.com\/mece\/?page_id=62\">Navidad<\/a><\/strong>, con un peque\u00f1o donativo para ayudar a la realizaci\u00f3n de actividades a lo largo del a\u00f1o. <strong>Gracias por colaborar.<\/strong><br><\/p>\n\n\n\n<div style=\"height:49px\" aria-hidden=\"true\" class=\"wp-block-spacer\"><\/div>\n\n\n\n<figure class=\"wp-block-gallery aligncenter columns-1 is-cropped wp-block-gallery-10 is-layout-flex wp-block-gallery-is-layout-flex\"><ul class=\"blocks-gallery-grid\"><li class=\"blocks-gallery-item\"><figure><a  href=\"https:\/\/www.mecerreyes.com\/mece\/wp-content\/uploads\/2023\/08\/Loteria-Navidad-Asociaci\u00f3n-cultural-2023-Mecerreyes.jpg\" class=\"thickbox no_icon\" title=\"\"><img loading=\"lazy\" decoding=\"async\" width=\"420\" height=\"595\" src=\"https:\/\/www.mecerreyes.com\/mece\/wp-content\/uploads\/2023\/08\/Loteria-Navidad-Asociaci\u00f3n-cultural-2023-Mecerreyes.jpg\" alt=\"\" data-id=\"23812\" data-full-url=\"https:\/\/www.mecerreyes.com\/mece\/wp-content\/uploads\/2023\/08\/Loteria-Navidad-Asociaci\u00f3n-cultural-2023-Mecerreyes.jpg\" data-link=\"https:\/\/www.mecerreyes.com\/mece\/?attachment_id=23812\" class=\"wp-image-23812\" srcset=\"https:\/\/www.mecerreyes.com\/mece\/wp-content\/uploads\/2023\/08\/Loteria-Navidad-Asociaci\u00f3n-cultural-2023-Mecerreyes.jpg 420w, https:\/\/www.mecerreyes.com\/mece\/wp-content\/uploads\/2023\/08\/Loteria-Navidad-Asociaci\u00f3n-cultural-2023-Mecerreyes-212x300.jpg 212w\" sizes=\"(max-width: 420px) 100vw, 420px\" \/><\/a><\/figure><\/li><\/ul><\/figure>","protected":false},"excerpt":{"rendered":"<p>EL VERANO CULTURAL DE MECERREYES Para que pasar el verano en el pueblo vaya creando un poso de recuerdos y emociones a los m\u00e1s peque\u00f1os, j\u00f3venes y adultos, un a\u00f1o m\u00e1s las propuestas culturales patrocinadas por el Ayuntamieno y las Asociaciones de Mecerreyes intenta ser lo m\u00e1s diversas posibles.Compartir espacios y gustos entre locales y [&hellip;]<\/p>\n","protected":false},"author":5,"featured_media":23821,"comment_status":"open","ping_status":"closed","sticky":false,"template":"","format":"standard","meta":{"_et_pb_use_builder":"","_et_pb_old_content":"","_et_gb_content_width":"","footnotes":""},"categories":[1],"tags":[27,43],"class_list":["post-23809","post","type-post","status-publish","format-standard","has-post-thumbnail","hentry","category-general","tag-accion-de-gracias","tag-fiestas","et-has-post-format-content","et_post_format-et-post-format-standard"],"_links":{"self":[{"href":"https:\/\/www.mecerreyes.com\/mece\/index.php?rest_route=\/wp\/v2\/posts\/23809"}],"collection":[{"href":"https:\/\/www.mecerreyes.com\/mece\/index.php?rest_route=\/wp\/v2\/posts"}],"about":[{"href":"https:\/\/www.mecerreyes.com\/mece\/index.php?rest_route=\/wp\/v2\/types\/post"}],"author":[{"embeddable":true,"href":"https:\/\/www.mecerreyes.com\/mece\/index.php?rest_route=\/wp\/v2\/users\/5"}],"replies":[{"embeddable":true,"href":"https:\/\/www.mecerreyes.com\/mece\/index.php?rest_route=%2Fwp%2Fv2%2Fcomments&post=23809"}],"version-history":[{"count":14,"href":"https:\/\/www.mecerreyes.com\/mece\/index.php?rest_route=\/wp\/v2\/posts\/23809\/revisions"}],"predecessor-version":[{"id":23927,"href":"https:\/\/www.mecerreyes.com\/mece\/index.php?rest_route=\/wp\/v2\/posts\/23809\/revisions\/23927"}],"wp:featuredmedia":[{"embeddable":true,"href":"https:\/\/www.mecerreyes.com\/mece\/index.php?rest_route=\/wp\/v2\/media\/23821"}],"wp:attachment":[{"href":"https:\/\/www.mecerreyes.com\/mece\/index.php?rest_route=%2Fwp%2Fv2%2Fmedia&parent=23809"}],"wp:term":[{"taxonomy":"category","embeddable":true,"href":"https:\/\/www.mecerreyes.com\/mece\/index.php?rest_route=%2Fwp%2Fv2%2Fcategories&post=23809"},{"taxonomy":"post_tag","embeddable":true,"href":"https:\/\/www.mecerreyes.com\/mece\/index.php?rest_route=%2Fwp%2Fv2%2Ftags&post=23809"}],"curies":[{"name":"wp","href":"https:\/\/api.w.org\/{rel}","templated":true}]}}