{"id":2407,"date":"2011-02-06T20:14:27","date_gmt":"2011-02-06T19:14:27","guid":{"rendered":"http:\/\/www.mecerreyes.com\/mece\/?p=2407"},"modified":"2011-03-14T16:13:20","modified_gmt":"2011-03-14T15:13:20","slug":"las-marzas-2011","status":"publish","type":"post","link":"https:\/\/www.mecerreyes.com\/mece\/?p=2407","title":{"rendered":"Programa:\u00bbLas Marzas\u00bb 2011"},"content":{"rendered":"<h2 style=\"text-align: justify;margin-bottom: 0cm\"><span style=\"font-family: Serifa BT, Korinna BT, serif\"><span style=\"font-size: medium\"><a  href=\"https:\/\/www.mecerreyes.com\/mece\/?page_id=47\">Las Marzas<\/a> en Mecerreyes.<\/span><\/span><\/h2>\n<p style=\"text-align: justify;margin-bottom: 0cm\">\u00a0<\/p>\n<p style=\"text-align: justify;margin-bottom: 0cm\"><span style=\"font-family: Serifa BT, Korinna BT, serif\"><span style=\"font-size: medium\">Este a\u00f1o se celebrar\u00e1n el <\/span><\/span><span style=\"font-family: Serifa BT, Korinna BT, serif\"><span style=\"font-size: medium\"><span style=\"text-decoration: underline\"><strong>s\u00e1bado 26 de febrero<\/strong><\/span><\/span><\/span><span style=\"font-family: Serifa BT, Korinna BT, serif\"><span style=\"font-size: medium\"> de 2011. <\/span><\/span><\/p>\n<p style=\"text-align: justify;margin-bottom: 0cm\"><span style=\"font-family: Serifa BT, Korinna BT, serif\"><span style=\"font-size: medium\">El programa es como todos los a\u00f1os, por la ma\u00f1ana sobre las <\/span><\/span><span style=\"font-family: Serifa BT, Korinna BT, serif\"><span style=\"font-size: medium\"><strong>11:00 h<\/strong><\/span><\/span><span style=\"font-family: Serifa BT, Korinna BT, serif\"><span style=\"font-size: medium\">. <\/span><\/span><span style=\"font-family: Serifa BT, Korinna BT, serif\"><span style=\"font-size: medium\"><strong>recogida de t\u00e1mbaras en el monte<\/strong><\/span><\/span><span style=\"font-family: Serifa BT, Korinna BT, serif\"><span style=\"font-size: medium\">. Desde estas l\u00edneas animamos a todo el que quiera pasar un bonito d\u00eda de campo en el monte, al terminar de cargar las t\u00e1mbaras almorzaremos en el monte.<\/span><\/span><\/p>\n<p style=\"text-align: justify;margin-bottom: 0cm\">\u00a0<\/p>\n<p style=\"text-align: justify;margin-bottom: 0cm\"><span style=\"font-family: Serifa BT, Korinna BT, serif\"><span style=\"font-size: medium\">Volver al pueblo, repartir las t\u00e1mbaras en los lugares establecidos donde se encender\u00e1n las hogueras, y a esperar a que den las <\/span><\/span><span style=\"font-family: Serifa BT, Korinna BT, serif\"><span style=\"font-size: medium\"><strong>12:00 h. de la noche<\/strong><\/span><\/span><span style=\"font-family: Serifa BT, Korinna BT, serif\"><span style=\"font-size: medium\">, en este momento se comenzar\u00e1 cantando la primera copla que dice:<\/span><\/span><\/p>\n<p style=\"text-align: justify;margin-bottom: 0cm\">\u00a0<\/p>\n<p style=\"text-align: justify;text-indent: 1.25cm;margin-bottom: 0cm;margin-left: 1.25cm\"><span style=\"font-family: Serifa BT, Korinna BT, serif\"><span style=\"font-size: medium\"><em>Con la licencia de Dios<\/em><\/span><\/span><\/p>\n<p style=\"text-align: justify;text-indent: 1.25cm;margin-bottom: 0cm;margin-left: 1.25cm\"><span style=\"font-family: Serifa BT, Korinna BT, serif\"><span style=\"font-size: medium\"><em>y la del Se\u00f1or Alcalde.<\/em><\/span><\/span><\/p>\n<p style=\"text-align: justify;text-indent: 1.25cm;margin-bottom: 0cm;margin-left: 1.25cm\">\u00a0<\/p>\n<p style=\"text-align: justify;text-indent: 0.02cm;margin-bottom: 0cm\"><span style=\"font-family: Serifa BT, Korinna BT, serif\"><span style=\"font-size: medium\">Y el segundo grupo contestar\u00e1:<\/span><\/span><\/p>\n<p style=\"text-align: justify;text-indent: 1.25cm;margin-bottom: 0cm;margin-left: 1.25cm\">\u00a0<\/p>\n<p style=\"text-align: justify;text-indent: 1.25cm;margin-bottom: 0cm;margin-left: 1.25cm\"><span style=\"font-family: Serifa BT, Korinna BT, serif\"><span style=\"font-size: medium\"><em>queremos cantar <a  href=\"https:\/\/www.mecerreyes.com\/mece\/?page_id=47\">las Marzas<\/a><\/em><\/span><\/span><\/p>\n<p style=\"text-align: justify;text-indent: 1.25cm;margin-bottom: 0cm;margin-left: 1.25cm\"><span style=\"font-family: Serifa BT, Korinna BT, serif\"><span style=\"font-size: medium\"><em>sin causar perjuicio a nadie.<\/em><\/span><\/span><\/p>\n<p style=\"text-align: justify;text-indent: 1.25cm;margin-bottom: 0cm;margin-left: 1.25cm\">\u00a0<\/p>\n<p style=\"text-align: justify;text-indent: 0.02cm;margin-bottom: 0cm\"><span style=\"font-family: Serifa BT, Korinna BT, serif\"><span style=\"font-size: medium\">As\u00ed, al calor de las hogueras cantaremos las coplas de las que se<a  href=\"http:\/\/www.mecerreyes.com\/mece\/wp-content\/uploads\/2011\/02\/Marzas-3.jpg\" class=\"thickbox no_icon\" title=\"Marzas 3\"><img loading=\"lazy\" decoding=\"async\" class=\"alignright size-medium wp-image-2412\" src=\"http:\/\/www.mecerreyes.com\/mece\/wp-content\/uploads\/2011\/02\/Marzas-3-300x225.jpg\" alt=\"Marzas 3\" width=\"300\" height=\"225\" srcset=\"https:\/\/www.mecerreyes.com\/mece\/wp-content\/uploads\/2011\/02\/Marzas-3-300x225.jpg 300w, https:\/\/www.mecerreyes.com\/mece\/wp-content\/uploads\/2011\/02\/Marzas-3.jpg 800w\" sizes=\"(max-width: 300px) 100vw, 300px\" \/><\/a> componen <a  href=\"https:\/\/www.mecerreyes.com\/mece\/?page_id=47\">las Marzas<\/a> de Mecerreyes; son muy parecidas a las que se cantan en otros pueblos de la provincia de Burgos, pero parece ser que son las m\u00e1s extensas ya que se componen de 64 copas, repartidas en INVOCACI\u00d3N, CANTO A LA NATURALEZA, CANTO A LA JUVENTUD, CANTO AL AMOR Y DESPEDIDA, tambi\u00e9n se intercalan coplas de PETICI\u00d3N DE AGUINALDO.<\/span><\/span><\/p>\n<p style=\"text-align: justify;margin-bottom: 0cm\"><span style=\"font-family: Serifa BT, Korinna BT, serif\"><span style=\"font-size: medium\">Antes eran los mozos divididos en dos cuadrillas los encargados de cantar las coplas, ahora estamos todos invitados al canto de <a  href=\"https:\/\/www.mecerreyes.com\/mece\/?page_id=47\">las Marzas<\/a> en Mecerreyes, hoy podemos decir que es una fiesta y cita obligada para todos los hijos del pueblo que convierten esta noche en convivencia y fiesta de todos los guiletos y visitantes.<\/span><\/span><\/p>\n<p style=\"text-align: justify;margin-bottom: 0cm\">\u00a0<\/p>\n<p style=\"text-align: justify;margin-bottom: 0cm\"><span style=\"font-family: Serifa BT, Korinna BT, serif\"><span style=\"font-size: medium\">Despu\u00e9s de cantar las coplas 3 veces, en distintos lugares del<a  href=\"http:\/\/www.mecerreyes.com\/mece\/wp-content\/uploads\/2011\/02\/Marzas-1.jpg\" class=\"thickbox no_icon\" title=\"Marzas 1\"><img loading=\"lazy\" decoding=\"async\" class=\"alignright size-medium wp-image-2411\" src=\"http:\/\/www.mecerreyes.com\/mece\/wp-content\/uploads\/2011\/02\/Marzas-1-300x225.jpg\" alt=\"Marzas 1\" width=\"300\" height=\"225\" srcset=\"https:\/\/www.mecerreyes.com\/mece\/wp-content\/uploads\/2011\/02\/Marzas-1-300x225.jpg 300w, https:\/\/www.mecerreyes.com\/mece\/wp-content\/uploads\/2011\/02\/Marzas-1.jpg 800w\" sizes=\"(max-width: 300px) 100vw, 300px\" \/><\/a> pueblo, terminamos:<\/span><\/span><\/p>\n<p style=\"text-align: justify;margin-bottom: 0cm\">\u00a0<\/p>\n<p style=\"text-align: justify;text-indent: 1.25cm;margin-bottom: 0cm\"><span style=\"font-family: Serifa BT, Korinna BT, serif\"><span style=\"font-size: medium\"><em>Aqu\u00ed terminan <a  href=\"https:\/\/www.mecerreyes.com\/mece\/?page_id=47\">las Marzas<\/a> \/ Si hay defectos perdonad.<\/em><\/span><\/span><\/p>\n<p style=\"text-align: justify;text-indent: 1.25cm;margin-bottom: 0cm\"><span style=\"font-family: Serifa BT, Korinna BT, serif\"><span style=\"font-size: medium\"><em>Adi\u00f3s todos, hasta otro a\u00f1o \/ En que se repetir\u00e1n.<\/em><\/span><\/span><\/p>\n<p style=\"text-align: justify;margin-bottom: 0cm\">\u00a0<\/p>\n<p style=\"text-align: justify;text-indent: 1.25cm;margin-bottom: 0cm\"><span style=\"font-family: Serifa BT, Korinna BT, serif\"><span style=\"font-size: medium\"><em>Porque en Mecerreyes \/ Nunca faltar\u00e1<\/em><\/span><\/span><\/p>\n<p style=\"text-align: justify;text-indent: 1.25cm;margin-bottom: 0cm\"><span style=\"font-family: Serifa BT, Korinna BT, serif\"><span style=\"font-size: medium\"><em>Humor en los chicos \/ Y en las chicas sal.<\/em><\/span><\/span><\/p>\n<p style=\"text-align: justify;margin-bottom: 0cm\">\u00a0<\/p>\n<p style=\"text-align: justify;margin-bottom: 0cm\"><span style=\"font-family: Serifa BT, Korinna BT, serif\"><span style=\"font-size: medium\">Despu\u00e9s de estas 64 coplas, siempre se cantan espont\u00e1neamente<a  href=\"http:\/\/www.mecerreyes.com\/mece\/wp-content\/uploads\/2011\/02\/Marzas-2.jpg\" class=\"thickbox no_icon\" title=\"Marzas 2\"><img loading=\"lazy\" decoding=\"async\" class=\"alignright size-medium wp-image-2410\" src=\"http:\/\/www.mecerreyes.com\/mece\/wp-content\/uploads\/2011\/02\/Marzas-2-300x225.jpg\" alt=\"Marzas 2\" width=\"300\" height=\"225\" srcset=\"https:\/\/www.mecerreyes.com\/mece\/wp-content\/uploads\/2011\/02\/Marzas-2-300x225.jpg 300w, https:\/\/www.mecerreyes.com\/mece\/wp-content\/uploads\/2011\/02\/Marzas-2.jpg 800w\" sizes=\"(max-width: 300px) 100vw, 300px\" \/><\/a> otras coplas que han quedado de nuestros mayores y que \u201csin estar escritas\u201d forman parte de nuestro canto de las Marzas:<\/span><\/span><\/p>\n<p style=\"text-align: justify;margin-bottom: 0cm\">\u00a0<\/p>\n<p style=\"text-align: justify;text-indent: 1.25cm;margin-bottom: 0cm\"><span style=\"font-family: Serifa BT, Korinna BT, serif\"><span style=\"font-size: medium\"><em>Traemos un burro \/ cargado de aceite.<\/em><\/span><\/span><\/p>\n<p style=\"text-align: justify;text-indent: 1.25cm;margin-bottom: 0cm\"><span style=\"font-family: Serifa BT, Korinna BT, serif\"><span style=\"font-size: medium\"><em>Pa fre\u00edr los huevos \/ que nos de la gente.<\/em><\/span><\/span><\/p>\n<p style=\"text-align: justify;margin-bottom: 0cm\">\u00a0<\/p>\n<p style=\"text-align: justify;text-indent: 1.25cm;margin-bottom: 0cm\"><span style=\"font-family: Serifa BT, Korinna BT, serif\"><span style=\"font-size: medium\"><em>Si el pe\u00f1\u00f3n de Gibraltar \/ fuera que magro y cecina<\/em><\/span><\/span><\/p>\n<p style=\"text-align: justify;text-indent: 1.25cm;margin-bottom: 0cm\"><span style=\"font-family: Serifa BT, Korinna BT, serif\"><span style=\"font-size: medium\"><em>Ya se lo habr\u00edan comido \/ los soldados de Melilla.<\/em><\/span><\/span><\/p>\n<p style=\"text-align: justify;text-indent: 1.25cm;margin-bottom: 0cm\">\u00a0<\/p>\n<p style=\"text-align: justify;margin-bottom: 0cm\">\u2026 <span style=\"font-family: Serifa BT, Korinna BT, serif\"><span style=\"font-size: medium\">Y alguna copla m\u00e1s que surge como decimos espont\u00e1neamente.<\/span><\/span><\/p>\n<p style=\"border-bottom: #000000 2.5pt solid;text-align: justify;border-left: medium none;padding-bottom: 0.04cm;padding-left: 0cm;padding-right: 0cm;margin-bottom: 0cm;border-top: medium none;border-right: medium none;padding-top: 0cm\">\u00a0<\/p>\n<p style=\"text-align: justify;margin-bottom: 0cm\">\u00a0<\/p>\n<h2 style=\"text-align: justify;margin-bottom: 0cm\"><span style=\"font-family: Serifa BT, Korinna BT, serif\"><span style=\"font-size: medium\">\u00a1\u00a1\u00a1Recuerda!!!<\/span><\/span><span style=\"font-family: Serifa BT, Korinna BT, serif\"><span style=\"font-size: medium\"> <a  href=\"https:\/\/www.mecerreyes.com\/mece\/?page_id=138\">El GALLO DE CARNAVAL<\/a> 2011.<\/span><\/span><\/h2>\n<p style=\"text-align: justify;margin-bottom: 0cm\">\u00a0<\/p>\n<p style=\"text-align: justify;margin-bottom: 0cm\"><span style=\"font-family: Serifa BT, Korinna BT, serif\"><span style=\"font-size: medium\">Recuerda que este a\u00f1o se celebra el <\/span><\/span><span style=\"font-family: Serifa BT, Korinna BT, serif\"><span style=\"font-size: medium\"><span style=\"text-decoration: underline\"><strong>domingo 6 de marzo<\/strong><\/span><\/span><\/span><span style=\"font-family: Serifa BT, Korinna BT, serif\"><span style=\"font-size: medium\">, pondremos el programa de actos en los pr\u00f3ximos d\u00edas.<\/span><\/span><\/p>\n<p style=\"text-align: justify;margin-bottom: 0cm\"><span style=\"font-family: Serifa BT, Korinna BT, serif\"><span style=\"font-size: medium\">\u00a0<\/span><\/span><\/p>\n<p style=\"text-align: justify;margin-bottom: 0cm\"><span style=\"font-family: Serifa BT, Korinna BT, serif\"><span style=\"font-size: medium\">A continuaci\u00f3n puedes ver el cartel que anuncia las fiestas de invierno de este a\u00f1o 2011.<\/span><\/span><\/p>\n<p style=\"text-align: justify;margin-bottom: 0cm\">\u00a0<\/p>\n<p style=\"text-align: justify;margin-bottom: 0cm\">\u00a0<\/p>\n<div id=\"attachment_2415\" style=\"width: 810px\" class=\"wp-caption alignnone\"><a  href=\"http:\/\/www.mecerreyes.com\/mece\/wp-content\/uploads\/2011\/02\/Marzas-y-Gallo-2011-p.jpg\" class=\"thickbox no_icon\" title=\"Cartel Marzas y Gallo 2011\"><img loading=\"lazy\" decoding=\"async\" aria-describedby=\"caption-attachment-2415\" class=\"size-full wp-image-2415 \" src=\"http:\/\/www.mecerreyes.com\/mece\/wp-content\/uploads\/2011\/02\/Marzas-y-Gallo-2011-p.jpg\" alt=\"Cartel Marzas y Gallo 2011\" width=\"800\" height=\"1117\" srcset=\"https:\/\/www.mecerreyes.com\/mece\/wp-content\/uploads\/2011\/02\/Marzas-y-Gallo-2011-p.jpg 1000w, https:\/\/www.mecerreyes.com\/mece\/wp-content\/uploads\/2011\/02\/Marzas-y-Gallo-2011-p-214x300.jpg 214w, https:\/\/www.mecerreyes.com\/mece\/wp-content\/uploads\/2011\/02\/Marzas-y-Gallo-2011-p-733x1024.jpg 733w\" sizes=\"(max-width: 800px) 100vw, 800px\" \/><\/a><p id=\"caption-attachment-2415\" class=\"wp-caption-text\">Cartel Marzas y Gallo 2011<\/p><\/div>","protected":false},"excerpt":{"rendered":"<p>Las Marzas en Mecerreyes. \u00a0 Este a\u00f1o se celebrar\u00e1n el s\u00e1bado 26 de febrero de 2011. El programa es como todos los a\u00f1os, por la ma\u00f1ana sobre las 11:00 h. recogida de t\u00e1mbaras en el monte. Desde estas l\u00edneas animamos a todo el que quiera pasar un bonito d\u00eda de campo en el monte, al [&hellip;]<\/p>\n","protected":false},"author":5,"featured_media":0,"comment_status":"open","ping_status":"closed","sticky":false,"template":"","format":"standard","meta":{"_et_pb_use_builder":"","_et_pb_old_content":"","_et_gb_content_width":"","footnotes":""},"categories":[1],"tags":[36],"class_list":["post-2407","post","type-post","status-publish","format-standard","hentry","category-general","tag-marzas","et-doesnt-have-format-content","et_post_format-et-post-format-standard"],"_links":{"self":[{"href":"https:\/\/www.mecerreyes.com\/mece\/index.php?rest_route=\/wp\/v2\/posts\/2407"}],"collection":[{"href":"https:\/\/www.mecerreyes.com\/mece\/index.php?rest_route=\/wp\/v2\/posts"}],"about":[{"href":"https:\/\/www.mecerreyes.com\/mece\/index.php?rest_route=\/wp\/v2\/types\/post"}],"author":[{"embeddable":true,"href":"https:\/\/www.mecerreyes.com\/mece\/index.php?rest_route=\/wp\/v2\/users\/5"}],"replies":[{"embeddable":true,"href":"https:\/\/www.mecerreyes.com\/mece\/index.php?rest_route=%2Fwp%2Fv2%2Fcomments&post=2407"}],"version-history":[{"count":0,"href":"https:\/\/www.mecerreyes.com\/mece\/index.php?rest_route=\/wp\/v2\/posts\/2407\/revisions"}],"wp:attachment":[{"href":"https:\/\/www.mecerreyes.com\/mece\/index.php?rest_route=%2Fwp%2Fv2%2Fmedia&parent=2407"}],"wp:term":[{"taxonomy":"category","embeddable":true,"href":"https:\/\/www.mecerreyes.com\/mece\/index.php?rest_route=%2Fwp%2Fv2%2Fcategories&post=2407"},{"taxonomy":"post_tag","embeddable":true,"href":"https:\/\/www.mecerreyes.com\/mece\/index.php?rest_route=%2Fwp%2Fv2%2Ftags&post=2407"}],"curies":[{"name":"wp","href":"https:\/\/api.w.org\/{rel}","templated":true}]}}