{"id":2422,"date":"2011-02-24T14:50:10","date_gmt":"2011-02-24T13:50:10","guid":{"rendered":"http:\/\/www.mecerreyes.com\/mece\/?p=2422"},"modified":"2011-02-24T15:52:56","modified_gmt":"2011-02-24T14:52:56","slug":"noticias-febrero-2011","status":"publish","type":"post","link":"https:\/\/www.mecerreyes.com\/mece\/?p=2422","title":{"rendered":"Noticias Febrero 2011"},"content":{"rendered":"<p>Las defunciones no cesan, sabemos que es ley de vida, pero nos entristece comunicar el fallecimiento de personas \u201c<em>j\u00f3venes<\/em>\u201d que podr\u00edan estar disfrutando de m\u00e1s a\u00f1os de vida, despu\u00e9s de muchos a\u00f1os trabajando:<\/p>\n<p>\u00a0<\/p>\n<p>\u00a0<\/p>\n<ul>\n<li><strong>FLORENCIA CUEVAS MORENO<\/strong> (viuda de Julio Mart\u00edn), falleci\u00f3 el d\u00eda 19 de enero de 2011 a los 93 a\u00f1os de edad en Burgos, hijos Esperanza y Julio.<\/li>\n<\/ul>\n<p>\u00a0<\/p>\n<ul>\n<li><strong>MARISA ALONSO RILOVA<\/strong>, (hija de F\u00e9lix y Mar\u00eda), falleci\u00f3 en Madrid el 31 de enero de 2011 a los 65 a\u00f1os de edad.<\/li>\n<\/ul>\n<p>\u00a0<\/p>\n<ul>\n<li><strong>ALICIA PORTAL CUEVAS<\/strong> (hija de Juana \u201cLa Chincha\u201d), falleci\u00f3 el d\u00eda 9 de febrero a los 61 a\u00f1os de edad, esposo Chema, hijos: Lorena, David y Eneko.<\/li>\n<\/ul>\n<p>\u00a0<\/p>\n<ul>\n<li><strong>MAR\u00cdA JES\u00daS TORDABLE GARC\u00cdA<\/strong> (esposa de Agust\u00edn Santamar\u00eda Burgos), falleci\u00f3 el d\u00eda 1 de febrero a los 64 a\u00f1os de edad en Burgos, fue enterrada en su pueblo natal Iglesarrubia, hijos: Armando y Almudena.<\/li>\n<\/ul>\n<p>A todos los familiares les transmitimos nuestro m\u00e1s sincero p\u00e9same y les enviamos un abrazo cari\u00f1oso.<\/p>\n<p>\u00a0<\/p>\n<h2>\u00a0PAISAJE BLANCO<\/h2>\n<p style=\"text-align: justify\">Hemos tenido dos peque\u00f1as nevadas en Mecerreyes que han dejado un bonito paisaje en los campos y que no han supuesto ning\u00fan peligro para la circulaci\u00f3n por las carreteras. Os mostramos las fotos del monte nevado, con las \u201cpiladas de le\u00f1a\u201d preparadas para calentar los largos inviernos guiletos. Los paseos por el monte siempre son atractivos, pero cuando se ve el monte alegre, con gente paseando y trabajando en \u201clas suertes de le\u00f1a\u201d es mucho m\u00e1s agradable.<\/p>\n<p style=\"text-align: justify\"><a  href=\"http:\/\/www.mecerreyes.com\/mece\/wp-content\/uploads\/2011\/02\/Nevada-Mecerreyes-29-01-2011.jpg\" class=\"thickbox no_icon\" title=\"Nevada Mecerreyes 29-01-2011\"><img loading=\"lazy\" decoding=\"async\" class=\"alignnone size-large wp-image-2424\" src=\"http:\/\/www.mecerreyes.com\/mece\/wp-content\/uploads\/2011\/02\/Nevada-Mecerreyes-29-01-2011-1024x373.jpg\" alt=\"Nevada Mecerreyes 29-01-2011\" width=\"717\" height=\"261\" srcset=\"https:\/\/www.mecerreyes.com\/mece\/wp-content\/uploads\/2011\/02\/Nevada-Mecerreyes-29-01-2011-1024x373.jpg 1024w, https:\/\/www.mecerreyes.com\/mece\/wp-content\/uploads\/2011\/02\/Nevada-Mecerreyes-29-01-2011-300x109.jpg 300w\" sizes=\"(max-width: 717px) 100vw, 717px\" \/><\/a><\/p>\n<p>\u00a0<\/p>\n<p>\u00a0<\/p>\n<h2>OBRA SOCIAL CAJA BURGOS<\/h2>\n<p style=\"text-align: justify\"><a  href=\"http:\/\/www.mecerreyes.com\/mece\/wp-content\/uploads\/2011\/02\/Caja-Burgos.jpg\" class=\"thickbox no_icon\" title=\"Caja Burgos\"><img loading=\"lazy\" decoding=\"async\" class=\"alignleft size-large wp-image-2425\" src=\"http:\/\/www.mecerreyes.com\/mece\/wp-content\/uploads\/2011\/02\/Caja-Burgos-1023x519.jpg\" alt=\"Caja Burgos\" width=\"344\" height=\"174\" srcset=\"https:\/\/www.mecerreyes.com\/mece\/wp-content\/uploads\/2011\/02\/Caja-Burgos-1023x519.jpg 1023w, https:\/\/www.mecerreyes.com\/mece\/wp-content\/uploads\/2011\/02\/Caja-Burgos-300x152.jpg 300w, https:\/\/www.mecerreyes.com\/mece\/wp-content\/uploads\/2011\/02\/Caja-Burgos.jpg 1698w\" sizes=\"(max-width: 344px) 100vw, 344px\" \/><\/a>Agradecemos a todos los que nos hab\u00e9is votado en la campa\u00f1a que lanz\u00f3 Caja Burgos para distribuir sus fondos entre <a  href=\"https:\/\/www.mecerreyes.com\/mece\/?page_id=265\">Asociaciones<\/a> y entidades sin \u00e1nimos de lucro para realizar actividades en el a\u00f1o 2011. No podemos informar sobre el importe que nos han asignado por los votos recibidos, pensamos que no tardar\u00e1n en enviarnos esta informaci\u00f3n, os mantendremos informados.<\/p>\n<p style=\"text-align: justify\">\u00a0<\/p>\n<p style=\"text-align: justify\">\u00a0<\/p>\n<h2 style=\"text-align: justify\">P\u00c1GINA WEB<\/h2>\n<p style=\"text-align: justify\">Agradecemos un a\u00f1o m\u00e1s a los anunciantes en esta p\u00e1gina Web, a Florister\u00eda Castilla y <a  href=\"https:\/\/www.mecerreyes.com\/mece\/?page_id=797\">Mes\u00f3n de Frutos<\/a>, que al insertar su publicidad se encargan de sufragar los gastos que tiene nuestra p\u00e1gina <a  href=\"http:\/\/www.mecerreyes.com\/\">www.mecerreyes.com<\/a>. Si alguien m\u00e1s est\u00e1 interesado en colgar su publicidad y colaborar con los gastos puede contactar con nosotros pinchando en el enlace: <a  href=\"https:\/\/www.mecerreyes.com\/mece\/?page_id=99\">contacto<\/a>.<\/p>\n<p style=\"text-align: justify\">\u00a0<\/p>\n<p style=\"text-align: justify\">\u00a0<\/p>\n<h2>PRECIOSAS MOTOS<\/h2>\n<p>El pasado mes mostr\u00e1bamos varias fotos de coches antiguos que pasaron y pararon en Mecerreyes a comer, en esta ocasi\u00f3n tambi\u00e9n os ponemos fotos de \u201cmotos\u201d que tambi\u00e9n hicieron un alto en el camino el d\u00eda 5 de febrero para degustar la comida que ofrece el <a  href=\"https:\/\/www.mecerreyes.com\/mece\/?page_id=797\">Mes\u00f3n de Frutos<\/a>, que va cogiendo fama y todos los fines de semana tienen completo el comedor. Les deseamos mucha suerte en su negocio y les agradecemos el servicio prestado al pueblo.<\/p>\n<div id=\"attachment_2427\" style=\"width: 747px\" class=\"wp-caption alignnone\"><a  href=\"http:\/\/www.mecerreyes.com\/mece\/wp-content\/uploads\/2011\/02\/Mecerreyes-motos-5-02-2011.jpg\" class=\"thickbox no_icon\" title=\"Mecerreyes, motos 5-02-2011\"><img loading=\"lazy\" decoding=\"async\" aria-describedby=\"caption-attachment-2427\" class=\"size-large wp-image-2427\" src=\"http:\/\/www.mecerreyes.com\/mece\/wp-content\/uploads\/2011\/02\/Mecerreyes-motos-5-02-2011-1024x252.jpg\" alt=\"Mecerreyes, motos 5-02-2011\" width=\"737\" height=\"182\" srcset=\"https:\/\/www.mecerreyes.com\/mece\/wp-content\/uploads\/2011\/02\/Mecerreyes-motos-5-02-2011-1024x252.jpg 1024w, https:\/\/www.mecerreyes.com\/mece\/wp-content\/uploads\/2011\/02\/Mecerreyes-motos-5-02-2011-300x74.jpg 300w\" sizes=\"(max-width: 737px) 100vw, 737px\" \/><\/a><p id=\"caption-attachment-2427\" class=\"wp-caption-text\">Mecerreyes, febrero 2011<\/p><\/div>\n<p>\u00a0<\/p>\n<p>\u00a0<\/p>\n<p><a href=\"http:\/\/www.mecerreyes.com\/mece\/wp-content\/uploads\/2011\/02\/Mecerreyes-motos-5-02-2011.jpg\"><\/a><\/p>\n<h2>CAZADORES &#8211; BUENA CAMPA\u00d1A<\/h2>\n<p>Os mostramos a trav\u00e9s de las fotograf\u00edas \u201cpues una imagen vale m\u00e1s que mil palabras\u201d la buena campa\u00f1a \u00a0que han tenido los cazadores de Mecerreyes en caza mayor; este a\u00f1o han terminado muy contentos, en los \u00faltimos d\u00edas han cazado un total de 14 jabal\u00edes. As\u00ed que los s\u00e1bados y domingos han dado un ambiente distinto al pueblo pudiendo visitar su sede donde estaban las piezas cazadas y dejando los jabal\u00eds para poder admirar los grandes colmillos como el del \u00faltimo jabal\u00ed cazado.<\/p>\n<p>\u00a0<\/p>\n<div id=\"attachment_2426\" style=\"width: 730px\" class=\"wp-caption alignnone\"><a  href=\"http:\/\/www.mecerreyes.com\/mece\/wp-content\/uploads\/2011\/02\/Mecerreyes-Cazadores-febrero-2011.jpg\" class=\"thickbox no_icon\" title=\"Mecerreyes Cazadores, febrero 2011\"><img loading=\"lazy\" decoding=\"async\" aria-describedby=\"caption-attachment-2426\" class=\"size-full wp-image-2426 \" src=\"http:\/\/www.mecerreyes.com\/mece\/wp-content\/uploads\/2011\/02\/Mecerreyes-Cazadores-febrero-2011.jpg\" alt=\"Mecerreyes Cazadores, febrero 2011\" width=\"720\" height=\"540\" srcset=\"https:\/\/www.mecerreyes.com\/mece\/wp-content\/uploads\/2011\/02\/Mecerreyes-Cazadores-febrero-2011.jpg 2000w, https:\/\/www.mecerreyes.com\/mece\/wp-content\/uploads\/2011\/02\/Mecerreyes-Cazadores-febrero-2011-300x225.jpg 300w, https:\/\/www.mecerreyes.com\/mece\/wp-content\/uploads\/2011\/02\/Mecerreyes-Cazadores-febrero-2011-1024x768.jpg 1024w\" sizes=\"(max-width: 720px) 100vw, 720px\" \/><\/a><p id=\"caption-attachment-2426\" class=\"wp-caption-text\">Cazadores Mecerreyes, febrero 2011<\/p><\/div>\n<p><a href=\"http:\/\/www.mecerreyes.com\/mece\/wp-content\/uploads\/2011\/02\/Mecerreyes-motos-5-02-2011.jpg\"><\/a><\/p>\n<p>\u00a0<\/p>\n<p><a href=\"http:\/\/www.mecerreyes.com\/mece\/wp-content\/uploads\/2011\/02\/Mecerreyes-motos-5-02-2011.jpg\"><\/a><\/p>\n<p>\u00a0<\/p>\n<p><a href=\"http:\/\/www.mecerreyes.com\/mece\/wp-content\/uploads\/2011\/02\/Mecerreyes-motos-5-02-2011.jpg\"><\/a><\/p>","protected":false},"excerpt":{"rendered":"<p>Las defunciones no cesan, sabemos que es ley de vida, pero nos entristece comunicar el fallecimiento de personas \u201cj\u00f3venes\u201d que podr\u00edan estar disfrutando de m\u00e1s a\u00f1os de vida, despu\u00e9s de muchos a\u00f1os trabajando: \u00a0 \u00a0 FLORENCIA CUEVAS MORENO (viuda de Julio Mart\u00edn), falleci\u00f3 el d\u00eda 19 de enero de 2011 a los 93 a\u00f1os de [&hellip;]<\/p>\n","protected":false},"author":5,"featured_media":0,"comment_status":"open","ping_status":"closed","sticky":false,"template":"","format":"standard","meta":{"_et_pb_use_builder":"","_et_pb_old_content":"","_et_gb_content_width":"","footnotes":""},"categories":[1],"tags":[21],"class_list":["post-2422","post","type-post","status-publish","format-standard","hentry","category-general","tag-guiletos","et-doesnt-have-format-content","et_post_format-et-post-format-standard"],"_links":{"self":[{"href":"https:\/\/www.mecerreyes.com\/mece\/index.php?rest_route=\/wp\/v2\/posts\/2422"}],"collection":[{"href":"https:\/\/www.mecerreyes.com\/mece\/index.php?rest_route=\/wp\/v2\/posts"}],"about":[{"href":"https:\/\/www.mecerreyes.com\/mece\/index.php?rest_route=\/wp\/v2\/types\/post"}],"author":[{"embeddable":true,"href":"https:\/\/www.mecerreyes.com\/mece\/index.php?rest_route=\/wp\/v2\/users\/5"}],"replies":[{"embeddable":true,"href":"https:\/\/www.mecerreyes.com\/mece\/index.php?rest_route=%2Fwp%2Fv2%2Fcomments&post=2422"}],"version-history":[{"count":0,"href":"https:\/\/www.mecerreyes.com\/mece\/index.php?rest_route=\/wp\/v2\/posts\/2422\/revisions"}],"wp:attachment":[{"href":"https:\/\/www.mecerreyes.com\/mece\/index.php?rest_route=%2Fwp%2Fv2%2Fmedia&parent=2422"}],"wp:term":[{"taxonomy":"category","embeddable":true,"href":"https:\/\/www.mecerreyes.com\/mece\/index.php?rest_route=%2Fwp%2Fv2%2Fcategories&post=2422"},{"taxonomy":"post_tag","embeddable":true,"href":"https:\/\/www.mecerreyes.com\/mece\/index.php?rest_route=%2Fwp%2Fv2%2Ftags&post=2422"}],"curies":[{"name":"wp","href":"https:\/\/api.w.org\/{rel}","templated":true}]}}