{"id":24279,"date":"2023-10-05T18:50:04","date_gmt":"2023-10-05T17:50:04","guid":{"rendered":"http:\/\/www.mecerreyes.com\/mece\/?p=24279"},"modified":"2023-10-21T09:34:35","modified_gmt":"2023-10-21T08:34:35","slug":"noticias-septiembre-2023","status":"publish","type":"post","link":"https:\/\/www.mecerreyes.com\/mece\/?p=24279","title":{"rendered":"Noticias Septiembre 2023"},"content":{"rendered":"<p><strong>SEPTIEMBRE 2023<\/strong><\/p>\n\n\n\n<p>Al calendario 2023 ya le hemos arrancado su novena hoja.<\/p>\n\n\n\n<p>Ha sido un mes de transiciones, del verano al oto\u00f1o, el bullicio vacacional va dando paso a la tranquilidad que caracteriza al medio rural.<\/p>\n\n\n\n<p>Tener cerrado el Bar La Villa, lugar de encuentro diario de los vecinos, de acogida a visitantes y amantes de la <a  href=\"https:\/\/www.mecerreyes.com\/mece\/?page_id=70\">ruta del Cid<\/a>, ha dado una apariencia de desolaci\u00f3n en Mecerreyes.<\/p>\n\n\n\n<p>Esperamos que la Corporaci\u00f3n Municipal encuentre pronta soluci\u00f3n al problema causado por la desaparici\u00f3n premeditada de la persona que lo regentaba. <\/p>\n\n\n\n<figure class=\"wp-block-gallery columns-1 is-cropped wp-block-gallery-1 is-layout-flex wp-block-gallery-is-layout-flex\"><ul class=\"blocks-gallery-grid\"><li class=\"blocks-gallery-item\"><figure><a  href=\"https:\/\/www.mecerreyes.com\/mece\/wp-content\/uploads\/2023\/10\/Mecerreyes-2023.jpg\" class=\"thickbox no_icon\" title=\"\"><img loading=\"lazy\" decoding=\"async\" width=\"1024\" height=\"462\" src=\"https:\/\/www.mecerreyes.com\/mece\/wp-content\/uploads\/2023\/10\/Mecerreyes-2023-1024x462.jpg\" alt=\"\" data-id=\"24290\" data-full-url=\"https:\/\/www.mecerreyes.com\/mece\/wp-content\/uploads\/2023\/10\/Mecerreyes-2023.jpg\" data-link=\"https:\/\/www.mecerreyes.com\/mece\/?attachment_id=24290\" class=\"wp-image-24290\" srcset=\"https:\/\/www.mecerreyes.com\/mece\/wp-content\/uploads\/2023\/10\/Mecerreyes-2023-1024x462.jpg 1024w, https:\/\/www.mecerreyes.com\/mece\/wp-content\/uploads\/2023\/10\/Mecerreyes-2023-300x135.jpg 300w, https:\/\/www.mecerreyes.com\/mece\/wp-content\/uploads\/2023\/10\/Mecerreyes-2023-768x347.jpg 768w, https:\/\/www.mecerreyes.com\/mece\/wp-content\/uploads\/2023\/10\/Mecerreyes-2023-1536x693.jpg 1536w, https:\/\/www.mecerreyes.com\/mece\/wp-content\/uploads\/2023\/10\/Mecerreyes-2023-1080x488.jpg 1080w, https:\/\/www.mecerreyes.com\/mece\/wp-content\/uploads\/2023\/10\/Mecerreyes-2023.jpg 1595w\" sizes=\"(max-width: 1024px) 100vw, 1024px\" \/><\/a><\/figure><\/li><\/ul><\/figure>\n\n\n\n<p>Las altas temperaturas han permitido seguir disfrutando con los amigos en la fresca, en los chamizos que han abierto al p\u00fablico o en las mesas del corral de la carretera. <\/p>\n\n\n\n<figure class=\"wp-block-gallery columns-1 is-cropped wp-block-gallery-2 is-layout-flex wp-block-gallery-is-layout-flex\"><ul class=\"blocks-gallery-grid\"><li class=\"blocks-gallery-item\"><figure><a  href=\"https:\/\/www.mecerreyes.com\/mece\/wp-content\/uploads\/2023\/10\/Mecerreyes-sept-2023.jpeg\" class=\"thickbox no_icon\" title=\"\"><img loading=\"lazy\" decoding=\"async\" width=\"1024\" height=\"727\" src=\"https:\/\/www.mecerreyes.com\/mece\/wp-content\/uploads\/2023\/10\/Mecerreyes-sept-2023-1024x727.jpeg\" alt=\"\" data-id=\"24291\" data-full-url=\"https:\/\/www.mecerreyes.com\/mece\/wp-content\/uploads\/2023\/10\/Mecerreyes-sept-2023.jpeg\" data-link=\"https:\/\/www.mecerreyes.com\/mece\/?attachment_id=24291\" class=\"wp-image-24291\" srcset=\"https:\/\/www.mecerreyes.com\/mece\/wp-content\/uploads\/2023\/10\/Mecerreyes-sept-2023-1024x727.jpeg 1024w, https:\/\/www.mecerreyes.com\/mece\/wp-content\/uploads\/2023\/10\/Mecerreyes-sept-2023-300x213.jpeg 300w, https:\/\/www.mecerreyes.com\/mece\/wp-content\/uploads\/2023\/10\/Mecerreyes-sept-2023-768x545.jpeg 768w, https:\/\/www.mecerreyes.com\/mece\/wp-content\/uploads\/2023\/10\/Mecerreyes-sept-2023-400x284.jpeg 400w, https:\/\/www.mecerreyes.com\/mece\/wp-content\/uploads\/2023\/10\/Mecerreyes-sept-2023.jpeg 1080w\" sizes=\"(max-width: 1024px) 100vw, 1024px\" \/><\/a><\/figure><\/li><\/ul><\/figure>\n\n\n\n<div style=\"height:25px\" aria-hidden=\"true\" class=\"wp-block-spacer\"><\/div>\n\n\n\n<p>El quipo C.D. Mecerreyes, ya calienta motores con sendos partidos amistosos.<\/p>\n\n\n\n<p>Septiembre, mes festivo en los pueblos vecinos, ha reunido a los m\u00e1s j\u00f3venes para desplazarse juntos y disfrutar de sus fiestas.<\/p>\n\n\n\n<p>Los hortelanos se afanan en la recogida de sus frutos, llenando las despensas y los arcones de exquisiteces.<\/p>\n\n\n\n<div style=\"height:32px\" aria-hidden=\"true\" class=\"wp-block-spacer\"><\/div>\n\n\n\n<p style=\"font-size:22px\" class=\"has-background has-luminous-vivid-amber-background-color\"><strong>EFEM\u00c9RIDES<\/strong><\/p>\n\n\n\n<ul class=\"wp-block-list\"><li>El 5, D\u00eda Internacional de la Beneficiencia.<\/li><li>El 8, D\u00eda Internacional de la Alfabetizaci\u00f3n. Virgen de Las Mamblas.<\/li><li>El 9, D\u00eda Mundial de la Agricultura. II Edici\u00f3n del D\u00eda de Arlanza.<\/li><li>El 21, D\u00eda Internacional de la Paz.<\/li><li>El 29, D\u00eda Internacional de Concienciaci\u00f3n sobre la P\u00e9rdida y Desprecio de Alimentos.<\/li><\/ul>\n\n\n\n<figure class=\"wp-block-gallery columns-1 is-cropped wp-block-gallery-3 is-layout-flex wp-block-gallery-is-layout-flex\"><ul class=\"blocks-gallery-grid\"><li class=\"blocks-gallery-item\"><figure><a  href=\"https:\/\/www.mecerreyes.com\/mece\/wp-content\/uploads\/2023\/10\/Mecerreyes-sept-2023-1.jpeg\" class=\"thickbox no_icon\" title=\"\"><img loading=\"lazy\" decoding=\"async\" width=\"1024\" height=\"461\" src=\"https:\/\/www.mecerreyes.com\/mece\/wp-content\/uploads\/2023\/10\/Mecerreyes-sept-2023-1-1024x461.jpeg\" alt=\"\" data-id=\"24292\" data-full-url=\"https:\/\/www.mecerreyes.com\/mece\/wp-content\/uploads\/2023\/10\/Mecerreyes-sept-2023-1.jpeg\" data-link=\"https:\/\/www.mecerreyes.com\/mece\/?attachment_id=24292\" class=\"wp-image-24292\" srcset=\"https:\/\/www.mecerreyes.com\/mece\/wp-content\/uploads\/2023\/10\/Mecerreyes-sept-2023-1-1024x461.jpeg 1024w, https:\/\/www.mecerreyes.com\/mece\/wp-content\/uploads\/2023\/10\/Mecerreyes-sept-2023-1-300x135.jpeg 300w, https:\/\/www.mecerreyes.com\/mece\/wp-content\/uploads\/2023\/10\/Mecerreyes-sept-2023-1-768x346.jpeg 768w, https:\/\/www.mecerreyes.com\/mece\/wp-content\/uploads\/2023\/10\/Mecerreyes-sept-2023-1-1536x691.jpeg 1536w, https:\/\/www.mecerreyes.com\/mece\/wp-content\/uploads\/2023\/10\/Mecerreyes-sept-2023-1-1080x486.jpeg 1080w, https:\/\/www.mecerreyes.com\/mece\/wp-content\/uploads\/2023\/10\/Mecerreyes-sept-2023-1.jpeg 1600w\" sizes=\"(max-width: 1024px) 100vw, 1024px\" \/><\/a><\/figure><\/li><\/ul><\/figure>\n\n\n\n<div style=\"height:100px\" aria-hidden=\"true\" class=\"wp-block-spacer\"><\/div>\n\n\n\n<p style=\"font-size:22px\" class=\"has-background has-luminous-vivid-amber-background-color\"><strong>ROMER\u00cdA DE LA VIRGEN DE LAS MAMBLAS<\/strong><\/p>\n\n\n\n<p>Devoci\u00f3n y tradici\u00f3n, han dado cita un a\u00f1o m\u00e1s a los vecinos de la comarca que se han acercado hasta la ermita de Mamblas para pasar un d\u00eda de encuentro.&nbsp;<\/p>\n\n\n\n<p>El d\u00eda 8 de septiembre est\u00e1 marcado en el calendario de los muchos guiletos que acuden a bailar a la virgen, comer en el campo y recordar las an\u00e9cdotas de a\u00f1os anteriores. <\/p>\n\n\n\n<figure class=\"wp-block-gallery columns-2 is-cropped wp-block-gallery-4 is-layout-flex wp-block-gallery-is-layout-flex\"><ul class=\"blocks-gallery-grid\"><li class=\"blocks-gallery-item\"><figure><a  href=\"https:\/\/www.mecerreyes.com\/mece\/wp-content\/uploads\/2023\/10\/Mamblas-08-09-2023-2.jpeg\" class=\"thickbox no_icon\" title=\"\"><img loading=\"lazy\" decoding=\"async\" width=\"1024\" height=\"960\" src=\"https:\/\/www.mecerreyes.com\/mece\/wp-content\/uploads\/2023\/10\/Mamblas-08-09-2023-2-1024x960.jpeg\" alt=\"\" data-id=\"24293\" data-full-url=\"https:\/\/www.mecerreyes.com\/mece\/wp-content\/uploads\/2023\/10\/Mamblas-08-09-2023-2.jpeg\" data-link=\"https:\/\/www.mecerreyes.com\/mece\/?attachment_id=24293\" class=\"wp-image-24293\" srcset=\"https:\/\/www.mecerreyes.com\/mece\/wp-content\/uploads\/2023\/10\/Mamblas-08-09-2023-2-1024x960.jpeg 1024w, https:\/\/www.mecerreyes.com\/mece\/wp-content\/uploads\/2023\/10\/Mamblas-08-09-2023-2-300x281.jpeg 300w, https:\/\/www.mecerreyes.com\/mece\/wp-content\/uploads\/2023\/10\/Mamblas-08-09-2023-2-768x720.jpeg 768w, https:\/\/www.mecerreyes.com\/mece\/wp-content\/uploads\/2023\/10\/Mamblas-08-09-2023-2.jpeg 1080w\" sizes=\"(max-width: 1024px) 100vw, 1024px\" \/><\/a><\/figure><\/li><li class=\"blocks-gallery-item\"><figure><a  href=\"https:\/\/www.mecerreyes.com\/mece\/wp-content\/uploads\/2023\/10\/Mamblas-08-09-2023-3.jpeg\" class=\"thickbox no_icon\" title=\"\"><img loading=\"lazy\" decoding=\"async\" width=\"756\" height=\"756\" src=\"https:\/\/www.mecerreyes.com\/mece\/wp-content\/uploads\/2023\/10\/Mamblas-08-09-2023-3.jpeg\" alt=\"\" data-id=\"24294\" data-full-url=\"https:\/\/www.mecerreyes.com\/mece\/wp-content\/uploads\/2023\/10\/Mamblas-08-09-2023-3.jpeg\" data-link=\"https:\/\/www.mecerreyes.com\/mece\/?attachment_id=24294\" class=\"wp-image-24294\" srcset=\"https:\/\/www.mecerreyes.com\/mece\/wp-content\/uploads\/2023\/10\/Mamblas-08-09-2023-3.jpeg 756w, https:\/\/www.mecerreyes.com\/mece\/wp-content\/uploads\/2023\/10\/Mamblas-08-09-2023-3-300x300.jpeg 300w, https:\/\/www.mecerreyes.com\/mece\/wp-content\/uploads\/2023\/10\/Mamblas-08-09-2023-3-150x150.jpeg 150w, https:\/\/www.mecerreyes.com\/mece\/wp-content\/uploads\/2023\/10\/Mamblas-08-09-2023-3-440x440.jpeg 440w\" sizes=\"(max-width: 756px) 100vw, 756px\" \/><\/a><\/figure><\/li><\/ul><\/figure>\n\n\n\n<p>Un d\u00eda de oraci\u00f3n, fiesta y alegr\u00eda entorno a la Virgen.<\/p>\n\n\n\n<p>\u00a1Viva la Virgen de Mamblas! \u00a1Viva!<\/p>\n\n\n\n<figure class=\"wp-block-gallery columns-1 is-cropped wp-block-gallery-5 is-layout-flex wp-block-gallery-is-layout-flex\"><ul class=\"blocks-gallery-grid\"><li class=\"blocks-gallery-item\"><figure><img loading=\"lazy\" decoding=\"async\" width=\"1024\" height=\"461\" src=\"https:\/\/www.mecerreyes.com\/mece\/wp-content\/uploads\/2023\/10\/Mamblas-08-09-2023-1-1024x461.jpg\" alt=\"\" data-id=\"24295\" data-full-url=\"https:\/\/www.mecerreyes.com\/mece\/wp-content\/uploads\/2023\/10\/Mamblas-08-09-2023-1.jpg\" data-link=\"https:\/\/www.mecerreyes.com\/mece\/?attachment_id=24295\" class=\"wp-image-24295\" srcset=\"https:\/\/www.mecerreyes.com\/mece\/wp-content\/uploads\/2023\/10\/Mamblas-08-09-2023-1-1024x461.jpg 1024w, https:\/\/www.mecerreyes.com\/mece\/wp-content\/uploads\/2023\/10\/Mamblas-08-09-2023-1-300x135.jpg 300w, https:\/\/www.mecerreyes.com\/mece\/wp-content\/uploads\/2023\/10\/Mamblas-08-09-2023-1-768x346.jpg 768w, https:\/\/www.mecerreyes.com\/mece\/wp-content\/uploads\/2023\/10\/Mamblas-08-09-2023-1-1536x691.jpg 1536w, https:\/\/www.mecerreyes.com\/mece\/wp-content\/uploads\/2023\/10\/Mamblas-08-09-2023-1-1080x486.jpg 1080w, https:\/\/www.mecerreyes.com\/mece\/wp-content\/uploads\/2023\/10\/Mamblas-08-09-2023-1.jpg 1600w\" sizes=\"(max-width: 1024px) 100vw, 1024px\" \/><\/figure><\/li><\/ul><\/figure>\n\n\n\n<div style=\"height:100px\" aria-hidden=\"true\" class=\"wp-block-spacer\"><\/div>\n\n\n\n<p style=\"font-size:22px\" class=\"has-background has-luminous-vivid-amber-background-color\"><strong>II EDICI\u00d3N DIA DE ARLANZA EN QUINTANILLA-TORDUELES<\/strong><\/p>\n\n\n\n<p>El pasado d\u00eda 9 de septiembre se celebr\u00f3 la II Edici\u00f3n del D\u00eda de Arlanza, pueblos unidos, <a  href=\"https:\/\/www.mecerreyes.com\/mece\/?page_id=265\">asociaciones<\/a> unidas para ensalzar nuestra comarca.<\/p>\n\n\n\n<p>Quintanilla del Agua y Tordueles cogieron el testigo de la primera edici\u00f3n celebrada en Peral de Arlanza y con una programaci\u00f3n cultural muy atractiva consiguieron el disfrute de cuantos quisieron participar de tan bonita iniciativa, impulso que el mundo rural necesita para seguir vivo y pasar el testigo a las nuevas generaciones.<\/p>\n\n\n\n<p>Felicitaciones a los pueblos de Quintanilla del Agua&nbsp; y Tordueles por su excelente organizaci\u00f3n, a la plataforma Arl\u00e1nzate.<\/p>\n\n\n\n<p>Gracias a todas las <a  href=\"https:\/\/www.mecerreyes.com\/mece\/?page_id=265\">Asociaciones<\/a>, patrocinadores, ayuntamientos, entidades y Diputaci\u00f3n Provincial por hacerlo posible.<\/p>\n\n\n\n<p>Quedamos emplazados a disfrutar de la III edici\u00f3n donde seguro seguiremos sumando amigos.<\/p>\n\n\n\n<figure class=\"wp-block-gallery columns-2 is-cropped wp-block-gallery-6 is-layout-flex wp-block-gallery-is-layout-flex\"><ul class=\"blocks-gallery-grid\"><li class=\"blocks-gallery-item\"><figure><a  href=\"https:\/\/www.mecerreyes.com\/mece\/wp-content\/uploads\/2023\/10\/II-D\u00eda-del-Arlanza-2023-Quintanilla-del-Agua-Tordueles-1.jpg\" class=\"thickbox no_icon\" title=\"\"><img loading=\"lazy\" decoding=\"async\" width=\"1024\" height=\"768\" src=\"https:\/\/www.mecerreyes.com\/mece\/wp-content\/uploads\/2023\/10\/II-D\u00eda-del-Arlanza-2023-Quintanilla-del-Agua-Tordueles-1-1024x768.jpg\" alt=\"\" data-id=\"24297\" data-full-url=\"https:\/\/www.mecerreyes.com\/mece\/wp-content\/uploads\/2023\/10\/II-D\u00eda-del-Arlanza-2023-Quintanilla-del-Agua-Tordueles-1.jpg\" data-link=\"https:\/\/www.mecerreyes.com\/mece\/?attachment_id=24297\" class=\"wp-image-24297\" srcset=\"https:\/\/www.mecerreyes.com\/mece\/wp-content\/uploads\/2023\/10\/II-D\u00eda-del-Arlanza-2023-Quintanilla-del-Agua-Tordueles-1-1024x768.jpg 1024w, https:\/\/www.mecerreyes.com\/mece\/wp-content\/uploads\/2023\/10\/II-D\u00eda-del-Arlanza-2023-Quintanilla-del-Agua-Tordueles-1-300x225.jpg 300w, https:\/\/www.mecerreyes.com\/mece\/wp-content\/uploads\/2023\/10\/II-D\u00eda-del-Arlanza-2023-Quintanilla-del-Agua-Tordueles-1-768x576.jpg 768w, https:\/\/www.mecerreyes.com\/mece\/wp-content\/uploads\/2023\/10\/II-D\u00eda-del-Arlanza-2023-Quintanilla-del-Agua-Tordueles-1.jpg 1063w\" sizes=\"(max-width: 1024px) 100vw, 1024px\" \/><\/a><\/figure><\/li><li class=\"blocks-gallery-item\"><figure><a  href=\"https:\/\/www.mecerreyes.com\/mece\/wp-content\/uploads\/2023\/10\/II-D\u00eda-del-Arlanza-2023-Quintanilla-del-Agua-Tordueles-2.jpg\" class=\"thickbox no_icon\" title=\"\"><img loading=\"lazy\" decoding=\"async\" width=\"1024\" height=\"768\" src=\"https:\/\/www.mecerreyes.com\/mece\/wp-content\/uploads\/2023\/10\/II-D\u00eda-del-Arlanza-2023-Quintanilla-del-Agua-Tordueles-2-1024x768.jpg\" alt=\"\" data-id=\"24298\" data-full-url=\"https:\/\/www.mecerreyes.com\/mece\/wp-content\/uploads\/2023\/10\/II-D\u00eda-del-Arlanza-2023-Quintanilla-del-Agua-Tordueles-2.jpg\" data-link=\"https:\/\/www.mecerreyes.com\/mece\/?attachment_id=24298\" class=\"wp-image-24298\" srcset=\"https:\/\/www.mecerreyes.com\/mece\/wp-content\/uploads\/2023\/10\/II-D\u00eda-del-Arlanza-2023-Quintanilla-del-Agua-Tordueles-2-1024x768.jpg 1024w, https:\/\/www.mecerreyes.com\/mece\/wp-content\/uploads\/2023\/10\/II-D\u00eda-del-Arlanza-2023-Quintanilla-del-Agua-Tordueles-2-300x225.jpg 300w, https:\/\/www.mecerreyes.com\/mece\/wp-content\/uploads\/2023\/10\/II-D\u00eda-del-Arlanza-2023-Quintanilla-del-Agua-Tordueles-2-768x576.jpg 768w, https:\/\/www.mecerreyes.com\/mece\/wp-content\/uploads\/2023\/10\/II-D\u00eda-del-Arlanza-2023-Quintanilla-del-Agua-Tordueles-2.jpg 1063w\" sizes=\"(max-width: 1024px) 100vw, 1024px\" \/><\/a><\/figure><\/li><li class=\"blocks-gallery-item\"><figure><a  href=\"https:\/\/www.mecerreyes.com\/mece\/wp-content\/uploads\/2023\/10\/II-D\u00eda-del-Arlanza-2023-Quintanilla-del-Agua-Tordueles-3.jpg\" class=\"thickbox no_icon\" title=\"\"><img loading=\"lazy\" decoding=\"async\" width=\"1024\" height=\"768\" src=\"https:\/\/www.mecerreyes.com\/mece\/wp-content\/uploads\/2023\/10\/II-D\u00eda-del-Arlanza-2023-Quintanilla-del-Agua-Tordueles-3-1024x768.jpg\" alt=\"\" data-id=\"24299\" data-full-url=\"https:\/\/www.mecerreyes.com\/mece\/wp-content\/uploads\/2023\/10\/II-D\u00eda-del-Arlanza-2023-Quintanilla-del-Agua-Tordueles-3.jpg\" data-link=\"https:\/\/www.mecerreyes.com\/mece\/?attachment_id=24299\" class=\"wp-image-24299\" srcset=\"https:\/\/www.mecerreyes.com\/mece\/wp-content\/uploads\/2023\/10\/II-D\u00eda-del-Arlanza-2023-Quintanilla-del-Agua-Tordueles-3-1024x768.jpg 1024w, https:\/\/www.mecerreyes.com\/mece\/wp-content\/uploads\/2023\/10\/II-D\u00eda-del-Arlanza-2023-Quintanilla-del-Agua-Tordueles-3-300x225.jpg 300w, https:\/\/www.mecerreyes.com\/mece\/wp-content\/uploads\/2023\/10\/II-D\u00eda-del-Arlanza-2023-Quintanilla-del-Agua-Tordueles-3-768x576.jpg 768w, https:\/\/www.mecerreyes.com\/mece\/wp-content\/uploads\/2023\/10\/II-D\u00eda-del-Arlanza-2023-Quintanilla-del-Agua-Tordueles-3.jpg 1063w\" sizes=\"(max-width: 1024px) 100vw, 1024px\" \/><\/a><\/figure><\/li><li class=\"blocks-gallery-item\"><figure><a  href=\"https:\/\/www.mecerreyes.com\/mece\/wp-content\/uploads\/2023\/10\/II-D\u00eda-del-Arlanza-2023-Quintanilla-del-Agua-Tordueles-4.jpg\" class=\"thickbox no_icon\" title=\"\"><img loading=\"lazy\" decoding=\"async\" width=\"768\" height=\"1024\" src=\"https:\/\/www.mecerreyes.com\/mece\/wp-content\/uploads\/2023\/10\/II-D\u00eda-del-Arlanza-2023-Quintanilla-del-Agua-Tordueles-4-768x1024.jpg\" alt=\"\" data-id=\"24300\" data-full-url=\"https:\/\/www.mecerreyes.com\/mece\/wp-content\/uploads\/2023\/10\/II-D\u00eda-del-Arlanza-2023-Quintanilla-del-Agua-Tordueles-4.jpg\" data-link=\"https:\/\/www.mecerreyes.com\/mece\/?attachment_id=24300\" class=\"wp-image-24300\" srcset=\"https:\/\/www.mecerreyes.com\/mece\/wp-content\/uploads\/2023\/10\/II-D\u00eda-del-Arlanza-2023-Quintanilla-del-Agua-Tordueles-4-768x1024.jpg 768w, https:\/\/www.mecerreyes.com\/mece\/wp-content\/uploads\/2023\/10\/II-D\u00eda-del-Arlanza-2023-Quintanilla-del-Agua-Tordueles-4-225x300.jpg 225w, https:\/\/www.mecerreyes.com\/mece\/wp-content\/uploads\/2023\/10\/II-D\u00eda-del-Arlanza-2023-Quintanilla-del-Agua-Tordueles-4.jpg 1063w\" sizes=\"(max-width: 768px) 100vw, 768px\" \/><\/a><\/figure><\/li><li class=\"blocks-gallery-item\"><figure><a  href=\"https:\/\/www.mecerreyes.com\/mece\/wp-content\/uploads\/2023\/10\/II-D\u00eda-del-Arlanza-2023-Quintanilla-del-Agua-Tordueles-5.jpg\" class=\"thickbox no_icon\" title=\"\"><img loading=\"lazy\" decoding=\"async\" width=\"1024\" height=\"768\" src=\"https:\/\/www.mecerreyes.com\/mece\/wp-content\/uploads\/2023\/10\/II-D\u00eda-del-Arlanza-2023-Quintanilla-del-Agua-Tordueles-5-1024x768.jpg\" alt=\"\" data-id=\"24301\" data-full-url=\"https:\/\/www.mecerreyes.com\/mece\/wp-content\/uploads\/2023\/10\/II-D\u00eda-del-Arlanza-2023-Quintanilla-del-Agua-Tordueles-5.jpg\" data-link=\"https:\/\/www.mecerreyes.com\/mece\/?attachment_id=24301\" class=\"wp-image-24301\" srcset=\"https:\/\/www.mecerreyes.com\/mece\/wp-content\/uploads\/2023\/10\/II-D\u00eda-del-Arlanza-2023-Quintanilla-del-Agua-Tordueles-5-1024x768.jpg 1024w, https:\/\/www.mecerreyes.com\/mece\/wp-content\/uploads\/2023\/10\/II-D\u00eda-del-Arlanza-2023-Quintanilla-del-Agua-Tordueles-5-300x225.jpg 300w, https:\/\/www.mecerreyes.com\/mece\/wp-content\/uploads\/2023\/10\/II-D\u00eda-del-Arlanza-2023-Quintanilla-del-Agua-Tordueles-5-768x576.jpg 768w, https:\/\/www.mecerreyes.com\/mece\/wp-content\/uploads\/2023\/10\/II-D\u00eda-del-Arlanza-2023-Quintanilla-del-Agua-Tordueles-5.jpg 1063w\" sizes=\"(max-width: 1024px) 100vw, 1024px\" \/><\/a><\/figure><\/li><li class=\"blocks-gallery-item\"><figure><a  href=\"https:\/\/www.mecerreyes.com\/mece\/wp-content\/uploads\/2023\/10\/II-D\u00eda-del-Arlanza-2023-Quintanilla-del-Agua-Tordueles-12.jpg\" class=\"thickbox no_icon\" title=\"\"><img loading=\"lazy\" decoding=\"async\" width=\"768\" height=\"1024\" src=\"https:\/\/www.mecerreyes.com\/mece\/wp-content\/uploads\/2023\/10\/II-D\u00eda-del-Arlanza-2023-Quintanilla-del-Agua-Tordueles-12-768x1024.jpg\" alt=\"\" data-id=\"24296\" data-full-url=\"https:\/\/www.mecerreyes.com\/mece\/wp-content\/uploads\/2023\/10\/II-D\u00eda-del-Arlanza-2023-Quintanilla-del-Agua-Tordueles-12.jpg\" data-link=\"https:\/\/www.mecerreyes.com\/mece\/?attachment_id=24296\" class=\"wp-image-24296\" srcset=\"https:\/\/www.mecerreyes.com\/mece\/wp-content\/uploads\/2023\/10\/II-D\u00eda-del-Arlanza-2023-Quintanilla-del-Agua-Tordueles-12-768x1024.jpg 768w, https:\/\/www.mecerreyes.com\/mece\/wp-content\/uploads\/2023\/10\/II-D\u00eda-del-Arlanza-2023-Quintanilla-del-Agua-Tordueles-12-225x300.jpg 225w, https:\/\/www.mecerreyes.com\/mece\/wp-content\/uploads\/2023\/10\/II-D\u00eda-del-Arlanza-2023-Quintanilla-del-Agua-Tordueles-12.jpg 1063w\" sizes=\"(max-width: 768px) 100vw, 768px\" \/><\/a><\/figure><\/li><li class=\"blocks-gallery-item\"><figure><a  href=\"https:\/\/www.mecerreyes.com\/mece\/wp-content\/uploads\/2023\/10\/II-D\u00eda-del-Arlanza-2023-Quintanilla-del-Agua-Tordueles-6.jpg\" class=\"thickbox no_icon\" title=\"\"><img loading=\"lazy\" decoding=\"async\" width=\"768\" height=\"1024\" src=\"https:\/\/www.mecerreyes.com\/mece\/wp-content\/uploads\/2023\/10\/II-D\u00eda-del-Arlanza-2023-Quintanilla-del-Agua-Tordueles-6-768x1024.jpg\" alt=\"\" data-id=\"24302\" data-full-url=\"https:\/\/www.mecerreyes.com\/mece\/wp-content\/uploads\/2023\/10\/II-D\u00eda-del-Arlanza-2023-Quintanilla-del-Agua-Tordueles-6.jpg\" data-link=\"https:\/\/www.mecerreyes.com\/mece\/?attachment_id=24302\" class=\"wp-image-24302\" srcset=\"https:\/\/www.mecerreyes.com\/mece\/wp-content\/uploads\/2023\/10\/II-D\u00eda-del-Arlanza-2023-Quintanilla-del-Agua-Tordueles-6-768x1024.jpg 768w, https:\/\/www.mecerreyes.com\/mece\/wp-content\/uploads\/2023\/10\/II-D\u00eda-del-Arlanza-2023-Quintanilla-del-Agua-Tordueles-6-225x300.jpg 225w, https:\/\/www.mecerreyes.com\/mece\/wp-content\/uploads\/2023\/10\/II-D\u00eda-del-Arlanza-2023-Quintanilla-del-Agua-Tordueles-6.jpg 1063w\" sizes=\"(max-width: 768px) 100vw, 768px\" \/><\/a><\/figure><\/li><li class=\"blocks-gallery-item\"><figure><a  href=\"https:\/\/www.mecerreyes.com\/mece\/wp-content\/uploads\/2023\/10\/II-D\u00eda-del-Arlanza-2023-Quintanilla-del-Agua-Tordueles-7.jpg\" class=\"thickbox no_icon\" title=\"\"><img loading=\"lazy\" decoding=\"async\" width=\"768\" height=\"1024\" src=\"https:\/\/www.mecerreyes.com\/mece\/wp-content\/uploads\/2023\/10\/II-D\u00eda-del-Arlanza-2023-Quintanilla-del-Agua-Tordueles-7-768x1024.jpg\" alt=\"\" data-id=\"24303\" data-full-url=\"https:\/\/www.mecerreyes.com\/mece\/wp-content\/uploads\/2023\/10\/II-D\u00eda-del-Arlanza-2023-Quintanilla-del-Agua-Tordueles-7.jpg\" data-link=\"https:\/\/www.mecerreyes.com\/mece\/?attachment_id=24303\" class=\"wp-image-24303\" srcset=\"https:\/\/www.mecerreyes.com\/mece\/wp-content\/uploads\/2023\/10\/II-D\u00eda-del-Arlanza-2023-Quintanilla-del-Agua-Tordueles-7-768x1024.jpg 768w, https:\/\/www.mecerreyes.com\/mece\/wp-content\/uploads\/2023\/10\/II-D\u00eda-del-Arlanza-2023-Quintanilla-del-Agua-Tordueles-7-225x300.jpg 225w, https:\/\/www.mecerreyes.com\/mece\/wp-content\/uploads\/2023\/10\/II-D\u00eda-del-Arlanza-2023-Quintanilla-del-Agua-Tordueles-7.jpg 1063w\" sizes=\"(max-width: 768px) 100vw, 768px\" \/><\/a><\/figure><\/li><li class=\"blocks-gallery-item\"><figure><a  href=\"https:\/\/www.mecerreyes.com\/mece\/wp-content\/uploads\/2023\/10\/II-D\u00eda-del-Arlanza-2023-Quintanilla-del-Agua-Tordueles-8.jpg\" class=\"thickbox no_icon\" title=\"\"><img loading=\"lazy\" decoding=\"async\" width=\"1024\" height=\"768\" src=\"https:\/\/www.mecerreyes.com\/mece\/wp-content\/uploads\/2023\/10\/II-D\u00eda-del-Arlanza-2023-Quintanilla-del-Agua-Tordueles-8-1024x768.jpg\" alt=\"\" data-id=\"24304\" data-full-url=\"https:\/\/www.mecerreyes.com\/mece\/wp-content\/uploads\/2023\/10\/II-D\u00eda-del-Arlanza-2023-Quintanilla-del-Agua-Tordueles-8.jpg\" data-link=\"https:\/\/www.mecerreyes.com\/mece\/?attachment_id=24304\" class=\"wp-image-24304\" srcset=\"https:\/\/www.mecerreyes.com\/mece\/wp-content\/uploads\/2023\/10\/II-D\u00eda-del-Arlanza-2023-Quintanilla-del-Agua-Tordueles-8-1024x768.jpg 1024w, https:\/\/www.mecerreyes.com\/mece\/wp-content\/uploads\/2023\/10\/II-D\u00eda-del-Arlanza-2023-Quintanilla-del-Agua-Tordueles-8-300x225.jpg 300w, https:\/\/www.mecerreyes.com\/mece\/wp-content\/uploads\/2023\/10\/II-D\u00eda-del-Arlanza-2023-Quintanilla-del-Agua-Tordueles-8-768x576.jpg 768w, https:\/\/www.mecerreyes.com\/mece\/wp-content\/uploads\/2023\/10\/II-D\u00eda-del-Arlanza-2023-Quintanilla-del-Agua-Tordueles-8.jpg 1063w\" sizes=\"(max-width: 1024px) 100vw, 1024px\" \/><\/a><\/figure><\/li><li class=\"blocks-gallery-item\"><figure><a  href=\"https:\/\/www.mecerreyes.com\/mece\/wp-content\/uploads\/2023\/10\/II-D\u00eda-del-Arlanza-2023-Quintanilla-del-Agua-Tordueles-9.jpg\" class=\"thickbox no_icon\" title=\"\"><img loading=\"lazy\" decoding=\"async\" width=\"1024\" height=\"768\" src=\"https:\/\/www.mecerreyes.com\/mece\/wp-content\/uploads\/2023\/10\/II-D\u00eda-del-Arlanza-2023-Quintanilla-del-Agua-Tordueles-9-1024x768.jpg\" alt=\"\" data-id=\"24305\" data-full-url=\"https:\/\/www.mecerreyes.com\/mece\/wp-content\/uploads\/2023\/10\/II-D\u00eda-del-Arlanza-2023-Quintanilla-del-Agua-Tordueles-9.jpg\" data-link=\"https:\/\/www.mecerreyes.com\/mece\/?attachment_id=24305\" class=\"wp-image-24305\" srcset=\"https:\/\/www.mecerreyes.com\/mece\/wp-content\/uploads\/2023\/10\/II-D\u00eda-del-Arlanza-2023-Quintanilla-del-Agua-Tordueles-9-1024x768.jpg 1024w, https:\/\/www.mecerreyes.com\/mece\/wp-content\/uploads\/2023\/10\/II-D\u00eda-del-Arlanza-2023-Quintanilla-del-Agua-Tordueles-9-300x225.jpg 300w, https:\/\/www.mecerreyes.com\/mece\/wp-content\/uploads\/2023\/10\/II-D\u00eda-del-Arlanza-2023-Quintanilla-del-Agua-Tordueles-9-768x576.jpg 768w, https:\/\/www.mecerreyes.com\/mece\/wp-content\/uploads\/2023\/10\/II-D\u00eda-del-Arlanza-2023-Quintanilla-del-Agua-Tordueles-9.jpg 1063w\" sizes=\"(max-width: 1024px) 100vw, 1024px\" \/><\/a><\/figure><\/li><li class=\"blocks-gallery-item\"><figure><a  href=\"https:\/\/www.mecerreyes.com\/mece\/wp-content\/uploads\/2023\/10\/II-D\u00eda-del-Arlanza-2023-Quintanilla-del-Agua-Tordueles-10.jpg\" class=\"thickbox no_icon\" title=\"\"><img loading=\"lazy\" decoding=\"async\" width=\"1024\" height=\"768\" src=\"https:\/\/www.mecerreyes.com\/mece\/wp-content\/uploads\/2023\/10\/II-D\u00eda-del-Arlanza-2023-Quintanilla-del-Agua-Tordueles-10-1024x768.jpg\" alt=\"\" data-id=\"24306\" data-full-url=\"https:\/\/www.mecerreyes.com\/mece\/wp-content\/uploads\/2023\/10\/II-D\u00eda-del-Arlanza-2023-Quintanilla-del-Agua-Tordueles-10.jpg\" data-link=\"https:\/\/www.mecerreyes.com\/mece\/?attachment_id=24306\" class=\"wp-image-24306\" srcset=\"https:\/\/www.mecerreyes.com\/mece\/wp-content\/uploads\/2023\/10\/II-D\u00eda-del-Arlanza-2023-Quintanilla-del-Agua-Tordueles-10-1024x768.jpg 1024w, https:\/\/www.mecerreyes.com\/mece\/wp-content\/uploads\/2023\/10\/II-D\u00eda-del-Arlanza-2023-Quintanilla-del-Agua-Tordueles-10-300x225.jpg 300w, https:\/\/www.mecerreyes.com\/mece\/wp-content\/uploads\/2023\/10\/II-D\u00eda-del-Arlanza-2023-Quintanilla-del-Agua-Tordueles-10-768x576.jpg 768w, https:\/\/www.mecerreyes.com\/mece\/wp-content\/uploads\/2023\/10\/II-D\u00eda-del-Arlanza-2023-Quintanilla-del-Agua-Tordueles-10.jpg 1063w\" sizes=\"(max-width: 1024px) 100vw, 1024px\" \/><\/a><\/figure><\/li><li class=\"blocks-gallery-item\"><figure><a  href=\"https:\/\/www.mecerreyes.com\/mece\/wp-content\/uploads\/2023\/10\/II-D\u00eda-del-Arlanza-2023-Quintanilla-del-Agua-Tordueles-11.jpg\" class=\"thickbox no_icon\" title=\"\"><img loading=\"lazy\" decoding=\"async\" width=\"1024\" height=\"768\" src=\"https:\/\/www.mecerreyes.com\/mece\/wp-content\/uploads\/2023\/10\/II-D\u00eda-del-Arlanza-2023-Quintanilla-del-Agua-Tordueles-11-1024x768.jpg\" alt=\"\" data-id=\"24307\" data-full-url=\"https:\/\/www.mecerreyes.com\/mece\/wp-content\/uploads\/2023\/10\/II-D\u00eda-del-Arlanza-2023-Quintanilla-del-Agua-Tordueles-11.jpg\" data-link=\"https:\/\/www.mecerreyes.com\/mece\/?attachment_id=24307\" class=\"wp-image-24307\" srcset=\"https:\/\/www.mecerreyes.com\/mece\/wp-content\/uploads\/2023\/10\/II-D\u00eda-del-Arlanza-2023-Quintanilla-del-Agua-Tordueles-11-1024x768.jpg 1024w, https:\/\/www.mecerreyes.com\/mece\/wp-content\/uploads\/2023\/10\/II-D\u00eda-del-Arlanza-2023-Quintanilla-del-Agua-Tordueles-11-300x225.jpg 300w, https:\/\/www.mecerreyes.com\/mece\/wp-content\/uploads\/2023\/10\/II-D\u00eda-del-Arlanza-2023-Quintanilla-del-Agua-Tordueles-11-768x576.jpg 768w, https:\/\/www.mecerreyes.com\/mece\/wp-content\/uploads\/2023\/10\/II-D\u00eda-del-Arlanza-2023-Quintanilla-del-Agua-Tordueles-11.jpg 1063w\" sizes=\"(max-width: 1024px) 100vw, 1024px\" \/><\/a><\/figure><\/li><\/ul><\/figure>\n\n\n\n<div style=\"height:100px\" aria-hidden=\"true\" class=\"wp-block-spacer\"><\/div>\n\n\n\n<p style=\"font-size:22px\" class=\"has-background has-luminous-vivid-amber-background-color\"><strong>MOCHILA VIAJERA<\/strong><\/p>\n\n\n\n<p>La mayor\u00eda de vuelta a su rutina ha hecho balance de su verano y comparte con nosotros las fotograf\u00edas de sus viajes con la mochila de Mecerreyes.<\/p>\n\n\n\n<p>Roma, Cantabria, Valencia, Madrid, Benidorm \u2026 son los lugares que ha visitado nuestra mochila. <\/p>\n\n\n\n<figure class=\"wp-block-gallery columns-2 is-cropped wp-block-gallery-7 is-layout-flex wp-block-gallery-is-layout-flex\"><ul class=\"blocks-gallery-grid\"><li class=\"blocks-gallery-item\"><figure><a  href=\"https:\/\/www.mecerreyes.com\/mece\/wp-content\/uploads\/2023\/10\/Mecerreyes-Mochila-viajera-septiembre-2023-6.jpeg\" class=\"thickbox no_icon\" title=\"\"><img loading=\"lazy\" decoding=\"async\" width=\"1024\" height=\"769\" src=\"https:\/\/www.mecerreyes.com\/mece\/wp-content\/uploads\/2023\/10\/Mecerreyes-Mochila-viajera-septiembre-2023-6-1024x769.jpeg\" alt=\"\" data-id=\"24281\" data-full-url=\"https:\/\/www.mecerreyes.com\/mece\/wp-content\/uploads\/2023\/10\/Mecerreyes-Mochila-viajera-septiembre-2023-6.jpeg\" data-link=\"https:\/\/www.mecerreyes.com\/mece\/?attachment_id=24281\" class=\"wp-image-24281\" srcset=\"https:\/\/www.mecerreyes.com\/mece\/wp-content\/uploads\/2023\/10\/Mecerreyes-Mochila-viajera-septiembre-2023-6-1024x769.jpeg 1024w, https:\/\/www.mecerreyes.com\/mece\/wp-content\/uploads\/2023\/10\/Mecerreyes-Mochila-viajera-septiembre-2023-6-300x225.jpeg 300w, https:\/\/www.mecerreyes.com\/mece\/wp-content\/uploads\/2023\/10\/Mecerreyes-Mochila-viajera-septiembre-2023-6-768x577.jpeg 768w, https:\/\/www.mecerreyes.com\/mece\/wp-content\/uploads\/2023\/10\/Mecerreyes-Mochila-viajera-septiembre-2023-6.jpeg 1080w\" sizes=\"(max-width: 1024px) 100vw, 1024px\" \/><\/a><\/figure><\/li><li class=\"blocks-gallery-item\"><figure><a  href=\"https:\/\/www.mecerreyes.com\/mece\/wp-content\/uploads\/2023\/10\/Mecerreyes-Mochila-viajera-septiembre-2023-1.jpeg\" class=\"thickbox no_icon\" title=\"\"><img loading=\"lazy\" decoding=\"async\" width=\"756\" height=\"1012\" src=\"https:\/\/www.mecerreyes.com\/mece\/wp-content\/uploads\/2023\/10\/Mecerreyes-Mochila-viajera-septiembre-2023-1.jpeg\" alt=\"\" data-id=\"24282\" data-full-url=\"https:\/\/www.mecerreyes.com\/mece\/wp-content\/uploads\/2023\/10\/Mecerreyes-Mochila-viajera-septiembre-2023-1.jpeg\" data-link=\"https:\/\/www.mecerreyes.com\/mece\/?attachment_id=24282\" class=\"wp-image-24282\" srcset=\"https:\/\/www.mecerreyes.com\/mece\/wp-content\/uploads\/2023\/10\/Mecerreyes-Mochila-viajera-septiembre-2023-1.jpeg 756w, https:\/\/www.mecerreyes.com\/mece\/wp-content\/uploads\/2023\/10\/Mecerreyes-Mochila-viajera-septiembre-2023-1-224x300.jpeg 224w\" sizes=\"(max-width: 756px) 100vw, 756px\" \/><\/a><\/figure><\/li><li class=\"blocks-gallery-item\"><figure><a  href=\"https:\/\/www.mecerreyes.com\/mece\/wp-content\/uploads\/2023\/10\/Mecerreyes-Mochila-viajera-septiembre-2023-2.jpeg\" class=\"thickbox no_icon\" title=\"\"><img loading=\"lazy\" decoding=\"async\" width=\"707\" height=\"1024\" src=\"https:\/\/www.mecerreyes.com\/mece\/wp-content\/uploads\/2023\/10\/Mecerreyes-Mochila-viajera-septiembre-2023-2-707x1024.jpeg\" alt=\"\" data-id=\"24283\" data-full-url=\"https:\/\/www.mecerreyes.com\/mece\/wp-content\/uploads\/2023\/10\/Mecerreyes-Mochila-viajera-septiembre-2023-2.jpeg\" data-link=\"https:\/\/www.mecerreyes.com\/mece\/?attachment_id=24283\" class=\"wp-image-24283\" srcset=\"https:\/\/www.mecerreyes.com\/mece\/wp-content\/uploads\/2023\/10\/Mecerreyes-Mochila-viajera-septiembre-2023-2-707x1024.jpeg 707w, https:\/\/www.mecerreyes.com\/mece\/wp-content\/uploads\/2023\/10\/Mecerreyes-Mochila-viajera-septiembre-2023-2-207x300.jpeg 207w, https:\/\/www.mecerreyes.com\/mece\/wp-content\/uploads\/2023\/10\/Mecerreyes-Mochila-viajera-septiembre-2023-2-768x1112.jpeg 768w, https:\/\/www.mecerreyes.com\/mece\/wp-content\/uploads\/2023\/10\/Mecerreyes-Mochila-viajera-septiembre-2023-2-1061x1536.jpeg 1061w, https:\/\/www.mecerreyes.com\/mece\/wp-content\/uploads\/2023\/10\/Mecerreyes-Mochila-viajera-septiembre-2023-2.jpeg 1080w\" sizes=\"(max-width: 707px) 100vw, 707px\" \/><\/a><\/figure><\/li><li class=\"blocks-gallery-item\"><figure><a  href=\"https:\/\/www.mecerreyes.com\/mece\/wp-content\/uploads\/2023\/10\/Mecerreyes-Mochila-viajera-septiembre-2023-3.jpeg\" class=\"thickbox no_icon\" title=\"\"><img loading=\"lazy\" decoding=\"async\" width=\"533\" height=\"1024\" src=\"https:\/\/www.mecerreyes.com\/mece\/wp-content\/uploads\/2023\/10\/Mecerreyes-Mochila-viajera-septiembre-2023-3-533x1024.jpeg\" alt=\"\" data-id=\"24284\" data-full-url=\"https:\/\/www.mecerreyes.com\/mece\/wp-content\/uploads\/2023\/10\/Mecerreyes-Mochila-viajera-septiembre-2023-3.jpeg\" data-link=\"https:\/\/www.mecerreyes.com\/mece\/?attachment_id=24284\" class=\"wp-image-24284\" srcset=\"https:\/\/www.mecerreyes.com\/mece\/wp-content\/uploads\/2023\/10\/Mecerreyes-Mochila-viajera-septiembre-2023-3-533x1024.jpeg 533w, https:\/\/www.mecerreyes.com\/mece\/wp-content\/uploads\/2023\/10\/Mecerreyes-Mochila-viajera-septiembre-2023-3-156x300.jpeg 156w, https:\/\/www.mecerreyes.com\/mece\/wp-content\/uploads\/2023\/10\/Mecerreyes-Mochila-viajera-septiembre-2023-3-768x1477.jpeg 768w, https:\/\/www.mecerreyes.com\/mece\/wp-content\/uploads\/2023\/10\/Mecerreyes-Mochila-viajera-septiembre-2023-3-799x1536.jpeg 799w, https:\/\/www.mecerreyes.com\/mece\/wp-content\/uploads\/2023\/10\/Mecerreyes-Mochila-viajera-septiembre-2023-3.jpeg 1065w\" sizes=\"(max-width: 533px) 100vw, 533px\" \/><\/a><\/figure><\/li><li class=\"blocks-gallery-item\"><figure><a  href=\"https:\/\/www.mecerreyes.com\/mece\/wp-content\/uploads\/2023\/10\/Mecerreyes-Mochila-viajera-septiembre-2023-4.jpeg\" class=\"thickbox no_icon\" title=\"\"><img loading=\"lazy\" decoding=\"async\" width=\"756\" height=\"1019\" src=\"https:\/\/www.mecerreyes.com\/mece\/wp-content\/uploads\/2023\/10\/Mecerreyes-Mochila-viajera-septiembre-2023-4.jpeg\" alt=\"\" data-id=\"24285\" data-full-url=\"https:\/\/www.mecerreyes.com\/mece\/wp-content\/uploads\/2023\/10\/Mecerreyes-Mochila-viajera-septiembre-2023-4.jpeg\" data-link=\"https:\/\/www.mecerreyes.com\/mece\/?attachment_id=24285\" class=\"wp-image-24285\" srcset=\"https:\/\/www.mecerreyes.com\/mece\/wp-content\/uploads\/2023\/10\/Mecerreyes-Mochila-viajera-septiembre-2023-4.jpeg 756w, https:\/\/www.mecerreyes.com\/mece\/wp-content\/uploads\/2023\/10\/Mecerreyes-Mochila-viajera-septiembre-2023-4-223x300.jpeg 223w\" sizes=\"(max-width: 756px) 100vw, 756px\" \/><\/a><\/figure><\/li><li class=\"blocks-gallery-item\"><figure><a  href=\"https:\/\/www.mecerreyes.com\/mece\/wp-content\/uploads\/2023\/10\/Mecerreyes-Mochila-viajera-septiembre-2023-5.jpeg\" class=\"thickbox no_icon\" title=\"\"><img loading=\"lazy\" decoding=\"async\" width=\"1024\" height=\"769\" src=\"https:\/\/www.mecerreyes.com\/mece\/wp-content\/uploads\/2023\/10\/Mecerreyes-Mochila-viajera-septiembre-2023-5-1024x769.jpeg\" alt=\"\" data-id=\"24286\" data-full-url=\"https:\/\/www.mecerreyes.com\/mece\/wp-content\/uploads\/2023\/10\/Mecerreyes-Mochila-viajera-septiembre-2023-5.jpeg\" data-link=\"https:\/\/www.mecerreyes.com\/mece\/?attachment_id=24286\" class=\"wp-image-24286\" srcset=\"https:\/\/www.mecerreyes.com\/mece\/wp-content\/uploads\/2023\/10\/Mecerreyes-Mochila-viajera-septiembre-2023-5-1024x769.jpeg 1024w, https:\/\/www.mecerreyes.com\/mece\/wp-content\/uploads\/2023\/10\/Mecerreyes-Mochila-viajera-septiembre-2023-5-300x225.jpeg 300w, https:\/\/www.mecerreyes.com\/mece\/wp-content\/uploads\/2023\/10\/Mecerreyes-Mochila-viajera-septiembre-2023-5-768x577.jpeg 768w, https:\/\/www.mecerreyes.com\/mece\/wp-content\/uploads\/2023\/10\/Mecerreyes-Mochila-viajera-septiembre-2023-5.jpeg 1080w\" sizes=\"(max-width: 1024px) 100vw, 1024px\" \/><\/a><\/figure><\/li><\/ul><\/figure>\n\n\n\n<div style=\"height:100px\" aria-hidden=\"true\" class=\"wp-block-spacer\"><\/div>\n\n\n\n<p style=\"font-size:22px\" class=\"has-background has-luminous-vivid-amber-background-color\"><strong>FRAGUA DEL SR. HILARIO<\/strong><\/p>\n\n\n\n<p>Una vez m\u00e1s, Josetxu Garbi nos acerca con este magn\u00edfico reportaje sobre la Fragua donde trabaj\u00f3 toda su vida el Sr. Hilario, a lo que podr\u00edamos denominar un museo, que al ser de \u00e1mbito privado era desconocido para el p\u00fablico. <\/p>\n\n\n\n<figure class=\"wp-block-gallery columns-2 is-cropped wp-block-gallery-8 is-layout-flex wp-block-gallery-is-layout-flex\"><ul class=\"blocks-gallery-grid\"><li class=\"blocks-gallery-item\"><figure><a  href=\"https:\/\/www.mecerreyes.com\/mece\/wp-content\/uploads\/2023\/10\/Mecerreyes-Fragua-Se\u00f1or-Hilario-1.jpg\" class=\"thickbox no_icon\" title=\"\"><img loading=\"lazy\" decoding=\"async\" width=\"425\" height=\"283\" src=\"https:\/\/www.mecerreyes.com\/mece\/wp-content\/uploads\/2023\/10\/Mecerreyes-Fragua-Se\u00f1or-Hilario-1.jpg\" alt=\"\" data-id=\"24309\" data-full-url=\"https:\/\/www.mecerreyes.com\/mece\/wp-content\/uploads\/2023\/10\/Mecerreyes-Fragua-Se\u00f1or-Hilario-1.jpg\" data-link=\"https:\/\/www.mecerreyes.com\/mece\/?attachment_id=24309\" class=\"wp-image-24309\" srcset=\"https:\/\/www.mecerreyes.com\/mece\/wp-content\/uploads\/2023\/10\/Mecerreyes-Fragua-Se\u00f1or-Hilario-1.jpg 425w, https:\/\/www.mecerreyes.com\/mece\/wp-content\/uploads\/2023\/10\/Mecerreyes-Fragua-Se\u00f1or-Hilario-1-300x200.jpg 300w\" sizes=\"(max-width: 425px) 100vw, 425px\" \/><\/a><\/figure><\/li><li class=\"blocks-gallery-item\"><figure><a  href=\"https:\/\/www.mecerreyes.com\/mece\/wp-content\/uploads\/2023\/10\/Mecerreyes-Fragua-Se\u00f1or-Hilario-2.jpg\" class=\"thickbox no_icon\" title=\"\"><img loading=\"lazy\" decoding=\"async\" width=\"425\" height=\"283\" src=\"https:\/\/www.mecerreyes.com\/mece\/wp-content\/uploads\/2023\/10\/Mecerreyes-Fragua-Se\u00f1or-Hilario-2.jpg\" alt=\"\" data-id=\"24310\" data-full-url=\"https:\/\/www.mecerreyes.com\/mece\/wp-content\/uploads\/2023\/10\/Mecerreyes-Fragua-Se\u00f1or-Hilario-2.jpg\" data-link=\"https:\/\/www.mecerreyes.com\/mece\/?attachment_id=24310\" class=\"wp-image-24310\" srcset=\"https:\/\/www.mecerreyes.com\/mece\/wp-content\/uploads\/2023\/10\/Mecerreyes-Fragua-Se\u00f1or-Hilario-2.jpg 425w, https:\/\/www.mecerreyes.com\/mece\/wp-content\/uploads\/2023\/10\/Mecerreyes-Fragua-Se\u00f1or-Hilario-2-300x200.jpg 300w\" sizes=\"(max-width: 425px) 100vw, 425px\" \/><\/a><\/figure><\/li><li class=\"blocks-gallery-item\"><figure><a  href=\"https:\/\/www.mecerreyes.com\/mece\/wp-content\/uploads\/2023\/10\/Mecerreyes-Fragua-Se\u00f1or-Hilario-3.jpg\" class=\"thickbox no_icon\" title=\"\"><img loading=\"lazy\" decoding=\"async\" width=\"425\" height=\"283\" src=\"https:\/\/www.mecerreyes.com\/mece\/wp-content\/uploads\/2023\/10\/Mecerreyes-Fragua-Se\u00f1or-Hilario-3.jpg\" alt=\"\" data-id=\"24311\" data-full-url=\"https:\/\/www.mecerreyes.com\/mece\/wp-content\/uploads\/2023\/10\/Mecerreyes-Fragua-Se\u00f1or-Hilario-3.jpg\" data-link=\"https:\/\/www.mecerreyes.com\/mece\/?attachment_id=24311\" class=\"wp-image-24311\" srcset=\"https:\/\/www.mecerreyes.com\/mece\/wp-content\/uploads\/2023\/10\/Mecerreyes-Fragua-Se\u00f1or-Hilario-3.jpg 425w, https:\/\/www.mecerreyes.com\/mece\/wp-content\/uploads\/2023\/10\/Mecerreyes-Fragua-Se\u00f1or-Hilario-3-300x200.jpg 300w\" sizes=\"(max-width: 425px) 100vw, 425px\" \/><\/a><\/figure><\/li><li class=\"blocks-gallery-item\"><figure><a  href=\"https:\/\/www.mecerreyes.com\/mece\/wp-content\/uploads\/2023\/10\/Mecerreyes-Fragua-Se\u00f1or-Hilario-4.jpg\" class=\"thickbox no_icon\" title=\"\"><img loading=\"lazy\" decoding=\"async\" width=\"425\" height=\"283\" src=\"https:\/\/www.mecerreyes.com\/mece\/wp-content\/uploads\/2023\/10\/Mecerreyes-Fragua-Se\u00f1or-Hilario-4.jpg\" alt=\"\" data-id=\"24312\" data-full-url=\"https:\/\/www.mecerreyes.com\/mece\/wp-content\/uploads\/2023\/10\/Mecerreyes-Fragua-Se\u00f1or-Hilario-4.jpg\" data-link=\"https:\/\/www.mecerreyes.com\/mece\/?attachment_id=24312\" class=\"wp-image-24312\" srcset=\"https:\/\/www.mecerreyes.com\/mece\/wp-content\/uploads\/2023\/10\/Mecerreyes-Fragua-Se\u00f1or-Hilario-4.jpg 425w, https:\/\/www.mecerreyes.com\/mece\/wp-content\/uploads\/2023\/10\/Mecerreyes-Fragua-Se\u00f1or-Hilario-4-300x200.jpg 300w\" sizes=\"(max-width: 425px) 100vw, 425px\" \/><\/a><\/figure><\/li><li class=\"blocks-gallery-item\"><figure><a  href=\"https:\/\/www.mecerreyes.com\/mece\/wp-content\/uploads\/2023\/10\/Mecerreyes-Fragua-Se\u00f1or-Hilario-5.jpg\" class=\"thickbox no_icon\" title=\"\"><img loading=\"lazy\" decoding=\"async\" width=\"425\" height=\"283\" src=\"https:\/\/www.mecerreyes.com\/mece\/wp-content\/uploads\/2023\/10\/Mecerreyes-Fragua-Se\u00f1or-Hilario-5.jpg\" alt=\"\" data-id=\"24313\" data-full-url=\"https:\/\/www.mecerreyes.com\/mece\/wp-content\/uploads\/2023\/10\/Mecerreyes-Fragua-Se\u00f1or-Hilario-5.jpg\" data-link=\"https:\/\/www.mecerreyes.com\/mece\/?attachment_id=24313\" class=\"wp-image-24313\" srcset=\"https:\/\/www.mecerreyes.com\/mece\/wp-content\/uploads\/2023\/10\/Mecerreyes-Fragua-Se\u00f1or-Hilario-5.jpg 425w, https:\/\/www.mecerreyes.com\/mece\/wp-content\/uploads\/2023\/10\/Mecerreyes-Fragua-Se\u00f1or-Hilario-5-300x200.jpg 300w\" sizes=\"(max-width: 425px) 100vw, 425px\" \/><\/a><\/figure><\/li><li class=\"blocks-gallery-item\"><figure><a  href=\"https:\/\/www.mecerreyes.com\/mece\/wp-content\/uploads\/2023\/10\/Mecerreyes-Fragua-Se\u00f1or-Hilario-6.jpg\" class=\"thickbox no_icon\" title=\"\"><img loading=\"lazy\" decoding=\"async\" width=\"425\" height=\"283\" src=\"https:\/\/www.mecerreyes.com\/mece\/wp-content\/uploads\/2023\/10\/Mecerreyes-Fragua-Se\u00f1or-Hilario-6.jpg\" alt=\"\" data-id=\"24314\" data-full-url=\"https:\/\/www.mecerreyes.com\/mece\/wp-content\/uploads\/2023\/10\/Mecerreyes-Fragua-Se\u00f1or-Hilario-6.jpg\" data-link=\"https:\/\/www.mecerreyes.com\/mece\/?attachment_id=24314\" class=\"wp-image-24314\" srcset=\"https:\/\/www.mecerreyes.com\/mece\/wp-content\/uploads\/2023\/10\/Mecerreyes-Fragua-Se\u00f1or-Hilario-6.jpg 425w, https:\/\/www.mecerreyes.com\/mece\/wp-content\/uploads\/2023\/10\/Mecerreyes-Fragua-Se\u00f1or-Hilario-6-300x200.jpg 300w\" sizes=\"(max-width: 425px) 100vw, 425px\" \/><\/a><\/figure><\/li><li class=\"blocks-gallery-item\"><figure><a  href=\"https:\/\/www.mecerreyes.com\/mece\/wp-content\/uploads\/2023\/10\/Mecerreyes-Fragua-Se\u00f1or-Hilario-7.jpg\" class=\"thickbox no_icon\" title=\"\"><img loading=\"lazy\" decoding=\"async\" width=\"425\" height=\"283\" src=\"https:\/\/www.mecerreyes.com\/mece\/wp-content\/uploads\/2023\/10\/Mecerreyes-Fragua-Se\u00f1or-Hilario-7.jpg\" alt=\"\" data-id=\"24315\" data-full-url=\"https:\/\/www.mecerreyes.com\/mece\/wp-content\/uploads\/2023\/10\/Mecerreyes-Fragua-Se\u00f1or-Hilario-7.jpg\" data-link=\"https:\/\/www.mecerreyes.com\/mece\/?attachment_id=24315\" class=\"wp-image-24315\" srcset=\"https:\/\/www.mecerreyes.com\/mece\/wp-content\/uploads\/2023\/10\/Mecerreyes-Fragua-Se\u00f1or-Hilario-7.jpg 425w, https:\/\/www.mecerreyes.com\/mece\/wp-content\/uploads\/2023\/10\/Mecerreyes-Fragua-Se\u00f1or-Hilario-7-300x200.jpg 300w\" sizes=\"(max-width: 425px) 100vw, 425px\" \/><\/a><\/figure><\/li><li class=\"blocks-gallery-item\"><figure><a  href=\"https:\/\/www.mecerreyes.com\/mece\/wp-content\/uploads\/2023\/10\/Mecerreyes-Fragua-Se\u00f1or-Hilario-8.jpg\" class=\"thickbox no_icon\" title=\"\"><img loading=\"lazy\" decoding=\"async\" width=\"425\" height=\"283\" src=\"https:\/\/www.mecerreyes.com\/mece\/wp-content\/uploads\/2023\/10\/Mecerreyes-Fragua-Se\u00f1or-Hilario-8.jpg\" alt=\"\" data-id=\"24316\" data-full-url=\"https:\/\/www.mecerreyes.com\/mece\/wp-content\/uploads\/2023\/10\/Mecerreyes-Fragua-Se\u00f1or-Hilario-8.jpg\" data-link=\"https:\/\/www.mecerreyes.com\/mece\/?attachment_id=24316\" class=\"wp-image-24316\" srcset=\"https:\/\/www.mecerreyes.com\/mece\/wp-content\/uploads\/2023\/10\/Mecerreyes-Fragua-Se\u00f1or-Hilario-8.jpg 425w, https:\/\/www.mecerreyes.com\/mece\/wp-content\/uploads\/2023\/10\/Mecerreyes-Fragua-Se\u00f1or-Hilario-8-300x200.jpg 300w\" sizes=\"(max-width: 425px) 100vw, 425px\" \/><\/a><\/figure><\/li><li class=\"blocks-gallery-item\"><figure><a  href=\"https:\/\/www.mecerreyes.com\/mece\/wp-content\/uploads\/2023\/10\/Mecerreyes-Fragua-Se\u00f1or-Hilario-9.jpg\" class=\"thickbox no_icon\" title=\"\"><img loading=\"lazy\" decoding=\"async\" width=\"425\" height=\"269\" src=\"https:\/\/www.mecerreyes.com\/mece\/wp-content\/uploads\/2023\/10\/Mecerreyes-Fragua-Se\u00f1or-Hilario-9.jpg\" alt=\"\" data-id=\"24317\" data-full-url=\"https:\/\/www.mecerreyes.com\/mece\/wp-content\/uploads\/2023\/10\/Mecerreyes-Fragua-Se\u00f1or-Hilario-9.jpg\" data-link=\"https:\/\/www.mecerreyes.com\/mece\/?attachment_id=24317\" class=\"wp-image-24317\" srcset=\"https:\/\/www.mecerreyes.com\/mece\/wp-content\/uploads\/2023\/10\/Mecerreyes-Fragua-Se\u00f1or-Hilario-9.jpg 425w, https:\/\/www.mecerreyes.com\/mece\/wp-content\/uploads\/2023\/10\/Mecerreyes-Fragua-Se\u00f1or-Hilario-9-300x190.jpg 300w\" sizes=\"(max-width: 425px) 100vw, 425px\" \/><\/a><\/figure><\/li><li class=\"blocks-gallery-item\"><figure><a  href=\"https:\/\/www.mecerreyes.com\/mece\/wp-content\/uploads\/2023\/10\/Mecerreyes-Fragua-Se\u00f1or-Hilario-10.jpg\" class=\"thickbox no_icon\" title=\"\"><img loading=\"lazy\" decoding=\"async\" width=\"425\" height=\"283\" src=\"https:\/\/www.mecerreyes.com\/mece\/wp-content\/uploads\/2023\/10\/Mecerreyes-Fragua-Se\u00f1or-Hilario-10.jpg\" alt=\"\" data-id=\"24318\" data-full-url=\"https:\/\/www.mecerreyes.com\/mece\/wp-content\/uploads\/2023\/10\/Mecerreyes-Fragua-Se\u00f1or-Hilario-10.jpg\" data-link=\"https:\/\/www.mecerreyes.com\/mece\/?attachment_id=24318\" class=\"wp-image-24318\" srcset=\"https:\/\/www.mecerreyes.com\/mece\/wp-content\/uploads\/2023\/10\/Mecerreyes-Fragua-Se\u00f1or-Hilario-10.jpg 425w, https:\/\/www.mecerreyes.com\/mece\/wp-content\/uploads\/2023\/10\/Mecerreyes-Fragua-Se\u00f1or-Hilario-10-300x200.jpg 300w\" sizes=\"(max-width: 425px) 100vw, 425px\" \/><\/a><\/figure><\/li><li class=\"blocks-gallery-item\"><figure><a  href=\"https:\/\/www.mecerreyes.com\/mece\/wp-content\/uploads\/2023\/10\/Mecerreyes-Fragua-Se\u00f1or-Hilario-11.jpg\" class=\"thickbox no_icon\" title=\"\"><img loading=\"lazy\" decoding=\"async\" width=\"425\" height=\"283\" src=\"https:\/\/www.mecerreyes.com\/mece\/wp-content\/uploads\/2023\/10\/Mecerreyes-Fragua-Se\u00f1or-Hilario-11.jpg\" alt=\"\" data-id=\"24308\" data-full-url=\"https:\/\/www.mecerreyes.com\/mece\/wp-content\/uploads\/2023\/10\/Mecerreyes-Fragua-Se\u00f1or-Hilario-11.jpg\" data-link=\"https:\/\/www.mecerreyes.com\/mece\/?attachment_id=24308\" class=\"wp-image-24308\" srcset=\"https:\/\/www.mecerreyes.com\/mece\/wp-content\/uploads\/2023\/10\/Mecerreyes-Fragua-Se\u00f1or-Hilario-11.jpg 425w, https:\/\/www.mecerreyes.com\/mece\/wp-content\/uploads\/2023\/10\/Mecerreyes-Fragua-Se\u00f1or-Hilario-11-300x200.jpg 300w\" sizes=\"(max-width: 425px) 100vw, 425px\" \/><\/a><\/figure><\/li><\/ul><\/figure>\n\n\n\n<div style=\"height:100px\" aria-hidden=\"true\" class=\"wp-block-spacer\"><\/div>\n\n\n\n<p style=\"font-size:22px\" class=\"has-background has-luminous-vivid-amber-background-color\"><strong>CONCURSO DE FOTOGRAF\u00cdA<\/strong><\/p>\n\n\n\n<p>Una revista de Beasain ha organizado un concurso de fotos de verano.<\/p>\n\n\n\n<p>Ainhoa Egurbide present\u00f3 una preciosa fotograf\u00eda de los campos de lavanda guiletos y ha tenido el honor de su publicaci\u00f3n. <\/p>\n\n\n\n<figure class=\"wp-block-gallery columns-1 is-cropped wp-block-gallery-9 is-layout-flex wp-block-gallery-is-layout-flex\"><ul class=\"blocks-gallery-grid\"><li class=\"blocks-gallery-item\"><figure><a  href=\"https:\/\/www.mecerreyes.com\/mece\/wp-content\/uploads\/2023\/10\/Concurso-de-fotos-revista-HITZA-lavanda-Mecerreyes.jpeg\" class=\"thickbox no_icon\" title=\"\"><img loading=\"lazy\" decoding=\"async\" width=\"750\" height=\"1024\" src=\"https:\/\/www.mecerreyes.com\/mece\/wp-content\/uploads\/2023\/10\/Concurso-de-fotos-revista-HITZA-lavanda-Mecerreyes-750x1024.jpeg\" alt=\"\" data-id=\"24337\" data-full-url=\"https:\/\/www.mecerreyes.com\/mece\/wp-content\/uploads\/2023\/10\/Concurso-de-fotos-revista-HITZA-lavanda-Mecerreyes.jpeg\" data-link=\"https:\/\/www.mecerreyes.com\/mece\/?attachment_id=24337\" class=\"wp-image-24337\" srcset=\"https:\/\/www.mecerreyes.com\/mece\/wp-content\/uploads\/2023\/10\/Concurso-de-fotos-revista-HITZA-lavanda-Mecerreyes-750x1024.jpeg 750w, https:\/\/www.mecerreyes.com\/mece\/wp-content\/uploads\/2023\/10\/Concurso-de-fotos-revista-HITZA-lavanda-Mecerreyes-220x300.jpeg 220w, https:\/\/www.mecerreyes.com\/mece\/wp-content\/uploads\/2023\/10\/Concurso-de-fotos-revista-HITZA-lavanda-Mecerreyes-768x1048.jpeg 768w, https:\/\/www.mecerreyes.com\/mece\/wp-content\/uploads\/2023\/10\/Concurso-de-fotos-revista-HITZA-lavanda-Mecerreyes.jpeg 1063w\" sizes=\"(max-width: 750px) 100vw, 750px\" \/><\/a><\/figure><\/li><\/ul><figcaption class=\"blocks-gallery-caption\">TRADUCCI\u00d3N: imagen \u00abReuni\u00f3n de lavanda\u00bb sacada por Ainhoa Egurbide en el pueblo Mecerreyes de Burgos<\/figcaption><\/figure>\n\n\n\n<div style=\"height:100px\" aria-hidden=\"true\" class=\"wp-block-spacer\"><\/div>\n\n\n\n<p style=\"font-size:22px\" class=\"has-background has-luminous-vivid-amber-background-color\"><strong>NACIMIENTOS<\/strong><\/p>\n\n\n\n<p><strong>JORGE PINO MART\u00cdNEZ<\/strong>, naci\u00f3 el 4 de septiembre en Burgos, es el primer hijo de Manuel Pino Cuevas y Lorena Mart\u00ednez, sus abuelos Servando Pino y Milagros Cuevas y los bisabuelos Eugenio y Amparo comparten su felicidad con nosotros. Enhorabuena familia, pronto veremos correr a Jorge por las calles de Mecerreyes.<\/p>\n\n\n\n<figure class=\"wp-block-image size-large is-style-rounded\"><img loading=\"lazy\" decoding=\"async\" width=\"603\" height=\"70\" src=\"https:\/\/www.mecerreyes.com\/mece\/wp-content\/uploads\/2023\/10\/fenefa.jpg\" alt=\"\" class=\"wp-image-24323\" srcset=\"https:\/\/www.mecerreyes.com\/mece\/wp-content\/uploads\/2023\/10\/fenefa.jpg 603w, https:\/\/www.mecerreyes.com\/mece\/wp-content\/uploads\/2023\/10\/fenefa-300x35.jpg 300w\" sizes=\"(max-width: 603px) 100vw, 603px\" \/><\/figure>\n\n\n\n<div style=\"height:43px\" aria-hidden=\"true\" class=\"wp-block-spacer\"><\/div>\n\n\n\n<p><strong>DAVID CANO BARCINA<\/strong>. Naci\u00f3 en Santander el 27 de septiembre, es hijo de Jos\u00e9 Manuel Cano Lozano y Vanesa Barcina.<\/p>\n\n\n\n<p>Sus pap\u00e1s, los abuelos Juana Lozano y Jos\u00e9 Manuel Cano (+) y el Bisabuelo Francisco Lozano&nbsp; comparten esta gran noticia y su alegr\u00eda con nosotros. Felicitaciones a la familia. <\/p>\n\n\n\n<figure class=\"wp-block-image size-large\"><img loading=\"lazy\" decoding=\"async\" width=\"825\" height=\"1024\" src=\"https:\/\/www.mecerreyes.com\/mece\/wp-content\/uploads\/2023\/10\/Nacimiento-de-David-Cano-Barcina-825x1024.jpg\" alt=\"\" class=\"wp-image-24322\" srcset=\"https:\/\/www.mecerreyes.com\/mece\/wp-content\/uploads\/2023\/10\/Nacimiento-de-David-Cano-Barcina-825x1024.jpg 825w, https:\/\/www.mecerreyes.com\/mece\/wp-content\/uploads\/2023\/10\/Nacimiento-de-David-Cano-Barcina-242x300.jpg 242w, https:\/\/www.mecerreyes.com\/mece\/wp-content\/uploads\/2023\/10\/Nacimiento-de-David-Cano-Barcina-768x954.jpg 768w, https:\/\/www.mecerreyes.com\/mece\/wp-content\/uploads\/2023\/10\/Nacimiento-de-David-Cano-Barcina-1237x1536.jpg 1237w, https:\/\/www.mecerreyes.com\/mece\/wp-content\/uploads\/2023\/10\/Nacimiento-de-David-Cano-Barcina-1080x1341.jpg 1080w, https:\/\/www.mecerreyes.com\/mece\/wp-content\/uploads\/2023\/10\/Nacimiento-de-David-Cano-Barcina.jpg 1638w\" sizes=\"(max-width: 825px) 100vw, 825px\" \/><\/figure>\n\n\n\n<div style=\"height:50px\" aria-hidden=\"true\" class=\"wp-block-spacer\"><\/div>\n\n\n\n<p style=\"font-size:22px\" class=\"has-background has-luminous-vivid-amber-background-color\"><strong>HACE M\u00c1S DE UN SIGLO<\/strong><\/p>\n\n\n\n<p>Salvador Santamar\u00eda nos trae este mes una curiosa noticia publicada en 1866. <\/p>\n\n\n\n<p><span style=\"color:#860b19\" class=\"has-inline-color\">Traemos este mes un recorte del Bolet\u00edn Oficial de la provincia de Burgos del 12 de julio de 1866. En \u00e9l se emite una orden de b\u00fasqueda y captura para dos personas, de las cuales una es natural de Mecerreyes. Parece que est\u00e1n procesados por falsificaci\u00f3n de partidas de bautismo, presumiblemente las de ellos, puesto que son dos las partidas falsificadas. No se me ocurre para que se puede falsificar una partida de bautismo, pero resulta llamativo que sean una pareja de hombre y mujer y que mientras el hombre es soltero, la mujer estaba casada. Parece un poco extra\u00f1o que el marido no este tambi\u00e9n metido en el asunto. De la misma forma que la profesi\u00f3n de la mujer es poco habitual, pues en aquella \u00e9poca, en la mayor\u00eda de documentos que he le\u00eddo (partidas de bautismo, testamentos etc.), la profesi\u00f3n de la mujer siempre aparece como \u201cactividades propias de su sexo\u201d, lo que m\u00e1s tarde se conoc\u00eda como \u201csus labores\u201d, sobre todo si estaba casada. De cualquier manera, \u00bfqui\u00e9n sabe?<\/span><\/p>\n\n\n\n<p>Salvador Santamaria<\/p>\n\n\n\n<p class=\"has-small-font-size\"><em>(Nota: todo lo escrito es solamente mi opini\u00f3n, que someto a la de cualquiera que tenga mejor conocimiento que yo sobre este tema)<\/em><\/p>\n\n\n\n<figure class=\"wp-block-image size-large\"><img loading=\"lazy\" decoding=\"async\" width=\"609\" height=\"285\" src=\"https:\/\/www.mecerreyes.com\/mece\/wp-content\/uploads\/2023\/10\/1866-07-12-Boletin-Oficial.jpg\" alt=\"\" class=\"wp-image-24321\" srcset=\"https:\/\/www.mecerreyes.com\/mece\/wp-content\/uploads\/2023\/10\/1866-07-12-Boletin-Oficial.jpg 609w, https:\/\/www.mecerreyes.com\/mece\/wp-content\/uploads\/2023\/10\/1866-07-12-Boletin-Oficial-300x140.jpg 300w\" sizes=\"(max-width: 609px) 100vw, 609px\" \/><\/figure>\n\n\n\n<figure class=\"wp-block-gallery columns-1 is-cropped wp-block-gallery-10 is-layout-flex wp-block-gallery-is-layout-flex\"><ul class=\"blocks-gallery-grid\"><li class=\"blocks-gallery-item\"><figure><a  href=\"https:\/\/www.mecerreyes.com\/mece\/wp-content\/uploads\/2023\/10\/1866-07-12-orden-busqueda.png\" class=\"thickbox no_icon\" title=\"\"><img loading=\"lazy\" decoding=\"async\" width=\"189\" height=\"550\" src=\"https:\/\/www.mecerreyes.com\/mece\/wp-content\/uploads\/2023\/10\/1866-07-12-orden-busqueda.png\" alt=\"\" data-id=\"24288\" data-full-url=\"https:\/\/www.mecerreyes.com\/mece\/wp-content\/uploads\/2023\/10\/1866-07-12-orden-busqueda.png\" data-link=\"https:\/\/www.mecerreyes.com\/mece\/?attachment_id=24288\" class=\"wp-image-24288\" srcset=\"https:\/\/www.mecerreyes.com\/mece\/wp-content\/uploads\/2023\/10\/1866-07-12-orden-busqueda.png 189w, https:\/\/www.mecerreyes.com\/mece\/wp-content\/uploads\/2023\/10\/1866-07-12-orden-busqueda-103x300.png 103w\" sizes=\"(max-width: 189px) 100vw, 189px\" \/><\/a><\/figure><\/li><\/ul><\/figure>\n\n\n\n<div style=\"height:57px\" aria-hidden=\"true\" class=\"wp-block-spacer\"><\/div>\n\n\n\n<p style=\"font-size:22px\" class=\"has-background has-luminous-vivid-amber-background-color\"><strong>CARLOS ALONSO N\u00da\u00d1EZ<\/strong><\/p>\n\n\n\n<p>Despu\u00e9s de una emotiva despedida en la <a  href=\"https:\/\/www.mecerreyes.com\/mece\/?page_id=35\">parroquia<\/a> de San Jos\u00e9 Obrero, en la que desde 2006 ha estado sirviendo a Dios y a la comunidad, las parroquias de San Gil y San Lorenzo dieron la bienvenida a nuestro querido Carlos en su toma de posesi\u00f3n como p\u00e1rroco el pasado 10 de septiembre.<\/p>\n\n\n\n<p>Deseamos que este nuevo destino le siga permitiendo visitarnos y compartir eucarist\u00edas en la iglesia de Mecerreyes en la que fue tan feliz durante diez a\u00f1os.<\/p>\n\n\n\n<figure class=\"wp-block-gallery columns-1 is-cropped wp-block-gallery-11 is-layout-flex wp-block-gallery-is-layout-flex\"><ul class=\"blocks-gallery-grid\"><li class=\"blocks-gallery-item\"><figure><a  href=\"https:\/\/www.mecerreyes.com\/mece\/wp-content\/uploads\/2023\/10\/Despedida-de-Don-Carlos-2023.jpg\" class=\"thickbox no_icon\" title=\"\"><img loading=\"lazy\" decoding=\"async\" width=\"940\" height=\"788\" src=\"https:\/\/www.mecerreyes.com\/mece\/wp-content\/uploads\/2023\/10\/Despedida-de-Don-Carlos-2023.jpg\" alt=\"\" data-id=\"24325\" data-full-url=\"https:\/\/www.mecerreyes.com\/mece\/wp-content\/uploads\/2023\/10\/Despedida-de-Don-Carlos-2023.jpg\" data-link=\"https:\/\/www.mecerreyes.com\/mece\/?attachment_id=24325\" class=\"wp-image-24325\" srcset=\"https:\/\/www.mecerreyes.com\/mece\/wp-content\/uploads\/2023\/10\/Despedida-de-Don-Carlos-2023.jpg 940w, https:\/\/www.mecerreyes.com\/mece\/wp-content\/uploads\/2023\/10\/Despedida-de-Don-Carlos-2023-300x251.jpg 300w, https:\/\/www.mecerreyes.com\/mece\/wp-content\/uploads\/2023\/10\/Despedida-de-Don-Carlos-2023-768x644.jpg 768w\" sizes=\"(max-width: 940px) 100vw, 940px\" \/><\/a><\/figure><\/li><li class=\"blocks-gallery-item\"><figure><a  href=\"https:\/\/www.mecerreyes.com\/mece\/wp-content\/uploads\/2023\/10\/Toma-de-posesi\u00f3n-de-Don-Carlos-2023.jpg\" class=\"thickbox no_icon\" title=\"\"><img loading=\"lazy\" decoding=\"async\" width=\"819\" height=\"1024\" src=\"https:\/\/www.mecerreyes.com\/mece\/wp-content\/uploads\/2023\/10\/Toma-de-posesi\u00f3n-de-Don-Carlos-2023-819x1024.jpg\" alt=\"\" data-id=\"24324\" data-full-url=\"https:\/\/www.mecerreyes.com\/mece\/wp-content\/uploads\/2023\/10\/Toma-de-posesi\u00f3n-de-Don-Carlos-2023.jpg\" data-link=\"https:\/\/www.mecerreyes.com\/mece\/?attachment_id=24324\" class=\"wp-image-24324\" srcset=\"https:\/\/www.mecerreyes.com\/mece\/wp-content\/uploads\/2023\/10\/Toma-de-posesi\u00f3n-de-Don-Carlos-2023-819x1024.jpg 819w, https:\/\/www.mecerreyes.com\/mece\/wp-content\/uploads\/2023\/10\/Toma-de-posesi\u00f3n-de-Don-Carlos-2023-240x300.jpg 240w, https:\/\/www.mecerreyes.com\/mece\/wp-content\/uploads\/2023\/10\/Toma-de-posesi\u00f3n-de-Don-Carlos-2023-768x960.jpg 768w, https:\/\/www.mecerreyes.com\/mece\/wp-content\/uploads\/2023\/10\/Toma-de-posesi\u00f3n-de-Don-Carlos-2023-1229x1536.jpg 1229w, https:\/\/www.mecerreyes.com\/mece\/wp-content\/uploads\/2023\/10\/Toma-de-posesi\u00f3n-de-Don-Carlos-2023-1080x1350.jpg 1080w, https:\/\/www.mecerreyes.com\/mece\/wp-content\/uploads\/2023\/10\/Toma-de-posesi\u00f3n-de-Don-Carlos-2023.jpg 1440w\" sizes=\"(max-width: 819px) 100vw, 819px\" \/><\/a><\/figure><\/li><\/ul><\/figure>\n\n\n\n<div style=\"height:100px\" aria-hidden=\"true\" class=\"wp-block-spacer\"><\/div>\n\n\n\n<p style=\"font-size:22px\" class=\"has-background has-luminous-vivid-amber-background-color\"><strong>PONENTES EN LA UNIVERSIDAD DE BURGOS<\/strong><\/p>\n\n\n\n<p><strong>SILVIA GONZ\u00c1LEZ D\u00cdEZ, <\/strong>&nbsp;&nbsp;presidenta de ADBU (DISLEXIA BURGOS), particip\u00f3 como ponente de la charla relacionada con el Proyecto de Aprendizaje por <a  href=\"https:\/\/www.mecerreyes.com\/mece\/?page_id=41\">Servicios<\/a> \u201cLeo y aprendo\u201d en el Grado de Educaci\u00f3n Primaria de la Facultad de Educaci\u00f3n de la Universidad de Burgos el pasado 25 de septiembre. <\/p>\n\n\n\n<figure class=\"wp-block-gallery columns-1 is-cropped wp-block-gallery-12 is-layout-flex wp-block-gallery-is-layout-flex\"><ul class=\"blocks-gallery-grid\"><li class=\"blocks-gallery-item\"><figure><img loading=\"lazy\" decoding=\"async\" width=\"1024\" height=\"576\" src=\"https:\/\/www.mecerreyes.com\/mece\/wp-content\/uploads\/2023\/10\/SILVIA-GONZ\u00c1LEZ-D\u00cdEZ-presidenta-de-ADBU-DISLEXIA-BURGOS-1024x576.jpg\" alt=\"\" data-id=\"24328\" data-full-url=\"https:\/\/www.mecerreyes.com\/mece\/wp-content\/uploads\/2023\/10\/SILVIA-GONZ\u00c1LEZ-D\u00cdEZ-presidenta-de-ADBU-DISLEXIA-BURGOS.jpg\" data-link=\"https:\/\/www.mecerreyes.com\/mece\/?attachment_id=24328\" class=\"wp-image-24328\" srcset=\"https:\/\/www.mecerreyes.com\/mece\/wp-content\/uploads\/2023\/10\/SILVIA-GONZ\u00c1LEZ-D\u00cdEZ-presidenta-de-ADBU-DISLEXIA-BURGOS-1024x576.jpg 1024w, https:\/\/www.mecerreyes.com\/mece\/wp-content\/uploads\/2023\/10\/SILVIA-GONZ\u00c1LEZ-D\u00cdEZ-presidenta-de-ADBU-DISLEXIA-BURGOS-300x169.jpg 300w, https:\/\/www.mecerreyes.com\/mece\/wp-content\/uploads\/2023\/10\/SILVIA-GONZ\u00c1LEZ-D\u00cdEZ-presidenta-de-ADBU-DISLEXIA-BURGOS-768x432.jpg 768w, https:\/\/www.mecerreyes.com\/mece\/wp-content\/uploads\/2023\/10\/SILVIA-GONZ\u00c1LEZ-D\u00cdEZ-presidenta-de-ADBU-DISLEXIA-BURGOS-1536x864.jpg 1536w, https:\/\/www.mecerreyes.com\/mece\/wp-content\/uploads\/2023\/10\/SILVIA-GONZ\u00c1LEZ-D\u00cdEZ-presidenta-de-ADBU-DISLEXIA-BURGOS-1080x608.jpg 1080w, https:\/\/www.mecerreyes.com\/mece\/wp-content\/uploads\/2023\/10\/SILVIA-GONZ\u00c1LEZ-D\u00cdEZ-presidenta-de-ADBU-DISLEXIA-BURGOS.jpg 2048w\" sizes=\"(max-width: 1024px) 100vw, 1024px\" \/><\/figure><\/li><\/ul><\/figure>\n\n\n\n<div style=\"height:40px\" aria-hidden=\"true\" class=\"wp-block-spacer\"><\/div>\n\n\n\n<p><strong>IV\u00c1N SANTAMAR\u00cdA PORTAL,<\/strong> Educador Social y Psic\u00f3logo Sanitario, especialista en Terapias Contextuales, al frente del Servicio de Salud Joven del <a  href=\"https:\/\/www.mecerreyes.com\/mece\/?page_id=24\">Ayuntamiento<\/a> de Burgos, realiz\u00f3 una ponencia sobre Salud Mental a los alumnos del reci\u00e9n estrenado Grado de Psicolog\u00eda de la Universidad de Burgos el pasado 3 de octubre. <\/p>\n\n\n\n<figure class=\"wp-block-gallery columns-2 is-cropped wp-block-gallery-13 is-layout-flex wp-block-gallery-is-layout-flex\"><ul class=\"blocks-gallery-grid\"><li class=\"blocks-gallery-item\"><figure><a  href=\"https:\/\/www.mecerreyes.com\/mece\/wp-content\/uploads\/2023\/10\/IV\u00c1N-SANTAMAR\u00cdA-PORTAL-Educador-Social-y-Psic\u00f3logo-Sanitario-1.jpeg\" class=\"thickbox no_icon\" title=\"\"><img loading=\"lazy\" decoding=\"async\" width=\"631\" height=\"1024\" src=\"https:\/\/www.mecerreyes.com\/mece\/wp-content\/uploads\/2023\/10\/IV\u00c1N-SANTAMAR\u00cdA-PORTAL-Educador-Social-y-Psic\u00f3logo-Sanitario-1-631x1024.jpeg\" alt=\"\" data-id=\"24326\" data-full-url=\"https:\/\/www.mecerreyes.com\/mece\/wp-content\/uploads\/2023\/10\/IV\u00c1N-SANTAMAR\u00cdA-PORTAL-Educador-Social-y-Psic\u00f3logo-Sanitario-1.jpeg\" data-link=\"https:\/\/www.mecerreyes.com\/mece\/?attachment_id=24326\" class=\"wp-image-24326\" srcset=\"https:\/\/www.mecerreyes.com\/mece\/wp-content\/uploads\/2023\/10\/IV\u00c1N-SANTAMAR\u00cdA-PORTAL-Educador-Social-y-Psic\u00f3logo-Sanitario-1-631x1024.jpeg 631w, https:\/\/www.mecerreyes.com\/mece\/wp-content\/uploads\/2023\/10\/IV\u00c1N-SANTAMAR\u00cdA-PORTAL-Educador-Social-y-Psic\u00f3logo-Sanitario-1-185x300.jpeg 185w, https:\/\/www.mecerreyes.com\/mece\/wp-content\/uploads\/2023\/10\/IV\u00c1N-SANTAMAR\u00cdA-PORTAL-Educador-Social-y-Psic\u00f3logo-Sanitario-1-768x1245.jpeg 768w, https:\/\/www.mecerreyes.com\/mece\/wp-content\/uploads\/2023\/10\/IV\u00c1N-SANTAMAR\u00cdA-PORTAL-Educador-Social-y-Psic\u00f3logo-Sanitario-1-947x1536.jpeg 947w, https:\/\/www.mecerreyes.com\/mece\/wp-content\/uploads\/2023\/10\/IV\u00c1N-SANTAMAR\u00cdA-PORTAL-Educador-Social-y-Psic\u00f3logo-Sanitario-1.jpeg 1015w\" sizes=\"(max-width: 631px) 100vw, 631px\" \/><\/a><\/figure><\/li><li class=\"blocks-gallery-item\"><figure><a  href=\"https:\/\/www.mecerreyes.com\/mece\/wp-content\/uploads\/2023\/10\/IV\u00c1N-SANTAMAR\u00cdA-PORTAL-Educador-Social-y-Psic\u00f3logo-Sanitario-2.jpeg\" class=\"thickbox no_icon\" title=\"\"><img loading=\"lazy\" decoding=\"async\" width=\"689\" height=\"1024\" src=\"https:\/\/www.mecerreyes.com\/mece\/wp-content\/uploads\/2023\/10\/IV\u00c1N-SANTAMAR\u00cdA-PORTAL-Educador-Social-y-Psic\u00f3logo-Sanitario-2-689x1024.jpeg\" alt=\"\" data-id=\"24327\" data-full-url=\"https:\/\/www.mecerreyes.com\/mece\/wp-content\/uploads\/2023\/10\/IV\u00c1N-SANTAMAR\u00cdA-PORTAL-Educador-Social-y-Psic\u00f3logo-Sanitario-2.jpeg\" data-link=\"https:\/\/www.mecerreyes.com\/mece\/?attachment_id=24327\" class=\"wp-image-24327\" srcset=\"https:\/\/www.mecerreyes.com\/mece\/wp-content\/uploads\/2023\/10\/IV\u00c1N-SANTAMAR\u00cdA-PORTAL-Educador-Social-y-Psic\u00f3logo-Sanitario-2-689x1024.jpeg 689w, https:\/\/www.mecerreyes.com\/mece\/wp-content\/uploads\/2023\/10\/IV\u00c1N-SANTAMAR\u00cdA-PORTAL-Educador-Social-y-Psic\u00f3logo-Sanitario-2-202x300.jpeg 202w, https:\/\/www.mecerreyes.com\/mece\/wp-content\/uploads\/2023\/10\/IV\u00c1N-SANTAMAR\u00cdA-PORTAL-Educador-Social-y-Psic\u00f3logo-Sanitario-2-768x1142.jpeg 768w, https:\/\/www.mecerreyes.com\/mece\/wp-content\/uploads\/2023\/10\/IV\u00c1N-SANTAMAR\u00cdA-PORTAL-Educador-Social-y-Psic\u00f3logo-Sanitario-2-1033x1536.jpeg 1033w, https:\/\/www.mecerreyes.com\/mece\/wp-content\/uploads\/2023\/10\/IV\u00c1N-SANTAMAR\u00cdA-PORTAL-Educador-Social-y-Psic\u00f3logo-Sanitario-2-1080x1606.jpeg 1080w, https:\/\/www.mecerreyes.com\/mece\/wp-content\/uploads\/2023\/10\/IV\u00c1N-SANTAMAR\u00cdA-PORTAL-Educador-Social-y-Psic\u00f3logo-Sanitario-2.jpeg 1125w\" sizes=\"(max-width: 689px) 100vw, 689px\" \/><\/a><\/figure><\/li><\/ul><\/figure>\n\n\n\n<div style=\"height:100px\" aria-hidden=\"true\" class=\"wp-block-spacer\"><\/div>\n\n\n\n<p style=\"font-size:22px\" class=\"has-background has-luminous-vivid-amber-background-color\"><strong>REFRANERO<\/strong><\/p>\n\n\n\n<ul class=\"wp-block-list\"><li><em>Buen tiempo en septiembre, mejor en diciembre.<\/em><\/li><li><em>Del mes que entra con abad y sale con fraile, Dios nos guarde.<\/em><\/li><li><em>El septiembre aquel tendr\u00e1s por bueno, que del uno al treinta pas\u00f3 sereno.<\/em><\/li><li><em>En septiembre el que no tenga ropa que tiemble.<\/em><\/li><\/ul>\n\n\n\n<figure class=\"wp-block-gallery columns-2 is-cropped wp-block-gallery-14 is-layout-flex wp-block-gallery-is-layout-flex\"><ul class=\"blocks-gallery-grid\"><li class=\"blocks-gallery-item\"><figure><a  href=\"https:\/\/www.mecerreyes.com\/mece\/wp-content\/uploads\/2023\/10\/Mecerreyes-septiembre-2023-1.jpeg\" class=\"thickbox no_icon\" title=\"\"><img loading=\"lazy\" decoding=\"async\" width=\"1024\" height=\"611\" src=\"https:\/\/www.mecerreyes.com\/mece\/wp-content\/uploads\/2023\/10\/Mecerreyes-septiembre-2023-1-1024x611.jpeg\" alt=\"\" data-id=\"24331\" data-full-url=\"https:\/\/www.mecerreyes.com\/mece\/wp-content\/uploads\/2023\/10\/Mecerreyes-septiembre-2023-1.jpeg\" data-link=\"https:\/\/www.mecerreyes.com\/mece\/?attachment_id=24331\" class=\"wp-image-24331\" srcset=\"https:\/\/www.mecerreyes.com\/mece\/wp-content\/uploads\/2023\/10\/Mecerreyes-septiembre-2023-1-1024x611.jpeg 1024w, https:\/\/www.mecerreyes.com\/mece\/wp-content\/uploads\/2023\/10\/Mecerreyes-septiembre-2023-1-300x179.jpeg 300w, https:\/\/www.mecerreyes.com\/mece\/wp-content\/uploads\/2023\/10\/Mecerreyes-septiembre-2023-1-768x458.jpeg 768w, https:\/\/www.mecerreyes.com\/mece\/wp-content\/uploads\/2023\/10\/Mecerreyes-septiembre-2023-1-1080x645.jpeg 1080w, https:\/\/www.mecerreyes.com\/mece\/wp-content\/uploads\/2023\/10\/Mecerreyes-septiembre-2023-1-440x264.jpeg 440w, https:\/\/www.mecerreyes.com\/mece\/wp-content\/uploads\/2023\/10\/Mecerreyes-septiembre-2023-1.jpeg 1508w\" sizes=\"(max-width: 1024px) 100vw, 1024px\" \/><\/a><\/figure><\/li><li class=\"blocks-gallery-item\"><figure><a  href=\"https:\/\/www.mecerreyes.com\/mece\/wp-content\/uploads\/2023\/10\/Mecerreyes-septiembre-2023-2.jpeg\" class=\"thickbox no_icon\" title=\"\"><img loading=\"lazy\" decoding=\"async\" width=\"1024\" height=\"461\" src=\"https:\/\/www.mecerreyes.com\/mece\/wp-content\/uploads\/2023\/10\/Mecerreyes-septiembre-2023-2-1024x461.jpeg\" alt=\"\" data-id=\"24332\" data-full-url=\"https:\/\/www.mecerreyes.com\/mece\/wp-content\/uploads\/2023\/10\/Mecerreyes-septiembre-2023-2.jpeg\" data-link=\"https:\/\/www.mecerreyes.com\/mece\/?attachment_id=24332\" class=\"wp-image-24332\" srcset=\"https:\/\/www.mecerreyes.com\/mece\/wp-content\/uploads\/2023\/10\/Mecerreyes-septiembre-2023-2-1024x461.jpeg 1024w, https:\/\/www.mecerreyes.com\/mece\/wp-content\/uploads\/2023\/10\/Mecerreyes-septiembre-2023-2-300x135.jpeg 300w, https:\/\/www.mecerreyes.com\/mece\/wp-content\/uploads\/2023\/10\/Mecerreyes-septiembre-2023-2-768x346.jpeg 768w, https:\/\/www.mecerreyes.com\/mece\/wp-content\/uploads\/2023\/10\/Mecerreyes-septiembre-2023-2-1536x691.jpeg 1536w, https:\/\/www.mecerreyes.com\/mece\/wp-content\/uploads\/2023\/10\/Mecerreyes-septiembre-2023-2-1080x486.jpeg 1080w, https:\/\/www.mecerreyes.com\/mece\/wp-content\/uploads\/2023\/10\/Mecerreyes-septiembre-2023-2.jpeg 1600w\" sizes=\"(max-width: 1024px) 100vw, 1024px\" \/><\/a><\/figure><\/li><li class=\"blocks-gallery-item\"><figure><a  href=\"https:\/\/www.mecerreyes.com\/mece\/wp-content\/uploads\/2023\/10\/Mecerreyes-septiembre-2023-6.jpeg\" class=\"thickbox no_icon\" title=\"\"><img loading=\"lazy\" decoding=\"async\" width=\"738\" height=\"1024\" src=\"https:\/\/www.mecerreyes.com\/mece\/wp-content\/uploads\/2023\/10\/Mecerreyes-septiembre-2023-6-738x1024.jpeg\" alt=\"\" data-id=\"24330\" data-full-url=\"https:\/\/www.mecerreyes.com\/mece\/wp-content\/uploads\/2023\/10\/Mecerreyes-septiembre-2023-6.jpeg\" data-link=\"https:\/\/www.mecerreyes.com\/mece\/?attachment_id=24330\" class=\"wp-image-24330\" srcset=\"https:\/\/www.mecerreyes.com\/mece\/wp-content\/uploads\/2023\/10\/Mecerreyes-septiembre-2023-6-738x1024.jpeg 738w, https:\/\/www.mecerreyes.com\/mece\/wp-content\/uploads\/2023\/10\/Mecerreyes-septiembre-2023-6-216x300.jpeg 216w, https:\/\/www.mecerreyes.com\/mece\/wp-content\/uploads\/2023\/10\/Mecerreyes-septiembre-2023-6-768x1065.jpeg 768w, https:\/\/www.mecerreyes.com\/mece\/wp-content\/uploads\/2023\/10\/Mecerreyes-septiembre-2023-6.jpeg 900w\" sizes=\"(max-width: 738px) 100vw, 738px\" \/><\/a><\/figure><\/li><li class=\"blocks-gallery-item\"><figure><a  href=\"https:\/\/www.mecerreyes.com\/mece\/wp-content\/uploads\/2023\/10\/Mecerreyes-septiembre-2023-3.jpeg\" class=\"thickbox no_icon\" title=\"\"><img loading=\"lazy\" decoding=\"async\" width=\"900\" height=\"974\" src=\"https:\/\/www.mecerreyes.com\/mece\/wp-content\/uploads\/2023\/10\/Mecerreyes-septiembre-2023-3.jpeg\" alt=\"\" data-id=\"24333\" data-full-url=\"https:\/\/www.mecerreyes.com\/mece\/wp-content\/uploads\/2023\/10\/Mecerreyes-septiembre-2023-3.jpeg\" data-link=\"https:\/\/www.mecerreyes.com\/mece\/?attachment_id=24333\" class=\"wp-image-24333\" srcset=\"https:\/\/www.mecerreyes.com\/mece\/wp-content\/uploads\/2023\/10\/Mecerreyes-septiembre-2023-3.jpeg 900w, https:\/\/www.mecerreyes.com\/mece\/wp-content\/uploads\/2023\/10\/Mecerreyes-septiembre-2023-3-277x300.jpeg 277w, https:\/\/www.mecerreyes.com\/mece\/wp-content\/uploads\/2023\/10\/Mecerreyes-septiembre-2023-3-768x831.jpeg 768w\" sizes=\"(max-width: 900px) 100vw, 900px\" \/><\/a><\/figure><\/li><li class=\"blocks-gallery-item\"><figure><a  href=\"https:\/\/www.mecerreyes.com\/mece\/wp-content\/uploads\/2023\/10\/Mecerreyes-septiembre-2023-4.jpeg\" class=\"thickbox no_icon\" title=\"\"><img loading=\"lazy\" decoding=\"async\" width=\"883\" height=\"1024\" src=\"https:\/\/www.mecerreyes.com\/mece\/wp-content\/uploads\/2023\/10\/Mecerreyes-septiembre-2023-4-883x1024.jpeg\" alt=\"\" data-id=\"24334\" data-full-url=\"https:\/\/www.mecerreyes.com\/mece\/wp-content\/uploads\/2023\/10\/Mecerreyes-septiembre-2023-4.jpeg\" data-link=\"https:\/\/www.mecerreyes.com\/mece\/?attachment_id=24334\" class=\"wp-image-24334\" srcset=\"https:\/\/www.mecerreyes.com\/mece\/wp-content\/uploads\/2023\/10\/Mecerreyes-septiembre-2023-4-883x1024.jpeg 883w, https:\/\/www.mecerreyes.com\/mece\/wp-content\/uploads\/2023\/10\/Mecerreyes-septiembre-2023-4-259x300.jpeg 259w, https:\/\/www.mecerreyes.com\/mece\/wp-content\/uploads\/2023\/10\/Mecerreyes-septiembre-2023-4-768x891.jpeg 768w, https:\/\/www.mecerreyes.com\/mece\/wp-content\/uploads\/2023\/10\/Mecerreyes-septiembre-2023-4.jpeg 900w\" sizes=\"(max-width: 883px) 100vw, 883px\" \/><\/a><\/figure><\/li><li class=\"blocks-gallery-item\"><figure><a  href=\"https:\/\/www.mecerreyes.com\/mece\/wp-content\/uploads\/2023\/10\/Mecerreyes-septiembre-2023-5.jpeg\" class=\"thickbox no_icon\" title=\"\"><img loading=\"lazy\" decoding=\"async\" width=\"870\" height=\"1024\" src=\"https:\/\/www.mecerreyes.com\/mece\/wp-content\/uploads\/2023\/10\/Mecerreyes-septiembre-2023-5-870x1024.jpeg\" alt=\"\" data-id=\"24335\" data-full-url=\"https:\/\/www.mecerreyes.com\/mece\/wp-content\/uploads\/2023\/10\/Mecerreyes-septiembre-2023-5.jpeg\" data-link=\"https:\/\/www.mecerreyes.com\/mece\/?attachment_id=24335\" class=\"wp-image-24335\" srcset=\"https:\/\/www.mecerreyes.com\/mece\/wp-content\/uploads\/2023\/10\/Mecerreyes-septiembre-2023-5-870x1024.jpeg 870w, https:\/\/www.mecerreyes.com\/mece\/wp-content\/uploads\/2023\/10\/Mecerreyes-septiembre-2023-5-255x300.jpeg 255w, https:\/\/www.mecerreyes.com\/mece\/wp-content\/uploads\/2023\/10\/Mecerreyes-septiembre-2023-5-768x904.jpeg 768w, https:\/\/www.mecerreyes.com\/mece\/wp-content\/uploads\/2023\/10\/Mecerreyes-septiembre-2023-5.jpeg 900w\" sizes=\"(max-width: 870px) 100vw, 870px\" \/><\/a><\/figure><\/li><\/ul><\/figure>","protected":false},"excerpt":{"rendered":"<p>SEPTIEMBRE 2023 Al calendario 2023 ya le hemos arrancado su novena hoja. Ha sido un mes de transiciones, del verano al oto\u00f1o, el bullicio vacacional va dando paso a la tranquilidad que caracteriza al medio rural. Tener cerrado el Bar La Villa, lugar de encuentro diario de los vecinos, de acogida a visitantes y amantes [&hellip;]<\/p>\n","protected":false},"author":5,"featured_media":24290,"comment_status":"open","ping_status":"closed","sticky":false,"template":"","format":"standard","meta":{"_et_pb_use_builder":"","_et_pb_old_content":"","_et_gb_content_width":"","footnotes":""},"categories":[1],"tags":[21],"class_list":["post-24279","post","type-post","status-publish","format-standard","has-post-thumbnail","hentry","category-general","tag-guiletos","et-has-post-format-content","et_post_format-et-post-format-standard"],"_links":{"self":[{"href":"https:\/\/www.mecerreyes.com\/mece\/index.php?rest_route=\/wp\/v2\/posts\/24279"}],"collection":[{"href":"https:\/\/www.mecerreyes.com\/mece\/index.php?rest_route=\/wp\/v2\/posts"}],"about":[{"href":"https:\/\/www.mecerreyes.com\/mece\/index.php?rest_route=\/wp\/v2\/types\/post"}],"author":[{"embeddable":true,"href":"https:\/\/www.mecerreyes.com\/mece\/index.php?rest_route=\/wp\/v2\/users\/5"}],"replies":[{"embeddable":true,"href":"https:\/\/www.mecerreyes.com\/mece\/index.php?rest_route=%2Fwp%2Fv2%2Fcomments&post=24279"}],"version-history":[{"count":9,"href":"https:\/\/www.mecerreyes.com\/mece\/index.php?rest_route=\/wp\/v2\/posts\/24279\/revisions"}],"predecessor-version":[{"id":24347,"href":"https:\/\/www.mecerreyes.com\/mece\/index.php?rest_route=\/wp\/v2\/posts\/24279\/revisions\/24347"}],"wp:featuredmedia":[{"embeddable":true,"href":"https:\/\/www.mecerreyes.com\/mece\/index.php?rest_route=\/wp\/v2\/media\/24290"}],"wp:attachment":[{"href":"https:\/\/www.mecerreyes.com\/mece\/index.php?rest_route=%2Fwp%2Fv2%2Fmedia&parent=24279"}],"wp:term":[{"taxonomy":"category","embeddable":true,"href":"https:\/\/www.mecerreyes.com\/mece\/index.php?rest_route=%2Fwp%2Fv2%2Fcategories&post=24279"},{"taxonomy":"post_tag","embeddable":true,"href":"https:\/\/www.mecerreyes.com\/mece\/index.php?rest_route=%2Fwp%2Fv2%2Ftags&post=24279"}],"curies":[{"name":"wp","href":"https:\/\/api.w.org\/{rel}","templated":true}]}}