{"id":2438,"date":"2011-02-25T10:32:03","date_gmt":"2011-02-25T09:32:03","guid":{"rendered":"http:\/\/www.mecerreyes.com\/mece\/?p=2438"},"modified":"2011-05-12T11:42:50","modified_gmt":"2011-05-12T10:42:50","slug":"el-gallo-2011","status":"publish","type":"post","link":"https:\/\/www.mecerreyes.com\/mece\/?p=2438","title":{"rendered":"Programa: El Gallo-2011"},"content":{"rendered":"<p style=\"text-align: justify\">Una nueva edici\u00f3n de Carnavales tenemos a la vuelta de la esquina, el programa previsto est\u00e1 en el cartel anunciador que ya ten\u00edamos puesto al anunciar la fiesta de <a  href=\"https:\/\/www.mecerreyes.com\/mece\/?page_id=47\">las Marzas<\/a> y que volvemos a publicar en este enlace.<\/p>\n<p style=\"text-align: justify\">Queremos animar a guiletos, amigos y visitantes a disfrutar de esta original y colorida fiesta que transcurre desde primeras horas de la ma\u00f1ana del domingo gordo, este a\u00f1o 2011 se celebra el 6 de marzo.<\/p>\n<p style=\"text-align: justify\">\u00a0<\/p>\n<p style=\"text-align: justify\">Tambi\u00e9n queremos pedir <span style=\"text-decoration: underline\"><strong>COLABORACI\u00d3N<\/strong><\/span>, es una fiesta en la que tiene que participar mucha gente, se necesitan:<\/p>\n<ul>\n<li>\n<div style=\"text-align: justify\">ZARRAMACOS<\/div>\n<\/li>\n<li>\n<div style=\"text-align: justify\">DANZANTES<\/div>\n<\/li>\n<li>\n<div style=\"text-align: justify\">GENTE PARA CORRER DISFRACES<\/div>\n<\/li>\n<li>\n<div style=\"text-align: justify\">ALGUACILES<\/div>\n<\/li>\n<li>\n<div style=\"text-align: justify\">HOMBRES PARA CANTAR LAS COPLAS\u2026y<\/div>\n<\/li>\n<li>\n<div style=\"text-align: justify\">un largo etc\u00e9tera para la organizaci\u00f3n.<\/div>\n<\/li>\n<\/ul>\n<p style=\"text-align: justify\">Si est\u00e1s dispuest@ a colaborar en cualquier papel, puedes acercarte al nuevo sal\u00f3n de las Escuelas:<\/p>\n<p style=\"text-align: justify\"><strong><span style=\"text-decoration: underline\">\u00a0el s\u00e1bado 5 de marzo a partir de las 6:00 h. de la tarde.<\/span><\/strong><\/p>\n<p style=\"text-align: justify\">Te esperamos y disfruta de la fiesta.<\/p>\n<p style=\"text-align: justify\">\u00a0<\/p>\n<p style=\"text-align: justify\">\u00a0<\/p>\n<p style=\"text-align: justify\">\u00a0<\/p>\n<div id=\"attachment_2415\" style=\"width: 550px\" class=\"wp-caption alignnone\"><a  href=\"http:\/\/www.mecerreyes.com\/mece\/wp-content\/uploads\/2011\/02\/Marzas-y-Gallo-2011-p.jpg\" class=\"thickbox no_icon\" title=\"Cartel Marzas y Gallo 2011\"><img loading=\"lazy\" decoding=\"async\" aria-describedby=\"caption-attachment-2415\" class=\"size-full wp-image-2415   \" src=\"http:\/\/www.mecerreyes.com\/mece\/wp-content\/uploads\/2011\/02\/Marzas-y-Gallo-2011-p.jpg\" alt=\"Cartel Marzas y Gallo 2011\" width=\"540\" height=\"754\" srcset=\"https:\/\/www.mecerreyes.com\/mece\/wp-content\/uploads\/2011\/02\/Marzas-y-Gallo-2011-p.jpg 1000w, https:\/\/www.mecerreyes.com\/mece\/wp-content\/uploads\/2011\/02\/Marzas-y-Gallo-2011-p-214x300.jpg 214w, https:\/\/www.mecerreyes.com\/mece\/wp-content\/uploads\/2011\/02\/Marzas-y-Gallo-2011-p-733x1024.jpg 733w\" sizes=\"(max-width: 540px) 100vw, 540px\" \/><\/a><p id=\"caption-attachment-2415\" class=\"wp-caption-text\">Cartel Marzas y Gallo 2011<\/p><\/div>\n<p>\u00a0<\/p>\n<div id=\"attachment_2436\" style=\"width: 810px\" class=\"wp-caption alignnone\"><a  href=\"http:\/\/www.mecerreyes.com\/mece\/wp-content\/uploads\/2011\/02\/Imagenes-Gallo-2011.jpg\" class=\"thickbox no_icon\" title=\"\"><img loading=\"lazy\" decoding=\"async\" aria-describedby=\"caption-attachment-2436\" class=\"size-full wp-image-2436 \" src=\"http:\/\/www.mecerreyes.com\/mece\/wp-content\/uploads\/2011\/02\/Imagenes-Gallo-2011.jpg\" alt=\"\" width=\"800\" height=\"250\" srcset=\"https:\/\/www.mecerreyes.com\/mece\/wp-content\/uploads\/2011\/02\/Imagenes-Gallo-2011.jpg 800w, https:\/\/www.mecerreyes.com\/mece\/wp-content\/uploads\/2011\/02\/Imagenes-Gallo-2011-300x93.jpg 300w\" sizes=\"(max-width: 800px) 100vw, 800px\" \/><\/a><p id=\"caption-attachment-2436\" class=\"wp-caption-text\">Mecerreyes 2010<\/p><\/div>","protected":false},"excerpt":{"rendered":"<p>Una nueva edici\u00f3n de Carnavales tenemos a la vuelta de la esquina, el programa previsto est\u00e1 en el cartel anunciador que ya ten\u00edamos puesto al anunciar la fiesta de las Marzas y que volvemos a publicar en este enlace. Queremos animar a guiletos, amigos y visitantes a disfrutar de esta original y colorida fiesta que [&hellip;]<\/p>\n","protected":false},"author":5,"featured_media":0,"comment_status":"open","ping_status":"closed","sticky":false,"template":"","format":"standard","meta":{"_et_pb_use_builder":"","_et_pb_old_content":"","_et_gb_content_width":"","footnotes":""},"categories":[1],"tags":[37],"class_list":["post-2438","post","type-post","status-publish","format-standard","hentry","category-general","tag-gallo-de-carnaval","et-doesnt-have-format-content","et_post_format-et-post-format-standard"],"_links":{"self":[{"href":"https:\/\/www.mecerreyes.com\/mece\/index.php?rest_route=\/wp\/v2\/posts\/2438"}],"collection":[{"href":"https:\/\/www.mecerreyes.com\/mece\/index.php?rest_route=\/wp\/v2\/posts"}],"about":[{"href":"https:\/\/www.mecerreyes.com\/mece\/index.php?rest_route=\/wp\/v2\/types\/post"}],"author":[{"embeddable":true,"href":"https:\/\/www.mecerreyes.com\/mece\/index.php?rest_route=\/wp\/v2\/users\/5"}],"replies":[{"embeddable":true,"href":"https:\/\/www.mecerreyes.com\/mece\/index.php?rest_route=%2Fwp%2Fv2%2Fcomments&post=2438"}],"version-history":[{"count":0,"href":"https:\/\/www.mecerreyes.com\/mece\/index.php?rest_route=\/wp\/v2\/posts\/2438\/revisions"}],"wp:attachment":[{"href":"https:\/\/www.mecerreyes.com\/mece\/index.php?rest_route=%2Fwp%2Fv2%2Fmedia&parent=2438"}],"wp:term":[{"taxonomy":"category","embeddable":true,"href":"https:\/\/www.mecerreyes.com\/mece\/index.php?rest_route=%2Fwp%2Fv2%2Fcategories&post=2438"},{"taxonomy":"post_tag","embeddable":true,"href":"https:\/\/www.mecerreyes.com\/mece\/index.php?rest_route=%2Fwp%2Fv2%2Ftags&post=2438"}],"curies":[{"name":"wp","href":"https:\/\/api.w.org\/{rel}","templated":true}]}}