{"id":24622,"date":"2024-02-07T22:23:33","date_gmt":"2024-02-07T21:23:33","guid":{"rendered":"http:\/\/www.mecerreyes.com\/mece\/?p=24622"},"modified":"2024-02-07T22:25:27","modified_gmt":"2024-02-07T21:25:27","slug":"noticias-enero-2024","status":"publish","type":"post","link":"https:\/\/www.mecerreyes.com\/mece\/?p=24622","title":{"rendered":"Noticias Enero 2024"},"content":{"rendered":"<p><strong>ENERO 2024<\/strong><\/p>\n\n\n\n<p>Nuestros mejores deseos para este nuevo a\u00f1o, ya ha pasado un mes de este reci\u00e9n estrenado 2024.<\/p>\n\n\n\n<p class=\"has-medium-font-size\"><span style=\"color:#8d1111\" class=\"has-inline-color\"><em>A\u00f1o bisiesto, Pascua marcial, a\u00f1o fatal. \/\/ A\u00f1o bisiesto es de mala fortuna, berrean corderos y ovejas ninguna, se mueren las cabras y ovejas no queda una<\/em>.<\/span><\/p>\n\n\n\n<p>Desde antiguo los m\u00e1s de cien mil refranes populares en castellano, expresan en una frase aprendizajes, consejos, moralejas y supersticiones.<\/p>\n\n\n\n<p>2024 es bisiesto y celebraremos la Pascua el 31 de marzo, pero vamos a dejar los augurios en el terreno de la superstici\u00f3n y con el trabajo conjunto de <a  href=\"https:\/\/www.mecerreyes.com\/mece\/?page_id=24\">Ayuntamiento<\/a>, <a  href=\"https:\/\/www.mecerreyes.com\/mece\/?page_id=35\">Parroquia<\/a>, <a  href=\"https:\/\/www.mecerreyes.com\/mece\/?page_id=265\">Asociaciones<\/a> y vecinos, bandearemos todo lo que vaya ocurriendo.<\/p>\n\n\n\n<p>Esta web seguir\u00e1 cont\u00e1ndolo y sirviendo de uni\u00f3n entre los guiletos. <\/p>\n\n\n\n<figure class=\"wp-block-gallery columns-1 is-cropped wp-block-gallery-1 is-layout-flex wp-block-gallery-is-layout-flex\"><ul class=\"blocks-gallery-grid\"><li class=\"blocks-gallery-item\"><figure><a  href=\"http:\/\/www.mecerreyes.com\/mece\/wp-content\/uploads\/2023\/12\/Mecerreyes-noviembre-2023-1.jpeg\" class=\"thickbox no_icon\" title=\"\"><img loading=\"lazy\" decoding=\"async\" width=\"1024\" height=\"782\" src=\"http:\/\/www.mecerreyes.com\/mece\/wp-content\/uploads\/2023\/12\/Mecerreyes-noviembre-2023-1-1024x782.jpeg\" alt=\"\" data-id=\"24444\" data-full-url=\"http:\/\/www.mecerreyes.com\/mece\/wp-content\/uploads\/2023\/12\/Mecerreyes-noviembre-2023-1.jpeg\" data-link=\"http:\/\/www.mecerreyes.com\/mece\/?attachment_id=24444\" class=\"wp-image-24444\" srcset=\"https:\/\/www.mecerreyes.com\/mece\/wp-content\/uploads\/2023\/12\/Mecerreyes-noviembre-2023-1-1024x782.jpeg 1024w, https:\/\/www.mecerreyes.com\/mece\/wp-content\/uploads\/2023\/12\/Mecerreyes-noviembre-2023-1-300x229.jpeg 300w, https:\/\/www.mecerreyes.com\/mece\/wp-content\/uploads\/2023\/12\/Mecerreyes-noviembre-2023-1-768x587.jpeg 768w, https:\/\/www.mecerreyes.com\/mece\/wp-content\/uploads\/2023\/12\/Mecerreyes-noviembre-2023-1-1536x1173.jpeg 1536w, https:\/\/www.mecerreyes.com\/mece\/wp-content\/uploads\/2023\/12\/Mecerreyes-noviembre-2023-1-1080x825.jpeg 1080w, https:\/\/www.mecerreyes.com\/mece\/wp-content\/uploads\/2023\/12\/Mecerreyes-noviembre-2023-1.jpeg 1800w\" sizes=\"(max-width: 1024px) 100vw, 1024px\" \/><\/a><\/figure><\/li><\/ul><\/figure>\n\n\n\n<p>La tarde del d\u00eda 5 vimos los primeros copos de nieve que no cuajaron, las heladas nocturnas y las altas temperaturas diurnas han sido la t\u00f3nica destacable del mes.<\/p>\n\n\n\n<p>Enero ha sido intenso para la Asociaci\u00f3n Cultural, pendiente a\u00fan de las visitas al Bel\u00e9n Tradicional, a su recogida, a los preparativos del inminente carnaval, Marzas\u2026, muchos puntos en su orden del d\u00eda en las reuniones de fin de semana. <\/p>\n\n\n\n<figure class=\"wp-block-gallery columns-1 is-cropped wp-block-gallery-2 is-layout-flex wp-block-gallery-is-layout-flex\"><ul class=\"blocks-gallery-grid\"><li class=\"blocks-gallery-item\"><figure><a  href=\"http:\/\/www.mecerreyes.com\/mece\/wp-content\/uploads\/2023\/12\/Bel\u00e9n-tradicional-Las-Horneras-Mecerreyes-2023-33.jpg\" class=\"thickbox no_icon\" title=\"\"><img loading=\"lazy\" decoding=\"async\" width=\"425\" height=\"191\" src=\"http:\/\/www.mecerreyes.com\/mece\/wp-content\/uploads\/2023\/12\/Bel\u00e9n-tradicional-Las-Horneras-Mecerreyes-2023-33.jpg\" alt=\"\" data-id=\"24485\" data-full-url=\"http:\/\/www.mecerreyes.com\/mece\/wp-content\/uploads\/2023\/12\/Bel\u00e9n-tradicional-Las-Horneras-Mecerreyes-2023-33.jpg\" data-link=\"http:\/\/www.mecerreyes.com\/mece\/?attachment_id=24485\" class=\"wp-image-24485\" srcset=\"https:\/\/www.mecerreyes.com\/mece\/wp-content\/uploads\/2023\/12\/Bel\u00e9n-tradicional-Las-Horneras-Mecerreyes-2023-33.jpg 425w, https:\/\/www.mecerreyes.com\/mece\/wp-content\/uploads\/2023\/12\/Bel\u00e9n-tradicional-Las-Horneras-Mecerreyes-2023-33-300x135.jpg 300w\" sizes=\"(max-width: 425px) 100vw, 425px\" \/><\/a><\/figure><\/li><\/ul><\/figure>\n\n\n\n<p>Definir las obras que se realizar\u00e1n en el pueblo, el comienzo de las mismas en la C\/ La Fuente y del Camino a la Ermita de <a  href=\"https:\/\/www.mecerreyes.com\/mece\/?page_id=54\">la Virgen del Camino<\/a>, la adjudicaci\u00f3n-renovaci\u00f3n del Bar la Villa a Mar\u00eda y V\u00edctor, han ocupado a la corporaci\u00f3n municipal. <\/p>\n\n\n\n<figure class=\"wp-block-gallery columns-1 is-cropped wp-block-gallery-3 is-layout-flex wp-block-gallery-is-layout-flex\"><ul class=\"blocks-gallery-grid\"><li class=\"blocks-gallery-item\"><figure><a  href=\"https:\/\/www.mecerreyes.com\/mece\/wp-content\/uploads\/2024\/02\/Obras-Mecerreyes-enero-2024-2.jpeg\" class=\"thickbox no_icon\" title=\"\"><img loading=\"lazy\" decoding=\"async\" width=\"1024\" height=\"512\" src=\"https:\/\/www.mecerreyes.com\/mece\/wp-content\/uploads\/2024\/02\/Obras-Mecerreyes-enero-2024-2-1024x512.jpeg\" alt=\"\" data-id=\"24625\" data-full-url=\"https:\/\/www.mecerreyes.com\/mece\/wp-content\/uploads\/2024\/02\/Obras-Mecerreyes-enero-2024-2.jpeg\" data-link=\"https:\/\/www.mecerreyes.com\/mece\/?attachment_id=24625\" class=\"wp-image-24625\" srcset=\"https:\/\/www.mecerreyes.com\/mece\/wp-content\/uploads\/2024\/02\/Obras-Mecerreyes-enero-2024-2-1024x512.jpeg 1024w, https:\/\/www.mecerreyes.com\/mece\/wp-content\/uploads\/2024\/02\/Obras-Mecerreyes-enero-2024-2-300x150.jpeg 300w, https:\/\/www.mecerreyes.com\/mece\/wp-content\/uploads\/2024\/02\/Obras-Mecerreyes-enero-2024-2-768x384.jpeg 768w, https:\/\/www.mecerreyes.com\/mece\/wp-content\/uploads\/2024\/02\/Obras-Mecerreyes-enero-2024-2-1536x768.jpeg 1536w, https:\/\/www.mecerreyes.com\/mece\/wp-content\/uploads\/2024\/02\/Obras-Mecerreyes-enero-2024-2-1080x540.jpeg 1080w, https:\/\/www.mecerreyes.com\/mece\/wp-content\/uploads\/2024\/02\/Obras-Mecerreyes-enero-2024-2-1280x640.jpeg 1280w, https:\/\/www.mecerreyes.com\/mece\/wp-content\/uploads\/2024\/02\/Obras-Mecerreyes-enero-2024-2.jpeg 2048w\" sizes=\"(max-width: 1024px) 100vw, 1024px\" \/><\/a><\/figure><\/li><li class=\"blocks-gallery-item\"><figure><a  href=\"https:\/\/www.mecerreyes.com\/mece\/wp-content\/uploads\/2024\/02\/Obras-Mecerreyes-enero-2024-1.jpeg\" class=\"thickbox no_icon\" title=\"\"><img loading=\"lazy\" decoding=\"async\" width=\"1024\" height=\"512\" src=\"https:\/\/www.mecerreyes.com\/mece\/wp-content\/uploads\/2024\/02\/Obras-Mecerreyes-enero-2024-1-1024x512.jpeg\" alt=\"\" data-id=\"24626\" data-full-url=\"https:\/\/www.mecerreyes.com\/mece\/wp-content\/uploads\/2024\/02\/Obras-Mecerreyes-enero-2024-1.jpeg\" data-link=\"https:\/\/www.mecerreyes.com\/mece\/?attachment_id=24626\" class=\"wp-image-24626\" srcset=\"https:\/\/www.mecerreyes.com\/mece\/wp-content\/uploads\/2024\/02\/Obras-Mecerreyes-enero-2024-1-1024x512.jpeg 1024w, https:\/\/www.mecerreyes.com\/mece\/wp-content\/uploads\/2024\/02\/Obras-Mecerreyes-enero-2024-1-300x150.jpeg 300w, https:\/\/www.mecerreyes.com\/mece\/wp-content\/uploads\/2024\/02\/Obras-Mecerreyes-enero-2024-1-768x384.jpeg 768w, https:\/\/www.mecerreyes.com\/mece\/wp-content\/uploads\/2024\/02\/Obras-Mecerreyes-enero-2024-1-1536x768.jpeg 1536w, https:\/\/www.mecerreyes.com\/mece\/wp-content\/uploads\/2024\/02\/Obras-Mecerreyes-enero-2024-1-1080x540.jpeg 1080w, https:\/\/www.mecerreyes.com\/mece\/wp-content\/uploads\/2024\/02\/Obras-Mecerreyes-enero-2024-1-1280x640.jpeg 1280w, https:\/\/www.mecerreyes.com\/mece\/wp-content\/uploads\/2024\/02\/Obras-Mecerreyes-enero-2024-1.jpeg 2048w\" sizes=\"(max-width: 1024px) 100vw, 1024px\" \/><\/a><\/figure><\/li><\/ul><\/figure>\n\n\n\n<p>Los labradores guiletos tambi\u00e9n se sumaron a la tractorada reivindicativa por las mejoras del campo que desde todas las provincias espa\u00f1olas tuvo lugar el pasado 5 de febrero. <\/p>\n\n\n\n<figure class=\"wp-block-gallery columns-1 is-cropped wp-block-gallery-4 is-layout-flex wp-block-gallery-is-layout-flex\"><ul class=\"blocks-gallery-grid\"><li class=\"blocks-gallery-item\"><figure><a  href=\"https:\/\/www.mecerreyes.com\/mece\/wp-content\/uploads\/2024\/02\/Tractorada-reivindicativa-Burgos-6-02-2024.jpeg\" class=\"thickbox no_icon\" title=\"\"><img loading=\"lazy\" decoding=\"async\" width=\"1024\" height=\"470\" src=\"https:\/\/www.mecerreyes.com\/mece\/wp-content\/uploads\/2024\/02\/Tractorada-reivindicativa-Burgos-6-02-2024-1024x470.jpeg\" alt=\"\" data-id=\"24627\" data-full-url=\"https:\/\/www.mecerreyes.com\/mece\/wp-content\/uploads\/2024\/02\/Tractorada-reivindicativa-Burgos-6-02-2024.jpeg\" data-link=\"https:\/\/www.mecerreyes.com\/mece\/?attachment_id=24627\" class=\"wp-image-24627\" srcset=\"https:\/\/www.mecerreyes.com\/mece\/wp-content\/uploads\/2024\/02\/Tractorada-reivindicativa-Burgos-6-02-2024-1024x470.jpeg 1024w, https:\/\/www.mecerreyes.com\/mece\/wp-content\/uploads\/2024\/02\/Tractorada-reivindicativa-Burgos-6-02-2024-300x138.jpeg 300w, https:\/\/www.mecerreyes.com\/mece\/wp-content\/uploads\/2024\/02\/Tractorada-reivindicativa-Burgos-6-02-2024-768x352.jpeg 768w, https:\/\/www.mecerreyes.com\/mece\/wp-content\/uploads\/2024\/02\/Tractorada-reivindicativa-Burgos-6-02-2024-1536x705.jpeg 1536w, https:\/\/www.mecerreyes.com\/mece\/wp-content\/uploads\/2024\/02\/Tractorada-reivindicativa-Burgos-6-02-2024-1080x495.jpeg 1080w, https:\/\/www.mecerreyes.com\/mece\/wp-content\/uploads\/2024\/02\/Tractorada-reivindicativa-Burgos-6-02-2024.jpeg 1587w\" sizes=\"(max-width: 1024px) 100vw, 1024px\" \/><\/a><\/figure><\/li><\/ul><\/figure>\n\n\n\n<div style=\"height:45px\" aria-hidden=\"true\" class=\"wp-block-spacer\"><\/div>\n\n\n\n<p style=\"font-size:22px\" class=\"has-background has-luminous-vivid-amber-background-color\"><strong>TOQUE DE CAMPANAS<\/strong><\/p>\n\n\n\n<p>El 3 de febrero desde el campanario de Mecerreyes y con el magistral toque de campanas de Ulises y Juan, o\u00edmos el Tentenublo, recordando a los m\u00e1s mayores el toque que Sr. Alejandro Santamar\u00eda por tantos a\u00f1os sacrist\u00e1n y campanero del pueblo hac\u00eda la noche de Santa \u00c1gueda. <\/p>\n\n\n\n<figure class=\"wp-block-video\"><video controls src=\"https:\/\/www.mecerreyes.com\/mece\/wp-content\/uploads\/2024\/02\/Mecerreyes-toque-de-campanas-3-02-2024.mp4\"><\/video><\/figure>\n\n\n\n<p>La advocaci\u00f3n a Santa \u00c1gueda, se extendi\u00f3 por todo el mundo cristiano, esta santa a la que cortaron los senos en acto de venganza, es muy festejada en Castilla y Le\u00f3n con tradiciones muy diversas.<\/p>\n\n\n\n<p>Aprovechando el placer de estar ante las campanas mejor afinadas de la provincia, Juan y Ulises interpretaron otros toques en favor de la repoblaci\u00f3n de la Espa\u00f1a vaciada <\/p>\n\n\n\n<figure class=\"wp-block-gallery columns-1 is-cropped wp-block-gallery-5 is-layout-flex wp-block-gallery-is-layout-flex\"><ul class=\"blocks-gallery-grid\"><li class=\"blocks-gallery-item\"><figure><img loading=\"lazy\" decoding=\"async\" width=\"1024\" height=\"1024\" src=\"https:\/\/www.mecerreyes.com\/mece\/wp-content\/uploads\/2024\/02\/Mecerreyes-toque-de-Campanas-3-02-2024-1024x1024.jpeg\" alt=\"\" data-id=\"24629\" data-full-url=\"https:\/\/www.mecerreyes.com\/mece\/wp-content\/uploads\/2024\/02\/Mecerreyes-toque-de-Campanas-3-02-2024.jpeg\" data-link=\"https:\/\/www.mecerreyes.com\/mece\/?attachment_id=24629\" class=\"wp-image-24629\" srcset=\"https:\/\/www.mecerreyes.com\/mece\/wp-content\/uploads\/2024\/02\/Mecerreyes-toque-de-Campanas-3-02-2024-1024x1024.jpeg 1024w, https:\/\/www.mecerreyes.com\/mece\/wp-content\/uploads\/2024\/02\/Mecerreyes-toque-de-Campanas-3-02-2024-300x300.jpeg 300w, https:\/\/www.mecerreyes.com\/mece\/wp-content\/uploads\/2024\/02\/Mecerreyes-toque-de-Campanas-3-02-2024-150x150.jpeg 150w, https:\/\/www.mecerreyes.com\/mece\/wp-content\/uploads\/2024\/02\/Mecerreyes-toque-de-Campanas-3-02-2024-768x769.jpeg 768w, https:\/\/www.mecerreyes.com\/mece\/wp-content\/uploads\/2024\/02\/Mecerreyes-toque-de-Campanas-3-02-2024-1080x1081.jpeg 1080w, https:\/\/www.mecerreyes.com\/mece\/wp-content\/uploads\/2024\/02\/Mecerreyes-toque-de-Campanas-3-02-2024-440x440.jpeg 440w, https:\/\/www.mecerreyes.com\/mece\/wp-content\/uploads\/2024\/02\/Mecerreyes-toque-de-Campanas-3-02-2024.jpeg 1152w\" sizes=\"(max-width: 1024px) 100vw, 1024px\" \/><\/figure><\/li><\/ul><\/figure>\n\n\n\n<div style=\"height:58px\" aria-hidden=\"true\" class=\"wp-block-spacer\"><\/div>\n\n\n\n<figure class=\"wp-block-video\"><video controls src=\"https:\/\/www.mecerreyes.com\/mece\/wp-content\/uploads\/2024\/02\/Mecerreyes-toque-de-campanas-3-02-2024-a.mp4\"><\/video><\/figure>\n\n\n\n<div style=\"height:48px\" aria-hidden=\"true\" class=\"wp-block-spacer\"><\/div>\n\n\n\n<p style=\"font-size:22px\" class=\"has-background has-luminous-vivid-amber-background-color\"><strong>HACE M\u00c1S DE UN SIGLO<\/strong><\/p>\n\n\n\n<p>Salvador Santamar\u00eda saca de su archivo un recorte de presa de 1868 con un hecho que puede servir de reflexi\u00f3n y an\u00e1lisis sociol\u00f3gico de la \u00e9poca, no tan diferente de la sociedad actual. <\/p>\n\n\n\n<p class=\"has-text-align-left\"><em><span style=\"color:#4a22cd\" class=\"has-inline-color\">Hoy presentamos un anuncio del Bolet\u00edn Oficial de la provincia del 30 de Junio de 1868. En \u00e9l se comunica que se ha fugado de la Casa de Beneficencia (lo que vulgarmente se llamaba Hospicio) una ni\u00f1a natural de Mecerreyes. Como en otros anuncios de este tipo se hac\u00eda una peque\u00f1a rese\u00f1a de las caracter\u00edsticas f\u00edsicas de la persona, pues hay que recordar que a\u00fan no exist\u00eda la fotograf\u00eda, al menos su uso de forma habitual. No nos dan el dato de la edad de la ni\u00f1a, pero podemos suponer que tendr\u00eda entre los diez y los dieciocho a\u00f1os, pues parece poco probable que si fuera m\u00e1s joven se hubiera decidido a escaparse (aunque en aquellos tiempos los ni\u00f1os maduraban bastante antes que hoy en d\u00eda). Y a partir de los dieciocho a\u00f1os ya se les consideraba mayores para poder buscarse la vida por s\u00ed mismas.<\/span><\/em><br><em><span style=\"color:#4a22cd\" class=\"has-inline-color\"><br>Hay que tener en cuenta que al Hospicio se llevaban dos tipos de ni\u00f1os: los abandonados nada m\u00e1s nacer y los que entregaban las propias familias ya con cierta edad. En el primer caso sol\u00edan ser ni\u00f1os no deseados, en los que la madre que para evitar el rechazo social los entregaba en el Hospicio. Los embarazos antes del matrimonio no eran infrecuentes, pero entre la gente com\u00fan se arreglaba el asunto celebrando la boda r\u00e1pidamente. El problema se planteaba cuando el padre no pod\u00eda casarse, bien por estar ya casado o bien por pertenecer a la iglesia. En estos casos el ni\u00f1o acababa en el Hospicio, solo con una nota en la que se dec\u00eda que no estaba bautizada. A estos ni\u00f1os se los bautizaba r\u00e1pidamente y aqu\u00ed en Burgos era habitual darles el apellido Santamaria, por ser la advocaci\u00f3n bajo la que estaba la di\u00f3cesis titular del hospicio.<\/span><\/em><br><em><span style=\"color:#4a22cd\" class=\"has-inline-color\"><br>El otro grupo de ni\u00f1os lo formaban generalmente hu\u00e9rfanos. No era infrecuente que en un matrimonio murieran los dos c\u00f3nyuges con varios ni\u00f1os peque\u00f1os. En este caso los familiares cercanos valoraban la posibilidad de que los ni\u00f1os se mantuviesen solos, si alguno de los hermanos era lo suficientemente mayor como para hacerse cargo de los peque\u00f1os y si no era as\u00ed los llevaban al hospicio. Estos ni\u00f1os manten\u00edan su apellido y este deb\u00eda ser el caso de la fugada de la noticia.<\/span><\/em><br><em><span style=\"color:#4a22cd\" class=\"has-inline-color\"><br>Normalmente a muchos de los ni\u00f1os dejados en el Hospicio los acog\u00edan otras familias. Mientras los ni\u00f1os eran peque\u00f1os (hasta los seis u ocho a\u00f1os) las familias de acogida recib\u00edan un peque\u00f1o estipendio para ayudar en la crianza. En algunos casos al llegar a esta edad, las familias decid\u00edan devolverlos al hospicio puesto que ya no recib\u00edan nada y los ni\u00f1os aun no eran capaces de trabajar para ganarse su manutenci\u00f3n. Puesto que los ni\u00f1os ya se hab\u00edan adaptado a su nueva familia deb\u00eda resultarles duro tener que volver a abandonarla y no era raro que alguno se fugara intentando volver con su familia de acogida. Quiz\u00e1s este fue el caso, qui\u00e9n sabe?<\/span><\/em><br><em><span style=\"color:#4a22cd\" class=\"has-inline-color\"><br>No puedo dejar de se\u00f1alar un detalle que aparece en el recorte como es la menci\u00f3n a la salud de la reina (Isabel II) y su familia. Resulta un poco ir\u00f3nico si tenemos en cuenta que es el mes de Junio y en Septiembre se tuvo que exiliar a consecuencia de la Revoluci\u00f3n de 1868 llamada \u201cla Gloriosa\u201d.<br><\/span><\/em><strong>                                 Salvador Santamaria<\/strong><\/p>\n\n\n\n<p style=\"font-size:15px\"><em><span class=\"has-inline-color has-vivid-red-color\">(Nota: todo lo escrito es solamente mi opini\u00f3n, que someto a la de cualquiera que tenga mejor conocimiento que yo sobre este tema)<\/span><\/em><\/p>\n\n\n\n<figure class=\"wp-block-gallery columns-1 is-cropped wp-block-gallery-6 is-layout-flex wp-block-gallery-is-layout-flex\"><ul class=\"blocks-gallery-grid\"><li class=\"blocks-gallery-item\"><figure><a  href=\"https:\/\/www.mecerreyes.com\/mece\/wp-content\/uploads\/2024\/02\/1868-06-30-fuga-acogida-hospicio.png\" class=\"thickbox no_icon\" title=\"\"><img loading=\"lazy\" decoding=\"async\" width=\"180\" height=\"512\" src=\"https:\/\/www.mecerreyes.com\/mece\/wp-content\/uploads\/2024\/02\/1868-06-30-fuga-acogida-hospicio.png\" alt=\"\" data-id=\"24624\" data-full-url=\"https:\/\/www.mecerreyes.com\/mece\/wp-content\/uploads\/2024\/02\/1868-06-30-fuga-acogida-hospicio.png\" data-link=\"https:\/\/www.mecerreyes.com\/mece\/?attachment_id=24624\" class=\"wp-image-24624\" srcset=\"https:\/\/www.mecerreyes.com\/mece\/wp-content\/uploads\/2024\/02\/1868-06-30-fuga-acogida-hospicio.png 180w, https:\/\/www.mecerreyes.com\/mece\/wp-content\/uploads\/2024\/02\/1868-06-30-fuga-acogida-hospicio-105x300.png 105w\" sizes=\"(max-width: 180px) 100vw, 180px\" \/><\/a><\/figure><\/li><\/ul><\/figure>\n\n\n\n<div style=\"height:51px\" aria-hidden=\"true\" class=\"wp-block-spacer\"><\/div>\n\n\n\n<p style=\"font-size:22px\" class=\"has-text-color has-background has-very-dark-gray-color has-luminous-vivid-amber-background-color\"><strong>FALLECIMIENTOS<\/strong><\/p>\n\n\n\n<p>Mecerreyes va despidiendo a una generaci\u00f3n de valientes que representan la lucha, y el esfuerzo, que empezaron de la nada, recibieron muy poco y lo dieron todo, sabiendo transmitir sus valores y tradiciones. Descansen en Paz<\/p>\n\n\n\n<p><strong>D. CALIXTO SANTIAGO ARRIBAS D\u00cdEZ (Vdo. de D\u00f1a. \u00c1gueda Arribas Vicario)<\/strong> Falleci\u00f3 en Burgos el d\u00eda 7 de enero a los 84 a\u00f1os de edad, despedimos sus restos la tarde del d\u00eda 8 en la iglesia de Mecerreyes, ya descansa en el cementerio local. Su familia estar\u00e1 arropada por vecinos y amigos en estos duros momentos. <\/p>\n\n\n\n<figure class=\"wp-block-gallery columns-1 is-cropped wp-block-gallery-7 is-layout-flex wp-block-gallery-is-layout-flex\"><ul class=\"blocks-gallery-grid\"><li class=\"blocks-gallery-item\"><figure><img loading=\"lazy\" decoding=\"async\" width=\"823\" height=\"1024\" src=\"https:\/\/www.mecerreyes.com\/mece\/wp-content\/uploads\/2024\/02\/Santiago-Arribas-Diez-823x1024.jpg\" alt=\"\" data-id=\"24638\" data-full-url=\"https:\/\/www.mecerreyes.com\/mece\/wp-content\/uploads\/2024\/02\/Santiago-Arribas-Diez.jpg\" data-link=\"https:\/\/www.mecerreyes.com\/mece\/?attachment_id=24638\" class=\"wp-image-24638\" srcset=\"https:\/\/www.mecerreyes.com\/mece\/wp-content\/uploads\/2024\/02\/Santiago-Arribas-Diez-823x1024.jpg 823w, https:\/\/www.mecerreyes.com\/mece\/wp-content\/uploads\/2024\/02\/Santiago-Arribas-Diez-241x300.jpg 241w, https:\/\/www.mecerreyes.com\/mece\/wp-content\/uploads\/2024\/02\/Santiago-Arribas-Diez-768x955.jpg 768w, https:\/\/www.mecerreyes.com\/mece\/wp-content\/uploads\/2024\/02\/Santiago-Arribas-Diez-1235x1536.jpg 1235w, https:\/\/www.mecerreyes.com\/mece\/wp-content\/uploads\/2024\/02\/Santiago-Arribas-Diez-1646x2048.jpg 1646w, https:\/\/www.mecerreyes.com\/mece\/wp-content\/uploads\/2024\/02\/Santiago-Arribas-Diez-1080x1344.jpg 1080w, https:\/\/www.mecerreyes.com\/mece\/wp-content\/uploads\/2024\/02\/Santiago-Arribas-Diez.jpg 1672w\" sizes=\"(max-width: 823px) 100vw, 823px\" \/><\/figure><\/li><\/ul><\/figure>\n\n\n\n<figure class=\"wp-block-gallery columns-1 is-cropped wp-block-gallery-8 is-layout-flex wp-block-gallery-is-layout-flex\"><ul class=\"blocks-gallery-grid\"><li class=\"blocks-gallery-item\"><figure><img loading=\"lazy\" decoding=\"async\" width=\"666\" height=\"587\" src=\"https:\/\/www.mecerreyes.com\/mece\/wp-content\/uploads\/2024\/02\/Esquela-de-SANTIAGO-ARRIBAS-D\u00cdEZ.jpeg\" alt=\"\" data-id=\"24639\" data-full-url=\"https:\/\/www.mecerreyes.com\/mece\/wp-content\/uploads\/2024\/02\/Esquela-de-SANTIAGO-ARRIBAS-D\u00cdEZ.jpeg\" data-link=\"https:\/\/www.mecerreyes.com\/mece\/?attachment_id=24639\" class=\"wp-image-24639\" srcset=\"https:\/\/www.mecerreyes.com\/mece\/wp-content\/uploads\/2024\/02\/Esquela-de-SANTIAGO-ARRIBAS-D\u00cdEZ.jpeg 666w, https:\/\/www.mecerreyes.com\/mece\/wp-content\/uploads\/2024\/02\/Esquela-de-SANTIAGO-ARRIBAS-D\u00cdEZ-300x264.jpeg 300w\" sizes=\"(max-width: 666px) 100vw, 666px\" \/><\/figure><\/li><\/ul><\/figure>\n\n\n\n<div style=\"height:52px\" aria-hidden=\"true\" class=\"wp-block-spacer\"><\/div>\n\n\n\n<p><strong>D. FLORENCIO ARRIBAS ALONSO<\/strong> (<strong>Vdo. de Irene D\u00edez D\u00edez<\/strong>) falleci\u00f3 el d\u00eda 1 de febrero en Guipuzkoa a los 89 a\u00f1os de edad. Sus restos fueron despedidos en la Iglesia de Ntra. Se\u00f1ora de Aranzazu (Lasarte) donde recibi\u00f3 el \u00faltimo adi\u00f3s de sus hijos, nietos, familiares y amigos. <\/p>\n\n\n\n<figure class=\"wp-block-gallery columns-1 is-cropped wp-block-gallery-9 is-layout-flex wp-block-gallery-is-layout-flex\"><ul class=\"blocks-gallery-grid\"><li class=\"blocks-gallery-item\"><figure><img loading=\"lazy\" decoding=\"async\" width=\"597\" height=\"1024\" src=\"https:\/\/www.mecerreyes.com\/mece\/wp-content\/uploads\/2024\/02\/Esquela-de-FLORENCIO-ARRIBAS-ALONSO-597x1024.jpeg\" alt=\"\" data-id=\"24640\" data-full-url=\"https:\/\/www.mecerreyes.com\/mece\/wp-content\/uploads\/2024\/02\/Esquela-de-FLORENCIO-ARRIBAS-ALONSO.jpeg\" data-link=\"https:\/\/www.mecerreyes.com\/mece\/?attachment_id=24640\" class=\"wp-image-24640\" srcset=\"https:\/\/www.mecerreyes.com\/mece\/wp-content\/uploads\/2024\/02\/Esquela-de-FLORENCIO-ARRIBAS-ALONSO-597x1024.jpeg 597w, https:\/\/www.mecerreyes.com\/mece\/wp-content\/uploads\/2024\/02\/Esquela-de-FLORENCIO-ARRIBAS-ALONSO-175x300.jpeg 175w, https:\/\/www.mecerreyes.com\/mece\/wp-content\/uploads\/2024\/02\/Esquela-de-FLORENCIO-ARRIBAS-ALONSO.jpeg 720w\" sizes=\"(max-width: 597px) 100vw, 597px\" \/><\/figure><\/li><\/ul><\/figure>\n\n\n\n<div style=\"height:58px\" aria-hidden=\"true\" class=\"wp-block-spacer\"><\/div>\n\n\n\n<p style=\"font-size:22px\" class=\"has-background has-luminous-vivid-amber-background-color\"><strong>C.D. MECERREYES<\/strong><\/p>\n\n\n\n<p>Nuestro equipo de f\u00fatbol sigue trabajando por situarse en un buen puesto de la clasificaci\u00f3n en el Trofeo de la Diputaci\u00f3n Provincial de Burgos.<\/p>\n\n\n\n<p>En esta segunda fase se han obtenido los siguientes resultados:<\/p>\n\n\n\n<p>27-01-2024 Rioseras 4 &#8211; Mecerreyes 4<br>04-02-2024 Mecerreyes 1 &#8211; Basconcillos del Tozo 3<\/p>\n\n\n\n<p>Aunque la clasificaci\u00f3n en el comienzo de esta segunda fase, no muestra a nuestro equipo de Mecerreyes en el puesto que m\u00e1s nos hubiera gustado, si podemos presumir de la tabla de goleadores, donde vemos en primer lugar a Marcos Arce con 3 goles. Mucho \u00e1nimo a jugadores y afici\u00f3n. <\/p>\n\n\n\n<figure class=\"wp-block-gallery columns-1 is-cropped wp-block-gallery-10 is-layout-flex wp-block-gallery-is-layout-flex\"><ul class=\"blocks-gallery-grid\"><li class=\"blocks-gallery-item\"><figure><a  href=\"https:\/\/www.mecerreyes.com\/mece\/wp-content\/uploads\/2024\/02\/Trofeo-F\u00fatbol-Diputaci\u00f3n-equipo-Mecerreyes-temporada-23-24.jpg\" class=\"thickbox no_icon\" title=\"\"><img loading=\"lazy\" decoding=\"async\" width=\"388\" height=\"315\" src=\"https:\/\/www.mecerreyes.com\/mece\/wp-content\/uploads\/2024\/02\/Trofeo-F\u00fatbol-Diputaci\u00f3n-equipo-Mecerreyes-temporada-23-24.jpg\" alt=\"\" data-id=\"24635\" data-full-url=\"https:\/\/www.mecerreyes.com\/mece\/wp-content\/uploads\/2024\/02\/Trofeo-F\u00fatbol-Diputaci\u00f3n-equipo-Mecerreyes-temporada-23-24.jpg\" data-link=\"https:\/\/www.mecerreyes.com\/mece\/?attachment_id=24635\" class=\"wp-image-24635\" srcset=\"https:\/\/www.mecerreyes.com\/mece\/wp-content\/uploads\/2024\/02\/Trofeo-F\u00fatbol-Diputaci\u00f3n-equipo-Mecerreyes-temporada-23-24.jpg 388w, https:\/\/www.mecerreyes.com\/mece\/wp-content\/uploads\/2024\/02\/Trofeo-F\u00fatbol-Diputaci\u00f3n-equipo-Mecerreyes-temporada-23-24-300x244.jpg 300w\" sizes=\"(max-width: 388px) 100vw, 388px\" \/><\/a><\/figure><\/li><\/ul><\/figure>\n\n\n\n<figure class=\"wp-block-gallery columns-1 is-cropped wp-block-gallery-11 is-layout-flex wp-block-gallery-is-layout-flex\"><ul class=\"blocks-gallery-grid\"><li class=\"blocks-gallery-item\"><figure><a  href=\"https:\/\/www.mecerreyes.com\/mece\/wp-content\/uploads\/2024\/02\/Trofeo-F\u00fatbol-Diputaci\u00f3n-equipo-Mecerreyes-temporada-23-24-goleadores.jpg\" class=\"thickbox no_icon\" title=\"\"><img loading=\"lazy\" decoding=\"async\" width=\"917\" height=\"364\" src=\"https:\/\/www.mecerreyes.com\/mece\/wp-content\/uploads\/2024\/02\/Trofeo-F\u00fatbol-Diputaci\u00f3n-equipo-Mecerreyes-temporada-23-24-goleadores.jpg\" alt=\"\" data-id=\"24636\" data-full-url=\"https:\/\/www.mecerreyes.com\/mece\/wp-content\/uploads\/2024\/02\/Trofeo-F\u00fatbol-Diputaci\u00f3n-equipo-Mecerreyes-temporada-23-24-goleadores.jpg\" data-link=\"https:\/\/www.mecerreyes.com\/mece\/?attachment_id=24636\" class=\"wp-image-24636\" srcset=\"https:\/\/www.mecerreyes.com\/mece\/wp-content\/uploads\/2024\/02\/Trofeo-F\u00fatbol-Diputaci\u00f3n-equipo-Mecerreyes-temporada-23-24-goleadores.jpg 917w, https:\/\/www.mecerreyes.com\/mece\/wp-content\/uploads\/2024\/02\/Trofeo-F\u00fatbol-Diputaci\u00f3n-equipo-Mecerreyes-temporada-23-24-goleadores-300x119.jpg 300w, https:\/\/www.mecerreyes.com\/mece\/wp-content\/uploads\/2024\/02\/Trofeo-F\u00fatbol-Diputaci\u00f3n-equipo-Mecerreyes-temporada-23-24-goleadores-768x305.jpg 768w\" sizes=\"(max-width: 917px) 100vw, 917px\" \/><\/a><\/figure><\/li><\/ul><\/figure>\n\n\n\n<div style=\"height:63px\" aria-hidden=\"true\" class=\"wp-block-spacer\"><\/div>\n\n\n\n<p style=\"font-size:22px\" class=\"has-background has-luminous-vivid-amber-background-color\"><strong>DOMINGO GORDO 2024<\/strong><\/p>\n\n\n\n<p>Pasamos de poner el foco en las tradiciones cristianas a las paganas, y para el pr\u00f3ximo domingo 11 de febrero ya est\u00e1n previstos los itinerarios, disfraces, personajes, publicidad, y hasta el men\u00fa que permita estar en las calles de Mecerreyes desde los aguinaldos ma\u00f1aneros hasta el baile de rueda que pone fin a esta bonita tradici\u00f3n que cada vez va sumando m\u00e1s adeptos.<\/p>\n\n\n\n<figure class=\"wp-block-gallery columns-1 is-cropped wp-block-gallery-12 is-layout-flex wp-block-gallery-is-layout-flex\"><ul class=\"blocks-gallery-grid\"><li class=\"blocks-gallery-item\"><figure><a  href=\"https:\/\/www.mecerreyes.com\/mece\/wp-content\/uploads\/2024\/02\/Mecerreyes-cartel-Gallo-2024.jpeg\" class=\"thickbox no_icon\" title=\"\"><img loading=\"lazy\" decoding=\"async\" width=\"724\" height=\"1024\" src=\"https:\/\/www.mecerreyes.com\/mece\/wp-content\/uploads\/2024\/02\/Mecerreyes-cartel-Gallo-2024-724x1024.jpeg\" alt=\"\" data-id=\"24632\" data-full-url=\"https:\/\/www.mecerreyes.com\/mece\/wp-content\/uploads\/2024\/02\/Mecerreyes-cartel-Gallo-2024.jpeg\" data-link=\"https:\/\/www.mecerreyes.com\/mece\/?attachment_id=24632\" class=\"wp-image-24632\" srcset=\"https:\/\/www.mecerreyes.com\/mece\/wp-content\/uploads\/2024\/02\/Mecerreyes-cartel-Gallo-2024-724x1024.jpeg 724w, https:\/\/www.mecerreyes.com\/mece\/wp-content\/uploads\/2024\/02\/Mecerreyes-cartel-Gallo-2024-212x300.jpeg 212w, https:\/\/www.mecerreyes.com\/mece\/wp-content\/uploads\/2024\/02\/Mecerreyes-cartel-Gallo-2024-768x1087.jpeg 768w, https:\/\/www.mecerreyes.com\/mece\/wp-content\/uploads\/2024\/02\/Mecerreyes-cartel-Gallo-2024.jpeg 1080w\" sizes=\"(max-width: 724px) 100vw, 724px\" \/><\/a><\/figure><\/li><\/ul><\/figure>\n\n\n\n<p>El trabajo de recuperaci\u00f3n y difusi\u00f3n que desde los a\u00f1os 80&nbsp; se ha ido haciendo, ha dado sus frutos y son muchos los amigos de la cultura tradicional que no se pierden esta cita anual.<\/p>\n\n\n\n<p>Tambi\u00e9n es un logro que el <a  href=\"https:\/\/www.mecerreyes.com\/mece\/?page_id=24340\">Museo del Carnaval<\/a> est\u00e9 entre los m\u00e1s visitados de los de la red de Museos vivos de la provincia. .<\/p>\n\n\n\n<p><a  href=\"https:\/\/www.diariodeburgos.es\/noticia\/z8fe50e7d-d3a7-56dd-0e9333024e66b236\/202401\/los-museos-vivos-de-burgos-al-frente-de-los-mas-visitados\" target=\"_blank\" rel=\"noreferrer noopener\">Diario de Burgos: Los Museos vivos de Burgos, al frente de los m\u00e1s visitados<\/a><\/p>\n\n\n\n<figure class=\"wp-block-gallery columns-1 is-cropped wp-block-gallery-13 is-layout-flex wp-block-gallery-is-layout-flex\"><ul class=\"blocks-gallery-grid\"><li class=\"blocks-gallery-item\"><figure><img loading=\"lazy\" decoding=\"async\" width=\"827\" height=\"760\" src=\"https:\/\/www.mecerreyes.com\/mece\/wp-content\/uploads\/2024\/02\/Diario-de-Burgos-Los-Museos-Vivos-de-Burgos-al-frente-de-los-m\u00e1s-visitados.jpg\" alt=\"\" data-id=\"24623\" data-full-url=\"https:\/\/www.mecerreyes.com\/mece\/wp-content\/uploads\/2024\/02\/Diario-de-Burgos-Los-Museos-Vivos-de-Burgos-al-frente-de-los-m\u00e1s-visitados.jpg\" data-link=\"https:\/\/www.mecerreyes.com\/mece\/?attachment_id=24623\" class=\"wp-image-24623\" srcset=\"https:\/\/www.mecerreyes.com\/mece\/wp-content\/uploads\/2024\/02\/Diario-de-Burgos-Los-Museos-Vivos-de-Burgos-al-frente-de-los-m\u00e1s-visitados.jpg 827w, https:\/\/www.mecerreyes.com\/mece\/wp-content\/uploads\/2024\/02\/Diario-de-Burgos-Los-Museos-Vivos-de-Burgos-al-frente-de-los-m\u00e1s-visitados-300x276.jpg 300w, https:\/\/www.mecerreyes.com\/mece\/wp-content\/uploads\/2024\/02\/Diario-de-Burgos-Los-Museos-Vivos-de-Burgos-al-frente-de-los-m\u00e1s-visitados-768x706.jpg 768w\" sizes=\"(max-width: 827px) 100vw, 827px\" \/><\/figure><\/li><\/ul><\/figure>\n\n\n\n<div style=\"height:54px\" aria-hidden=\"true\" class=\"wp-block-spacer\"><\/div>\n\n\n\n<p style=\"font-size:22px\" class=\"has-background has-luminous-vivid-amber-background-color\"><strong>REFRANERO<\/strong><\/p>\n\n\n\n<ul class=\"wp-block-list\"><li><em>Enero&nbsp;helado y&nbsp;febrero&nbsp;aguado.<\/em><\/li><li><em>Por San Ant\u00f3n, cada uno a su rinc\u00f3n.<\/em><\/li><li><em>Por&nbsp;enero, vale m\u00e1s una gorra que un sombrero.<\/em><\/li><li><em>A\u00f1o ruin cuando llueve en&nbsp;enero&nbsp;y nieva en abril.&nbsp;<\/em><\/li><\/ul>\n\n\n\n<div style=\"height:65px\" aria-hidden=\"true\" class=\"wp-block-spacer\"><\/div>\n\n\n\n<figure class=\"wp-block-gallery columns-1 is-cropped wp-block-gallery-14 is-layout-flex wp-block-gallery-is-layout-flex\"><ul class=\"blocks-gallery-grid\"><li class=\"blocks-gallery-item\"><figure><a  href=\"http:\/\/www.mecerreyes.com\/mece\/wp-content\/uploads\/2024\/02\/Mecerreyes-cartel-Gallo-2024-724x1024.jpeg\" class=\"thickbox no_icon\" title=\"\"><img loading=\"lazy\" decoding=\"async\" width=\"724\" height=\"1024\" src=\"http:\/\/www.mecerreyes.com\/mece\/wp-content\/uploads\/2024\/02\/Mecerreyes-cartel-Gallo-2024-724x1024.jpeg\" alt=\"\" data-id=\"24632\" data-link=\"http:\/\/www.mecerreyes.com\/mece\/?attachment_id=24632\" class=\"wp-image-24632\" srcset=\"https:\/\/www.mecerreyes.com\/mece\/wp-content\/uploads\/2024\/02\/Mecerreyes-cartel-Gallo-2024-724x1024.jpeg 724w, https:\/\/www.mecerreyes.com\/mece\/wp-content\/uploads\/2024\/02\/Mecerreyes-cartel-Gallo-2024-212x300.jpeg 212w, https:\/\/www.mecerreyes.com\/mece\/wp-content\/uploads\/2024\/02\/Mecerreyes-cartel-Gallo-2024-768x1087.jpeg 768w, https:\/\/www.mecerreyes.com\/mece\/wp-content\/uploads\/2024\/02\/Mecerreyes-cartel-Gallo-2024.jpeg 1080w\" sizes=\"(max-width: 724px) 100vw, 724px\" \/><\/a><\/figure><\/li><li class=\"blocks-gallery-item\"><figure><a  href=\"https:\/\/www.mecerreyes.com\/mece\/wp-content\/uploads\/2024\/02\/Mecerreyes-cartel-Marzas-2024.jpeg\" class=\"thickbox no_icon\" title=\"\"><img loading=\"lazy\" decoding=\"async\" width=\"724\" height=\"1024\" src=\"https:\/\/www.mecerreyes.com\/mece\/wp-content\/uploads\/2024\/02\/Mecerreyes-cartel-Marzas-2024-724x1024.jpeg\" alt=\"\" data-id=\"24633\" data-full-url=\"https:\/\/www.mecerreyes.com\/mece\/wp-content\/uploads\/2024\/02\/Mecerreyes-cartel-Marzas-2024.jpeg\" data-link=\"https:\/\/www.mecerreyes.com\/mece\/?attachment_id=24633\" class=\"wp-image-24633\" srcset=\"https:\/\/www.mecerreyes.com\/mece\/wp-content\/uploads\/2024\/02\/Mecerreyes-cartel-Marzas-2024-724x1024.jpeg 724w, https:\/\/www.mecerreyes.com\/mece\/wp-content\/uploads\/2024\/02\/Mecerreyes-cartel-Marzas-2024-212x300.jpeg 212w, https:\/\/www.mecerreyes.com\/mece\/wp-content\/uploads\/2024\/02\/Mecerreyes-cartel-Marzas-2024-768x1087.jpeg 768w, https:\/\/www.mecerreyes.com\/mece\/wp-content\/uploads\/2024\/02\/Mecerreyes-cartel-Marzas-2024.jpeg 1080w\" sizes=\"(max-width: 724px) 100vw, 724px\" \/><\/a><\/figure><\/li><\/ul><\/figure>","protected":false},"excerpt":{"rendered":"<p>ENERO 2024 Nuestros mejores deseos para este nuevo a\u00f1o, ya ha pasado un mes de este reci\u00e9n estrenado 2024. A\u00f1o bisiesto, Pascua marcial, a\u00f1o fatal. \/\/ A\u00f1o bisiesto es de mala fortuna, berrean corderos y ovejas ninguna, se mueren las cabras y ovejas no queda una. Desde antiguo los m\u00e1s de cien mil refranes populares [&hellip;]<\/p>\n","protected":false},"author":5,"featured_media":24642,"comment_status":"open","ping_status":"closed","sticky":false,"template":"","format":"standard","meta":{"_et_pb_use_builder":"","_et_pb_old_content":"","_et_gb_content_width":"","footnotes":""},"categories":[1],"tags":[],"class_list":["post-24622","post","type-post","status-publish","format-standard","has-post-thumbnail","hentry","category-general","et-has-post-format-content","et_post_format-et-post-format-standard"],"_links":{"self":[{"href":"https:\/\/www.mecerreyes.com\/mece\/index.php?rest_route=\/wp\/v2\/posts\/24622"}],"collection":[{"href":"https:\/\/www.mecerreyes.com\/mece\/index.php?rest_route=\/wp\/v2\/posts"}],"about":[{"href":"https:\/\/www.mecerreyes.com\/mece\/index.php?rest_route=\/wp\/v2\/types\/post"}],"author":[{"embeddable":true,"href":"https:\/\/www.mecerreyes.com\/mece\/index.php?rest_route=\/wp\/v2\/users\/5"}],"replies":[{"embeddable":true,"href":"https:\/\/www.mecerreyes.com\/mece\/index.php?rest_route=%2Fwp%2Fv2%2Fcomments&post=24622"}],"version-history":[{"count":7,"href":"https:\/\/www.mecerreyes.com\/mece\/index.php?rest_route=\/wp\/v2\/posts\/24622\/revisions"}],"predecessor-version":[{"id":24645,"href":"https:\/\/www.mecerreyes.com\/mece\/index.php?rest_route=\/wp\/v2\/posts\/24622\/revisions\/24645"}],"wp:featuredmedia":[{"embeddable":true,"href":"https:\/\/www.mecerreyes.com\/mece\/index.php?rest_route=\/wp\/v2\/media\/24642"}],"wp:attachment":[{"href":"https:\/\/www.mecerreyes.com\/mece\/index.php?rest_route=%2Fwp%2Fv2%2Fmedia&parent=24622"}],"wp:term":[{"taxonomy":"category","embeddable":true,"href":"https:\/\/www.mecerreyes.com\/mece\/index.php?rest_route=%2Fwp%2Fv2%2Fcategories&post=24622"},{"taxonomy":"post_tag","embeddable":true,"href":"https:\/\/www.mecerreyes.com\/mece\/index.php?rest_route=%2Fwp%2Fv2%2Ftags&post=24622"}],"curies":[{"name":"wp","href":"https:\/\/api.w.org\/{rel}","templated":true}]}}