{"id":24852,"date":"2024-04-07T23:03:08","date_gmt":"2024-04-07T22:03:08","guid":{"rendered":"http:\/\/www.mecerreyes.com\/mece\/?p=24852"},"modified":"2024-04-07T23:03:09","modified_gmt":"2024-04-07T22:03:09","slug":"noticias-marzo-2024","status":"publish","type":"post","link":"https:\/\/www.mecerreyes.com\/mece\/?p=24852","title":{"rendered":"NOTICIAS MARZO 2024"},"content":{"rendered":"<p style=\"font-size:22px\" class=\"has-background has-luminous-vivid-amber-background-color\"><strong>MARZO 2024<\/strong><\/p>\n\n\n\n<p><span style=\"color:#1118f1\" class=\"has-inline-color\"><em>Lleg\u00f3 marzo el mes tercero,<\/em><br><em>abrigado con gorro y bufanda,<\/em><br><em>el sol tan placentero, le dijo:<\/em><br><em>No es para tanto \u00a1anda!<\/em><br><em>\u00a1Yo ya me puse el sombrero!<\/em><\/span><\/p>\n\n\n\n<p><span style=\"color:#4226f8\" class=\"has-inline-color\">(Rosa Cortizo)<\/span><\/p>\n\n\n\n<p>Pues s\u00ed, marzo lleg\u00f3 y se despidi\u00f3 con nieve, hemos necesitado gorros, bufandas y paraguas, la lluvia y el fr\u00edo casi no han dado tregua, cantamos <a  href=\"https:\/\/www.mecerreyes.com\/mece\/?page_id=47\">las marzas<\/a> sorteando los copos de nieve, los hortelanos han retrasado sus labores por el exceso de agua, y esta fue la causa por la que la <a  href=\"https:\/\/www.mecerreyes.com\/mece\/?page_id=48\">Semana Santa<\/a> privada de viacrucis y procesi\u00f3n del domingo de Pascua ha quedado deslucida.<\/p>\n\n\n\n<p>Este mes de transici\u00f3n estacional, el invierno ha dado sus coletazos hasta el \u00faltimo d\u00eda y no hemos podido pasar del gorro al sombrero. <\/p>\n\n\n\n<figure class=\"wp-block-gallery columns-1 is-cropped wp-block-gallery-1 is-layout-flex wp-block-gallery-is-layout-flex\"><ul class=\"blocks-gallery-grid\"><li class=\"blocks-gallery-item\"><figure><a  href=\"https:\/\/www.mecerreyes.com\/mece\/wp-content\/uploads\/2024\/04\/Carboneras-Mecerreyes-nevadas-marzo-2024-1.jpeg\" class=\"thickbox no_icon\" title=\"\"><img loading=\"lazy\" decoding=\"async\" width=\"1024\" height=\"756\" src=\"https:\/\/www.mecerreyes.com\/mece\/wp-content\/uploads\/2024\/04\/Carboneras-Mecerreyes-nevadas-marzo-2024-1-1024x756.jpeg\" alt=\"\" data-id=\"24890\" data-full-url=\"https:\/\/www.mecerreyes.com\/mece\/wp-content\/uploads\/2024\/04\/Carboneras-Mecerreyes-nevadas-marzo-2024-1.jpeg\" data-link=\"https:\/\/www.mecerreyes.com\/mece\/?attachment_id=24890\" class=\"wp-image-24890\" srcset=\"https:\/\/www.mecerreyes.com\/mece\/wp-content\/uploads\/2024\/04\/Carboneras-Mecerreyes-nevadas-marzo-2024-1-1024x756.jpeg 1024w, https:\/\/www.mecerreyes.com\/mece\/wp-content\/uploads\/2024\/04\/Carboneras-Mecerreyes-nevadas-marzo-2024-1-300x221.jpeg 300w, https:\/\/www.mecerreyes.com\/mece\/wp-content\/uploads\/2024\/04\/Carboneras-Mecerreyes-nevadas-marzo-2024-1-768x567.jpeg 768w, https:\/\/www.mecerreyes.com\/mece\/wp-content\/uploads\/2024\/04\/Carboneras-Mecerreyes-nevadas-marzo-2024-1-1080x797.jpeg 1080w, https:\/\/www.mecerreyes.com\/mece\/wp-content\/uploads\/2024\/04\/Carboneras-Mecerreyes-nevadas-marzo-2024-1.jpeg 1134w\" sizes=\"(max-width: 1024px) 100vw, 1024px\" \/><\/a><\/figure><\/li><li class=\"blocks-gallery-item\"><figure><a  href=\"https:\/\/www.mecerreyes.com\/mece\/wp-content\/uploads\/2024\/04\/Carboneras-Mecerreyes-nevadas-marzo-2024-2.jpeg\" class=\"thickbox no_icon\" title=\"\"><img loading=\"lazy\" decoding=\"async\" width=\"1024\" height=\"740\" src=\"https:\/\/www.mecerreyes.com\/mece\/wp-content\/uploads\/2024\/04\/Carboneras-Mecerreyes-nevadas-marzo-2024-2-1024x740.jpeg\" alt=\"\" data-id=\"24891\" data-full-url=\"https:\/\/www.mecerreyes.com\/mece\/wp-content\/uploads\/2024\/04\/Carboneras-Mecerreyes-nevadas-marzo-2024-2.jpeg\" data-link=\"https:\/\/www.mecerreyes.com\/mece\/?attachment_id=24891\" class=\"wp-image-24891\" srcset=\"https:\/\/www.mecerreyes.com\/mece\/wp-content\/uploads\/2024\/04\/Carboneras-Mecerreyes-nevadas-marzo-2024-2-1024x740.jpeg 1024w, https:\/\/www.mecerreyes.com\/mece\/wp-content\/uploads\/2024\/04\/Carboneras-Mecerreyes-nevadas-marzo-2024-2-300x217.jpeg 300w, https:\/\/www.mecerreyes.com\/mece\/wp-content\/uploads\/2024\/04\/Carboneras-Mecerreyes-nevadas-marzo-2024-2-768x555.jpeg 768w, https:\/\/www.mecerreyes.com\/mece\/wp-content\/uploads\/2024\/04\/Carboneras-Mecerreyes-nevadas-marzo-2024-2-1080x781.jpeg 1080w, https:\/\/www.mecerreyes.com\/mece\/wp-content\/uploads\/2024\/04\/Carboneras-Mecerreyes-nevadas-marzo-2024-2.jpeg 1134w\" sizes=\"(max-width: 1024px) 100vw, 1024px\" \/><\/a><\/figure><\/li><\/ul><\/figure>\n\n\n\n<div style=\"height:45px\" aria-hidden=\"true\" class=\"wp-block-spacer\"><\/div>\n\n\n\n<p style=\"font-size:22px\" class=\"has-background has-luminous-vivid-amber-background-color\"><strong>EFEM\u00c9RIDES<\/strong><\/p>\n\n\n\n<ul class=\"wp-block-list\"><li>El 2, Recogida de t\u00e1mbaras y canto de\u00a0<a  href=\"https:\/\/www.mecerreyes.com\/mece\/?page_id=47\">Las Marzas<\/a>\u00a0en Mecerreyes.<\/li><li>El 3, D\u00eda de la Naturaleza.<\/li><li>El 8, D\u00eda de la Mujer.<\/li><li>El 10, D\u00eda del M\u00e9dico.<\/li><li>El 21, D\u00eda Mundial del S\u00edndrome de Down.<\/li><li>El 22, D\u00eda Mundial del Agua<\/li><\/ul>\n\n\n\n<p>Marzo celebra la VIDA con diferentes efem\u00e9rides:<\/p>\n\n\n\n<ul class=\"wp-block-list\"><li>La llegada de la primavera por lo que representa, y bien que le cantamos las coplas el d\u00eda 2.<\/li><li>El D\u00eda Mundial del Agua, sin duda elemento indispensable para la misma, y ha ca\u00eddo tanta que pantanos, humedales y manantiales se han repuesto para el alivio de todos.<\/li><li>Y el D\u00eda de la Mujer, que las de Mecerreyes celebraron con una cena en el Bar la Villa dando rienda a una sobremesa de compartir inquietudes, alegr\u00edas y penas. <\/li><\/ul>\n\n\n\n<p>Desde este medio queremos homenajearlas retomando la escultura realizada por <strong>\u00c1ngel Gil<\/strong> en su honor, y con sendas poes\u00edas de nuestra amiga <strong>Rosa Cortizo Alonso<\/strong>.<\/p>\n\n\n\n<p><span style=\"color:#2c22f0\" class=\"has-inline-color\"><em>Lava que lava la lavandera,<\/em><br><em>ropa tan blanca sobre la piedra,<\/em><br><em>sobre la piedra lava con tal pasi\u00f3n,<\/em><br><em>con la blanca espuma que hace el jab\u00f3n.<\/em><br><em>La ropa limpia que huele a flor<\/em><br><em>es blanqueada por los rayos del sol.<\/em><br><em>Y de la moza aldeana brota este cantar\u2026<\/em><br><em>\u201cEn el lavadero te he visto lavar<\/em><br><em>y me pareciste sirena del mar\u2026\u201d <\/em><strong>Rosa Cortizo<\/strong><\/span><\/p>\n\n\n\n<div style=\"height:50px\" aria-hidden=\"true\" class=\"wp-block-spacer\"><\/div>\n\n\n\n<figure class=\"wp-block-gallery columns-1 is-cropped wp-block-gallery-2 is-layout-flex wp-block-gallery-is-layout-flex\"><ul class=\"blocks-gallery-grid\"><li class=\"blocks-gallery-item\"><figure><a  href=\"https:\/\/www.mecerreyes.com\/mece\/wp-content\/uploads\/2024\/04\/Mecerreyes-marzo-2024.jpeg\" class=\"thickbox no_icon\" title=\"\"><img loading=\"lazy\" decoding=\"async\" width=\"500\" height=\"700\" src=\"https:\/\/www.mecerreyes.com\/mece\/wp-content\/uploads\/2024\/04\/Mecerreyes-marzo-2024.jpeg\" alt=\"\" data-id=\"24892\" data-full-url=\"https:\/\/www.mecerreyes.com\/mece\/wp-content\/uploads\/2024\/04\/Mecerreyes-marzo-2024.jpeg\" data-link=\"https:\/\/www.mecerreyes.com\/mece\/?attachment_id=24892\" class=\"wp-image-24892\" srcset=\"https:\/\/www.mecerreyes.com\/mece\/wp-content\/uploads\/2024\/04\/Mecerreyes-marzo-2024.jpeg 500w, https:\/\/www.mecerreyes.com\/mece\/wp-content\/uploads\/2024\/04\/Mecerreyes-marzo-2024-214x300.jpeg 214w\" sizes=\"(max-width: 500px) 100vw, 500px\" \/><\/a><\/figure><\/li><\/ul><\/figure>\n\n\n\n<p><span style=\"color:#2c22f0\" class=\"has-inline-color\"><em>Aprendi\u00f3 a coser sus sue\u00f1os,<\/em><br><em>e hilvanar sus recuerdos,<\/em><br><em>con puntadas de cari\u00f1o,<\/em><br><em>y vainicas de sufrimiento,<\/em><br><em>las uni\u00f3 a su destino,<\/em><br><em>para ganarse el sustento.<\/em><br><em>De fresca miel tu pelo,<\/em><br><em>de trigo tu ombligo.<\/em><br><em>Mujer desde lo olvidado<\/em><br><em>Mujer tu vientre pre\u00f1ado.<\/em><br><em>Mujer de acero,<\/em><br><em>Olvidada, resignada o empoderada.<\/em><br><em>Mujer de pasado, futuro y presente.<\/em><br><em>Mujer que sufre y siente.<\/em><br><em>MUJER SIEMPRE<\/em><\/span><br> <a><strong>Rosa Cortizo<\/strong><\/a><\/p>\n\n\n\n<div style=\"height:56px\" aria-hidden=\"true\" class=\"wp-block-spacer\"><\/div>\n\n\n\n<p style=\"font-size:22px\" class=\"has-background has-luminous-vivid-amber-background-color\"><strong>NACIMIENTO<\/strong><\/p>\n\n\n\n<p><strong>ENARA DE LA FUENTE SANTAMAR\u00cdA<\/strong> naci\u00f3 el d\u00eda 1 de marzo, esta preciosa ni\u00f1a ya hace las delicias de sus pap\u00e1s Aritz e In\u00e9s Santamar\u00eda Vicario. Ya ha pasado unos d\u00edas en Mecerreyes donde t\u00edos y primos la han disfrutado.<\/p>\n\n\n\n<p>Sus abuelos Pedro Luis y Mauri posan embelesados con ella y comparten su alegr\u00eda con todos nosotros. <\/p>\n\n\n\n<figure class=\"wp-block-gallery columns-1 is-cropped wp-block-gallery-3 is-layout-flex wp-block-gallery-is-layout-flex\"><ul class=\"blocks-gallery-grid\"><li class=\"blocks-gallery-item\"><figure><a  href=\"https:\/\/www.mecerreyes.com\/mece\/wp-content\/uploads\/2024\/04\/Nacimiento-de-Enara-de-la-Fuente-Santamaria.jpg\" class=\"thickbox no_icon\" title=\"\"><img loading=\"lazy\" decoding=\"async\" width=\"1024\" height=\"768\" src=\"https:\/\/www.mecerreyes.com\/mece\/wp-content\/uploads\/2024\/04\/Nacimiento-de-Enara-de-la-Fuente-Santamaria-1024x768.jpg\" alt=\"\" data-id=\"24893\" data-full-url=\"https:\/\/www.mecerreyes.com\/mece\/wp-content\/uploads\/2024\/04\/Nacimiento-de-Enara-de-la-Fuente-Santamaria.jpg\" data-link=\"https:\/\/www.mecerreyes.com\/mece\/?attachment_id=24893\" class=\"wp-image-24893\" srcset=\"https:\/\/www.mecerreyes.com\/mece\/wp-content\/uploads\/2024\/04\/Nacimiento-de-Enara-de-la-Fuente-Santamaria-1024x768.jpg 1024w, https:\/\/www.mecerreyes.com\/mece\/wp-content\/uploads\/2024\/04\/Nacimiento-de-Enara-de-la-Fuente-Santamaria-300x225.jpg 300w, https:\/\/www.mecerreyes.com\/mece\/wp-content\/uploads\/2024\/04\/Nacimiento-de-Enara-de-la-Fuente-Santamaria-768x576.jpg 768w, https:\/\/www.mecerreyes.com\/mece\/wp-content\/uploads\/2024\/04\/Nacimiento-de-Enara-de-la-Fuente-Santamaria-1536x1152.jpg 1536w, https:\/\/www.mecerreyes.com\/mece\/wp-content\/uploads\/2024\/04\/Nacimiento-de-Enara-de-la-Fuente-Santamaria-2048x1536.jpg 2048w, https:\/\/www.mecerreyes.com\/mece\/wp-content\/uploads\/2024\/04\/Nacimiento-de-Enara-de-la-Fuente-Santamaria-1080x810.jpg 1080w\" sizes=\"(max-width: 1024px) 100vw, 1024px\" \/><\/a><\/figure><\/li><\/ul><\/figure>\n\n\n\n<div style=\"height:59px\" aria-hidden=\"true\" class=\"wp-block-spacer\"><\/div>\n\n\n\n<p style=\"font-size:22px\" class=\"has-background has-luminous-vivid-amber-background-color\"><strong>DEFUNCIONES<\/strong><\/p>\n\n\n\n<p>Marzo se ha cobrado la vida de tres guiletos muy queridos habiendo dejado un gran poso entre sus familiares y amigos.<\/p>\n\n\n\n<p>Desde este medio nos unimos a sus familiares en el dolor de su despedida. <strong>Descansen en Paz<\/strong><\/p>\n\n\n\n<div class=\"wp-block-media-text alignwide has-background has-very-light-gray-background-color is-stacked-on-mobile\"><figure class=\"wp-block-media-text__media\"><img loading=\"lazy\" decoding=\"async\" width=\"358\" height=\"493\" src=\"http:\/\/www.mecerreyes.com\/mece\/wp-content\/uploads\/2024\/04\/Francisco-Javier-Arribas-Burgos.jpg\" alt=\"\" class=\"wp-image-24895\" srcset=\"https:\/\/www.mecerreyes.com\/mece\/wp-content\/uploads\/2024\/04\/Francisco-Javier-Arribas-Burgos.jpg 358w, https:\/\/www.mecerreyes.com\/mece\/wp-content\/uploads\/2024\/04\/Francisco-Javier-Arribas-Burgos-218x300.jpg 218w\" sizes=\"(max-width: 358px) 100vw, 358px\" \/><\/figure><div class=\"wp-block-media-text__content\">\n<p style=\"font-size:17px\"><strong>D. JAVIER ARRIBAS BURGOS<\/strong> (Vdo.\u00a0 de Iluminada Celorrio Ciriano) falleci\u00f3 en Mecerreyes el d\u00eda 9 de marzo a los 76 a\u00f1os de edad, la tarde del d\u00eda 10 se celebraron sus honras f\u00fanebres en la Iglesia Parroquial de Mecerreyes, familia y amigos le acompa\u00f1aron hasta el cementerio local donde descansa con su querida esposa.<\/p>\n<\/div><\/div>\n\n\n\n<figure class=\"wp-block-gallery columns-1 is-cropped wp-block-gallery-4 is-layout-flex wp-block-gallery-is-layout-flex\"><ul class=\"blocks-gallery-grid\"><li class=\"blocks-gallery-item\"><figure><a  href=\"https:\/\/www.mecerreyes.com\/mece\/wp-content\/uploads\/2024\/04\/Esquela-de-Francisco-Javier-Arribas-Burgos-632x1024.jpeg\" class=\"thickbox no_icon\" title=\"\"><img loading=\"lazy\" decoding=\"async\" width=\"632\" height=\"1024\" src=\"https:\/\/www.mecerreyes.com\/mece\/wp-content\/uploads\/2024\/04\/Esquela-de-Francisco-Javier-Arribas-Burgos-632x1024.jpeg\" alt=\"\" data-id=\"24894\" data-link=\"https:\/\/www.mecerreyes.com\/mece\/?attachment_id=24894\" class=\"wp-image-24894\" srcset=\"https:\/\/www.mecerreyes.com\/mece\/wp-content\/uploads\/2024\/04\/Esquela-de-Francisco-Javier-Arribas-Burgos-632x1024.jpeg 632w, https:\/\/www.mecerreyes.com\/mece\/wp-content\/uploads\/2024\/04\/Esquela-de-Francisco-Javier-Arribas-Burgos-185x300.jpeg 185w, https:\/\/www.mecerreyes.com\/mece\/wp-content\/uploads\/2024\/04\/Esquela-de-Francisco-Javier-Arribas-Burgos.jpeg 708w\" sizes=\"(max-width: 632px) 100vw, 632px\" \/><\/a><\/figure><\/li><\/ul><\/figure>\n\n\n\n<div style=\"height:56px\" aria-hidden=\"true\" class=\"wp-block-spacer\"><\/div>\n\n\n\n<hr class=\"wp-block-separator\"\/>\n\n\n\n<div class=\"wp-block-media-text alignwide has-background has-very-light-gray-background-color is-stacked-on-mobile\"><figure class=\"wp-block-media-text__media\"><img loading=\"lazy\" decoding=\"async\" width=\"695\" height=\"1024\" src=\"https:\/\/www.mecerreyes.com\/mece\/wp-content\/uploads\/2024\/04\/Marta-Arribas-Alonso-695x1024.jpg\" alt=\"\" class=\"wp-image-24896\" srcset=\"https:\/\/www.mecerreyes.com\/mece\/wp-content\/uploads\/2024\/04\/Marta-Arribas-Alonso-695x1024.jpg 695w, https:\/\/www.mecerreyes.com\/mece\/wp-content\/uploads\/2024\/04\/Marta-Arribas-Alonso-203x300.jpg 203w, https:\/\/www.mecerreyes.com\/mece\/wp-content\/uploads\/2024\/04\/Marta-Arribas-Alonso-768x1132.jpg 768w, https:\/\/www.mecerreyes.com\/mece\/wp-content\/uploads\/2024\/04\/Marta-Arribas-Alonso-1042x1536.jpg 1042w, https:\/\/www.mecerreyes.com\/mece\/wp-content\/uploads\/2024\/04\/Marta-Arribas-Alonso-1389x2048.jpg 1389w, https:\/\/www.mecerreyes.com\/mece\/wp-content\/uploads\/2024\/04\/Marta-Arribas-Alonso-1080x1592.jpg 1080w, https:\/\/www.mecerreyes.com\/mece\/wp-content\/uploads\/2024\/04\/Marta-Arribas-Alonso-scaled.jpg 1736w\" sizes=\"(max-width: 695px) 100vw, 695px\" \/><\/figure><div class=\"wp-block-media-text__content\">\n<p style=\"font-size:17px\"><strong>D\u00f1a. MARTA ARRIBAS ALONSO<\/strong> (Vda. de Nicol\u00e1s Orcajo Alonso) falleci\u00f3 en Burgos el d\u00eda 11 de marzo a los 94 a\u00f1os de edad. La tarde del d\u00eda 12 se celebr\u00f3 su funeral en la Iglesia de <a  href=\"https:\/\/www.mecerreyes.com\/mece\/?page_id=58\">San Mart\u00edn<\/a> de Mecerreyes, los vecinos y amigos acompa\u00f1aron a sus hijos y familiares hasta el cementerio local<\/p>\n<\/div><\/div>\n\n\n\n<figure class=\"wp-block-gallery columns-1 is-cropped wp-block-gallery-5 is-layout-flex wp-block-gallery-is-layout-flex\"><ul class=\"blocks-gallery-grid\"><li class=\"blocks-gallery-item\"><figure><a  href=\"https:\/\/www.mecerreyes.com\/mece\/wp-content\/uploads\/2024\/04\/Esquela-de-Marta-Arribas-Alonso.jpg\" class=\"thickbox no_icon\" title=\"\"><img loading=\"lazy\" decoding=\"async\" width=\"1024\" height=\"782\" src=\"https:\/\/www.mecerreyes.com\/mece\/wp-content\/uploads\/2024\/04\/Esquela-de-Marta-Arribas-Alonso-1024x782.jpg\" alt=\"\" data-id=\"24897\" data-full-url=\"https:\/\/www.mecerreyes.com\/mece\/wp-content\/uploads\/2024\/04\/Esquela-de-Marta-Arribas-Alonso.jpg\" data-link=\"https:\/\/www.mecerreyes.com\/mece\/?attachment_id=24897\" class=\"wp-image-24897\" srcset=\"https:\/\/www.mecerreyes.com\/mece\/wp-content\/uploads\/2024\/04\/Esquela-de-Marta-Arribas-Alonso-1024x782.jpg 1024w, https:\/\/www.mecerreyes.com\/mece\/wp-content\/uploads\/2024\/04\/Esquela-de-Marta-Arribas-Alonso-300x229.jpg 300w, https:\/\/www.mecerreyes.com\/mece\/wp-content\/uploads\/2024\/04\/Esquela-de-Marta-Arribas-Alonso-768x586.jpg 768w, https:\/\/www.mecerreyes.com\/mece\/wp-content\/uploads\/2024\/04\/Esquela-de-Marta-Arribas-Alonso.jpg 1066w\" sizes=\"(max-width: 1024px) 100vw, 1024px\" \/><\/a><\/figure><\/li><\/ul><\/figure>\n\n\n\n<hr class=\"wp-block-separator\"\/>\n\n\n\n<div style=\"height:55px\" aria-hidden=\"true\" class=\"wp-block-spacer\"><\/div>\n\n\n\n<div class=\"wp-block-media-text alignwide is-stacked-on-mobile\"><figure class=\"wp-block-media-text__media\"><img loading=\"lazy\" decoding=\"async\" width=\"813\" height=\"1024\" src=\"https:\/\/www.mecerreyes.com\/mece\/wp-content\/uploads\/2024\/04\/Dorita-Alonso-Alonso-813x1024.jpg\" alt=\"\" class=\"wp-image-24899\" srcset=\"https:\/\/www.mecerreyes.com\/mece\/wp-content\/uploads\/2024\/04\/Dorita-Alonso-Alonso-813x1024.jpg 813w, https:\/\/www.mecerreyes.com\/mece\/wp-content\/uploads\/2024\/04\/Dorita-Alonso-Alonso-238x300.jpg 238w, https:\/\/www.mecerreyes.com\/mece\/wp-content\/uploads\/2024\/04\/Dorita-Alonso-Alonso-768x968.jpg 768w, https:\/\/www.mecerreyes.com\/mece\/wp-content\/uploads\/2024\/04\/Dorita-Alonso-Alonso.jpg 1076w\" sizes=\"(max-width: 813px) 100vw, 813px\" \/><\/figure><div class=\"wp-block-media-text__content\">\n<p style=\"font-size:17px\" class=\"has-background has-very-light-gray-background-color\"><strong>D\u00f1a. TEODORA ALONSO ALONSO<\/strong> (Vda. de D. Marcelino Santamar\u00eda Alonso) falleci\u00f3 en Burgos el d\u00eda 27 de marzo a los 97 a\u00f1os de edad, el d\u00eda 28, la Comunidad Neocatecumenal a la que pertenec\u00eda, as\u00ed como los guiletos en los que dej\u00f3 profunda huella, celebraron la vida de Dorita y acompa\u00f1aron a su hijo Roberto en las honras f\u00fanebres y conducci\u00f3n de su cuerpo hasta el cementerio local donde ya descansa junto a su querido esposo.<\/p>\n<\/div><\/div>\n\n\n\n<figure class=\"wp-block-gallery columns-1 is-cropped wp-block-gallery-6 is-layout-flex wp-block-gallery-is-layout-flex\"><ul class=\"blocks-gallery-grid\"><li class=\"blocks-gallery-item\"><figure><a  href=\"https:\/\/www.mecerreyes.com\/mece\/wp-content\/uploads\/2024\/04\/Esquela-de-Dorita-Alonso-Alonso-scaled.jpg\" class=\"thickbox no_icon\" title=\"\"><img loading=\"lazy\" decoding=\"async\" width=\"1024\" height=\"855\" src=\"https:\/\/www.mecerreyes.com\/mece\/wp-content\/uploads\/2024\/04\/Esquela-de-Dorita-Alonso-Alonso-1024x855.jpg\" alt=\"\" data-id=\"24898\" data-full-url=\"https:\/\/www.mecerreyes.com\/mece\/wp-content\/uploads\/2024\/04\/Esquela-de-Dorita-Alonso-Alonso-scaled.jpg\" data-link=\"https:\/\/www.mecerreyes.com\/mece\/?attachment_id=24898\" class=\"wp-image-24898\" srcset=\"https:\/\/www.mecerreyes.com\/mece\/wp-content\/uploads\/2024\/04\/Esquela-de-Dorita-Alonso-Alonso-1024x855.jpg 1024w, https:\/\/www.mecerreyes.com\/mece\/wp-content\/uploads\/2024\/04\/Esquela-de-Dorita-Alonso-Alonso-300x250.jpg 300w, https:\/\/www.mecerreyes.com\/mece\/wp-content\/uploads\/2024\/04\/Esquela-de-Dorita-Alonso-Alonso-768x641.jpg 768w, https:\/\/www.mecerreyes.com\/mece\/wp-content\/uploads\/2024\/04\/Esquela-de-Dorita-Alonso-Alonso-1536x1282.jpg 1536w, https:\/\/www.mecerreyes.com\/mece\/wp-content\/uploads\/2024\/04\/Esquela-de-Dorita-Alonso-Alonso-2048x1710.jpg 2048w, https:\/\/www.mecerreyes.com\/mece\/wp-content\/uploads\/2024\/04\/Esquela-de-Dorita-Alonso-Alonso-1080x902.jpg 1080w\" sizes=\"(max-width: 1024px) 100vw, 1024px\" \/><\/a><\/figure><\/li><\/ul><\/figure>\n\n\n\n<div style=\"height:45px\" aria-hidden=\"true\" class=\"wp-block-spacer\"><\/div>\n\n\n\n<p style=\"font-size:22px\" class=\"has-background has-luminous-vivid-amber-background-color\"><strong>HACE M\u00c1S DE UN SIGLO<\/strong><\/p>\n\n\n\n<p>Salvador Santamar\u00eda nos acerca otro recorte de su colecci\u00f3n de publicaciones antiguas sobre Mecerreyes. \u00a0<\/p>\n\n\n\n<p><span style=\"color:#311bd6\" class=\"has-inline-color\">Este mes volvemos a traer acuerdos de la Diputaci\u00f3n de Burgos que afectaban a nuestro pueblo. Pero en este caso, los acuerdos son de naturaleza militar. Ya cont\u00e9 en el anterior n\u00famero que las Diputaciones creadas hacia poco, se encargaban de numerosos temas entre los que estaba el servicio militar.<\/span><\/p>\n\n\n\n<p><span style=\"color:#311bd6\" class=\"has-inline-color\">Hay que aclarar que el Servicio militar obligatorio se hab\u00eda instaurado con las revoluciones liberales del siglo XIX, considerando que si el pueblo era soberano deb\u00eda asumir asimismo su defensa. No obstante no todo el mundo ten\u00eda que cumplir este servicio. ( El nombre de \u201cquintos\u201d procede de las reclutas que se hac\u00edan de un mozo de cada cinco, el quinto). El gobierno calculaba las necesidades de personal para el ej\u00e9rcito y una vez establecido el n\u00famero de soldados que se necesitaban, se repart\u00edan entre las distintas provincias. Las Diputaciones, que ten\u00edan que reclutar un n\u00famero determinado, lo repart\u00edan entre los distintos ayuntamientos. Y estos llamaban a los mozos en edad militar que fueran vecinos. Los agrupaban por a\u00f1os de nacimiento y dentro de cada grupo se sorteaba el orden de cada uno. Los primeros en salir dentro del grupo de los m\u00e1s j\u00f3venes eran los que se incorporaban al servicio militar. Si en este a\u00f1o no hab\u00eda suficientes mozos para cubrir el cupo se continuaba con los nacidos el a\u00f1o anterior y as\u00ed sucesivamente. Adem\u00e1s, hab\u00eda una serie de causas por las que un mozo pod\u00eda librarse de ir al Ejercito (no estar en condiciones f\u00edsicas, no dar la talla m\u00ednima exigida, ser hijo de viuda o de padre sexagenario pobre, ser hu\u00e9rfano y tener hermanos a su cargo etc.) Pero adem\u00e1s uno pod\u00eda librase de ir si pagaba una cantidad determinada de dinero (bastante elevada para la gente corriente) lo que hac\u00eda que de soldados fueran sobre todo los pobres. Y adem\u00e1s hab\u00eda otra forma de soslayar el servicio militar y era presentando un sustituto que fuera por ti, al que generalmente hab\u00eda que pagarle una compensaci\u00f3n. (Estos sustitutos sol\u00edan ser gente a\u00fan m\u00e1s pobre).<\/span><\/p>\n\n\n\n<p><span style=\"color:#311bd6\" class=\"has-inline-color\">La situaci\u00f3n de Espa\u00f1a en esta \u00e9poca del siglo XIX era bastante complicada. Por una parte segu\u00edan coleando las guerras carlistas con acciones militares de vez en cuando (como ya comentamos en otro recorte anterior) y por otra a\u00fan se manten\u00edan ciertas colonias (Cuba y Filipinas) con ansias de independencia, lo que hac\u00eda que hubiera enfrentamientos militares de vez en cuando. Todo ello, junto con las condiciones de vida del ejercito hacia que no fuera nada apetecible irse al Servicio militar. Todo el que pod\u00eda intentaba librarse, bien de forma legal o ilegal. Eso daba lugar a m\u00faltiples reclamaciones que ten\u00eda que resolver la Diputaci\u00f3n.<\/span><\/p>\n\n\n\n<p><span style=\"color:#311bd6\" class=\"has-inline-color\">Son los casos que presentamos. Por una parte un mozo, Manuel Arribas, hab\u00eda conseguido un sustituto y hab\u00eda que certific\u00e1rselo. Por otra parte hab\u00eda una disputa con Jaramillo Quemado sobre a quien correspond\u00eda el mozo que se iba a incorporar. Por el apellido Moncalvillo parece que no era de ascendencia de Mecerreyes, seguramente era nacido en Jaramillo pero su familia se habr\u00eda avecindado en Mecerreyes, por lo que le correspondi\u00f3 incorporarse por nuestro pueblo.<\/span><\/p>\n\n\n\n<p><span style=\"color:#311bd6\" class=\"has-inline-color\">Esto era importante, pues como el cupo era cerrado,(cada pueblo deb\u00eda presentar un n\u00famero determinado de mozos) si \u00e9l no iba al ejercito otro mozo del pueblo ten\u00eda que ocupar su lugar. Parece que la Diputaci\u00f3n fallo a favor de Mecerreyes.<\/span><\/p>\n\n\n\n<p><span style=\"color:#311bd6\" class=\"has-inline-color\">Salvador Santamaria<\/span><\/p>\n\n\n\n<p class=\"has-small-font-size\"><em><span style=\"color:#870b3b\" class=\"has-inline-color\">(Nota: todo lo escrito es solamente mi opini\u00f3n, que someto a la de cualquiera que tenga mejor conocimiento que yo sobre este tema)<\/span><\/em><\/p>\n\n\n\n<figure class=\"wp-block-gallery columns-1 is-cropped wp-block-gallery-7 is-layout-flex wp-block-gallery-is-layout-flex\"><ul class=\"blocks-gallery-grid\"><li class=\"blocks-gallery-item\"><figure><a  href=\"https:\/\/www.mecerreyes.com\/mece\/wp-content\/uploads\/2024\/04\/1869-05-16-certificado-quinto.png\" class=\"thickbox no_icon\" title=\"\"><img loading=\"lazy\" decoding=\"async\" width=\"416\" height=\"167\" src=\"https:\/\/www.mecerreyes.com\/mece\/wp-content\/uploads\/2024\/04\/1869-05-16-certificado-quinto.png\" alt=\"\" data-id=\"24901\" data-link=\"https:\/\/www.mecerreyes.com\/mece\/?attachment_id=24901\" class=\"wp-image-24901\" srcset=\"https:\/\/www.mecerreyes.com\/mece\/wp-content\/uploads\/2024\/04\/1869-05-16-certificado-quinto.png 416w, https:\/\/www.mecerreyes.com\/mece\/wp-content\/uploads\/2024\/04\/1869-05-16-certificado-quinto-300x120.png 300w\" sizes=\"(max-width: 416px) 100vw, 416px\" \/><\/a><\/figure><\/li><li class=\"blocks-gallery-item\"><figure><a  href=\"https:\/\/www.mecerreyes.com\/mece\/wp-content\/uploads\/2024\/04\/1869-05-16-disputa-asignacion-quinto.jpg\" class=\"thickbox no_icon\" title=\"\"><img loading=\"lazy\" decoding=\"async\" width=\"283\" height=\"330\" src=\"https:\/\/www.mecerreyes.com\/mece\/wp-content\/uploads\/2024\/04\/1869-05-16-disputa-asignacion-quinto.jpg\" alt=\"\" data-id=\"24903\" data-full-url=\"https:\/\/www.mecerreyes.com\/mece\/wp-content\/uploads\/2024\/04\/1869-05-16-disputa-asignacion-quinto.jpg\" data-link=\"https:\/\/www.mecerreyes.com\/mece\/?attachment_id=24903\" class=\"wp-image-24903\" srcset=\"https:\/\/www.mecerreyes.com\/mece\/wp-content\/uploads\/2024\/04\/1869-05-16-disputa-asignacion-quinto.jpg 283w, https:\/\/www.mecerreyes.com\/mece\/wp-content\/uploads\/2024\/04\/1869-05-16-disputa-asignacion-quinto-257x300.jpg 257w\" sizes=\"(max-width: 283px) 100vw, 283px\" \/><\/a><\/figure><\/li><li class=\"blocks-gallery-item\"><figure><a  href=\"https:\/\/www.mecerreyes.com\/mece\/wp-content\/uploads\/2024\/04\/1869-05-16-acuerdos-diputacion.jpg\" class=\"thickbox no_icon\" title=\"\"><img loading=\"lazy\" decoding=\"async\" width=\"472\" height=\"661\" src=\"https:\/\/www.mecerreyes.com\/mece\/wp-content\/uploads\/2024\/04\/1869-05-16-acuerdos-diputacion.jpg\" alt=\"\" data-id=\"24902\" data-full-url=\"https:\/\/www.mecerreyes.com\/mece\/wp-content\/uploads\/2024\/04\/1869-05-16-acuerdos-diputacion.jpg\" data-link=\"https:\/\/www.mecerreyes.com\/mece\/?attachment_id=24902\" class=\"wp-image-24902\" srcset=\"https:\/\/www.mecerreyes.com\/mece\/wp-content\/uploads\/2024\/04\/1869-05-16-acuerdos-diputacion.jpg 472w, https:\/\/www.mecerreyes.com\/mece\/wp-content\/uploads\/2024\/04\/1869-05-16-acuerdos-diputacion-214x300.jpg 214w\" sizes=\"(max-width: 472px) 100vw, 472px\" \/><\/a><\/figure><\/li><\/ul><\/figure>\n\n\n\n<div style=\"height:57px\" aria-hidden=\"true\" class=\"wp-block-spacer\"><\/div>\n\n\n\n<p style=\"font-size:22px\" class=\"has-background has-luminous-vivid-amber-background-color\"><strong>MECERREYES EN LOS MEDIOS<\/strong><\/p>\n\n\n\n<p><strong>D.B. -Museo del talento en Mecerreyes por&nbsp; (Jos\u00e9 Luis Arag\u00f3n)<\/strong><\/p>\n\n\n\n<p>Jos\u00e9 Luis debi\u00f3 disfrutar mucho de su visita a nuestro pueblo ya que el art\u00edculo que public\u00f3 en Diario de Burgos narra con una pluma po\u00e9tica y mimosa lo que iba encontrando en la ruta. <\/p>\n\n\n\n<figure class=\"wp-block-gallery columns-1 is-cropped wp-block-gallery-8 is-layout-flex wp-block-gallery-is-layout-flex\"><ul class=\"blocks-gallery-grid\"><li class=\"blocks-gallery-item\"><figure><a  href=\"https:\/\/www.mecerreyes.com\/mece\/wp-content\/uploads\/2024\/04\/Diario-de-Burgos-9-03-2023-Mecerreyes.jpg\" class=\"thickbox no_icon\" title=\"\"><img loading=\"lazy\" decoding=\"async\" width=\"1024\" height=\"875\" src=\"https:\/\/www.mecerreyes.com\/mece\/wp-content\/uploads\/2024\/04\/Diario-de-Burgos-9-03-2023-Mecerreyes-1024x875.jpg\" alt=\"\" data-id=\"24905\" data-full-url=\"https:\/\/www.mecerreyes.com\/mece\/wp-content\/uploads\/2024\/04\/Diario-de-Burgos-9-03-2023-Mecerreyes.jpg\" data-link=\"https:\/\/www.mecerreyes.com\/mece\/?attachment_id=24905\" class=\"wp-image-24905\" srcset=\"https:\/\/www.mecerreyes.com\/mece\/wp-content\/uploads\/2024\/04\/Diario-de-Burgos-9-03-2023-Mecerreyes-1024x875.jpg 1024w, https:\/\/www.mecerreyes.com\/mece\/wp-content\/uploads\/2024\/04\/Diario-de-Burgos-9-03-2023-Mecerreyes-300x256.jpg 300w, https:\/\/www.mecerreyes.com\/mece\/wp-content\/uploads\/2024\/04\/Diario-de-Burgos-9-03-2023-Mecerreyes-768x657.jpg 768w, https:\/\/www.mecerreyes.com\/mece\/wp-content\/uploads\/2024\/04\/Diario-de-Burgos-9-03-2023-Mecerreyes-1536x1313.jpg 1536w, https:\/\/www.mecerreyes.com\/mece\/wp-content\/uploads\/2024\/04\/Diario-de-Burgos-9-03-2023-Mecerreyes-1080x923.jpg 1080w, https:\/\/www.mecerreyes.com\/mece\/wp-content\/uploads\/2024\/04\/Diario-de-Burgos-9-03-2023-Mecerreyes.jpg 1557w\" sizes=\"(max-width: 1024px) 100vw, 1024px\" \/><\/a><\/figure><\/li><\/ul><\/figure>\n\n\n\n<div style=\"height:50px\" aria-hidden=\"true\" class=\"wp-block-spacer\"><\/div>\n\n\n\n<p style=\"font-size:22px\" class=\"has-background has-luminous-vivid-amber-background-color\"><strong>PROGRAMA TVE. AQU\u00cd LA TIERRA<\/strong><\/p>\n\n\n\n<p>Un fragmento del video sin \u00e1nimo de lucro que realiz\u00f3 Producciones Alma en Mecerreyes, cerraba el d\u00eda\u2026. El programa Aqu\u00ed la Tierra. fragmento<\/p>\n\n\n\n<figure class=\"wp-block-embed-youtube wp-block-embed is-type-video is-provider-youtube wp-embed-aspect-16-9 wp-has-aspect-ratio\"><div class=\"wp-block-embed__wrapper\">\n<iframe loading=\"lazy\" title=\"Mecerreyes 5 03 2024 Aqu\u00ed la tierra AQT\" width=\"1080\" height=\"608\" src=\"https:\/\/www.youtube.com\/embed\/BI1BLdcRA4Y?feature=oembed\" frameborder=\"0\" allow=\"accelerometer; autoplay; clipboard-write; encrypted-media; gyroscope; picture-in-picture; web-share\" referrerpolicy=\"strict-origin-when-cross-origin\" allowfullscreen><\/iframe>\n<\/div><\/figure>\n\n\n\n<p>El dinero que las reproducciones del video en Youtube genere, ir\u00e1n destinadas a la investigaci\u00f3n contra el c\u00e1ncer. Estamos muy contentos con la cantidad de visualizaciones que est\u00e1 teniendo, pero a\u00fan podemos conseguir que sean muchas m\u00e1s, disfrutemos del video.<\/p>\n\n\n\n<figure class=\"wp-block-embed-youtube wp-block-embed is-type-video is-provider-youtube wp-embed-aspect-16-9 wp-has-aspect-ratio\"><div class=\"wp-block-embed__wrapper\">\n<iframe loading=\"lazy\" title=\"Mecerreyes\" width=\"1080\" height=\"608\" src=\"https:\/\/www.youtube.com\/embed\/1gK0kvP3Kl0?feature=oembed\" frameborder=\"0\" allow=\"accelerometer; autoplay; clipboard-write; encrypted-media; gyroscope; picture-in-picture; web-share\" referrerpolicy=\"strict-origin-when-cross-origin\" allowfullscreen><\/iframe>\n<\/div><\/figure>\n\n\n\n<div style=\"height:41px\" aria-hidden=\"true\" class=\"wp-block-spacer\"><\/div>\n\n\n\n<p style=\"font-size:22px\" class=\"has-background has-luminous-vivid-amber-background-color\"><strong>MOLINOS Y COMIDA GRATIS<\/strong><\/p>\n\n\n\n<p>Como ya os informamos, Mecerreyes est\u00e1 dentro de los planes de la empresa Iber\u00f3lica para implantar molinos en el Bardal.<\/p>\n\n\n\n<p>Adem\u00e1s del reporte econ\u00f3mico que eso supone para el pueblo, tiene un reporte social que puede beneficiar a los mayores de 65 a\u00f1os.<\/p>\n\n\n\n<p>Adecuar un edificio, mejorar la cobertura de los m\u00f3viles y dar comidas gratis es lo que ofrece esta empresa para conseguir sus objetivos.<\/p>\n\n\n\n<p><a  href=\"https:\/\/www.diariodeburgos.es\/noticia\/z9eb70b2a-fdd2-f4e0-ab619f3864a601b1\/202403\/menus-gratis-a-cambio-de-molinos\" target=\"_blank\" rel=\"noreferrer noopener\"><strong>Iber\u00f3lica dar\u00e1 men\u00fas gratis a mayores de los pueblos donde implante molinos<\/strong>. <\/a><\/p>\n\n\n\n<figure class=\"wp-block-gallery columns-1 is-cropped wp-block-gallery-9 is-layout-flex wp-block-gallery-is-layout-flex\"><ul class=\"blocks-gallery-grid\"><li class=\"blocks-gallery-item\"><figure><a  href=\"https:\/\/www.mecerreyes.com\/mece\/wp-content\/uploads\/2024\/04\/Diario-de-Burgos-9-03-2024-Mecerreyes.jpeg\" class=\"thickbox no_icon\" title=\"\"><img loading=\"lazy\" decoding=\"async\" width=\"828\" height=\"1024\" src=\"https:\/\/www.mecerreyes.com\/mece\/wp-content\/uploads\/2024\/04\/Diario-de-Burgos-9-03-2024-Mecerreyes-828x1024.jpeg\" alt=\"\" data-id=\"24888\" data-full-url=\"https:\/\/www.mecerreyes.com\/mece\/wp-content\/uploads\/2024\/04\/Diario-de-Burgos-9-03-2024-Mecerreyes.jpeg\" data-link=\"https:\/\/www.mecerreyes.com\/mece\/?attachment_id=24888\" class=\"wp-image-24888\" srcset=\"https:\/\/www.mecerreyes.com\/mece\/wp-content\/uploads\/2024\/04\/Diario-de-Burgos-9-03-2024-Mecerreyes-828x1024.jpeg 828w, https:\/\/www.mecerreyes.com\/mece\/wp-content\/uploads\/2024\/04\/Diario-de-Burgos-9-03-2024-Mecerreyes-243x300.jpeg 243w, https:\/\/www.mecerreyes.com\/mece\/wp-content\/uploads\/2024\/04\/Diario-de-Burgos-9-03-2024-Mecerreyes-768x950.jpeg 768w, https:\/\/www.mecerreyes.com\/mece\/wp-content\/uploads\/2024\/04\/Diario-de-Burgos-9-03-2024-Mecerreyes-1080x1336.jpeg 1080w, https:\/\/www.mecerreyes.com\/mece\/wp-content\/uploads\/2024\/04\/Diario-de-Burgos-9-03-2024-Mecerreyes.jpeg 1179w\" sizes=\"(max-width: 828px) 100vw, 828px\" \/><\/a><\/figure><\/li><\/ul><\/figure>\n\n\n\n<p style=\"font-size:22px\" class=\"has-background has-luminous-vivid-amber-background-color\"><strong>CURSO DE FORMACI\u00d3N SVB Y DEA \u2013 OBJETIVO SALVAR UNA VIDA<\/strong><\/p>\n\n\n\n<p>Mecerreyes por iniciativa del <a  href=\"https:\/\/www.mecerreyes.com\/mece\/?page_id=24\">Ayuntamiento<\/a>, cuenta con un desfibrilador que actualmente est\u00e1 instalado en el Bar la Villa.<\/p>\n\n\n\n<p>Con el fin de conocer su funcionamiento, solicit\u00f3 a la empresa instaladora <em><u>GCardio<\/u><\/em> un curso de ocho horas en el que aprender maniobras de <strong>reanimaci\u00f3n ante una obstrucci\u00f3n por v\u00eda a\u00e9rea<\/strong>, reanimaci\u00f3n cardiopulmonar para evitar secuelas irreversibles por falta de ox\u00edgeno en el cerebro mediante <strong>RCP y utilizaci\u00f3n del desfibrilador<\/strong>.<\/p>\n\n\n\n<p>Una jornada de clase te\u00f3rica y pr\u00e1ctica con los protocolos de actuaci\u00f3n ante una situaci\u00f3n que requiera este tipo de ayuda a prestar a adultos o a ni\u00f1os. Objetivo: salvar una vida.<\/p>\n\n\n\n<p>El curso estaba dirigido a un m\u00e1ximo de 8 personas, la mayor\u00eda de los asistentes residen habitualmente en el pueblo, y podr\u00e1n tomar con criterio las riendas en caso de ser necesario el uso del desfibrilador.<\/p>\n\n\n\n<p>Al finalizar la jornada, los asistentes realizaron un examen para comprobar los conocimientos adquiridos. <\/p>\n\n\n\n<figure class=\"wp-block-gallery columns-2 is-cropped wp-block-gallery-10 is-layout-flex wp-block-gallery-is-layout-flex\"><ul class=\"blocks-gallery-grid\"><li class=\"blocks-gallery-item\"><figure><a  href=\"https:\/\/www.mecerreyes.com\/mece\/wp-content\/uploads\/2024\/04\/Mecerreyes-curso-urso-desfibrilador-marzo-2024-3.jpeg\" class=\"thickbox no_icon\" title=\"\"><img loading=\"lazy\" decoding=\"async\" width=\"768\" height=\"1024\" src=\"https:\/\/www.mecerreyes.com\/mece\/wp-content\/uploads\/2024\/04\/Mecerreyes-curso-urso-desfibrilador-marzo-2024-3-768x1024.jpeg\" alt=\"\" data-id=\"24885\" data-full-url=\"https:\/\/www.mecerreyes.com\/mece\/wp-content\/uploads\/2024\/04\/Mecerreyes-curso-urso-desfibrilador-marzo-2024-3.jpeg\" data-link=\"https:\/\/www.mecerreyes.com\/mece\/?attachment_id=24885\" class=\"wp-image-24885\" srcset=\"https:\/\/www.mecerreyes.com\/mece\/wp-content\/uploads\/2024\/04\/Mecerreyes-curso-urso-desfibrilador-marzo-2024-3-768x1024.jpeg 768w, https:\/\/www.mecerreyes.com\/mece\/wp-content\/uploads\/2024\/04\/Mecerreyes-curso-urso-desfibrilador-marzo-2024-3-225x300.jpeg 225w, https:\/\/www.mecerreyes.com\/mece\/wp-content\/uploads\/2024\/04\/Mecerreyes-curso-urso-desfibrilador-marzo-2024-3-1152x1536.jpeg 1152w, https:\/\/www.mecerreyes.com\/mece\/wp-content\/uploads\/2024\/04\/Mecerreyes-curso-urso-desfibrilador-marzo-2024-3-1080x1440.jpeg 1080w, https:\/\/www.mecerreyes.com\/mece\/wp-content\/uploads\/2024\/04\/Mecerreyes-curso-urso-desfibrilador-marzo-2024-3.jpeg 1488w\" sizes=\"(max-width: 768px) 100vw, 768px\" \/><\/a><\/figure><\/li><li class=\"blocks-gallery-item\"><figure><a  href=\"https:\/\/www.mecerreyes.com\/mece\/wp-content\/uploads\/2024\/04\/Mecerreyes-curso-urso-desfibrilador-marzo-2024-2.jpeg\" class=\"thickbox no_icon\" title=\"\"><img loading=\"lazy\" decoding=\"async\" width=\"1024\" height=\"768\" src=\"https:\/\/www.mecerreyes.com\/mece\/wp-content\/uploads\/2024\/04\/Mecerreyes-curso-urso-desfibrilador-marzo-2024-2-1024x768.jpeg\" alt=\"\" data-id=\"24887\" data-full-url=\"https:\/\/www.mecerreyes.com\/mece\/wp-content\/uploads\/2024\/04\/Mecerreyes-curso-urso-desfibrilador-marzo-2024-2.jpeg\" data-link=\"https:\/\/www.mecerreyes.com\/mece\/?attachment_id=24887\" class=\"wp-image-24887\" srcset=\"https:\/\/www.mecerreyes.com\/mece\/wp-content\/uploads\/2024\/04\/Mecerreyes-curso-urso-desfibrilador-marzo-2024-2-1024x768.jpeg 1024w, https:\/\/www.mecerreyes.com\/mece\/wp-content\/uploads\/2024\/04\/Mecerreyes-curso-urso-desfibrilador-marzo-2024-2-300x225.jpeg 300w, https:\/\/www.mecerreyes.com\/mece\/wp-content\/uploads\/2024\/04\/Mecerreyes-curso-urso-desfibrilador-marzo-2024-2-768x576.jpeg 768w, https:\/\/www.mecerreyes.com\/mece\/wp-content\/uploads\/2024\/04\/Mecerreyes-curso-urso-desfibrilador-marzo-2024-2-1536x1152.jpeg 1536w, https:\/\/www.mecerreyes.com\/mece\/wp-content\/uploads\/2024\/04\/Mecerreyes-curso-urso-desfibrilador-marzo-2024-2-1080x810.jpeg 1080w, https:\/\/www.mecerreyes.com\/mece\/wp-content\/uploads\/2024\/04\/Mecerreyes-curso-urso-desfibrilador-marzo-2024-2.jpeg 1984w\" sizes=\"(max-width: 1024px) 100vw, 1024px\" \/><\/a><\/figure><\/li><li class=\"blocks-gallery-item\"><figure><a  href=\"https:\/\/www.mecerreyes.com\/mece\/wp-content\/uploads\/2024\/04\/Mecerreyes-curso-urso-desfibrilador-marzo-2024-1.jpeg\" class=\"thickbox no_icon\" title=\"\"><img loading=\"lazy\" decoding=\"async\" width=\"768\" height=\"1024\" src=\"https:\/\/www.mecerreyes.com\/mece\/wp-content\/uploads\/2024\/04\/Mecerreyes-curso-urso-desfibrilador-marzo-2024-1-768x1024.jpeg\" alt=\"\" data-id=\"24886\" data-full-url=\"https:\/\/www.mecerreyes.com\/mece\/wp-content\/uploads\/2024\/04\/Mecerreyes-curso-urso-desfibrilador-marzo-2024-1.jpeg\" data-link=\"https:\/\/www.mecerreyes.com\/mece\/?attachment_id=24886\" class=\"wp-image-24886\" srcset=\"https:\/\/www.mecerreyes.com\/mece\/wp-content\/uploads\/2024\/04\/Mecerreyes-curso-urso-desfibrilador-marzo-2024-1-768x1024.jpeg 768w, https:\/\/www.mecerreyes.com\/mece\/wp-content\/uploads\/2024\/04\/Mecerreyes-curso-urso-desfibrilador-marzo-2024-1-225x300.jpeg 225w, https:\/\/www.mecerreyes.com\/mece\/wp-content\/uploads\/2024\/04\/Mecerreyes-curso-urso-desfibrilador-marzo-2024-1-1152x1536.jpeg 1152w, https:\/\/www.mecerreyes.com\/mece\/wp-content\/uploads\/2024\/04\/Mecerreyes-curso-urso-desfibrilador-marzo-2024-1-1080x1440.jpeg 1080w, https:\/\/www.mecerreyes.com\/mece\/wp-content\/uploads\/2024\/04\/Mecerreyes-curso-urso-desfibrilador-marzo-2024-1.jpeg 1488w\" sizes=\"(max-width: 768px) 100vw, 768px\" \/><\/a><\/figure><\/li><\/ul><\/figure>\n\n\n\n<div style=\"height:54px\" aria-hidden=\"true\" class=\"wp-block-spacer\"><\/div>\n\n\n\n<p style=\"font-size:22px\" class=\"has-background has-luminous-vivid-amber-background-color\"><strong>MOCHILA VIAJERA<\/strong><\/p>\n\n\n\n<p>Cartes, Riocorvo, Santiago de Compostela son los destinos en los que la mochila se ha lucido este mes. Gracias por llevar la mochila en vuestros viajes y por compartir vuestras fotos.<\/p>\n\n\n\n<figure class=\"wp-block-gallery columns-3 is-cropped wp-block-gallery-11 is-layout-flex wp-block-gallery-is-layout-flex\"><ul class=\"blocks-gallery-grid\"><li class=\"blocks-gallery-item\"><figure><a  href=\"https:\/\/www.mecerreyes.com\/mece\/wp-content\/uploads\/2024\/04\/La-mochila-Viajera-Santiago-de-Compostela-Marzo-2024-2.jpeg\" class=\"thickbox no_icon\" title=\"\"><img loading=\"lazy\" decoding=\"async\" width=\"567\" height=\"756\" src=\"https:\/\/www.mecerreyes.com\/mece\/wp-content\/uploads\/2024\/04\/La-mochila-Viajera-Santiago-de-Compostela-Marzo-2024-2.jpeg\" alt=\"\" data-id=\"24881\" data-full-url=\"https:\/\/www.mecerreyes.com\/mece\/wp-content\/uploads\/2024\/04\/La-mochila-Viajera-Santiago-de-Compostela-Marzo-2024-2.jpeg\" data-link=\"https:\/\/www.mecerreyes.com\/mece\/?attachment_id=24881\" class=\"wp-image-24881\" srcset=\"https:\/\/www.mecerreyes.com\/mece\/wp-content\/uploads\/2024\/04\/La-mochila-Viajera-Santiago-de-Compostela-Marzo-2024-2.jpeg 567w, https:\/\/www.mecerreyes.com\/mece\/wp-content\/uploads\/2024\/04\/La-mochila-Viajera-Santiago-de-Compostela-Marzo-2024-2-225x300.jpeg 225w\" sizes=\"(max-width: 567px) 100vw, 567px\" \/><\/a><\/figure><\/li><li class=\"blocks-gallery-item\"><figure><a  href=\"https:\/\/www.mecerreyes.com\/mece\/wp-content\/uploads\/2024\/04\/La-mochila-Viajera-Santiago-de-Compostela-Marzo-2024-3.jpeg\" class=\"thickbox no_icon\" title=\"\"><img loading=\"lazy\" decoding=\"async\" width=\"768\" height=\"1024\" src=\"https:\/\/www.mecerreyes.com\/mece\/wp-content\/uploads\/2024\/04\/La-mochila-Viajera-Santiago-de-Compostela-Marzo-2024-3-768x1024.jpeg\" alt=\"\" data-id=\"24882\" data-full-url=\"https:\/\/www.mecerreyes.com\/mece\/wp-content\/uploads\/2024\/04\/La-mochila-Viajera-Santiago-de-Compostela-Marzo-2024-3.jpeg\" data-link=\"https:\/\/www.mecerreyes.com\/mece\/?attachment_id=24882\" class=\"wp-image-24882\" srcset=\"https:\/\/www.mecerreyes.com\/mece\/wp-content\/uploads\/2024\/04\/La-mochila-Viajera-Santiago-de-Compostela-Marzo-2024-3-768x1025.jpeg 768w, https:\/\/www.mecerreyes.com\/mece\/wp-content\/uploads\/2024\/04\/La-mochila-Viajera-Santiago-de-Compostela-Marzo-2024-3-225x300.jpeg 225w, https:\/\/www.mecerreyes.com\/mece\/wp-content\/uploads\/2024\/04\/La-mochila-Viajera-Santiago-de-Compostela-Marzo-2024-3.jpeg 850w\" sizes=\"(max-width: 768px) 100vw, 768px\" \/><\/a><\/figure><\/li><li class=\"blocks-gallery-item\"><figure><a  href=\"https:\/\/www.mecerreyes.com\/mece\/wp-content\/uploads\/2024\/04\/La-mochila-Viajera-Cartes.jpeg\" class=\"thickbox no_icon\" title=\"\"><img loading=\"lazy\" decoding=\"async\" width=\"811\" height=\"1024\" src=\"https:\/\/www.mecerreyes.com\/mece\/wp-content\/uploads\/2024\/04\/La-mochila-Viajera-Cartes-811x1024.jpeg\" alt=\"\" data-id=\"24883\" data-full-url=\"https:\/\/www.mecerreyes.com\/mece\/wp-content\/uploads\/2024\/04\/La-mochila-Viajera-Cartes.jpeg\" data-link=\"https:\/\/www.mecerreyes.com\/mece\/?attachment_id=24883\" class=\"wp-image-24883\" srcset=\"https:\/\/www.mecerreyes.com\/mece\/wp-content\/uploads\/2024\/04\/La-mochila-Viajera-Cartes-811x1024.jpeg 811w, https:\/\/www.mecerreyes.com\/mece\/wp-content\/uploads\/2024\/04\/La-mochila-Viajera-Cartes-238x300.jpeg 238w, https:\/\/www.mecerreyes.com\/mece\/wp-content\/uploads\/2024\/04\/La-mochila-Viajera-Cartes-768x969.jpeg 768w, https:\/\/www.mecerreyes.com\/mece\/wp-content\/uploads\/2024\/04\/La-mochila-Viajera-Cartes.jpeg 1080w\" sizes=\"(max-width: 811px) 100vw, 811px\" \/><\/a><\/figure><\/li><li class=\"blocks-gallery-item\"><figure><a  href=\"https:\/\/www.mecerreyes.com\/mece\/wp-content\/uploads\/2024\/04\/La-mochila-Viajera-Santiago-de-Compostela-Marzo-2024-1.jpeg\" class=\"thickbox no_icon\" title=\"\"><img loading=\"lazy\" decoding=\"async\" width=\"768\" height=\"1024\" src=\"https:\/\/www.mecerreyes.com\/mece\/wp-content\/uploads\/2024\/04\/La-mochila-Viajera-Santiago-de-Compostela-Marzo-2024-1-768x1024.jpeg\" alt=\"\" data-id=\"24884\" data-full-url=\"https:\/\/www.mecerreyes.com\/mece\/wp-content\/uploads\/2024\/04\/La-mochila-Viajera-Santiago-de-Compostela-Marzo-2024-1.jpeg\" data-link=\"https:\/\/www.mecerreyes.com\/mece\/?attachment_id=24884\" class=\"wp-image-24884\" srcset=\"https:\/\/www.mecerreyes.com\/mece\/wp-content\/uploads\/2024\/04\/La-mochila-Viajera-Santiago-de-Compostela-Marzo-2024-1-768x1024.jpeg 768w, https:\/\/www.mecerreyes.com\/mece\/wp-content\/uploads\/2024\/04\/La-mochila-Viajera-Santiago-de-Compostela-Marzo-2024-1-225x300.jpeg 225w, https:\/\/www.mecerreyes.com\/mece\/wp-content\/uploads\/2024\/04\/La-mochila-Viajera-Santiago-de-Compostela-Marzo-2024-1.jpeg 992w\" sizes=\"(max-width: 768px) 100vw, 768px\" \/><\/a><\/figure><\/li><\/ul><\/figure>\n\n\n\n<div style=\"height:46px\" aria-hidden=\"true\" class=\"wp-block-spacer\"><\/div>\n\n\n\n<p style=\"font-size:22px\" class=\"has-background has-luminous-vivid-amber-background-color\"><strong><a  href=\"https:\/\/www.mecerreyes.com\/mece\/?page_id=48\">SEMANA SANTA<\/a><\/strong><\/p>\n\n\n\n<p>Son muchas las casas que se han abierto en la <a  href=\"https:\/\/www.mecerreyes.com\/mece\/?page_id=48\">Semana Santa<\/a> en Mecerreyes.<\/p>\n\n\n\n<p>Los guiletos ten\u00edan cita con familiares, con sus cuadrillas y con las tradiciones religiosas.<\/p>\n\n\n\n<figure class=\"wp-block-gallery columns-1 is-cropped wp-block-gallery-12 is-layout-flex wp-block-gallery-is-layout-flex\"><ul class=\"blocks-gallery-grid\"><li class=\"blocks-gallery-item\"><figure><a  href=\"https:\/\/www.mecerreyes.com\/mece\/wp-content\/uploads\/2024\/04\/Cartel-Semana-Santa-2024-Mecerreyes.jpeg\" class=\"thickbox no_icon\" title=\"\"><img loading=\"lazy\" decoding=\"async\" width=\"724\" height=\"1024\" src=\"https:\/\/www.mecerreyes.com\/mece\/wp-content\/uploads\/2024\/04\/Cartel-Semana-Santa-2024-Mecerreyes-724x1024.jpeg\" alt=\"\" data-id=\"24855\" data-full-url=\"https:\/\/www.mecerreyes.com\/mece\/wp-content\/uploads\/2024\/04\/Cartel-Semana-Santa-2024-Mecerreyes.jpeg\" data-link=\"https:\/\/www.mecerreyes.com\/mece\/?attachment_id=24855\" class=\"wp-image-24855\" srcset=\"https:\/\/www.mecerreyes.com\/mece\/wp-content\/uploads\/2024\/04\/Cartel-Semana-Santa-2024-Mecerreyes-724x1024.jpeg 724w, https:\/\/www.mecerreyes.com\/mece\/wp-content\/uploads\/2024\/04\/Cartel-Semana-Santa-2024-Mecerreyes-212x300.jpeg 212w, https:\/\/www.mecerreyes.com\/mece\/wp-content\/uploads\/2024\/04\/Cartel-Semana-Santa-2024-Mecerreyes-768x1086.jpeg 768w, https:\/\/www.mecerreyes.com\/mece\/wp-content\/uploads\/2024\/04\/Cartel-Semana-Santa-2024-Mecerreyes-1086x1536.jpeg 1086w, https:\/\/www.mecerreyes.com\/mece\/wp-content\/uploads\/2024\/04\/Cartel-Semana-Santa-2024-Mecerreyes-1080x1528.jpeg 1080w, https:\/\/www.mecerreyes.com\/mece\/wp-content\/uploads\/2024\/04\/Cartel-Semana-Santa-2024-Mecerreyes.jpeg 1131w\" sizes=\"(max-width: 724px) 100vw, 724px\" \/><\/a><\/figure><\/li><\/ul><\/figure>\n\n\n\n<p>Aunque la lluvia y la nieve no ha dado tregua, se ha intentado cumplir con el programa establecido desde el Domingo de Ramos hasta la Pascua de Resurrecci\u00f3n. <\/p>\n\n\n\n<figure class=\"wp-block-gallery columns-2 is-cropped wp-block-gallery-13 is-layout-flex wp-block-gallery-is-layout-flex\"><ul class=\"blocks-gallery-grid\"><li class=\"blocks-gallery-item\"><figure><a  href=\"https:\/\/www.mecerreyes.com\/mece\/wp-content\/uploads\/2024\/04\/Mecerreyes-domingo-de-Ramos-24-03-2024-3.jpg\" class=\"thickbox no_icon\" title=\"\"><img loading=\"lazy\" decoding=\"async\" width=\"1024\" height=\"768\" src=\"https:\/\/www.mecerreyes.com\/mece\/wp-content\/uploads\/2024\/04\/Mecerreyes-domingo-de-Ramos-24-03-2024-3-1024x768.jpg\" alt=\"\" data-id=\"24860\" data-full-url=\"https:\/\/www.mecerreyes.com\/mece\/wp-content\/uploads\/2024\/04\/Mecerreyes-domingo-de-Ramos-24-03-2024-3.jpg\" data-link=\"https:\/\/www.mecerreyes.com\/mece\/?attachment_id=24860\" class=\"wp-image-24860\" srcset=\"https:\/\/www.mecerreyes.com\/mece\/wp-content\/uploads\/2024\/04\/Mecerreyes-domingo-de-Ramos-24-03-2024-3-1024x768.jpg 1024w, https:\/\/www.mecerreyes.com\/mece\/wp-content\/uploads\/2024\/04\/Mecerreyes-domingo-de-Ramos-24-03-2024-3-300x225.jpg 300w, https:\/\/www.mecerreyes.com\/mece\/wp-content\/uploads\/2024\/04\/Mecerreyes-domingo-de-Ramos-24-03-2024-3-768x576.jpg 768w, https:\/\/www.mecerreyes.com\/mece\/wp-content\/uploads\/2024\/04\/Mecerreyes-domingo-de-Ramos-24-03-2024-3-1080x810.jpg 1080w, https:\/\/www.mecerreyes.com\/mece\/wp-content\/uploads\/2024\/04\/Mecerreyes-domingo-de-Ramos-24-03-2024-3.jpg 1417w\" sizes=\"(max-width: 1024px) 100vw, 1024px\" \/><\/a><\/figure><\/li><li class=\"blocks-gallery-item\"><figure><a  href=\"https:\/\/www.mecerreyes.com\/mece\/wp-content\/uploads\/2024\/04\/Mecerreyes-domingo-de-Ramos-24-03-2024-2.jpg\" class=\"thickbox no_icon\" title=\"\"><img loading=\"lazy\" decoding=\"async\" width=\"1024\" height=\"768\" src=\"https:\/\/www.mecerreyes.com\/mece\/wp-content\/uploads\/2024\/04\/Mecerreyes-domingo-de-Ramos-24-03-2024-2-1024x768.jpg\" alt=\"\" data-id=\"24859\" data-full-url=\"https:\/\/www.mecerreyes.com\/mece\/wp-content\/uploads\/2024\/04\/Mecerreyes-domingo-de-Ramos-24-03-2024-2.jpg\" data-link=\"https:\/\/www.mecerreyes.com\/mece\/?attachment_id=24859\" class=\"wp-image-24859\" srcset=\"https:\/\/www.mecerreyes.com\/mece\/wp-content\/uploads\/2024\/04\/Mecerreyes-domingo-de-Ramos-24-03-2024-2-1024x768.jpg 1024w, https:\/\/www.mecerreyes.com\/mece\/wp-content\/uploads\/2024\/04\/Mecerreyes-domingo-de-Ramos-24-03-2024-2-300x225.jpg 300w, https:\/\/www.mecerreyes.com\/mece\/wp-content\/uploads\/2024\/04\/Mecerreyes-domingo-de-Ramos-24-03-2024-2-768x576.jpg 768w, https:\/\/www.mecerreyes.com\/mece\/wp-content\/uploads\/2024\/04\/Mecerreyes-domingo-de-Ramos-24-03-2024-2-1080x810.jpg 1080w, https:\/\/www.mecerreyes.com\/mece\/wp-content\/uploads\/2024\/04\/Mecerreyes-domingo-de-Ramos-24-03-2024-2.jpg 1417w\" sizes=\"(max-width: 1024px) 100vw, 1024px\" \/><\/a><\/figure><\/li><li class=\"blocks-gallery-item\"><figure><a  href=\"https:\/\/www.mecerreyes.com\/mece\/wp-content\/uploads\/2024\/04\/Mecerreyes-domingo-de-Ramos-24-03-2024-4.jpg\" class=\"thickbox no_icon\" title=\"\"><img loading=\"lazy\" decoding=\"async\" width=\"1024\" height=\"768\" src=\"https:\/\/www.mecerreyes.com\/mece\/wp-content\/uploads\/2024\/04\/Mecerreyes-domingo-de-Ramos-24-03-2024-4-1024x768.jpg\" alt=\"\" data-id=\"24857\" data-full-url=\"https:\/\/www.mecerreyes.com\/mece\/wp-content\/uploads\/2024\/04\/Mecerreyes-domingo-de-Ramos-24-03-2024-4.jpg\" data-link=\"https:\/\/www.mecerreyes.com\/mece\/?attachment_id=24857\" class=\"wp-image-24857\" srcset=\"https:\/\/www.mecerreyes.com\/mece\/wp-content\/uploads\/2024\/04\/Mecerreyes-domingo-de-Ramos-24-03-2024-4-1024x768.jpg 1024w, https:\/\/www.mecerreyes.com\/mece\/wp-content\/uploads\/2024\/04\/Mecerreyes-domingo-de-Ramos-24-03-2024-4-300x225.jpg 300w, https:\/\/www.mecerreyes.com\/mece\/wp-content\/uploads\/2024\/04\/Mecerreyes-domingo-de-Ramos-24-03-2024-4-768x576.jpg 768w, https:\/\/www.mecerreyes.com\/mece\/wp-content\/uploads\/2024\/04\/Mecerreyes-domingo-de-Ramos-24-03-2024-4-1080x810.jpg 1080w, https:\/\/www.mecerreyes.com\/mece\/wp-content\/uploads\/2024\/04\/Mecerreyes-domingo-de-Ramos-24-03-2024-4.jpg 1417w\" sizes=\"(max-width: 1024px) 100vw, 1024px\" \/><\/a><\/figure><\/li><li class=\"blocks-gallery-item\"><figure><a  href=\"https:\/\/www.mecerreyes.com\/mece\/wp-content\/uploads\/2024\/04\/Mecerreyes-domingo-de-Ramos-24-03-2024-1.jpg\" class=\"thickbox no_icon\" title=\"\"><img loading=\"lazy\" decoding=\"async\" width=\"1024\" height=\"768\" src=\"https:\/\/www.mecerreyes.com\/mece\/wp-content\/uploads\/2024\/04\/Mecerreyes-domingo-de-Ramos-24-03-2024-1-1024x768.jpg\" alt=\"\" data-id=\"24858\" data-full-url=\"https:\/\/www.mecerreyes.com\/mece\/wp-content\/uploads\/2024\/04\/Mecerreyes-domingo-de-Ramos-24-03-2024-1.jpg\" data-link=\"https:\/\/www.mecerreyes.com\/mece\/?attachment_id=24858\" class=\"wp-image-24858\" srcset=\"https:\/\/www.mecerreyes.com\/mece\/wp-content\/uploads\/2024\/04\/Mecerreyes-domingo-de-Ramos-24-03-2024-1-1024x768.jpg 1024w, https:\/\/www.mecerreyes.com\/mece\/wp-content\/uploads\/2024\/04\/Mecerreyes-domingo-de-Ramos-24-03-2024-1-300x225.jpg 300w, https:\/\/www.mecerreyes.com\/mece\/wp-content\/uploads\/2024\/04\/Mecerreyes-domingo-de-Ramos-24-03-2024-1-768x576.jpg 768w, https:\/\/www.mecerreyes.com\/mece\/wp-content\/uploads\/2024\/04\/Mecerreyes-domingo-de-Ramos-24-03-2024-1-1080x810.jpg 1080w, https:\/\/www.mecerreyes.com\/mece\/wp-content\/uploads\/2024\/04\/Mecerreyes-domingo-de-Ramos-24-03-2024-1.jpg 1417w\" sizes=\"(max-width: 1024px) 100vw, 1024px\" \/><\/a><\/figure><\/li><\/ul><\/figure>\n\n\n\n<p>Con la iglesia engalanada celebramos la eucarist\u00eda de Jueves Santo, despu\u00e9s la cita estaba en el sal\u00f3n del <a  href=\"https:\/\/www.mecerreyes.com\/mece\/?page_id=24\">ayuntamiento<\/a> para proceder a la subasta de los Cirineos. <\/p>\n\n\n\n<figure class=\"wp-block-gallery columns-1 is-cropped wp-block-gallery-14 is-layout-flex wp-block-gallery-is-layout-flex\"><ul class=\"blocks-gallery-grid\"><li class=\"blocks-gallery-item\"><figure><a  href=\"https:\/\/www.mecerreyes.com\/mece\/wp-content\/uploads\/2024\/04\/Mecerreyes-Jueves-Santo-28-03-2024-Subasta-Cirineos-Foto-Josetxu-2.jpg\" class=\"thickbox no_icon\" title=\"\"><img loading=\"lazy\" decoding=\"async\" width=\"1024\" height=\"683\" src=\"https:\/\/www.mecerreyes.com\/mece\/wp-content\/uploads\/2024\/04\/Mecerreyes-Jueves-Santo-28-03-2024-Subasta-Cirineos-Foto-Josetxu-2-1024x683.jpg\" alt=\"\" data-id=\"24861\" data-full-url=\"https:\/\/www.mecerreyes.com\/mece\/wp-content\/uploads\/2024\/04\/Mecerreyes-Jueves-Santo-28-03-2024-Subasta-Cirineos-Foto-Josetxu-2.jpg\" data-link=\"https:\/\/www.mecerreyes.com\/mece\/?attachment_id=24861\" class=\"wp-image-24861\" srcset=\"https:\/\/www.mecerreyes.com\/mece\/wp-content\/uploads\/2024\/04\/Mecerreyes-Jueves-Santo-28-03-2024-Subasta-Cirineos-Foto-Josetxu-2-1024x683.jpg 1024w, https:\/\/www.mecerreyes.com\/mece\/wp-content\/uploads\/2024\/04\/Mecerreyes-Jueves-Santo-28-03-2024-Subasta-Cirineos-Foto-Josetxu-2-300x200.jpg 300w, https:\/\/www.mecerreyes.com\/mece\/wp-content\/uploads\/2024\/04\/Mecerreyes-Jueves-Santo-28-03-2024-Subasta-Cirineos-Foto-Josetxu-2-768x512.jpg 768w, https:\/\/www.mecerreyes.com\/mece\/wp-content\/uploads\/2024\/04\/Mecerreyes-Jueves-Santo-28-03-2024-Subasta-Cirineos-Foto-Josetxu-2-1080x720.jpg 1080w, https:\/\/www.mecerreyes.com\/mece\/wp-content\/uploads\/2024\/04\/Mecerreyes-Jueves-Santo-28-03-2024-Subasta-Cirineos-Foto-Josetxu-2.jpg 1134w\" sizes=\"(max-width: 1024px) 100vw, 1024px\" \/><\/a><\/figure><\/li><li class=\"blocks-gallery-item\"><figure><a  href=\"https:\/\/www.mecerreyes.com\/mece\/wp-content\/uploads\/2024\/04\/Mecerreyes-Jueves-Santo-28-03-2024-Subasta-Cirineos-Foto-Josetxu-1.jpg\" class=\"thickbox no_icon\" title=\"\"><img loading=\"lazy\" decoding=\"async\" width=\"1024\" height=\"683\" src=\"https:\/\/www.mecerreyes.com\/mece\/wp-content\/uploads\/2024\/04\/Mecerreyes-Jueves-Santo-28-03-2024-Subasta-Cirineos-Foto-Josetxu-1-1024x683.jpg\" alt=\"\" data-id=\"24862\" data-full-url=\"https:\/\/www.mecerreyes.com\/mece\/wp-content\/uploads\/2024\/04\/Mecerreyes-Jueves-Santo-28-03-2024-Subasta-Cirineos-Foto-Josetxu-1.jpg\" data-link=\"https:\/\/www.mecerreyes.com\/mece\/?attachment_id=24862\" class=\"wp-image-24862\" srcset=\"https:\/\/www.mecerreyes.com\/mece\/wp-content\/uploads\/2024\/04\/Mecerreyes-Jueves-Santo-28-03-2024-Subasta-Cirineos-Foto-Josetxu-1-1024x683.jpg 1024w, https:\/\/www.mecerreyes.com\/mece\/wp-content\/uploads\/2024\/04\/Mecerreyes-Jueves-Santo-28-03-2024-Subasta-Cirineos-Foto-Josetxu-1-300x200.jpg 300w, https:\/\/www.mecerreyes.com\/mece\/wp-content\/uploads\/2024\/04\/Mecerreyes-Jueves-Santo-28-03-2024-Subasta-Cirineos-Foto-Josetxu-1-768x512.jpg 768w, https:\/\/www.mecerreyes.com\/mece\/wp-content\/uploads\/2024\/04\/Mecerreyes-Jueves-Santo-28-03-2024-Subasta-Cirineos-Foto-Josetxu-1-1080x720.jpg 1080w, https:\/\/www.mecerreyes.com\/mece\/wp-content\/uploads\/2024\/04\/Mecerreyes-Jueves-Santo-28-03-2024-Subasta-Cirineos-Foto-Josetxu-1.jpg 1134w\" sizes=\"(max-width: 1024px) 100vw, 1024px\" \/><\/a><\/figure><\/li><\/ul><\/figure>\n\n\n\n<p>Oscar y Paco se quedaron con la Cruz, su puja fue de 100\u20ac.<br>El nuevo <a  href=\"https:\/\/www.mecerreyes.com\/mece\/?page_id=24\">Ayuntamiento<\/a>, se despist\u00f3 en su primer a\u00f1o de subasta de los cirineos y faltaron los cacahuetes, el vino y la fruta, finalmente se consigui\u00f3 vino y los asistentes pudieron brindar.<\/p>\n\n\n\n<p>El Viernes Santo, despu\u00e9s de un respetuoso momento de pedir perd\u00f3n p\u00fablicamente, el viacrucis penitencial transcurri\u00f3 en el interior de la iglesia al no cesar la lluvia. <\/p>\n\n\n\n<figure class=\"wp-block-gallery columns-2 is-cropped wp-block-gallery-15 is-layout-flex wp-block-gallery-is-layout-flex\"><ul class=\"blocks-gallery-grid\"><li class=\"blocks-gallery-item\"><figure><a  href=\"https:\/\/www.mecerreyes.com\/mece\/wp-content\/uploads\/2024\/04\/Mecerreyes-Viernes-Santo-29-03-2024-11.jpg\" class=\"thickbox no_icon\" title=\"\"><img loading=\"lazy\" decoding=\"async\" width=\"1024\" height=\"842\" src=\"https:\/\/www.mecerreyes.com\/mece\/wp-content\/uploads\/2024\/04\/Mecerreyes-Viernes-Santo-29-03-2024-11-1024x842.jpg\" alt=\"\" data-id=\"24863\" data-full-url=\"https:\/\/www.mecerreyes.com\/mece\/wp-content\/uploads\/2024\/04\/Mecerreyes-Viernes-Santo-29-03-2024-11.jpg\" data-link=\"https:\/\/www.mecerreyes.com\/mece\/?attachment_id=24863\" class=\"wp-image-24863\" srcset=\"https:\/\/www.mecerreyes.com\/mece\/wp-content\/uploads\/2024\/04\/Mecerreyes-Viernes-Santo-29-03-2024-11-1024x842.jpg 1024w, https:\/\/www.mecerreyes.com\/mece\/wp-content\/uploads\/2024\/04\/Mecerreyes-Viernes-Santo-29-03-2024-11-300x247.jpg 300w, https:\/\/www.mecerreyes.com\/mece\/wp-content\/uploads\/2024\/04\/Mecerreyes-Viernes-Santo-29-03-2024-11-768x631.jpg 768w, https:\/\/www.mecerreyes.com\/mece\/wp-content\/uploads\/2024\/04\/Mecerreyes-Viernes-Santo-29-03-2024-11-1080x888.jpg 1080w, https:\/\/www.mecerreyes.com\/mece\/wp-content\/uploads\/2024\/04\/Mecerreyes-Viernes-Santo-29-03-2024-11.jpg 1134w\" sizes=\"(max-width: 1024px) 100vw, 1024px\" \/><\/a><\/figure><\/li><li class=\"blocks-gallery-item\"><figure><a  href=\"https:\/\/www.mecerreyes.com\/mece\/wp-content\/uploads\/2024\/04\/Mecerreyes-Viernes-Santo-29-03-2024-1-scaled.jpg\" class=\"thickbox no_icon\" title=\"\"><img loading=\"lazy\" decoding=\"async\" width=\"768\" height=\"1024\" src=\"https:\/\/www.mecerreyes.com\/mece\/wp-content\/uploads\/2024\/04\/Mecerreyes-Viernes-Santo-29-03-2024-1-768x1024.jpg\" alt=\"\" data-id=\"24864\" data-full-url=\"https:\/\/www.mecerreyes.com\/mece\/wp-content\/uploads\/2024\/04\/Mecerreyes-Viernes-Santo-29-03-2024-1-scaled.jpg\" data-link=\"https:\/\/www.mecerreyes.com\/mece\/?attachment_id=24864\" class=\"wp-image-24864\" srcset=\"https:\/\/www.mecerreyes.com\/mece\/wp-content\/uploads\/2024\/04\/Mecerreyes-Viernes-Santo-29-03-2024-1-768x1024.jpg 768w, https:\/\/www.mecerreyes.com\/mece\/wp-content\/uploads\/2024\/04\/Mecerreyes-Viernes-Santo-29-03-2024-1-225x300.jpg 225w, https:\/\/www.mecerreyes.com\/mece\/wp-content\/uploads\/2024\/04\/Mecerreyes-Viernes-Santo-29-03-2024-1-1152x1536.jpg 1152w, https:\/\/www.mecerreyes.com\/mece\/wp-content\/uploads\/2024\/04\/Mecerreyes-Viernes-Santo-29-03-2024-1-1536x2048.jpg 1536w, https:\/\/www.mecerreyes.com\/mece\/wp-content\/uploads\/2024\/04\/Mecerreyes-Viernes-Santo-29-03-2024-1-1080x1440.jpg 1080w, https:\/\/www.mecerreyes.com\/mece\/wp-content\/uploads\/2024\/04\/Mecerreyes-Viernes-Santo-29-03-2024-1-scaled.jpg 1920w\" sizes=\"(max-width: 768px) 100vw, 768px\" \/><\/a><\/figure><\/li><li class=\"blocks-gallery-item\"><figure><a  href=\"https:\/\/www.mecerreyes.com\/mece\/wp-content\/uploads\/2024\/04\/Mecerreyes-Viernes-Santo-29-03-2024-2-scaled.jpg\" class=\"thickbox no_icon\" title=\"\"><img loading=\"lazy\" decoding=\"async\" width=\"1024\" height=\"768\" src=\"https:\/\/www.mecerreyes.com\/mece\/wp-content\/uploads\/2024\/04\/Mecerreyes-Viernes-Santo-29-03-2024-2-1024x768.jpg\" alt=\"\" data-id=\"24865\" data-full-url=\"https:\/\/www.mecerreyes.com\/mece\/wp-content\/uploads\/2024\/04\/Mecerreyes-Viernes-Santo-29-03-2024-2-scaled.jpg\" data-link=\"https:\/\/www.mecerreyes.com\/mece\/?attachment_id=24865\" class=\"wp-image-24865\" srcset=\"https:\/\/www.mecerreyes.com\/mece\/wp-content\/uploads\/2024\/04\/Mecerreyes-Viernes-Santo-29-03-2024-2-1024x768.jpg 1024w, https:\/\/www.mecerreyes.com\/mece\/wp-content\/uploads\/2024\/04\/Mecerreyes-Viernes-Santo-29-03-2024-2-300x225.jpg 300w, https:\/\/www.mecerreyes.com\/mece\/wp-content\/uploads\/2024\/04\/Mecerreyes-Viernes-Santo-29-03-2024-2-768x576.jpg 768w, https:\/\/www.mecerreyes.com\/mece\/wp-content\/uploads\/2024\/04\/Mecerreyes-Viernes-Santo-29-03-2024-2-1536x1152.jpg 1536w, https:\/\/www.mecerreyes.com\/mece\/wp-content\/uploads\/2024\/04\/Mecerreyes-Viernes-Santo-29-03-2024-2-2048x1536.jpg 2048w, https:\/\/www.mecerreyes.com\/mece\/wp-content\/uploads\/2024\/04\/Mecerreyes-Viernes-Santo-29-03-2024-2-1080x810.jpg 1080w\" sizes=\"(max-width: 1024px) 100vw, 1024px\" \/><\/a><\/figure><\/li><li class=\"blocks-gallery-item\"><figure><a  href=\"https:\/\/www.mecerreyes.com\/mece\/wp-content\/uploads\/2024\/04\/Mecerreyes-Viernes-Santo-29-03-2024-3.jpg\" class=\"thickbox no_icon\" title=\"\"><img loading=\"lazy\" decoding=\"async\" width=\"1024\" height=\"830\" src=\"https:\/\/www.mecerreyes.com\/mece\/wp-content\/uploads\/2024\/04\/Mecerreyes-Viernes-Santo-29-03-2024-3-1024x830.jpg\" alt=\"\" data-id=\"24866\" data-full-url=\"https:\/\/www.mecerreyes.com\/mece\/wp-content\/uploads\/2024\/04\/Mecerreyes-Viernes-Santo-29-03-2024-3.jpg\" data-link=\"https:\/\/www.mecerreyes.com\/mece\/?attachment_id=24866\" class=\"wp-image-24866\" srcset=\"https:\/\/www.mecerreyes.com\/mece\/wp-content\/uploads\/2024\/04\/Mecerreyes-Viernes-Santo-29-03-2024-3-1024x830.jpg 1024w, https:\/\/www.mecerreyes.com\/mece\/wp-content\/uploads\/2024\/04\/Mecerreyes-Viernes-Santo-29-03-2024-3-300x243.jpg 300w, https:\/\/www.mecerreyes.com\/mece\/wp-content\/uploads\/2024\/04\/Mecerreyes-Viernes-Santo-29-03-2024-3-768x622.jpg 768w, https:\/\/www.mecerreyes.com\/mece\/wp-content\/uploads\/2024\/04\/Mecerreyes-Viernes-Santo-29-03-2024-3-1080x875.jpg 1080w, https:\/\/www.mecerreyes.com\/mece\/wp-content\/uploads\/2024\/04\/Mecerreyes-Viernes-Santo-29-03-2024-3.jpg 1134w\" sizes=\"(max-width: 1024px) 100vw, 1024px\" \/><\/a><\/figure><\/li><li class=\"blocks-gallery-item\"><figure><a  href=\"https:\/\/www.mecerreyes.com\/mece\/wp-content\/uploads\/2024\/04\/Mecerreyes-Viernes-Santo-29-03-2024-4.jpg\" class=\"thickbox no_icon\" title=\"\"><img loading=\"lazy\" decoding=\"async\" width=\"673\" height=\"1024\" src=\"https:\/\/www.mecerreyes.com\/mece\/wp-content\/uploads\/2024\/04\/Mecerreyes-Viernes-Santo-29-03-2024-4-673x1024.jpg\" alt=\"\" data-id=\"24867\" data-full-url=\"https:\/\/www.mecerreyes.com\/mece\/wp-content\/uploads\/2024\/04\/Mecerreyes-Viernes-Santo-29-03-2024-4.jpg\" data-link=\"https:\/\/www.mecerreyes.com\/mece\/?attachment_id=24867\" class=\"wp-image-24867\" srcset=\"https:\/\/www.mecerreyes.com\/mece\/wp-content\/uploads\/2024\/04\/Mecerreyes-Viernes-Santo-29-03-2024-4-673x1024.jpg 673w, https:\/\/www.mecerreyes.com\/mece\/wp-content\/uploads\/2024\/04\/Mecerreyes-Viernes-Santo-29-03-2024-4-197x300.jpg 197w, https:\/\/www.mecerreyes.com\/mece\/wp-content\/uploads\/2024\/04\/Mecerreyes-Viernes-Santo-29-03-2024-4-768x1169.jpg 768w, https:\/\/www.mecerreyes.com\/mece\/wp-content\/uploads\/2024\/04\/Mecerreyes-Viernes-Santo-29-03-2024-4-1009x1536.jpg 1009w, https:\/\/www.mecerreyes.com\/mece\/wp-content\/uploads\/2024\/04\/Mecerreyes-Viernes-Santo-29-03-2024-4-1080x1644.jpg 1080w, https:\/\/www.mecerreyes.com\/mece\/wp-content\/uploads\/2024\/04\/Mecerreyes-Viernes-Santo-29-03-2024-4.jpg 1134w\" sizes=\"(max-width: 673px) 100vw, 673px\" \/><\/a><\/figure><\/li><li class=\"blocks-gallery-item\"><figure><a  href=\"https:\/\/www.mecerreyes.com\/mece\/wp-content\/uploads\/2024\/04\/Mecerreyes-Viernes-Santo-29-03-2024-5.jpg\" class=\"thickbox no_icon\" title=\"\"><img loading=\"lazy\" decoding=\"async\" width=\"1024\" height=\"672\" src=\"https:\/\/www.mecerreyes.com\/mece\/wp-content\/uploads\/2024\/04\/Mecerreyes-Viernes-Santo-29-03-2024-5-1024x672.jpg\" alt=\"\" data-id=\"24868\" data-full-url=\"https:\/\/www.mecerreyes.com\/mece\/wp-content\/uploads\/2024\/04\/Mecerreyes-Viernes-Santo-29-03-2024-5.jpg\" data-link=\"https:\/\/www.mecerreyes.com\/mece\/?attachment_id=24868\" class=\"wp-image-24868\" srcset=\"https:\/\/www.mecerreyes.com\/mece\/wp-content\/uploads\/2024\/04\/Mecerreyes-Viernes-Santo-29-03-2024-5-1024x672.jpg 1024w, https:\/\/www.mecerreyes.com\/mece\/wp-content\/uploads\/2024\/04\/Mecerreyes-Viernes-Santo-29-03-2024-5-300x197.jpg 300w, https:\/\/www.mecerreyes.com\/mece\/wp-content\/uploads\/2024\/04\/Mecerreyes-Viernes-Santo-29-03-2024-5-768x504.jpg 768w, https:\/\/www.mecerreyes.com\/mece\/wp-content\/uploads\/2024\/04\/Mecerreyes-Viernes-Santo-29-03-2024-5-1080x709.jpg 1080w, https:\/\/www.mecerreyes.com\/mece\/wp-content\/uploads\/2024\/04\/Mecerreyes-Viernes-Santo-29-03-2024-5.jpg 1134w\" sizes=\"(max-width: 1024px) 100vw, 1024px\" \/><\/a><\/figure><\/li><li class=\"blocks-gallery-item\"><figure><a  href=\"https:\/\/www.mecerreyes.com\/mece\/wp-content\/uploads\/2024\/04\/Mecerreyes-Viernes-Santo-29-03-2024-6.jpg\" class=\"thickbox no_icon\" title=\"\"><img loading=\"lazy\" decoding=\"async\" width=\"998\" height=\"1024\" src=\"https:\/\/www.mecerreyes.com\/mece\/wp-content\/uploads\/2024\/04\/Mecerreyes-Viernes-Santo-29-03-2024-6-998x1024.jpg\" alt=\"\" data-id=\"24869\" data-full-url=\"https:\/\/www.mecerreyes.com\/mece\/wp-content\/uploads\/2024\/04\/Mecerreyes-Viernes-Santo-29-03-2024-6.jpg\" data-link=\"https:\/\/www.mecerreyes.com\/mece\/?attachment_id=24869\" class=\"wp-image-24869\" srcset=\"https:\/\/www.mecerreyes.com\/mece\/wp-content\/uploads\/2024\/04\/Mecerreyes-Viernes-Santo-29-03-2024-6-998x1024.jpg 998w, https:\/\/www.mecerreyes.com\/mece\/wp-content\/uploads\/2024\/04\/Mecerreyes-Viernes-Santo-29-03-2024-6-292x300.jpg 292w, https:\/\/www.mecerreyes.com\/mece\/wp-content\/uploads\/2024\/04\/Mecerreyes-Viernes-Santo-29-03-2024-6-768x788.jpg 768w, https:\/\/www.mecerreyes.com\/mece\/wp-content\/uploads\/2024\/04\/Mecerreyes-Viernes-Santo-29-03-2024-6-1080x1109.jpg 1080w, https:\/\/www.mecerreyes.com\/mece\/wp-content\/uploads\/2024\/04\/Mecerreyes-Viernes-Santo-29-03-2024-6.jpg 1134w\" sizes=\"(max-width: 998px) 100vw, 998px\" \/><\/a><\/figure><\/li><li class=\"blocks-gallery-item\"><figure><a  href=\"https:\/\/www.mecerreyes.com\/mece\/wp-content\/uploads\/2024\/04\/Mecerreyes-Viernes-Santo-29-03-2024-7.jpg\" class=\"thickbox no_icon\" title=\"\"><img loading=\"lazy\" decoding=\"async\" width=\"1024\" height=\"672\" src=\"https:\/\/www.mecerreyes.com\/mece\/wp-content\/uploads\/2024\/04\/Mecerreyes-Viernes-Santo-29-03-2024-7-1024x672.jpg\" alt=\"\" data-id=\"24870\" data-full-url=\"https:\/\/www.mecerreyes.com\/mece\/wp-content\/uploads\/2024\/04\/Mecerreyes-Viernes-Santo-29-03-2024-7.jpg\" data-link=\"https:\/\/www.mecerreyes.com\/mece\/?attachment_id=24870\" class=\"wp-image-24870\" srcset=\"https:\/\/www.mecerreyes.com\/mece\/wp-content\/uploads\/2024\/04\/Mecerreyes-Viernes-Santo-29-03-2024-7-1024x672.jpg 1024w, https:\/\/www.mecerreyes.com\/mece\/wp-content\/uploads\/2024\/04\/Mecerreyes-Viernes-Santo-29-03-2024-7-300x197.jpg 300w, https:\/\/www.mecerreyes.com\/mece\/wp-content\/uploads\/2024\/04\/Mecerreyes-Viernes-Santo-29-03-2024-7-768x504.jpg 768w, https:\/\/www.mecerreyes.com\/mece\/wp-content\/uploads\/2024\/04\/Mecerreyes-Viernes-Santo-29-03-2024-7-1080x709.jpg 1080w, https:\/\/www.mecerreyes.com\/mece\/wp-content\/uploads\/2024\/04\/Mecerreyes-Viernes-Santo-29-03-2024-7.jpg 1134w\" sizes=\"(max-width: 1024px) 100vw, 1024px\" \/><\/a><\/figure><\/li><li class=\"blocks-gallery-item\"><figure><a  href=\"https:\/\/www.mecerreyes.com\/mece\/wp-content\/uploads\/2024\/04\/Mecerreyes-Viernes-Santo-29-03-2024-8.jpg\" class=\"thickbox no_icon\" title=\"\"><img loading=\"lazy\" decoding=\"async\" width=\"1024\" height=\"983\" src=\"https:\/\/www.mecerreyes.com\/mece\/wp-content\/uploads\/2024\/04\/Mecerreyes-Viernes-Santo-29-03-2024-8-1024x983.jpg\" alt=\"\" data-id=\"24871\" data-full-url=\"https:\/\/www.mecerreyes.com\/mece\/wp-content\/uploads\/2024\/04\/Mecerreyes-Viernes-Santo-29-03-2024-8.jpg\" data-link=\"https:\/\/www.mecerreyes.com\/mece\/?attachment_id=24871\" class=\"wp-image-24871\" srcset=\"https:\/\/www.mecerreyes.com\/mece\/wp-content\/uploads\/2024\/04\/Mecerreyes-Viernes-Santo-29-03-2024-8-1024x983.jpg 1024w, https:\/\/www.mecerreyes.com\/mece\/wp-content\/uploads\/2024\/04\/Mecerreyes-Viernes-Santo-29-03-2024-8-300x288.jpg 300w, https:\/\/www.mecerreyes.com\/mece\/wp-content\/uploads\/2024\/04\/Mecerreyes-Viernes-Santo-29-03-2024-8-768x738.jpg 768w, https:\/\/www.mecerreyes.com\/mece\/wp-content\/uploads\/2024\/04\/Mecerreyes-Viernes-Santo-29-03-2024-8-1080x1037.jpg 1080w, https:\/\/www.mecerreyes.com\/mece\/wp-content\/uploads\/2024\/04\/Mecerreyes-Viernes-Santo-29-03-2024-8.jpg 1134w\" sizes=\"(max-width: 1024px) 100vw, 1024px\" \/><\/a><\/figure><\/li><li class=\"blocks-gallery-item\"><figure><a  href=\"https:\/\/www.mecerreyes.com\/mece\/wp-content\/uploads\/2024\/04\/Mecerreyes-Viernes-Santo-29-03-2024-9.jpg\" class=\"thickbox no_icon\" title=\"\"><img loading=\"lazy\" decoding=\"async\" width=\"1024\" height=\"672\" src=\"https:\/\/www.mecerreyes.com\/mece\/wp-content\/uploads\/2024\/04\/Mecerreyes-Viernes-Santo-29-03-2024-9-1024x672.jpg\" alt=\"\" data-id=\"24872\" data-full-url=\"https:\/\/www.mecerreyes.com\/mece\/wp-content\/uploads\/2024\/04\/Mecerreyes-Viernes-Santo-29-03-2024-9.jpg\" data-link=\"https:\/\/www.mecerreyes.com\/mece\/?attachment_id=24872\" class=\"wp-image-24872\" srcset=\"https:\/\/www.mecerreyes.com\/mece\/wp-content\/uploads\/2024\/04\/Mecerreyes-Viernes-Santo-29-03-2024-9-1024x672.jpg 1024w, https:\/\/www.mecerreyes.com\/mece\/wp-content\/uploads\/2024\/04\/Mecerreyes-Viernes-Santo-29-03-2024-9-300x197.jpg 300w, https:\/\/www.mecerreyes.com\/mece\/wp-content\/uploads\/2024\/04\/Mecerreyes-Viernes-Santo-29-03-2024-9-768x504.jpg 768w, https:\/\/www.mecerreyes.com\/mece\/wp-content\/uploads\/2024\/04\/Mecerreyes-Viernes-Santo-29-03-2024-9-1080x709.jpg 1080w, https:\/\/www.mecerreyes.com\/mece\/wp-content\/uploads\/2024\/04\/Mecerreyes-Viernes-Santo-29-03-2024-9.jpg 1134w\" sizes=\"(max-width: 1024px) 100vw, 1024px\" \/><\/a><\/figure><\/li><li class=\"blocks-gallery-item\"><figure><a  href=\"https:\/\/www.mecerreyes.com\/mece\/wp-content\/uploads\/2024\/04\/Mecerreyes-Viernes-Santo-29-03-2024-10.jpg\" class=\"thickbox no_icon\" title=\"\"><img loading=\"lazy\" decoding=\"async\" width=\"1024\" height=\"963\" src=\"https:\/\/www.mecerreyes.com\/mece\/wp-content\/uploads\/2024\/04\/Mecerreyes-Viernes-Santo-29-03-2024-10-1024x963.jpg\" alt=\"\" data-id=\"24873\" data-full-url=\"https:\/\/www.mecerreyes.com\/mece\/wp-content\/uploads\/2024\/04\/Mecerreyes-Viernes-Santo-29-03-2024-10.jpg\" data-link=\"https:\/\/www.mecerreyes.com\/mece\/?attachment_id=24873\" class=\"wp-image-24873\" srcset=\"https:\/\/www.mecerreyes.com\/mece\/wp-content\/uploads\/2024\/04\/Mecerreyes-Viernes-Santo-29-03-2024-10-1024x963.jpg 1024w, https:\/\/www.mecerreyes.com\/mece\/wp-content\/uploads\/2024\/04\/Mecerreyes-Viernes-Santo-29-03-2024-10-300x282.jpg 300w, https:\/\/www.mecerreyes.com\/mece\/wp-content\/uploads\/2024\/04\/Mecerreyes-Viernes-Santo-29-03-2024-10-768x723.jpg 768w, https:\/\/www.mecerreyes.com\/mece\/wp-content\/uploads\/2024\/04\/Mecerreyes-Viernes-Santo-29-03-2024-10-1080x1016.jpg 1080w, https:\/\/www.mecerreyes.com\/mece\/wp-content\/uploads\/2024\/04\/Mecerreyes-Viernes-Santo-29-03-2024-10.jpg 1134w\" sizes=\"(max-width: 1024px) 100vw, 1024px\" \/><\/a><\/figure><\/li><\/ul><\/figure>\n\n\n\n<p>Tambi\u00e9n hubo que renunciar a la procesi\u00f3n del encuentro del Domingo de Resurrecci\u00f3n, pero la alegr\u00eda de la Pascua qued\u00f3 representada en las canciones que el coro eligi\u00f3 para la celebraci\u00f3n de la eucarist\u00eda, y tambi\u00e9n en el detalle que Roberto tubo con los ni\u00f1os presentes, les explic\u00f3 lo que significaban los huevos de Pascua y premi\u00f3 con dos grandes huevos de chocolate que partieron y repartieron. <\/p>\n\n\n\n<figure class=\"wp-block-gallery columns-2 is-cropped wp-block-gallery-16 is-layout-flex wp-block-gallery-is-layout-flex\"><ul class=\"blocks-gallery-grid\"><li class=\"blocks-gallery-item\"><figure><a  href=\"https:\/\/www.mecerreyes.com\/mece\/wp-content\/uploads\/2024\/04\/Mecerreyes-Domingo-de-Pascua-31-03-2024-7.jpg\" class=\"thickbox no_icon\" title=\"\"><img loading=\"lazy\" decoding=\"async\" width=\"767\" height=\"1024\" src=\"https:\/\/www.mecerreyes.com\/mece\/wp-content\/uploads\/2024\/04\/Mecerreyes-Domingo-de-Pascua-31-03-2024-7-767x1024.jpg\" alt=\"\" data-id=\"24874\" data-full-url=\"https:\/\/www.mecerreyes.com\/mece\/wp-content\/uploads\/2024\/04\/Mecerreyes-Domingo-de-Pascua-31-03-2024-7.jpg\" data-link=\"https:\/\/www.mecerreyes.com\/mece\/?attachment_id=24874\" class=\"wp-image-24874\" srcset=\"https:\/\/www.mecerreyes.com\/mece\/wp-content\/uploads\/2024\/04\/Mecerreyes-Domingo-de-Pascua-31-03-2024-7-767x1024.jpg 767w, https:\/\/www.mecerreyes.com\/mece\/wp-content\/uploads\/2024\/04\/Mecerreyes-Domingo-de-Pascua-31-03-2024-7-225x300.jpg 225w, https:\/\/www.mecerreyes.com\/mece\/wp-content\/uploads\/2024\/04\/Mecerreyes-Domingo-de-Pascua-31-03-2024-7-768x1025.jpg 768w, https:\/\/www.mecerreyes.com\/mece\/wp-content\/uploads\/2024\/04\/Mecerreyes-Domingo-de-Pascua-31-03-2024-7-1080x1442.jpg 1080w, https:\/\/www.mecerreyes.com\/mece\/wp-content\/uploads\/2024\/04\/Mecerreyes-Domingo-de-Pascua-31-03-2024-7.jpg 1134w\" sizes=\"(max-width: 767px) 100vw, 767px\" \/><\/a><\/figure><\/li><li class=\"blocks-gallery-item\"><figure><a  href=\"https:\/\/www.mecerreyes.com\/mece\/wp-content\/uploads\/2024\/04\/Mecerreyes-Domingo-de-Pascua-31-03-2024-1.jpg\" class=\"thickbox no_icon\" title=\"\"><img loading=\"lazy\" decoding=\"async\" width=\"1024\" height=\"534\" src=\"https:\/\/www.mecerreyes.com\/mece\/wp-content\/uploads\/2024\/04\/Mecerreyes-Domingo-de-Pascua-31-03-2024-1-1024x534.jpg\" alt=\"\" data-id=\"24875\" data-full-url=\"https:\/\/www.mecerreyes.com\/mece\/wp-content\/uploads\/2024\/04\/Mecerreyes-Domingo-de-Pascua-31-03-2024-1.jpg\" data-link=\"https:\/\/www.mecerreyes.com\/mece\/?attachment_id=24875\" class=\"wp-image-24875\" srcset=\"https:\/\/www.mecerreyes.com\/mece\/wp-content\/uploads\/2024\/04\/Mecerreyes-Domingo-de-Pascua-31-03-2024-1-1024x534.jpg 1024w, https:\/\/www.mecerreyes.com\/mece\/wp-content\/uploads\/2024\/04\/Mecerreyes-Domingo-de-Pascua-31-03-2024-1-300x156.jpg 300w, https:\/\/www.mecerreyes.com\/mece\/wp-content\/uploads\/2024\/04\/Mecerreyes-Domingo-de-Pascua-31-03-2024-1-768x400.jpg 768w, https:\/\/www.mecerreyes.com\/mece\/wp-content\/uploads\/2024\/04\/Mecerreyes-Domingo-de-Pascua-31-03-2024-1-1536x801.jpg 1536w, https:\/\/www.mecerreyes.com\/mece\/wp-content\/uploads\/2024\/04\/Mecerreyes-Domingo-de-Pascua-31-03-2024-1-2048x1068.jpg 2048w, https:\/\/www.mecerreyes.com\/mece\/wp-content\/uploads\/2024\/04\/Mecerreyes-Domingo-de-Pascua-31-03-2024-1-1080x563.jpg 1080w\" sizes=\"(max-width: 1024px) 100vw, 1024px\" \/><\/a><\/figure><\/li><li class=\"blocks-gallery-item\"><figure><a  href=\"https:\/\/www.mecerreyes.com\/mece\/wp-content\/uploads\/2024\/04\/Mecerreyes-Domingo-de-Pascua-31-03-2024-2.jpg\" class=\"thickbox no_icon\" title=\"\"><img loading=\"lazy\" decoding=\"async\" width=\"621\" height=\"1024\" src=\"https:\/\/www.mecerreyes.com\/mece\/wp-content\/uploads\/2024\/04\/Mecerreyes-Domingo-de-Pascua-31-03-2024-2-621x1024.jpg\" alt=\"\" data-id=\"24876\" data-full-url=\"https:\/\/www.mecerreyes.com\/mece\/wp-content\/uploads\/2024\/04\/Mecerreyes-Domingo-de-Pascua-31-03-2024-2.jpg\" data-link=\"https:\/\/www.mecerreyes.com\/mece\/?attachment_id=24876\" class=\"wp-image-24876\" srcset=\"https:\/\/www.mecerreyes.com\/mece\/wp-content\/uploads\/2024\/04\/Mecerreyes-Domingo-de-Pascua-31-03-2024-2-621x1024.jpg 621w, https:\/\/www.mecerreyes.com\/mece\/wp-content\/uploads\/2024\/04\/Mecerreyes-Domingo-de-Pascua-31-03-2024-2-182x300.jpg 182w, https:\/\/www.mecerreyes.com\/mece\/wp-content\/uploads\/2024\/04\/Mecerreyes-Domingo-de-Pascua-31-03-2024-2-768x1266.jpg 768w, https:\/\/www.mecerreyes.com\/mece\/wp-content\/uploads\/2024\/04\/Mecerreyes-Domingo-de-Pascua-31-03-2024-2-931x1536.jpg 931w, https:\/\/www.mecerreyes.com\/mece\/wp-content\/uploads\/2024\/04\/Mecerreyes-Domingo-de-Pascua-31-03-2024-2-1080x1781.jpg 1080w, https:\/\/www.mecerreyes.com\/mece\/wp-content\/uploads\/2024\/04\/Mecerreyes-Domingo-de-Pascua-31-03-2024-2.jpg 1134w\" sizes=\"(max-width: 621px) 100vw, 621px\" \/><\/a><\/figure><\/li><li class=\"blocks-gallery-item\"><figure><a  href=\"https:\/\/www.mecerreyes.com\/mece\/wp-content\/uploads\/2024\/04\/Mecerreyes-Domingo-de-Pascua-31-03-2024-3.jpg\" class=\"thickbox no_icon\" title=\"\"><img loading=\"lazy\" decoding=\"async\" width=\"597\" height=\"1024\" src=\"https:\/\/www.mecerreyes.com\/mece\/wp-content\/uploads\/2024\/04\/Mecerreyes-Domingo-de-Pascua-31-03-2024-3-597x1024.jpg\" alt=\"\" data-id=\"24877\" data-full-url=\"https:\/\/www.mecerreyes.com\/mece\/wp-content\/uploads\/2024\/04\/Mecerreyes-Domingo-de-Pascua-31-03-2024-3.jpg\" data-link=\"https:\/\/www.mecerreyes.com\/mece\/?attachment_id=24877\" class=\"wp-image-24877\" srcset=\"https:\/\/www.mecerreyes.com\/mece\/wp-content\/uploads\/2024\/04\/Mecerreyes-Domingo-de-Pascua-31-03-2024-3-597x1024.jpg 597w, https:\/\/www.mecerreyes.com\/mece\/wp-content\/uploads\/2024\/04\/Mecerreyes-Domingo-de-Pascua-31-03-2024-3-175x300.jpg 175w, https:\/\/www.mecerreyes.com\/mece\/wp-content\/uploads\/2024\/04\/Mecerreyes-Domingo-de-Pascua-31-03-2024-3-768x1317.jpg 768w, https:\/\/www.mecerreyes.com\/mece\/wp-content\/uploads\/2024\/04\/Mecerreyes-Domingo-de-Pascua-31-03-2024-3-896x1536.jpg 896w, https:\/\/www.mecerreyes.com\/mece\/wp-content\/uploads\/2024\/04\/Mecerreyes-Domingo-de-Pascua-31-03-2024-3-1080x1852.jpg 1080w, https:\/\/www.mecerreyes.com\/mece\/wp-content\/uploads\/2024\/04\/Mecerreyes-Domingo-de-Pascua-31-03-2024-3.jpg 1134w\" sizes=\"(max-width: 597px) 100vw, 597px\" \/><\/a><\/figure><\/li><li class=\"blocks-gallery-item\"><figure><a  href=\"https:\/\/www.mecerreyes.com\/mece\/wp-content\/uploads\/2024\/04\/Mecerreyes-Domingo-de-Pascua-31-03-2024-4-scaled.jpg\" class=\"thickbox no_icon\" title=\"\"><img loading=\"lazy\" decoding=\"async\" width=\"461\" height=\"1024\" src=\"https:\/\/www.mecerreyes.com\/mece\/wp-content\/uploads\/2024\/04\/Mecerreyes-Domingo-de-Pascua-31-03-2024-4-461x1024.jpg\" alt=\"\" data-id=\"24878\" data-full-url=\"https:\/\/www.mecerreyes.com\/mece\/wp-content\/uploads\/2024\/04\/Mecerreyes-Domingo-de-Pascua-31-03-2024-4-scaled.jpg\" data-link=\"https:\/\/www.mecerreyes.com\/mece\/?attachment_id=24878\" class=\"wp-image-24878\" srcset=\"https:\/\/www.mecerreyes.com\/mece\/wp-content\/uploads\/2024\/04\/Mecerreyes-Domingo-de-Pascua-31-03-2024-4-461x1024.jpg 461w, https:\/\/www.mecerreyes.com\/mece\/wp-content\/uploads\/2024\/04\/Mecerreyes-Domingo-de-Pascua-31-03-2024-4-135x300.jpg 135w, https:\/\/www.mecerreyes.com\/mece\/wp-content\/uploads\/2024\/04\/Mecerreyes-Domingo-de-Pascua-31-03-2024-4-768x1707.jpg 768w, https:\/\/www.mecerreyes.com\/mece\/wp-content\/uploads\/2024\/04\/Mecerreyes-Domingo-de-Pascua-31-03-2024-4-691x1536.jpg 691w, https:\/\/www.mecerreyes.com\/mece\/wp-content\/uploads\/2024\/04\/Mecerreyes-Domingo-de-Pascua-31-03-2024-4-922x2048.jpg 922w, https:\/\/www.mecerreyes.com\/mece\/wp-content\/uploads\/2024\/04\/Mecerreyes-Domingo-de-Pascua-31-03-2024-4-1080x2400.jpg 1080w, https:\/\/www.mecerreyes.com\/mece\/wp-content\/uploads\/2024\/04\/Mecerreyes-Domingo-de-Pascua-31-03-2024-4-scaled.jpg 1152w\" sizes=\"(max-width: 461px) 100vw, 461px\" \/><\/a><\/figure><\/li><li class=\"blocks-gallery-item\"><figure><a  href=\"https:\/\/www.mecerreyes.com\/mece\/wp-content\/uploads\/2024\/04\/Mecerreyes-Domingo-de-Pascua-31-03-2024-5.jpg\" class=\"thickbox no_icon\" title=\"\"><img loading=\"lazy\" decoding=\"async\" width=\"1024\" height=\"545\" src=\"https:\/\/www.mecerreyes.com\/mece\/wp-content\/uploads\/2024\/04\/Mecerreyes-Domingo-de-Pascua-31-03-2024-5-1024x545.jpg\" alt=\"\" data-id=\"24879\" data-full-url=\"https:\/\/www.mecerreyes.com\/mece\/wp-content\/uploads\/2024\/04\/Mecerreyes-Domingo-de-Pascua-31-03-2024-5.jpg\" data-link=\"https:\/\/www.mecerreyes.com\/mece\/?attachment_id=24879\" class=\"wp-image-24879\" srcset=\"https:\/\/www.mecerreyes.com\/mece\/wp-content\/uploads\/2024\/04\/Mecerreyes-Domingo-de-Pascua-31-03-2024-5-1024x545.jpg 1024w, https:\/\/www.mecerreyes.com\/mece\/wp-content\/uploads\/2024\/04\/Mecerreyes-Domingo-de-Pascua-31-03-2024-5-300x160.jpg 300w, https:\/\/www.mecerreyes.com\/mece\/wp-content\/uploads\/2024\/04\/Mecerreyes-Domingo-de-Pascua-31-03-2024-5-768x408.jpg 768w, https:\/\/www.mecerreyes.com\/mece\/wp-content\/uploads\/2024\/04\/Mecerreyes-Domingo-de-Pascua-31-03-2024-5-1536x817.jpg 1536w, https:\/\/www.mecerreyes.com\/mece\/wp-content\/uploads\/2024\/04\/Mecerreyes-Domingo-de-Pascua-31-03-2024-5-1080x574.jpg 1080w, https:\/\/www.mecerreyes.com\/mece\/wp-content\/uploads\/2024\/04\/Mecerreyes-Domingo-de-Pascua-31-03-2024-5.jpg 1984w\" sizes=\"(max-width: 1024px) 100vw, 1024px\" \/><\/a><\/figure><\/li><li class=\"blocks-gallery-item\"><figure><a  href=\"https:\/\/www.mecerreyes.com\/mece\/wp-content\/uploads\/2024\/04\/Mecerreyes-Domingo-de-Pascua-31-03-2024-6.jpg\" class=\"thickbox no_icon\" title=\"\"><img loading=\"lazy\" decoding=\"async\" width=\"1024\" height=\"547\" src=\"https:\/\/www.mecerreyes.com\/mece\/wp-content\/uploads\/2024\/04\/Mecerreyes-Domingo-de-Pascua-31-03-2024-6-1024x547.jpg\" alt=\"\" data-id=\"24880\" data-full-url=\"https:\/\/www.mecerreyes.com\/mece\/wp-content\/uploads\/2024\/04\/Mecerreyes-Domingo-de-Pascua-31-03-2024-6.jpg\" data-link=\"https:\/\/www.mecerreyes.com\/mece\/?attachment_id=24880\" class=\"wp-image-24880\" srcset=\"https:\/\/www.mecerreyes.com\/mece\/wp-content\/uploads\/2024\/04\/Mecerreyes-Domingo-de-Pascua-31-03-2024-6-1024x547.jpg 1024w, https:\/\/www.mecerreyes.com\/mece\/wp-content\/uploads\/2024\/04\/Mecerreyes-Domingo-de-Pascua-31-03-2024-6-300x160.jpg 300w, https:\/\/www.mecerreyes.com\/mece\/wp-content\/uploads\/2024\/04\/Mecerreyes-Domingo-de-Pascua-31-03-2024-6-768x410.jpg 768w, https:\/\/www.mecerreyes.com\/mece\/wp-content\/uploads\/2024\/04\/Mecerreyes-Domingo-de-Pascua-31-03-2024-6-1536x820.jpg 1536w, https:\/\/www.mecerreyes.com\/mece\/wp-content\/uploads\/2024\/04\/Mecerreyes-Domingo-de-Pascua-31-03-2024-6-1080x577.jpg 1080w, https:\/\/www.mecerreyes.com\/mece\/wp-content\/uploads\/2024\/04\/Mecerreyes-Domingo-de-Pascua-31-03-2024-6.jpg 1701w\" sizes=\"(max-width: 1024px) 100vw, 1024px\" \/><\/a><\/figure><\/li><\/ul><\/figure>\n\n\n\n<div style=\"height:74px\" aria-hidden=\"true\" class=\"wp-block-spacer\"><\/div>\n\n\n\n<p style=\"font-size:22px\" class=\"has-background has-luminous-vivid-amber-background-color\"><strong>DEGUSTA ARLANZA 2\u00aa EDICI\u00d3N<\/strong><\/p>\n\n\n\n<p>Este mes de marzo, la plataforma Arl\u00e1nzate, ADECOAR, con el patrocinio de la Diputaci\u00f3n de Burgos, de las <a  href=\"https:\/\/www.mecerreyes.com\/mece\/?page_id=265\">Asociaciones<\/a> Culturales de los pueblos participantes y de las empresas de productos de la comarca, han retomado la exitosa iniciativa que pone en valor el patrimonio cultural de la comarca y ya tienen el cartel de esta segunda edici\u00f3n.<\/p>\n\n\n\n<p>Todos recordamos la degustaci\u00f3n de las legumbres Arlanza, las catas de vinos Sierra y lo bien que lo pasamos en cada cita cultural propuesta por los vecinos de los pueblos organizadores.<\/p>\n\n\n\n<p>Esperamos repetir experiencias en la edici\u00f3n 2024. <strong>La cita en Mecerreyes ser\u00e1 el 4 de mayo. <br><\/strong><\/p>\n\n\n\n<figure class=\"wp-block-gallery columns-1 is-cropped wp-block-gallery-17 is-layout-flex wp-block-gallery-is-layout-flex\"><ul class=\"blocks-gallery-grid\"><li class=\"blocks-gallery-item\"><figure><a  href=\"https:\/\/www.mecerreyes.com\/mece\/wp-content\/uploads\/2024\/04\/Cartel-Degusta-Arlanza-2\u00aa-Edici\u00f3n-2024-Mecerreyes.jpeg\" class=\"thickbox no_icon\" title=\"\"><img loading=\"lazy\" decoding=\"async\" width=\"724\" height=\"1024\" src=\"https:\/\/www.mecerreyes.com\/mece\/wp-content\/uploads\/2024\/04\/Cartel-Degusta-Arlanza-2\u00aa-Edici\u00f3n-2024-Mecerreyes-724x1024.jpeg\" alt=\"\" data-id=\"24854\" data-full-url=\"https:\/\/www.mecerreyes.com\/mece\/wp-content\/uploads\/2024\/04\/Cartel-Degusta-Arlanza-2\u00aa-Edici\u00f3n-2024-Mecerreyes.jpeg\" data-link=\"https:\/\/www.mecerreyes.com\/mece\/?attachment_id=24854\" class=\"wp-image-24854\" srcset=\"https:\/\/www.mecerreyes.com\/mece\/wp-content\/uploads\/2024\/04\/Cartel-Degusta-Arlanza-2\u00aa-Edici\u00f3n-2024-Mecerreyes-724x1024.jpeg 724w, https:\/\/www.mecerreyes.com\/mece\/wp-content\/uploads\/2024\/04\/Cartel-Degusta-Arlanza-2\u00aa-Edici\u00f3n-2024-Mecerreyes-212x300.jpeg 212w, https:\/\/www.mecerreyes.com\/mece\/wp-content\/uploads\/2024\/04\/Cartel-Degusta-Arlanza-2\u00aa-Edici\u00f3n-2024-Mecerreyes-768x1086.jpeg 768w, https:\/\/www.mecerreyes.com\/mece\/wp-content\/uploads\/2024\/04\/Cartel-Degusta-Arlanza-2\u00aa-Edici\u00f3n-2024-Mecerreyes-1086x1536.jpeg 1086w, https:\/\/www.mecerreyes.com\/mece\/wp-content\/uploads\/2024\/04\/Cartel-Degusta-Arlanza-2\u00aa-Edici\u00f3n-2024-Mecerreyes-1080x1528.jpeg 1080w, https:\/\/www.mecerreyes.com\/mece\/wp-content\/uploads\/2024\/04\/Cartel-Degusta-Arlanza-2\u00aa-Edici\u00f3n-2024-Mecerreyes.jpeg 1131w\" sizes=\"(max-width: 724px) 100vw, 724px\" \/><\/a><\/figure><\/li><\/ul><\/figure>\n\n\n\n<div style=\"height:100px\" aria-hidden=\"true\" class=\"wp-block-spacer\"><\/div>\n\n\n\n<p style=\"font-size:22px\" class=\"has-background has-luminous-vivid-amber-background-color\"><strong>II CONCENTRACI\u00d3N DE COCHES CL\u00c1SICOS<\/strong><\/p>\n\n\n\n<p>Mecerreyes volver\u00e1 a llenarse de coches cl\u00e1sicos el d\u00eda 11 de mayo.<\/p>\n\n\n\n<p>Los participantes deber\u00e1n inscribirse en&nbsp; <a  href=\"mailto:coches.clasicos.mecerreyes@gmail.com\">coches.clasicos.mecerreyes@gmail.com<\/a> y podr\u00e1n optar a varios premios.<\/p>\n\n\n\n<p>La colaboraci\u00f3n del <a  href=\"https:\/\/www.mecerreyes.com\/mece\/?page_id=24\">Ayuntamiento<\/a> de Mecerreyes y de las veinte empresas patrocinadoras aseguran el \u00e9xito de esta segunda edici\u00f3n. <\/p>\n\n\n\n<figure class=\"wp-block-gallery columns-1 is-cropped wp-block-gallery-18 is-layout-flex wp-block-gallery-is-layout-flex\"><ul class=\"blocks-gallery-grid\"><li class=\"blocks-gallery-item\"><figure><a  href=\"https:\/\/www.mecerreyes.com\/mece\/wp-content\/uploads\/2024\/04\/Cartel-II-Concentraci\u00f3n-Coches-Clasicos-Mecerreyes-11-05-2024.jpeg\" class=\"thickbox no_icon\" title=\"\"><img loading=\"lazy\" decoding=\"async\" width=\"724\" height=\"1024\" src=\"https:\/\/www.mecerreyes.com\/mece\/wp-content\/uploads\/2024\/04\/Cartel-II-Concentraci\u00f3n-Coches-Clasicos-Mecerreyes-11-05-2024-724x1024.jpeg\" alt=\"\" data-id=\"24853\" data-full-url=\"https:\/\/www.mecerreyes.com\/mece\/wp-content\/uploads\/2024\/04\/Cartel-II-Concentraci\u00f3n-Coches-Clasicos-Mecerreyes-11-05-2024.jpeg\" data-link=\"https:\/\/www.mecerreyes.com\/mece\/?attachment_id=24853\" class=\"wp-image-24853\" srcset=\"https:\/\/www.mecerreyes.com\/mece\/wp-content\/uploads\/2024\/04\/Cartel-II-Concentraci\u00f3n-Coches-Clasicos-Mecerreyes-11-05-2024-724x1024.jpeg 724w, https:\/\/www.mecerreyes.com\/mece\/wp-content\/uploads\/2024\/04\/Cartel-II-Concentraci\u00f3n-Coches-Clasicos-Mecerreyes-11-05-2024-212x300.jpeg 212w, https:\/\/www.mecerreyes.com\/mece\/wp-content\/uploads\/2024\/04\/Cartel-II-Concentraci\u00f3n-Coches-Clasicos-Mecerreyes-11-05-2024-768x1086.jpeg 768w, https:\/\/www.mecerreyes.com\/mece\/wp-content\/uploads\/2024\/04\/Cartel-II-Concentraci\u00f3n-Coches-Clasicos-Mecerreyes-11-05-2024-1086x1536.jpeg 1086w, https:\/\/www.mecerreyes.com\/mece\/wp-content\/uploads\/2024\/04\/Cartel-II-Concentraci\u00f3n-Coches-Clasicos-Mecerreyes-11-05-2024-1080x1528.jpeg 1080w, https:\/\/www.mecerreyes.com\/mece\/wp-content\/uploads\/2024\/04\/Cartel-II-Concentraci\u00f3n-Coches-Clasicos-Mecerreyes-11-05-2024.jpeg 1240w\" sizes=\"(max-width: 724px) 100vw, 724px\" \/><\/a><\/figure><\/li><\/ul><\/figure>\n\n\n\n<div style=\"height:63px\" aria-hidden=\"true\" class=\"wp-block-spacer\"><\/div>\n\n\n\n<p style=\"font-size:22px\" class=\"has-background has-luminous-vivid-amber-background-color\"><strong>REFRANERO<\/strong><\/p>\n\n\n\n<ul class=\"wp-block-list\"><li><em>Marzo, marzadas: aire, fr\u00edo y granizada.<\/em><\/li><li><em>Marzo marcea y el gato rabea. No hay marzo bueno.<\/em><\/li><li><em>En marzo, la veleta ni dos horas se est\u00e1 quieta.<\/em><\/li><li><em>Marzo marz\u00e1n, por la ma\u00f1ana cara de \u00e1ngel y por la tarde cara de can.<\/em><\/li><\/ul>\n\n\n\n<div style=\"height:63px\" aria-hidden=\"true\" class=\"wp-block-spacer\"><\/div>\n\n\n\n<figure class=\"wp-block-gallery columns-1 is-cropped wp-block-gallery-19 is-layout-flex wp-block-gallery-is-layout-flex\"><ul class=\"blocks-gallery-grid\"><li class=\"blocks-gallery-item\"><figure><a  href=\"https:\/\/www.mecerreyes.com\/mece\/wp-content\/uploads\/2024\/04\/Mecerreyes-2024.jpg\" class=\"thickbox no_icon\" title=\"\"><img loading=\"lazy\" decoding=\"async\" width=\"800\" height=\"800\" src=\"https:\/\/www.mecerreyes.com\/mece\/wp-content\/uploads\/2024\/04\/Mecerreyes-2024.jpg\" alt=\"\" data-id=\"24908\" data-full-url=\"https:\/\/www.mecerreyes.com\/mece\/wp-content\/uploads\/2024\/04\/Mecerreyes-2024.jpg\" data-link=\"https:\/\/www.mecerreyes.com\/mece\/?attachment_id=24908\" class=\"wp-image-24908\" srcset=\"https:\/\/www.mecerreyes.com\/mece\/wp-content\/uploads\/2024\/04\/Mecerreyes-2024.jpg 800w, https:\/\/www.mecerreyes.com\/mece\/wp-content\/uploads\/2024\/04\/Mecerreyes-2024-300x300.jpg 300w, https:\/\/www.mecerreyes.com\/mece\/wp-content\/uploads\/2024\/04\/Mecerreyes-2024-150x150.jpg 150w, https:\/\/www.mecerreyes.com\/mece\/wp-content\/uploads\/2024\/04\/Mecerreyes-2024-768x768.jpg 768w, https:\/\/www.mecerreyes.com\/mece\/wp-content\/uploads\/2024\/04\/Mecerreyes-2024-440x440.jpg 440w\" sizes=\"(max-width: 800px) 100vw, 800px\" \/><\/a><\/figure><\/li><\/ul><\/figure>","protected":false},"excerpt":{"rendered":"<p>MARZO 2024 Lleg\u00f3 marzo el mes tercero,abrigado con gorro y bufanda,el sol tan placentero, le dijo:No es para tanto \u00a1anda!\u00a1Yo ya me puse el sombrero! (Rosa Cortizo) Pues s\u00ed, marzo lleg\u00f3 y se despidi\u00f3 con nieve, hemos necesitado gorros, bufandas y paraguas, la lluvia y el fr\u00edo casi no han dado tregua, cantamos las marzas [&hellip;]<\/p>\n","protected":false},"author":5,"featured_media":24890,"comment_status":"open","ping_status":"closed","sticky":false,"template":"","format":"standard","meta":{"_et_pb_use_builder":"","_et_pb_old_content":"","_et_gb_content_width":"","footnotes":""},"categories":[1],"tags":[],"class_list":["post-24852","post","type-post","status-publish","format-standard","has-post-thumbnail","hentry","category-general","et-has-post-format-content","et_post_format-et-post-format-standard"],"_links":{"self":[{"href":"https:\/\/www.mecerreyes.com\/mece\/index.php?rest_route=\/wp\/v2\/posts\/24852"}],"collection":[{"href":"https:\/\/www.mecerreyes.com\/mece\/index.php?rest_route=\/wp\/v2\/posts"}],"about":[{"href":"https:\/\/www.mecerreyes.com\/mece\/index.php?rest_route=\/wp\/v2\/types\/post"}],"author":[{"embeddable":true,"href":"https:\/\/www.mecerreyes.com\/mece\/index.php?rest_route=\/wp\/v2\/users\/5"}],"replies":[{"embeddable":true,"href":"https:\/\/www.mecerreyes.com\/mece\/index.php?rest_route=%2Fwp%2Fv2%2Fcomments&post=24852"}],"version-history":[{"count":7,"href":"https:\/\/www.mecerreyes.com\/mece\/index.php?rest_route=\/wp\/v2\/posts\/24852\/revisions"}],"predecessor-version":[{"id":24910,"href":"https:\/\/www.mecerreyes.com\/mece\/index.php?rest_route=\/wp\/v2\/posts\/24852\/revisions\/24910"}],"wp:featuredmedia":[{"embeddable":true,"href":"https:\/\/www.mecerreyes.com\/mece\/index.php?rest_route=\/wp\/v2\/media\/24890"}],"wp:attachment":[{"href":"https:\/\/www.mecerreyes.com\/mece\/index.php?rest_route=%2Fwp%2Fv2%2Fmedia&parent=24852"}],"wp:term":[{"taxonomy":"category","embeddable":true,"href":"https:\/\/www.mecerreyes.com\/mece\/index.php?rest_route=%2Fwp%2Fv2%2Fcategories&post=24852"},{"taxonomy":"post_tag","embeddable":true,"href":"https:\/\/www.mecerreyes.com\/mece\/index.php?rest_route=%2Fwp%2Fv2%2Ftags&post=24852"}],"curies":[{"name":"wp","href":"https:\/\/api.w.org\/{rel}","templated":true}]}}