{"id":24948,"date":"2024-05-13T21:02:48","date_gmt":"2024-05-13T20:02:48","guid":{"rendered":"http:\/\/www.mecerreyes.com\/mece\/?p=24948"},"modified":"2024-05-13T21:02:48","modified_gmt":"2024-05-13T20:02:48","slug":"romeria-mayo-2024-mecerreyes","status":"publish","type":"post","link":"https:\/\/www.mecerreyes.com\/mece\/?p=24948","title":{"rendered":"Romer\u00eda Mayo 2024 &#8211; Mecerreyes"},"content":{"rendered":"<p>Eventos mayo 2024<\/p>\n\n\n\n<p>El \u00e9xito de la segunda edici\u00f3n de Degusta Arlanza\u00a0 y de los coches cl\u00e1sicos nos ha dejado con ganas de reunirnos de nuevo\u00a0y seguir acumulando recuerdos bonitos.<\/p>\n\n\n\n<p>Tenemos por delante la celebraci\u00f3n de <a  href=\"https:\/\/www.mecerreyes.com\/mece\/?page_id=56\">San Isidro<\/a>\u00a0el d\u00eda 15 y la Romer\u00eda de <a  href=\"https:\/\/www.mecerreyes.com\/mece\/?page_id=54\">la Virgen del Camino<\/a> el d\u00eda 25.<\/p>\n\n\n\n<figure class=\"wp-block-gallery columns-1 is-cropped wp-block-gallery-1 is-layout-flex wp-block-gallery-is-layout-flex\"><ul class=\"blocks-gallery-grid\"><li class=\"blocks-gallery-item\"><figure><img loading=\"lazy\" decoding=\"async\" width=\"855\" height=\"603\" src=\"https:\/\/www.mecerreyes.com\/mece\/wp-content\/uploads\/2024\/05\/CARTEL-ROMER\u00cdA-A\u00d1O-2024-Mecerreyes.jpg\" alt=\"\" data-id=\"24949\" data-full-url=\"https:\/\/www.mecerreyes.com\/mece\/wp-content\/uploads\/2024\/05\/CARTEL-ROMER\u00cdA-A\u00d1O-2024-Mecerreyes.jpg\" data-link=\"https:\/\/www.mecerreyes.com\/mece\/?attachment_id=24949\" class=\"wp-image-24949\" srcset=\"https:\/\/www.mecerreyes.com\/mece\/wp-content\/uploads\/2024\/05\/CARTEL-ROMER\u00cdA-A\u00d1O-2024-Mecerreyes.jpg 855w, https:\/\/www.mecerreyes.com\/mece\/wp-content\/uploads\/2024\/05\/CARTEL-ROMER\u00cdA-A\u00d1O-2024-Mecerreyes-300x212.jpg 300w, https:\/\/www.mecerreyes.com\/mece\/wp-content\/uploads\/2024\/05\/CARTEL-ROMER\u00cdA-A\u00d1O-2024-Mecerreyes-768x542.jpg 768w\" sizes=\"(max-width: 855px) 100vw, 855px\" \/><\/figure><\/li><\/ul><\/figure>\n\n\n\n<p style=\"font-size:23px\" class=\"has-background has-light-green-cyan-background-color\">Los que dese\u00e9is pasar un bonito d\u00eda de romer\u00eda y degustar la tradicional paella, deber\u00e9is <strong>comunicarlo a Ra\u00fal 679228514, Silvia 620103818 (llamando por la tarde) o apuntarse en la lista dispuesta en el Bar la Villa.<\/strong><br>Con el fin de comprar lo necesario, <strong><span class=\"has-inline-color has-vivid-red-color\">tenemos hasta el d\u00eda 23 para comunicar el n\u00famero de comensales<\/span><\/strong> al\u00a0 cocinero.<\/p>\n\n\n\n<p>Poner en valor nuestro entorno, cuidar la naturaleza y ecosistema del Parque Natural Sabinares del Arlanza es el objetivo de\u00a0 la charla que nos dar\u00e1 la directora del patronato encargado de este parque, Do\u00f1a.Beatriz Cabeza. Tendr\u00e1 lugar en el Sal\u00f3n del <a  href=\"https:\/\/www.mecerreyes.com\/mece\/?page_id=24\">Ayuntamiento<\/a> de Mecerreyes el pr\u00f3ximo viernes 17 de mayo a las 20:00 h.<\/p>\n\n\n\n<figure class=\"wp-block-gallery columns-1 is-cropped wp-block-gallery-2 is-layout-flex wp-block-gallery-is-layout-flex\"><ul class=\"blocks-gallery-grid\"><li class=\"blocks-gallery-item\"><figure><img loading=\"lazy\" decoding=\"async\" width=\"839\" height=\"597\" src=\"https:\/\/www.mecerreyes.com\/mece\/wp-content\/uploads\/2024\/05\/Charla-Mecerreyes-17-05-2024.jpeg\" alt=\"\" data-id=\"24950\" data-full-url=\"https:\/\/www.mecerreyes.com\/mece\/wp-content\/uploads\/2024\/05\/Charla-Mecerreyes-17-05-2024.jpeg\" data-link=\"https:\/\/www.mecerreyes.com\/mece\/?attachment_id=24950\" class=\"wp-image-24950\" srcset=\"https:\/\/www.mecerreyes.com\/mece\/wp-content\/uploads\/2024\/05\/Charla-Mecerreyes-17-05-2024.jpeg 839w, https:\/\/www.mecerreyes.com\/mece\/wp-content\/uploads\/2024\/05\/Charla-Mecerreyes-17-05-2024-300x213.jpeg 300w, https:\/\/www.mecerreyes.com\/mece\/wp-content\/uploads\/2024\/05\/Charla-Mecerreyes-17-05-2024-768x546.jpeg 768w, https:\/\/www.mecerreyes.com\/mece\/wp-content\/uploads\/2024\/05\/Charla-Mecerreyes-17-05-2024-400x284.jpeg 400w\" sizes=\"(max-width: 839px) 100vw, 839px\" \/><\/figure><\/li><\/ul><\/figure>\n\n\n\n<figure class=\"wp-block-gallery columns-1 is-cropped wp-block-gallery-3 is-layout-flex wp-block-gallery-is-layout-flex\"><ul class=\"blocks-gallery-grid\"><li class=\"blocks-gallery-item\"><figure><img loading=\"lazy\" decoding=\"async\" width=\"724\" height=\"1024\" src=\"https:\/\/www.mecerreyes.com\/mece\/wp-content\/uploads\/2024\/05\/San-Isidro-2024-Mecerreyes-724x1024.jpg\" alt=\"\" data-id=\"24952\" data-full-url=\"https:\/\/www.mecerreyes.com\/mece\/wp-content\/uploads\/2024\/05\/San-Isidro-2024-Mecerreyes.jpg\" data-link=\"https:\/\/www.mecerreyes.com\/mece\/?attachment_id=24952\" class=\"wp-image-24952\" srcset=\"https:\/\/www.mecerreyes.com\/mece\/wp-content\/uploads\/2024\/05\/San-Isidro-2024-Mecerreyes-724x1024.jpg 724w, https:\/\/www.mecerreyes.com\/mece\/wp-content\/uploads\/2024\/05\/San-Isidro-2024-Mecerreyes-212x300.jpg 212w, https:\/\/www.mecerreyes.com\/mece\/wp-content\/uploads\/2024\/05\/San-Isidro-2024-Mecerreyes-768x1086.jpg 768w, https:\/\/www.mecerreyes.com\/mece\/wp-content\/uploads\/2024\/05\/San-Isidro-2024-Mecerreyes-1087x1536.jpg 1087w, https:\/\/www.mecerreyes.com\/mece\/wp-content\/uploads\/2024\/05\/San-Isidro-2024-Mecerreyes-1449x2048.jpg 1449w, https:\/\/www.mecerreyes.com\/mece\/wp-content\/uploads\/2024\/05\/San-Isidro-2024-Mecerreyes-1080x1527.jpg 1080w, https:\/\/www.mecerreyes.com\/mece\/wp-content\/uploads\/2024\/05\/San-Isidro-2024-Mecerreyes.jpg 1772w\" sizes=\"(max-width: 724px) 100vw, 724px\" \/><\/figure><\/li><\/ul><\/figure>\n\n\n\n<figure class=\"wp-block-gallery columns-1 is-cropped wp-block-gallery-4 is-layout-flex wp-block-gallery-is-layout-flex\"><ul class=\"blocks-gallery-grid\"><li class=\"blocks-gallery-item\"><figure><img loading=\"lazy\" decoding=\"async\" width=\"1024\" height=\"884\" src=\"https:\/\/www.mecerreyes.com\/mece\/wp-content\/uploads\/2024\/05\/Romer\u00eda-Virgen-del-Camino-2024-a-1024x884.jpg\" alt=\"\" data-id=\"24953\" data-full-url=\"https:\/\/www.mecerreyes.com\/mece\/wp-content\/uploads\/2024\/05\/Romer\u00eda-Virgen-del-Camino-2024-a.jpg\" data-link=\"https:\/\/www.mecerreyes.com\/mece\/?attachment_id=24953\" class=\"wp-image-24953\" srcset=\"https:\/\/www.mecerreyes.com\/mece\/wp-content\/uploads\/2024\/05\/Romer\u00eda-Virgen-del-Camino-2024-a-1024x884.jpg 1024w, https:\/\/www.mecerreyes.com\/mece\/wp-content\/uploads\/2024\/05\/Romer\u00eda-Virgen-del-Camino-2024-a-300x259.jpg 300w, https:\/\/www.mecerreyes.com\/mece\/wp-content\/uploads\/2024\/05\/Romer\u00eda-Virgen-del-Camino-2024-a-768x663.jpg 768w, https:\/\/www.mecerreyes.com\/mece\/wp-content\/uploads\/2024\/05\/Romer\u00eda-Virgen-del-Camino-2024-a-1536x1325.jpg 1536w, https:\/\/www.mecerreyes.com\/mece\/wp-content\/uploads\/2024\/05\/Romer\u00eda-Virgen-del-Camino-2024-a-2048x1767.jpg 2048w, https:\/\/www.mecerreyes.com\/mece\/wp-content\/uploads\/2024\/05\/Romer\u00eda-Virgen-del-Camino-2024-a-1080x932.jpg 1080w\" sizes=\"(max-width: 1024px) 100vw, 1024px\" \/><\/figure><\/li><\/ul><\/figure>\n\n\n\n<p><\/p>","protected":false},"excerpt":{"rendered":"<p>Eventos mayo 2024 El \u00e9xito de la segunda edici\u00f3n de Degusta Arlanza\u00a0 y de los coches cl\u00e1sicos nos ha dejado con ganas de reunirnos de nuevo\u00a0y seguir acumulando recuerdos bonitos. Tenemos por delante la celebraci\u00f3n de San Isidro\u00a0el d\u00eda 15 y la Romer\u00eda de la Virgen del Camino el d\u00eda 25. Los que dese\u00e9is pasar [&hellip;]<\/p>\n","protected":false},"author":5,"featured_media":24953,"comment_status":"open","ping_status":"closed","sticky":false,"template":"","format":"standard","meta":{"_et_pb_use_builder":"","_et_pb_old_content":"","_et_gb_content_width":"","footnotes":""},"categories":[1],"tags":[],"class_list":["post-24948","post","type-post","status-publish","format-standard","has-post-thumbnail","hentry","category-general","et-has-post-format-content","et_post_format-et-post-format-standard"],"_links":{"self":[{"href":"https:\/\/www.mecerreyes.com\/mece\/index.php?rest_route=\/wp\/v2\/posts\/24948"}],"collection":[{"href":"https:\/\/www.mecerreyes.com\/mece\/index.php?rest_route=\/wp\/v2\/posts"}],"about":[{"href":"https:\/\/www.mecerreyes.com\/mece\/index.php?rest_route=\/wp\/v2\/types\/post"}],"author":[{"embeddable":true,"href":"https:\/\/www.mecerreyes.com\/mece\/index.php?rest_route=\/wp\/v2\/users\/5"}],"replies":[{"embeddable":true,"href":"https:\/\/www.mecerreyes.com\/mece\/index.php?rest_route=%2Fwp%2Fv2%2Fcomments&post=24948"}],"version-history":[{"count":3,"href":"https:\/\/www.mecerreyes.com\/mece\/index.php?rest_route=\/wp\/v2\/posts\/24948\/revisions"}],"predecessor-version":[{"id":24955,"href":"https:\/\/www.mecerreyes.com\/mece\/index.php?rest_route=\/wp\/v2\/posts\/24948\/revisions\/24955"}],"wp:featuredmedia":[{"embeddable":true,"href":"https:\/\/www.mecerreyes.com\/mece\/index.php?rest_route=\/wp\/v2\/media\/24953"}],"wp:attachment":[{"href":"https:\/\/www.mecerreyes.com\/mece\/index.php?rest_route=%2Fwp%2Fv2%2Fmedia&parent=24948"}],"wp:term":[{"taxonomy":"category","embeddable":true,"href":"https:\/\/www.mecerreyes.com\/mece\/index.php?rest_route=%2Fwp%2Fv2%2Fcategories&post=24948"},{"taxonomy":"post_tag","embeddable":true,"href":"https:\/\/www.mecerreyes.com\/mece\/index.php?rest_route=%2Fwp%2Fv2%2Ftags&post=24948"}],"curies":[{"name":"wp","href":"https:\/\/api.w.org\/{rel}","templated":true}]}}