{"id":2497,"date":"2011-03-19T21:14:15","date_gmt":"2011-03-19T20:14:15","guid":{"rendered":"http:\/\/www.mecerreyes.com\/mece\/?p=2497"},"modified":"2011-03-21T15:21:31","modified_gmt":"2011-03-21T14:21:31","slug":"cronica-gallo-2011","status":"publish","type":"post","link":"https:\/\/www.mecerreyes.com\/mece\/?p=2497","title":{"rendered":"Reflexi\u00f3n y fotos Gallo 2011"},"content":{"rendered":"<h1>GALLO 2011<\/h1>\n<p style=\"text-align: justify\">La corrida del gallo de carnaval de este a\u00f1o 2011 ha tenido mucho eco, la afluencia de gente ha superado a la de cualquier otro a\u00f1o, pudo ser por el buen tiempo, o por la invitaci\u00f3n que se hizo desde distintos medios de comunicaci\u00f3n tanto escritos como en emisoras de radio. Los asistentes marcharon con buen sabor de boca \u2013no s\u00f3lo por los dulces- sino por lo original y vistosidad de la fiesta, como dice el primer p\u00e1rrafo del art\u00edculo que public\u00f3 \u201cEl Correo de Burgos\u201d y que reproducimos en su totalidad\u00a0al final de esta noticia:<\/p>\n<ul>\n<li>\n<div style=\"text-align: justify\"><em>El pueblo de Mecerreyes, fiel a sus tradiciones ha vuelto a representar un rito ancestral, la celebraci\u00f3n del Carnaval. <strong>Una gran representaci\u00f3n esc\u00e9nica callejera donde todos somos c\u00f3mplices y part\u00edcipes<\/strong>, donde no existe un gui\u00f3n a representar ni a contemplar, solamente se vive. Y hasta que punto se vivieron ayer los actos centrales de esta fiesta ya que la soleada tarde reuni\u00f3 en la villa guileta a cientos de personas\u2026<\/em>.,<\/div>\n<\/li>\n<\/ul>\n<p style=\"text-align: justify\"><strong>\u00bfHASTA CUANDO DURAR\u00c1 ESTA FIESTA DEL GALLO? <\/strong><\/p>\n<p style=\"text-align: justify\"><strong>Es un serio interrogante que se plantea este cronista de ocasi\u00f3n y bueno ser\u00eda abrir un debate, reflexi\u00f3n o como se quiera llamar sobre la pervivencia de esta nuestra Fiesta, \u00fanica y original, se\u00f1a de identidad de nuestro pueblo.<\/strong><\/p>\n<p style=\"text-align: justify\"><strong>Porque la realidad tozuda de cada a\u00f1o es que es dif\u00edcil encontrar colaboraci\u00f3n y participaci\u00f3n activa, que pasiva si hay y todos alardeamos de la fiesta de nuestro pueblo, pero quiz\u00e1 tan s\u00f3lo vamos a ver que tal lo hacen o a pasar un rato agradable.<\/strong><\/p>\n<p style=\"text-align: justify\"><strong>Quiz\u00e1 sea \u00fatil pararse a contar, cuanta gente es necesaria para desarrollar dignamente la fiesta. Pues estos son los datos que nos facilita la organizaci\u00f3n:<\/strong><\/p>\n<ul style=\"text-align: justify\">\n<li>Para dar la ronda matutina de aguinaldos: M\u00ednimo 10-12 personas<\/li>\n<li>En las zarramacadas, otras 15-16 personas: para correr el disfraz de plumas, lanas, botones, trapos, huesos, oso, jabal\u00ed, centeno, gallarones, zancos, saco, colo\u00f1o, cribas, cuerdas, vaca, enano. (sin contar la gente que tiene que ayudar a colocar los disfraces)<\/li>\n<\/ul>\n<h2>En la corrida del gallo. Los protagonistas de este a\u00f1o han sido:<\/h2>\n<ul style=\"text-align: justify\">\n<li>Rey: Andr\u00e9s<\/li>\n<li>Zarramacos: Diego, Mario y Rub\u00e9n<\/li>\n<li>Zarramacos de ni\u00f1os: Pablo y Marcos<\/li>\n<li>Mozo Mayor: Miguel<\/li>\n<li>Alguaciles: Rui, Joaqu\u00edn, Pepe y Carmelo<\/li>\n<li>Danzantes: Dani, Iv\u00e1n, Luis, Jorge, David, Javier, \u00d3scar y Ra\u00fal.<\/li>\n<li>Dulzaineros: Benito, Alfredo y Jes\u00fas.<\/li>\n<li>Cantores: <strong>Muchos<\/strong>, no ponemos nombres pues no dejar\u00edamos a bastantes pero, gracias a todos.<\/li>\n<li>Realizaci\u00f3n de dulces que se reparten al final de la fiesta: Naranjas con az\u00facar y guirlache por la Asociaci\u00f3n de Jubilado. Orejuelas.<\/li>\n<\/ul>\n<p style=\"text-align: justify\">Si contamos con 40 cantores <em>\u2013que hay m\u00e1s-<\/em> con otras 10 personas para preparar los dulces y otras 10 para ayudar a vestir a los protagonistas, podemos decir que necesitamos un m\u00ednimo de 110-120 personas con participaci\u00f3n directa, m\u00e1s las personas de la organizaci\u00f3n; es f\u00e1cil pensar que para un pueblo peque\u00f1o como Mecerreyes, la participaci\u00f3n tiene que ser de <strong><span style=\"text-decoration: underline\">TODO EL PUEBLO<\/span><\/strong>.<\/p>\n<p style=\"text-align: justify\">Esta claro que tenemos que concienciarnos que nadie va a venir a prepararnos la fiesta, que todos podemos poner un granito de arena ya sea con nuestra colaboraci\u00f3n personal \u2013hay muchas formas- o animando a peque\u00f1os y j\u00f3venes a su participaci\u00f3n.<\/p>\n<p style=\"text-align: justify\">Este a\u00f1o \u2013nos apunta la organizaci\u00f3n- \u201c<em><span style=\"text-decoration: underline\"><strong>estamos muy orgullosos de la gente joven que ha participado <\/strong>(esperamos contar con todos ellos para el pr\u00f3ximo a\u00f1o)<\/span><\/em> \u201c<\/p>\n<p style=\"text-align: justify\">Este cronista est\u00e1 convencido de que la clave para mantener la fiesta, puede estar en que los <strong>ni\u00f1os y j\u00f3venes <\/strong>se conciencien \u2013si de verdad les gusta la fiesta, se sienten guiletos y quieren a su pueblo- de que es una fiesta en la que se tienen que sentir <strong>\u201cobligados\u201d <\/strong>a hacer algo, a participar y no s\u00f3lo de espectadores o curiosos. Para muchos quiz\u00e1 exagero un poco y hay, evidentemente, otras maneras de demostrar el amor por el pueblo y la lucha por su pervivencia, pero todos nos lamentar\u00edamos si perdi\u00e9semos esta se\u00f1a de identidad de Mecerreyes.<\/p>\n<p style=\"text-align: justify\">En otro orden de cosas, la cena de carnaval <em>\u2013que levanta alg\u00fan chismorreo-<\/em> pretende adem\u00e1s de continuar la tradici\u00f3n, crear un lazo de uni\u00f3n entre los m\u00e1s j\u00f3venes. Se hace de v\u00edspera despu\u00e9s de terminar con los preparativos del s\u00e1bado y puede acudir cualquiera que colabore, siendo el men\u00fa el tradicional de los carnavales: pollo, tortilla de escabeche y naranjas con az\u00facar.<\/p>\n<p style=\"text-align: justify\">Nos aclara la organizaci\u00f3n, que \u201c<span style=\"text-decoration: underline\"><em>no s\u00f3lo en esta cena, se emplea el dinero sacado de los aguinaldos, tambi\u00e9n se est\u00e1 consiguiendo tener un vestuario propio para la utilizar en fiesta<\/em>;<\/span> en concreto este a\u00f1o -Alfonso Diez (Folclorista experto en el traje popular burgal\u00e9s y la etnograf\u00eda de la\u00a0provincia)- ha sido en encargado de confeccionar una chaquetilla para los alguaciles.\u201d<\/p>\n<p style=\"text-align: justify\">Nos piden, por \u00faltimo, los organizadores que demos un <strong>sincero agradecimient<\/strong>o a todos los que abr\u00eds las puertas de vuestra casa para dar, no s\u00f3lo el aguinaldo, sino sobre todo vuestra amplia y generosa sonrisa. Dicho queda.<\/p>\n<p style=\"text-align: justify\">Como so\u00f1ar es gratis, yo sue\u00f1o que, aunque la Asociaci\u00f3n Cultural sea la encargada de coordinar la Fiesta, junto con la colaboraci\u00f3n del <a  href=\"https:\/\/www.mecerreyes.com\/mece\/?page_id=24\">Ayuntamiento<\/a> y la Asociaci\u00f3n de Jubilados, esta FIESTA DEL GALLO DE CARNAVAL DE MECERREYES, sea eso, la <span style=\"text-decoration: underline\"><strong>GRAN FIESTA DE TODO EL PUEBLO DE MECERREYES<\/strong><\/span>. Y por so\u00f1ar, sue\u00f1o que el pr\u00f3ximo a\u00f1o aparecer\u00e1n nuevos disfraces para salir en las zarramacadas, acordes al carnaval guileto y que habr\u00e1 muchos m\u00e1s voluntarios sin tener que llamar e insistir a \u00faltima hora.<\/p>\n<p>Repetimos los enlaces de tres videos del Gallo de este a\u00f1o\u00a0que nos dej\u00f3 \u00d3scar en YouTube. Muchas gracias por los videos y por la felicitaci\u00f3n.<\/p>\n<p><a  href=\"http:\/\/www.youtube.com\/watch?v=zDfRHxIvF30\" target=\"_blank\">http:\/\/www.youtube.com\/watch?v=zDfRHxIvF30<\/a><\/p>\n<p><a  href=\"http:\/\/www.youtube.com\/watch?v=BkBX0iMLySA\" target=\"_blank\">http:\/\/www.youtube.com\/watch?v=BkBX0iMLySA<\/a><\/p>\n<p><span style=\"color: #21759b\"><a  href=\"http:\/\/www.youtube.com\/watch?v=BCxOjPnYiEE\" target=\"_blank\">http:\/\/www.youtube.com\/watch?v=BCxOjPnYiEE<\/a><\/span><\/p>\n<p style=\"text-align: justify\">Disfruta con las fotos del <strong>Domingo Gordo en Mecerreyes del a\u00f1o 2011 <\/strong>&#8211; 6 de Marzo:<\/p>\n<div style=\"text-align: justify\"><span style=\"font-family: Times New Roman;font-size: small\">\u00a0<\/span><\/div>\n<div><span style=\"font-family: Times New Roman;font-size: small\">\u00a0<\/span><\/div>\n<div><span style=\"font-family: Times New Roman;font-size: small\">\u00a0<\/span><\/div>\n<div><span style=\"font-family: Times New Roman;font-size: small\">\n\t\t<style type=\"text\/css\">\n\t\t\t#gallery-1 {\n\t\t\t\tmargin: auto;\n\t\t\t}\n\t\t\t#gallery-1 .gallery-item {\n\t\t\t\tfloat: left;\n\t\t\t\tmargin-top: 10px;\n\t\t\t\ttext-align: center;\n\t\t\t\twidth: 33%;\n\t\t\t}\n\t\t\t#gallery-1 img {\n\t\t\t\tborder: 2px solid #cfcfcf;\n\t\t\t}\n\t\t\t#gallery-1 .gallery-caption {\n\t\t\t\tmargin-left: 0;\n\t\t\t}\n\t\t\t\/* see gallery_shortcode() in wp-includes\/media.php *\/\n\t\t<\/style>\n\t\t<div id='gallery-1' class='gallery galleryid-2497 gallery-columns-3 gallery-size-thumbnail'><dl class='gallery-item'>\n\t\t\t<dt class='gallery-icon landscape'>\n\t\t\t\t<a  href=\"https:\/\/www.mecerreyes.com\/mece\/wp-content\/uploads\/2011\/03\/Orejuelas.jpg\" class=\"thickbox no_icon\" title=\"\"><img loading=\"lazy\" decoding=\"async\" width=\"150\" height=\"150\" src=\"https:\/\/www.mecerreyes.com\/mece\/wp-content\/uploads\/2011\/03\/Orejuelas-150x150.jpg\" class=\"attachment-thumbnail size-thumbnail\" alt=\"\" \/><\/a>\n\t\t\t<\/dt><\/dl><dl class='gallery-item'>\n\t\t\t<dt class='gallery-icon landscape'>\n\t\t\t\t<a  href=\"https:\/\/www.mecerreyes.com\/mece\/wp-content\/uploads\/2011\/03\/Cena-Carnaval.jpg\" class=\"thickbox no_icon\" title=\"\"><img loading=\"lazy\" decoding=\"async\" width=\"150\" height=\"150\" src=\"https:\/\/www.mecerreyes.com\/mece\/wp-content\/uploads\/2011\/03\/Cena-Carnaval-150x150.jpg\" class=\"attachment-thumbnail size-thumbnail\" alt=\"\" \/><\/a>\n\t\t\t<\/dt><\/dl><dl class='gallery-item'>\n\t\t\t<dt class='gallery-icon landscape'>\n\t\t\t\t<a  href=\"https:\/\/www.mecerreyes.com\/mece\/wp-content\/uploads\/2011\/03\/Aguinaldos.jpg\" class=\"thickbox no_icon\" title=\"\"><img loading=\"lazy\" decoding=\"async\" width=\"150\" height=\"150\" src=\"https:\/\/www.mecerreyes.com\/mece\/wp-content\/uploads\/2011\/03\/Aguinaldos-150x150.jpg\" class=\"attachment-thumbnail size-thumbnail\" alt=\"\" \/><\/a>\n\t\t\t<\/dt><\/dl><br style=\"clear: both\" \/><dl class='gallery-item'>\n\t\t\t<dt class='gallery-icon landscape'>\n\t\t\t\t<a  href=\"https:\/\/www.mecerreyes.com\/mece\/wp-content\/uploads\/2011\/03\/Aguinaldos-1.jpg\" class=\"thickbox no_icon\" title=\"\"><img loading=\"lazy\" decoding=\"async\" width=\"150\" height=\"150\" src=\"https:\/\/www.mecerreyes.com\/mece\/wp-content\/uploads\/2011\/03\/Aguinaldos-1-150x150.jpg\" class=\"attachment-thumbnail size-thumbnail\" alt=\"\" \/><\/a>\n\t\t\t<\/dt><\/dl><dl class='gallery-item'>\n\t\t\t<dt class='gallery-icon landscape'>\n\t\t\t\t<a  href=\"https:\/\/www.mecerreyes.com\/mece\/wp-content\/uploads\/2011\/03\/Carnavaladas-2011-Mecerreyes.jpg\" class=\"thickbox no_icon\" title=\"\"><img loading=\"lazy\" decoding=\"async\" width=\"150\" height=\"150\" src=\"https:\/\/www.mecerreyes.com\/mece\/wp-content\/uploads\/2011\/03\/Carnavaladas-2011-Mecerreyes-150x150.jpg\" class=\"attachment-thumbnail size-thumbnail\" alt=\"\" \/><\/a>\n\t\t\t<\/dt><\/dl><dl class='gallery-item'>\n\t\t\t<dt class='gallery-icon landscape'>\n\t\t\t\t<a  href=\"https:\/\/www.mecerreyes.com\/mece\/wp-content\/uploads\/2011\/03\/Carnavaladas-2011-Mecerreyes-1.jpg\" class=\"thickbox no_icon\" title=\"\"><img loading=\"lazy\" decoding=\"async\" width=\"150\" height=\"150\" src=\"https:\/\/www.mecerreyes.com\/mece\/wp-content\/uploads\/2011\/03\/Carnavaladas-2011-Mecerreyes-1-150x150.jpg\" class=\"attachment-thumbnail size-thumbnail\" alt=\"\" \/><\/a>\n\t\t\t<\/dt><\/dl><br style=\"clear: both\" \/><dl class='gallery-item'>\n\t\t\t<dt class='gallery-icon landscape'>\n\t\t\t\t<a  href=\"https:\/\/www.mecerreyes.com\/mece\/wp-content\/uploads\/2011\/03\/Carnavaladas-2011-Mecerreyes-2.jpg\" class=\"thickbox no_icon\" title=\"\"><img loading=\"lazy\" decoding=\"async\" width=\"150\" height=\"150\" src=\"https:\/\/www.mecerreyes.com\/mece\/wp-content\/uploads\/2011\/03\/Carnavaladas-2011-Mecerreyes-2-150x150.jpg\" class=\"attachment-thumbnail size-thumbnail\" alt=\"\" \/><\/a>\n\t\t\t<\/dt><\/dl><dl class='gallery-item'>\n\t\t\t<dt class='gallery-icon landscape'>\n\t\t\t\t<a  href=\"https:\/\/www.mecerreyes.com\/mece\/wp-content\/uploads\/2011\/03\/Carnavaladas-2011-Mecerreyes-3.jpg\" class=\"thickbox no_icon\" title=\"\"><img loading=\"lazy\" decoding=\"async\" width=\"150\" height=\"150\" src=\"https:\/\/www.mecerreyes.com\/mece\/wp-content\/uploads\/2011\/03\/Carnavaladas-2011-Mecerreyes-3-150x150.jpg\" class=\"attachment-thumbnail size-thumbnail\" alt=\"\" \/><\/a>\n\t\t\t<\/dt><\/dl><dl class='gallery-item'>\n\t\t\t<dt class='gallery-icon portrait'>\n\t\t\t\t<a  href=\"https:\/\/www.mecerreyes.com\/mece\/wp-content\/uploads\/2011\/03\/Carnavaladas-2011-Mecerreyes-4.jpg\" class=\"thickbox no_icon\" title=\"\"><img loading=\"lazy\" decoding=\"async\" width=\"150\" height=\"150\" src=\"https:\/\/www.mecerreyes.com\/mece\/wp-content\/uploads\/2011\/03\/Carnavaladas-2011-Mecerreyes-4-150x150.jpg\" class=\"attachment-thumbnail size-thumbnail\" alt=\"\" \/><\/a>\n\t\t\t<\/dt><\/dl><br style=\"clear: both\" \/><dl class='gallery-item'>\n\t\t\t<dt class='gallery-icon portrait'>\n\t\t\t\t<a  href=\"https:\/\/www.mecerreyes.com\/mece\/wp-content\/uploads\/2011\/03\/Carnavaladas-2011-Mecerreyes-5.jpg\" class=\"thickbox no_icon\" title=\"\"><img loading=\"lazy\" decoding=\"async\" width=\"150\" height=\"150\" src=\"https:\/\/www.mecerreyes.com\/mece\/wp-content\/uploads\/2011\/03\/Carnavaladas-2011-Mecerreyes-5-150x150.jpg\" class=\"attachment-thumbnail size-thumbnail\" alt=\"\" \/><\/a>\n\t\t\t<\/dt><\/dl><dl class='gallery-item'>\n\t\t\t<dt class='gallery-icon landscape'>\n\t\t\t\t<a  href=\"https:\/\/www.mecerreyes.com\/mece\/wp-content\/uploads\/2011\/03\/Carnavaladas-2011-Mecerreyes-6.jpg\" class=\"thickbox no_icon\" title=\"\"><img loading=\"lazy\" decoding=\"async\" width=\"150\" height=\"150\" src=\"https:\/\/www.mecerreyes.com\/mece\/wp-content\/uploads\/2011\/03\/Carnavaladas-2011-Mecerreyes-6-150x150.jpg\" class=\"attachment-thumbnail size-thumbnail\" alt=\"\" \/><\/a>\n\t\t\t<\/dt><\/dl><dl class='gallery-item'>\n\t\t\t<dt class='gallery-icon portrait'>\n\t\t\t\t<a  href=\"https:\/\/www.mecerreyes.com\/mece\/wp-content\/uploads\/2011\/03\/Carnavaladas-2011-Mecerreyes-7.jpg\" class=\"thickbox no_icon\" title=\"\"><img loading=\"lazy\" decoding=\"async\" width=\"150\" height=\"150\" src=\"https:\/\/www.mecerreyes.com\/mece\/wp-content\/uploads\/2011\/03\/Carnavaladas-2011-Mecerreyes-7-150x150.jpg\" class=\"attachment-thumbnail size-thumbnail\" alt=\"\" \/><\/a>\n\t\t\t<\/dt><\/dl><br style=\"clear: both\" \/><dl class='gallery-item'>\n\t\t\t<dt class='gallery-icon landscape'>\n\t\t\t\t<a  href=\"https:\/\/www.mecerreyes.com\/mece\/wp-content\/uploads\/2011\/03\/Carnavaladas-2011-Mecerreyes-8.jpg\" class=\"thickbox no_icon\" title=\"\"><img loading=\"lazy\" decoding=\"async\" width=\"150\" height=\"150\" src=\"https:\/\/www.mecerreyes.com\/mece\/wp-content\/uploads\/2011\/03\/Carnavaladas-2011-Mecerreyes-8-150x150.jpg\" class=\"attachment-thumbnail size-thumbnail\" alt=\"\" \/><\/a>\n\t\t\t<\/dt><\/dl><dl class='gallery-item'>\n\t\t\t<dt class='gallery-icon landscape'>\n\t\t\t\t<a  href=\"https:\/\/www.mecerreyes.com\/mece\/wp-content\/uploads\/2011\/03\/Carnavaladas-2011-Mecerreyes-9.jpg\" class=\"thickbox no_icon\" title=\"\"><img loading=\"lazy\" decoding=\"async\" width=\"150\" height=\"150\" src=\"https:\/\/www.mecerreyes.com\/mece\/wp-content\/uploads\/2011\/03\/Carnavaladas-2011-Mecerreyes-9-150x150.jpg\" class=\"attachment-thumbnail size-thumbnail\" alt=\"\" \/><\/a>\n\t\t\t<\/dt><\/dl><dl class='gallery-item'>\n\t\t\t<dt class='gallery-icon landscape'>\n\t\t\t\t<a  href=\"https:\/\/www.mecerreyes.com\/mece\/wp-content\/uploads\/2011\/03\/Carnavaladas-2011-Mecerreyes-10.jpg\" class=\"thickbox no_icon\" title=\"\"><img loading=\"lazy\" decoding=\"async\" width=\"150\" height=\"150\" src=\"https:\/\/www.mecerreyes.com\/mece\/wp-content\/uploads\/2011\/03\/Carnavaladas-2011-Mecerreyes-10-150x150.jpg\" class=\"attachment-thumbnail size-thumbnail\" alt=\"\" \/><\/a>\n\t\t\t<\/dt><\/dl><br style=\"clear: both\" \/><dl class='gallery-item'>\n\t\t\t<dt class='gallery-icon portrait'>\n\t\t\t\t<a  href=\"https:\/\/www.mecerreyes.com\/mece\/wp-content\/uploads\/2011\/03\/Carnavaladas-2011-Mecerreyes-11.jpg\" class=\"thickbox no_icon\" title=\"\"><img loading=\"lazy\" decoding=\"async\" width=\"150\" height=\"150\" src=\"https:\/\/www.mecerreyes.com\/mece\/wp-content\/uploads\/2011\/03\/Carnavaladas-2011-Mecerreyes-11-150x150.jpg\" class=\"attachment-thumbnail size-thumbnail\" alt=\"\" \/><\/a>\n\t\t\t<\/dt><\/dl><dl class='gallery-item'>\n\t\t\t<dt class='gallery-icon landscape'>\n\t\t\t\t<a  href=\"https:\/\/www.mecerreyes.com\/mece\/wp-content\/uploads\/2011\/03\/Carnavaladas-2011-Mecerreyes-12.jpg\" class=\"thickbox no_icon\" title=\"\"><img loading=\"lazy\" decoding=\"async\" width=\"150\" height=\"150\" src=\"https:\/\/www.mecerreyes.com\/mece\/wp-content\/uploads\/2011\/03\/Carnavaladas-2011-Mecerreyes-12-150x150.jpg\" class=\"attachment-thumbnail size-thumbnail\" alt=\"\" \/><\/a>\n\t\t\t<\/dt><\/dl><dl class='gallery-item'>\n\t\t\t<dt class='gallery-icon landscape'>\n\t\t\t\t<a  href=\"https:\/\/www.mecerreyes.com\/mece\/wp-content\/uploads\/2011\/03\/Carnavaladas-2011-Mecerreyes-13.jpg\" class=\"thickbox no_icon\" title=\"\"><img loading=\"lazy\" decoding=\"async\" width=\"150\" height=\"150\" src=\"https:\/\/www.mecerreyes.com\/mece\/wp-content\/uploads\/2011\/03\/Carnavaladas-2011-Mecerreyes-13-150x150.jpg\" class=\"attachment-thumbnail size-thumbnail\" alt=\"\" \/><\/a>\n\t\t\t<\/dt><\/dl><br style=\"clear: both\" \/><dl class='gallery-item'>\n\t\t\t<dt class='gallery-icon portrait'>\n\t\t\t\t<a  href=\"https:\/\/www.mecerreyes.com\/mece\/wp-content\/uploads\/2011\/03\/Carnavaladas-2011-Mecerreyes-14.jpg\" class=\"thickbox no_icon\" title=\"\"><img loading=\"lazy\" decoding=\"async\" width=\"150\" height=\"150\" src=\"https:\/\/www.mecerreyes.com\/mece\/wp-content\/uploads\/2011\/03\/Carnavaladas-2011-Mecerreyes-14-150x150.jpg\" class=\"attachment-thumbnail size-thumbnail\" alt=\"\" \/><\/a>\n\t\t\t<\/dt><\/dl><dl class='gallery-item'>\n\t\t\t<dt class='gallery-icon portrait'>\n\t\t\t\t<a  href=\"https:\/\/www.mecerreyes.com\/mece\/wp-content\/uploads\/2011\/03\/Carnavaladas-2011-Mecerreyes-15.jpg\" class=\"thickbox no_icon\" title=\"\"><img loading=\"lazy\" decoding=\"async\" width=\"150\" height=\"150\" src=\"https:\/\/www.mecerreyes.com\/mece\/wp-content\/uploads\/2011\/03\/Carnavaladas-2011-Mecerreyes-15-150x150.jpg\" class=\"attachment-thumbnail size-thumbnail\" alt=\"\" \/><\/a>\n\t\t\t<\/dt><\/dl><dl class='gallery-item'>\n\t\t\t<dt class='gallery-icon landscape'>\n\t\t\t\t<a  href=\"https:\/\/www.mecerreyes.com\/mece\/wp-content\/uploads\/2011\/03\/Carnavaladas-2011-Mecerreyes-16.jpg\" class=\"thickbox no_icon\" title=\"\"><img loading=\"lazy\" decoding=\"async\" width=\"150\" height=\"150\" src=\"https:\/\/www.mecerreyes.com\/mece\/wp-content\/uploads\/2011\/03\/Carnavaladas-2011-Mecerreyes-16-150x150.jpg\" class=\"attachment-thumbnail size-thumbnail\" alt=\"\" \/><\/a>\n\t\t\t<\/dt><\/dl><br style=\"clear: both\" \/><dl class='gallery-item'>\n\t\t\t<dt class='gallery-icon landscape'>\n\t\t\t\t<a  href=\"https:\/\/www.mecerreyes.com\/mece\/wp-content\/uploads\/2011\/03\/Carnavaladas-2011-Mecerreyes-17.jpg\" class=\"thickbox no_icon\" title=\"\"><img loading=\"lazy\" decoding=\"async\" width=\"150\" height=\"150\" src=\"https:\/\/www.mecerreyes.com\/mece\/wp-content\/uploads\/2011\/03\/Carnavaladas-2011-Mecerreyes-17-150x150.jpg\" class=\"attachment-thumbnail size-thumbnail\" alt=\"\" \/><\/a>\n\t\t\t<\/dt><\/dl><dl class='gallery-item'>\n\t\t\t<dt class='gallery-icon landscape'>\n\t\t\t\t<a  href=\"https:\/\/www.mecerreyes.com\/mece\/wp-content\/uploads\/2011\/03\/Carnavaladas-2011-Mecerreyes-18.jpg\" class=\"thickbox no_icon\" title=\"\"><img loading=\"lazy\" decoding=\"async\" width=\"150\" height=\"150\" src=\"https:\/\/www.mecerreyes.com\/mece\/wp-content\/uploads\/2011\/03\/Carnavaladas-2011-Mecerreyes-18-150x150.jpg\" class=\"attachment-thumbnail size-thumbnail\" alt=\"\" \/><\/a>\n\t\t\t<\/dt><\/dl><dl class='gallery-item'>\n\t\t\t<dt class='gallery-icon landscape'>\n\t\t\t\t<a  href=\"https:\/\/www.mecerreyes.com\/mece\/wp-content\/uploads\/2011\/03\/Carnavaladas-2011-Mecerreyes-19.jpg\" class=\"thickbox no_icon\" title=\"\"><img loading=\"lazy\" decoding=\"async\" width=\"150\" height=\"150\" src=\"https:\/\/www.mecerreyes.com\/mece\/wp-content\/uploads\/2011\/03\/Carnavaladas-2011-Mecerreyes-19-150x150.jpg\" class=\"attachment-thumbnail size-thumbnail\" alt=\"\" \/><\/a>\n\t\t\t<\/dt><\/dl><br style=\"clear: both\" \/><dl class='gallery-item'>\n\t\t\t<dt class='gallery-icon portrait'>\n\t\t\t\t<a  href=\"https:\/\/www.mecerreyes.com\/mece\/wp-content\/uploads\/2011\/03\/Carnavaladas-2011-Mecerreyes-20.jpg\" class=\"thickbox no_icon\" title=\"\"><img loading=\"lazy\" decoding=\"async\" width=\"150\" height=\"150\" src=\"https:\/\/www.mecerreyes.com\/mece\/wp-content\/uploads\/2011\/03\/Carnavaladas-2011-Mecerreyes-20-150x150.jpg\" class=\"attachment-thumbnail size-thumbnail\" alt=\"\" \/><\/a>\n\t\t\t<\/dt><\/dl><dl class='gallery-item'>\n\t\t\t<dt class='gallery-icon landscape'>\n\t\t\t\t<a  href=\"https:\/\/www.mecerreyes.com\/mece\/wp-content\/uploads\/2011\/03\/Carnavaladas-2011-Mecerreyes-21.jpg\" class=\"thickbox no_icon\" title=\"\"><img loading=\"lazy\" decoding=\"async\" width=\"150\" height=\"150\" src=\"https:\/\/www.mecerreyes.com\/mece\/wp-content\/uploads\/2011\/03\/Carnavaladas-2011-Mecerreyes-21-150x150.jpg\" class=\"attachment-thumbnail size-thumbnail\" alt=\"\" \/><\/a>\n\t\t\t<\/dt><\/dl><dl class='gallery-item'>\n\t\t\t<dt class='gallery-icon landscape'>\n\t\t\t\t<a  href=\"https:\/\/www.mecerreyes.com\/mece\/wp-content\/uploads\/2011\/03\/Carnavaladas-2011-Mecerreyes-22.jpg\" class=\"thickbox no_icon\" title=\"\"><img loading=\"lazy\" decoding=\"async\" width=\"150\" height=\"150\" src=\"https:\/\/www.mecerreyes.com\/mece\/wp-content\/uploads\/2011\/03\/Carnavaladas-2011-Mecerreyes-22-150x150.jpg\" class=\"attachment-thumbnail size-thumbnail\" alt=\"\" \/><\/a>\n\t\t\t<\/dt><\/dl><br style=\"clear: both\" \/><dl class='gallery-item'>\n\t\t\t<dt class='gallery-icon landscape'>\n\t\t\t\t<a  href=\"https:\/\/www.mecerreyes.com\/mece\/wp-content\/uploads\/2011\/03\/Corrida-del-Gallo-2011-Mecerreyes.jpg\" class=\"thickbox no_icon\" title=\"\"><img loading=\"lazy\" decoding=\"async\" width=\"150\" height=\"150\" src=\"https:\/\/www.mecerreyes.com\/mece\/wp-content\/uploads\/2011\/03\/Corrida-del-Gallo-2011-Mecerreyes-150x150.jpg\" class=\"attachment-thumbnail size-thumbnail\" alt=\"\" \/><\/a>\n\t\t\t<\/dt><\/dl><dl class='gallery-item'>\n\t\t\t<dt class='gallery-icon landscape'>\n\t\t\t\t<a  href=\"https:\/\/www.mecerreyes.com\/mece\/wp-content\/uploads\/2011\/03\/Corrida-del-Gallo-2011-Mecerreyes-1.jpg\" class=\"thickbox no_icon\" title=\"\"><img loading=\"lazy\" decoding=\"async\" width=\"150\" height=\"150\" src=\"https:\/\/www.mecerreyes.com\/mece\/wp-content\/uploads\/2011\/03\/Corrida-del-Gallo-2011-Mecerreyes-1-150x150.jpg\" class=\"attachment-thumbnail size-thumbnail\" alt=\"\" \/><\/a>\n\t\t\t<\/dt><\/dl><dl class='gallery-item'>\n\t\t\t<dt class='gallery-icon landscape'>\n\t\t\t\t<a  href=\"https:\/\/www.mecerreyes.com\/mece\/wp-content\/uploads\/2011\/03\/Corrida-del-Gallo-2011-Mecerreyes-2.jpg\" class=\"thickbox no_icon\" title=\"\"><img loading=\"lazy\" decoding=\"async\" width=\"150\" height=\"150\" src=\"https:\/\/www.mecerreyes.com\/mece\/wp-content\/uploads\/2011\/03\/Corrida-del-Gallo-2011-Mecerreyes-2-150x150.jpg\" class=\"attachment-thumbnail size-thumbnail\" alt=\"\" \/><\/a>\n\t\t\t<\/dt><\/dl><br style=\"clear: both\" \/><dl class='gallery-item'>\n\t\t\t<dt class='gallery-icon landscape'>\n\t\t\t\t<a  href=\"https:\/\/www.mecerreyes.com\/mece\/wp-content\/uploads\/2011\/03\/Corrida-del-Gallo-2011-Mecerreyes-3.jpg\" class=\"thickbox no_icon\" title=\"\"><img loading=\"lazy\" decoding=\"async\" width=\"150\" height=\"150\" src=\"https:\/\/www.mecerreyes.com\/mece\/wp-content\/uploads\/2011\/03\/Corrida-del-Gallo-2011-Mecerreyes-3-150x150.jpg\" class=\"attachment-thumbnail size-thumbnail\" alt=\"\" \/><\/a>\n\t\t\t<\/dt><\/dl><dl class='gallery-item'>\n\t\t\t<dt class='gallery-icon landscape'>\n\t\t\t\t<a  href=\"https:\/\/www.mecerreyes.com\/mece\/wp-content\/uploads\/2011\/03\/Corrida-del-Gallo-2011-Mecerreyes-4.jpg\" class=\"thickbox no_icon\" title=\"\"><img loading=\"lazy\" decoding=\"async\" width=\"150\" height=\"150\" src=\"https:\/\/www.mecerreyes.com\/mece\/wp-content\/uploads\/2011\/03\/Corrida-del-Gallo-2011-Mecerreyes-4-150x150.jpg\" class=\"attachment-thumbnail size-thumbnail\" alt=\"\" \/><\/a>\n\t\t\t<\/dt><\/dl><dl class='gallery-item'>\n\t\t\t<dt class='gallery-icon landscape'>\n\t\t\t\t<a  href=\"https:\/\/www.mecerreyes.com\/mece\/wp-content\/uploads\/2011\/03\/Corrida-del-Gallo-2011-Mecerreyes-5.jpg\" class=\"thickbox no_icon\" title=\"\"><img loading=\"lazy\" decoding=\"async\" width=\"150\" height=\"150\" src=\"https:\/\/www.mecerreyes.com\/mece\/wp-content\/uploads\/2011\/03\/Corrida-del-Gallo-2011-Mecerreyes-5-150x150.jpg\" class=\"attachment-thumbnail size-thumbnail\" alt=\"\" \/><\/a>\n\t\t\t<\/dt><\/dl><br style=\"clear: both\" \/><dl class='gallery-item'>\n\t\t\t<dt class='gallery-icon portrait'>\n\t\t\t\t<a  href=\"https:\/\/www.mecerreyes.com\/mece\/wp-content\/uploads\/2011\/03\/Corrida-del-Gallo-2011-Mecerreyes-6.jpg\" class=\"thickbox no_icon\" title=\"\"><img loading=\"lazy\" decoding=\"async\" width=\"150\" height=\"150\" src=\"https:\/\/www.mecerreyes.com\/mece\/wp-content\/uploads\/2011\/03\/Corrida-del-Gallo-2011-Mecerreyes-6-150x150.jpg\" class=\"attachment-thumbnail size-thumbnail\" alt=\"\" \/><\/a>\n\t\t\t<\/dt><\/dl><dl class='gallery-item'>\n\t\t\t<dt class='gallery-icon landscape'>\n\t\t\t\t<a  href=\"https:\/\/www.mecerreyes.com\/mece\/wp-content\/uploads\/2011\/03\/Corrida-del-Gallo-2011-Mecerreyes-7.jpg\" class=\"thickbox no_icon\" title=\"\"><img loading=\"lazy\" decoding=\"async\" width=\"150\" height=\"150\" src=\"https:\/\/www.mecerreyes.com\/mece\/wp-content\/uploads\/2011\/03\/Corrida-del-Gallo-2011-Mecerreyes-7-150x150.jpg\" class=\"attachment-thumbnail size-thumbnail\" alt=\"\" \/><\/a>\n\t\t\t<\/dt><\/dl><dl class='gallery-item'>\n\t\t\t<dt class='gallery-icon landscape'>\n\t\t\t\t<a  href=\"https:\/\/www.mecerreyes.com\/mece\/wp-content\/uploads\/2011\/03\/Corrida-del-Gallo-2011-Mecerreyes-8.jpg\" class=\"thickbox no_icon\" title=\"\"><img loading=\"lazy\" decoding=\"async\" width=\"150\" height=\"150\" src=\"https:\/\/www.mecerreyes.com\/mece\/wp-content\/uploads\/2011\/03\/Corrida-del-Gallo-2011-Mecerreyes-8-150x150.jpg\" class=\"attachment-thumbnail size-thumbnail\" alt=\"\" \/><\/a>\n\t\t\t<\/dt><\/dl><br style=\"clear: both\" \/><dl class='gallery-item'>\n\t\t\t<dt class='gallery-icon landscape'>\n\t\t\t\t<a  href=\"https:\/\/www.mecerreyes.com\/mece\/wp-content\/uploads\/2011\/03\/Corrida-del-Gallo-2011-Mecerreyes-9.jpg\" class=\"thickbox no_icon\" title=\"\"><img loading=\"lazy\" decoding=\"async\" width=\"150\" height=\"150\" src=\"https:\/\/www.mecerreyes.com\/mece\/wp-content\/uploads\/2011\/03\/Corrida-del-Gallo-2011-Mecerreyes-9-150x150.jpg\" class=\"attachment-thumbnail size-thumbnail\" alt=\"\" \/><\/a>\n\t\t\t<\/dt><\/dl><dl class='gallery-item'>\n\t\t\t<dt class='gallery-icon landscape'>\n\t\t\t\t<a  href=\"https:\/\/www.mecerreyes.com\/mece\/wp-content\/uploads\/2011\/03\/Corrida-del-Gallo-2011-Mecerreyes-10.jpg\" class=\"thickbox no_icon\" title=\"\"><img loading=\"lazy\" decoding=\"async\" width=\"150\" height=\"150\" src=\"https:\/\/www.mecerreyes.com\/mece\/wp-content\/uploads\/2011\/03\/Corrida-del-Gallo-2011-Mecerreyes-10-150x150.jpg\" class=\"attachment-thumbnail size-thumbnail\" alt=\"\" \/><\/a>\n\t\t\t<\/dt><\/dl><dl class='gallery-item'>\n\t\t\t<dt class='gallery-icon landscape'>\n\t\t\t\t<a  href=\"https:\/\/www.mecerreyes.com\/mece\/wp-content\/uploads\/2011\/03\/Corrida-del-Gallo-2011-Mecerreyes-11.jpg\" class=\"thickbox no_icon\" title=\"\"><img loading=\"lazy\" decoding=\"async\" width=\"150\" height=\"150\" src=\"https:\/\/www.mecerreyes.com\/mece\/wp-content\/uploads\/2011\/03\/Corrida-del-Gallo-2011-Mecerreyes-11-150x150.jpg\" class=\"attachment-thumbnail size-thumbnail\" alt=\"\" \/><\/a>\n\t\t\t<\/dt><\/dl><br style=\"clear: both\" \/><dl class='gallery-item'>\n\t\t\t<dt class='gallery-icon landscape'>\n\t\t\t\t<a  href=\"https:\/\/www.mecerreyes.com\/mece\/wp-content\/uploads\/2011\/03\/Corrida-del-Gallo-2011-Mecerreyes-12.jpg\" class=\"thickbox no_icon\" title=\"\"><img loading=\"lazy\" decoding=\"async\" width=\"150\" height=\"150\" src=\"https:\/\/www.mecerreyes.com\/mece\/wp-content\/uploads\/2011\/03\/Corrida-del-Gallo-2011-Mecerreyes-12-150x150.jpg\" class=\"attachment-thumbnail size-thumbnail\" alt=\"\" \/><\/a>\n\t\t\t<\/dt><\/dl><dl class='gallery-item'>\n\t\t\t<dt class='gallery-icon landscape'>\n\t\t\t\t<a  href=\"https:\/\/www.mecerreyes.com\/mece\/wp-content\/uploads\/2011\/03\/Corrida-del-Gallo-2011-Mecerreyes-13.jpg\" class=\"thickbox no_icon\" title=\"\"><img loading=\"lazy\" decoding=\"async\" width=\"150\" height=\"150\" src=\"https:\/\/www.mecerreyes.com\/mece\/wp-content\/uploads\/2011\/03\/Corrida-del-Gallo-2011-Mecerreyes-13-150x150.jpg\" class=\"attachment-thumbnail size-thumbnail\" alt=\"\" \/><\/a>\n\t\t\t<\/dt><\/dl><dl class='gallery-item'>\n\t\t\t<dt class='gallery-icon landscape'>\n\t\t\t\t<a  href=\"https:\/\/www.mecerreyes.com\/mece\/wp-content\/uploads\/2011\/03\/Corrida-del-Gallo-2011-Mecerreyes-14.jpg\" class=\"thickbox no_icon\" title=\"\"><img loading=\"lazy\" decoding=\"async\" width=\"150\" height=\"150\" src=\"https:\/\/www.mecerreyes.com\/mece\/wp-content\/uploads\/2011\/03\/Corrida-del-Gallo-2011-Mecerreyes-14-150x150.jpg\" class=\"attachment-thumbnail size-thumbnail\" alt=\"\" \/><\/a>\n\t\t\t<\/dt><\/dl><br style=\"clear: both\" \/><dl class='gallery-item'>\n\t\t\t<dt class='gallery-icon landscape'>\n\t\t\t\t<a  href=\"https:\/\/www.mecerreyes.com\/mece\/wp-content\/uploads\/2011\/03\/Corrida-del-Gallo-2011-Mecerreyes-15.jpg\" class=\"thickbox no_icon\" title=\"\"><img loading=\"lazy\" decoding=\"async\" width=\"150\" height=\"150\" src=\"https:\/\/www.mecerreyes.com\/mece\/wp-content\/uploads\/2011\/03\/Corrida-del-Gallo-2011-Mecerreyes-15-150x150.jpg\" class=\"attachment-thumbnail size-thumbnail\" alt=\"\" \/><\/a>\n\t\t\t<\/dt><\/dl><dl class='gallery-item'>\n\t\t\t<dt class='gallery-icon landscape'>\n\t\t\t\t<a  href=\"https:\/\/www.mecerreyes.com\/mece\/wp-content\/uploads\/2011\/03\/Corrida-del-Gallo-2011-Mecerreyes-16.jpg\" class=\"thickbox no_icon\" title=\"\"><img loading=\"lazy\" decoding=\"async\" width=\"150\" height=\"150\" src=\"https:\/\/www.mecerreyes.com\/mece\/wp-content\/uploads\/2011\/03\/Corrida-del-Gallo-2011-Mecerreyes-16-150x150.jpg\" class=\"attachment-thumbnail size-thumbnail\" alt=\"\" \/><\/a>\n\t\t\t<\/dt><\/dl><dl class='gallery-item'>\n\t\t\t<dt class='gallery-icon landscape'>\n\t\t\t\t<a  href=\"https:\/\/www.mecerreyes.com\/mece\/wp-content\/uploads\/2011\/03\/Corrida-del-Gallo-2011-Mecerreyes-17.jpg\" class=\"thickbox no_icon\" title=\"\"><img loading=\"lazy\" decoding=\"async\" width=\"150\" height=\"150\" src=\"https:\/\/www.mecerreyes.com\/mece\/wp-content\/uploads\/2011\/03\/Corrida-del-Gallo-2011-Mecerreyes-17-150x150.jpg\" class=\"attachment-thumbnail size-thumbnail\" alt=\"\" \/><\/a>\n\t\t\t<\/dt><\/dl><br style=\"clear: both\" \/><dl class='gallery-item'>\n\t\t\t<dt class='gallery-icon landscape'>\n\t\t\t\t<a  href=\"https:\/\/www.mecerreyes.com\/mece\/wp-content\/uploads\/2011\/03\/Corrida-del-Gallo-2011-Mecerreyes-18.jpg\" class=\"thickbox no_icon\" title=\"\"><img loading=\"lazy\" decoding=\"async\" width=\"150\" height=\"150\" src=\"https:\/\/www.mecerreyes.com\/mece\/wp-content\/uploads\/2011\/03\/Corrida-del-Gallo-2011-Mecerreyes-18-150x150.jpg\" class=\"attachment-thumbnail size-thumbnail\" alt=\"\" \/><\/a>\n\t\t\t<\/dt><\/dl><dl class='gallery-item'>\n\t\t\t<dt class='gallery-icon landscape'>\n\t\t\t\t<a  href=\"https:\/\/www.mecerreyes.com\/mece\/wp-content\/uploads\/2011\/03\/Corrida-del-Gallo-2011-Mecerreyes-19.jpg\" class=\"thickbox no_icon\" title=\"\"><img loading=\"lazy\" decoding=\"async\" width=\"150\" height=\"150\" src=\"https:\/\/www.mecerreyes.com\/mece\/wp-content\/uploads\/2011\/03\/Corrida-del-Gallo-2011-Mecerreyes-19-150x150.jpg\" class=\"attachment-thumbnail size-thumbnail\" alt=\"\" \/><\/a>\n\t\t\t<\/dt><\/dl><dl class='gallery-item'>\n\t\t\t<dt class='gallery-icon landscape'>\n\t\t\t\t<a  href=\"https:\/\/www.mecerreyes.com\/mece\/wp-content\/uploads\/2011\/03\/Corrida-del-Gallo-2011-Mecerreyes-20.jpg\" class=\"thickbox no_icon\" title=\"\"><img loading=\"lazy\" decoding=\"async\" width=\"150\" height=\"150\" src=\"https:\/\/www.mecerreyes.com\/mece\/wp-content\/uploads\/2011\/03\/Corrida-del-Gallo-2011-Mecerreyes-20-150x150.jpg\" class=\"attachment-thumbnail size-thumbnail\" alt=\"\" \/><\/a>\n\t\t\t<\/dt><\/dl><br style=\"clear: both\" \/><dl class='gallery-item'>\n\t\t\t<dt class='gallery-icon landscape'>\n\t\t\t\t<a  href=\"https:\/\/www.mecerreyes.com\/mece\/wp-content\/uploads\/2011\/03\/Zarramaco-Mario-rey-y-gallo-1.jpg\" class=\"thickbox no_icon\" title=\"\"><img loading=\"lazy\" decoding=\"async\" width=\"150\" height=\"150\" src=\"https:\/\/www.mecerreyes.com\/mece\/wp-content\/uploads\/2011\/03\/Zarramaco-Mario-rey-y-gallo-1-150x150.jpg\" class=\"attachment-thumbnail size-thumbnail\" alt=\"\" srcset=\"https:\/\/www.mecerreyes.com\/mece\/wp-content\/uploads\/2011\/03\/Zarramaco-Mario-rey-y-gallo-1-150x150.jpg 150w, https:\/\/www.mecerreyes.com\/mece\/wp-content\/uploads\/2011\/03\/Zarramaco-Mario-rey-y-gallo-1-300x300.jpg 300w, https:\/\/www.mecerreyes.com\/mece\/wp-content\/uploads\/2011\/03\/Zarramaco-Mario-rey-y-gallo-1.jpg 783w\" sizes=\"(max-width: 150px) 100vw, 150px\" \/><\/a>\n\t\t\t<\/dt><\/dl><dl class='gallery-item'>\n\t\t\t<dt class='gallery-icon landscape'>\n\t\t\t\t<a  href=\"https:\/\/www.mecerreyes.com\/mece\/wp-content\/uploads\/2011\/03\/Imagenes-Fotos-Gallo-2011.jpg\" class=\"thickbox no_icon\" title=\"\"><img loading=\"lazy\" decoding=\"async\" width=\"150\" height=\"150\" src=\"https:\/\/www.mecerreyes.com\/mece\/wp-content\/uploads\/2011\/03\/Imagenes-Fotos-Gallo-2011-150x150.jpg\" class=\"attachment-thumbnail size-thumbnail\" alt=\"\" \/><\/a>\n\t\t\t<\/dt><\/dl>\n\t\t\t<br style='clear: both' \/>\n\t\t<\/div>\n<\/p>\n<p><\/span><\/p>\n<div><span style=\"font-family: Times New Roman;font-size: small\">\u00a0<\/span><span style=\"font-size: small\">A continuaci\u00f3n reproducimos el art\u00edculo completo\u00a0que public\u00f3 \u201cEl Correo de Burgos\u201d el lunes 7 de marzo de 2011.<\/span><\/div>\n<p><span style=\"font-family: Times New Roman\">CARNAVAL \/ Tradiciones en la provincia<\/span><\/p>\n<p><strong><span style=\"font-family: Times New Roman\">Mecerreyes vive el Domingo Gordo con un rey, un gallo y zarramacos<\/span><\/strong><\/p>\n<p><span style=\"font-family: Times New Roman\">\u00a0<\/span><span style=\"font-family: Times New Roman\">La buena temperatura anim\u00f3 la fiesta del Gallo que cont\u00f3 con cientos de asistentes<\/span><\/p>\n<p><span style=\"font-family: Times New Roman\"><strong>Lun, 07\/03\/2011<\/strong><strong> <\/strong><\/span><\/p>\n<p><span style=\"font-family: Times New Roman\">M.A. DE LA CRUZ \/ Mecerreyes<br \/>\n<\/span><span style=\"font-size: small\"><span style=\"font-family: Times New Roman\">El pueblo de Mecerreyes, fiel a sus tradiciones ha vuelto a representar un rito ancestral, la celebraci\u00f3n del Carnaval. Una gran representaci\u00f3n esc\u00e9nica callejera donde todos somos c\u00f3mplices y part\u00edcipes, donde no existe un gui\u00f3n a representar ni a contemplar, solamente se vive. Y hasta que punto se vivieron ayer los actos centrales de esta fiesta ya que la soleada tarde reuni\u00f3 en la villa guileta a cientos de personas.<br \/>\nDurante el Domingo Gordo, como en Mecerreyes se conoce al Domingo de Carnaval, por la ma\u00f1ana los mozos piden el aguinaldo para sufragar la merienda de la tarde.<br \/>\nEl personaje principal del festejo es el gallo. Despu\u00e9s de engalanarlo sobre una rueca, la comitiva se dirige al <a  href=\"https:\/\/www.mecerreyes.com\/mece\/?page_id=24\">Ayuntamiento<\/a> a pedir permiso al alcalde para la representaci\u00f3n de la fiesta. Acto seguido el grupo va en busca del Rey, un chico de la localidad de unos diez a\u00f1os que ha de llevar al gallo durante la celebraci\u00f3n y comienza el recorrido de las calles y plazas, en total son siete las paradas que se hacen.<br \/>\nEl motivo principal del festejo es arrebatar el gallo, verdadero protagonista del evento, de las manos del Rey, acci\u00f3n que intentar\u00e1n evitar los Zarramacos, mozos fornidos, vestidos con pieles y cencerros y con la cara pintada.<br \/>\nEl tamboril y la dulzaina interpretan una melod\u00eda, el grupo de danzantes baila, cuando estos acaban el coro canta las Coplas del Gallo de Carnaval y es en ese momento cuando los corredores pueden saltar para apresar al gallo, que para no herir sensibilidades\u00a0 se le cambia por uno de trapo. Se inicia una fren\u00e9tica carrera en la que el Zarramaco intenta dar alcance al ladr\u00f3n y golpearle con la tarra\u00f1uela si este consigue completarla le entrega el gallo al rey y se va a la siguiente parada y como dice una estrofa de la copla \u00abel que entre a por el gallo, lo que en limpio va a sacar es un palo con la estaca y no puede reclamar\u00bb.<br \/>\nLa fiesta termina con el entierro del gallo, subasta, degustaci\u00f3n de dulces y baile de rueda en la plaza.<\/span><\/span><\/p>\n<p style=\"text-align: justify\">\u00a0<\/p>\n<p><span style=\"font-family: Times New Roman;font-size: small\">\u00a0<\/span><\/p>\n<\/div>","protected":false},"excerpt":{"rendered":"<p>GALLO 2011 La corrida del gallo de carnaval de este a\u00f1o 2011 ha tenido mucho eco, la afluencia de gente ha superado a la de cualquier otro a\u00f1o, pudo ser por el buen tiempo, o por la invitaci\u00f3n que se hizo desde distintos medios de comunicaci\u00f3n tanto escritos como en emisoras de radio. Los asistentes [&hellip;]<\/p>\n","protected":false},"author":5,"featured_media":0,"comment_status":"open","ping_status":"closed","sticky":false,"template":"","format":"standard","meta":{"_et_pb_use_builder":"","_et_pb_old_content":"","_et_gb_content_width":"","footnotes":""},"categories":[1],"tags":[37],"class_list":["post-2497","post","type-post","status-publish","format-standard","hentry","category-general","tag-gallo-de-carnaval","et-doesnt-have-format-content","et_post_format-et-post-format-standard"],"_links":{"self":[{"href":"https:\/\/www.mecerreyes.com\/mece\/index.php?rest_route=\/wp\/v2\/posts\/2497"}],"collection":[{"href":"https:\/\/www.mecerreyes.com\/mece\/index.php?rest_route=\/wp\/v2\/posts"}],"about":[{"href":"https:\/\/www.mecerreyes.com\/mece\/index.php?rest_route=\/wp\/v2\/types\/post"}],"author":[{"embeddable":true,"href":"https:\/\/www.mecerreyes.com\/mece\/index.php?rest_route=\/wp\/v2\/users\/5"}],"replies":[{"embeddable":true,"href":"https:\/\/www.mecerreyes.com\/mece\/index.php?rest_route=%2Fwp%2Fv2%2Fcomments&post=2497"}],"version-history":[{"count":0,"href":"https:\/\/www.mecerreyes.com\/mece\/index.php?rest_route=\/wp\/v2\/posts\/2497\/revisions"}],"wp:attachment":[{"href":"https:\/\/www.mecerreyes.com\/mece\/index.php?rest_route=%2Fwp%2Fv2%2Fmedia&parent=2497"}],"wp:term":[{"taxonomy":"category","embeddable":true,"href":"https:\/\/www.mecerreyes.com\/mece\/index.php?rest_route=%2Fwp%2Fv2%2Fcategories&post=2497"},{"taxonomy":"post_tag","embeddable":true,"href":"https:\/\/www.mecerreyes.com\/mece\/index.php?rest_route=%2Fwp%2Fv2%2Ftags&post=2497"}],"curies":[{"name":"wp","href":"https:\/\/api.w.org\/{rel}","templated":true}]}}